{"id":1547,"date":"2026-07-16T07:34:09","date_gmt":"2026-07-16T07:34:09","guid":{"rendered":"https:\/\/artistdentallab.com\/"},"modified":"2026-07-16T07:38:57","modified_gmt":"2026-07-16T07:38:57","slug":"why-value-matters-more-than-the-shade-tab-in-veneer-esthetics","status":"publish","type":"post","link":"https:\/\/artistdentallab.com\/de\/why-value-matters-more-than-the-shade-tab-in-veneer-esthetics\/","title":{"rendered":"Warum der Farbwert in der Verblendungs\u00e4sthetik wichtiger ist als die Farbskala"},"content":{"rendered":"<p class=\"wp-block-paragraph\">Die Farbbalken sind irref\u00fchrend.<\/p>\n\n\n\n<p class=\"wp-block-paragraph\">Wenn ein Veneer zwar die korrekte Bezeichnung A1, B1, BL3 oder OM2 tr\u00e4gt, aber dennoch flach, grau, kreideartig oder seltsam losgel\u00f6st von den benachbarten Z\u00e4hnen wirkt, liegt der Fehler in der Regel darin, dass ein Farbcode als vollst\u00e4ndige optische Vorgabe betrachtet wurde.<\/p>\n\n\n\n<p class=\"wp-block-paragraph\">Warum tun wir also immer wieder so, als k\u00f6nnten zwei Buchstaben und eine Zahl einen nat\u00fcrlichen Zahn beschreiben?<\/p>\n\n\n\n<p class=\"wp-block-paragraph\">Der Helligkeitswert ist wichtiger als die Farbtabelle, da er bestimmt, wie hell oder dunkel die Restauration wirkt. Das Auge nimmt dieses Helligkeitsverh\u00e4ltnis wahr, bevor es beginnt, feinere Unterschiede in Gelb-, Rot- und Graut\u00f6nen, der Transluzenz oder der zervikalen S\u00e4ttigung zu analysieren.<\/p>\n\n\n\n<p class=\"wp-block-paragraph\">Ein Furnier mit dem richtigen Farbton, aber zu hoher Helligkeit wirkt sofort k\u00fcnstlich. Ein Farbton mit leichten Abweichungen, der jedoch die richtige Helligkeit aufweist, kann aus Gespr\u00e4chsdistanz oft optisch akzeptabel bleiben.<\/p>\n\n\n\n<p class=\"wp-block-paragraph\">Das ist die unangenehme Wahrheit, die hinter vielen Neuauflagen von \u201eVeneer\u201c steckt.<\/p>\n\n\n\n<h2 class=\"wp-block-heading\">Die Registerkarte \u201eFarbton\u201c ist eine Bezeichnung, keine optische Diagnose<\/h2>\n\n\n\n<p class=\"wp-block-paragraph\">Eine Farbmarkierung dient uns als Anhaltspunkt. Mehr nicht.<\/p>\n\n\n\n<p class=\"wp-block-paragraph\">Es wird nicht vollst\u00e4ndig vermittelt:<\/p>\n\n\n\n<ul class=\"wp-block-list\">\n<li>Die Bedeutung des zervikalen, mittleren und inzisalen Drittels<\/li>\n\n\n\n<li>Der Schatten des Baumstumpfs unter der Keramik<\/li>\n\n\n\n<li>Schmelzdicke<\/li>\n\n\n\n<li>Transluzenz an der Schneidekante<\/li>\n\n\n\n<li>Opaleszenz<\/li>\n\n\n\n<li>Fluoreszenz<\/li>\n\n\n\n<li>Oberfl\u00e4chenstruktur<\/li>\n\n\n\n<li>Glanz<\/li>\n\n\n\n<li>Keramikdicke<\/li>\n\n\n\n<li>Einfluss von Harz-Zement<\/li>\n\n\n\n<li>Der Einfluss der Nachbarz\u00e4hne und des Zahnfleisches<\/li>\n<\/ul>\n\n\n\n<p class=\"wp-block-paragraph\">Das weit verbreitete Munsell-Farbsystem unterteilt Farben in Farbton, Farbs\u00e4ttigung und Helligkeit. Der Farbton bezeichnet die grundlegende Farbfamilie, die Farbs\u00e4ttigung beschreibt die Intensit\u00e4t der Farbe und die Helligkeit gibt an, wie hell oder dunkel die Farbe ist.<\/p>\n\n\n\n<p class=\"wp-block-paragraph\">Bei der Auswahl der Verblendungsfarbe sollte in der Regel zun\u00e4chst der Helligkeitsgrad beurteilt werden, gefolgt von der Farbs\u00e4ttigung und schlie\u00dflich dem Farbton. Diese Reihenfolge wird auch durch die klinischen Leitlinien gest\u00fctzt, die in der begutachteten Fachzeitschrift zusammengefasst sind. <a href=\"https:\/\/pmc.ncbi.nlm.nih.gov\/articles\/PMC9015060\/\" rel=\"nofollow noopener\" target=\"_blank\">\u00dcberblick \u00fcber die Farbauswahl in der \u00e4sthetischen Zahnmedizin<\/a>.<\/p>\n\n\n\n<p class=\"wp-block-paragraph\">Diese Abfolge ist wichtig, da Wertfehler optisch besonders auffallen.<\/p>\n\n\n\n<p class=\"wp-block-paragraph\">Hochwertige Keramik kann undurchsichtig, kreidig, breit oder \u00fcberm\u00e4\u00dfig wei\u00df wirken. Keramik von geringer Qualit\u00e4t kann grau, matt, zur\u00fcckgesetzt oder leblos aussehen. Die Restauration mag technisch gesehen zwar zur richtigen A- oder B-Farbfamilie geh\u00f6ren, doch sobald der Patient l\u00e4chelt, wirkt sie bereits unpassend.<\/p>\n\n\n\n<p class=\"wp-block-paragraph\">Bevor eine Registerkarte ausgew\u00e4hlt wird, sollte das optische Ziel zusammen mit den anderen definiert werden <a href=\"https:\/\/artistdentallab.com\/de\/the-five-esthetic-goals-every-veneer-case-should-define-before-design\/\">Vor der Gestaltung von Veneers zu ber\u00fccksichtigende \u00e4sthetische Ziele<\/a>. Die Farbnuance ist nur ein Aspekt dieses Designauftrags.<\/p>\n\n\n\n<figure class=\"wp-block-image size-full\"><img fetchpriority=\"high\" decoding=\"async\" width=\"940\" height=\"788\" src=\"https:\/\/artistdentallab.com\/wp-content\/uploads\/2026\/07\/Veneer-Esthetics-1.jpg\" alt=\"\u00c4sthetik bei Veneers\" class=\"wp-image-1549\" title=\"\" srcset=\"https:\/\/artistdentallab.com\/wp-content\/uploads\/2026\/07\/Veneer-Esthetics-1.jpg 940w, https:\/\/artistdentallab.com\/wp-content\/uploads\/2026\/07\/Veneer-Esthetics-1-300x251.jpg 300w, https:\/\/artistdentallab.com\/wp-content\/uploads\/2026\/07\/Veneer-Esthetics-1-768x644.jpg 768w, https:\/\/artistdentallab.com\/wp-content\/uploads\/2026\/07\/Veneer-Esthetics-1-14x12.jpg 14w, https:\/\/artistdentallab.com\/wp-content\/uploads\/2026\/07\/Veneer-Esthetics-1-500x419.jpg 500w, https:\/\/artistdentallab.com\/wp-content\/uploads\/2026\/07\/Veneer-Esthetics-1-600x503.jpg 600w\" sizes=\"(max-width: 940px) 100vw, 940px\" \/><\/figure>\n\n\n\n<h2 class=\"wp-block-heading\">Was ist bei der Verblendungs\u00e4sthetik tats\u00e4chlich entscheidend?<\/h2>\n\n\n\n<p class=\"wp-block-paragraph\">Im CIE-L*a*b*-Farbmodell steht L* f\u00fcr die Helligkeit auf einer Skala, die von Schwarz bis Wei\u00df reicht. Die a*-Koordinate beschreibt die Rot-Gr\u00fcn-Achse, w\u00e4hrend b* die Gelb-Blau-Achse beschreibt.<\/p>\n\n\n\n<p class=\"wp-block-paragraph\">Behandler m\u00fcssen nicht jede Koordinate direkt am Behandlungsstuhl berechnen. Sie m\u00fcssen jedoch die Hierarchie verstehen.<\/p>\n\n\n\n<p class=\"wp-block-paragraph\">Der Helligkeitswert beeinflusst mehrere visuelle Beurteilungen gleichzeitig.<\/p>\n\n\n\n<h3 class=\"wp-block-heading\">Sichtbare Zahngr\u00f6\u00dfe<\/h3>\n\n\n\n<p class=\"wp-block-paragraph\">Bereiche mit h\u00f6herem Helligkeitswert ziehen tendenziell die Aufmerksamkeit auf sich und wirken markanter. Ein zentraler Schneidezahn, der mit einem zu hohen Helligkeitswert gefertigt wurde, kann breiter oder dominanter wirken, selbst wenn seine physischen Abmessungen korrekt sind.<\/p>\n\n\n\n<p class=\"wp-block-paragraph\">Bereiche mit geringerer Helligkeit treten optisch in den Hintergrund. Dadurch kann eine Restauration schmaler, tiefer oder grauer wirken als ihr Nachbar.<\/p>\n\n\n\n<p class=\"wp-block-paragraph\">Aus diesem Grund lassen sich Linienwinkel und Oberfl\u00e4chenreflexion bei der Farbanpassung von Z\u00e4hnen nicht voneinander trennen. Werden reflektierende Linienwinkel nach innen verlagert, kann ein Zahn schmaler wirken. Wird die vordere Oberfl\u00e4che abgeflacht, kann dies zu einer breiten Reflexion f\u00fchren und denselben Zahn heller und breiter erscheinen lassen.<\/p>\n\n\n\n<h3 class=\"wp-block-heading\">Tiefe und Lebendigkeit<\/h3>\n\n\n\n<p class=\"wp-block-paragraph\">Ein nat\u00fcrlicher Frontzahn besteht nicht aus einem einheitlichen Farbblock.<\/p>\n\n\n\n<p class=\"wp-block-paragraph\">Das zervikale Drittel weist normalerweise eine h\u00f6here Farbs\u00e4ttigung auf. Das mittlere Drittel dient h\u00e4ufig als wichtigste Referenz f\u00fcr die Helligkeit. Das inzisale Drittel enth\u00e4lt unterschiedliche Kombinationen aus Transluzenz, Halo, Mamelons, Opaleszenz und reflektierter Dunkelheit aus dem Mundraum.<\/p>\n\n\n\n<p class=\"wp-block-paragraph\">Ein Furnier kann zwar mit der Registerkarte im mittleren Drittel \u00fcbereinstimmen, dabei jedoch diese Verteilung vollst\u00e4ndig verlieren.<\/p>\n\n\n\n<p class=\"wp-block-paragraph\">Das Ergebnis wird oft als \u201czu undurchsichtig\u201d, \u201czu wei\u00df\u201d oder \u201cunnat\u00fcrlich\u201d beschrieben. Diese Kritikpunkte klingen zwar vage, deuten jedoch h\u00e4ufig eher auf eine falsche Werteskala als auf die falsche Farbfamilie hin.<\/p>\n\n\n\n<h3 class=\"wp-block-heading\">Integration mit benachbarten Z\u00e4hnen<\/h3>\n\n\n\n<p class=\"wp-block-paragraph\">Bei Einzelzahn-Verblendungen werden Wertfehler gnadenlos aufgedeckt.<\/p>\n\n\n\n<p class=\"wp-block-paragraph\">Bei einer Behandlung mit acht oder zehn Einheiten kann das Labor eine neue optische Gesamtwirkung im gesamten L\u00e4cheln erzielen. Bei nur einer oder zwei Restaurationen muss die Keramik mit nat\u00fcrlichen Z\u00e4hnen harmonieren, deren Farbwahrnehmung sich je nach Blickwinkel, Feuchtigkeitsgehalt, Oberfl\u00e4chenstruktur und Beleuchtung ver\u00e4ndert.<\/p>\n\n\n\n<p class=\"wp-block-paragraph\">Das ist schwieriger.<\/p>\n\n\n\n<p class=\"wp-block-paragraph\">Der Techniker ben\u00f6tigt daher mehr als nur \u201cA1\u201d. Er muss wissen, ob sich die Restauration harmonisch in das angrenzende Gebiss einf\u00fcgen oder bewusst einen helleren Farbwert im L\u00e4cheln erzielen soll.<\/p>\n\n\n\n<h2 class=\"wp-block-heading\">Die Zahlen offenbaren die Schw\u00e4che einer willk\u00fcrlichen Auswahl von Sonnenschutzma\u00dfnahmen<\/h2>\n\n\n\n<p class=\"wp-block-paragraph\">In einer Studie aus dem Jahr 2024 wurden die visuelle Auswahl, die Zahnfotografie, die Spektralphotometrie und ein Intraoralscanner miteinander verglichen. Dabei wurden sechs Zielkronenszenarien herangezogen und 24 Restaurationen angefertigt.<\/p>\n\n\n\n<p class=\"wp-block-paragraph\">Die Forscher gaben folgende mittlere CIEDE2000-Farbunterschiede an:<\/p>\n\n\n\n<figure class=\"wp-block-table\"><table class=\"has-fixed-layout\"><thead><tr><th>Verfahren zur Farbauswahl<\/th><th>Mittelwert von \u0394E00<\/th><th>Was das Ergebnis nahelegt<\/th><\/tr><\/thead><tbody><tr><td>Visuelle Auswahl mit VITA 3D-Master<\/td><td>2.74<\/td><td>Nahe an der in der Studie festgelegten Akzeptanzschwelle von 2,7, jedoch leicht dar\u00fcber<\/td><\/tr><tr><td>Zahn\u00e4rztliche Fotografie<\/td><td>3.62<\/td><td>Gr\u00f6\u00dfte mittlere Abweichung in diesem Protokoll<\/td><\/tr><tr><td>Spektralphotometer<\/td><td>2.13<\/td><td>Niedrigster mittlerer Fehlanpassungswert<\/td><\/tr><tr><td>Intraoral-Scanner<\/td><td>3.50<\/td><td>\u00dcber dem angegebenen Akzeptanzschwellenwert<\/td><\/tr><\/tbody><\/table><\/figure>\n\n\n\n<p class=\"wp-block-paragraph\">Die Unterschiede zwischen den Gruppen erreichten bei dem f\u00fcr die Studie gew\u00e4hlten Signifikanzniveau keine statistische Signifikanz, doch die Rohdaten verdienen dennoch Beachtung. Das Spektralphotometer lieferte den niedrigsten mittleren \u0394E00-Wert, w\u00e4hrend die unbearbeitete Fotografie den h\u00f6chsten Wert ergab.<\/p>\n\n\n\n<p class=\"wp-block-paragraph\">Das visuelle Protokoll war nicht willk\u00fcrlich. Es sah eine D65-Beleuchtung mit etwa 6500 K, einen schwarzen Hintergrund, einen Betrachtungsabstand von 25\u201330 cm, den VITA 3D-Master sowie eine 20-min\u00fctige Sehpause vor der Auswahl vor. Zun\u00e4chst wurde die Helligkeit ausgew\u00e4hlt, dann die S\u00e4ttigung und zuletzt der Farbton.<\/p>\n\n\n\n<p class=\"wp-block-paragraph\">Dieses Ma\u00df an Kontrolle ist weit entfernt davon, einen A1-Farbf\u00e4cher neben einem dehydrierten Zahn unter einer Behandlungslampe zu halten.<\/p>\n\n\n\n<p class=\"wp-block-paragraph\">Die Forscher kamen zu dem Schluss, dass die Spektralphotometrie f\u00fcr den Routineeinsatz empfohlen werden k\u00f6nne und dass die Fotografie einer st\u00e4rkeren Standardisierung bed\u00fcrfe, einschlie\u00dflich Graukartenkontrolle und Kreuzpolarisation.<\/p>\n\n\n\n<p class=\"wp-block-paragraph\">Hier ist meine unverbl\u00fcmte Interpretation: Der Kauf einer Kamera bedeutet noch nicht, dass ein Schattenprotokoll erstellt wird.<\/p>\n\n\n\n<p class=\"wp-block-paragraph\">Ein schlecht standardisiertes Foto kann trotz hervorragender Aufl\u00f6sung ein tr\u00fcgerisches Gef\u00fchl der Zuverl\u00e4ssigkeit vermitteln.<\/p>\n\n\n\n<h2 class=\"wp-block-heading\">Warum A1 immer noch das falsche Furnier produzieren kann<\/h2>\n\n\n\n<p class=\"wp-block-paragraph\">Der Reiter \u201eFarbton\u201c beschreibt das Ziel nur unvollst\u00e4ndig. Durch die Restaurierung kommen dann noch mehrere zus\u00e4tzliche Variablen hinzu.<\/p>\n\n\n\n<figure class=\"wp-block-table\"><table class=\"has-fixed-layout\"><thead><tr><th>Variable<\/th><th>Was muss kontrolliert werden?<\/th><th>Was passiert, wenn man es ignoriert?<\/th><\/tr><\/thead><tbody><tr><td>Wert<\/td><td>Gesamthellheit und ihre Verteilung vom Zahnhals bis zur Schneidekante<\/td><td>Das Furnier wirkt kreideartig, grau, matt oder abgel\u00f6st<\/td><\/tr><tr><td>Chroma<\/td><td>S\u00e4ttigung, insbesondere im Hals- und Rumpfbereich<\/td><td>Die Restaurierung wirkt verblasst oder \u00fcberm\u00e4\u00dfig gelb<\/td><\/tr><tr><td>Farbton<\/td><td>Grundfarbfamilie und Rot-Gelb-Balance<\/td><td>Aus der N\u00e4he betrachtet wird eine subtile Diskrepanz innerhalb der Familie sichtbar<\/td><\/tr><tr><td>Lichtdurchl\u00e4ssigkeit<\/td><td>St\u00e4rke und Verteilung des durchgelassenen Lichts<\/td><td>Das Furnier wirkt undurchsichtig, dunkel, hohl oder glasartig<\/td><\/tr><tr><td>Stumpfschatten<\/td><td>Farbe unter der Restaurierung<\/td><td>Dunkle Untergr\u00fcnde verringern den Endwert oder f\u00fchren zu ungleichm\u00e4\u00dfigen Ergebnissen<\/td><\/tr><tr><td>Keramikdicke<\/td><td>Verf\u00fcgbarer Platz f\u00fcr Maskierung und optische Schichtung<\/td><td>An d\u00fcnnen Stellen ist das Substrat sichtbar; dicke Stellen k\u00f6nnen undurchsichtig wirken<\/td><\/tr><tr><td>Kunststoffzement<\/td><td>Leichter, neutraler, warmer oder deckender Einfluss<\/td><td>Verschiebung der endg\u00fcltigen L*-, a*- und b*-Koordinaten nach dem Einsetzen<\/td><\/tr><tr><td>Textur und Glanz<\/td><td>Richtung und Intensit\u00e4t des reflektierten Lichts<\/td><td>Die richtige Keramikfarbe wirkt immer noch k\u00fcnstlich<\/td><\/tr><tr><td>Fl\u00fcssigkeitszufuhr<\/td><td>Feuchter Zahnschmelz im Vergleich zu ausgetrocknetem Zahnschmelz<\/td><td>Nach l\u00e4ngerer Isolation wird ein zu heller Farbton ausgew\u00e4hlt<\/td><\/tr><tr><td>Beleuchtung<\/td><td>Farbtemperatur und spektrale Qualit\u00e4t<\/td><td>Metamerie f\u00fchrt in verschiedenen R\u00e4umen zu unterschiedlichen \u00dcbereinstimmungen<\/td><\/tr><\/tbody><\/table><\/figure>\n\n\n\n<p class=\"wp-block-paragraph\">Ein Tabulator allein kann dieses System nicht l\u00f6sen.<\/p>\n\n\n\n<h3 class=\"wp-block-heading\">Der Untergrund ist Teil des endg\u00fcltigen Farbtons<\/h3>\n\n\n\n<p class=\"wp-block-paragraph\">D\u00fcnne Furniere lassen Licht durch.<\/p>\n\n\n\n<p class=\"wp-block-paragraph\">Dieses Licht durchdringt die Keramik, interagiert mit dem Kunststoffzement und dem pr\u00e4parierten Zahn und wird durch die Restauration zur\u00fcckgestrahlt. Eine dunkle Pr\u00e4paration, ein gro\u00dfer Kompositkern, ein endodontisch behandelter Zahn oder ein Fall mit gemischten Stumpf-Farbt\u00f6nen k\u00f6nnen daher den endg\u00fcltigen Farbwert erheblich ver\u00e4ndern.<\/p>\n\n\n\n<p class=\"wp-block-paragraph\">Dies ist insbesondere dann von Bedeutung, wenn die Keramikdicke etwa 0,3\u20130,5 mm betr\u00e4gt.<\/p>\n\n\n\n<p class=\"wp-block-paragraph\">Im Rahmen einer Untersuchung aus dem Jahr 2023 wurden 40 Proben aus Lithiumdisilikat und vier ultratransluzente Zirkonoxid-Materialien getestet. Die Scheiben waren 0,5 mm dick und wurden mit den Probestoffen \u201eneutral\u201c, \u201ehell\u201c und \u201ewarm\u201c von Variolink Esthetic getestet.<\/p>\n\n\n\n<p class=\"wp-block-paragraph\">Alle Materialgruppen wiesen nach dem simulierten Zementierungsschritt signifikante Farbver\u00e4nderungen auf. Die gemeldeten \u0394E-Werte lagen zwischen 3,82 und 6,83 und \u00fcberschritten damit die in der Studie festgelegte klinische Wahrnehmungsschwelle von 3,3. Auch die Helligkeit, dargestellt durch L*, nahm nach dem Auftragen der Pasten signifikant ab.<\/p>\n\n\n\n<p class=\"wp-block-paragraph\">Lesen Sie den vollst\u00e4ndigen <a href=\"https:\/\/pmc.ncbi.nlm.nih.gov\/articles\/PMC10625887\/\" rel=\"nofollow noopener\" target=\"_blank\">Untersuchung von Verblendungen aus Zement, Zirkonoxid und Lithiumdisilikat<\/a> f\u00fcr die werkstoffspezifischen Daten.<\/p>\n\n\n\n<p class=\"wp-block-paragraph\">Zement ist wichtig.<\/p>\n\n\n\n<p class=\"wp-block-paragraph\">Zement ist jedoch kein Rettungsplan f\u00fcr eine Keramikrestauration, die mit falschen Werten gefertigt wurde. Eine Anprobe-Paste kann zwar dazu beitragen, das optische Ergebnis zu verfeinern, sie kann jedoch eine falsche Opazit\u00e4t, Dicke oder Materialwahl nicht zuverl\u00e4ssig beheben.<\/p>\n\n\n\n<h2 class=\"wp-block-heading\">Ein optimierter Arbeitsablauf bei der Farbauswahl von Veneers<\/h2>\n\n\n\n<p class=\"wp-block-paragraph\">Das folgende Vorgehen ist fundierter, als einfach eine Registerkarte auszuw\u00e4hlen und darauf zu hoffen, dass das Labor den Rest interpretiert.<\/p>\n\n\n\n<h3 class=\"wp-block-heading\">1. Reinigen Sie den Zahn, bevor Sie die Farbe ausw\u00e4hlen.<\/h3>\n\n\n\n<p class=\"wp-block-paragraph\">Zahnbelag, Lippenstift, Blut, provisorischer Zement, Trockenheitsspuren und oberfl\u00e4chliche Verf\u00e4rbungen verzerren die Wahrnehmung.<\/p>\n\n\n\n<p class=\"wp-block-paragraph\">F\u00fchren Sie die Vorauswahl durch, bevor Sie mit einer l\u00e4ngeren Retraktion, Pr\u00e4paration oder der Isolierung mittels Kofferdam beginnen. Der Zahnschmelz wird heller und verliert an Farbs\u00e4ttigung, wenn er austrocknet.<\/p>\n\n\n\n<p class=\"wp-block-paragraph\">St\u00fctzen Sie Ihre Argumentation nicht ausschlie\u00dflich auf das Erscheinungsbild eines trockenen Zahns.<\/p>\n\n\n\n<h3 class=\"wp-block-heading\">2. Die Betrachtungsumgebung steuern<\/h3>\n\n\n\n<p class=\"wp-block-paragraph\">Verwenden Sie eine neutrale Umgebung und eine reproduzierbare Lichtquelle.<\/p>\n\n\n\n<p class=\"wp-block-paragraph\">Vermeiden Sie grelle Kleidung, farbige L\u00e4tzchen, kr\u00e4ftigen Lippenstift, blaue Handschuhe in der N\u00e4he des Arbeitsfeldes sowie direkte Beleuchtung aus der Behandlungsnische. Eine farbkorrigierte Lichtquelle, die den D65-Bedingungen entspricht, kann die Reproduzierbarkeit verbessern, wobei die genaue Ausr\u00fcstung weniger wichtig ist als ein kontrolliertes Protokoll, das sowohl in der Praxis als auch im Labor verstanden wird.<\/p>\n\n\n\n<p class=\"wp-block-paragraph\">Halten Sie die Lasche und den Zahn in derselben vertikalen Ebene. Eine Lasche, die einige Zentimeter vor dem Zahn liegt, nimmt Licht anders auf und reflektiert es anders.<\/p>\n\n\n\n<h3 class=\"wp-block-heading\">3. \u201eWert zuerst\u201c ausw\u00e4hlen<\/h3>\n\n\n\n<p class=\"wp-block-paragraph\">Wenn man die Augen zusammenkneift oder den Zahn und die Farbf\u00e4cher kurz durch eine Graustufen-Referenz betrachtet, l\u00e4sst sich die Ablenkung durch Farbton und Farbs\u00e4ttigung verringern.<\/p>\n\n\n\n<p class=\"wp-block-paragraph\">Bestimmen Sie zun\u00e4chst die richtige Farbgruppe. Passen Sie anschlie\u00dfend die S\u00e4ttigung an. Beurteilen Sie den Farbton zuletzt.<\/p>\n\n\n\n<p class=\"wp-block-paragraph\">Dies ist ein Grund, warum VITA 3D-Master f\u00fcr Zahn\u00e4rzte n\u00fctzlich sein kann, die nach der besten Farbskala f\u00fcr Veneers suchen: Die Einteilung basiert in erster Linie auf Helligkeitsgruppen und st\u00fctzt sich nicht ausschlie\u00dflich auf die traditionellen A\u2013D-Farbfamilien.<\/p>\n\n\n\n<p class=\"wp-block-paragraph\">VITA Classical ist nach wie vor n\u00fctzlich und vertraut, doch Vertrautheit sollte nicht mit einer l\u00fcckenlosen Farbkommunikation verwechselt werden.<\/p>\n\n\n\n<h3 class=\"wp-block-heading\">4. Erstellen Sie eine Schattierungskarte, keinen Code<\/h3>\n\n\n\n<p class=\"wp-block-paragraph\">Unterteilen Sie den Zahn in das zervikale, mittlere und inzisale Drittel.<\/p>\n\n\n\n<p class=\"wp-block-paragraph\">Eintrag:<\/p>\n\n\n\n<ul class=\"wp-block-list\">\n<li>Dominanter Wert im mittleren Drittel<\/li>\n\n\n\n<li>Zervikale Chroma<\/li>\n\n\n\n<li>Transluzenz an der Schneidekante<\/li>\n\n\n\n<li>Halo-Intensit\u00e4t<\/li>\n\n\n\n<li>Sichtbarkeit der Brustwarzen<\/li>\n\n\n\n<li>Wei\u00dfe oder bernsteinfarbene Effekte<\/li>\n\n\n\n<li>Bereiche mit Hypokalzifikation<\/li>\n\n\n\n<li>Craze-Linien<\/li>\n\n\n\n<li>Oberfl\u00e4chenstruktur<\/li>\n\n\n\n<li>Glanzgrad<\/li>\n<\/ul>\n\n\n\n<p class=\"wp-block-paragraph\">Bei einem zentralen Schneidezahn w\u00fcrde ich au\u00dferdem die mesialen und distalen Abweichungen erfassen. Nat\u00fcrliche Z\u00e4hne weisen selten eine \u00fcber die gesamte frontale Oberfl\u00e4che hinweg identische Reflexion auf.<\/p>\n\n\n\n<h3 class=\"wp-block-heading\">5. Die ausgew\u00e4hlten Registerkarten richtig fotografieren<\/h3>\n\n\n\n<p class=\"wp-block-paragraph\">Ein aussagekr\u00e4ftiges Farbfoto sollte den Tab-Code deutlich zeigen und den Tab in derselben Tiefe neben dem Zahn platzieren.<\/p>\n\n\n\n<p class=\"wp-block-paragraph\">F\u00fcgen Sie mehrere Referenzwerte hinzu, anstatt sich nur auf den vermeintlich perfekten Treffer zu beschr\u00e4nken. Eine Registerkarte f\u00fcr den unteren und eine f\u00fcr den oberen Wert k\u00f6nnen dem Techniker helfen, den zul\u00e4ssigen Bereich zu verstehen.<\/p>\n\n\n\n<p class=\"wp-block-paragraph\">Verwendung:<\/p>\n\n\n\n<ul class=\"wp-block-list\">\n<li>Manuelle Belichtung<\/li>\n\n\n\n<li>Fester Wei\u00dfabgleich<\/li>\n\n\n\n<li>RAW-Aufnahme, sofern verf\u00fcgbar<\/li>\n\n\n\n<li>Makroobjektiv<\/li>\n\n\n\n<li>Wiederholbare Blitzposition<\/li>\n\n\n\n<li>Graukarte oder Kalibrierungsreferenz<\/li>\n\n\n\n<li>Kreuzpolarisationsfilter f\u00fcr die interne Farbwiedergabe<\/li>\n\n\n\n<li>Schwarzer Hintergrund f\u00fcr die Transluzenz der Schneidekante, sofern angebracht<\/li>\n<\/ul>\n\n\n\n<p class=\"wp-block-paragraph\">Dann sende bitte die Originaldateien. Die Komprimierung durch Messaging-Apps kann wichtige Farbdaten zerst\u00f6ren.<\/p>\n\n\n\n<h3 class=\"wp-block-heading\">6. Jeden Baumstumpf-Farbton separat erfassen<\/h3>\n\n\n\n<p class=\"wp-block-paragraph\">Der Endschatten und der Stumpfschatten sind unterschiedliche Datens\u00e4tze.<\/p>\n\n\n\n<p class=\"wp-block-paragraph\">Ein Fall mit zehn Einheiten kann zehn verschiedene Behandlungen umfassen. Ein Zahn kann noch hellen Zahnschmelz aufweisen, bei einem anderen kann Dentin freiliegen, und ein weiterer kann einen dunklen Kompositkern enthalten.<\/p>\n\n\n\n<p class=\"wp-block-paragraph\">Die \u00dcbermittlung eines einzigen Stump-Shade-Codes f\u00fcr den gesamten Fall bedeutet, dass das Labor erraten muss, welche Einheiten eine h\u00f6here Opazit\u00e4t erfordern.<\/p>\n\n\n\n<p class=\"wp-block-paragraph\">Die <a href=\"https:\/\/artistdentallab.com\/de\/what-information-must-be-submitted-to-the-lab-for-anterior-veneer-cases\/\">Checkliste f\u00fcr die Einreichung von F\u00e4llen mit Frontzahnverblendungen<\/a> erl\u00e4utert, wie man Abformfotografie mit Vorbereitungsaufnahmen, Scans, genehmigten Provisorien, Gesichtsaufnahmen und funktionellen Informationen kombiniert.<\/p>\n\n\n\n<h3 class=\"wp-block-heading\">7. Das Material auf das optische Problem abstimmen<\/h3>\n\n\n\n<p class=\"wp-block-paragraph\">Bei der Materialauswahl sollten das Substrat, die verf\u00fcgbare Dicke, die Anforderungen an die Maskierung, die Haftbedingungen und die beabsichtigten optischen Eigenschaften ber\u00fccksichtigt werden.<\/p>\n\n\n\n<p class=\"wp-block-paragraph\">Eine <a href=\"https:\/\/artistdentallab.com\/de\/e-max-veneer\/\">E.max-Furnier<\/a> kann bei vielen F\u00e4llen im Frontzahnbereich, bei denen eine Adh\u00e4sivbefestigung zum Einsatz kommt, ein ausgewogenes Verh\u00e4ltnis zwischen der Festigkeit von Lithiumdisilikat und dessen Transluzenz bieten.<\/p>\n\n\n\n<p class=\"wp-block-paragraph\">A <a href=\"https:\/\/artistdentallab.com\/de\/layered-e-max-veneer\/\">geschichtetes E.max-Furnier<\/a> erm\u00f6glicht eine zus\u00e4tzliche Steuerung des inneren Charakters, der Farbverteilung, der Textur und der Schneideeffekte, wenn ein individuelleres Ergebnis gew\u00fcnscht ist.<\/p>\n\n\n\n<p class=\"wp-block-paragraph\">A <a href=\"https:\/\/artistdentallab.com\/de\/feldspathic-veneer\/\">Feldspat-Verblendung<\/a> kann in geeigneten F\u00e4llen bei g\u00fcnstigen Bedingungen hinsichtlich Zahnschmelz, Platzverh\u00e4ltnissen, Substratfarbe und Funktion eine hochdetaillierte optische Schichtung erm\u00f6glichen.<\/p>\n\n\n\n<p class=\"wp-block-paragraph\">Nicht jede Keramik ist automatisch die \u201c\u00e4sthetischste\u201d.\u201d<\/p>\n\n\n\n<p class=\"wp-block-paragraph\">Die richtige Keramik ist diejenige, die unter den tats\u00e4chlichen klinischen Einschr\u00e4nkungen den vorgeschriebenen Wert und das gew\u00fcnschte optische Verhalten erzielen kann.<\/p>\n\n\n\n<h3 class=\"wp-block-heading\">8. Wert vor der endg\u00fcltigen Zementierung \u00fcberpr\u00fcfen<\/h3>\n\n\n\n<p class=\"wp-block-paragraph\">Probef\u00fcllungen sollten bei aufrechter Sitzposition des Patienten und vollst\u00e4ndig eingesetzten Restaurationen beurteilt werden.<\/p>\n\n\n\n<p class=\"wp-block-paragraph\">Pr\u00fcfen Sie das Ergebnis unter verschiedenen Lichtverh\u00e4ltnissen. Bewerten Sie das Ergebnis sowohl aus n\u00e4chster N\u00e4he als auch aus Gespr\u00e4chsdistanz. Machen Sie ein Foto, auf dem das gesamte Gesicht zu sehen ist, anstatt die Beurteilung nur anhand einer Nahaufnahme vorzunehmen.<\/p>\n\n\n\n<p class=\"wp-block-paragraph\">Und vergleichen Sie zun\u00e4chst die beiden mittleren Schneidez\u00e4hne.<\/p>\n\n\n\n<p class=\"wp-block-paragraph\">Die zentralen Elemente bilden den visuellen Bezugspunkt f\u00fcr die vordere Komposition. Geringe Helligkeitsunterschiede zwischen ihnen k\u00f6nnen st\u00e4rker ablenken als gr\u00f6\u00dfere Farbunterschiede, die weiter von der Mittellinie entfernt sind.<\/p>\n\n\n\n<figure class=\"wp-block-image size-full\"><img decoding=\"async\" width=\"800\" height=\"533\" src=\"https:\/\/artistdentallab.com\/wp-content\/uploads\/2026\/07\/Veneer-Esthetics-2.jpg\" alt=\"\u00c4sthetik bei Veneers\" class=\"wp-image-1550\" title=\"\" srcset=\"https:\/\/artistdentallab.com\/wp-content\/uploads\/2026\/07\/Veneer-Esthetics-2.jpg 800w, https:\/\/artistdentallab.com\/wp-content\/uploads\/2026\/07\/Veneer-Esthetics-2-300x200.jpg 300w, https:\/\/artistdentallab.com\/wp-content\/uploads\/2026\/07\/Veneer-Esthetics-2-768x512.jpg 768w, https:\/\/artistdentallab.com\/wp-content\/uploads\/2026\/07\/Veneer-Esthetics-2-18x12.jpg 18w, https:\/\/artistdentallab.com\/wp-content\/uploads\/2026\/07\/Veneer-Esthetics-2-500x333.jpg 500w, https:\/\/artistdentallab.com\/wp-content\/uploads\/2026\/07\/Veneer-Esthetics-2-600x400.jpg 600w\" sizes=\"(max-width: 800px) 100vw, 800px\" \/><\/figure>\n\n\n\n<h2 class=\"wp-block-heading\">Vier harte Fakten zur Farbanpassung bei Keramik-Veneers<\/h2>\n\n\n\n<h3 class=\"wp-block-heading\">Ein Farbcode ist keine Verschreibung<\/h3>\n\n\n\n<p class=\"wp-block-paragraph\">\u201cBei \u201dA1, nat\u00fcrlich\u201c kann der Techniker die Deckkraft, die S\u00e4ttigung im Zahnhalsbereich, den Lichtschein, die Textur, die Transluzenz und den Glanz selbst bestimmen.<\/p>\n\n\n\n<p class=\"wp-block-paragraph\">Das ist keine Kommunikation. Das ist eine Aufgaben\u00fcbertragung ohne Dokumentation.<\/p>\n\n\n\n<h3 class=\"wp-block-heading\">Digitale Ger\u00e4te ersetzen nicht das eigene Urteilsverm\u00f6gen<\/h3>\n\n\n\n<p class=\"wp-block-paragraph\">Ein Spektralphotometer kann die Reproduzierbarkeit verbessern, misst jedoch einen Bereich unter seinen eigenen optischen Bedingungen. Es ermittelt nicht automatisch die Zahnform, die Oberfl\u00e4chenmorphologie, die Keramikschichtung, die Stumpfabdeckung oder die Patientenpr\u00e4ferenz.<\/p>\n\n\n\n<p class=\"wp-block-paragraph\">Der optimale Arbeitsablauf verbindet instrumentelle Untersuchungen mit standardisierter Fotografie und visueller Beurteilung.<\/p>\n\n\n\n<h3 class=\"wp-block-heading\">Fotografie ist nur so gut wie ihre Standardisierung<\/h3>\n\n\n\n<p class=\"wp-block-paragraph\">Eine teure Kamera, die im Automatikmodus betrieben wird, kann zu uneinheitlichen Belichtungsergebnissen f\u00fchren.<\/p>\n\n\n\n<p class=\"wp-block-paragraph\">Eine \u00c4nderung der Blitzreichweite, der Blende, des Wei\u00dfabgleichs, des Monitors, der Position des Polarisationsfilters oder der Bildbearbeitungseinstellungen f\u00fchrt zu einer \u00c4nderung der vom Labor empfangenen Informationen.<\/p>\n\n\n\n<p class=\"wp-block-paragraph\">Scharf bedeutet nicht gleich genau.<\/p>\n\n\n\n<h3 class=\"wp-block-heading\">Viele \u201cShade-Remakes\u201d sind eigentlich Design-Remakes<\/h3>\n\n\n\n<p class=\"wp-block-paragraph\">Ein Veneer kann als zu hell abgelehnt werden, obwohl das eigentliche Problem in einer zu ausgepr\u00e4gten Gesichtskontur und einer zu breiten Reflexion liegt.<\/p>\n\n\n\n<p class=\"wp-block-paragraph\">Man k\u00f6nnte es als zu grau bezeichnen, wenn das Problem in einer unkontrollierten Transluzenz der Schneidez\u00e4hne vor einem dunklen Mundhintergrund besteht.<\/p>\n\n\n\n<p class=\"wp-block-paragraph\">Es sieht m\u00f6glicherweise undurchsichtig aus, da der Techniker zus\u00e4tzliche Abdeckungen verwendet hat, um einen nicht dokumentierten Farbton des Stumpfes auszugleichen.<\/p>\n\n\n\n<p class=\"wp-block-paragraph\">Wenn man all diese Probleme als \u201cden falschen Farbton\u201d bezeichnet, hindert dies das Team daran, den eigentlichen Fehler zu identifizieren.<\/p>\n\n\n\n<h2 class=\"wp-block-heading\">FAQs<\/h2>\n\n\n\n<h3 class=\"wp-block-heading\">Warum ist der Helligkeitswert in der Furnier\u00e4sthetik wichtiger als der Farbton?<\/h3>\n\n\n\n<p class=\"wp-block-paragraph\">Der Helligkeitswert bezeichnet die relative Helligkeit oder Dunkelheit eines Zahns oder einer Restauration und spielt in der \u00c4sthetik von Veneers in der Regel die entscheidende Rolle, da eine Abweichung im Helligkeitswert die wahrgenommene Helligkeit, Tiefe, Breite und optische Integration des gesamten Zahns ver\u00e4ndert, noch bevor der Betrachter kleinere Unterschiede im Farbton oder in der Farbs\u00e4ttigung wahrnimmt.<\/p>\n\n\n\n<p class=\"wp-block-paragraph\">Ein helles Furnier kann kreideartig und \u00fcberdimensioniert wirken. Ein dunkles Furnier kann grau oder zur\u00fcckgesetzt wirken. Aus diesem Grund sollte in der Regel zuerst die Helligkeit, dann die Farbs\u00e4ttigung und zuletzt der Farbton ausgew\u00e4hlt werden.<\/p>\n\n\n\n<h3 class=\"wp-block-heading\">Welche Informationen werden durch eine Farbmarkierung nicht vermittelt?<\/h3>\n\n\n\n<p class=\"wp-block-paragraph\">Eine Farbskala dient als standardisierte visuelle Referenz zur Bezeichnung einer allgemeinen Zahnfarbe, kann jedoch den Helligkeitsverlauf, die Transluzenz, den Einfluss der Stumpffarbe, den Resin-Zement-Effekt, die Oberfl\u00e4chenstruktur, die Fluoreszenz, die Opaleszenz oder die Art und Weise, wie die verschiedenen Drittel des Zahns Licht reflektieren und durchlassen, nicht vollst\u00e4ndig beschreiben.<\/p>\n\n\n\n<p class=\"wp-block-paragraph\">Die Verordnung sollte daher Fotos der Farbtabellen, eine schriftliche Farbkarte, die Farbt\u00f6ne der St\u00fcmpfe, die Keramikst\u00e4rke, Angaben zur Materialauswahl, Anweisungen zur Textur sowie das vom Patienten genehmigte optische Ziel enthalten.<\/p>\n\n\n\n<h3 class=\"wp-block-heading\">Wie sollte ein Zahnarzt die Farbe f\u00fcr Keramik-Veneers ausw\u00e4hlen?<\/h3>\n\n\n\n<p class=\"wp-block-paragraph\">Die zuverl\u00e4ssige Auswahl der Verblendungsfarbe ist ein kontrollierter klinischer Prozess, bei dem zun\u00e4chst der Helligkeitswert, dann die Farbs\u00e4ttigung und schlie\u00dflich der Farbton erfasst werden. Anschlie\u00dfend werden standardisierte Fotos, die Farbe des Zahnstumpfs, die Keramikst\u00e4rke, die Transluzenz des Materials, die Oberfl\u00e4chenstruktur, die Lichtverh\u00e4ltnisse sowie Informationen zur Anprobe mit Kunststoffzement hinzugef\u00fcgt, sodass das Labor eine optische Vorgabe anstelle eines einzelnen Codes erh\u00e4lt.<\/p>\n\n\n\n<p class=\"wp-block-paragraph\">Die Farbauswahl sollte vor einer st\u00e4rkeren Dehydrierung erfolgen. Die ausgew\u00e4hlten Farbmuster m\u00fcssen in derselben Ebene wie der Zahn fotografiert werden, und f\u00fcr jede Pr\u00e4paration sollte eine eigene Farbaufzeichnung des Zahnstumpfs angefertigt werden.<\/p>\n\n\n\n<h3 class=\"wp-block-heading\">Welcher Farbskala eignet sich am besten f\u00fcr Veneers?<\/h3>\n\n\n\n<p class=\"wp-block-paragraph\">Die beste Farbskala f\u00fcr Veneers ist das System, das es dem Zahnarzt erm\u00f6glicht, die Helligkeit vorhersehbar zu ordnen, das benannte System klar zu vermitteln und das Ergebnis mithilfe kalibrierter Fotografie oder eines Messger\u00e4ts zu \u00fcberpr\u00fcfen; in vielen Arbeitsabl\u00e4ufen erweist sich VITA 3D-Master als n\u00fctzlich, da seine Gruppen nach Helligkeit vor Farbs\u00e4ttigung und Farbton geordnet sind.<\/p>\n\n\n\n<p class=\"wp-block-paragraph\">VITA Classical genie\u00dft nach wie vor gro\u00dfe Anerkennung, doch keines der beiden Systeme kann die Farbtonskartierung, die standardisierte Fotografie, die Dokumentation der Stumpf-Farbt\u00f6ne und die labortechnische \u00dcberpr\u00fcfung ersetzen.<\/p>\n\n\n\n<h3 class=\"wp-block-heading\">Kann man mit Komposit-Zement die Farbe einer Verblendung korrigieren?<\/h3>\n\n\n\n<p class=\"wp-block-paragraph\">Kunststoffzement ist eine d\u00fcnne optische Schicht, die die endg\u00fcltige Farbe einer transluzenten Verblendung ver\u00e4ndern kann; er kann jedoch eine Restauration nicht zuverl\u00e4ssig retten, bei der der Keramikwert, die Opazit\u00e4t, die Dicke oder der Plan zur Substratvorbereitung grundlegend falsch sind, insbesondere wenn die Verblendung etwa 0,3 bis 0,5 Millimeter dick ist.<\/p>\n\n\n\n<p class=\"wp-block-paragraph\">Verwenden Sie Testpasten, um vor dem Verkleben verschiedene Zementoptionen zu vergleichen. Betrachten Sie den Zement nicht als Notl\u00f6sung f\u00fcr eine falsch gefertigte Restauration.<\/p>\n\n\n\n<h2 class=\"wp-block-heading\">Senden Sie eine Wertetabelle, keinen Farbcode<\/h2>\n\n\n\n<p class=\"wp-block-paragraph\">Bevor Sie den n\u00e4chsten Furnierauftrag versenden, schreiben Sie bitte nicht mehr nur \u201cA1\u201d oder \u201cBL3\u201d darauf.\u201d<\/p>\n\n\n\n<p class=\"wp-block-paragraph\">Notieren Sie den Wert f\u00fcr das mittlere Drittel. Erfassen Sie die Farbtiefe im Zahnhalsbereich. Fotografieren Sie die endg\u00fcltige Farbe sowie alle Stumpf-Farbt\u00f6ne. Geben Sie die gew\u00fcnschte Transluzenz, den gew\u00fcnschten Lichtschein, die gew\u00fcnschte Textur und den gew\u00fcnschten Glanzgrad an. Best\u00e4tigen Sie die Keramikst\u00e4rke und den vorgeschlagenen Kunststoffzement. Zeigen Sie dem Labor, was der Patient genehmigt hat.<\/p>\n\n\n\n<p class=\"wp-block-paragraph\">Stellen Sie dann eine einfache Frage:<\/p>\n\n\n\n<p class=\"wp-block-paragraph\">Soll diese Restauration zu einer Lasche passen oder sollte sie im Gesicht des Patienten sitzen?<\/p>\n\n\n\n<p class=\"wp-block-paragraph\">F\u00fcr die technische Materialpr\u00fcfung, die Auswertung der Farbmuster oder die Planung eines Testfalls im Frontzahnbereich reichen Sie bitte die Scans, Fotos, Stumpf-Farbmuster und die Verschreibung \u00fcber die <a href=\"https:\/\/artistdentallab.com\/de\/contact\/\">Beratungsseite des Dentallabors \u201eArtist\u201c<\/a>. <\/p>","protected":false},"excerpt":{"rendered":"<p>A1 kann dennoch unnat\u00fcrlich wirken. Dieser Leitfaden erl\u00e4utert, warum der Farbwert \u2013 also die Helligkeit oder Dunkelheit einer Restauration \u2013 die \u00c4sthetik von Veneers ma\u00dfgeblich bestimmt, wie Farbtabellen optische Variablen verbergen und wie Zahn\u00e4rzte und Labore die Fotografie, die Stumpffarbe, die Keramikst\u00e4rke und den Kompositkleber so steuern k\u00f6nnen, um sichtbare Farbabweichungen zu reduzieren.<\/p>","protected":false},"author":1,"featured_media":1548,"comment_status":"open","ping_status":"open","sticky":false,"template":"","format":"standard","meta":{"footnotes":""},"categories":[22],"tags":[562,565,564,563,561,559,560],"class_list":["post-1547","post","type-post","status-publish","format-standard","has-post-thumbnail","hentry","category-dental-knowledge","tag-ceramic-veneer-color-matching","tag-dental-laboratory-communication","tag-dental-shade-matching","tag-hue-chroma-and-value","tag-tooth-value-in-dentistry","tag-veneer-esthetics","tag-veneer-shade-selection"],"blocksy_meta":{"styles_descriptor":{"styles":{"desktop":"","tablet":"","mobile":""},"google_fonts":[],"version":7}},"_links":{"self":[{"href":"https:\/\/artistdentallab.com\/de\/wp-json\/wp\/v2\/posts\/1547","targetHints":{"allow":["GET"]}}],"collection":[{"href":"https:\/\/artistdentallab.com\/de\/wp-json\/wp\/v2\/posts"}],"about":[{"href":"https:\/\/artistdentallab.com\/de\/wp-json\/wp\/v2\/types\/post"}],"author":[{"embeddable":true,"href":"https:\/\/artistdentallab.com\/de\/wp-json\/wp\/v2\/users\/1"}],"replies":[{"embeddable":true,"href":"https:\/\/artistdentallab.com\/de\/wp-json\/wp\/v2\/comments?post=1547"}],"version-history":[{"count":1,"href":"https:\/\/artistdentallab.com\/de\/wp-json\/wp\/v2\/posts\/1547\/revisions"}],"predecessor-version":[{"id":1551,"href":"https:\/\/artistdentallab.com\/de\/wp-json\/wp\/v2\/posts\/1547\/revisions\/1551"}],"wp:featuredmedia":[{"embeddable":true,"href":"https:\/\/artistdentallab.com\/de\/wp-json\/wp\/v2\/media\/1548"}],"wp:attachment":[{"href":"https:\/\/artistdentallab.com\/de\/wp-json\/wp\/v2\/media?parent=1547"}],"wp:term":[{"taxonomy":"category","embeddable":true,"href":"https:\/\/artistdentallab.com\/de\/wp-json\/wp\/v2\/categories?post=1547"},{"taxonomy":"post_tag","embeddable":true,"href":"https:\/\/artistdentallab.com\/de\/wp-json\/wp\/v2\/tags?post=1547"}],"curies":[{"name":"wp","href":"https:\/\/api.w.org\/{rel}","templated":true}]}}