{"id":1636,"date":"2026-08-07T03:23:08","date_gmt":"2026-08-07T03:23:08","guid":{"rendered":"https:\/\/artistdentallab.com\/"},"modified":"2026-08-07T03:38:01","modified_gmt":"2026-08-07T03:38:01","slug":"what-veneer-case-photos-reveal-about-a-labs-true-esthetic-skill","status":"publish","type":"post","link":"https:\/\/artistdentallab.com\/de\/what-veneer-case-photos-reveal-about-a-labs-true-esthetic-skill\/","title":{"rendered":"Was Fotos von Veneer-F\u00e4llen \u00fcber die tats\u00e4chliche \u00e4sthetische Kompetenz eines Labors verraten"},"content":{"rendered":"<p class=\"wp-block-paragraph\">Fotos zeigen K\u00f6nnen.<\/p>\n\n\n\n<p class=\"wp-block-paragraph\">Wenn ich Fotos von Veneer-F\u00e4llen bewerte, geht es mir nicht in erster Linie darum, ob die Z\u00e4hne wei\u00df aussehen oder ob das Foto einen starken Kontrast aufweist; ich suche vielmehr nach Anhaltspunkten daf\u00fcr, dass das Labor ein Gesp\u00fcr f\u00fcr Proportionen, Helligkeit, Transluzenz, Linienwinkel, Textur, den Charakter der Schneidekante, die Integration in das Zahnfleisch sowie daf\u00fcr hat, wie all diese Variablen im Zusammenspiel wirken und nicht nur einzeln betrachtet werden.<\/p>\n\n\n\n<p class=\"wp-block-paragraph\">Sch\u00f6ne Z\u00e4hne sind ganz einfach.<\/p>\n\n\n\n<p class=\"wp-block-paragraph\">Glaubw\u00fcrdige Z\u00e4hne gibt es nicht.<\/p>\n\n\n\n<p class=\"wp-block-paragraph\">Worauf sollten Zahn\u00e4rzte, Dentallabore, DSO oder Beschaffungsteams also eigentlich achten, wenn sie das Portfolio eines Labors f\u00fcr kosmetische Zahnmedizin pr\u00fcfen?<\/p>\n\n\n\n<p class=\"wp-block-paragraph\">Die Antwort ist unbequem, weil sie viele der im Zahnarztmarketing \u00fcblichen Abk\u00fcrzungen \u00fcberfl\u00fcssig macht.<\/p>\n\n\n\n<p class=\"wp-block-paragraph\">Ein sch\u00f6nes Vorher-Nachher-Bild einer Porzellan-Veneer-Behandlung kann Aufschluss geben, aber nur, wenn man wei\u00df, was das Foto beweisen kann \u2013 und was es verbergen kann.<\/p>\n\n\n\n<p class=\"wp-block-paragraph\">Meine Arbeitsregel ist einfach: <strong>Gute Fotos von Furniergeh\u00e4usen sollten einer genauen Pr\u00fcfung standhalten und nicht nur eine unmittelbare emotionale Reaktion hervorrufen.<\/strong><\/p>\n\n\n\n<p class=\"wp-block-paragraph\">Diese Unterscheidung ist wichtig.<\/p>\n\n\n\n<figure class=\"wp-block-image size-large\"><img fetchpriority=\"high\" decoding=\"async\" width=\"1024\" height=\"622\" src=\"https:\/\/artistdentallab.com\/wp-content\/uploads\/2026\/08\/What-Veneer-Case-Photos-Reveal-About-a-Labs-True-Esthetic-Skill-4-1024x622.jpg\" alt=\"Was Fotos von Veneer-F\u00e4llen \u00fcber die tats\u00e4chliche \u00e4sthetische Kompetenz eines Labors verraten\" class=\"wp-image-1640\" title=\"\" srcset=\"https:\/\/artistdentallab.com\/wp-content\/uploads\/2026\/08\/What-Veneer-Case-Photos-Reveal-About-a-Labs-True-Esthetic-Skill-4-1024x622.jpg 1024w, https:\/\/artistdentallab.com\/wp-content\/uploads\/2026\/08\/What-Veneer-Case-Photos-Reveal-About-a-Labs-True-Esthetic-Skill-4-300x182.jpg 300w, https:\/\/artistdentallab.com\/wp-content\/uploads\/2026\/08\/What-Veneer-Case-Photos-Reveal-About-a-Labs-True-Esthetic-Skill-4-768x466.jpg 768w, https:\/\/artistdentallab.com\/wp-content\/uploads\/2026\/08\/What-Veneer-Case-Photos-Reveal-About-a-Labs-True-Esthetic-Skill-4-18x12.jpg 18w, https:\/\/artistdentallab.com\/wp-content\/uploads\/2026\/08\/What-Veneer-Case-Photos-Reveal-About-a-Labs-True-Esthetic-Skill-4-500x303.jpg 500w, https:\/\/artistdentallab.com\/wp-content\/uploads\/2026\/08\/What-Veneer-Case-Photos-Reveal-About-a-Labs-True-Esthetic-Skill-4-600x364.jpg 600w, https:\/\/artistdentallab.com\/wp-content\/uploads\/2026\/08\/What-Veneer-Case-Photos-Reveal-About-a-Labs-True-Esthetic-Skill-4.jpg 1440w\" sizes=\"(max-width: 1024px) 100vw, 1024px\" \/><figcaption class=\"wp-element-caption\">Was Fotos von Veneer-F\u00e4llen \u00fcber die tats\u00e4chliche \u00e4sthetische Kompetenz eines Labors verraten<\/figcaption><\/figure>\n\n\n\n<h2 class=\"wp-block-heading\">Fotos von Veneer-Behandlungen sollten die Kontrolle zeigen, nicht nur die Wei\u00dfheit<\/h2>\n\n\n\n<p class=\"wp-block-paragraph\">Die unzul\u00e4nglichste Methode zur Beurteilung von Veneer-F\u00e4llen im Dentallabor besteht darin, zu fragen: \u201cSieht dieses L\u00e4cheln gut aus?\u201d<\/p>\n\n\n\n<p class=\"wp-block-paragraph\">Diese Frage ist zu allgemein.<\/p>\n\n\n\n<p class=\"wp-block-paragraph\">Ein technisch eher mittelm\u00e4\u00dfiger Fall kann beeindruckend wirken, wenn er aus einem vorteilhaften Blickwinkel fotografiert, unter diffusem Frontlicht aufgenommen, stark retuschiert, in Smartphone-Gr\u00f6\u00dfe dargestellt und mit einem unattraktiven Foto aus der Zeit vor der Operation verglichen wird.<\/p>\n\n\n\n<p class=\"wp-block-paragraph\">Stattdessen zerlege ich das Problem in einzelne visuelle Aufgaben.<\/p>\n\n\n\n<h3 class=\"wp-block-heading\">Achte zuerst auf den Wert, dann auf den Farbton<\/h3>\n\n\n\n<p class=\"wp-block-paragraph\">Als Erstes pr\u00fcfe ich den Farbwert \u2013 also, wie hell oder dunkel die Restaurationen im Vergleich sind.<\/p>\n\n\n\n<p class=\"wp-block-paragraph\">Selbst ein A1-Furnier kann immer noch unpassend wirken.<\/p>\n\n\n\n<p class=\"wp-block-paragraph\">Eine BL2-Restauration kann bei einem passenden Gesicht vollkommen nat\u00fcrlich aussehen.<\/p>\n\n\n\n<p class=\"wp-block-paragraph\">Die angegebenen Farbcodes sagen nicht alles aus, da das sichtbare Ergebnis von der Opazit\u00e4t der Keramik, der Schichtdicke, der Farbe des darunterliegenden Zahnstumpfs, dem Befestigungszement, der Kontur der Zahnvorderseite, dem Oberfl\u00e4chenglanz, der Beleuchtung, dem Feuchtigkeitsgehalt und den Nachbarz\u00e4hnen abh\u00e4ngt.<\/p>\n\n\n\n<p class=\"wp-block-paragraph\">Aus diesem Grund befasst sich die Website mit <a href=\"https:\/\/artistdentallab.com\/de\/why-veneer-shade-can-appear-different-one-week-after-bonding\/\">Warum die Farbe von Veneers nach dem Verkleben anders aussehen kann<\/a> ist bei der Beurteilung von Fallgalerien hilfreich. Ein Foto, auf dem eine helle Restauration zu sehen ist, beweist nicht automatisch, dass der Techniker die gew\u00e4hlte Farbe verfehlt hat. Das scheinbare Problem kann stattdessen in der Helligkeit, der Oberfl\u00e4chenreflexion, der Keramikdicke, dem Einfluss des Untergrunds oder uneinheitlichen Aufnahmebedingungen liegen.<\/p>\n\n\n\n<p class=\"wp-block-paragraph\">Schauen Sie sich die mittleren Schneidez\u00e4hne genau an.<\/p>\n\n\n\n<p class=\"wp-block-paragraph\">Sieht eines davon etwas heller aus?<\/p>\n\n\n\n<p class=\"wp-block-paragraph\">Wird das zervikale Drittel unnat\u00fcrlich undurchsichtig?<\/p>\n\n\n\n<p class=\"wp-block-paragraph\">Wirft die Gesichtsoberfl\u00e4che einen breiten wei\u00dfen Lichtreflex?<\/p>\n\n\n\n<p class=\"wp-block-paragraph\">Diese Angaben sagen mir weitaus mehr \u00fcber die Qualit\u00e4t des Veneer-Labors aus als die auf dem Rezept vermerkte Farbbezeichnung.<\/p>\n\n\n\n<h3 class=\"wp-block-heading\">Achten Sie auf Farbzonen, nicht auf eine einheitliche Farbe<\/h3>\n\n\n\n<p class=\"wp-block-paragraph\">Nat\u00fcrliche Frontz\u00e4hne verhalten sich selten wie einfarbige Keramikfliesen.<\/p>\n\n\n\n<p class=\"wp-block-paragraph\">Das zervikale Drittel kann eine h\u00f6here Farbs\u00e4ttigung aufweisen.<\/p>\n\n\n\n<p class=\"wp-block-paragraph\">Das mittlere Drittel bestimmt oft den vorherrschenden Wert.<\/p>\n\n\n\n<p class=\"wp-block-paragraph\">Das inzisale Drittel kann weniger ausgepr\u00e4gte transluzente Bereiche, Halos, Mamelon-Effekte, opaleszierende Eigenschaften, feine Haarrisse oder subtile Unregelm\u00e4\u00dfigkeiten aufweisen.<\/p>\n\n\n\n<p class=\"wp-block-paragraph\">Ein anspruchsvolles \u00e4sthetisches Dentallabor versteht diese Verteilung.<\/p>\n\n\n\n<p class=\"wp-block-paragraph\">Ein schwacher Zahn weist oft vom Zahnfleischrand bis zur Schneidekante die gleiche Helligkeit auf.<\/p>\n\n\n\n<p class=\"wp-block-paragraph\">Das f\u00fchrt zu dem, was ich als \u201cWhite-Keyboard\u201d-Effekt bezeichne: Jeder Zahn ist zwar technisch gesehen sauber, wirkt aber optisch leblos.<\/p>\n\n\n\n<h2 class=\"wp-block-heading\">An der Schneide wird die durchschnittliche Keramikarbeit sichtbar<\/h2>\n\n\n\n<p class=\"wp-block-paragraph\">Ich verbringe unverh\u00e4ltnism\u00e4\u00dfig viel Zeit damit, die Schneidekanten zu untersuchen.<\/p>\n\n\n\n<p class=\"wp-block-paragraph\">Warum?<\/p>\n\n\n\n<p class=\"wp-block-paragraph\">Denn hier gibt es f\u00fcr Keramik weniger Versteckm\u00f6glichkeiten.<\/p>\n\n\n\n<p class=\"wp-block-paragraph\">Ein \u00fcberzeugender Fall f\u00fcr Veneers kann sich durch eine zur\u00fcckhaltende Transluzenz, feine interne Variationen, einen unregelm\u00e4\u00dfigen, aber bewusst gestalteten Lichtschein, leichte Unterschiede zwischen den mittleren und seitlichen Schneidez\u00e4hnen sowie eine Randmorphologie auszeichnen, die dem Alter des Patienten und seinem vorhandenen Gebiss entspricht.<\/p>\n\n\n\n<p class=\"wp-block-paragraph\">Ein schw\u00e4cherer Fall weist h\u00e4ufig eines von vier Mustern auf:<\/p>\n\n\n\n<ul class=\"wp-block-list\">\n<li>V\u00f6llig undurchsichtige Schneidekanten<\/li>\n\n\n\n<li>Bei jedem Zahn die gleiche blaugraue Transluzenz<\/li>\n\n\n\n<li>\u00dcber das gesamte vordere Augenabschnitt erstreckende, dichte, wei\u00dfe Halos<\/li>\n\n\n\n<li>K\u00fcnstlich scharfe Kanten ohne optischen \u00dcbergang<\/li>\n<\/ul>\n\n\n\n<p class=\"wp-block-paragraph\">Keiner dieser Punkte beweist automatisch eine mangelhafte Herstellung.<\/p>\n\n\n\n<p class=\"wp-block-paragraph\">Aber Wiederholung ist wichtig.<\/p>\n\n\n\n<p class=\"wp-block-paragraph\">Wenn zehn v\u00f6llig unterschiedliche Patienten alle denselben Inzisalfingerabdruck erhalten, handelt es sich meiner Ansicht nach nicht mehr um eine patientenspezifische Charakterisierung.<\/p>\n\n\n\n<p class=\"wp-block-paragraph\">Ich schaue mir gerade eine Vorlage im Laborstil an.<\/p>\n\n\n\n<p class=\"wp-block-paragraph\">Und Stilvorlagen sind gef\u00e4hrlich, wenn sie anfangen, die Beobachtung zu ersetzen.<\/p>\n\n\n\n<h2 class=\"wp-block-heading\">Die Oberfl\u00e4chenstruktur ist einer der besten Ma\u00dfst\u00e4be f\u00fcr echte \u00e4sthetische Kompetenz<\/h2>\n\n\n\n<p class=\"wp-block-paragraph\">Schatten zieht die Aufmerksamkeit auf sich.<\/p>\n\n\n\n<p class=\"wp-block-paragraph\">Textur schafft Glaubw\u00fcrdigkeit.<\/p>\n\n\n\n<p class=\"wp-block-paragraph\">Nat\u00fcrlicher Zahnschmelz ist nicht durchgehend glatt, und auch sollte nicht jede Verblendung mit auff\u00e4lligen Rillen versehen sein, nur um zu zeigen, dass sie handgefertigt wurde.<\/p>\n\n\n\n<p class=\"wp-block-paragraph\">Die tats\u00e4chliche Oberfl\u00e4chenkontrolle ist zur\u00fcckhaltender.<\/p>\n\n\n\n<p class=\"wp-block-paragraph\">Der Techniker muss Makrokontur, sekund\u00e4re Anatomie, Winkel der \u00dcbergangslinien, terti\u00e4re Textur und den endg\u00fcltigen Glanz so gestalten, dass keines dieser Merkmale dominiert.<\/p>\n\n\n\n<p class=\"wp-block-paragraph\">Der Leitfaden von Artist Dental Lab zu <a href=\"https:\/\/artistdentallab.com\/de\/which-veneer-material-offers-the-best-control-of-surface-texture\/\">Welches Furniermaterial erm\u00f6glicht die beste Kontrolle \u00fcber die Oberfl\u00e4chenstruktur?<\/a> macht einen wichtigen Unterschied deutlich: Verschiedene Keramiksysteme bieten unterschiedliche Gestaltungsm\u00f6glichkeiten, doch die Materialauswahl allein f\u00fchrt nicht zu einer nat\u00fcrlichen Textur.<\/p>\n\n\n\n<p class=\"wp-block-paragraph\">Der Techniker muss sich dennoch mit Licht auskennen.<\/p>\n\n\n\n<h3 class=\"wp-block-heading\">Ein einfacher Test: Folgen Sie dem Spiegelbild<\/h3>\n\n\n\n<p class=\"wp-block-paragraph\">Ignoriere die Zahnfarbe f\u00fcr f\u00fcnf Sekunden.<\/p>\n\n\n\n<p class=\"wp-block-paragraph\">Achte nur auf das Highlight.<\/p>\n\n\n\n<p class=\"wp-block-paragraph\">Bei einem nat\u00fcrlich aussehenden mittleren Schneidezahn sollte die Reflexionszone in der Regel Struktur aufweisen. Je nach Gesichtskontur und Beleuchtung kann sie sich verengen, verbreitern, abschw\u00e4chen oder unterbrechen.<\/p>\n\n\n\n<p class=\"wp-block-paragraph\">Wenn jedes Furnier denselben breiten vertikalen wei\u00dfen Streifen aufweist, werde ich misstrauisch.<\/p>\n\n\n\n<p class=\"wp-block-paragraph\">Warum?<\/p>\n\n\n\n<p class=\"wp-block-paragraph\">Weil die Restauration m\u00f6glicherweise zu flach, zu konvex, \u00fcberm\u00e4\u00dfig glasiert ist oder \u00dcbergangsstrukturen fehlen.<\/p>\n\n\n\n<p class=\"wp-block-paragraph\">Das Ergebnis kann aus einem bestimmten Blickwinkel hervorragend aussehen, wirkt jedoch optisch unvorteilhaft, sobald sich der Patient bewegt.<\/p>\n\n\n\n<p class=\"wp-block-paragraph\">Genau hier unterscheidet sich ein \u00fcberzeugendes Fallportfolio von der \u201eInstagram-Zahnmedizin\u201c.<\/p>\n\n\n\n<h2 class=\"wp-block-heading\">Die Proportionen der Z\u00e4hne lassen sich schwerer vort\u00e4uschen als die Farbe<\/h2>\n\n\n\n<p class=\"wp-block-paragraph\">Einer der n\u00fctzlichsten Aspekte, die Fotos von Veneer-F\u00e4llen offenbaren, ist die Frage, ob das Labor ein Gesp\u00fcr f\u00fcr Proportionen hat.<\/p>\n\n\n\n<p class=\"wp-block-paragraph\">Das Verh\u00e4ltnis von Breite zu L\u00e4nge der oberen mittleren Schneidez\u00e4hne beeinflusst die Dominanz, das scheinbare Alter, die Gesichtsauspr\u00e4gung und den Gesamtrhythmus des L\u00e4chelns.<\/p>\n\n\n\n<p class=\"wp-block-paragraph\">Es gibt jedoch kein allgemeing\u00fcltiges Zauberverh\u00e4ltnis.<\/p>\n\n\n\n<p class=\"wp-block-paragraph\">Das ist ein wichtiger Punkt.<\/p>\n\n\n\n<p class=\"wp-block-paragraph\">Ein Labor, das jeden mittleren Schneidezahn mechanisch in das gleiche Verh\u00e4ltnis zwingt, beweist damit keine \u00e4sthetische Disziplin. Es beweist vielmehr, dass es sich auf eine Vorlage verl\u00e4sst.<\/p>\n\n\n\n<p class=\"wp-block-paragraph\">Die bessere Frage ist, ob die Z\u00e4hne zu diesem speziellen Gesicht passen.<\/p>\n\n\n\n<p class=\"wp-block-paragraph\">Der Artikel von Artist Dental Lab \u00fcber <a href=\"https:\/\/artistdentallab.com\/de\/how-veneer-width-to-length-ratio-changes-smile-character\/\">Wie das Verh\u00e4ltnis von Breite zu L\u00e4nge der Verblendungen den Charakter des L\u00e4chelns ver\u00e4ndert<\/a> untersucht, warum physikalische Abmessungen und optische Breite nicht dasselbe sind. \u00dcbergangslinienwinkel k\u00f6nnen dazu f\u00fchren, dass ein Veneer schmaler oder breiter wirkt, selbst wenn sich seine tats\u00e4chliche mesiodistale Abmessung kaum ver\u00e4ndert.<\/p>\n\n\n\n<p class=\"wp-block-paragraph\">Genau das ist es, wonach ich bei Fotos von Furniergeh\u00e4usen suche.<\/p>\n\n\n\n<h3 class=\"wp-block-heading\">Schau dir zuerst die Zentralen an<\/h3>\n\n\n\n<p class=\"wp-block-paragraph\">Die mittleren Schneidez\u00e4hne tragen in der Regel die optische Hauptlast des L\u00e4chelns.<\/p>\n\n\n\n<p class=\"wp-block-paragraph\">Frage:<\/p>\n\n\n\n<p class=\"wp-block-paragraph\">Sind sie markant, ohne dabei \u00fcberdimensioniert zu wirken?<\/p>\n\n\n\n<p class=\"wp-block-paragraph\">Spiegeln sie sich vielleicht zu perfekt wider?<\/p>\n\n\n\n<p class=\"wp-block-paragraph\">Sind die Schneidekanten auf die Unterlippe ausgerichtet?<\/p>\n\n\n\n<p class=\"wp-block-paragraph\">Sind die Leitungswinkel dort symmetrisch, wo sie es sein sollten?<\/p>\n\n\n\n<p class=\"wp-block-paragraph\">Ist eine der beiden zentralen Bereiche optisch breiter, weil ihr Reflexionsbereich gr\u00f6\u00dfer ist?<\/p>\n\n\n\n<p class=\"wp-block-paragraph\">Eine Eye-Tracking-Studie aus dem Jahr 2026, an der <strong>189 Teilnehmer<\/strong> manipulierte verschiedene dentolabiale Variablen, darunter die Breite des bukkalen Korridors von <strong>5%, 10%, 15% und 25%<\/strong>, Winkel in der Okklusionsebene von <strong>0\u00b0, 2\u00b0, 4\u00b0 und 6\u00b0<\/strong>, Abweichungen der Zahnmittellinie bis zu <strong>3 mm<\/strong>, sowie die Zahnfleischfreilegung von <strong>\u22122 mm bis +4 mm<\/strong>. Gr\u00f6\u00dfere Abweichungen f\u00fchrten tendenziell zu einer Verschlechterung der \u00e4sthetischen Bewertungen, w\u00e4hrend ausgepr\u00e4gte Asymmetrien wiederholt die visuelle Aufmerksamkeit auf sich zogen.<\/p>\n\n\n\n<p class=\"wp-block-paragraph\">Diese Erkenntnis untermauert, was erfahrene \u00e4sthetische Betrachter bereits intuitiv sp\u00fcren: Das Auge kehrt immer wieder zu Unstimmigkeiten zur\u00fcck.<\/p>\n\n\n\n<p class=\"wp-block-paragraph\">Der Betrachter darf nicht sagen: \u201cDie Zahnmittellinie ist um 2,5 mm verschoben.\u201d<\/p>\n\n\n\n<p class=\"wp-block-paragraph\">Sie sagen einfach: \u201cDa stimmt irgendetwas nicht.\u201d<\/p>\n\n\n\n<p class=\"wp-block-paragraph\">Ein erfahrenes Labor ist in der Lage, die Ursache zu ermitteln, bevor die Keramik fertiggestellt wird.<\/p>\n\n\n\n<h2 class=\"wp-block-heading\">Was Fotos von F\u00e4llen mit starkem und schwachem Furnier in der Regel verraten<\/h2>\n\n\n\n<p class=\"wp-block-paragraph\">Ich gehe nach folgendem Schema vor, wenn ich ein erstklassiges Dentallabor f\u00fcr Veneers mit einem Portfolio vergleiche, das lediglich auf Fotos gut aussieht.<\/p>\n\n\n\n<figure class=\"wp-block-table\"><table class=\"has-fixed-layout\"><thead><tr><th>Was ist zu pr\u00fcfen?<\/th><th>Starke \u00e4sthetische Belege<\/th><th>Warnschild<\/th><\/tr><\/thead><tbody><tr><td>Wert des mittleren Schneidezahns<\/td><td>Kontrolliert und im Einklang mit dem Gesicht<\/td><td>Kreidige, \u00fcberm\u00e4\u00dfig dominante Helligkeit<\/td><\/tr><tr><td>Zweites Halswirbelsegment<\/td><td>Nat\u00fcrlicher Farbverlauf<\/td><td>Einheitliche Farbe vom Zahnhals bis zur Schneidekante<\/td><\/tr><tr><td>Transluzenz an der Schneidekante<\/td><td>Lokalisiert und fallspezifisch<\/td><td>Auf jedem Geh\u00e4use befindet sich ein identisches blaues oder graues Band<\/td><\/tr><tr><td>Oberfl\u00e4chenstruktur<\/td><td>Bei gerichtetem Licht sichtbar, von vorne jedoch kaum wahrnehmbar<\/td><td>Tiefe, sich wiederholende Grooves<\/td><\/tr><tr><td>Leitungswinkel<\/td><td>Scheine Breite und Symmetrie steuern<\/td><td>Flache oder \u00fcberbreite Reflexion<\/td><\/tr><tr><td>Zahnproportionen<\/td><td>Geeignet f\u00fcr Lippen, Gesicht und benachbarte Z\u00e4hne<\/td><td>Gleiche Zahnbibliothek, die bei mehreren Patienten wiederholt verwendet wird<\/td><\/tr><tr><td>Schie\u00dfscharten<\/td><td>Fortschrittlich und nat\u00fcrlich<\/td><td>Gleichm\u00e4\u00dfiger Abstand zwischen allen Z\u00e4hnen<\/td><\/tr><tr><td>Gingivale Integration<\/td><td>R\u00e4nder wirken optisch unauff\u00e4llig<\/td><td>Dunkle R\u00e4nder, volumin\u00f6se Geb\u00e4rmutterhalskontur, Asymmetrie<\/td><\/tr><tr><td>Seitliche Schneidez\u00e4hne<\/td><td>Zentrale Dominanz unterst\u00fctzen<\/td><td>Gleiche Gr\u00f6\u00dfe und optische Wirkung wie die Zentralelemente<\/td><\/tr><tr><td>Hunde<\/td><td>Nat\u00fcrliche \u00dcberg\u00e4nge in Farbintensit\u00e4t und Form<\/td><td>Bleichwei\u00dfe Eckz\u00e4hne, die mit den mittleren Z\u00e4hnen identisch sind<\/td><\/tr><tr><td>Oberfl\u00e4chenglanz<\/td><td>Emaillierte Reflexion<\/td><td>Gleichm\u00e4\u00dfige Spiegelglasur<\/td><\/tr><tr><td>Fotografie<\/td><td>Wiederholbare Beleuchtung und Ausrichtung<\/td><td>Dramatischer, aber uneinheitlicher Schnitt<\/td><\/tr><tr><td>Fallvielfalt<\/td><td>Einzelst\u00fccke, Mehrfachverpackungen, verschiedene Tr\u00e4germaterialien<\/td><td>Nur F\u00e4lle mit Vollbogen-Zahnaufhellung<\/td><\/tr><\/tbody><\/table><\/figure>\n\n\n\n<p class=\"wp-block-paragraph\">Die letzte Zeile verdient mehr Aufmerksamkeit, als ihr normalerweise zuteilwird.<\/p>\n\n\n\n<h2 class=\"wp-block-heading\">Das beste Portfolio ist nicht das mit den perfektesten F\u00e4llen<\/h2>\n\n\n\n<p class=\"wp-block-paragraph\">Eine Ausstellungsfl\u00e4che mit zehn Vitrinen in Bleach-Farbe sagt mir weniger, als die meisten K\u00e4ufer annehmen.<\/p>\n\n\n\n<p class=\"wp-block-paragraph\">Diese F\u00e4lle k\u00f6nnen Konsistenz belegen.<\/p>\n\n\n\n<p class=\"wp-block-paragraph\">Aber sie stellen nicht immer die gr\u00f6\u00dfte \u00e4sthetische Herausforderung dar.<\/p>\n\n\n\n<p class=\"wp-block-paragraph\">Ich m\u00f6chte schwierige F\u00e4lle sehen.<\/p>\n\n\n\n<h3 class=\"wp-block-heading\">Zeig mir einen einzelnen mittleren Schneidezahn<\/h3>\n\n\n\n<p class=\"wp-block-paragraph\">Einen zentralen Schneidezahn an einen unbehandelten Zahn auf der gegen\u00fcberliegenden Seite anzupassen, ist eine echte Herausforderung.<\/p>\n\n\n\n<p class=\"wp-block-paragraph\">Die neue Restaurierung muss Folgendes wiedergeben:<\/p>\n\n\n\n<ul class=\"wp-block-list\">\n<li>Wert<\/li>\n\n\n\n<li>Farbton<\/li>\n\n\n\n<li>Chroma<\/li>\n\n\n\n<li>Lichtdurchl\u00e4ssigkeit<\/li>\n\n\n\n<li>Konvexit\u00e4t des Gesichts<\/li>\n\n\n\n<li>Linienwinkelposition<\/li>\n\n\n\n<li>Inzisale Auswirkungen<\/li>\n\n\n\n<li>Oberfl\u00e4chenstruktur<\/li>\n\n\n\n<li>Glanz<\/li>\n\n\n\n<li>Scheinbare Breite<\/li>\n\n\n\n<li>Abnutzungsbild<\/li>\n<\/ul>\n\n\n\n<p class=\"wp-block-paragraph\">Es gibt keine M\u00f6glichkeit, die Diskrepanz auszugleichen.<\/p>\n\n\n\n<p class=\"wp-block-paragraph\">Wenn ich versuche, die tats\u00e4chliche \u00e4sthetische Kompetenz eines Labors einzusch\u00e4tzen, sagt mir ein \u00fcberzeugender Fall mit einer zentralen Frontzahnrestauration mehr als zwanzig einheitliche Smile-Makeovers.<\/p>\n\n\n\n<h3 class=\"wp-block-heading\">Zeigen Sie mir eine Einzelzahn-Nachfertigung in einer bestehenden Verblendungsversorgung<\/h3>\n\n\n\n<p class=\"wp-block-paragraph\">Das ist sogar noch aufschlussreicher.<\/p>\n\n\n\n<p class=\"wp-block-paragraph\">Die vorhandene Keramik hat bereits eine eigene optische Identit\u00e4t entwickelt. Die Ersatzverblendung muss nicht nur dem Farbziel entsprechen, sondern auch der Kontur, der gealterten Oberfl\u00e4chenbeschaffenheit, der Lichtreflexion, der Charakterisierung und dem optischen Rhythmus der umgebenden Restaurationen.<\/p>\n\n\n\n<p class=\"wp-block-paragraph\">Aus diesem Grund <a href=\"https:\/\/artistdentallab.com\/de\/replacing-one-veneer-in-a-multi-unit-case-shade-and-texture-matching-strategies\/\">Ersetzen einer Verblendung bei einer mehrgliedrigen Versorgung<\/a> ist ein \u00e4u\u00dferst n\u00fctzliches Vergleichskriterium f\u00fcr Kliniken, die einen Laborpartner bewerten.<\/p>\n\n\n\n<p class=\"wp-block-paragraph\">Ein Labor, das dies konsequent umsetzt, beweist damit Beobachtungsdisziplin.<\/p>\n\n\n\n<p class=\"wp-block-paragraph\">Nicht nur die Fertigungskapazit\u00e4t.<\/p>\n\n\n\n<h3 class=\"wp-block-heading\">Zeige mir verschiedene Ausgangsbedingungen<\/h3>\n\n\n\n<p class=\"wp-block-paragraph\">Ich m\u00f6chte auch Abwechslung sehen:<\/p>\n\n\n\n<p class=\"wp-block-paragraph\">F\u00e4lle mit vorwiegend nat\u00fcrlichem Zahnschmelz.<\/p>\n\n\n\n<p class=\"wp-block-paragraph\">Dunkle Untergr\u00fcnde.<\/p>\n\n\n\n<p class=\"wp-block-paragraph\">Restaurierte Z\u00e4hne.<\/p>\n\n\n\n<p class=\"wp-block-paragraph\">Unterschiedliche Zahnproportionen.<\/p>\n\n\n\n<p class=\"wp-block-paragraph\">Hohe Lachfalten.<\/p>\n\n\n\n<p class=\"wp-block-paragraph\">\u00c4ltere Patienten.<\/p>\n\n\n\n<p class=\"wp-block-paragraph\">J\u00fcngere Patienten.<\/p>\n\n\n\n<p class=\"wp-block-paragraph\">Gesichtsformen bei M\u00e4nnern und Frauen.<\/p>\n\n\n\n<p class=\"wp-block-paragraph\">Feldspathaltige F\u00e4lle.<\/p>\n\n\n\n<p class=\"wp-block-paragraph\">F\u00e4lle mit Lithiumdisilikat.<\/p>\n\n\n\n<p class=\"wp-block-paragraph\">F\u00e4lle mit minimalem Vorbereitungsaufwand.<\/p>\n\n\n\n<p class=\"wp-block-paragraph\">St\u00e4rker pr\u00e4parierte Z\u00e4hne.<\/p>\n\n\n\n<p class=\"wp-block-paragraph\">Warum?<\/p>\n\n\n\n<p class=\"wp-block-paragraph\">Denn nicht bei jedem Patienten sollte genau dasselbe Veneer-Design zum Einsatz kommen.<\/p>\n\n\n\n<figure class=\"wp-block-image size-full\"><img decoding=\"async\" width=\"735\" height=\"418\" src=\"https:\/\/artistdentallab.com\/wp-content\/uploads\/2026\/08\/What-Veneer-Case-Photos-Reveal-About-a-Labs-True-Esthetic-Skill-3.jpg\" alt=\"Was Fotos von Veneer-F\u00e4llen \u00fcber die tats\u00e4chliche \u00e4sthetische Kompetenz eines Labors verraten\" class=\"wp-image-1639\" title=\"\" srcset=\"https:\/\/artistdentallab.com\/wp-content\/uploads\/2026\/08\/What-Veneer-Case-Photos-Reveal-About-a-Labs-True-Esthetic-Skill-3.jpg 735w, https:\/\/artistdentallab.com\/wp-content\/uploads\/2026\/08\/What-Veneer-Case-Photos-Reveal-About-a-Labs-True-Esthetic-Skill-3-300x171.jpg 300w, https:\/\/artistdentallab.com\/wp-content\/uploads\/2026\/08\/What-Veneer-Case-Photos-Reveal-About-a-Labs-True-Esthetic-Skill-3-18x10.jpg 18w, https:\/\/artistdentallab.com\/wp-content\/uploads\/2026\/08\/What-Veneer-Case-Photos-Reveal-About-a-Labs-True-Esthetic-Skill-3-500x284.jpg 500w, https:\/\/artistdentallab.com\/wp-content\/uploads\/2026\/08\/What-Veneer-Case-Photos-Reveal-About-a-Labs-True-Esthetic-Skill-3-600x341.jpg 600w\" sizes=\"(max-width: 735px) 100vw, 735px\" \/><figcaption class=\"wp-element-caption\">Was Fotos von Veneer-F\u00e4llen \u00fcber die tats\u00e4chliche \u00e4sthetische Kompetenz eines Labors verraten<\/figcaption><\/figure>\n\n\n\n<h2 class=\"wp-block-heading\">Die Qualit\u00e4t der Fotos ist wichtig \u2013 doch teure Kameras bedeuten nicht automatisch bessere Beweismittel<\/h2>\n\n\n\n<p class=\"wp-block-paragraph\">Hier ist eine bittere Wahrheit f\u00fcr alle, die sich Vorher-Nachher-Galerien zu Porzellan-Veneers ansehen:<\/p>\n\n\n\n<p class=\"wp-block-paragraph\">Ein sch\u00f6nes Foto ist nicht automatisch auch ein genaues Foto.<\/p>\n\n\n\n<p class=\"wp-block-paragraph\">Bei der Bildbearbeitung k\u00f6nnen Belichtung, Wei\u00dfabgleich, Kontrast, Sch\u00e4rfe, S\u00e4ttigung, Schatten und lokale Helligkeit angepasst werden.<\/p>\n\n\n\n<p class=\"wp-block-paragraph\">Smartphones f\u00fchren mittlerweile automatisch umfangreiche Rechenvorg\u00e4nge durch.<\/p>\n\n\n\n<p class=\"wp-block-paragraph\">DSLR-Dateien lassen sich im Nachhinein ebenso intensiv bearbeiten.<\/p>\n\n\n\n<p class=\"wp-block-paragraph\">Mir ist es also weniger wichtig, ob das Labor von \u201cDSLR-Fotografie\u201d spricht, sondern vielmehr, ob das Verfahren kontrolliert erscheint.<\/p>\n\n\n\n<p class=\"wp-block-paragraph\">A <strong>Systematische \u00dcbersichtsarbeit aus dem Jahr 2026 von Forschern der Universit\u00e4t Hongkong<\/strong> enthalten <strong>acht Studien<\/strong> Vergleich von Smartphone- und DSLR-Methoden zur Farbbestimmung bei Zahnrestaurationen: drei In-vivo-Studien, drei In-vitro-Studien und zwei Studien, bei denen beide Versuchsbedingungen zum Einsatz kamen. In sieben Studien wurden CIELAB-Farbdifferenzmessungen verwendet. Die Gutachter konnten kein Ger\u00e4t als eindeutigen Sieger ausmachen und betonten die Bedeutung der Standardisierung von Beleuchtung, Kalibrierung, Kameraeinstellungen und Bildaufnahme.<\/p>\n\n\n\n<p class=\"wp-block-paragraph\">Diese Erkenntnis ist von Bedeutung.<\/p>\n\n\n\n<p class=\"wp-block-paragraph\">Die Kamera ist nicht das, was das K\u00f6nnen ausmacht.<\/p>\n\n\n\n<p class=\"wp-block-paragraph\">Das Protokoll lautet wie folgt:.<\/p>\n\n\n\n<p class=\"wp-block-paragraph\">Eine separate Studie aus dem Jahr 2024 zur kalibrierten digitalen Zahnfotografie ergab eine hohe Konsistenz, wobei <strong>Cronbach-\u03b1-Werte von etwa 0,94\u20130,96<\/strong> wegen seines kalibrierten \u201cCapture-to-Edit\u201d-Workflows, der den Nutzen einer kontrollierten Fotografie f\u00fcr die vergleichende Farbkartierung unterstreicht, auch wenn Abweichungen gegen\u00fcber den spektralphotometrischen Messungen bestehen blieben.<\/p>\n\n\n\n<p class=\"wp-block-paragraph\">Eine systematische \u00dcbersichtsarbeit und Metaanalyse, in der verschiedene Methoden zur Farbauswahl untersucht wurden, ergab, dass die digitale fotografische Farbanpassung im Vergleich zu herk\u00f6mmlichen visuellen Verfahren in den einbezogenen Studien die Farbunterschiede verringerte, wobei die fotografische Untergruppe eine statistisch signifikante Verbesserung aufwies.<\/p>\n\n\n\n<p class=\"wp-block-paragraph\">Die Lehre daraus lautet nicht: \u201cKauf dir eine bessere Kamera.\u201d<\/p>\n\n\n\n<p class=\"wp-block-paragraph\">Es geht darum, \u201cdie Variablen zu kontrollieren\u201d.\u201d<\/p>\n\n\n\n<h2 class=\"wp-block-heading\">Wie ich beurteile, ob Fotos von Veneer-Behandlungen glaubw\u00fcrdig sind<\/h2>\n\n\n\n<p class=\"wp-block-paragraph\">Wenn ich eine Laborgalerie bewerte, achte ich auf die Reproduzierbarkeit.<\/p>\n\n\n\n<p class=\"wp-block-paragraph\">Nicht Perfektion.<\/p>\n\n\n\n<h3 class=\"wp-block-heading\">1. Wurden die Vorher- und Nachher-Fotos aus \u00e4hnlichen Blickwinkeln aufgenommen?<\/h3>\n\n\n\n<p class=\"wp-block-paragraph\">Wenn das pr\u00e4operative Foto aus einer niedrigen Position und aus n\u00e4chster N\u00e4he aufgenommen wird, w\u00e4hrend das postoperative Bild aus einer h\u00f6heren Position, aus gr\u00f6\u00dferer Entfernung und mit einer l\u00e4ngeren Brennweite aufgenommen wird, lassen sich die Proportionen nur schwer vergleichen.<\/p>\n\n\n\n<p class=\"wp-block-paragraph\">Die Verbesserung k\u00f6nnte tats\u00e4chlich vorhanden sein.<\/p>\n\n\n\n<p class=\"wp-block-paragraph\">Die Dokumentation ist jedoch unzureichend.<\/p>\n\n\n\n<h3 class=\"wp-block-heading\">2. Ist die Beleuchtung gleichm\u00e4\u00dfig?<\/h3>\n\n\n\n<p class=\"wp-block-paragraph\">Ein unter warmem Umgebungslicht und ein unter starkem, kreuzpolarisiertem Blitzlicht aufgenommenes Bild lassen sich hinsichtlich der Farbqualit\u00e4t nicht direkt miteinander vergleichen.<\/p>\n\n\n\n<p class=\"wp-block-paragraph\">Eine seri\u00f6se Galerie sollte zwischen Fotografien, die Farben darstellen sollen, und solchen, die die Oberfl\u00e4chenmorphologie zeigen sollen, unterscheiden.<\/p>\n\n\n\n<h3 class=\"wp-block-heading\">3. Gibt es zur\u00fcckgezogene Ansichten?<\/h3>\n\n\n\n<p class=\"wp-block-paragraph\">Portr\u00e4ts mit breitem L\u00e4cheln eignen sich hervorragend zur Beurteilung der Gesichtsintegration.<\/p>\n\n\n\n<p class=\"wp-block-paragraph\">Sie eignen sich \u00fcberhaupt nicht zur \u00dcberpr\u00fcfung von R\u00e4ndern, Kontaktzonen, Textur, \u00dcberg\u00e4ngen zum Zahnhals und der Einheitlichkeit der einzelnen Einheiten.<\/p>\n\n\n\n<p class=\"wp-block-paragraph\">Ich m\u00f6chte beides.<\/p>\n\n\n\n<h3 class=\"wp-block-heading\">4. Sind Nahaufnahmen zu perfekt?<\/h3>\n\n\n\n<p class=\"wp-block-paragraph\">Die intensive Hautgl\u00e4ttung ist deutlich erkennbar.<\/p>\n\n\n\n<p class=\"wp-block-paragraph\">Aggressive Keramikbearbeitung ist unter Umst\u00e4nden schwerer zu erkennen.<\/p>\n\n\n\n<p class=\"wp-block-paragraph\">Achten Sie auf die Zahnfleischstruktur, winzige Glanzpunkte, Speichelreflexe, Schneidekanten und den angrenzenden Zahnschmelz. Wenn lokale Details im Bereich der Restaurationen selektiv verschwinden, werde ich vorsichtig.<\/p>\n\n\n\n<h3 class=\"wp-block-heading\">5. Zeigt das Portfolio jedes Mal denselben keramischen Stil?<\/h3>\n\n\n\n<p class=\"wp-block-paragraph\">Das ist mein Lieblingstest.<\/p>\n\n\n\n<p class=\"wp-block-paragraph\">Sehen Sie sich zehn F\u00e4lle kurz an.<\/p>\n\n\n\n<p class=\"wp-block-paragraph\">Haben sie alle die gleiche Form der mittleren Schneidez\u00e4hne?<\/p>\n\n\n\n<p class=\"wp-block-paragraph\">Derselbe Schneidehalo?<\/p>\n\n\n\n<p class=\"wp-block-paragraph\">Die gleiche horizontale Struktur?<\/p>\n\n\n\n<p class=\"wp-block-paragraph\">Gleiche Schie\u00dfschartenabfolge?<\/p>\n\n\n\n<p class=\"wp-block-paragraph\">Gleicher Bleichwert?<\/p>\n\n\n\n<p class=\"wp-block-paragraph\">Auch diese seitlichen Schneidez\u00e4hne sind perfekt abgerundet?<\/p>\n\n\n\n<p class=\"wp-block-paragraph\">Falls ja, ist das Labor m\u00f6glicherweise fachlich kompetent.<\/p>\n\n\n\n<p class=\"wp-block-paragraph\">Ich w\u00fcrde jedoch bezweifeln, dass es darum geht, Patienten zu gestalten oder den eigenen Hausstil zu reproduzieren.<\/p>\n\n\n\n<h2 class=\"wp-block-heading\">Die \u00e4sthetische Kompetenz eines Labors h\u00e4ngt auch davon ab, was die Praxis einschickt<\/h2>\n\n\n\n<p class=\"wp-block-paragraph\">Es gibt noch ein weiteres heikles Thema.<\/p>\n\n\n\n<p class=\"wp-block-paragraph\">Das Labor kann keine Informationen erstellen, die es nie erh\u00e4lt.<\/p>\n\n\n\n<p class=\"wp-block-paragraph\">Man kann nicht einfach \u201cA1, naturfarben, leicht durchscheinend\u201d angeben und sich sp\u00e4ter dar\u00fcber beschweren, dass den Restaurationen der individuelle Charakter fehlt.<\/p>\n\n\n\n<p class=\"wp-block-paragraph\">Aufgrund dieser Vorgabe bleibt dem Techniker nichts anderes \u00fcbrig, als zu raten, was Folgendes betrifft:<\/p>\n\n\n\n<ul class=\"wp-block-list\">\n<li>Stumpfschatten<\/li>\n\n\n\n<li>Wertverteilung<\/li>\n\n\n\n<li>Transluzenz an der Schneidekante<\/li>\n\n\n\n<li>Oberfl\u00e4chenstruktur<\/li>\n\n\n\n<li>Gew\u00fcnschter Glanzgrad<\/li>\n\n\n\n<li>Zahnl\u00e4nge<\/li>\n\n\n\n<li>Leitungswinkel<\/li>\n\n\n\n<li>Beweglichkeit der Lippen<\/li>\n\n\n\n<li>Mittellinie<\/li>\n\n\n\n<li>Neigung des Gesichts<\/li>\n\n\n\n<li>Genehmigte vorl\u00e4ufige Form<\/li>\n\n\n\n<li>Zementstrategie<\/li>\n<\/ul>\n\n\n\n<p class=\"wp-block-paragraph\">Der Leitfaden von Artist Dental Lab zu <a href=\"https:\/\/artistdentallab.com\/de\/writing-a-veneer-lab-prescription-for-natural-texture-and-light-behavior\/\">Ausstellung einer Verblendungslabor-Verordnung f\u00fcr nat\u00fcrliche Textur und Lichtverhalten<\/a> bringt diese Unterscheidung besonders gut auf den Punkt: Die Vorgabe sollte eher wie eine Fertigungsanweisung als wie eine Farbanforderung funktionieren.<\/p>\n\n\n\n<p class=\"wp-block-paragraph\">Ich stimme diesem Ansatz zu.<\/p>\n\n\n\n<p class=\"wp-block-paragraph\">Gute Laborarbeit basiert auf Zusammenarbeit.<\/p>\n\n\n\n<p class=\"wp-block-paragraph\">Ein Techniker mag zwar \u00fcber ein au\u00dfergew\u00f6hnliches Gesp\u00fcr f\u00fcr Keramik verf\u00fcgen, doch selbst mit noch so viel k\u00fcnstlerischem Geschick l\u00e4sst sich eine Zahnstumpf-Farbe, die nie fotografiert wurde, oder eine Lippenposition, die nie dokumentiert wurde, nicht rekonstruieren.<\/p>\n\n\n\n<p class=\"wp-block-paragraph\">Wenn ich also anhand eines Fotos eines missgl\u00fcckten Falls die Qualit\u00e4t eines Veneer-Labors beurteile, stelle ich immer eine zweite Frage:<\/p>\n\n\n\n<p class=\"wp-block-paragraph\">Welche Informationen hat das Labor erhalten?<\/p>\n\n\n\n<p class=\"wp-block-paragraph\">Das ist fairer \u2013 und sinnvoller \u2013, als automatisch der Keramikbank die Schuld zu geben.<\/p>\n\n\n\n<h2 class=\"wp-block-heading\">Fotos von F\u00e4llen k\u00f6nnen nicht alles beweisen<\/h2>\n\n\n\n<p class=\"wp-block-paragraph\">An dieser Stelle gehen Marketing und Einkauf oft getrennte Wege.<\/p>\n\n\n\n<p class=\"wp-block-paragraph\">Fallfotos k\u00f6nnen Aufschluss \u00fcber das \u00e4sthetische Urteilsverm\u00f6gen geben.<\/p>\n\n\n\n<p class=\"wp-block-paragraph\">Sie k\u00f6nnen die Passgenauigkeit, die Haftqualit\u00e4t, die mechanische Zuverl\u00e4ssigkeit, die okklusale Genauigkeit, die Randintegrit\u00e4t oder die langfristige Lebensdauer nicht vollst\u00e4ndig nachweisen.<\/p>\n\n\n\n<p class=\"wp-block-paragraph\">Eine Restaurierung kann am Tag der \u00dcbergabe fotografisch hervorragend aussehen und dennoch technisch mangelhaft ausgef\u00fchrt sein.<\/p>\n\n\n\n<p class=\"wp-block-paragraph\">Umgekehrt kann eine klinisch hervorragende Restauration auf einem schlecht belichteten Foto mittelm\u00e4\u00dfig aussehen.<\/p>\n\n\n\n<p class=\"wp-block-paragraph\">Untersuchungen zu Verblendschalen aus Porzellan verdeutlichen, warum diese Themen getrennt betrachtet werden sollten. Eine systematische \u00dcbersichtsarbeit, die sich mit <strong>30 klinische Ver\u00f6ffentlichungen<\/strong> berichteten von allgemein hohen Erfolgsraten und vorhersehbaren Ergebnissen bei Porzellan-Laminat-Veneers, wiesen jedoch gleichzeitig auf erhebliche Unterschiede im Studiendesign sowie auf begrenzte Evidenz hin, die \u00fcber einen Zeitraum von 20 Jahren hinausgeht.<\/p>\n\n\n\n<p class=\"wp-block-paragraph\">Deshalb w\u00fcrde ich ein Labor f\u00fcr \u00e4sthetische Zahnmedizin niemals allein aufgrund von Fotos im Instagram-Stil ausw\u00e4hlen.<\/p>\n\n\n\n<p class=\"wp-block-paragraph\">Ich w\u00fcrde die Fotos als eine Beweisebene heranziehen.<\/p>\n\n\n\n<p class=\"wp-block-paragraph\">Dann w\u00fcrde ich den Arbeitsablauf bewerten.<\/p>\n\n\n\n<h2 class=\"wp-block-heading\">Wie man ein Dentallabor \u00fcber seine Veneer-Galerie hinaus bewertet<\/h2>\n\n\n\n<p class=\"wp-block-paragraph\">Wenn Sie Labore ernsthaft miteinander vergleichen m\u00f6chten, sollten Sie mehr als nur \u201eHero-Shots\u201c anfordern.<\/p>\n\n\n\n<p class=\"wp-block-paragraph\">Fragen Sie nach:<\/p>\n\n\n\n<ol class=\"wp-block-list\">\n<li>Postoperative Aufnahmen des gesamten Gesichts<\/li>\n\n\n\n<li>Postoperative Fotos mit zur\u00fcckgezogener Zunge<\/li>\n\n\n\n<li>Makroaufnahmen der mittleren Schneidez\u00e4hne<\/li>\n\n\n\n<li>Bilder mit schr\u00e4gem Lichteinfall, die die Textur zeigen<\/li>\n\n\n\n<li>Bilder mit Kreuzpolarisation, sofern verf\u00fcgbar<\/li>\n\n\n\n<li>F\u00e4lle mit Einzelzahn im Frontzahnbereich<\/li>\n\n\n\n<li>F\u00e4lle mit mehrgliedrigen Verblendungen<\/li>\n\n\n\n<li>F\u00e4lle mit dunklem Substrat<\/li>\n\n\n\n<li>F\u00e4lle mit unterschiedlichen Keramiksystemen<\/li>\n\n\n\n<li>F\u00e4lle, die mehrere Wochen oder Monate nach der Entbindung fotografiert wurden<\/li>\n\n\n\n<li>Beispiele f\u00fcr Furnierrezepte<\/li>\n\n\n\n<li>Beispiele f\u00fcr die Kommunikation im Schatten eines Baumstumpfs<\/li>\n\n\n\n<li>Beispiele f\u00fcr Korrektur- oder \u00dcberarbeitungsabl\u00e4ufe<\/li>\n<\/ol>\n\n\n\n<p class=\"wp-block-paragraph\">Stellen Sie dann technische Fragen.<\/p>\n\n\n\n<p class=\"wp-block-paragraph\">Welche Keramik wurde verwendet?<\/p>\n\n\n\n<p class=\"wp-block-paragraph\">Um welchen Dickenbereich handelte es sich?<\/p>\n\n\n\n<p class=\"wp-block-paragraph\">Handelte es sich um ein monolithisches, ein reduziertes oder ein vollst\u00e4ndig geschichtetes Geh\u00e4use?<\/p>\n\n\n\n<p class=\"wp-block-paragraph\">Wie wurde der Schatten des Baumstumpfs dargestellt?<\/p>\n\n\n\n<p class=\"wp-block-paragraph\">Wurde die Oberfl\u00e4che glasiert, maschinell poliert oder beides?<\/p>\n\n\n\n<p class=\"wp-block-paragraph\">Welcher Entwurfsentwurf wurde endg\u00fcltig genehmigt?<\/p>\n\n\n\n<p class=\"wp-block-paragraph\">Wurde der Patient vor der Dehydrierung fotografiert?<\/p>\n\n\n\n<p class=\"wp-block-paragraph\">Was geschah, wenn eine Einheit nicht \u00fcbereinstimmte?<\/p>\n\n\n\n<p class=\"wp-block-paragraph\">Ein Labor, das genau diese Fragen beantwortet, finde ich weitaus interessanter als eines, das sagt: \u201cWir stellen hochwertige Furniere her.\u201d<\/p>\n\n\n\n<p class=\"wp-block-paragraph\">\u201ePremium\u201c ist ein Marketingbegriff.<\/p>\n\n\n\n<p class=\"wp-block-paragraph\">Der Prozess kann \u00fcberpr\u00fcft werden.<\/p>\n\n\n\n<h2 class=\"wp-block-heading\">Die Warnsignale, die ich nicht ignorieren w\u00fcrde<\/h2>\n\n\n\n<p class=\"wp-block-paragraph\">Manche Warnzeichen sind offensichtlich.<\/p>\n\n\n\n<p class=\"wp-block-paragraph\">Andere kommen \u00fcberraschend h\u00e4ufig vor.<\/p>\n\n\n\n<h3 class=\"wp-block-heading\">Jedes Etui ist strahlend wei\u00df<\/h3>\n\n\n\n<p class=\"wp-block-paragraph\">An hochwertigen Veneers ist an sich nichts auszusetzen, wenn der Patient dies w\u00fcnscht.<\/p>\n\n\n\n<p class=\"wp-block-paragraph\">Wenn ein Laborportfolio jedoch fast nichts anderes enth\u00e4lt, kann ich seine Eignung zur Nachbildung des nat\u00fcrlichen Gebisses nicht beurteilen.<\/p>\n\n\n\n<h3 class=\"wp-block-heading\">Jedes Etui weist eine grobe Struktur auf<\/h3>\n\n\n\n<p class=\"wp-block-paragraph\">Textur ist nicht gleichbedeutend mit Kunstfertigkeit.<\/p>\n\n\n\n<p class=\"wp-block-paragraph\">Manchmal erfordert Feinsinn mehr Kontrolle.<\/p>\n\n\n\n<h3 class=\"wp-block-heading\">Es gibt keine Einzelf\u00e4lle<\/h3>\n\n\n\n<p class=\"wp-block-paragraph\">Das ist kein Zeichen von Schw\u00e4che.<\/p>\n\n\n\n<p class=\"wp-block-paragraph\">Dadurch entf\u00e4llt jedoch einer der n\u00fctzlichsten Tests zur \u00e4sthetischen \u00dcbereinstimmung.<\/p>\n\n\n\n<h3 class=\"wp-block-heading\">Alle Fotos sind mit dramatischen Filtern bearbeitet<\/h3>\n\n\n\n<p class=\"wp-block-paragraph\">Ein Portfolio sollte die zahn\u00e4rztliche Arbeit dokumentieren, nicht verbergen.<\/p>\n\n\n\n<h3 class=\"wp-block-heading\">Es werden keine wesentlichen Informationen bereitgestellt<\/h3>\n\n\n\n<p class=\"wp-block-paragraph\">Feldspatporzellan, Lithiumdisilikat und Zirkonoxid weisen nicht das gleiche optische Verhalten auf.<\/p>\n\n\n\n<p class=\"wp-block-paragraph\">Wenn jedes Produkt lediglich als \u201cPremium-Porzellan\u201d bezeichnet wird, gehen dabei n\u00fctzliche technische Informationen verloren.<\/p>\n\n\n\n<h3 class=\"wp-block-heading\">Die Z\u00e4hne sehen einander \u00e4hnlicher an als die Patienten selbst<\/h3>\n\n\n\n<p class=\"wp-block-paragraph\">Das ist das deutlichste Warnzeichen.<\/p>\n\n\n\n<p class=\"wp-block-paragraph\">Eine gute \u00e4sthetische Zahnmedizin sollte die individuellen Merkmale des Patienten widerspiegeln.<\/p>\n\n\n\n<p class=\"wp-block-paragraph\">Nicht nur Fingerabdr\u00fccke aus dem Labor.<\/p>\n\n\n\n<figure class=\"wp-block-image size-full\"><img decoding=\"async\" width=\"474\" height=\"544\" src=\"https:\/\/artistdentallab.com\/wp-content\/uploads\/2026\/08\/What-Veneer-Case-Photos-Reveal-About-a-Labs-True-Esthetic-Skill-2.jpg\" alt=\"Was Fotos von Veneer-F\u00e4llen \u00fcber die tats\u00e4chliche \u00e4sthetische Kompetenz eines Labors verraten\" class=\"wp-image-1638\" title=\"\" srcset=\"https:\/\/artistdentallab.com\/wp-content\/uploads\/2026\/08\/What-Veneer-Case-Photos-Reveal-About-a-Labs-True-Esthetic-Skill-2.jpg 474w, https:\/\/artistdentallab.com\/wp-content\/uploads\/2026\/08\/What-Veneer-Case-Photos-Reveal-About-a-Labs-True-Esthetic-Skill-2-261x300.jpg 261w, https:\/\/artistdentallab.com\/wp-content\/uploads\/2026\/08\/What-Veneer-Case-Photos-Reveal-About-a-Labs-True-Esthetic-Skill-2-10x12.jpg 10w\" sizes=\"(max-width: 474px) 100vw, 474px\" \/><\/figure>\n\n\n\n<h2 class=\"wp-block-heading\">Was das beste Dentallabor f\u00fcr Veneers vorweisen k\u00f6nnen sollte<\/h2>\n\n\n\n<p class=\"wp-block-paragraph\">Das beste Dentallabor f\u00fcr Veneers ist nicht unbedingt das Labor mit dem strahlendsten Portfolio, den eindrucksvollsten Fotos oder der l\u00e4ngsten Liste an Smile-Transformationen im Promi-Stil.<\/p>\n\n\n\n<p class=\"wp-block-paragraph\">Ich w\u00fcrde auf f\u00fcnf Dinge achten.<\/p>\n\n\n\n<h3 class=\"wp-block-heading\">Optische Beurteilung<\/h3>\n\n\n\n<p class=\"wp-block-paragraph\">Das Labor ber\u00fccksichtigt Faktoren wie Wert, Transluzenz, Opazit\u00e4t, Farbs\u00e4ttigung, den Einfluss des Stumpfes, den Einfluss des Zements und die Oberfl\u00e4chenreflexion.<\/p>\n\n\n\n<h3 class=\"wp-block-heading\">Morphologische Beurteilung<\/h3>\n\n\n\n<p class=\"wp-block-paragraph\">Das Labor steuert Proportionen, Zahnwinkel, Gesichtskontur, Zahnl\u00fccken, die Position der Schneidekante und die Zahndominanz.<\/p>\n\n\n\n<h3 class=\"wp-block-heading\">Wesentliches Urteil<\/h3>\n\n\n\n<p class=\"wp-block-paragraph\">Das Labor schreibt nicht f\u00fcr jedes Substrat und jede funktionelle Situation dieselbe Keramik vor.<\/p>\n\n\n\n<h3 class=\"wp-block-heading\">Fotografische Disziplin<\/h3>\n\n\n\n<p class=\"wp-block-paragraph\">Die Fallfotos sind so reproduzierbar, dass ein aussagekr\u00e4ftiger Vergleich m\u00f6glich ist.<\/p>\n\n\n\n<h3 class=\"wp-block-heading\">Kommunikationswissenschaft<\/h3>\n\n\n\n<p class=\"wp-block-paragraph\">Der Techniker fragt nach fehlenden Unterlagen, anstatt sie einfach stillschweigend zu erfinden.<\/p>\n\n\n\n<p class=\"wp-block-paragraph\">Diese letzte Eigenschaft wird untersch\u00e4tzt.<\/p>\n\n\n\n<p class=\"wp-block-paragraph\">Manchmal lautet die fundierteste Antwort, die ein Labor geben kann:<\/p>\n\n\n\n<p class=\"wp-block-paragraph\">\u201cWir brauchen noch ein Foto, bevor wir weitermachen.\u201d<\/p>\n\n\n\n<h2 class=\"wp-block-heading\">FAQs<\/h2>\n\n\n\n<h3 class=\"wp-block-heading\">Was sagen Fotos von Veneer-F\u00e4llen \u00fcber die Qualit\u00e4t eines Dentallabors aus?<\/h3>\n\n\n\n<p class=\"wp-block-paragraph\">Fotos von Veneer-F\u00e4llen verdeutlichen, wie ein Labor die Zahnproportionen, den Helligkeitswert, die Transluzenz, die Oberfl\u00e4chenstruktur, die Charakterisierung der Schneidez\u00e4hne, die Linienwinkel, die Symmetrie, die Integration in das Zahnfleisch sowie das patientenspezifische Design. Gleichzeitig zeigen sie, ob die \u00e4sthetischen Ergebnisse nicht nur auf hochglanzpolierten L\u00e4cheln-Portr\u00e4ts, sondern auch bei Nahaufnahmen, Aufnahmen mit zur\u00fcckgezogenem Zahnfleisch, Frontalaufnahmen und Aufnahmen mit gerichtetem Licht \u00fcberzeugend bleiben.<\/p>\n\n\n\n<p class=\"wp-block-paragraph\">Sie sind daher f\u00fcr die Bewertung eines Labors f\u00fcr \u00e4sthetische Zahnmedizin von gro\u00dfem Wert, sollten jedoch mit Informationen zur Materialauswahl, zur Fallbesprechung, zur Passgenauigkeit, zur Qualit\u00e4tskontrolle und zum langfristigen Arbeitsablauf kombiniert werden.<\/p>\n\n\n\n<h3 class=\"wp-block-heading\">Woran erkenne ich, ob Vorher-Nachher-Fotos von Porzellan-Veneers von hoher Qualit\u00e4t sind?<\/h3>\n\n\n\n<p class=\"wp-block-paragraph\">Hochwertige Vorher-Nachher-Fotos von Porzellan-Veneers zeichnen sich durch vergleichbare Kamerawinkel, wiederholbare Belichtung, kontrollierten Wei\u00dfabgleich, einheitliche Vergr\u00f6\u00dferung, nat\u00fcrliche Gesichtsrahmung, zur\u00fcckgezogene klinische Ansichten und eine ausreichende Aufl\u00f6sung aus, um zervikale \u00dcberg\u00e4nge, Effekte an den Schneidez\u00e4hnen, Oberfl\u00e4chenstruktur, Linien- und Winkelreflexionen, Symmetrie sowie benachbarte Z\u00e4hne zu begutachten, ohne auf dramatische Filter oder irref\u00fchrende Perspektivver\u00e4nderungen zur\u00fcckgreifen zu m\u00fcssen.<\/p>\n\n\n\n<p class=\"wp-block-paragraph\">Die besten Galerien zeigen in der Regel mehrere fotografische Ansichten, anstatt sich auf ein einziges schmeichelhaftes Bild mit strahlendem L\u00e4cheln zu beschr\u00e4nken.<\/p>\n\n\n\n<h3 class=\"wp-block-heading\">Worauf sollte ich bei Veneer-Auftr\u00e4gen f\u00fcr Dentallabore achten?<\/h3>\n\n\n\n<p class=\"wp-block-paragraph\">Die vom Dentallabor angefertigten Veneer-F\u00e4lle sollten glaubw\u00fcrdige Proportionen der mittleren Schneidez\u00e4hne, eine kontrollierte Helligkeit, fallbezogene Transluzenz an der Schneidekante, eine zur\u00fcckhaltende Oberfl\u00e4chenstruktur, einen nat\u00fcrlichen Verlauf der Zahnzwischenr\u00e4ume, einen angemessenen Charakter der seitlichen Schneidez\u00e4hne und Eckz\u00e4hne, eine konsistente Integration in das Zahnfleisch sowie ausreichende Unterschiede zwischen den Patienten, um zu belegen, dass das Labor jedes L\u00e4cheln individuell gestaltet, anstatt wiederholt auf eine Standard-Zahnbibliothek zur\u00fcckzugreifen.<\/p>\n\n\n\n<p class=\"wp-block-paragraph\">Ich w\u00fcrde Einzelzahnrestaurationen, einteiligen Zahnersatz, dunkle Substrate, F\u00e4lle mit minimaler Pr\u00e4paration sowie Restaurationen, die an nat\u00fcrliche Z\u00e4hne angepasst sind, besonders ber\u00fccksichtigen.<\/p>\n\n\n\n<h3 class=\"wp-block-heading\">Sind Fotos von besonders wei\u00dfen Verblendungen ein Beweis f\u00fcr ein kompetentes Dentallabor f\u00fcr \u00e4sthetische Zahnmedizin?<\/h3>\n\n\n\n<p class=\"wp-block-paragraph\">Fotos von sehr wei\u00dfen Veneers zeugen von einem gew\u00e4hlten \u00e4sthetischen Ergebnis, sind jedoch kein Beweis f\u00fcr \u00fcberragende handwerkliche F\u00e4higkeiten im Dentallabor, da auch hochwertige Keramik unter Umst\u00e4nden schlechte Proportionen, \u00fcberm\u00e4\u00dfige Opazit\u00e4t, flache Gesichtskonturen, einen einheitlichen Glanz, eine generische Textur, eine schwache Charakterisierung der Schneidez\u00e4hne oder eine unangemessene Integration in die Lippen, Zahnfleisch, Gesicht, Alter und dem verbleibenden nat\u00fcrlichen Gebiss des Patienten.<\/p>\n\n\n\n<p class=\"wp-block-paragraph\">Die gr\u00f6\u00dfere Herausforderung besteht darin, zu pr\u00fcfen, ob das Labor sowohl auff\u00e4llige kosmetische Versorgungen als auch dezente Restaurationen herstellen kann, die neben den nat\u00fcrlichen Z\u00e4hnen kaum auffallen.<\/p>\n\n\n\n<h3 class=\"wp-block-heading\">K\u00f6nnen Fotos von Veneer-F\u00e4llen belegen, dass ein Dentallabor langlebige Restaurationen herstellt?<\/h3>\n\n\n\n<p class=\"wp-block-paragraph\">Fotos von Veneer-Behandlungen k\u00f6nnen die langfristige Haltbarkeit nicht belegen, da Fotos in erster Linie die sichtbaren \u00e4sthetischen Ergebnisse zu einem bestimmten Zeitpunkt dokumentieren, w\u00e4hrend die Haltbarkeit der Restauration auch von der Pr\u00e4parationsgestaltung, der verf\u00fcgbaren Schmelzmenge, der Haftung, der Keramikst\u00e4rke, der Okklusion, der Parafunktion, der Zementiertechnik, der Randqualit\u00e4t, dem Verhalten des Patienten, der Materialauswahl und der klinischen Nachsorge abh\u00e4ngt \u2013 Faktoren, die auf einem Portfoliobild m\u00f6glicherweise nicht erkennbar sind.<\/p>\n\n\n\n<p class=\"wp-block-paragraph\">Beurteilen Sie anhand von Fotos die sichtbare \u00e4sthetische Qualit\u00e4t und untersuchen Sie anschlie\u00dfend separat den klinischen Arbeitsablauf und die technische Qualit\u00e4t.<\/p>\n\n\n\n<h3 class=\"wp-block-heading\">Wie kann ich ein Dentallabor beurteilen, bevor ich meinen ersten Fall mit Veneers einschicke?<\/h3>\n\n\n\n<p class=\"wp-block-paragraph\">Um ein Dentallabor vor der \u00dcbermittlung eines Veneer-Falls zu bewerten, muss man sich verschiedene Fallfotos ansehen, Einzel- und Mehrfachversorgungen im Frontzahnbereich begutachten, nachfragen, welche Keramiksysteme verwendet wurden, pr\u00fcfen, wie die Stumpf-Farbangaben und die fotografischen Unterlagen \u00fcbermittelt werden, die Verschreibungsanforderungen \u00fcberpr\u00fcfen, die Korrekturverfahren verstehen und testen, ob die Zahntechniker gezielte Fragen stellen, wenn die \u00fcbermittelten Unterlagen unvollst\u00e4ndig oder widerspr\u00fcchlich sind.<\/p>\n\n\n\n<p class=\"wp-block-paragraph\">Ein Fall aus einer kontrollierten Studie liefert in der Regel aussagekr\u00e4ftigere Informationen, als wenn man einen Anbieter allein anhand von Marketingaussagen beurteilt.<\/p>\n\n\n\n<h3 class=\"wp-block-heading\">Lassen sich mit Smartphones oder DSLR-Kameras bessere Fotos von Furniergeh\u00e4usen machen?<\/h3>\n\n\n\n<p class=\"wp-block-paragraph\">Sowohl Smartphones als auch DSLR-Kameras k\u00f6nnen n\u00fctzliche Dokumentationen von Zahnverblendungen liefern, wenn Beleuchtung, Kalibrierung, Belichtung, Entfernung, Ausrichtung und Bildverarbeitung standardisiert sind. Aktuelle Forschungsergebnisse st\u00fctzen nicht die Annahme, dass eine bestimmte Kamerakategorie automatisch genauere Informationen zur Zahnfarbe liefert, unabh\u00e4ngig davon, wie das Foto aufgenommen, kalibriert, verarbeitet, angezeigt und interpretiert wird.<\/p>\n\n\n\n<p class=\"wp-block-paragraph\">F\u00fcr die labortechnische Auswertung ist die Einheitlichkeit des Aufnahmeprotokolls wichtiger als das Kamerasymbol.<\/p>\n\n\n\n<h3 class=\"wp-block-heading\">Was ist das gr\u00f6\u00dfte Warnzeichen im Portfolio eines Veneer-Labors?<\/h3>\n\n\n\n<p class=\"wp-block-paragraph\">Das gr\u00f6\u00dfte Warnzeichen im Portfolio eines Veneer-Labors ist eine \u00fcberm\u00e4\u00dfige Wiederholung bei nicht miteinander in Zusammenhang stehenden Patienten, bei denen die Formen der mittleren Schneidez\u00e4hne, die Bleach-Werte, die Schneidezahn-Halo-Effekte, Texturmuster, Zahnzwischenr\u00e4ume, Proportionen der seitlichen Schneidez\u00e4hne und der Oberfl\u00e4chenglanz von Fall zu Fall nahezu identisch erscheinen \u2013 was darauf hindeutet, dass eine hausinterne Vorlage m\u00f6glicherweise die patientenspezifische Beobachtung und die fallbezogene \u00e4sthetische Beurteilung ersetzt.<\/p>\n\n\n\n<p class=\"wp-block-paragraph\">Konsistenz ist w\u00fcnschenswert; Gleichf\u00f6rmigkeit hingegen nicht.<\/p>\n\n\n\n<h2 class=\"wp-block-heading\">Ihr n\u00e4chster Schritt: Testen Sie das Labor anhand eines Fallbeispiels, das tats\u00e4chlich Ihre F\u00e4higkeiten auf die Probe stellt<\/h2>\n\n\n\n<p class=\"wp-block-paragraph\">Entscheiden Sie sich nicht f\u00fcr ein Veneer-Labor, nur weil eine zehnteilige Zahnversch\u00f6nerung auf dem Handybildschirm beeindruckend aussah.<\/p>\n\n\n\n<p class=\"wp-block-paragraph\">Besch\u00e4ftige dich mit den Zentralen.<\/p>\n\n\n\n<p class=\"wp-block-paragraph\">Vergr\u00f6\u00dfern Sie die Schneidekanten.<\/p>\n\n\n\n<p class=\"wp-block-paragraph\">Folgen Sie den Reflexionen.<\/p>\n\n\n\n<p class=\"wp-block-paragraph\">Vergleichen Sie den Wert der Geb\u00e4rmutterhalsl\u00e4nge.<\/p>\n\n\n\n<p class=\"wp-block-paragraph\">Betrachten Sie die Leitungswinkel.<\/p>\n\n\n\n<p class=\"wp-block-paragraph\">Pr\u00fcfen Sie die Oberfl\u00e4che bei schr\u00e4gem Lichteinfall.<\/p>\n\n\n\n<p class=\"wp-block-paragraph\">Finde die F\u00e4lle mit nur einer Einheit.<\/p>\n\n\n\n<p class=\"wp-block-paragraph\">Achten Sie auf Patienten, bei denen nicht alle das gleiche Zahndesign erhalten.<\/p>\n\n\n\n<p class=\"wp-block-paragraph\">Und fragen Sie, welche Informationen zu diesem Ergebnis gef\u00fchrt haben.<\/p>\n\n\n\n<p class=\"wp-block-paragraph\">So w\u00fcrde ich Fotos von Veneer-F\u00e4llen bewerten.<\/p>\n\n\n\n<p class=\"wp-block-paragraph\">Falls Sie derzeit Laborpartner vergleichen, senden Sie Artist Dental Lab bitte einen repr\u00e4sentativen Fall aus dem Frontzahnbereich mit den verf\u00fcgbaren STL-Dateien, Aufzeichnungen zur Stumpf-Farbnuance, Farbfotos, Referenzbildern des L\u00e4chelns und \u00e4sthetischen Zielen \u00fcber die <a href=\"https:\/\/artistdentallab.com\/de\/contact\/\">Anfrageseite f\u00fcr Artist Dental Lab<\/a>. Nutzen Sie den ersten Fall als technischen Test: Bewerten Sie nicht nur die fertigen Verblendungen, sondern auch die Fragen, die der Techniker vor Beginn der Fertigung stellt.<\/p>\n\n\n\n<p class=\"wp-block-paragraph\">Die Fotos sind wichtig.<\/p>\n\n\n\n<p class=\"wp-block-paragraph\">Wichtiger ist die Denkweise, die dahintersteckt.<\/p>","protected":false},"excerpt":{"rendered":"<p>Eine Galerie mit makellos aussehenden Veneers kann innerhalb von Sekunden beeindrucken, doch ernsthafte K\u00e4ufer sollten genauer hinschauen. Hier erfahren Sie, wie Sie Veneer-F\u00e4lle aus dem Dentallabor auf echte keramische Fachkompetenz, optische Kontrolle, Oberfl\u00e4chenstruktur, Proportionen und ein konsistentes \u00e4sthetisches Urteilsverm\u00f6gen beurteilen k\u00f6nnen.<\/p>","protected":false},"author":1,"featured_media":1640,"comment_status":"open","ping_status":"open","sticky":false,"template":"","format":"standard","meta":{"footnotes":""},"categories":[1],"tags":[],"class_list":["post-1636","post","type-post","status-publish","format-standard","has-post-thumbnail","hentry","category-buyer-guides"],"blocksy_meta":{"styles_descriptor":{"styles":{"desktop":"","tablet":"","mobile":""},"google_fonts":[],"version":7}},"_links":{"self":[{"href":"https:\/\/artistdentallab.com\/de\/wp-json\/wp\/v2\/posts\/1636","targetHints":{"allow":["GET"]}}],"collection":[{"href":"https:\/\/artistdentallab.com\/de\/wp-json\/wp\/v2\/posts"}],"about":[{"href":"https:\/\/artistdentallab.com\/de\/wp-json\/wp\/v2\/types\/post"}],"author":[{"embeddable":true,"href":"https:\/\/artistdentallab.com\/de\/wp-json\/wp\/v2\/users\/1"}],"replies":[{"embeddable":true,"href":"https:\/\/artistdentallab.com\/de\/wp-json\/wp\/v2\/comments?post=1636"}],"version-history":[{"count":1,"href":"https:\/\/artistdentallab.com\/de\/wp-json\/wp\/v2\/posts\/1636\/revisions"}],"predecessor-version":[{"id":1641,"href":"https:\/\/artistdentallab.com\/de\/wp-json\/wp\/v2\/posts\/1636\/revisions\/1641"}],"wp:featuredmedia":[{"embeddable":true,"href":"https:\/\/artistdentallab.com\/de\/wp-json\/wp\/v2\/media\/1640"}],"wp:attachment":[{"href":"https:\/\/artistdentallab.com\/de\/wp-json\/wp\/v2\/media?parent=1636"}],"wp:term":[{"taxonomy":"category","embeddable":true,"href":"https:\/\/artistdentallab.com\/de\/wp-json\/wp\/v2\/categories?post=1636"},{"taxonomy":"post_tag","embeddable":true,"href":"https:\/\/artistdentallab.com\/de\/wp-json\/wp\/v2\/tags?post=1636"}],"curies":[{"name":"wp","href":"https:\/\/api.w.org\/{rel}","templated":true}]}}