{"id":1642,"date":"2026-08-10T06:41:29","date_gmt":"2026-08-10T06:41:29","guid":{"rendered":"https:\/\/artistdentallab.com\/"},"modified":"2026-08-10T06:43:09","modified_gmt":"2026-08-10T06:43:09","slug":"veneer-maintenance-for-long-term-gloss-texture-and-shade-stability","status":"publish","type":"post","link":"https:\/\/artistdentallab.com\/de\/veneer-maintenance-for-long-term-gloss-texture-and-shade-stability\/","title":{"rendered":"Pflege von Veneers f\u00fcr langfristige Glanz-, Struktur- und Farbstabilit\u00e4t"},"content":{"rendered":"<p class=\"wp-block-paragraph\">Ein Furnier kann zwar erhalten bleiben, aber dennoch unsch\u00f6n altern.<\/p>\n\n\n\n<p class=\"wp-block-paragraph\">Diese Unterscheidung ist wichtig, da in der Zahnmedizin der Begriff \u201c\u00dcberleben\u201d routinem\u00e4\u00dfig als Synonym f\u00fcr Erfolg verwendet wird \u2013 selbst wenn eine Restauration zwar noch fest sitzt, aber stumpfer, rauer oder an den falschen Stellen reflektierender geworden ist, an den R\u00e4ndern Verf\u00e4rbungen aufweist oder optisch nicht mehr mit den benachbarten Z\u00e4hnen harmoniert.<\/p>\n\n\n\n<p class=\"wp-block-paragraph\">Warum sollte eine Restauration allein deshalb als erfolgreich gelten, weil sie nicht gebrochen ist?<\/p>\n\n\n\n<p class=\"wp-block-paragraph\">Eine systematische \u00dcbersichtsarbeit aus dem Jahr 2021, die von der U.S. National Library of Medicine indexiert wurde, bewertete <strong>25 klinische Studien mit insgesamt 6.500 Porzellan-Laminat-Veneers<\/strong> und berechnete einen gesch\u00e4tzten <strong>10-Jahres-Kumulativ\u00fcberlebensrate von 95,51 TP3T<\/strong>. Br\u00fcche waren die am h\u00e4ufigsten gemeldete Art des Versagens, gefolgt von Abl\u00f6sungen. Diese Zahlen sind beeindruckend, doch sie messen die \u00dcberlebensdauer der Restauration \u2013 nicht den Erhalt des exakten Glanzes, der Oberfl\u00e4chenstruktur und des optischen Erscheinungsbildes, wie sie am Tag der Befestigung vorlagen.<\/p>\n\n\n\n<p class=\"wp-block-paragraph\">Das ist die erste bittere Wahrheit \u00fcber die Pflege von Furnier.<\/p>\n\n\n\n<p class=\"wp-block-paragraph\"><strong>Langlebigkeit und \u00e4sthetische Stabilit\u00e4t sind nicht dasselbe Ziel.<\/strong><\/p>\n\n\n\n<h2 class=\"wp-block-heading\">Die Pflege von Furnier ist im Grunde genommen Oberfl\u00e4chenpflege<\/h2>\n\n\n\n<p class=\"wp-block-paragraph\">Wenn ich mich mit der langfristigen Pflege von Porzellan-Veneers befasse, unterteile ich den Fall in vier Bereiche:<\/p>\n\n\n\n<ol class=\"wp-block-list\">\n<li>Zustand der Keramikoberfl\u00e4che<\/li>\n\n\n\n<li>Klebekanten und tragende Zahnsubstanz<\/li>\n\n\n\n<li>Optische Wechselwirkung zwischen Keramik, Kunststoffzement und nat\u00fcrlichem Zahn<\/li>\n\n\n\n<li>Funktionale Belastung durch Okklusion und Parafunktionen<\/li>\n<\/ol>\n\n\n\n<p class=\"wp-block-paragraph\">Dem Patienten f\u00e4llt meist nur eines auf: \u201cMeine Veneers sehen nicht mehr so gl\u00e4nzend aus wie fr\u00fcher.\u201d<\/p>\n\n\n\n<p class=\"wp-block-paragraph\">Die eigentliche Ursache k\u00f6nnte jedoch eine ganz andere sein.<\/p>\n\n\n\n<p class=\"wp-block-paragraph\">Auf dem Veneer haben sich m\u00f6glicherweise Ablagerungen angesammelt. Eine professionelle Reinigung k\u00f6nnte die Oberfl\u00e4che ver\u00e4ndert haben. Durch eine Anpassung am Behandlungsstuhl k\u00f6nnte die Glasur abgetragen worden sein. Der angrenzende Zahnschmelz k\u00f6nnte sich ver\u00e4ndert haben. Durch eine Zahnfleischr\u00fcckbildung k\u00f6nnte der zervikale \u00dcbergang freigelegt worden sein. Der Kunststoffzement am Rand k\u00f6nnte sich optisch ver\u00e4ndert haben. Oder die urspr\u00fcngliche Keramikstruktur reflektiert nach jahrelangem Oberfl\u00e4chenverschlei\u00df das Licht einfach anders.<\/p>\n\n\n\n<p class=\"wp-block-paragraph\">Die Er\u00f6rterung von Artist Dental Lab zum Thema <a href=\"https:\/\/artistdentallab.com\/de\/why-veneer-shade-can-appear-different-one-week-after-bonding\/\">Warum die Farbe von Veneers nach dem Verkleben anders aussehen kann<\/a> macht dieselbe Unterscheidung: Der Schatten sollte unter Ber\u00fccksichtigung von Feuchtigkeitsversorgung, Beleuchtung, Schatten durch Baumst\u00fcmpfe, Keramikmaterial, Zement, Dicke und Oberfl\u00e4chenstruktur bewertet werden, anstatt auf eine Gegen\u00fcberstellung von A1 und B1 reduziert zu werden.<\/p>\n\n\n\n<p class=\"wp-block-paragraph\">Auch kleine Ver\u00e4nderungen summieren sich.<\/p>\n\n\n\n<p class=\"wp-block-paragraph\">Ein Porzellan-Veneer ist nicht einfach nur eine wei\u00dfe Schale. Feldspatporzellan enth\u00e4lt ein glasreiches Keramiksystem, das mit Verbindungen wie beispielsweise <strong>SiO\u2082, Al\u2082O\u2083, K\u2082O und Na\u2082O<\/strong>, w\u00e4hrend Lithiumdisilikat \u00fcblicherweise als <strong>Li\u2082Si\u2082O\u2085<\/strong>. Nat\u00fcrlicher Zahnschmelz besteht dagegen gr\u00f6\u00dftenteils aus Hydroxylapatit, <strong>Ca\u2081\u2080(PO\u2084)\u2086(OH)\u2082<\/strong>. Diese Oberfl\u00e4chen reagieren nicht einheitlich auf Abnutzung, Polieren, instrumentelle Bearbeitung oder optische Alterung.<\/p>\n\n\n\n<p class=\"wp-block-paragraph\">Die Wartung kann also nicht pauschal erfolgen.<\/p>\n\n\n\n<h2 class=\"wp-block-heading\">Glanz ist nicht nur \u201cGl\u00e4nzen\u201d<\/h2>\n\n\n\n<p class=\"wp-block-paragraph\">Kliniker sprechen manchmal von Glanz, als handele es sich um eine kosmetische Versiegelung, die am Ende der Herstellung aufgetragen wird.<\/p>\n\n\n\n<p class=\"wp-block-paragraph\">Da bin ich anderer Meinung.<\/p>\n\n\n\n<p class=\"wp-block-paragraph\">Der Glanz bestimmt, wie das Licht von der Zahnoberfl\u00e4che reflektiert wird. In Kombination mit den Linienwinkeln, den Entwicklungslappen, der horizontalen Textur, der Anatomie der Schneidekante und der Oberfl\u00e4chenkr\u00fcmmung beeinflusst er die wahrgenommene Breite, Helligkeit, Tiefe und das Alter eines Zahns.<\/p>\n\n\n\n<p class=\"wp-block-paragraph\">Wenn man dieses System abflacht, ver\u00e4ndert sich das Erscheinungsbild der Restauration, auch wenn die Vita-Farbbezeichnung identisch bleibt.<\/p>\n\n\n\n<p class=\"wp-block-paragraph\">Deshalb ist unser Leitfaden zu <a href=\"https:\/\/artistdentallab.com\/de\/which-veneer-material-offers-the-best-control-of-surface-texture\/\">Oberfl\u00e4chenstruktur der Verblendungen und Auswahl der Keramik<\/a> unterscheidet zwischen Prim\u00e4rkontur, sekund\u00e4rer Entwicklungsanatomie, terti\u00e4rer Mikrostruktur und selektivem Glanz. Ein Veneer kann mikroskopisch glatt genug f\u00fcr den klinischen Einsatz sein, ohne optisch flach zu wirken.<\/p>\n\n\n\n<p class=\"wp-block-paragraph\">Dieser Unterschied ist leicht zu \u00fcbersehen.<\/p>\n\n\n\n<h3 class=\"wp-block-heading\">\u201eGlatt\u201c ist nicht dasselbe wie \u201eflach\u201c<\/h3>\n\n\n\n<p class=\"wp-block-paragraph\">Ein ordnungsgem\u00e4\u00df verarbeitetes Furnier kann Folgendes enthalten:<\/p>\n\n\n\n<ul class=\"wp-block-list\">\n<li>Mesiale und distale \u00dcbergangslinien<\/li>\n\n\n\n<li>Entwicklungslappen im Gesicht<\/li>\n\n\n\n<li>Sehr flache vertikale Vertiefungen<\/li>\n\n\n\n<li>Selektive horizontale, emaillierte Struktur<\/li>\n\n\n\n<li>Unregelm\u00e4\u00dfigkeit der Schneidekante<\/li>\n\n\n\n<li>Unterschiedliche Glanzintensit\u00e4t in den verschiedenen Gesichtsbereichen<\/li>\n\n\n\n<li>Leichte Asymmetrie zwischen den kontralateralen Z\u00e4hnen<\/li>\n<\/ul>\n\n\n\n<p class=\"wp-block-paragraph\">All das zu entfernen, nur um \u201cmaximalen Glanz\u201d zu erzielen, bringt den urspr\u00fcnglichen Glanz nicht zur\u00fcck.<\/p>\n\n\n\n<p class=\"wp-block-paragraph\">Es gestaltet es neu.<\/p>\n\n\n\n<p class=\"wp-block-paragraph\">Und sobald die urspr\u00fcngliche Oberfl\u00e4chenanatomie abgeschliffen ist, l\u00e4sst sich die nicht mehr vorhandene Geometrie durch Polieren allein nicht mehr rekonstruieren.<\/p>\n\n\n\n<figure class=\"wp-block-image size-large\"><img fetchpriority=\"high\" decoding=\"async\" width=\"1024\" height=\"576\" src=\"https:\/\/artistdentallab.com\/wp-content\/uploads\/2026\/08\/Veneer-Maintenance-for-Long-Term-Gloss-Texture-and-Shade-Stability-2-1024x576.jpg\" alt=\"Pflege von Veneers f\u00fcr langfristige Glanz-, Struktur- und Farbstabilit\u00e4t\" class=\"wp-image-1644\" title=\"\" srcset=\"https:\/\/artistdentallab.com\/wp-content\/uploads\/2026\/08\/Veneer-Maintenance-for-Long-Term-Gloss-Texture-and-Shade-Stability-2-1024x576.jpg 1024w, https:\/\/artistdentallab.com\/wp-content\/uploads\/2026\/08\/Veneer-Maintenance-for-Long-Term-Gloss-Texture-and-Shade-Stability-2-300x169.jpg 300w, https:\/\/artistdentallab.com\/wp-content\/uploads\/2026\/08\/Veneer-Maintenance-for-Long-Term-Gloss-Texture-and-Shade-Stability-2-768x432.jpg 768w, https:\/\/artistdentallab.com\/wp-content\/uploads\/2026\/08\/Veneer-Maintenance-for-Long-Term-Gloss-Texture-and-Shade-Stability-2-1536x864.jpg 1536w, https:\/\/artistdentallab.com\/wp-content\/uploads\/2026\/08\/Veneer-Maintenance-for-Long-Term-Gloss-Texture-and-Shade-Stability-2-18x10.jpg 18w, https:\/\/artistdentallab.com\/wp-content\/uploads\/2026\/08\/Veneer-Maintenance-for-Long-Term-Gloss-Texture-and-Shade-Stability-2-500x281.jpg 500w, https:\/\/artistdentallab.com\/wp-content\/uploads\/2026\/08\/Veneer-Maintenance-for-Long-Term-Gloss-Texture-and-Shade-Stability-2-600x338.jpg 600w, https:\/\/artistdentallab.com\/wp-content\/uploads\/2026\/08\/Veneer-Maintenance-for-Long-Term-Gloss-Texture-and-Shade-Stability-2.jpg 1672w\" sizes=\"(max-width: 1024px) 100vw, 1024px\" \/><figcaption class=\"wp-element-caption\">Pflege von Veneers f\u00fcr langfristige Glanz-, Struktur- und Farbstabilit\u00e4t<\/figcaption><\/figure>\n\n\n\n<h2 class=\"wp-block-heading\">Was beeinflusst eigentlich den Glanz, die Struktur und die Farbe von Veneers?<\/h2>\n\n\n\n<p class=\"wp-block-paragraph\">Der Patient gibt normalerweise dem Kaffee die Schuld.<\/p>\n\n\n\n<p class=\"wp-block-paragraph\">Manchmal ist der Kaffee schuld. Oft wird ihm aber auch zu viel Ehre zuteil.<\/p>\n\n\n\n<p class=\"wp-block-paragraph\">A 2026 <em>Wissenschaftliche Berichte<\/em> In der Studie wurde untersucht <strong>48 Exemplare<\/strong> hergestellt aus zwei CAD\/CAM-Laminat-Verblendkeramiken: <strong>CEREC Tessera<\/strong> fortschrittliches Lithiumdisilikat von Dentsply Sirona und <strong>VITA Suprinity<\/strong> Zirkoniumdioxid-verst\u00e4rktes Lithiumsilikat von VITA Zahnfabrik. Die Forscher unterzogen die Proben einer B\u00fcrstensimulation sowie einem Thermocycling mit Kaffee und Tabak und bewerteten sie nach simulierten Zeitr\u00e4umen von sechs Monaten und einem Jahr.<\/p>\n\n\n\n<p class=\"wp-block-paragraph\">Im Rahmen des Experiments wurden <strong>10.000 Putzzyklen<\/strong> als simulierten Endpunkt nach einem Jahr. Die Ver\u00e4nderungen der Oberfl\u00e4chenrauheit waren \u00fcber die untersuchten Gruppen hinweg statistisch nicht signifikant, doch die Farbver\u00e4nderung nach dem kombinierten Protokoll aus Z\u00e4hneputzen und Kaffee-\/Tabakkonsum \u00fcberschritt den in der Studie f\u00fcr die untersuchten Materialien als klinisch akzeptabel angesehenen Bereich. Die Autoren betonten zudem, dass dies ein <strong>in vitro<\/strong> Es handelt sich um ein Experiment und nicht um eine direkte Vorhersage dar\u00fcber, wie die Veneers jedes einzelnen Patienten nach einem Jahr aussehen werden.<\/p>\n\n\n\n<p class=\"wp-block-paragraph\">Diese Einschr\u00e4nkung spielt eine Rolle.<\/p>\n\n\n\n<p class=\"wp-block-paragraph\">In Laborversuchen zur Alterungsforschung werden bestimmte Variablen beschleunigt. Im realen Mund kommen Speichel, Zahnbelag, Ern\u00e4hrung, pH-Wert-Schwankungen, Zahnputztechnik, Okklusion, professionelle Zahnreinigung, Kunststoffzement, Zahnfleischgewebe, individuelle Keramikdicke sowie Hunderte von Verhaltensunterschieden hinzu.<\/p>\n\n\n\n<p class=\"wp-block-paragraph\">Dennoch ist die Botschaft n\u00fctzlich: <strong>Die Oberfl\u00e4chenbeschaffenheit und die bisherige Beanspruchung spielen eine Rolle.<\/strong><\/p>\n\n\n\n<h2 class=\"wp-block-heading\">Risiken bei der Pflege von Verblendungen auf einen Blick<\/h2>\n\n\n\n<figure class=\"wp-block-table\"><table class=\"has-fixed-layout\"><thead><tr><th>Faktor<\/th><th>Wichtigstes langfristiges Anliegen<\/th><th>Was das klinische Team beachten sollte<\/th><th>Bessere Reaktionszeiten bei Wartungsarbeiten<\/th><\/tr><\/thead><tbody><tr><td>Regelm\u00e4\u00dfiges t\u00e4gliches Z\u00e4hneputzen<\/td><td>Plaque-Kontrolle mit m\u00f6glicher kumulativer Oberfl\u00e4chenwechselwirkung<\/td><td>Ver\u00e4nderungen des Glanzes oder \u00f6rtliche Rauheit<\/td><td>Verwenden Sie von Zahn\u00e4rzten empfohlene Zahnpflegeprodukte und -techniken<\/td><\/tr><tr><td>Stark scheuernde oder aggressive Zahnwei\u00dfprodukte<\/td><td>Oberfl\u00e4chenabrieb<\/td><td>Zunehmende Mattierung oder feine Kratzer<\/td><td>Gehen Sie nicht davon aus, dass \u201cZahnaufhellung\u201d gleichbedeutend mit \u201everblendungsvertr\u00e4glich\u201c ist.<\/td><\/tr><tr><td>Kaffee, Tee, Rotwein, Tabak<\/td><td>Extrinsische Farbeinwirkung<\/td><td>Oberfl\u00e4chenverf\u00e4rbung, Verf\u00e4rbung am Zahnrand, Farbabweichung gegen\u00fcber den Nachbarz\u00e4hnen<\/td><td>Die Plaquekontrolle aufrechterhalten und die tats\u00e4chliche Ursache der Verf\u00e4rbung ermitteln<\/td><\/tr><tr><td>Professionelle Zahnsteinentfernung und Prophylaxe<\/td><td>Wechselwirkung zwischen Instrument und Material<\/td><td>Kratzer oder Ver\u00e4nderungen der Oberfl\u00e4chenbeschaffenheit<\/td><td>Vor dem aggressiven Instrumentieren das Restaurationsmaterial identifizieren<\/td><\/tr><tr><td>Keramische Anpassung am Behandlungsstuhl<\/td><td>Verlust von Glasur, Textur und Linienwinkeln<\/td><td>Lokale Unebenheiten oder eine unnat\u00fcrlich flache Reflexion<\/td><td>Mit einem speziell f\u00fcr Keramik entwickelten Verfahren nachpolieren<\/td><\/tr><tr><td>Bruxismus oder starke funktionelle Belastung<\/td><td>Kantenabnutzung, Absplitterungen, Bruch<\/td><td>Mikroverletzungen an der Schneidekante und sich ver\u00e4ndernde Kontaktmuster<\/td><td>Die Okklusion beurteilen und bei Indikation eine sch\u00fctzende Therapie in Betracht ziehen<\/td><\/tr><tr><td>Zahnfleischr\u00fcckgang<\/td><td>Neu sichtbare R\u00e4nder<\/td><td>Farb\u00fcbergang im Zahnhalsbereich oder freiliegende Zahnsubstanz<\/td><td>Beurteilung des parodontalen Zustands und der Integrit\u00e4t des Zahnfleischrandes<\/td><\/tr><tr><td>Alterung der Grenzfl\u00e4che zwischen Harz und Zement<\/td><td>Optische Ver\u00e4nderung an den R\u00e4ndern<\/td><td>Lokale Farbabweichung<\/td><td>Stellen Sie fest, ob die Keramik, der Zement, der Zahn oder der Rand daf\u00fcr verantwortlich ist<\/td><\/tr><\/tbody><\/table><\/figure>\n\n\n\n<p class=\"wp-block-paragraph\">Entscheidend ist die diagnostische Disziplin.<\/p>\n\n\n\n<p class=\"wp-block-paragraph\"><strong>Man sollte nicht erst polieren und dann erst analysieren.<\/strong><\/p>\n\n\n\n<h2 class=\"wp-block-heading\">Die Pflege von Porzellan-Veneers beginnt mit der regelm\u00e4\u00dfigen Zahnbelagskontrolle<\/h2>\n\n\n\n<p class=\"wp-block-paragraph\">Der am wenigsten glamour\u00f6se Teil der Nachsorge bei Veneers ist zugleich der am ehesten zu rechtfertigende.<\/p>\n\n\n\n<p class=\"wp-block-paragraph\">In den Patientenhinweisen der American Dental Association zu Zahnveneers wird das Z\u00e4hneputzen empfohlen <strong>zweimal t\u00e4glich mit fluoridhaltiger Zahnpasta<\/strong> und die Reinigung der Zahnzwischenr\u00e4ume <strong>einmal t\u00e4glich mit Zahnseide oder einem anderen Zahnzwischenraumreiniger<\/strong>.<\/p>\n\n\n\n<p class=\"wp-block-paragraph\">Diese Empfehlung klingt fast schon entt\u00e4uschend gew\u00f6hnlich.<\/p>\n\n\n\n<p class=\"wp-block-paragraph\">Gut.<\/p>\n\n\n\n<p class=\"wp-block-paragraph\">Patienten ben\u00f6tigen keinen Schrank voller exotischer Produkte zur \u201cPflege von Veneers\u201d, nur weil Keramik auf ihre Frontz\u00e4hne geklebt wurde.<\/p>\n\n\n\n<p class=\"wp-block-paragraph\">Sie ben\u00f6tigen eine zuverl\u00e4ssige Plaquekontrolle im Bereich von Restaurationen, deren R\u00e4nder nach wie vor von gesunden St\u00fctzz\u00e4hnen und parodontalen Geweben abh\u00e4ngen.<\/p>\n\n\n\n<h3 class=\"wp-block-heading\">Die Marge ist wichtiger als das Marketing<\/h3>\n\n\n\n<p class=\"wp-block-paragraph\">Porzellan selbst ist nicht anf\u00e4llig f\u00fcr Karies.<\/p>\n\n\n\n<p class=\"wp-block-paragraph\">Der Zahn, auf dem er ruht, kann das.<\/p>\n\n\n\n<p class=\"wp-block-paragraph\">Das bedeutet, dass die Nachsorge bei Zahnveneers folgende Punkte umfassen sollte:<\/p>\n\n\n\n<ul class=\"wp-block-list\">\n<li>Zahnfleischentz\u00fcndung<\/li>\n\n\n\n<li>Zahnbelagbildung<\/li>\n\n\n\n<li>Randf\u00e4rbung<\/li>\n\n\n\n<li>Offene oder defekte R\u00e4nder<\/li>\n\n\n\n<li>Sekund\u00e4rkaries<\/li>\n\n\n\n<li>Freiliegung von Kunststoff-Zement-Verbindungen<\/li>\n\n\n\n<li>Sauberkeit der Zahnzwischenr\u00e4ume<\/li>\n\n\n\n<li>Abnutzung der Schneidekanten<\/li>\n\n\n\n<li>Okklusale Kontakte<\/li>\n\n\n\n<li>Lokale Rauheit<\/li>\n<\/ul>\n\n\n\n<p class=\"wp-block-paragraph\">Eine gl\u00e4nzende Oberfl\u00e4che des Zahnhalses sagt kaum etwas aus, wenn der Zahnhalsrand nicht intakt ist.<\/p>\n\n\n\n<h2 class=\"wp-block-heading\">Vorsicht vor der \u201eZahnaufhellungs-Zahnpasta\u201c-Mentalit\u00e4t<\/h2>\n\n\n\n<p class=\"wp-block-paragraph\">Patienten gehen nat\u00fcrlich davon aus, dass jedes Produkt, das zur Zahnaufhellung vermarktet wird, dazu beitr\u00e4gt, die Veneers strahlend zu halten.<\/p>\n\n\n\n<p class=\"wp-block-paragraph\">Diese Annahme kann gef\u00e4hrlich sein.<\/p>\n\n\n\n<p class=\"wp-block-paragraph\">Zahnpasten zur Zahnaufhellung zielen vor allem auf \u00e4u\u00dfere Verf\u00e4rbungen ab und wirken dabei \u00fcber mechanische und chemische Mechanismen, w\u00e4hrend Restaurationsmaterialien nicht unbedingt wie Zahnschmelz reagieren. In den letzten Jahren ver\u00f6ffentlichte Forschungsarbeiten haben speziell untersucht, wie die Abrasivit\u00e4t von Zahnpasta und simuliertes Z\u00e4hneputzen die Oberfl\u00e4cheneigenschaften von CAD\/CAM-Restaurationsmaterialien ver\u00e4ndern k\u00f6nnen.<\/p>\n\n\n\n<p class=\"wp-block-paragraph\">Meine Arbeitsregel ist einfach: <strong>W\u00e4hlen Sie eine Zahnpasta f\u00fcr eine Keramikrestauration nicht allein aufgrund des Begriffs \u201cZahnaufhellung\u201d aus.\u201d<\/strong><\/p>\n\n\n\n<p class=\"wp-block-paragraph\">Wenn ein Patient den Eindruck hat, dass die Veneers dunkler werden, sollte der Zahnarzt zun\u00e4chst feststellen, was sich tats\u00e4chlich ver\u00e4ndert hat:<\/p>\n\n\n\n<ul class=\"wp-block-list\">\n<li>Keramikoberfl\u00e4che<\/li>\n\n\n\n<li>Eigene Z\u00e4hne neben den Veneers<\/li>\n\n\n\n<li>Freiliegender Zahnschmelz oder Dentin im Zahnhalsbereich<\/li>\n\n\n\n<li>Kunststoff-Zement-Rand<\/li>\n\n\n\n<li>Oberfl\u00e4chenablagerungen<\/li>\n\n\n\n<li>Lichtverh\u00e4ltnisse<\/li>\n\n\n\n<li>Zahnfleischposition<\/li>\n\n\n\n<li>Sichtbarkeit des darunterliegenden Substrats<\/li>\n<\/ul>\n\n\n\n<p class=\"wp-block-paragraph\">Der Versuch, jede Beschwerde bez\u00fcglich der Zahnfarbe durch st\u00e4rkere Abrasion zu beheben, ist faules Zahnarztwesen.<\/p>\n\n\n\n<h2 class=\"wp-block-heading\">So bleiben Veneers gl\u00e4nzend, ohne dass ihre Struktur verloren geht<\/h2>\n\n\n\n<p class=\"wp-block-paragraph\">An dieser Stelle wird die Wartung technisch.<\/p>\n\n\n\n<p class=\"wp-block-paragraph\">Ein Veneer, das sich nach der Anpassung oder der professionellen Bearbeitung rau anf\u00fchlt, muss m\u00f6glicherweise nachpoliert werden. Das Nachpolieren ist jedoch kein Freibrief daf\u00fcr, die Frontfl\u00e4che spiegelglatt zu machen.<\/p>\n\n\n\n<p class=\"wp-block-paragraph\">Der technische Leitfaden von Artist Dental Lab zum Thema <a href=\"https:\/\/artistdentallab.com\/de\/can-veneers-be-re-polished-to-restore-their-original-esthetics\/\">Nachpolieren von Porzellan-Veneers<\/a> erl\u00e4utert das Ziel anschaulich: Die sichtbare Entwicklungsanatomie kann erhalten bleiben, w\u00e4hrend die Keramikoberfl\u00e4che selbst zu einer angemessen glatten, leicht zu reinigenden Oberfl\u00e4che veredelt wird.<\/p>\n\n\n\n<p class=\"wp-block-paragraph\">Diese Unterscheidung sollte den Ablauf bestimmen.<\/p>\n\n\n\n<h3 class=\"wp-block-heading\">Stellen Sie zun\u00e4chst fest, warum sich der Glanz ver\u00e4ndert hat.<\/h3>\n\n\n\n<p class=\"wp-block-paragraph\">Bevor Sie zu einem Poliersystem greifen, pr\u00fcfen Sie, ob es sich bei dem Defekt um Folgendes handelt:<\/p>\n\n\n\n<ul class=\"wp-block-list\">\n<li>Einzahlungsbezogen<\/li>\n\n\n\n<li>Oberfl\u00e4chliche Verf\u00e4rbung<\/li>\n\n\n\n<li>Verlust der Glasur<\/li>\n\n\n\n<li>Sch\u00e4den durch Diamant-Einstellung<\/li>\n\n\n\n<li>Vorbeugendes Kratzen<\/li>\n\n\n\n<li>Lokalisierter Verschlei\u00df an Keramikteilen<\/li>\n\n\n\n<li>Eine zerkl\u00fcftete Oberfl\u00e4che<\/li>\n\n\n\n<li>Ein Margenproblem<\/li>\n\n\n\n<li>Ein Konturproblem<\/li>\n<\/ul>\n\n\n\n<p class=\"wp-block-paragraph\">Diese Diagnosen sind nicht austauschbar.<\/p>\n\n\n\n<h3 class=\"wp-block-heading\">Suchen Sie dann den genauen Bereich<\/h3>\n\n\n\n<p class=\"wp-block-paragraph\">Eine raue Stelle im Halsbereich erfordert eine andere Herangehensweise als eine abgeflachte Reflexion im mittleren Gesichtsbereich.<\/p>\n\n\n\n<p class=\"wp-block-paragraph\">Eine ver\u00e4nderte Schneidekante stellt wiederum einen Sonderfall dar, da das K\u00fcrzen und Polieren der Kante gleichzeitig die Zahnl\u00e4nge, die Phonetik, die Beziehungen zwischen den Zahnzwischenr\u00e4umen, die Transluzenz der Schneidekante und den Oberfl\u00e4chencharakter ver\u00e4ndern kann.<\/p>\n\n\n\n<p class=\"wp-block-paragraph\">Aus diesem Grund sollten Zahn\u00e4rzte, die Korrekturen nach der Zementierung vornehmen, die Grunds\u00e4tze in <a href=\"https:\/\/artistdentallab.com\/de\/adjusting-veneer-incisal-edges-without-destroying-surface-character\/\">Anpassung der Schneidekanten von Furnieren, ohne den Charakter der Oberfl\u00e4che zu beeintr\u00e4chtigen<\/a> bevor man das Endbearbeiten als blo\u00dfe L\u00e4ngenverk\u00fcrzung betrachtet.<\/p>\n\n\n\n<h3 class=\"wp-block-heading\">Zuletzt die Reflexionsgeometrie beibehalten<\/h3>\n\n\n\n<p class=\"wp-block-paragraph\">Das Polieren sollte die Oberfl\u00e4chenqualit\u00e4t wiederherstellen.<\/p>\n\n\n\n<p class=\"wp-block-paragraph\">Es sollte nicht automatisch jedes Anzeichen von Textur entfernen.<\/p>\n\n\n\n<p class=\"wp-block-paragraph\">Betrachten Sie das Veneer unter gerichtetem Licht. Drehen Sie den Patienten. Vergleichen Sie die Breite und Position der Reflexion auf der Vorderseite mit den benachbarten Z\u00e4hnen. Eine Oberfl\u00e4che kann sich mit einem Sondierinstrument glatt anf\u00fchlen, dennoch falsch aussehen, weil die \u00dcbergangslinien oder W\u00f6lbungen abgeflacht wurden.<\/p>\n\n\n\n<p class=\"wp-block-paragraph\">Genau hier kommt die Makrofotografie zum Einsatz.<\/p>\n\n\n\n<h2 class=\"wp-block-heading\">Die Farbbest\u00e4ndigkeit ist komplexer als die Fleckenbest\u00e4ndigkeit<\/h2>\n\n\n\n<p class=\"wp-block-paragraph\">Patienten fragen oft, wie man Verf\u00e4rbungen der Veneers verhindern kann.<\/p>\n\n\n\n<p class=\"wp-block-paragraph\">Die kurze Antwort lautet: Man sollte den \u00fcberm\u00e4\u00dfigen Kontakt mit starken Farbstoffen vermeiden und auf eine gute Mundhygiene achten.<\/p>\n\n\n\n<p class=\"wp-block-paragraph\">Die zutreffendere Antwort lautet, dass die sichtbare Farbe der Verblendung durch mehrere optische Schichten entsteht.<\/p>\n\n\n\n<p class=\"wp-block-paragraph\">Eine d\u00fcnne Frontzahnrestauration kann durch folgende Faktoren beeinflusst werden:<\/p>\n\n\n\n<ul class=\"wp-block-list\">\n<li>Keramische Zusammensetzung<\/li>\n\n\n\n<li>Keramikdicke<\/li>\n\n\n\n<li>Transluzenz von Keramik<\/li>\n\n\n\n<li>Oberfl\u00e4chenstruktur<\/li>\n\n\n\n<li>Oberfl\u00e4chenglanz<\/li>\n\n\n\n<li>Stumpfschatten<\/li>\n\n\n\n<li>Farbton von Kunstharz-Zement<\/li>\n\n\n\n<li>Zementdicke<\/li>\n\n\n\n<li>Zahnbefeuchtung<\/li>\n\n\n\n<li>Angrenzender nat\u00fcrlicher Zahnschmelz<\/li>\n\n\n\n<li>Zahnfleischposition<\/li>\n\n\n\n<li>Lichtverh\u00e4ltnisse<\/li>\n<\/ul>\n\n\n\n<p class=\"wp-block-paragraph\">Wenn also ein Veneer nach f\u00fcnf oder zehn Jahren anders aussieht, ist es eine voreilige Diagnose, dies auf \u201cVerf\u00e4rbungen des Porzellans\u201d zur\u00fcckzuf\u00fchren, ohne diese Variablen zu untersuchen.<\/p>\n\n\n\n<p class=\"wp-block-paragraph\">Dies wird besonders deutlich, wenn nur eine Restauration ausgetauscht werden muss. Der Leitfaden von Artist Dental Lab zu <a href=\"https:\/\/artistdentallab.com\/de\/replacing-one-veneer-in-a-multi-unit-case-shade-and-texture-matching-strategies\/\">Ersetzen einer Verblendung bei einer mehrgliedrigen Versorgung<\/a> erkl\u00e4rt, warum die neue Einheit mit der <strong>aktuell<\/strong> L\u00e4cheln \u2013 einschlie\u00dflich der Abnutzungsspuren, des Glanzes, der Textur, der aufgebrachten Farbe und des Aussehens der umgebenden Z\u00e4hne \u2013 und nicht nur die urspr\u00fcngliche Farbanweisung aus dem Labor zu reproduzieren.<\/p>\n\n\n\n<p class=\"wp-block-paragraph\">Dieser Grundsatz spielt auch bei der Wartung eine Rolle.<\/p>\n\n\n\n<p class=\"wp-block-paragraph\">Das klinische Ziel \u00e4ndert sich im Laufe der Zeit.<\/p>\n\n\n\n<h2 class=\"wp-block-heading\">Die Zahl 0,2 \u00b5m muss im Kontext betrachtet werden<\/h2>\n\n\n\n<p class=\"wp-block-paragraph\">Eine Zahl taucht in der Literatur zur Oberfl\u00e4chenrauheit immer wieder auf: ungef\u00e4hr <strong>0,2 \u00b5m Ra<\/strong>.<\/p>\n\n\n\n<p class=\"wp-block-paragraph\">Das Jahr 2026 <em>Wissenschaftliche Berichte<\/em> In der Arbeit wurden Oberfl\u00e4chenunregelm\u00e4\u00dfigkeiten unterhalb von etwa \u2026 er\u00f6rtert <strong>0,2 Mikrometer<\/strong> im Hinblick auf die Verringerung der Bakterienanhaftung, wobei gleichzeitig darauf hingewiesen wird, dass die Oberfl\u00e4chenrauheit zusammen mit dem Material und dem Veredelungsverfahren ber\u00fccksichtigt werden sollte.<\/p>\n\n\n\n<p class=\"wp-block-paragraph\">Eine n\u00fctzliche Nummer?<\/p>\n\n\n\n<p class=\"wp-block-paragraph\">Ja.<\/p>\n\n\n\n<p class=\"wp-block-paragraph\">Eine \u201emagische\u201c klinische Schwelle?<\/p>\n\n\n\n<p class=\"wp-block-paragraph\">Nein.<\/p>\n\n\n\n<p class=\"wp-block-paragraph\">Ein Profilometerwert sagt nichts dar\u00fcber aus, ob eine Frontzahnrestauration nat\u00fcrlich aussieht. Oberfl\u00e4chenrauheit und sichtbare Oberfl\u00e4chenmorphologie sind unterschiedliche Informationsebenen.<\/p>\n\n\n\n<p class=\"wp-block-paragraph\">Eine Restauration k\u00f6nnte zwar eine akzeptabel glatte Oberfl\u00e4che aufweisen, dabei aber unnat\u00fcrlich flach wirken.<\/p>\n\n\n\n<p class=\"wp-block-paragraph\">Oder es k\u00f6nnte sorgf\u00e4ltig gestaltete Makro- und Mikrostrukturen aufweisen und dabei klinisch glatt bleiben.<\/p>\n\n\n\n<p class=\"wp-block-paragraph\">Deshalb lehne ich die \u201eEin-Zahlen-Zahnmedizin\u201c ab.<\/p>\n\n\n\n<h2 class=\"wp-block-heading\">Eine professionelle Reinigung kann helfen \u2013 oder gute Laborarbeit zunichte machen<\/h2>\n\n\n\n<p class=\"wp-block-paragraph\">Eine fachgerechte Pflege ist unerl\u00e4sslich, doch \u201cfachgerecht\u201d bedeutet nicht automatisch, dass sie f\u00fcr jedes Restaurationsmaterial unbedenklich ist.<\/p>\n\n\n\n<p class=\"wp-block-paragraph\">Eine in PubMed indexierte Studie aus dem Jahr 2023 untersuchte zahn\u00e4rztliche Prophylaxeverfahren und berichtete \u00fcber materialabh\u00e4ngige Effekte; die Ultraschallzahnsteinentfernung f\u00fchrte bei den getesteten, mit Polymer infiltrierten Keramik-Netzwerk-Veneer-Proben zu einer signifikanten Erh\u00f6hung der Oberfl\u00e4chenrauheit. In anderen Forschungsarbeiten wurde ebenfalls untersucht, wie sich die Ultraschall- und die manuelle Zahnsteinentfernung auf die Oberfl\u00e4chentopografie von CAD\/CAM-Keramik auswirken.<\/p>\n\n\n\n<p class=\"wp-block-paragraph\">Die Schlussfolgerung lautet nicht: \u201cMan sollte niemals um Veneers herum skalieren.\u201d<\/p>\n\n\n\n<p class=\"wp-block-paragraph\">Das w\u00e4re absurd.<\/p>\n\n\n\n<p class=\"wp-block-paragraph\">Das Wichtigste ist, dass man sich dar\u00fcber im Klaren ist, was man gerade reinigt.<\/p>\n\n\n\n<p class=\"wp-block-paragraph\">Die Kenntnis der Werkstoffe sollte Einfluss auf die Wahl der Instrumente, der Poliermittel und des Drucks haben sowie darauf, ob eine Restauration anschlie\u00dfend nachbearbeitet werden muss.<\/p>\n\n\n\n<h3 class=\"wp-block-heading\">Erfassen Sie das Material, bevor die Instandhaltung zum Ratespiel wird<\/h3>\n\n\n\n<p class=\"wp-block-paragraph\">Bei komplexen Veneer-F\u00e4llen sollte die Praxis folgende Unterlagen aufbewahren:<\/p>\n\n\n\n<ul class=\"wp-block-list\">\n<li>Keramikhersteller und -material<\/li>\n\n\n\n<li>Feldspat, Lithiumdisilikat, ZLS oder eine andere Werkstoffbezeichnung<\/li>\n\n\n\n<li>Schichtbasierter versus monolithischer Aufbau<\/li>\n\n\n\n<li>Urspr\u00fcnglicher Farbton<\/li>\n\n\n\n<li>Stumpfschatten<\/li>\n\n\n\n<li>Verwendeter Kunststoffzement<\/li>\n\n\n\n<li>Ungef\u00e4hre Keramikdicke, sofern verf\u00fcgbar<\/li>\n\n\n\n<li>Abschlie\u00dfende Laborfotos<\/li>\n\n\n\n<li>Referenzen zu Textur und Glanz<\/li>\n\n\n\n<li>Datum und Ort sp\u00e4terer Anpassungen<\/li>\n<\/ul>\n\n\n\n<p class=\"wp-block-paragraph\">Jahre sp\u00e4ter lassen sich anhand dieser Aufzeichnungen intelligente Instandhaltungsma\u00dfnahmen von blo\u00dfen Versuchen unterscheiden.<\/p>\n\n\n\n<h2 class=\"wp-block-heading\">Ein praktisches Protokoll zur langfristigen Nachsorge bei Veneers<\/h2>\n\n\n\n<p class=\"wp-block-paragraph\">Ich ziehe ein einfaches System einem riesigen Merkblatt f\u00fcr Patienten vor, an das sich sowieso niemand h\u00e4lt.<\/p>\n\n\n\n<h3 class=\"wp-block-heading\">T\u00e4glich<\/h3>\n\n\n\n<p class=\"wp-block-paragraph\">Putzen Sie Ihre Z\u00e4hne zweimal t\u00e4glich mit einer fluoridhaltigen Zahnpasta und wenden Sie dabei die von Ihrem behandelnden Zahnarzt empfohlene Putztechnik an.<\/p>\n\n\n\n<p class=\"wp-block-paragraph\">Reinigen Sie die Zahnzwischenr\u00e4ume t\u00e4glich.<\/p>\n\n\n\n<p class=\"wp-block-paragraph\">Achten Sie auf Blutungen, in den Zahnzwischenr\u00e4umen festsitzende Speisereste, neue Rauheiten oder das Zerrei\u00dfen der Zahnseide im Bereich des Zahnrandes.<\/p>\n\n\n\n<h3 class=\"wp-block-heading\">Nach starker Pigmentbelastung<\/h3>\n\n\n\n<p class=\"wp-block-paragraph\">Geraten Sie nicht in Panik, nur weil der Patient Kaffee trinkt.<\/p>\n\n\n\n<p class=\"wp-block-paragraph\">Achten Sie stattdessen auf eine konsequente Mundhygiene und beobachten Sie, ob sich Verf\u00e4rbungen an der Restauration, den umliegenden Z\u00e4hnen oder insbesondere an den R\u00e4ndern zeigen.<\/p>\n\n\n\n<p class=\"wp-block-paragraph\">Die CEREC Tessera- und VITA Suprinity-Studie aus dem Jahr 2026 zeigt, warum die Einwirkung von Kaffee und Tabak Beachtung verdient, doch sollte ihr beschleunigtes Laborprotokoll nicht als garantierter Zeitrahmen f\u00fcr die klinische Verf\u00e4rbung dargestellt werden.<\/p>\n\n\n\n<h3 class=\"wp-block-heading\">Bei berufsbedingten R\u00fcckrufen<\/h3>\n\n\n\n<p class=\"wp-block-paragraph\">Beurteilen Sie das Veneer als Restauration und nicht nur als Teil eines Zahnreinigungstermins.<\/p>\n\n\n\n<p class=\"wp-block-paragraph\">\u00dcberpr\u00fcfen:<\/p>\n\n\n\n<ul class=\"wp-block-list\">\n<li>Integrit\u00e4t der Margen<\/li>\n\n\n\n<li>Zahnfleischzustand<\/li>\n\n\n\n<li>Zahnbelag und Zahnstein<\/li>\n\n\n\n<li>Oberfl\u00e4chenablagerungen<\/li>\n\n\n\n<li>Glanz<\/li>\n\n\n\n<li>Lokale Rauheit<\/li>\n\n\n\n<li>Abnutzung der Schneidekanten<\/li>\n\n\n\n<li>Absplitterungen oder Risse<\/li>\n\n\n\n<li>Okklusale Kontakte<\/li>\n\n\n\n<li>Farbbeziehung zu den benachbarten Z\u00e4hnen<\/li>\n<\/ul>\n\n\n\n<p class=\"wp-block-paragraph\">Der Zeitpunkt der Nachsorge sollte vom behandelnden Zahnarzt individuell festgelegt werden und nicht einem einheitlichen Wartungsintervall unterliegen.<\/p>\n\n\n\n<h3 class=\"wp-block-heading\">Nach jeder Anpassung der Keramik<\/h3>\n\n\n\n<p class=\"wp-block-paragraph\">Halten Sie genau fest, an welchen Stellen die Keramik ausgetauscht wurde.<\/p>\n\n\n\n<p class=\"wp-block-paragraph\">Anschlie\u00dfend die Oberfl\u00e4che gem\u00e4\u00df einem f\u00fcr die jeweilige Keramik geeigneten Verfahren zur Endbearbeitung und Politur wiederherstellen.<\/p>\n\n\n\n<p class=\"wp-block-paragraph\">Genau hier werden viele gute Furniere herabgestuft.<\/p>\n\n\n\n<p class=\"wp-block-paragraph\">Das Labor verbringt Stunden damit, die Linienwinkel, die Lobusform, die Textur, die Inzisaleffekte und den selektiven Glanz zu optimieren; eine zweimin\u00fctige, un\u00fcberlegte Anpassung kann einen Teil dieser Arbeit zunichte machen.<\/p>\n\n\n\n<p class=\"wp-block-paragraph\">Kurzer Termin. Langfristige Auswirkungen.<\/p>\n\n\n\n<h2 class=\"wp-block-heading\">Langfristiger Erfolg sollte fotografiert werden, nicht nur in Erinnerung bleiben<\/h2>\n\n\n\n<p class=\"wp-block-paragraph\">Das visuelle Ged\u00e4chtnis des Menschen ist unzuverl\u00e4ssig.<\/p>\n\n\n\n<p class=\"wp-block-paragraph\">Wenn ein Zahnarzt feststellen m\u00f6chte, ob eine Verblendung tats\u00e4chlich an Glanz verloren hat oder sich optisch verschoben hat, sollte er standardisierte Bilder vergleichen, anstatt sich auf die Einsch\u00e4tzung \u201cIch glaube, sie sah fr\u00fcher heller aus\u201d zu verlassen.\u201d<\/p>\n\n\n\n<p class=\"wp-block-paragraph\">Ich empfehle, Folgendes beizubehalten:<\/p>\n\n\n\n<ul class=\"wp-block-list\">\n<li>Frontalaufnahme unmittelbar nach dem Kleben<\/li>\n\n\n\n<li>Bild der Stirn bei zur\u00fcckgezogenem Kopf<\/li>\n\n\n\n<li>Ansichten nach rechts und links im 45-Grad-Winkel<\/li>\n\n\n\n<li>Bild mit polarisiertem Filter, sofern verf\u00fcgbar<\/li>\n\n\n\n<li>Nahaufnahme eines Oberfl\u00e4chenreflexionsbildes<\/li>\n\n\n\n<li>Referenzwert nach einer Woche oder nach der Fl\u00fcssigkeitszufuhr<\/li>\n\n\n\n<li>Regelm\u00e4\u00dfige Langzeitaufnahmen bei Verdacht auf \u00e4sthetische Ver\u00e4nderungen<\/li>\n<\/ul>\n\n\n\n<p class=\"wp-block-paragraph\">Verwenden Sie nach M\u00f6glichkeit dieselbe Beleuchtungskonfiguration.<\/p>\n\n\n\n<p class=\"wp-block-paragraph\">Warum?<\/p>\n\n\n\n<p class=\"wp-block-paragraph\">Da Oberfl\u00e4chenreflexionen dazu f\u00fchren k\u00f6nnen, dass zwei objektiv \u00e4hnliche Keramikfarben unterschiedlich wirken, und die Hydratation das Erscheinungsbild des nat\u00fcrlichen Zahnsubstrats um k\u00fcrzlich geklebte Veneers herum ver\u00e4ndern kann. Artist Dental Lab\u2019s <a href=\"https:\/\/artistdentallab.com\/de\/why-veneer-shade-can-appear-different-one-week-after-bonding\/\">Einw\u00f6chige Analyse der Furnierfarbe<\/a> empfiehlt ausdr\u00fccklich eine standardisierte Beleuchtung, Wiederholungsaufnahmen sowie die Dokumentation von Keramik, Zement, Dicke, Beschaffenheit und Zustand des Untergrunds, bevor eine Fehlanpassung diagnostiziert wird.<\/p>\n\n\n\n<p class=\"wp-block-paragraph\">Daten sind besser als das Ged\u00e4chtnis.<\/p>\n\n\n\n<h2 class=\"wp-block-heading\">Wenn Wartung nicht mehr ausreicht<\/h2>\n\n\n\n<p class=\"wp-block-paragraph\">Nicht jedes stumpfe Furnier muss ersetzt werden.<\/p>\n\n\n\n<p class=\"wp-block-paragraph\">Allerdings sollte auch nicht jedes Furnier auf unbestimmte Zeit poliert werden.<\/p>\n\n\n\n<p class=\"wp-block-paragraph\">Ein Nachpolieren ist vor allem dann sinnvoll, wenn die Restauration strukturell intakt ist und das Problem sich auf oberfl\u00e4chliche Rauheit, geringf\u00fcgigen Glanzverlust oder punktuelle Oberfl\u00e4chenbesch\u00e4digungen beschr\u00e4nkt.<\/p>\n\n\n\n<p class=\"wp-block-paragraph\">Die Frage nach einem Ersatz wird zu einem ernsteren Thema, wenn folgende Umst\u00e4nde vorliegen:<\/p>\n\n\n\n<ul class=\"wp-block-list\">\n<li>Keramikbruch<\/li>\n\n\n\n<li>Erhebliche Abplatzungen<\/li>\n\n\n\n<li>Wiederkehrende Abl\u00f6sung<\/li>\n\n\n\n<li>Sekund\u00e4rkaries<\/li>\n\n\n\n<li>Fehlerhafte R\u00e4nder<\/li>\n\n\n\n<li>Erheblicher Konturfehler<\/li>\n\n\n\n<li>Starkes optisches Missverh\u00e4ltnis<\/li>\n\n\n\n<li>Starker Verlust der Keramikanatomie<\/li>\n\n\n\n<li>Strukturelle Ausd\u00fcnnung durch wiederholte Anpassungen<\/li>\n<\/ul>\n\n\n\n<p class=\"wp-block-paragraph\">Behalte die \u00dcberlebensdaten im Hinterkopf.<\/p>\n\n\n\n<p class=\"wp-block-paragraph\">Die systematische \u00dcbersichtsarbeit aus dem Jahr 2021 <strong>95,51 TP3T \u2013 gesch\u00e4tzte kumulative 10-Jahres-\u00dcberlebensrate<\/strong> zeigt, was Porzellan-Laminat-Veneers als Produktgruppe leisten k\u00f6nnen, doch die Studie identifizierte auch Br\u00fcche und Abl\u00f6sungen als bedeutende Versagensarten.<\/p>\n\n\n\n<p class=\"wp-block-paragraph\">Die Instandhaltung sollte die Lebensdauer einer fachgerechten Restaurierung verl\u00e4ngern.<\/p>\n\n\n\n<p class=\"wp-block-paragraph\">Es sollte das Scheitern nicht verschleiern.<\/p>\n\n\n\n<h2 class=\"wp-block-heading\">FAQs<\/h2>\n\n\n\n<h3 class=\"wp-block-heading\">Wie lassen sich Porzellan-Veneers langfristig am besten pflegen?<\/h3>\n\n\n\n<p class=\"wp-block-paragraph\">Die langfristige Pflege von Veneers umfasst eine Kombination aus h\u00e4uslicher Pflege und professionellen Ma\u00dfnahmen zum Schutz der Keramikoberfl\u00e4chen, der Klebekanten, der St\u00fctzz\u00e4hne, der Zahnfleischgesundheit und der Okklusion, damit die Veneers ihren Glanz, ihre Textur, ihre Farbe und ihre Funktion behalten, ohne dass unn\u00f6tiges abrasives Polieren oder wiederholte Anpassungen am Behandlungsstuhl erforderlich sind.<\/p>\n\n\n\n<p class=\"wp-block-paragraph\">Die t\u00e4gliche Plaquekontrolle bildet nach wie vor die Grundlage. Die ADA empfiehlt zweimal t\u00e4gliches Z\u00e4hneputzen mit fluoridhaltiger Zahnpasta und einmal t\u00e4gliche Interdentalreinigung, w\u00e4hrend das klinische Team in regelm\u00e4\u00dfigen Abst\u00e4nden die Zahnr\u00e4nder, den parodontalen Zustand, die Oberfl\u00e4chenrauheit, die Okklusion, Absplitterungen sowie Ver\u00e4nderungen des Glanzes oder der Farbe beurteilen sollte.<\/p>\n\n\n\n<h3 class=\"wp-block-heading\">Wie sollten Porzellan-Veneers gereinigt werden?<\/h3>\n\n\n\n<p class=\"wp-block-paragraph\">Porzellan-Veneers sollten mit derselben Sorgfalt zur Plaquekontrolle gereinigt werden wie nat\u00fcrliche Z\u00e4hne: zweimal t\u00e4gliches Z\u00e4hneputzen mit fluoridhaltiger Zahnpasta, t\u00e4gliche Interdentalreinigung und vom Zahnarzt angeleitete professionelle Pflege, wobei unn\u00f6tig aggressive Schleifmittel oder unbeaufsichtigtes Polieren vermieden werden sollten, da diese die Oberfl\u00e4che der Restauration ver\u00e4ndern k\u00f6nnen.<\/p>\n\n\n\n<p class=\"wp-block-paragraph\">Das Fachpersonal sollte au\u00dferdem wissen, um welche Keramik es sich handelt, da Polierpasten und Instrumente bei Feldspatporzellan, Lithiumdisilikat, mit Zirkonoxid verst\u00e4rktem Lithiumsilikat, Keramiken mit Harzmatrix und anderen Restaurationsmaterialien unterschiedlich wirken k\u00f6nnen.<\/p>\n\n\n\n<h3 class=\"wp-block-heading\">Wie h\u00e4lt man Veneers gl\u00e4nzend?<\/h3>\n\n\n\n<p class=\"wp-block-paragraph\">Um Veneers gl\u00e4nzend zu halten, ist es wichtiger, die urspr\u00fcngliche Oberfl\u00e4chenbeschaffenheit der Keramik zu bewahren, als sie wiederholt zu polieren: Achten Sie auf die Plaquekontrolle, verwenden Sie geeignete Produkte f\u00fcr die h\u00e4usliche Zahnpflege, vermeiden Sie Biss- oder Knirschgewohnheiten, die die Kanten besch\u00e4digen, und lassen Sie stumpfe oder raue Stellen untersuchen, damit der Zahnarzt zwischen Ablagerungen, Oberfl\u00e4chenabrieb, Glasurverlust oder strukturellen Sch\u00e4den unterscheiden kann.<\/p>\n\n\n\n<p class=\"wp-block-paragraph\">Falls ein Nachpolieren erforderlich ist, sollte das Ziel eine glatte Oberfl\u00e4che sein, bei der die Kantenwinkel und die nat\u00fcrliche Struktur erhalten bleiben \u2013 und nicht eine m\u00f6glichst ebene oder spiegelglatte Oberfl\u00e4che.<\/p>\n\n\n\n<h3 class=\"wp-block-heading\">Wie k\u00f6nnen Patienten Verf\u00e4rbungen ihrer Veneers vorbeugen?<\/h3>\n\n\n\n<p class=\"wp-block-paragraph\">Um Verf\u00e4rbungen von Veneers vorzubeugen, muss die Ablagerung von \u00e4u\u00dferen Pigmenten minimiert und gleichzeitig die Oberfl\u00e4chengl\u00e4tte sowie die Integrit\u00e4t der R\u00e4nder gewahrt werden; Porzellankeramiken sind zwar relativ farbstabil, doch Kaffee, Tabakkonsum, Oberfl\u00e4chenrauheit, R\u00e4nder aus Kunststoffzement sowie benachbarte nat\u00fcrliche Z\u00e4hne k\u00f6nnen das Erscheinungsbild der Restauration im Laufe der Zeit dennoch ver\u00e4ndern.<\/p>\n\n\n\n<p class=\"wp-block-paragraph\">Eine im Jahr 2026 durchgef\u00fchrte Laborstudie mit CEREC Tessera und VITA Suprinity-Veneers ergab klinisch relevante Farbver\u00e4nderungen nach einem kombinierten Protokoll aus simuliertem Z\u00e4hneputzen und Alterung durch Kaffee und Tabak; die Autoren betonten jedoch, dass noch In-vivo-Untersuchungen erforderlich seien.<\/p>\n\n\n\n<h3 class=\"wp-block-heading\">K\u00f6nnen Porzellan-Veneers nachpoliert werden?<\/h3>\n\n\n\n<p class=\"wp-block-paragraph\">Veneers k\u00f6nnen nachpoliert werden, wenn es sich um oberfl\u00e4chliche Rauheit, einen leichten Glanzverlust oder einen lokalen Verarbeitungsfehler handelt und die Keramik strukturell intakt bleibt. Das Nachpolieren sollte jedoch materialspezifisch erfolgen, da eine zu aggressive Reduktion die Textur zerst\u00f6ren, Linienwinkel ver\u00e4ndern, die Keramik ausd\u00fcnnen oder eine andere optische Oberfl\u00e4che freilegen kann.<\/p>\n\n\n\n<p class=\"wp-block-paragraph\">Bei Rissen, tiefen Defekten, fehlerhaften R\u00e4ndern, wiederkehrender Karies oder erheblichen Konturproblemen kann das Polieren das Erscheinungsbild vor\u00fcbergehend verbessern, ohne jedoch das zugrunde liegende klinische Problem zu beheben.<\/p>\n\n\n\n<h3 class=\"wp-block-heading\">Wie oft m\u00fcssen Veneers professionell gepflegt werden?<\/h3>\n\n\n\n<p class=\"wp-block-paragraph\">Die H\u00e4ufigkeit der Pflege von Verblendungen unterliegt keiner pauschalen Sechs-Monats-Regel; vielmehr handelt es sich um einen risikobasierten Nachsorgeplan, der vom behandelnden Zahnarzt unter Ber\u00fccksichtigung der Plaquekontrolle, des Parodontalzustands, des Kariesrisikos, des Bruxismus, der Okklusion, des Alters der Restaurationen, des Zustands der R\u00e4nder sowie der Frage festgelegt wird, ob fr\u00fchere Reinigungen oder Anpassungen die Keramikoberfl\u00e4che ver\u00e4ndert haben.<\/p>\n\n\n\n<p class=\"wp-block-paragraph\">Bei Patienten mit stabiler Parodontalgesundheit und hervorragender Plaquekontrolle kann ein anderes Erhaltungsschema erforderlich sein als bei Patienten mit Bruxismus, wiederkehrenden Entz\u00fcndungen, freiliegenden R\u00e4ndern, starker Verf\u00e4rbung oder Restaurationen, die bereits wiederholt am Behandlungsstuhl angepasst wurden.<\/p>\n\n\n\n<h2 class=\"wp-block-heading\">Sch\u00fctzen Sie die Oberfl\u00e4che, f\u00fcr deren Herstellung Sie das Labor bezahlt haben<\/h2>\n\n\n\n<p class=\"wp-block-paragraph\">Die Pflege von Verblendungen sollte nicht erst dann beginnen, wenn etwas nicht in Ordnung zu sein scheint.<\/p>\n\n\n\n<p class=\"wp-block-paragraph\">Es beginnt mit der Zustellung der Akte.<\/p>\n\n\n\n<p class=\"wp-block-paragraph\">Dokumentieren Sie das Material. Fotografieren Sie die Oberfl\u00e4che. Bewahren Sie die urspr\u00fcnglichen Farb- und Strukturreferenzen auf. Informieren Sie das Hygieneteam dar\u00fcber, um welche Keramik es sich handelt. \u00dcberpr\u00fcfen Sie die Okklusion erneut, wenn sich die Funktion \u00e4ndert. Und wenn eine Verblendung rau oder matt wird, ermitteln Sie zun\u00e4chst die Ursache, bevor Sie sie automatisch polieren.<\/p>\n\n\n\n<p class=\"wp-block-paragraph\">Diese Disziplin sch\u00fctzt mehr als nur der \u00e4u\u00dfere Glanz.<\/p>\n\n\n\n<p class=\"wp-block-paragraph\">Es sch\u00fctzt das Design.<\/p>\n\n\n\n<p class=\"wp-block-paragraph\">Kliniken, die anspruchsvolle Frontzahnbehandlungen, Ersatzversorgungen oder Restaurationen planen, bei denen die Oberfl\u00e4chenstruktur und die Farbstabilit\u00e4t \u00fcber mehrere Einheiten hinweg vorhersehbar bleiben m\u00fcssen, senden bitte ihre STL-Dateien, Fotos der Stumpffarbe, Fallfotos, Materialanforderungen und \u00e4sthetischen Referenzen \u00fcber die <a href=\"https:\/\/artistdentallab.com\/de\/contact\/\">Seite zu Beratung und Probeverblendungen bei Artist Dental Lab<\/a>.<\/p>\n\n\n\n<p class=\"wp-block-paragraph\"><\/p>","protected":false},"excerpt":{"rendered":"<p>Veneers k\u00f6nnen jahrelang halten, verlieren dabei jedoch nach und nach jene Oberfl\u00e4cheneigenschaften, die ihnen urspr\u00fcnglich ihr nat\u00fcrliches Aussehen verliehen haben. Dieser Leitfaden erl\u00e4utert, wie sich die Pflege von Porzellan-Veneers, die professionelle Wartung, Entscheidungen bez\u00fcglich der Politur, die Belastung durch Verf\u00e4rbungen und die Okklusionskontrolle auf den langfristigen Glanz, die Textur und die Farbstabilit\u00e4t auswirken.<\/p>","protected":false},"author":1,"featured_media":1643,"comment_status":"open","ping_status":"open","sticky":false,"template":"","format":"standard","meta":{"footnotes":""},"categories":[22],"tags":[601,252,638,255,640,639,602,641],"class_list":["post-1642","post","type-post","status-publish","format-standard","has-post-thumbnail","hentry","category-dental-knowledge","tag-dental-veneer-maintenance","tag-dental-veneers","tag-porcelain-veneer-care","tag-porcelain-veneers","tag-veneer-aftercare","tag-veneer-maintenance","tag-veneer-polishing","tag-veneer-shade-stability"],"blocksy_meta":{"styles_descriptor":{"styles":{"desktop":"","tablet":"","mobile":""},"google_fonts":[],"version":7}},"_links":{"self":[{"href":"https:\/\/artistdentallab.com\/de\/wp-json\/wp\/v2\/posts\/1642","targetHints":{"allow":["GET"]}}],"collection":[{"href":"https:\/\/artistdentallab.com\/de\/wp-json\/wp\/v2\/posts"}],"about":[{"href":"https:\/\/artistdentallab.com\/de\/wp-json\/wp\/v2\/types\/post"}],"author":[{"embeddable":true,"href":"https:\/\/artistdentallab.com\/de\/wp-json\/wp\/v2\/users\/1"}],"replies":[{"embeddable":true,"href":"https:\/\/artistdentallab.com\/de\/wp-json\/wp\/v2\/comments?post=1642"}],"version-history":[{"count":1,"href":"https:\/\/artistdentallab.com\/de\/wp-json\/wp\/v2\/posts\/1642\/revisions"}],"predecessor-version":[{"id":1645,"href":"https:\/\/artistdentallab.com\/de\/wp-json\/wp\/v2\/posts\/1642\/revisions\/1645"}],"wp:featuredmedia":[{"embeddable":true,"href":"https:\/\/artistdentallab.com\/de\/wp-json\/wp\/v2\/media\/1643"}],"wp:attachment":[{"href":"https:\/\/artistdentallab.com\/de\/wp-json\/wp\/v2\/media?parent=1642"}],"wp:term":[{"taxonomy":"category","embeddable":true,"href":"https:\/\/artistdentallab.com\/de\/wp-json\/wp\/v2\/categories?post=1642"},{"taxonomy":"post_tag","embeddable":true,"href":"https:\/\/artistdentallab.com\/de\/wp-json\/wp\/v2\/tags?post=1642"}],"curies":[{"name":"wp","href":"https:\/\/api.w.org\/{rel}","templated":true}]}}