{"id":1666,"date":"2026-08-17T02:56:59","date_gmt":"2026-08-17T02:56:59","guid":{"rendered":"https:\/\/artistdentallab.com\/"},"modified":"2026-08-17T02:58:28","modified_gmt":"2026-08-17T02:58:28","slug":"polished-vs-glazed-veneers-which-finish-creates-more-natural-light-reflection","status":"publish","type":"post","link":"https:\/\/artistdentallab.com\/de\/polished-vs-glazed-veneers-which-finish-creates-more-natural-light-reflection\/","title":{"rendered":"Polierte vs. glasierte Furnieroberfl\u00e4chen: Welche Oberfl\u00e4che sorgt f\u00fcr eine nat\u00fcrlichere Lichtreflexion?"},"content":{"rendered":"<p class=\"wp-block-paragraph\">Eine gl\u00e4nzende Fassade kann trotzdem unecht wirken.<\/p>\n\n\n\n<p class=\"wp-block-paragraph\">Das klingt widerspr\u00fcchlich, bis man aufh\u00f6rt, Glanz als Synonym f\u00fcr nat\u00fcrliche \u00c4sthetik zu betrachten, denn das Aussehen von <strong>Porzellanverblendungen<\/strong> entsteht durch ein dynamisches Zusammenspiel von Spiegelreflexion, diffuser Streuung, Gesichtsw\u00f6lbung, mikroskopischer Textur, keramischer Transluzenz, der darunterliegenden Zahnsubstanz und der Blickrichtung auf die Restauration.<\/p>\n\n\n\n<p class=\"wp-block-paragraph\">Warum verlangen wir also immer noch von den Labors, dass sie eine Verblendung einfach nur \u201chochgl\u00e4nzend\u201d anfertigen?<\/p>\n\n\n\n<p class=\"wp-block-paragraph\">Ich glaube, die Debatte um \u201epoliert\u201c versus \u201eglasiert\u201c wird oft falsch dargestellt. Die relevante Frage lautet nicht <strong>Welche Technik sorgt f\u00fcr den st\u00e4rksten Glanz?<\/strong>. Die Frage ist, welche Veredelungsstrategie es erm\u00f6glicht, dass die Keramikoberfl\u00e4che das Licht in einer Weise reflektiert, die dem daneben liegenden Emaille \u00e4hnelt.<\/p>\n\n\n\n<p class=\"wp-block-paragraph\">Das sind ganz unterschiedliche Ziele.<\/p>\n\n\n\n<p class=\"wp-block-paragraph\">Die Forschung macht diese Unterscheidung schwierig. Mechanisches Polieren kann Glanz und Gl\u00e4tte erzeugen, die mit dem Glasieren vergleichbar sind und bei manchen Materialkombinationen sogar dar\u00fcber hinausgehen. Durch Glasieren l\u00e4sst sich eine au\u00dfergew\u00f6hnlich glatte, glasartige Oberfl\u00e4che erzielen, doch ein \u00fcberm\u00e4\u00dfig gleichm\u00e4\u00dfiger Glanz kann die sorgf\u00e4ltig gestaltete Oberfl\u00e4chenstruktur optisch unterdr\u00fccken. Andererseits kann eine schlecht durchgef\u00fchrte Polierfolge Kratzer und unkontrollierte Streuung hinterlassen, die eine Furnieroberfl\u00e4che matt erscheinen lassen.<\/p>\n\n\n\n<p class=\"wp-block-paragraph\">Es gibt keinen eindeutigen Sieger.<\/p>\n\n\n\n<p class=\"wp-block-paragraph\">Um das nat\u00fcrliche Licht zu reflektieren, w\u00fcrde ich diese Oberfl\u00e4che w\u00e4hlen <strong>von Fall zu Fall<\/strong>, je nach Keramik, Oberfl\u00e4chenmorphologie, angrenzendem Zahnschmelz und dem erforderlichen lokalen Glanzgrad \u2013 und nicht nach einer Laborgewohnheit.<\/p>\n\n\n\n<h2 class=\"wp-block-heading\">Nat\u00fcrlich aussehende Porzellan-Veneers erfordern eine kontrollierte Reflexion, nicht maximalen Glanz<\/h2>\n\n\n\n<p class=\"wp-block-paragraph\">Naturemaill\u00e9 verh\u00e4lt sich nicht wie eine polierte Badezimmerfliese.<\/p>\n\n\n\n<p class=\"wp-block-paragraph\">Betrachtet man einen unbehandelten mittleren Schneidezahn unter gerichtetem Licht genau, so weist die frontale Oberfl\u00e4che mehrere optische Schichten mit unterschiedlichen geometrischen Merkmalen auf: eine allgemeine Konvexit\u00e4t, Entwicklungslappen, Winkel an den \u00dcbergangslinien, flache Vertiefungen, Abnutzungsfacetten, Perikymata und \u00e4u\u00dferst kleine Unregelm\u00e4\u00dfigkeiten.<\/p>\n\n\n\n<p class=\"wp-block-paragraph\">Diese Elemente streuen, b\u00fcndeln, mildern und lenken das reflektierte Licht um.<\/p>\n\n\n\n<p class=\"wp-block-paragraph\">Der Leitfaden von Artist Dental Lab zu <a href=\"https:\/\/artistdentallab.com\/de\/surface-texture-in-veneers-matching-age-expression-and-personality\/\">Oberfl\u00e4chenstruktur bei Furnieren<\/a> macht dieselbe praktische Unterscheidung: Die Gesichtskontur und die Mikrostruktur beeinflussen die wahrgenommene Breite, Helligkeit, L\u00e4nge und das Alter, da sie bestimmen, wo sich Lichtreflexe bilden.<\/p>\n\n\n\n<p class=\"wp-block-paragraph\">Deshalb werde ich misstrauisch, wenn ein Veneer nur unter einem Ringlicht beeindruckend aussieht.<\/p>\n\n\n\n<p class=\"wp-block-paragraph\">Nat\u00fcrliche Restaurationen m\u00fcssen lange halten:<\/p>\n\n\n\n<ul class=\"wp-block-list\">\n<li>Diffuses Tageslicht<\/li>\n\n\n\n<li>LEDs f\u00fcr Behandlungsr\u00e4ume<\/li>\n\n\n\n<li>Smartphone-Fotografie<\/li>\n\n\n\n<li>Direktblitz<\/li>\n\n\n\n<li>Seitenbeleuchtung<\/li>\n\n\n\n<li>Lippenbewegung<\/li>\n\n\n\n<li>Verschiedene Blickwinkel<\/li>\n\n\n\n<li>Nasse und trockene Oberfl\u00e4chenbedingungen<\/li>\n<\/ul>\n\n\n\n<p class=\"wp-block-paragraph\"><strong>Reflexion bewegt.<\/strong><\/p>\n\n\n\n<p class=\"wp-block-paragraph\">Eine Restauration mit einer breiten, durchgehenden Frontalreflexion kann auf einem Foto extrem gl\u00e4nzend wirken, w\u00e4hrend sie in Bewegung unnat\u00fcrlich flach erscheint, insbesondere wenn der angrenzende unbehandelte Zahnschmelz kleinere und weniger gleichm\u00e4\u00dfige Reflexionen erzeugt.<\/p>\n\n\n\n<p class=\"wp-block-paragraph\">Das Ziel ist daher nicht der maximale Glanz der Porzellan-Veneers.<\/p>\n\n\n\n<p class=\"wp-block-paragraph\">Es ist <strong>passender Glanzgrad<\/strong>.<\/p>\n\n\n\n<figure class=\"wp-block-image size-large\"><img fetchpriority=\"high\" decoding=\"async\" width=\"1024\" height=\"768\" src=\"https:\/\/artistdentallab.com\/wp-content\/uploads\/2026\/08\/Polished-vs-Glazed-Veneers-Which-Finish-Creates-More-Natural-Light-Reflection-2-1024x768.jpg\" alt=\"Polierte vs. glasierte Furnieroberfl\u00e4chen \u2013 Welche Oberfl\u00e4che sorgt f\u00fcr eine nat\u00fcrlichere Lichtreflexion?\" class=\"wp-image-1668\" title=\"\" srcset=\"https:\/\/artistdentallab.com\/wp-content\/uploads\/2026\/08\/Polished-vs-Glazed-Veneers-Which-Finish-Creates-More-Natural-Light-Reflection-2-1024x768.jpg 1024w, https:\/\/artistdentallab.com\/wp-content\/uploads\/2026\/08\/Polished-vs-Glazed-Veneers-Which-Finish-Creates-More-Natural-Light-Reflection-2-300x225.jpg 300w, https:\/\/artistdentallab.com\/wp-content\/uploads\/2026\/08\/Polished-vs-Glazed-Veneers-Which-Finish-Creates-More-Natural-Light-Reflection-2-768x576.jpg 768w, https:\/\/artistdentallab.com\/wp-content\/uploads\/2026\/08\/Polished-vs-Glazed-Veneers-Which-Finish-Creates-More-Natural-Light-Reflection-2-16x12.jpg 16w, https:\/\/artistdentallab.com\/wp-content\/uploads\/2026\/08\/Polished-vs-Glazed-Veneers-Which-Finish-Creates-More-Natural-Light-Reflection-2-500x375.jpg 500w, https:\/\/artistdentallab.com\/wp-content\/uploads\/2026\/08\/Polished-vs-Glazed-Veneers-Which-Finish-Creates-More-Natural-Light-Reflection-2-600x450.jpg 600w, https:\/\/artistdentallab.com\/wp-content\/uploads\/2026\/08\/Polished-vs-Glazed-Veneers-Which-Finish-Creates-More-Natural-Light-Reflection-2.jpg 1448w\" sizes=\"(max-width: 1024px) 100vw, 1024px\" \/><\/figure>\n\n\n\n<h3 class=\"wp-block-heading\">Die spiegelnde Reflexion ist nur die halbe Wahrheit<\/h3>\n\n\n\n<p class=\"wp-block-paragraph\">Eine sehr glatte Keramikoberfl\u00e4che beg\u00fcnstigt eine st\u00e4rkere, geordneteren Spiegelreflexion. Eine unregelm\u00e4\u00dfigere Oberfl\u00e4che streut das einfallende Licht in mehr Richtungen und verst\u00e4rkt so die diffuse Streuung.<\/p>\n\n\n\n<p class=\"wp-block-paragraph\">Keines der beiden Extreme wirkt automatisch nat\u00fcrlich.<\/p>\n\n\n\n<p class=\"wp-block-paragraph\">Ist die Bearbeitung zu grob, kann das Furnier optisch leblos, unregelm\u00e4\u00dfig oder tr\u00fcb wirken.<\/p>\n\n\n\n<p class=\"wp-block-paragraph\">Ist der Glanz zu gleichm\u00e4\u00dfig, kann die Oberfl\u00e4che k\u00fcnstlich wirken.<\/p>\n\n\n\n<p class=\"wp-block-paragraph\">Die \u00fcberzeugendsten Restaurationen im Frontzahnbereich liegen in der Regel zwischen diesen beiden Extremen: makroskopisch glatt und gut zu reinigen, behalten sie dennoch eine ausreichende gezielte Oberfl\u00e4chenausrichtung bei, um einen k\u00fcnstlich wirkenden Lichtreflex in anatomisch sinnvolle Reflexionszonen aufzuteilen.<\/p>\n\n\n\n<p class=\"wp-block-paragraph\">Aus diesem Grund <a href=\"https:\/\/artistdentallab.com\/de\/transitional-line-angles-in-veneers-the-hidden-tool-for-optical-contouring\/\">\u00dcbergangswinkel bei Furnieren<\/a> verdienen ebenso viel Aufmerksamkeit wie das Verblendmaterial. Die Winkel der mesiofazialen und distofazialen Linien definieren die zentrale Reflexionszone; eine Ver\u00e4nderung dieser Winkel kann die scheinbare Zahnbreite beeinflussen, selbst wenn die tats\u00e4chliche mesiodistale Abmessung im Wesentlichen unver\u00e4ndert bleibt.<\/p>\n\n\n\n<p class=\"wp-block-paragraph\">Eine gute Oberfl\u00e4chenbeschaffenheit kann eine schlechte Geometrie nicht ausgleichen.<\/p>\n\n\n\n<h2 class=\"wp-block-heading\">Polierte Verblendungen vs. glasierte Verblendungen: Was ist eigentlich der Unterschied?<\/h2>\n\n\n\n<p class=\"wp-block-paragraph\">Die Fachbegriffe klingen einfach.<\/p>\n\n\n\n<p class=\"wp-block-paragraph\">Das ist es nicht.<\/p>\n\n\n\n<p class=\"wp-block-paragraph\"><strong>Polieren von Zahnkeramik<\/strong> verfeinert die Keramikoberfl\u00e4che mechanisch mithilfe von materialspezifischen Schleifmitteln, Poliergummis, Scheiben, B\u00fcrsten oder diamanthaltigen Pasten, bis die beim Konturieren entstandenen Kratzer nach und nach reduziert werden.<\/p>\n\n\n\n<p class=\"wp-block-paragraph\">Bei der Glasur wird eine gebrannte Oberfl\u00e4chenbehandlung angewendet, um eine glatte Au\u00dfenoberfl\u00e4che zu erzielen. Je nach Keramiksystem kann dies die Verwendung von kompatiblen Glasurpasten, Spr\u00fchfarben, Beizen oder vom Hersteller vorgeschriebenen Brennverfahren beinhalten.<\/p>\n\n\n\n<p class=\"wp-block-paragraph\">IPS e.max CAD ist ein anschauliches Beispiel, da Ivoclar derzeit mehrere Verarbeitungswege zul\u00e4sst. Der Hersteller beschreibt einen Arbeitsablauf, bei dem die vorkristallisierte Restauration auf Hochglanz poliert und anschlie\u00dfend kristallisiert werden kann. <strong>ohne zus\u00e4tzliche Verglasung<\/strong>, wobei zudem Optionen f\u00fcr die Beiz- und Glasurtechnik sowie f\u00fcr die Spr\u00fchglasur zur Verf\u00fcgung stehen. IPS e.max CAD ist eine Lithiumdisilikat-Glaskeramik, die \u00fcblicherweise durch die kristalline Formel dargestellt wird <strong>Li\u2082Si\u2082O\u2085<\/strong>. Ivoclar gibt derzeit eine mittlere biaxiale Biegefestigkeit von <strong>530 MPa<\/strong> nach der Kristallisation.<\/p>\n\n\n\n<p class=\"wp-block-paragraph\">Das allein sollte schon die Vorstellung widerlegen, dass eine authentische E.max-Restauration zwangsl\u00e4ufig eine sichtbare Glasurschicht erfordert.<\/p>\n\n\n\n<p class=\"wp-block-paragraph\">Das ist nicht der Fall.<\/p>\n\n\n\n<h3 class=\"wp-block-heading\">Polierte vs. glasierte Porzellan-Veneers im \u00dcberblick<\/h3>\n\n\n\n<figure class=\"wp-block-table\"><table class=\"has-fixed-layout\"><thead><tr><th>Faktor<\/th><th>Polierte Verblendungen<\/th><th>Glasierte Verblendungen<\/th><\/tr><\/thead><tbody><tr><td>Erstellung von Oberfl\u00e4chen<\/td><td>Mechanische Veredelung mit keramik-spezifischer Polierabfolge<\/td><td>Gebranntes Glasurmaterial oder glasurbezogener Endbearbeitungszyklus<\/td><\/tr><tr><td>M\u00f6gliche Glanzwirkung<\/td><td>Gering bis sehr hoch, je nach System und Ablauf<\/td><td>In der Regel hoch und gleichm\u00e4\u00dfig<\/td><\/tr><tr><td>Steuerung der Mikrostruktur<\/td><td>Der Techniker kann bestimmte anatomische Strukturen gezielt erhalten oder verfeinern.<\/td><td>Eine Glasur kann feine Oberfl\u00e4chendetails optisch abschw\u00e4chen, wenn sie zu dick aufgetragen wird.<\/td><\/tr><tr><td>Lokale Glanzregelung<\/td><td>Hervorragend, wenn es bewusst durchgef\u00fchrt wird<\/td><td>Oft gleichm\u00e4\u00dfiger \u00fcber den gesamten behandelten Bereich verteilt<\/td><\/tr><tr><td>Nach der Anpassung<\/td><td>L\u00e4sst sich oft mit einem materialspezifischen System nachpolieren<\/td><td>Eine Anpassung durch Glasur erfordert eine anschlie\u00dfende Oberfl\u00e4chenreparatur<\/td><\/tr><tr><td>Hauptrisiko<\/td><td>Verbleibende Kratzer oder \u00dcberpolieren<\/td><td>\u00dcberm\u00e4\u00dfige glasartige Gleichf\u00f6rmigkeit oder Verlust der optischen Textur<\/td><\/tr><tr><td>\u00dcberzeugende Bewerbung<\/td><td>Anwendungen, die eine genau kontrollierte, lokal begrenzte Reflexion erfordern<\/td><td>Geh\u00e4use, bei denen eine glatte, gleichm\u00e4\u00dfige Brennoberfl\u00e4che von Vorteil ist<\/td><\/tr><tr><td>Nat\u00fcrlichkeit<\/td><td>Kann hervorragend sein<\/td><td>Kann hervorragend sein<\/td><\/tr><tr><td>Ein automatischer Sieger?<\/td><td>Nein<\/td><td>Nein<\/td><\/tr><\/tbody><\/table><\/figure>\n\n\n\n<p class=\"wp-block-paragraph\">Diese letzte Zeile ist wichtiger als alles, was dar\u00fcber steht.<\/p>\n\n\n\n<h2 class=\"wp-block-heading\">Die Forschungsergebnisse st\u00fctzen die These \u201cGlasur ist immer besser\u201d nicht\u201d<\/h2>\n\n\n\n<p class=\"wp-block-paragraph\">An dieser Stelle wird die Branchen\u00fcberlieferung etwas ungewiss.<\/p>\n\n\n\n<p class=\"wp-block-paragraph\">A <strong>Studie aus dem Jahr 2025 mit 104 Keramikproben<\/strong> untersuchten das mechanische Polieren und Glasieren bei drei monolithischen Lithiumdisilikat-Keramiken und einer ultratransluzenten Zirkonoxidkeramik. Die Autoren kamen zu dem Schluss, dass die Verfahren zur Oberfl\u00e4chenbearbeitung den Glanz und die Rauheit erheblich beeinflussten und dass mechanische Poliersysteme je nach Material eine \u00e4hnliche oder bessere Leistung erzielten als das Glasieren. <a href=\"https:\/\/www.mdpi.com\/2076-3417\/15\/9\/4622\" rel=\"nofollow noopener\" target=\"_blank\">Lesen Sie die Studie aus dem Jahr 2025 \u00fcber den Glanz und die Rauheit von Keramik<\/a>.<\/p>\n\n\n\n<p class=\"wp-block-paragraph\">Lies das noch einmal.<\/p>\n\n\n\n<p class=\"wp-block-paragraph\">Das Polieren ist nicht automatisch ein minderwertiger Ersatz f\u00fcr die Glasur.<\/p>\n\n\n\n<h3 class=\"wp-block-heading\">Die Daten f\u00fcr 2026 machen es noch schwieriger, die Materialabh\u00e4ngigkeit zu ignorieren<\/h3>\n\n\n\n<p class=\"wp-block-paragraph\">Ein Juni <strong>2026 BMC Mundgesundheit<\/strong> in einer Studie getestet <strong>80 Exemplare<\/strong>, aufgeteilt in acht Gruppen zu je 10, unter Verwendung von Lithiumdisilikat- und mit Zirkonoxid verst\u00e4rkten Lithiumsilikat-Keramiken mit herstellerspezifischen sowie untereinander ausgetauschten Polier- und Glasursystemen.<\/p>\n\n\n\n<p class=\"wp-block-paragraph\">Das Ergebnis war keine klare Schlagzeile wie \u201cPolieren gewinnt\u201d oder \u201cLasieren gewinnt\u201d.<\/p>\n\n\n\n<p class=\"wp-block-paragraph\">Die Oberfl\u00e4chenrauheit variierte je nach Keramikart und Oberfl\u00e4chenbehandlung. Die Forscher stellten au\u00dferdem fest, dass glasierte Proben Kontaktwinkelwerte von etwa <strong>zwei- bis f\u00fcnfmal so hoch<\/strong> als die polierten Proben in den beiden untersuchten Keramikgruppen. <a href=\"https:\/\/link.springer.com\/article\/10.1186\/s12903-026-08718-4\" rel=\"nofollow noopener\" target=\"_blank\">Lesen Sie die vollst\u00e4ndige Studie aus \u201eBMC Oral Health\u201c<\/a>.<\/p>\n\n\n\n<p class=\"wp-block-paragraph\">Das ist von Bedeutung, da eine Oberfl\u00e4chenbehandlung das messbare physikalische Verhalten ver\u00e4ndert.<\/p>\n\n\n\n<p class=\"wp-block-paragraph\">Aber das tut es doch <strong>nicht<\/strong> nachweisen, dass Patienten eine bestimmte Oberfl\u00e4chenausf\u00fchrung als sch\u00f6ner empfinden.<\/p>\n\n\n\n<p class=\"wp-block-paragraph\">Diese Unterscheidung geht im Marketing regelm\u00e4\u00dfig unter.<\/p>\n\n\n\n<h3 class=\"wp-block-heading\">Eine Studie zur Lichtdurchl\u00e4ssigkeit aus dem Jahr 2025 deckt eine weitere schwache Annahme auf<\/h3>\n\n\n\n<p class=\"wp-block-paragraph\">Es gibt noch eine weitaus interessantere Erkenntnis.<\/p>\n\n\n\n<p class=\"wp-block-paragraph\">Im Rahmen einer Untersuchung aus dem Jahr 2025 wurden die Oberfl\u00e4chenbeschaffenheit, der Glanzgrad, die Keramikschichtdicke sowie die Lichtdurchl\u00e4ssigkeit f\u00fcr violette und blaue Wellenl\u00e4ngen bei den Keramiken Celtra Duo und IPS e.max CAD untersucht.<\/p>\n\n\n\n<p class=\"wp-block-paragraph\">Bei <strong>1,5 mm Dicke<\/strong>, nur etwa <strong>6% mit violettem Licht bei 396 nm<\/strong> und ungef\u00e4hr <strong>21\u2013261 TP3T bei 476 nm blauem Licht<\/strong> durch die Keramik drang. Bei <strong>3,0 mm<\/strong>, fast gar kein violettes Licht und nur etwa <strong>6\u20139% des blauen Lichts<\/strong> wurde anhand der Proben festgestellt. Am wichtigsten f\u00fcr diese Diskussion ist, dass der Glanzgrad und der prozentuale Lichtdurchlass nur eine <strong>schwache Korrelation mit einem R\u00b2-Wert unter 0,25<\/strong>. <a href=\"https:\/\/pmc.ncbi.nlm.nih.gov\/articles\/PMC12696804\/\" rel=\"nofollow noopener\" target=\"_blank\">Lesen Sie die Studie \u00fcber die U.S. National Library of Medicine<\/a>.<\/p>\n\n\n\n<p class=\"wp-block-paragraph\">Hochglanz und Lichtdurchl\u00e4ssigkeit sind nicht dieselbe optische Eigenschaft.<\/p>\n\n\n\n<p class=\"wp-block-paragraph\">Das ist wichtig.<\/p>\n\n\n\n<p class=\"wp-block-paragraph\">Das bedeutet, dass wir aufh\u00f6ren sollten, das \u201cVerhalten bei nat\u00fcrlichem Licht\u201d auf einen Glanzmesswert zu reduzieren.<\/p>\n\n\n\n<figure class=\"wp-block-image size-large\"><img decoding=\"async\" width=\"1024\" height=\"768\" src=\"https:\/\/artistdentallab.com\/wp-content\/uploads\/2026\/08\/Polished-vs-Glazed-Veneers-Which-Finish-Creates-More-Natural-Light-Reflection-3-1024x768.jpg\" alt=\"Polierte vs. glasierte Furnieroberfl\u00e4chen \u2013 Welche Oberfl\u00e4che sorgt f\u00fcr eine nat\u00fcrlichere Lichtreflexion?\" class=\"wp-image-1669\" title=\"\" srcset=\"https:\/\/artistdentallab.com\/wp-content\/uploads\/2026\/08\/Polished-vs-Glazed-Veneers-Which-Finish-Creates-More-Natural-Light-Reflection-3-1024x768.jpg 1024w, https:\/\/artistdentallab.com\/wp-content\/uploads\/2026\/08\/Polished-vs-Glazed-Veneers-Which-Finish-Creates-More-Natural-Light-Reflection-3-300x225.jpg 300w, https:\/\/artistdentallab.com\/wp-content\/uploads\/2026\/08\/Polished-vs-Glazed-Veneers-Which-Finish-Creates-More-Natural-Light-Reflection-3-768x576.jpg 768w, https:\/\/artistdentallab.com\/wp-content\/uploads\/2026\/08\/Polished-vs-Glazed-Veneers-Which-Finish-Creates-More-Natural-Light-Reflection-3-16x12.jpg 16w, https:\/\/artistdentallab.com\/wp-content\/uploads\/2026\/08\/Polished-vs-Glazed-Veneers-Which-Finish-Creates-More-Natural-Light-Reflection-3-500x375.jpg 500w, https:\/\/artistdentallab.com\/wp-content\/uploads\/2026\/08\/Polished-vs-Glazed-Veneers-Which-Finish-Creates-More-Natural-Light-Reflection-3-600x450.jpg 600w, https:\/\/artistdentallab.com\/wp-content\/uploads\/2026\/08\/Polished-vs-Glazed-Veneers-Which-Finish-Creates-More-Natural-Light-Reflection-3.jpg 1448w\" sizes=\"(max-width: 1024px) 100vw, 1024px\" \/><\/figure>\n\n\n\n<h2 class=\"wp-block-heading\">Warum glasierte Verblendungen manchmal zu perfekt aussehen k\u00f6nnen<\/h2>\n\n\n\n<p class=\"wp-block-paragraph\">Glaze hat echte Vorteile.<\/p>\n\n\n\n<p class=\"wp-block-paragraph\">Ein sorgf\u00e4ltig durchgef\u00fchrtes Glasurverfahren kann eine au\u00dfergew\u00f6hnlich glatte Oberfl\u00e4che und ein sehr pr\u00e4zise kontrolliertes Endergebnis erzielen. Es kann zudem die \u00e4u\u00dfere Charakterisierung unterst\u00fctzen, wenn kompatible F\u00e4rbemittel und Glasurmaterialien Teil des Keramiksystems sind.<\/p>\n\n\n\n<p class=\"wp-block-paragraph\">Aber es gibt da eine optische T\u00e4uschung.<\/p>\n\n\n\n<p class=\"wp-block-paragraph\"><strong>Die Gleichm\u00e4\u00dfigkeit wird sichtbar.<\/strong><\/p>\n\n\n\n<p class=\"wp-block-paragraph\">Wenn sich die Glasur auf einer extrem feinen Struktur ablagert, kann eine Oberfl\u00e4che, die zuvor flache Reliefstrukturen aufwies, optisch homogener wirken. Die Verblendung kann dann eine breite, klare Reflexion erzeugen, anstatt der unterteilten Lichtreflexe, die auf dem angrenzenden Zahnschmelz sichtbar sind.<\/p>\n\n\n\n<p class=\"wp-block-paragraph\">Das kann in manchen F\u00e4llen mit mehreren Einheiten w\u00fcnschenswert sein.<\/p>\n\n\n\n<p class=\"wp-block-paragraph\">Das kann f\u00fcr den Zahn #8 neben dem unber\u00fchrten Zahn #9 verheerende Folgen haben.<\/p>\n\n\n\n<p class=\"wp-block-paragraph\">Die Er\u00f6rterung von Artist Dental Lab zum Thema <a href=\"https:\/\/artistdentallab.com\/de\/perikymata-in-veneers-when-micro-detail-adds-realism\/\">Perikymata bei Furnieren<\/a> erkl\u00e4rt, warum eine flache Terti\u00e4ranatomie breite Reflexionen in kleinere Lichtpunkte aufteilen kann. Es warnt jedoch auch vor \u00fcbertriebenen Rillen; wenn der Betrachter die Textur selbst wahrnimmt, ist der Techniker zu weit gegangen.<\/p>\n\n\n\n<p class=\"wp-block-paragraph\">Genau das ist die richtige Balance.<\/p>\n\n\n\n<p class=\"wp-block-paragraph\">Wir m\u00f6chten, dass die <strong>Wirkung<\/strong> der Textur.<\/p>\n\n\n\n<p class=\"wp-block-paragraph\">Wir wollen nicht, dass die Zuschauer die Rillen unter die Lupe nehmen.<\/p>\n\n\n\n<h3 class=\"wp-block-heading\">In welchen F\u00e4llen w\u00fcrde ich eine kontrollierte Verglasung bevorzugen?<\/h3>\n\n\n\n<p class=\"wp-block-paragraph\">Ich w\u00fcrde eine \u201eGlazed\u201c-Strategie insbesondere dann als vertretbar ansehen, wenn:<\/p>\n\n\n\n<ul class=\"wp-block-list\">\n<li>Der vom Hersteller validierte Arbeitsablauf sieht dies f\u00fcr die ausgew\u00e4hlte Keramik und das ausgew\u00e4hlte Charakterisierungsverfahren vor.<\/li>\n\n\n\n<li>Externe F\u00e4rbungen m\u00fcssen innerhalb des vorgeschriebenen Systems gesch\u00fctzt werden.<\/li>\n\n\n\n<li>Bei mehreren Restaurationen ist ein \u00e4u\u00dferst gleichm\u00e4\u00dfiges Ergebnis erw\u00fcnscht.<\/li>\n\n\n\n<li>Die Oberfl\u00e4chenstruktur wurde bewusst so gestaltet, dass sie dem abschlie\u00dfenden Glasurzyklus standh\u00e4lt.<\/li>\n\n\n\n<li>Die Glasur kann aufgetragen werden, ohne dass wichtige mikrostrukturelle Merkmale verdeckt werden.<\/li>\n\n\n\n<li>Die benachbarten Restaurationen weisen bereits eine \u00e4hnliche Brennoberfl\u00e4che auf.<\/li>\n<\/ul>\n\n\n\n<p class=\"wp-block-paragraph\">Achte darauf, was fehlt.<\/p>\n\n\n\n<p class=\"wp-block-paragraph\">\u201cWeil glasierte Verblendungen nat\u00fcrlicher wirken.\u201d<\/p>\n\n\n\n<p class=\"wp-block-paragraph\">Diese Aussage ist zu pauschal, um von Nutzen zu sein.<\/p>\n\n\n\n<h2 class=\"wp-block-heading\">Warum polierte Verblendungen eine zahnschmelz\u00e4hnlichere Reflexion erzeugen k\u00f6nnen<\/h2>\n\n\n\n<p class=\"wp-block-paragraph\">Das mechanische Polieren bietet dem Techniker eine weitere M\u00f6glichkeit der Steuerung.<\/p>\n\n\n\n<p class=\"wp-block-paragraph\">Anstatt die gesamte Oberfl\u00e4chenfl\u00e4che mit einer relativ einheitlichen Veredelung zu \u00fcberziehen, kann der Keramiker verschiedene Bereiche verfeinern und dabei die tats\u00e4chliche dreidimensionale Morphologie beibehalten, die die Reflexion bestimmt.<\/p>\n\n\n\n<p class=\"wp-block-paragraph\">Das kann eine enorme Wirkung haben.<\/p>\n\n\n\n<p class=\"wp-block-paragraph\">Stellen Sie sich einen mittleren Schneidezahn vor, der:<\/p>\n\n\n\n<ul class=\"wp-block-list\">\n<li>Ein m\u00e4\u00dfig reflektierendes mittleres Drittel<\/li>\n\n\n\n<li>Milderer Nackenbeugungstest<\/li>\n\n\n\n<li>Sichtbare, aber zur\u00fcckhaltende Gesichtslappen<\/li>\n\n\n\n<li>Engere proximale reflektierende Grenzen<\/li>\n\n\n\n<li>Leichte horizontale Mikrostruktur<\/li>\n\n\n\n<li>Eine glattere Schneidezone durch simulierten Verschlei\u00df<\/li>\n<\/ul>\n\n\n\n<p class=\"wp-block-paragraph\">Ein gleichm\u00e4\u00dfiger Hochglanz auf jedem Quadratmillimeter k\u00f6nnte dieser Anatomie entgegenwirken.<\/p>\n\n\n\n<p class=\"wp-block-paragraph\">Selektives Polieren kann dabei helfen.<\/p>\n\n\n\n<p class=\"wp-block-paragraph\">Das erfordert jedoch Geschick.<\/p>\n\n\n\n<p class=\"wp-block-paragraph\">Eine \u00fcberst\u00fcrzt durchgef\u00fchrte Polierbehandlung ist kein \u201cnat\u00fcrliches Polieren\u201d. Es handelt sich lediglich um unbearbeitete Keramik.<\/p>\n\n\n\n<p class=\"wp-block-paragraph\">Die von PubMed indexierte Studie aus dem Jahr 2021 zu Lithiumdisilikat kam zu dem Schluss, dass die resultierende Rauheit in hohem Ma\u00dfe von der <strong>spezifische Kombination aus Keramik und Veredelungssystem<\/strong>, und nicht auf das Polieren als ein allgemeing\u00fcltiges Verfahren. <a href=\"https:\/\/pubmed.ncbi.nlm.nih.gov\/32869384\/\" rel=\"nofollow noopener\" target=\"_blank\">Lesen Sie die Studie zur Veredelung mit Lithiumdisilikat auf PubMed<\/a>.<\/p>\n\n\n\n<p class=\"wp-block-paragraph\">Das ist die harte Wahrheit \u00fcber polierte Verblendungen:<\/p>\n\n\n\n<p class=\"wp-block-paragraph\">Das Wort <em>poliert<\/em> Das sagt mir so gut wie nichts.<\/p>\n\n\n\n<p class=\"wp-block-paragraph\">Ich muss wissen, <strong>wie<\/strong>.<\/p>\n\n\n\n<h3 class=\"wp-block-heading\">Auch \u00fcberm\u00e4\u00dfiges Polieren ist ein Fehler.<\/h3>\n\n\n\n<p class=\"wp-block-paragraph\">Ein Techniker kann ein Furnier so lange polieren, bis es v\u00f6llig abgenutzt ist.<\/p>\n\n\n\n<p class=\"wp-block-paragraph\">Wenn durch aggressive mechanische Nachbearbeitung die Gesichtsanatomie so stark reduziert wird, dass die Restauration einer glatten, konvexen Schale gleicht, erh\u00e4lt die Oberfl\u00e4che zwar einen beeindruckenden Glanz, verliert dabei jedoch die richtungsabh\u00e4ngige Geometrie, die ihr ein realistisches Aussehen verlieh.<\/p>\n\n\n\n<p class=\"wp-block-paragraph\">Aus diesem Grund bietet der entsprechende Leitfaden von Artist Dental Lab zu <a href=\"https:\/\/artistdentallab.com\/de\/can-veneers-be-re-polished-to-restore-their-original-esthetics\/\">Nachpolieren von Porzellan-Veneers<\/a> unterscheidet zwischen mikroskopischer Gl\u00e4tte und sichtbarer Morphologie. Die Wiederherstellung der Gl\u00e4tte ist in vielen F\u00e4llen m\u00f6glich; der Wiederaufbau der Oberfl\u00e4chenanatomie, die physisch abgeschliffen wurde, ist hingegen ein ganz anderes Problem.<\/p>\n\n\n\n<p class=\"wp-block-paragraph\">\u201eReibungslos\u201c reicht nicht aus.<\/p>\n\n\n\n<h2 class=\"wp-block-heading\">Polierte vs. glasierte Verblendungen: Welche Oberfl\u00e4che wirkt am nat\u00fcrlichsten?<\/h2>\n\n\n\n<p class=\"wp-block-paragraph\">Hier ist meine Antwort.<\/p>\n\n\n\n<p class=\"wp-block-paragraph\"><strong>Ein korrekt poliertes Veneer erm\u00f6glicht dem Techniker oft eine bessere Kontrolle \u00fcber lokale, zahnschmelz\u00e4hnliche Reflexe, w\u00e4hrend ein korrekt glasiertes Veneer eine hervorragende Gl\u00e4tte und kontrollierten Glanz bieten kann; keine der beiden Oberfl\u00e4chen ist von Natur aus nat\u00fcrlicher, und das bessere Ergebnis ist dasjenige, dessen endg\u00fcltiger Glanz dem tats\u00e4chlichen Zahnschmelz des Patienten entspricht und die beabsichtigte Gesichtsform bewahrt.<\/strong><\/p>\n\n\n\n<p class=\"wp-block-paragraph\">Das ist weniger praktisch, als einen Gewinner zu bestimmen.<\/p>\n\n\n\n<p class=\"wp-block-paragraph\">Au\u00dferdem l\u00e4sst sich dies besser begr\u00fcnden.<\/p>\n\n\n\n<p class=\"wp-block-paragraph\">Bei einem vollst\u00e4ndigen sechs- oder achtgliedrigen L\u00e4chel, bei dem das Labor jede sichtbare Frontzahnfl\u00e4che gestaltet, kann eine abgestimmte Glasur \u00e4u\u00dferst \u00fcberzeugend wirken, da benachbarte Restaurationen dieselbe optische Sprache sprechen.<\/p>\n\n\n\n<p class=\"wp-block-paragraph\">Ein einzelnes zentrales Veneer ist etwas anderes.<\/p>\n\n\n\n<p class=\"wp-block-paragraph\">Der daneben liegende nat\u00fcrliche Zahn dient als Ma\u00dfstab.<\/p>\n\n\n\n<p class=\"wp-block-paragraph\">Kein Marketingversprechen f\u00fcr Keramik kann mit diesem Vergleich mithalten.<\/p>\n\n\n\n<p class=\"wp-block-paragraph\">Das ist auch der Grund, warum <a href=\"https:\/\/artistdentallab.com\/de\/why-value-matters-more-than-the-shade-tab-in-veneer-esthetics\/\">Der Wert der Furnier\u00e4sthetik<\/a> l\u00e4sst sich nicht vom Glanz trennen. Ein breiter Lichtreflex kann eine Restauration heller erscheinen lassen, selbst wenn ihre nominelle Farbe korrekt ist, w\u00e4hrend ein gezielterer Reflexionsbereich diese Helligkeit optisch verringern kann, ohne die Farbbezeichnung der Keramik zu ver\u00e4ndern.<\/p>\n\n\n\n<p class=\"wp-block-paragraph\">Viele scheinbare Farbabweichungen sind zum Teil auf Reflexionsunterschiede zur\u00fcckzuf\u00fchren.<\/p>\n\n\n\n<h2 class=\"wp-block-heading\">Das Material bestimmt die Antwort<\/h2>\n\n\n\n<p class=\"wp-block-paragraph\">\u201cPoliert versus glasiert\u201d ist ohne die Nennung der Keramikart bedeutungslos.<\/p>\n\n\n\n<p class=\"wp-block-paragraph\">Das ist eine weitere Schw\u00e4che bei allgemeinen Diskussionen \u00fcber Furnier.<\/p>\n\n\n\n<h3 class=\"wp-block-heading\">Lithiumdisilikat-Veneers<\/h3>\n\n\n\n<p class=\"wp-block-paragraph\">IPS e.max CAD und andere Lithiumdisilikat-Systeme eignen sich sowohl f\u00fcr polierte als auch f\u00fcr glasierte Arbeitsabl\u00e4ufe, sofern die entsprechenden Verfahren eingehalten werden.<\/p>\n\n\n\n<p class=\"wp-block-paragraph\">Ivoclar dokumentiert ausdr\u00fccklich die Verarbeitungswege \u201epoliert\/kristallisiert\u201c und \u201eglasiert\/kristallisiert\u201c f\u00fcr IPS e.max CAD.<\/p>\n\n\n\n<p class=\"wp-block-paragraph\">F\u00fcr Kliniken, die <a href=\"https:\/\/artistdentallab.com\/de\/e-max-veneer\/\">E.max-Furniere<\/a>, daher w\u00fcrde ich das <strong>optisches Ergebnis<\/strong> anstatt die Glasur blind festzulegen: gew\u00fcnschte Glanzintensit\u00e4t, Referenzzahn, Intensit\u00e4t der Oberfl\u00e4chenstruktur, Reflexionsbreite und ob lokale Charakteristika sichtbar bleiben m\u00fcssen.<\/p>\n\n\n\n<h3 class=\"wp-block-heading\">Veneers aus Feldspatporzellan<\/h3>\n\n\n\n<p class=\"wp-block-paragraph\">Feldspatkeramik bietet einem erfahrenen Keramiker weitreichende Gestaltungsfreiheit hinsichtlich der inneren Beschaffenheit und der feinen \u00e4u\u00dferen Morphologie.<\/p>\n\n\n\n<p class=\"wp-block-paragraph\">Genau deshalb ist bei der Endbearbeitung Zur\u00fcckhaltung angebracht.<\/p>\n\n\n\n<p class=\"wp-block-paragraph\">Wenn der Grund f\u00fcr die Wahl von Feldspatporzellan darin liegt, Zahnschmelz subtil nachzuahmen, macht es wenig Sinn, die feine Charakterisierung unter einer \u00fcbertrieben glasartigen Oberfl\u00e4che zu verbergen.<\/p>\n\n\n\n<h3 class=\"wp-block-heading\">Zirkoniumdioxid-Furniere<\/h3>\n\n\n\n<p class=\"wp-block-paragraph\">Zirkoniumoxid stellt ein ganz anderes Problem bei der Oberfl\u00e4chenbearbeitung dar.<\/p>\n\n\n\n<p class=\"wp-block-paragraph\">Seine Mikrostruktur unterscheidet sich erheblich von der von Glaskeramiken auf Siliziumdioxidbasis, weshalb Poliersysteme und Glasurverfahren nicht einfach von einem Material auf das andere \u00fcbertragen werden k\u00f6nnen, nur weil ein Techniker ein bestimmtes Set bevorzugt.<\/p>\n\n\n\n<p class=\"wp-block-paragraph\">Die oben genannten Studien aus den Jahren 2025 und 2026 untermauern denselben Punkt: <strong>Die materialspezifische Oberfl\u00e4chenbehandlung ist entscheidend.<\/strong><\/p>\n\n\n\n<figure class=\"wp-block-image size-large\"><img decoding=\"async\" width=\"1024\" height=\"768\" src=\"https:\/\/artistdentallab.com\/wp-content\/uploads\/2026\/08\/Polished-vs-Glazed-Veneers-Which-Finish-Creates-More-Natural-Light-Reflection-4-1024x768.jpg\" alt=\"Polierte vs. glasierte Furnieroberfl\u00e4chen \u2013 Welche Oberfl\u00e4che sorgt f\u00fcr eine nat\u00fcrlichere Lichtreflexion?\" class=\"wp-image-1670\" title=\"\" srcset=\"https:\/\/artistdentallab.com\/wp-content\/uploads\/2026\/08\/Polished-vs-Glazed-Veneers-Which-Finish-Creates-More-Natural-Light-Reflection-4-1024x768.jpg 1024w, https:\/\/artistdentallab.com\/wp-content\/uploads\/2026\/08\/Polished-vs-Glazed-Veneers-Which-Finish-Creates-More-Natural-Light-Reflection-4-300x225.jpg 300w, https:\/\/artistdentallab.com\/wp-content\/uploads\/2026\/08\/Polished-vs-Glazed-Veneers-Which-Finish-Creates-More-Natural-Light-Reflection-4-768x576.jpg 768w, https:\/\/artistdentallab.com\/wp-content\/uploads\/2026\/08\/Polished-vs-Glazed-Veneers-Which-Finish-Creates-More-Natural-Light-Reflection-4-16x12.jpg 16w, https:\/\/artistdentallab.com\/wp-content\/uploads\/2026\/08\/Polished-vs-Glazed-Veneers-Which-Finish-Creates-More-Natural-Light-Reflection-4-500x375.jpg 500w, https:\/\/artistdentallab.com\/wp-content\/uploads\/2026\/08\/Polished-vs-Glazed-Veneers-Which-Finish-Creates-More-Natural-Light-Reflection-4-600x450.jpg 600w, https:\/\/artistdentallab.com\/wp-content\/uploads\/2026\/08\/Polished-vs-Glazed-Veneers-Which-Finish-Creates-More-Natural-Light-Reflection-4.jpg 1448w\" sizes=\"(max-width: 1024px) 100vw, 1024px\" \/><\/figure>\n\n\n\n<h2 class=\"wp-block-heading\">Die Verarbeitungsanweisung, die ich an ein Dentallabor senden w\u00fcrde<\/h2>\n\n\n\n<p class=\"wp-block-paragraph\">\u201cNat\u00fcrlicher Glanz.\u201d<\/p>\n\n\n\n<p class=\"wp-block-paragraph\">Diese Anweisung w\u00fcrde ich ablehnen.<\/p>\n\n\n\n<p class=\"wp-block-paragraph\">Es ist nicht messbar genug.<\/p>\n\n\n\n<p class=\"wp-block-paragraph\">Eine fundierte Verschreibung f\u00fcr vordere Porzellan-Veneers sollte dem Labor mitteilen, wie sich die Oberfl\u00e4che unter Lichteinwirkung verhalten soll.<\/p>\n\n\n\n<p class=\"wp-block-paragraph\">Zum Beispiel:<\/p>\n\n\n\n<p class=\"wp-block-paragraph\"><strong>Material:<\/strong> IPS e.max CAD MT<br><strong>Betroffener Zahn:<\/strong> #8<br><strong>Quelle:<\/strong> unbehandelt #9<br><strong>Endwert:<\/strong> #9 bei diffusem Tageslicht<br><strong>Hautbeschaffenheit im Gesicht:<\/strong> moderate sekund\u00e4re Anatomie<br><strong>Perikymata:<\/strong> nur das leichte, mittlere bis inzisale Drittel<br><strong>Reflexionsbreite:<\/strong> Spiegel #9 statt der gesamten Gesichtsbreite<br><strong>Zungenwurzel:<\/strong> leicht reduziert<br><strong>Anmerkung zum mittleren Drittel:<\/strong> \u00dcbereinstimmung #9<br><strong>Inzisale Ausformung:<\/strong> glattere, zur\u00fcckhaltendere Oberfl\u00e4chenanatomie<br><strong>Leitungswinkel:<\/strong> Spiegelbild des kontralateralen Zahns<br><strong>Fertigstellung:<\/strong> eine f\u00fcr das Material zugelassene Polier-\/Glasursequenz, die so ausgew\u00e4hlt wurde, dass sie die Referenzreflexion reproduziert<br><strong>Fotografie:<\/strong> Referenzbilder: frontal, im 45-Grad-Winkel, inzisal, polarisiert und bei seitlichem Lichteinfall<\/p>\n\n\n\n<p class=\"wp-block-paragraph\">Nun haben wir eine Fertigungsanleitung.<\/p>\n\n\n\n<p class=\"wp-block-paragraph\">\u201cMach es nat\u00fcrlich\u201d geh\u00f6rt nicht dazu.<\/p>\n\n\n\n<p class=\"wp-block-paragraph\">F\u00fcr komplexe Frontzahnbehandlungen: Die Anleitung von Artist Dental Lab zur Beurteilung <a href=\"https:\/\/artistdentallab.com\/de\/single-veneer-vs-multi-unit-veneers-why-matching-difficulty-changes\/\">Einzel- versus Mehrfach-Veneers<\/a> Dies ist besonders relevant, da ein unbehandelter benachbarter mittlerer Schneidezahn Unterschiede in Farbe, Transluzenz, Linienwinkeln, Textur und Glanz weitaus deutlicher hervorhebt als ein abgestimmter mehrgliedriger Fall.<\/p>\n\n\n\n<h2 class=\"wp-block-heading\">Was ich vor der Freigabe der endg\u00fcltigen Verblendungsoberfl\u00e4che \u00fcberpr\u00fcfen w\u00fcrde<\/h2>\n\n\n\n<p class=\"wp-block-paragraph\">Beurteilen Sie den Glanz nicht anhand eines einzigen Frontalaufnahmes.<\/p>\n\n\n\n<p class=\"wp-block-paragraph\">Verwenden Sie mehrere Bedingungen.<\/p>\n\n\n\n<h3 class=\"wp-block-heading\">1. Diffuses Licht pr\u00fcfen<\/h3>\n\n\n\n<p class=\"wp-block-paragraph\">Beh\u00e4lt das Furnier ohne einen starken Hotspot seinen richtigen Gesamtwert bei?<\/p>\n\n\n\n<h3 class=\"wp-block-heading\">2. Setzen Sie gerichtetes Seitenlicht ein<\/h3>\n\n\n\n<p class=\"wp-block-paragraph\">Dadurch werden Gesichtslappen, Mikrostruktur, flache Bereiche und \u00fcberm\u00e4\u00dfige Gl\u00e4ttung sichtbar.<\/p>\n\n\n\n<h3 class=\"wp-block-heading\">3. Vergleich der Reflexionsbreite<\/h3>\n\n\n\n<p class=\"wp-block-paragraph\">Die helle Reflexion in der Mitte sollte logisch zum benachbarten Zahn passen.<\/p>\n\n\n\n<p class=\"wp-block-paragraph\">Wenn der restaurierte mittlere Schneidezahn \u00fcber fast seine gesamte frontale Breite reflektiert, w\u00e4hrend der kontralaterale Zahn schmalere Reflexionsgrenzen aufweist, liegt das Problem m\u00f6glicherweise eher in der Kontur als in der Keramikfarbe.<\/p>\n\n\n\n<h3 class=\"wp-block-heading\">4. Schauen Sie in einem Winkel von 45 Grad<\/h3>\n\n\n\n<p class=\"wp-block-paragraph\">Eine Restauration kann von vorne betrachtet hervorragend aussehen, aus einem schr\u00e4gen Blickwinkel jedoch optisch zusammenfallen.<\/p>\n\n\n\n<h3 class=\"wp-block-heading\">5. Bewegung bewerten<\/h3>\n\n\n\n<p class=\"wp-block-paragraph\">Der Fokuspunkt sollte sich ganz nat\u00fcrlich mit der Ver\u00e4nderung der Kopfposition des Patienten verschieben.<\/p>\n\n\n\n<p class=\"wp-block-paragraph\">Standbilder verbergen dies.<\/p>\n\n\n\n<h3 class=\"wp-block-heading\">6. Beurteilen Sie die nasse Oberfl\u00e4che<\/h3>\n\n\n\n<p class=\"wp-block-paragraph\">Speichel ver\u00e4ndert die Art und Weise, wie Oberfl\u00e4chen mit Licht interagieren.<\/p>\n\n\n\n<p class=\"wp-block-paragraph\">Das Veneer befindet sich im Mund, nicht auf einem trockenen Labortisch.<\/p>\n\n\n\n<h3 class=\"wp-block-heading\">7. Vergleichen Sie die Textur, bevor Sie nach mehr Glanz fragen<\/h3>\n\n\n\n<p class=\"wp-block-paragraph\">Wenn eine Verblendung matt wirkt, lautet die instinktive Reaktion oft: \u201cPolier sie noch mehr.\u201d<\/p>\n\n\n\n<p class=\"wp-block-paragraph\">Wenn das eigentliche Problem jedoch in einer falschen Position der Linienwinkel oder einer \u00fcberm\u00e4\u00dfigen Konvexit\u00e4t des Gesichts liegt, kann das Hinzuf\u00fcgen von Glanz den Fehler noch st\u00e4rker hervorheben.<\/p>\n\n\n\n<p class=\"wp-block-paragraph\">Zuerst die Geometrie.<\/p>\n\n\n\n<p class=\"wp-block-paragraph\">Zweiter werden.<\/p>\n\n\n\n<h2 class=\"wp-block-heading\">FAQs<\/h2>\n\n\n\n<h3 class=\"wp-block-heading\">Sehen polierte Verblendungen nat\u00fcrlicher aus als glasierte Verblendungen?<\/h3>\n\n\n\n<p class=\"wp-block-paragraph\">Polierte Veneers k\u00f6nnen nat\u00fcrlicher wirken, wenn durch eine speziell auf Keramik abgestimmte Poliersequenz eine glatte Oberfl\u00e4che erzielt wird, wobei die patientenspezifische Oberfl\u00e4chenstruktur, die Winkel der \u00dcbergangslinien und lokale Glanzunterschiede erhalten bleiben; polierte Veneers sind jedoch nicht grunds\u00e4tzlich besser als glasierte Veneers, da Materialart, Poliersystem, Kontur, angrenzender Zahnschmelz und die Qualit\u00e4t der Endbearbeitung die wahrgenommene Nat\u00fcrlichkeit beeinflussen.<\/p>\n\n\n\n<p class=\"wp-block-paragraph\">Bei einem anspruchsvollen Frontzahnfall w\u00fcrde ich die endg\u00fcltige Reflexion lieber mit nat\u00fcrlichen Referenzz\u00e4hnen vergleichen, anstatt eine Oberfl\u00e4che allein anhand ihres Namens auszuw\u00e4hlen.<\/p>\n\n\n\n<h3 class=\"wp-block-heading\">Sehen glasierte Porzellan-Veneers zu gl\u00e4nzend aus?<\/h3>\n\n\n\n<p class=\"wp-block-paragraph\">Glasierte Porzellan-Veneers wirken zu gl\u00e4nzend, wenn ihre endg\u00fcltige Spiegelreflexion deutlich breiter, heller oder gleichm\u00e4\u00dfiger ist als der umgebende nat\u00fcrliche Zahnschmelz, insbesondere wenn eine zu dicke Glasurschicht die feine Gesichtsstruktur optisch unterdr\u00fcckt; eine sorgf\u00e4ltig kontrollierte Glasur kann dennoch ein \u00e4u\u00dferst nat\u00fcrliches Erscheinungsbild erzielen, wenn Glanz, Kontur, Oberfl\u00e4chenanatomie und benachbarte Z\u00e4hne aufeinander abgestimmt sind.<\/p>\n\n\n\n<p class=\"wp-block-paragraph\">Das Problem ist nicht die Glasur an sich. Das Problem ist die optische Fehlanpassung.<\/p>\n\n\n\n<h3 class=\"wp-block-heading\">Welche Furnieroberfl\u00e4che sorgt f\u00fcr die nat\u00fcrlichste Lichtreflexion?<\/h3>\n\n\n\n<p class=\"wp-block-paragraph\">Die Verblendungsoberfl\u00e4che, die die nat\u00fcrlichste Lichtreflexion erzeugt, ist die materialkompatible polierte oder glasierte Oberfl\u00e4che, deren Glanzintensit\u00e4t, Mikrostruktur, Oberfl\u00e4chenkr\u00fcmmung, \u00dcbergangswinkel und Breite der Reflexionszone den nat\u00fcrlichen Zahnschmelz des Patienten bei unterschiedlichen Beleuchtungsrichtungen am besten nachbilden, anstatt lediglich den h\u00f6chstm\u00f6glichen messbaren oder fotografisch erfassbaren Glanz zu erzeugen.<\/p>\n\n\n\n<p class=\"wp-block-paragraph\">Bei einem einzelnen zentralen Veneer dient der unbehandelte kontralaterale Zahn in der Regel als st\u00e4rkster visueller Bezugspunkt.<\/p>\n\n\n\n<h3 class=\"wp-block-heading\">K\u00f6nnen E.max-Veneers poliert statt glasiert werden?<\/h3>\n\n\n\n<p class=\"wp-block-paragraph\">E.max-Veneers k\u00f6nnen bei geeigneten IPS e.max CAD-Arbeitsabl\u00e4ufen mit zugelassenen Polierverfahren fertiggestellt werden, anstatt eine zus\u00e4tzliche Glasurschicht zu erhalten, da Ivoclar derzeit ein Verfahren beschreibt, bei dem die Restauration in ihrem vorkristallisierten Zustand auf Hochglanz poliert und anschlie\u00dfend ohne zus\u00e4tzliche Glasur oder individuelle \u00e4u\u00dfere Charakterisierung kristallisiert wird.<\/p>\n\n\n\n<p class=\"wp-block-paragraph\">Der genaue Ablauf muss weiterhin den aktuellen Anweisungen f\u00fcr das jeweilige Material und das jeweilige Herstellungsverfahren entsprechen.<\/p>\n\n\n\n<h3 class=\"wp-block-heading\">Wird durch das Polieren einer Porzellan-Verblendung deren Oberfl\u00e4chenstruktur entfernt?<\/h3>\n\n\n\n<p class=\"wp-block-paragraph\">Das Polieren einer Porzellanverblendung kann die Oberfl\u00e4chenstruktur verringern oder beseitigen, wenn \u00fcbersch\u00fcssiges Keramikmaterial mechanisch abgetragen wird. Eine kontrollierte, materialspezifische Polierabfolge kann jedoch mikroskopisch kleine Kratzer gl\u00e4tten und gleichzeitig gr\u00f6\u00dfere, beabsichtigte Merkmale wie Entwicklungslappen, \u00dcbergangswinkel, flache Rillen, Abnutzungsmerkmale und zur\u00fcckhaltende Perikymata erhalten, die die Lichtreflexion der Restauration beeinflussen.<\/p>\n\n\n\n<p class=\"wp-block-paragraph\">Ist die physische Anatomie einmal abgetragen, l\u00e4sst sie sich durch weiteres Polieren nicht wiederherstellen.<\/p>\n\n\n\n<h3 class=\"wp-block-heading\">Ist ein hoher Glanzgrad bei Porzellan-Veneers immer w\u00fcnschenswert?<\/h3>\n\n\n\n<p class=\"wp-block-paragraph\">Ein hoher Glanzgrad ist bei Porzellan-Veneers nicht immer w\u00fcnschenswert, da der nat\u00fcrliche Zahnschmelz nicht bei jedem Patienten, jedem Zahn, jeder Altersgruppe und jeder Gesichtsregion denselben Reflexionsgrad aufweist; das richtige Ziel ist eine glatte, leicht zu reinigende Keramikoberfl\u00e4che, deren Glanzverteilung den nat\u00fcrlichen Referenzwerten entspricht und die beabsichtigte Oberfl\u00e4chenanatomie der Restauration unterstreicht, anstatt sie zu \u00fcberdecken.<\/p>\n\n\n\n<p class=\"wp-block-paragraph\">Ein 55-j\u00e4hriger, abgenutzter Mittelschnitzer und ein jugendlicher, ungenutzter Seitenschnitzer sollten nicht automatisch die gleiche optische Gestaltung erhalten.<\/p>\n\n\n\n<h3 class=\"wp-block-heading\">Sollte ein Dentallabor eine einzelne zentrale Verblendung glasieren oder polieren?<\/h3>\n\n\n\n<p class=\"wp-block-paragraph\">Ein Dentallabor sollte sich bei einer einzelnen zentralen Verblendung f\u00fcr das Polieren, das Glasieren oder eine kontrollierte Kombination dieser Verfahren entscheiden, indem es Farbton, Textur, Breite der Reflexionszone, Oberfl\u00e4chenglanz und das Verhalten der Keramik an den unbehandelten kontralateralen Zahn anpasst, da eine Einzelrestauration direkt mit dem nat\u00fcrlichen Zahnschmelz verglichen wird und selbst kleine Abweichungen dort st\u00e4rker ins Auge fallen k\u00f6nnen als bei einem koordinierten Mehrfachfall.<\/p>\n\n\n\n<p class=\"wp-block-paragraph\">In solchen F\u00e4llen sind Fotos unter gerichtetem Licht aussagekr\u00e4ftiger als die Angabe \u201cHochglanz\u201d.\u201d<\/p>\n\n\n\n<h2 class=\"wp-block-heading\">Abschlie\u00dfende Gedanken: Empfehlen Sie die Reflexion, nicht den Begriff \u201cGloss\u201d<\/h2>\n\n\n\n<p class=\"wp-block-paragraph\">Die Debatte um polierte versus glasierte Furniere l\u00e4sst sich auf ansprechend einfache Weise kl\u00e4ren.<\/p>\n\n\n\n<p class=\"wp-block-paragraph\">Leider ist es das falsche.<\/p>\n\n\n\n<p class=\"wp-block-paragraph\"><strong>Polierte Verblendungen sehen nicht automatisch nat\u00fcrlicher aus. Glasierte Verblendungen sind nicht automatisch glatter, zumindest nicht in einer Weise, die \u00e4sthetisch von Bedeutung ist.<\/strong><\/p>\n\n\n\n<p class=\"wp-block-paragraph\">Die Ergebnisse zeigen, dass die Ergebnisse beim Polieren und Glasieren stark von der Keramikart, dem Oberfl\u00e4chenveredelungssystem und dem Verarbeitungsprotokoll abh\u00e4ngen. Forschungsergebnisse zeigen zudem, dass der Glanz nicht als Ersatz f\u00fcr die Transluzenz oder das allgemeine Lichtverhalten angesehen werden sollte.<\/p>\n\n\n\n<p class=\"wp-block-paragraph\">Klinisch gesehen kommt es auf die fertige Reflexion an.<\/p>\n\n\n\n<p class=\"wp-block-paragraph\">Ich w\u00fcrde ein Porzellan-Veneer danach beurteilen, ob seine Glanzbreite, Helligkeit, Textur, Linienwinkel, Transluzenz und sein Spiel bei wechselnder Beleuchtung mit den umgebenden Z\u00e4hnen harmonieren.<\/p>\n\n\n\n<p class=\"wp-block-paragraph\">Nicht daran, ob jemand behaupten kann, es sei glasiert gewesen.<\/p>\n\n\n\n<p class=\"wp-block-paragraph\">Nicht daran, ob jemand sagen kann, es sei ausgefeilt gewesen.<\/p>\n\n\n\n<p class=\"wp-block-paragraph\">Und schon gar nicht danach, wie intensiv es unter einem Ringlicht gl\u00e4nzt.<\/p>\n\n\n\n<p class=\"wp-block-paragraph\">F\u00fcr eine einzelne Frontzahnverblendung, einen Fall mit mehreren Verblendungen, eine Materialpr\u00fcfung f\u00fcr E.max oder einen Fall, bei dem die genaue Oberfl\u00e4chenstruktur und der Glanz vor der Herstellung mitgeteilt werden m\u00fcssen, senden Sie bitte die Referenzfotos, STL-Dateien, die Stumpf-Farbangabe, das genehmigte provisorische Design, die gew\u00fcnschte Keramik sowie das gew\u00fcnschte Reflexionsmuster an <a href=\"https:\/\/artistdentallab.com\/de\/contact\/\">Artist Dental Lab f\u00fcr Fallbesprechung und Beratung<\/a>.<\/p>\n\n\n\n<p class=\"wp-block-paragraph\"><strong>Legen Sie zun\u00e4chst das Lichtverhalten fest. W\u00e4hlen Sie dann die Oberfl\u00e4che aus, mit der sich dieses tats\u00e4chlich umsetzen l\u00e4sst.<\/strong><\/p>","protected":false},"excerpt":{"rendered":"<p>Sowohl polierte als auch glasierte Veneers k\u00f6nnen glatte, hochgl\u00e4nzende Keramikoberfl\u00e4chen erzielen, reflektieren das Licht jedoch nicht unbedingt auf dieselbe Weise. Hier erfahren Sie, warum Material, Mikrostruktur, Linienwinkel, Bearbeitungsablauf und Glanzgrad \u2013 und nicht einfach nur \u201cpoliert\u201d oder \u201cglasiert\u201d \u2013 dar\u00fcber entscheiden, ob Porzellan-Veneers nat\u00fcrlichem Zahnschmelz \u00e4hneln.<\/p>","protected":false},"author":1,"featured_media":1667,"comment_status":"open","ping_status":"open","sticky":false,"template":"","format":"standard","meta":{"footnotes":""},"categories":[36],"tags":[657,658,257,656,660,255,659,579],"class_list":["post-1666","post","type-post","status-publish","format-standard","has-post-thumbnail","hentry","category-products-materials","tag-dental-ceramic-polishing","tag-glazed-veneers","tag-natural-looking-veneers","tag-polished-veneers","tag-porcelain-veneer-gloss","tag-porcelain-veneers","tag-veneer-surface-finish","tag-veneer-surface-texture"],"blocksy_meta":{"styles_descriptor":{"styles":{"desktop":"","tablet":"","mobile":""},"google_fonts":[],"version":7}},"_links":{"self":[{"href":"https:\/\/artistdentallab.com\/de\/wp-json\/wp\/v2\/posts\/1666","targetHints":{"allow":["GET"]}}],"collection":[{"href":"https:\/\/artistdentallab.com\/de\/wp-json\/wp\/v2\/posts"}],"about":[{"href":"https:\/\/artistdentallab.com\/de\/wp-json\/wp\/v2\/types\/post"}],"author":[{"embeddable":true,"href":"https:\/\/artistdentallab.com\/de\/wp-json\/wp\/v2\/users\/1"}],"replies":[{"embeddable":true,"href":"https:\/\/artistdentallab.com\/de\/wp-json\/wp\/v2\/comments?post=1666"}],"version-history":[{"count":1,"href":"https:\/\/artistdentallab.com\/de\/wp-json\/wp\/v2\/posts\/1666\/revisions"}],"predecessor-version":[{"id":1671,"href":"https:\/\/artistdentallab.com\/de\/wp-json\/wp\/v2\/posts\/1666\/revisions\/1671"}],"wp:featuredmedia":[{"embeddable":true,"href":"https:\/\/artistdentallab.com\/de\/wp-json\/wp\/v2\/media\/1667"}],"wp:attachment":[{"href":"https:\/\/artistdentallab.com\/de\/wp-json\/wp\/v2\/media?parent=1666"}],"wp:term":[{"taxonomy":"category","embeddable":true,"href":"https:\/\/artistdentallab.com\/de\/wp-json\/wp\/v2\/categories?post=1666"},{"taxonomy":"post_tag","embeddable":true,"href":"https:\/\/artistdentallab.com\/de\/wp-json\/wp\/v2\/tags?post=1666"}],"curies":[{"name":"wp","href":"https:\/\/api.w.org\/{rel}","templated":true}]}}