{"id":1528,"date":"2026-07-13T08:31:37","date_gmt":"2026-07-13T08:31:37","guid":{"rendered":"https:\/\/artistdentallab.com\/"},"modified":"2026-07-13T08:34:29","modified_gmt":"2026-07-13T08:34:29","slug":"the-five-esthetic-goals-every-veneer-case-should-define-before-design","status":"publish","type":"post","link":"https:\/\/artistdentallab.com\/es\/the-five-esthetic-goals-every-veneer-case-should-define-before-design\/","title":{"rendered":"Los cinco objetivos est\u00e9ticos que todo caso de carillas debe definir antes del dise\u00f1o"},"content":{"rendered":"<p class=\"wp-block-paragraph\">El dise\u00f1o queda en segundo plano.<\/p>\n\n\n\n<p class=\"wp-block-paragraph\">Antes de que un t\u00e9cnico mueva un diente digital, antes de que un odont\u00f3logo apruebe un modelo en cera y, desde luego, antes de que nadie prepare el esmalte, el equipo debe ponerse de acuerdo sobre qu\u00e9 se pretende conseguir con la sonrisa final en el rostro, la boca y el \u00e1mbito funcional del paciente.<\/p>\n\n\n\n<p class=\"wp-block-paragraph\">\u00bfPor qu\u00e9 sigue siendo un tema pol\u00e9mico?<\/p>\n\n\n\n<p class=\"wp-block-paragraph\">Porque el mercado de las carillas dentales se ha obsesionado con las herramientas. Esc\u00e1neres intraorales. Esc\u00e1neres faciales. Bibliotecas CAD. Inteligencia artificial. Dise\u00f1o digital de la sonrisa. Disilicato de litio de alta translucidez. Sin embargo, ninguna de esas tecnolog\u00edas puede responder a la pregunta m\u00e1s b\u00e1sica: <strong>\u00bfQu\u00e9 es exactamente lo que queremos conseguir?<\/strong><\/p>\n\n\n\n<p class=\"wp-block-paragraph\">Mi opini\u00f3n sincera es que muchas de las carillas dentales que resultan decepcionantes no se deben a fallos de fabricaci\u00f3n, sino a que no se han definido bien los objetivos.<\/p>\n\n\n\n<p class=\"wp-block-paragraph\">\u201cNatural\u201d.\u201d<\/p>\n\n\n\n<p class=\"wp-block-paragraph\">\u201cBrillante\u201d.\u201d<\/p>\n\n\n\n<p class=\"wp-block-paragraph\">\u201cM\u00e1s lleno\u201d.\u201d<\/p>\n\n\n\n<p class=\"wp-block-paragraph\">\u201cDale a \u201dMe gusta\" a esta foto de Instagram\u00bb.\u201d<\/p>\n\n\n\n<p class=\"wp-block-paragraph\">Se trata de preferencias, no de instrucciones de dise\u00f1o. Un caso serio de carillas requiere objetivos cuantificables para la cara, los dientes, la enc\u00eda, el comportamiento \u00f3ptico y la funci\u00f3n. Cualquier cosa que no cumpla estos requisitos obliga al laboratorio a tomar decisiones cl\u00ednicas bas\u00e1ndose en conjeturas.<\/p>\n\n\n\n<figure class=\"wp-block-image size-full\"><img fetchpriority=\"high\" decoding=\"async\" width=\"900\" height=\"600\" src=\"https:\/\/artistdentallab.com\/wp-content\/uploads\/2026\/07\/Veneer-4-1.jpg\" alt=\"Chapa\" class=\"wp-image-1531\" title=\"\" srcset=\"https:\/\/artistdentallab.com\/wp-content\/uploads\/2026\/07\/Veneer-4-1.jpg 900w, https:\/\/artistdentallab.com\/wp-content\/uploads\/2026\/07\/Veneer-4-1-300x200.jpg 300w, https:\/\/artistdentallab.com\/wp-content\/uploads\/2026\/07\/Veneer-4-1-768x512.jpg 768w, https:\/\/artistdentallab.com\/wp-content\/uploads\/2026\/07\/Veneer-4-1-18x12.jpg 18w, https:\/\/artistdentallab.com\/wp-content\/uploads\/2026\/07\/Veneer-4-1-500x333.jpg 500w, https:\/\/artistdentallab.com\/wp-content\/uploads\/2026\/07\/Veneer-4-1-600x400.jpg 600w\" sizes=\"(max-width: 900px) 100vw, 900px\" \/><\/figure>\n\n\n\n<h2 class=\"wp-block-heading\">Cinco objetivos que convierten una solicitud est\u00e9tica en un pliego de condiciones de dise\u00f1o<\/h2>\n\n\n\n<p class=\"wp-block-paragraph\">La planificaci\u00f3n del tratamiento con carillas est\u00e9ticas debe definir cinco objetivos antes de comenzar el dise\u00f1o de las carillas de porcelana.<\/p>\n\n\n\n<figure class=\"wp-block-table\"><table class=\"has-fixed-layout\"><thead><tr><th>Objetivo est\u00e9tico<\/th><th>Decisiones que hay que definir<\/th><th>Documentaci\u00f3n necesaria<\/th><th>Fallos habituales cuando se ignoran<\/th><\/tr><\/thead><tbody><tr><td>Integraci\u00f3n del rostro y el contorno de los labios<\/td><td>L\u00ednea media, plano incisal, exposici\u00f3n dental, arco de la sonrisa, anchura visible de la cavidad<\/td><td>Fotograf\u00edas de reposo y sonriendo de cara completa, v\u00eddeo, vista de perfil<\/td><td>Dientes atractivos que parecen torcidos, largos, cortos o mal situados en el rostro<\/td><\/tr><tr><td>Proporci\u00f3n dental y jerarqu\u00eda visual<\/td><td>Dominancia central, relaciones entre anchura y longitud, embrasures, transici\u00f3n canina<\/td><td>Fotograf\u00edas retiradas, escaneos, maquetas y referencias aprobadas<\/td><td>Dientes planos, \u201cen forma de valla\u201d, sin ritmo visual<\/td><\/tr><tr><td>Arquitectura gingival<\/td><td>Posiciones cenitales, alturas de los tejidos, papilas, perfiles de emergencia<\/td><td>Ficha periodontal, fotograf\u00edas con retracci\u00f3n de enc\u00edas, exploraciones de los tejidos<\/td><td>Se atribuye a la cer\u00e1mica la asimetr\u00eda creada por el tejido<\/td><\/tr><tr><td>Identidad \u00f3ptica y caracter\u00edsticas de la superficie<\/td><td>Valor, cromaticidad, translucidez, opacidad, textura, brillo, control del sombreado con estop\u00edn<\/td><td>Fotograf\u00edas de la sombra, sombra del mu\u00f1\u00f3n, im\u00e1genes con polarizaci\u00f3n cruzada, referencias de los dientes adyacentes<\/td><td>Carillas que coinciden con una muestra de color, pero que siguen pareciendo artificiales<\/td><\/tr><tr><td>Est\u00e9tica funcional<\/td><td>Posici\u00f3n del borde incisal, fon\u00e9tica, gu\u00eda oclusal, sobremordida, parafunci\u00f3n, limitaciones de los materiales<\/td><td>Registros de la mordida, movimientos, pruebas fon\u00e9ticas, evaluaci\u00f3n oclusal<\/td><td>Restauraciones est\u00e9ticas que se astillan, se desprenden, desgastan los dientes opuestos u obligan a realizar movimientos mandibulares antinaturales<\/td><\/tr><\/tbody><\/table><\/figure>\n\n\n\n<p class=\"wp-block-paragraph\">Este es el resumen del proyecto.<\/p>\n\n\n\n<p class=\"wp-block-paragraph\">El laboratorio no deber\u00eda recibir una solicitud imprecisa del tipo \u201chaced ocho carillas\u201d. Deber\u00eda recibir una jerarqu\u00eda de resultados, soluciones de compromiso aceptables y l\u00edmites innegociables.<\/p>\n\n\n\n<h2 class=\"wp-block-heading\">Objetivo 1: Lograr que las carillas se integren perfectamente en el rostro<\/h2>\n\n\n\n<p class=\"wp-block-paragraph\">Una carilla se dise\u00f1a para un diente, pero se eval\u00faa en el rostro.<\/p>\n\n\n\n<p class=\"wp-block-paragraph\">Esa distinci\u00f3n es importante porque un dise\u00f1o anterior puede parecer perfectamente equilibrado en una fotograf\u00eda recortada y retrucada, mientras que puede parecer inclinado, demasiado grande o extra\u00f1amente centrado cuando los labios, la nariz, el ment\u00f3n y los ojos vuelven a aparecer en el encuadre.<\/p>\n\n\n\n<h3 class=\"wp-block-heading\">Define las tres l\u00edneas medias<\/h3>\n\n\n\n<p class=\"wp-block-paragraph\">Como m\u00ednimo, documenta:<\/p>\n\n\n\n<ul class=\"wp-block-list\">\n<li>La l\u00ednea media del rostro<\/li>\n\n\n\n<li>La l\u00ednea media dental maxilar existente<\/li>\n\n\n\n<li>La l\u00ednea media restauradora propuesta<\/li>\n<\/ul>\n\n\n\n<p class=\"wp-block-paragraph\">Puede que no coincidan. Eso no supone necesariamente un problema.<\/p>\n\n\n\n<p class=\"wp-block-paragraph\">El problema surge cuando nadie aclara qui\u00e9n debe encargarse del caso.<\/p>\n\n\n\n<p class=\"wp-block-paragraph\">Considero que una discrepancia de 1 mm es un punto que hay que revisar en el dise\u00f1o, no un fallo autom\u00e1tico. A partir de los 2 mm, el equipo deber\u00eda mantener un debate expl\u00edcito. Las desviaciones mayores pueden requerir una planificaci\u00f3n ortod\u00f3ntica, periodontal, restauradora o un compromiso consensuado, en lugar de una correcci\u00f3n silenciosa mediante carillas m\u00e1s anchas o m\u00e1s estrechas.<\/p>\n\n\n\n<p class=\"wp-block-paragraph\">La gu\u00eda de la p\u00e1gina web sobre <a href=\"https:\/\/artistdentallab.com\/es\/how-to-maintain-midline-and-symmetry-in-multi-veneer-cases\/\">C\u00f3mo mantener la l\u00ednea media y la simetr\u00eda en casos con m\u00faltiples carillas<\/a> Ampl\u00eda este punto: la l\u00ednea media facial, la l\u00ednea media dental, el \u00e1ngulo incisal, la relaci\u00f3n entre los incisivos centrales y la asimetr\u00eda gingival deben registrarse de forma independiente.<\/p>\n\n\n\n<p class=\"wp-block-paragraph\">Una l\u00ednea no es suficiente.<\/p>\n\n\n\n<h3 class=\"wp-block-heading\">Definir la posici\u00f3n del borde incisal antes de dar forma al diente<\/h3>\n\n\n\n<p class=\"wp-block-paragraph\">El borde incisal determina algo m\u00e1s que la longitud aparente del diente. Influye en la exposici\u00f3n del diente en reposo, en el arco de la sonrisa, en la fon\u00e9tica, en el apoyo labial, en la gu\u00eda anterior y en el aspecto m\u00e1s o menos juvenil de la sonrisa.<\/p>\n\n\n\n<p class=\"wp-block-paragraph\">Antes de empezar a dise\u00f1ar, toma nota de lo siguiente:<\/p>\n\n\n\n<ul class=\"wp-block-list\">\n<li>Apariencia de los incisivos maxilares en reposo<\/li>\n\n\n\n<li>Exposici\u00f3n de los dientes incisivos durante una sonrisa natural<\/li>\n\n\n\n<li>M\u00e1xima expresi\u00f3n de la sonrisa<\/li>\n\n\n\n<li>Relaci\u00f3n con la curvatura del labio inferior<\/li>\n\n\n\n<li>\u201cLa fon\u00e9tica de las letras \u201dF\u201c, \u201dV\u201c y \u201dS\u00bb<\/li>\n\n\n\n<li>Desgaste actual y aumento previsto de la longitud<\/li>\n\n\n\n<li>Si el paciente acepta que se vea m\u00e1s el diente<\/li>\n<\/ul>\n\n\n\n<p class=\"wp-block-paragraph\">Un dise\u00f1o digital de la sonrisa puede mostrar unos dientes m\u00e1s largos. No puede demostrar que el paciente vaya a hablar con comodidad con ellos.<\/p>\n\n\n\n<p class=\"wp-block-paragraph\">Por eso desconf\u00edo de la planificaci\u00f3n basada \u00fanicamente en fotograf\u00edas est\u00e1ticas. Un v\u00eddeo en el que se muestra una sonrisa natural suele revelar asimetr\u00edas en los labios, la postura de la cabeza, compensaciones musculares y la exposici\u00f3n de los dientes que una fotograf\u00eda cuidadosamente posada oculta.<\/p>\n\n\n\n<p class=\"wp-block-paragraph\">Un estudio que analiza <a href=\"https:\/\/pubmed.ncbi.nlm.nih.gov\/21195262\/\" rel=\"nofollow noopener\" target=\"_blank\">La est\u00e9tica de la sonrisa desde la perspectiva del rostro completo de una persona sin conocimientos especializados<\/a> Esto refuerza la idea general: las variables est\u00e9ticas se eval\u00faan de forma diferente cuando se ve todo el rostro, en lugar de solo los dientes y la parte inferior del rostro.<\/p>\n\n\n\n<p class=\"wp-block-paragraph\">Los pacientes buscan un resultado que se note a simple vista. Deber\u00edamos dise\u00f1ar uno.<\/p>\n\n\n\n<h2 class=\"wp-block-heading\">Objetivo 2: Establecer una jerarqu\u00eda dental, no una simetr\u00eda mec\u00e1nica<\/h2>\n\n\n\n<p class=\"wp-block-paragraph\">Los dientes perfectamente iguales quedan raros.<\/p>\n\n\n\n<p class=\"wp-block-paragraph\">Normalmente, los incisivos centrales deben ser el centro de atenci\u00f3n. Los incisivos laterales deben realzarlos, en lugar de competir con ellos. Los caninos deben dirigir la sonrisa hacia la zona posterior, en lugar de parecer dos incisivos centrales m\u00e1s.<\/p>\n\n\n\n<p class=\"wp-block-paragraph\">Esto es la jerarqu\u00eda visual.<\/p>\n\n\n\n<h3 class=\"wp-block-heading\">El dominio central debe ser deliberado<\/h3>\n\n\n\n<p class=\"wp-block-paragraph\">Para cada incisivo central, define:<\/p>\n\n\n\n<ul class=\"wp-block-list\">\n<li>Duraci\u00f3n prevista<\/li>\n\n\n\n<li>Ancho aparente<\/li>\n\n\n\n<li>\u00c1ngulos de las l\u00edneas faciales<\/li>\n\n\n\n<li>Forma del borde incisal<\/li>\n\n\n\n<li>Posici\u00f3n de contacto<\/li>\n\n\n\n<li>Desarrollo de la embocadura<\/li>\n\n\n\n<li>Grado de simetr\u00eda entre los dos centrales<\/li>\n<\/ul>\n\n\n\n<p class=\"wp-block-paragraph\">No te f\u00edes de una proporci\u00f3n \u00e1urea universal. Los rostros no son hojas de c\u00e1lculo, y las dimensiones dentales que funcionan para un paciente pueden parecer absurdas en otro.<\/p>\n\n\n\n<p class=\"wp-block-paragraph\">La pregunta m\u00e1s \u00fatil es esta: <strong>\u00bfQu\u00e9 dientes deber\u00eda fijarse primero, segundo y tercero?<\/strong><\/p>\n\n\n\n<p class=\"wp-block-paragraph\">Esa jerarqu\u00eda puede controlarse mediante los \u00e1ngulos de las l\u00edneas, la anchura visible, la longitud, el valor, la textura y la progresi\u00f3n de la abertura. Un t\u00e9cnico puede hacer que un diente parezca m\u00e1s estrecho sin reducir dr\u00e1sticamente su anchura f\u00edsica, simplemente desplazando hacia dentro los \u00e1ngulos de las l\u00edneas reflectantes.<\/p>\n\n\n\n<p class=\"wp-block-paragraph\">Eso es un dise\u00f1o aut\u00e9ntico de carillas de porcelana. No se trata simplemente de arrastrar un contorno en CAD.<\/p>\n\n\n\n<h3 class=\"wp-block-heading\">Decide qu\u00e9 asimetr\u00edas debes corregir<\/h3>\n\n\n\n<p class=\"wp-block-paragraph\">El dise\u00f1o de la sonrisa basado en los rasgos faciales no consiste en forzar que todos los rasgos tengan una simetr\u00eda matem\u00e1tica. Consiste en identificar qu\u00e9 asimetr\u00edas distraen la mirada y cu\u00e1les hacen que la sonrisa resulte cre\u00edble.<\/p>\n\n\n\n<p class=\"wp-block-paragraph\">Las diferencias controladas en el desgaste incisal, la expresi\u00f3n de los l\u00f3bulos, la textura de la superficie o la rotaci\u00f3n de los incisivos laterales pueden dar vida. Las diferencias aleatorias en la anchura central, la altura gingival o el plano incisal crean desorden.<\/p>\n\n\n\n<p class=\"wp-block-paragraph\">Mi norma es sencilla:<\/p>\n\n\n\n<p class=\"wp-block-paragraph\"><strong>Corregir la asimetr\u00eda estructural. Conservar el rasgo biol\u00f3gico seleccionado.<\/strong><\/p>\n\n\n\n<p class=\"wp-block-paragraph\">Un paciente que pida carillas \u201cperfectas\u201d puede que, en realidad, lo que quiera sea una alineaci\u00f3n limpia y un color uniforme, y no ocho bloques de cer\u00e1mica id\u00e9nticos. En la consulta con la maqueta se deben diferenciar esos conceptos antes de aprobar el dise\u00f1o definitivo.<\/p>\n\n\n\n<h2 class=\"wp-block-heading\">Objetivo 3: Determinar qu\u00e9 permite \u2014y qu\u00e9 no permite\u2014 la enc\u00eda<\/h2>\n\n\n\n<p class=\"wp-block-paragraph\">La cer\u00e1mica no puede competir con la biolog\u00eda.<\/p>\n\n\n\n<p class=\"wp-block-paragraph\">Si los cenites gingivales son irregulares, las papilas son insuficientes, existe una retracci\u00f3n activa o la arquitectura del tejido no se ajusta a las dimensiones previstas para los dientes, es necesario identificar el problema antes de que la planificaci\u00f3n del caso de carillas pase a la fase de dise\u00f1o definitivo.<\/p>\n\n\n\n<p class=\"wp-block-paragraph\">De lo contrario, ocurre una de estas tres cosas:<\/p>\n\n\n\n<ol class=\"wp-block-list\">\n<li>El t\u00e9cnico crea contornos cervicales largos o voluminosos para disimular las discrepancias en los tejidos.<\/li>\n\n\n\n<li>El odont\u00f3logo solicita que se vuelva a realizar el trabajo debido a una asimetr\u00eda que ya exist\u00eda antes de la preparaci\u00f3n.<\/li>\n\n\n\n<li>El paciente descubre que los \u201cdientes nuevos\u201d no han dado lugar al contorno gingival que se mostraba en la simulaci\u00f3n.<\/li>\n<\/ol>\n\n\n\n<p class=\"wp-block-paragraph\">Ninguno de estos es un problema relacionado con la cer\u00e1mica.<\/p>\n\n\n\n<h3 class=\"wp-block-heading\">Registrar la arquitectura tisular<\/h3>\n\n\n\n<p class=\"wp-block-paragraph\">El expediente de anteproyecto debe indicar:<\/p>\n\n\n\n<ul class=\"wp-block-list\">\n<li>M\u00e1rgenes gingivales, diente a diente<\/li>\n\n\n\n<li>Ubicaciones de Zenith<\/li>\n\n\n\n<li>Relleno de papila<\/li>\n\n\n\n<li>Recesi\u00f3n<\/li>\n\n\n\n<li>Tri\u00e1ngulos negros<\/li>\n\n\n\n<li>Biotipo<\/li>\n\n\n\n<li>Historia del alargamiento de la corona<\/li>\n\n\n\n<li>Inflamaci\u00f3n de los tejidos<\/li>\n\n\n\n<li>Intervenci\u00f3n periodontal u ortod\u00f3ntica programada<\/li>\n\n\n\n<li>Plazo entre el tratamiento del tejido y la exploraci\u00f3n final<\/li>\n<\/ul>\n\n\n\n<p class=\"wp-block-paragraph\">El equipo tambi\u00e9n debe decidir si la asimetr\u00eda tisular se corregir\u00e1, se disimular\u00e1 visualmente o se aceptar\u00e1 tal cual.<\/p>\n\n\n\n<p class=\"wp-block-paragraph\">Dilo sin rodeos.<\/p>\n\n\n\n<p class=\"wp-block-paragraph\">Una representaci\u00f3n digital con un perfil gingival idealizado puede convertirse en una imagen comercial peligrosa cuando el plan cl\u00ednico no incluye una forma de conseguir esa posici\u00f3n del tejido. Considero que se trata menos de un error de comunicaci\u00f3n que de un error de consentimiento.<\/p>\n\n\n\n<h3 class=\"wp-block-heading\">Controlar la brotaci\u00f3n sin que se forme un mont\u00f3n<\/h3>\n\n\n\n<p class=\"wp-block-paragraph\">Una carilla puede modificar el contorno facial, pero su influencia sobre la zona cervical es limitada. Si se modula en exceso el contorno de la cer\u00e1mica para cerrar un tri\u00e1ngulo negro o simular un \u00e1pice diferente, se puede crear una restauraci\u00f3n gruesa que retenga la placa y resulte pesada vista de perfil.<\/p>\n\n\n\n<p class=\"wp-block-paragraph\">Es aqu\u00ed donde la preparaci\u00f3n prudente deja de ser un mero eslogan.<\/p>\n\n\n\n<p class=\"wp-block-paragraph\">El art\u00edculo sobre <a href=\"https:\/\/artistdentallab.com\/es\/how-important-is-enamel-preservation-in-veneer-preparation\/\">conservaci\u00f3n del esmalte en la preparaci\u00f3n de carillas<\/a> establece la distinci\u00f3n correcta: el objetivo no es autom\u00e1ticamente una \u201cpreparaci\u00f3n cero\u201d. Se trata de la reducci\u00f3n m\u00ednima que permita obtener un espacio de restauraci\u00f3n adecuado y uniformemente distribuido, al tiempo que se conserva un sustrato de adhesi\u00f3n favorable.<\/p>\n\n\n\n<p class=\"wp-block-paragraph\">Lo minimalista no siempre es conservador.<\/p>\n\n\n\n<p class=\"wp-block-paragraph\">Una preparaci\u00f3n dental inadecuada en la que se coloque una cer\u00e1mica de gran volumen puede resultar menos conservadora, tanto desde el punto de vista biol\u00f3gico como est\u00e9tico, que una preparaci\u00f3n controlada guiada por un modelo de prueba validado.<\/p>\n\n\n\n<figure class=\"wp-block-image size-full\"><img decoding=\"async\" width=\"900\" height=\"600\" src=\"https:\/\/artistdentallab.com\/wp-content\/uploads\/2026\/07\/Veneer-3-1.jpg\" alt=\"Chapa\" class=\"wp-image-1530\" title=\"\" srcset=\"https:\/\/artistdentallab.com\/wp-content\/uploads\/2026\/07\/Veneer-3-1.jpg 900w, https:\/\/artistdentallab.com\/wp-content\/uploads\/2026\/07\/Veneer-3-1-300x200.jpg 300w, https:\/\/artistdentallab.com\/wp-content\/uploads\/2026\/07\/Veneer-3-1-768x512.jpg 768w, https:\/\/artistdentallab.com\/wp-content\/uploads\/2026\/07\/Veneer-3-1-18x12.jpg 18w, https:\/\/artistdentallab.com\/wp-content\/uploads\/2026\/07\/Veneer-3-1-500x333.jpg 500w, https:\/\/artistdentallab.com\/wp-content\/uploads\/2026\/07\/Veneer-3-1-600x400.jpg 600w\" sizes=\"(max-width: 900px) 100vw, 900px\" \/><\/figure>\n\n\n\n<h2 class=\"wp-block-heading\">Objetivo 4: Definir la identidad \u00f3ptica antes de seleccionar la cer\u00e1mica<\/h2>\n\n\n\n<p class=\"wp-block-paragraph\">La sombra no es un dise\u00f1o.<\/p>\n\n\n\n<p class=\"wp-block-paragraph\">Una designaci\u00f3n de color VITA, como A1 o BL3, no describe la distribuci\u00f3n del valor, el croma cervical, la translucidez incisal, la opacidad, la fluorescencia, la intensidad del halo, la caracterizaci\u00f3n interna, la textura de la superficie ni el brillo.<\/p>\n\n\n\n<p class=\"wp-block-paragraph\">Y, sin embargo, los laboratorios siguen recibiendo recetas en las que se indica: \u201cOcho unidades, A1, natural\u201d.\u201d<\/p>\n\n\n\n<p class=\"wp-block-paragraph\">\u00bfNatural para qui\u00e9n?<\/p>\n\n\n\n<h3 class=\"wp-block-heading\">Separar el valor, la cromaticidad y la translucidez<\/h3>\n\n\n\n<p class=\"wp-block-paragraph\">El equipo deber\u00eda decidir:<\/p>\n\n\n\n<ul class=\"wp-block-list\">\n<li>\u00bfQu\u00e9 intensidad debe tener la sonrisa final?<\/li>\n\n\n\n<li>Si la funda debe adaptarse a los dientes adyacentes o crear un nuevo valor est\u00e9tico para la sonrisa completa<\/li>\n\n\n\n<li>\u00bfQu\u00e9 parte de la sombra del toc\u00f3n subyacente hay que enmascarar?<\/li>\n\n\n\n<li>Si la translucidez deber\u00eda aumentar hacia el tercio incisal<\/li>\n\n\n\n<li>Tanto si el paciente busca un aspecto juvenil y radiante como una sobriedad propia de la madurez<\/li>\n\n\n\n<li>\u00bfQu\u00e9 grado de visibilidad deben tener los efectos internos a distancia conversacional?<\/li>\n\n\n\n<li>Si el acabado final debe ser de alto brillo, satinado o con textura envejecida<\/li>\n<\/ul>\n\n\n\n<p class=\"wp-block-paragraph\">El disilicato de litio, cuya f\u00f3rmula qu\u00edmica es Li\u2082Si\u2082O\u2085, permite realizar restauraciones adheridas resistentes y de gran est\u00e9tica. La porcelana feldesp\u00e1tica ofrece una delicada estratificaci\u00f3n \u00f3ptica y caracterizaci\u00f3n de la superficie. La circonia, ZrO\u2082, puede proporcionar un mayor poder de enmascaramiento u opciones mec\u00e1nicas en determinados casos.<\/p>\n\n\n\n<p class=\"wp-block-paragraph\">Sin embargo, la elecci\u00f3n del material debe ajustarse al objetivo \u00f3ptico, no sustituirlo.<\/p>\n\n\n\n<h3 class=\"wp-block-heading\">El tono \u00abStump Shade\u00bb forma parte del color final<\/h3>\n\n\n\n<p class=\"wp-block-paragraph\">Las carillas dentales finas funcionan como un sistema \u00f3ptico compuesto por:<\/p>\n\n\n\n<ul class=\"wp-block-list\">\n<li>Cer\u00e1mica<\/li>\n\n\n\n<li>Espesor de la cer\u00e1mica<\/li>\n\n\n\n<li>Color de la preparaci\u00f3n<\/li>\n\n\n\n<li>Valor de la resina-cemento<\/li>\n\n\n\n<li>Textura de la superficie<\/li>\n\n\n\n<li>Hidrataci\u00f3n<\/li>\n\n\n\n<li>Iluminaci\u00f3n<\/li>\n\n\n\n<li>Esmalte natural adyacente<\/li>\n<\/ul>\n\n\n\n<p class=\"wp-block-paragraph\">Por lo tanto, el laboratorio necesita informaci\u00f3n sobre el color del mu\u00f1\u00f3n siempre que el sustrato pueda influir en el resultado. No basta con una sola fotograf\u00eda del color del mu\u00f1\u00f3n tomada sin retraer el tejido, bajo una luz anular.<\/p>\n\n\n\n<p class=\"wp-block-paragraph\">La fotograf\u00eda con polarizaci\u00f3n cruzada puede ayudar a diferenciar el color interno del reflejo superficial. Resulta \u00fatil utilizar una escala de colores calibrada situada en el mismo plano que el diente. Tambi\u00e9n es recomendable fotografiar la preparaci\u00f3n antes de que la deshidrataci\u00f3n altere su valor aparente.<\/p>\n\n\n\n<p class=\"wp-block-paragraph\">La lista de comprobaci\u00f3n detallada para <a href=\"https:\/\/artistdentallab.com\/es\/what-information-must-be-submitted-to-the-lab-for-anterior-veneer-cases\/\">env\u00edo de casos de carillas frontales al laboratorio<\/a> incluye la documentaci\u00f3n pr\u00e1ctica: escaneos de la arcada completa, dentici\u00f3n opuesta, oclusi\u00f3n, m\u00e1rgenes, tonos de los mu\u00f1ones, tono final, im\u00e1genes de la preparaci\u00f3n, fotograf\u00edas faciales, riesgos funcionales y referencias aprobadas por el paciente.<\/p>\n\n\n\n<p class=\"wp-block-paragraph\">Entrega las pruebas al laboratorio.<\/p>\n\n\n\n<h3 class=\"wp-block-heading\">La textura determina si el color parece real<\/h3>\n\n\n\n<p class=\"wp-block-paragraph\">He aqu\u00ed una cruda realidad del sector: los t\u00e9cnicos y los odont\u00f3logos suelen achacar a la tonalidad los casos que, en realidad, fracasan debido al contorno y al reflejo superficial.<\/p>\n\n\n\n<p class=\"wp-block-paragraph\">Una superficie facial plana genera un reflejo amplio y uniforme. Un esmaltado excesivo puede aumentar el valor aparente. Los \u00e1ngulos incorrectos de las l\u00edneas pueden hacer que el incisivo central parezca m\u00e1s ancho. Una cer\u00e1mica excesivamente lisa puede parecer artificial, incluso cuando los tonos coincidan t\u00e9cnicamente.<\/p>\n\n\n\n<p class=\"wp-block-paragraph\">El esmalte natural, compuesto en gran parte por hidroxiapatita \u2014Ca\u2081\u2080(PO\u2084)\u2086(OH)\u2082\u2014, no es una superficie \u00f3pticamente uniforme. Sus l\u00f3bulos, surcos de desarrollo, desgaste, microtextura y brillo variable refractan la luz formando un patr\u00f3n que el ojo reconoce como un diente.<\/p>\n\n\n\n<p class=\"wp-block-paragraph\">El an\u00e1lisis que hace la web de <a href=\"https:\/\/artistdentallab.com\/es\/why-surface-texture-determines-realism-in-anterior-cases\/\">textura superficial en las restauraciones anteriores<\/a> resulta \u00fatil en este caso porque distingue entre macrotextura, microtextura, brillo, car\u00e1cter incisal y contorno cervical, en lugar de englobarlo todo bajo el t\u00e9rmino \u201cnatural\u201d.\u201d<\/p>\n\n\n\n<p class=\"wp-block-paragraph\">Se debe indicar la textura.<\/p>\n\n\n\n<h2 class=\"wp-block-heading\">Objetivo 5: Crear un resultado est\u00e9tico que perdure m\u00e1s all\u00e1 de la funcionalidad<\/h2>\n\n\n\n<p class=\"wp-block-paragraph\">La funcionalidad forma parte de la belleza.<\/p>\n\n\n\n<p class=\"wp-block-paragraph\">Un caso de carillas que presenta un aspecto excelente en una fotograf\u00eda est\u00e1tica, pero que dificulta el habla, provoca un contacto protrusivo intenso, bloquea la mand\u00edbula o se fractura debido a una parafunci\u00f3n, no constituye un \u00e9xito est\u00e9tico. Se trata de una imagen temporal.<\/p>\n\n\n\n<h3 class=\"wp-block-heading\">Define los l\u00edmites funcionales antes de aumentar la longitud<\/h3>\n\n\n\n<p class=\"wp-block-paragraph\">Antes de aprobar un aumento de la longitud incisal, eval\u00faa:<\/p>\n\n\n\n<ul class=\"wp-block-list\">\n<li>Sobremordida y sobreproyecci\u00f3n existentes<\/li>\n\n\n\n<li>\u00c1mbito de aplicaci\u00f3n<\/li>\n\n\n\n<li>Contactos salientes<\/li>\n\n\n\n<li>Orientaci\u00f3n canina o actividad en grupo<\/li>\n\n\n\n<li>Movimiento de extremo a extremo<\/li>\n\n\n\n<li>Riesgo de mordida profunda<\/li>\n\n\n\n<li>Bruxismo o apretamiento de los dientes<\/li>\n\n\n\n<li>Material de restauraci\u00f3n de contraste<\/li>\n\n\n\n<li>Patr\u00f3n de desgaste actual<\/li>\n\n\n\n<li>Respuesta fon\u00e9tica a la maqueta<\/li>\n\n\n\n<li>Necesidad de un tratamiento ortod\u00f3ntico u oclusal<\/li>\n<\/ul>\n\n\n\n<p class=\"wp-block-paragraph\">No se debe recurrir a un material cer\u00e1mico para corregir un diagn\u00f3stico funcional no tratado.<\/p>\n\n\n\n<p class=\"wp-block-paragraph\">Las orientaciones sobre <a href=\"https:\/\/artistdentallab.com\/es\/can-veneers-be-used-directly-in-deep-bite-or-edge-to-edge-cases\/\">carillas en casos de mordida profunda y de \u00abborde a borde\u00bb<\/a> plantea el mismo argumento: estos casos son problemas tanto de ingenier\u00eda como est\u00e9ticos, y la colocaci\u00f3n directa de carillas puede resultar insegura si no se crea espacio, se corrige la oclusi\u00f3n, se aplica un tratamiento de ortodoncia o se sigue un plan de restauraci\u00f3n diferente.<\/p>\n\n\n\n<h3 class=\"wp-block-heading\">Los datos a largo plazo avalan la planificaci\u00f3n controlada<\/h3>\n\n\n\n<p class=\"wp-block-paragraph\">Los datos cl\u00ednicos son mejores de lo que sugieren las historias alarmistas que circulan en las redes sociales, pero solo cuando se controlan la selecci\u00f3n de casos, la adhesi\u00f3n, el sustrato, el dise\u00f1o y el mantenimiento.<\/p>\n\n\n\n<p class=\"wp-block-paragraph\">Un an\u00e1lisis de 2021 sobre las carillas laminadas de porcelana indicaba una cifra estimada de <a href=\"https:\/\/pubmed.ncbi.nlm.nih.gov\/33807504\/\" rel=\"nofollow noopener\" target=\"_blank\">Tasa de supervivencia acumulada a 10 a\u00f1os del 95,51 TP3T<\/a>. Es una cifra impresionante, pero eso no significa que podamos pasar por alto la conservaci\u00f3n del esmalte, la carga funcional, la geometr\u00eda de la preparaci\u00f3n o las condiciones de adhesi\u00f3n.<\/p>\n\n\n\n<p class=\"wp-block-paragraph\">En un ensayo cl\u00ednico aleatorizado independiente de 10 a\u00f1os de duraci\u00f3n, en el que se compararon las carillas indirectas de composite y las de cer\u00e1mica, se obtuvieron unas probabilidades de supervivencia de <a href=\"https:\/\/pubmed.ncbi.nlm.nih.gov\/31181242\/\" rel=\"nofollow noopener\" target=\"_blank\">75% para composites indirectos y 100% para carillas cer\u00e1micas<\/a>. El material fue un factor importante en ese estudio. Tambi\u00e9n lo fue el protocolo cl\u00ednico controlado en el que se bas\u00f3.<\/p>\n\n\n\n<p class=\"wp-block-paragraph\">El \u00e9xito deja pistas.<\/p>\n\n\n\n<p class=\"wp-block-paragraph\">Estos estudios no demuestran que todas las carillas cer\u00e1micas vayan a durar diez a\u00f1os, ni que la porcelana sea adecuada para todos los pacientes. Lo que s\u00ed demuestran es que el tratamiento con carillas puede dar muy buenos resultados cuando el diagn\u00f3stico y la ejecuci\u00f3n se llevan a cabo con rigor.<\/p>\n\n\n\n<h2 class=\"wp-block-heading\">La lista de comprobaci\u00f3n previa al dise\u00f1o que yo exigir\u00eda<\/h2>\n\n\n\n<p class=\"wp-block-paragraph\">Antes de que un t\u00e9cnico comience con el dise\u00f1o digital de la sonrisa para las carillas, necesitar\u00eda un informe del caso aprobado que incluya la siguiente informaci\u00f3n.<\/p>\n\n\n\n<h3 class=\"wp-block-heading\">Registros faciales<\/h3>\n\n\n\n<ul class=\"wp-block-list\">\n<li>Fotograf\u00eda de rostro completo en reposo<\/li>\n\n\n\n<li>Sonrisa natural de cara completa<\/li>\n\n\n\n<li>Sonrisa radiante<\/li>\n\n\n\n<li>Vistas a 45 grados a la derecha y a la izquierda<\/li>\n\n\n\n<li>Perfil<\/li>\n\n\n\n<li>Breve v\u00eddeo en el que se aprecia c\u00f3mo habla y sonr\u00ede de forma espont\u00e1nea<\/li>\n\n\n\n<li>L\u00ednea media facial y referencia horizontal<\/li>\n<\/ul>\n\n\n\n<h3 class=\"wp-block-heading\">Registros intraorales y digitales<\/h3>\n\n\n\n<ul class=\"wp-block-list\">\n<li>Escaneo de toda la arcada en formato STL o PLY<\/li>\n\n\n\n<li>Arco opuesto<\/li>\n\n\n\n<li>Registro preciso de la oclusi\u00f3n<\/li>\n\n\n\n<li>Fotograf\u00edas frontales y laterales con la lengua retra\u00edda<\/li>\n\n\n\n<li>Vistas oclusales<\/li>\n\n\n\n<li>Exploraci\u00f3n de preparaci\u00f3n o pre-preparaci\u00f3n<\/li>\n\n\n\n<li>Identificaci\u00f3n de m\u00e1rgenes<\/li>\n\n\n\n<li>Contactos oclusales existentes y registros de movimiento<\/li>\n<\/ul>\n\n\n\n<h3 class=\"wp-block-heading\">Instrucciones est\u00e9ticas<\/h3>\n\n\n\n<ul class=\"wp-block-list\">\n<li>L\u00ednea media de restauraci\u00f3n prevista<\/li>\n\n\n\n<li>Posici\u00f3n del borde incisal<\/li>\n\n\n\n<li>Longitud de los incisivos centrales y anchura aparente<\/li>\n\n\n\n<li>Jerarqu\u00eda de los incisivos laterales<\/li>\n\n\n\n<li>Transici\u00f3n canina<\/li>\n\n\n\n<li>Progresi\u00f3n de la embrasura<\/li>\n\n\n\n<li>Limitaciones gingivales<\/li>\n\n\n\n<li>Valor final y cromaticidad<\/li>\n\n\n\n<li>Translucidez y objetivos de enmascaramiento<\/li>\n\n\n\n<li>Textura y brillo de la superficie<\/li>\n\n\n\n<li>Asimetr\u00edas autorizadas<\/li>\n\n\n\n<li>Caracter\u00edsticas que no deben copiarse<\/li>\n<\/ul>\n\n\n\n<h3 class=\"wp-block-heading\">Instrucciones biol\u00f3gicas y funcionales<\/h3>\n\n\n\n<ul class=\"wp-block-list\">\n<li>Disponibilidad de esmalte<\/li>\n\n\n\n<li>Exposici\u00f3n de la dentina<\/li>\n\n\n\n<li>Sombra de toc\u00f3n<\/li>\n\n\n\n<li>Estado periodontal<\/li>\n\n\n\n<li>Parafunci\u00f3n<\/li>\n\n\n\n<li>Riesgo de mordida profunda o de borde a borde<\/li>\n\n\n\n<li>Orientaci\u00f3n prevista<\/li>\n\n\n\n<li>Resultados fon\u00e9ticos<\/li>\n\n\n\n<li>Plan de f\u00e9rulas nocturnas<\/li>\n\n\n\n<li>Limitaciones de los materiales<\/li>\n<\/ul>\n\n\n\n<h3 class=\"wp-block-heading\">Autorizaci\u00f3n del paciente<\/h3>\n\n\n\n<p class=\"wp-block-paragraph\">El paciente debe dar su visto bueno a la maqueta o al resultado provisional en el rostro, mientras habla y bajo una iluminaci\u00f3n realista, y no solo en una pantalla.<\/p>\n\n\n\n<p class=\"wp-block-paragraph\">Documentar los cambios solicitados.<\/p>\n\n\n\n<p class=\"wp-block-paragraph\">A continuaci\u00f3n, congela el objetivo.<\/p>\n\n\n\n<p class=\"wp-block-paragraph\">Un laboratorio no puede reproducir de forma sistem\u00e1tica un dise\u00f1o que va cambiando constantemente entre el modelo en cera, la cita de preparaci\u00f3n, la fase provisional y la aprobaci\u00f3n final de la cer\u00e1mica.<\/p>\n\n\n\n<h2 class=\"wp-block-heading\">La cruda realidad sobre el dise\u00f1o digital de la sonrisa<\/h2>\n\n\n\n<p class=\"wp-block-paragraph\">El dise\u00f1o digital de la sonrisa para carillas es un sistema de comunicaci\u00f3n y visualizaci\u00f3n, no un diagn\u00f3stico en s\u00ed mismo.<\/p>\n\n\n\n<p class=\"wp-block-paragraph\">Permite comparar la longitud de los dientes. Permite mostrar proporciones alternativas. Ayuda al paciente a comprender el cambio propuesto. Permite trasladar un plan aprobado a un modelo de cera, un mock-up, una pr\u00f3tesis provisional y un flujo de trabajo CAD.<\/p>\n\n\n\n<p class=\"wp-block-paragraph\">Pero tambi\u00e9n puede hacer que las suposiciones err\u00f3neas parezcan bien fundamentadas.<\/p>\n\n\n\n<p class=\"wp-block-paragraph\">Una superposici\u00f3n digital sim\u00e9trica no permite diagnosticar la inestabilidad periodontal. Un arco de sonrisa perfecto no eval\u00faa la fon\u00e9tica. Una representaci\u00f3n brillante no revela el efecto de los tonos oscuros de los mu\u00f1ones. Una simulaci\u00f3n en 2D no demuestra que el contorno facial propuesto se ajuste al grosor de cer\u00e1mica disponible.<\/p>\n\n\n\n<p class=\"wp-block-paragraph\">El software genera confianza r\u00e1pidamente.<\/p>\n\n\n\n<p class=\"wp-block-paragraph\">A veces, demasiado r\u00e1pido.<\/p>\n\n\n\n<p class=\"wp-block-paragraph\">El m\u00e9dico sigue siendo el responsable del diagn\u00f3stico. El paciente es el responsable de su preferencia informada. El laboratorio es el responsable de la interpretaci\u00f3n t\u00e9cnica. La previsibilidad solo se da cuando esas responsabilidades se separan y, a continuaci\u00f3n, se coordinan.<\/p>\n\n\n\n<figure class=\"wp-block-image size-full\"><img decoding=\"async\" width=\"900\" height=\"600\" src=\"https:\/\/artistdentallab.com\/wp-content\/uploads\/2026\/07\/Veneer-2-1.jpg\" alt=\"Chapa\" class=\"wp-image-1529\" title=\"\" srcset=\"https:\/\/artistdentallab.com\/wp-content\/uploads\/2026\/07\/Veneer-2-1.jpg 900w, https:\/\/artistdentallab.com\/wp-content\/uploads\/2026\/07\/Veneer-2-1-300x200.jpg 300w, https:\/\/artistdentallab.com\/wp-content\/uploads\/2026\/07\/Veneer-2-1-768x512.jpg 768w, https:\/\/artistdentallab.com\/wp-content\/uploads\/2026\/07\/Veneer-2-1-18x12.jpg 18w, https:\/\/artistdentallab.com\/wp-content\/uploads\/2026\/07\/Veneer-2-1-500x333.jpg 500w, https:\/\/artistdentallab.com\/wp-content\/uploads\/2026\/07\/Veneer-2-1-600x400.jpg 600w\" sizes=\"(max-width: 900px) 100vw, 900px\" \/><\/figure>\n\n\n\n<h2 class=\"wp-block-heading\">Preguntas frecuentes<\/h2>\n\n\n\n<h3 class=\"wp-block-heading\">\u00bfCu\u00e1les son los cinco objetivos est\u00e9ticos de las carillas dentales?<\/h3>\n\n\n\n<p class=\"wp-block-paragraph\">Los cinco objetivos est\u00e9ticos de las carillas dentales son la integraci\u00f3n facial y con el contorno labial, la proporci\u00f3n equilibrada de los dientes y la jerarqu\u00eda visual, una arquitectura gingival compatible, una identidad \u00f3ptica definida y una est\u00e9tica funcional capaz de resistir el habla y la carga oclusal. Cada objetivo debe ser cuantificable y estar aprobado antes de que comience la preparaci\u00f3n o el dise\u00f1o en el laboratorio.<\/p>\n\n\n\n<p class=\"wp-block-paragraph\">En conjunto, estos objetivos convierten una vaga petici\u00f3n de car\u00e1cter est\u00e9tico en un pliego de condiciones cl\u00ednico y de laboratorio.<\/p>\n\n\n\n<h3 class=\"wp-block-heading\">\u00bfC\u00f3mo debe planificar un dentista un caso de carillas antes de su dise\u00f1o?<\/h3>\n\n\n\n<p class=\"wp-block-paragraph\">Un odont\u00f3logo debe planificar un caso de carillas documentando el rostro del paciente, el movimiento de los labios, la l\u00ednea media de la restauraci\u00f3n, la posici\u00f3n del borde incisal, la jerarqu\u00eda dental, los l\u00edmites gingivales, el color del mu\u00f1\u00f3n, las preferencias \u00f3pticas, la oclusi\u00f3n, la fon\u00e9tica y los riesgos funcionales. A continuaci\u00f3n, el paciente debe aprobar una maqueta f\u00edsica o digital que refleje estos objetivos definidos.<\/p>\n\n\n\n<p class=\"wp-block-paragraph\">La selecci\u00f3n de materiales y el dise\u00f1o de la preparaci\u00f3n final deben ajustarse a dicha aprobaci\u00f3n, en lugar de anticiparse a ella.<\/p>\n\n\n\n<h3 class=\"wp-block-heading\">\u00bfEn qu\u00e9 consiste el dise\u00f1o de la sonrisa basado en los rasgos faciales?<\/h3>\n\n\n\n<p class=\"wp-block-paragraph\">El dise\u00f1o de la sonrisa basado en el rostro es un m\u00e9todo de planificaci\u00f3n que posiciona los dientes teniendo en cuenta la l\u00ednea media facial del paciente, la din\u00e1mica labial, la exposici\u00f3n dental, el arco de la sonrisa, el perfil y las expresiones naturales, en lugar de dise\u00f1ar los dientes a partir de mediciones intraorales aisladas. Eval\u00faa la restauraci\u00f3n en el contexto del rostro completo, que es donde los pacientes ven realmente el resultado.<\/p>\n\n\n\n<p class=\"wp-block-paragraph\">Por lo tanto, las fotograf\u00edas de rostro completo y los v\u00eddeos en los que se muestra una sonrisa natural resultan m\u00e1s \u00fatiles que una simple imagen recortada en la que se ve la boca retra\u00edda.<\/p>\n\n\n\n<h3 class=\"wp-block-heading\">\u00bfEs necesario el dise\u00f1o digital de la sonrisa para las carillas de porcelana?<\/h3>\n\n\n\n<p class=\"wp-block-paragraph\">El dise\u00f1o digital de la sonrisa es un m\u00e9todo \u00fatil de visualizaci\u00f3n y comunicaci\u00f3n para las carillas de porcelana, pero no es obligatorio y no puede sustituir al diagn\u00f3stico cl\u00ednico, a las pruebas funcionales, a la evaluaci\u00f3n periodontal ni a una maqueta verificada. Su valor depende de la precisi\u00f3n de los registros y de la calidad de las decisiones introducidas en el software.<\/p>\n\n\n\n<p class=\"wp-block-paragraph\">Un modelo de cera manual con datos de referencia excelentes puede ofrecer mejores resultados que un plan digital sofisticado basado en hip\u00f3tesis poco s\u00f3lidas.<\/p>\n\n\n\n<h3 class=\"wp-block-heading\">\u00bfQu\u00e9 informaci\u00f3n hay que enviar al laboratorio dental para las carillas?<\/h3>\n\n\n\n<p class=\"wp-block-paragraph\">El laboratorio dental debe recibir escaneos de la arcada completa, la arcada opuesta, una oclusi\u00f3n precisa, fotograf\u00edas faciales y con retracci\u00f3n, referencias de la l\u00ednea media y del plano incisal, los colores definitivos y de los mu\u00f1ones, los detalles de la preparaci\u00f3n, las limitaciones de los tejidos, los riesgos oclusales, las preferencias de textura y un modelo en cera, un mock-up o una referencia provisional aprobados que muestren el resultado deseado.<\/p>\n\n\n\n<p class=\"wp-block-paragraph\">En las instrucciones tambi\u00e9n debe explicarse qu\u00e9 aspectos puede modificar el t\u00e9cnico y cu\u00e1les deben permanecer fijos.<\/p>\n\n\n\n<h3 class=\"wp-block-heading\">\u00bfSe debe elegir el material de las carillas antes de dise\u00f1ar la sonrisa?<\/h3>\n\n\n\n<p class=\"wp-block-paragraph\">El material de la carilla debe seleccionarse una vez definidos los objetivos biol\u00f3gicos, \u00f3pticos, espaciales y funcionales, ya que el disilicato de litio, la porcelana feldesp\u00e1tica, la zirconia y las opciones a base de resina resuelven problemas distintos. Seleccionar un material demasiado pronto puede obligar a que la preparaci\u00f3n y el dise\u00f1o se adapten a la cer\u00e1mica en lugar de al paciente.<\/p>\n\n\n\n<p class=\"wp-block-paragraph\">Empieza por el resultado deseado, el sustrato, el espacio disponible, las necesidades de enmascaramiento y el riesgo oclusal.<\/p>\n\n\n\n<h2 class=\"wp-block-heading\">Define el caso antes de dise\u00f1arlo<\/h2>\n\n\n\n<p class=\"wp-block-paragraph\">Antes de enviar tu pr\u00f3ximo caso de carillas al laboratorio, celebra una reuni\u00f3n previa al dise\u00f1o de diez minutos.<\/p>\n\n\n\n<p class=\"wp-block-paragraph\">Define la l\u00ednea media de la restauraci\u00f3n. Marca el borde incisal previsto. Indica qu\u00e9 dientes deben destacar en la sonrisa. Registra los l\u00edmites de los tejidos. Especifica el valor, la translucidez, la textura y el brillo. Comprueba la fon\u00e9tica y los movimientos. A continuaci\u00f3n, confirma lo que el paciente ha aprobado realmente.<\/p>\n\n\n\n<p class=\"wp-block-paragraph\">No env\u00edes \u201cA1, natural, ocho unidades\u201d.\u201d<\/p>\n\n\n\n<p class=\"wp-block-paragraph\">Env\u00eda un contrato de dise\u00f1o.<\/p>\n\n\n\n<p class=\"wp-block-paragraph\">Para la revisi\u00f3n de material, la evaluaci\u00f3n de archivos digitales, la planificaci\u00f3n de casos de prueba o una consulta t\u00e9cnica sobre un flujo de trabajo de carillas de varias unidades, env\u00eda el caso completo a trav\u00e9s de la <a href=\"https:\/\/artistdentallab.com\/es\/contact\/\">P\u00e1gina de consulta y presupuesto de Artist Dental Lab<\/a>.<\/p>\n\n\n\n<p class=\"wp-block-paragraph\"><\/p>","protected":false},"excerpt":{"rendered":"<p>Las carillas dentales bonitas no se crean simplemente eligiendo una cer\u00e1mica y abriendo un programa de CAD. El dise\u00f1o predecible de una sonrisa con carillas comienza por definir cinco resultados est\u00e9ticos cuantificables que el dentista, el paciente y el laboratorio deben comprender antes de que comience la preparaci\u00f3n o el dise\u00f1o digital.<\/p>","protected":false},"author":1,"featured_media":1532,"comment_status":"open","ping_status":"open","sticky":false,"template":"","format":"standard","meta":{"footnotes":""},"categories":[37],"tags":[288,252,552,550,553,484,551,549],"class_list":["post-1528","post","type-post","status-publish","format-standard","has-post-thumbnail","hentry","category-client-cases-workflow","tag-anterior-esthetics","tag-dental-veneers","tag-digital-smile-design","tag-esthetic-veneer-treatment-planning","tag-facially-driven-smile-design","tag-porcelain-veneer-design","tag-veneer-case-planning","tag-veneer-smile-design"],"blocksy_meta":{"styles_descriptor":{"styles":{"desktop":"","tablet":"","mobile":""},"google_fonts":[],"version":7}},"_links":{"self":[{"href":"https:\/\/artistdentallab.com\/es\/wp-json\/wp\/v2\/posts\/1528","targetHints":{"allow":["GET"]}}],"collection":[{"href":"https:\/\/artistdentallab.com\/es\/wp-json\/wp\/v2\/posts"}],"about":[{"href":"https:\/\/artistdentallab.com\/es\/wp-json\/wp\/v2\/types\/post"}],"author":[{"embeddable":true,"href":"https:\/\/artistdentallab.com\/es\/wp-json\/wp\/v2\/users\/1"}],"replies":[{"embeddable":true,"href":"https:\/\/artistdentallab.com\/es\/wp-json\/wp\/v2\/comments?post=1528"}],"version-history":[{"count":1,"href":"https:\/\/artistdentallab.com\/es\/wp-json\/wp\/v2\/posts\/1528\/revisions"}],"predecessor-version":[{"id":1533,"href":"https:\/\/artistdentallab.com\/es\/wp-json\/wp\/v2\/posts\/1528\/revisions\/1533"}],"wp:featuredmedia":[{"embeddable":true,"href":"https:\/\/artistdentallab.com\/es\/wp-json\/wp\/v2\/media\/1532"}],"wp:attachment":[{"href":"https:\/\/artistdentallab.com\/es\/wp-json\/wp\/v2\/media?parent=1528"}],"wp:term":[{"taxonomy":"category","embeddable":true,"href":"https:\/\/artistdentallab.com\/es\/wp-json\/wp\/v2\/categories?post=1528"},{"taxonomy":"post_tag","embeddable":true,"href":"https:\/\/artistdentallab.com\/es\/wp-json\/wp\/v2\/tags?post=1528"}],"curies":[{"name":"wp","href":"https:\/\/api.w.org\/{rel}","templated":true}]}}