{"id":1547,"date":"2026-07-16T07:34:09","date_gmt":"2026-07-16T07:34:09","guid":{"rendered":"https:\/\/artistdentallab.com\/"},"modified":"2026-07-16T07:38:57","modified_gmt":"2026-07-16T07:38:57","slug":"why-value-matters-more-than-the-shade-tab-in-veneer-esthetics","status":"publish","type":"post","link":"https:\/\/artistdentallab.com\/es\/why-value-matters-more-than-the-shade-tab-in-veneer-esthetics\/","title":{"rendered":"Por qu\u00e9 el valor es m\u00e1s importante que la pesta\u00f1a de color en la est\u00e9tica de las carillas"},"content":{"rendered":"<p class=\"wp-block-paragraph\">Las pesta\u00f1as de sombra pueden llevar a confusi\u00f3n.<\/p>\n\n\n\n<p class=\"wp-block-paragraph\">Cuando una carilla lleva la designaci\u00f3n correcta A1, B1, BL3 u OM2, pero sigue pareciendo plana, gris, calc\u00e1rea o extra\u00f1amente separada de los dientes adyacentes, el error suele deberse a que se ha considerado el c\u00f3digo de tono como una prescripci\u00f3n \u00f3ptica completa.<\/p>\n\n\n\n<p class=\"wp-block-paragraph\">Entonces, \u00bfpor qu\u00e9 seguimos actuando como si dos letras y un n\u00famero pudieran describir un diente natural?<\/p>\n\n\n\n<p class=\"wp-block-paragraph\">El valor es m\u00e1s importante que la pesta\u00f1a de tonos, ya que es el valor el que determina el grado de claridad u oscuridad de la restauraci\u00f3n. El ojo percibe esa relaci\u00f3n de brillo antes de empezar a analizar diferencias m\u00e1s sutiles en los tonos amarillos, rojos y grises, la translucidez o la saturaci\u00f3n cervical.<\/p>\n\n\n\n<p class=\"wp-block-paragraph\">Un revestimiento con el tono correcto pero con un valor excesivo resulta artificial a primera vista. Un tono ligeramente imperfecto pero con el valor correcto suele resultar visualmente aceptable a una distancia normal de conversaci\u00f3n.<\/p>\n\n\n\n<p class=\"wp-block-paragraph\">Esa es la inc\u00f3moda verdad que se esconde tras muchas nuevas versiones superficiales.<\/p>\n\n\n\n<h2 class=\"wp-block-heading\">La pesta\u00f1a \u00abTono\u00bb es una etiqueta, no un diagn\u00f3stico \u00f3ptico<\/h2>\n\n\n\n<p class=\"wp-block-paragraph\">Una pesta\u00f1a de sombra nos sirve de punto de referencia. Nada m\u00e1s.<\/p>\n\n\n\n<p class=\"wp-block-paragraph\">No transmite del todo:<\/p>\n\n\n\n<ul class=\"wp-block-list\">\n<li>La importancia de los tercios cervical, medio e incisal<\/li>\n\n\n\n<li>La sombra del toc\u00f3n bajo la cer\u00e1mica<\/li>\n\n\n\n<li>Espesor del esmalte<\/li>\n\n\n\n<li>Translucidez incisal<\/li>\n\n\n\n<li>Opalescencia<\/li>\n\n\n\n<li>Fluorescencia<\/li>\n\n\n\n<li>Textura de la superficie<\/li>\n\n\n\n<li>Brillo<\/li>\n\n\n\n<li>Espesor de la cer\u00e1mica<\/li>\n\n\n\n<li>Influencia de la resina y el cemento<\/li>\n\n\n\n<li>El efecto de los dientes adyacentes y de la enc\u00eda<\/li>\n<\/ul>\n\n\n\n<p class=\"wp-block-paragraph\">El sistema de colores de Munsell, ampliamente utilizado, divide el color en tono, croma y valor. El tono identifica la familia de colores b\u00e1sica, el croma describe su saturaci\u00f3n y el valor describe su claridad o oscuridad relativa.<\/p>\n\n\n\n<p class=\"wp-block-paragraph\">A la hora de seleccionar el color de una carilla, por lo general se debe evaluar primero el valor, seguido del croma y, por \u00faltimo, el tono. Ese orden tambi\u00e9n se ve respaldado por las directrices cl\u00ednicas resumidas en el art\u00edculo revisado por pares <a href=\"https:\/\/pmc.ncbi.nlm.nih.gov\/articles\/PMC9015060\/\" rel=\"nofollow noopener\" target=\"_blank\">Revisi\u00f3n de la selecci\u00f3n de tonos en odontolog\u00eda est\u00e9tica<\/a>.<\/p>\n\n\n\n<p class=\"wp-block-paragraph\">Esta secuencia es importante porque los errores de valores llaman mucho la atenci\u00f3n a simple vista.<\/p>\n\n\n\n<p class=\"wp-block-paragraph\">La cer\u00e1mica de alto valor puede parecer opaca, calc\u00e1rea, ancha o excesivamente blanca. La cer\u00e1mica de bajo valor puede parecer gris, apagada, hundida o sin vida. La restauraci\u00f3n puede pertenecer t\u00e9cnicamente a la familia de tonos A o B correcta y, aun as\u00ed, resultar fallida en cuanto el paciente sonr\u00eda.<\/p>\n\n\n\n<p class=\"wp-block-paragraph\">Antes de seleccionar cualquier pesta\u00f1a, se debe definir el objetivo \u00f3ptico junto con los dem\u00e1s <a href=\"https:\/\/artistdentallab.com\/es\/the-five-esthetic-goals-every-veneer-case-should-define-before-design\/\">Objetivos est\u00e9ticos que deben tenerse en cuenta antes de dise\u00f1ar las carillas<\/a>. La sombra es solo una parte de ese pliego de condiciones.<\/p>\n\n\n\n<figure class=\"wp-block-image size-full\"><img fetchpriority=\"high\" decoding=\"async\" width=\"940\" height=\"788\" src=\"https:\/\/artistdentallab.com\/wp-content\/uploads\/2026\/07\/Veneer-Esthetics-1.jpg\" alt=\"Est\u00e9tica de las carillas\" class=\"wp-image-1549\" title=\"\" srcset=\"https:\/\/artistdentallab.com\/wp-content\/uploads\/2026\/07\/Veneer-Esthetics-1.jpg 940w, https:\/\/artistdentallab.com\/wp-content\/uploads\/2026\/07\/Veneer-Esthetics-1-300x251.jpg 300w, https:\/\/artistdentallab.com\/wp-content\/uploads\/2026\/07\/Veneer-Esthetics-1-768x644.jpg 768w, https:\/\/artistdentallab.com\/wp-content\/uploads\/2026\/07\/Veneer-Esthetics-1-14x12.jpg 14w, https:\/\/artistdentallab.com\/wp-content\/uploads\/2026\/07\/Veneer-Esthetics-1-500x419.jpg 500w, https:\/\/artistdentallab.com\/wp-content\/uploads\/2026\/07\/Veneer-Esthetics-1-600x503.jpg 600w\" sizes=\"(max-width: 940px) 100vw, 940px\" \/><\/figure>\n\n\n\n<h2 class=\"wp-block-heading\">\u00bfQu\u00e9 factor es realmente determinante en la est\u00e9tica de las carillas?<\/h2>\n\n\n\n<p class=\"wp-block-paragraph\">En el modelo de color L*a*b* de la CIE, L* representa la luminosidad en una escala que va del negro al blanco. La coordenada a* describe el eje rojo-verde, mientras que b* describe el eje amarillo-azul.<\/p>\n\n\n\n<p class=\"wp-block-paragraph\">Los profesionales cl\u00ednicos no necesitan calcular todas las coordenadas en la consulta. Pero s\u00ed deben comprender la jerarqu\u00eda.<\/p>\n\n\n\n<p class=\"wp-block-paragraph\">El valor influye en varias percepciones visuales a la vez.<\/p>\n\n\n\n<h3 class=\"wp-block-heading\">Tama\u00f1o aparente del diente<\/h3>\n\n\n\n<p class=\"wp-block-paragraph\">Las zonas con un valor m\u00e1s alto tienden a llamar la atenci\u00f3n y a parecer m\u00e1s prominentes. Un incisivo central fabricado con un valor excesivo puede parecer m\u00e1s ancho o m\u00e1s dominante, incluso cuando sus dimensiones f\u00edsicas sean correctas.<\/p>\n\n\n\n<p class=\"wp-block-paragraph\">Las zonas de menor valor parecen situarse m\u00e1s atr\u00e1s. Esto puede hacer que una restauraci\u00f3n parezca m\u00e1s estrecha, m\u00e1s profunda o m\u00e1s gris que la contigua.<\/p>\n\n\n\n<p class=\"wp-block-paragraph\">Por eso, los \u00e1ngulos de las l\u00edneas y el reflejo de la superficie no pueden separarse de la elecci\u00f3n del color dental. Desplazar hacia dentro los \u00e1ngulos reflectantes de las l\u00edneas puede hacer que un diente parezca m\u00e1s estrecho. Aplanar la superficie facial puede crear un \u00fanico reflejo amplio y hacer que ese mismo diente parezca m\u00e1s brillante y m\u00e1s ancho.<\/p>\n\n\n\n<h3 class=\"wp-block-heading\">Profundidad y vitalidad<\/h3>\n\n\n\n<p class=\"wp-block-paragraph\">Un diente anterior natural no es un bloque de color uniforme.<\/p>\n\n\n\n<p class=\"wp-block-paragraph\">Su tercio cervical suele presentar mayor cromaticidad. El tercio medio suele servir como referencia principal de valor. El tercio incisal contiene diversas combinaciones de translucidez, halo, mamelones, opalescencia y oscuridad oral reflejada.<\/p>\n\n\n\n<p class=\"wp-block-paragraph\">Una chapa puede coincidir con la pesta\u00f1a del tercio central, aunque se pierda por completo esa distribuci\u00f3n.<\/p>\n\n\n\n<p class=\"wp-block-paragraph\">El resultado suele describirse como \u201cdemasiado opaco\u201d, \u201cdemasiado blanco\u201d o \u201cpoco natural\u201d. Estas quejas pueden parecer vagas, pero a menudo se deben a un mapa de valores incorrecto, m\u00e1s que a una elecci\u00f3n err\u00f3nea de la gama de tonos.<\/p>\n\n\n\n<h3 class=\"wp-block-heading\">Integraci\u00f3n con los dientes adyacentes<\/h3>\n\n\n\n<p class=\"wp-block-paragraph\">Los casos de carillas unitarias ponen de manifiesto sin piedad los errores en la valoraci\u00f3n.<\/p>\n\n\n\n<p class=\"wp-block-paragraph\">En un caso de ocho o diez unidades, el laboratorio puede crear un nuevo entorno \u00f3ptico en toda la sonrisa. Con una o dos restauraciones, la cer\u00e1mica debe convivir con los dientes naturales, cuyo aspecto var\u00eda en funci\u00f3n del \u00e1ngulo, la hidrataci\u00f3n, la textura y la iluminaci\u00f3n.<\/p>\n\n\n\n<p class=\"wp-block-paragraph\">Eso es m\u00e1s dif\u00edcil.<\/p>\n\n\n\n<p class=\"wp-block-paragraph\">Por lo tanto, el t\u00e9cnico necesita algo m\u00e1s que un \u201cA1\u201d. El t\u00e9cnico debe saber si la restauraci\u00f3n debe mimetizarse con la dentici\u00f3n adyacente o si, por el contrario, debe crear un tono de sonrisa deliberadamente m\u00e1s brillante.<\/p>\n\n\n\n<h2 class=\"wp-block-heading\">Las cifras ponen de manifiesto la fragilidad de una elecci\u00f3n arbitraria del tono<\/h2>\n\n\n\n<p class=\"wp-block-paragraph\">Un estudio realizado en 2024 compar\u00f3 la selecci\u00f3n visual, la fotograf\u00eda dental, la espectrofotometr\u00eda y un esc\u00e1ner intraoral. Se utilizaron seis casos de coronas de referencia y se fabricaron 24 restauraciones.<\/p>\n\n\n\n<p class=\"wp-block-paragraph\">Los investigadores comunicaron las siguientes diferencias medias de color seg\u00fan el \u00edndice CIEDE2000:<\/p>\n\n\n\n<figure class=\"wp-block-table\"><table class=\"has-fixed-layout\"><thead><tr><th>M\u00e9todo de selecci\u00f3n de tonos<\/th><th>Media de \u0394E00<\/th><th>Lo que sugiere el resultado<\/th><\/tr><\/thead><tbody><tr><td>Selecci\u00f3n visual con VITA 3D-Master<\/td><td>2.74<\/td><td>Cerca del umbral de aceptabilidad del estudio, fijado en 2,7, aunque ligeramente por encima de este<\/td><\/tr><tr><td>Fotograf\u00eda dental<\/td><td>3.62<\/td><td>Mayor desajuste medio en este protocolo<\/td><\/tr><tr><td>Espectrofot\u00f3metro<\/td><td>2.13<\/td><td>Desajuste medio m\u00e1s bajo<\/td><\/tr><tr><td>Esc\u00e1ner intraoral<\/td><td>3.50<\/td><td>Por encima del umbral de aceptabilidad establecido<\/td><\/tr><\/tbody><\/table><\/figure>\n\n\n\n<p class=\"wp-block-paragraph\">Las diferencias entre los grupos no alcanzaron la significaci\u00f3n estad\u00edstica al nivel elegido para el estudio, pero las cifras brutas merecen, no obstante, ser tenidas en cuenta. El espectrofot\u00f3metro arroj\u00f3 el valor medio de \u0394E00 m\u00e1s bajo, mientras que la fotograf\u00eda sin procesar arroj\u00f3 el m\u00e1s alto.<\/p>\n\n\n\n<p class=\"wp-block-paragraph\">El protocolo visual no fue aleatorio. Se utiliz\u00f3 una iluminaci\u00f3n D65 de aproximadamente 6500 K, un fondo negro, una distancia de observaci\u00f3n de 25-30 cm, el sistema VITA 3D-Master y un descanso visual de 20 minutos antes de la selecci\u00f3n. Primero se seleccion\u00f3 el valor, luego la cromaticidad y, por \u00faltimo, el tono.<\/p>\n\n\n\n<p class=\"wp-block-paragraph\">Ese nivel de control dista mucho de lo que supone sostener una l\u00e1mina A1 junto a un diente deshidratado bajo la luz del consultorio.<\/p>\n\n\n\n<p class=\"wp-block-paragraph\">Los investigadores llegaron a la conclusi\u00f3n de que la espectrofotometr\u00eda pod\u00eda recomendarse para su uso rutinario y que la fotograf\u00eda requer\u00eda una mayor estandarizaci\u00f3n, incluyendo el control con tarjeta gris y la polarizaci\u00f3n cruzada.<\/p>\n\n\n\n<p class=\"wp-block-paragraph\">Esta es mi interpretaci\u00f3n sin rodeos: comprar una c\u00e1mara no equivale a establecer un protocolo de sombreado.<\/p>\n\n\n\n<p class=\"wp-block-paragraph\">Una fotograf\u00eda mal estandarizada puede dar una falsa sensaci\u00f3n de confianza a pesar de tener una resoluci\u00f3n excelente.<\/p>\n\n\n\n<h2 class=\"wp-block-heading\">Por qu\u00e9 A1 sigue produciendo chapas defectuosas<\/h2>\n\n\n\n<p class=\"wp-block-paragraph\">La pesta\u00f1a \u00abTono\u00bb describe el objetivo de forma imperfecta. Adem\u00e1s, la restauraci\u00f3n introduce varias variables adicionales.<\/p>\n\n\n\n<figure class=\"wp-block-table\"><table class=\"has-fixed-layout\"><thead><tr><th>Variable<\/th><th>Qu\u00e9 hay que controlar<\/th><th>\u00bfQu\u00e9 ocurre cuando se ignora?<\/th><\/tr><\/thead><tbody><tr><td>Valor<\/td><td>Claridad general y su distribuci\u00f3n desde la zona cervical hasta la incisal<\/td><td>La chapa tiene un aspecto calc\u00e1reo, gris, liso o desprendido<\/td><\/tr><tr><td>Chroma<\/td><td>Saturaci\u00f3n, especialmente en las regiones cervical y del tronco<\/td><td>La restauraci\u00f3n tiene un aspecto descolorido o excesivamente amarillento<\/td><\/tr><tr><td>Hue<\/td><td>Familia de colores b\u00e1sicos y equilibrio entre el rojo y el amarillo<\/td><td>Las peque\u00f1as discrepancias familiares se hacen evidentes cuando se observan de cerca<\/td><\/tr><tr><td>Translucidez<\/td><td>Intensidad y distribuci\u00f3n de la luz transmitida<\/td><td>La chapa tiene un aspecto opaco, oscuro, hueco o vidrioso<\/td><\/tr><tr><td>Sombra de toc\u00f3n<\/td><td>Color debajo de la restauraci\u00f3n<\/td><td>Los sustratos oscuros reducen el valor final o dan lugar a piezas irregulares<\/td><\/tr><tr><td>Espesor de la cer\u00e1mica<\/td><td>Espacio disponible para el enmascaramiento y la superposici\u00f3n \u00f3ptica<\/td><td>Las zonas finas dejan ver el sustrato; las zonas gruesas pueden parecer opacas<\/td><\/tr><tr><td>Cemento de resina<\/td><td>Influencia ligera, neutra, c\u00e1lida u opaca<\/td><td>Desplazamiento final de las coordenadas L*, a* y b* tras el asentamiento<\/td><\/tr><tr><td>Textura y brillo<\/td><td>Direcci\u00f3n e intensidad de la luz reflejada<\/td><td>El color cer\u00e1mico, aunque es el correcto, sigue pareciendo artificial<\/td><\/tr><tr><td>Hidrataci\u00f3n<\/td><td>Esmalte h\u00famedo frente a esmalte deshidratado<\/td><td>Tras un aislamiento prolongado, se elige un tono demasiado claro<\/td><\/tr><tr><td>Iluminaci\u00f3n<\/td><td>Temperatura de color y calidad espectral<\/td><td>El metamerismo da lugar a combinaciones diferentes en cada habitaci\u00f3n<\/td><\/tr><\/tbody><\/table><\/figure>\n\n\n\n<p class=\"wp-block-paragraph\">Una pesta\u00f1a no puede resolver este sistema por s\u00ed sola.<\/p>\n\n\n\n<h3 class=\"wp-block-heading\">El sustrato influye en el tono final<\/h3>\n\n\n\n<p class=\"wp-block-paragraph\">Las l\u00e1minas finas dejan pasar la luz.<\/p>\n\n\n\n<p class=\"wp-block-paragraph\">Esa luz atraviesa la cer\u00e1mica, interact\u00faa con el cemento de resina y el diente preparado, y vuelve a salir a trav\u00e9s de la restauraci\u00f3n. Por lo tanto, una preparaci\u00f3n oscura, un n\u00facleo de composite de gran tama\u00f1o, un diente tratado endod\u00f3nticamente o un caso con un tono mixto del mu\u00f1\u00f3n pueden alterar sustancialmente el valor final.<\/p>\n\n\n\n<p class=\"wp-block-paragraph\">Esto es especialmente relevante cuando el espesor de la cer\u00e1mica es de aproximadamente 0,3-0,5 mm.<\/p>\n\n\n\n<p class=\"wp-block-paragraph\">En un estudio realizado en 2023 se sometieron a prueba 40 muestras fabricadas con disilicato de litio y cuatro materiales de circonio ultratransl\u00facidos. Los discos ten\u00edan un grosor de 0,5 mm y se sometieron a prueba con pastas de prueba Variolink Esthetic en tonos neutro, claro y c\u00e1lido.<\/p>\n\n\n\n<p class=\"wp-block-paragraph\">Todos los grupos de materiales mostraron cambios significativos de color tras la etapa de cementaci\u00f3n simulada. Los valores de \u0394E registrados oscilaron entre 3,82 y 6,83, superando el umbral de percepci\u00f3n cl\u00ednica del estudio, fijado en 3,3. La luminosidad, representada por L*, tambi\u00e9n disminuy\u00f3 de forma significativa tras la aplicaci\u00f3n de las pastas.<\/p>\n\n\n\n<p class=\"wp-block-paragraph\">Lee el art\u00edculo completo <a href=\"https:\/\/pmc.ncbi.nlm.nih.gov\/articles\/PMC10625887\/\" rel=\"nofollow noopener\" target=\"_blank\">Estudio sobre el color del cemento, la zirconia y las carillas de disilicato de litio<\/a> para consultar los datos espec\u00edficos de cada material.<\/p>\n\n\n\n<p class=\"wp-block-paragraph\">El cemento es importante.<\/p>\n\n\n\n<p class=\"wp-block-paragraph\">Pero el cemento no es una soluci\u00f3n de emergencia para una restauraci\u00f3n cer\u00e1mica fabricada con valores incorrectos. Una pasta de prueba puede ayudar a perfeccionar el resultado \u00f3ptico, pero no puede corregir de forma fiable una opacidad, un grosor o una elecci\u00f3n de material incorrectos.<\/p>\n\n\n\n<h2 class=\"wp-block-heading\">Un mejor proceso de selecci\u00f3n del color de las carillas<\/h2>\n\n\n\n<p class=\"wp-block-paragraph\">El siguiente procedimiento es m\u00e1s justificable que seleccionar una pesta\u00f1a y esperar a que el laboratorio interprete el resto.<\/p>\n\n\n\n<h3 class=\"wp-block-heading\">1. Limpia el diente antes de elegir el tono<\/h3>\n\n\n\n<p class=\"wp-block-paragraph\">La placa dental, el pintalabios, la sangre, el cemento provisional, las marcas de deshidrataci\u00f3n y las manchas superficiales alteran la percepci\u00f3n.<\/p>\n\n\n\n<p class=\"wp-block-paragraph\">Realiza la selecci\u00f3n inicial antes de proceder a una retracci\u00f3n prolongada, a la preparaci\u00f3n o al aislamiento con dique de goma. El esmalte se vuelve m\u00e1s claro y pierde intensidad crom\u00e1tica a medida que se deshidrata.<\/p>\n\n\n\n<p class=\"wp-block-paragraph\">No bases todo el caso \u00fanicamente en el aspecto de un diente seco.<\/p>\n\n\n\n<h3 class=\"wp-block-heading\">2. Controlar el entorno de visualizaci\u00f3n<\/h3>\n\n\n\n<p class=\"wp-block-paragraph\">Utiliza un entorno neutro y una fuente de luz constante.<\/p>\n\n\n\n<p class=\"wp-block-paragraph\">Evita la ropa de colores vivos, los baberos de colores, el pintalabios de colores intensos, los guantes azules cerca del campo de trabajo y la iluminaci\u00f3n directa de la sala de tratamiento. Una fuente de luz con correcci\u00f3n crom\u00e1tica que se ajuste a las condiciones D65 puede mejorar la repetibilidad, aunque el equipo concreto que se utilice es menos importante que contar con un protocolo controlado que tanto la cl\u00ednica como el laboratorio comprendan.<\/p>\n\n\n\n<p class=\"wp-block-paragraph\">Mant\u00e9n la leng\u00fceta y el diente en el mismo plano vertical. Una leng\u00fceta situada varios cent\u00edmetros por delante del diente recibe y refleja la luz de forma diferente.<\/p>\n\n\n\n<h3 class=\"wp-block-heading\">3. Selecciona \u00abValor primero\u00bb<\/h3>\n\n\n\n<p class=\"wp-block-paragraph\">Entrecerrar los ojos o observar brevemente el diente y las muestras a trav\u00e9s de una referencia en escala de grises puede reducir la distracci\u00f3n causada por el tono y la saturaci\u00f3n.<\/p>\n\n\n\n<p class=\"wp-block-paragraph\">Empieza por identificar el grupo de valores adecuado. A continuaci\u00f3n, ajusta la cromaticidad. Por \u00faltimo, eval\u00faa el tono.<\/p>\n\n\n\n<p class=\"wp-block-paragraph\">Esta es una de las razones por las que VITA 3D-Master puede resultar \u00fatil para los odont\u00f3logos que buscan la mejor gu\u00eda de colores para carillas: su organizaci\u00f3n se basa en grupos de luminosidad, en lugar de basarse \u00fanicamente en las familias de colores tradicionales A-D.<\/p>\n\n\n\n<p class=\"wp-block-paragraph\">VITA Classical sigue siendo \u00fatil y resulta familiar, pero no hay que confundir esa familiaridad con una comunicaci\u00f3n completa en cuanto al color.<\/p>\n\n\n\n<h3 class=\"wp-block-heading\">4. Graba un mapa de sombras, no un c\u00f3digo<\/h3>\n\n\n\n<p class=\"wp-block-paragraph\">Divide el diente en tres tercios: cervical, medio e incisal.<\/p>\n\n\n\n<p class=\"wp-block-paragraph\">Registro:<\/p>\n\n\n\n<ul class=\"wp-block-list\">\n<li>Valor dominante del tercio medio<\/li>\n\n\n\n<li>Cromaticidad cervical<\/li>\n\n\n\n<li>Translucidez incisal<\/li>\n\n\n\n<li>Intensidad del halo<\/li>\n\n\n\n<li>Visibilidad del mamel\u00f3n<\/li>\n\n\n\n<li>Efectos blancos o \u00e1mbar<\/li>\n\n\n\n<li>Zonas de hipocalcificaci\u00f3n<\/li>\n\n\n\n<li>L\u00edneas de moda<\/li>\n\n\n\n<li>Textura de la superficie<\/li>\n\n\n\n<li>Nivel de brillo<\/li>\n<\/ul>\n\n\n\n<p class=\"wp-block-paragraph\">En el caso de un incisivo central, tambi\u00e9n registrar\u00eda las diferencias de valores mesiales y distales. Los dientes naturales rara vez presentan un reflejo id\u00e9ntico en toda la superficie facial.<\/p>\n\n\n\n<h3 class=\"wp-block-heading\">5. Fotografiar correctamente las pesta\u00f1as seleccionadas<\/h3>\n\n\n\n<p class=\"wp-block-paragraph\">Una fotograf\u00eda de sombra \u00fatil debe mostrar claramente el c\u00f3digo de la leng\u00fceta y situar esta junto al diente, a la misma profundidad.<\/p>\n\n\n\n<p class=\"wp-block-paragraph\">Incluye varias referencias en lugar de limitarte a la que se supone que es la coincidencia perfecta. Las pesta\u00f1as \u00abValor m\u00ednimo\u00bb y \u00abValor m\u00e1ximo\u00bb pueden ayudar al t\u00e9cnico a comprender el rango aceptable.<\/p>\n\n\n\n<p class=\"wp-block-paragraph\">Uso:<\/p>\n\n\n\n<ul class=\"wp-block-list\">\n<li>Exposici\u00f3n manual<\/li>\n\n\n\n<li>Balance de blancos fijo<\/li>\n\n\n\n<li>Captura en formato RAW, cuando est\u00e9 disponible<\/li>\n\n\n\n<li>Lente macro<\/li>\n\n\n\n<li>Posici\u00f3n repetible del flash<\/li>\n\n\n\n<li>Tarjeta gris o referencia de calibraci\u00f3n<\/li>\n\n\n\n<li>Filtros de polarizaci\u00f3n cruzada para el color interno<\/li>\n\n\n\n<li>Fondo negro para la translucidez incisal, cuando proceda<\/li>\n<\/ul>\n\n\n\n<p class=\"wp-block-paragraph\">En ese caso, env\u00eda los archivos originales. La compresi\u00f3n de las aplicaciones de mensajer\u00eda puede alterar datos de color importantes.<\/p>\n\n\n\n<h3 class=\"wp-block-heading\">6. Registra cada tono de Stump por separado<\/h3>\n\n\n\n<p class=\"wp-block-paragraph\">La sombra final y la sombra del toc\u00f3n son registros distintos.<\/p>\n\n\n\n<p class=\"wp-block-paragraph\">Una caja de diez unidades puede contener diez preparaciones diferentes. Un diente puede conservar un esmalte brillante, otro puede presentar dentina al descubierto y otro puede tener un n\u00facleo de composite oscuro.<\/p>\n\n\n\n<p class=\"wp-block-paragraph\">Presentar un \u00fanico c\u00f3digo de tono de toc\u00f3n para todo el caso obliga al laboratorio a adivinar qu\u00e9 unidades necesitan mayor opacidad.<\/p>\n\n\n\n<p class=\"wp-block-paragraph\">En <a href=\"https:\/\/artistdentallab.com\/es\/what-information-must-be-submitted-to-the-lab-for-anterior-veneer-cases\/\">Lista de comprobaci\u00f3n para la presentaci\u00f3n de casos de carillas frontales<\/a> explica c\u00f3mo combinar la fotograf\u00eda de la impronta con im\u00e1genes de preparaci\u00f3n, escaneos, provisionales aprobados, registros faciales e informaci\u00f3n funcional.<\/p>\n\n\n\n<h3 class=\"wp-block-heading\">7. Elegir el material adecuado para el problema \u00f3ptico<\/h3>\n\n\n\n<p class=\"wp-block-paragraph\">La selecci\u00f3n del material debe tener en cuenta el sustrato, el espesor disponible, los requisitos de enmascaramiento, las condiciones de adhesi\u00f3n y las caracter\u00edsticas \u00f3pticas deseadas.<\/p>\n\n\n\n<p class=\"wp-block-paragraph\">En <a href=\"https:\/\/artistdentallab.com\/es\/e-max-veneer\/\">Chapa E.max<\/a> puede ofrecer un equilibrio \u00fatil entre la resistencia y la translucidez del disilicato de litio para muchos casos de restauraciones anteriores adheridas.<\/p>\n\n\n\n<p class=\"wp-block-paragraph\">A <a href=\"https:\/\/artistdentallab.com\/es\/layered-e-max-veneer\/\">chapa E.max estratificada<\/a> permite un mayor control sobre el car\u00e1cter interno, la distribuci\u00f3n de los valores, la textura y los efectos incisales cuando se requiere un resultado m\u00e1s personalizado.<\/p>\n\n\n\n<p class=\"wp-block-paragraph\">A <a href=\"https:\/\/artistdentallab.com\/es\/feldspathic-veneer\/\">chapa feldesp\u00e1tica<\/a> Puede permitir una estratificaci\u00f3n \u00f3ptica muy detallada en los casos adecuados, siempre que se den unas condiciones favorables en cuanto al esmalte, el espacio, el color del sustrato y la funcionalidad.<\/p>\n\n\n\n<p class=\"wp-block-paragraph\">No es que cualquier cer\u00e1mica sea autom\u00e1ticamente la \u201cm\u00e1s est\u00e9tica\u201d.\u201d<\/p>\n\n\n\n<p class=\"wp-block-paragraph\">La cer\u00e1mica adecuada es aquella que permite obtener el valor y el comportamiento \u00f3ptico prescritos dentro de las limitaciones cl\u00ednicas reales.<\/p>\n\n\n\n<h3 class=\"wp-block-heading\">8. Comprobar el valor antes de la cementaci\u00f3n definitiva<\/h3>\n\n\n\n<p class=\"wp-block-paragraph\">Las pastas de prueba deben evaluarse con el paciente en posici\u00f3n erguida y las restauraciones completamente colocadas.<\/p>\n\n\n\n<p class=\"wp-block-paragraph\">Comprueba el resultado bajo m\u00e1s de una fuente de luz. Eval\u00faa el resultado tanto a corta distancia como a la distancia habitual de una conversaci\u00f3n. Toma una fotograf\u00eda de cara completa en lugar de juzgarlo \u00fanicamente a partir de una vista de perfil.<\/p>\n\n\n\n<p class=\"wp-block-paragraph\">Y compara primero los dos incisivos centrales.<\/p>\n\n\n\n<p class=\"wp-block-paragraph\">Los elementos centrales constituyen la referencia visual para la composici\u00f3n anterior. Las peque\u00f1as diferencias de valor entre ellos pueden resultar m\u00e1s molestas que las diferencias de tono m\u00e1s marcadas que se encuentran m\u00e1s alejadas de la l\u00ednea media.<\/p>\n\n\n\n<figure class=\"wp-block-image size-full\"><img decoding=\"async\" width=\"800\" height=\"533\" src=\"https:\/\/artistdentallab.com\/wp-content\/uploads\/2026\/07\/Veneer-Esthetics-2.jpg\" alt=\"Est\u00e9tica de las carillas\" class=\"wp-image-1550\" title=\"\" srcset=\"https:\/\/artistdentallab.com\/wp-content\/uploads\/2026\/07\/Veneer-Esthetics-2.jpg 800w, https:\/\/artistdentallab.com\/wp-content\/uploads\/2026\/07\/Veneer-Esthetics-2-300x200.jpg 300w, https:\/\/artistdentallab.com\/wp-content\/uploads\/2026\/07\/Veneer-Esthetics-2-768x512.jpg 768w, https:\/\/artistdentallab.com\/wp-content\/uploads\/2026\/07\/Veneer-Esthetics-2-18x12.jpg 18w, https:\/\/artistdentallab.com\/wp-content\/uploads\/2026\/07\/Veneer-Esthetics-2-500x333.jpg 500w, https:\/\/artistdentallab.com\/wp-content\/uploads\/2026\/07\/Veneer-Esthetics-2-600x400.jpg 600w\" sizes=\"(max-width: 800px) 100vw, 800px\" \/><\/figure>\n\n\n\n<h2 class=\"wp-block-heading\">Cuatro verdades inc\u00f3modas sobre la combinaci\u00f3n de colores en las carillas de cer\u00e1mica<\/h2>\n\n\n\n<h3 class=\"wp-block-heading\">Un c\u00f3digo de sombreado no es una receta m\u00e9dica<\/h3>\n\n\n\n<p class=\"wp-block-paragraph\">\u201cA1, natural\u201d deja en manos del t\u00e9cnico la elecci\u00f3n de la opacidad, la saturaci\u00f3n cervical, el halo, la textura, la translucidez y el brillo.<\/p>\n\n\n\n<p class=\"wp-block-paragraph\">Eso no es comunicaci\u00f3n. Es una delegaci\u00f3n sin constancia escrita.<\/p>\n\n\n\n<h3 class=\"wp-block-heading\">Los dispositivos digitales no eliminan el juicio propio<\/h3>\n\n\n\n<p class=\"wp-block-paragraph\">Un espectrofot\u00f3metro puede mejorar la repetibilidad, pero mide una zona en sus propias condiciones \u00f3pticas. No determina autom\u00e1ticamente la forma del diente, la morfolog\u00eda de la superficie, la estratificaci\u00f3n de la cer\u00e1mica, el enmascaramiento del mu\u00f1\u00f3n ni las preferencias del paciente.<\/p>\n\n\n\n<p class=\"wp-block-paragraph\">El mejor procedimiento combina el uso de instrumentos con la fotograf\u00eda estandarizada y la evaluaci\u00f3n visual.<\/p>\n\n\n\n<h3 class=\"wp-block-heading\">La calidad de la fotograf\u00eda depende de su estandarizaci\u00f3n<\/h3>\n\n\n\n<p class=\"wp-block-paragraph\">Una c\u00e1mara cara que se utilice con exposici\u00f3n autom\u00e1tica puede producir registros de sombras irregulares.<\/p>\n\n\n\n<p class=\"wp-block-paragraph\">Al modificar la distancia del flash, la apertura, el balance de blancos, el monitor, la posici\u00f3n del filtro polarizador o los ajustes de procesamiento de la imagen, cambia la informaci\u00f3n que recibe el laboratorio.<\/p>\n\n\n\n<p class=\"wp-block-paragraph\">\u00abN\u00edtido\u00bb no significa \u00abpreciso\u00bb.<\/p>\n\n\n\n<h3 class=\"wp-block-heading\">Muchos \u201cremakes de Shade\u201d son, en realidad, remakes de dise\u00f1o<\/h3>\n\n\n\n<p class=\"wp-block-paragraph\">Una carilla puede descartarse por ser demasiado brillante cuando el verdadero problema es un contorno facial excesivo y un reflejo demasiado amplio.<\/p>\n\n\n\n<p class=\"wp-block-paragraph\">Se puede considerar que el color es demasiado gris cuando el problema es una translucidez incisal excesiva sobre un fondo oral oscuro.<\/p>\n\n\n\n<p class=\"wp-block-paragraph\">Puede parecer opaco porque el t\u00e9cnico utiliz\u00f3 un enmascaramiento adicional para compensar un tono del mu\u00f1\u00f3n que no constaba en la documentaci\u00f3n.<\/p>\n\n\n\n<p class=\"wp-block-paragraph\">Calificar todos estos problemas como \u201cel tono equivocado\u201d impide que el equipo identifique el fallo real.<\/p>\n\n\n\n<h2 class=\"wp-block-heading\">Preguntas frecuentes<\/h2>\n\n\n\n<h3 class=\"wp-block-heading\">\u00bfPor qu\u00e9 el valor es m\u00e1s importante que el tono en la est\u00e9tica de las carillas?<\/h3>\n\n\n\n<p class=\"wp-block-paragraph\">El valor es la claridad o oscuridad relativa de un diente o de una restauraci\u00f3n, y suele ser el factor determinante en la est\u00e9tica de las carillas, ya que una discrepancia en el valor altera el brillo aparente, la profundidad, la anchura y la integraci\u00f3n visual de todo el diente antes de que el observador perciba diferencias m\u00e1s sutiles en el tono o la saturaci\u00f3n.<\/p>\n\n\n\n<p class=\"wp-block-paragraph\">Una chapa de alto valor puede parecer blanquecina y demasiado grande. Una chapa de bajo valor puede parecer gris o apagada. Por ese motivo, por lo general se debe elegir primero el valor, despu\u00e9s el croma y, por \u00faltimo, el tono.<\/p>\n\n\n\n<h3 class=\"wp-block-heading\">\u00bfQu\u00e9 informaci\u00f3n no transmite una pesta\u00f1a de sombra?<\/h3>\n\n\n\n<p class=\"wp-block-paragraph\">Una tabla de colores es una referencia visual estandarizada para designar el color general de un diente, pero no puede describir por completo el gradiente de valor de una carilla, su translucidez, la influencia del color del mu\u00f1\u00f3n, el efecto del cemento de resina, la textura de la superficie, la fluorescencia, la opalescencia ni la forma en que los distintos tercios del diente reflejan y transmiten la luz.<\/p>\n\n\n\n<p class=\"wp-block-paragraph\">Por lo tanto, la prescripci\u00f3n debe incluir fotograf\u00edas de la tabla de colores, un mapa de colores por escrito, los tonos de los mu\u00f1ones, el grosor de la cer\u00e1mica, la elecci\u00f3n del material, las instrucciones sobre la textura y el objetivo \u00f3ptico aprobado por el paciente.<\/p>\n\n\n\n<h3 class=\"wp-block-heading\">\u00bfC\u00f3mo debe elegir un dentista el tono de las carillas de cer\u00e1mica?<\/h3>\n\n\n\n<p class=\"wp-block-paragraph\">La selecci\u00f3n fiable del color de la carilla es un proceso cl\u00ednico controlado en el que se registra primero el valor, despu\u00e9s el croma y, por \u00faltimo, el tono; a continuaci\u00f3n, se a\u00f1aden fotograf\u00edas estandarizadas, el color del mu\u00f1\u00f3n, el grosor de la cer\u00e1mica, la translucidez del material, la textura de la superficie, las condiciones de iluminaci\u00f3n y la informaci\u00f3n sobre la prueba con cemento de resina, de modo que el laboratorio reciba una prescripci\u00f3n \u00f3ptica en lugar de un simple c\u00f3digo.<\/p>\n\n\n\n<p class=\"wp-block-paragraph\">La selecci\u00f3n del color debe realizarse antes de que se produzca una deshidrataci\u00f3n importante. Las muestras seleccionadas deben fotografiarse en el mismo plano que el diente, y cada preparaci\u00f3n debe contar con un registro individual del color del mu\u00f1\u00f3n.<\/p>\n\n\n\n<h3 class=\"wp-block-heading\">\u00bfCu\u00e1l es la mejor gu\u00eda de colores para las carillas?<\/h3>\n\n\n\n<p class=\"wp-block-paragraph\">La mejor gu\u00eda de colores para carillas es aquel sistema que permite al odont\u00f3logo organizar los valores de forma predecible, comunicar con claridad el sistema de nomenclatura y verificar el resultado mediante fotograf\u00eda calibrada o un instrumento; en muchos procesos de trabajo, VITA 3D-Master resulta \u00fatil porque sus grupos se organizan en funci\u00f3n de la luminosidad antes que del croma y el tono.<\/p>\n\n\n\n<p class=\"wp-block-paragraph\">VITA Classical sigue gozando de un amplio reconocimiento, pero ninguno de los dos sistemas puede sustituir al mapeo de tonos, la fotograf\u00eda estandarizada, la documentaci\u00f3n de la sombra del mu\u00f1\u00f3n y la verificaci\u00f3n en laboratorio.<\/p>\n\n\n\n<h3 class=\"wp-block-heading\">\u00bfPuede el cemento de resina corregir el color de una carilla?<\/h3>\n\n\n\n<p class=\"wp-block-paragraph\">El cemento de resina es una fina capa \u00f3ptica que puede alterar el color final de una carilla transl\u00facida, pero no puede solucionar de forma fiable una restauraci\u00f3n cuyo valor cer\u00e1mico, opacidad, grosor o plan de tratamiento del sustrato sean fundamentalmente err\u00f3neos, especialmente cuando la carilla tiene un grosor de entre 0,3 y 0,5 mil\u00edmetros aproximadamente.<\/p>\n\n\n\n<p class=\"wp-block-paragraph\">Utiliza pastas de prueba para comparar las diferentes opciones de cemento antes de la cementaci\u00f3n. No utilices el cemento como una soluci\u00f3n de \u00faltima hora para corregir una restauraci\u00f3n mal fabricada.<\/p>\n\n\n\n<h2 class=\"wp-block-heading\">Env\u00eda un mapa de valores, no un c\u00f3digo de tonos<\/h2>\n\n\n\n<p class=\"wp-block-paragraph\">Antes de enviar el pr\u00f3ximo caso de carillas, deja de escribir solo \u201cA1\u201d o \u201cBL3\u201d.\u201d<\/p>\n\n\n\n<p class=\"wp-block-paragraph\">Anota el valor del tercio medio. Realiza un mapa del croma cervical. Fotograf\u00eda el color final y todos los tonos intermedios. Indica la translucidez, el halo, la textura y el brillo deseados. Confirma el espesor de la cer\u00e1mica y el cemento de resina propuesto. Muestra al laboratorio lo que ha aprobado el paciente.<\/p>\n\n\n\n<p class=\"wp-block-paragraph\">A continuaci\u00f3n, haz una pregunta sencilla:<\/p>\n\n\n\n<p class=\"wp-block-paragraph\">\u00bfEsta restauraci\u00f3n deber\u00eda encajar en una leng\u00fceta o deber\u00eda colocarse en la cara del paciente?<\/p>\n\n\n\n<p class=\"wp-block-paragraph\">Para la revisi\u00f3n del material t\u00e9cnico, la evaluaci\u00f3n de la muestra de color o la planificaci\u00f3n de un caso anterior de prueba, env\u00eda las im\u00e1genes escaneadas, las fotograf\u00edas, las muestras de color del mu\u00f1\u00f3n y la prescripci\u00f3n a trav\u00e9s de la <a href=\"https:\/\/artistdentallab.com\/es\/contact\/\">P\u00e1gina de consulta de Artist Dental Lab<\/a>. <\/p>","protected":false},"excerpt":{"rendered":"<p>La A1 puede seguir pareciendo incorrecta. Esta gu\u00eda explica por qu\u00e9 el valor \u2014la claridad u oscuridad de una restauraci\u00f3n\u2014 es el factor determinante en la est\u00e9tica de las carillas, c\u00f3mo las muestras de color ocultan las variables \u00f3pticas y c\u00f3mo los odont\u00f3logos y los laboratorios pueden controlar la fotograf\u00eda, el color del mu\u00f1\u00f3n, el grosor de la cer\u00e1mica y el cemento de resina para reducir las discrepancias visibles.<\/p>","protected":false},"author":1,"featured_media":1548,"comment_status":"open","ping_status":"open","sticky":false,"template":"","format":"standard","meta":{"footnotes":""},"categories":[22],"tags":[562,565,564,563,561,559,560],"class_list":["post-1547","post","type-post","status-publish","format-standard","has-post-thumbnail","hentry","category-dental-knowledge","tag-ceramic-veneer-color-matching","tag-dental-laboratory-communication","tag-dental-shade-matching","tag-hue-chroma-and-value","tag-tooth-value-in-dentistry","tag-veneer-esthetics","tag-veneer-shade-selection"],"blocksy_meta":{"styles_descriptor":{"styles":{"desktop":"","tablet":"","mobile":""},"google_fonts":[],"version":7}},"_links":{"self":[{"href":"https:\/\/artistdentallab.com\/es\/wp-json\/wp\/v2\/posts\/1547","targetHints":{"allow":["GET"]}}],"collection":[{"href":"https:\/\/artistdentallab.com\/es\/wp-json\/wp\/v2\/posts"}],"about":[{"href":"https:\/\/artistdentallab.com\/es\/wp-json\/wp\/v2\/types\/post"}],"author":[{"embeddable":true,"href":"https:\/\/artistdentallab.com\/es\/wp-json\/wp\/v2\/users\/1"}],"replies":[{"embeddable":true,"href":"https:\/\/artistdentallab.com\/es\/wp-json\/wp\/v2\/comments?post=1547"}],"version-history":[{"count":1,"href":"https:\/\/artistdentallab.com\/es\/wp-json\/wp\/v2\/posts\/1547\/revisions"}],"predecessor-version":[{"id":1551,"href":"https:\/\/artistdentallab.com\/es\/wp-json\/wp\/v2\/posts\/1547\/revisions\/1551"}],"wp:featuredmedia":[{"embeddable":true,"href":"https:\/\/artistdentallab.com\/es\/wp-json\/wp\/v2\/media\/1548"}],"wp:attachment":[{"href":"https:\/\/artistdentallab.com\/es\/wp-json\/wp\/v2\/media?parent=1547"}],"wp:term":[{"taxonomy":"category","embeddable":true,"href":"https:\/\/artistdentallab.com\/es\/wp-json\/wp\/v2\/categories?post=1547"},{"taxonomy":"post_tag","embeddable":true,"href":"https:\/\/artistdentallab.com\/es\/wp-json\/wp\/v2\/tags?post=1547"}],"curies":[{"name":"wp","href":"https:\/\/api.w.org\/{rel}","templated":true}]}}