{"id":1612,"date":"2026-08-03T02:43:45","date_gmt":"2026-08-03T02:43:45","guid":{"rendered":"https:\/\/artistdentallab.com\/"},"modified":"2026-08-03T02:49:10","modified_gmt":"2026-08-03T02:49:10","slug":"writing-a-veneer-lab-prescription-for-natural-texture-and-light-behavior","status":"publish","type":"post","link":"https:\/\/artistdentallab.com\/es\/writing-a-veneer-lab-prescription-for-natural-texture-and-light-behavior\/","title":{"rendered":"C\u00f3mo redactar una prescripci\u00f3n para el laboratorio de carillas con el fin de conseguir una textura natural y un comportamiento de la luz"},"content":{"rendered":"<p class=\"wp-block-paragraph\">La textura lo cambia todo.<\/p>\n\n\n\n<p class=\"wp-block-paragraph\">Cuando la prescripci\u00f3n de un laboratorio de carillas solo indica \u201cA1, textura natural, ligera translucidez\u201d, se le pide al t\u00e9cnico que tome docenas de decisiones interrelacionadas sobre el tono, el contorno facial, el grosor de la cer\u00e1mica, la difusi\u00f3n incisal, los \u00e1ngulos de las l\u00edneas, el brillo de la superficie y los detalles relacionados con la edad, sin disponer de suficiente evidencia cl\u00ednica.<\/p>\n\n\n\n<p class=\"wp-block-paragraph\">\u00bfPor qu\u00e9 nos sorprende que el resultado parezca gen\u00e9rico?<\/p>\n\n\n\n<p class=\"wp-block-paragraph\">La inc\u00f3moda realidad es que muchos fallos en las carillas ya est\u00e1n predeterminados antes incluso de su fabricaci\u00f3n. La cer\u00e1mica puede encajar bien. Los contactos pueden ser aceptables. La muestra de color seleccionada puede incluso coincidir bajo la iluminaci\u00f3n de la consulta. Sin embargo, las carillas siguen pareciendo planas, brillantes, opacas, vidriosas o extra\u00f1amente sim\u00e9tricas porque nadie ha definido c\u00f3mo debe reflejarse la luz en sus superficies.<\/p>\n\n\n\n<p class=\"wp-block-paragraph\">Un grave <strong>Receta del laboratorio de carillas<\/strong> Debe ser algo m\u00e1s que una simple solicitud de tono de color. Debe servir como especificaci\u00f3n de fabricaci\u00f3n.<\/p>\n\n\n\n<h2 class=\"wp-block-heading\">Un c\u00f3digo de color no es una receta para carillas dentales<\/h2>\n\n\n\n<p class=\"wp-block-paragraph\">Las pesta\u00f1as de color condensan una estructura \u00f3ptica compleja en un c\u00f3digo comercial breve. Los dientes naturales no lo hacen.<\/p>\n\n\n\n<p class=\"wp-block-paragraph\">El esmalte y la dentina producen distintos niveles de dispersi\u00f3n, absorci\u00f3n, reflexi\u00f3n, fluorescencia y transmisi\u00f3n. El tercio cervical suele comportarse de forma diferente al resto del diente, mientras que el tercio incisal puede presentar translucidez, efectos opalescentes, un halo, estructura mamelonada o diversos grados de difusi\u00f3n interna. El contorno de la superficie modifica, a su vez, la forma en que se perciben esas propiedades internas.<\/p>\n\n\n\n<p class=\"wp-block-paragraph\">Por eso, nuestra gu\u00eda sobre <a href=\"https:\/\/artistdentallab.com\/es\/why-value-matters-more-than-the-shade-tab-in-veneer-esthetics\/\">Por qu\u00e9 el valor es m\u00e1s importante que la tabla de colores en la est\u00e9tica de las chapas dentales<\/a> considera el color como solo una parte de la prescripci\u00f3n \u00f3ptica. Es necesario tener en cuenta de forma conjunta el valor, la cromaticidad, la translucidez, el color del mu\u00f1\u00f3n, el grosor, el cemento, la textura y la iluminaci\u00f3n.<\/p>\n\n\n\n<p class=\"wp-block-paragraph\">La limitaci\u00f3n de la selecci\u00f3n visual de tonos no es meramente te\u00f3rica. En un estudio cl\u00ednico realizado en 2024, los investigadores midieron <strong>2.768 dientes naturales de 294 pacientes<\/strong> utilizando Vita Classical, Vita Toothguide 3D-Master y un espectrofot\u00f3metro Vita Easyshade Compact a una temperatura de aproximadamente <strong>Iluminaci\u00f3n de 5.500 K<\/strong>. El valor de reproducibilidad comunicado fue de <strong>0,177 para Vita Classical y 0,805 para el espectrofot\u00f3metro<\/strong>. Los observadores humanos tambi\u00e9n tend\u00edan a clasificar los dientes en las categor\u00edas A y B, mientras que el dispositivo registraba con mayor frecuencia las categor\u00edas B y C. Los autores concluyeron que las mediciones espectrofotom\u00e9tricas eran m\u00e1s reproducibles, aunque las lecturas objetivas segu\u00edan requiriendo una confirmaci\u00f3n visual. V\u00e9ase el <a href=\"https:\/\/pmc.ncbi.nlm.nih.gov\/articles\/PMC11048452\/\" rel=\"nofollow noopener\" target=\"_blank\">estudio completo de medici\u00f3n de tonos cl\u00ednicos<\/a>.<\/p>\n\n\n\n<p class=\"wp-block-paragraph\">Esos datos deber\u00edan acabar con un h\u00e1bito poco riguroso: considerar \u201cA1\u201d como una indicaci\u00f3n est\u00e9tica completa.<\/p>\n\n\n\n<p class=\"wp-block-paragraph\">No lo es.<\/p>\n\n\n\n<figure class=\"wp-block-image size-large\"><img fetchpriority=\"high\" decoding=\"async\" width=\"1024\" height=\"427\" src=\"https:\/\/artistdentallab.com\/wp-content\/uploads\/2026\/08\/Writing-a-Veneer-Lab-Prescription-for-Natural-Texture-and-Light-Behavior-2-1024x427.jpg\" alt=\"C\u00f3mo redactar una prescripci\u00f3n para el laboratorio de carillas con el fin de conseguir una textura natural y un comportamiento de la luz\" class=\"wp-image-1614\" title=\"\" srcset=\"https:\/\/artistdentallab.com\/wp-content\/uploads\/2026\/08\/Writing-a-Veneer-Lab-Prescription-for-Natural-Texture-and-Light-Behavior-2-1024x427.jpg 1024w, https:\/\/artistdentallab.com\/wp-content\/uploads\/2026\/08\/Writing-a-Veneer-Lab-Prescription-for-Natural-Texture-and-Light-Behavior-2-300x125.jpg 300w, https:\/\/artistdentallab.com\/wp-content\/uploads\/2026\/08\/Writing-a-Veneer-Lab-Prescription-for-Natural-Texture-and-Light-Behavior-2-768x320.jpg 768w, https:\/\/artistdentallab.com\/wp-content\/uploads\/2026\/08\/Writing-a-Veneer-Lab-Prescription-for-Natural-Texture-and-Light-Behavior-2-18x8.jpg 18w, https:\/\/artistdentallab.com\/wp-content\/uploads\/2026\/08\/Writing-a-Veneer-Lab-Prescription-for-Natural-Texture-and-Light-Behavior-2-500x208.jpg 500w, https:\/\/artistdentallab.com\/wp-content\/uploads\/2026\/08\/Writing-a-Veneer-Lab-Prescription-for-Natural-Texture-and-Light-Behavior-2-600x250.jpg 600w, https:\/\/artistdentallab.com\/wp-content\/uploads\/2026\/08\/Writing-a-Veneer-Lab-Prescription-for-Natural-Texture-and-Light-Behavior-2.jpg 1200w\" sizes=\"(max-width: 1024px) 100vw, 1024px\" \/><\/figure>\n\n\n\n<h3 class=\"wp-block-heading\">La receta debe indicar tres elementos distintos<\/h3>\n\n\n\n<p class=\"wp-block-paragraph\">Una prescripci\u00f3n de laboratorio para carillas de porcelana que permita su uso divide el caso en tres sistemas relacionados:<\/p>\n\n\n\n<ol class=\"wp-block-list\">\n<li><strong>Comportamiento \u00f3ptico interno:<\/strong> valor, cromaticidad, translucidez, opacidad, mamelones, halo, fluorescencia y caracterizaci\u00f3n localizada.<\/li>\n\n\n\n<li><strong>Morfolog\u00eda externa:<\/strong> convexidad facial, l\u00f3bulos de desarrollo, \u00e1ngulos de las l\u00edneas, embrasures, posici\u00f3n del borde incisal y textura de la superficie.<\/li>\n\n\n\n<li><strong>Acabado superficial:<\/strong> macrotextura, microtextura, pulido, distribuci\u00f3n del brillo y el aspecto que deben tener los reflejos bajo una luz direccional.<\/li>\n<\/ol>\n\n\n\n<p class=\"wp-block-paragraph\">La falta de claridad entre estos sistemas da lugar a un lenguaje impreciso. El t\u00e9rmino \u201cnatural\u201d no indica al ceramista si el diente solicitado debe presentar una anatom\u00eda vertical pronunciada, un pericymata horizontal moderado, una superficie corporal satinada, un borde incisal m\u00e1s brillante o una zona reflectante estrecha.<\/p>\n\n\n\n<p class=\"wp-block-paragraph\">Lo natural es un resultado. No es una instrucci\u00f3n.<\/p>\n\n\n\n<h2 class=\"wp-block-heading\">El comportamiento de la luz natural se construye, no se pinta encima<\/h2>\n\n\n\n<p class=\"wp-block-paragraph\">A menudo se habla de la translucidez y del comportamiento ante la luz de las chapas como si pudieran a\u00f1adirse durante el te\u00f1ido final. Se trata de una simplificaci\u00f3n peligrosa.<\/p>\n\n\n\n<p class=\"wp-block-paragraph\">El aspecto final ya viene determinado por el grado de preparaci\u00f3n, el sustrato restante, el sistema cer\u00e1mico, la translucidez del lingote o bloque, la estrategia de estratificaci\u00f3n, el grosor de la cer\u00e1mica, el contorno de la superficie, la pasta de prueba, el color del cemento de resina y el m\u00e9todo de pulido final.<\/p>\n\n\n\n<h3 class=\"wp-block-heading\">El valor debe especificarse antes de la caracterizaci\u00f3n<\/h3>\n\n\n\n<p class=\"wp-block-paragraph\">El valor es la percepci\u00f3n de claridad u oscuridad de la restauraci\u00f3n. Suele ser la primera discrepancia que se aprecia en una habitaci\u00f3n y el error m\u00e1s dif\u00edcil de disimular con un tinte localizado.<\/p>\n\n\n\n<p class=\"wp-block-paragraph\">Una carilla de alta calidad, con una amplia convexidad facial y un brillo especular, puede parecer m\u00e1s ancha y luminosa de lo que realmente es. Por el contrario, una restauraci\u00f3n de menor calidad, con una textura superficial muy marcada, puede dispersar la luz de forma desigual y presentar un aspecto gris\u00e1ceo. Ninguno de estos problemas se resuelve simplemente indicando otra tabla de colores.<\/p>\n\n\n\n<p class=\"wp-block-paragraph\">Por lo tanto, la receta debe indicar lo siguiente:<\/p>\n\n\n\n<ul class=\"wp-block-list\">\n<li>El valor objetivo en relaci\u00f3n con los dientes adyacentes<\/li>\n\n\n\n<li>Si el diente contralateral tiene un valor superior, igual o inferior<\/li>\n\n\n\n<li>Si la restauraci\u00f3n debe conservar el valor con la retroiluminaci\u00f3n<\/li>\n\n\n\n<li>Si el tercio cervical requiere un mayor croma sin que parezca m\u00e1s oscuro<\/li>\n\n\n\n<li>Si el tercio incisal deber\u00eda perder valor debido a la translucidez<\/li>\n\n\n\n<li>Si el valor provisional ya ha sido aprobado como valor de referencia<\/li>\n<\/ul>\n\n\n\n<p class=\"wp-block-paragraph\">No escribas \u201ccoincidencia n.\u00ba 8\u201d. Escribe qu\u00e9 debe coincidir y d\u00f3nde.<\/p>\n\n\n\n<h3 class=\"wp-block-heading\">El grosor y la translucidez no pueden separarse<\/h3>\n\n\n\n<p class=\"wp-block-paragraph\">Un t\u00e9cnico no puede elegir adecuadamente una cer\u00e1mica transl\u00facida sin conocer el grosor disponible y el color del sustrato.<\/p>\n\n\n\n<p class=\"wp-block-paragraph\">Un estudio de laboratorio en el que se evaluaron diferentes combinaciones de n\u00facleo y carilla revel\u00f3 que, al aumentar el grosor total de la cer\u00e1mica, se reduc\u00edan los valores de los par\u00e1metros de translucidez. Cuando el grosor total disminu\u00eda, la translucidez del material del n\u00facleo ejerc\u00eda una mayor influencia en el resultado. Lee el <a href=\"https:\/\/www.thejpd.org\/article\/S0022-3913%2814%2900377-1\/abstract\" rel=\"nofollow noopener\" target=\"_blank\">Estudio sobre el espesor del n\u00facleo y la chapa<\/a>.<\/p>\n\n\n\n<p class=\"wp-block-paragraph\">Por eso, una \u201calta translucidez\u201d puede no ser la opci\u00f3n adecuada para un mu\u00f1\u00f3n oscuro, un poste met\u00e1lico, un diente muy descolorido o un caso con profundidades de preparaci\u00f3n desiguales. Tambi\u00e9n puede resultar excesiva cuando los dientes adyacentes tienen un esmalte denso y una transmisi\u00f3n incisal limitada.<\/p>\n\n\n\n<p class=\"wp-block-paragraph\">El laboratorio necesita:<\/p>\n\n\n\n<ul class=\"wp-block-list\">\n<li>Fotograf\u00edas de la preparaci\u00f3n<\/li>\n\n\n\n<li>Fotograf\u00edas a la sombra de un toc\u00f3n<\/li>\n\n\n\n<li>Reducci\u00f3n aproximada por zona facial<\/li>\n\n\n\n<li>Informaci\u00f3n sobre postes, n\u00facleos, recubrimientos compuestos o dentina descolorida<\/li>\n\n\n\n<li>La gama de resinas y cementos prevista y la gama de colores<\/li>\n\n\n\n<li>Confirmaci\u00f3n de si tiene prioridad el enmascaramiento o la vitalidad m\u00e1xima<\/li>\n<\/ul>\n\n\n\n<p class=\"wp-block-paragraph\">La selecci\u00f3n de materiales debe ajustarse a dichos registros. Nuestra <a href=\"https:\/\/artistdentallab.com\/es\/e-max-zirconia-or-feldspathic-for-anterior-veneers-a-case-based-selection-guide\/\">Comparaci\u00f3n basada en casos de carillas frontales de E.max, circonio y feldespato<\/a> explica por qu\u00e9 el material m\u00e1s realista no es necesariamente la opci\u00f3n m\u00e1s segura para todos los sustratos o dise\u00f1os de preparaci\u00f3n.<\/p>\n\n\n\n<h3 class=\"wp-block-heading\">El tratamiento superficial modifica el comportamiento \u00f3ptico<\/h3>\n\n\n\n<p class=\"wp-block-paragraph\">El acabado de la superficie no es solo una cuesti\u00f3n de higiene o de pulido. Influye en la reflexi\u00f3n y la transmisi\u00f3n.<\/p>\n\n\n\n<p class=\"wp-block-paragraph\">En un experimento realizado en 2014, los investigadores fabricaron <strong>224 muestras de IPS e.max Press<\/strong> en los tonos A1, A3, de alta translucidez y de alta opacidad en <strong>Espesores de 0,5 mm y 1,0 mm<\/strong>. El chorro de arena y la aplicaci\u00f3n del revestimiento hicieron que las muestras resultaran m\u00e1s opacas, mientras que el tratamiento con \u00e1cido fluorh\u00eddrico no modific\u00f3 de forma significativa el par\u00e1metro de translucidez. El valor de TP m\u00e1s alto registrado fue de <strong>22.59<\/strong> para una muestra de 0,5 mm de alta translucidez tras el tratamiento con HF; el valor m\u00e1s bajo fue <strong>4.97<\/strong> para una muestra de 1,0 mm de alta opacidad tras el chorro de arena. El <a href=\"https:\/\/jap.or.kr\/DOIx.php?id=10.4047%2Fjap.2014.6.1.8\" rel=\"nofollow noopener\" target=\"_blank\">Estudio original sobre las carillas laminadas de porcelana<\/a> lo deja claro: el estado de la superficie, el espesor y la opacidad de la cer\u00e1mica interact\u00faan entre s\u00ed.<\/p>\n\n\n\n<p class=\"wp-block-paragraph\">Por eso, cuando en una prescripci\u00f3n se pide \u201ctextura marcada y alto brillo\u201d, puede que haya una contradicci\u00f3n interna. Una textura marcada divide los reflejos en peque\u00f1os destellos. Un pulido intenso puede aplanar esos detalles. Un esmalte uniforme puede hacer que una carilla, que por lo dem\u00e1s tiene una buena forma, parezca artificial.<\/p>\n\n\n\n<p class=\"wp-block-paragraph\">El t\u00e9cnico debe saber qu\u00e9 efecto tiene prioridad.<\/p>\n\n\n\n<h2 class=\"wp-block-heading\">C\u00f3mo la textura de la superficie determina la forma aparente del diente<\/h2>\n\n\n\n<p class=\"wp-block-paragraph\">La textura de la superficie de las carillas dentales no solo aporta un aspecto m\u00e1s detallado a la porcelana, sino que tambi\u00e9n modifica el tama\u00f1o, la direcci\u00f3n y la intensidad de la luz reflejada.<\/p>\n\n\n\n<p class=\"wp-block-paragraph\">Una superficie facial plana tiende a crear un \u00fanico reflejo amplio. Ese reflejo puede aumentar la anchura y el valor aparentes. Una superficie m\u00e1s compleja divide el punto de luz en zonas m\u00e1s peque\u00f1as, lo que hace que el diente parezca menos monol\u00edtico.<\/p>\n\n\n\n<p class=\"wp-block-paragraph\">Por eso <a href=\"https:\/\/artistdentallab.com\/es\/transitional-line-angles-in-veneers-the-hidden-tool-for-optical-contouring\/\">\u00c1ngulos de transici\u00f3n en las carillas<\/a> merecen una indicaci\u00f3n expl\u00edcita en la prescripci\u00f3n. Desplazar los \u00e1ngulos de la l\u00ednea hacia dentro puede reducir la superficie facial aparente sin estrechar f\u00edsicamente el diente en su totalidad. Desplazarlos hacia fuera puede hacer que el diente parezca m\u00e1s ancho.<\/p>\n\n\n\n<p class=\"wp-block-paragraph\">Pero hay un l\u00edmite.<\/p>\n\n\n\n<p class=\"wp-block-paragraph\">Las carillas con demasiada textura no tienen un aspecto natural. Parecen decoradas. Los surcos horizontales profundos, los mamelones exagerados, las l\u00edneas de craquelado repetidas y los perikymata id\u00e9nticos en seis o diez unidades crean un aspecto artificial, propio de un laboratorio, en lugar de un esmalte espec\u00edfico del paciente.<\/p>\n\n\n\n<p class=\"wp-block-paragraph\">Nuestra gu\u00eda detallada sobre <a href=\"https:\/\/artistdentallab.com\/es\/surface-texture-in-veneers-matching-age-expression-and-personality\/\">adaptar la textura de la superficie de la chapa a la edad, la expresi\u00f3n y los rasgos faciales<\/a> recomienda utilizar la edad como referencia inicial, pero no como una f\u00f3rmula de dise\u00f1o autom\u00e1tica. Los dientes adyacentes, las pr\u00f3tesis provisionales aprobadas, las fotograf\u00edas, la din\u00e1mica labial, el desgaste y las preferencias expresadas por el paciente tienen mayor peso.<\/p>\n\n\n\n<h3 class=\"wp-block-heading\">Aplicar textura por capas<\/h3>\n\n\n\n<p class=\"wp-block-paragraph\">Yo dividir\u00eda las instrucciones sobre texturas en cuatro niveles:<\/p>\n\n\n\n<figure class=\"wp-block-table\"><table class=\"has-fixed-layout\"><thead><tr><th>Nivel de textura<\/th><th>Qu\u00e9 controla<\/th><th>Expresiones \u00fatiles para recetas m\u00e9dicas<\/th><th>Fallo com\u00fan<\/th><\/tr><\/thead><tbody><tr><td>Formulario de primaria<\/td><td>Convexidad y silueta general del rostro<\/td><td>\u201cMantener una convexidad facial moderada, con la altura del contorno en el tercio medio\u201d.\u201d<\/td><td>Perfil facial voluminoso o plano<\/td><\/tr><tr><td>Anatom\u00eda secundaria<\/td><td>L\u00f3bulos de desarrollo, depresiones, \u00e1ngulos de l\u00ednea<\/td><td>\u201cEstructura de tres l\u00f3bulos visible bajo luz oblicua, pero no desde la vista frontal\u201d<\/td><td>Anatom\u00eda excesivamente detallada<\/td><\/tr><tr><td>Textura terciaria<\/td><td>Perikymata, crestas finas, irregularidades localizadas<\/td><td>\u201cPerikymata sutiles en el tercio cervical y en el tercio medio; se reducen hacia el tercio incisal\u201d<\/td><td>Rayas horizontales repetitivas<\/td><\/tr><tr><td>Acabado superficial<\/td><td>Brillo, zonas satinadas, pulido final<\/td><td>\u201cBrillo medio, similar al del esmalte; ligeramente m\u00e1s suave en las hendiduras\u201d<\/td><td>Reflejo uniforme, similar al del cristal<\/td><\/tr><\/tbody><\/table><\/figure>\n\n\n\n<p class=\"wp-block-paragraph\">La frase \u201cvisible bajo luz oblicua, pero no desde la vista frontal\u201d resulta especialmente \u00fatil. Proporciona al ceramista un umbral visual que puede comprobarse.<\/p>\n\n\n\n<p class=\"wp-block-paragraph\">Lo mismo ocurre con los \u00abperikymata\u00bb. Nuestro art\u00edculo sobre <a href=\"https:\/\/artistdentallab.com\/es\/perikymata-in-veneers-when-micro-detail-adds-realism\/\">cuando los \u00abperikymata\u00bb aportan realismo a las chapas de madera<\/a> explica que un microdetalle moderado puede contrarrestar un punto de luz artificial, pero no puede compensar un contorno deficiente ni un valor incorrecto.<\/p>\n\n\n\n<figure class=\"wp-block-image size-full\"><img decoding=\"async\" width=\"853\" height=\"811\" src=\"https:\/\/artistdentallab.com\/wp-content\/uploads\/2026\/08\/Writing-a-Veneer-Lab-Prescription-for-Natural-Texture-and-Light-Behavior-3.jpg\" alt=\"C\u00f3mo redactar una prescripci\u00f3n para el laboratorio de carillas con el fin de conseguir una textura natural y un comportamiento de la luz\" class=\"wp-image-1615\" title=\"\" srcset=\"https:\/\/artistdentallab.com\/wp-content\/uploads\/2026\/08\/Writing-a-Veneer-Lab-Prescription-for-Natural-Texture-and-Light-Behavior-3.jpg 853w, https:\/\/artistdentallab.com\/wp-content\/uploads\/2026\/08\/Writing-a-Veneer-Lab-Prescription-for-Natural-Texture-and-Light-Behavior-3-300x285.jpg 300w, https:\/\/artistdentallab.com\/wp-content\/uploads\/2026\/08\/Writing-a-Veneer-Lab-Prescription-for-Natural-Texture-and-Light-Behavior-3-768x730.jpg 768w, https:\/\/artistdentallab.com\/wp-content\/uploads\/2026\/08\/Writing-a-Veneer-Lab-Prescription-for-Natural-Texture-and-Light-Behavior-3-13x12.jpg 13w, https:\/\/artistdentallab.com\/wp-content\/uploads\/2026\/08\/Writing-a-Veneer-Lab-Prescription-for-Natural-Texture-and-Light-Behavior-3-500x475.jpg 500w, https:\/\/artistdentallab.com\/wp-content\/uploads\/2026\/08\/Writing-a-Veneer-Lab-Prescription-for-Natural-Texture-and-Light-Behavior-3-600x570.jpg 600w\" sizes=\"(max-width: 853px) 100vw, 853px\" \/><\/figure>\n\n\n\n<h2 class=\"wp-block-heading\">Los registros que un laboratorio realmente necesita<\/h2>\n\n\n\n<p class=\"wp-block-paragraph\">Un laboratorio no puede reproducir informaci\u00f3n que nunca recibe.<\/p>\n\n\n\n<p class=\"wp-block-paragraph\">Y, sin embargo, las recetas incompletas siguen siendo habituales. Una auditor\u00eda realizada en 2011 sobre las recetas dentales intercambiadas entre cl\u00ednicas y laboratorios revel\u00f3 que aproximadamente <strong>dos tercios no cumpl\u00edan con los requisitos<\/strong> teniendo en cuenta los requisitos \u00e9ticos y legales evaluados por los investigadores. Los autores describieron una clara falta de comunicaci\u00f3n entre dentistas y t\u00e9cnicos, incluso en un entorno de trabajo en el que se mantiene una estrecha relaci\u00f3n.<\/p>\n\n\n\n<p class=\"wp-block-paragraph\">Un estudio independiente sobre pr\u00f3tesis fijas revel\u00f3 omisiones recurrentes relacionadas con el dise\u00f1o marginal, el dise\u00f1o del p\u00f3ntico, los diagramas de coloraci\u00f3n, la selecci\u00f3n de la porcelana y el esmalte solicitado. No se trataba de desacuerdos art\u00edsticos, sino de informaci\u00f3n de fabricaci\u00f3n que faltaba. El <a href=\"https:\/\/www.sciencedirect.com\/science\/article\/pii\/S1013905217300378\" rel=\"nofollow noopener\" target=\"_blank\">estudio sobre la calidad de la comunicaci\u00f3n<\/a> lleg\u00f3 a la conclusi\u00f3n de que la comunicaci\u00f3n entre dentistas y t\u00e9cnicos resultaba a veces insuficiente.<\/p>\n\n\n\n<p class=\"wp-block-paragraph\">En los casos de carillas frontales, considerar\u00eda que los siguientes registros constituyen el m\u00ednimo pr\u00e1ctico.<\/p>\n\n\n\n<h3 class=\"wp-block-heading\">1. Fotograf\u00edas de rostro completo y sonrisas<\/h3>\n\n\n\n<p class=\"wp-block-paragraph\">Indica:<\/p>\n\n\n\n<ul class=\"wp-block-list\">\n<li>Fotograf\u00eda de rostro completo en reposo<\/li>\n\n\n\n<li>Sonrisa de oreja a oreja<\/li>\n\n\n\n<li>Vista frontal con el cap\u00f3 retra\u00eddo<\/li>\n\n\n\n<li>Vistas laterales con retracci\u00f3n a la derecha y a la izquierda<\/li>\n\n\n\n<li>Vista a las doce en punto cuando la posici\u00f3n del borde incisal es importante<\/li>\n\n\n\n<li>Vista de perfil o de tres cuartos cuando no se sabe con certeza la inclinaci\u00f3n del rostro<\/li>\n<\/ul>\n\n\n\n<p class=\"wp-block-paragraph\">El rostro es importante porque el laboratorio debe conocer la posici\u00f3n de la l\u00ednea media, la inclinaci\u00f3n de la sonrisa, la exposici\u00f3n dental, la movilidad de los labios y la cantidad de textura superficial que permanece visible a una distancia de conversaci\u00f3n.<\/p>\n\n\n\n<h3 class=\"wp-block-heading\">2. Registros de color con polarizaci\u00f3n cruzada<\/h3>\n\n\n\n<p class=\"wp-block-paragraph\">La fotograf\u00eda con polarizaci\u00f3n cruzada reduce los reflejos superficiales y ayuda a revelar el valor interno, la cromaticidad, las l\u00edneas de fisura, la hipocalcificaci\u00f3n, los mamelones y la translucidez incisal.<\/p>\n\n\n\n<p class=\"wp-block-paragraph\">Pero no env\u00edes solo im\u00e1genes con polarizaci\u00f3n cruzada. El t\u00e9cnico tambi\u00e9n necesita fotograf\u00edas normales con luz reflejada para evaluar el brillo y la topograf\u00eda de la superficie. Una de ellas muestra el color interno con mayor claridad; la otra, el reflejo externo.<\/p>\n\n\n\n<p class=\"wp-block-paragraph\">Ambas cosas son importantes.<\/p>\n\n\n\n<h3 class=\"wp-block-heading\">3. Fotograf\u00edas de Shade-Tab<\/h3>\n\n\n\n<p class=\"wp-block-paragraph\">Utiliza al menos una fotograf\u00eda correctamente expuesta con la pesta\u00f1a de sombra:<\/p>\n\n\n\n<ul class=\"wp-block-list\">\n<li>En el mismo plano vertical que el diente<\/li>\n\n\n\n<li>Cerca del diente con el que se va a emparejar<\/li>\n\n\n\n<li>Con el c\u00f3digo de tabulaci\u00f3n visible<\/li>\n\n\n\n<li>Sin el brillo de la saliva que oculta la superficie facial<\/li>\n\n\n\n<li>Antes de que la deshidrataci\u00f3n altere el diente<\/li>\n\n\n\n<li>Con exposici\u00f3n neutra y balance de blancos<\/li>\n<\/ul>\n\n\n\n<p class=\"wp-block-paragraph\">Siempre que sea posible, incluye una pesta\u00f1a de referencia m\u00e1s oscura y otra m\u00e1s clara. Una sola pesta\u00f1a indica al t\u00e9cnico qu\u00e9 ha seleccionado el m\u00e9dico. Un conjunto entre corchetes ayuda a mostrar la direcci\u00f3n y la magnitud de la diferencia.<\/p>\n\n\n\n<h3 class=\"wp-block-heading\">4. Stump-Shade Records<\/h3>\n\n\n\n<p class=\"wp-block-paragraph\">Toma una fotograf\u00eda de cada diente preparado por separado cuando los sustratos sean diferentes.<\/p>\n\n\n\n<p class=\"wp-block-paragraph\">No hay que dar por sentado que seis preparaciones visualmente similares vayan a comportarse de forma id\u00e9ntica bajo carillas de 0,5 mm. Un n\u00facleo de composite, la dentina escler\u00f3tica, un diente tratado endod\u00f3nticamente, una zona cervical oscura o un sustrato descolorido localizado pueden provocar una discrepancia visible tras la adhesi\u00f3n.<\/p>\n\n\n\n<h3 class=\"wp-block-heading\">5. Proyectos provisionales y dise\u00f1o aprobado<\/h3>\n\n\n\n<p class=\"wp-block-paragraph\">Si el paciente ha dado su visto bueno a la longitud provisional del diente, los \u00e1ngulos de l\u00ednea, el borde incisal, la dominancia o la progresi\u00f3n de las embrasuras, ind\u00edcalo claramente.<\/p>\n\n\n\n<p class=\"wp-block-paragraph\">El laboratorio tambi\u00e9n deber\u00eda saber qu\u00e9 es lo que el paciente ha rechazado. \u201cNo copiar la textura de la superficie del provisional\u201d puede ser tan importante como \u201ccopiar la longitud del provisional\u201d.\u201d<\/p>\n\n\n\n<h2 class=\"wp-block-heading\">Un modelo de prescripci\u00f3n para el laboratorio de carillas listo para copiar<\/h2>\n\n\n\n<p class=\"wp-block-paragraph\">La mejor prescripci\u00f3n de carillas para obtener resultados de aspecto natural debe ser lo suficientemente espec\u00edfica como para orientar la fabricaci\u00f3n, pero tambi\u00e9n lo suficientemente flexible como para permitir que el t\u00e9cnico en cer\u00e1mica se adapte al sistema cer\u00e1mico y al espacio disponible.<\/p>\n\n\n\n<p class=\"wp-block-paragraph\">Una receta puede seguir esta estructura:<\/p>\n\n\n\n<blockquote class=\"wp-block-quote is-layout-flow wp-block-quote-is-layout-flow\">\n<p class=\"wp-block-paragraph\"><strong>Objetivo del caso:<\/strong> Realiza seis carillas maxilares con una integraci\u00f3n natural, en lugar de un blanqueamiento uniforme. Mant\u00e9n el protagonismo de los incisivos centrales y evita que tengan un aspecto id\u00e9ntico y artificial.<\/p>\n\n\n\n<p class=\"wp-block-paragraph\"><strong>Dimensiones homologadas:<\/strong> Anota la posici\u00f3n provisional del borde incisal y la longitud total. Ajusta ligeramente hacia dentro los \u00e1ngulos de la l\u00ednea distal de los incisivos centrales para reducir la anchura aparente.<\/p>\n\n\n\n<p class=\"wp-block-paragraph\"><strong>Valor:<\/strong> Iguala los premolares adyacentes en el tercio corporal. Los centrales pueden ser aproximadamente un paso de valor controlado m\u00e1s claros, sin que el tercio cervical adquiera un tono calc\u00e1reo.<\/p>\n\n\n\n<p class=\"wp-block-paragraph\"><strong>Chroma:<\/strong> Calidez cervical moderada, que se va reduciendo gradualmente a lo largo del cuerpo. Evita las manchas concentradas de color naranja o marr\u00f3n en la zona cervical.<\/p>\n\n\n\n<p class=\"wp-block-paragraph\"><strong>Translucidez:<\/strong> Translucidez incisal moderada que se extiende aproximadamente entre 1,0 y 1,5 mm desde el borde. Mant\u00e9n la opacidad suficiente para controlar los tonos del mu\u00f1\u00f3n registrado.<\/p>\n\n\n\n<p class=\"wp-block-paragraph\"><strong>Efectos internos:<\/strong> Estructura suave del mamel\u00f3n, visible principalmente con luz de fondo. Halo incisal fino e irregular. No presenta manchas blancas sim\u00e9tricas.<\/p>\n\n\n\n<p class=\"wp-block-paragraph\"><strong>Forma de la superficie:<\/strong> L\u00f3bulos de desarrollo bien definidos pero moderados. Zona reflectante central estrecha. Mantener los \u00e1ngulos de la l\u00ednea de transici\u00f3n similares a los del boceto provisional aprobado.<\/p>\n\n\n\n<p class=\"wp-block-paragraph\"><strong>Microtextura:<\/strong> Textura fina e irregular en los tercios cervical y medio. La textura se reduce hacia el tercio incisal. La textura debe apreciarse bajo iluminaci\u00f3n oblicua, y no como surcos desde la vista frontal.<\/p>\n\n\n\n<p class=\"wp-block-paragraph\"><strong>Glosario:<\/strong> Brillo medio del esmalte natural. Brillo ligeramente m\u00e1s suave en las depresiones de desarrollo. Evita una superficie esmaltada de forma uniforme, con aspecto de espejo.<\/p>\n\n\n\n<p class=\"wp-block-paragraph\"><strong>Jerarqu\u00eda de referencia:<\/strong> Sigue primero las fotograf\u00edas de la textura retra\u00edda, despu\u00e9s las provisionales aprobadas y, por \u00faltimo, el modelo de diagn\u00f3stico en cera. Ponte en contacto con la cl\u00ednica antes de modificar la longitud, la dominancia o la translucidez.<\/p>\n<\/blockquote>\n\n\n\n<p class=\"wp-block-paragraph\">Eso es una receta m\u00e9dica.<\/p>\n\n\n\n<p class=\"wp-block-paragraph\">\u201cQue sea natural\u201d es un deseo.<\/p>\n\n\n\n<h2 class=\"wp-block-heading\">Las instrucciones espec\u00edficas para cada material evitan contradicciones<\/h2>\n\n\n\n<p class=\"wp-block-paragraph\">Se deber\u00eda permitir que el laboratorio recomiende una estrategia cer\u00e1mica diferente cuando la prescripci\u00f3n entre en conflicto con el sustrato o el espesor.<\/p>\n\n\n\n<h3 class=\"wp-block-heading\">Porcelana feldesp\u00e1tica<\/h3>\n\n\n\n<p class=\"wp-block-paragraph\">La porcelana feldesp\u00e1tica permite crear capas detalladas, un control preciso de la superficie, translucidez localizada y delicados efectos similares a los del esmalte. Suele resultar atractiva para casos m\u00ednimamente invasivos con sustratos favorables y un buen soporte del esmalte.<\/p>\n\n\n\n<p class=\"wp-block-paragraph\">Pero no es una respuesta v\u00e1lida para todos los casos. Una preparaci\u00f3n deficiente, un sustrato oscuro, una superficie de adhesi\u00f3n limitada o un entorno funcional agresivo pueden alterar el c\u00e1lculo del riesgo.<\/p>\n\n\n\n<h3 class=\"wp-block-heading\">Disilicato de litio<\/h3>\n\n\n\n<p class=\"wp-block-paragraph\">Los sistemas de disilicato de litio son compatibles con procesos de trabajo de prensado, fresado, recorte, estratificaci\u00f3n, tinci\u00f3n o combinados. La prescripci\u00f3n debe indicar si en el caso se da prioridad a:<\/p>\n\n\n\n<ul class=\"wp-block-list\">\n<li>M\u00e1xima vitalidad<\/li>\n\n\n\n<li>Enmascaramiento del sustrato<\/li>\n\n\n\n<li>Consistencia monol\u00edtica<\/li>\n\n\n\n<li>Profundidad incisal por capas<\/li>\n\n\n\n<li>Resistencia con un espesor limitado<\/li>\n\n\n\n<li>A juego con un diente natural adyacente<\/li>\n<\/ul>\n\n\n\n<p class=\"wp-block-paragraph\">En el caso de las piezas monol\u00edticas, la morfolog\u00eda y el acabado superficial cobran a\u00fan m\u00e1s importancia desde el punto de vista visual, ya que es posible que haya menos capas internas que suavicen el aspecto.<\/p>\n\n\n\n<h3 class=\"wp-block-heading\">Zirconia<\/h3>\n\n\n\n<p class=\"wp-block-paragraph\">La circonia puede ser la opci\u00f3n adecuada cuando las exigencias de enmascaramiento o resistencia superan las ventajas \u00f3pticas de las vitrocer\u00e1micas m\u00e1s transl\u00facidas. Sin embargo, la recomendaci\u00f3n de \u201cutilizar circonia transl\u00facida\u201d sigue siendo incompleta. La composici\u00f3n de la circonia, la posici\u00f3n de las capas, el espesor, el sustrato, la sinterizaci\u00f3n, la coloraci\u00f3n y el acabado superficial pueden modificar el aspecto final.<\/p>\n\n\n\n<p class=\"wp-block-paragraph\">La cruda realidad es sencilla: el nombre del material no garantiza que se comporte como la luz natural.<\/p>\n\n\n\n<p class=\"wp-block-paragraph\">La receta sigue siendo v\u00e1lida.<\/p>\n\n\n\n<h2 class=\"wp-block-heading\">Crea un ciclo de retroalimentaci\u00f3n cerrado antes del esmaltado final<\/h2>\n\n\n\n<p class=\"wp-block-paragraph\">Los casos complejos de carillas no deber\u00edan pasar de la fase de escaneo a la entrega final mediante una comunicaci\u00f3n unidireccional.<\/p>\n\n\n\n<p class=\"wp-block-paragraph\">En los casos complejos de diente \u00fanico central, l\u00ednea de sonrisa alta, sustrato descolorido o sonrisa completa, establece los siguientes puntos de control:<\/p>\n\n\n\n<ol class=\"wp-block-list\">\n<li>Comprueba que los registros est\u00e9n completos.<\/li>\n\n\n\n<li>Aprobar la estrategia relativa a los materiales y la translucidez.<\/li>\n\n\n\n<li>Comprueba la posici\u00f3n del borde incisal y el contorno facial.<\/li>\n\n\n\n<li>Comprueba la textura bajo una luz direccional antes del pulido final.<\/li>\n\n\n\n<li>Revisa las fotograf\u00edas de las pruebas en seco y en h\u00famedo siempre que sea posible.<\/li>\n\n\n\n<li>Anota cualquier correcci\u00f3n solicitada por zonas, no con adjetivos imprecisos.<\/li>\n<\/ol>\n\n\n\n<p class=\"wp-block-paragraph\">En lugar de decir \u201cLas carillas parecen demasiado artificiales\u201d, identifica la causa \u00f3ptica:<\/p>\n\n\n\n<ul class=\"wp-block-list\">\n<li>El reflejo facial es demasiado amplio.<\/li>\n\n\n\n<li>El valor del cuerpo es demasiado alto.<\/li>\n\n\n\n<li>El color del cuello uterino es demasiado intenso.<\/li>\n\n\n\n<li>La translucidez incisal se extiende demasiado hacia la parte cervical.<\/li>\n\n\n\n<li>Los \u00e1ngulos de las l\u00edneas est\u00e1n demasiado adelantados respecto al rostro.<\/li>\n\n\n\n<li>El brillo de la superficie es demasiado uniforme.<\/li>\n\n\n\n<li>La textura es demasiado uniforme.<\/li>\n\n\n\n<li>El halo incisal es demasiado blanco.<\/li>\n\n\n\n<li>A los centrales les falta dominio.<\/li>\n\n\n\n<li>Los incisivos laterales resultan visualmente demasiado voluminosos.<\/li>\n<\/ul>\n\n\n\n<p class=\"wp-block-paragraph\">Las opiniones concretas se pueden inventar. Las opiniones emocionales, no.<\/p>\n\n\n\n<figure class=\"wp-block-image size-full\"><img decoding=\"async\" width=\"600\" height=\"600\" src=\"https:\/\/artistdentallab.com\/wp-content\/uploads\/2026\/08\/Writing-a-Veneer-Lab-Prescription-for-Natural-Texture-and-Light-Behavior-4.jpg\" alt=\"C\u00f3mo redactar una prescripci\u00f3n para el laboratorio de carillas con el fin de conseguir una textura natural y un comportamiento de la luz\" class=\"wp-image-1616\" title=\"\" srcset=\"https:\/\/artistdentallab.com\/wp-content\/uploads\/2026\/08\/Writing-a-Veneer-Lab-Prescription-for-Natural-Texture-and-Light-Behavior-4.jpg 600w, https:\/\/artistdentallab.com\/wp-content\/uploads\/2026\/08\/Writing-a-Veneer-Lab-Prescription-for-Natural-Texture-and-Light-Behavior-4-300x300.jpg 300w, https:\/\/artistdentallab.com\/wp-content\/uploads\/2026\/08\/Writing-a-Veneer-Lab-Prescription-for-Natural-Texture-and-Light-Behavior-4-150x150.jpg 150w, https:\/\/artistdentallab.com\/wp-content\/uploads\/2026\/08\/Writing-a-Veneer-Lab-Prescription-for-Natural-Texture-and-Light-Behavior-4-12x12.jpg 12w, https:\/\/artistdentallab.com\/wp-content\/uploads\/2026\/08\/Writing-a-Veneer-Lab-Prescription-for-Natural-Texture-and-Light-Behavior-4-500x500.jpg 500w, https:\/\/artistdentallab.com\/wp-content\/uploads\/2026\/08\/Writing-a-Veneer-Lab-Prescription-for-Natural-Texture-and-Light-Behavior-4-100x100.jpg 100w\" sizes=\"(max-width: 600px) 100vw, 600px\" \/><\/figure>\n\n\n\n<h2 class=\"wp-block-heading\">Preguntas frecuentes<\/h2>\n\n\n\n<h3 class=\"wp-block-heading\">\u00bfQu\u00e9 debe incluirse en una prescripci\u00f3n de laboratorio para carillas?<\/h3>\n\n\n\n<p class=\"wp-block-paragraph\">Una prescripci\u00f3n de laboratorio para carillas debe definir el objetivo cl\u00ednico, las dimensiones del diente, el valor objetivo, la distribuci\u00f3n del croma, el color del mu\u00f1\u00f3n, el grosor de la cer\u00e1mica, el material preferido, las zonas de translucidez, la caracterizaci\u00f3n interna, los \u00e1ngulos de l\u00ednea, la textura de la superficie, el nivel de brillo, los efectos incisales, las referencias fotogr\u00e1ficas, las instrucciones para el dise\u00f1o provisional, las consideraciones relativas al cemento y la jerarqu\u00eda de aprobaci\u00f3n para resolver discrepancias en los registros.<\/p>\n\n\n\n<p class=\"wp-block-paragraph\">En la prescripci\u00f3n tambi\u00e9n debe indicarse qu\u00e9 aspectos puede modificar el laboratorio y cu\u00e1les requieren la aprobaci\u00f3n directa del m\u00e9dico.<\/p>\n\n\n\n<h3 class=\"wp-block-heading\">\u00bfC\u00f3mo deber\u00eda describir un dentista la textura de la superficie de una carilla?<\/h3>\n\n\n\n<p class=\"wp-block-paragraph\">La textura de la superficie de la carilla debe describirse como una jerarqu\u00eda que incluya el contorno facial, la anatom\u00eda del desarrollo, la posici\u00f3n de las l\u00edneas y los \u00e1ngulos, los detalles finos del esmalte y la distribuci\u00f3n del brillo, utilizando dientes de referencia visibles o provisionales aprobados, en lugar de t\u00e9rminos subjetivos como \u201cjoven\u201d, \u201cnatural\u201d, \u201csuave\u201d o \u201cde alta gama\u201d, que los distintos t\u00e9cnicos pueden interpretar de formas completamente diferentes.<\/p>\n\n\n\n<p class=\"wp-block-paragraph\">Indica d\u00f3nde debe aparecer la textura, qu\u00e9 intensidad debe tener y bajo qu\u00e9 direcci\u00f3n de iluminaci\u00f3n debe hacerse visible.<\/p>\n\n\n\n<h3 class=\"wp-block-heading\">\u00bfC\u00f3mo se comunica la translucidez de las carillas a un laboratorio dental?<\/h3>\n\n\n\n<p class=\"wp-block-paragraph\">La translucidez de la carilla debe especificarse definiendo el comportamiento \u00f3ptico deseado en la zona cervical, el cuerpo y la zona incisal, al tiempo que se facilitan fotograf\u00edas del color del mu\u00f1\u00f3n, la profundidad de la preparaci\u00f3n, la informaci\u00f3n sobre el sustrato, el grosor de la cer\u00e1mica, las referencias de los dientes adyacentes, los requisitos de enmascaramiento, los planes de cementaci\u00f3n y fotograf\u00edas con retroiluminaci\u00f3n, de modo que el laboratorio pueda equilibrar la transmisi\u00f3n, la difusi\u00f3n, opacidad, el valor y la caracterizaci\u00f3n interna.<\/p>\n\n\n\n<p class=\"wp-block-paragraph\">\u201cLa \u201dalta translucidez\u00bb por s\u00ed sola no es suficiente, ya que la misma cer\u00e1mica se comporta de forma diferente con un grosor de 0,5 mm y de 1,0 mm.<\/p>\n\n\n\n<h3 class=\"wp-block-heading\">\u00bfQu\u00e9 fotograf\u00edas se necesitan para una prescripci\u00f3n de carillas de porcelana para el laboratorio?<\/h3>\n\n\n\n<p class=\"wp-block-paragraph\">La prescripci\u00f3n de un laboratorio para carillas de porcelana debe incluir fotograf\u00edas de cara completa, sonrisa completa, una frontal con retracci\u00f3n, una lateral con retracci\u00f3n, una con muestra de color, una del mu\u00f1\u00f3n, una con luz polarizada cruzada, una con luz reflejada normal, una de perfil y una provisional, con una exposici\u00f3n uniforme y una orientaci\u00f3n de referencia clara, de modo que el t\u00e9cnico pueda evaluar el color, el contorno, la inclinaci\u00f3n, la textura, el brillo, la exposici\u00f3n dental y la integraci\u00f3n facial.<\/p>\n\n\n\n<p class=\"wp-block-paragraph\">En el caso de una restauraci\u00f3n anterior \u00fanica, resultan especialmente \u00fatiles las fotograf\u00edas macro del diente contralateral bajo iluminaci\u00f3n frontal y oblicua.<\/p>\n\n\n\n<h3 class=\"wp-block-heading\">\u00bfCu\u00e1l es el mejor material para las carillas si se busca un resultado de aspecto natural?<\/h3>\n\n\n\n<p class=\"wp-block-paragraph\">El mejor material para carillas que permite obtener resultados de aspecto natural es aquel sistema cer\u00e1mico que ofrezca un control \u00f3ptico suficiente, enmascaramiento del sustrato, superficie de adhesi\u00f3n, resistencia a la fractura y flexibilidad de fabricaci\u00f3n al espesor real de la preparaci\u00f3n, y no el material con el eslogan publicitario m\u00e1s agresivo o la mayor translucidez nominal.<\/p>\n\n\n\n<p class=\"wp-block-paragraph\">La porcelana feldesp\u00e1tica, el disilicato de litio y la circonia resultan adecuados en distintas situaciones cl\u00ednicas.<\/p>\n\n\n\n<h3 class=\"wp-block-heading\">\u00bfC\u00f3mo influyen los \u00e1ngulos de las l\u00edneas en el aspecto de las carillas de porcelana?<\/h3>\n\n\n\n<p class=\"wp-block-paragraph\">Los \u00e1ngulos de la l\u00ednea de carilla son l\u00edmites superficiales de transici\u00f3n que controlan la anchura y la posici\u00f3n del reflejo facial principal, lo que significa que los \u00e1ngulos hacia dentro pueden hacer que un diente parezca m\u00e1s estrecho, mientras que los \u00e1ngulos hacia fuera pueden hacer que parezca m\u00e1s ancho, incluso cuando las dimensiones mesiodistales f\u00edsicas de la restauraci\u00f3n permanecen pr\u00e1cticamente inalteradas.<\/p>\n\n\n\n<p class=\"wp-block-paragraph\">Deben transmitirse mediante fotograf\u00edas, bocetos preliminares, escaneos o im\u00e1genes de dise\u00f1o con anotaciones, en lugar de solo texto.<\/p>\n\n\n\n<h3 class=\"wp-block-heading\">\u00bfPor qu\u00e9 las carillas con el tono adecuado siguen pareciendo demasiado blancas?<\/h3>\n\n\n\n<p class=\"wp-block-paragraph\">Las carillas con un matiz adecuado pueden seguir pareciendo demasiado blancas cuando su contorno facial es demasiado ancho, el valor es excesivo, el brillo de la superficie es uniforme, la textura es insuficiente, los \u00e1ngulos de las l\u00edneas est\u00e1n situados demasiado hacia fuera, el grosor de la cer\u00e1mica difiere del grosor previsto, o el cemento de resina y el mu\u00f1\u00f3n subyacente aumentan el brillo de la restauraci\u00f3n final.<\/p>\n\n\n\n<p class=\"wp-block-paragraph\">La combinaci\u00f3n de tonos no funciona cuando el equipo aborda el color, el contorno y los reflejos como problemas independientes.<\/p>\n\n\n\n<h3 class=\"wp-block-heading\">\u00bfPuede un t\u00e9cnico dental reproducir la textura del diente adyacente?<\/h3>\n\n\n\n<p class=\"wp-block-paragraph\">Un t\u00e9cnico dental puede copiar la textura de un diente adyacente cuando el odont\u00f3logo le facilite fotograf\u00edas n\u00edtidas frontales, oblicuas, con polarizaci\u00f3n cruzada y con luz reflejada, pero el patr\u00f3n copiado debe ajustarse al tama\u00f1o del diente recubierto, su convexidad facial, el desgaste, la posici\u00f3n, el grosor de la cer\u00e1mica, los \u00e1ngulos de las l\u00edneas y el brillo deseado, en lugar de transferirse como un mapa superficial id\u00e9ntico.<\/p>\n\n\n\n<p class=\"wp-block-paragraph\">El objetivo es la integraci\u00f3n \u00f3ptica, no la duplicaci\u00f3n mec\u00e1nica.<\/p>\n\n\n\n<h2 class=\"wp-block-heading\">Reflexiones finales: env\u00eda un resumen de fabricaci\u00f3n, no un tono<\/h2>\n\n\n\n<p class=\"wp-block-paragraph\">Una chapa natural no se consigue a\u00f1adiendo translucidez al azar, tallando surcos y aplicando un barniz final brillante.<\/p>\n\n\n\n<p class=\"wp-block-paragraph\">Se crea cuando la cl\u00ednica y el laboratorio llegan a un acuerdo sobre c\u00f3mo debe reaccionar el diente ante la luz.<\/p>\n\n\n\n<p class=\"wp-block-paragraph\">Anota el valor por zona. Anota el tono del tronco. Indica el grosor disponible. Define la anchura de la reflexi\u00f3n. Describe los \u00e1ngulos de las l\u00edneas. Explica d\u00f3nde debe aparecer la textura y d\u00f3nde debe desaparecer. Proporciona fotograf\u00edas tanto con luz polarizada como con luz reflejada. Identifica qu\u00e9 caracter\u00edsticas provisionales han sido aprobadas. E informa al laboratorio de lo que no debe modificarse sin antes consultarlo.<\/p>\n\n\n\n<p class=\"wp-block-paragraph\">Antes de enviar tu pr\u00f3ximo caso de dentadura anterior, revisa la prescripci\u00f3n desde el punto de vista del t\u00e9cnico en cer\u00e1mica. Elimina cualquier palabra que se base en conjeturas. Sustit\u00fayela por una fotograf\u00eda, una medida, una jerarqu\u00eda, una comparaci\u00f3n o una indicaci\u00f3n \u00f3ptica comprobable.<\/p>\n\n\n\n<p class=\"wp-block-paragraph\">A continuaci\u00f3n, env\u00eda el expediente a <a href=\"https:\/\/artistdentallab.com\/es\/\">Laboratorio dental Artist<\/a> para la planificaci\u00f3n de materiales, la fabricaci\u00f3n de carillas y las recomendaciones de los t\u00e9cnicos en funci\u00f3n del sustrato real, el dise\u00f1o de la preparaci\u00f3n, el objetivo est\u00e9tico y la documentaci\u00f3n cl\u00ednica.<\/p>","protected":false},"excerpt":{"rendered":"<p>El c\u00f3digo de color de una carilla no es una prescripci\u00f3n est\u00e9tica. Esta gu\u00eda muestra a los dentistas c\u00f3mo comunicar la textura de la superficie, las zonas \u00f3pticas, el grosor de la cer\u00e1mica, el color del mu\u00f1\u00f3n, la translucidez, los \u00e1ngulos de las l\u00edneas, el brillo y las referencias fotogr\u00e1ficas, para que el laboratorio pueda fabricar carillas que se comporten como el esmalte natural bajo diferentes condiciones de luz.<\/p>","protected":false},"author":1,"featured_media":1613,"comment_status":"open","ping_status":"open","sticky":false,"template":"","format":"standard","meta":{"footnotes":""},"categories":[1],"tags":[613,611,612,579,483],"class_list":["post-1612","post","type-post","status-publish","format-standard","has-post-thumbnail","hentry","category-buyer-guides","tag-dental-ceramic-optical-properties","tag-dental-veneer-prescription","tag-veneer-lab-prescription","tag-veneer-surface-texture","tag-veneer-translucency"],"blocksy_meta":{"styles_descriptor":{"styles":{"desktop":"","tablet":"","mobile":""},"google_fonts":[],"version":7}},"_links":{"self":[{"href":"https:\/\/artistdentallab.com\/es\/wp-json\/wp\/v2\/posts\/1612","targetHints":{"allow":["GET"]}}],"collection":[{"href":"https:\/\/artistdentallab.com\/es\/wp-json\/wp\/v2\/posts"}],"about":[{"href":"https:\/\/artistdentallab.com\/es\/wp-json\/wp\/v2\/types\/post"}],"author":[{"embeddable":true,"href":"https:\/\/artistdentallab.com\/es\/wp-json\/wp\/v2\/users\/1"}],"replies":[{"embeddable":true,"href":"https:\/\/artistdentallab.com\/es\/wp-json\/wp\/v2\/comments?post=1612"}],"version-history":[{"count":1,"href":"https:\/\/artistdentallab.com\/es\/wp-json\/wp\/v2\/posts\/1612\/revisions"}],"predecessor-version":[{"id":1617,"href":"https:\/\/artistdentallab.com\/es\/wp-json\/wp\/v2\/posts\/1612\/revisions\/1617"}],"wp:featuredmedia":[{"embeddable":true,"href":"https:\/\/artistdentallab.com\/es\/wp-json\/wp\/v2\/media\/1613"}],"wp:attachment":[{"href":"https:\/\/artistdentallab.com\/es\/wp-json\/wp\/v2\/media?parent=1612"}],"wp:term":[{"taxonomy":"category","embeddable":true,"href":"https:\/\/artistdentallab.com\/es\/wp-json\/wp\/v2\/categories?post=1612"},{"taxonomy":"post_tag","embeddable":true,"href":"https:\/\/artistdentallab.com\/es\/wp-json\/wp\/v2\/tags?post=1612"}],"curies":[{"name":"wp","href":"https:\/\/api.w.org\/{rel}","templated":true}]}}