{"id":1625,"date":"2026-08-05T02:48:13","date_gmt":"2026-08-05T02:48:13","guid":{"rendered":"https:\/\/artistdentallab.com\/"},"modified":"2026-08-05T02:51:40","modified_gmt":"2026-08-05T02:51:40","slug":"why-veneer-shade-can-appear-different-one-week-after-bonding","status":"publish","type":"post","link":"https:\/\/artistdentallab.com\/es\/why-veneer-shade-can-appear-different-one-week-after-bonding\/","title":{"rendered":"Por qu\u00e9 el color de las carillas puede parecer diferente una semana despu\u00e9s de la colocaci\u00f3n"},"content":{"rendered":"<p class=\"wp-block-paragraph\">Una carilla puede presentar un aspecto diferente una semana despu\u00e9s de su fijaci\u00f3n, ya que la restauraci\u00f3n ya no se observa en las mismas condiciones biol\u00f3gicas, \u00f3pticas y ambientales que exist\u00edan durante la prueba o inmediatamente despu\u00e9s de la cementaci\u00f3n.<\/p>\n\n\n\n<p class=\"wp-block-paragraph\">El color es din\u00e1mico.<\/p>\n\n\n\n<p class=\"wp-block-paragraph\">Una carilla de porcelana fina no determina por s\u00ed sola su aspecto; act\u00faa como una capa m\u00e1s dentro de una estructura \u00f3ptica que incluye el diente preparado, el esmalte restante, la dentina expuesta, el cemento de resina, el grosor de la cer\u00e1mica, la translucidez, la textura de la superficie, la saliva, los tejidos gingivales y la fuente de luz que ilumina el rostro.<\/p>\n\n\n\n<p class=\"wp-block-paragraph\">Entonces, \u00bfpor qu\u00e9 seguimos hablando del tono de la chapa como si fuera un c\u00f3digo de pintura?<\/p>\n\n\n\n<p class=\"wp-block-paragraph\">Al revisar casos anteriores, observo que se repite una y otra vez el mismo error: se califica la carilla de \u201cdemasiado blanca\u201d, \u201cdemasiado gris\u201d o \u201cdemasiado opaca\u201d antes de comprobar si los dientes naturales estaban deshidratados durante la adhesi\u00f3n, si la fotograf\u00eda de comparaci\u00f3n se tom\u00f3 bajo una luz diferente o si la pasta de prueba seleccionada representaba con precisi\u00f3n el cemento curado.<\/p>\n\n\n\n<p class=\"wp-block-paragraph\">Eso no es un an\u00e1lisis de tonos. Son conjeturas.<\/p>\n\n\n\n<h2 class=\"wp-block-heading\">La diferencia que se aprecia en una semana suele deberse a un cambio \u00f3ptico, no a un repintado de la porcelana en s\u00ed.<\/h2>\n\n\n\n<p class=\"wp-block-paragraph\">Normalmente, la porcelana no sufre una transformaci\u00f3n dr\u00e1stica de su color intr\u00ednseco durante los primeros siete d\u00edas. Lo que cambia es la forma en que el conjunto completo formado por la carilla y el diente absorbe, refleja, dispersa y transmite la luz.<\/p>\n\n\n\n<p class=\"wp-block-paragraph\">El resultado final visible se puede simplificar de la siguiente manera:<\/p>\n\n\n\n<p class=\"wp-block-paragraph\"><strong>Color del diente preparado + cemento de resina + opacidad y espesor de la cer\u00e1mica + reflexi\u00f3n superficial + tejido circundante y luz<\/strong><\/p>\n\n\n\n<p class=\"wp-block-paragraph\">Si se elimina cualquiera de esas variables del diagn\u00f3stico, la explicaci\u00f3n deja de ser fiable.<\/p>\n\n\n\n<h3 class=\"wp-block-heading\">Los dientes adyacentes se rehidratan tras la cita de adhesi\u00f3n<\/h3>\n\n\n\n<p class=\"wp-block-paragraph\">Durante la colocaci\u00f3n de carillas, los dientes naturales pueden verse expuestos a retractores, aire comprimido, rollos de algod\u00f3n, succi\u00f3n, aislamiento con dique de goma, apertura prolongada de la boca y un contacto reducido con la saliva. El esmalte pierde agua y, temporalmente, se vuelve m\u00e1s claro y m\u00e1s opaco.<\/p>\n\n\n\n<p class=\"wp-block-paragraph\">Por lo tanto, una carilla que se prueba junto a dientes deshidratados puede parecer que encaja perfectamente durante la cita. Cuando los dientes naturales se rehidratan, pueden recuperar su aspecto original, m\u00e1s oscuro, m\u00e1s c\u00e1lido o m\u00e1s transl\u00facido, lo que hace que la carilla adherida parezca m\u00e1s brillante en comparaci\u00f3n.<\/p>\n\n\n\n<p class=\"wp-block-paragraph\">Un estudio cl\u00ednico aleatorizado revel\u00f3 que los dientes deshidratados se aclaraban de forma apreciable y no recuperaban su tono inicial tras 30 minutos de rehidrataci\u00f3n. Los investigadores recomendaron realizar la selecci\u00f3n del tono antes de que el aislamiento cl\u00ednico provoque una deshidrataci\u00f3n significativa, tal y como se recoge en el <a href=\"https:\/\/pubmed.ncbi.nlm.nih.gov\/23160038\/\" rel=\"nofollow noopener\" target=\"_blank\">Ensayo controlado aleatorio sobre la deshidrataci\u00f3n dental y la selecci\u00f3n del color<\/a>.<\/p>\n\n\n\n<p class=\"wp-block-paragraph\">En un estudio cl\u00ednico independiente se evaluaron los dientes tras 10, 20 y 30 minutos de deshidrataci\u00f3n. Incluso tras 30 minutos de rehidrataci\u00f3n, el tercio incisal presentaba una diferencia media de color seg\u00fan el sistema CIEDE2000 de <strong>\u0394E00 1,96 \u00b1 1,10<\/strong>. Tras 24 horas, las variaciones medias se situaron por debajo del umbral de perceptibilidad del estudio.<\/p>\n\n\n\n<p class=\"wp-block-paragraph\">Esa distinci\u00f3n es importante.<\/p>\n\n\n\n<p class=\"wp-block-paragraph\">Al cabo de una semana, la deshidrataci\u00f3n relacionada con la cita ya no deber\u00eda seguir presente. Sin embargo, es posible que el paciente est\u00e9 comparando ahora la carilla con los dientes adyacentes totalmente rehidratados, en lugar de con los dientes artificialmente m\u00e1s claros que se observaban en el momento de la colocaci\u00f3n.<\/p>\n\n\n\n<p class=\"wp-block-paragraph\">El barniz no se volvi\u00f3 necesariamente m\u00e1s brillante.<\/p>\n\n\n\n<p class=\"wp-block-paragraph\">La referencia ha cambiado.<\/p>\n\n\n\n<figure class=\"wp-block-image size-large\"><img fetchpriority=\"high\" decoding=\"async\" width=\"1024\" height=\"768\" src=\"https:\/\/artistdentallab.com\/wp-content\/uploads\/2026\/08\/Why-Veneer-Shade-Can-Appear-Different-One-Week-After-Bonding-2-1024x768.jpg\" alt=\"Por qu\u00e9 el color de las carillas puede parecer diferente una semana despu\u00e9s de la colocaci\u00f3n\" class=\"wp-image-1627\" title=\"\" srcset=\"https:\/\/artistdentallab.com\/wp-content\/uploads\/2026\/08\/Why-Veneer-Shade-Can-Appear-Different-One-Week-After-Bonding-2-1024x768.jpg 1024w, https:\/\/artistdentallab.com\/wp-content\/uploads\/2026\/08\/Why-Veneer-Shade-Can-Appear-Different-One-Week-After-Bonding-2-300x225.jpg 300w, https:\/\/artistdentallab.com\/wp-content\/uploads\/2026\/08\/Why-Veneer-Shade-Can-Appear-Different-One-Week-After-Bonding-2-768x576.jpg 768w, https:\/\/artistdentallab.com\/wp-content\/uploads\/2026\/08\/Why-Veneer-Shade-Can-Appear-Different-One-Week-After-Bonding-2-16x12.jpg 16w, https:\/\/artistdentallab.com\/wp-content\/uploads\/2026\/08\/Why-Veneer-Shade-Can-Appear-Different-One-Week-After-Bonding-2-500x375.jpg 500w, https:\/\/artistdentallab.com\/wp-content\/uploads\/2026\/08\/Why-Veneer-Shade-Can-Appear-Different-One-Week-After-Bonding-2-600x450.jpg 600w, https:\/\/artistdentallab.com\/wp-content\/uploads\/2026\/08\/Why-Veneer-Shade-Can-Appear-Different-One-Week-After-Bonding-2.jpg 1448w\" sizes=\"(max-width: 1024px) 100vw, 1024px\" \/><\/figure>\n\n\n\n<h3 class=\"wp-block-heading\">El cemento de resina pasa a formar parte del color final<\/h3>\n\n\n\n<p class=\"wp-block-paragraph\">Una carilla fina no es \u00f3pticamente independiente del material de cementaci\u00f3n. El cemento de resina puede alterar el valor, el croma, la calidez, la opacidad y la profundidad aparente de la cer\u00e1mica, especialmente cuando la restauraci\u00f3n es muy transl\u00facida o tiene un grosor de entre 0,3 y 0,7 mm aproximadamente.<\/p>\n\n\n\n<p class=\"wp-block-paragraph\">Y esta es la inc\u00f3moda verdad: la pasta de prueba es solo una estimaci\u00f3n.<\/p>\n\n\n\n<p class=\"wp-block-paragraph\">No siempre es una r\u00e9plica \u00f3ptica perfecta del cemento de resina polimerizado.<\/p>\n\n\n\n<p class=\"wp-block-paragraph\">En una investigaci\u00f3n realizada en 2019 se analiz\u00f3 <strong>90 muestras de carillas de circonio<\/strong> con espesores de <strong>0,5 mm y 0,7 mm<\/strong>, utilizando pastas de prueba y cementos en los tonos Universal, Clear, Brown, White y Opaque. Los grupos Universal presentaron diferencias medias de color de <strong>\u0394E 0,93<\/strong> a 0,5 mm y <strong>\u0394E 0,85<\/strong> a 0,7 mm. Las diferencias m\u00e1s elevadas alcanzaron <strong>\u0394E 2,57<\/strong> para el blanco, a 0,5 mm y <strong>\u0394E 2,29<\/strong> para \u00abOpaque\u00bb a 0,7 mm. Tanto el color del cemento como el espesor de la cer\u00e1mica influyeron de manera significativa en la concordancia entre la pasta y el cemento fraguado.<\/p>\n\n\n\n<p class=\"wp-block-paragraph\">Esto no significa que las pastas de prueba no sirvan para nada. Significa que no deben considerarse infalibles.<\/p>\n\n\n\n<p class=\"wp-block-paragraph\">Otro estudio de laboratorio que analiz\u00f3 los cementos para carillas fotopolimerizables al cabo de siete d\u00edas revel\u00f3 que RelyX Veneer present\u00f3 el menor cambio de color registrado entre los sistemas analizados, mientras que varios otros grupos de cementos superaron el umbral de visibilidad cl\u00ednica establecido en el estudio. Dado que se trataba de un experimento in vitro, no debe interpretarse como una prueba de que todos los pacientes observar\u00e1n el mismo cambio, pero confirma que el aspecto inicial del cemento puede variar en funci\u00f3n de la formulaci\u00f3n y las condiciones de fotopolimerizaci\u00f3n.<\/p>\n\n\n\n<h3 class=\"wp-block-heading\">La sombra del toc\u00f3n sigue vi\u00e9ndose a trav\u00e9s de la cer\u00e1mica fina<\/h3>\n\n\n\n<p class=\"wp-block-paragraph\">A menudo se atribuye la falta de coincidencia en el color de las carillas al tono de la cer\u00e1mica exterior, cuando en realidad la variable est\u00e1 debajo de esta.<\/p>\n\n\n\n<p class=\"wp-block-paragraph\">Los dientes preparados pueden presentar diferencias debido a:<\/p>\n\n\n\n<ul class=\"wp-block-list\">\n<li>Espesor restante del esmalte<\/li>\n\n\n\n<li>Exposici\u00f3n de la dentina<\/li>\n\n\n\n<li>Restauraciones antiguas de composite<\/li>\n\n\n\n<li>Tratamiento endod\u00f3ntico<\/li>\n\n\n\n<li>Decoloraci\u00f3n por tetraciclina o fluorosis<\/li>\n\n\n\n<li>Postes met\u00e1licos o n\u00facleos oscuros<\/li>\n\n\n\n<li>Diferentes profundidades de preparaci\u00f3n<\/li>\n\n\n\n<li>Deshidrataci\u00f3n variable del esmalte<\/li>\n<\/ul>\n\n\n\n<p class=\"wp-block-paragraph\">Una carilla transl\u00facida de 0,5 mm sobre esmalte brillante no se comporta igual que la misma carilla sobre una preparaci\u00f3n de color marr\u00f3n gris\u00e1ceo. Tampoco un cemento transparente se comporta igual que un cemento opaco o blanqueador sobre ambos sustratos.<\/p>\n\n\n\n<p class=\"wp-block-paragraph\">Por eso, un laboratorio necesita un registro de tonos del mu\u00f1\u00f3n para cada diente preparado, en lugar de un \u00fanico c\u00f3digo de tono para todo el caso. La gu\u00eda de Artist Dental Lab sobre <a href=\"https:\/\/artistdentallab.com\/es\/what-information-must-be-submitted-to-the-lab-for-anterior-veneer-cases\/\">los registros necesarios para los casos de carillas frontales<\/a> explica c\u00f3mo deben presentarse, como pruebas independientes, el modelo de color definitivo, el modelo de base, las fotograf\u00edas de preparaci\u00f3n, los registros faciales y los dise\u00f1os provisionales aprobados.<\/p>\n\n\n\n<p class=\"wp-block-paragraph\">Cuando las cl\u00ednicas no tienen en cuenta la sombra del mu\u00f1\u00f3n, se le pide al t\u00e9cnico que trabaje con un sustrato invisible.<\/p>\n\n\n\n<p class=\"wp-block-paragraph\">\u00bfQu\u00e9 podr\u00eda salir mal?<\/p>\n\n\n\n<h2 class=\"wp-block-heading\">\u00bfQu\u00e9 puede cambiar entre el d\u00eda del v\u00ednculo y el s\u00e9ptimo d\u00eda?<\/h2>\n\n\n\n<p class=\"wp-block-paragraph\">El momento en que se produce y el patr\u00f3n de la diferencia ayudan a distinguir un problema de percepci\u00f3n temporal de una discrepancia real, ya sea de car\u00e1cter material o cl\u00ednico.<\/p>\n\n\n\n<figure class=\"wp-block-table\"><table class=\"has-fixed-layout\"><thead><tr><th>Posible factor<\/th><th>Lo que puede parecer diferente<\/th><th>Plazos previstos<\/th><th>Qu\u00e9 hay que comprobar<\/th><\/tr><\/thead><tbody><tr><td>Rehidrataci\u00f3n del diente natural<\/td><td>Las carillas parecen m\u00e1s brillantes o m\u00e1s opacas al lado de los dientes adyacentes<\/td><td>Desde las primeras horas hasta las 24-48 horas<\/td><td>Comp\u00e1rese con los dientes totalmente hidratados<\/td><\/tr><tr><td>Polimerizaci\u00f3n del cemento de resina y exposici\u00f3n temprana al agua<\/td><td>Ligera variaci\u00f3n en el valor, la calidez o la opacidad<\/td><td>Desde el primer momento hasta la primera semana<\/td><td>Marca del cemento, tono, m\u00e9todo de curado, grosor de la cer\u00e1mica<\/td><\/tr><tr><td>Inflamaci\u00f3n o recuperaci\u00f3n de las enc\u00edas<\/td><td>La zona cervical parece m\u00e1s oscura, m\u00e1s enrojecida, m\u00e1s corta o menos sim\u00e9trica<\/td><td>De varios d\u00edas a unas pocas semanas<\/td><td>Salud de los tejidos, exceso de cemento, estado de los m\u00e1rgenes<\/td><\/tr><tr><td>Variaci\u00f3n del espesor de la cer\u00e1mica<\/td><td>Una unidad parece m\u00e1s clara, m\u00e1s gris o m\u00e1s difuminada<\/td><td>Persistente<\/td><td>Mapa de grosor, reducci\u00f3n, opacidad y capas<\/td><\/tr><tr><td>Diferentes tonos de toco<\/td><td>Valores desiguales en varias chapas<\/td><td>Persistente<\/td><td>Fotograf\u00edas de la preparaci\u00f3n de cada pieza y muestras de color<\/td><\/tr><tr><td>La saliva y la hidrataci\u00f3n superficial<\/td><td>Las chapas secas tienen un aspecto m\u00e1s calc\u00e1reo; las superficies h\u00famedas parecen m\u00e1s profundas y transl\u00facidas.<\/td><td>Cambios en cuesti\u00f3n de minutos<\/td><td>Evaluar tras una hidrataci\u00f3n oral normal<\/td><\/tr><tr><td>Iluminaci\u00f3n y tratamiento de im\u00e1genes<\/td><td>Los tonos var\u00edan entre el cuarto de ba\u00f1o, la consulta, el coche, la luz natural y las fotograf\u00edas<\/td><td>Inmediato y repetible<\/td><td>Fuente de luz fija, exposici\u00f3n, balance de blancos y pantalla<\/td><\/tr><tr><td>Textura de la superficie o brillo excesivo<\/td><td>El diente parece m\u00e1s ancho, m\u00e1s brillante, m\u00e1s plano o m\u00e1s artificial<\/td><td>Persistente<\/td><td>\u00c1ngulos de las l\u00edneas, textura, esmalte y patr\u00f3n de reflejos<\/td><\/tr><tr><td>Inconsistencia en el asentamiento o en la capa de cemento<\/td><td>Una de las carillas difiere de las unidades adyacentes<\/td><td>Persistente y localizado<\/td><td>Ajuste, cobertura completa, espesor de la l\u00e1mina y m\u00e1rgenes<\/td><\/tr><\/tbody><\/table><\/figure>\n\n\n\n<p class=\"wp-block-paragraph\">Esta tabla pone de manifiesto la debilidad de la expresi\u00f3n \u201cesperar a que se estabilice\u201d.\u201d<\/p>\n\n\n\n<p class=\"wp-block-paragraph\">\u00bfQu\u00e9 es exactamente el asentamiento?<\/p>\n\n\n\n<p class=\"wp-block-paragraph\">Es posible que los dientes naturales se est\u00e9n rehidratando. Es posible que el tejido gingival se est\u00e9 recuperando. Es posible que el cemento de resina est\u00e9 completando los primeros cambios \u00f3pticos. Es posible que la saliva est\u00e9 volviendo a una superficie que antes estaba seca. Pero el grosor de la cer\u00e1mica, una opacidad incorrecta, un mal ajuste y un color del mu\u00f1\u00f3n no documentado no se corregir\u00e1n por s\u00ed solos solo porque pase otra semana.<\/p>\n\n\n\n<p class=\"wp-block-paragraph\">La espera no es un diagn\u00f3stico.<\/p>\n\n\n\n<h2 class=\"wp-block-heading\">Por qu\u00e9 el valor suele ser m\u00e1s importante que el c\u00f3digo de tono impreso<\/h2>\n\n\n\n<p class=\"wp-block-paragraph\">Muchos pacientes describen una carilla como \u201cdel color equivocado\u201d, cuando el problema concreto es, en realidad, un valor incorrecto.<\/p>\n\n\n\n<p class=\"wp-block-paragraph\">El valor es la claridad o oscuridad relativa de un diente. Determina el grado de relieve, anchura, planitud, profundidad o aspecto artificial que presenta una restauraci\u00f3n antes de que el observador comience a identificar diferencias m\u00e1s sutiles en el tono o la saturaci\u00f3n.<\/p>\n\n\n\n<p class=\"wp-block-paragraph\">Una chapa de alta calidad puede tener el siguiente aspecto:<\/p>\n\n\n\n<ul class=\"wp-block-list\">\n<li>Demasiado blanco<\/li>\n\n\n\n<li>Demasiado amplio<\/li>\n\n\n\n<li>Demasiado plano<\/li>\n\n\n\n<li>Demasiado opaco<\/li>\n\n\n\n<li>Demasiado cerca de la c\u00e1mara<\/li>\n\n\n\n<li>Visualmente separado de los dientes adyacentes<\/li>\n<\/ul>\n\n\n\n<p class=\"wp-block-paragraph\">Una chapa de baja calidad puede tener el siguiente aspecto:<\/p>\n\n\n\n<ul class=\"wp-block-list\">\n<li>Gris<\/li>\n\n\n\n<li>Estrecho<\/li>\n\n\n\n<li>Empotrado<\/li>\n\n\n\n<li>Delgado<\/li>\n\n\n\n<li>Demasiado transl\u00facido<\/li>\n\n\n\n<li>Con un sombreado en el borde incisal<\/li>\n<\/ul>\n\n\n\n<p class=\"wp-block-paragraph\">La forma de la superficie puede agravar el problema. Una superficie facial ancha y con un esmaltado excesivo refleja un gran bloque de luz y puede parecer m\u00e1s brillante que una carilla con la textura adecuada, fabricada a partir del mismo lingote de cer\u00e1mica y cementada con la misma resina.<\/p>\n\n\n\n<p class=\"wp-block-paragraph\">El an\u00e1lisis de Artist Dental Lab sobre <a href=\"https:\/\/artistdentallab.com\/es\/why-value-matters-more-than-the-shade-tab-in-veneer-esthetics\/\">Por qu\u00e9 el valor es m\u00e1s importante que la muestra de color de la chapa<\/a> explica por qu\u00e9, en general, el valor debe evaluarse antes que el croma y el tono, y por qu\u00e9 la fotograf\u00eda, la sombra de los tocones, el grosor, el cemento de resina, los \u00e1ngulos de las l\u00edneas y la textura de la superficie deben interpretarse en conjunto.<\/p>\n\n\n\n<p class=\"wp-block-paragraph\">Mi opini\u00f3n sincera es que muchos de los supuestos fallos de sombreado son, en realidad, fallos de reflexi\u00f3n.<\/p>\n\n\n\n<p class=\"wp-block-paragraph\">Es posible que el laboratorio haya reproducido correctamente la pesta\u00f1a A1 o BL3 solicitada. Sin embargo, si la cer\u00e1mica tiene un contorno excesivo, es demasiado lisa, presenta un esmaltado uniforme o carece de los \u00e1ngulos naturales de transici\u00f3n, reflejar\u00e1 la luz de forma diferente al diente adyacente.<\/p>\n\n\n\n<p class=\"wp-block-paragraph\">El c\u00f3digo de color puede ser correcto, aunque el diente siga teniendo un aspecto incorrecto.<\/p>\n\n\n\n<h2 class=\"wp-block-heading\">C\u00f3mo el grosor y el material de la cer\u00e1mica influyen en el resultado<\/h2>\n\n\n\n<p class=\"wp-block-paragraph\">Cuanto m\u00e1s fina y transl\u00facida sea la restauraci\u00f3n, mayor ser\u00e1 la influencia que puedan ejercer el sustrato y el cemento.<\/p>\n\n\n\n<p class=\"wp-block-paragraph\">Pero una mayor opacidad no implica autom\u00e1ticamente que sea m\u00e1s seguro.<\/p>\n\n\n\n<p class=\"wp-block-paragraph\">Aumentar la opacidad puede ocultar un mu\u00f1\u00f3n oscuro, al tiempo que reduce la profundidad, la fluorescencia, la variaci\u00f3n interna y la transmisi\u00f3n de la luz similar a la del esmalte. El resultado puede verse bien bajo una l\u00e1mpara dental, pero parecer plano a la luz del d\u00eda.<\/p>\n\n\n\n<h3 class=\"wp-block-heading\">Porcelana feldesp\u00e1tica<\/h3>\n\n\n\n<p class=\"wp-block-paragraph\">Las carillas de feldespato pueden reproducir una delicada translucidez, efectos internos, la formaci\u00f3n de halos y la microtextura en casos con gran cantidad de esmalte. Esa misma sensibilidad \u00f3ptica hace que sean menos tolerantes cuando el mu\u00f1\u00f3n es oscuro, la reducci\u00f3n es irregular o el laboratorio recibe informaci\u00f3n incompleta sobre el color.<\/p>\n\n\n\n<h3 class=\"wp-block-heading\">Disilicato de litio<\/h3>\n\n\n\n<p class=\"wp-block-paragraph\">Los sistemas de disilicato de litio, como IPS e.max, pueden ofrecer distintos niveles de translucidez y opacidad, lo que permite al t\u00e9cnico encontrar el equilibrio adecuado entre el enmascaramiento y la transmisi\u00f3n de la luz. No obstante, la selecci\u00f3n del lingote, el grosor de la cer\u00e1mica, el plan de coloraci\u00f3n o de estratificaci\u00f3n, el color del mu\u00f1\u00f3n y el cemento deben funcionar como un \u00fanico sistema.<\/p>\n\n\n\n<h3 class=\"wp-block-heading\">Zirconia<\/h3>\n\n\n\n<p class=\"wp-block-paragraph\">La zirconia de alta translucidez puede ofrecer un mayor enmascaramiento o resistencia en determinados casos, pero su comportamiento \u00f3ptico difiere del de la vitrocer\u00e1mica. Elegirla \u00fanicamente porque es \u201cm\u00e1s resistente\u201d supone pasar por alto las condiciones de adhesi\u00f3n del caso, el grosor, el sustrato, el tratamiento superficial y el objetivo est\u00e9tico.<\/p>\n\n\n\n<p class=\"wp-block-paragraph\">La decisi\u00f3n debe ser objetiva, no basada en prejuicios. Artist Dental Lab\u2019s <a href=\"https:\/\/artistdentallab.com\/es\/e-max-zirconia-or-feldspathic-for-anterior-veneers-a-case-based-selection-guide\/\">Comparaci\u00f3n basada en casos de carillas de E.max, circonio y feldespato<\/a> relaciona la elecci\u00f3n del material con el tono del mu\u00f1\u00f3n, la disponibilidad de esmaltes, el dise\u00f1o de la preparaci\u00f3n, los requisitos de enmascaramiento, la oclusi\u00f3n y el comportamiento de la luz deseado.<\/p>\n\n\n\n<h2 class=\"wp-block-heading\">La evaluaci\u00f3n de un tono a lo largo de una semana debe ser objetiva, no emocional<\/h2>\n\n\n\n<p class=\"wp-block-paragraph\">No se debe preguntar a un paciente si las carillas \u201cquedan bien\u201d mientras est\u00e1 de pie bajo una \u00fanica l\u00e1mpara de consulta de color azul-blanco.<\/p>\n\n\n\n<p class=\"wp-block-paragraph\">Eso no es un protocolo de evaluaci\u00f3n.<\/p>\n\n\n\n<p class=\"wp-block-paragraph\">Es recomendable realizar una revisi\u00f3n \u00fatil al cabo de una semana, con los dientes en su estado normal de hidrataci\u00f3n y antes de que un secado prolongado al aire, el pulido, la colocaci\u00f3n del dique de goma o el aislamiento alteren su aspecto.<\/p>\n\n\n\n<h3 class=\"wp-block-heading\">Utiliza condiciones de visualizaci\u00f3n uniformes<\/h3>\n\n\n\n<p class=\"wp-block-paragraph\">Eval\u00faa las carillas:<\/p>\n\n\n\n<ol class=\"wp-block-list\">\n<li>Con el paciente en posici\u00f3n erguida<\/li>\n\n\n\n<li>A una distancia que permite mantener una conversaci\u00f3n<\/li>\n\n\n\n<li>Bajo iluminaci\u00f3n cl\u00ednica neutra<\/li>\n\n\n\n<li>Luz natural indirecta, si es posible<\/li>\n\n\n\n<li>Con los labios y todo el rostro a la vista<\/li>\n\n\n\n<li>Con retractores para realizar un segundo examen minucioso<\/li>\n\n\n\n<li>Con las superficies normalmente mojadas<\/li>\n\n\n\n<li>Junto a las leng\u00fcetas de sombra identificadas en el mismo plano facial<\/li>\n<\/ol>\n\n\n\n<p class=\"wp-block-paragraph\">Tambi\u00e9n se debe preguntar al paciente si esta discrepancia se produce en cualquier entorno o solo ante los espejos, en las im\u00e1genes de los tel\u00e9fonos m\u00f3viles, con la iluminaci\u00f3n c\u00e1lida de los interiores o bajo la luz solar directa.<\/p>\n\n\n\n<p class=\"wp-block-paragraph\">Una restauraci\u00f3n que parece incorrecta en cualquier circunstancia plantea un problema distinto al de aquella que solo se ve diferente en una fotograf\u00eda tomada con la c\u00e1mara frontal.<\/p>\n\n\n\n<h3 class=\"wp-block-heading\">Estandarizar la fotograf\u00eda<\/h3>\n\n\n\n<p class=\"wp-block-paragraph\">Las fotograf\u00edas de sombras \u00fatiles deben incluir:<\/p>\n\n\n\n<ul class=\"wp-block-list\">\n<li>Exposici\u00f3n manual<\/li>\n\n\n\n<li>Balance de blancos fijo<\/li>\n\n\n\n<li>Posici\u00f3n repetible del flash<\/li>\n\n\n\n<li>Archivos RAW, cuando est\u00e9n disponibles<\/li>\n\n\n\n<li>Una tarjeta gris o una referencia de calibraci\u00f3n<\/li>\n\n\n\n<li>Pesta\u00f1as de sombra identificadas<\/li>\n\n\n\n<li>Ajustar la distancia entre la c\u00e1mara y el sujeto<\/li>\n\n\n\n<li>Im\u00e1genes con polarizaci\u00f3n cruzada para el color interno<\/li>\n\n\n\n<li>Im\u00e1genes no polarizadas para la textura y el brillo de la superficie<\/li>\n\n\n\n<li>Vistas de frente y en retroceso<\/li>\n<\/ul>\n\n\n\n<p class=\"wp-block-paragraph\">No compares una fotograf\u00eda tomada con un smartphone con exposici\u00f3n autom\u00e1tica el d\u00eda de la uni\u00f3n con una imagen tomada con una c\u00e1mara macro una semana despu\u00e9s y digas que la diferencia es cient\u00edfica.<\/p>\n\n\n\n<p class=\"wp-block-paragraph\">Es posible que la c\u00e1mara haya modificado la exposici\u00f3n, el balance de blancos, el contraste, la nitidez, el procesamiento HDR, la correcci\u00f3n del tono de piel y el brillo local antes de que la imagen llegara a la pantalla.<\/p>\n\n\n\n<p class=\"wp-block-paragraph\">\u00abSharp\u00bb no es un t\u00e9rmino preciso.<\/p>\n\n\n\n<h3 class=\"wp-block-heading\">Compara las \u00e1reas correctas<\/h3>\n\n\n\n<p class=\"wp-block-paragraph\">El m\u00e9dico y el laboratorio deben comparar:<\/p>\n\n\n\n<ul class=\"wp-block-list\">\n<li>Valor cervical<\/li>\n\n\n\n<li>Valor del tercio medio<\/li>\n\n\n\n<li>Translucidez incisal<\/li>\n\n\n\n<li>Efectos \u00abmamel\u00f3n\u00bb o \u00abhalo\u00bb<\/li>\n\n\n\n<li>Calidez y intensidad crom\u00e1tica<\/li>\n\n\n\n<li>Brillo de la superficie<\/li>\n\n\n\n<li>Reflexi\u00f3n en \u00e1ngulo de l\u00ednea<\/li>\n\n\n\n<li>Dientes naturales adyacentes<\/li>\n\n\n\n<li>Simetr\u00eda entre los incisivos centrales<\/li>\n\n\n\n<li>El margen en condiciones de hidrataci\u00f3n<\/li>\n<\/ul>\n\n\n\n<p class=\"wp-block-paragraph\">Los dos incisivos centrales merecen una atenci\u00f3n especial. Las personas perciben r\u00e1pidamente la asimetr\u00eda de los incisivos centrales, ya que esos dientes definen el centro visual de la sonrisa.<\/p>\n\n\n\n<p class=\"wp-block-paragraph\">Una peque\u00f1a diferencia de valor entre los tonos centrales puede llamar m\u00e1s la atenci\u00f3n que una diferencia de matiz mayor en un canino.<\/p>\n\n\n\n<h2 class=\"wp-block-heading\">Cu\u00e1ndo es razonable \u201cdarle m\u00e1s tiempo\u201d\u2026 y cu\u00e1ndo no lo es<\/h2>\n\n\n\n<p class=\"wp-block-paragraph\">Una diferencia leve y generalizada, que va disminuyendo, que solo se aprecia bajo una iluminaci\u00f3n espec\u00edfica y que no va acompa\u00f1ada de dolor, movimiento, decoloraci\u00f3n marginal ni problemas tisulares, puede justificar una observaci\u00f3n controlada y la repetici\u00f3n de las fotograf\u00edas.<\/p>\n\n\n\n<p class=\"wp-block-paragraph\">Sin embargo, una discrepancia persistente de una unidad merece ser investigada.<\/p>\n\n\n\n<p class=\"wp-block-paragraph\">Presta m\u00e1s atenci\u00f3n cuando:<\/p>\n\n\n\n<ul class=\"wp-block-list\">\n<li>Una de las chapas se ve claramente diferente bajo cualquier tipo de iluminaci\u00f3n<\/li>\n\n\n\n<li>Se est\u00e1 formando una l\u00ednea oscura en uno de los bordes<\/li>\n\n\n\n<li>La carilla parece no estar bien ajustada.<\/li>\n\n\n\n<li>La zona cervical sigue inflamada<\/li>\n\n\n\n<li>Se sospecha que hay un exceso de cemento<\/li>\n\n\n\n<li>El diente me duele o est\u00e1 cada vez m\u00e1s sensible<\/li>\n\n\n\n<li>La restauraci\u00f3n se mueve o da sensaci\u00f3n de inestabilidad<\/li>\n\n\n\n<li>El desajuste est\u00e1 aumentando en lugar de disminuir<\/li>\n\n\n\n<li>Las fotograf\u00edas de la prueba aprobadas por el paciente difieren claramente del resultado final tras la cementaci\u00f3n.<\/li>\n<\/ul>\n\n\n\n<p class=\"wp-block-paragraph\">Estos hallazgos no demuestran autom\u00e1ticamente que haya que retirar la carilla. Lo que s\u00ed indican es que el \u201casentamiento\u201d ya no es una explicaci\u00f3n v\u00e1lida.<\/p>\n\n\n\n<p class=\"wp-block-paragraph\">Y su eliminaci\u00f3n no es una tarea sencilla.<\/p>\n\n\n\n<p class=\"wp-block-paragraph\">Una revisi\u00f3n narrativa de 2024 revel\u00f3 que las carillas dentales alcanzaban, en general, tasas de supervivencia superiores a <strong>90% en per\u00edodos superiores a 10 a\u00f1os<\/strong>, mientras que las fracturas, el desprendimiento y el cambio de color siguieron figurando entre los patrones de fallo documentados. Los datos respaldan la necesidad de realizar un diagn\u00f3stico minucioso, en lugar de sustituir de forma autom\u00e1tica una restauraci\u00f3n bas\u00e1ndose \u00fanicamente en una fotograf\u00eda tomada sin prestar la debida atenci\u00f3n siete d\u00edas despu\u00e9s del tratamiento.<\/p>\n\n\n\n<h2 class=\"wp-block-heading\">C\u00f3mo pueden las cl\u00ednicas y los laboratorios evitar los errores de identificaci\u00f3n<\/h2>\n\n\n\n<p class=\"wp-block-paragraph\">La soluci\u00f3n empieza antes de la preparaci\u00f3n.<\/p>\n\n\n\n<h3 class=\"wp-block-heading\">Captura la sombra antes de que se seque<\/h3>\n\n\n\n<p class=\"wp-block-paragraph\">Toma registros de referencia del color antes de que los retractores, el secado al aire, el aislamiento con dique de goma o los tratamientos prolongados alteren el esmalte.<\/p>\n\n\n\n<h3 class=\"wp-block-heading\">Haz una foto de cada toc\u00f3n<\/h3>\n\n\n\n<p class=\"wp-block-paragraph\">No utilices un solo color de mu\u00f1\u00f3n para diez preparaciones. Registra cada diente por separado con una etiqueta de color identificada.<\/p>\n\n\n\n<h3 class=\"wp-block-heading\">Indica el espesor de la cer\u00e1mica<\/h3>\n\n\n\n<p class=\"wp-block-paragraph\">Una recomendaci\u00f3n sobre el cemento sin tener en cuenta el grosor de la cer\u00e1mica es incompleta. Un cemento que desplaza de forma apreciable una carilla de 0,3 mm puede tener un efecto mucho menos visible bajo una restauraci\u00f3n m\u00e1s gruesa o m\u00e1s opaca.<\/p>\n\n\n\n<h3 class=\"wp-block-heading\">Prueba m\u00e1s de una opci\u00f3n de cemento<\/h3>\n\n\n\n<p class=\"wp-block-paragraph\">Eval\u00faa las pastas de prueba con las restauraciones completamente colocadas, el paciente en posici\u00f3n erguida y los dientes hidratados. Compara las opciones neutras, c\u00e1lidas, de alto contraste u opacas solo cuando el problema cl\u00ednico lo justifique.<\/p>\n\n\n\n<h3 class=\"wp-block-heading\">Especificar el comportamiento \u00f3ptico<\/h3>\n\n\n\n<p class=\"wp-block-paragraph\">\u201cB1 natural\u201d no es una receta de laboratorio.<\/p>\n\n\n\n<p class=\"wp-block-paragraph\">Una prescripci\u00f3n v\u00e1lida debe definir el valor, la saturaci\u00f3n cervical, la translucidez incisal, la opacidad, el halo, la textura, el brillo, los \u00e1ngulos de las l\u00edneas, el color del mu\u00f1\u00f3n, el grosor, el material, el plan de cementaci\u00f3n y qu\u00e9 referencia tiene la aprobaci\u00f3n definitiva.<\/p>\n\n\n\n<p class=\"wp-block-paragraph\">La gu\u00eda para <a href=\"https:\/\/artistdentallab.com\/es\/writing-a-veneer-lab-prescription-for-natural-texture-and-light-behavior\/\">C\u00f3mo redactar una prescripci\u00f3n de laboratorio de carillas para conseguir una textura natural y un comportamiento de la luz<\/a> ofrece un marco m\u00e1s s\u00f3lido para documentar esas variables.<\/p>\n\n\n\n<h3 class=\"wp-block-heading\">Conservar los registros de entrega<\/h3>\n\n\n\n<p class=\"wp-block-paragraph\">Conservar:<\/p>\n\n\n\n<ul class=\"wp-block-list\">\n<li>Fotograf\u00edas de la prueba de vestuario<\/li>\n\n\n\n<li>Tono y marca del cemento<\/li>\n\n\n\n<li>Material cer\u00e1mico y translucidez<\/li>\n\n\n\n<li>Informaci\u00f3n sobre el grosor de cada chapa<\/li>\n\n\n\n<li>Modelo de l\u00e1mpara de fotopolimerizaci\u00f3n y protocolo de exposici\u00f3n<\/li>\n\n\n\n<li>Fotograf\u00edas a la sombra de un toc\u00f3n<\/li>\n\n\n\n<li>Pesta\u00f1as de sombreado utilizadas<\/li>\n\n\n\n<li>Registros de consentimiento de los pacientes<\/li>\n\n\n\n<li>Im\u00e1genes tomadas inmediatamente despu\u00e9s de la adhesi\u00f3n<\/li>\n\n\n\n<li>Fotograf\u00edas estandarizadas de una semana<\/li>\n<\/ul>\n\n\n\n<p class=\"wp-block-paragraph\">Sin esos registros, la cl\u00ednica y el laboratorio se ven obligados a basarse en lo que recuerdan.<\/p>\n\n\n\n<p class=\"wp-block-paragraph\">La memoria siempre se vuelve m\u00e1s segura cuando el resultado sale mal.<\/p>\n\n\n\n<h2 class=\"wp-block-heading\">Preguntas frecuentes<\/h2>\n\n\n\n<h3 class=\"wp-block-heading\">\u00bfPor qu\u00e9 las carillas tienen un aspecto diferente una semana despu\u00e9s de su colocaci\u00f3n?<\/h3>\n\n\n\n<p class=\"wp-block-paragraph\">Las carillas pueden presentar un aspecto diferente una semana despu\u00e9s de su fijaci\u00f3n, ya que las condiciones de comparaci\u00f3n han cambiado: los dientes adyacentes se han rehidratado, los tejidos gingivales se han recuperado, el cemento de resina ha sufrido cambios \u00f3pticos iniciales y el resultado se eval\u00faa ahora a trav\u00e9s de los efectos combinados del grosor de la cer\u00e1mica, el color del mu\u00f1\u00f3n, la textura de la superficie, la saliva y la iluminaci\u00f3n.<\/p>\n\n\n\n<p class=\"wp-block-paragraph\">Es posible que la porcelana en s\u00ed no haya sufrido un cambio de color intr\u00ednseco significativo. Es necesario realizar un examen minucioso para identificar qu\u00e9 capa es la que provoca la diferencia visible.<\/p>\n\n\n\n<h3 class=\"wp-block-heading\">\u00bfCu\u00e1nto tiempo tarda en estabilizarse el color de las carillas?<\/h3>\n\n\n\n<p class=\"wp-block-paragraph\">Por lo general, el color de las carillas debe reevaluarse una vez que los dientes naturales y los tejidos bucales hayan recuperado su estado estable, ya que los cambios dentales relacionados con la deshidrataci\u00f3n suelen resolverse en un plazo aproximado de 24 a 48 horas; una revisi\u00f3n al cabo de una semana resulta \u00fatil, ya que permite que se restablezca la hidrataci\u00f3n normal, se produzca una recuperaci\u00f3n temprana de los tejidos y se realice una comparaci\u00f3n m\u00e1s fiable bajo una iluminaci\u00f3n estandarizada.<\/p>\n\n\n\n<p class=\"wp-block-paragraph\">Si tras una semana persiste la discrepancia, esta debe medirse y documentarse, en lugar de descartarse autom\u00e1ticamente como parte del proceso de asentamiento.<\/p>\n\n\n\n<h3 class=\"wp-block-heading\">\u00bfPueden cambiar de color las carillas de porcelana despu\u00e9s de su colocaci\u00f3n?<\/h3>\n\n\n\n<p class=\"wp-block-paragraph\">Las carillas de porcelana pueden presentar un aspecto final diferente tras su fijaci\u00f3n, ya que el cemento de resina fraguado, el grosor de la cer\u00e1mica, el color del mu\u00f1\u00f3n, la hidrataci\u00f3n de la superficie y los dientes adyacentes influyen en el resultado \u00f3ptico global, aunque la porcelana en s\u00ed misma suele ser m\u00e1s estable en cuanto al color que la capa de resina y es poco probable que cambie de color de forma notable durante la primera semana.<\/p>\n\n\n\n<p class=\"wp-block-paragraph\">La aparici\u00f3n de manchas o la decoloraci\u00f3n del cemento a largo plazo es un problema distinto de la diferencia inmediata que se observa tras el parto.<\/p>\n\n\n\n<h3 class=\"wp-block-heading\">\u00bfPuede el cemento de resina provocar una discrepancia en el color de una carilla?<\/h3>\n\n\n\n<p class=\"wp-block-paragraph\">El cemento de resina puede provocar una discrepancia en el color de una carilla cuando su opacidad, valor, calidez, espesor de la capa, comportamiento de polimerizaci\u00f3n o aspecto final tras la polimerizaci\u00f3n difieren de la predicci\u00f3n realizada durante la prueba de ajuste; este efecto resulta m\u00e1s visible en carillas ultrafinas y muy transl\u00facidas, y menos visible en restauraciones cer\u00e1micas m\u00e1s gruesas u opacas.<\/p>\n\n\n\n<p class=\"wp-block-paragraph\">El cemento es un modificador \u00f3ptico, no un m\u00e9todo de rescate fiable para una carilla fabricada con un valor u opacidad fundamentalmente incorrectos.<\/p>\n\n\n\n<h3 class=\"wp-block-heading\">\u00bfLa rehidrataci\u00f3n dental altera el aspecto de las carillas?<\/h3>\n\n\n\n<p class=\"wp-block-paragraph\">La rehidrataci\u00f3n dental modifica el aspecto de las carillas, ya que devuelve al esmalte natural deshidratado su tono normal, m\u00e1s oscuro y transl\u00facido, lo que puede hacer que una carilla cer\u00e1mica sin modificar parezca m\u00e1s brillante o m\u00e1s opaca de lo que parec\u00eda junto a los dientes naturales aclarados artificialmente durante el aislamiento, la prueba de ajuste, la adhesi\u00f3n o la fotograf\u00eda postoperatoria inmediata.<\/p>\n\n\n\n<p class=\"wp-block-paragraph\">Las investigaciones indican que los dientes naturales pueden seguir presentando alteraciones apreciables tras 30 minutos de rehidrataci\u00f3n, pero que, por lo general, vuelven a niveles similares a los iniciales al cabo de 24 horas.<\/p>\n\n\n\n<h3 class=\"wp-block-heading\">\u00bfHay que sustituir una carilla si el color no es el adecuado al cabo de una semana?<\/h3>\n\n\n\n<p class=\"wp-block-paragraph\">No se debe sustituir una carilla \u00fanicamente porque presente un aspecto diferente en una fotograf\u00eda tomada sin condiciones controladas una semana despu\u00e9s; la sustituci\u00f3n debe realizarse tras una evaluaci\u00f3n estructurada de la hidrataci\u00f3n, la iluminaci\u00f3n, la sombra del mu\u00f1\u00f3n, el grosor de la cer\u00e1mica, la selecci\u00f3n del cemento, el asentamiento, los m\u00e1rgenes, el estado de los tejidos, la textura de la superficie y los registros originales aprobados de la prueba de ajuste.<\/p>\n\n\n\n<p class=\"wp-block-paragraph\">Cuando el desajuste sigue siendo evidente en condiciones repetibles, el profesional cl\u00ednico y el laboratorio pueden determinar si procede realizar un pulido, una modificaci\u00f3n de la superficie, un tratamiento de los dientes adyacentes o una sustituci\u00f3n.<\/p>\n\n\n\n<h3 class=\"wp-block-heading\">\u00bfSe puede cambiar el color de una carilla adhesiva sin tener que retirarla?<\/h3>\n\n\n\n<p class=\"wp-block-paragraph\">Por lo general, el color intr\u00ednseco de la cer\u00e1mica de una carilla adhesiva no puede modificarse de forma sustancial sin retirarla, aunque un pulido superficial limitado, un nuevo esmaltado, una modificaci\u00f3n de la textura o un ajuste del color de los dientes adyacentes pueden alterar el brillo y el reflejo percibidos cuando el problema es superficial y no se encuentra en la cer\u00e1mica, el cemento o el diente subyacente.<\/p>\n\n\n\n<p class=\"wp-block-paragraph\">Es necesario identificar el origen de la discrepancia antes de intentar cualquier correcci\u00f3n irreversible.<\/p>\n\n\n\n<h3 class=\"wp-block-heading\">\u00bfSe puede sustituir una carilla que no encaja sin tener que cambiar toda la pr\u00f3tesis?<\/h3>\n\n\n\n<p class=\"wp-block-paragraph\">Una carilla que no encaja puede sustituirse sin necesidad de rehacer todo el caso, pero el \u00e9xito depende de que se reproduzcan el valor, el tono, la saturaci\u00f3n, la translucidez, la fluorescencia, la textura superficial, el brillo, el grosor de la cer\u00e1mica, la interacci\u00f3n con el sustrato y las caracter\u00edsticas de envejecimiento de las unidades adyacentes, en lugar de limitarse a pedir el mismo c\u00f3digo de color impreso.<\/p>\n\n\n\n<p class=\"wp-block-paragraph\">Gu\u00eda de Artist Dental Lab sobre <a href=\"https:\/\/artistdentallab.com\/es\/replacing-one-veneer-in-a-multi-unit-case-shade-and-texture-matching-strategies\/\">Sustituci\u00f3n de una carilla en un caso de varias unidades<\/a> explica por qu\u00e9 son necesarios las fotograf\u00edas, los registros materiales, la sombra del toc\u00f3n, los mapas de textura y el historial del cemento existente.<\/p>\n\n\n\n<h2 class=\"wp-block-heading\">Convierte el resumen semanal en pruebas<\/h2>\n\n\n\n<p class=\"wp-block-paragraph\">No le digas al paciente \u201cYa se arreglar\u00e1\u201d sin precisar qu\u00e9 es lo que se espera que cambie.<\/p>\n\n\n\n<p class=\"wp-block-paragraph\">Hidrata los dientes. Estabiliza la luz. Repite las fotograf\u00edas. Anota el color del mu\u00f1\u00f3n, el material cer\u00e1mico, el grosor, el sistema de cementaci\u00f3n, la textura de la superficie y la ubicaci\u00f3n exacta de la discrepancia visible. A continuaci\u00f3n, compara el resultado con el registro de la prueba aprobada y con el registro realizado inmediatamente despu\u00e9s de la cementaci\u00f3n.<\/p>\n\n\n\n<p class=\"wp-block-paragraph\">La cruda realidad es sencilla: la falta de coincidencia en el tono de una carilla no se puede resolver discutiendo sobre si es A1 o B1, sin tener en cuenta todas las capas \u00f3pticas que hay debajo y alrededor de la cer\u00e1mica.<\/p>\n\n\n\n<p class=\"wp-block-paragraph\">Para el an\u00e1lisis t\u00e9cnico del color, la selecci\u00f3n de materiales, la asistencia con la prescripci\u00f3n o un caso de prueba anterior controlada, env\u00eda a Artist Dental Lab los archivos STL, las fotograf\u00edas individuales del color del mu\u00f1\u00f3n, los registros del color final, la informaci\u00f3n sobre el cemento, las especificaciones de la cer\u00e1mica y las im\u00e1genes estandarizadas de una semana a trav\u00e9s de la <a href=\"https:\/\/artistdentallab.com\/es\/contact\/\">P\u00e1gina de consulta de Artist Dental Lab<\/a>.<\/p>\n\n\n\n<p class=\"wp-block-paragraph\"><\/p>","protected":false},"excerpt":{"rendered":"<p>Una carilla que se ajustaba perfectamente durante la prueba puede parecer m\u00e1s brillante, m\u00e1s gris, m\u00e1s c\u00e1lida o m\u00e1s opaca varios d\u00edas despu\u00e9s de su fijaci\u00f3n. La explicaci\u00f3n rara vez es que \u201cla porcelana haya cambiado\u201d. La verdadera respuesta se encuentra en un sistema \u00f3ptico por capas en el que intervienen la hidrataci\u00f3n del diente, el color del sustrato, el grosor de la cer\u00e1mica, el cemento de resina, la reflexi\u00f3n superficial, la recuperaci\u00f3n de los tejidos y las condiciones de observaci\u00f3n.<\/p>","protected":false},"author":1,"featured_media":1626,"comment_status":"open","ping_status":"open","sticky":false,"template":"","format":"standard","meta":{"footnotes":""},"categories":[22],"tags":[625,621,622,624,620,619,623],"class_list":["post-1625","post","type-post","status-publish","format-standard","has-post-thumbnail","hentry","category-dental-knowledge","tag-dental-veneer-esthetics","tag-porcelain-veneer-color","tag-resin-cement-shade","tag-tooth-rehydration","tag-veneer-color-change","tag-veneer-shade-change-after-bonding","tag-veneer-shade-mismatch"],"blocksy_meta":{"styles_descriptor":{"styles":{"desktop":"","tablet":"","mobile":""},"google_fonts":[],"version":7}},"_links":{"self":[{"href":"https:\/\/artistdentallab.com\/es\/wp-json\/wp\/v2\/posts\/1625","targetHints":{"allow":["GET"]}}],"collection":[{"href":"https:\/\/artistdentallab.com\/es\/wp-json\/wp\/v2\/posts"}],"about":[{"href":"https:\/\/artistdentallab.com\/es\/wp-json\/wp\/v2\/types\/post"}],"author":[{"embeddable":true,"href":"https:\/\/artistdentallab.com\/es\/wp-json\/wp\/v2\/users\/1"}],"replies":[{"embeddable":true,"href":"https:\/\/artistdentallab.com\/es\/wp-json\/wp\/v2\/comments?post=1625"}],"version-history":[{"count":1,"href":"https:\/\/artistdentallab.com\/es\/wp-json\/wp\/v2\/posts\/1625\/revisions"}],"predecessor-version":[{"id":1628,"href":"https:\/\/artistdentallab.com\/es\/wp-json\/wp\/v2\/posts\/1625\/revisions\/1628"}],"wp:featuredmedia":[{"embeddable":true,"href":"https:\/\/artistdentallab.com\/es\/wp-json\/wp\/v2\/media\/1626"}],"wp:attachment":[{"href":"https:\/\/artistdentallab.com\/es\/wp-json\/wp\/v2\/media?parent=1625"}],"wp:term":[{"taxonomy":"category","embeddable":true,"href":"https:\/\/artistdentallab.com\/es\/wp-json\/wp\/v2\/categories?post=1625"},{"taxonomy":"post_tag","embeddable":true,"href":"https:\/\/artistdentallab.com\/es\/wp-json\/wp\/v2\/tags?post=1625"}],"curies":[{"name":"wp","href":"https:\/\/api.w.org\/{rel}","templated":true}]}}