{"id":1642,"date":"2026-08-10T06:41:29","date_gmt":"2026-08-10T06:41:29","guid":{"rendered":"https:\/\/artistdentallab.com\/"},"modified":"2026-08-10T06:43:09","modified_gmt":"2026-08-10T06:43:09","slug":"veneer-maintenance-for-long-term-gloss-texture-and-shade-stability","status":"publish","type":"post","link":"https:\/\/artistdentallab.com\/es\/veneer-maintenance-for-long-term-gloss-texture-and-shade-stability\/","title":{"rendered":"Mantenimiento de las chapas para garantizar la estabilidad a largo plazo del brillo, la textura y el tono"},"content":{"rendered":"<p class=\"wp-block-paragraph\">Una chapa puede conservarse, pero aun as\u00ed envejecer mal.<\/p>\n\n\n\n<p class=\"wp-block-paragraph\">Esa distinci\u00f3n es importante porque el sector odontol\u00f3gico suele utilizar el t\u00e9rmino \u201csupervivencia\u201d como sin\u00f3nimo de \u00e9xito, incluso cuando una restauraci\u00f3n sigue adherida pero ha perdido brillo, se ha vuelto m\u00e1s rugosa, presenta un mayor reflejo en zonas inadecuadas, presenta manchas alrededor de los bordes o no se integra visualmente con los dientes adyacentes.<\/p>\n\n\n\n<p class=\"wp-block-paragraph\">\u00bfPor qu\u00e9 se deber\u00eda considerar que una restauraci\u00f3n ha tenido \u00e9xito simplemente porque no se ha fracturado?<\/p>\n\n\n\n<p class=\"wp-block-paragraph\">Una revisi\u00f3n sistem\u00e1tica de 2021, indexada por la Biblioteca Nacional de Medicina de EE. UU., evalu\u00f3 <strong>25 estudios cl\u00ednicos que abarcan 6.500 carillas laminadas de porcelana<\/strong> y calcul\u00f3 una estimaci\u00f3n de <strong>Tasa de supervivencia acumulada a 10 a\u00f1os del 95,51 % (TP3T)<\/strong>. La fractura fue el fallo m\u00e1s frecuente, seguida del desprendimiento. Esas cifras son impresionantes, pero miden la supervivencia de la restauraci\u00f3n, no la conservaci\u00f3n del brillo, la textura superficial y el aspecto \u00f3ptico exactos que se obtuvieron el d\u00eda de la adhesi\u00f3n.<\/p>\n\n\n\n<p class=\"wp-block-paragraph\">Esa es la primera realidad inc\u00f3moda sobre el mantenimiento de las chapas de madera.<\/p>\n\n\n\n<p class=\"wp-block-paragraph\"><strong>La longevidad y la estabilidad est\u00e9tica no son el mismo criterio de valoraci\u00f3n.<\/strong><\/p>\n\n\n\n<h2 class=\"wp-block-heading\">El mantenimiento de las chapas es, en realidad, un control de la superficie<\/h2>\n\n\n\n<p class=\"wp-block-paragraph\">A la hora de abordar el cuidado a largo plazo de las carillas de porcelana, divido el proceso en cuatro fases:<\/p>\n\n\n\n<ol class=\"wp-block-list\">\n<li>Estado de la superficie cer\u00e1mica<\/li>\n\n\n\n<li>M\u00e1rgenes adheridos y estructura dental de soporte<\/li>\n\n\n\n<li>Relaci\u00f3n \u00f3ptica entre la cer\u00e1mica, el cemento de resina y el diente natural<\/li>\n\n\n\n<li>Carga funcional derivada de la oclusi\u00f3n y las parafunciones<\/li>\n<\/ol>\n\n\n\n<p class=\"wp-block-paragraph\">Lo que suele notar el paciente es lo siguiente: \u201cMis carillas ya no brillan tanto como antes\u201d.\u201d<\/p>\n\n\n\n<p class=\"wp-block-paragraph\">Pero la causa real podr\u00eda ser completamente diferente.<\/p>\n\n\n\n<p class=\"wp-block-paragraph\">Es posible que la carilla haya acumulado dep\u00f3sitos. Una limpieza profesional podr\u00eda haber alterado la superficie. Un ajuste realizado en la consulta podr\u00eda haber eliminado el esmalte. El esmalte adyacente podr\u00eda haber cambiado. La retracci\u00f3n gingival podr\u00eda haber dejado al descubierto una transici\u00f3n cervical. El cemento de resina en un margen podr\u00eda haber cambiado \u00f3pticamente. O quiz\u00e1 la textura original de la cer\u00e1mica simplemente refleje la luz de forma diferente tras a\u00f1os de desgaste superficial.<\/p>\n\n\n\n<p class=\"wp-block-paragraph\">El an\u00e1lisis de Artist Dental Lab sobre <a href=\"https:\/\/artistdentallab.com\/es\/why-veneer-shade-can-appear-different-one-week-after-bonding\/\">Por qu\u00e9 el color de las carillas puede parecer diferente tras su fijaci\u00f3n<\/a> hace esta misma distinci\u00f3n: la sombra debe evaluarse teniendo en cuenta la hidrataci\u00f3n, la iluminaci\u00f3n, la sombra que proyecta el toc\u00f3n, el material cer\u00e1mico, el cemento, el grosor y la textura de la superficie, en lugar de reducirse a una simple contraposici\u00f3n entre A1 y B1.<\/p>\n\n\n\n<p class=\"wp-block-paragraph\">Las peque\u00f1as variables se acumulan.<\/p>\n\n\n\n<p class=\"wp-block-paragraph\">Una carilla de porcelana no es simplemente una capa blanca. La porcelana feldesp\u00e1tica contiene un sistema cer\u00e1mico con alto contenido en vidrio, asociado a compuestos como <strong>SiO\u2082, Al\u2082O\u2083, K\u2082O y Na\u2082O<\/strong>, mientras que el disilicato de litio se representa habitualmente como <strong>Li\u2082Si\u2082O\u2085<\/strong>. El esmalte natural, en cambio, est\u00e1 compuesto en su mayor parte por hidroxiapatita, <strong>Ca\u2081\u2080(PO\u2084)\u2086(OH)\u2082<\/strong>. Estas superficies no reaccionan de la misma manera ante el desgaste, el pulido, el uso de instrumentos o el envejecimiento \u00f3ptico.<\/p>\n\n\n\n<p class=\"wp-block-paragraph\">Por lo tanto, el mantenimiento no puede ser gen\u00e9rico.<\/p>\n\n\n\n<h2 class=\"wp-block-heading\">El brillo no es solo \u201clustroso\u201d<\/h2>\n\n\n\n<p class=\"wp-block-paragraph\">Los profesionales cl\u00ednicos a veces se refieren al brillo como si se tratara de un esmalte cosm\u00e9tico que se aplica al final del proceso de fabricaci\u00f3n.<\/p>\n\n\n\n<p class=\"wp-block-paragraph\">No estoy de acuerdo.<\/p>\n\n\n\n<p class=\"wp-block-paragraph\">El brillo determina c\u00f3mo se refleja la luz en la superficie dental. En combinaci\u00f3n con los \u00e1ngulos de las l\u00edneas, los l\u00f3bulos de desarrollo, la textura horizontal, la anatom\u00eda incisal y la curvatura de la superficie, modifica la percepci\u00f3n del ancho, el tono, la profundidad y la edad de un diente.<\/p>\n\n\n\n<p class=\"wp-block-paragraph\">Si se aplana ese sistema, el resultado de la restauraci\u00f3n cambia visualmente, aunque la designaci\u00f3n de tono Vita siga siendo la misma.<\/p>\n\n\n\n<p class=\"wp-block-paragraph\">Por eso, nuestra gu\u00eda sobre <a href=\"https:\/\/artistdentallab.com\/es\/which-veneer-material-offers-the-best-control-of-surface-texture\/\">textura de la superficie del revestimiento y elecci\u00f3n de la cer\u00e1mica<\/a> distingue entre el contorno primario, la anatom\u00eda de desarrollo secundaria, la microtextura terciaria y el brillo selectivo. Una carilla puede ser lo suficientemente lisa a nivel microsc\u00f3pico como para su uso cl\u00ednico sin por ello parecer visualmente plana.<\/p>\n\n\n\n<p class=\"wp-block-paragraph\">Esta diferencia pasa f\u00e1cilmente desapercibida.<\/p>\n\n\n\n<h3 class=\"wp-block-heading\">\u00abSuave\u00bb no es lo mismo que \u00abplano\u00bb<\/h3>\n\n\n\n<p class=\"wp-block-paragraph\">Una chapa con un acabado adecuado puede contener:<\/p>\n\n\n\n<ul class=\"wp-block-list\">\n<li>L\u00edneas de transici\u00f3n mesial y distal<\/li>\n\n\n\n<li>L\u00f3bulos del desarrollo facial<\/li>\n\n\n\n<li>Depresiones verticales muy poco profundas<\/li>\n\n\n\n<li>Textura selectiva horizontal similar al esmalte<\/li>\n\n\n\n<li>Irregularidad incisal<\/li>\n\n\n\n<li>Diferentes intensidades de brillo en las distintas zonas del rostro<\/li>\n\n\n\n<li>Sutil asimetr\u00eda entre los dientes contralaterales<\/li>\n<\/ul>\n\n\n\n<p class=\"wp-block-paragraph\">Eliminar todo eso en busca del \u201cm\u00e1ximo brillo\u201d no restaura el barniz.<\/p>\n\n\n\n<p class=\"wp-block-paragraph\">Lo redise\u00f1a.<\/p>\n\n\n\n<p class=\"wp-block-paragraph\">Y una vez que se ha eliminado por esmerilado la anatom\u00eda original de la superficie, el pulido por s\u00ed solo no puede reconstruir una geometr\u00eda que ya no existe.<\/p>\n\n\n\n<figure class=\"wp-block-image size-large\"><img fetchpriority=\"high\" decoding=\"async\" width=\"1024\" height=\"576\" src=\"https:\/\/artistdentallab.com\/wp-content\/uploads\/2026\/08\/Veneer-Maintenance-for-Long-Term-Gloss-Texture-and-Shade-Stability-2-1024x576.jpg\" alt=\"Mantenimiento de las chapas para garantizar la estabilidad a largo plazo del brillo, la textura y el tono\" class=\"wp-image-1644\" title=\"\" srcset=\"https:\/\/artistdentallab.com\/wp-content\/uploads\/2026\/08\/Veneer-Maintenance-for-Long-Term-Gloss-Texture-and-Shade-Stability-2-1024x576.jpg 1024w, https:\/\/artistdentallab.com\/wp-content\/uploads\/2026\/08\/Veneer-Maintenance-for-Long-Term-Gloss-Texture-and-Shade-Stability-2-300x169.jpg 300w, https:\/\/artistdentallab.com\/wp-content\/uploads\/2026\/08\/Veneer-Maintenance-for-Long-Term-Gloss-Texture-and-Shade-Stability-2-768x432.jpg 768w, https:\/\/artistdentallab.com\/wp-content\/uploads\/2026\/08\/Veneer-Maintenance-for-Long-Term-Gloss-Texture-and-Shade-Stability-2-1536x864.jpg 1536w, https:\/\/artistdentallab.com\/wp-content\/uploads\/2026\/08\/Veneer-Maintenance-for-Long-Term-Gloss-Texture-and-Shade-Stability-2-18x10.jpg 18w, https:\/\/artistdentallab.com\/wp-content\/uploads\/2026\/08\/Veneer-Maintenance-for-Long-Term-Gloss-Texture-and-Shade-Stability-2-500x281.jpg 500w, https:\/\/artistdentallab.com\/wp-content\/uploads\/2026\/08\/Veneer-Maintenance-for-Long-Term-Gloss-Texture-and-Shade-Stability-2-600x338.jpg 600w, https:\/\/artistdentallab.com\/wp-content\/uploads\/2026\/08\/Veneer-Maintenance-for-Long-Term-Gloss-Texture-and-Shade-Stability-2.jpg 1672w\" sizes=\"(max-width: 1024px) 100vw, 1024px\" \/><figcaption class=\"wp-element-caption\">Mantenimiento de las chapas para garantizar la estabilidad a largo plazo del brillo, la textura y el tono<\/figcaption><\/figure>\n\n\n\n<h2 class=\"wp-block-heading\">\u00bfQu\u00e9 es lo que realmente influye en el brillo, la textura y el tono de las carillas?<\/h2>\n\n\n\n<p class=\"wp-block-paragraph\">El paciente suele echarle la culpa al caf\u00e9.<\/p>\n\n\n\n<p class=\"wp-block-paragraph\">A veces, el caf\u00e9 es el culpable. A menudo, se le da demasiado m\u00e9rito.<\/p>\n\n\n\n<p class=\"wp-block-paragraph\">A 2026 <em>Informes cient\u00edficos<\/em> estudio analiz\u00f3 <strong>48 espec\u00edmenes<\/strong> fabricadas con dos cer\u00e1micas laminadas mediante CAD\/CAM: <strong>CEREC Tessera<\/strong> disilicato de litio avanzado de Dentsply Sirona y <strong>VITA Suprinity<\/strong> silicato de litio reforzado con circonio de VITA Zahnfabrik. Los investigadores sometieron las muestras a una simulaci\u00f3n de cepillado, adem\u00e1s de ciclos t\u00e9rmicos con caf\u00e9 y tabaco, y las evaluaron tras intervalos simulados de seis meses y un a\u00f1o.<\/p>\n\n\n\n<p class=\"wp-block-paragraph\">En el experimento se utiliz\u00f3 <strong>10 000 ciclos de cepillado<\/strong> como su par\u00e1metro de evaluaci\u00f3n simulado a un a\u00f1o. Los cambios en la rugosidad de la superficie no fueron estad\u00edsticamente significativos entre los grupos analizados, pero el cambio de color tras el protocolo combinado de cepillado y caf\u00e9\/tabaco super\u00f3 el rango cl\u00ednicamente aceptado por el estudio para los materiales analizados. Los autores tambi\u00e9n hicieron hincapi\u00e9 en que se trataba de un <strong>in vitro<\/strong> Se trata de un experimento, no de una predicci\u00f3n directa de c\u00f3mo quedar\u00e1n las carillas de cada paciente al cabo de un a\u00f1o.<\/p>\n\n\n\n<p class=\"wp-block-paragraph\">Esa limitaci\u00f3n es importante.<\/p>\n\n\n\n<p class=\"wp-block-paragraph\">Los estudios de envejecimiento en laboratorio aceleran determinadas variables. En la boca real intervienen la saliva, la placa, la alimentaci\u00f3n, los cambios de pH, la t\u00e9cnica de cepillado, la oclusi\u00f3n, la limpieza profesional, el cemento de resina, los tejidos gingivales, el grosor individual de la cer\u00e1mica y cientos de diferencias de comportamiento.<\/p>\n\n\n\n<p class=\"wp-block-paragraph\">Aun as\u00ed, el mensaje es \u00fatil: <strong>El acabado de la superficie y el historial de exposici\u00f3n son importantes.<\/strong><\/p>\n\n\n\n<h2 class=\"wp-block-heading\">Resumen de los riesgos relacionados con el mantenimiento de las carillas dentales<\/h2>\n\n\n\n<figure class=\"wp-block-table\"><table class=\"has-fixed-layout\"><thead><tr><th>Factor<\/th><th>Principal motivo de preocupaci\u00f3n a largo plazo<\/th><th>Aspectos que debe tener en cuenta el equipo cl\u00ednico<\/th><th>Mejor respuesta en materia de mantenimiento<\/th><\/tr><\/thead><tbody><tr><td>Cepillado diario habitual<\/td><td>Control de la placa con posible interacci\u00f3n superficial acumulativa<\/td><td>Cambios en el brillo o en la rugosidad localizada<\/td><td>Utiliza productos y t\u00e9cnicas de cepillado recomendados por los profesionales sanitarios<\/td><\/tr><tr><td>Productos blanqueadores muy abrasivos o agresivos<\/td><td>Abrasi\u00f3n superficial<\/td><td>Aumento del aspecto mate o aparici\u00f3n de peque\u00f1os ara\u00f1azos<\/td><td>No des por sentado que \u201cblanqueamiento\u201d significa que es apto para carillas.<\/td><\/tr><tr><td>Caf\u00e9, t\u00e9, vino tinto, tabaco<\/td><td>Exposici\u00f3n extr\u00ednseca al color<\/td><td>Mancha superficial, decoloraci\u00f3n marginal, falta de uniformidad con los dientes adyacentes<\/td><td>Mantener el control de la placa y determinar la causa real de la decoloraci\u00f3n<\/td><\/tr><tr><td>Limpieza dental profesional y profilaxis<\/td><td>Interacci\u00f3n entre el instrumento y el material<\/td><td>Ara\u00f1azos o alteraciones en el acabado de la superficie<\/td><td>Identificar el material de restauraci\u00f3n antes de realizar una instrumentaci\u00f3n agresiva<\/td><\/tr><tr><td>Ajuste de cer\u00e1mica en la consulta<\/td><td>P\u00e9rdida de brillo, textura y \u00e1ngulos de las l\u00edneas<\/td><td>Una rugosidad local o un reflejo anormalmente plano<\/td><td>Vuelve a pulir siguiendo un procedimiento espec\u00edfico para cer\u00e1mica<\/td><\/tr><tr><td>Bruxismo o carga funcional elevada<\/td><td>Desgaste de los bordes, astillamiento, fractura<\/td><td>Microda\u00f1os incisales y cambios en los patrones de contacto<\/td><td>Evaluar la oclusi\u00f3n y considerar un tratamiento preventivo cuando est\u00e9 indicado<\/td><\/tr><tr><td>Recesi\u00f3n gingival<\/td><td>M\u00e1rgenes que ahora se ven<\/td><td>Transici\u00f3n del color en la zona cervical o estructura dental expuesta<\/td><td>Evaluar el estado periodontal y la integridad del margen<\/td><\/tr><tr><td>Envejecimiento de la interfaz entre la resina y el cemento<\/td><td>Cambio \u00f3ptico cerca de los m\u00e1rgenes<\/td><td>Discrepancia de color localizada<\/td><td>Determina si la causa es la cer\u00e1mica, el cemento, el diente o el margen<\/td><\/tr><\/tbody><\/table><\/figure>\n\n\n\n<p class=\"wp-block-paragraph\">Lo importante es la disciplina diagn\u00f3stica.<\/p>\n\n\n\n<p class=\"wp-block-paragraph\"><strong>No te precipites y deja el diagn\u00f3stico para m\u00e1s tarde.<\/strong><\/p>\n\n\n\n<h2 class=\"wp-block-heading\">El cuidado de las carillas de porcelana empieza con el control habitual de la placa dental<\/h2>\n\n\n\n<p class=\"wp-block-paragraph\">La parte menos glamurosa del cuidado posterior de las carillas es tambi\u00e9n la m\u00e1s justificable.<\/p>\n\n\n\n<p class=\"wp-block-paragraph\">Las recomendaciones de la Asociaci\u00f3n Dental Americana para los pacientes sobre las carillas dentales aconsejan cepillarse los dientes <strong>dos veces al d\u00eda con pasta de dientes con fl\u00faor<\/strong> y la limpieza entre los dientes <strong>una vez al d\u00eda, utilizando hilo dental u otro producto de limpieza interdental<\/strong>.<\/p>\n\n\n\n<p class=\"wp-block-paragraph\">Esa recomendaci\u00f3n suena casi decepcionantemente corriente.<\/p>\n\n\n\n<p class=\"wp-block-paragraph\">Bien.<\/p>\n\n\n\n<p class=\"wp-block-paragraph\">Los pacientes no necesitan un armario lleno de productos ex\u00f3ticos para el \u201cmantenimiento de las carillas\u201d simplemente porque se les haya adherido cer\u00e1mica a los dientes anteriores.<\/p>\n\n\n\n<p class=\"wp-block-paragraph\">Necesitan un control fiable de la placa en torno a las restauraciones cuyos m\u00e1rgenes siguen dependiendo de dientes de soporte y tejidos periodontales sanos.<\/p>\n\n\n\n<h3 class=\"wp-block-heading\">El margen es m\u00e1s importante que el marketing<\/h3>\n\n\n\n<p class=\"wp-block-paragraph\">La porcelana, por s\u00ed misma, no desarrolla caries dentales.<\/p>\n\n\n\n<p class=\"wp-block-paragraph\">El diente que lo sostiene s\u00ed puede.<\/p>\n\n\n\n<p class=\"wp-block-paragraph\">Esto significa que el mantenimiento de las carillas dentales debe incluir la evaluaci\u00f3n de:<\/p>\n\n\n\n<ul class=\"wp-block-list\">\n<li>Inflamaci\u00f3n gingival<\/li>\n\n\n\n<li>Acumulaci\u00f3n de placa<\/li>\n\n\n\n<li>Tinci\u00f3n marginal<\/li>\n\n\n\n<li>M\u00e1rgenes abiertos o defectuosos<\/li>\n\n\n\n<li>Caries secundaria<\/li>\n\n\n\n<li>Exposici\u00f3n de la resina y el cemento<\/li>\n\n\n\n<li>Higiene interproximal<\/li>\n\n\n\n<li>Desgaste incisal<\/li>\n\n\n\n<li>Contactos oclusales<\/li>\n\n\n\n<li>Rugosidad localizada<\/li>\n<\/ul>\n\n\n\n<p class=\"wp-block-paragraph\">Una superficie facial brillante no tiene apenas importancia si el margen cervical presenta defectos.<\/p>\n\n\n\n<h2 class=\"wp-block-heading\">Cuidado con la mentalidad de \u00abpasta dent\u00edfrica blanqueadora\u00bb<\/h2>\n\n\n\n<p class=\"wp-block-paragraph\">Los pacientes dan por sentado, como es l\u00f3gico, que cualquier producto que se comercialice para blanquear los dientes ayudar\u00e1 a mantener el brillo de las carillas.<\/p>\n\n\n\n<p class=\"wp-block-paragraph\">Esa suposici\u00f3n puede resultar peligrosa.<\/p>\n\n\n\n<p class=\"wp-block-paragraph\">Las pastas dent\u00edfricas blanqueadoras se centran principalmente en las manchas extr\u00ednsecas mediante mecanismos mec\u00e1nicos y qu\u00edmicos, y los materiales de restauraci\u00f3n no reaccionan necesariamente igual que el esmalte. Diversos estudios publicados en los \u00faltimos a\u00f1os han analizado espec\u00edficamente c\u00f3mo la abrasividad de las pastas dent\u00edfricas y el cepillado simulado pueden alterar las propiedades superficiales de los materiales de restauraci\u00f3n CAD\/CAM.<\/p>\n\n\n\n<p class=\"wp-block-paragraph\">Mi norma de trabajo es sencilla: <strong>No elijas una pasta de dientes para una restauraci\u00f3n cer\u00e1mica bas\u00e1ndote \u00fanicamente en la palabra \u201cblanqueamiento\u201d.\u201d<\/strong><\/p>\n\n\n\n<p class=\"wp-block-paragraph\">Si un paciente cree que las carillas se est\u00e1n oscureciendo, el odont\u00f3logo debe determinar primero qu\u00e9 es lo que ha cambiado realmente:<\/p>\n\n\n\n<ul class=\"wp-block-list\">\n<li>Superficie cer\u00e1mica<\/li>\n\n\n\n<li>Dientes naturales junto a las carillas<\/li>\n\n\n\n<li>Esmalte o dentina cervical al descubierto<\/li>\n\n\n\n<li>Margen de resina-cemento<\/li>\n\n\n\n<li>Dep\u00f3sitos superficiales<\/li>\n\n\n\n<li>Condiciones de iluminaci\u00f3n<\/li>\n\n\n\n<li>Posici\u00f3n gingival<\/li>\n\n\n\n<li>Visibilidad del sustrato subyacente<\/li>\n<\/ul>\n\n\n\n<p class=\"wp-block-paragraph\">Intentar resolver todos los problemas de coloraci\u00f3n con una mayor abrasi\u00f3n es una pr\u00e1ctica odontol\u00f3gica poco rigurosa.<\/p>\n\n\n\n<h2 class=\"wp-block-heading\">C\u00f3mo mantener las carillas brillantes sin perder su textura<\/h2>\n\n\n\n<p class=\"wp-block-paragraph\">Aqu\u00ed es donde el mantenimiento se vuelve t\u00e9cnico.<\/p>\n\n\n\n<p class=\"wp-block-paragraph\">Una carilla que presente una textura rugosa tras el ajuste o el tratamiento profesional puede necesitar un repulido. Sin embargo, el repulido no significa que se deba convertir la superficie facial en un espejo.<\/p>\n\n\n\n<p class=\"wp-block-paragraph\">Gu\u00eda t\u00e9cnica de Artist Dental Lab sobre <a href=\"https:\/\/artistdentallab.com\/es\/can-veneers-be-re-polished-to-restore-their-original-esthetics\/\">Repulido de carillas de porcelana<\/a> explica claramente el objetivo: la anatom\u00eda visible del desarrollo puede conservarse, mientras que la superficie cer\u00e1mica se pule hasta obtener un acabado adecuadamente liso y f\u00e1cil de limpiar.<\/p>\n\n\n\n<p class=\"wp-block-paragraph\">Esa distinci\u00f3n deber\u00eda marcar el orden de los pasos.<\/p>\n\n\n\n<h3 class=\"wp-block-heading\">En primer lugar, averigua por qu\u00e9 ha cambiado el brillo.<\/h3>\n\n\n\n<p class=\"wp-block-paragraph\">Antes de recurrir a un sistema de pulido, comprueba si el defecto es:<\/p>\n\n\n\n<ul class=\"wp-block-list\">\n<li>Relacionado con los dep\u00f3sitos<\/li>\n\n\n\n<li>Tinci\u00f3n superficial<\/li>\n\n\n\n<li>P\u00e9rdida de esmalte<\/li>\n\n\n\n<li>Da\u00f1os causados por el ajuste de los diamantes<\/li>\n\n\n\n<li>Rascado profil\u00e1ctico<\/li>\n\n\n\n<li>Desgaste localizado de la cer\u00e1mica<\/li>\n\n\n\n<li>Una superficie fracturada<\/li>\n\n\n\n<li>Un problema de margen<\/li>\n\n\n\n<li>Un problema de contorno<\/li>\n<\/ul>\n\n\n\n<p class=\"wp-block-paragraph\">No se trata de diagn\u00f3sticos intercambiables.<\/p>\n\n\n\n<h3 class=\"wp-block-heading\">A continuaci\u00f3n, localiza la zona exacta<\/h3>\n\n\n\n<p class=\"wp-block-paragraph\">Una zona cervical rugosa requiere un enfoque diferente al de un reflejo facial central aplanado.<\/p>\n\n\n\n<p class=\"wp-block-paragraph\">Un borde incisal modificado presenta otra particularidad, ya que al acortarlo y pulirlo se puede alterar simult\u00e1neamente la longitud del diente, la fon\u00e9tica, las relaciones entre los espacios interdentales, la translucidez incisal y las caracter\u00edsticas de la superficie.<\/p>\n\n\n\n<p class=\"wp-block-paragraph\">Por ese motivo, los profesionales cl\u00ednicos que realicen correcciones tras la cementaci\u00f3n deber\u00edan repasar los principios que se recogen en <a href=\"https:\/\/artistdentallab.com\/es\/adjusting-veneer-incisal-edges-without-destroying-surface-character\/\">ajuste de los bordes incisales de las carillas sin alterar las caracter\u00edsticas de la superficie<\/a> antes de considerar el acabado como una simple reducci\u00f3n de la longitud.<\/p>\n\n\n\n<h3 class=\"wp-block-heading\">Por \u00faltimo, conserva la geometr\u00eda de reflexi\u00f3n<\/h3>\n\n\n\n<p class=\"wp-block-paragraph\">El pulido debe restaurar la calidad de la superficie.<\/p>\n\n\n\n<p class=\"wp-block-paragraph\">No deber\u00eda eliminar autom\u00e1ticamente cualquier indicio de textura.<\/p>\n\n\n\n<p class=\"wp-block-paragraph\">Observa la carilla bajo una luz dirigida. Gira al paciente. Compara la anchura y la posici\u00f3n del reflejo facial con los dientes adyacentes. Una superficie puede parecer lisa al palparla con un explorador, pero seguir teniendo un aspecto incorrecto porque las l\u00edneas de transici\u00f3n o los l\u00f3bulos se han aplanado.<\/p>\n\n\n\n<p class=\"wp-block-paragraph\">Ah\u00ed es donde la fotograf\u00eda macro resulta \u00fatil.<\/p>\n\n\n\n<h2 class=\"wp-block-heading\">La estabilidad del color es m\u00e1s compleja que la resistencia a las manchas<\/h2>\n\n\n\n<p class=\"wp-block-paragraph\">Los pacientes suelen preguntar c\u00f3mo evitar que las carillas se manchen.<\/p>\n\n\n\n<p class=\"wp-block-paragraph\">La respuesta m\u00e1s concisa es limitar la exposici\u00f3n excesiva a pigmentos fuertes y mantener una buena higiene bucal.<\/p>\n\n\n\n<p class=\"wp-block-paragraph\">La respuesta m\u00e1s acertada es que el color visible de la carilla se debe a m\u00faltiples capas \u00f3pticas.<\/p>\n\n\n\n<p class=\"wp-block-paragraph\">Una restauraci\u00f3n anterior delgada puede verse afectada por:<\/p>\n\n\n\n<ul class=\"wp-block-list\">\n<li>Composici\u00f3n cer\u00e1mica<\/li>\n\n\n\n<li>Espesor de la cer\u00e1mica<\/li>\n\n\n\n<li>Translucidez de la cer\u00e1mica<\/li>\n\n\n\n<li>Textura de la superficie<\/li>\n\n\n\n<li>Brillo de la superficie<\/li>\n\n\n\n<li>Sombra de toc\u00f3n<\/li>\n\n\n\n<li>Tono de resina-cemento<\/li>\n\n\n\n<li>Espesor del cemento<\/li>\n\n\n\n<li>Hidrataci\u00f3n dental<\/li>\n\n\n\n<li>Esmalte natural adyacente<\/li>\n\n\n\n<li>Posici\u00f3n gingival<\/li>\n\n\n\n<li>Condiciones de iluminaci\u00f3n<\/li>\n<\/ul>\n\n\n\n<p class=\"wp-block-paragraph\">Por eso, cuando una carilla presenta un aspecto diferente al cabo de cinco o diez a\u00f1os, achacarlo a las \u201cmanchas en la porcelana\u201d sin investigar esas variables es un diagn\u00f3stico poco s\u00f3lido.<\/p>\n\n\n\n<p class=\"wp-block-paragraph\">Esto resulta especialmente evidente cuando solo hay que sustituir una restauraci\u00f3n. La gu\u00eda de Artist Dental Lab sobre <a href=\"https:\/\/artistdentallab.com\/es\/replacing-one-veneer-in-a-multi-unit-case-shade-and-texture-matching-strategies\/\">Sustituci\u00f3n de una carilla en un caso de varias unidades<\/a> explica por qu\u00e9 la nueva unidad debe coincidir con la <strong>actual<\/strong> sonrisa \u2014incluidos el desgaste acumulado, el brillo, la textura, el color aplicado y el aspecto de los dientes adyacentes\u2014 y no limitarse a reproducir la prescripci\u00f3n de color original del laboratorio.<\/p>\n\n\n\n<p class=\"wp-block-paragraph\">Ese principio tambi\u00e9n es importante en el mantenimiento.<\/p>\n\n\n\n<p class=\"wp-block-paragraph\">El objetivo cl\u00ednico cambia con el tiempo.<\/p>\n\n\n\n<h2 class=\"wp-block-heading\">La cifra de 0,2 \u00b5m debe interpretarse en su contexto<\/h2>\n\n\n\n<p class=\"wp-block-paragraph\">Hay una cifra que aparece repetidamente en la bibliograf\u00eda sobre rugosidad superficial: aproximadamente <strong>0,2 \u00b5m Ra<\/strong>.<\/p>\n\n\n\n<p class=\"wp-block-paragraph\">El 2026 <em>Informes cient\u00edficos<\/em> En el art\u00edculo se analizaban las irregularidades de la superficie por debajo de, aproximadamente, <strong>0,2 micr\u00f3metros<\/strong> en lo que respecta a la reducci\u00f3n de la adhesi\u00f3n bacteriana, al tiempo que advierte de que la rugosidad de la superficie debe tenerse en cuenta junto con el material y el protocolo de acabado.<\/p>\n\n\n\n<p class=\"wp-block-paragraph\">\u00bfAlg\u00fan n\u00famero \u00fatil?<\/p>\n\n\n\n<p class=\"wp-block-paragraph\">S\u00ed.<\/p>\n\n\n\n<p class=\"wp-block-paragraph\">\u00bfUn umbral cl\u00ednico \u00abm\u00e1gico\u00bb?<\/p>\n\n\n\n<p class=\"wp-block-paragraph\">No.<\/p>\n\n\n\n<p class=\"wp-block-paragraph\">Una lectura del perfil\u00f3metro no indica si una restauraci\u00f3n anterior tiene un aspecto natural. La rugosidad de la superficie y la morfolog\u00eda visible de la misma son tipos de informaci\u00f3n a diferentes escalas.<\/p>\n\n\n\n<p class=\"wp-block-paragraph\">Una restauraci\u00f3n podr\u00eda presentar una superficie aceptablemente lisa, aunque pareciera anormalmente plana.<\/p>\n\n\n\n<p class=\"wp-block-paragraph\">O bien podr\u00eda presentar texturas macro y micro cuidadosamente dise\u00f1adas sin dejar de ser cl\u00ednicamente liso.<\/p>\n\n\n\n<p class=\"wp-block-paragraph\">Por eso me opongo a la odontolog\u00eda de \u00abun solo n\u00famero\u00bb.<\/p>\n\n\n\n<h2 class=\"wp-block-heading\">La limpieza profesional puede ayudar\u2026 o echar por tierra el buen trabajo realizado en el laboratorio<\/h2>\n\n\n\n<p class=\"wp-block-paragraph\">El mantenimiento profesional es esencial, pero \u201cprofesional\u201d no significa autom\u00e1ticamente que sea inocuo para todos los materiales de restauraci\u00f3n.<\/p>\n\n\n\n<p class=\"wp-block-paragraph\">Un estudio de 2023 indexado en PubMed analiz\u00f3 los procedimientos de profilaxis dental y puso de manifiesto efectos dependientes del material; el raspado ultras\u00f3nico aument\u00f3 significativamente la rugosidad superficial en las muestras de carillas de red cer\u00e1mica impregnadas de pol\u00edmero sometidas a ensayo. Otras investigaciones han evaluado de forma similar c\u00f3mo el raspado ultras\u00f3nico y el manual afectan a la topograf\u00eda de la superficie de la cer\u00e1mica CAD\/CAM.<\/p>\n\n\n\n<p class=\"wp-block-paragraph\">La conclusi\u00f3n no es \u201cnunca hacer una limpieza a fondo alrededor de las carillas\u201d.\u201d<\/p>\n\n\n\n<p class=\"wp-block-paragraph\">Eso ser\u00eda absurdo.<\/p>\n\n\n\n<p class=\"wp-block-paragraph\">La clave est\u00e1 en identificar qu\u00e9 es lo que est\u00e1s limpiando.<\/p>\n\n\n\n<p class=\"wp-block-paragraph\">El conocimiento de los materiales debe influir en la elecci\u00f3n de los instrumentos, los medios de pulido, la presi\u00f3n y en si una restauraci\u00f3n requiere un acabado posterior.<\/p>\n\n\n\n<h3 class=\"wp-block-heading\">Registra el material antes de que el mantenimiento se convierta en una cuesti\u00f3n de conjeturas<\/h3>\n\n\n\n<p class=\"wp-block-paragraph\">En los casos complejos de carillas, la cl\u00ednica debe conservar:<\/p>\n\n\n\n<ul class=\"wp-block-list\">\n<li>Fabricante de cer\u00e1mica y materiales<\/li>\n\n\n\n<li>Feldesp\u00e1tico, disilicato de litio, ZLS u otra denominaci\u00f3n del material<\/li>\n\n\n\n<li>Dise\u00f1o por capas frente a dise\u00f1o monol\u00edtico<\/li>\n\n\n\n<li>Tono original<\/li>\n\n\n\n<li>Sombra de toc\u00f3n<\/li>\n\n\n\n<li>Cemento de resina utilizado<\/li>\n\n\n\n<li>Espesor aproximado de la cer\u00e1mica, cuando se disponga de este dato<\/li>\n\n\n\n<li>Fotograf\u00edas finales del laboratorio<\/li>\n\n\n\n<li>Referencias de textura y brillo<\/li>\n\n\n\n<li>Fecha y lugar de los ajustes posteriores<\/li>\n<\/ul>\n\n\n\n<p class=\"wp-block-paragraph\">A\u00f1os m\u00e1s tarde, esos registros permiten distinguir entre el mantenimiento inteligente y la experimentaci\u00f3n.<\/p>\n\n\n\n<h2 class=\"wp-block-heading\">Un protocolo pr\u00e1ctico para el cuidado a largo plazo de las carillas<\/h2>\n\n\n\n<p class=\"wp-block-paragraph\">Prefiero un sistema sencillo antes que una hoja de instrucciones para el paciente enorme que nadie sigue.<\/p>\n\n\n\n<h3 class=\"wp-block-heading\">Diario<\/h3>\n\n\n\n<p class=\"wp-block-paragraph\">Cep\u00edllese los dientes dos veces al d\u00eda con pasta dent\u00edfrica con fl\u00faor y siguiendo la t\u00e9cnica recomendada por su odont\u00f3logo.<\/p>\n\n\n\n<p class=\"wp-block-paragraph\">Limpia los espacios interdentales todos los d\u00edas.<\/p>\n\n\n\n<p class=\"wp-block-paragraph\">Presta atenci\u00f3n a si hay sangrado, restos de comida atrapados, nueva rugosidad o si el hilo dental se deshilacha alrededor del margen.<\/p>\n\n\n\n<h3 class=\"wp-block-heading\">Tras una exposici\u00f3n intensa a los pigmentos<\/h3>\n\n\n\n<p class=\"wp-block-paragraph\">No te asustes porque el paciente tome caf\u00e9.<\/p>\n\n\n\n<p class=\"wp-block-paragraph\">En su lugar, mant\u00e9n una higiene bucal constante y vigila si aparecen manchas en la restauraci\u00f3n, en los dientes adyacentes o, concretamente, en los bordes.<\/p>\n\n\n\n<p class=\"wp-block-paragraph\">El estudio CEREC Tessera y VITA Suprinity de 2026 muestra por qu\u00e9 la exposici\u00f3n al caf\u00e9 y al tabaco merece atenci\u00f3n, pero su protocolo de laboratorio acelerado no debe presentarse como un plazo garantizado para la aparici\u00f3n de la decoloraci\u00f3n cl\u00ednica.<\/p>\n\n\n\n<h3 class=\"wp-block-heading\">En las convocatorias profesionales<\/h3>\n\n\n\n<p class=\"wp-block-paragraph\">Eval\u00faa la carilla como una restauraci\u00f3n, no solo como parte de una cita de limpieza.<\/p>\n\n\n\n<p class=\"wp-block-paragraph\">Comprueba:<\/p>\n\n\n\n<ul class=\"wp-block-list\">\n<li>Integridad del margen<\/li>\n\n\n\n<li>Estado de las enc\u00edas<\/li>\n\n\n\n<li>Placa y sarro<\/li>\n\n\n\n<li>Dep\u00f3sitos superficiales<\/li>\n\n\n\n<li>Brillo<\/li>\n\n\n\n<li>Rugosidad localizada<\/li>\n\n\n\n<li>Desgaste incisal<\/li>\n\n\n\n<li>Astillas o grietas<\/li>\n\n\n\n<li>Contactos oclusales<\/li>\n\n\n\n<li>Relaci\u00f3n crom\u00e1tica con los dientes adyacentes<\/li>\n<\/ul>\n\n\n\n<p class=\"wp-block-paragraph\">El dentista responsable del tratamiento debe establecer la periodicidad de las visitas de seguimiento de forma individualizada, en lugar de ajustarse a un intervalo de mantenimiento universal.<\/p>\n\n\n\n<h3 class=\"wp-block-heading\">Tras cualquier ajuste de la cer\u00e1mica<\/h3>\n\n\n\n<p class=\"wp-block-paragraph\">Anota con exactitud d\u00f3nde se ha sustituido la cer\u00e1mica.<\/p>\n\n\n\n<p class=\"wp-block-paragraph\">A continuaci\u00f3n, restaura la superficie siguiendo un protocolo de acabado y pulido compatible con el tipo de cer\u00e1mica en cuesti\u00f3n.<\/p>\n\n\n\n<p class=\"wp-block-paragraph\">Es aqu\u00ed donde muchas chapas de buena calidad pierden valor.<\/p>\n\n\n\n<p class=\"wp-block-paragraph\">El laboratorio dedica horas a controlar los \u00e1ngulos de las l\u00edneas, los l\u00f3bulos, la textura, los efectos incisales y el brillo selectivo; un ajuste indiscriminado de dos minutos puede echar por tierra parte de ese trabajo.<\/p>\n\n\n\n<p class=\"wp-block-paragraph\">Un nombramiento breve. Consecuencias duraderas.<\/p>\n\n\n\n<h2 class=\"wp-block-heading\">El \u00e9xito a largo plazo debe inmortalizarse en una fotograf\u00eda, no solo recordarse<\/h2>\n\n\n\n<p class=\"wp-block-paragraph\">La memoria visual humana no es fiable.<\/p>\n\n\n\n<p class=\"wp-block-paragraph\">Si un profesional sanitario quiere determinar si una carilla ha perdido realmente brillo o se ha desplazado a simple vista, debe comparar im\u00e1genes estandarizadas en lugar de basarse en afirmaciones del tipo \u201ccreo que antes ten\u00eda m\u00e1s brillo\u201d.\u201d<\/p>\n\n\n\n<p class=\"wp-block-paragraph\">Recomiendo mantener:<\/p>\n\n\n\n<ul class=\"wp-block-list\">\n<li>Imagen frontal inmediatamente despu\u00e9s de la adhesi\u00f3n<\/li>\n\n\n\n<li>Imagen frontal con el labio retracto<\/li>\n\n\n\n<li>Vistas a 45 grados a la derecha y a la izquierda<\/li>\n\n\n\n<li>Imagen polarizada, si est\u00e1 disponible<\/li>\n\n\n\n<li>Imagen en primer plano con reflejos en la superficie<\/li>\n\n\n\n<li>Referencia de una semana o tras la hidrataci\u00f3n<\/li>\n\n\n\n<li>Fotograf\u00edas peri\u00f3dicas a largo plazo cuando se sospechan cambios est\u00e9ticos<\/li>\n<\/ul>\n\n\n\n<p class=\"wp-block-paragraph\">Utiliza la misma configuraci\u00f3n de iluminaci\u00f3n siempre que sea posible.<\/p>\n\n\n\n<p class=\"wp-block-paragraph\">\u00bfPor qu\u00e9?<\/p>\n\n\n\n<p class=\"wp-block-paragraph\">Dado que el reflejo superficial puede hacer que dos tonos cer\u00e1micos objetivamente similares parezcan diferentes, y que la hidrataci\u00f3n puede alterar el aspecto del sustrato dental natural que rodea a las carillas reci\u00e9n adheridas. Artist Dental Lab\u2019s <a href=\"https:\/\/artistdentallab.com\/es\/why-veneer-shade-can-appear-different-one-week-after-bonding\/\">An\u00e1lisis del color de las carillas en una semana<\/a> Recomienda espec\u00edficamente el uso de una iluminaci\u00f3n estandarizada, la realizaci\u00f3n de fotograf\u00edas repetidas y la documentaci\u00f3n del estado de la cer\u00e1mica, el cemento, el espesor, la textura y el sustrato antes de diagnosticar una discrepancia.<\/p>\n\n\n\n<p class=\"wp-block-paragraph\">Los datos son mejores que la memoria.<\/p>\n\n\n\n<h2 class=\"wp-block-heading\">Cuando el mantenimiento ya no es suficiente<\/h2>\n\n\n\n<p class=\"wp-block-paragraph\">No todas las carillas opacas necesitan ser sustituidas.<\/p>\n\n\n\n<p class=\"wp-block-paragraph\">Pero tampoco todas las chapas deben pulirse indefinidamente.<\/p>\n\n\n\n<p class=\"wp-block-paragraph\">El repulido resulta m\u00e1s adecuado cuando la restauraci\u00f3n se encuentra estructuralmente intacta y el problema se limita a una rugosidad superficial, una p\u00e9rdida leve de brillo o da\u00f1os superficiales localizados.<\/p>\n\n\n\n<p class=\"wp-block-paragraph\">La sustituci\u00f3n se convierte en un tema de debate m\u00e1s serio cuando se da alguna de las siguientes circunstancias:<\/p>\n\n\n\n<ul class=\"wp-block-list\">\n<li>Fractura de cer\u00e1mica<\/li>\n\n\n\n<li>Desgastamiento significativo<\/li>\n\n\n\n<li>Desprendimiento recurrente<\/li>\n\n\n\n<li>Caries secundaria<\/li>\n\n\n\n<li>M\u00e1rgenes defectuosos<\/li>\n\n\n\n<li>Error importante en las curvas de nivel<\/li>\n\n\n\n<li>Desajuste \u00f3ptico profundo<\/li>\n\n\n\n<li>P\u00e9rdida grave de la anatom\u00eda de la cer\u00e1mica<\/li>\n\n\n\n<li>Delgaciamiento estructural debido a ajustes repetidos<\/li>\n<\/ul>\n\n\n\n<p class=\"wp-block-paragraph\">Recuerda los datos sobre la supervivencia.<\/p>\n\n\n\n<p class=\"wp-block-paragraph\">La revisi\u00f3n sistem\u00e1tica de 2021\u2026 <strong>95,51 TP3T: tasa de supervivencia acumulada estimada a 10 a\u00f1os<\/strong> muestra lo que pueden ofrecer las carillas laminadas de porcelana como categor\u00eda, pero el estudio tambi\u00e9n identific\u00f3 la fractura y el desprendimiento como modos de fallo significativos.<\/p>\n\n\n\n<p class=\"wp-block-paragraph\">El mantenimiento deber\u00eda prolongar la vida \u00fatil de una restauraci\u00f3n bien realizada.<\/p>\n\n\n\n<p class=\"wp-block-paragraph\">No deber\u00eda servir para encubrir un fracaso.<\/p>\n\n\n\n<h2 class=\"wp-block-heading\">Preguntas frecuentes<\/h2>\n\n\n\n<h3 class=\"wp-block-heading\">\u00bfCu\u00e1l es la mejor forma de cuidar las carillas de porcelana a largo plazo?<\/h3>\n\n\n\n<p class=\"wp-block-paragraph\">El mantenimiento a largo plazo de las carillas consiste en la combinaci\u00f3n de cuidados en casa y un protocolo profesional destinado a proteger las superficies cer\u00e1micas, los m\u00e1rgenes de adhesi\u00f3n, los dientes de soporte, la salud gingival y la oclusi\u00f3n, de modo que las carillas conserven un brillo, una textura, un color y una funci\u00f3n aceptables sin necesidad de pulidos abrasivos innecesarios ni de ajustes repetidos en la consulta.<\/p>\n\n\n\n<p class=\"wp-block-paragraph\">El control diario de la placa sigue siendo la base. La ADA recomienda cepillarse los dientes dos veces al d\u00eda con pasta dent\u00edfrica con fl\u00faor y realizar una limpieza interdental una vez al d\u00eda, mientras que el equipo cl\u00ednico debe evaluar peri\u00f3dicamente los m\u00e1rgenes, el estado periodontal, la rugosidad de la superficie, la oclusi\u00f3n, las astillas y los cambios en el brillo o el color.<\/p>\n\n\n\n<h3 class=\"wp-block-heading\">\u00bfC\u00f3mo se deben limpiar las carillas de porcelana?<\/h3>\n\n\n\n<p class=\"wp-block-paragraph\">Las carillas de porcelana deben limpiarse con la misma disciplina de control de la placa que se aplica a los dientes naturales: cepillado dos veces al d\u00eda con pasta dent\u00edfrica con fl\u00faor, limpieza interdental diaria y cuidados profesionales bajo la supervisi\u00f3n de un odont\u00f3logo, evitando al mismo tiempo el uso de productos abrasivos innecesariamente agresivos o pulidos sin supervisi\u00f3n que puedan alterar la superficie acabada de la restauraci\u00f3n.<\/p>\n\n\n\n<p class=\"wp-block-paragraph\">El equipo profesional tambi\u00e9n debe saber qu\u00e9 tipo de cer\u00e1mica se utiliza, ya que los compuestos de pulido y los instrumentos pueden interactuar de forma diferente con la porcelana feldesp\u00e1tica, el disilicato de litio, el silicato de litio reforzado con circonio, las cer\u00e1micas con matriz de resina y otros materiales de restauraci\u00f3n.<\/p>\n\n\n\n<h3 class=\"wp-block-heading\">\u00bfC\u00f3mo se mantienen brillantes las carillas?<\/h3>\n\n\n\n<p class=\"wp-block-paragraph\">Para mantener el brillo de las carillas, es importante conservar el acabado superficial original de la cer\u00e1mica en lugar de pulirlas repetidamente: controla la placa bacteriana, utiliza productos adecuados para el cuidado en casa, evita los h\u00e1bitos de morder o rechinar los dientes que da\u00f1an los bordes, y haz que el odont\u00f3logo eval\u00fae cualquier zona opaca o rugosa para que pueda distinguir entre dep\u00f3sitos, abrasi\u00f3n superficial, p\u00e9rdida de esmalte o da\u00f1os estructurales.<\/p>\n\n\n\n<p class=\"wp-block-paragraph\">Si es necesario volver a pulir, el objetivo debe ser conseguir una superficie lisa que conserve los \u00e1ngulos de las l\u00edneas y la textura natural, y no la superficie facial m\u00e1s plana o m\u00e1s brillante posible.<\/p>\n\n\n\n<h3 class=\"wp-block-heading\">\u00bfC\u00f3mo pueden los pacientes evitar que se manchen las carillas?<\/h3>\n\n\n\n<p class=\"wp-block-paragraph\">Para evitar que las carillas se manchen, hay que minimizar la acumulaci\u00f3n de pigmentos extr\u00ednsecos y, al mismo tiempo, proteger la suavidad de la superficie y la integridad marginal; aunque las cer\u00e1micas de porcelana son relativamente estables en cuanto al color, el caf\u00e9, la exposici\u00f3n al tabaco, la rugosidad de la superficie, los m\u00e1rgenes de resina y cemento, y los dientes naturales adyacentes pueden alterar el aspecto de la restauraci\u00f3n con el paso del tiempo.<\/p>\n\n\n\n<p class=\"wp-block-paragraph\">Un estudio de laboratorio realizado en 2026 con CEREC Tessera y carillas VITA Suprinity revel\u00f3 un cambio de color cl\u00ednicamente relevante tras aplicar un protocolo combinado de cepillado simulado y envejecimiento por caf\u00e9 y tabaco, aunque los autores hicieron hincapi\u00e9 en que a\u00fan es necesario realizar investigaciones in vivo.<\/p>\n\n\n\n<h3 class=\"wp-block-heading\">\u00bfSe pueden volver a pulir las carillas de porcelana?<\/h3>\n\n\n\n<p class=\"wp-block-paragraph\">Las carillas pueden pulirse de nuevo cuando el problema es una rugosidad superficial, una p\u00e9rdida leve de brillo o un defecto de acabado localizado, y la cer\u00e1mica se mantiene estructuralmente intacta; sin embargo, el repulido debe adaptarse al material concreto, ya que una reducci\u00f3n agresiva puede borrar la textura, alterar los \u00e1ngulos de las l\u00edneas, adelgazar la cer\u00e1mica o dejar al descubierto una superficie \u00f3ptica diferente.<\/p>\n\n\n\n<p class=\"wp-block-paragraph\">Cuando hay grietas, defectos profundos, m\u00e1rgenes defectuosos, caries recurrentes o problemas importantes de contorno, el pulido puede mejorar el aspecto de forma temporal sin resolver el problema cl\u00ednico subyacente.<\/p>\n\n\n\n<h3 class=\"wp-block-heading\">\u00bfCon qu\u00e9 frecuencia hay que someter las carillas a un mantenimiento profesional?<\/h3>\n\n\n\n<p class=\"wp-block-paragraph\">La frecuencia de mantenimiento de las carillas no se rige por una regla universal de seis meses, sino que se trata de un plan de revisiones basado en el riesgo que establece el dentista responsable del tratamiento en funci\u00f3n del control de la placa, el estado periodontal, el riesgo de caries, el bruxismo, la oclusi\u00f3n, la antig\u00fcedad de las restauraciones, el estado de los m\u00e1rgenes y si las limpiezas o ajustes previos han alterado la superficie cer\u00e1mica.<\/p>\n\n\n\n<p class=\"wp-block-paragraph\">Los pacientes con una salud periodontal estable y un excelente control de la placa pueden necesitar un r\u00e9gimen de mantenimiento diferente al de los pacientes con bruxismo, inflamaci\u00f3n recurrente, m\u00e1rgenes expuestos, gran exposici\u00f3n a las manchas o restauraciones que ya hayan sido sometidas a repetidos ajustes en la consulta.<\/p>\n\n\n\n<h2 class=\"wp-block-heading\">Protege la superficie que has encargado al laboratorio que creara<\/h2>\n\n\n\n<p class=\"wp-block-paragraph\">El mantenimiento de las carillas no debe esperarse a que se note alg\u00fan problema.<\/p>\n\n\n\n<p class=\"wp-block-paragraph\">Comienza en el momento en que se entrega el expediente.<\/p>\n\n\n\n<p class=\"wp-block-paragraph\">Registra el material. Toma fotograf\u00edas de la superficie. Conserva las referencias originales de color y textura. Indica al equipo de higiene qu\u00e9 tipo de cer\u00e1mica hay. Reeval\u00faa la oclusi\u00f3n cuando cambie la funci\u00f3n. Y cuando una carilla se vuelva rugosa o pierda brillo, diagnostica la causa antes de pulirla sin m\u00e1s.<\/p>\n\n\n\n<p class=\"wp-block-paragraph\">Esa disciplina ofrece m\u00e1s protecci\u00f3n que el simple brillo.<\/p>\n\n\n\n<p class=\"wp-block-paragraph\">Protege el dise\u00f1o.<\/p>\n\n\n\n<p class=\"wp-block-paragraph\">Las cl\u00ednicas que tengan previsto realizar casos complejos en la zona anterior, sustituciones o restauraciones en las que la textura de la superficie y la estabilidad del color deban ser predecibles en todas las unidades, pueden enviar sus archivos STL, fotograf\u00edas del color del mu\u00f1\u00f3n, fotos del caso, requisitos de materiales y referencias est\u00e9ticas a trav\u00e9s de la <a href=\"https:\/\/artistdentallab.com\/es\/contact\/\">P\u00e1gina de consulta y casos de prueba de carillas de Artist Dental Lab<\/a>.<\/p>\n\n\n\n<p class=\"wp-block-paragraph\"><\/p>","protected":false},"excerpt":{"rendered":"<p>Las carillas pueden durar a\u00f1os, aunque vayan perdiendo poco a poco las cualidades superficiales que les confer\u00edan ese aspecto natural en un principio. Esta gu\u00eda explica c\u00f3mo el cuidado de las carillas de porcelana, el mantenimiento profesional, las decisiones sobre el pulido, la exposici\u00f3n a las manchas y el control oclusal influyen en el brillo, la textura y la estabilidad del color a largo plazo.<\/p>","protected":false},"author":1,"featured_media":1643,"comment_status":"open","ping_status":"open","sticky":false,"template":"","format":"standard","meta":{"footnotes":""},"categories":[22],"tags":[601,252,638,255,640,639,602,641],"class_list":["post-1642","post","type-post","status-publish","format-standard","has-post-thumbnail","hentry","category-dental-knowledge","tag-dental-veneer-maintenance","tag-dental-veneers","tag-porcelain-veneer-care","tag-porcelain-veneers","tag-veneer-aftercare","tag-veneer-maintenance","tag-veneer-polishing","tag-veneer-shade-stability"],"blocksy_meta":{"styles_descriptor":{"styles":{"desktop":"","tablet":"","mobile":""},"google_fonts":[],"version":7}},"_links":{"self":[{"href":"https:\/\/artistdentallab.com\/es\/wp-json\/wp\/v2\/posts\/1642","targetHints":{"allow":["GET"]}}],"collection":[{"href":"https:\/\/artistdentallab.com\/es\/wp-json\/wp\/v2\/posts"}],"about":[{"href":"https:\/\/artistdentallab.com\/es\/wp-json\/wp\/v2\/types\/post"}],"author":[{"embeddable":true,"href":"https:\/\/artistdentallab.com\/es\/wp-json\/wp\/v2\/users\/1"}],"replies":[{"embeddable":true,"href":"https:\/\/artistdentallab.com\/es\/wp-json\/wp\/v2\/comments?post=1642"}],"version-history":[{"count":1,"href":"https:\/\/artistdentallab.com\/es\/wp-json\/wp\/v2\/posts\/1642\/revisions"}],"predecessor-version":[{"id":1645,"href":"https:\/\/artistdentallab.com\/es\/wp-json\/wp\/v2\/posts\/1642\/revisions\/1645"}],"wp:featuredmedia":[{"embeddable":true,"href":"https:\/\/artistdentallab.com\/es\/wp-json\/wp\/v2\/media\/1643"}],"wp:attachment":[{"href":"https:\/\/artistdentallab.com\/es\/wp-json\/wp\/v2\/media?parent=1642"}],"wp:term":[{"taxonomy":"category","embeddable":true,"href":"https:\/\/artistdentallab.com\/es\/wp-json\/wp\/v2\/categories?post=1642"},{"taxonomy":"post_tag","embeddable":true,"href":"https:\/\/artistdentallab.com\/es\/wp-json\/wp\/v2\/tags?post=1642"}],"curies":[{"name":"wp","href":"https:\/\/api.w.org\/{rel}","templated":true}]}}