{"id":1646,"date":"2026-08-11T03:11:22","date_gmt":"2026-08-11T03:11:22","guid":{"rendered":"https:\/\/artistdentallab.com\/"},"modified":"2026-08-11T03:14:05","modified_gmt":"2026-08-11T03:14:05","slug":"interproximal-extension-for-veneers-hiding-margins-without-overcontouring","status":"publish","type":"post","link":"https:\/\/artistdentallab.com\/es\/interproximal-extension-for-veneers-hiding-margins-without-overcontouring\/","title":{"rendered":"Extensi\u00f3n interproximal para carillas: c\u00f3mo ocultar los bordes sin perfilar en exceso"},"content":{"rendered":"<p class=\"wp-block-paragraph\">Los m\u00e1rgenes lo cambian todo.<\/p>\n\n\n\n<p class=\"wp-block-paragraph\">Una carilla puede ser fina, tener unas capas perfectas, un tono adecuado y un pulido impecable; sin embargo, si su l\u00ednea de acabado proximal se encuentra directamente en la l\u00ednea de visi\u00f3n del observador u obliga al t\u00e9cnico a crear un contacto excesivo, la restauraci\u00f3n puede llamar la atenci\u00f3n incluso antes de que el paciente sonr\u00eda por completo.<\/p>\n\n\n\n<p class=\"wp-block-paragraph\">Entonces, \u00bfpor qu\u00e9 seguimos considerando la extensi\u00f3n interproximal como un detalle menor de la preparaci\u00f3n para las carillas?<\/p>\n\n\n\n<p class=\"wp-block-paragraph\">Creo que parte del problema radica en que a los cl\u00ednicos se les suele ense\u00f1ar la profundidad de preparaci\u00f3n en d\u00e9cimas de mil\u00edmetro, mientras que el laboratorio se ve obligado a realizar la restauraci\u00f3n final en tres dimensiones. El dentista ve una l\u00ednea de meta. El t\u00e9cnico ve el grosor de la cer\u00e1mica, la posici\u00f3n de contacto, la trayectoria de inserci\u00f3n, la anchura reflectante, el perfil de emergencia, las necesidades de enmascaramiento y si hay espacio f\u00edsico suficiente para que la restauraci\u00f3n parezca un diente en lugar de porcelana a\u00f1adida sobre uno.<\/p>\n\n\n\n<p class=\"wp-block-paragraph\">Esa distinci\u00f3n es importante.<\/p>\n\n\n\n<p class=\"wp-block-paragraph\"><strong>La preparaci\u00f3n interproximal de la carilla debe extenderse \u00fanicamente hasta donde sea necesario para alejar el margen de una zona de visi\u00f3n est\u00e9ticamente vulnerable, proporcionar el contorno proximal deseado y dejar un espacio adecuado para la cer\u00e1mica sin sacrificar esmalte innecesariamente.<\/strong><\/p>\n\n\n\n<p class=\"wp-block-paragraph\">No m\u00e1s all\u00e1.<\/p>\n\n\n\n<p class=\"wp-block-paragraph\">No de forma autom\u00e1tica a trav\u00e9s de todos los contactos.<\/p>\n\n\n\n<p class=\"wp-block-paragraph\">Y desde luego no porque as\u00ed lo indique un esquema de preparaci\u00f3n.<\/p>\n\n\n\n<figure class=\"wp-block-image size-large\"><img fetchpriority=\"high\" decoding=\"async\" width=\"1024\" height=\"768\" src=\"https:\/\/artistdentallab.com\/wp-content\/uploads\/2026\/08\/Interproximal-Extension-for-Veneers-Hiding-Margins-Without-Overcontouring-2-1024x768.jpg\" alt=\"Extensi\u00f3n interproximal para carillas: c\u00f3mo ocultar los m\u00e1rgenes sin crear un perfil excesivo\" class=\"wp-image-1648\" title=\"\" srcset=\"https:\/\/artistdentallab.com\/wp-content\/uploads\/2026\/08\/Interproximal-Extension-for-Veneers-Hiding-Margins-Without-Overcontouring-2-1024x768.jpg 1024w, https:\/\/artistdentallab.com\/wp-content\/uploads\/2026\/08\/Interproximal-Extension-for-Veneers-Hiding-Margins-Without-Overcontouring-2-300x225.jpg 300w, https:\/\/artistdentallab.com\/wp-content\/uploads\/2026\/08\/Interproximal-Extension-for-Veneers-Hiding-Margins-Without-Overcontouring-2-768x576.jpg 768w, https:\/\/artistdentallab.com\/wp-content\/uploads\/2026\/08\/Interproximal-Extension-for-Veneers-Hiding-Margins-Without-Overcontouring-2-16x12.jpg 16w, https:\/\/artistdentallab.com\/wp-content\/uploads\/2026\/08\/Interproximal-Extension-for-Veneers-Hiding-Margins-Without-Overcontouring-2-500x375.jpg 500w, https:\/\/artistdentallab.com\/wp-content\/uploads\/2026\/08\/Interproximal-Extension-for-Veneers-Hiding-Margins-Without-Overcontouring-2-600x450.jpg 600w, https:\/\/artistdentallab.com\/wp-content\/uploads\/2026\/08\/Interproximal-Extension-for-Veneers-Hiding-Margins-Without-Overcontouring-2.jpg 1448w\" sizes=\"(max-width: 1024px) 100vw, 1024px\" \/><\/figure>\n\n\n\n<h2 class=\"wp-block-heading\">El verdadero objetivo de la preparaci\u00f3n para carillas interproximales<\/h2>\n\n\n\n<p class=\"wp-block-paragraph\">La parte proximal de una preparaci\u00f3n para carillas cumple varias funciones a la vez.<\/p>\n\n\n\n<p class=\"wp-block-paragraph\">Es posible que sea necesario:<\/p>\n\n\n\n<ul class=\"wp-block-list\">\n<li>Ocultar la uni\u00f3n entre la cer\u00e1mica y el diente desde \u00e1ngulos de visi\u00f3n frontales y oblicuos<\/li>\n\n\n\n<li>Permita que el laboratorio cambie la posici\u00f3n o modifique la forma del contacto<\/li>\n\n\n\n<li>Indicar el espesor de la cer\u00e1mica para enmascarar un sustrato descolorido<\/li>\n\n\n\n<li>Permite corregir los dientes girados o desalineados<\/li>\n\n\n\n<li>Ayuda para el cierre del diastema<\/li>\n\n\n\n<li>Mantener las aberturas de las ventanas en buen estado para facilitar su limpieza<\/li>\n\n\n\n<li>Mantener una ruta de inserci\u00f3n v\u00e1lida<\/li>\n\n\n\n<li>Conservar la mayor superficie de adhesi\u00f3n posible en el esmalte, dentro de lo que permita el objetivo del tratamiento.<\/li>\n<\/ul>\n\n\n\n<p class=\"wp-block-paragraph\">Eso ya es m\u00e1s complicado que la diferencia entre \u201cromper el contacto\u201d y \u201cno romper el contacto\u201d.\u201d<\/p>\n\n\n\n<p class=\"wp-block-paragraph\">\u00bfLa cruda realidad?<\/p>\n\n\n\n<p class=\"wp-block-paragraph\">Una preparaci\u00f3n puede ser conservadora sobre el papel y, aun as\u00ed, dar lugar a una restauraci\u00f3n de aspecto agresivo.<\/p>\n\n\n\n<p class=\"wp-block-paragraph\">El an\u00e1lisis de Artist Dental Lab sobre <a href=\"https:\/\/artistdentallab.com\/es\/how-important-is-enamel-preservation-in-veneer-preparation\/\">conservaci\u00f3n del esmalte en la preparaci\u00f3n de carillas<\/a> establece una distinci\u00f3n importante: conservar el esmalte es importante, pero negarse a crear el espacio de restauraci\u00f3n necesario para conseguir un contorno correcto puede obligar al t\u00e9cnico a elegir entre un grosor excesivo, un enmascaramiento deficiente, un ajuste deficiente o una superficie facial con un contorno excesivo.<\/p>\n\n\n\n<p class=\"wp-block-paragraph\">Por lo tanto, el objetivo no es la preparaci\u00f3n m\u00e1s peque\u00f1a que se pueda imaginar.<\/p>\n\n\n\n<p class=\"wp-block-paragraph\">Es el m\u00e1s peque\u00f1o <strong>defendible<\/strong> preparaci\u00f3n para la restauraci\u00f3n solicitada.<\/p>\n\n\n\n<h2 class=\"wp-block-heading\">Ocultar el margen no es lo mismo que ampliarlo<\/h2>\n\n\n\n<p class=\"wp-block-paragraph\">Esto parece obvio.<\/p>\n\n\n\n<p class=\"wp-block-paragraph\">No lo es.<\/p>\n\n\n\n<p class=\"wp-block-paragraph\">Imagina una carilla anterior cuya l\u00ednea de acabado mesial termine justo en la cara facial del contacto existente. Visto de frente, el margen puede pasar bastante desapercibido, ya que el diente adyacente impide la visibilidad directa.<\/p>\n\n\n\n<p class=\"wp-block-paragraph\">Ahora gira ligeramente el diente. A\u00f1ade un sustrato proximal oscuro. Desplaza el contacto previsto. Cierra un diastema. Aumenta la anchura del diente.<\/p>\n\n\n\n<p class=\"wp-block-paragraph\">La geometr\u00eda cambia de inmediato.<\/p>\n\n\n\n<p class=\"wp-block-paragraph\">Un margen que en un caso estaba protegido visualmente puede quedar al descubierto en otro.<\/p>\n\n\n\n<p class=\"wp-block-paragraph\">Por eso, la extensi\u00f3n proximal de la carilla debe planificarse en funci\u00f3n de la <strong>restauraci\u00f3n definitiva<\/strong>, y no solo el diente original.<\/p>\n\n\n\n<h3 class=\"wp-block-heading\">La prueba de la l\u00ednea de visi\u00f3n<\/h3>\n\n\n\n<p class=\"wp-block-paragraph\">Prefiero considerar la posici\u00f3n del margen como un problema de visibilidad m\u00e1s que como un problema de distancia fija.<\/p>\n\n\n\n<p class=\"wp-block-paragraph\">Pregunta:<\/p>\n\n\n\n<p class=\"wp-block-paragraph\">\u00bfSe aprecia el margen en la vista frontal de la sonrisa?<\/p>\n\n\n\n<p class=\"wp-block-paragraph\">\u00bfSe ve bien desde un \u00e1ngulo de tres cuartos normal?<\/p>\n\n\n\n<p class=\"wp-block-paragraph\">\u00bfSe encuentra la l\u00ednea de meta dentro de la zona facial reflectante?<\/p>\n\n\n\n<p class=\"wp-block-paragraph\">\u00bfSer\u00e1 necesario aumentar el grosor de la cer\u00e1mica final m\u00e1s all\u00e1 de ese margen?<\/p>\n\n\n\n<p class=\"wp-block-paragraph\">\u00bfEl contacto previsto se desplaza hacia mesial, distal, facial o lingual?<\/p>\n\n\n\n<p class=\"wp-block-paragraph\">Esas preguntas nos dicen m\u00e1s que una cifra arbitraria expresada en mil\u00edmetros.<\/p>\n\n\n\n<p class=\"wp-block-paragraph\">No existe ninguna regla universal fiable que establezca que el margen de cada carilla deba sobresalir exactamente 0,5 mm, 1,0 mm o 2,0 mm m\u00e1s all\u00e1 de un contacto.<\/p>\n\n\n\n<p class=\"wp-block-paragraph\">La geometr\u00eda de la carcasa es lo que cuenta.<\/p>\n\n\n\n<h2 class=\"wp-block-heading\">Tres niveles de extensi\u00f3n proximal de la carilla<\/h2>\n\n\n\n<p class=\"wp-block-paragraph\">En la pr\u00e1ctica, divido la preparaci\u00f3n de la carilla proximal en tres enfoques generales.<\/p>\n\n\n\n<figure class=\"wp-block-table\"><table class=\"has-fixed-layout\"><thead><tr><th>Enfoque de preparaci\u00f3n<\/th><th>Situaci\u00f3n t\u00edpica<\/th><th>Ventaja principal<\/th><th>Riesgo principal<\/th><\/tr><\/thead><tbody><tr><td>Finalizar el tratamiento facial y ponerse en contacto<\/td><td>Correcci\u00f3n m\u00ednima de la forma o el color, con una alineaci\u00f3n dental satisfactoria<\/td><td>M\u00e1xima conservaci\u00f3n del esmalte<\/td><td>Transici\u00f3n visible o control limitado del contorno<\/td><\/tr><tr><td>Extender hasta la zona de contacto<\/td><td>Correcci\u00f3n moderada de la forma o mejor ocultaci\u00f3n de los m\u00e1rgenes<\/td><td>Mejor control de la transici\u00f3n y del contacto de la cer\u00e1mica<\/td><td>Apertura accidental de los contactos o acceso restringido al laboratorio<\/td><\/tr><tr><td>Extender la parte lingual hasta el punto de contacto<\/td><td>Cierre del diastema, reubicaci\u00f3n importante de los contactos, correcci\u00f3n de la rotaci\u00f3n, decoloraci\u00f3n proximal intensa<\/td><td>M\u00e1xima libertad para la colocaci\u00f3n de contornos y m\u00e1rgenes ocultos<\/td><td>Mayor reducci\u00f3n dental, exposici\u00f3n de la dentina y dificultades para la higiene si se excede en la reconstrucci\u00f3n<\/td><\/tr><\/tbody><\/table><\/figure>\n\n\n\n<p class=\"wp-block-paragraph\">Ninguna de ellas merece por s\u00ed sola el t\u00edtulo de \u201cmejor dise\u00f1o de preparaci\u00f3n para carillas\u201d.<\/p>\n\n\n\n<p class=\"wp-block-paragraph\">La indicaci\u00f3n es lo que cuenta.<\/p>\n\n\n\n<h3 class=\"wp-block-heading\">Cu\u00e1ndo tiene sentido detener el movimiento facial al entrar en contacto<\/h3>\n\n\n\n<p class=\"wp-block-paragraph\">Si la posici\u00f3n del diente es favorable, el contacto existente es aceptable, el sustrato no requiere un enmascaramiento exhaustivo y apenas es necesario modificar el contorno proximal, continuar con el tratamiento simplemente por seguir la rutina puede suponer la eliminaci\u00f3n de esmalte sano sin aportar un beneficio equivalente.<\/p>\n\n\n\n<p class=\"wp-block-paragraph\">No te compliques.<\/p>\n\n\n\n<p class=\"wp-block-paragraph\">Sin embargo, la preparaci\u00f3n conservadora deja de ser conservadora cuando el laboratorio tiene que a\u00f1adir una cantidad excesiva de cer\u00e1mica fuera del contorno original del diente para conseguir la forma solicitada.<\/p>\n\n\n\n<p class=\"wp-block-paragraph\">Ah\u00ed es donde la ret\u00f3rica sobre la \u00abausencia de preparaci\u00f3n\u00bb y la \u00abpreparaci\u00f3n m\u00ednima\u00bb puede resultar enga\u00f1osa.<\/p>\n\n\n\n<h3 class=\"wp-block-heading\">Cu\u00e1ndo tiene sentido extenderse hacia el contacto o a trav\u00e9s de \u00e9l<\/h3>\n\n\n\n<p class=\"wp-block-paragraph\">Una extensi\u00f3n proximal mayor resulta m\u00e1s adecuada cuando la restauraci\u00f3n debe modificar sustancialmente:<\/p>\n\n\n\n<ul class=\"wp-block-list\">\n<li>Ancho mesiodistal<\/li>\n\n\n\n<li>Datos de contacto<\/li>\n\n\n\n<li>Rotaci\u00f3n dental<\/li>\n\n\n\n<li>Dimensiones del diastema<\/li>\n\n\n\n<li>Apariencia del espacio negro<\/li>\n\n\n\n<li>Enmascaramiento proximal<\/li>\n\n\n\n<li>Simetr\u00eda entre las carillas adyacentes<\/li>\n<\/ul>\n\n\n\n<p class=\"wp-block-paragraph\">Romper un contacto tambi\u00e9n puede dar al laboratorio m\u00e1s libertad para establecer el contacto final en el interior de la cer\u00e1mica, en lugar de verse obligado a terminar la porcelana junto a una pared proximal intacta.<\/p>\n\n\n\n<p class=\"wp-block-paragraph\">Pero una mayor libertad no se traduce autom\u00e1ticamente en un mejor resultado.<\/p>\n\n\n\n<p class=\"wp-block-paragraph\">Simplemente ofrece al t\u00e9cnico un mayor margen de maniobra en el dise\u00f1o.<\/p>\n\n\n\n<h2 class=\"wp-block-heading\">El estudio sobre los m\u00e1rgenes de 2024 merece toda nuestra atenci\u00f3n<\/h2>\n\n\n\n<p class=\"wp-block-paragraph\">Uno de los datos m\u00e1s relevantes de los \u00faltimos tiempos procede de investigadores vinculados a la <strong>Facultad de Odontolog\u00eda de la Universidad de Otago<\/strong>.<\/p>\n\n\n\n<p class=\"wp-block-paragraph\">Bennani, Aarts y Senthilkumar compararon tres formas de preparaci\u00f3n para carillas laminadas: borde en bisel, hombro y hombro con alas. Su estudio de 2024 <em>Revista de Odontolog\u00eda Prot\u00e9sica<\/em> En este estudio se utilizaron carillas CAD\/CAM y microscop\u00eda electr\u00f3nica de barrido para evaluar la discrepancia marginal absoluta y el saliente marginal.<\/p>\n\n\n\n<p class=\"wp-block-paragraph\">En <a href=\"https:\/\/pubmed.ncbi.nlm.nih.gov\/38042643\/\" rel=\"nofollow noopener\" target=\"_blank\">Ficha de PubMed correspondiente al estudio de dise\u00f1o y preparaci\u00f3n de 2024<\/a> se\u00f1ala que el dise\u00f1o de \u00abhombro con alas\u00bb present\u00f3 la menor discrepancia absoluta en el margen cervical y el menor saliente, mientras que las medidas proximales fueron comparables a las del dise\u00f1o de \u00abhombro\u00bb.<\/p>\n\n\n\n<p class=\"wp-block-paragraph\">Se trataba de un estudio in vitro, as\u00ed que yo no lo convertir\u00eda en una receta cl\u00ednica universal.<\/p>\n\n\n\n<p class=\"wp-block-paragraph\">Pero lo que importa es el resultado.<\/p>\n\n\n\n<p class=\"wp-block-paragraph\">La geometr\u00eda de la preparaci\u00f3n determina qu\u00e9 puede fabricar el laboratorio.<\/p>\n\n\n\n<p class=\"wp-block-paragraph\">Eso no deber\u00eda ser motivo de controversia.<\/p>\n\n\n\n<h2 class=\"wp-block-heading\">La trampa del \u00abovercontouring\u00bb<\/h2>\n\n\n\n<p class=\"wp-block-paragraph\">Ahora llegamos a la parte que, por lo general, se subestima.<\/p>\n\n\n\n<p class=\"wp-block-paragraph\"><strong>El \u00absobrecontorneado\u00bb de las carillas se produce cuando la restauraci\u00f3n final sobresale m\u00e1s hacia la cara o hacia el lado proximal de lo que lo har\u00eda la superficie natural del diente, debido a que el espacio de preparaci\u00f3n insuficiente, la colocaci\u00f3n incorrecta de los m\u00e1rgenes, el dise\u00f1o de los contactos o la acumulaci\u00f3n de cer\u00e1mica provocan un volumen excesivo de material de restauraci\u00f3n.<\/strong><\/p>\n\n\n\n<p class=\"wp-block-paragraph\">Esto puede ocurrir con carillas muy finas.<\/p>\n\n\n\n<p class=\"wp-block-paragraph\">El grosor por s\u00ed solo no determina si se trata de un contorneado excesivo.<\/p>\n\n\n\n<p class=\"wp-block-paragraph\">Depende del puesto.<\/p>\n\n\n\n<h3 class=\"wp-block-heading\">Una carilla de 0,5 mm puede seguir pareciendo voluminosa<\/h3>\n\n\n\n<p class=\"wp-block-paragraph\">Supongamos que un odont\u00f3logo conserva casi toda la superficie facial porque el tratamiento se promociona como \u201cpreparaci\u00f3n m\u00ednima\u201d.\u201d<\/p>\n\n\n\n<p class=\"wp-block-paragraph\">Buena intenci\u00f3n.<\/p>\n\n\n\n<p class=\"wp-block-paragraph\">Sin embargo, el dise\u00f1o aprobado requiere que el incisivo central se desplace hacia la cara solo ligeramente, mientras que su superficie proximal debe desplazarse de forma significativa para cerrar un espacio.<\/p>\n\n\n\n<p class=\"wp-block-paragraph\">Si no existe una reducci\u00f3n proximal correspondiente, se debe a\u00f1adir cer\u00e1mica hacia el exterior.<\/p>\n\n\n\n<p class=\"wp-block-paragraph\">El contacto se ampl\u00eda.<\/p>\n\n\n\n<p class=\"wp-block-paragraph\">La l\u00ednea de transici\u00f3n se desplaza.<\/p>\n\n\n\n<p class=\"wp-block-paragraph\">La zona de desviaci\u00f3n desaparece.<\/p>\n\n\n\n<p class=\"wp-block-paragraph\">De repente, la chapa parece m\u00e1s ancha y m\u00e1s plana, aunque su grosor medido parezca sorprendentemente moderado.<\/p>\n\n\n\n<p class=\"wp-block-paragraph\">Eso es un contorneado excesivo \u00f3ptico.<\/p>\n\n\n\n<p class=\"wp-block-paragraph\">Gu\u00eda de Artist Dental Lab sobre <a href=\"https:\/\/artistdentallab.com\/es\/transitional-line-angles-in-veneers-the-hidden-tool-for-optical-contouring\/\">\u00c1ngulos de transici\u00f3n en las carillas<\/a> explica por qu\u00e9: los \u00e1ngulos de las l\u00edneas mesiofacial y distofacial definen la zona reflectante central. Si se desplazan esas l\u00edneas hacia fuera, el diente puede parecer m\u00e1s ancho; si se desplazan hacia dentro, la anchura facial aparente puede reducirse sin que var\u00ede la dimensi\u00f3n mesiodistal real.<\/p>\n\n\n\n<p class=\"wp-block-paragraph\">Por eso me muestro esc\u00e9ptico cada vez que alguien eval\u00faa la preparaci\u00f3n para una carilla \u00fanicamente con un medidor de reducci\u00f3n.<\/p>\n\n\n\n<p class=\"wp-block-paragraph\">Los calibres no pueden medir la masa visual.<\/p>\n\n\n\n<h2 class=\"wp-block-heading\">D\u00f3nde suele comenzar el contorneado excesivo de las carillas<\/h2>\n\n\n\n<p class=\"wp-block-paragraph\">Hay varios patrones que causan problemas una y otra vez.<\/p>\n\n\n\n<h3 class=\"wp-block-heading\">1. El margen queda demasiado cerca de la cara<\/h3>\n\n\n\n<p class=\"wp-block-paragraph\">El t\u00e9cnico debe realizar la transici\u00f3n de la cer\u00e1mica al diente sin salir de una superficie con gran visibilidad.<\/p>\n\n\n\n<p class=\"wp-block-paragraph\">Para disimular esa transici\u00f3n, la porcelana se difumina, se mezcla o se espesa.<\/p>\n\n\n\n<p class=\"wp-block-paragraph\">Ahora la restauraci\u00f3n se dise\u00f1a en funci\u00f3n del margen, en lugar de basarse en la anatom\u00eda natural.<\/p>\n\n\n\n<h3 class=\"wp-block-heading\">2. El contacto no se puede mover<\/h3>\n\n\n\n<p class=\"wp-block-paragraph\">Si el contacto original se mantiene intacto, pero el plan de tratamiento requiere una correcci\u00f3n sustancial de la anchura, el t\u00e9cnico dispone de un margen limitado para reposicionar el contorno interproximal definitivo.<\/p>\n\n\n\n<p class=\"wp-block-paragraph\">El resultado puede ser un t\u00e9rmino medio entre la anatom\u00eda original y el dise\u00f1o de sonrisa propuesto.<\/p>\n\n\n\n<h3 class=\"wp-block-heading\">3. La preparaci\u00f3n no tiene en cuenta el modelo de cera<\/h3>\n\n\n\n<p class=\"wp-block-paragraph\">Esto es lo que m\u00e1s me molesta.<\/p>\n\n\n\n<p class=\"wp-block-paragraph\">\u00bfPor qu\u00e9 aprobar una nueva posici\u00f3n del diente y luego realizar la preparaci\u00f3n bas\u00e1ndose en la posici\u00f3n anterior?<\/p>\n\n\n\n<p class=\"wp-block-paragraph\">La preparaci\u00f3n debe evaluarse en funci\u00f3n del volumen de restauraci\u00f3n previsto. De lo contrario, la \u201cpreparaci\u00f3n m\u00ednima\u201d se convierte en una preparaci\u00f3n aleatoria.<\/p>\n\n\n\n<h3 class=\"wp-block-heading\">4. El laboratorio no recibe fotos de la preparaci\u00f3n<\/h3>\n\n\n\n<p class=\"wp-block-paragraph\">Una digitalizaci\u00f3n puede mostrar la geometr\u00eda.<\/p>\n\n\n\n<p class=\"wp-block-paragraph\">No siempre explica la intenci\u00f3n cl\u00ednica.<\/p>\n\n\n\n<p class=\"wp-block-paragraph\">Laboratorio dental Artist <a href=\"https:\/\/artistdentallab.com\/es\/what-information-must-be-submitted-to-the-lab-for-anterior-veneer-cases\/\">Gu\u00eda para la presentaci\u00f3n de casos de carillas frontales<\/a> recomienda facilitar el arco preparado, el arco opuesto, la oclusi\u00f3n, la tomograf\u00eda preoperatoria, el provisional aprobado o la maqueta, las fotograf\u00edas de la preparaci\u00f3n, el color del mu\u00f1\u00f3n, el color definitivo, las fotograf\u00edas faciales y la informaci\u00f3n funcional, en lugar de esperar que el t\u00e9cnico reconstruya el plan a partir de un \u00fanico archivo STL.<\/p>\n\n\n\n<p class=\"wp-block-paragraph\">Eso no es papeleo.<\/p>\n\n\n\n<p class=\"wp-block-paragraph\">Esa es informaci\u00f3n sobre el dise\u00f1o.<\/p>\n\n\n\n<h2 class=\"wp-block-heading\">La conservaci\u00f3n del esmalte sigue siendo importante<\/h2>\n\n\n\n<p class=\"wp-block-paragraph\">No deber\u00edamos resolver todos los problemas est\u00e9ticos ampliando a\u00fan m\u00e1s el espacio.<\/p>\n\n\n\n<p class=\"wp-block-paragraph\">Las carillas cer\u00e1micas deben gran parte de su previsibilidad a la uni\u00f3n adhesiva, y el esmalte sigue siendo un sustrato de uni\u00f3n especialmente adecuado.<\/p>\n\n\n\n<p class=\"wp-block-paragraph\">Una revisi\u00f3n bibliogr\u00e1fica realizada en 2012 por la Universidad de Birmingham analiz\u00f3 24 publicaciones y concluy\u00f3 que exist\u00edan pruebas razonables de que extender la preparaci\u00f3n de la carilla hasta la dentina afectaba negativamente a su supervivencia. Los autores afirmaron expl\u00edcitamente que la preparaci\u00f3n ideal de la carilla debe limitarse al esmalte.<\/p>\n\n\n\n<p class=\"wp-block-paragraph\">Eso es lo que genera la verdadera dificultad en la preparaci\u00f3n de las carillas interproximales.<\/p>\n\n\n\n<p class=\"wp-block-paragraph\">Queremos que la pr\u00f3rroga sea lo suficientemente larga.<\/p>\n\n\n\n<p class=\"wp-block-paragraph\">Pero no una ampliaci\u00f3n innecesaria.<\/p>\n\n\n\n<p class=\"wp-block-paragraph\">As\u00ed pues, la pregunta correcta no es:<\/p>\n\n\n\n<p class=\"wp-block-paragraph\"><strong>\u201c\u00bfDeber\u00eda romper el contacto?\u201d<\/strong><\/p>\n\n\n\n<p class=\"wp-block-paragraph\">Es:<\/p>\n\n\n\n<p class=\"wp-block-paragraph\"><strong>\u201c\u00bfCu\u00e1l es la extensi\u00f3n proximal m\u00ednima que permite fabricar la restauraci\u00f3n prevista con una visibilidad, una posici\u00f3n de contacto, un grosor de la cer\u00e1mica, un contorno, una facilidad de limpieza y una conservaci\u00f3n del esmalte aceptables?\u201d<\/strong><\/p>\n\n\n\n<p class=\"wp-block-paragraph\">Esa es una pregunta mucho m\u00e1s dif\u00edcil.<\/p>\n\n\n\n<p class=\"wp-block-paragraph\">Adem\u00e1s, es mejor.<\/p>\n\n\n\n<figure class=\"wp-block-image size-large\"><img decoding=\"async\" width=\"1024\" height=\"768\" src=\"https:\/\/artistdentallab.com\/wp-content\/uploads\/2026\/08\/Interproximal-Extension-for-Veneers-Hiding-Margins-Without-Overcontouring-3-1024x768.jpg\" alt=\"Extensi\u00f3n interproximal para carillas: c\u00f3mo ocultar los m\u00e1rgenes sin crear un perfil excesivo\" class=\"wp-image-1649\" title=\"\" srcset=\"https:\/\/artistdentallab.com\/wp-content\/uploads\/2026\/08\/Interproximal-Extension-for-Veneers-Hiding-Margins-Without-Overcontouring-3-1024x768.jpg 1024w, https:\/\/artistdentallab.com\/wp-content\/uploads\/2026\/08\/Interproximal-Extension-for-Veneers-Hiding-Margins-Without-Overcontouring-3-300x225.jpg 300w, https:\/\/artistdentallab.com\/wp-content\/uploads\/2026\/08\/Interproximal-Extension-for-Veneers-Hiding-Margins-Without-Overcontouring-3-768x576.jpg 768w, https:\/\/artistdentallab.com\/wp-content\/uploads\/2026\/08\/Interproximal-Extension-for-Veneers-Hiding-Margins-Without-Overcontouring-3-16x12.jpg 16w, https:\/\/artistdentallab.com\/wp-content\/uploads\/2026\/08\/Interproximal-Extension-for-Veneers-Hiding-Margins-Without-Overcontouring-3-500x375.jpg 500w, https:\/\/artistdentallab.com\/wp-content\/uploads\/2026\/08\/Interproximal-Extension-for-Veneers-Hiding-Margins-Without-Overcontouring-3-600x450.jpg 600w, https:\/\/artistdentallab.com\/wp-content\/uploads\/2026\/08\/Interproximal-Extension-for-Veneers-Hiding-Margins-Without-Overcontouring-3.jpg 1448w\" sizes=\"(max-width: 1024px) 100vw, 1024px\" \/><\/figure>\n\n\n\n<h2 class=\"wp-block-heading\">Los datos a largo plazo castigan las decisiones descuidadas en materia de m\u00e1rgenes<\/h2>\n\n\n\n<p class=\"wp-block-paragraph\">El rendimiento a largo plazo de las carillas suele ser impresionante, pero el porcentaje de supervivencia que aparece en los titulares oculta detalles cl\u00ednicamente \u00fatiles.<\/p>\n\n\n\n<p class=\"wp-block-paragraph\">Una revisi\u00f3n sistem\u00e1tica de 2021 evalu\u00f3 <strong>25 estudios y 6.500 carillas de porcelana<\/strong>. La tasa de supervivencia acumulada a 10 a\u00f1os estimada que se ha comunicado fue de <strong>95.5%<\/strong>. La fractura fue la complicaci\u00f3n m\u00e1s frecuente, seguida del desprendimiento. En la revisi\u00f3n tambi\u00e9n se abord\u00f3 la mayor preocupaci\u00f3n por la adhesi\u00f3n cuando las preparaciones afectan a \u00e1reas m\u00e1s extensas de dentina.<\/p>\n\n\n\n<p class=\"wp-block-paragraph\">Buenas cifras.<\/p>\n\n\n\n<p class=\"wp-block-paragraph\">Pero sobrevivir no es lo mismo que alcanzar la perfecci\u00f3n.<\/p>\n\n\n\n<p class=\"wp-block-paragraph\">Una restauraci\u00f3n puede seguir en buen estado a pesar de que aparezcan manchas en los bordes, rugosidad, problemas de contorno, necesidad de reparaciones u otros cambios que nunca se consideren un fallo catastr\u00f3fico.<\/p>\n\n\n\n<p class=\"wp-block-paragraph\">Esa distinci\u00f3n resulta evidente en los datos cl\u00ednicos m\u00e1s antiguos.<\/p>\n\n\n\n<h2 class=\"wp-block-heading\">Lo que revel\u00f3 un ensayo real de 10 a\u00f1os sobre las carillas dentales<\/h2>\n\n\n\n<p class=\"wp-block-paragraph\">Peumans y sus colaboradores realizaron un seguimiento de las carillas de porcelana colocadas en <strong>87 dientes anteriores maxilares en 25 pacientes<\/strong>.<\/p>\n\n\n\n<p class=\"wp-block-paragraph\">A los cinco a\u00f1os, una media de 92% de restauraciones segu\u00edan siendo cl\u00ednicamente aceptables sin necesidad de intervenci\u00f3n. A los 10 a\u00f1os, esa cifra se hab\u00eda reducido a <strong>64%<\/strong>, aunque solo <strong>Era necesario sustituir el 4%<\/strong>.<\/p>\n\n\n\n<p class=\"wp-block-paragraph\">\u00bfLas cifras m\u00e1s reveladoras?<\/p>\n\n\n\n<p class=\"wp-block-paragraph\"><strong>El 11% presentaba fracturas en la porcelana y el 20% desarrollaba grandes defectos marginales.<\/strong><\/p>\n\n\n\n<p class=\"wp-block-paragraph\">Los investigadores se\u00f1alaron, concretamente, problemas menores en los puntos de uni\u00f3n de las carillas con las restauraciones de composite ya existentes. El estudio completo est\u00e1 disponible en <a href=\"https:\/\/pubmed.ncbi.nlm.nih.gov\/15119590\/\" rel=\"nofollow noopener\" target=\"_blank\">Ficha de PubMed sobre el ensayo prospectivo de 10 a\u00f1os sobre carillas dentales<\/a>.<\/p>\n\n\n\n<p class=\"wp-block-paragraph\">Esto deber\u00eda cambiar nuestra forma de plantearnos la colocaci\u00f3n de los m\u00e1rgenes de las carillas.<\/p>\n\n\n\n<p class=\"wp-block-paragraph\">Un margen no es simplemente el punto en el que el t\u00e9cnico deja de aplicar la cer\u00e1mica.<\/p>\n\n\n\n<p class=\"wp-block-paragraph\">Se trata de una superficie que debe resistir durante a\u00f1os la humedad, las cargas, las condiciones de higiene, la exposici\u00f3n a las manchas, el envejecimiento de los adhesivos y los repetidos mantenimientos profesionales.<\/p>\n\n\n\n<h2 class=\"wp-block-heading\">Las investigaciones siguen sin ponerse de acuerdo sobre cu\u00e1l es \u201cla mejor\u201d preparaci\u00f3n para las carillas<\/h2>\n\n\n\n<p class=\"wp-block-paragraph\">He aqu\u00ed otra raz\u00f3n por la que desconf\u00edo de las doctrinas sobre la preparaci\u00f3n universal.<\/p>\n\n\n\n<p class=\"wp-block-paragraph\">En una revisi\u00f3n sistem\u00e1tica y un metaan\u00e1lisis de 2017 se analizaron <strong>415 publicaciones, entre las que se inclu\u00edan 10 estudios<\/strong> Comparaci\u00f3n de dise\u00f1os de preparaci\u00f3n para carillas. Seg\u00fan los datos de tiempo hasta la aparici\u00f3n del evento, las preparaciones con cobertura incisal mostraron un mayor riesgo de fracaso que aquellas sin cobertura, con una raz\u00f3n de riesgo de <strong>1.81<\/strong>.<\/p>\n\n\n\n<p class=\"wp-block-paragraph\">Sin embargo, el estudio a largo plazo de 2021, realizado con 6.500 carillas, revel\u00f3 una tendencia opuesta en cuanto a la cobertura incisal.<\/p>\n\n\n\n<p class=\"wp-block-paragraph\">Puedes consultar los anteriores <a href=\"https:\/\/pubmed.ncbi.nlm.nih.gov\/29144878\/\" rel=\"nofollow noopener\" target=\"_blank\">Metaan\u00e1lisis de PubMed sobre los dise\u00f1os de preparaci\u00f3n para carillas<\/a> t\u00fa mismo.<\/p>\n\n\n\n<p class=\"wp-block-paragraph\">Las pruebas contradictorias no hacen que la investigaci\u00f3n sea in\u00fatil.<\/p>\n\n\n\n<p class=\"wp-block-paragraph\">Nos da una informaci\u00f3n m\u00e1s \u00fatil: <strong>La forma de la preparaci\u00f3n no puede disociarse del material, el sustrato de adhesi\u00f3n, la oclusi\u00f3n, la t\u00e9cnica del operador, el estado de los dientes y la selecci\u00f3n de los casos.<\/strong><\/p>\n\n\n\n<p class=\"wp-block-paragraph\">Se deber\u00eda aplicar el mismo escepticismo a la extensi\u00f3n proximal.<\/p>\n\n\n\n<h2 class=\"wp-block-heading\">\u00bfHasta d\u00f3nde deben extenderse las carillas en la zona interproximal?<\/h2>\n\n\n\n<p class=\"wp-block-paragraph\">No existe una medida universal en mil\u00edmetros.<\/p>\n\n\n\n<p class=\"wp-block-paragraph\">Esa es mi respuesta.<\/p>\n\n\n\n<p class=\"wp-block-paragraph\">Una carilla debe extenderse en la zona interproximal lo suficiente como para satisfacer el cambio est\u00e9tico y restaurador previsto, pero debe detenerse lo antes posible una vez que el margen pueda colocarse de forma predecible, el contacto pueda crearse correctamente, exista espacio suficiente para la cer\u00e1mica y pueda evitarse una exposici\u00f3n innecesaria de la dentina.<\/p>\n\n\n\n<p class=\"wp-block-paragraph\">Hay varias variables que influyen en la respuesta.<\/p>\n\n\n\n<h3 class=\"wp-block-heading\">Alineaci\u00f3n dental actual<\/h3>\n\n\n\n<p class=\"wp-block-paragraph\">Un diente bien alineado que solo requiera una correcci\u00f3n del color suele necesitar menos intervenci\u00f3n en la zona proximal que un diente girado al que se le va a corregir la posici\u00f3n visual.<\/p>\n\n\n\n<h3 class=\"wp-block-heading\">Cierre del diastema<\/h3>\n\n\n\n<p class=\"wp-block-paragraph\">La reducci\u00f3n del espacio modifica la anchura de los dientes y la geometr\u00eda de contacto.<\/p>\n\n\n\n<p class=\"wp-block-paragraph\">Por lo tanto, puede que sea necesario ampliar la preparaci\u00f3n hacia la zona lingual para que la restauraci\u00f3n pueda envolver la superficie proximal, en lugar de limitarse a a\u00f1adir una l\u00e1mina de cer\u00e1mica en la cara facial.<\/p>\n\n\n\n<h3 class=\"wp-block-heading\">Color del sustrato<\/h3>\n\n\n\n<p class=\"wp-block-paragraph\">Una preparaci\u00f3n oscura que queda visible junto a un margen cer\u00e1mico proximal transl\u00facido puede dejar al descubierto la transici\u00f3n entre la restauraci\u00f3n y el diente.<\/p>\n\n\n\n<p class=\"wp-block-paragraph\">Una mayor extensi\u00f3n puede estar justificada cuando el beneficio est\u00e9tico compensa la reducci\u00f3n adicional.<\/p>\n\n\n\n<h3 class=\"wp-block-heading\">Restauraciones proximales existentes<\/h3>\n\n\n\n<p class=\"wp-block-paragraph\">Las restauraciones de composite, las fisuras, la caries o una anatom\u00eda proximal irregular alteran la posibilidad de establecer una l\u00ednea de acabado predecible.<\/p>\n\n\n\n<p class=\"wp-block-paragraph\">El estudio de Peumans, de 10 a\u00f1os de duraci\u00f3n, nos recuerda que el material compuesto existente en los l\u00edmites de las carillas merece atenci\u00f3n, en lugar de ser considerado como una anatom\u00eda de fondo irrelevante.<\/p>\n\n\n\n<h3 class=\"wp-block-heading\">Contacto para la reubicaci\u00f3n<\/h3>\n\n\n\n<p class=\"wp-block-paragraph\">Si el t\u00e9cnico necesita desplazar el contacto de forma significativa, la preparaci\u00f3n debe ofrecer la libertad suficiente para crear esa nueva anatom\u00eda.<\/p>\n\n\n\n<p class=\"wp-block-paragraph\">Un contacto cer\u00e1mico no puede ocupar un espacio que ya est\u00e9 ocupado por la estructura dental.<\/p>\n\n\n\n<p class=\"wp-block-paragraph\">La f\u00edsica sigue siendo obstinada.<\/p>\n\n\n\n<h2 class=\"wp-block-heading\">La colocaci\u00f3n del margen debe seguir al diente definitivo, no al diente original<\/h2>\n\n\n\n<p class=\"wp-block-paragraph\">Probablemente este sea el principio m\u00e1s \u00fatil de todo el debate.<\/p>\n\n\n\n<p class=\"wp-block-paragraph\">Empieza por el contorno final.<\/p>\n\n\n\n<p class=\"wp-block-paragraph\">A continuaci\u00f3n, determina en qu\u00e9 puntos la estructura dental entra en conflicto con ese contorno.<\/p>\n\n\n\n<p class=\"wp-block-paragraph\">Elimina solo lo que estorba.<\/p>\n\n\n\n<p class=\"wp-block-paragraph\">Esta forma de pensar, basada en la creaci\u00f3n de maquetas, tiene mucho m\u00e1s sentido que preparar una forma de carilla estandarizada y pedir despu\u00e9s al t\u00e9cnico que adapte cada caso a ella a la fuerza.<\/p>\n\n\n\n<p class=\"wp-block-paragraph\">Para los profesionales cl\u00ednicos que trabajan con disilicato de litio, Artist Dental Lab ofrece <a href=\"https:\/\/artistdentallab.com\/es\/e-max-veneer\/\">Flujo de trabajo de la chapa E.max<\/a> Adem\u00e1s, hace hincapi\u00e9 en una preparaci\u00f3n que var\u00ede de m\u00ednima a est\u00e1ndar en funci\u00f3n de cada caso, en una definici\u00f3n clara de los m\u00e1rgenes, en las notas sobre la reducci\u00f3n, en la informaci\u00f3n sobre el color y en los registros digitales, en lugar de prescribir un \u00fanico dise\u00f1o de reducci\u00f3n para todas las restauraciones anteriores.<\/p>\n\n\n\n<p class=\"wp-block-paragraph\">Y as\u00ed es exactamente como debe ser.<\/p>\n\n\n\n<h2 class=\"wp-block-heading\">El contorno proximal tambi\u00e9n es un problema \u00f3ptico<\/h2>\n\n\n\n<p class=\"wp-block-paragraph\">Los dentistas se centran, como es l\u00f3gico, en la resistencia al contacto y a la seda dental.<\/p>\n\n\n\n<p class=\"wp-block-paragraph\">El laboratorio detecta otra capa.<\/p>\n\n\n\n<p class=\"wp-block-paragraph\">El contacto tiene una consecuencia \u00f3ptica.<\/p>\n\n\n\n<p class=\"wp-block-paragraph\">Si la superficie facial proximal sigue estando demasiado llena, la zona de desviaci\u00f3n se reduce. Se refleja m\u00e1s luz hacia el observador. La carilla parece m\u00e1s ancha.<\/p>\n\n\n\n<p class=\"wp-block-paragraph\">Entonces alguien le pide al t\u00e9cnico que lo haga parecer m\u00e1s estrecho.<\/p>\n\n\n\n<p class=\"wp-block-paragraph\">As\u00ed que se a\u00f1ade la mancha gris.<\/p>\n\n\n\n<p class=\"wp-block-paragraph\">O bien, el \u00e1ngulo de la l\u00ednea se perfila con demasiada intensidad.<\/p>\n\n\n\n<p class=\"wp-block-paragraph\">O bien, la cer\u00e1mica se muele tras la entrega.<\/p>\n\n\n\n<p class=\"wp-block-paragraph\">Secuencia incorrecta.<\/p>\n\n\n\n<p class=\"wp-block-paragraph\"><strong>Primero, la forma. Despu\u00e9s, el color.<\/strong><\/p>\n\n\n\n<p class=\"wp-block-paragraph\">Si la restauraci\u00f3n presenta un contorno excesivamente pronunciado, el pigmento sirve para disimularlo.<\/p>\n\n\n\n<p class=\"wp-block-paragraph\">El an\u00e1lisis de Artist Dental Lab sobre <a href=\"https:\/\/artistdentallab.com\/es\/adjusting-veneer-incisal-edges-without-destroying-surface-character\/\">Ajuste del borde incisal de la carilla y caracter\u00edsticas de la superficie<\/a> ilustra el problema relacionado: el esmerilado de la cer\u00e1mica modifica al mismo tiempo el volumen del material, la textura de la superficie y la geometr\u00eda que controla la luz reflejada.<\/p>\n\n\n\n<p class=\"wp-block-paragraph\">El mismo principio se aplica en la parte proximal.<\/p>\n\n\n\n<p class=\"wp-block-paragraph\">Corregir un contorno defectuoso tras el acabado cer\u00e1mico final resulta m\u00e1s dif\u00edcil que dise\u00f1ar el contorno correctamente desde el principio.<\/p>\n\n\n\n<h2 class=\"wp-block-heading\">La elecci\u00f3n del material influye en el grado de libertad<\/h2>\n\n\n\n<p class=\"wp-block-paragraph\">La preparaci\u00f3n de las carillas de porcelana no puede separarse de la cer\u00e1mica que se prescribe.<\/p>\n\n\n\n<h3 class=\"wp-block-heading\">Porcelana feldesp\u00e1tica<\/h3>\n\n\n\n<p class=\"wp-block-paragraph\">Las carillas de feldespato permiten conseguir una estratificaci\u00f3n \u00f3ptica excepcionalmente delicada y transiciones cer\u00e1micas muy finas, lo que las hace muy interesantes para casos est\u00e9ticos altamente conservadores.<\/p>\n\n\n\n<p class=\"wp-block-paragraph\">Pero la cer\u00e1mica fina no es m\u00e1gica.<\/p>\n\n\n\n<p class=\"wp-block-paragraph\">Si es necesario realizar un enmascaramiento importante, reubicar los puntos de contacto o realizar una correcci\u00f3n sustancial de la forma, el espacio disponible para la restauraci\u00f3n se convierte en una variable de dise\u00f1o fundamental.<\/p>\n\n\n\n<h3 class=\"wp-block-heading\">Disilicato de litio<\/h3>\n\n\n\n<p class=\"wp-block-paragraph\">Disilicato de litio, que suele representarse como <strong>Li\u2082Si\u2082O\u2085<\/strong>, ofrece una mayor resistencia mec\u00e1nica que la porcelana feldesp\u00e1tica convencional y es compatible con los procesos de trabajo de prensado, fresado, monol\u00edtico, \u00abcut-back\u00bb y por capas.<\/p>\n\n\n\n<p class=\"wp-block-paragraph\">No obstante, la resistencia del material no justifica un contorneado excesivo.<\/p>\n\n\n\n<p class=\"wp-block-paragraph\">Una chapa m\u00e1s resistente sigue siendo voluminosa.<\/p>\n\n\n\n<h3 class=\"wp-block-heading\">Zirconia<\/h3>\n\n\n\n<p class=\"wp-block-paragraph\">La circonia puede ofrecer una mayor opacidad y resistencia en determinados casos, pero su comportamiento \u00f3ptico difiere del de las vitrocer\u00e1micas.<\/p>\n\n\n\n<p class=\"wp-block-paragraph\">Una vez m\u00e1s, la preparaci\u00f3n debe ajustarse al objetivo restaurador.<\/p>\n\n\n\n<p class=\"wp-block-paragraph\">El material no compensa una geometr\u00eda incorrecta.<\/p>\n\n\n\n<h2 class=\"wp-block-heading\">Lo que necesita el laboratorio antes de dise\u00f1ar la superficie proximal<\/h2>\n\n\n\n<p class=\"wp-block-paragraph\">Si tuviera que evaluar un caso complicado de carillas desde el punto de vista del laboratorio, querr\u00eda disponer de seis elementos de referencia antes de tomar decisiones importantes sobre la anatom\u00eda proximal:<\/p>\n\n\n\n<ol class=\"wp-block-list\">\n<li><strong>Exploraci\u00f3n preoperatoria<\/strong> en la que se muestra la posici\u00f3n original de los dientes y los contactos<\/li>\n\n\n\n<li><strong>Escaneo procesado<\/strong> con m\u00e1rgenes proximales bien definidos<\/li>\n\n\n\n<li><strong>Maqueta en cera aprobada o escaneo provisional<\/strong> que muestra la anchura prevista y la posici\u00f3n de contacto<\/li>\n\n\n\n<li><strong>Fotograf\u00edas de la preparaci\u00f3n<\/strong> en el que se aprecian el esmalte, la dentina, la decoloraci\u00f3n y la visibilidad de los m\u00e1rgenes<\/li>\n\n\n\n<li><strong>Registros de sombra de tocones<\/strong> para cada diente preparado<\/li>\n\n\n\n<li><strong>Fotograf\u00edas frontales y de tres cuartos del rostro<\/strong> que muestra c\u00f3mo se ven las zonas proximales desde \u00e1ngulos de visi\u00f3n normales<\/li>\n<\/ol>\n\n\n\n<p class=\"wp-block-paragraph\">Aunque no se disponga de estos registros, el t\u00e9cnico puede realizar igualmente una restauraci\u00f3n.<\/p>\n\n\n\n<p class=\"wp-block-paragraph\">Pero ahora parte del dise\u00f1o se basa en conjeturas.<\/p>\n\n\n\n<p class=\"wp-block-paragraph\">Y \u201chacer invisibles los m\u00e1rgenes\u201d no es una receta de laboratorio.<\/p>\n\n\n\n<figure class=\"wp-block-image size-large\"><img decoding=\"async\" width=\"1024\" height=\"768\" src=\"https:\/\/artistdentallab.com\/wp-content\/uploads\/2026\/08\/Interproximal-Extension-for-Veneers-Hiding-Margins-Without-Overcontouring-4-1024x768.jpg\" alt=\"Extensi\u00f3n interproximal para carillas: c\u00f3mo ocultar los m\u00e1rgenes sin crear un perfil excesivo\" class=\"wp-image-1650\" title=\"\" srcset=\"https:\/\/artistdentallab.com\/wp-content\/uploads\/2026\/08\/Interproximal-Extension-for-Veneers-Hiding-Margins-Without-Overcontouring-4-1024x768.jpg 1024w, https:\/\/artistdentallab.com\/wp-content\/uploads\/2026\/08\/Interproximal-Extension-for-Veneers-Hiding-Margins-Without-Overcontouring-4-300x225.jpg 300w, https:\/\/artistdentallab.com\/wp-content\/uploads\/2026\/08\/Interproximal-Extension-for-Veneers-Hiding-Margins-Without-Overcontouring-4-768x576.jpg 768w, https:\/\/artistdentallab.com\/wp-content\/uploads\/2026\/08\/Interproximal-Extension-for-Veneers-Hiding-Margins-Without-Overcontouring-4-16x12.jpg 16w, https:\/\/artistdentallab.com\/wp-content\/uploads\/2026\/08\/Interproximal-Extension-for-Veneers-Hiding-Margins-Without-Overcontouring-4-500x375.jpg 500w, https:\/\/artistdentallab.com\/wp-content\/uploads\/2026\/08\/Interproximal-Extension-for-Veneers-Hiding-Margins-Without-Overcontouring-4-600x450.jpg 600w, https:\/\/artistdentallab.com\/wp-content\/uploads\/2026\/08\/Interproximal-Extension-for-Veneers-Hiding-Margins-Without-Overcontouring-4.jpg 1448w\" sizes=\"(max-width: 1024px) 100vw, 1024px\" \/><\/figure>\n\n\n\n<h2 class=\"wp-block-heading\">Un marco pr\u00e1ctico de toma de decisiones para la preparaci\u00f3n de carillas interproximales<\/h2>\n\n\n\n<p class=\"wp-block-paragraph\">Antes de seguir avanzando hacia la parte proximal, plantear\u00eda estas preguntas por orden.<\/p>\n\n\n\n<h3 class=\"wp-block-heading\">1. \u00bfEl contacto actual se queda donde est\u00e1?<\/h3>\n\n\n\n<p class=\"wp-block-paragraph\">En caso afirmativo, una extensi\u00f3n agresiva podr\u00eda aportar pocas ventajas.<\/p>\n\n\n\n<p class=\"wp-block-paragraph\">Si la respuesta es \u00abno\u00bb, indica exactamente d\u00f3nde debe desplazarse el contacto final.<\/p>\n\n\n\n<h3 class=\"wp-block-heading\">2. \u00bfLa carilla modifica la anchura del diente?<\/h3>\n\n\n\n<p class=\"wp-block-paragraph\">Una correcci\u00f3n leve de la anchura y el cierre de un diastema importante no son el mismo problema de tratamiento.<\/p>\n\n\n\n<h3 class=\"wp-block-heading\">3. \u00bfSe ver\u00e1 el margen actual?<\/h3>\n\n\n\n<p class=\"wp-block-paragraph\">Eval\u00faa los \u00e1ngulos de visi\u00f3n frontal y oblicuo.<\/p>\n\n\n\n<p class=\"wp-block-paragraph\">No te bases \u00fanicamente en la vista oclusal.<\/p>\n\n\n\n<h3 class=\"wp-block-heading\">4. \u00bfHay espacio suficiente para la cer\u00e1mica?<\/h3>\n\n\n\n<p class=\"wp-block-paragraph\">Compara la preparaci\u00f3n con el modelo de cera aprobado.<\/p>\n\n\n\n<p class=\"wp-block-paragraph\">Si hay que a\u00f1adir cer\u00e1mica fuera de la zona prevista simplemente porque la estructura dental ocupa el espacio necesario, significa que la preparaci\u00f3n no se ha reducido lo suficiente en la zona equivocada.<\/p>\n\n\n\n<h3 class=\"wp-block-heading\">5. \u00bfCu\u00e1nto esmalte queda?<\/h3>\n\n\n\n<p class=\"wp-block-paragraph\">Cualquier prolongaci\u00f3n adicional deber\u00eda justificar su coste biol\u00f3gico.<\/p>\n\n\n\n<h3 class=\"wp-block-heading\">6. \u00bfSe puede limpiar el contorno final?<\/h3>\n\n\n\n<p class=\"wp-block-paragraph\">Un margen oculto rodeado por un contorno proximal voluminoso que favorece la acumulaci\u00f3n de placa no constituye una soluci\u00f3n est\u00e9tica satisfactoria.<\/p>\n\n\n\n<h3 class=\"wp-block-heading\">7. \u00bfPuede el laboratorio ver claramente la l\u00ednea de meta?<\/h3>\n\n\n\n<p class=\"wp-block-paragraph\">Los m\u00e1rgenes que quedan ocultos por el ruido del esc\u00e1ner, las superficies irregulares o una anatom\u00eda subgingival mal capturada no mejoran por arte de magia por el mero hecho de que el paciente no los vea.<\/p>\n\n\n\n<h2 class=\"wp-block-heading\">El mejor dise\u00f1o de preparaci\u00f3n para carillas desde el punto de vista est\u00e9tico depende de cada caso concreto<\/h2>\n\n\n\n<p class=\"wp-block-paragraph\">S\u00e9 que esa respuesta es menos satisfactoria que un diagrama.<\/p>\n\n\n\n<p class=\"wp-block-paragraph\">Pero la odontolog\u00eda no nos debe respuestas sencillas.<\/p>\n\n\n\n<p class=\"wp-block-paragraph\">Una preparaci\u00f3n facial conservadora puede resultar ideal para un incisivo central y totalmente inadecuada para el incisivo lateral girado que se encuentra junto a \u00e9l.<\/p>\n\n\n\n<p class=\"wp-block-paragraph\">Un dise\u00f1o que preserve el contacto puede funcionar a la perfecci\u00f3n cuando la posici\u00f3n de los dientes ya permite obtener el contorno definitivo.<\/p>\n\n\n\n<p class=\"wp-block-paragraph\">Una preparaci\u00f3n con extensi\u00f3n lingual puede resultar mucho m\u00e1s adecuada a la hora de cerrar un diastema, desplazar el contacto, disimular una decoloraci\u00f3n proximal o modificar la orientaci\u00f3n del diente.<\/p>\n\n\n\n<p class=\"wp-block-paragraph\">El error consiste en considerar cualquiera de estas ideas como una doctrina.<\/p>\n\n\n\n<p class=\"wp-block-paragraph\"><strong>Dise\u00f1a de forma inversa.<\/strong><\/p>\n\n\n\n<p class=\"wp-block-paragraph\">Empieza por el diente que hayan aprobado el paciente y el odont\u00f3logo. Eval\u00faa el espacio necesario para su reconstrucci\u00f3n. Localiza el margen en el que se pueda realizar el acabado, el escaneo, la adhesi\u00f3n, la limpieza y la protecci\u00f3n visual. A continuaci\u00f3n, conserva cada micr\u00f3metro adicional de esmalte que no interfiera con ese objetivo.<\/p>\n\n\n\n<p class=\"wp-block-paragraph\">Eso es una aut\u00e9ntica preparaci\u00f3n de la superficie para una restauraci\u00f3n conservadora.<\/p>\n\n\n\n<p class=\"wp-block-paragraph\">No se trata simplemente de hacer menos.<\/p>\n\n\n\n<p class=\"wp-block-paragraph\">Hacer \u00fanicamente lo que la restauraci\u00f3n realmente requiere.<\/p>\n\n\n\n<h2 class=\"wp-block-heading\">Preguntas frecuentes<\/h2>\n\n\n\n<h3 class=\"wp-block-heading\">\u00bfEn qu\u00e9 consiste la preparaci\u00f3n interproximal para carillas?<\/h3>\n\n\n\n<p class=\"wp-block-paragraph\">La preparaci\u00f3n interproximal de una carilla consiste en la extensi\u00f3n controlada de la preparaci\u00f3n de una carilla de porcelana desde la superficie facial hacia las superficies mesial o distal, de modo que el odont\u00f3logo pueda colocar los m\u00e1rgenes, modificar los contactos, ajustar la anchura del diente, crear espacio para la cer\u00e1mica y ocultar los l\u00edmites de la restauraci\u00f3n, conservando al mismo tiempo todo el esmalte que la correcci\u00f3n est\u00e9tica prevista permita razonablemente.<\/p>\n\n\n\n<p class=\"wp-block-paragraph\">Puede detenerse a la altura del contacto, entrar en la zona de contacto o extenderse lingualmente m\u00e1s all\u00e1 de ella, dependiendo de la posici\u00f3n del diente y de la restauraci\u00f3n final prevista.<\/p>\n\n\n\n<h3 class=\"wp-block-heading\">\u00bfHasta d\u00f3nde deben extenderse las carillas en la zona interproximal?<\/h3>\n\n\n\n<p class=\"wp-block-paragraph\">Las carillas deben extenderse en el sentido interproximal solo lo suficiente como para situar el margen fuera de una zona visible indeseable, permitir el contacto y el contorno dental previstos, proporcionar un espacio de restauraci\u00f3n adecuado y crear una l\u00ednea de acabado que el odont\u00f3logo y el laboratorio puedan manejar sin necesidad de eliminar esmalte sano adicional que no aporte ning\u00fan beneficio est\u00e9tico o restaurador significativo.<\/p>\n\n\n\n<p class=\"wp-block-paragraph\">No existe una distancia en mil\u00edmetros universal, basada en la evidencia, que sea adecuada para todas las carillas.<\/p>\n\n\n\n<h3 class=\"wp-block-heading\">\u00bfEs necesario romper siempre los contactos interproximales para colocar carillas?<\/h3>\n\n\n\n<p class=\"wp-block-paragraph\">Los contactos interproximales no deben romperse autom\u00e1ticamente en todas las carillas, ya que la apertura de contactos es una opci\u00f3n de preparaci\u00f3n que depende de cada caso concreto y que se utiliza cuando se necesita un acceso adicional en el laboratorio para ocultar los m\u00e1rgenes, reubicar los contactos, cerrar un diastema, corregir la rotaci\u00f3n, enmascarar o realizar un cambio sustancial en el contorno, y no constituye una caracter\u00edstica obligatoria para el \u00e9xito de la preparaci\u00f3n de las carillas de porcelana.<\/p>\n\n\n\n<p class=\"wp-block-paragraph\">Cuando el contacto y la posici\u00f3n de los dientes actuales ya se ajustan al dise\u00f1o definitivo, mantener ese contacto puede permitir conservar m\u00e1s esmalte.<\/p>\n\n\n\n<h3 class=\"wp-block-heading\">\u00bfC\u00f3mo se puede evitar el contorneado excesivo de las carillas?<\/h3>\n\n\n\n<p class=\"wp-block-paragraph\">La mejor forma de evitar el sobrecontorneado de las carillas es dise\u00f1ar primero la forma final deseada del diente, comparar ese contorno con el esmalte existente mediante un modelo de cera o un mock-up, y crear de forma selectiva espacio para la restauraci\u00f3n en aquellos puntos en los que, de otro modo, la cer\u00e1mica se ver\u00eda empujada fuera de la envolvente natural, especialmente en las transiciones faciales-proximales, las zonas de contacto, las zonas de emergencia cervical y los \u00e1ngulos de las l\u00edneas de transici\u00f3n.<\/p>\n\n\n\n<p class=\"wp-block-paragraph\">El objetivo es un espacio controlado, no una reducci\u00f3n indiscriminada.<\/p>\n\n\n\n<h3 class=\"wp-block-heading\">\u00bfD\u00f3nde deben situarse los m\u00e1rgenes de las carillas en las zonas interproximales?<\/h3>\n\n\n\n<p class=\"wp-block-paragraph\">Los m\u00e1rgenes de las carillas interproximales deben colocarse de manera que queden protegidos visualmente, se puedan registrar con claridad, se fabriquen con precisi\u00f3n, se adhieran de forma predecible y sean accesibles para la higiene a largo plazo, al tiempo que permitan al t\u00e9cnico establecer una forma de contacto y una curvatura proximal naturales sin crear un espesor excesivo de cer\u00e1mica ni extender innecesariamente la l\u00ednea de acabado hacia la dentina.<\/p>\n\n\n\n<p class=\"wp-block-paragraph\">Por lo tanto, la ubicaci\u00f3n correcta depende de la posici\u00f3n final del diente y no de un esquema de preparaci\u00f3n estandarizado.<\/p>\n\n\n\n<h3 class=\"wp-block-heading\">\u00bfCu\u00e1l es el mejor dise\u00f1o de preparaci\u00f3n para carillas desde el punto de vista est\u00e9tico?<\/h3>\n\n\n\n<p class=\"wp-block-paragraph\">El mejor dise\u00f1o de preparaci\u00f3n para carillas desde el punto de vista est\u00e9tico es aquel que presenta la geometr\u00eda menos invasiva y que proporciona espacio suficiente para la cer\u00e1mica seleccionada, mantiene una adhesi\u00f3n favorable al esmalte siempre que sea posible, sit\u00faa los m\u00e1rgenes lejos de las zonas visibles, permite al laboratorio controlar los contactos y los \u00e1ngulos de l\u00ednea, y reproduce la forma dental aprobada por el paciente sin que las superficies faciales o proximales presenten un contorneado excesivo.<\/p>\n\n\n\n<p class=\"wp-block-paragraph\">Los dise\u00f1os de ventana, de junta a tope, envolventes, con preservaci\u00f3n del contacto y con ruptura del contacto tienen, todos ellos, indicaciones leg\u00edtimas.<\/p>\n\n\n\n<h3 class=\"wp-block-heading\">\u00bfPuede E.max compensar la falta de espacio para la preparaci\u00f3n de la carilla?<\/h3>\n\n\n\n<p class=\"wp-block-paragraph\">E.max no puede compensar por completo la falta de espacio para la preparaci\u00f3n de la carilla, ya que, aunque el disilicato de litio puede aportar resistencia y flexibilidad \u00f3ptica, la restauraci\u00f3n sigue requiriendo un volumen tridimensional adecuado para el contorno, la translucidez, el enmascaramiento, los contactos, los m\u00e1rgenes y el perfil de emergencia; colocar cer\u00e1mica donde la estructura dental ya ocupa el contorno previsto altera inevitablemente la forma externa de la restauraci\u00f3n.<\/p>\n\n\n\n<p class=\"wp-block-paragraph\">Las propiedades de los materiales pueden ampliar las opciones de dise\u00f1o.<\/p>\n\n\n\n<p class=\"wp-block-paragraph\">No pueden derogar la geometr\u00eda.<\/p>\n\n\n\n<h3 class=\"wp-block-heading\">\u00bfQu\u00e9 hay que enviar al laboratorio dental para un caso de carillas frontales?<\/h3>\n\n\n\n<p class=\"wp-block-paragraph\">Un caso de laboratorio de carillas anteriores debe incluir las arcadas preparadas y opuestas, el registro de oclusi\u00f3n, el escaneo preoperatorio, el provisional aprobado o el modelo de cera, las fotograf\u00edas de la preparaci\u00f3n, los registros del color del mu\u00f1\u00f3n y del color final, las fotograf\u00edas faciales y con retracci\u00f3n, el material de restauraci\u00f3n, la informaci\u00f3n sobre los m\u00e1rgenes, las instrucciones de contacto y las notas funcionales, de modo que el t\u00e9cnico pueda reproducir un plan aprobado en lugar de tener que interpretar la informaci\u00f3n cl\u00ednica que falte.<\/p>\n\n\n\n<p class=\"wp-block-paragraph\">En el caso de las extensiones proximales complejas, las fotos de la preparaci\u00f3n y un escaneo del dise\u00f1o aprobado resultan especialmente \u00fatiles, ya que muestran tanto el espacio disponible como el contacto final previsto.<\/p>\n\n\n\n<h2 class=\"wp-block-heading\">Planifica el margen antes de colocar la cer\u00e1mica<\/h2>\n\n\n\n<p class=\"wp-block-paragraph\">La extensi\u00f3n interproximal nunca debe convertirse en una competici\u00f3n para ver hasta qu\u00e9 punto una carilla puede envolver un diente.<\/p>\n\n\n\n<p class=\"wp-block-paragraph\">El objetivo m\u00e1s adecuado es m\u00e1s espec\u00edfico: <strong>ocultar lo que no debe verse, conservar lo que no es necesario eliminar y crear el espacio justo para que la anatom\u00eda natural de la cer\u00e1mica se manifieste.<\/strong><\/p>\n\n\n\n<p class=\"wp-block-paragraph\">Si tiene previsto realizar carillas anteriores de E.max, E.max en capas, de feldespato o de varias unidades, y desea que el laboratorio eval\u00fae los m\u00e1rgenes de preparaci\u00f3n, el dise\u00f1o de contacto, el espacio de restauraci\u00f3n disponible, el color del mu\u00f1\u00f3n y los archivos digitales antes de la producci\u00f3n, env\u00ede la documentaci\u00f3n del caso a trav\u00e9s del <a href=\"https:\/\/artistdentallab.com\/es\/contact-us\/\">P\u00e1gina de contacto de Artist Dental Lab<\/a>.<\/p>\n\n\n\n<p class=\"wp-block-paragraph\">Env\u00eda la imagen escaneada del preparado.<\/p>\n\n\n\n<p class=\"wp-block-paragraph\">Env\u00eda el dise\u00f1o aprobado.<\/p>\n\n\n\n<p class=\"wp-block-paragraph\">Env\u00eda las fotograf\u00edas.<\/p>\n\n\n\n<p class=\"wp-block-paragraph\">A continuaci\u00f3n, facil\u00edtale al t\u00e9cnico la informaci\u00f3n necesaria para que pueda construir la carilla dentro del contorno dental previsto, y no en torno a una preparaci\u00f3n que suponga un compromiso evitable.<\/p>\n\n\n\n<p class=\"wp-block-paragraph\"><\/p>","protected":false},"excerpt":{"rendered":"<p>La extensi\u00f3n interproximal de las carillas no consiste simplemente en desplazar el margen m\u00e1s hacia lingual. El verdadero reto consiste en ocultar el l\u00edmite de la restauraci\u00f3n al tiempo que se conserva el esmalte, se crea suficiente espacio para la cer\u00e1mica, se controlan los contactos proximales y se evitan los contornos voluminosos que hacen que unas carillas, por lo dem\u00e1s bonitas, parezcan artificiales.<\/p>","protected":false},"author":1,"featured_media":1647,"comment_status":"open","ping_status":"open","sticky":false,"template":"","format":"standard","meta":{"footnotes":""},"categories":[22],"tags":[183,252,642,615,643,558,644,495],"class_list":["post-1646","post","type-post","status-publish","format-standard","has-post-thumbnail","hentry","category-dental-knowledge","tag-cosmetic-dentistry","tag-dental-veneers","tag-interproximal-veneer-preparation","tag-porcelain-veneer-preparation","tag-proximal-veneer-extension","tag-veneer-margin-placement","tag-veneer-overcontouring","tag-veneer-preparation"],"blocksy_meta":{"styles_descriptor":{"styles":{"desktop":"","tablet":"","mobile":""},"google_fonts":[],"version":7}},"_links":{"self":[{"href":"https:\/\/artistdentallab.com\/es\/wp-json\/wp\/v2\/posts\/1646","targetHints":{"allow":["GET"]}}],"collection":[{"href":"https:\/\/artistdentallab.com\/es\/wp-json\/wp\/v2\/posts"}],"about":[{"href":"https:\/\/artistdentallab.com\/es\/wp-json\/wp\/v2\/types\/post"}],"author":[{"embeddable":true,"href":"https:\/\/artistdentallab.com\/es\/wp-json\/wp\/v2\/users\/1"}],"replies":[{"embeddable":true,"href":"https:\/\/artistdentallab.com\/es\/wp-json\/wp\/v2\/comments?post=1646"}],"version-history":[{"count":1,"href":"https:\/\/artistdentallab.com\/es\/wp-json\/wp\/v2\/posts\/1646\/revisions"}],"predecessor-version":[{"id":1651,"href":"https:\/\/artistdentallab.com\/es\/wp-json\/wp\/v2\/posts\/1646\/revisions\/1651"}],"wp:featuredmedia":[{"embeddable":true,"href":"https:\/\/artistdentallab.com\/es\/wp-json\/wp\/v2\/media\/1647"}],"wp:attachment":[{"href":"https:\/\/artistdentallab.com\/es\/wp-json\/wp\/v2\/media?parent=1646"}],"wp:term":[{"taxonomy":"category","embeddable":true,"href":"https:\/\/artistdentallab.com\/es\/wp-json\/wp\/v2\/categories?post=1646"},{"taxonomy":"post_tag","embeddable":true,"href":"https:\/\/artistdentallab.com\/es\/wp-json\/wp\/v2\/tags?post=1646"}],"curies":[{"name":"wp","href":"https:\/\/api.w.org\/{rel}","templated":true}]}}