{"id":1657,"date":"2026-08-13T03:37:51","date_gmt":"2026-08-13T03:37:51","guid":{"rendered":"https:\/\/artistdentallab.com\/"},"modified":"2026-08-13T03:42:28","modified_gmt":"2026-08-13T03:42:28","slug":"what-to-include-in-a-veneer-purchase-specification-for-premium-esthetic-results","status":"publish","type":"post","link":"https:\/\/artistdentallab.com\/es\/what-to-include-in-a-veneer-purchase-specification-for-premium-esthetic-results\/","title":{"rendered":"Qu\u00e9 incluir en las especificaciones de compra de carillas para obtener resultados est\u00e9ticos de primera calidad"},"content":{"rendered":"<p class=\"wp-block-paragraph\">Las especificaciones impiden que se hagan nuevas versiones.<\/p>\n\n\n\n<p class=\"wp-block-paragraph\">Un grave <strong>Receta del laboratorio de carillas<\/strong> deber\u00eda indicar al t\u00e9cnico no solo el tono que desea el dentista, sino tambi\u00e9n qu\u00e9 se espera que aporte la restauraci\u00f3n desde el punto de vista \u00f3ptico, dimensional, mec\u00e1nico y visual una vez colocada una fina capa de cer\u00e1mica sobre una preparaci\u00f3n espec\u00edfica, un sustrato, un cemento de resina y una sonrisa.<\/p>\n\n\n\n<p class=\"wp-block-paragraph\">Entonces, \u00bfpor qu\u00e9 se siguen encargando fundas de chapa de alta calidad con instrucciones como \u201cA1, natural, ligera translucidez\u201d?<\/p>\n\n\n\n<p class=\"wp-block-paragraph\">Eso no es una caracter\u00edstica de gama alta.<\/p>\n\n\n\n<p class=\"wp-block-paragraph\">Es una petici\u00f3n para que el t\u00e9cnico adivine.<\/p>\n\n\n\n<p class=\"wp-block-paragraph\">Y mi postura al respecto es bastante firme: cuando un cliente exige una est\u00e9tica de primera calidad pero proporciona informaci\u00f3n b\u00e1sica, el laboratorio se enfrenta a un problema de control de calidad imposible de resolver. El t\u00e9cnico puede fabricar una porcelana excelente, pero ni siquiera una porcelana excelente puede recuperar informaci\u00f3n cl\u00ednica que nunca se ha registrado.<\/p>\n\n\n\n<p class=\"wp-block-paragraph\">Esto es importante porque las carillas dentales no son restauraciones de car\u00e1cter temporal. Una revisi\u00f3n sistem\u00e1tica y un metaan\u00e1lisis de 2024, indexados por la Biblioteca Nacional de Medicina de EE. UU. y publicados en 2025, evaluaron 29 estudios y revelaron unas tasas de supervivencia combinadas de aproximadamente 10,4 a\u00f1os de <strong>96.13% para carillas de feldespato y 96.81% para carillas de disilicato de litio<\/strong>. Los autores no encontraron diferencias sustanciales y estad\u00edsticamente significativas en cuanto a la supervivencia, aunque el disilicato de litio present\u00f3 menores tasas de complicaciones a largo plazo seg\u00fan los datos disponibles en la evidencia incluida.<\/p>\n\n\n\n<p class=\"wp-block-paragraph\">Esas cifras nos aportan informaci\u00f3n \u00fatil.<\/p>\n\n\n\n<p class=\"wp-block-paragraph\">El material es duradero.<\/p>\n\n\n\n<p class=\"wp-block-paragraph\">Pero \u201csigue pegado despu\u00e9s de diez a\u00f1os\u201d no es lo mismo que \u201csigue pareciendo un incisivo central intacto\u201d.\u201d<\/p>\n\n\n\n<p class=\"wp-block-paragraph\">La est\u00e9tica de alta gama exige unas especificaciones diferentes.<\/p>\n\n\n\n<figure class=\"wp-block-image size-large\"><img fetchpriority=\"high\" decoding=\"async\" width=\"1024\" height=\"683\" src=\"https:\/\/artistdentallab.com\/wp-content\/uploads\/2026\/08\/What-to-Include-in-a-Veneer-Purchase-Specification-for-Premium-Esthetic-Results-2-1024x683.jpg\" alt=\"Qu\u00e9 incluir en las especificaciones de compra de carillas para obtener resultados est\u00e9ticos de primera calidad\" class=\"wp-image-1659\" title=\"\" srcset=\"https:\/\/artistdentallab.com\/wp-content\/uploads\/2026\/08\/What-to-Include-in-a-Veneer-Purchase-Specification-for-Premium-Esthetic-Results-2-1024x683.jpg 1024w, https:\/\/artistdentallab.com\/wp-content\/uploads\/2026\/08\/What-to-Include-in-a-Veneer-Purchase-Specification-for-Premium-Esthetic-Results-2-300x200.jpg 300w, https:\/\/artistdentallab.com\/wp-content\/uploads\/2026\/08\/What-to-Include-in-a-Veneer-Purchase-Specification-for-Premium-Esthetic-Results-2-768x512.jpg 768w, https:\/\/artistdentallab.com\/wp-content\/uploads\/2026\/08\/What-to-Include-in-a-Veneer-Purchase-Specification-for-Premium-Esthetic-Results-2-18x12.jpg 18w, https:\/\/artistdentallab.com\/wp-content\/uploads\/2026\/08\/What-to-Include-in-a-Veneer-Purchase-Specification-for-Premium-Esthetic-Results-2-500x333.jpg 500w, https:\/\/artistdentallab.com\/wp-content\/uploads\/2026\/08\/What-to-Include-in-a-Veneer-Purchase-Specification-for-Premium-Esthetic-Results-2-600x400.jpg 600w, https:\/\/artistdentallab.com\/wp-content\/uploads\/2026\/08\/What-to-Include-in-a-Veneer-Purchase-Specification-for-Premium-Esthetic-Results-2.jpg 1536w\" sizes=\"(max-width: 1024px) 100vw, 1024px\" \/><\/figure>\n\n\n\n<h2 class=\"wp-block-heading\">Una prescripci\u00f3n de un laboratorio de carillas es una especificaci\u00f3n de fabricaci\u00f3n, no una solicitud de color<\/h2>\n\n\n\n<p class=\"wp-block-paragraph\">El m\u00e1s fuerte <strong>receta para carillas de porcelana<\/strong> divide el caso en tres sistemas:<\/p>\n\n\n\n<ol class=\"wp-block-list\">\n<li><strong>Comportamiento \u00f3ptico<\/strong> \u2014 valor, croma, tono, opacidad, translucidez, fluorescencia, opalescencia, halo, mamelones, saturaci\u00f3n cervical.<\/li>\n\n\n\n<li><strong>Morfolog\u00eda tridimensional<\/strong> \u2014 longitud y anchura del diente, convexidad facial, \u00e1ngulos de la l\u00ednea, embrasures, posici\u00f3n incisal, lugar de contacto, perfil de emergencia.<\/li>\n\n\n\n<li><strong>Comportamiento superficial<\/strong> \u2014 macrotextura, microtextura, brillo selectivo, nivel de pulido, anchura y distribuci\u00f3n del reflejo.<\/li>\n<\/ol>\n\n\n\n<p class=\"wp-block-paragraph\">La gu\u00eda actual de Artist Dental Lab sobre <a href=\"https:\/\/artistdentallab.com\/es\/writing-a-veneer-lab-prescription-for-natural-texture-and-light-behavior\/\">C\u00f3mo redactar una prescripci\u00f3n de laboratorio de carillas para conseguir una textura natural y un comportamiento de la luz<\/a> hace la misma distinci\u00f3n \u00fatil: una prescripci\u00f3n deber\u00eda servir como instrucciones de fabricaci\u00f3n, m\u00e1s que como una breve nota de matiz.<\/p>\n\n\n\n<p class=\"wp-block-paragraph\">Esa distinci\u00f3n parece algo puramente te\u00f3rico hasta que surge un problema.<\/p>\n\n\n\n<p class=\"wp-block-paragraph\">Un t\u00e9cnico recibe \u201cBL2, textura natural\u201d.\u201d<\/p>\n\n\n\n<p class=\"wp-block-paragraph\">\u00bfQu\u00e9 significa \u201cnatural\u201d?<\/p>\n\n\n\n<p class=\"wp-block-paragraph\">\u00bfL\u00edneas de transici\u00f3n mesial y distal estrechas? \u00bfPerikymata cervicales poco marcados? \u00bfL\u00f3bulos de desarrollo verticales pronunciados? \u00bfUn tercio medio satinado? \u00bfEsmalte joven? \u00bfEsmalte maduro? \u00bfUn halo incisal brillante? \u00bfCasi sin halo? \u00bfIncisivos laterales suaves? \u00bfIncisivos centrales dominantes?<\/p>\n\n\n\n<p class=\"wp-block-paragraph\">Nadie lo sabe.<\/p>\n\n\n\n<p class=\"wp-block-paragraph\">La frase parece concreta porque todo el mundo reconoce las palabras. T\u00e9cnicamente, carece casi por completo de contenido.<\/p>\n\n\n\n<h3 class=\"wp-block-heading\">Las especificaciones de compra deben definir el resultado antes de definir el material.<\/h3>\n\n\n\n<p class=\"wp-block-paragraph\">Yo empezar\u00eda toda especificaci\u00f3n est\u00e9tica de alta gama por el objetivo cl\u00ednico:<\/p>\n\n\n\n<blockquote class=\"wp-block-quote is-layout-flow wp-block-quote-is-layout-flow\">\n<p class=\"wp-block-paragraph\">Restaura los dientes #6\u2013#11 con una integraci\u00f3n natural, en lugar de un blanqueamiento uniforme. Conserva el predominio de los incisivos centrales. Mant\u00e9n la posici\u00f3n aprobada del borde incisal. Evita que los incisivos laterales sean id\u00e9nticos y que haya un brillo facial excesivo.<\/p>\n<\/blockquote>\n\n\n\n<p class=\"wp-block-paragraph\">Eso le indica al laboratorio qu\u00e9 se entiende por \u00ab\u00e9xito\u00bb.<\/p>\n\n\n\n<p class=\"wp-block-paragraph\">Solo entonces deber\u00eda centrarse la prescripci\u00f3n en la tonalidad, la cer\u00e1mica, la translucidez, la morfolog\u00eda y el acabado superficial.<\/p>\n\n\n\n<h2 class=\"wp-block-heading\">Los 12 requisitos que incluir\u00eda en un pliego de condiciones para la compra de chapas de alta gama<\/h2>\n\n\n\n<p class=\"wp-block-paragraph\">Un profesional <strong>receta para el laboratorio dental<\/strong> deber\u00eda ser lo suficientemente detallada como para que un segundo t\u00e9cnico pudiera comprender el caso en cuesti\u00f3n sin necesidad de estar sentado junto al m\u00e9dico.<\/p>\n\n\n\n<p class=\"wp-block-paragraph\">Este es el marco de trabajo.<\/p>\n\n\n\n<figure class=\"wp-block-table\"><table class=\"has-fixed-layout\"><thead><tr><th>Partida de las especificaciones<\/th><th>Informaci\u00f3n m\u00ednima que hay que facilitar<\/th><th>Por qu\u00e9 es importante<\/th><\/tr><\/thead><tbody><tr><td>Objetivo cl\u00ednico<\/td><td>Dientes afectados, correcci\u00f3n solicitada, prioridad est\u00e9tica<\/td><td>Establece los objetivos que debe alcanzar la restauraci\u00f3n<\/td><\/tr><tr><td>Tono final<\/td><td>Sistema de sombreado con nombre y objetivo<\/td><td>Ofrece una referencia reproducible<\/td><\/tr><tr><td>Mapa de valores<\/td><td>Brillo cervical, corporal e incisal<\/td><td>Controla el brillo percibido con mayor precisi\u00f3n que un solo c\u00f3digo de tono<\/td><\/tr><tr><td>Sombra de toc\u00f3n<\/td><td>Tono de preparaci\u00f3n individual para cada unidad<\/td><td>Determina los requisitos de enmascaramiento y translucidez<\/td><\/tr><tr><td>Material<\/td><td>Feldesp\u00e1tico, disilicato de litio, circonio o cualquier alternativa autorizada<\/td><td>Supervisa la fabricaci\u00f3n y las posibilidades \u00f3pticas<\/td><\/tr><tr><td>Espesor<\/td><td>Espacio disponible para cer\u00e1mica por regi\u00f3n<\/td><td>Influye en la opacidad, la intensidad y el tono final<\/td><\/tr><tr><td>Translucidez<\/td><td>Zonas cervical, media e incisal<\/td><td>Regula la profundidad y la vitalidad<\/td><\/tr><tr><td>Morfolog\u00eda<\/td><td>Longitud, anchura, \u00e1ngulos de l\u00ednea, contactos, embragues<\/td><td>Define la forma visible del diente<\/td><\/tr><tr><td>Textura<\/td><td>Macrotextura y microtextura por zonas<\/td><td>Controla el reflejo y el realismo percibido<\/td><\/tr><tr><td>Brillo<\/td><td>Alto, medio, selectivo o adaptado a las referencias<\/td><td>Modifica la anchura del reflejo y el valor percibido<\/td><\/tr><tr><td>Registros de referencia<\/td><td>Fotos, v\u00eddeos, escaneos, muestras provisionales, muestras de color<\/td><td>Proporciona al t\u00e9cnico pruebas visuales<\/td><\/tr><tr><td>Criterios de aceptaci\u00f3n<\/td><td>Qu\u00e9 se puede modificar y qu\u00e9 requiere autorizaci\u00f3n<\/td><td>Evita interpretaciones no autorizadas<\/td><\/tr><\/tbody><\/table><\/figure>\n\n\n\n<p class=\"wp-block-paragraph\">Esta es la diferencia entre pedir \u201ccarillas\u201d y adquirir un resultado est\u00e9tico controlado.<\/p>\n\n\n\n<h2 class=\"wp-block-heading\">Especificaciones de tonos de chapas: Deja de considerar el A1 como un color completo<\/h2>\n\n\n\n<p class=\"wp-block-paragraph\">Las leng\u00fcetas para regular la luz son \u00fatiles.<\/p>\n\n\n\n<p class=\"wp-block-paragraph\">Adem\u00e1s, se conf\u00eda demasiado en ellos.<\/p>\n\n\n\n<p class=\"wp-block-paragraph\">Una designaci\u00f3n de color como \u00abVITA Classical A1\u00bb o \u00abVITA 3D-Master 1M2\u00bb no puede, por s\u00ed sola, describir el croma cervical, el valor del tercio medio, la translucidez incisal, el color del mu\u00f1\u00f3n, el espesor de la cer\u00e1mica, la fluorescencia, la textura de la superficie ni la influencia del cemento de resina.<\/p>\n\n\n\n<p class=\"wp-block-paragraph\">Por eso, la gu\u00eda detallada de la web sobre <a href=\"https:\/\/artistdentallab.com\/es\/why-value-matters-more-than-the-shade-tab-in-veneer-esthetics\/\">Por qu\u00e9 el valor es m\u00e1s importante que la tabla de colores en la est\u00e9tica de las chapas dentales<\/a> Es un elemento imprescindible en cualquier proceso de trabajo serio relacionado con las especificaciones de chapas.<\/p>\n\n\n\n<h3 class=\"wp-block-heading\">Especifica el valor antes de obsesionarte con el tono<\/h3>\n\n\n\n<p class=\"wp-block-paragraph\">El valor es el grado relativo de claridad u oscuridad del diente.<\/p>\n\n\n\n<p class=\"wp-block-paragraph\">Y los errores en los valores no perdonan.<\/p>\n\n\n\n<p class=\"wp-block-paragraph\">Una carilla puede, t\u00e9cnicamente, pertenecer a la gama de tonos correcta y, aun as\u00ed, parecer claramente inadecuada porque su tercio central refleja demasiada luz. Una convexidad facial marcada, un brillo excesivo y unas l\u00edneas de transici\u00f3n anchas pueden hacer que esa misma restauraci\u00f3n parezca a\u00fan m\u00e1s brillante.<\/p>\n\n\n\n<p class=\"wp-block-paragraph\">Por eso documentar\u00eda lo siguiente:<\/p>\n\n\n\n<ul class=\"wp-block-list\">\n<li>Valor cervical<\/li>\n\n\n\n<li>Valor del tercio medio<\/li>\n\n\n\n<li>Valor incisal<\/li>\n\n\n\n<li>Cromaticidad cervical<\/li>\n\n\n\n<li>Familia Hue<\/li>\n\n\n\n<li>Translucidez incisal<\/li>\n\n\n\n<li>Caracterizaci\u00f3n local del color blanco o \u00e1mbar<\/li>\n\n\n\n<li>Intensidad deseada del halo<\/li>\n\n\n\n<li>Referencia al diente adyacente<\/li>\n\n\n\n<li>Fotograf\u00eda final de la pesta\u00f1a de colores<\/li>\n<\/ul>\n\n\n\n<p class=\"wp-block-paragraph\">Una revisi\u00f3n de 2022 indexada en PubMed Central se\u00f1al\u00f3 que la combinaci\u00f3n de <strong>fotograf\u00eda digital y mediciones espectrofotom\u00e9tricas<\/strong> podr\u00eda reducir las diferencias de color y los errores en la correspondencia de tonos, en comparaci\u00f3n con el uso exclusivo de m\u00e9todos menos controlados.<\/p>\n\n\n\n<p class=\"wp-block-paragraph\">Pero los instrumentos no son m\u00e1gicos.<\/p>\n\n\n\n<p class=\"wp-block-paragraph\">Un estudio cl\u00ednico independiente revel\u00f3 diferencias, dependientes del m\u00e9todo utilizado, entre la comparaci\u00f3n de tonos visual y la espectrofotom\u00e9trica, y precisamente por eso no me convence el argumento de que un dispositivo pueda sustituir al criterio cl\u00ednico. La especificaci\u00f3n m\u00e1s s\u00f3lida combina referencias de tonos con nombre propio, mediciones objetivas cuando est\u00e9n disponibles, fotograf\u00edas calibradas y la confirmaci\u00f3n visual humana.<\/p>\n\n\n\n<h3 class=\"wp-block-heading\">Anota el tono de cada toc\u00f3n<\/h3>\n\n\n\n<p class=\"wp-block-paragraph\">Esto es innegociable en el caso de la cer\u00e1mica fina.<\/p>\n\n\n\n<p class=\"wp-block-paragraph\">Un objetivo BL3 final sobre una preparaci\u00f3n de esmalte claro y el mismo objetivo BL3 sobre un mu\u00f1\u00f3n oscuro tratado endod\u00f3nticamente no plantean el mismo problema de fabricaci\u00f3n.<\/p>\n\n\n\n<p class=\"wp-block-paragraph\">La cer\u00e1mica fina deja pasar la luz.<\/p>\n\n\n\n<p class=\"wp-block-paragraph\">La preparaci\u00f3n subyacente, el espesor de la cer\u00e1mica y la capa de cemento pasan a formar parte del sistema \u00f3ptico final.<\/p>\n\n\n\n<p class=\"wp-block-paragraph\">Si las unidades #8 y #9 tienen sustratos diferentes, escribe dos tonos de toc\u00f3n.<\/p>\n\n\n\n<p class=\"wp-block-paragraph\">No escribas \u201ctocones: aproximadamente ND2\u201d.\u201d<\/p>\n\n\n\n<p class=\"wp-block-paragraph\">Hazles fotos por separado.<\/p>\n\n\n\n<h2 class=\"wp-block-heading\">La elecci\u00f3n del material de las carillas debe estar relacionada con el problema est\u00e9tico<\/h2>\n\n\n\n<p class=\"wp-block-paragraph\">En <strong>selecci\u00f3n del material de chapa<\/strong> Nunca se debe rellenar esa casilla por costumbre.<\/p>\n\n\n\n<p class=\"wp-block-paragraph\">\u201cUtilizar E.max\u201d no es un diagn\u00f3stico.<\/p>\n\n\n\n<p class=\"wp-block-paragraph\">Disilicato de litio, representado habitualmente por la fase cristalina <strong>Li\u2082Si\u2082O\u2085<\/strong>, ofrece una combinaci\u00f3n de resistencia y control \u00f3ptico que explica su popularidad. Las cer\u00e1micas feldesp\u00e1ticas son sistemas con alto contenido en vidrio que suelen contener \u00f3xidos como <strong>SiO\u2082, Al\u2082O\u2083, K\u2082O y Na\u2082O<\/strong>. La circonita es principalmente <strong>ZrO\u2082<\/strong>, que normalmente se estabilizan con \u00f3xidos adicionales.<\/p>\n\n\n\n<p class=\"wp-block-paragraph\">Esas diferencias qu\u00edmicas son importantes.<\/p>\n\n\n\n<p class=\"wp-block-paragraph\">Pero la qu\u00edmica por s\u00ed sola no nos indica qu\u00e9 material es el adecuado para una boca concreta.<\/p>\n\n\n\n<h3 class=\"wp-block-heading\">Especifica qu\u00e9 debe lograr el material<\/h3>\n\n\n\n<p class=\"wp-block-paragraph\">Las especificaciones de la compra deben indicar lo siguiente:<\/p>\n\n\n\n<ul class=\"wp-block-list\">\n<li>Obligaci\u00f3n de llevar mascarilla<\/li>\n\n\n\n<li>Reducci\u00f3n disponible<\/li>\n\n\n\n<li>Translucidez deseada<\/li>\n\n\n\n<li>Caracterizaci\u00f3n interna deseada<\/li>\n\n\n\n<li>Libertad requerida en la textura de la superficie<\/li>\n\n\n\n<li>Color actual del sustrato<\/li>\n\n\n\n<li>Dentici\u00f3n opuesta<\/li>\n\n\n\n<li>Cuestiones funcionales<\/li>\n\n\n\n<li>Si las restauraciones deben coincidir con las piezas de cer\u00e1mica ya existentes<\/li>\n\n\n\n<li>Si es aceptable un enfoque monol\u00edtico o por capas<\/li>\n<\/ul>\n\n\n\n<p class=\"wp-block-paragraph\">Un caso que requiera un recubrimiento importante plantea un problema distinto al de un caso de esmalte con preparaci\u00f3n m\u00ednima que requiera una alta translucidez.<\/p>\n\n\n\n<p class=\"wp-block-paragraph\">Del mismo modo, el disilicato de litio de contorno completo y el de capas no son estrategias est\u00e9ticamente id\u00e9nticas. La comparaci\u00f3n realizada por Artist Dental Lab de <a href=\"https:\/\/artistdentallab.com\/es\/full-e-max-veneers-vs-layered-e-max-veneers-what-is-the-real-difference\/\">Carillas E.max completas frente a carillas E.max en capas<\/a> resulta \u00fatil cuando un comprador tiene que decidir si debe dar prioridad a la repetibilidad o a una mayor libertad de caracterizaci\u00f3n.<\/p>\n\n\n\n<p class=\"wp-block-paragraph\">El error es preguntarse: \u201c\u00bfQu\u00e9 tipo de cer\u00e1mica es la mejor?\u201d.\u201d<\/p>\n\n\n\n<p class=\"wp-block-paragraph\">\u00bfPara qu\u00e9 es lo mejor?<\/p>\n\n\n\n<h2 class=\"wp-block-heading\">La especificaci\u00f3n de la textura de la superficie de la chapa es lo que distingue a las fundas de alta gama<\/h2>\n\n\n\n<p class=\"wp-block-paragraph\">La textura se suele considerar un simple detalle de acabado.<\/p>\n\n\n\n<p class=\"wp-block-paragraph\">No lo es.<\/p>\n\n\n\n<p class=\"wp-block-paragraph\">El esmalte natural est\u00e1 compuesto principalmente por hidroxiapatita, <strong>Ca\u2081\u2080(PO\u2084)\u2086(OH)\u2082<\/strong>, pero el observador no percibe un incisivo central como una f\u00f3rmula qu\u00edmica. El ojo ve la luz reflej\u00e1ndose en las convexidades, los l\u00f3bulos de desarrollo, las l\u00edneas de transici\u00f3n, las depresiones poco profundas, las facetas de desgaste y las zonas con distintos grados de brillo.<\/p>\n\n\n\n<p class=\"wp-block-paragraph\">Dos carillas pueden tener el mismo tono nominal y, aun as\u00ed, presentar un aspecto radicalmente diferente.<\/p>\n\n\n\n<p class=\"wp-block-paragraph\">Gu\u00eda de Artist Dental Lab sobre <a href=\"https:\/\/artistdentallab.com\/es\/surface-texture-in-veneers-matching-age-expression-and-personality\/\">textura de la superficie de la chapa que aporta antig\u00fcedad, expresividad y personalidad<\/a> explica por qu\u00e9 los \u00e1ngulos de las l\u00edneas, los l\u00f3bulos faciales, la microtextura y el brillo influyen en la percepci\u00f3n de la anchura, el brillo, la edad y la simetr\u00eda.<\/p>\n\n\n\n<h3 class=\"wp-block-heading\">No prescribas \u201ctextura media\u201d<\/h3>\n\n\n\n<p class=\"wp-block-paragraph\">Establecer zonas.<\/p>\n\n\n\n<p class=\"wp-block-paragraph\">Por ejemplo:<\/p>\n\n\n\n<p class=\"wp-block-paragraph\"><strong>Tercio cervical<\/strong><\/p>\n\n\n\n<ul class=\"wp-block-list\">\n<li>Aparici\u00f3n suave<\/li>\n\n\n\n<li>Microtextura horizontal m\u00ednima<\/li>\n\n\n\n<li>Brillo moderado<\/li>\n\n\n\n<li>Sin protuberancia cervical excesiva<\/li>\n<\/ul>\n\n\n\n<p class=\"wp-block-paragraph\"><strong>Tercio central<\/strong><\/p>\n\n\n\n<ul class=\"wp-block-list\">\n<li>L\u00f3bulos de desarrollo verticales blandos<\/li>\n\n\n\n<li>Zona reflectante central estrecha<\/li>\n\n\n\n<li>Las l\u00edneas de transici\u00f3n mesial y distal se sit\u00faan ligeramente por dentro del contorno m\u00e1ximo<\/li>\n\n\n\n<li>Microtextura de baja a moderada<\/li>\n<\/ul>\n\n\n\n<p class=\"wp-block-paragraph\"><strong>Tercio incisal<\/strong><\/p>\n\n\n\n<ul class=\"wp-block-list\">\n<li>Translucidez controlada<\/li>\n\n\n\n<li>Un halo sutil<\/li>\n\n\n\n<li>Irregularidad incisal atenuada<\/li>\n\n\n\n<li>Sin mamelones exagerados<\/li>\n\n\n\n<li>Reflejo superficial ligeramente interrumpido<\/li>\n<\/ul>\n\n\n\n<p class=\"wp-block-paragraph\">Ahora un ceramista tiene instrucciones.<\/p>\n\n\n\n<h3 class=\"wp-block-heading\">Los \u00e1ngulos de las l\u00edneas deben figurar en las especificaciones de compra<\/h3>\n\n\n\n<p class=\"wp-block-paragraph\">Este es uno de los controles menos utilizados en la odontolog\u00eda est\u00e9tica.<\/p>\n\n\n\n<p class=\"wp-block-paragraph\">Si desplazas las l\u00edneas de transici\u00f3n faciales hacia fuera, el diente parece m\u00e1s ancho.<\/p>\n\n\n\n<p class=\"wp-block-paragraph\">Si los desplazas hacia dentro, la misma dimensi\u00f3n mesiodistal puede parecer m\u00e1s estrecha.<\/p>\n\n\n\n<p class=\"wp-block-paragraph\">Esto significa que un paciente insatisfecho que diga \u201cestas carillas centrales parecen demasiado grandes\u201d quiz\u00e1 no necesite carillas m\u00e1s cortas o m\u00e1s estrechas. Es posible que, simplemente, el ancho de reflexi\u00f3n sea el incorrecto.<\/p>\n\n\n\n<p class=\"wp-block-paragraph\">Por lo tanto, la especificaci\u00f3n deber\u00eda definir tanto <strong>dimensiones f\u00edsicas y dimensiones \u00f3pticas<\/strong>.<\/p>\n\n\n\n<p class=\"wp-block-paragraph\">Ese es un lenguaje de compras mucho m\u00e1s sofisticado.<\/p>\n\n\n\n<figure class=\"wp-block-image size-large\"><img decoding=\"async\" width=\"1024\" height=\"683\" src=\"https:\/\/artistdentallab.com\/wp-content\/uploads\/2026\/08\/What-to-Include-in-a-Veneer-Purchase-Specification-for-Premium-Esthetic-Results-3-1024x683.jpg\" alt=\"Qu\u00e9 incluir en las especificaciones de compra de carillas para obtener resultados est\u00e9ticos de primera calidad\" class=\"wp-image-1660\" title=\"\" srcset=\"https:\/\/artistdentallab.com\/wp-content\/uploads\/2026\/08\/What-to-Include-in-a-Veneer-Purchase-Specification-for-Premium-Esthetic-Results-3-1024x683.jpg 1024w, https:\/\/artistdentallab.com\/wp-content\/uploads\/2026\/08\/What-to-Include-in-a-Veneer-Purchase-Specification-for-Premium-Esthetic-Results-3-300x200.jpg 300w, https:\/\/artistdentallab.com\/wp-content\/uploads\/2026\/08\/What-to-Include-in-a-Veneer-Purchase-Specification-for-Premium-Esthetic-Results-3-768x512.jpg 768w, https:\/\/artistdentallab.com\/wp-content\/uploads\/2026\/08\/What-to-Include-in-a-Veneer-Purchase-Specification-for-Premium-Esthetic-Results-3-18x12.jpg 18w, https:\/\/artistdentallab.com\/wp-content\/uploads\/2026\/08\/What-to-Include-in-a-Veneer-Purchase-Specification-for-Premium-Esthetic-Results-3-500x333.jpg 500w, https:\/\/artistdentallab.com\/wp-content\/uploads\/2026\/08\/What-to-Include-in-a-Veneer-Purchase-Specification-for-Premium-Esthetic-Results-3-600x400.jpg 600w, https:\/\/artistdentallab.com\/wp-content\/uploads\/2026\/08\/What-to-Include-in-a-Veneer-Purchase-Specification-for-Premium-Esthetic-Results-3.jpg 1536w\" sizes=\"(max-width: 1024px) 100vw, 1024px\" \/><\/figure>\n\n\n\n<h2 class=\"wp-block-heading\">La geometr\u00eda de la preparaci\u00f3n debe coincidir con la restauraci\u00f3n solicitada<\/h2>\n\n\n\n<p class=\"wp-block-paragraph\">Un laboratorio no puede fabricar una carilla fina, natural y con el contorno adecuado si la preparaci\u00f3n le proporciona una envolvente espacial incorrecta.<\/p>\n\n\n\n<p class=\"wp-block-paragraph\">Esto resulta especialmente evidente en la parte proximal.<\/p>\n\n\n\n<p class=\"wp-block-paragraph\">Gu\u00eda de Artist Dental Lab sobre <a href=\"https:\/\/artistdentallab.com\/es\/interproximal-extension-for-veneers-hiding-margins-without-overcontouring\/\">Extensi\u00f3n interproximal para carillas sin sobrecontorneado<\/a> explica por qu\u00e9 es necesario tener en cuenta de forma conjunta la posici\u00f3n de contacto, la demanda de enmascaramiento, el espacio cer\u00e1mico, la trayectoria de inserci\u00f3n y la preservaci\u00f3n del esmalte.<\/p>\n\n\n\n<p class=\"wp-block-paragraph\">Por lo tanto, el comprador debe comunicar:<\/p>\n\n\n\n<ul class=\"wp-block-list\">\n<li>Si se mantienen los contactos<\/li>\n\n\n\n<li>Si los contactos deben desplazarse<\/li>\n\n\n\n<li>Si se est\u00e1n cerrando los diastemas<\/li>\n\n\n\n<li>Si el ancho de los dientes est\u00e1 cambiando<\/li>\n\n\n\n<li>Donde terminan los m\u00e1rgenes proximales<\/li>\n\n\n\n<li>Si es necesario enmascarar el sustrato oscuro<\/li>\n\n\n\n<li>Cuando la preparaci\u00f3n se limita al esmalte<\/li>\n\n\n\n<li>Si existen restricciones en la ruta de inserci\u00f3n<\/li>\n<\/ul>\n\n\n\n<p class=\"wp-block-paragraph\">Y cuando los dientes ya sobresalen hacia delante, el problema se complica a\u00fan m\u00e1s.<\/p>\n\n\n\n<p class=\"wp-block-paragraph\">El an\u00e1lisis que realiza la web de <a href=\"https:\/\/artistdentallab.com\/es\/veneer-preparation-for-protrusive-teeth-managing-profile-and-lip-support\/\">Preparaci\u00f3n de carillas para dientes protrusivos y soporte labial<\/a> aborda correctamente el volumen facial como una cuesti\u00f3n tridimensional, en lugar de recomendar autom\u00e1ticamente m\u00e1s cer\u00e1mica.<\/p>\n\n\n\n<p class=\"wp-block-paragraph\">El hecho de ser delgado no implica autom\u00e1ticamente ser conservador.<\/p>\n\n\n\n<p class=\"wp-block-paragraph\">A veces, a\u00f1adir 0,5 mm en el lugar equivocado es precisamente lo que hace que una carilla, que por lo dem\u00e1s ser\u00eda precisa, parezca artificial.<\/p>\n\n\n\n<h2 class=\"wp-block-heading\">Las fotograf\u00edas forman parte del pliego de condiciones, no son un elemento decorativo<\/h2>\n\n\n\n<p class=\"wp-block-paragraph\">Rechazar\u00eda la idea de que un caso anterior de alta calidad pueda prescribirse adecuadamente a partir de un archivo STL y un \u00fanico c\u00f3digo de color.<\/p>\n\n\n\n<p class=\"wp-block-paragraph\">Un escaneo reproduce la geometr\u00eda con gran precisi\u00f3n.<\/p>\n\n\n\n<p class=\"wp-block-paragraph\">No capta todo el rostro.<\/p>\n\n\n\n<p class=\"wp-block-paragraph\">Para la versi\u00f3n premium <strong>Especificaciones de las carillas est\u00e9ticas<\/strong>, necesitar\u00eda:<\/p>\n\n\n\n<ul class=\"wp-block-list\">\n<li>Fotograf\u00eda de rostro completo en reposo<\/li>\n\n\n\n<li>Fotograf\u00eda de una sonrisa natural y completa<\/li>\n\n\n\n<li>Fotograf\u00eda con la mejor sonrisa<\/li>\n\n\n\n<li>Vista frontal con el cap\u00f3 retra\u00eddo<\/li>\n\n\n\n<li>Vistas oblicuas con retracci\u00f3n a la derecha y a la izquierda<\/li>\n\n\n\n<li>Vista de perfil<\/li>\n\n\n\n<li>Vistas faciales a 45 grados<\/li>\n\n\n\n<li>Fotograf\u00eda de la pesta\u00f1a \u00abSombra\u00bb<\/li>\n\n\n\n<li>Fotograf\u00edas individuales de la sombra de un toc\u00f3n<\/li>\n\n\n\n<li>Fotograf\u00eda de primer plano con luz reflejada<\/li>\n\n\n\n<li>Imagen con polarizaci\u00f3n cruzada, cuando est\u00e9 disponible<\/li>\n\n\n\n<li>Maqueta aprobada o fotograf\u00edas provisionales<\/li>\n\n\n\n<li>STL provisional aprobado<\/li>\n\n\n\n<li>Breve v\u00eddeo sobre la sonrisa y el habla naturales para casos complejos<\/li>\n<\/ul>\n\n\n\n<p class=\"wp-block-paragraph\">\u00bfPor qu\u00e9 tanto?<\/p>\n\n\n\n<p class=\"wp-block-paragraph\">Porque un t\u00e9cnico que eval\u00fae \u00fanicamente un escaneo intraoral no puede apreciar la movilidad de los labios, las relaciones de la l\u00ednea media facial, la din\u00e1mica de la sonrisa ni si un borde incisal que parece correcto en el modelo digital desaparece cuando el paciente habla.<\/p>\n\n\n\n<p class=\"wp-block-paragraph\">El art\u00edculo sobre <a href=\"https:\/\/artistdentallab.com\/es\/what-veneer-case-photos-reveal-about-a-labs-true-esthetic-skill\/\">Lo que revelan las fotos de casos de carillas sobre la verdadera destreza est\u00e9tica de un laboratorio<\/a> reafirma lo mismo: la sombra del mu\u00f1\u00f3n, la distribuci\u00f3n de los valores, la translucidez, el brillo, la longitud de las muescas, los \u00e1ngulos de las l\u00edneas y la forma provisional aprobada forman parte del conjunto de informaci\u00f3n.<\/p>\n\n\n\n<h2 class=\"wp-block-heading\">La referencia provisional aprobada deber\u00eda convertirse en una referencia controlada<\/h2>\n\n\n\n<p class=\"wp-block-paragraph\">Es aqu\u00ed donde muchos casos pierden informaci\u00f3n sin que nadie se d\u00e9 cuenta.<\/p>\n\n\n\n<p class=\"wp-block-paragraph\">El paciente da su visto bueno a las pr\u00f3tesis provisionales.<\/p>\n\n\n\n<p class=\"wp-block-paragraph\">Todo el mundo lo celebra.<\/p>\n\n\n\n<p class=\"wp-block-paragraph\">Entonces, el laboratorio recibe las muestras sin una explicaci\u00f3n clara de qu\u00e9 es exactamente lo que le gustaba al paciente.<\/p>\n\n\n\n<p class=\"wp-block-paragraph\">Eso supone desperdiciar una de las mejores pruebas de todo el proceso.<\/p>\n\n\n\n<p class=\"wp-block-paragraph\">Indica si el laboratorio debe:<\/p>\n\n\n\n<ul class=\"wp-block-list\">\n<li>Copiar exactamente la longitud provisional<\/li>\n\n\n\n<li>Copiar el contorno facial con exactitud<\/li>\n\n\n\n<li>Mantener el dominio central<\/li>\n\n\n\n<li>Copiar la posici\u00f3n incisal, pero refinar la textura<\/li>\n\n\n\n<li>Mantener la progresi\u00f3n de la abertura<\/li>\n\n\n\n<li>Reducir el predominio de los incisivos laterales<\/li>\n\n\n\n<li>Modificar el contorno cervical<\/li>\n\n\n\n<li>Ignorar el tono provisional<\/li>\n\n\n\n<li>Mantener o modificar los \u00e1ngulos de las l\u00edneas<\/li>\n<\/ul>\n\n\n\n<p class=\"wp-block-paragraph\">Y documenta lo que el paciente <strong>no lo hizo<\/strong> por ejemplo.<\/p>\n\n\n\n<p class=\"wp-block-paragraph\">\u201cEl paciente est\u00e1 de acuerdo con la longitud, pero quiere que los \u00e1ngulos de las l\u00edneas sean m\u00e1s suaves y que los incisivos laterales sean menos prominentes\u201d resulta mucho m\u00e1s \u00fatil que \u201ccopia provisional\u201d.\u201d<\/p>\n\n\n\n<h2 class=\"wp-block-heading\">Incluir los criterios de aceptaci\u00f3n en la orden de compra<\/h2>\n\n\n\n<p class=\"wp-block-paragraph\">Esta es la parte que los equipos de compras comprenden de inmediato.<\/p>\n\n\n\n<p class=\"wp-block-paragraph\">Una especificaci\u00f3n de restauraci\u00f3n de alta calidad requiere condiciones de aceptaci\u00f3n cuantificables.<\/p>\n\n\n\n<p class=\"wp-block-paragraph\">De lo contrario, \u201cpremium\u201d se convierte en un adjetivo de marketing.<\/p>\n\n\n\n<h3 class=\"wp-block-heading\">Los criterios de control de calidad est\u00e9tico podr\u00edan incluir<\/h3>\n\n\n\n<ul class=\"wp-block-list\">\n<li>N\u00fameros correctos de los dientes<\/li>\n\n\n\n<li>Dimensiones definitivas aprobadas<\/li>\n\n\n\n<li>Material y clase de translucidez correctos<\/li>\n\n\n\n<li>Tono dentro del objetivo cl\u00ednico acordado<\/li>\n\n\n\n<li>Sombras de toc\u00f3n consideradas individualmente<\/li>\n\n\n\n<li>Se mantiene la orientaci\u00f3n en la l\u00ednea media<\/li>\n\n\n\n<li>Posici\u00f3n del borde incisal ajustada al dise\u00f1o aprobado<\/li>\n\n\n\n<li>Se mantiene el dominio central<\/li>\n\n\n\n<li>Se han reproducido las posiciones definidas de las l\u00edneas y los \u00e1ngulos<\/li>\n\n\n\n<li>Se ha verificado la direcci\u00f3n de contacto<\/li>\n\n\n\n<li>Textura superficial acorde con la de referencia<\/li>\n\n\n\n<li>El brillo no es uniforme ni especular, salvo que se solicite expresamente<\/li>\n\n\n\n<li>Efectos internos dentro de la intensidad acordada<\/li>\n\n\n\n<li>Sin volumen excesivo en la zona cervical o proximal<\/li>\n\n\n\n<li>Los m\u00e1rgenes y los contornos proximales son visualmente aceptables<\/li>\n\n\n\n<li>Las unidades contralaterales no son, como es l\u00f3gico, id\u00e9nticas<\/li>\n<\/ul>\n\n\n\n<p class=\"wp-block-paragraph\">Yo tambi\u00e9n identificar\u00eda un <strong>jerarqu\u00eda de aprobaci\u00f3n<\/strong>.<\/p>\n\n\n\n<p class=\"wp-block-paragraph\">Por ejemplo:<\/p>\n\n\n\n<ol class=\"wp-block-list\">\n<li>Dimensiones provisionales aprobadas<\/li>\n\n\n\n<li>Receta m\u00e9dica por escrito<\/li>\n\n\n\n<li>Fotograf\u00edas marcadas por el m\u00e9dico<\/li>\n\n\n\n<li>Anatom\u00eda preoperatoria<\/li>\n\n\n\n<li>Interpretaci\u00f3n del t\u00e9cnico<\/li>\n<\/ol>\n\n\n\n<p class=\"wp-block-paragraph\">\u00bfPor qu\u00e9?<\/p>\n\n\n\n<p class=\"wp-block-paragraph\">Porque a veces los registros no coinciden.<\/p>\n\n\n\n<p class=\"wp-block-paragraph\">Es posible que en la imagen escaneada se vea una longitud. La foto provisional muestra otra. La receta escrita indica \u201ca\u00f1adir 0,5 mm\u201d.\u201d<\/p>\n\n\n\n<p class=\"wp-block-paragraph\">\u00bfCu\u00e1l gana?<\/p>\n\n\n\n<p class=\"wp-block-paragraph\">Si esa decisi\u00f3n no se define antes de la fabricaci\u00f3n, se tomar\u00e1 en alg\u00fan momento en la planta de producci\u00f3n.<\/p>\n\n\n\n<h2 class=\"wp-block-heading\">Especificaciones para la compra de chapas listas para el copiado<\/h2>\n\n\n\n<p class=\"wp-block-paragraph\">En el caso de una caja premium de seis unidades, una especificaci\u00f3n pr\u00e1ctica podr\u00eda ser la siguiente:<\/p>\n\n\n\n<h3 class=\"wp-block-heading\">Objetivo del caso<\/h3>\n\n\n\n<p class=\"wp-block-paragraph\">Dientes #6\u2013#11. Crea una sonrisa natural y de gran calidad, conservando la profundidad visible y evitando un blanqueamiento opaco y uniforme. Mant\u00e9n el protagonismo de los incisivos centrales y una ligera asimetr\u00eda natural entre los incisivos laterales.<\/p>\n\n\n\n<h3 class=\"wp-block-heading\">Material<\/h3>\n\n\n\n<p class=\"wp-block-paragraph\">Disilicato de litio en capas, sujeto a confirmaci\u00f3n en laboratorio tras la revisi\u00f3n del grosor de la preparaci\u00f3n y los tonos del mu\u00f1\u00f3n.<\/p>\n\n\n\n<h3 class=\"wp-block-heading\">Tono final<\/h3>\n\n\n\n<p class=\"wp-block-paragraph\">Objetivo: equivalente al VITA 3D-Master 1M2.<\/p>\n\n\n\n<p class=\"wp-block-paragraph\">Prioridad de valor: alta, pero sin llegar a ser opaca como la lej\u00eda.<\/p>\n\n\n\n<p class=\"wp-block-paragraph\">Tercio cervical: cromaticidad ligeramente superior a la del tercio medio.<\/p>\n\n\n\n<p class=\"wp-block-paragraph\">Tercio incisal: translucidez controlada con un sutil efecto opalescente.<\/p>\n\n\n\n<h3 class=\"wp-block-heading\">Sombra del toc\u00f3n<\/h3>\n\n\n\n<p class=\"wp-block-paragraph\">Registra por separado los datos correspondientes a #6, #7, #8, #9, #10 y #11, con fotograf\u00edas calibradas y el sistema de sombreado de tocones identificado.<\/p>\n\n\n\n<h3 class=\"wp-block-heading\">Dimensiones<\/h3>\n\n\n\n<p class=\"wp-block-paragraph\">Copiar la posici\u00f3n provisional aprobada del borde incisal.<\/p>\n\n\n\n<p class=\"wp-block-paragraph\">Mantener el predominio de los incisivos centrales.<\/p>\n\n\n\n<p class=\"wp-block-paragraph\">No aumentes la prominencia facial.<\/p>\n\n\n\n<p class=\"wp-block-paragraph\">Ajusta ligeramente hacia dentro las l\u00edneas de transici\u00f3n distales de #8 y #9 para reducir la anchura aparente.<\/p>\n\n\n\n<h3 class=\"wp-block-heading\">Superficie<\/h3>\n\n\n\n<p class=\"wp-block-paragraph\">Anatom\u00eda del desarrollo de los tejidos blandos verticales.<\/p>\n\n\n\n<p class=\"wp-block-paragraph\">Microtextura de baja a moderada.<\/p>\n\n\n\n<p class=\"wp-block-paragraph\">Solo se observan perikimatas cervicales poco marcados.<\/p>\n\n\n\n<p class=\"wp-block-paragraph\">Brillo facial moderado y selectivo.<\/p>\n\n\n\n<p class=\"wp-block-paragraph\">No presenta un aspecto uniforme pulido a espejo.<\/p>\n\n\n\n<h3 class=\"wp-block-heading\">Car\u00e1cter incisal<\/h3>\n\n\n\n<p class=\"wp-block-paragraph\">Un halo sutil.<\/p>\n\n\n\n<p class=\"wp-block-paragraph\">Baja intensidad del mamel\u00f3n.<\/p>\n\n\n\n<p class=\"wp-block-paragraph\">No presenta una translucidez azul gris\u00e1cea intensa.<\/p>\n\n\n\n<p class=\"wp-block-paragraph\">Se admite la asimetr\u00eda natural.<\/p>\n\n\n\n<h3 class=\"wp-block-heading\">Documentaci\u00f3n facilitada<\/h3>\n\n\n\n<p class=\"wp-block-paragraph\">STL preoperatorio, STL de preparaci\u00f3n, arco opuesto, oclusi\u00f3n verificada, fotograf\u00edas de rostro completo, fotograf\u00edas de la sonrisa, fotograf\u00edas con retracci\u00f3n, registros de la tabla de colores, colores individuales de los mu\u00f1ones, STL provisional aprobado y fotograf\u00edas del provisional.<\/p>\n\n\n\n<h3 class=\"wp-block-heading\">Normas de aprobaci\u00f3n<\/h3>\n\n\n\n<p class=\"wp-block-paragraph\">No modifique la longitud incisal final, la l\u00ednea media ni la anchura de los incisivos centrales sin la autorizaci\u00f3n del odont\u00f3logo.<\/p>\n\n\n\n<p class=\"wp-block-paragraph\">El t\u00e9cnico podr\u00e1 realizar peque\u00f1os ajustes en la textura y la caracterizaci\u00f3n interna, siempre que se respete la orientaci\u00f3n est\u00e9tica establecida.<\/p>\n\n\n\n<p class=\"wp-block-paragraph\">Eso es un <strong>La mejor prescripci\u00f3n de un laboratorio de carillas para obtener resultados est\u00e9ticos<\/strong> porque el t\u00e9cnico puede tomar medidas al respecto.<\/p>\n\n\n\n<h2 class=\"wp-block-heading\">Preguntas frecuentes<\/h2>\n\n\n\n<h3 class=\"wp-block-heading\">\u00bfQu\u00e9 debe incluirse en una prescripci\u00f3n de laboratorio para carillas?<\/h3>\n\n\n\n<p class=\"wp-block-paragraph\">Una prescripci\u00f3n para un laboratorio de carillas es una especificaci\u00f3n completa de fabricaci\u00f3n que debe identificar el objetivo cl\u00ednico, el color final y la distribuci\u00f3n de valores, los colores individuales de los mu\u00f1ones, el material cer\u00e1mico, el grosor, la translucidez, las dimensiones de los dientes, los \u00e1ngulos de l\u00ednea, los contactos, la textura de la superficie, el brillo, la caracterizaci\u00f3n incisal, las referencias fotogr\u00e1ficas, el dise\u00f1o provisional aprobado, las consideraciones relativas al cemento y la jerarqu\u00eda que se aplicar\u00e1 en caso de discrepancias en los registros cl\u00ednicos.<\/p>\n\n\n\n<p class=\"wp-block-paragraph\">Cuanto m\u00e1s complejo es el caso est\u00e9tico, menos \u00fatiles resultan las instrucciones imprecisas. Para los trabajos en la zona anterior de alta calidad, el laboratorio debe saber no solo cu\u00e1les deben ser las medidas de los dientes, sino tambi\u00e9n c\u00f3mo deben reflejar la luz y qu\u00e9 aspectos del dise\u00f1o ya han sido aprobados por el paciente.<\/p>\n\n\n\n<h3 class=\"wp-block-heading\">\u00bfC\u00f3mo se redacta una prescripci\u00f3n de carillas de porcelana para obtener resultados est\u00e9ticos \u00f3ptimos?<\/h3>\n\n\n\n<p class=\"wp-block-paragraph\">Una prescripci\u00f3n de carillas de porcelana de alta gama es un pliego de condiciones de fabricaci\u00f3n estructurado que traduce el objetivo est\u00e9tico aprobado para el paciente en instrucciones espec\u00edficas relativas al valor, el croma, el tono, el enmascaramiento del sustrato, el tipo de cer\u00e1mica, el grosor, la translucidez, la morfolog\u00eda, la textura superficial, el brillo, los efectos incisales, los contactos, los \u00e1ngulos de las l\u00edneas, las fotograf\u00edas, los escaneos digitales y los criterios de aceptaci\u00f3n, antes de que comience la fabricaci\u00f3n en el laboratorio.<\/p>\n\n\n\n<p class=\"wp-block-paragraph\">Empieza por el resultado cl\u00ednico deseado, en lugar de por el nombre del material. A continuaci\u00f3n, define la documentaci\u00f3n que respalda ese objetivo: registros del color del mu\u00f1\u00f3n, fotograf\u00edas calibradas del color, maqueta aprobada, fotograf\u00edas faciales, archivos STL y l\u00edmites por escrito a la interpretaci\u00f3n del t\u00e9cnico.<\/p>\n\n\n\n<h3 class=\"wp-block-heading\">\u00bfQu\u00e9 informaci\u00f3n se necesita para especificar el color de las carillas?<\/h3>\n\n\n\n<p class=\"wp-block-paragraph\">La especificaci\u00f3n del color de una carilla es un registro \u00f3ptico que debe documentar el sistema de colores utilizado, el valor cervical, medio e incisal, la distribuci\u00f3n del croma, el tono, los colores individuales del mu\u00f1\u00f3n, la translucidez, los requisitos de enmascaramiento, el espesor de la cer\u00e1mica, las fotograf\u00edas de las pastillas de color, las condiciones de iluminaci\u00f3n y la estrategia prevista de cementaci\u00f3n con resina, en lugar de referirse a la restauraci\u00f3n con un \u00fanico c\u00f3digo, como A1 o BL2.<\/p>\n\n\n\n<p class=\"wp-block-paragraph\">En el caso de las carillas finas, el diente preparado y el cemento pasan a formar parte del sistema \u00f3ptico visible. Por eso, dos preparaciones que vayan a recibir el mismo color final pueden requerir diferentes niveles de opacidad de la cer\u00e1mica o estrategias de estratificaci\u00f3n.<\/p>\n\n\n\n<h3 class=\"wp-block-heading\">\u00bfCu\u00e1l es el mejor material para carillas si se busca una est\u00e9tica de primera calidad?<\/h3>\n\n\n\n<p class=\"wp-block-paragraph\">El mejor material para carillas es el sistema cer\u00e1mico, que ofrece el equilibrio necesario entre enmascaramiento del sustrato, translucidez, resistencia, grosor disponible, caracter\u00edsticas superficiales y control en laboratorio para cada caso concreto; tanto la porcelana feldesp\u00e1tica como el disilicato de litio pueden ofrecer excelentes resultados est\u00e9ticos, mientras que la circonia puede ser la opci\u00f3n elegida cuando priman otros requisitos mec\u00e1nicos o de enmascaramiento.<\/p>\n\n\n\n<p class=\"wp-block-paragraph\">Existen s\u00f3lidos datos a largo plazo que avalan los sistemas de carillas cer\u00e1micas ya consolidados. Un metaan\u00e1lisis reciente ha revelado una supervivencia combinada de aproximadamente el 96,13% para las carillas de feldespato y del 96,81% para las de disilicato de litio a los 10,4 a\u00f1os aproximadamente, lo que refuerza la idea de que la selecci\u00f3n de los casos y el dise\u00f1o son tan importantes como la elecci\u00f3n del material.<\/p>\n\n\n\n<h3 class=\"wp-block-heading\">\u00bfC\u00f3mo se debe especificar la textura de la superficie de las carillas al laboratorio dental?<\/h3>\n\n\n\n<p class=\"wp-block-paragraph\">La especificaci\u00f3n de la textura superficial de una carilla consiste en una descripci\u00f3n zona por zona del contorno facial, los l\u00f3bulos de desarrollo, las l\u00edneas de transici\u00f3n, la microtextura, los pericimatos, los detalles incisales y la distribuci\u00f3n del brillo, que indica al t\u00e9cnico c\u00f3mo debe reflejar la luz la cer\u00e1mica e integrarse visualmente con los dientes adyacentes del paciente, el dise\u00f1o de sonrisa aprobado, el patr\u00f3n de desgaste relacionado con la edad y el aspecto facial general.<\/p>\n\n\n\n<p class=\"wp-block-paragraph\">Evita utilizar t\u00e9rminos como \u201cnatural\u201d, \u201cjoven\u201d o \u201ctextura media\u201d sin aportar referencias. Una fotograf\u00eda en la que se aprecie el reflejo direccional, un modelo provisional aprobado e instrucciones expl\u00edcitas sobre la textura cervical, media e incisal son mucho m\u00e1s f\u00e1ciles de reproducir.<\/p>\n\n\n\n<h3 class=\"wp-block-heading\">\u00bfQu\u00e9 fotograf\u00edas hay que enviar junto con la receta para el laboratorio de carillas?<\/h3>\n\n\n\n<p class=\"wp-block-paragraph\">Un conjunto fotogr\u00e1fico de alta calidad para carillas es un registro visual estandarizado que contiene im\u00e1genes de cara completa, sonrisa natural, sonrisa m\u00e1xima, frontal con retracci\u00f3n, oblicua con retracci\u00f3n, de perfil, a 45 grados, con tabla de colores, el color individual del mu\u00f1\u00f3n y un primer plano de la superficie, complementado, cuando sea posible, con im\u00e1genes polarizadas cruzadas, un registro de la maqueta o del provisional aprobado y un breve v\u00eddeo de la sonrisa o del habla para casos anteriores complejos.<\/p>\n\n\n\n<p class=\"wp-block-paragraph\">El t\u00e9cnico utiliza diferentes fotograf\u00edas para tomar distintas decisiones. Las im\u00e1genes en retracci\u00f3n muestran las relaciones dentales, las im\u00e1genes faciales revelan la integraci\u00f3n con el paciente, las im\u00e1genes de color sirven de apoyo para la cartograf\u00eda \u00f3ptica y las fotograf\u00edas con luz direccional ponen de manifiesto los \u00e1ngulos de las l\u00edneas y la textura de las superficies que la iluminaci\u00f3n plana puede ocultar.<\/p>\n\n\n\n<h3 class=\"wp-block-heading\">\u00bfPor qu\u00e9 las carillas, aunque tengan el tono adecuado, pueden seguir pareciendo artificiales?<\/h3>\n\n\n\n<p class=\"wp-block-paragraph\">Las carillas con un color adecuado pueden seguir pareciendo artificiales cuando su valor, convexidad facial, anchura de reflexi\u00f3n, \u00e1ngulos de las l\u00edneas, textura, translucidez, caracterizaci\u00f3n incisal o distribuci\u00f3n del brillo no coinciden con la dentici\u00f3n circundante, ya que el ojo humano interpreta el patr\u00f3n completo de la luz reflejada y transmitida, en lugar de evaluar una restauraci\u00f3n \u00fanicamente en funci\u00f3n de la designaci\u00f3n de color VITA impresa en ella.<\/p>\n\n\n\n<p class=\"wp-block-paragraph\">Por eso, muchos de los supuestos \u201cproblemas de color\u201d son, en realidad, problemas de contorno o de reflejo. Antes de solicitar una nueva fabricaci\u00f3n en otro tono, eval\u00faa el valor del tercio medio, la proyecci\u00f3n facial, la posici\u00f3n de la l\u00ednea de transici\u00f3n, el brillo de la superficie y la translucidez incisal.<\/p>\n\n\n\n<h2 class=\"wp-block-heading\">Env\u00eda unas especificaciones que el laboratorio pueda fabricar realmente<\/h2>\n\n\n\n<p class=\"wp-block-paragraph\">Si el estuche se comercializa como \u00abpremium\u00bb, ind\u00edcalo como \u00abpremium\u00bb.<\/p>\n\n\n\n<p class=\"wp-block-paragraph\">No env\u00edes solo \u201cA1, natural\u201d.\u201d<\/p>\n\n\n\n<p class=\"wp-block-paragraph\">Env\u00eda el objetivo final. Env\u00eda las sombras del mu\u00f1\u00f3n. Env\u00eda el mapa de valores. Define la estrategia cer\u00e1mica. Define la superficie. Marca los \u00e1ngulos de las l\u00edneas. Escanea el provisional aprobado. Facilita las fotograf\u00edas faciales. Indica qu\u00e9 puede modificar el t\u00e9cnico y qu\u00e9 requiere aprobaci\u00f3n.<\/p>\n\n\n\n<p class=\"wp-block-paragraph\">Y haz que los criterios de aceptaci\u00f3n sean visibles antes de que comience la fabricaci\u00f3n.<\/p>\n\n\n\n<p class=\"wp-block-paragraph\">Las cl\u00ednicas, los laboratorios dentales y los equipos de abastecimiento que tengan previsto tratar casos complejos en la zona anterior pueden enviarnos sus archivos STL, fotograf\u00edas, registros del color del mu\u00f1\u00f3n, dise\u00f1o provisional y <strong>Receta del laboratorio de carillas<\/strong> a trav\u00e9s de la <a href=\"https:\/\/artistdentallab.com\/es\/contact\/\">P\u00e1gina de contacto y casos de prueba de Artist Dental Lab<\/a> para la revisi\u00f3n t\u00e9cnica, el an\u00e1lisis de los materiales y la planificaci\u00f3n de los casos.<\/p>\n\n\n\n<p class=\"wp-block-paragraph\">La porcelana de primera calidad no deber\u00eda estar sujeta a interpretaciones.<\/p>\n\n\n\n<p class=\"wp-block-paragraph\">Deber\u00eda empezar con una especificaci\u00f3n.<\/p>\n\n\n\n<p class=\"wp-block-paragraph\"><\/p>","protected":false},"excerpt":{"rendered":"<p>Las carillas de alta gama no se solicitan indicando un c\u00f3digo de color y un n\u00famero de diente. Una especificaci\u00f3n de compra de carillas bien fundamentada define el objetivo \u00f3ptico, el sustrato, el sistema cer\u00e1mico, las dimensiones, la textura, el brillo, las referencias fotogr\u00e1ficas, el dise\u00f1o provisional y los criterios de aceptaci\u00f3n antes de que el laboratorio comience la fabricaci\u00f3n.<\/p>","protected":false},"author":1,"featured_media":1658,"comment_status":"open","ping_status":"open","sticky":false,"template":"","format":"standard","meta":{"footnotes":""},"categories":[1],"tags":[651,252,653,650,612,244,652,579],"class_list":["post-1657","post","type-post","status-publish","format-standard","has-post-thumbnail","hentry","category-buyer-guides","tag-dental-lab-prescription","tag-dental-veneers","tag-esthetic-veneer-specifications","tag-porcelain-veneer-prescription","tag-veneer-lab-prescription","tag-veneer-material-selection","tag-veneer-shade-specification","tag-veneer-surface-texture"],"blocksy_meta":{"styles_descriptor":{"styles":{"desktop":"","tablet":"","mobile":""},"google_fonts":[],"version":7}},"_links":{"self":[{"href":"https:\/\/artistdentallab.com\/es\/wp-json\/wp\/v2\/posts\/1657","targetHints":{"allow":["GET"]}}],"collection":[{"href":"https:\/\/artistdentallab.com\/es\/wp-json\/wp\/v2\/posts"}],"about":[{"href":"https:\/\/artistdentallab.com\/es\/wp-json\/wp\/v2\/types\/post"}],"author":[{"embeddable":true,"href":"https:\/\/artistdentallab.com\/es\/wp-json\/wp\/v2\/users\/1"}],"replies":[{"embeddable":true,"href":"https:\/\/artistdentallab.com\/es\/wp-json\/wp\/v2\/comments?post=1657"}],"version-history":[{"count":1,"href":"https:\/\/artistdentallab.com\/es\/wp-json\/wp\/v2\/posts\/1657\/revisions"}],"predecessor-version":[{"id":1661,"href":"https:\/\/artistdentallab.com\/es\/wp-json\/wp\/v2\/posts\/1657\/revisions\/1661"}],"wp:featuredmedia":[{"embeddable":true,"href":"https:\/\/artistdentallab.com\/es\/wp-json\/wp\/v2\/media\/1658"}],"wp:attachment":[{"href":"https:\/\/artistdentallab.com\/es\/wp-json\/wp\/v2\/media?parent=1657"}],"wp:term":[{"taxonomy":"category","embeddable":true,"href":"https:\/\/artistdentallab.com\/es\/wp-json\/wp\/v2\/categories?post=1657"},{"taxonomy":"post_tag","embeddable":true,"href":"https:\/\/artistdentallab.com\/es\/wp-json\/wp\/v2\/tags?post=1657"}],"curies":[{"name":"wp","href":"https:\/\/api.w.org\/{rel}","templated":true}]}}