{"id":1513,"date":"2026-07-10T07:06:37","date_gmt":"2026-07-10T07:06:37","guid":{"rendered":"https:\/\/artistdentallab.com\/"},"modified":"2026-07-10T07:16:00","modified_gmt":"2026-07-10T07:16:00","slug":"%e8%87%aa%e5%8a%a8%e8%8d%89%e7%a8%bf","status":"publish","type":"post","link":"https:\/\/artistdentallab.com\/fr\/%e8%87%aa%e5%8a%a8%e8%8d%89%e7%a8%bf\/","title":{"rendered":"Quels sont les \u00e9l\u00e9ments \u00e0 prendre en compte lors de l'ajustement de la dimension verticale dans les cas d'esth\u00e9tique bucco-dentaire compl\u00e8te ?"},"content":{"rendered":"<p class=\"wp-block-paragraph\">L'espace change tout.<\/p>\n\n\n\n<p class=\"wp-block-paragraph\">Lorsque nous augmentons la dimension verticale occlusale dans le cadre d'un traitement esth\u00e9tique complet, nous ne nous contentons pas de cr\u00e9er de l'espace pour la c\u00e9ramique ; nous modifions les relations entre le maxillaire, la mandibule, les l\u00e8vres, les incisives, les muscles, les articulations, la fa\u00e7on de parler, les contacts occlusaux et la perception qu'a le patient de son propre visage.<\/p>\n\n\n\n<p class=\"wp-block-paragraph\">Mais qu'est-ce que ces quelques millim\u00e8tres suppl\u00e9mentaires apportent r\u00e9ellement ?<\/p>\n\n\n\n<p class=\"wp-block-paragraph\">Que l'\u00e9quipe parle d'ajustement de la dimension verticale occlusale, d'augmentation de la dimension verticale occlusale ou de rehaussement de l'occlusion en prosthodontie, la biologie ne se soucie gu\u00e8re de la terminologie utilis\u00e9e.<\/p>\n\n\n\n<p class=\"wp-block-paragraph\">Ma r\u00e9ponse, sans d\u00e9tours, est la suivante : une augmentation de l\u2019OVD ne se justifie que lorsque l\u2019espace suppl\u00e9mentaire permet de r\u00e9soudre un probl\u00e8me restaurateur ou esth\u00e9tique av\u00e9r\u00e9 de mani\u00e8re plus pr\u00e9visible que les autres options. L\u2019usure dentaire en soi ne prouve pas que le patient ait \u201c perdu son occlusion \u201d. La compensation dento-alv\u00e9olaire peut pr\u00e9server la hauteur faciale m\u00eame lorsque l\u2019\u00e9mail et la dentine ont \u00e9t\u00e9 fortement us\u00e9s. Consid\u00e9rer toute dentition us\u00e9e comme une dentition effondr\u00e9e constitue un raccourci diagnostique co\u00fbteux.<\/p>\n\n\n\n<h2 class=\"wp-block-heading\">Commencez par le probl\u00e8me, pas par le chiffre<\/h2>\n\n\n\n<p class=\"wp-block-paragraph\">La premi\u00e8re d\u00e9cision \u00e0 prendre n'est pas de savoir si l'OVD doit \u00eatre augment\u00e9 de 2 mm, 3 mm ou 5 mm. La premi\u00e8re d\u00e9cision \u00e0 prendre est de d\u00e9terminer s'il est n\u00e9cessaire de proc\u00e9der \u00e0 une augmentation.<\/p>\n\n\n\n<p class=\"wp-block-paragraph\">Je classerais ces raisons en quatre cat\u00e9gories :<\/p>\n\n\n\n<ul class=\"wp-block-list\">\n<li><strong>Espace de ressourcement :<\/strong> espace libre insuffisant pour les restaurations avec additifs, les recouvrements, les couronnes ou l'\u00e9paisseur de mat\u00e9riau pr\u00e9vue.<\/li>\n\n\n\n<li><strong>Correction esth\u00e9tique :<\/strong> une exposition insuffisante des incisives, des couronnes cliniques courtes, des proportions dentaires d\u00e9favorables ou un design de sourire qui ne peut \u00eatre obtenu de mani\u00e8re conservatrice compte tenu de la position actuelle des dents.<\/li>\n\n\n\n<li><strong>Refonte fonctionnelle :<\/strong> perte du guidage ant\u00e9rieur, contacts post\u00e9rieurs instables, fermeture excessive ou sch\u00e9ma occlusal ne pouvant \u00eatre r\u00e9tabli sans modifier la relation verticale.<\/li>\n\n\n\n<li><strong>Conservation biologique :<\/strong> une avanc\u00e9e qui permet de recourir davantage \u00e0 la dentisterie additive et de limiter les pr\u00e9parations trop agressives sur des dents d\u00e9j\u00e0 fragilis\u00e9es.<\/li>\n<\/ul>\n\n\n\n<p class=\"wp-block-paragraph\">La dure r\u00e9alit\u00e9 ? \u201c Le patient semble pr\u00e9senter une fermeture excessive \u201d n\u2019est pas un diagnostic.<\/p>\n\n\n\n<p class=\"wp-block-paragraph\">A <a href=\"https:\/\/pubmed.ncbi.nlm.nih.gov\/39931975\/\" rel=\"nofollow noopener\" target=\"_blank\">D\u00e9claration commune de 2025 sur l'usure dentaire<\/a> a soutenu une planification personnalis\u00e9e et peu invasive, avec des restaurations directes ou indirectes choisies en fonction de la perte de substance dentaire et des objectifs th\u00e9rapeutiques ; elle a \u00e9galement jug\u00e9 non concluantes les donn\u00e9es justifiant une phase d'\u00e9valuation obligatoire.<\/p>\n\n\n\n<p class=\"wp-block-paragraph\">Les photographies du visage, la mobilit\u00e9 des l\u00e8vres, l\u2019expression au repos, le sourire complet, le profil, les proportions de la partie inf\u00e9rieure du visage et la visibilit\u00e9 des dents pendant la parole sont autant d\u2019\u00e9l\u00e9ments importants. Mais aucun d\u2019entre eux ne devrait \u00eatre consid\u00e9r\u00e9 comme un crit\u00e8re d\u00e9cisif \u00e0 lui seul. Une \u00e9tude r\u00e9alis\u00e9e en 2012 par l\u2019Universit\u00e9 d\u2019Australie-Occidentale a soulign\u00e9 que les m\u00e9thodes propos\u00e9es pour quantifier la perte de la distance inter-incisive (OVD) manquaient de coh\u00e9rence et de fiabilit\u00e9, et a recommand\u00e9 que l\u2019augmentation soit d\u00e9termin\u00e9e par les besoins restaurateurs et les exigences esth\u00e9tiques plut\u00f4t que par une mesure pr\u00e9tendument d\u00e9finitive. <\/p>\n\n\n\n<figure class=\"wp-block-image size-large\"><img fetchpriority=\"high\" decoding=\"async\" width=\"1024\" height=\"421\" src=\"https:\/\/artistdentallab.com\/wp-content\/uploads\/2026\/07\/What-Should-Be-Considered-When-Adjusting-Vertical-Dimension-in-Full-Mouth-Esthetic-Cases-1-1024x421.jpg\" alt=\"\u00c9l\u00e9ments \u00e0 prendre en compte lors de l&#039;ajustement de la dimension verticale dans les cas de restauration esth\u00e9tique compl\u00e8te de la bouche\" class=\"wp-image-1516\" title=\"\" srcset=\"https:\/\/artistdentallab.com\/wp-content\/uploads\/2026\/07\/What-Should-Be-Considered-When-Adjusting-Vertical-Dimension-in-Full-Mouth-Esthetic-Cases-1-1024x421.jpg 1024w, https:\/\/artistdentallab.com\/wp-content\/uploads\/2026\/07\/What-Should-Be-Considered-When-Adjusting-Vertical-Dimension-in-Full-Mouth-Esthetic-Cases-1-300x123.jpg 300w, https:\/\/artistdentallab.com\/wp-content\/uploads\/2026\/07\/What-Should-Be-Considered-When-Adjusting-Vertical-Dimension-in-Full-Mouth-Esthetic-Cases-1-768x316.jpg 768w, https:\/\/artistdentallab.com\/wp-content\/uploads\/2026\/07\/What-Should-Be-Considered-When-Adjusting-Vertical-Dimension-in-Full-Mouth-Esthetic-Cases-1-1536x632.jpg 1536w, https:\/\/artistdentallab.com\/wp-content\/uploads\/2026\/07\/What-Should-Be-Considered-When-Adjusting-Vertical-Dimension-in-Full-Mouth-Esthetic-Cases-1-18x7.jpg 18w, https:\/\/artistdentallab.com\/wp-content\/uploads\/2026\/07\/What-Should-Be-Considered-When-Adjusting-Vertical-Dimension-in-Full-Mouth-Esthetic-Cases-1-500x206.jpg 500w, https:\/\/artistdentallab.com\/wp-content\/uploads\/2026\/07\/What-Should-Be-Considered-When-Adjusting-Vertical-Dimension-in-Full-Mouth-Esthetic-Cases-1-600x247.jpg 600w, https:\/\/artistdentallab.com\/wp-content\/uploads\/2026\/07\/What-Should-Be-Considered-When-Adjusting-Vertical-Dimension-in-Full-Mouth-Esthetic-Cases-1.jpg 1672w\" sizes=\"(max-width: 1024px) 100vw, 1024px\" \/><\/figure>\n\n\n\n<h2 class=\"wp-block-heading\">\u00c9valuer l'occlusion existante avant d'en concevoir une nouvelle<\/h2>\n\n\n\n<p class=\"wp-block-paragraph\">La r\u00e9habilitation esth\u00e9tique compl\u00e8te de la bouche devient risqu\u00e9e lorsque l'\u00e9quipe consid\u00e8re l'occlusion initiale comme un inconv\u00e9nient plut\u00f4t que comme un \u00e9l\u00e9ment de r\u00e9f\u00e9rence.<\/p>\n\n\n\n<p class=\"wp-block-paragraph\">Avant de r\u00e9gler la dimension verticale occlusale, notez les \u00e9l\u00e9ments suivants :<\/p>\n\n\n\n<ul class=\"wp-block-list\">\n<li>Intercuspation maximale et r\u00e9p\u00e9tabilit\u00e9 de la trajectoire de fermeture<\/li>\n\n\n\n<li>Enregistrement de la relation centr\u00e9e lorsque cela est cliniquement indiqu\u00e9<\/li>\n\n\n\n<li>Recouvrement horizontal et vertical<\/li>\n\n\n\n<li>Orientation ant\u00e9rieure existante ou fonction de groupe<\/li>\n\n\n\n<li>Interf\u00e9rences fonctionnelles, non fonctionnelles et en protrusion<\/li>\n\n\n\n<li>Appui post\u00e9rieur et \u00e9l\u00e9ments manquants<\/li>\n\n\n\n<li>Facettes d'usure, ant\u00e9c\u00e9dents de fracture, \u00e9rosion et parafonction<\/li>\n\n\n\n<li>Bruits de l'articulation temporo-mandibulaire, amplitude de mouvement, d\u00e9viation et douleur<\/li>\n\n\n\n<li>Sensibilit\u00e9 ou fatigue musculaire<\/li>\n\n\n\n<li>La phon\u00e9tique, en particulier les sons \u201c S \u201d, \u201c F \u201d et \u201c V \u201d<\/li>\n\n\n\n<li>Posture des l\u00e8vres au repos et exposition des incisives<\/li>\n\n\n\n<li>\u00c9paisseur de restauration disponible par dent et par mat\u00e9riau<\/li>\n\n\n\n<li>Positions des implants, trajectoires d'acc\u00e8s aux vis et espace proth\u00e9tique<\/li>\n<\/ul>\n\n\n\n<p class=\"wp-block-paragraph\">Il n'y a pas de raccourcis ici.<\/p>\n\n\n\n<p class=\"wp-block-paragraph\">Un patient pr\u00e9sentant une douleur temporo-mandibulaire active, une ouverture buccale limit\u00e9e ou un positionnement mandibulaire instable ne doit pas subir d'intervention irr\u00e9versible au seul motif qu'une simulation num\u00e9rique du sourire donne un meilleur r\u00e9sultat \u00e0 une nouvelle hauteur. Cette m\u00eame revue de 2012 recommandait de privil\u00e9gier d'abord une prise en charge amovible chez les patients pr\u00e9sentant des sympt\u00f4mes associ\u00e9s \u00e0 un trouble temporo-mandibulaire avant d'envisager un traitement irr\u00e9versible.<\/p>\n\n\n\n<p class=\"wp-block-paragraph\">Et il existe un autre pi\u00e8ge : les cas d\u2019occlusion profonde et d\u2019occlusion bord \u00e0 bord incitent souvent les \u00e9quipes \u00e0 \u201c r\u00e9soudre \u201d le probl\u00e8me d\u2019occlusion en utilisant des c\u00e9ramiques ant\u00e9rieures tr\u00e8s fines. C\u2019est une approche erron\u00e9e. Le guide du site sur <a href=\"https:\/\/artistdentallab.com\/fr\/can-veneers-be-used-directly-in-deep-bite-or-edge-to-edge-cases\/\">Planification des facettes dans les cas d\u2019occlusion profonde et de contact bord \u00e0 bord<\/a> explique pourquoi il est indispensable de diagnostiquer l'orientation ant\u00e9rieure, les parafonctions, le soutien de l'\u00e9mail et l'espace de restauration avant de prescrire des facettes.<\/p>\n\n\n\n<h2 class=\"wp-block-heading\">Quelle augmentation de l'OVD peut-on justifier ?<\/h2>\n\n\n\n<p class=\"wp-block-paragraph\">Je ne crois pas qu'il existe un nombre universel consid\u00e9r\u00e9 comme s\u00fbr.<\/p>\n\n\n\n<p class=\"wp-block-paragraph\">Une \u00e9tude souvent cit\u00e9e indique qu\u2019il convient d\u2019opter pour la plus petite augmentation possible, m\u00eame si une augmentation pouvant aller jusqu\u2019\u00e0 5 mm peut se justifier lorsque l\u2019espace de restauration et l\u2019esth\u00e9tique ant\u00e9rieure l\u2019exigent. Cela ne signifie pas pour autant qu\u2019il faille augmenter de 5 mm dans tous les cas. Il s\u2019agit d\u2019une limite issue d\u2019une \u00e9tude, et non d\u2019une recette th\u00e9rapeutique.<\/p>\n\n\n\n<p class=\"wp-block-paragraph\">Plus important encore, les millim\u00e8tres doivent \u00eatre rattach\u00e9s \u00e0 un point de r\u00e9f\u00e9rence. Une indication telle que \u201c augmenter l\u2019OVD de 3 mm \u201d est incompl\u00e8te si la prescription ne pr\u00e9cise pas o\u00f9 ces 3 mm doivent \u00eatre mesur\u00e9s : au niveau de la pointe incisale, de la r\u00e9gion des incisives centrales, de la r\u00e9gion des canines ou du segment post\u00e9rieur. En raison de la rotation mandibulaire, une m\u00eame ouverture ne produira pas une s\u00e9paration identique au niveau de chaque dent.<\/p>\n\n\n\n<p class=\"wp-block-paragraph\">L'objectif clinique doit \u00eatre l'augmentation minimale permettant :<\/p>\n\n\n\n<ol class=\"wp-block-list\">\n<li>\u00c9paisseur de restauration ad\u00e9quate<\/li>\n\n\n\n<li>Position acceptable du bord incisif<\/li>\n\n\n\n<li>Contacts centr\u00e9s stables<\/li>\n\n\n\n<li>Guidage ant\u00e9rieur planifi\u00e9<\/li>\n\n\n\n<li>Une prise de parole \u00e0 l'aise<\/li>\n\n\n\n<li>Un r\u00e9sultat de soin du visage approuv\u00e9 par la patiente<\/li>\n\n\n\n<li>Une strat\u00e9gie de traitement qui n'entra\u00eene ni surcontournage ni pr\u00e9paration excessive<\/li>\n<\/ol>\n\n\n\n<p class=\"wp-block-paragraph\">Un rapport de cas publi\u00e9 en 2024 dans la revue *BMC Oral Health* par l\u2019universit\u00e9 du Zhejiang a suivi pendant 52 mois un patient de 30 ans atteint d\u2019am\u00e9logen\u00e8se imparfaite hypoplasique, apr\u00e8s une restauration compl\u00e8te de la bouche au disilicate de lithium r\u00e9alis\u00e9e avec une OVD major\u00e9e. Les auteurs ont d\u00e9crit des r\u00e9sultats satisfaisants et ont estim\u00e9 qu\u2019une augmentation de 2 \u00e0 4 mm constituait une fourchette pr\u00e9visible dans ce contexte clinique sp\u00e9cifique. Il s\u2019agit d\u2019une donn\u00e9e utile, mais elle ne concerne qu\u2019un seul cas et un seul type de pathologie ; il ne s\u2019agit pas d\u2019un protocole universel.<\/p>\n\n\n\n<h2 class=\"wp-block-heading\">Tableau d\u00e9cisionnel pratique pour l'augmentation de la dimension verticale<\/h2>\n\n\n\n<figure class=\"wp-block-table\"><table class=\"has-fixed-layout\"><thead><tr><th>Constat clinique<\/th><th>Ce que cela pourrait justifier<\/th><th>Ce que cela ne prouve pas<\/th><th>V\u00e9rification avant le traitement d\u00e9finitif<\/th><\/tr><\/thead><tbody><tr><td>Usure g\u00e9n\u00e9ralis\u00e9e importante<\/td><td>N\u00e9cessit\u00e9 d'un espace de restauration et d'une refonte occlusale<\/td><td>Perte automatique de l'OVD<\/td><td>Analyse faciale, sch\u00e9ma d'\u00e9ruption ou de compensation, enregistrements sur support physique ou num\u00e9riques<\/td><\/tr><tr><td>Exposition r\u00e9duite des incisives<\/td><td>Modification \u00e9ventuelle de la position du bord ou de l'OVD<\/td><td>Le simple fait d'am\u00e9liorer l'occlusion suffira \u00e0 embellir le sourire<\/td><td>Repos, sourire, phon\u00e9tique, mobilit\u00e9 labiale, maquette valid\u00e9e<\/td><\/tr><tr><td>D\u00e9gagement arri\u00e8re limit\u00e9<\/td><td>Augmentation progressive ou changement significatif<\/td><td>Toutes les dents doivent \u00eatre enti\u00e8rement recouvertes<\/td><td>Carte des espaces interdentaires et examen de la pr\u00e9paration de chaque dent<\/td><\/tr><tr><td>Occlusion profonde<\/td><td>Il faut repenser le couplage ant\u00e9rieur<\/td><td>Que les facettes permettent d'assurer la correction en toute s\u00e9curit\u00e9<\/td><td>Analyse de l'alignement, prognathisme sup\u00e9rieur, supraclusion, parafonction, soutien de l'\u00e9mail<\/td><\/tr><tr><td>Sympt\u00f4mes musculaires ou articulaires<\/td><td>N\u00e9cessit\u00e9 d'un diagnostic et d'une prise en charge r\u00e9versible<\/td><td>Qu'une augmentation de l'OVD permettra de traiter les troubles temporo-mandibulaires<\/td><td>Examen des articulations et des muscles, stabilisation r\u00e9versible lorsque cela est indiqu\u00e9<\/td><\/tr><tr><td>\u00c9chec d'un traitement dentaire complet ant\u00e9rieur<\/td><td>Il faut r\u00e9\u00e9valuer l'ensemble du syst\u00e8me<\/td><td>Le fait que l'OVD pr\u00e9c\u00e9dent \u00e9tait trop bas<\/td><td>Analyse des d\u00e9faillances : contacts, mat\u00e9riaux, support, assemblage, conception, habitudes<\/td><\/tr><tr><td>Demande esth\u00e9tique pour des dents plus longues<\/td><td>Longueur additive possible et conception ax\u00e9e sur la face<\/td><td>Le fait que les couronnes plus longues n\u00e9cessitent un rehaussement de l'occlusion<\/td><td>Niveaux gingivaux, proportions des couronnes, dynamique labiale, phon\u00e9tique<\/td><\/tr><tr><td>Implants et dents naturelles<\/td><td>N\u00e9cessit\u00e9 d'une gestion diff\u00e9renci\u00e9e de la charge<\/td><td>Ce mat\u00e9riau ou ce syst\u00e8me de contact unique convient \u00e0 toutes les unit\u00e9s<\/td><td>Position de l'implant, type de support, charge occlusale, possibilit\u00e9 de retrait<\/td><\/tr><\/tbody><\/table><\/figure>\n\n\n\n<h2 class=\"wp-block-heading\">La phase provisoire : utile, mais pas sacro-sainte<\/h2>\n\n\n\n<p class=\"wp-block-paragraph\">C'est l\u00e0 que de nombreux cliniciens se contentent de reproduire la tradition sans v\u00e9rifier les donn\u00e9es scientifiques.<\/p>\n\n\n\n<p class=\"wp-block-paragraph\">Une revue syst\u00e9matique publi\u00e9e en 2025 dans la revue <em>Journal of Esthetic and Restorative Dentistry (Journal de dentisterie esth\u00e9tique et restauratrice)<\/em> Apr\u00e8s avoir pass\u00e9 au crible 1 188 publications, les auteurs ont identifi\u00e9 un essai contr\u00f4l\u00e9 randomis\u00e9 ainsi que 103 rapports non comparatifs. Quatre-vingts rapports pr\u00e9voyaient une phase d\u2019\u00e9valuation ; 23 n\u2019en pr\u00e9voyaient pas. La revue n\u2019a trouv\u00e9 aucune preuve actuelle indiquant qu\u2019une p\u00e9riode d\u2019\u00e9valuation am\u00e9liore les r\u00e9sultats cliniques ou ceux rapport\u00e9s par les patients, bien que les restaurations provisoires fixes puissent aider \u00e0 g\u00e9rer les attentes et l\u2019encha\u00eenement des traitements. Les appareils amovibles utilis\u00e9s dans l\u2019ECR inclus avaient tendance \u00e0 entra\u00eener des difficult\u00e9s de mastication, une \u00e9locution impr\u00e9cise et un inconfort esth\u00e9tique.<\/p>\n\n\n\n<p class=\"wp-block-paragraph\">Ce constat devrait mettre la profession mal \u00e0 l'aise.<\/p>\n\n\n\n<p class=\"wp-block-paragraph\">Cela ne signifie pas pour autant que les proth\u00e8ses provisoires sont inutiles. Cela signifie simplement que nous devrions cesser de pr\u00e9senter un essai avec une attelle amovible comme une preuve scientifique de la justesse de l\u2019OVD d\u00e9finitive. Un mock-up fixe, un prototype additif coll\u00e9 ou une proth\u00e8se provisoire bien contr\u00f4l\u00e9e peuvent tout de m\u00eame mettre en \u00e9vidence des probl\u00e8mes li\u00e9s \u00e0 la pr\u00e9sentation dentaire, \u00e0 la phon\u00e9tique, au soutien labial, aux contacts occlusaux, \u00e0 l\u2019acc\u00e8s pour l\u2019hygi\u00e8ne bucco-dentaire et \u00e0 l\u2019acceptation par le patient.<\/p>\n\n\n\n<p class=\"wp-block-paragraph\">C'est un outil de communication et d'organisation. Parfois, c'est aussi un filtre fonctionnel. Mais ce n'est pas de la magie.<\/p>\n\n\n\n<p class=\"wp-block-paragraph\">Ma pr\u00e9f\u00e9rence est simple : recourir \u00e0 une phase provisoire lorsque la complexit\u00e9 du cas, les sympt\u00f4mes, l'incertitude du patient ou l'ampleur d'un traitement irr\u00e9versible justifient la collecte d'informations. Il ne faut pas en faire un rituel qui retarde le traitement sans aboutir \u00e0 des d\u00e9cisions.<\/p>\n\n\n\n<h2 class=\"wp-block-heading\">L'esth\u00e9tique, la phon\u00e9tique et la fonction doivent \u00eatre en harmonie<\/h2>\n\n\n\n<p class=\"wp-block-paragraph\">Un traitement esth\u00e9tique complet de la bouche peut donner un excellent r\u00e9sultat sur une photo statique prise en r\u00e9traction, mais s'av\u00e9rer insatisfaisant en mouvement.<\/p>\n\n\n\n<h3 class=\"wp-block-heading\">Position du bord incisif<\/h3>\n\n\n\n<p class=\"wp-block-paragraph\">Le bord incisif maxillaire doit \u00eatre \u00e9valu\u00e9 au repos, lors d'un large sourire, pendant la parole et de profil. L'augmentation de la distance inter-dentaire (OVD) peut modifier l'aspect visuel, mais elle ne doit pas servir \u00e0 compenser une longueur dentaire ou une architecture gingivale mal planifi\u00e9es.<\/p>\n\n\n\n<h3 class=\"wp-block-heading\">Phon\u00e9tique<\/h3>\n\n\n\n<p class=\"wp-block-paragraph\">\u201cLes sons commen\u00e7ant par \u201d S \u201c permettent d'\u00e9valuer l'espace d'\u00e9locution le plus proche et la relation entre les dents ant\u00e9rieures. Les sons \u201d F \u201c et \u201d V \u00bb permettent d'\u00e9valuer la position du bord incisif maxillaire par rapport \u00e0 la ligne de d\u00e9marcation entre la partie humide et la partie s\u00e8che de la l\u00e8vre inf\u00e9rieure. Une proth\u00e8se provisoire qui pr\u00e9sente un bel aspect mais qui provoque un sifflement, un z\u00e9zaiement ou une posture mandibulaire forc\u00e9e n'est pas aboutie.<\/p>\n\n\n\n<h3 class=\"wp-block-heading\">Guidage ant\u00e9rieur<\/h3>\n\n\n\n<p class=\"wp-block-paragraph\">Le nouveau guidage ant\u00e9rieur doit \u00eatre con\u00e7u en fonction des restaurations post\u00e9rieures, et non apr\u00e8s celles-ci. Un guidage trop prononc\u00e9 peut entra\u00eener une surcharge des incisives, des canines, des c\u00e9ramiques coll\u00e9es et des implants. \u00c0 l'inverse, un guidage insuffisant peut entra\u00eener des contacts d'excursion post\u00e9rieurs destructeurs.<\/p>\n\n\n\n<h3 class=\"wp-block-heading\">Occlusions post\u00e9rieures<\/h3>\n\n\n\n<p class=\"wp-block-paragraph\">L'\u00e9quipe doit d\u00e9terminer o\u00f9 placer les points de contact centraux, comment les r\u00e9partir de mani\u00e8re homog\u00e8ne et comment les v\u00e9rifier. \u201c Rendre l'occlusion homog\u00e8ne \u201d n'est pas une consigne de laboratoire exploitable.<\/p>\n\n\n\n<h3 class=\"wp-block-heading\">Adaptation au patient<\/h3>\n\n\n\n<p class=\"wp-block-paragraph\">Les patients peuvent s'adapter \u00e0 un volume de remplissage optique (OVD) accru, mais il ne faut pas confondre cette adaptation avec la preuve d'une conception id\u00e9ale. Un patient peut tol\u00e9rer une proth\u00e8se provisoire de qualit\u00e9 m\u00e9diocre. Cela ne signifie pas pour autant que nous devions la reproduire en c\u00e9ramique d\u00e9finitive.<\/p>\n\n\n\n<h2 class=\"wp-block-heading\">Le choix du mat\u00e9riau modifie l'\u00e9quation de la dimension verticale<\/h2>\n\n\n\n<p class=\"wp-block-paragraph\">Un espace propice \u00e0 la d\u00e9tente n'a aucun sens sans un mat\u00e9riau.<\/p>\n\n\n\n<p class=\"wp-block-paragraph\">Le disilicate de lithium est une vitroc\u00e9ramique \u00e0 base de cristaux de Li\u2082Si\u2082O\u2085, tandis que la zircone dentaire est \u00e0 base de ZrO\u2082 et peut se pr\u00e9senter sous diff\u00e9rentes formulations, telles que le 3Y-TZP, le 4Y-PSZ ou le 5Y-PSZ. Ces compositions diff\u00e8rent en termes de r\u00e9sistance, de translucidit\u00e9, de traitement de surface, d\u2019\u00e9paisseur minimale recommand\u00e9e et de comportement d\u2019adh\u00e9rence.<\/p>\n\n\n\n<p class=\"wp-block-paragraph\">Un jeu de 1,0 mm n'est donc pas une valeur universelle.<\/p>\n\n\n\n<p class=\"wp-block-paragraph\">L'article du site consacr\u00e9 \u00e0 <a href=\"https:\/\/artistdentallab.com\/fr\/how-should-anterior-and-posterior-materials-be-coordinated-in-full-mouth-rehabilitation\/\">la coordination des mat\u00e9riaux ant\u00e9rieurs et post\u00e9rieurs dans la r\u00e9habilitation compl\u00e8te de la bouche<\/a> pr\u00e9conise de choisir les mat\u00e9riaux en fonction de leur visibilit\u00e9, de leur support, de leur \u00e9paisseur, de la charge \u00e0 supporter et de la pr\u00e9visibilit\u00e9 de l'adh\u00e9rence, plut\u00f4t que de se baser sur une r\u00e8gle simpliste opposant \u00ab face avant \u00bb et \u00ab face arri\u00e8re \u00bb.<\/p>\n\n\n\n<p class=\"wp-block-paragraph\">Pour les bouches pr\u00e9sentant un risque mixte, le guide correspondant \u00e0 <a href=\"https:\/\/artistdentallab.com\/fr\/which-cases-are-best-for-combined-e-max-and-zirconia-restorative-plans\/\">plans de restauration combinant l'E.max et la zircone<\/a> est particuli\u00e8rement pertinent. Cela explique pourquoi un patient pr\u00e9sentant une ligne de sourire haute peut n\u00e9cessiter l'utilisation de disilicate de lithium sur certaines dents visibles, tandis que les bridges post\u00e9rieurs, les couronnes sur implants ou les dents soumises \u00e0 des contraintes importantes peuvent justifier le recours \u00e0 la zircone.<\/p>\n\n\n\n<p class=\"wp-block-paragraph\">Voici le point d\u00e9licat : ouvrir l\u2019occlusion pour \u201c faire de la place \u00e0 la zircone partout \u201d peut s\u2019av\u00e9rer moins conservateur que d\u2019utiliser une r\u00e9partition des mat\u00e9riaux plus judicieuse. Et r\u00e9duire toutes les dents pour une seule gamme de c\u00e9ramiques peut an\u00e9antir l\u2019avantage biologique que l\u2019augmentation de l\u2019OVD \u00e9tait cens\u00e9e apporter.<\/p>\n\n\n\n<figure class=\"wp-block-image size-large\"><img decoding=\"async\" width=\"1024\" height=\"588\" src=\"https:\/\/artistdentallab.com\/wp-content\/uploads\/2026\/07\/What-Should-Be-Considered-When-Adjusting-Vertical-Dimension-in-Full-Mouth-Esthetic-Cases-2-1024x588.jpg\" alt=\"\u00c9l\u00e9ments \u00e0 prendre en compte lors de l&#039;ajustement de la dimension verticale dans les cas de restauration esth\u00e9tique compl\u00e8te de la bouche\" class=\"wp-image-1517\" title=\"\" srcset=\"https:\/\/artistdentallab.com\/wp-content\/uploads\/2026\/07\/What-Should-Be-Considered-When-Adjusting-Vertical-Dimension-in-Full-Mouth-Esthetic-Cases-2-1024x588.jpg 1024w, https:\/\/artistdentallab.com\/wp-content\/uploads\/2026\/07\/What-Should-Be-Considered-When-Adjusting-Vertical-Dimension-in-Full-Mouth-Esthetic-Cases-2-300x172.jpg 300w, https:\/\/artistdentallab.com\/wp-content\/uploads\/2026\/07\/What-Should-Be-Considered-When-Adjusting-Vertical-Dimension-in-Full-Mouth-Esthetic-Cases-2-768x441.jpg 768w, https:\/\/artistdentallab.com\/wp-content\/uploads\/2026\/07\/What-Should-Be-Considered-When-Adjusting-Vertical-Dimension-in-Full-Mouth-Esthetic-Cases-2-18x10.jpg 18w, https:\/\/artistdentallab.com\/wp-content\/uploads\/2026\/07\/What-Should-Be-Considered-When-Adjusting-Vertical-Dimension-in-Full-Mouth-Esthetic-Cases-2-500x287.jpg 500w, https:\/\/artistdentallab.com\/wp-content\/uploads\/2026\/07\/What-Should-Be-Considered-When-Adjusting-Vertical-Dimension-in-Full-Mouth-Esthetic-Cases-2-600x345.jpg 600w, https:\/\/artistdentallab.com\/wp-content\/uploads\/2026\/07\/What-Should-Be-Considered-When-Adjusting-Vertical-Dimension-in-Full-Mouth-Esthetic-Cases-2.jpg 1448w\" sizes=\"(max-width: 1024px) 100vw, 1024px\" \/><\/figure>\n\n\n\n<h2 class=\"wp-block-heading\">Les archives num\u00e9riques peuvent conserver une erreur \u00e0 la perfection<\/h2>\n\n\n\n<p class=\"wp-block-paragraph\">Les flux de travail num\u00e9riques ne sont pr\u00e9cis que si les donn\u00e9es d'entr\u00e9e sont correctes.<\/p>\n\n\n\n<p class=\"wp-block-paragraph\">Un dossier complet concernant toute la bouche doit comprendre des scans v\u00e9rifi\u00e9s des maxillaires sup\u00e9rieur et inf\u00e9rieur, une occlusion reproductible \u00e0 l'OVD propos\u00e9, des photographies faciales et intra-orales, un scan de la proth\u00e8se provisoire ou du maquette approuv\u00e9e, les teintes des moignons, les informations relatives aux implants, le choix des mat\u00e9riaux et les instructions occlusales \u00e9crites.<\/p>\n\n\n\n<p class=\"wp-block-paragraph\">Il ne faut pas demander au laboratoire de deviner la position de la m\u00e2choire \u00e0 partir de deux arcades qui ne s'articulent pas de mani\u00e8re convaincante.<\/p>\n\n\n\n<p class=\"wp-block-paragraph\">Pour les unit\u00e9s ant\u00e9rieures, la liste de contr\u00f4le du site concernant <a href=\"https:\/\/artistdentallab.com\/fr\/what-information-must-be-submitted-to-the-lab-for-anterior-veneer-cases\/\">documents requis pour les dossiers relatifs aux placages<\/a> constitue un ensemble minimal utile : empreintes de pr\u00e9paration, empreintes de l'arcade oppos\u00e9e, donn\u00e9es occlusales, photographies, informations sur les teintes, teintes des moignons, notes fonctionnelles et r\u00e9f\u00e9rences esth\u00e9tiques approuv\u00e9es.<\/p>\n\n\n\n<p class=\"wp-block-paragraph\">Et m\u00eame une fois que la conception est num\u00e9ris\u00e9e, le contr\u00f4le qualit\u00e9 reste essentiel. Le guide sur <a href=\"https:\/\/artistdentallab.com\/fr\/what-are-the-critical-qc-points-in-a-digital-veneer-workflow-from-scan-to-delivery\/\">Contr\u00f4le qualit\u00e9 du processus de fabrication des facettes num\u00e9riques, de la num\u00e9risation \u00e0 la livraison<\/a> met l'accent sur les \u00e9tapes de validation concernant la qualit\u00e9 de la num\u00e9risation, les marges, les param\u00e8tres CAO, le traitement des mat\u00e9riaux, l'ajustement, l'esth\u00e9tique et la livraison.<\/p>\n\n\n\n<p class=\"wp-block-paragraph\">Les donn\u00e9es erron\u00e9es se propagent rapidement.<\/p>\n\n\n\n<p class=\"wp-block-paragraph\">Un scanner peut capturer une occlusion instable avec une pr\u00e9cision extraordinaire. Un logiciel de CAO peut reproduire une conception pr\u00e9sentant une ouverture excessive sur 28 unit\u00e9s. Les fraiseuses peuvent fabriquer cette erreur avec une pr\u00e9cision de l'ordre du micron. La technologie ne vient pas \u00e0 la rescousse d'un diagnostic erron\u00e9 ; elle l'industrialise.<\/p>\n\n\n\n<h2 class=\"wp-block-heading\">Les documents dont j'aurais besoin avant la conception finale<\/h2>\n\n\n\n<p class=\"wp-block-paragraph\">Pour une r\u00e9habilitation esth\u00e9tique compl\u00e8te et approfondie de la bouche, je m'attendrais \u00e0 ce que le dossier du cas comprenne :<\/p>\n\n\n\n<ul class=\"wp-block-list\">\n<li>Photographies de face, au repos et en train de sourire<\/li>\n\n\n\n<li>Profil et vue de trois quarts du visage<\/li>\n\n\n\n<li>Photographies intra-orales frontales et lat\u00e9rales prises en retrait<\/li>\n\n\n\n<li>Photographies occlusales du maxillaire et de la mandibule<\/li>\n\n\n\n<li>Photographies de languettes d'ombrage et nuances de souches<\/li>\n\n\n\n<li>Scans intra-oraux ou empreintes pr\u00e9op\u00e9ratoires<\/li>\n\n\n\n<li>Arcade oppos\u00e9e et empreintes dentaires valid\u00e9es<\/li>\n\n\n\n<li>Fiche de relation centr\u00e9e lorsque cela est indiqu\u00e9<\/li>\n\n\n\n<li>Points de r\u00e9f\u00e9rence OVD existants et propos\u00e9s<\/li>\n\n\n\n<li>Maquette diagnostique en cire ou conception num\u00e9rique<\/li>\n\n\n\n<li>Maquette valid\u00e9e ou num\u00e9risation provisoire<\/li>\n\n\n\n<li>Espace de restauration dent par dent<\/li>\n\n\n\n<li>Tableau des mat\u00e9riaux pour chaque unit\u00e9<\/li>\n\n\n\n<li>Syst\u00e8me d'implants, composants et informations relatives \u00e0 l'\u00e9mergence<\/li>\n\n\n\n<li>Sch\u00e9ma occlusal, guidage et consignes de contact<\/li>\n\n\n\n<li>Parafonction et ant\u00e9c\u00e9dents de fractures<\/li>\n\n\n\n<li>Texture, translucidit\u00e9 et brillance de surface souhait\u00e9es<\/li>\n\n\n\n<li>Contraintes de c\u00e9mentation ou d'adh\u00e9rence<\/li>\n\n\n\n<li>Photographies ou r\u00e9f\u00e9rences de conception approuv\u00e9es par les patients<\/li>\n<\/ul>\n\n\n\n<p class=\"wp-block-paragraph\">Il ne s'agit pas l\u00e0 d'une formalit\u00e9 administrative en soi. Il s'agit de l'ensemble minimal de donn\u00e9es n\u00e9cessaire pour transmettre une d\u00e9cision clinique en trois dimensions \u00e0 un technicien qui n'\u00e9tait pas pr\u00e9sent dans la salle d'intervention.<\/p>\n\n\n\n<h2 class=\"wp-block-heading\">Les causes d'\u00e9chec courantes que personne n'aime reconna\u00eetre<\/h2>\n\n\n\n<h3 class=\"wp-block-heading\">L'augmentation a \u00e9t\u00e9 choisie uniquement \u00e0 partir du mod\u00e8le en cire<\/h3>\n\n\n\n<p class=\"wp-block-paragraph\">Un mod\u00e8le en cire permet de visualiser l'espace et la forme. Il ne permet toutefois pas, \u00e0 lui seul, d'\u00e9valuer l'\u00e9tat des articulations, le confort musculaire, la r\u00e9p\u00e9tabilit\u00e9 de l'occlusion ou la parole.<\/p>\n\n\n\n<h3 class=\"wp-block-heading\">L'\u00e9quipe a mesur\u00e9 l'OVD \u00e0 diff\u00e9rents points de r\u00e9f\u00e9rence<\/h3>\n\n\n\n<p class=\"wp-block-paragraph\">Le dentiste indique 3 mm au niveau des incisives. Le proth\u00e9siste applique 3 mm au niveau de la broche de l\u2019articulateur. Les empreintes provisoires et d\u00e9finitives ne correspondent plus. Tout le monde qualifie alors cet \u00e9cart de \u201c mineur \u201d.\u201d<\/p>\n\n\n\n<p class=\"wp-block-paragraph\">Ce n'est pas anodin.<\/p>\n\n\n\n<h3 class=\"wp-block-heading\">Le document provisoire n'a jamais \u00e9t\u00e9 num\u00e9ris\u00e9<\/h3>\n\n\n\n<p class=\"wp-block-paragraph\">Le patient approuve la maquette provisoire, mais la conception d\u00e9finitive part du modelage en cire initial. Les l\u00e9g\u00e8res modifications au niveau de la position des bords, du contour, des embrasures et des contacts disparaissent.<\/p>\n\n\n\n<h3 class=\"wp-block-heading\">Le mat\u00e9riau a \u00e9t\u00e9 remplac\u00e9 apr\u00e8s la pr\u00e9paration de la dent<\/h3>\n\n\n\n<p class=\"wp-block-paragraph\">Les pr\u00e9parations avaient \u00e9t\u00e9 con\u00e7ues pour du disilicate de lithium coll\u00e9, puis le projet a \u00e9t\u00e9 r\u00e9orient\u00e9 vers la zircone en raison d'un bruxisme. L'\u00e9paisseur, la r\u00e9tention, le traitement de surface et le rendu esth\u00e9tique ont chang\u00e9, mais la pr\u00e9paration est rest\u00e9e inchang\u00e9e.<\/p>\n\n\n\n<h3 class=\"wp-block-heading\">On a demand\u00e9 au laboratoire d\u201c\u201d ouvrir la morsure \u00bb<\/h3>\n\n\n\n<p class=\"wp-block-paragraph\">Cette consigne transf\u00e8re la responsabilit\u00e9 sans transmettre d'informations. L'OVD propos\u00e9, le point de r\u00e9f\u00e9rence, la conception approuv\u00e9e, le sch\u00e9ma de contact et la justification clinique doivent \u00eatre clairement pr\u00e9cis\u00e9s.<\/p>\n\n\n\n<h2 class=\"wp-block-heading\">FAQ<\/h2>\n\n\n\n<h3 class=\"wp-block-heading\">Comment d\u00e9termine-t-on la dimension verticale occlusale dans le cadre d'une r\u00e9habilitation bucco-dentaire compl\u00e8te ?<\/h3>\n\n\n\n<p class=\"wp-block-paragraph\">La dimension verticale occlusale dans le cadre d'une r\u00e9habilitation bucco-dentaire compl\u00e8te est d\u00e9termin\u00e9e en combinant l'analyse faciale, la projection incisive, la phon\u00e9tique, l'espace de repos interocclusal, les traces d'usure existantes, les r\u00e9sultats de l'examen articulaire et musculaire, l'espace de restauration, les enregistrements sur mod\u00e8le ou num\u00e9riques, ainsi qu'un projet provisoire approuv\u00e9 par le patient ; aucune mesure prise isol\u00e9ment n'est suffisamment fiable pour d\u00e9terminer \u00e0 elle seule la position finale.<\/p>\n\n\n\n<p class=\"wp-block-paragraph\">La position finale doit correspondre \u00e0 la modification la plus minime permettant de r\u00e9soudre le probl\u00e8me restaurateur et esth\u00e9tique, tout en pr\u00e9servant un confort fonctionnel et une relation mandibulaire reproductible.<\/p>\n\n\n\n<h3 class=\"wp-block-heading\">De combien peut-on augmenter la dimension verticale de l'occlusion ?<\/h3>\n\n\n\n<p class=\"wp-block-paragraph\">La dimension verticale de l'occlusion ne doit \u00eatre augment\u00e9e que du minimum n\u00e9cessaire pour cr\u00e9er un espace de restauration, am\u00e9liorer la mise en valeur des dents, \u00e9tablir des contacts stables et soutenir les mat\u00e9riaux choisis ; des revues publi\u00e9es ont \u00e9voqu\u00e9 des augmentations pouvant aller jusqu'\u00e0 5 mm, mais ce chiffre constitue une limite possible et non une prescription standard applicable \u00e0 tous les patients.<\/p>\n\n\n\n<p class=\"wp-block-paragraph\">Il faut toujours pr\u00e9ciser le point de mesure, car une augmentation incisale et une augmentation post\u00e9rieure ne sont pas interchangeables.<\/p>\n\n\n\n<h3 class=\"wp-block-heading\">Une p\u00e9riode d'\u00e9valuation provisoire est-elle toujours n\u00e9cessaire avant d'augmenter l'OVD ?<\/h3>\n\n\n\n<p class=\"wp-block-paragraph\">Une p\u00e9riode d'\u00e9valuation provisoire n'est pas syst\u00e9matiquement requise avant de passer \u00e0 l'OVD, car une revue syst\u00e9matique r\u00e9alis\u00e9e en 2025 n'a pas mis en \u00e9vidence de preuves claires indiquant qu'elle am\u00e9liore les r\u00e9sultats cliniques ou ceux rapport\u00e9s par les patients ; toutefois, les proth\u00e8ses provisoires fixes ou les prototypes coll\u00e9s restent utiles pour tester l'esth\u00e9tique, la phon\u00e9tique, l'hygi\u00e8ne, l'encha\u00eenement des \u00e9tapes, les attentes du patient et le transfert d'un mod\u00e8le approuv\u00e9.<\/p>\n\n\n\n<p class=\"wp-block-paragraph\">Les appareils amovibles peuvent encore \u00eatre indiqu\u00e9s dans certaines situations diagnostiques ou li\u00e9es \u00e0 un trouble de l'articulation temporo-mandibulaire (ATM), mais ils ne doivent pas \u00eatre consid\u00e9r\u00e9s comme une preuve automatique de la validit\u00e9 d'un OVD d\u00e9finitif.<\/p>\n\n\n\n<h3 class=\"wp-block-heading\">Quels documents faut-il envoyer au laboratoire dentaire pour un dossier OVD portant sur l'ensemble de la bouche ?<\/h3>\n\n\n\n<p class=\"wp-block-paragraph\">Un dossier OVD complet doit inclure des scans complets des arcades dentaires, une occlusion v\u00e9rifi\u00e9e dans la position propos\u00e9e, des photographies faciales et intra-orales, des relev\u00e9s de teinte et de teinte des moignons, un modelage en cire approuv\u00e9 ou un scan provisoire, l'attribution des mat\u00e9riaux dent par dent, les donn\u00e9es relatives \u00e0 l'espace de restauration, les d\u00e9tails des implants, ainsi que des instructions \u00e9crites concernant les contacts centr\u00e9s et le guidage en excursion.<\/p>\n\n\n\n<p class=\"wp-block-paragraph\">L'ordonnance doit \u00e9galement pr\u00e9ciser le point de r\u00e9f\u00e9rence exact utilis\u00e9 pour l'augmentation demand\u00e9e.<\/p>\n\n\n\n<h3 class=\"wp-block-heading\">L'augmentation de la dimension verticale occlusale peut-elle provoquer des douleurs au niveau de l'articulation temporo-mandibulaire ?<\/h3>\n\n\n\n<p class=\"wp-block-paragraph\">L'augmentation de la dimension verticale occlusale peut entra\u00eener des sympt\u00f4mes musculaires ou articulaires temporaires chez certains patients, mais la litt\u00e9rature fait g\u00e9n\u00e9ralement \u00e9tat d'une adaptation lorsque cette augmentation est correctement indiqu\u00e9e et contr\u00f4l\u00e9e ; un trouble temporo-mandibulaire actif, une occlusion instable, une limitation des mouvements ou une douleur importante doivent \u00eatre diagnostiqu\u00e9s et pris en charge de mani\u00e8re r\u00e9versible avant de proc\u00e9der \u00e0 un traitement irr\u00e9versible de l'ensemble de la bouche.<\/p>\n\n\n\n<p class=\"wp-block-paragraph\">Une augmentation du volume de l'OVD ne doit en aucun cas \u00eatre pr\u00e9sent\u00e9e comme un traitement \u00e0 part enti\u00e8re des troubles temporo-mandibulaires.<\/p>\n\n\n\n<h2 class=\"wp-block-heading\">Pr\u00e9parez le dossier avant de fabriquer les pi\u00e8ces en c\u00e9ramique<\/h2>\n\n\n\n<p class=\"wp-block-paragraph\">Les meilleurs cas esth\u00e9tiques portant sur l'ensemble de la bouche ne commencent pas par un nuancier ou une marque de mat\u00e9riau. Ils commencent par une position mandibulaire justifiable, un besoin de restauration mesurable, un design facial approuv\u00e9 par le patient et des dossiers suffisamment d\u00e9taill\u00e9s pour que le laboratoire puisse reproduire le plan sans avoir \u00e0 deviner.<\/p>\n\n\n\n<p class=\"wp-block-paragraph\">Ma r\u00e8gle est stricte mais juste : si l'\u00e9quipe n'est pas en mesure d'expliquer pourquoi l'OVD est modifi\u00e9, \u00e0 quel endroit cette modification est mesur\u00e9e, quel probl\u00e8me elle r\u00e9sout, comment elle a \u00e9t\u00e9 v\u00e9rifi\u00e9e et comment l'occlusion finale sera contr\u00f4l\u00e9e, le dossier n'est pas pr\u00eat pour la fabrication d\u00e9finitive.<\/p>\n\n\n\n<p class=\"wp-block-paragraph\">Pour une analyse technique des scans, des empreintes occlusales, des choix de mat\u00e9riaux ou d'un cas d'essai complet, <a href=\"https:\/\/artistdentallab.com\/fr\/contact\/\">Contacter Artist Dental Lab<\/a> et de transmettre le dossier de diagnostic complet avant le d\u00e9but de la production.<\/p>","protected":false},"excerpt":{"rendered":"<p>L'ajustement de la dimension verticale occlusale ne se r\u00e9sume pas simplement \u00e0 \u201c ouvrir l'occlusion \u201d. Il s'agit d'une refonte contr\u00f4l\u00e9e de l'espace de restauration, de la pr\u00e9sentation ant\u00e9rieure, de la position mandibulaire, des contacts occlusaux, de la phon\u00e9tique et de l'\u00e9paisseur des mat\u00e9riaux. Ce guide explique ce que les cliniciens et les laboratoires doivent v\u00e9rifier avant la fabrication de la premi\u00e8re restauration d\u00e9finitive.<\/p>","protected":false},"author":1,"featured_media":1515,"comment_status":"open","ping_status":"open","sticky":false,"template":"","format":"standard","meta":{"footnotes":""},"categories":[1],"tags":[545,543,538,546,529,544,547,548],"class_list":["post-1513","post","type-post","status-publish","format-standard","has-post-thumbnail","hentry","category-buyer-guides","tag-bite-raising","tag-dental-laboratory","tag-digital-dentistry","tag-full-mouth-esthetic-rehabilitation","tag-full-mouth-rehabilitation-2","tag-occlusal-vertical-dimension","tag-prosthodontics","tag-worn-dentition"],"blocksy_meta":{"styles_descriptor":{"styles":{"desktop":"","tablet":"","mobile":""},"google_fonts":[],"version":7}},"_links":{"self":[{"href":"https:\/\/artistdentallab.com\/fr\/wp-json\/wp\/v2\/posts\/1513","targetHints":{"allow":["GET"]}}],"collection":[{"href":"https:\/\/artistdentallab.com\/fr\/wp-json\/wp\/v2\/posts"}],"about":[{"href":"https:\/\/artistdentallab.com\/fr\/wp-json\/wp\/v2\/types\/post"}],"author":[{"embeddable":true,"href":"https:\/\/artistdentallab.com\/fr\/wp-json\/wp\/v2\/users\/1"}],"replies":[{"embeddable":true,"href":"https:\/\/artistdentallab.com\/fr\/wp-json\/wp\/v2\/comments?post=1513"}],"version-history":[{"count":2,"href":"https:\/\/artistdentallab.com\/fr\/wp-json\/wp\/v2\/posts\/1513\/revisions"}],"predecessor-version":[{"id":1518,"href":"https:\/\/artistdentallab.com\/fr\/wp-json\/wp\/v2\/posts\/1513\/revisions\/1518"}],"wp:featuredmedia":[{"embeddable":true,"href":"https:\/\/artistdentallab.com\/fr\/wp-json\/wp\/v2\/media\/1515"}],"wp:attachment":[{"href":"https:\/\/artistdentallab.com\/fr\/wp-json\/wp\/v2\/media?parent=1513"}],"wp:term":[{"taxonomy":"category","embeddable":true,"href":"https:\/\/artistdentallab.com\/fr\/wp-json\/wp\/v2\/categories?post=1513"},{"taxonomy":"post_tag","embeddable":true,"href":"https:\/\/artistdentallab.com\/fr\/wp-json\/wp\/v2\/tags?post=1513"}],"curies":[{"name":"wp","href":"https:\/\/api.w.org\/{rel}","templated":true}]}}