{"id":1547,"date":"2026-07-16T07:34:09","date_gmt":"2026-07-16T07:34:09","guid":{"rendered":"https:\/\/artistdentallab.com\/"},"modified":"2026-07-16T07:38:57","modified_gmt":"2026-07-16T07:38:57","slug":"why-value-matters-more-than-the-shade-tab-in-veneer-esthetics","status":"publish","type":"post","link":"https:\/\/artistdentallab.com\/fr\/why-value-matters-more-than-the-shade-tab-in-veneer-esthetics\/","title":{"rendered":"Pourquoi la valeur est plus importante que l'onglet \u00ab teinte \u00bb dans l'esth\u00e9tique des facettes"},"content":{"rendered":"<p class=\"wp-block-paragraph\">Les onglets \u00ab Ombre \u00bb pr\u00eatent \u00e0 confusion.<\/p>\n\n\n\n<p class=\"wp-block-paragraph\">Lorsqu\u2019une facette porte la d\u00e9signation correcte A1, B1, BL3 ou OM2 mais semble n\u00e9anmoins terne, grise, crayeuse ou \u00e9trangement d\u00e9tach\u00e9e des dents adjacentes, cet \u00e9chec est g\u00e9n\u00e9ralement d\u00fb au fait d\u2019avoir consid\u00e9r\u00e9 un code de teinte comme une prescription optique compl\u00e8te.<\/p>\n\n\n\n<p class=\"wp-block-paragraph\">Alors pourquoi continuons-nous \u00e0 faire comme si deux lettres et un chiffre suffisaient \u00e0 d\u00e9crire une dent naturelle ?<\/p>\n\n\n\n<p class=\"wp-block-paragraph\">La valeur est plus importante que l'onglet \u00ab Nuance \u00bb, car c'est elle qui d\u00e9termine si la restauration para\u00eet claire ou fonc\u00e9e. L'\u0153il per\u00e7oit d'abord cette relation de luminosit\u00e9 avant de commencer \u00e0 analyser les diff\u00e9rences plus subtiles au niveau du jaune, du rouge, du gris, de la translucidit\u00e9 ou de la saturation cervicale.<\/p>\n\n\n\n<p class=\"wp-block-paragraph\">Un placage dont la teinte est correcte mais dont la luminosit\u00e9 est excessive donne imm\u00e9diatement un aspect artificiel. Une teinte l\u00e9g\u00e8rement imparfaite, mais dont la luminosit\u00e9 est correcte, peut souvent rester visuellement acceptable \u00e0 une distance normale de conversation.<\/p>\n\n\n\n<p class=\"wp-block-paragraph\">C'est l\u00e0 la v\u00e9rit\u00e9 d\u00e9rangeante qui se cache derri\u00e8re de nombreuses reprises de films de s\u00e9rie B.<\/p>\n\n\n\n<h2 class=\"wp-block-heading\">L'onglet \u00ab Teinte \u00bb correspond \u00e0 une \u00e9tiquette et non \u00e0 un diagnostic optique<\/h2>\n\n\n\n<p class=\"wp-block-paragraph\">Une languette de store nous sert de point de rep\u00e8re. Rien de plus.<\/p>\n\n\n\n<p class=\"wp-block-paragraph\">Cela ne rend pas pleinement compte de :<\/p>\n\n\n\n<ul class=\"wp-block-list\">\n<li>L'importance des tiers cervical, moyen et incisif<\/li>\n\n\n\n<li>L'ombre projet\u00e9e par la souche sous la c\u00e9ramique<\/li>\n\n\n\n<li>\u00c9paisseur de l'\u00e9mail<\/li>\n\n\n\n<li>Translucidit\u00e9 incisale<\/li>\n\n\n\n<li>Opalescence<\/li>\n\n\n\n<li>Fluorescence<\/li>\n\n\n\n<li>Texture de surface<\/li>\n\n\n\n<li>Gloss<\/li>\n\n\n\n<li>\u00c9paisseur de la c\u00e9ramique<\/li>\n\n\n\n<li>Influence de la r\u00e9sine et du ciment<\/li>\n\n\n\n<li>L'influence des dents voisines et de la gencive<\/li>\n<\/ul>\n\n\n\n<p class=\"wp-block-paragraph\">Le syst\u00e8me de couleurs Munsell, largement utilis\u00e9, d\u00e9compose la couleur en teinte, chroma et valeur. La teinte identifie la famille de couleurs de base, le chroma d\u00e9crit sa saturation et la valeur d\u00e9crit sa clart\u00e9 ou son obscurit\u00e9 relative.<\/p>\n\n\n\n<p class=\"wp-block-paragraph\">Pour le choix de la teinte d'un facette, il convient g\u00e9n\u00e9ralement d'\u00e9valuer d'abord la luminosit\u00e9, puis la saturation et enfin la teinte. Cet ordre est \u00e9galement pr\u00e9conis\u00e9 par les recommandations cliniques r\u00e9sum\u00e9es dans l'article \u00e9valu\u00e9 par des pairs <a href=\"https:\/\/pmc.ncbi.nlm.nih.gov\/articles\/PMC9015060\/\" rel=\"nofollow noopener\" target=\"_blank\">Aper\u00e7u du choix des teintes en dentisterie esth\u00e9tique<\/a>.<\/p>\n\n\n\n<p class=\"wp-block-paragraph\">Cette s\u00e9quence est importante car les erreurs de valeur sont tr\u00e8s visibles.<\/p>\n\n\n\n<p class=\"wp-block-paragraph\">Une c\u00e9ramique de haute valeur peut para\u00eetre opaque, crayeuse, large ou excessivement blanche. Une c\u00e9ramique de faible valeur peut para\u00eetre grise, terne, en retrait ou sans vie. La restauration peut techniquement appartenir \u00e0 la bonne famille de teintes A ou B et pourtant ne pas donner satisfaction d\u00e8s que le patient sourit.<\/p>\n\n\n\n<p class=\"wp-block-paragraph\">Avant de s\u00e9lectionner un onglet, il convient de d\u00e9finir la cible optique en m\u00eame temps que les autres <a href=\"https:\/\/artistdentallab.com\/fr\/the-five-esthetic-goals-every-veneer-case-should-define-before-design\/\">objectifs esth\u00e9tiques \u00e0 d\u00e9finir avant la conception des facettes<\/a>. L'ombrage ne constitue qu'un aspect de ce cahier des charges.<\/p>\n\n\n\n<figure class=\"wp-block-image size-full\"><img fetchpriority=\"high\" decoding=\"async\" width=\"940\" height=\"788\" src=\"https:\/\/artistdentallab.com\/wp-content\/uploads\/2026\/07\/Veneer-Esthetics-1.jpg\" alt=\"Esth\u00e9tique des facettes\" class=\"wp-image-1549\" title=\"\" srcset=\"https:\/\/artistdentallab.com\/wp-content\/uploads\/2026\/07\/Veneer-Esthetics-1.jpg 940w, https:\/\/artistdentallab.com\/wp-content\/uploads\/2026\/07\/Veneer-Esthetics-1-300x251.jpg 300w, https:\/\/artistdentallab.com\/wp-content\/uploads\/2026\/07\/Veneer-Esthetics-1-768x644.jpg 768w, https:\/\/artistdentallab.com\/wp-content\/uploads\/2026\/07\/Veneer-Esthetics-1-14x12.jpg 14w, https:\/\/artistdentallab.com\/wp-content\/uploads\/2026\/07\/Veneer-Esthetics-1-500x419.jpg 500w, https:\/\/artistdentallab.com\/wp-content\/uploads\/2026\/07\/Veneer-Esthetics-1-600x503.jpg 600w\" sizes=\"(max-width: 940px) 100vw, 940px\" \/><\/figure>\n\n\n\n<h2 class=\"wp-block-heading\">Quel est le v\u00e9ritable facteur d\u00e9terminant en mati\u00e8re d'esth\u00e9tique des facettes ?<\/h2>\n\n\n\n<p class=\"wp-block-paragraph\">Dans le mod\u00e8le chromatique CIE L*a*b*, L* repr\u00e9sente la luminosit\u00e9 sur une \u00e9chelle allant du noir au blanc. La coordonn\u00e9e a* d\u00e9crit l'axe rouge-vert, tandis que b* d\u00e9crit l'axe jaune-bleu.<\/p>\n\n\n\n<p class=\"wp-block-paragraph\">Les praticiens n'ont pas besoin de calculer chaque coordonn\u00e9e au fauteuil. En revanche, ils doivent bien comprendre la hi\u00e9rarchie.<\/p>\n\n\n\n<p class=\"wp-block-paragraph\">La valeur influence plusieurs jugements visuels \u00e0 la fois.<\/p>\n\n\n\n<h3 class=\"wp-block-heading\">Taille apparente des dents<\/h3>\n\n\n\n<p class=\"wp-block-paragraph\">Les zones \u00e0 valeur plus \u00e9lev\u00e9e ont tendance \u00e0 attirer l'attention et \u00e0 para\u00eetre plus marqu\u00e9es. Une incisive centrale r\u00e9alis\u00e9e avec une valeur excessive peut sembler plus large ou plus imposante, m\u00eame si ses dimensions physiques sont correctes.<\/p>\n\n\n\n<p class=\"wp-block-paragraph\">Les zones de valeur plus faible semblent s'\u00e9loigner visuellement. Cela peut donner l'impression qu'une restauration est plus \u00e9troite, plus profonde ou plus grise que celle qui la jouxte.<\/p>\n\n\n\n<p class=\"wp-block-paragraph\">C'est pourquoi les angles de ligne et la r\u00e9flexion de surface sont indissociables de la mise en correspondance des teintes dentaires. Le fait de d\u00e9placer les angles de ligne r\u00e9fl\u00e9chissants vers l'int\u00e9rieur peut donner l'impression que la dent est plus \u00e9troite. Apercir la surface faciale peut cr\u00e9er une r\u00e9flexion unique et large, et faire para\u00eetre cette m\u00eame dent plus brillante et plus large.<\/p>\n\n\n\n<h3 class=\"wp-block-heading\">Profondeur et vitalit\u00e9<\/h3>\n\n\n\n<p class=\"wp-block-paragraph\">Une dent ant\u00e9rieure naturelle ne pr\u00e9sente pas une couleur uniforme sur toute sa surface.<\/p>\n\n\n\n<p class=\"wp-block-paragraph\">Le tiers cervical pr\u00e9sente g\u00e9n\u00e9ralement une saturation plus \u00e9lev\u00e9e. Le tiers m\u00e9dian sert souvent de r\u00e9f\u00e9rence principale en mati\u00e8re de valeur. Le tiers incisif comporte diverses combinaisons de translucidit\u00e9, de halo, de mamelons, d'opalescence et de reflets de l'obscurit\u00e9 buccale.<\/p>\n\n\n\n<p class=\"wp-block-paragraph\">Un placage peut s'harmoniser avec l'onglet du tiers central tout en perdant compl\u00e8tement cette r\u00e9partition.<\/p>\n\n\n\n<p class=\"wp-block-paragraph\">Le r\u00e9sultat est souvent qualifi\u00e9 de \u201c trop opaque \u201d, \u201c trop blanc \u201d ou \u201c pas naturel \u201d. Ces critiques peuvent sembler vagues, mais elles renvoient souvent \u00e0 une carte des valeurs mal choisie plut\u00f4t qu\u2019\u00e0 une gamme de teintes inadapt\u00e9e.<\/p>\n\n\n\n<h3 class=\"wp-block-heading\">Int\u00e9gration avec les dents adjacentes<\/h3>\n\n\n\n<p class=\"wp-block-paragraph\">Les cas de facettes unitaires mettent impitoyablement en \u00e9vidence les erreurs d'\u00e9valuation.<\/p>\n\n\n\n<p class=\"wp-block-paragraph\">Dans le cas d'un traitement portant sur huit ou dix dents, le laboratoire peut cr\u00e9er un nouvel environnement optique sur l'ensemble du sourire. Avec une ou deux restaurations, la c\u00e9ramique doit cohabiter avec les dents naturelles, dont l'aspect varie en fonction de l'angle d'observation, du degr\u00e9 d'hydratation, de la texture et de l'\u00e9clairage.<\/p>\n\n\n\n<p class=\"wp-block-paragraph\">C'est plus difficile.<\/p>\n\n\n\n<p class=\"wp-block-paragraph\">Le technicien a donc besoin de plus qu\u2019un simple \u201c A1 \u201d. Il doit savoir si la restauration doit se fondre dans la dentition adjacente ou cr\u00e9er un sourire d\u00e9lib\u00e9r\u00e9ment plus \u00e9clatant.<\/p>\n\n\n\n<h2 class=\"wp-block-heading\">Les chiffres mettent en \u00e9vidence les faiblesses d'un choix arbitraire de teinte<\/h2>\n\n\n\n<p class=\"wp-block-paragraph\">Une \u00e9tude r\u00e9alis\u00e9e en 2024 a compar\u00e9 la s\u00e9lection visuelle, la photographie dentaire, la spectrophotom\u00e9trie et un scanner intra-oral. Six cas de couronnes cibles ont \u00e9t\u00e9 utilis\u00e9s et 24 restaurations ont \u00e9t\u00e9 r\u00e9alis\u00e9es.<\/p>\n\n\n\n<p class=\"wp-block-paragraph\">Les chercheurs ont rapport\u00e9 les diff\u00e9rences de couleur moyennes suivantes, mesur\u00e9es selon la norme CIEDE2000 :<\/p>\n\n\n\n<figure class=\"wp-block-table\"><table class=\"has-fixed-layout\"><thead><tr><th>M\u00e9thode de s\u00e9lection des nuances<\/th><th>Moyenne \u0394E00<\/th><th>Ce que ce r\u00e9sultat laisse entrevoir<\/th><\/tr><\/thead><tbody><tr><td>S\u00e9lection visuelle avec VITA 3D-Master<\/td><td>2.74<\/td><td>Proche du seuil d'acceptabilit\u00e9 de 2,7 \u00e9tabli par l'\u00e9tude, mais l\u00e9g\u00e8rement sup\u00e9rieur \u00e0 celui-ci<\/td><\/tr><tr><td>Photographie dentaire<\/td><td>3.62<\/td><td>\u00c9cart moyen le plus important dans ce protocole<\/td><\/tr><tr><td>Spectrophotom\u00e8tre<\/td><td>2.13<\/td><td>\u00c9cart moyen le plus faible<\/td><\/tr><tr><td>Scanner intra-oral<\/td><td>3.50<\/td><td>Au-del\u00e0 du seuil d'acceptabilit\u00e9 indiqu\u00e9<\/td><\/tr><\/tbody><\/table><\/figure>\n\n\n\n<p class=\"wp-block-paragraph\">Les diff\u00e9rences entre les groupes n'ont pas atteint le seuil de signification statistique retenu pour cette \u00e9tude, mais les chiffres bruts m\u00e9ritent n\u00e9anmoins d'\u00eatre pris en compte. C'est le spectrophotom\u00e8tre qui a donn\u00e9 la valeur moyenne de \u0394E00 la plus faible, tandis que la photographie non trait\u00e9e a donn\u00e9 la valeur la plus \u00e9lev\u00e9e.<\/p>\n\n\n\n<p class=\"wp-block-paragraph\">Le protocole d'\u00e9valuation visuelle n'\u00e9tait pas al\u00e9atoire. Il pr\u00e9voyait un \u00e9clairage D65 d'environ 6 500 K, un fond noir, une distance d'observation de 25 \u00e0 30 cm, l'utilisation du VITA 3D-Master et un temps de repos visuel de 20 minutes avant la s\u00e9lection. La valeur \u00e9tait s\u00e9lectionn\u00e9e en premier lieu, la saturation en deuxi\u00e8me lieu et la teinte en dernier lieu.<\/p>\n\n\n\n<p class=\"wp-block-paragraph\">Ce niveau de contr\u00f4le est bien loin de celui que l'on a lorsqu'on tient une lame A1 \u00e0 c\u00f4t\u00e9 d'une dent d\u00e9shydrat\u00e9e sous la lampe du fauteuil.<\/p>\n\n\n\n<p class=\"wp-block-paragraph\">Les chercheurs ont conclu que la spectrophotom\u00e9trie pouvait \u00eatre recommand\u00e9e pour une utilisation courante et que la photographie n\u00e9cessitait une plus grande normalisation, notamment l'utilisation d'une carte grise et la polarisation crois\u00e9e.<\/p>\n\n\n\n<p class=\"wp-block-paragraph\">Voici mon interpr\u00e9tation sans d\u00e9tours : acheter un appareil photo ne suffit pas \u00e0 mettre en place un protocole d'ombrage.<\/p>\n\n\n\n<p class=\"wp-block-paragraph\">Une photographie mal standardis\u00e9e peut donner une fausse impression de fiabilit\u00e9 malgr\u00e9 une excellente r\u00e9solution.<\/p>\n\n\n\n<h2 class=\"wp-block-heading\">Pourquoi A1 peut encore produire un placage non conforme<\/h2>\n\n\n\n<p class=\"wp-block-paragraph\">L'onglet \u00ab Nuance \u00bb ne d\u00e9crit pas parfaitement la cible. La restauration introduit ensuite plusieurs variables suppl\u00e9mentaires.<\/p>\n\n\n\n<figure class=\"wp-block-table\"><table class=\"has-fixed-layout\"><thead><tr><th>Variable<\/th><th>Ce qu'il faut contr\u00f4ler<\/th><th>Que se passe-t-il lorsqu'on l'ignore ?<\/th><\/tr><\/thead><tbody><tr><td>Valeur<\/td><td>Clart\u00e9 globale et sa r\u00e9partition de la zone cervicale \u00e0 la zone incisale<\/td><td>Le placage pr\u00e9sente un aspect crayeux, gris, terne ou se d\u00e9tache<\/td><\/tr><tr><td>Chroma<\/td><td>Saturation, notamment au niveau du cou et du tronc<\/td><td>La restauration semble d\u00e9lav\u00e9e ou trop jaun\u00e2tre<\/td><\/tr><tr><td>Hue<\/td><td>Famille de couleurs de base et \u00e9quilibre rouge-jaune<\/td><td>Les l\u00e9g\u00e8res divergences au sein d'une famille apparaissent clairement lorsqu'on y regarde de plus pr\u00e8s<\/td><\/tr><tr><td>Translucidit\u00e9<\/td><td>Intensit\u00e9 et r\u00e9partition de la lumi\u00e8re transmise<\/td><td>Le placage pr\u00e9sente un aspect opaque, fonc\u00e9, creux ou vitreux<\/td><\/tr><tr><td>Ombrage de la souche<\/td><td>Couleur sous la restauration<\/td><td>Les substrats fonc\u00e9s r\u00e9duisent la valeur finale ou entra\u00eenent des pi\u00e8ces irr\u00e9guli\u00e8res<\/td><\/tr><tr><td>\u00c9paisseur de la c\u00e9ramique<\/td><td>Espace disponible pour le masquage et la superposition optique<\/td><td>Les zones claires laissent appara\u00eetre le support ; les zones fonc\u00e9es peuvent para\u00eetre opaques<\/td><\/tr><tr><td>Ciment \u00e0 base de r\u00e9sine<\/td><td>Influence l\u00e9g\u00e8re, neutre, chaleureuse ou opaque<\/td><td>D\u00e9calage des coordonn\u00e9es finales L*, a* et b* apr\u00e8s la mise en place<\/td><\/tr><tr><td>Texture et brillance<\/td><td>Direction et intensit\u00e9 de la lumi\u00e8re r\u00e9fl\u00e9chie<\/td><td>M\u00eame avec la bonne teinte de c\u00e9ramique, le r\u00e9sultat a toujours un aspect synth\u00e9tique<\/td><\/tr><tr><td>Hydratation<\/td><td>\u00c9mail humide ou d\u00e9shydrat\u00e9<\/td><td>La teinte choisie est trop claire apr\u00e8s une p\u00e9riode d'isolement prolong\u00e9e<\/td><\/tr><tr><td>\u00c9clairage<\/td><td>Temp\u00e9rature de couleur et qualit\u00e9 spectrale<\/td><td>Le m\u00e9tam\u00e9risme donne lieu \u00e0 des correspondances diff\u00e9rentes selon les pi\u00e8ces<\/td><\/tr><\/tbody><\/table><\/figure>\n\n\n\n<p class=\"wp-block-paragraph\">Une tabulation ne suffit pas \u00e0 elle seule \u00e0 r\u00e9soudre ce syst\u00e8me.<\/p>\n\n\n\n<h3 class=\"wp-block-heading\">Le support influe sur la teinte finale<\/h3>\n\n\n\n<p class=\"wp-block-paragraph\">Les placages fins laissent passer la lumi\u00e8re.<\/p>\n\n\n\n<p class=\"wp-block-paragraph\">Cette lumi\u00e8re traverse la c\u00e9ramique, interagit avec le ciment r\u00e9sineux et la dent pr\u00e9par\u00e9e, puis ressort \u00e0 travers la restauration. Une pr\u00e9paration fonc\u00e9e, un grand noyau en composite, une dent ayant subi un traitement endodontique ou un cas pr\u00e9sentant une teinte mixte du moignon peuvent donc modifier consid\u00e9rablement la teinte finale.<\/p>\n\n\n\n<p class=\"wp-block-paragraph\">Cela est particuli\u00e8rement vrai lorsque l'\u00e9paisseur de la c\u00e9ramique est comprise entre environ 0,3 et 0,5 mm.<\/p>\n\n\n\n<p class=\"wp-block-paragraph\">Une \u00e9tude men\u00e9e en 2023 a port\u00e9 sur 40 \u00e9chantillons en disilicate de lithium et quatre mat\u00e9riaux en zircone ultratranslucide. Les disques, d'une \u00e9paisseur de 0,5 mm, ont \u00e9t\u00e9 test\u00e9s avec des p\u00e2tes d'essai Variolink Esthetic de teintes neutre, claire et chaude.<\/p>\n\n\n\n<p class=\"wp-block-paragraph\">Tous les groupes de mat\u00e9riaux ont pr\u00e9sent\u00e9 des changements de couleur significatifs apr\u00e8s l'\u00e9tape de c\u00e9mentation simul\u00e9e. Les valeurs \u0394E relev\u00e9es variaient entre 3,82 et 6,83, d\u00e9passant ainsi le seuil de perception clinique de 3,3 retenu dans cette \u00e9tude. La luminosit\u00e9, repr\u00e9sent\u00e9e par L*, a \u00e9galement diminu\u00e9 de mani\u00e8re significative apr\u00e8s l'application des p\u00e2tes.<\/p>\n\n\n\n<p class=\"wp-block-paragraph\">Lire l'int\u00e9gralit\u00e9 de l'article <a href=\"https:\/\/pmc.ncbi.nlm.nih.gov\/articles\/PMC10625887\/\" rel=\"nofollow noopener\" target=\"_blank\">\u00e9tude sur la teinte du ciment, de la zircone et des facettes en disilicate de lithium<\/a> pour les donn\u00e9es sp\u00e9cifiques au mat\u00e9riau.<\/p>\n\n\n\n<p class=\"wp-block-paragraph\">Le ciment, c'est important.<\/p>\n\n\n\n<p class=\"wp-block-paragraph\">Mais le ciment ne constitue pas une solution de secours pour une restauration en c\u00e9ramique r\u00e9alis\u00e9e avec des param\u00e8tres inadapt\u00e9s. Une p\u00e2te d'essai peut aider \u00e0 affiner le r\u00e9sultat esth\u00e9tique ; elle ne permet toutefois pas de corriger de mani\u00e8re fiable une opacit\u00e9, une \u00e9paisseur ou un choix de mat\u00e9riau inappropri\u00e9s.<\/p>\n\n\n\n<h2 class=\"wp-block-heading\">Un meilleur processus de s\u00e9lection de la teinte des facettes<\/h2>\n\n\n\n<p class=\"wp-block-paragraph\">La proc\u00e9dure suivante est plus justifiable que de choisir un onglet et d'esp\u00e9rer que le laboratoire interpr\u00e8te le reste.<\/p>\n\n\n\n<h3 class=\"wp-block-heading\">1. Nettoyez la dent avant de choisir la teinte<\/h3>\n\n\n\n<p class=\"wp-block-paragraph\">La plaque dentaire, le rouge \u00e0 l\u00e8vres, le sang, le ciment provisoire, les traces de d\u00e9shydratation et les taches superficielles alt\u00e8rent la perception.<\/p>\n\n\n\n<p class=\"wp-block-paragraph\">Effectuez la s\u00e9lection initiale avant de proc\u00e9der \u00e0 une r\u00e9traction prolong\u00e9e, \u00e0 la pr\u00e9paration ou \u00e0 la mise en place d'une digue en caoutchouc. L'\u00e9mail s'\u00e9claircit et perd de sa chromaticit\u00e9 \u00e0 mesure qu'il se d\u00e9shydrate.<\/p>\n\n\n\n<p class=\"wp-block-paragraph\">Ne fondez pas l\u2019int\u00e9gralit\u00e9 de votre argumentation sur l\u2019aspect d\u2019une dent s\u00e8che.<\/p>\n\n\n\n<h3 class=\"wp-block-heading\">2. Contr\u00f4ler l'environnement de visionnage<\/h3>\n\n\n\n<p class=\"wp-block-paragraph\">Utilisez un environnement neutre et une source lumineuse constante.<\/p>\n\n\n\n<p class=\"wp-block-paragraph\">\u00c9vitez les v\u00eatements aux couleurs vives, les bavoirs color\u00e9s, le rouge \u00e0 l\u00e8vres trop voyant, les gants bleus \u00e0 proximit\u00e9 du champ op\u00e9ratoire et l'\u00e9clairage direct de la salle d'op\u00e9ration. Une source lumineuse \u00e0 couleur corrig\u00e9e conforme aux conditions D65 peut am\u00e9liorer la reproductibilit\u00e9, m\u00eame si le choix pr\u00e9cis de l'\u00e9quipement importe moins que la mise en place d'un protocole contr\u00f4l\u00e9 compris \u00e0 la fois par le cabinet dentaire et le laboratoire.<\/p>\n\n\n\n<p class=\"wp-block-paragraph\">Veillez \u00e0 ce que la languette et la dent se trouvent dans le m\u00eame plan vertical. Une languette plac\u00e9e \u00e0 plusieurs centim\u00e8tres en face de la dent re\u00e7oit et r\u00e9fl\u00e9chit la lumi\u00e8re diff\u00e9remment.<\/p>\n\n\n\n<h3 class=\"wp-block-heading\">3. Choisir d'abord la valeur<\/h3>\n\n\n\n<p class=\"wp-block-paragraph\">Plisser les yeux ou observer bri\u00e8vement la dent et les pastilles \u00e0 travers une r\u00e9f\u00e9rence en niveaux de gris peut permettre de r\u00e9duire la distraction caus\u00e9e par la teinte et la saturation.<\/p>\n\n\n\n<p class=\"wp-block-paragraph\">Commencez par identifier le groupe de valeurs appropri\u00e9. Affinez ensuite la saturation. \u00c9valuez la teinte en dernier.<\/p>\n\n\n\n<p class=\"wp-block-paragraph\">C'est l'une des raisons pour lesquelles VITA 3D-Master peut s'av\u00e9rer utile aux praticiens \u00e0 la recherche du meilleur nuancier pour les facettes : son organisation repose en premier lieu sur des groupes de luminosit\u00e9 plut\u00f4t que de se limiter aux familles de couleurs traditionnelles A \u00e0 D.<\/p>\n\n\n\n<p class=\"wp-block-paragraph\">VITA Classical reste un outil utile et familier, mais il ne faut pas confondre cette familiarit\u00e9 avec une communication parfaite en mati\u00e8re de teintes.<\/p>\n\n\n\n<h3 class=\"wp-block-heading\">4. Enregistrez une carte d'ombres, et non un code unique<\/h3>\n\n\n\n<p class=\"wp-block-paragraph\">Divisez la dent en trois tiers : cervical, moyen et incisif.<\/p>\n\n\n\n<p class=\"wp-block-paragraph\">Fiche :<\/p>\n\n\n\n<ul class=\"wp-block-list\">\n<li>Valeur dominante du tiers central<\/li>\n\n\n\n<li>Chroma cervical<\/li>\n\n\n\n<li>Translucidit\u00e9 incisale<\/li>\n\n\n\n<li>Intensit\u00e9 du halo<\/li>\n\n\n\n<li>Visibilit\u00e9 des mamelons<\/li>\n\n\n\n<li>Effets blancs ou ambr\u00e9s<\/li>\n\n\n\n<li>Zones d'hypocalcification<\/li>\n\n\n\n<li>Lignes de Craze<\/li>\n\n\n\n<li>Texture de surface<\/li>\n\n\n\n<li>Niveau de brillance<\/li>\n<\/ul>\n\n\n\n<p class=\"wp-block-paragraph\">Pour une incisive centrale, je noterais \u00e9galement les diff\u00e9rences de valeurs m\u00e9siales et distales. Les dents naturelles pr\u00e9sentent rarement une r\u00e9flexion identique sur l'ensemble de leur surface faciale.<\/p>\n\n\n\n<h3 class=\"wp-block-heading\">5. Photographier correctement les onglets s\u00e9lectionn\u00e9s<\/h3>\n\n\n\n<p class=\"wp-block-paragraph\">Une photographie d'ombre utile doit montrer clairement le code de l'onglet et placer celui-ci \u00e0 c\u00f4t\u00e9 de la dent, \u00e0 la m\u00eame profondeur.<\/p>\n\n\n\n<p class=\"wp-block-paragraph\">Indiquez plusieurs r\u00e9f\u00e9rences plut\u00f4t que de vous limiter \u00e0 celle qui semble correspondre parfaitement. L'ajout d'onglets \u00ab Valeur minimale \u00bb et \u00ab Valeur maximale \u00bb peut aider le technicien \u00e0 comprendre la fourchette acceptable.<\/p>\n\n\n\n<p class=\"wp-block-paragraph\">Utilisation :<\/p>\n\n\n\n<ul class=\"wp-block-list\">\n<li>Exposition manuelle<\/li>\n\n\n\n<li>Balance des blancs fixe<\/li>\n\n\n\n<li>Capture au format RAW, si disponible<\/li>\n\n\n\n<li>Objectif macro<\/li>\n\n\n\n<li>Position du flash reproductible<\/li>\n\n\n\n<li>Carte grise ou r\u00e9f\u00e9rence d'\u00e9talonnage<\/li>\n\n\n\n<li>Filtres \u00e0 polarisation crois\u00e9e pour la couleur interne<\/li>\n\n\n\n<li>Fond noir pour mettre en valeur la translucidit\u00e9 incisale, le cas \u00e9ch\u00e9ant<\/li>\n<\/ul>\n\n\n\n<p class=\"wp-block-paragraph\">Envoyez ensuite les fichiers originaux. La compression effectu\u00e9e par les applications de messagerie peut alt\u00e9rer des donn\u00e9es de couleur utiles.<\/p>\n\n\n\n<h3 class=\"wp-block-heading\">6. Enregistrer s\u00e9par\u00e9ment chaque nuance de Stump<\/h3>\n\n\n\n<p class=\"wp-block-paragraph\">L'ombre finale et l'ombre de la souche correspondent \u00e0 des enregistrements diff\u00e9rents.<\/p>\n\n\n\n<p class=\"wp-block-paragraph\">Un lot de dix unit\u00e9s peut contenir dix pr\u00e9parations diff\u00e9rentes. Une dent peut pr\u00e9senter un \u00e9mail brillant, une autre peut laisser appara\u00eetre la dentine, et une autre encore peut comporter un noyau en composite fonc\u00e9.<\/p>\n\n\n\n<p class=\"wp-block-paragraph\">Le fait de soumettre un seul code de teinte de moignon pour l'ensemble du cas oblige le laboratoire \u00e0 deviner quelles unit\u00e9s n\u00e9cessitent une opacit\u00e9 plus \u00e9lev\u00e9e.<\/p>\n\n\n\n<p class=\"wp-block-paragraph\">Le <a href=\"https:\/\/artistdentallab.com\/fr\/what-information-must-be-submitted-to-the-lab-for-anterior-veneer-cases\/\">Liste de contr\u00f4le pour la soumission d'un dossier de facettes ant\u00e9rieures<\/a> explique comment associer la photographie d'empreinte aux images de pr\u00e9paration, aux num\u00e9risations, aux proth\u00e8ses provisoires valid\u00e9es, aux relev\u00e9s faciaux et aux informations fonctionnelles.<\/p>\n\n\n\n<h3 class=\"wp-block-heading\">7. Choisir le mat\u00e9riau en fonction du probl\u00e8me optique<\/h3>\n\n\n\n<p class=\"wp-block-paragraph\">Le choix du mat\u00e9riau doit tenir compte du support, de l'\u00e9paisseur disponible, des exigences en mati\u00e8re de masquage, des conditions de collage et des caract\u00e9ristiques optiques recherch\u00e9es.<\/p>\n\n\n\n<p class=\"wp-block-paragraph\">Un <a href=\"https:\/\/artistdentallab.com\/fr\/e-max-veneer\/\">Placage E.max<\/a> pourrait offrir un bon compromis entre la r\u00e9sistance et la translucidit\u00e9 du disilicate de lithium pour de nombreux cas de restauration coll\u00e9e dans la zone ant\u00e9rieure.<\/p>\n\n\n\n<p class=\"wp-block-paragraph\">A <a href=\"https:\/\/artistdentallab.com\/fr\/layered-e-max-veneer\/\">placage E.max en couches<\/a> permet un contr\u00f4le accru sur le caract\u00e8re interne, la r\u00e9partition des valeurs, la texture et les effets incisifs lorsqu'un r\u00e9sultat plus personnalis\u00e9 est requis.<\/p>\n\n\n\n<p class=\"wp-block-paragraph\">A <a href=\"https:\/\/artistdentallab.com\/fr\/feldspathic-veneer\/\">placage feldspathique<\/a> peut permettre une stratification optique tr\u00e8s d\u00e9taill\u00e9e dans les cas o\u00f9 l'\u00e9mail, l'espace disponible, la couleur du substrat et les conditions fonctionnelles sont favorables.<\/p>\n\n\n\n<p class=\"wp-block-paragraph\">Ce n\u2019est pas parce qu\u2019un mat\u00e9riau est en c\u00e9ramique qu\u2019il est forc\u00e9ment \u201c le plus esth\u00e9tique \u201d.\u201d<\/p>\n\n\n\n<p class=\"wp-block-paragraph\">La c\u00e9ramique appropri\u00e9e est celle qui permet d'obtenir la valeur et le comportement optique prescrits dans le cadre des contraintes cliniques r\u00e9elles.<\/p>\n\n\n\n<h3 class=\"wp-block-heading\">8. V\u00e9rifier la valeur avant la cimentation d\u00e9finitive<\/h3>\n\n\n\n<p class=\"wp-block-paragraph\">Les p\u00e2tes d'essai doivent \u00eatre \u00e9valu\u00e9es avec le patient en position assise et les restaurations parfaitement en place.<\/p>\n\n\n\n<p class=\"wp-block-paragraph\">V\u00e9rifiez le r\u00e9sultat sous plusieurs sources de lumi\u00e8re. \u00c9valuez le r\u00e9sultat de pr\u00e8s et \u00e0 la distance normale d'une conversation. Prenez une photo de face plut\u00f4t que de vous limiter \u00e0 une vue de profil.<\/p>\n\n\n\n<p class=\"wp-block-paragraph\">Commencez par comparer les deux incisives centrales.<\/p>\n\n\n\n<p class=\"wp-block-paragraph\">Les \u00e9l\u00e9ments centraux constituent la r\u00e9f\u00e9rence visuelle pour la composition ant\u00e9rieure. De l\u00e9g\u00e8res diff\u00e9rences de valeur entre eux peuvent \u00eatre plus g\u00eanantes que des diff\u00e9rences de teinte plus marqu\u00e9es situ\u00e9es plus loin de la ligne m\u00e9diane.<\/p>\n\n\n\n<figure class=\"wp-block-image size-full\"><img decoding=\"async\" width=\"800\" height=\"533\" src=\"https:\/\/artistdentallab.com\/wp-content\/uploads\/2026\/07\/Veneer-Esthetics-2.jpg\" alt=\"Esth\u00e9tique des facettes\" class=\"wp-image-1550\" title=\"\" srcset=\"https:\/\/artistdentallab.com\/wp-content\/uploads\/2026\/07\/Veneer-Esthetics-2.jpg 800w, https:\/\/artistdentallab.com\/wp-content\/uploads\/2026\/07\/Veneer-Esthetics-2-300x200.jpg 300w, https:\/\/artistdentallab.com\/wp-content\/uploads\/2026\/07\/Veneer-Esthetics-2-768x512.jpg 768w, https:\/\/artistdentallab.com\/wp-content\/uploads\/2026\/07\/Veneer-Esthetics-2-18x12.jpg 18w, https:\/\/artistdentallab.com\/wp-content\/uploads\/2026\/07\/Veneer-Esthetics-2-500x333.jpg 500w, https:\/\/artistdentallab.com\/wp-content\/uploads\/2026\/07\/Veneer-Esthetics-2-600x400.jpg 600w\" sizes=\"(max-width: 800px) 100vw, 800px\" \/><\/figure>\n\n\n\n<h2 class=\"wp-block-heading\">Quatre r\u00e9alit\u00e9s difficiles concernant l'assortiment des couleurs des facettes en c\u00e9ramique<\/h2>\n\n\n\n<h3 class=\"wp-block-heading\">Un code de teintes n'est pas une prescription<\/h3>\n\n\n\n<p class=\"wp-block-paragraph\">\u201cAvec l\u2019option \u201d A1, naturel \u00bb, c\u2019est au technicien de choisir l\u2019opacit\u00e9, la saturation cervicale, le halo, la texture, la translucidit\u00e9 et la brillance.<\/p>\n\n\n\n<p class=\"wp-block-paragraph\">Ce n'est pas de la communication. C'est une d\u00e9l\u00e9gation sans trace \u00e9crite.<\/p>\n\n\n\n<h3 class=\"wp-block-heading\">Les appareils num\u00e9riques ne rempla\u00e7ent pas le bon sens<\/h3>\n\n\n\n<p class=\"wp-block-paragraph\">Un spectrophotom\u00e8tre peut am\u00e9liorer la reproductibilit\u00e9, mais il mesure une zone dans ses propres conditions optiques. Il ne d\u00e9termine pas automatiquement la forme de la dent, la morphologie de la surface, la stratification de la c\u00e9ramique, le masquage du moignon ni les pr\u00e9f\u00e9rences du patient.<\/p>\n\n\n\n<p class=\"wp-block-paragraph\">Le meilleur processus de travail associe l'utilisation d'instruments \u00e0 la photographie standardis\u00e9e et \u00e0 l'\u00e9valuation visuelle.<\/p>\n\n\n\n<h3 class=\"wp-block-heading\">La qualit\u00e9 d'une photographie d\u00e9pend enti\u00e8rement de sa normalisation<\/h3>\n\n\n\n<p class=\"wp-block-paragraph\">Un appareil photo haut de gamme r\u00e9gl\u00e9 sur l'exposition automatique peut produire des images aux nuances incoh\u00e9rentes.<\/p>\n\n\n\n<p class=\"wp-block-paragraph\">La modification de la distance du flash, de l'ouverture, de la balance des blancs, du moniteur, de la position du filtre polarisant ou des param\u00e8tres de traitement d'image modifie les informations transmises au laboratoire.<\/p>\n\n\n\n<p class=\"wp-block-paragraph\">\u00ab Net \u00bb ne signifie pas \u00ab pr\u00e9cis \u00bb.<\/p>\n\n\n\n<h3 class=\"wp-block-heading\">De nombreux \u201c remakes de Shade \u201d sont en r\u00e9alit\u00e9 des remakes de conception<\/h3>\n\n\n\n<p class=\"wp-block-paragraph\">Une facette peut \u00eatre rejet\u00e9e au motif qu'elle est trop claire, alors que le v\u00e9ritable probl\u00e8me r\u00e9side en r\u00e9alit\u00e9 dans un contour facial trop marqu\u00e9 et un reflet trop large.<\/p>\n\n\n\n<p class=\"wp-block-paragraph\">On peut dire que la teinte est trop grise lorsque le probl\u00e8me r\u00e9side dans une translucidit\u00e9 incisale excessive sur un fond buccal fonc\u00e9.<\/p>\n\n\n\n<p class=\"wp-block-paragraph\">Cela peut para\u00eetre opaque car le technicien a utilis\u00e9 un masquage suppl\u00e9mentaire pour compenser une nuance de moignon non r\u00e9pertori\u00e9e.<\/p>\n\n\n\n<p class=\"wp-block-paragraph\">Qualifier tous ces probl\u00e8mes de \u201c mauvaise nuance \u201d emp\u00eache l'\u00e9quipe d'identifier la cause r\u00e9elle de la d\u00e9faillance.<\/p>\n\n\n\n<h2 class=\"wp-block-heading\">FAQ<\/h2>\n\n\n\n<h3 class=\"wp-block-heading\">Pourquoi la valeur est-elle plus importante que la teinte dans l'esth\u00e9tique des facettes ?<\/h3>\n\n\n\n<p class=\"wp-block-paragraph\">La valeur correspond \u00e0 la clart\u00e9 ou \u00e0 l'obscurit\u00e9 relative d'une dent ou d'une restauration ; elle joue g\u00e9n\u00e9ralement un r\u00f4le pr\u00e9pond\u00e9rant dans l'esth\u00e9tique des facettes, car un d\u00e9calage de valeur modifie la luminosit\u00e9 apparente, la profondeur, la largeur et l'int\u00e9gration visuelle de la dent dans son ensemble avant m\u00eame que l'observateur ne remarque des diff\u00e9rences plus subtiles de teinte ou de saturation.<\/p>\n\n\n\n<p class=\"wp-block-paragraph\">Un placage de haute valeur peut para\u00eetre crayeux et trop imposant. Un placage de faible valeur peut para\u00eetre gris ou en retrait. C'est pourquoi il convient g\u00e9n\u00e9ralement de choisir d'abord la valeur, puis la saturation, et enfin la teinte.<\/p>\n\n\n\n<h3 class=\"wp-block-heading\">Quelles informations une languette d'ombrage ne permet-elle pas de communiquer ?<\/h3>\n\n\n\n<p class=\"wp-block-paragraph\">Une \u00e9chelle de teintes est une r\u00e9f\u00e9rence visuelle normalis\u00e9e permettant de d\u00e9signer une couleur dentaire g\u00e9n\u00e9rale, mais elle ne permet pas de d\u00e9crire de mani\u00e8re exhaustive le d\u00e9grad\u00e9 de valeur d'une facette, sa translucidit\u00e9, l'influence de la teinte du moignon, l'effet du ciment r\u00e9sineux, la texture de surface, la fluorescence, l'opalescence, ni la mani\u00e8re dont les diff\u00e9rents tiers de la dent r\u00e9fl\u00e9chissent et transmettent la lumi\u00e8re.<\/p>\n\n\n\n<p class=\"wp-block-paragraph\">La prescription doit donc inclure des photographies des nuances, une carte des nuances \u00e9crite, les nuances des moignons, l'\u00e9paisseur de la c\u00e9ramique, le choix des mat\u00e9riaux, les instructions relatives \u00e0 la texture, ainsi que la cible optique approuv\u00e9e par le patient.<\/p>\n\n\n\n<h3 class=\"wp-block-heading\">Comment un dentiste doit-il choisir la teinte des facettes en c\u00e9ramique ?<\/h3>\n\n\n\n<p class=\"wp-block-paragraph\">Le choix fiable de la teinte d'un placage est un processus clinique contr\u00f4l\u00e9 qui consigne d'abord la valeur, puis la chroma et enfin la teinte, avant d'y ajouter des photographies normalis\u00e9es, la teinte du moignon, l'\u00e9paisseur de la c\u00e9ramique, la translucidit\u00e9 du mat\u00e9riau, la texture de la surface, les conditions d'\u00e9clairage et les informations relatives \u00e0 l'essayage avec du ciment r\u00e9sineux, afin que le laboratoire re\u00e7oive une prescription optique plut\u00f4t qu'un simple code.<\/p>\n\n\n\n<p class=\"wp-block-paragraph\">Le choix de la teinte doit \u00eatre effectu\u00e9 avant toute d\u00e9shydratation importante. Les \u00e9chantillons s\u00e9lectionn\u00e9s doivent \u00eatre photographi\u00e9s dans le m\u00eame plan que la dent, et chaque pr\u00e9paration doit faire l'objet d'un enregistrement individuel de la teinte du moignon.<\/p>\n\n\n\n<h3 class=\"wp-block-heading\">Quel est le meilleur nuancier pour les facettes ?<\/h3>\n\n\n\n<p class=\"wp-block-paragraph\">Le meilleur nuancier pour les facettes est celui qui permet au praticien d'organiser les valeurs de mani\u00e8re pr\u00e9visible, de communiquer clairement le syst\u00e8me de d\u00e9nomination et de v\u00e9rifier le r\u00e9sultat \u00e0 l'aide d'une photographie calibr\u00e9e ou d'un instrument ; dans de nombreux processus de travail, le VITA 3D-Master s'av\u00e8re utile car ses groupes sont organis\u00e9s en fonction de la luminosit\u00e9 avant la saturation et la teinte.<\/p>\n\n\n\n<p class=\"wp-block-paragraph\">Le syst\u00e8me VITA Classical reste largement reconnu, mais aucun des deux syst\u00e8mes ne peut se substituer \u00e0 la cartographie des teintes, \u00e0 la photographie normalis\u00e9e, \u00e0 la documentation des teintes sur moignon et \u00e0 la v\u00e9rification en laboratoire.<\/p>\n\n\n\n<h3 class=\"wp-block-heading\">Le ciment r\u00e9sineux permet-il de corriger la teinte d'une facette ?<\/h3>\n\n\n\n<p class=\"wp-block-paragraph\">Le ciment r\u00e9sineux est une fine couche optique susceptible de modifier la couleur finale d'une facette translucide ; toutefois, il ne permet pas de rattraper de mani\u00e8re fiable une restauration dont la qualit\u00e9 de la c\u00e9ramique, l'opacit\u00e9, l'\u00e9paisseur ou le plan de traitement du support pr\u00e9sentent des d\u00e9fauts fondamentaux, en particulier lorsque l'\u00e9paisseur de la facette est comprise entre environ 0,3 et 0,5 millim\u00e8tre.<\/p>\n\n\n\n<p class=\"wp-block-paragraph\">Utilisez des p\u00e2tes d'essai pour comparer les diff\u00e9rentes options de ciment avant la mise en place. Ne consid\u00e9rez pas le ciment comme une solution de derni\u00e8re minute pour corriger une restauration mal r\u00e9alis\u00e9e.<\/p>\n\n\n\n<h2 class=\"wp-block-heading\">Envoyez une carte des valeurs, pas un code de teintes<\/h2>\n\n\n\n<p class=\"wp-block-paragraph\">Avant d'envoyer le prochain dossier concernant un placage, \u00e9vitez de vous contenter d'indiquer \u201c A1 \u201d ou \u201c BL3 \u201d.\u201d<\/p>\n\n\n\n<p class=\"wp-block-paragraph\">Noter la valeur du tiers central. Effectuer une cartographie de la chromaticit\u00e9 cervicale. Photographier la teinte finale ainsi que toutes les teintes des moignons. Pr\u00e9ciser la translucidit\u00e9, le halo, la texture et la brillance souhait\u00e9s. V\u00e9rifier l'\u00e9paisseur de la c\u00e9ramique et le ciment r\u00e9sine propos\u00e9. Montrer au laboratoire ce que le patient a approuv\u00e9.<\/p>\n\n\n\n<p class=\"wp-block-paragraph\">Posez-vous alors une question toute simple :<\/p>\n\n\n\n<p class=\"wp-block-paragraph\">Cette restauration doit-elle correspondre \u00e0 une languette, ou doit-elle \u00eatre plac\u00e9e sur la face du patient ?<\/p>\n\n\n\n<p class=\"wp-block-paragraph\">Pour l'examen des documents techniques, l'\u00e9valuation des nuances de couleur ou la planification d'un cas d'essai sur les dents ant\u00e9rieures, veuillez envoyer les scans, les photographies, les nuances du moignon et la prescription via le <a href=\"https:\/\/artistdentallab.com\/fr\/contact\/\">Page de consultation du laboratoire dentaire Artist<\/a>. <\/p>","protected":false},"excerpt":{"rendered":"<p>La teinte A1 peut tout de m\u00eame para\u00eetre inappropri\u00e9e. Ce guide explique pourquoi la valeur \u2014 c'est-\u00e0-dire la clart\u00e9 ou l'obscurit\u00e9 d'une restauration \u2014 est d\u00e9terminante pour l'esth\u00e9tique des facettes, comment les nuanciers masquent les variables optiques, et comment les praticiens et les laboratoires peuvent ma\u00eetriser la photographie, la teinte du moignon, l'\u00e9paisseur de la c\u00e9ramique et le ciment r\u00e9sineux afin de r\u00e9duire les d\u00e9calages visibles.<\/p>","protected":false},"author":1,"featured_media":1548,"comment_status":"open","ping_status":"open","sticky":false,"template":"","format":"standard","meta":{"footnotes":""},"categories":[22],"tags":[562,565,564,563,561,559,560],"class_list":["post-1547","post","type-post","status-publish","format-standard","has-post-thumbnail","hentry","category-dental-knowledge","tag-ceramic-veneer-color-matching","tag-dental-laboratory-communication","tag-dental-shade-matching","tag-hue-chroma-and-value","tag-tooth-value-in-dentistry","tag-veneer-esthetics","tag-veneer-shade-selection"],"blocksy_meta":{"styles_descriptor":{"styles":{"desktop":"","tablet":"","mobile":""},"google_fonts":[],"version":7}},"_links":{"self":[{"href":"https:\/\/artistdentallab.com\/fr\/wp-json\/wp\/v2\/posts\/1547","targetHints":{"allow":["GET"]}}],"collection":[{"href":"https:\/\/artistdentallab.com\/fr\/wp-json\/wp\/v2\/posts"}],"about":[{"href":"https:\/\/artistdentallab.com\/fr\/wp-json\/wp\/v2\/types\/post"}],"author":[{"embeddable":true,"href":"https:\/\/artistdentallab.com\/fr\/wp-json\/wp\/v2\/users\/1"}],"replies":[{"embeddable":true,"href":"https:\/\/artistdentallab.com\/fr\/wp-json\/wp\/v2\/comments?post=1547"}],"version-history":[{"count":1,"href":"https:\/\/artistdentallab.com\/fr\/wp-json\/wp\/v2\/posts\/1547\/revisions"}],"predecessor-version":[{"id":1551,"href":"https:\/\/artistdentallab.com\/fr\/wp-json\/wp\/v2\/posts\/1547\/revisions\/1551"}],"wp:featuredmedia":[{"embeddable":true,"href":"https:\/\/artistdentallab.com\/fr\/wp-json\/wp\/v2\/media\/1548"}],"wp:attachment":[{"href":"https:\/\/artistdentallab.com\/fr\/wp-json\/wp\/v2\/media?parent=1547"}],"wp:term":[{"taxonomy":"category","embeddable":true,"href":"https:\/\/artistdentallab.com\/fr\/wp-json\/wp\/v2\/categories?post=1547"},{"taxonomy":"post_tag","embeddable":true,"href":"https:\/\/artistdentallab.com\/fr\/wp-json\/wp\/v2\/tags?post=1547"}],"curies":[{"name":"wp","href":"https:\/\/api.w.org\/{rel}","templated":true}]}}