{"id":1606,"date":"2026-07-31T02:24:06","date_gmt":"2026-07-31T02:24:06","guid":{"rendered":"https:\/\/artistdentallab.com\/"},"modified":"2026-07-31T02:25:12","modified_gmt":"2026-07-31T02:25:12","slug":"replacing-one-veneer-in-a-multi-unit-case-shade-and-texture-matching-strategies","status":"publish","type":"post","link":"https:\/\/artistdentallab.com\/fr\/replacing-one-veneer-in-a-multi-unit-case-shade-and-texture-matching-strategies\/","title":{"rendered":"Remplacement d'une facette dans un cas impliquant plusieurs facettes : strat\u00e9gies d'harmonisation de la teinte et de la texture"},"content":{"rendered":"<p class=\"wp-block-paragraph\">Un placage est visible.<\/p>\n\n\n\n<p class=\"wp-block-paragraph\">Lorsqu\u2019une seule unit\u00e9 doit \u00eatre r\u00e9int\u00e9gr\u00e9e dans un ensemble de facettes \u00e0 six, huit ou dix unit\u00e9s, le technicien ne se contente plus de cr\u00e9er un sourire \u00e0 partir d\u2019une recette standard ; il proc\u00e8de \u00e0 une analyse r\u00e9trospective de la c\u00e9ramique coll\u00e9e, de la teinte de la pr\u00e9paration, de l\u2019influence du ciment, de l\u2019usure de la surface, de l\u2019historique du polissage et des choix optiques effectu\u00e9s des ann\u00e9es auparavant.<\/p>\n\n\n\n<p class=\"wp-block-paragraph\">Comment un seul code de teinte pourrait-il r\u00e9soudre ce probl\u00e8me ?<\/p>\n\n\n\n<p class=\"wp-block-paragraph\">Ce n'est pas possible.<\/p>\n\n\n\n<p class=\"wp-block-paragraph\">Je consid\u00e8re le remplacement d'une facette isol\u00e9e comme l'une des interventions les plus d\u00e9licates en dentisterie ant\u00e9rieure. Un traitement complet portant sur plusieurs facettes permet d'assurer une sym\u00e9trie contr\u00f4l\u00e9e, un choix de mat\u00e9riaux harmonis\u00e9, une \u00e9paisseur de c\u00e9ramique coordonn\u00e9e et un protocole de finition unique. Une facette de remplacement ne b\u00e9n\u00e9ficie d'aucun de ces avantages. Elle doit s'int\u00e9grer dans un ensemble d\u00e9j\u00e0 existant.<\/p>\n\n\n\n<p class=\"wp-block-paragraph\">La dure r\u00e9alit\u00e9 est simple : le fait de respecter \u00e0 la lettre la prescription initiale du laboratoire peut tout de m\u00eame aboutir \u00e0 une restauration inadapt\u00e9e. L'objectif clinique n'est pas la facette telle qu'elle se pr\u00e9sentait le jour de la livraison. L'objectif, c'est le cas de facette tel qu'il se pr\u00e9sente aujourd'hui.<\/p>\n\n\n\n<figure class=\"wp-block-image size-large\"><img fetchpriority=\"high\" decoding=\"async\" width=\"1024\" height=\"683\" src=\"https:\/\/artistdentallab.com\/wp-content\/uploads\/2026\/07\/Replacing-One-Veneer-in-a-Multi-Unit-Case-Shade-and-Texture-Matching-Strategies-2-1024x683.jpg\" alt=\"Remplacement d&#039;une facette dans un cas impliquant plusieurs facettes : strat\u00e9gies de correspondance des teintes et des textures\" class=\"wp-image-1608\" title=\"\" srcset=\"https:\/\/artistdentallab.com\/wp-content\/uploads\/2026\/07\/Replacing-One-Veneer-in-a-Multi-Unit-Case-Shade-and-Texture-Matching-Strategies-2-1024x683.jpg 1024w, https:\/\/artistdentallab.com\/wp-content\/uploads\/2026\/07\/Replacing-One-Veneer-in-a-Multi-Unit-Case-Shade-and-Texture-Matching-Strategies-2-300x200.jpg 300w, https:\/\/artistdentallab.com\/wp-content\/uploads\/2026\/07\/Replacing-One-Veneer-in-a-Multi-Unit-Case-Shade-and-Texture-Matching-Strategies-2-768x512.jpg 768w, https:\/\/artistdentallab.com\/wp-content\/uploads\/2026\/07\/Replacing-One-Veneer-in-a-Multi-Unit-Case-Shade-and-Texture-Matching-Strategies-2-18x12.jpg 18w, https:\/\/artistdentallab.com\/wp-content\/uploads\/2026\/07\/Replacing-One-Veneer-in-a-Multi-Unit-Case-Shade-and-Texture-Matching-Strategies-2-500x333.jpg 500w, https:\/\/artistdentallab.com\/wp-content\/uploads\/2026\/07\/Replacing-One-Veneer-in-a-Multi-Unit-Case-Shade-and-Texture-Matching-Strategies-2-600x400.jpg 600w, https:\/\/artistdentallab.com\/wp-content\/uploads\/2026\/07\/Replacing-One-Veneer-in-a-Multi-Unit-Case-Shade-and-Texture-Matching-Strategies-2.jpg 1536w\" sizes=\"(max-width: 1024px) 100vw, 1024px\" \/><\/figure>\n\n\n\n<h2 class=\"wp-block-heading\">Pourquoi le remplacement d'une facette isol\u00e9e constitue une reconstruction optique<\/h2>\n\n\n\n<p class=\"wp-block-paragraph\">Un placage ne pr\u00e9sente pas une seule couleur fixe. Son aspect r\u00e9sulte d'un ensemble de variables qui interagissent entre elles :<\/p>\n\n\n\n<ul class=\"wp-block-list\">\n<li>La dent pr\u00e9par\u00e9e<\/li>\n\n\n\n<li>Ciment \u00e0 base de r\u00e9sine<\/li>\n\n\n\n<li>Composition c\u00e9ramique<\/li>\n\n\n\n<li>\u00c9paisseur de la c\u00e9ramique<\/li>\n\n\n\n<li>Stratification interne ou coloration<\/li>\n\n\n\n<li>Translucidit\u00e9 et opacit\u00e9<\/li>\n\n\n\n<li>Contour du visage<\/li>\n\n\n\n<li>Angles de ligne<\/li>\n\n\n\n<li>Texture de surface<\/li>\n\n\n\n<li>Finition brillante<\/li>\n\n\n\n<li>Dents adjacentes et gencive<\/li>\n\n\n\n<li>Le contexte oral sombre<\/li>\n<\/ul>\n\n\n\n<p class=\"wp-block-paragraph\">Si vous modifiez une variable, le texte de remplacement risque de ne plus s'aligner visuellement avec le texte d'origine.<\/p>\n\n\n\n<p class=\"wp-block-paragraph\">Une nouvelle facette peut porter la m\u00eame d\u00e9signation (A1, B1, 1M1 ou BL3) que les \u00e9l\u00e9ments adjacents tout en paraissant plus claire, plus grise, plus large, plus plate ou plus opaque. C'est pourquoi notre guide sur <a href=\"https:\/\/artistdentallab.com\/fr\/why-value-matters-more-than-the-shade-tab-in-veneer-esthetics\/\">Pourquoi la valeur est plus importante que l'onglet \u00ab teinte \u00bb dans l'esth\u00e9tique des facettes<\/a> consid\u00e8re l'onglet \u00ab teinte \u00bb comme une indication de r\u00e9f\u00e9rence plut\u00f4t que comme une prescription optique compl\u00e8te. Les d\u00e9grad\u00e9s de teinte, la teinte du moignon, l'\u00e9paisseur de la c\u00e9ramique, le ciment, la translucidit\u00e9, la texture et la brillance doivent toujours \u00eatre communiqu\u00e9s s\u00e9par\u00e9ment.<\/p>\n\n\n\n<h3 class=\"wp-block-heading\">Les facettes existantes constituent la r\u00e9f\u00e9rence principale<\/h3>\n\n\n\n<p class=\"wp-block-paragraph\">Dans le cadre d'une pose de facettes classique, le praticien peut s'appuyer sur les dents naturelles controlat\u00e9rales, des sch\u00e9mas diagnostiques, des proth\u00e8ses provisoires, des rep\u00e8res faciaux et des nuanciers pour d\u00e9finir l'objectif vis\u00e9.<\/p>\n\n\n\n<p class=\"wp-block-paragraph\">Un bo\u00eetier de remplacement, c'est autre chose.<\/p>\n\n\n\n<p class=\"wp-block-paragraph\">Les facettes adjacentes constituent l'ensemble de r\u00e9f\u00e9rence. Le technicien doit en v\u00e9rifier :<\/p>\n\n\n\n<ul class=\"wp-block-list\">\n<li>Transition entre la valeur cervicale et la valeur incisale<\/li>\n\n\n\n<li>Chroma du corps<\/li>\n\n\n\n<li>Translucidit\u00e9 incisale<\/li>\n\n\n\n<li>Intensit\u00e9 du halo<\/li>\n\n\n\n<li>Visibilit\u00e9 des mamelons<\/li>\n\n\n\n<li>Convexit\u00e9 faciale<\/li>\n\n\n\n<li>Largeur de la zone r\u00e9fl\u00e9chissante<\/li>\n\n\n\n<li>Position de la ligne d'angle<\/li>\n\n\n\n<li>Macrotexture<\/li>\n\n\n\n<li>Microtexture<\/li>\n\n\n\n<li>Niveau de brillance<\/li>\n\n\n\n<li>Degr\u00e9 d'usure<\/li>\n<\/ul>\n\n\n\n<p class=\"wp-block-paragraph\">Je ne demanderais pas au laboratoire de \u201c reproduire la teinte des facettes existantes \u201d sans avoir montr\u00e9 ces facettes sous diff\u00e9rents \u00e9clairages et dans diff\u00e9rentes conditions d'observation. Cette consigne semble pr\u00e9cise. Elle ne l'est pas.<\/p>\n\n\n\n<h3 class=\"wp-block-heading\">Le nom du mat\u00e9riau d'origine ne suffit pas<\/h3>\n\n\n\n<p class=\"wp-block-paragraph\">Supposons que le bo\u00eetier d'origine ait \u00e9t\u00e9 fabriqu\u00e9 en disilicate de lithium, dont la formule chimique est Li\u2082Si\u2082O\u2085. Le fait de commander un autre bo\u00eetier en disilicate de lithium ne garantit pas automatiquement d'obtenir le m\u00eame r\u00e9sultat que celui d'origine.<\/p>\n\n\n\n<p class=\"wp-block-paragraph\">Les anciennes facettes pouvaient \u00eatre :<\/p>\n\n\n\n<ul class=\"wp-block-list\">\n<li>Monolithique et teint\u00e9 en surface<\/li>\n\n\n\n<li>Raccourci et d\u00e9grad\u00e9<\/li>\n\n\n\n<li>Press\u00e9 plut\u00f4t que frais\u00e9<\/li>\n\n\n\n<li>Fabriqu\u00e9 dans une \u00e9paisseur diff\u00e9rente<\/li>\n\n\n\n<li>\u00c9maill\u00e9 selon un programme de cuisson diff\u00e9rent<\/li>\n\n\n\n<li>Poli m\u00e9caniquement apr\u00e8s ajustement clinique<\/li>\n\n\n\n<li>Unis par des nuances de souches diff\u00e9rentes<\/li>\n\n\n\n<li>Fix\u00e9 \u00e0 l'aide d'une r\u00e9sine chaude, neutre, brillante ou opaque<\/li>\n<\/ul>\n\n\n\n<p class=\"wp-block-paragraph\">Le m\u00eame probl\u00e8me se pose pour la porcelaine feldspathique et la zircone, ou ZrO\u2082. La famille de mat\u00e9riaux a son importance, mais l'identit\u00e9 du mat\u00e9riau \u00e0 elle seule ne suffit pas \u00e0 recr\u00e9er la restauration.<\/p>\n\n\n\n<p class=\"wp-block-paragraph\">Laboratoires dentaires d'artistes <a href=\"https:\/\/artistdentallab.com\/fr\/e-max-zirconia-or-feldspathic-for-anterior-veneers-a-case-based-selection-guide\/\">Comparaison, \u00e0 partir de cas concrets, des facettes en E.max, en zircone et en feldspath<\/a> distingue ces c\u00e9ramiques en fonction de leur translucidit\u00e9, des besoins en mati\u00e8re de masquage, des conditions de collage, des exigences fonctionnelles et de leur potentiel de caract\u00e9risation, plut\u00f4t que de pr\u00e9tendre qu\u2019une c\u00e9ramique en particulier est universellement sup\u00e9rieure.<\/p>\n\n\n\n<h2 class=\"wp-block-heading\">Le choix de la teinte d'un placage commence par la valeur, et non par la lettre figurant sur l'\u00e9tiquette<\/h2>\n\n\n\n<p class=\"wp-block-paragraph\">La premi\u00e8re question \u00e0 se poser lors du diagnostic ne devrait pas \u00eatre : \u201c S'agit-il d'un A1 ou d'un A2 ? \u201d<\/p>\n\n\n\n<p class=\"wp-block-paragraph\">Il faudrait dire : \u201c \u00c0 quel endroit la couleur de remplacement est-elle trop claire ou trop fonc\u00e9e ? \u201d<\/p>\n\n\n\n<p class=\"wp-block-paragraph\">La valeur \u2014 c'est-\u00e0-dire la clart\u00e9 ou l'obscurit\u00e9 relative d'une restauration \u2014 permet g\u00e9n\u00e9ralement de d\u00e9tecter un d\u00e9calage avant m\u00eame la teinte. Une facette de remplacement dont la valeur est trop \u00e9lev\u00e9e peut para\u00eetre crayeuse, large, plate ou \u00ab toute neuve \u00bb. \u00c0 l'inverse, une facette de faible valeur peut para\u00eetre grise, \u00e9troite, en retrait ou sans vie.<\/p>\n\n\n\n<p class=\"wp-block-paragraph\">Il ne s'agit pas l\u00e0 d'une distinction acad\u00e9mique mineure.<\/p>\n\n\n\n<p class=\"wp-block-paragraph\">Une \u00e9tude prospective multicentrique publi\u00e9e en 2015 a \u00e9tabli les valeurs de diff\u00e9rence de couleur selon la norme CIEDE2000 de <strong>\u0394E\u2080\u2080 = 0,8<\/strong> pour le seuil de perceptibilit\u00e9 50:50 et <strong>\u0394E\u2080\u2080 = 1,8<\/strong> pour le seuil d'acceptabilit\u00e9 de 50\/50. Concr\u00e8tement, une diff\u00e9rence sup\u00e9rieure \u00e0 0,8 peut \u00eatre per\u00e7ue par la moiti\u00e9 des observateurs, tandis qu'une diff\u00e9rence \u00e9gale ou sup\u00e9rieure \u00e0 1,8 peut \u00eatre rejet\u00e9e par la moiti\u00e9 d'entre eux. Lire le <a href=\"https:\/\/pubmed.ncbi.nlm.nih.gov\/25886208\/\" rel=\"nofollow noopener\" target=\"_blank\">\u00e9tude multicentrique sur le seuil de perception des couleurs en dentisterie<\/a> pour consulter la m\u00e9thodologie compl\u00e8te.<\/p>\n\n\n\n<p class=\"wp-block-paragraph\">Ces chiffres ne garantissent pas que chaque patient acceptera une facette pr\u00e9sentant un \u0394E\u2080\u2080 de 1,7. Un patient qui a pay\u00e9 pour le remplacement d'une dent ant\u00e9rieure et qui sait exactement quelle dent a \u00e9t\u00e9 refaite n'est pas un observateur en aveugle dans un laboratoire.<\/p>\n\n\n\n<p class=\"wp-block-paragraph\">L'attention modifie la perception.<\/p>\n\n\n\n<h3 class=\"wp-block-heading\">Marquer le placage en trois zones verticales<\/h3>\n\n\n\n<p class=\"wp-block-paragraph\">Une seule lecture du tiers central ne suffit pas pour un remplacement hautement caract\u00e9ris\u00e9.<\/p>\n\n\n\n<p class=\"wp-block-paragraph\">R\u00e9pertorier le placage existant par zone :<\/p>\n\n\n\n<ol class=\"wp-block-list\">\n<li><strong>Troisi\u00e8me partie cervicale :<\/strong> valeur, chaleur, saturation, opacit\u00e9 et r\u00e9flexion gingivale<\/li>\n\n\n\n<li><strong>Troisi\u00e8me partie :<\/strong> valeur de corps dominante, chroma et largeur de la zone r\u00e9fl\u00e9chissante<\/li>\n\n\n\n<li><strong>Tiers incisif :<\/strong> translucidit\u00e9, halo, mamelons, opalescence et influence de l'arri\u00e8re-plan buccal<\/li>\n<\/ol>\n\n\n\n<p class=\"wp-block-paragraph\">Une proth\u00e8se de remplacement peut s'harmoniser parfaitement avec le tiers m\u00e9dian et pourtant ne pas convenir parce que sa r\u00e9gion cervicale est trop claire ou que sa r\u00e9gion incisale est trop transparente.<\/p>\n\n\n\n<p class=\"wp-block-paragraph\">Le laboratoire a besoin d'une carte, pas d'une \u00e9tiquette.<\/p>\n\n\n\n<h3 class=\"wp-block-heading\">Utilisez les instruments, mais ne les v\u00e9n\u00e9rez pas<\/h3>\n\n\n\n<p class=\"wp-block-paragraph\">Les spectrophotom\u00e8tres fournissent des donn\u00e9es L*, a* et b* reproductibles :<\/p>\n\n\n\n<ul class=\"wp-block-list\">\n<li><strong>L*<\/strong> symbolise la l\u00e9g\u00e8ret\u00e9<\/li>\n\n\n\n<li><strong>a*<\/strong> repr\u00e9sente l'axe rouge-vert<\/li>\n\n\n\n<li><strong>b*<\/strong> repr\u00e9sente l'axe jaune-bleu<\/li>\n<\/ul>\n\n\n\n<p class=\"wp-block-paragraph\">Cette information est utile. Mais ce n'est pas tout.<\/p>\n\n\n\n<p class=\"wp-block-paragraph\">Une \u00e9tude r\u00e9alis\u00e9e en 2017 portant sur 13 patients et trois restaurations r\u00e9alis\u00e9es pour chaque incisive centrale maxillaire s\u00e9lectionn\u00e9e a montr\u00e9 que les spectrophotom\u00e8tres VITA Easyshade et Shadepilot donnaient des r\u00e9sultats nettement meilleurs en mati\u00e8re de correspondance des teintes que la m\u00e9thode visuelle utilisant un nuancier. Les deux instruments ne pr\u00e9sentaient pas de diff\u00e9rence significative l'un par rapport \u00e0 l'autre.<\/p>\n\n\n\n<p class=\"wp-block-paragraph\">Mais des donn\u00e9es r\u00e9centes mettent en garde contre le fait de consid\u00e9rer un appareil quel qu\u2019il soit comme une solution automatique. Une \u00e9tude clinique men\u00e9e en 2026 a compar\u00e9 le scanner intra-oral Medit i700, des observateurs visuels form\u00e9s et le syst\u00e8me VITA Easyshade sur 48 dents. La concordance exacte de la teinte globale s\u2019est av\u00e9r\u00e9e globalement faible, bien que la concordance des valeurs se soit consid\u00e9rablement am\u00e9lior\u00e9e et que l\u2019acceptabilit\u00e9 des valeurs se soit g\u00e9n\u00e9ralement situ\u00e9e au-dessus de 80%, \u00e0 un niveau de valeur pr\u00e8s de la r\u00e9f\u00e9rence. Les auteurs ont recommand\u00e9 d\u2019associer les mesures du scanner \u00e0 une \u00e9valuation spectrophotom\u00e9trique et \u00e0 une \u00e9valuation visuelle contr\u00f4l\u00e9e.<\/p>\n\n\n\n<p class=\"wp-block-paragraph\">Mon avis ? Utilisez l'instrument pour mettre l'\u0153il au d\u00e9fi, et utilisez l'\u0153il pour mettre l'instrument au d\u00e9fi.<\/p>\n\n\n\n<h2 class=\"wp-block-heading\">L'ombre projet\u00e9e par une souche peut g\u00e2cher un match qui, sans cela, serait parfait<\/h2>\n\n\n\n<p class=\"wp-block-paragraph\">La c\u00e9ramique fine n'est pas un mur peint. La lumi\u00e8re y p\u00e9n\u00e8tre.<\/p>\n\n\n\n<p class=\"wp-block-paragraph\">Cette lumi\u00e8re interagit avec la c\u00e9ramique, le ciment r\u00e9sineux, la dent pr\u00e9par\u00e9e et les structures environnantes avant de revenir vers l'observateur. La teinte finale obtenue apr\u00e8s collage est donc le r\u00e9sultat d'un ensemble de ph\u00e9nom\u00e8nes optiques, et non pas simplement la teinte de c\u00e9ramique choisie au laboratoire.<\/p>\n\n\n\n<p class=\"wp-block-paragraph\">Ce ph\u00e9nom\u00e8ne devient particuli\u00e8rement intense vers environ <strong>0,3 \u00e0 0,5 mm<\/strong> \u00e9paisseur de la c\u00e9ramique.<\/p>\n\n\n\n<p class=\"wp-block-paragraph\">Une \u00e9tude r\u00e9alis\u00e9e en 2011 a r\u00e9v\u00e9l\u00e9 que le fait de changer le substrat de support modifiait consid\u00e9rablement la couleur choisie de <strong>Facettes en stratifi\u00e9 c\u00e9ramique de 0,5 mm<\/strong>, quelle que soit la teinte de la c\u00e9ramique. Les auteurs ont conclu que la couleur de la base pouvait avoir une influence clinique sur le r\u00e9sultat final.<\/p>\n\n\n\n<h3 class=\"wp-block-heading\">Pourquoi la souche de remplacement peut-elle se comporter diff\u00e9remment ?<\/h3>\n\n\n\n<p class=\"wp-block-paragraph\">La dent sur laquelle sera pos\u00e9e la nouvelle facette peut pr\u00e9senter :<\/p>\n\n\n\n<ul class=\"wp-block-list\">\n<li>Une pr\u00e9paration plus fonc\u00e9e<\/li>\n\n\n\n<li>Une dentine davantage mise \u00e0 nu<\/li>\n\n\n\n<li>Une ancienne reconstitution en composite<\/li>\n\n\n\n<li>D\u00e9coloration endodontique<\/li>\n\n\n\n<li>R\u00e9sidus de ciment r\u00e9sineux<\/li>\n\n\n\n<li>Une profondeur de r\u00e9duction diff\u00e9rente<\/li>\n\n\n\n<li>Une marge r\u00e9cemment r\u00e9par\u00e9e<\/li>\n\n\n\n<li>Diminution de l'\u00e9paisseur de l'\u00e9mail<\/li>\n<\/ul>\n\n\n\n<p class=\"wp-block-paragraph\">Ainsi, m\u00eame lorsque les facettes adjacentes ont \u00e9t\u00e9 fabriqu\u00e9es \u00e0 partir d'un m\u00eame lot de c\u00e9ramique, la dent de remplacement peut n\u00e9cessiter une opacit\u00e9 diff\u00e9rente ou une strat\u00e9gie de stratification diff\u00e9rente.<\/p>\n\n\n\n<p class=\"wp-block-paragraph\">C'est l\u00e0 que la mise en correspondance des teintes des facettes en porcelaine, effectu\u00e9e \u00e0 la va-vite, \u00e9choue. Le technicien est en effet amen\u00e9 \u00e0 reproduire l'aspect facial tout en travaillant sur un support qui peut ne pr\u00e9senter aucun rapport optique avec les pr\u00e9parations voisines.<\/p>\n\n\n\n<h3 class=\"wp-block-heading\">Photographiez la souche avant qu'elle ne se dess\u00e8che<\/h3>\n\n\n\n<p class=\"wp-block-paragraph\">La pr\u00e9paration doit \u00eatre photographi\u00e9e et consign\u00e9e sans d\u00e9lai apr\u00e8s le retrait de la facette et le nettoyage. Un isolement prolong\u00e9 peut d\u00e9shydrater la dent et augmenter sa valeur apparente.<\/p>\n\n\n\n<p class=\"wp-block-paragraph\">Fournir :<\/p>\n\n\n\n<ul class=\"wp-block-list\">\n<li>Une languette d'ombrage du moignon situ\u00e9e dans le m\u00eame plan que la pr\u00e9paration<\/li>\n\n\n\n<li>Une exposition neutre<\/li>\n\n\n\n<li>Une exposition l\u00e9g\u00e8rement plus sombre<\/li>\n\n\n\n<li>Une image regroupant toutes les pr\u00e9parations ou les dents restaur\u00e9es adjacentes<\/li>\n\n\n\n<li>Une note \u00e9crite identifiant les zones de composite, de dentine, d'\u00e9mail et de d\u00e9coloration<\/li>\n\n\n\n<li>L'\u00e9paisseur pr\u00e9vue de la c\u00e9ramique<\/li>\n\n\n\n<li>Le syst\u00e8me r\u00e9sine-ciment envisag\u00e9<\/li>\n<\/ul>\n\n\n\n<p class=\"wp-block-paragraph\">Sans ces informations, le laboratoire risque de compenser \u00e0 l'aveuglette en augmentant l'opacit\u00e9. Cela peut masquer le moignon et, par la m\u00eame occasion, nuire \u00e0 la vitalit\u00e9 de la proth\u00e8se.<\/p>\n\n\n\n<h2 class=\"wp-block-heading\">La correspondance des textures, c'est la correspondance des nuances<\/h2>\n\n\n\n<p class=\"wp-block-paragraph\">Voici une opinion qui d\u00e9range : bon nombre de \u201c probl\u00e8mes de nuance \u201d sont en r\u00e9alit\u00e9 des probl\u00e8mes de contour et de texture d\u00e9guis\u00e9s en probl\u00e8mes de couleur.<\/p>\n\n\n\n<p class=\"wp-block-paragraph\">Une surface faciale large et tr\u00e8s polie renvoie un reflet plus grand et plus lumineux. En r\u00e9duisant la zone r\u00e9fl\u00e9chissante, cette m\u00eame c\u00e9ramique peut para\u00eetre plus sombre, plus fine et plus profonde. En modifiant les angles des lignes, la largeur apparente de la dent change. En augmentant la microtexture, la lumi\u00e8re r\u00e9fl\u00e9chie devient plus fragment\u00e9e.<\/p>\n\n\n\n<p class=\"wp-block-paragraph\">La couleur n'a pas forc\u00e9ment chang\u00e9.<\/p>\n\n\n\n<p class=\"wp-block-paragraph\">La perception, oui.<\/p>\n\n\n\n<p class=\"wp-block-paragraph\">Le guide d\u00e9taill\u00e9 du site sur <a href=\"https:\/\/artistdentallab.com\/fr\/surface-texture-in-veneers-matching-age-expression-and-personality\/\">texture de la surface du placage et r\u00e9flexion de la lumi\u00e8re naturelle<\/a> distingue le contour primaire, les lobes de d\u00e9veloppement, les sillons, les p\u00e9rikymes, les angles de ligne, les d\u00e9tails incisaux et le brillant ma\u00eetris\u00e9. Cette distinction est importante, car une surface peut pr\u00e9senter des caract\u00e9ristiques anatomiques tout en restant correctement polie.<\/p>\n\n\n\n<h3 class=\"wp-block-heading\">Harmoniser les textures sur quatre couches<\/h3>\n\n\n\n<h4 class=\"wp-block-heading\">1. Classe de primaire<\/h4>\n\n\n\n<p class=\"wp-block-paragraph\">La forme primaire comprend la convexit\u00e9 faciale, l'\u00e9mergence, la longueur totale, la position incisale et les grands plans qui d\u00e9finissent la r\u00e9flexion de base de la dent.<\/p>\n\n\n\n<p class=\"wp-block-paragraph\">Si vous vous trompez, cette texture raffin\u00e9e ne servira qu\u2019\u00e0 embellir une forme inadapt\u00e9e.<\/p>\n\n\n\n<h4 class=\"wp-block-heading\">2. Angles de ligne et zones r\u00e9fl\u00e9chissantes<\/h4>\n\n\n\n<p class=\"wp-block-paragraph\">Les angles des lignes d\u00e9terminent la largeur apparente.<\/p>\n\n\n\n<p class=\"wp-block-paragraph\">Une incisive centrale de remplacement peut pr\u00e9senter la m\u00eame largeur m\u00e9siodistale mesur\u00e9e que son homologue, tout en paraissant plus large, car ses zones de transition sont situ\u00e9es trop pr\u00e8s de la face proximale. Le laboratoire doit comparer \u00e0 la fois le contour physique et la zone faciale \u00e9clair\u00e9e.<\/p>\n\n\n\n<h4 class=\"wp-block-heading\">3. Macrotexture<\/h4>\n\n\n\n<p class=\"wp-block-paragraph\">La macrotexture comprend les lobes de d\u00e9veloppement, les d\u00e9pressions verticales, les facettes d'usure et les transitions de surface plus importantes.<\/p>\n\n\n\n<p class=\"wp-block-paragraph\">Celles-ci doivent \u00eatre adapt\u00e9es en fonction de l'emplacement et de l'intensit\u00e9, et non reproduites \u00e0 l'identique comme un mod\u00e8le g\u00e9n\u00e9rique de biblioth\u00e8que.<\/p>\n\n\n\n<h4 class=\"wp-block-heading\">4. Microtexture et brillance<\/h4>\n\n\n\n<p class=\"wp-block-paragraph\">La microtexture se caract\u00e9rise par la pr\u00e9sence de p\u00e9rikymates fins et de l\u00e9g\u00e8res irr\u00e9gularit\u00e9s de surface. La brillance d\u00e9termine l'intensit\u00e9 et la nettet\u00e9 de l'image r\u00e9fl\u00e9chie.<\/p>\n\n\n\n<p class=\"wp-block-paragraph\">Une proth\u00e8se fra\u00eechement \u00e9maill\u00e9e plac\u00e9e \u00e0 c\u00f4t\u00e9 de facettes ayant fait l'objet d'un ajustement clinique et d'un polissage m\u00e9canique peut para\u00eetre nettement plus brillante, m\u00eame si la couleur de base mesur\u00e9e est proche.<\/p>\n\n\n\n<p class=\"wp-block-paragraph\">Si lisse, \u00e7a a l'air neuf.<\/p>\n\n\n\n<p class=\"wp-block-paragraph\">C'est trop grossier, \u00e7a fait un peu inachev\u00e9.<\/p>\n\n\n\n<figure class=\"wp-block-image size-large\"><img decoding=\"async\" width=\"1024\" height=\"683\" src=\"https:\/\/artistdentallab.com\/wp-content\/uploads\/2026\/07\/Replacing-One-Veneer-in-a-Multi-Unit-Case-Shade-and-Texture-Matching-Strategies-3-1024x683.jpg\" alt=\"Remplacement d&#039;une facette dans un cas impliquant plusieurs facettes : strat\u00e9gies de correspondance des teintes et des textures\" class=\"wp-image-1609\" title=\"\" srcset=\"https:\/\/artistdentallab.com\/wp-content\/uploads\/2026\/07\/Replacing-One-Veneer-in-a-Multi-Unit-Case-Shade-and-Texture-Matching-Strategies-3-1024x683.jpg 1024w, https:\/\/artistdentallab.com\/wp-content\/uploads\/2026\/07\/Replacing-One-Veneer-in-a-Multi-Unit-Case-Shade-and-Texture-Matching-Strategies-3-300x200.jpg 300w, https:\/\/artistdentallab.com\/wp-content\/uploads\/2026\/07\/Replacing-One-Veneer-in-a-Multi-Unit-Case-Shade-and-Texture-Matching-Strategies-3-768x512.jpg 768w, https:\/\/artistdentallab.com\/wp-content\/uploads\/2026\/07\/Replacing-One-Veneer-in-a-Multi-Unit-Case-Shade-and-Texture-Matching-Strategies-3-18x12.jpg 18w, https:\/\/artistdentallab.com\/wp-content\/uploads\/2026\/07\/Replacing-One-Veneer-in-a-Multi-Unit-Case-Shade-and-Texture-Matching-Strategies-3-500x333.jpg 500w, https:\/\/artistdentallab.com\/wp-content\/uploads\/2026\/07\/Replacing-One-Veneer-in-a-Multi-Unit-Case-Shade-and-Texture-Matching-Strategies-3-600x400.jpg 600w, https:\/\/artistdentallab.com\/wp-content\/uploads\/2026\/07\/Replacing-One-Veneer-in-a-Multi-Unit-Case-Shade-and-Texture-Matching-Strategies-3.jpg 1536w\" sizes=\"(max-width: 1024px) 100vw, 1024px\" \/><\/figure>\n\n\n\n<h2 class=\"wp-block-heading\">Le tableau de diagnostic que j'utiliserais<\/h2>\n\n\n\n<figure class=\"wp-block-table\"><table class=\"has-fixed-layout\"><thead><tr><th>Variable de correspondance<\/th><th>Ce que la clinique doit consigner<\/th><th>Ce que le laboratoire doit reproduire<\/th><th>\u00c9chec commun<\/th><\/tr><\/thead><tbody><tr><td>Valeur globale<\/td><td>Photos calibr\u00e9es, nuanciers, mesures L*<\/td><td>Luminosit\u00e9 relative \u00e0 la distance de conversation<\/td><td>La pi\u00e8ce de rechange a un aspect crayeux ou gris\u00e2tre<\/td><\/tr><tr><td>Chroma cervical<\/td><td>Carte des nuances en gros plan et vue gingivale<\/td><td>Chaleur et saturation pr\u00e8s de la lisi\u00e8re<\/td><td>Le tiers cervical semble mort ou trop jaune<\/td><\/tr><tr><td>Translucidit\u00e9 incisale<\/td><td>Vues \u00e0 contre-jour, \u00e0 \u00e9clairage lat\u00e9ral et sur fond oral<\/td><td>Profondeur, halo, visibilit\u00e9 du mamelon, effet opalescent<\/td><td>Le bord incisif pr\u00e9sente un aspect vitreux ou opaque<\/td><\/tr><tr><td>Ombrage de la souche<\/td><td>Photo de pr\u00e9paration individuelle avec onglet de r\u00e9f\u00e9rence<\/td><td>Niveau de masquage et opacit\u00e9 de la c\u00e9ramique<\/td><td>D\u00e9placements de la facette d\u00e9finitive apr\u00e8s le collage<\/td><\/tr><tr><td>\u00c9paisseur de la c\u00e9ramique<\/td><td>Scan de r\u00e9duction ou carte d'\u00e9paisseur<\/td><td>Transmission lumineuse constante<\/td><td>Les zones minces laissent appara\u00eetre le substrat<\/td><\/tr><tr><td>Angles de ligne<\/td><td>Photographies de face et \u00e0 45 degr\u00e9s<\/td><td>Largeur apparente et position de la zone r\u00e9fl\u00e9chissante<\/td><td>Cette dent semble plus large que l'autre<\/td><\/tr><tr><td>Macrotexture<\/td><td>Photographie \u00e0 contre-jour<\/td><td>Lobes, creux et traces d'usure<\/td><td>La restauration semble trop plate ou trop sculpt\u00e9e<\/td><\/tr><tr><td>Microtexture<\/td><td>Vue agrandie sous \u00e9clairage lat\u00e9ral<\/td><td>D\u00e9tails fins de la surface avec une intensit\u00e9 mod\u00e9r\u00e9e<\/td><td>La nouvelle unit\u00e9 semble artificiellement jeune<\/td><\/tr><tr><td>Gloss<\/td><td>Vid\u00e9o sur les projecteurs mobiles et comparaison avec les mod\u00e8les similaires<\/td><td>Une nettet\u00e9 et un fini similaires<\/td><td>La teinte choisie semble trop claire<\/td><\/tr><tr><td>Influence du ciment<\/td><td>\u00c9valuation de la p\u00e2te d'essai<\/td><td>Valeur finale et chaleur<\/td><td>Changements \u00e0 effectuer apr\u00e8s la mise en place, en condition s\u00e8che<\/td><\/tr><\/tbody><\/table><\/figure>\n\n\n\n<h2 class=\"wp-block-heading\">Un protocole pratique pour le remplacement d'une facette unique<\/h2>\n\n\n\n<h3 class=\"wp-block-heading\">\u00c9tape 1 : D\u00e9terminer pourquoi le placage d'origine a c\u00e9d\u00e9<\/h3>\n\n\n\n<p class=\"wp-block-paragraph\">Ne commencez pas par la couleur.<\/p>\n\n\n\n<p class=\"wp-block-paragraph\">D\u00e9terminez si la facette s'est fractur\u00e9e, s'est d\u00e9coll\u00e9e, s'est \u00e9br\u00e9ch\u00e9e, pr\u00e9sente une d\u00e9coloration marginale, a perdu son contact, a fait l'objet d'un ajustement excessif ou a \u00e9t\u00e9 retir\u00e9e pour des raisons biologiques. La cause a une incidence sur le choix du mat\u00e9riau, la conception de la pr\u00e9paration, l'\u00e9paisseur, la strat\u00e9gie de collage et le risque fonctionnel.<\/p>\n\n\n\n<p class=\"wp-block-paragraph\">Se contenter de reproduire l'apparence d'origine sans en diagnostiquer la cause de la d\u00e9faillance, ce n'est pas de la coh\u00e9rence. C'est de la r\u00e9p\u00e9tition.<\/p>\n\n\n\n<h3 class=\"wp-block-heading\">\u00c9tape 2 : Photographier le bo\u00eetier avant de le d\u00e9monter<\/h3>\n\n\n\n<p class=\"wp-block-paragraph\">Le placage retir\u00e9 constitue peut-\u00eatre la meilleure r\u00e9f\u00e9rence dont on dispose.<\/p>\n\n\n\n<p class=\"wp-block-paragraph\">Capture :<\/p>\n\n\n\n<ul class=\"wp-block-list\">\n<li>Repos et sourire du visage entier<\/li>\n\n\n\n<li>Vue de face avec la m\u00e2choire r\u00e9tract\u00e9e<\/li>\n\n\n\n<li>Vues \u00e0 45 degr\u00e9s vers la droite et vers la gauche<\/li>\n\n\n\n<li>Image de face en gros plan<\/li>\n\n\n\n<li>Vue du bord incisif<\/li>\n\n\n\n<li>Images des onglets \u00ab Shade \u00bb<\/li>\n\n\n\n<li>Images \u00e0 texture l\u00e9g\u00e8re obtenues par balayage<\/li>\n\n\n\n<li>Courte vid\u00e9o montrant la lumi\u00e8re se d\u00e9pla\u00e7ant sur les placages<\/li>\n<\/ul>\n\n\n\n<p class=\"wp-block-paragraph\">Photo avant le retrait, apr\u00e8s le retrait et pendant l'essayage.<\/p>\n\n\n\n<h3 class=\"wp-block-heading\">\u00c9tape 3 : Conserver l'ancien placage dans la mesure du possible<\/h3>\n\n\n\n<p class=\"wp-block-paragraph\">Une facette fissur\u00e9e ou d\u00e9coll\u00e9e peut tout de m\u00eame laisser appara\u00eetre :<\/p>\n\n\n\n<ul class=\"wp-block-list\">\n<li>\u00c9paisseur de la c\u00e9ramique<\/li>\n\n\n\n<li>Stratification interne<\/li>\n\n\n\n<li>Emplacement des taches<\/li>\n\n\n\n<li>Effets incisifs<\/li>\n\n\n\n<li>Traitement de surface<\/li>\n\n\n\n<li>Translucidit\u00e9<\/li>\n\n\n\n<li>Couleur du ciment<\/li>\n\n\n\n<li>Le degr\u00e9 d'adaptation clinique<\/li>\n<\/ul>\n\n\n\n<p class=\"wp-block-paragraph\">Envoyez-le au laboratoire d\u00e8s que cela est possible d'un point de vue clinique et logistique.<\/p>\n\n\n\n<h3 class=\"wp-block-heading\">\u00c9tape 4 : Enregistrer l'\u00e9tat actuel du dossier tel qu'il se pr\u00e9sente aujourd'hui<\/h3>\n\n\n\n<p class=\"wp-block-paragraph\">Ne vous fiez pas uniquement aux photos jointes \u00e0 la livraison initiale.<\/p>\n\n\n\n<p class=\"wp-block-paragraph\">Les dents adjacentes peuvent pr\u00e9senter des traces de polissage, des signes d'usure, des taches, une modification du contour gingival ou des diff\u00e9rences de brillance de surface. La proth\u00e8se de remplacement doit s'harmoniser avec le sourire actuel, sauf si le patient et le praticien ont convenu de modifier l'ensemble du traitement.<\/p>\n\n\n\n<h3 class=\"wp-block-heading\">\u00c9tape 5 : Choisir le mat\u00e9riau en fonction de la fonction optique<\/h3>\n\n\n\n<p class=\"wp-block-paragraph\">Pour les cas de disilicate de lithium reproductibles, un <a href=\"https:\/\/artistdentallab.com\/fr\/e-max-veneer\/\">Proc\u00e9dure de r\u00e9alisation des facettes E.max pour les restaurations unitaires ou pluritaires<\/a> peuvent offrir un ajustement contr\u00f4l\u00e9, un bon rapport qualit\u00e9-prix, une translucidit\u00e9 et une finition de surface.<\/p>\n\n\n\n<p class=\"wp-block-paragraph\">Pour les cas pr\u00e9sentant un \u00e9mail abondant et n\u00e9cessitant une stratification d\u00e9licate, une caract\u00e9risation incisale et une microtexture hautement personnalis\u00e9e, un <a href=\"https:\/\/artistdentallab.com\/fr\/feldspathic-veneer\/\">placage feldspathique pos\u00e9 \u00e0 la main<\/a> peut offrir une plus grande libert\u00e9 sur le plan visuel. Cela exige toutefois des dossiers plus solides et une s\u00e9lection plus rigoureuse des cas.<\/p>\n\n\n\n<p class=\"wp-block-paragraph\">Ne choisissez pas le mat\u00e9riau en fonction de votre fid\u00e9lit\u00e9 \u00e0 une marque. Choisissez-le en fonction :<\/p>\n\n\n\n<ul class=\"wp-block-list\">\n<li>Espace disponible<\/li>\n\n\n\n<li>Ombrage de la souche<\/li>\n\n\n\n<li>C\u00e9ramique existante<\/li>\n\n\n\n<li>Opacit\u00e9 requise<\/li>\n\n\n\n<li>Support en \u00e9mail<\/li>\n\n\n\n<li>Charge fonctionnelle<\/li>\n\n\n\n<li>Demande en mati\u00e8re de caract\u00e9risation des surfaces<\/li>\n\n\n\n<li>Capacit\u00e9s du laboratoire<\/li>\n<\/ul>\n\n\n\n<h3 class=\"wp-block-heading\">\u00c9tape 6 : Testez le ciment, mais ne vous attendez pas \u00e0 un miracle<\/h3>\n\n\n\n<p class=\"wp-block-paragraph\">La p\u00e2te d'essai permet de comparer les effets du ciment (neutre, chaud, brillant ou opaque) avant le collage. Cela s'av\u00e8re utile dans le cas d'une facette fine, car le ciment peut modifier les coordonn\u00e9es finales L*, a* et b*.<\/p>\n\n\n\n<p class=\"wp-block-paragraph\">Mais le ciment ne sert pas \u00e0 r\u00e9parer un placage dont les param\u00e8tres de fabrication sont erron\u00e9s.<\/p>\n\n\n\n<p class=\"wp-block-paragraph\">Une p\u00e2te claire ne permet pas de corriger de mani\u00e8re fiable une translucidit\u00e9 excessive sur un moignon fonc\u00e9. Une p\u00e2te opaque ne permet pas de redonner de la profondeur \u00e0 une c\u00e9ramique plate et trop masqu\u00e9e. Et un ciment chaud ne permet pas de corriger une r\u00e9partition incorrecte de la saturation au niveau cervical.<\/p>\n\n\n\n<p class=\"wp-block-paragraph\">Utilisez le ciment pour peaufiner, pas pour ressusciter.<\/p>\n\n\n\n<h3 class=\"wp-block-heading\">\u00c9tape 7 : \u00c9valuation en mouvement<\/h3>\n\n\n\n<p class=\"wp-block-paragraph\">Les photos frontales statiques masquent les probl\u00e8mes.<\/p>\n\n\n\n<p class=\"wp-block-paragraph\">V\u00e9rifiez la pi\u00e8ce de rechange :<\/p>\n\n\n\n<ul class=\"wp-block-list\">\n<li>\u00c0 port\u00e9e de voix<\/li>\n\n\n\n<li>\u00c9clairage du fauteuil d'op\u00e9ration<\/li>\n\n\n\n<li>Presque la lumi\u00e8re du jour<\/li>\n\n\n\n<li>Les l\u00e8vres bougeant<\/li>\n\n\n\n<li>Depuis les deux angles de 45 degr\u00e9s<\/li>\n\n\n\n<li>Sous un \u00e9clairage lat\u00e9ral ou oblique<\/li>\n\n\n\n<li>Sur fond oral sombre<\/li>\n\n\n\n<li>Une fois que la dent s'est r\u00e9hydrat\u00e9e<\/li>\n<\/ul>\n\n\n\n<p class=\"wp-block-paragraph\">Une facette qui semble parfaite sous un angle de prise de vue frontal peut ne plus convenir d\u00e8s que le patient tourne la t\u00eate.<\/p>\n\n\n\n<h2 class=\"wp-block-heading\">Quand l'harmonisation d'une seule facette n'est pas l'objectif th\u00e9rapeutique appropri\u00e9<\/h2>\n\n\n\n<p class=\"wp-block-paragraph\">Parfois, la r\u00e9ponse honn\u00eate est qu\u2019il est impossible de trouver une correspondance pr\u00e9visible pour une unit\u00e9 donn\u00e9e.<\/p>\n\n\n\n<p class=\"wp-block-paragraph\">Cela peut se produire lorsque :<\/p>\n\n\n\n<ul class=\"wp-block-list\">\n<li>On ignore d'o\u00f9 provient la c\u00e9ramique d'origine<\/li>\n\n\n\n<li>Les placages environnants pr\u00e9sentent un vieillissement irr\u00e9gulier<\/li>\n\n\n\n<li>Plusieurs logements pr\u00e9sentent d\u00e9j\u00e0 des d\u00e9fauts mineurs ou structurels<\/li>\n\n\n\n<li>La coque actuelle pr\u00e9sente une \u00e9paisseur ou une opacit\u00e9 irr\u00e9guli\u00e8re.<\/li>\n\n\n\n<li>Les anciennes restaurations ont \u00e9t\u00e9 ajust\u00e9es \u00e0 plusieurs reprises<\/li>\n\n\n\n<li>Le patient s'attend \u00e0 une correspondance parfaite, mais rejette toute variation perceptible.<\/li>\n\n\n\n<li>La reproduction de ces anciennes unit\u00e9s n\u00e9cessiterait une pr\u00e9paration biologiquement agressive.<\/li>\n\n\n\n<li>Les dents restantes ne r\u00e9pondent plus aux attentes esth\u00e9tiques du patient.<\/li>\n<\/ul>\n\n\n\n<p class=\"wp-block-paragraph\">Je pr\u00e9f\u00e8re expliquer cette limite avant le traitement plut\u00f4t que de qualifier le quatri\u00e8me remake de \u201c presque parfait \u201d.\u201d<\/p>\n\n\n\n<p class=\"wp-block-paragraph\">Le remplacement de facettes suppl\u00e9mentaires ne doit pas servir \u00e0 masquer une mauvaise communication entre les laboratoires. Mais pr\u00e9server \u00e0 tout prix chaque facette existante n'est pas non plus automatiquement une approche conservatrice. L'\u00e9tat biologique, l'\u00e9mail restant, les attentes du patient, l'impact financier et la stabilit\u00e9 \u00e0 long terme du traitement sont autant de facteurs \u00e0 prendre en compte.<\/p>\n\n\n\n<figure class=\"wp-block-image size-large\"><img decoding=\"async\" width=\"1024\" height=\"683\" src=\"https:\/\/artistdentallab.com\/wp-content\/uploads\/2026\/07\/Replacing-One-Veneer-in-a-Multi-Unit-Case-Shade-and-Texture-Matching-Strategies-4-1024x683.jpg\" alt=\"Remplacement d&#039;une facette dans un cas impliquant plusieurs facettes : strat\u00e9gies de correspondance des teintes et des textures\" class=\"wp-image-1610\" title=\"\" srcset=\"https:\/\/artistdentallab.com\/wp-content\/uploads\/2026\/07\/Replacing-One-Veneer-in-a-Multi-Unit-Case-Shade-and-Texture-Matching-Strategies-4-1024x683.jpg 1024w, https:\/\/artistdentallab.com\/wp-content\/uploads\/2026\/07\/Replacing-One-Veneer-in-a-Multi-Unit-Case-Shade-and-Texture-Matching-Strategies-4-300x200.jpg 300w, https:\/\/artistdentallab.com\/wp-content\/uploads\/2026\/07\/Replacing-One-Veneer-in-a-Multi-Unit-Case-Shade-and-Texture-Matching-Strategies-4-768x512.jpg 768w, https:\/\/artistdentallab.com\/wp-content\/uploads\/2026\/07\/Replacing-One-Veneer-in-a-Multi-Unit-Case-Shade-and-Texture-Matching-Strategies-4-18x12.jpg 18w, https:\/\/artistdentallab.com\/wp-content\/uploads\/2026\/07\/Replacing-One-Veneer-in-a-Multi-Unit-Case-Shade-and-Texture-Matching-Strategies-4-500x333.jpg 500w, https:\/\/artistdentallab.com\/wp-content\/uploads\/2026\/07\/Replacing-One-Veneer-in-a-Multi-Unit-Case-Shade-and-Texture-Matching-Strategies-4-600x400.jpg 600w, https:\/\/artistdentallab.com\/wp-content\/uploads\/2026\/07\/Replacing-One-Veneer-in-a-Multi-Unit-Case-Shade-and-Texture-Matching-Strategies-4.jpg 1536w\" sizes=\"(max-width: 1024px) 100vw, 1024px\" \/><\/figure>\n\n\n\n<h2 class=\"wp-block-heading\">FAQ<\/h2>\n\n\n\n<h3 class=\"wp-block-heading\">Qu'est-ce que la mise en correspondance des teintes des facettes ?<\/h3>\n\n\n\n<p class=\"wp-block-paragraph\">La mise en correspondance des teintes des facettes est un processus contr\u00f4l\u00e9 visant \u00e0 reproduire la valeur, la chroma, la teinte, la translucidit\u00e9, la fluorescence, la r\u00e9flexion de surface et l'interaction avec le substrat de la restauration existante, afin qu'une nouvelle facette s'int\u00e8gre parfaitement aux facettes plus anciennes sous un \u00e9clairage clinique, en photographie, \u00e0 la distance de conversation et lors des mouvements normaux des l\u00e8vres, plut\u00f4t que de se contenter de partager le m\u00eame code de teinte imprim\u00e9.<\/p>\n\n\n\n<p class=\"wp-block-paragraph\">Le processus doit associer une \u00e9valuation visuelle calibr\u00e9e, des photographies standardis\u00e9es, des relev\u00e9s de l'ombre projet\u00e9e par les souches, une cartographie de l'ombre, la s\u00e9lection des mat\u00e9riaux, l'analyse de la texture et une \u00e9valuation par essai.<\/p>\n\n\n\n<h3 class=\"wp-block-heading\">Pourquoi est-ce si difficile de remplacer une facette ?<\/h3>\n\n\n\n<p class=\"wp-block-paragraph\">Il est difficile de remplacer une facette, car le laboratoire doit reproduire \u00e0 l'identique une restauration qui a d\u00e9j\u00e0 \u00e9t\u00e9 fabriqu\u00e9e, coll\u00e9e, polie, us\u00e9e, tach\u00e9e et observ\u00e9e dans le contexte d'un sourire fig\u00e9, alors que la nouvelle facette est r\u00e9alis\u00e9e \u00e0 partir d'une c\u00e9ramique, d'une \u00e9paisseur, d'un traitement thermique, d'un ciment et d'un \u00e9tat de surface diff\u00e9rents, autant de facteurs susceptibles d'alt\u00e9rer son comportement optique.<\/p>\n\n\n\n<p class=\"wp-block-paragraph\">Un cas complet cr\u00e9e un syst\u00e8me visuel coh\u00e9rent. Tout \u00e9l\u00e9ment de remplacement doit s'int\u00e9grer \u00e0 ce syst\u00e8me sans le modifier.<\/p>\n\n\n\n<h3 class=\"wp-block-heading\">Pourquoi l'ombre projet\u00e9e par la souche est-elle importante pour une facette de remplacement ?<\/h3>\n\n\n\n<p class=\"wp-block-paragraph\">La teinte de base correspond \u00e0 la couleur mesur\u00e9e de la dent pr\u00e9par\u00e9e sous la facette ; elle est importante car la porcelaine feldspathique fine ou le disilicate de lithium laissent passer suffisamment de lumi\u00e8re pour que le substrat et le ciment r\u00e9sineux modifient la valeur finale, la chroma, la chaleur et le besoin de masquage de la restauration coll\u00e9e.<\/p>\n\n\n\n<p class=\"wp-block-paragraph\">Chaque pr\u00e9paration doit faire l'objet d'une photographie de la teinte du moignon, m\u00eame lorsque les facettes environnantes avaient \u00e9t\u00e9 initialement prescrites avec une seule teinte finale.<\/p>\n\n\n\n<h3 class=\"wp-block-heading\">Un dentiste devrait-il utiliser un spectrophotom\u00e8tre pour d\u00e9terminer la teinte des facettes ?<\/h3>\n\n\n\n<p class=\"wp-block-paragraph\">Un spectrophotom\u00e8tre est un instrument qui mesure la lumi\u00e8re r\u00e9fl\u00e9chie et la convertit en donn\u00e9es chromatiques normalis\u00e9es ; toutefois, il doit venir en compl\u00e9ment et non se substituer \u00e0 l'\u00e9valuation visuelle \u00e9talonn\u00e9e, \u00e0 la photographie normalis\u00e9e, aux cartes de nuances et aux relev\u00e9s de texture, car aucun appareil ne permet \u00e0 lui seul de rendre pleinement compte de la translucidit\u00e9, de la brillance, des angles des lignes ou de la r\u00e9flexion dynamique.<\/p>\n\n\n\n<p class=\"wp-block-paragraph\">La m\u00e9thode la plus fiable consiste \u00e0 comparer les relev\u00e9s des instruments avec les observations visuelles et les preuves photographiques, plut\u00f4t que de laisser une seule m\u00e9thode pr\u00e9valoir sur toutes les autres sources d'information.<\/p>\n\n\n\n<h3 class=\"wp-block-heading\">La texture peut-elle donner l'impression qu'une facette de remplacement n'est pas de la bonne teinte ?<\/h3>\n\n\n\n<p class=\"wp-block-paragraph\">La texture peut cr\u00e9er une apparente discordance de teinte, car les contours du visage, les angles des lignes, la microtexture et la brillance d\u00e9terminent o\u00f9 la lumi\u00e8re se concentre ou se disperse, ce qui fait que deux restaurations pr\u00e9sentant des coordonn\u00e9es chromatiques similaires peuvent para\u00eetre diff\u00e9rentes en termes de luminosit\u00e9, d'amplitude, de profondeur et de vitalit\u00e9 lorsqu'on les observe sous des angles variables.<\/p>\n\n\n\n<p class=\"wp-block-paragraph\">Avant de modifier la couleur de la c\u00e9ramique, v\u00e9rifiez la largeur de la zone r\u00e9fl\u00e9chissante, la convexit\u00e9 faciale, la position de l'angle de la ligne, le relief de la surface et le polissage final.<\/p>\n\n\n\n<h3 class=\"wp-block-heading\">Le ciment r\u00e9sineux permet-il de corriger une diff\u00e9rence de teinte au niveau d'une facette ?<\/h3>\n\n\n\n<p class=\"wp-block-paragraph\">Le ciment r\u00e9sineux peut modifier la couleur finale d'une facette fine et translucide, mais il doit \u00eatre consid\u00e9r\u00e9 comme une couche de finition contr\u00f4l\u00e9e, choisie \u00e0 l'aide d'une p\u00e2te d'essai, et non comme un moyen de pallier des erreurs li\u00e9es \u00e0 la teinte, \u00e0 l'opacit\u00e9, \u00e0 l'\u00e9paisseur, \u00e0 la superposition des couches ou \u00e0 la pr\u00e9paration du support de la c\u00e9ramique.<\/p>\n\n\n\n<p class=\"wp-block-paragraph\">Si la facette pr\u00e9sente un d\u00e9faut visible avant le choix du ciment, l'\u00e9quipe doit identifier l'erreur au niveau de la c\u00e9ramique ou de la conception plut\u00f4t que de la masquer sous une teinte de ciment plus prononc\u00e9e.<\/p>\n\n\n\n<h3 class=\"wp-block-heading\">Dans quels cas faut-il remplacer l'ensemble des facettes ?<\/h3>\n\n\n\n<p class=\"wp-block-paragraph\">Le remplacement de l'ensemble des facettes devient plus justifiable lorsque les \u00e9l\u00e9ments restants pr\u00e9sentent des d\u00e9faillances structurelles, un aspect esth\u00e9tique instable, un mat\u00e9riau non document\u00e9, ont fait l'objet de r\u00e9parations r\u00e9p\u00e9t\u00e9es ou sont impossibles \u00e0 harmoniser dans une fourchette optique acceptable ; toutefois, cette d\u00e9cision doit tenir compte de la pr\u00e9servation de l'\u00e9mail, du consentement du patient, de la fonction, du co\u00fbt et de l'\u00e9tat de chaque restauration existante.<\/p>\n\n\n\n<p class=\"wp-block-paragraph\">Une mauvaise ad\u00e9quation ne justifie pas \u00e0 elle seule un retrait inutile. Le praticien doit mettre en balance la pr\u00e9visibilit\u00e9 de la restauration et le co\u00fbt biologique li\u00e9 au remplacement de facettes encore en bon \u00e9tat.<\/p>\n\n\n\n<h2 class=\"wp-block-heading\">Envoyez un bo\u00eetier de remplacement que le laboratoire pourra r\u00e9ellement reproduire<\/h2>\n\n\n\n<p class=\"wp-block-paragraph\">N'envoyez pas \u00e0 la fois un scan, une ordonnance au format A1 et une photo prise avec votre t\u00e9l\u00e9phone.<\/p>\n\n\n\n<p class=\"wp-block-paragraph\">Veuillez envoyer le dossier pr\u00e9-extraction, le scan de pr\u00e9paration, la arcade oppos\u00e9e, l'occlusion, la facette d'origine ou ses fragments, la carte de teintes d\u00e9finitive, la teinte individuelle du moignon, les photographies calibr\u00e9es des \u00e9chantillons de teintes, les images de texture sous \u00e9clairage oblique, la vid\u00e9o sous \u00e9clairage mobile, l'historique de la c\u00e9ramique, les informations relatives au ciment, les notes occlusales, ainsi qu'une d\u00e9claration \u00e9crite pr\u00e9cisant les \u00e9l\u00e9ments qui doivent rester inchang\u00e9s.<\/p>\n\n\n\n<p class=\"wp-block-paragraph\">Pour l'examen du mat\u00e9riel de laboratoire, l'\u00e9valuation d'un cas de remplacement ou un essai contr\u00f4l\u00e9 sur la dentition ant\u00e9rieure, <a href=\"https:\/\/artistdentallab.com\/fr\/contact\/\">envoyer le dossier complet relatif aux facettes au laboratoire dentaire Artist<\/a>. Le processus de prise en charge accepte les fichiers STL, les scans intra-oraux, les photographies du cas, les relev\u00e9s de teintes, les ordonnances et les d\u00e9tails techniques du cas.<\/p>\n\n\n\n<p class=\"wp-block-paragraph\">Il est possible d'assortir un placage.<\/p>\n\n\n\n<p class=\"wp-block-paragraph\">Mais seulement lorsque la clinique cessera de consid\u00e9rer la \u201c nuance \u201d comme un code de couleur et commencera \u00e0 traiter le sourire existant comme une preuve m\u00e9dico-l\u00e9gale.<\/p>\n\n\n\n<p class=\"wp-block-paragraph\"><\/p>","protected":false},"excerpt":{"rendered":"<p>Le remplacement d'une facette au sein d'un sourire d\u00e9j\u00e0 \u00e9tabli ne rel\u00e8ve pas d'une simple remise \u00e0 neuf de routine. La nouvelle facette doit reproduire la c\u00e9ramique patin\u00e9e, la teinte coll\u00e9e, le contour facial, la r\u00e9flexion de la lumi\u00e8re, la texture de surface et le rythme visuel des restaurations environnantes.<\/p>","protected":false},"author":1,"featured_media":1607,"comment_status":"open","ping_status":"open","sticky":false,"template":"","format":"standard","meta":{"footnotes":""},"categories":[1],"tags":[195,608,610,609,607,185],"class_list":["post-1606","post","type-post","status-publish","format-standard","has-post-thumbnail","hentry","category-buyer-guides","tag-anterior-restorations","tag-dental-veneer-texture-matching","tag-multi-unit-veneer-case","tag-porcelain-veneer-color-matching","tag-single-veneer-replacement","tag-veneer-shade-matching"],"blocksy_meta":{"styles_descriptor":{"styles":{"desktop":"","tablet":"","mobile":""},"google_fonts":[],"version":7}},"_links":{"self":[{"href":"https:\/\/artistdentallab.com\/fr\/wp-json\/wp\/v2\/posts\/1606","targetHints":{"allow":["GET"]}}],"collection":[{"href":"https:\/\/artistdentallab.com\/fr\/wp-json\/wp\/v2\/posts"}],"about":[{"href":"https:\/\/artistdentallab.com\/fr\/wp-json\/wp\/v2\/types\/post"}],"author":[{"embeddable":true,"href":"https:\/\/artistdentallab.com\/fr\/wp-json\/wp\/v2\/users\/1"}],"replies":[{"embeddable":true,"href":"https:\/\/artistdentallab.com\/fr\/wp-json\/wp\/v2\/comments?post=1606"}],"version-history":[{"count":1,"href":"https:\/\/artistdentallab.com\/fr\/wp-json\/wp\/v2\/posts\/1606\/revisions"}],"predecessor-version":[{"id":1611,"href":"https:\/\/artistdentallab.com\/fr\/wp-json\/wp\/v2\/posts\/1606\/revisions\/1611"}],"wp:featuredmedia":[{"embeddable":true,"href":"https:\/\/artistdentallab.com\/fr\/wp-json\/wp\/v2\/media\/1607"}],"wp:attachment":[{"href":"https:\/\/artistdentallab.com\/fr\/wp-json\/wp\/v2\/media?parent=1606"}],"wp:term":[{"taxonomy":"category","embeddable":true,"href":"https:\/\/artistdentallab.com\/fr\/wp-json\/wp\/v2\/categories?post=1606"},{"taxonomy":"post_tag","embeddable":true,"href":"https:\/\/artistdentallab.com\/fr\/wp-json\/wp\/v2\/tags?post=1606"}],"curies":[{"name":"wp","href":"https:\/\/api.w.org\/{rel}","templated":true}]}}