{"id":1636,"date":"2026-08-07T03:23:08","date_gmt":"2026-08-07T03:23:08","guid":{"rendered":"https:\/\/artistdentallab.com\/"},"modified":"2026-08-07T03:38:01","modified_gmt":"2026-08-07T03:38:01","slug":"what-veneer-case-photos-reveal-about-a-labs-true-esthetic-skill","status":"publish","type":"post","link":"https:\/\/artistdentallab.com\/fr\/what-veneer-case-photos-reveal-about-a-labs-true-esthetic-skill\/","title":{"rendered":"Ce que les photos de cas de facettes r\u00e9v\u00e8lent sur le v\u00e9ritable savoir-faire esth\u00e9tique d'un laboratoire"},"content":{"rendered":"<p class=\"wp-block-paragraph\">Les photos r\u00e9v\u00e8lent le talent.<\/p>\n\n\n\n<p class=\"wp-block-paragraph\">Lorsque j'\u00e9value des photos de cas de facettes, je ne cherche pas avant tout \u00e0 savoir si les dents paraissent blanches ou si la photo pr\u00e9sente un contraste saisissant ; je recherche des \u00e9l\u00e9ments indiquant que le laboratoire ma\u00eetrise les notions de proportion, de valeur, de translucidit\u00e9, d'angles des lignes, de texture, de caract\u00e8re incisif, d'int\u00e9gration gingivale, ainsi que la mani\u00e8re dont toutes ces variables interagissent entre elles plut\u00f4t que de les consid\u00e9rer isol\u00e9ment.<\/p>\n\n\n\n<p class=\"wp-block-paragraph\">Avoir de belles dents, c'est facile.<\/p>\n\n\n\n<p class=\"wp-block-paragraph\">Des dents qui n'ont pas l'air vraies.<\/p>\n\n\n\n<p class=\"wp-block-paragraph\">Alors, que doivent r\u00e9ellement rechercher un dentiste, un laboratoire dentaire, un groupe dentaire (DSO) ou une \u00e9quipe d'approvisionnement lorsqu'ils examinent le portfolio d'un laboratoire dentaire sp\u00e9cialis\u00e9 dans l'esth\u00e9tique dentaire ?<\/p>\n\n\n\n<p class=\"wp-block-paragraph\">Cette r\u00e9ponse est d\u00e9rangeante, car elle met fin \u00e0 bon nombre des raccourcis utilis\u00e9s dans le marketing dentaire.<\/p>\n\n\n\n<p class=\"wp-block-paragraph\">Une belle photo \u00ab avant-apr\u00e8s \u00bb montrant des facettes en porcelaine peut apporter des informations utiles, mais seulement si l'on sait ce que la photo est capable de d\u00e9montrer\u2026 et ce qu'elle peut dissimuler.<\/p>\n\n\n\n<p class=\"wp-block-paragraph\">Ma r\u00e8gle de travail est simple : <strong>De bonnes photos de bo\u00eetiers en placage doivent r\u00e9sister \u00e0 un examen minutieux, et pas seulement susciter une r\u00e9action \u00e9motionnelle imm\u00e9diate.<\/strong><\/p>\n\n\n\n<p class=\"wp-block-paragraph\">Cette distinction est importante.<\/p>\n\n\n\n<figure class=\"wp-block-image size-large\"><img fetchpriority=\"high\" decoding=\"async\" width=\"1024\" height=\"622\" src=\"https:\/\/artistdentallab.com\/wp-content\/uploads\/2026\/08\/What-Veneer-Case-Photos-Reveal-About-a-Labs-True-Esthetic-Skill-4-1024x622.jpg\" alt=\"Ce que les photos de cas de facettes r\u00e9v\u00e8lent sur le v\u00e9ritable savoir-faire esth\u00e9tique d&#039;un laboratoire\" class=\"wp-image-1640\" title=\"\" srcset=\"https:\/\/artistdentallab.com\/wp-content\/uploads\/2026\/08\/What-Veneer-Case-Photos-Reveal-About-a-Labs-True-Esthetic-Skill-4-1024x622.jpg 1024w, https:\/\/artistdentallab.com\/wp-content\/uploads\/2026\/08\/What-Veneer-Case-Photos-Reveal-About-a-Labs-True-Esthetic-Skill-4-300x182.jpg 300w, https:\/\/artistdentallab.com\/wp-content\/uploads\/2026\/08\/What-Veneer-Case-Photos-Reveal-About-a-Labs-True-Esthetic-Skill-4-768x466.jpg 768w, https:\/\/artistdentallab.com\/wp-content\/uploads\/2026\/08\/What-Veneer-Case-Photos-Reveal-About-a-Labs-True-Esthetic-Skill-4-18x12.jpg 18w, https:\/\/artistdentallab.com\/wp-content\/uploads\/2026\/08\/What-Veneer-Case-Photos-Reveal-About-a-Labs-True-Esthetic-Skill-4-500x303.jpg 500w, https:\/\/artistdentallab.com\/wp-content\/uploads\/2026\/08\/What-Veneer-Case-Photos-Reveal-About-a-Labs-True-Esthetic-Skill-4-600x364.jpg 600w, https:\/\/artistdentallab.com\/wp-content\/uploads\/2026\/08\/What-Veneer-Case-Photos-Reveal-About-a-Labs-True-Esthetic-Skill-4.jpg 1440w\" sizes=\"(max-width: 1024px) 100vw, 1024px\" \/><figcaption class=\"wp-element-caption\">Ce que les photos de cas de facettes r\u00e9v\u00e8lent sur le v\u00e9ritable savoir-faire esth\u00e9tique d'un laboratoire<\/figcaption><\/figure>\n\n\n\n<h2 class=\"wp-block-heading\">Les photos de cas de facettes devraient mettre en avant le contr\u00f4le, et pas seulement la blancheur<\/h2>\n\n\n\n<p class=\"wp-block-paragraph\">La pire fa\u00e7on d'\u00e9valuer les cas de facettes r\u00e9alis\u00e9s en laboratoire dentaire est de se demander : \u201c Est-ce que ce sourire est beau ? \u201d<\/p>\n\n\n\n<p class=\"wp-block-paragraph\">Cette question est trop g\u00e9n\u00e9rale.<\/p>\n\n\n\n<p class=\"wp-block-paragraph\">Un cas techniquement m\u00e9diocre peut para\u00eetre impressionnant s'il est photographi\u00e9 sous un angle flatteur, avec un \u00e9clairage frontal diffus, retouch\u00e9 de mani\u00e8re intensive, affich\u00e9 au format smartphone et compar\u00e9 \u00e0 une photographie pr\u00e9op\u00e9ratoire peu flatteuse.<\/p>\n\n\n\n<p class=\"wp-block-paragraph\">Au lieu de cela, je d\u00e9compose le probl\u00e8me en plusieurs probl\u00e8mes visuels distincts.<\/p>\n\n\n\n<h3 class=\"wp-block-heading\">Privil\u00e9giez la valeur plut\u00f4t que la teinte<\/h3>\n\n\n\n<p class=\"wp-block-paragraph\">La premi\u00e8re chose que j'examine, c'est la valeur, c'est-\u00e0-dire la clart\u00e9 ou l'obscurit\u00e9 relative des restaurations.<\/p>\n\n\n\n<p class=\"wp-block-paragraph\">M\u00eame un placage de qualit\u00e9 A1 peut donner un r\u00e9sultat peu satisfaisant.<\/p>\n\n\n\n<p class=\"wp-block-paragraph\">Une restauration BL2 peut para\u00eetre tout \u00e0 fait naturelle sur un visage qui s'y pr\u00eate.<\/p>\n\n\n\n<p class=\"wp-block-paragraph\">Les codes de teinte indiqu\u00e9s ne permettent pas de tout expliquer, car l'aspect visuel de la restauration d\u00e9pend \u00e0 la fois de l'opacit\u00e9 de la c\u00e9ramique, de son \u00e9paisseur, de la couleur du moignon sous-jacent, du ciment r\u00e9sineux, du contour facial, de la brillance de la surface, de l'\u00e9clairage, du degr\u00e9 d'hydratation et des dents adjacentes.<\/p>\n\n\n\n<p class=\"wp-block-paragraph\">C'est pourquoi l'analyse propos\u00e9e par le site concernant <a href=\"https:\/\/artistdentallab.com\/fr\/why-veneer-shade-can-appear-different-one-week-after-bonding\/\">Pourquoi la teinte d'une facette peut-elle para\u00eetre diff\u00e9rente apr\u00e8s la pose ?<\/a> est utile pour \u00e9valuer les galeries de cas. Une photographie montrant une restauration trop claire ne prouve pas automatiquement que le technicien s'est tromp\u00e9 de teinte. Le probl\u00e8me apparent peut plut\u00f4t \u00eatre li\u00e9 \u00e0 la luminosit\u00e9, \u00e0 la r\u00e9flexion de la surface, \u00e0 l'\u00e9paisseur de la c\u00e9ramique, \u00e0 l'influence du support ou \u00e0 des conditions de prise de vue irr\u00e9guli\u00e8res.<\/p>\n\n\n\n<p class=\"wp-block-paragraph\">Observez attentivement les incisives centrales.<\/p>\n\n\n\n<p class=\"wp-block-paragraph\">Est-ce que l'un d'entre eux semble un peu plus lumineux ?<\/p>\n\n\n\n<p class=\"wp-block-paragraph\">Le tiers cervical pr\u00e9sente-t-il une opacit\u00e9 anormale ?<\/p>\n\n\n\n<p class=\"wp-block-paragraph\">La surface du visage produit-elle un seul reflet blanc et \u00e9tendu ?<\/p>\n\n\n\n<p class=\"wp-block-paragraph\">Ces d\u00e9tails m'en disent bien plus sur la qualit\u00e9 du laboratoire de facettes que le nom de la teinte indiqu\u00e9 sur l'ordonnance.<\/p>\n\n\n\n<h3 class=\"wp-block-heading\">Privil\u00e9giez le jeu de couleurs plut\u00f4t qu'une seule couleur unie<\/h3>\n\n\n\n<p class=\"wp-block-paragraph\">Les dents ant\u00e9rieures naturelles se comportent rarement comme des carreaux de c\u00e9ramique unis.<\/p>\n\n\n\n<p class=\"wp-block-paragraph\">Le tiers cervical peut pr\u00e9senter une saturation plus \u00e9lev\u00e9e.<\/p>\n\n\n\n<p class=\"wp-block-paragraph\">C'est souvent le tiers central qui d\u00e9termine la valeur dominante.<\/p>\n\n\n\n<p class=\"wp-block-paragraph\">Le tiers incisif peut pr\u00e9senter des zones translucides de moindre intensit\u00e9, des halos, des effets de mamelon, un aspect opalescent, de fines craquelures ou de l\u00e9g\u00e8res irr\u00e9gularit\u00e9s.<\/p>\n\n\n\n<p class=\"wp-block-paragraph\">Un laboratoire dentaire esth\u00e9tique de haut niveau comprend bien cette r\u00e9partition.<\/p>\n\n\n\n<p class=\"wp-block-paragraph\">Un dentifrice peu concentr\u00e9 offre souvent la m\u00eame blancheur, du bord gingival au bord incisif.<\/p>\n\n\n\n<p class=\"wp-block-paragraph\">Cela cr\u00e9e ce que j'appelle l'effet \u201c clavier blanc \u201d : chaque dent est techniquement propre, mais visuellement terne.<\/p>\n\n\n\n<h2 class=\"wp-block-heading\">C'est au niveau du bord incisif que les restaurations en c\u00e9ramique de qualit\u00e9 moyenne se trahissent<\/h2>\n\n\n\n<p class=\"wp-block-paragraph\">Je passe un temps d\u00e9mesur\u00e9 \u00e0 \u00e9tudier les bords incisifs.<\/p>\n\n\n\n<p class=\"wp-block-paragraph\">Pourquoi ?<\/p>\n\n\n\n<p class=\"wp-block-paragraph\">Car c'est l\u00e0 que la c\u00e9ramique a moins d'endroits o\u00f9 se cacher.<\/p>\n\n\n\n<p class=\"wp-block-paragraph\">Un cas de facettes bien r\u00e9ussi peut pr\u00e9senter une translucidit\u00e9 mod\u00e9r\u00e9e, de fines variations internes, un halo irr\u00e9gulier mais voulu, de l\u00e9g\u00e8res diff\u00e9rences entre les incisives centrales et lat\u00e9rales, ainsi qu\u2019une morphologie des bords adapt\u00e9e \u00e0 l\u2019\u00e2ge du patient et \u00e0 sa dentition existante.<\/p>\n\n\n\n<p class=\"wp-block-paragraph\">Un dossier moins solide pr\u00e9sente souvent l'un des quatre sch\u00e9mas suivants :<\/p>\n\n\n\n<ul class=\"wp-block-list\">\n<li>Bords incisifs totalement opaques<\/li>\n\n\n\n<li>Une translucidit\u00e9 bleu-gris identique sur chaque dent<\/li>\n\n\n\n<li>De larges halos blancs se propageaient sur l'ensemble du segment ant\u00e9rieur<\/li>\n\n\n\n<li>Des contours artificiellement nets, sans transition optique<\/li>\n<\/ul>\n\n\n\n<p class=\"wp-block-paragraph\">Aucun de ces \u00e9l\u00e9ments ne prouve automatiquement un d\u00e9faut de fabrication.<\/p>\n\n\n\n<p class=\"wp-block-paragraph\">Mais la r\u00e9p\u00e9tition a son importance.<\/p>\n\n\n\n<p class=\"wp-block-paragraph\">Si dix patients totalement diff\u00e9rents pr\u00e9sentent tous la m\u00eame empreinte incisale, je ne suis plus en pr\u00e9sence d'une caract\u00e9risation sp\u00e9cifique \u00e0 chaque patient.<\/p>\n\n\n\n<p class=\"wp-block-paragraph\">Je suis en train de consulter un mod\u00e8le de type laboratoire.<\/p>\n\n\n\n<p class=\"wp-block-paragraph\">Et les mod\u00e8les de style deviennent dangereux d\u00e8s lors qu'ils se substituent \u00e0 l'observation.<\/p>\n\n\n\n<h2 class=\"wp-block-heading\">La texture de la surface est l'un des meilleurs crit\u00e8res permettant d'\u00e9valuer le v\u00e9ritable savoir-faire esth\u00e9tique<\/h2>\n\n\n\n<p class=\"wp-block-paragraph\">L'ombre attire l'attention.<\/p>\n\n\n\n<p class=\"wp-block-paragraph\">La texture inspire confiance.<\/p>\n\n\n\n<p class=\"wp-block-paragraph\">L'\u00e9mail naturel n'est pas uniform\u00e9ment lisse, et il ne faut pas non plus que chaque facette soit parsem\u00e9e de rainures prononc\u00e9es dans le seul but de montrer qu'elle a \u00e9t\u00e9 fabriqu\u00e9e \u00e0 la main.<\/p>\n\n\n\n<p class=\"wp-block-paragraph\">Le contr\u00f4le r\u00e9el de la surface est plus mod\u00e9r\u00e9.<\/p>\n\n\n\n<p class=\"wp-block-paragraph\">Le technicien doit ma\u00eetriser le macro-contour, l'anatomie secondaire, les angles des lignes de transition, la texture tertiaire et la brillance finale, sans laisser aucun de ces \u00e9l\u00e9ments prendre le dessus.<\/p>\n\n\n\n<p class=\"wp-block-paragraph\">Le guide d'Artist Dental Lab sur <a href=\"https:\/\/artistdentallab.com\/fr\/which-veneer-material-offers-the-best-control-of-surface-texture\/\">Quel mat\u00e9riau de placage permet de mieux contr\u00f4ler la texture de la surface ?<\/a> fait une distinction importante : les diff\u00e9rents syst\u00e8mes c\u00e9ramiques offrent des degr\u00e9s de libert\u00e9 vari\u00e9s, mais le choix du mat\u00e9riau ne suffit pas \u00e0 lui seul \u00e0 obtenir une texture naturelle.<\/p>\n\n\n\n<p class=\"wp-block-paragraph\">Le technicien doit tout de m\u00eame comprendre la lumi\u00e8re.<\/p>\n\n\n\n<h3 class=\"wp-block-heading\">Un test simple : suivez le reflet<\/h3>\n\n\n\n<p class=\"wp-block-paragraph\">Ne faites pas attention \u00e0 la couleur des dents pendant cinq secondes.<\/p>\n\n\n\n<p class=\"wp-block-paragraph\">Ne regardez que la partie surlign\u00e9e.<\/p>\n\n\n\n<p class=\"wp-block-paragraph\">Sur une incisive centrale d'aspect naturel, la zone de lumi\u00e8re r\u00e9fl\u00e9chie doit g\u00e9n\u00e9ralement pr\u00e9senter une certaine structure. Elle peut se r\u00e9tr\u00e9cir, s'\u00e9largir, s'adoucir ou se briser en fonction du contour du visage et de l'\u00e9clairage.<\/p>\n\n\n\n<p class=\"wp-block-paragraph\">Si chaque facette pr\u00e9sente la m\u00eame large bande blanche verticale, cela m'\u00e9veille des soup\u00e7ons.<\/p>\n\n\n\n<p class=\"wp-block-paragraph\">Pourquoi ?<\/p>\n\n\n\n<p class=\"wp-block-paragraph\">En effet, la restauration peut \u00eatre trop plate, trop convexe, trop lustr\u00e9e ou pr\u00e9senter des d\u00e9fauts au niveau de l'anatomie de transition.<\/p>\n\n\n\n<p class=\"wp-block-paragraph\">Le r\u00e9sultat peut \u00eatre tr\u00e8s r\u00e9ussi en photo sous un certain angle, mais perdre tout son int\u00e9r\u00eat visuel d\u00e8s que le patient bouge.<\/p>\n\n\n\n<p class=\"wp-block-paragraph\">C'est l\u00e0 qu'un portfolio de cas convaincants se d\u00e9marque de la \u00ab dentisterie Instagram \u00bb.<\/p>\n\n\n\n<h2 class=\"wp-block-heading\">La proportion des dents est plus difficile \u00e0 simuler que leur couleur<\/h2>\n\n\n\n<p class=\"wp-block-paragraph\">L'un des aspects les plus instructifs que r\u00e9v\u00e8lent les photos de cas de facettes est de savoir si le laboratoire ma\u00eetrise les proportions.<\/p>\n\n\n\n<p class=\"wp-block-paragraph\">Le rapport largeur\/longueur des incisives centrales maxillaires influe sur la pr\u00e9dominance, l'\u00e2ge apparent, les traits du visage et le rythme g\u00e9n\u00e9ral du sourire.<\/p>\n\n\n\n<p class=\"wp-block-paragraph\">Mais il n'existe pas de ratio magique universel.<\/p>\n\n\n\n<p class=\"wp-block-paragraph\">C'est un point important.<\/p>\n\n\n\n<p class=\"wp-block-paragraph\">Un laboratoire qui impose m\u00e9caniquement \u00e0 chaque incisive centrale les m\u00eames proportions ne fait pas preuve de rigueur esth\u00e9tique. Il montre simplement qu\u2019il s\u2019appuie sur un mod\u00e8le.<\/p>\n\n\n\n<p class=\"wp-block-paragraph\">La question qu'il convient plut\u00f4t de se poser est de savoir si ces dents s'harmonisent bien avec ce visage en particulier.<\/p>\n\n\n\n<p class=\"wp-block-paragraph\">Article d'Artist Dental Lab sur <a href=\"https:\/\/artistdentallab.com\/fr\/how-veneer-width-to-length-ratio-changes-smile-character\/\">Comment le rapport largeur\/longueur des facettes modifie l'aspect du sourire<\/a> explique pourquoi les dimensions physiques et la largeur optique ne sont pas identiques. Les angles des lignes de transition peuvent donner l'impression qu'une facette est plus \u00e9troite ou plus large, m\u00eame si sa dimension m\u00e9siodistale r\u00e9elle ne varie pratiquement pas.<\/p>\n\n\n\n<p class=\"wp-block-paragraph\">C'est exactement ce que je recherche dans les photos de bo\u00eetiers en placage.<\/p>\n\n\n\n<h3 class=\"wp-block-heading\">Commencez par v\u00e9rifier les centrales<\/h3>\n\n\n\n<p class=\"wp-block-paragraph\">Ce sont g\u00e9n\u00e9ralement les incisives centrales qui attirent le plus l'attention dans un sourire.<\/p>\n\n\n\n<p class=\"wp-block-paragraph\">Demandez :<\/p>\n\n\n\n<p class=\"wp-block-paragraph\">Sont-ils imposants sans pour autant \u00eatre d\u00e9mesur\u00e9s ?<\/p>\n\n\n\n<p class=\"wp-block-paragraph\">Se ressemblent-ils un peu trop ?<\/p>\n\n\n\n<p class=\"wp-block-paragraph\">Les bords incisifs sont-ils align\u00e9s avec la l\u00e8vre inf\u00e9rieure ?<\/p>\n\n\n\n<p class=\"wp-block-paragraph\">Les angles des lignes sont-ils sym\u00e9triques l\u00e0 o\u00f9 ils devraient l'\u00eatre ?<\/p>\n\n\n\n<p class=\"wp-block-paragraph\">Est-ce que l'une d'entre elles semble plus large visuellement parce que sa zone de r\u00e9flexion est plus \u00e9tendue ?<\/p>\n\n\n\n<p class=\"wp-block-paragraph\">Une \u00e9tude d'oculom\u00e9trie r\u00e9alis\u00e9e en 2026 aupr\u00e8s de <strong>189 participants<\/strong> a modifi\u00e9 plusieurs param\u00e8tres dento-labiaux, notamment la largeur des couloirs buccaux de <strong>5%, 10%, 15% et 25%<\/strong>, angles du plan occlusal de <strong>0\u00b0, 2\u00b0, 4\u00b0 et 6\u00b0<\/strong>, d\u00e9viations de la ligne m\u00e9diane dentaire pouvant aller jusqu'\u00e0 <strong>3 mm<\/strong>, et l'exposition gingivale \u00e0 partir de <strong>de \u22122 mm \u00e0 +4 mm<\/strong>. Les \u00e9carts plus importants avaient tendance \u00e0 faire baisser les notes attribu\u00e9es sur le plan esth\u00e9tique, tandis que les asym\u00e9tries marqu\u00e9es attiraient de mani\u00e8re r\u00e9p\u00e9t\u00e9e le regard.<\/p>\n\n\n\n<p class=\"wp-block-paragraph\">Cette constatation vient confirmer ce que les observateurs avertis en mati\u00e8re d'esth\u00e9tique pressentent d\u00e9j\u00e0 intuitivement : le regard revient sans cesse sur les incoh\u00e9rences.<\/p>\n\n\n\n<p class=\"wp-block-paragraph\">L'examinateur ne doit pas dire : \u201c La ligne m\u00e9diane dentaire est d\u00e9cal\u00e9e de 2,5 mm. \u201d<\/p>\n\n\n\n<p class=\"wp-block-paragraph\">Ils se contentent de dire : \u201c Il y a quelque chose qui cloche. \u201d<\/p>\n\n\n\n<p class=\"wp-block-paragraph\">Un laboratoire comp\u00e9tent apprend \u00e0 identifier la cause avant que la c\u00e9ramique ne soit d\u00e9finitivement mise en place.<\/p>\n\n\n\n<h2 class=\"wp-block-heading\">Ce que r\u00e9v\u00e8lent g\u00e9n\u00e9ralement les photos de cas de facettes r\u00e9ussies ou rat\u00e9es<\/h2>\n\n\n\n<p class=\"wp-block-paragraph\">Je m'appuie sur les crit\u00e8res suivants pour distinguer un laboratoire dentaire de qualit\u00e9, sp\u00e9cialis\u00e9 dans les facettes, d'un simple portfolio qui se distingue uniquement par la qualit\u00e9 de ses photos.<\/p>\n\n\n\n<figure class=\"wp-block-table\"><table class=\"has-fixed-layout\"><thead><tr><th>\u00c9l\u00e9ments \u00e0 v\u00e9rifier<\/th><th>Des arguments esth\u00e9tiques solides<\/th><th>Panneau d'avertissement<\/th><\/tr><\/thead><tbody><tr><td>Valeur de l'incisive centrale<\/td><td>Contr\u00f4l\u00e9 et \u00e9quilibr\u00e9 avec le visage<\/td><td>Luminosit\u00e9 crayeuse et excessivement dominante<\/td><\/tr><tr><td>Troisi\u00e8me cervical<\/td><td>Progression naturelle des couleurs<\/td><td>M\u00eame couleur de la partie cervicale \u00e0 la partie incisale<\/td><\/tr><tr><td>Translucidit\u00e9 incisale<\/td><td>Localis\u00e9 et adapt\u00e9 \u00e0 chaque cas<\/td><td>Une bande identique, bleue ou grise, sur chaque bo\u00eetier<\/td><\/tr><tr><td>Texture de surface<\/td><td>Visible sous un \u00e9clairage directionnel, mais peu visible de face<\/td><td>Des rythmes r\u00e9p\u00e9titifs et puissants<\/td><\/tr><tr><td>Angles de ligne<\/td><td>Contr\u00f4ler la largeur apparente et la sym\u00e9trie<\/td><td>R\u00e9flexion plate ou trop large<\/td><\/tr><tr><td>Proportions dentaires<\/td><td>Convient aux l\u00e8vres, au visage et aux dents adjacentes<\/td><td>Utilisation de la m\u00eame biblioth\u00e8que de dents pour plusieurs patients<\/td><\/tr><tr><td>Embrasures<\/td><td>Progressif et naturel<\/td><td>Un espacement identique entre chaque dent<\/td><\/tr><tr><td>Int\u00e9gration gingivale<\/td><td>Des marges visuellement sobres<\/td><td>Marges sombres, contour cervical volumineux, asym\u00e9trie<\/td><\/tr><tr><td>Incisives lat\u00e9rales<\/td><td>Soutenir la pr\u00e9dominance centrale<\/td><td>M\u00eame taille et m\u00eame impact visuel que les mod\u00e8les \u00ab Centrals \u00bb<\/td><\/tr><tr><td>Chiens<\/td><td>Transition naturelle au niveau des couleurs et des formes<\/td><td>Des canines d'un blanc \u00e9clatant, identiques aux incisives centrales<\/td><\/tr><tr><td>Brillance de la surface<\/td><td>Reflet semblable \u00e0 celui de l'\u00e9mail<\/td><td>Gla\u00e7age miroir homog\u00e8ne<\/td><\/tr><tr><td>Photographie<\/td><td>\u00c9clairage et orientation reproductibles<\/td><td>Un montage spectaculaire mais in\u00e9gal<\/td><\/tr><tr><td>Vari\u00e9t\u00e9 des cas<\/td><td>Pi\u00e8ces individuelles, lots de plusieurs pi\u00e8ces, diff\u00e9rents supports<\/td><td>Uniquement pour les cas de blanchiment d'arcade compl\u00e8te<\/td><\/tr><\/tbody><\/table><\/figure>\n\n\n\n<p class=\"wp-block-paragraph\">La derni\u00e8re ligne m\u00e9rite davantage d'attention qu'on ne lui en accorde g\u00e9n\u00e9ralement.<\/p>\n\n\n\n<h2 class=\"wp-block-heading\">Le meilleur portefeuille n'est pas celui qui contient les cas les plus parfaits<\/h2>\n\n\n\n<p class=\"wp-block-paragraph\">Une galerie remplie de dix vitrines en placage couleur \u00ab bleach \u00bb m'en dit moins que ce que pensent la plupart des acheteurs.<\/p>\n\n\n\n<p class=\"wp-block-paragraph\">Ces cas peuvent illustrer une certaine coh\u00e9rence.<\/p>\n\n\n\n<p class=\"wp-block-paragraph\">Mais ce ne sont pas toujours les d\u00e9fis esth\u00e9tiques les plus difficiles.<\/p>\n\n\n\n<p class=\"wp-block-paragraph\">Je veux m'occuper de cas difficiles.<\/p>\n\n\n\n<h3 class=\"wp-block-heading\">Montrez-moi une incisive centrale isol\u00e9e<\/h3>\n\n\n\n<p class=\"wp-block-paragraph\">La mise en correspondance d'une incisive centrale avec une dent controlat\u00e9rale intacte est une op\u00e9ration tr\u00e8s d\u00e9licate.<\/p>\n\n\n\n<p class=\"wp-block-paragraph\">La nouvelle restauration doit reproduire :<\/p>\n\n\n\n<ul class=\"wp-block-list\">\n<li>Valeur<\/li>\n\n\n\n<li>Hue<\/li>\n\n\n\n<li>Chroma<\/li>\n\n\n\n<li>Translucidit\u00e9<\/li>\n\n\n\n<li>Convexit\u00e9 faciale<\/li>\n\n\n\n<li>Position de la ligne d'angle<\/li>\n\n\n\n<li>Effets incisifs<\/li>\n\n\n\n<li>Texture de surface<\/li>\n\n\n\n<li>Gloss<\/li>\n\n\n\n<li>Largeur apparente<\/li>\n\n\n\n<li>Profil d'usure<\/li>\n<\/ul>\n\n\n\n<p class=\"wp-block-paragraph\">Il n'y a nulle part o\u00f9 r\u00e9partir ce d\u00e9calage.<\/p>\n\n\n\n<p class=\"wp-block-paragraph\">Si je cherche \u00e0 \u00e9valuer le v\u00e9ritable savoir-faire esth\u00e9tique d\u2019un laboratoire, un seul cas de couronne centrale bien r\u00e9alis\u00e9 peut m\u2019en apprendre davantage que vingt transformations de sourire uniformes.<\/p>\n\n\n\n<h3 class=\"wp-block-heading\">Montrez-moi une restauration d'une seule unit\u00e9 r\u00e9alis\u00e9e \u00e0 l'int\u00e9rieur d'une couronne en facette existante<\/h3>\n\n\n\n<p class=\"wp-block-paragraph\">C'est encore plus r\u00e9v\u00e9lateur.<\/p>\n\n\n\n<p class=\"wp-block-paragraph\">La c\u00e9ramique existante a d\u00e9j\u00e0 acquis sa propre identit\u00e9 optique. Le fac-et-dent de remplacement doit non seulement correspondre \u00e0 la teinte souhait\u00e9e, mais aussi s'harmoniser avec le contour, l'aspect vieilli de la surface, la r\u00e9flexion de la lumi\u00e8re, le caract\u00e8re et le rythme visuel des restaurations environnantes.<\/p>\n\n\n\n<p class=\"wp-block-paragraph\">C'est pourquoi <a href=\"https:\/\/artistdentallab.com\/fr\/replacing-one-veneer-in-a-multi-unit-case-shade-and-texture-matching-strategies\/\">Remplacement d'une facette dans un cas impliquant plusieurs facettes<\/a> C'est un crit\u00e8re de r\u00e9f\u00e9rence particuli\u00e8rement utile pour les cliniques qui souhaitent \u00e9valuer un partenaire de laboratoire.<\/p>\n\n\n\n<p class=\"wp-block-paragraph\">Un laboratoire capable de g\u00e9rer cela de mani\u00e8re coh\u00e9rente fait preuve de rigueur dans ses observations.<\/p>\n\n\n\n<p class=\"wp-block-paragraph\">Il ne s'agit pas seulement de la capacit\u00e9 de production.<\/p>\n\n\n\n<h3 class=\"wp-block-heading\">Afficher diff\u00e9rentes conditions de d\u00e9part<\/h3>\n\n\n\n<p class=\"wp-block-paragraph\">J'aimerais aussi voir un peu de vari\u00e9t\u00e9 :<\/p>\n\n\n\n<p class=\"wp-block-paragraph\">Cas o\u00f9 l'\u00e9mail est pr\u00e9dominant.<\/p>\n\n\n\n<p class=\"wp-block-paragraph\">Substrats sombres.<\/p>\n\n\n\n<p class=\"wp-block-paragraph\">Dents restaur\u00e9es.<\/p>\n\n\n\n<p class=\"wp-block-paragraph\">Proportions dentaires diff\u00e9rentes.<\/p>\n\n\n\n<p class=\"wp-block-paragraph\">Des rides d'expression tr\u00e8s marqu\u00e9es.<\/p>\n\n\n\n<p class=\"wp-block-paragraph\">Les patients \u00e2g\u00e9s.<\/p>\n\n\n\n<p class=\"wp-block-paragraph\">Les patients plus jeunes.<\/p>\n\n\n\n<p class=\"wp-block-paragraph\">Les formes du visage chez l'homme et chez la femme.<\/p>\n\n\n\n<p class=\"wp-block-paragraph\">Cas feldspathiques.<\/p>\n\n\n\n<p class=\"wp-block-paragraph\">Cas de disilicate de lithium.<\/p>\n\n\n\n<p class=\"wp-block-paragraph\">Cas ne n\u00e9cessitant qu'une pr\u00e9paration minimale.<\/p>\n\n\n\n<p class=\"wp-block-paragraph\">Des dents ayant subi une pr\u00e9paration plus importante.<\/p>\n\n\n\n<p class=\"wp-block-paragraph\">Pourquoi ?<\/p>\n\n\n\n<p class=\"wp-block-paragraph\">En effet, le motif des facettes ne doit pas \u00eatre exactement le m\u00eame chez tous les patients.<\/p>\n\n\n\n<figure class=\"wp-block-image size-full\"><img decoding=\"async\" width=\"735\" height=\"418\" src=\"https:\/\/artistdentallab.com\/wp-content\/uploads\/2026\/08\/What-Veneer-Case-Photos-Reveal-About-a-Labs-True-Esthetic-Skill-3.jpg\" alt=\"Ce que les photos de cas de facettes r\u00e9v\u00e8lent sur le v\u00e9ritable savoir-faire esth\u00e9tique d&#039;un laboratoire\" class=\"wp-image-1639\" title=\"\" srcset=\"https:\/\/artistdentallab.com\/wp-content\/uploads\/2026\/08\/What-Veneer-Case-Photos-Reveal-About-a-Labs-True-Esthetic-Skill-3.jpg 735w, https:\/\/artistdentallab.com\/wp-content\/uploads\/2026\/08\/What-Veneer-Case-Photos-Reveal-About-a-Labs-True-Esthetic-Skill-3-300x171.jpg 300w, https:\/\/artistdentallab.com\/wp-content\/uploads\/2026\/08\/What-Veneer-Case-Photos-Reveal-About-a-Labs-True-Esthetic-Skill-3-18x10.jpg 18w, https:\/\/artistdentallab.com\/wp-content\/uploads\/2026\/08\/What-Veneer-Case-Photos-Reveal-About-a-Labs-True-Esthetic-Skill-3-500x284.jpg 500w, https:\/\/artistdentallab.com\/wp-content\/uploads\/2026\/08\/What-Veneer-Case-Photos-Reveal-About-a-Labs-True-Esthetic-Skill-3-600x341.jpg 600w\" sizes=\"(max-width: 735px) 100vw, 735px\" \/><figcaption class=\"wp-element-caption\">Ce que les photos de cas de facettes r\u00e9v\u00e8lent sur le v\u00e9ritable savoir-faire esth\u00e9tique d'un laboratoire<\/figcaption><\/figure>\n\n\n\n<h2 class=\"wp-block-heading\">La qualit\u00e9 des photos est importante, mais un appareil photo co\u00fbteux ne garantit pas automatiquement des preuves de meilleure qualit\u00e9<\/h2>\n\n\n\n<p class=\"wp-block-paragraph\">Voici une r\u00e9alit\u00e9 difficile \u00e0 accepter pour tous ceux qui consultent des galeries de photos \u00ab avant-apr\u00e8s \u00bb sur les facettes en porcelaine :<\/p>\n\n\n\n<p class=\"wp-block-paragraph\">Une belle photo n'est pas forc\u00e9ment une photo fid\u00e8le \u00e0 la r\u00e9alit\u00e9.<\/p>\n\n\n\n<p class=\"wp-block-paragraph\">Le traitement par l'appareil photo permet de modifier l'exposition, la balance des blancs, le contraste, la nettet\u00e9, la saturation, les ombres et la luminosit\u00e9 locale.<\/p>\n\n\n\n<p class=\"wp-block-paragraph\">Les t\u00e9l\u00e9phones effectuent d\u00e9sormais automatiquement des traitements informatiques importants.<\/p>\n\n\n\n<p class=\"wp-block-paragraph\">Les fichiers des appareils photo reflex num\u00e9riques peuvent \u00eatre retouch\u00e9s de mani\u00e8re tout aussi radicale par la suite.<\/p>\n\n\n\n<p class=\"wp-block-paragraph\">Ce qui m'importe donc moins, c'est de savoir si le laboratoire parle de \u201c photographie reflex num\u00e9rique \u201d, mais plut\u00f4t si son protocole semble rigoureux.<\/p>\n\n\n\n<p class=\"wp-block-paragraph\">A <strong>Revue syst\u00e9matique de 2026 r\u00e9alis\u00e9e par des chercheurs rattach\u00e9s \u00e0 l'Universit\u00e9 de Hong Kong<\/strong> inclus <strong>huit \u00e9tudes<\/strong> Comparaison des m\u00e9thodes utilisant un smartphone et un appareil photo reflex num\u00e9rique pour l'\u00e9valuation de la teinte dentaire : trois \u00e9tudes in vivo, trois \u00e9tudes in vitro et deux \u00e9tudes combinant les deux contextes. Sept d'entre elles ont utilis\u00e9 des mesures de diff\u00e9rence de couleur selon le syst\u00e8me CIELAB. Les auteurs de la revue n'ont pas identifi\u00e9 de dispositif clairement gagnant et ont insist\u00e9 sur la n\u00e9cessit\u00e9 de normaliser l'\u00e9clairage, l'\u00e9talonnage, les r\u00e9glages de l'appareil photo et l'acquisition des images.<\/p>\n\n\n\n<p class=\"wp-block-paragraph\">Cette conclusion est importante.<\/p>\n\n\n\n<p class=\"wp-block-paragraph\">Ce n'est pas l'appareil photo qui fait le talent.<\/p>\n\n\n\n<p class=\"wp-block-paragraph\">Voici le protocole.<\/p>\n\n\n\n<p class=\"wp-block-paragraph\">Une autre \u00e9tude r\u00e9alis\u00e9e en 2024 sur la photographie dentaire num\u00e9rique calibr\u00e9e a fait \u00e9tat d'un haut niveau de coh\u00e9rence, avec <strong>Des coefficients \u03b1 de Cronbach compris entre environ 0,94 et 0,96<\/strong> pour son flux de travail calibr\u00e9 \u201c de la prise de vue au montage \u201d, qui met en avant l'int\u00e9r\u00eat d'une photographie contr\u00f4l\u00e9e pour la cartographie comparative des couleurs, m\u00eame si des \u00e9carts par rapport aux mesures spectrophotom\u00e9triques subsistaient.<\/p>\n\n\n\n<p class=\"wp-block-paragraph\">Par ailleurs, une revue syst\u00e9matique et une m\u00e9ta-analyse portant sur plusieurs m\u00e9thodes de s\u00e9lection de teinte ont r\u00e9v\u00e9l\u00e9 que, dans les donn\u00e9es incluses, la correspondance des teintes par photographie num\u00e9rique r\u00e9duisait la diff\u00e9rence de couleur par rapport aux approches visuelles classiques, le sous-groupe portant sur la photographie pr\u00e9sentant une am\u00e9lioration statistiquement significative.<\/p>\n\n\n\n<p class=\"wp-block-paragraph\">La le\u00e7on \u00e0 retenir n'est pas \u201c achetez un meilleur appareil photo \u201d.\u201d<\/p>\n\n\n\n<p class=\"wp-block-paragraph\">Il s'agit de \u201c contr\u00f4ler les variables \u201d.\u201d<\/p>\n\n\n\n<h2 class=\"wp-block-heading\">Comment je d\u00e9termine si les photos de cas de facettes sont fiables<\/h2>\n\n\n\n<p class=\"wp-block-paragraph\">Lorsque j'\u00e9value une galerie de laboratoire, je recherche la reproductibilit\u00e9.<\/p>\n\n\n\n<p class=\"wp-block-paragraph\">Ce n'est pas la perfection.<\/p>\n\n\n\n<h3 class=\"wp-block-heading\">1. Les photos \u00ab avant \u00bb et \u00ab apr\u00e8s \u00bb sont-elles prises sous des angles similaires ?<\/h3>\n\n\n\n<p class=\"wp-block-paragraph\">Si la photo pr\u00e9op\u00e9ratoire est prise en contre-plong\u00e9e et de pr\u00e8s, tandis que la photo postop\u00e9ratoire est prise plus haut, plus loin et avec une distance focale plus longue, il devient difficile de comparer les proportions.<\/p>\n\n\n\n<p class=\"wp-block-paragraph\">Cette am\u00e9lioration pourrait bien \u00eatre r\u00e9elle.<\/p>\n\n\n\n<p class=\"wp-block-paragraph\">Mais la documentation laisse \u00e0 d\u00e9sirer.<\/p>\n\n\n\n<h3 class=\"wp-block-heading\">2. L'\u00e9clairage est-il homog\u00e8ne ?<\/h3>\n\n\n\n<p class=\"wp-block-paragraph\">Il n'est pas possible de comparer directement la qualit\u00e9 des ombres entre une photo prise sous un \u00e9clairage ambiant chaud et une autre prise avec un flash \u00e0 polarisation crois\u00e9e puissante.<\/p>\n\n\n\n<p class=\"wp-block-paragraph\">Une galerie qui se respecte devrait faire la distinction entre les photographies destin\u00e9es \u00e0 mettre en valeur la couleur et celles destin\u00e9es \u00e0 mettre en valeur la morphologie de la surface.<\/p>\n\n\n\n<h3 class=\"wp-block-heading\">3. Existe-t-il des points de vue r\u00e9tract\u00e9s ?<\/h3>\n\n\n\n<p class=\"wp-block-paragraph\">Les portraits o\u00f9 le sujet sourit de toutes ses dents sont parfaits pour \u00e9valuer l'harmonie des traits du visage.<\/p>\n\n\n\n<p class=\"wp-block-paragraph\">Ils ne permettent absolument pas d'examiner correctement les marges, les zones de contact, la texture, les transitions cervicales et l'uniformit\u00e9 de chaque unit\u00e9.<\/p>\n\n\n\n<p class=\"wp-block-paragraph\">Je veux les deux.<\/p>\n\n\n\n<h3 class=\"wp-block-heading\">4. Les gros plans sont-ils trop parfaits ?<\/h3>\n\n\n\n<p class=\"wp-block-paragraph\">Le lissage intensif de la peau est \u00e9vident.<\/p>\n\n\n\n<p class=\"wp-block-paragraph\">Les modifications agressives apport\u00e9es au code peuvent \u00eatre plus difficiles \u00e0 rep\u00e9rer.<\/p>\n\n\n\n<p class=\"wp-block-paragraph\">Je pr\u00eate attention \u00e0 la texture gingivale, aux minuscules reflets, aux reflets de la salive, aux bords incisifs et \u00e0 l\u2019\u00e9mail adjacent. Si certains d\u00e9tails locaux disparaissent de mani\u00e8re s\u00e9lective autour des restaurations, je fais preuve de prudence.<\/p>\n\n\n\n<h3 class=\"wp-block-heading\">5. Le portfolio refl\u00e8te-t-il \u00e0 chaque fois la m\u00eame identit\u00e9 artistique en mati\u00e8re de c\u00e9ramique ?<\/h3>\n\n\n\n<p class=\"wp-block-paragraph\">C'est mon examen pr\u00e9f\u00e9r\u00e9.<\/p>\n\n\n\n<p class=\"wp-block-paragraph\">Passez rapidement en revue dix cas.<\/p>\n\n\n\n<p class=\"wp-block-paragraph\">Ont-ils tous la m\u00eame forme d'incisive centrale ?<\/p>\n\n\n\n<p class=\"wp-block-paragraph\">Le m\u00eame halo incisif ?<\/p>\n\n\n\n<p class=\"wp-block-paragraph\">La m\u00eame texture horizontale ?<\/p>\n\n\n\n<p class=\"wp-block-paragraph\">M\u00eame progression des embrasures ?<\/p>\n\n\n\n<p class=\"wp-block-paragraph\">M\u00eame indice de blanchiment ?<\/p>\n\n\n\n<p class=\"wp-block-paragraph\">Les m\u00eames incisives lat\u00e9rales parfaitement arrondies ?<\/p>\n\n\n\n<p class=\"wp-block-paragraph\">Si oui, le laboratoire pourrait disposer des comp\u00e9tences techniques requises.<\/p>\n\n\n\n<p class=\"wp-block-paragraph\">Mais je me demande s'il s'agit de \u00ab concevoir \u00bb des patients ou plut\u00f4t de reproduire son style maison.<\/p>\n\n\n\n<h2 class=\"wp-block-heading\">Le niveau d'expertise esth\u00e9tique d'un laboratoire d\u00e9pend \u00e9galement de ce que la clinique lui envoie<\/h2>\n\n\n\n<p class=\"wp-block-paragraph\">Il y a une autre question d\u00e9licate.<\/p>\n\n\n\n<p class=\"wp-block-paragraph\">Le laboratoire ne peut pas inventer des informations qu'il n'a jamais re\u00e7ues.<\/p>\n\n\n\n<p class=\"wp-block-paragraph\">On ne peut pas demander \u201c A1, naturel, l\u00e9g\u00e8rement translucide \u201d et se plaindre ensuite que les restaurations manquent de caract\u00e8re individuel.<\/p>\n\n\n\n<p class=\"wp-block-paragraph\">Cette prescription laisse le technicien dans l'incertitude quant \u00e0 :<\/p>\n\n\n\n<ul class=\"wp-block-list\">\n<li>Ombrage de la souche<\/li>\n\n\n\n<li>R\u00e9partition des valeurs<\/li>\n\n\n\n<li>Translucidit\u00e9 incisale<\/li>\n\n\n\n<li>Texture de surface<\/li>\n\n\n\n<li>Brillance souhait\u00e9e<\/li>\n\n\n\n<li>Longueur de la dent<\/li>\n\n\n\n<li>Angles de ligne<\/li>\n\n\n\n<li>Mobilit\u00e9 des l\u00e8vres<\/li>\n\n\n\n<li>Ligne m\u00e9diane<\/li>\n\n\n\n<li>Inclinaison du visage<\/li>\n\n\n\n<li>Forme provisoire approuv\u00e9e<\/li>\n\n\n\n<li>Strat\u00e9gie en mati\u00e8re de ciment<\/li>\n<\/ul>\n\n\n\n<p class=\"wp-block-paragraph\">Le guide d'Artist Dental Lab sur <a href=\"https:\/\/artistdentallab.com\/fr\/writing-a-veneer-lab-prescription-for-natural-texture-and-light-behavior\/\">R\u00e9daction d'une prescription de laboratoire pour des facettes pr\u00e9sentant une texture naturelle et un comportement \u00e0 la lumi\u00e8re<\/a> met particuli\u00e8rement bien en \u00e9vidence cette distinction : la prescription devrait s'apparenter davantage \u00e0 un cahier des charges de fabrication qu'\u00e0 une simple demande de teinte.<\/p>\n\n\n\n<p class=\"wp-block-paragraph\">Je suis d'accord avec cette approche.<\/p>\n\n\n\n<p class=\"wp-block-paragraph\">Un travail de laboratoire de qualit\u00e9 repose sur la collaboration.<\/p>\n\n\n\n<p class=\"wp-block-paragraph\">Un technicien peut avoir un sens exceptionnel de la c\u00e9ramique, mais m\u00eame le plus grand talent artistique ne suffira pas \u00e0 reconstituer la teinte d'un moignon qui n'a jamais \u00e9t\u00e9 photographi\u00e9e ni la position d'une l\u00e8vre qui n'a jamais \u00e9t\u00e9 document\u00e9e.<\/p>\n\n\n\n<p class=\"wp-block-paragraph\">Ainsi, lorsque j'\u00e9value la qualit\u00e9 d'un laboratoire de facettes \u00e0 partir d'une photo illustrant un cas rat\u00e9, je pose toujours une deuxi\u00e8me question :<\/p>\n\n\n\n<p class=\"wp-block-paragraph\">Quelles informations le laboratoire a-t-il re\u00e7ues ?<\/p>\n\n\n\n<p class=\"wp-block-paragraph\">C'est plus juste \u2014 et plus utile \u2014 que de rejeter syst\u00e9matiquement la faute sur le plan de travail en c\u00e9ramique.<\/p>\n\n\n\n<h2 class=\"wp-block-heading\">Les photos de cas ne peuvent pas tout prouver<\/h2>\n\n\n\n<p class=\"wp-block-paragraph\">C'est l\u00e0 que le marketing et les achats prennent souvent des chemins diff\u00e9rents.<\/p>\n\n\n\n<p class=\"wp-block-paragraph\">Les photos de cas peuvent r\u00e9v\u00e9ler un jugement esth\u00e9tique.<\/p>\n\n\n\n<p class=\"wp-block-paragraph\">Ils ne permettent pas de garantir pleinement l'ajustement, la qualit\u00e9 de l'adh\u00e9rence, la fiabilit\u00e9 m\u00e9canique, la pr\u00e9cision occlusale, l'int\u00e9grit\u00e9 marginale ou la dur\u00e9e de vie \u00e0 long terme.<\/p>\n\n\n\n<p class=\"wp-block-paragraph\">Une restauration peut \u00eatre magnifique sur les photos prises le jour de la livraison, tout en pr\u00e9sentant des d\u00e9fauts de conception.<\/p>\n\n\n\n<p class=\"wp-block-paragraph\">\u00c0 l'inverse, une restauration d'excellente qualit\u00e9 clinique peut para\u00eetre m\u00e9diocre sur une photographie mal expos\u00e9e.<\/p>\n\n\n\n<p class=\"wp-block-paragraph\">Les recherches men\u00e9es sur les facettes en stratifi\u00e9 de porcelaine montrent pourquoi ces questions doivent rester distinctes. Une revue syst\u00e9matique portant sur <strong>30 publications cliniques<\/strong> ont fait \u00e9tat d'un taux de r\u00e9ussite globalement \u00e9lev\u00e9 et de r\u00e9sultats pr\u00e9visibles pour les facettes en porcelaine, tout en soulignant une h\u00e9t\u00e9rog\u00e9n\u00e9it\u00e9 importante dans la conception des \u00e9tudes et un manque de donn\u00e9es s'\u00e9tendant au-del\u00e0 de 20 ans.<\/p>\n\n\n\n<p class=\"wp-block-paragraph\">Je ne choisirais donc jamais un laboratoire dentaire esth\u00e9tique en me basant uniquement sur des photos de type Instagram.<\/p>\n\n\n\n<p class=\"wp-block-paragraph\">J'utiliserais les photographies comme un \u00e9l\u00e9ment de preuve parmi d'autres.<\/p>\n\n\n\n<p class=\"wp-block-paragraph\">Ensuite, j'\u00e9valuerais le flux de travail.<\/p>\n\n\n\n<h2 class=\"wp-block-heading\">Comment \u00e9valuer un laboratoire dentaire au-del\u00e0 de sa galerie de facettes<\/h2>\n\n\n\n<p class=\"wp-block-paragraph\">Si vous souhaitez comparer s\u00e9rieusement diff\u00e9rents laboratoires, ne vous contentez pas de photos \u00ab d'effet \u00bb.<\/p>\n\n\n\n<p class=\"wp-block-paragraph\">Demandez :<\/p>\n\n\n\n<ol class=\"wp-block-list\">\n<li>Photographies postop\u00e9ratoires du visage entier<\/li>\n\n\n\n<li>Photos postop\u00e9ratoires prises apr\u00e8s le retrait<\/li>\n\n\n\n<li>Vues macro des incisives centrales<\/li>\n\n\n\n<li>Images \u00e0 \u00e9clairage oblique mettant en \u00e9vidence la texture<\/li>\n\n\n\n<li>Images \u00e0 polarisation crois\u00e9e, le cas \u00e9ch\u00e9ant<\/li>\n\n\n\n<li>Cas ant\u00e9rieurs impliquant une seule unit\u00e9<\/li>\n\n\n\n<li>Cas de facettes sur plusieurs dents<\/li>\n\n\n\n<li>Cas de substrat sombre<\/li>\n\n\n\n<li>Cas utilisant diff\u00e9rents syst\u00e8mes c\u00e9ramiques<\/li>\n\n\n\n<li>Cas photographi\u00e9s plusieurs semaines ou plusieurs mois apr\u00e8s l'accouchement<\/li>\n\n\n\n<li>Exemples de prescriptions de facettes<\/li>\n\n\n\n<li>Exemples de communication \u00ab Stump-shade \u00bb<\/li>\n\n\n\n<li>Exemples de processus de correction ou de refonte<\/li>\n<\/ol>\n\n\n\n<p class=\"wp-block-paragraph\">Posez ensuite des questions techniques.<\/p>\n\n\n\n<p class=\"wp-block-paragraph\">Quelle c\u00e9ramique a-t-on utilis\u00e9e ?<\/p>\n\n\n\n<p class=\"wp-block-paragraph\">Quelle \u00e9tait la plage d'\u00e9paisseurs concern\u00e9e ?<\/p>\n\n\n\n<p class=\"wp-block-paragraph\">La structure \u00e9tait-elle monolithique, all\u00e9g\u00e9e ou enti\u00e8rement stratifi\u00e9e ?<\/p>\n\n\n\n<p class=\"wp-block-paragraph\">Comment l'ombre projet\u00e9e par la souche a-t-elle \u00e9t\u00e9 repr\u00e9sent\u00e9e ?<\/p>\n\n\n\n<p class=\"wp-block-paragraph\">La texture finale a-t-elle \u00e9t\u00e9 vitrifi\u00e9e, polie m\u00e9caniquement, ou les deux ?<\/p>\n\n\n\n<p class=\"wp-block-paragraph\">Quelle r\u00e9f\u00e9rence de conception a \u00e9t\u00e9 d\u00e9finitivement approuv\u00e9e ?<\/p>\n\n\n\n<p class=\"wp-block-paragraph\">Le patient a-t-il \u00e9t\u00e9 photographi\u00e9 avant sa d\u00e9shydratation ?<\/p>\n\n\n\n<p class=\"wp-block-paragraph\">Que se passait-il lorsqu'une unit\u00e9 ne correspondait pas ?<\/p>\n\n\n\n<p class=\"wp-block-paragraph\">Un laboratoire qui r\u00e9pond pr\u00e9cis\u00e9ment \u00e0 ces questions m'int\u00e9resse bien davantage que celui qui se contente de dire : \u201c Nous fabriquons des facettes haut de gamme. \u201d<\/p>\n\n\n\n<p class=\"wp-block-paragraph\">\u00ab Premium \u00bb est un adjectif utilis\u00e9 en marketing.<\/p>\n\n\n\n<p class=\"wp-block-paragraph\">Le processus peut faire l'objet d'une inspection.<\/p>\n\n\n\n<h2 class=\"wp-block-heading\">Les signaux d'alerte que je ne n\u00e9gligerais pas<\/h2>\n\n\n\n<p class=\"wp-block-paragraph\">Certains signes avant-coureurs sont \u00e9vidents.<\/p>\n\n\n\n<p class=\"wp-block-paragraph\">D'autres sont \u00e9tonnamment courants.<\/p>\n\n\n\n<h3 class=\"wp-block-heading\">Chaque \u00e9tui est d'un blanc \u00e9clatant<\/h3>\n\n\n\n<p class=\"wp-block-paragraph\">Il n'y a rien de mal en soi \u00e0 poser des facettes haut de gamme si c'est ce que souhaite le patient.<\/p>\n\n\n\n<p class=\"wp-block-paragraph\">Mais si un assortiment de proth\u00e8ses dentaires ne contient pratiquement rien d'autre, je ne peux pas \u00e9valuer sa capacit\u00e9 \u00e0 imiter la dentition naturelle.<\/p>\n\n\n\n<h3 class=\"wp-block-heading\">Chaque \u00e9tui pr\u00e9sente une texture \u00e9paisse<\/h3>\n\n\n\n<p class=\"wp-block-paragraph\">La texture n'est pas synonyme de talent artistique.<\/p>\n\n\n\n<p class=\"wp-block-paragraph\">Parfois, la subtilit\u00e9 exige davantage de ma\u00eetrise.<\/p>\n\n\n\n<h3 class=\"wp-block-heading\">Il n'y a pas de cas concernant une seule unit\u00e9<\/h3>\n\n\n\n<p class=\"wp-block-paragraph\">Cela ne prouve pas qu'il s'agisse d'une faiblesse.<\/p>\n\n\n\n<p class=\"wp-block-paragraph\">Mais cela supprime l'un des crit\u00e8res les plus utiles pour \u00e9valuer l'harmonie esth\u00e9tique.<\/p>\n\n\n\n<h3 class=\"wp-block-heading\">Toutes les photos utilisent des filtres spectaculaires<\/h3>\n\n\n\n<p class=\"wp-block-paragraph\">Un portfolio doit mettre en valeur la dentisterie, et non la dissimuler.<\/p>\n\n\n\n<h3 class=\"wp-block-heading\">Aucune information importante n'est fournie<\/h3>\n\n\n\n<p class=\"wp-block-paragraph\">La porcelaine feldspathique, le disilicate de lithium et la zircone ne pr\u00e9sentent pas les m\u00eames propri\u00e9t\u00e9s optiques.<\/p>\n\n\n\n<p class=\"wp-block-paragraph\">Si chaque mod\u00e8le est simplement pr\u00e9sent\u00e9 comme de la \u201c porcelaine haut de gamme \u201d, cela revient \u00e0 omettre des informations techniques utiles.<\/p>\n\n\n\n<h3 class=\"wp-block-heading\">Les dents se ressemblent davantage entre elles que les patients eux-m\u00eames<\/h3>\n\n\n\n<p class=\"wp-block-paragraph\">C'est le signe d'alerte le plus important.<\/p>\n\n\n\n<p class=\"wp-block-paragraph\">Une bonne dentisterie esth\u00e9tique doit refl\u00e9ter la personnalit\u00e9 du patient.<\/p>\n\n\n\n<p class=\"wp-block-paragraph\">Pas seulement les empreintes du laboratoire.<\/p>\n\n\n\n<figure class=\"wp-block-image size-full\"><img decoding=\"async\" width=\"474\" height=\"544\" src=\"https:\/\/artistdentallab.com\/wp-content\/uploads\/2026\/08\/What-Veneer-Case-Photos-Reveal-About-a-Labs-True-Esthetic-Skill-2.jpg\" alt=\"Ce que les photos de cas de facettes r\u00e9v\u00e8lent sur le v\u00e9ritable savoir-faire esth\u00e9tique d&#039;un laboratoire\" class=\"wp-image-1638\" title=\"\" srcset=\"https:\/\/artistdentallab.com\/wp-content\/uploads\/2026\/08\/What-Veneer-Case-Photos-Reveal-About-a-Labs-True-Esthetic-Skill-2.jpg 474w, https:\/\/artistdentallab.com\/wp-content\/uploads\/2026\/08\/What-Veneer-Case-Photos-Reveal-About-a-Labs-True-Esthetic-Skill-2-261x300.jpg 261w, https:\/\/artistdentallab.com\/wp-content\/uploads\/2026\/08\/What-Veneer-Case-Photos-Reveal-About-a-Labs-True-Esthetic-Skill-2-10x12.jpg 10w\" sizes=\"(max-width: 474px) 100vw, 474px\" \/><\/figure>\n\n\n\n<h2 class=\"wp-block-heading\">Ce qu'un laboratoire dentaire de qualit\u00e9 sp\u00e9cialis\u00e9 dans les facettes doit \u00eatre en mesure de d\u00e9montrer<\/h2>\n\n\n\n<p class=\"wp-block-paragraph\">Le meilleur laboratoire dentaire pour les facettes n'est pas forc\u00e9ment celui qui pr\u00e9sente le portfolio le plus \u00e9clatant, les photos les plus spectaculaires ou la liste la plus longue de transformations de sourires dignes des stars.<\/p>\n\n\n\n<p class=\"wp-block-paragraph\">Je m'int\u00e9resserais \u00e0 cinq points.<\/p>\n\n\n\n<h3 class=\"wp-block-heading\">Jugement optique<\/h3>\n\n\n\n<p class=\"wp-block-paragraph\">Le laboratoire prend en compte la valeur, la translucidit\u00e9, l'opacit\u00e9, la saturation, l'influence du moignon, l'influence du ciment et la r\u00e9flexion de surface.<\/p>\n\n\n\n<h3 class=\"wp-block-heading\">Jugement morphologique<\/h3>\n\n\n\n<p class=\"wp-block-paragraph\">Le laboratoire contr\u00f4le les proportions, les angles des lignes, le contour du visage, les embrasures, la position du bord incisif et la dominance dentaire.<\/p>\n\n\n\n<h3 class=\"wp-block-heading\">Jugement sur le fond<\/h3>\n\n\n\n<p class=\"wp-block-paragraph\">Le laboratoire ne prescrit pas la m\u00eame c\u00e9ramique pour tous les supports et toutes les situations fonctionnelles.<\/p>\n\n\n\n<h3 class=\"wp-block-heading\">Discipline photographique<\/h3>\n\n\n\n<p class=\"wp-block-paragraph\">Les photographies des cas sont suffisamment reproductibles pour permettre une comparaison pertinente.<\/p>\n\n\n\n<h3 class=\"wp-block-heading\">Discipline de la communication<\/h3>\n\n\n\n<p class=\"wp-block-paragraph\">Le technicien demande les dossiers manquants au lieu de les inventer discr\u00e8tement.<\/p>\n\n\n\n<p class=\"wp-block-paragraph\">Cette derni\u00e8re qualit\u00e9 est sous-estim\u00e9e.<\/p>\n\n\n\n<p class=\"wp-block-paragraph\">Parfois, la r\u00e9ponse la plus pertinente qu\u2019un laboratoire puisse donner est :<\/p>\n\n\n\n<p class=\"wp-block-paragraph\">\u201c Il nous faut une autre photo avant de continuer. \u201d<\/p>\n\n\n\n<h2 class=\"wp-block-heading\">FAQ<\/h2>\n\n\n\n<h3 class=\"wp-block-heading\">Que r\u00e9v\u00e8lent les photos de cas de facettes sur la qualit\u00e9 d'un laboratoire dentaire ?<\/h3>\n\n\n\n<p class=\"wp-block-paragraph\">Les photos de cas de facettes r\u00e9v\u00e8lent la ma\u00eetrise \u00e9vidente, par le laboratoire, des proportions dentaires, de la teinte, de la translucidit\u00e9, de la texture de surface, de la caract\u00e9risation incisale, des angles de ligne, de la sym\u00e9trie, l'int\u00e9gration gingivale et la conception sur mesure pour chaque patient, tout en montrant si ses r\u00e9sultats esth\u00e9tiques restent convaincants sous un \u00e9clairage rapproch\u00e9, en r\u00e9traction, de face et sous un \u00e9clairage directionnel, et non pas uniquement sur des portraits de sourire hautement retouch\u00e9s.<\/p>\n\n\n\n<p class=\"wp-block-paragraph\">Ils constituent donc un outil pr\u00e9cieux pour \u00e9valuer un laboratoire dentaire esth\u00e9tique, mais ils doivent \u00eatre associ\u00e9s \u00e0 des informations concernant le choix des mat\u00e9riaux, la communication sur les cas, l'ajustement, le contr\u00f4le qualit\u00e9 et l'organisation du travail \u00e0 long terme.<\/p>\n\n\n\n<h3 class=\"wp-block-heading\">Comment puis-je savoir si les photos \u00ab avant-apr\u00e8s \u00bb de facettes en porcelaine sont de bonne qualit\u00e9 ?<\/h3>\n\n\n\n<p class=\"wp-block-paragraph\">Les photos \u00ab avant-apr\u00e8s \u00bb de facettes en porcelaine de haute qualit\u00e9 doivent pr\u00e9senter des angles de prise de vue comparables, une exposition reproductible, une balance des blancs contr\u00f4l\u00e9e, un grossissement constant, un cadrage naturel du visage, des vues cliniques en r\u00e9traction, ainsi qu'une r\u00e9solution suffisante pour examiner les transitions cervicales, les effets incisifs, la texture de surface, les reflets sur les lignes et les angles, la sym\u00e9trie et les dents adjacentes, sans recourir \u00e0 des filtres spectaculaires ni \u00e0 des changements de perspective trompeurs.<\/p>\n\n\n\n<p class=\"wp-block-paragraph\">Les meilleures galeries pr\u00e9sentent g\u00e9n\u00e9ralement plusieurs clich\u00e9s plut\u00f4t que de se contenter d'une seule photo flatteuse o\u00f9 le sujet arbore un large sourire.<\/p>\n\n\n\n<h3 class=\"wp-block-heading\">Quels sont les crit\u00e8res \u00e0 prendre en compte dans les dossiers de facettes dentaires trait\u00e9s par un laboratoire dentaire ?<\/h3>\n\n\n\n<p class=\"wp-block-paragraph\">Les cas de facettes r\u00e9alis\u00e9s par un laboratoire dentaire doivent pr\u00e9senter des proportions cr\u00e9dibles des incisives centrales, une valeur contr\u00f4l\u00e9e, une translucidit\u00e9 incisale adapt\u00e9e \u00e0 chaque cas, une texture de surface sobre, une progression naturelle des embrasures, un caract\u00e8re appropri\u00e9 des incisives lat\u00e9rales et des canines, une int\u00e9gration gingivale coh\u00e9rente, ainsi qu\u2019une variation suffisante entre les patients pour prouver que le laboratoire con\u00e7oit chaque sourire de mani\u00e8re individuelle plut\u00f4t que d\u2019appliquer de mani\u00e8re r\u00e9p\u00e9titive une biblioth\u00e8que de dents standard.<\/p>\n\n\n\n<p class=\"wp-block-paragraph\">J'accorderais une importance particuli\u00e8re aux restaurations unitaires, aux remplacements d'une seule unit\u00e9, aux substrats fonc\u00e9s, aux cas n\u00e9cessitant une pr\u00e9paration minimale et aux restaurations dont la teinte est assortie \u00e0 celle des dents naturelles.<\/p>\n\n\n\n<h3 class=\"wp-block-heading\">Les photos montrant des facettes d'un blanc \u00e9clatant sont-elles le signe d'un laboratoire dentaire esth\u00e9tique comp\u00e9tent ?<\/h3>\n\n\n\n<p class=\"wp-block-paragraph\">Les photos de facettes d'un blanc \u00e9clatant t\u00e9moignent d'un r\u00e9sultat esth\u00e9tique recherch\u00e9, mais ne constituent pas la preuve d'une expertise sup\u00e9rieure du laboratoire dentaire esth\u00e9tique, car m\u00eame une c\u00e9ramique haut de gamme peut pr\u00e9senter des proportions inad\u00e9quates, une opacit\u00e9 excessive, un contour facial plat, un brillant uniforme, une texture g\u00e9n\u00e9rique, une caract\u00e9risation incisale insuffisante ou une int\u00e9gration inappropri\u00e9e avec les l\u00e8vres, de ses gencives, de son visage, de son \u00e2ge et de sa dentition naturelle restante.<\/p>\n\n\n\n<p class=\"wp-block-paragraph\">Le v\u00e9ritable d\u00e9fi consiste \u00e0 d\u00e9terminer si le laboratoire est capable de r\u00e9aliser \u00e0 la fois des proth\u00e8ses esth\u00e9tiques \u00e9clatantes et des restaurations discr\u00e8tes qui se fondent parfaitement avec les dents naturelles.<\/p>\n\n\n\n<h3 class=\"wp-block-heading\">Les photos de cas de facettes peuvent-elles prouver qu'un laboratoire dentaire r\u00e9alise des restaurations durables ?<\/h3>\n\n\n\n<p class=\"wp-block-paragraph\">Les photos de facettes ne permettent pas de prouver leur durabilit\u00e9 \u00e0 long terme, car elles ne montrent principalement que les r\u00e9sultats esth\u00e9tiques visibles \u00e0 un moment donn\u00e9, alors que la p\u00e9rennit\u00e9 de la restauration d\u00e9pend \u00e9galement de la conception de la pr\u00e9paration, de la quantit\u00e9 d'\u00e9mail disponible, de l'adh\u00e9rence, de l'\u00e9paisseur de la c\u00e9ramique, de l'occlusion, des parafonctions, de la technique de scellement, de la qualit\u00e9 marginale, du comportement du patient, du choix des mat\u00e9riaux et de l'entretien clinique, autant d'\u00e9l\u00e9ments qui ne sont pas n\u00e9cessairement visibles sur une image de portfolio.<\/p>\n\n\n\n<p class=\"wp-block-paragraph\">Utilisez les photographies pour \u00e9valuer l'aspect esth\u00e9tique visible, puis examinez s\u00e9par\u00e9ment le d\u00e9roulement des soins et la qualit\u00e9 technique.<\/p>\n\n\n\n<h3 class=\"wp-block-heading\">Comment \u00e9valuer un laboratoire dentaire avant de lui envoyer mon premier dossier de facettes ?<\/h3>\n\n\n\n<p class=\"wp-block-paragraph\">Pour \u00e9valuer un laboratoire dentaire avant de lui confier un dossier de facettes, il convient d\u2019examiner diverses photographies de cas, d\u2019\u00e9tudier les restaurations ant\u00e9rieures unitaires et multiples, de demander quels syst\u00e8mes c\u00e9ramiques ont \u00e9t\u00e9 utilis\u00e9s, de v\u00e9rifier comment la teinte du moignon et les documents photographiques sont communiqu\u00e9s, d\u2019examiner les exigences de la prescription, de comprendre les proc\u00e9dures de correction et de v\u00e9rifier si les techniciens posent des questions pr\u00e9cises lorsque les documents fournis sont incomplets ou contradictoires.<\/p>\n\n\n\n<p class=\"wp-block-paragraph\">Un essai contr\u00f4l\u00e9 est g\u00e9n\u00e9ralement plus r\u00e9v\u00e9lateur que le simple fait de juger un fournisseur sur la base de ses seules all\u00e9gations marketing.<\/p>\n\n\n\n<h3 class=\"wp-block-heading\">Est-ce que les smartphones ou les appareils photo reflex num\u00e9riques permettent de prendre de meilleures photos de bo\u00eetiers en placage ?<\/h3>\n\n\n\n<p class=\"wp-block-paragraph\">Les smartphones et les appareils photo reflex num\u00e9riques peuvent tous deux fournir une documentation utile sur les facettes dentaires lorsque l'\u00e9clairage, l'\u00e9talonnage, l'exposition, la distance, l'orientation et le traitement de l'image sont standardis\u00e9s ; les recherches actuelles ne permettent pas de conclure qu'une cat\u00e9gorie d'appareils photo produirait automatiquement des informations plus pr\u00e9cises sur la teinte dentaire, quelles que soient les conditions de prise de vue, d'\u00e9talonnage, de traitement, d'affichage et d'interpr\u00e9tation de la photographie.<\/p>\n\n\n\n<p class=\"wp-block-paragraph\">Pour l'\u00e9valuation en laboratoire, la coh\u00e9rence du protocole photographique est plus importante que le badge de l'appareil photo.<\/p>\n\n\n\n<h3 class=\"wp-block-heading\">Quel est le principal signe d'alerte \u00e0 rep\u00e9rer dans le portfolio d'un laboratoire sp\u00e9cialis\u00e9 dans les facettes ?<\/h3>\n\n\n\n<p class=\"wp-block-paragraph\">Le signe d'alerte le plus important dans le portfolio d'un laboratoire sp\u00e9cialis\u00e9 dans les facettes est la r\u00e9p\u00e9tition excessive chez des patients sans lien entre eux, o\u00f9 les formes des incisives centrales, les teintes de blanchiment, les halos incisifs, les motifs de texture, les embrasures, les proportions des incisives lat\u00e9rales et la brillance de la surface semblent pratiquement identiques d\u2019un cas \u00e0 l\u2019autre, ce qui laisse supposer qu\u2019un mod\u00e8le type propre au laboratoire pourrait se substituer \u00e0 l\u2019observation sp\u00e9cifique au patient et au jugement esth\u00e9tique au cas par cas.<\/p>\n\n\n\n<p class=\"wp-block-paragraph\">La coh\u00e9rence est souhaitable ; la monotonie ne l'est pas.<\/p>\n\n\n\n<h2 class=\"wp-block-heading\">Prochaine \u00e9tape : testez le laboratoire avec un cas qui met r\u00e9ellement vos comp\u00e9tences \u00e0 l'\u00e9preuve<\/h2>\n\n\n\n<p class=\"wp-block-paragraph\">Ne choisissez pas un laboratoire sp\u00e9cialis\u00e9 dans les facettes simplement parce qu'une restauration de dix dents vous a sembl\u00e9 impressionnante sur l'\u00e9cran de votre t\u00e9l\u00e9phone.<\/p>\n\n\n\n<p class=\"wp-block-paragraph\">\u00c9tudiez les centrales.<\/p>\n\n\n\n<p class=\"wp-block-paragraph\">Zoomez sur les bords incisifs.<\/p>\n\n\n\n<p class=\"wp-block-paragraph\">Suivez ces r\u00e9flexions.<\/p>\n\n\n\n<p class=\"wp-block-paragraph\">Comparer la valeur cervicale.<\/p>\n\n\n\n<p class=\"wp-block-paragraph\">Regardez les angles des lignes.<\/p>\n\n\n\n<p class=\"wp-block-paragraph\">Examinez la surface sous un \u00e9clairage oblique.<\/p>\n\n\n\n<p class=\"wp-block-paragraph\">Recherchez les cas o\u00f9 il n'y a qu'une seule unit\u00e9.<\/p>\n\n\n\n<p class=\"wp-block-paragraph\">Recherchez des patients dont les dents ne pr\u00e9sentent pas toutes la m\u00eame forme.<\/p>\n\n\n\n<p class=\"wp-block-paragraph\">Et demandez quelles informations ont permis d'obtenir ce r\u00e9sultat.<\/p>\n\n\n\n<p class=\"wp-block-paragraph\">C'est ainsi que j'\u00e9valuerais les photos de cas de facettes.<\/p>\n\n\n\n<p class=\"wp-block-paragraph\">Si vous \u00eates actuellement en train de comparer diff\u00e9rents laboratoires partenaires, envoyez \u00e0 Artist Dental Lab un cas repr\u00e9sentatif de dents ant\u00e9rieures en joignant les fichiers STL disponibles, les relev\u00e9s de teinte des moignons, les photos de teinte, les r\u00e9f\u00e9rences de sourire et les objectifs esth\u00e9tiques via le <a href=\"https:\/\/artistdentallab.com\/fr\/contact\/\">Page de demande de devis du laboratoire dentaire Artist<\/a>. Utilisez ce premier cas comme test technique : \u00e9valuez non seulement les facettes finies, mais aussi les questions pos\u00e9es par le technicien avant le d\u00e9but de la fabrication.<\/p>\n\n\n\n<p class=\"wp-block-paragraph\">Les photos ont leur importance.<\/p>\n\n\n\n<p class=\"wp-block-paragraph\">Ce qui importe avant tout, c'est la r\u00e9flexion qui les sous-tend.<\/p>","protected":false},"excerpt":{"rendered":"<p>Une galerie de facettes impeccables peut impressionner en quelques secondes, mais les acheteurs s\u00e9rieux doivent aller au-del\u00e0 des apparences. Voici comment analyser les cas de facettes r\u00e9alis\u00e9s par un laboratoire dentaire afin d\u2019y d\u00e9celer les preuves d\u2019un v\u00e9ritable savoir-faire en c\u00e9ramique, d\u2019un contr\u00f4le optique, d\u2019une texture de surface, de proportions harmonieuses et d\u2019un jugement esth\u00e9tique constant.<\/p>","protected":false},"author":1,"featured_media":1640,"comment_status":"open","ping_status":"open","sticky":false,"template":"","format":"standard","meta":{"footnotes":""},"categories":[1],"tags":[],"class_list":["post-1636","post","type-post","status-publish","format-standard","has-post-thumbnail","hentry","category-buyer-guides"],"blocksy_meta":{"styles_descriptor":{"styles":{"desktop":"","tablet":"","mobile":""},"google_fonts":[],"version":7}},"_links":{"self":[{"href":"https:\/\/artistdentallab.com\/fr\/wp-json\/wp\/v2\/posts\/1636","targetHints":{"allow":["GET"]}}],"collection":[{"href":"https:\/\/artistdentallab.com\/fr\/wp-json\/wp\/v2\/posts"}],"about":[{"href":"https:\/\/artistdentallab.com\/fr\/wp-json\/wp\/v2\/types\/post"}],"author":[{"embeddable":true,"href":"https:\/\/artistdentallab.com\/fr\/wp-json\/wp\/v2\/users\/1"}],"replies":[{"embeddable":true,"href":"https:\/\/artistdentallab.com\/fr\/wp-json\/wp\/v2\/comments?post=1636"}],"version-history":[{"count":1,"href":"https:\/\/artistdentallab.com\/fr\/wp-json\/wp\/v2\/posts\/1636\/revisions"}],"predecessor-version":[{"id":1641,"href":"https:\/\/artistdentallab.com\/fr\/wp-json\/wp\/v2\/posts\/1636\/revisions\/1641"}],"wp:featuredmedia":[{"embeddable":true,"href":"https:\/\/artistdentallab.com\/fr\/wp-json\/wp\/v2\/media\/1640"}],"wp:attachment":[{"href":"https:\/\/artistdentallab.com\/fr\/wp-json\/wp\/v2\/media?parent=1636"}],"wp:term":[{"taxonomy":"category","embeddable":true,"href":"https:\/\/artistdentallab.com\/fr\/wp-json\/wp\/v2\/categories?post=1636"},{"taxonomy":"post_tag","embeddable":true,"href":"https:\/\/artistdentallab.com\/fr\/wp-json\/wp\/v2\/tags?post=1636"}],"curies":[{"name":"wp","href":"https:\/\/api.w.org\/{rel}","templated":true}]}}