{"id":1642,"date":"2026-08-10T06:41:29","date_gmt":"2026-08-10T06:41:29","guid":{"rendered":"https:\/\/artistdentallab.com\/"},"modified":"2026-08-10T06:43:09","modified_gmt":"2026-08-10T06:43:09","slug":"veneer-maintenance-for-long-term-gloss-texture-and-shade-stability","status":"publish","type":"post","link":"https:\/\/artistdentallab.com\/fr\/veneer-maintenance-for-long-term-gloss-texture-and-shade-stability\/","title":{"rendered":"Entretien des placages pour pr\u00e9server durablement leur brillance, leur texture et leur teinte"},"content":{"rendered":"<p class=\"wp-block-paragraph\">Un placage peut r\u00e9sister au temps tout en vieillissant mal.<\/p>\n\n\n\n<p class=\"wp-block-paragraph\">Cette distinction est importante car le secteur dentaire utilise couramment le terme \u201c survie \u201d comme synonyme de r\u00e9ussite, m\u00eame lorsqu\u2019une restauration reste bien fix\u00e9e mais qu\u2019elle est devenue plus terne, plus rugueuse, plus r\u00e9fl\u00e9chissante aux mauvais endroits, tach\u00e9e au niveau des bords ou qu\u2019elle ne s\u2019harmonise plus visuellement avec les dents adjacentes.<\/p>\n\n\n\n<p class=\"wp-block-paragraph\">Pourquoi une restauration devrait-elle \u00eatre consid\u00e9r\u00e9e comme r\u00e9ussie simplement parce qu'elle ne s'est pas fissur\u00e9e ?<\/p>\n\n\n\n<p class=\"wp-block-paragraph\">Une revue syst\u00e9matique de 2021 r\u00e9pertori\u00e9e par la Biblioth\u00e8que nationale de m\u00e9decine des \u00c9tats-Unis a \u00e9valu\u00e9 <strong>25 \u00e9tudes cliniques portant sur 6 500 facettes en c\u00e9ramique<\/strong> et a calcul\u00e9 une estimation <strong>Taux de survie cumul\u00e9 \u00e0 10 ans de 95,51 TP3T<\/strong>. La fracture \u00e9tait la d\u00e9faillance la plus fr\u00e9quemment signal\u00e9e, suivie du d\u00e9collement. Ces chiffres sont impressionnants, mais ils mesurent la dur\u00e9e de vie de la restauration \u2014 et non le maintien du brillant, de la texture de surface et de l'aspect optique exacts obtenus le jour de la pose.<\/p>\n\n\n\n<p class=\"wp-block-paragraph\">C'est la premi\u00e8re r\u00e9alit\u00e9 incontournable concernant l'entretien des placages.<\/p>\n\n\n\n<p class=\"wp-block-paragraph\"><strong>La long\u00e9vit\u00e9 et la stabilit\u00e9 esth\u00e9tique ne constituent pas le m\u00eame crit\u00e8re d'\u00e9valuation.<\/strong><\/p>\n\n\n\n<h2 class=\"wp-block-heading\">L'entretien du placage, c'est avant tout une question de gestion de la surface<\/h2>\n\n\n\n<p class=\"wp-block-paragraph\">En ce qui concerne l'entretien \u00e0 long terme des facettes en porcelaine, je classe les cas en quatre cat\u00e9gories :<\/p>\n\n\n\n<ol class=\"wp-block-list\">\n<li>\u00c9tat de la surface en c\u00e9ramique<\/li>\n\n\n\n<li>Marges coll\u00e9es et structure dentaire de soutien<\/li>\n\n\n\n<li>Relation optique entre la c\u00e9ramique, le ciment r\u00e9sineux et la dent naturelle<\/li>\n\n\n\n<li>Charges fonctionnelles dues \u00e0 l'occlusion et aux parafonctions<\/li>\n<\/ol>\n\n\n\n<p class=\"wp-block-paragraph\">Le patient constate g\u00e9n\u00e9ralement une chose : \u201c Mes facettes ne sont plus aussi brillantes qu\u2019avant. \u201d<\/p>\n\n\n\n<p class=\"wp-block-paragraph\">Mais la cause r\u00e9elle pourrait \u00eatre tout \u00e0 fait diff\u00e9rente.<\/p>\n\n\n\n<p class=\"wp-block-paragraph\">Des d\u00e9p\u00f4ts ont pu s'accumuler sur la facette. Un nettoyage professionnel a peut-\u00eatre alt\u00e9r\u00e9 la surface. Un ajustement au fauteuil a peut-\u00eatre \u00e9limin\u00e9 la couche de gla\u00e7age. L'\u00e9mail adjacent a peut-\u00eatre chang\u00e9. Une r\u00e9cession gingivale a peut-\u00eatre mis \u00e0 nu la transition cervicale. Le ciment r\u00e9sineux au niveau d'une marge a peut-\u00eatre subi une alt\u00e9ration optique. Ou bien la texture d'origine de la c\u00e9ramique refl\u00e8te peut-\u00eatre simplement la lumi\u00e8re diff\u00e9remment apr\u00e8s des ann\u00e9es d'usure superficielle.<\/p>\n\n\n\n<p class=\"wp-block-paragraph\">La r\u00e9flexion d'Artist Dental Lab sur <a href=\"https:\/\/artistdentallab.com\/fr\/why-veneer-shade-can-appear-different-one-week-after-bonding\/\">Pourquoi la teinte d'une facette peut-elle para\u00eetre diff\u00e9rente apr\u00e8s la pose ?<\/a> fait cette m\u00eame distinction : l'ombre doit \u00eatre \u00e9valu\u00e9e en tenant compte de l'hydratation, de l'\u00e9clairage, de l'ombre projet\u00e9e par les souches, du mat\u00e9riau c\u00e9ramique, du ciment, de l'\u00e9paisseur et de la texture de la surface, plut\u00f4t que d'\u00eatre r\u00e9duite \u00e0 un simple d\u00e9bat opposant la classe A1 \u00e0 la classe B1.<\/p>\n\n\n\n<p class=\"wp-block-paragraph\">Les petits d\u00e9tails finissent par compter.<\/p>\n\n\n\n<p class=\"wp-block-paragraph\">Une facette en porcelaine n'est pas simplement une coque blanche. La porcelaine feldspathique contient un syst\u00e8me c\u00e9ramique \u00e0 forte teneur en verre, associ\u00e9 \u00e0 des compos\u00e9s tels que <strong>SiO\u2082, Al\u2082O\u2083, K\u2082O et Na\u2082O<\/strong>, tandis que le disilicate de lithium est g\u00e9n\u00e9ralement repr\u00e9sent\u00e9 par <strong>Li\u2082Si\u2082O\u2085<\/strong>. L'\u00e9mail naturel, en revanche, est principalement constitu\u00e9 d'hydroxyapatite, <strong>Ca\u2081\u2080(PO\u2084)\u2086(OH)\u2082<\/strong>. Ces surfaces ne r\u00e9agissent pas de la m\u00eame mani\u00e8re \u00e0 l'usure, au polissage, aux interventions instrumentales ou au vieillissement optique.<\/p>\n\n\n\n<p class=\"wp-block-paragraph\">La maintenance ne peut donc pas \u00eatre standardis\u00e9e.<\/p>\n\n\n\n<h2 class=\"wp-block-heading\">La brillance, ce n\u2019est pas seulement \u201c l\u2019\u00e9clat \u201d<\/h2>\n\n\n\n<p class=\"wp-block-paragraph\">Les praticiens parlent parfois du \u00ab gloss \u00bb comme s'il s'agissait d'un vernis esth\u00e9tique appliqu\u00e9 \u00e0 la fin du processus de fabrication.<\/p>\n\n\n\n<p class=\"wp-block-paragraph\">Je ne suis pas d'accord.<\/p>\n\n\n\n<p class=\"wp-block-paragraph\">La brillance d\u00e9termine la mani\u00e8re dont la lumi\u00e8re se refl\u00e8te \u00e0 la surface de la dent. Associ\u00e9e aux angles des lignes, aux lobes de d\u00e9veloppement, \u00e0 la texture horizontale, \u00e0 l'anatomie incisale et \u00e0 la courbure de la surface, elle modifie la largeur, la valeur, la profondeur et l'\u00e2ge per\u00e7us d'une dent.<\/p>\n\n\n\n<p class=\"wp-block-paragraph\">Si l'on aplatit ce syst\u00e8me, l'aspect de la restauration change, m\u00eame si la d\u00e9signation de teinte Vita reste identique.<\/p>\n\n\n\n<p class=\"wp-block-paragraph\">C'est pourquoi notre guide sur <a href=\"https:\/\/artistdentallab.com\/fr\/which-veneer-material-offers-the-best-control-of-surface-texture\/\">texture de la surface du placage et choix de la c\u00e9ramique<\/a> distingue le contour primaire, l'anatomie secondaire de d\u00e9veloppement, la microtexture tertiaire et le brillant s\u00e9lectif. Une facette peut \u00eatre suffisamment lisse au microscope pour une utilisation clinique sans pour autant para\u00eetre visuellement plate.<\/p>\n\n\n\n<p class=\"wp-block-paragraph\">Cette diff\u00e9rence passe facilement inaper\u00e7ue.<\/p>\n\n\n\n<h3 class=\"wp-block-heading\">\u00ab Lisse \u00bb ne veut pas dire \u00ab plat \u00bb.<\/h3>\n\n\n\n<p class=\"wp-block-paragraph\">Un placage correctement fini peut comporter :<\/p>\n\n\n\n<ul class=\"wp-block-list\">\n<li>Lignes de transition m\u00e9siale et distale<\/li>\n\n\n\n<li>Lobes de d\u00e9veloppement facial<\/li>\n\n\n\n<li>D\u00e9pressions verticales tr\u00e8s peu profondes<\/li>\n\n\n\n<li>Texture horizontale s\u00e9lective de type \u00e9mail<\/li>\n\n\n\n<li>Irr\u00e9gularit\u00e9 incisale<\/li>\n\n\n\n<li>Intensit\u00e9 de brillance variable selon les zones du visage<\/li>\n\n\n\n<li>L\u00e9g\u00e8re asym\u00e9trie entre les dents controlat\u00e9rales<\/li>\n<\/ul>\n\n\n\n<p class=\"wp-block-paragraph\">Le fait d'\u00e9liminer tout cela dans le but d'obtenir une \u201c brillance maximale \u201d ne permet pas de restaurer le vernis.<\/p>\n\n\n\n<p class=\"wp-block-paragraph\">Il le repense.<\/p>\n\n\n\n<p class=\"wp-block-paragraph\">Et une fois que l'anatomie d'origine de la surface a \u00e9t\u00e9 \u00e9limin\u00e9e par meulage, le polissage seul ne permet pas de reconstituer une g\u00e9om\u00e9trie qui n'existe plus.<\/p>\n\n\n\n<figure class=\"wp-block-image size-large\"><img fetchpriority=\"high\" decoding=\"async\" width=\"1024\" height=\"576\" src=\"https:\/\/artistdentallab.com\/wp-content\/uploads\/2026\/08\/Veneer-Maintenance-for-Long-Term-Gloss-Texture-and-Shade-Stability-2-1024x576.jpg\" alt=\"Entretien des placages pour pr\u00e9server durablement leur brillance, leur texture et leur teinte\" class=\"wp-image-1644\" title=\"\" srcset=\"https:\/\/artistdentallab.com\/wp-content\/uploads\/2026\/08\/Veneer-Maintenance-for-Long-Term-Gloss-Texture-and-Shade-Stability-2-1024x576.jpg 1024w, https:\/\/artistdentallab.com\/wp-content\/uploads\/2026\/08\/Veneer-Maintenance-for-Long-Term-Gloss-Texture-and-Shade-Stability-2-300x169.jpg 300w, https:\/\/artistdentallab.com\/wp-content\/uploads\/2026\/08\/Veneer-Maintenance-for-Long-Term-Gloss-Texture-and-Shade-Stability-2-768x432.jpg 768w, https:\/\/artistdentallab.com\/wp-content\/uploads\/2026\/08\/Veneer-Maintenance-for-Long-Term-Gloss-Texture-and-Shade-Stability-2-1536x864.jpg 1536w, https:\/\/artistdentallab.com\/wp-content\/uploads\/2026\/08\/Veneer-Maintenance-for-Long-Term-Gloss-Texture-and-Shade-Stability-2-18x10.jpg 18w, https:\/\/artistdentallab.com\/wp-content\/uploads\/2026\/08\/Veneer-Maintenance-for-Long-Term-Gloss-Texture-and-Shade-Stability-2-500x281.jpg 500w, https:\/\/artistdentallab.com\/wp-content\/uploads\/2026\/08\/Veneer-Maintenance-for-Long-Term-Gloss-Texture-and-Shade-Stability-2-600x338.jpg 600w, https:\/\/artistdentallab.com\/wp-content\/uploads\/2026\/08\/Veneer-Maintenance-for-Long-Term-Gloss-Texture-and-Shade-Stability-2.jpg 1672w\" sizes=\"(max-width: 1024px) 100vw, 1024px\" \/><figcaption class=\"wp-element-caption\">Entretien des placages pour pr\u00e9server durablement leur brillance, leur texture et leur teinte<\/figcaption><\/figure>\n\n\n\n<h2 class=\"wp-block-heading\">Qu'est-ce qui influence r\u00e9ellement la brillance, la texture et la teinte des facettes ?<\/h2>\n\n\n\n<p class=\"wp-block-paragraph\">En g\u00e9n\u00e9ral, le patient met cela sur le compte du caf\u00e9.<\/p>\n\n\n\n<p class=\"wp-block-paragraph\">Parfois, c'est le caf\u00e9 qui est \u00e0 bl\u00e2mer. Souvent, on lui attribue trop de m\u00e9rite.<\/p>\n\n\n\n<p class=\"wp-block-paragraph\">A 2026 <em>Rapports scientifiques<\/em> \u00e9tude examin\u00e9e <strong>48 sp\u00e9cimens<\/strong> fabriqu\u00e9es \u00e0 partir de deux facettes en c\u00e9ramique stratifi\u00e9e par CAO\/FAO : <strong>CEREC Tessera<\/strong> le disilicate de lithium de derni\u00e8re g\u00e9n\u00e9ration de Dentsply Sirona et <strong>VITA Suprinity<\/strong> silicate de lithium renforc\u00e9 \u00e0 la zircone de VITA Zahnfabrik. Les chercheurs ont soumis les \u00e9chantillons \u00e0 une simulation de brossage ainsi qu'\u00e0 des cycles thermiques impliquant du caf\u00e9 et du tabac, puis les ont \u00e9valu\u00e9s apr\u00e8s des intervalles simul\u00e9s de six mois et d'un an.<\/p>\n\n\n\n<p class=\"wp-block-paragraph\">L'exp\u00e9rience a utilis\u00e9 <strong>10 000 cycles de brossage<\/strong> comme crit\u00e8re d'\u00e9valuation simul\u00e9 \u00e0 un an. Les variations de rugosit\u00e9 de surface n'\u00e9taient pas statistiquement significatives entre les groupes test\u00e9s, mais le changement de couleur observ\u00e9 apr\u00e8s le protocole combinant brossage et exposition au caf\u00e9\/tabac a d\u00e9pass\u00e9 la fourchette cliniquement accept\u00e9e par l'\u00e9tude pour les mat\u00e9riaux test\u00e9s. Les auteurs ont \u00e9galement soulign\u00e9 qu'il s'agissait d'une <strong>in vitro<\/strong> Il s'agit d'une exp\u00e9rience, et non d'une pr\u00e9diction directe de l'aspect que pr\u00e9senteront les facettes de chaque patient au bout d'un an.<\/p>\n\n\n\n<p class=\"wp-block-paragraph\">Cette limitation a son importance.<\/p>\n\n\n\n<p class=\"wp-block-paragraph\">Les \u00e9tudes de vieillissement en laboratoire acc\u00e9l\u00e8rent certaines variables sp\u00e9cifiques. Dans les conditions r\u00e9elles, il faut tenir compte de la salive, de la plaque dentaire, de l'alimentation, des variations de pH, de la technique de brossage, de l'occlusion, du d\u00e9tartrage professionnel, du ciment r\u00e9sineux, des tissus gingivaux, de l'\u00e9paisseur individuelle de la c\u00e9ramique et de centaines de diff\u00e9rences comportementales.<\/p>\n\n\n\n<p class=\"wp-block-paragraph\">Cela dit, le message reste utile : <strong>La finition de la surface et l'historique d'exposition ont leur importance.<\/strong><\/p>\n\n\n\n<h2 class=\"wp-block-heading\">Aper\u00e7u des risques li\u00e9s \u00e0 l'entretien des facettes<\/h2>\n\n\n\n<figure class=\"wp-block-table\"><table class=\"has-fixed-layout\"><thead><tr><th>Facteur<\/th><th>Principale pr\u00e9occupation \u00e0 long terme<\/th><th>Ce \u00e0 quoi l'\u00e9quipe clinique doit pr\u00eater attention<\/th><th>Une meilleure r\u00e9activit\u00e9 en mati\u00e8re de maintenance<\/th><\/tr><\/thead><tbody><tr><td>Brossage quotidien normal<\/td><td>Contr\u00f4le de la plaque dentaire avec interaction de surface cumul\u00e9e \u00e9ventuelle<\/td><td>Modifications de la brillance ou rugosit\u00e9 localis\u00e9e<\/td><td>Utilisez les produits et la technique de brossage recommand\u00e9s par les professionnels de sant\u00e9<\/td><\/tr><tr><td>Produits blanchissants tr\u00e8s abrasifs ou agressifs<\/td><td>Abrasion de surface<\/td><td>Aspect de plus en plus mat ou apparition de fines rayures<\/td><td>Ne partez pas du principe que \u201c blanchiment \u201d signifie \u00ab compatible avec les facettes \u00bb.<\/td><\/tr><tr><td>Caf\u00e9, th\u00e9, vin rouge, tabac<\/td><td>Exposition \u00e0 des couleurs externes<\/td><td>Tache superficielle, d\u00e9coloration marginale, diff\u00e9rence de teinte par rapport aux dents adjacentes<\/td><td>Assurer le contr\u00f4le de la plaque dentaire et d\u00e9terminer la cause r\u00e9elle de la d\u00e9coloration<\/td><\/tr><tr><td>D\u00e9tartrage et prophylaxie professionnels<\/td><td>Interaction entre l'instrument et le mat\u00e9riau<\/td><td>Rayures ou alt\u00e9rations de la finition de surface<\/td><td>Identifier le mat\u00e9riau de restauration avant toute intervention agressive<\/td><\/tr><tr><td>Ajustement de la c\u00e9ramique au fauteuil<\/td><td>Perte de brillance, de texture et de nettet\u00e9 des contours<\/td><td>Une rugosit\u00e9 locale ou un reflet anormalement plat<\/td><td>Effectuez un nouveau polissage en suivant une proc\u00e9dure sp\u00e9cifique \u00e0 la c\u00e9ramique<\/td><\/tr><tr><td>Bruxisme ou sollicitation fonctionnelle importante<\/td><td>Usure des ar\u00eates, \u00e9br\u00e9chures, fractures<\/td><td>Micro-l\u00e9sions incisales et \u00e9volution des sch\u00e9mas de contact<\/td><td>\u00c9valuer l'occlusion et envisager un traitement pr\u00e9ventif lorsque cela est indiqu\u00e9<\/td><\/tr><tr><td>R\u00e9cession gingivale<\/td><td>Des marges d\u00e9sormais visibles<\/td><td>Transition de teinte au niveau cervical ou structure dentaire expos\u00e9e<\/td><td>\u00c9valuer l'\u00e9tat parodontal et l'int\u00e9grit\u00e9 des marges<\/td><\/tr><tr><td>Vieillissement de l'interface r\u00e9sine-ciment<\/td><td>Changement optique pr\u00e8s des bords<\/td><td>Diff\u00e9rence de couleur localis\u00e9e<\/td><td>D\u00e9terminez si la cause provient de la c\u00e9ramique, du ciment, de la dent ou du bord<\/td><\/tr><\/tbody><\/table><\/figure>\n\n\n\n<p class=\"wp-block-paragraph\">Ce qui importe, c'est la rigueur diagnostique.<\/p>\n\n\n\n<p class=\"wp-block-paragraph\"><strong>Ne commencez pas par peaufiner, puis ne passez qu\u2019ensuite au diagnostic.<\/strong><\/p>\n\n\n\n<h2 class=\"wp-block-heading\">Les soins des facettes en porcelaine commencent par un contr\u00f4le r\u00e9gulier de la plaque dentaire<\/h2>\n\n\n\n<p class=\"wp-block-paragraph\">L'aspect le moins glamour des soins \u00e0 apporter apr\u00e8s la pose de facettes est aussi celui qui se justifie le mieux.<\/p>\n\n\n\n<p class=\"wp-block-paragraph\">Les conseils destin\u00e9s aux patients de l'Association dentaire am\u00e9ricaine concernant les facettes dentaires recommandent de se brosser les dents <strong>deux fois par jour avec un dentifrice au fluor<\/strong> et le nettoyage entre les dents <strong>une fois par jour, \u00e0 l'aide de fil dentaire ou d'un autre produit d'hygi\u00e8ne interdentaire<\/strong>.<\/p>\n\n\n\n<p class=\"wp-block-paragraph\">Cette recommandation semble presque d\u00e9cevante tant elle est banale.<\/p>\n\n\n\n<p class=\"wp-block-paragraph\">Bon.<\/p>\n\n\n\n<p class=\"wp-block-paragraph\">Les patients n'ont pas besoin d'une armoire remplie de produits \u201c d'entretien des facettes \u201d exotiques simplement parce que de la c\u00e9ramique a \u00e9t\u00e9 coll\u00e9e sur leurs dents ant\u00e9rieures.<\/p>\n\n\n\n<p class=\"wp-block-paragraph\">Ils ont besoin d'un contr\u00f4le fiable de la plaque dentaire autour des restaurations dont les bords reposent encore sur des dents de soutien et des tissus parodontaux sains.<\/p>\n\n\n\n<h3 class=\"wp-block-heading\">La marge est plus importante que le marketing<\/h3>\n\n\n\n<p class=\"wp-block-paragraph\">La porcelaine en elle-m\u00eame ne provoque pas de caries dentaires.<\/p>\n\n\n\n<p class=\"wp-block-paragraph\">La dent qui la soutient peut le faire.<\/p>\n\n\n\n<p class=\"wp-block-paragraph\">Cela signifie que l'entretien des facettes dentaires doit inclure l'\u00e9valuation des \u00e9l\u00e9ments suivants :<\/p>\n\n\n\n<ul class=\"wp-block-list\">\n<li>Inflammation gingivale<\/li>\n\n\n\n<li>Accumulation de plaque dentaire<\/li>\n\n\n\n<li>Coloration marginale<\/li>\n\n\n\n<li>Marges ouvertes ou d\u00e9fectueuses<\/li>\n\n\n\n<li>Caries secondaires<\/li>\n\n\n\n<li>Exposition de la r\u00e9sine-ciment<\/li>\n\n\n\n<li>Hygi\u00e8ne interproximale<\/li>\n\n\n\n<li>Usure incisale<\/li>\n\n\n\n<li>Contacts occlusaux<\/li>\n\n\n\n<li>Rugosit\u00e9 localis\u00e9e<\/li>\n<\/ul>\n\n\n\n<p class=\"wp-block-paragraph\">Une surface faciale brillante n'a que tr\u00e8s peu d'importance si le bord cervical pr\u00e9sente des d\u00e9fauts.<\/p>\n\n\n\n<h2 class=\"wp-block-heading\">M\u00e9fiez-vous de la mentalit\u00e9 \u00ab dentifrice blanchissant \u00bb<\/h2>\n\n\n\n<p class=\"wp-block-paragraph\">Les patients partent naturellement du principe que tout produit commercialis\u00e9 pour le blanchiment contribuera \u00e0 pr\u00e9server la blancheur de leurs facettes.<\/p>\n\n\n\n<p class=\"wp-block-paragraph\">Cette hypoth\u00e8se peut s'av\u00e9rer dangereuse.<\/p>\n\n\n\n<p class=\"wp-block-paragraph\">Les dentifrices blanchissants agissent principalement sur les taches extrins\u00e8ques par des m\u00e9canismes m\u00e9caniques et chimiques, et les mat\u00e9riaux de restauration ne r\u00e9agissent pas n\u00e9cessairement de la m\u00eame mani\u00e8re que l'\u00e9mail. Des travaux publi\u00e9s ces derni\u00e8res ann\u00e9es ont sp\u00e9cifiquement examin\u00e9 comment l'abrasivit\u00e9 des dentifrices et un brossage simul\u00e9 peuvent modifier les propri\u00e9t\u00e9s de surface des mat\u00e9riaux de restauration CAD\/CAM.<\/p>\n\n\n\n<p class=\"wp-block-paragraph\">Ma r\u00e8gle de travail est simple : <strong>Ne choisissez pas un dentifrice destin\u00e9 aux restaurations en c\u00e9ramique en vous basant uniquement sur le mot \u201c blanchiment \u201d.\u201d<\/strong><\/p>\n\n\n\n<p class=\"wp-block-paragraph\">Si un patient a l'impression que ses facettes s'assombrissent, le praticien doit d'abord d\u00e9terminer ce qui a r\u00e9ellement chang\u00e9 :<\/p>\n\n\n\n<ul class=\"wp-block-list\">\n<li>Surface en c\u00e9ramique<\/li>\n\n\n\n<li>Dents naturelles \u00e0 c\u00f4t\u00e9 des facettes<\/li>\n\n\n\n<li>\u00c9mail ou dentine cervicale \u00e0 vif<\/li>\n\n\n\n<li>Bordure en r\u00e9sine-ciment<\/li>\n\n\n\n<li>D\u00e9p\u00f4ts superficiels<\/li>\n\n\n\n<li>Conditions d'\u00e9clairage<\/li>\n\n\n\n<li>Position gingivale<\/li>\n\n\n\n<li>Visibilit\u00e9 du substrat sous-jacent<\/li>\n<\/ul>\n\n\n\n<p class=\"wp-block-paragraph\">Essayer de r\u00e9soudre tous les probl\u00e8mes de teinte en augmentant l'abrasion rel\u00e8ve d'une pratique dentaire paresseuse.<\/p>\n\n\n\n<h2 class=\"wp-block-heading\">Comment conserver l'\u00e9clat des facettes sans alt\u00e9rer leur texture<\/h2>\n\n\n\n<p class=\"wp-block-paragraph\">C'est l\u00e0 que la maintenance prend un caract\u00e8re technique.<\/p>\n\n\n\n<p class=\"wp-block-paragraph\">Une facette dont la surface semble rugueuse apr\u00e8s un ajustement ou une intervention professionnelle peut n\u00e9cessiter un nouveau polissage. Cependant, ce nouveau polissage ne doit pas servir \u00e0 transformer la surface faciale en miroir.<\/p>\n\n\n\n<p class=\"wp-block-paragraph\">Guide technique d'Artist Dental Lab sur <a href=\"https:\/\/artistdentallab.com\/fr\/can-veneers-be-re-polished-to-restore-their-original-esthetics\/\">repolissage des facettes en porcelaine<\/a> explique clairement l'objectif : l'anatomie de d\u00e9veloppement visible peut \u00eatre conserv\u00e9e, tandis que la surface en c\u00e9ramique est affin\u00e9e pour obtenir une finition suffisamment lisse et facile \u00e0 nettoyer.<\/p>\n\n\n\n<p class=\"wp-block-paragraph\">C'est cette distinction qui devrait d\u00e9terminer l'ordre des \u00e9v\u00e9nements.<\/p>\n\n\n\n<h3 class=\"wp-block-heading\">Commencez par d\u00e9terminer pourquoi la brillance a chang\u00e9<\/h3>\n\n\n\n<p class=\"wp-block-paragraph\">Avant d'utiliser un syst\u00e8me de polissage, v\u00e9rifiez si le d\u00e9faut est :<\/p>\n\n\n\n<ul class=\"wp-block-list\">\n<li>Li\u00e9 aux d\u00e9p\u00f4ts<\/li>\n\n\n\n<li>Coloration superficielle<\/li>\n\n\n\n<li>Perte de l'\u00e9mail<\/li>\n\n\n\n<li>Dommages li\u00e9s au r\u00e9glage des diamants<\/li>\n\n\n\n<li>Grattage pr\u00e9ventif<\/li>\n\n\n\n<li>Usure localis\u00e9e de la c\u00e9ramique<\/li>\n\n\n\n<li>Une surface fractur\u00e9e<\/li>\n\n\n\n<li>Un probl\u00e8me de marge<\/li>\n\n\n\n<li>Un probl\u00e8me de contour<\/li>\n<\/ul>\n\n\n\n<p class=\"wp-block-paragraph\">Ces diagnostics ne sont pas interchangeables.<\/p>\n\n\n\n<h3 class=\"wp-block-heading\">Identifiez ensuite la zone exacte<\/h3>\n\n\n\n<p class=\"wp-block-paragraph\">Une zone cervicale rugueuse n\u00e9cessite une approche diff\u00e9rente de celle d'un reflet facial central aplati.<\/p>\n\n\n\n<p class=\"wp-block-paragraph\">Une modification du bord incisif pr\u00e9sente encore une autre particularit\u00e9 : en effet, le raccourcissement et le polissage de ce bord peuvent modifier simultan\u00e9ment la longueur de la dent, la phon\u00e9tique, les relations entre les embrasures, la translucidit\u00e9 incisive et les caract\u00e9ristiques de la surface.<\/p>\n\n\n\n<p class=\"wp-block-paragraph\">C'est pourquoi les cliniciens appel\u00e9s \u00e0 effectuer des corrections apr\u00e8s la cimentation devraient revoir les principes expos\u00e9s dans <a href=\"https:\/\/artistdentallab.com\/fr\/adjusting-veneer-incisal-edges-without-destroying-surface-character\/\">ajuster les bords incisifs des facettes sans alt\u00e9rer les caract\u00e9ristiques de la surface<\/a> avant de consid\u00e9rer la finition comme une simple r\u00e9duction de longueur.<\/p>\n\n\n\n<h3 class=\"wp-block-heading\">Enfin, conserver la g\u00e9om\u00e9trie de r\u00e9flexion<\/h3>\n\n\n\n<p class=\"wp-block-paragraph\">Le polissage doit permettre de restaurer la qualit\u00e9 de la surface.<\/p>\n\n\n\n<p class=\"wp-block-paragraph\">Il ne devrait pas supprimer automatiquement toute trace de texture.<\/p>\n\n\n\n<p class=\"wp-block-paragraph\">Observez le placage sous un \u00e9clairage directionnel. Faites pivoter la t\u00eate du patient. Comparez la largeur et la position du reflet facial avec celles des dents adjacentes. Une surface peut sembler lisse au toucher avec un explorateur, mais pr\u00e9senter tout de m\u00eame un aspect anormal si les lignes de transition ou les lobes ont \u00e9t\u00e9 aplatis.<\/p>\n\n\n\n<p class=\"wp-block-paragraph\">C'est l\u00e0 que la macrophotographie prend tout son sens.<\/p>\n\n\n\n<h2 class=\"wp-block-heading\">La stabilit\u00e9 de la teinte est plus complexe que la r\u00e9sistance aux taches<\/h2>\n\n\n\n<p class=\"wp-block-paragraph\">Les patients demandent souvent comment \u00e9viter que les facettes ne se tachent.<\/p>\n\n\n\n<p class=\"wp-block-paragraph\">En r\u00e9sum\u00e9, il convient de limiter l'exposition excessive \u00e0 des colorants puissants et de veiller \u00e0 une bonne hygi\u00e8ne bucco-dentaire.<\/p>\n\n\n\n<p class=\"wp-block-paragraph\">La r\u00e9ponse la plus juste est que la teinte visible de la facette r\u00e9sulte de la superposition de plusieurs couches optiques.<\/p>\n\n\n\n<p class=\"wp-block-paragraph\">Une restauration ant\u00e9rieure fine peut \u00eatre influenc\u00e9e par :<\/p>\n\n\n\n<ul class=\"wp-block-list\">\n<li>Composition c\u00e9ramique<\/li>\n\n\n\n<li>\u00c9paisseur de la c\u00e9ramique<\/li>\n\n\n\n<li>Translucidit\u00e9 de la c\u00e9ramique<\/li>\n\n\n\n<li>Texture de surface<\/li>\n\n\n\n<li>Brillance de la surface<\/li>\n\n\n\n<li>Ombrage de la souche<\/li>\n\n\n\n<li>Teinte r\u00e9sine-ciment<\/li>\n\n\n\n<li>\u00c9paisseur du ciment<\/li>\n\n\n\n<li>Hydratation dentaire<\/li>\n\n\n\n<li>\u00c9mail naturel adjacent<\/li>\n\n\n\n<li>Position gingivale<\/li>\n\n\n\n<li>Conditions d'\u00e9clairage<\/li>\n<\/ul>\n\n\n\n<p class=\"wp-block-paragraph\">Ainsi, lorsqu\u2019une facette pr\u00e9sente un aspect diff\u00e9rent au bout de cinq ou dix ans, imputer ce ph\u00e9nom\u00e8ne \u00e0 une \u201c coloration de la porcelaine \u201d sans examiner ces variables constitue un diagnostic peu rigoureux.<\/p>\n\n\n\n<p class=\"wp-block-paragraph\">Cela appara\u00eet d\u2019autant plus clairement lorsqu\u2019une seule restauration doit \u00eatre remplac\u00e9e. Le guide d\u2019Artist Dental Lab sur <a href=\"https:\/\/artistdentallab.com\/fr\/replacing-one-veneer-in-a-multi-unit-case-shade-and-texture-matching-strategies\/\">Remplacement d'une facette dans un cas impliquant plusieurs facettes<\/a> explique pourquoi la nouvelle unit\u00e9 doit correspondre \u00e0 la <strong>actuel<\/strong> sourire \u2014 notamment l'usure accumul\u00e9e, la brillance, la texture, la couleur des facettes et l'aspect des dents adjacentes \u2014 et ne se contenter pas de reproduire la teinte initialement prescrite en laboratoire.<\/p>\n\n\n\n<p class=\"wp-block-paragraph\">Ce principe s'applique \u00e9galement \u00e0 la maintenance.<\/p>\n\n\n\n<p class=\"wp-block-paragraph\">L'objectif clinique \u00e9volue avec le temps.<\/p>\n\n\n\n<h2 class=\"wp-block-heading\">Le chiffre de 0,2 \u00b5m doit \u00eatre replac\u00e9 dans son contexte<\/h2>\n\n\n\n<p class=\"wp-block-paragraph\">Un chiffre revient sans cesse dans la litt\u00e9rature consacr\u00e9e \u00e0 la rugosit\u00e9 de surface : environ <strong>0,2 \u00b5m Ra<\/strong>.<\/p>\n\n\n\n<p class=\"wp-block-paragraph\">L'ann\u00e9e 2026 <em>Rapports scientifiques<\/em> L'article traitait des irr\u00e9gularit\u00e9s de surface situ\u00e9es en dessous, \u00e0 peu pr\u00e8s <strong>0,2 microm\u00e8tre<\/strong> en ce qui concerne la r\u00e9duction de l'adh\u00e9rence bact\u00e9rienne, tout en soulignant que la rugosit\u00e9 de la surface doit \u00eatre prise en compte conjointement avec le mat\u00e9riau et le protocole de finition.<\/p>\n\n\n\n<p class=\"wp-block-paragraph\">Un num\u00e9ro utile ?<\/p>\n\n\n\n<p class=\"wp-block-paragraph\">Oui.<\/p>\n\n\n\n<p class=\"wp-block-paragraph\">Un seuil clinique \u00ab magique \u00bb ?<\/p>\n\n\n\n<p class=\"wp-block-paragraph\">Non.<\/p>\n\n\n\n<p class=\"wp-block-paragraph\">Une mesure au profilom\u00e8tre ne permet pas de d\u00e9terminer si une restauration ant\u00e9rieure a un aspect naturel. La rugosit\u00e9 de surface et la morphologie visible de la surface correspondent \u00e0 des niveaux d'information diff\u00e9rents.<\/p>\n\n\n\n<p class=\"wp-block-paragraph\">Une restauration peut pr\u00e9senter une surface suffisamment lisse tout en donnant une impression de platitude peu naturelle.<\/p>\n\n\n\n<p class=\"wp-block-paragraph\">Ou bien, il pourrait pr\u00e9senter des macrotextures et des microtextures soigneusement con\u00e7ues tout en conservant un aspect cliniquement lisse.<\/p>\n\n\n\n<p class=\"wp-block-paragraph\">C'est pourquoi je m'oppose \u00e0 la dentisterie \u00ab \u00e0 num\u00e9ro unique \u00bb.<\/p>\n\n\n\n<h2 class=\"wp-block-heading\">Un nettoyage professionnel peut aider\u2026 ou r\u00e9duire \u00e0 n\u00e9ant un travail de laboratoire de qualit\u00e9<\/h2>\n\n\n\n<p class=\"wp-block-paragraph\">Un entretien professionnel est indispensable, mais \u201c professionnel \u201d ne signifie pas pour autant que cette m\u00e9thode soit inoffensive pour tous les mat\u00e9riaux de restauration.<\/p>\n\n\n\n<p class=\"wp-block-paragraph\">Une \u00e9tude de 2023 r\u00e9pertori\u00e9e dans PubMed s'est pench\u00e9e sur les proc\u00e9dures de prophylaxie dentaire et a mis en \u00e9vidence des effets li\u00e9s aux mat\u00e9riaux ; le d\u00e9tartrage par ultrasons a consid\u00e9rablement accru la rugosit\u00e9 de surface des \u00e9chantillons de facettes en c\u00e9ramique \u00e0 r\u00e9seau impr\u00e9gn\u00e9 de polym\u00e8re test\u00e9s. D'autres recherches ont \u00e9galement \u00e9valu\u00e9 l'impact du d\u00e9tartrage par ultrasons et du d\u00e9tartrage manuel sur la topographie de la surface des c\u00e9ramiques issues de la technologie CAD\/CAM.<\/p>\n\n\n\n<p class=\"wp-block-paragraph\">La conclusion n'est pas \u201c ne jamais effectuer de d\u00e9tartrage autour des facettes \u201d.\u201d<\/p>\n\n\n\n<p class=\"wp-block-paragraph\">Ce serait absurde.<\/p>\n\n\n\n<p class=\"wp-block-paragraph\">L'essentiel est d'identifier ce que vous nettoyez.<\/p>\n\n\n\n<p class=\"wp-block-paragraph\">La connaissance des mat\u00e9riaux doit d\u00e9terminer le choix des instruments, des agents de polissage et de la pression, ainsi que la n\u00e9cessit\u00e9 ou non d'une retouche ult\u00e9rieure de la restauration.<\/p>\n\n\n\n<h3 class=\"wp-block-heading\">Consignez les informations avant que la maintenance ne devienne une affaire de conjectures<\/h3>\n\n\n\n<p class=\"wp-block-paragraph\">Pour les cas complexes de facettes, la clinique doit conserver :<\/p>\n\n\n\n<ul class=\"wp-block-list\">\n<li>Fabricant de c\u00e9ramique et mat\u00e9riau<\/li>\n\n\n\n<li>Feldspathique, disilicate de lithium, ZLS ou autre d\u00e9signation de mat\u00e9riau<\/li>\n\n\n\n<li>Conception en couches ou monolithique<\/li>\n\n\n\n<li>Teinte d'origine<\/li>\n\n\n\n<li>Ombrage de la souche<\/li>\n\n\n\n<li>Ciment \u00e0 base de r\u00e9sine utilis\u00e9<\/li>\n\n\n\n<li>\u00c9paisseur approximative de la c\u00e9ramique, le cas \u00e9ch\u00e9ant<\/li>\n\n\n\n<li>Photographies finales prises en laboratoire<\/li>\n\n\n\n<li>R\u00e9f\u00e9rences de texture et de brillance<\/li>\n\n\n\n<li>Date et lieu des ajustements ult\u00e9rieurs<\/li>\n<\/ul>\n\n\n\n<p class=\"wp-block-paragraph\">Des ann\u00e9es plus tard, ces donn\u00e9es permettent de distinguer la maintenance intelligente de la simple exp\u00e9rimentation.<\/p>\n\n\n\n<h2 class=\"wp-block-heading\">Protocole pratique de suivi \u00e0 long terme des facettes<\/h2>\n\n\n\n<p class=\"wp-block-paragraph\">Je pr\u00e9f\u00e8re un syst\u00e8me simple \u00e0 une fiche d'instructions pour les patients interminable que personne ne suit.<\/p>\n\n\n\n<h3 class=\"wp-block-heading\">Quotidien<\/h3>\n\n\n\n<p class=\"wp-block-paragraph\">Brossez-vous les dents deux fois par jour avec un dentifrice au fluor et en suivant la technique recommand\u00e9e par votre dentiste.<\/p>\n\n\n\n<p class=\"wp-block-paragraph\">Nettoyez quotidiennement les espaces interdentaires.<\/p>\n\n\n\n<p class=\"wp-block-paragraph\">Soyez attentif \u00e0 tout saignement, \u00e0 la pr\u00e9sence de r\u00e9sidus alimentaires, \u00e0 l'apparition d'une rugosit\u00e9 ou \u00e0 la d\u00e9chirure du fil dentaire au niveau d'un bord.<\/p>\n\n\n\n<h3 class=\"wp-block-heading\">Apr\u00e8s une forte exposition aux pigments<\/h3>\n\n\n\n<p class=\"wp-block-paragraph\">Ne paniquez pas parce que le patient boit du caf\u00e9.<\/p>\n\n\n\n<p class=\"wp-block-paragraph\">Veillez plut\u00f4t \u00e0 maintenir une bonne hygi\u00e8ne bucco-dentaire et surveillez l'apparition \u00e9ventuelle de taches sur la restauration, les dents adjacentes ou, plus pr\u00e9cis\u00e9ment, au niveau des bords.<\/p>\n\n\n\n<p class=\"wp-block-paragraph\">L'\u00e9tude CEREC Tessera et VITA Suprinity de 2026 montre pourquoi l'exposition au caf\u00e9 et au tabac m\u00e9rite une attention particuli\u00e8re, mais son protocole de laboratoire acc\u00e9l\u00e9r\u00e9 ne doit pas \u00eatre pr\u00e9sent\u00e9 comme un calendrier garantissant l'\u00e9volution de la d\u00e9coloration en milieu clinique.<\/p>\n\n\n\n<h3 class=\"wp-block-heading\">En cas de rappel professionnel<\/h3>\n\n\n\n<p class=\"wp-block-paragraph\">Consid\u00e9rez la facette comme une restauration \u00e0 part enti\u00e8re, et non pas simplement comme un \u00e9l\u00e9ment d'un rendez-vous de d\u00e9tartrage.<\/p>\n\n\n\n<p class=\"wp-block-paragraph\">V\u00e9rifier :<\/p>\n\n\n\n<ul class=\"wp-block-list\">\n<li>Int\u00e9grit\u00e9 des marges<\/li>\n\n\n\n<li>\u00c9tat des gencives<\/li>\n\n\n\n<li>Plaque dentaire et tartre<\/li>\n\n\n\n<li>D\u00e9p\u00f4ts superficiels<\/li>\n\n\n\n<li>Gloss<\/li>\n\n\n\n<li>Rugosit\u00e9 localis\u00e9e<\/li>\n\n\n\n<li>Usure incisale<\/li>\n\n\n\n<li>\u00c9br\u00e9chures ou fissures<\/li>\n\n\n\n<li>Contacts occlusaux<\/li>\n\n\n\n<li>Relation de teinte avec les dents adjacentes<\/li>\n<\/ul>\n\n\n\n<p class=\"wp-block-paragraph\">La fr\u00e9quence des visites de contr\u00f4le doit \u00eatre d\u00e9termin\u00e9e au cas par cas par le dentiste traitant, plut\u00f4t que d'\u00eatre soumise \u00e0 un intervalle d'entretien standard.<\/p>\n\n\n\n<h3 class=\"wp-block-heading\">Apr\u00e8s tout ajustement de la c\u00e9ramique<\/h3>\n\n\n\n<p class=\"wp-block-paragraph\">Indiquez pr\u00e9cis\u00e9ment les endroits o\u00f9 la c\u00e9ramique a \u00e9t\u00e9 remplac\u00e9e.<\/p>\n\n\n\n<p class=\"wp-block-paragraph\">Restaurez ensuite la surface en suivant un protocole de finition et de polissage adapt\u00e9 \u00e0 la c\u00e9ramique en question.<\/p>\n\n\n\n<p class=\"wp-block-paragraph\">C'est l\u00e0 que de nombreux placages de bonne qualit\u00e9 perdent en qualit\u00e9.<\/p>\n\n\n\n<p class=\"wp-block-paragraph\">Le laboratoire passe des heures \u00e0 ajuster les angles des lignes, les lobes, la texture, les effets incisaux et la brillance s\u00e9lective ; un r\u00e9glage h\u00e2tif de deux minutes peut r\u00e9duire \u00e0 n\u00e9ant une partie de ce travail.<\/p>\n\n\n\n<p class=\"wp-block-paragraph\">Un mandat court. Des cons\u00e9quences durables.<\/p>\n\n\n\n<h2 class=\"wp-block-heading\">Le succ\u00e8s \u00e0 long terme doit \u00eatre immortalis\u00e9, et non simplement gard\u00e9 en m\u00e9moire<\/h2>\n\n\n\n<p class=\"wp-block-paragraph\">La m\u00e9moire visuelle humaine n'est pas fiable.<\/p>\n\n\n\n<p class=\"wp-block-paragraph\">Si un praticien souhaite d\u00e9terminer si une facette a r\u00e9ellement perdu de son \u00e9clat ou s'est d\u00e9plac\u00e9e \u00e0 l'\u0153il nu, il doit comparer des images standardis\u00e9es plut\u00f4t que de se fier \u00e0 une impression du type \u201c Je crois qu'elle \u00e9tait plus brillante avant \u201d.\u201d<\/p>\n\n\n\n<p class=\"wp-block-paragraph\">Je recommande de conserver :<\/p>\n\n\n\n<ul class=\"wp-block-list\">\n<li>Image frontale prise imm\u00e9diatement apr\u00e8s le collage<\/li>\n\n\n\n<li>Image frontale en position r\u00e9tract\u00e9e<\/li>\n\n\n\n<li>Vues \u00e0 45 degr\u00e9s vers la droite et vers la gauche<\/li>\n\n\n\n<li>Image de la teinte polaris\u00e9e, le cas \u00e9ch\u00e9ant<\/li>\n\n\n\n<li>Image en gros plan montrant les reflets \u00e0 la surface<\/li>\n\n\n\n<li>R\u00e9f\u00e9rence apr\u00e8s une semaine ou apr\u00e8s r\u00e9hydratation<\/li>\n\n\n\n<li>Prise de clich\u00e9s p\u00e9riodiques \u00e0 long terme en cas de suspicion de modifications esth\u00e9tiques<\/li>\n<\/ul>\n\n\n\n<p class=\"wp-block-paragraph\">Dans la mesure du possible, utilisez la m\u00eame configuration d'\u00e9clairage.<\/p>\n\n\n\n<p class=\"wp-block-paragraph\">Pourquoi ?<\/p>\n\n\n\n<p class=\"wp-block-paragraph\">En effet, la r\u00e9flexion \u00e0 la surface peut faire appara\u00eetre diff\u00e9remment deux teintes de c\u00e9ramique objectivement similaires, et l\u2019hydratation peut modifier l\u2019aspect de la dent naturelle autour des facettes r\u00e9cemment coll\u00e9es. Le laboratoire dentaire Artist Dental Lab\u2019s <a href=\"https:\/\/artistdentallab.com\/fr\/why-veneer-shade-can-appear-different-one-week-after-bonding\/\">Analyse de la teinte des facettes sur une semaine<\/a> recommande tout particuli\u00e8rement d'utiliser un \u00e9clairage standardis\u00e9, de r\u00e9aliser des prises de vue r\u00e9p\u00e9t\u00e9es et de consigner l'\u00e9tat de la c\u00e9ramique, du ciment, de l'\u00e9paisseur, de la texture et du support avant de diagnostiquer un probl\u00e8me d'incompatibilit\u00e9.<\/p>\n\n\n\n<p class=\"wp-block-paragraph\">Les donn\u00e9es l'emportent sur la m\u00e9moire.<\/p>\n\n\n\n<h2 class=\"wp-block-heading\">Quand l'entretien ne suffit plus<\/h2>\n\n\n\n<p class=\"wp-block-paragraph\">Toutes les facettes ternes ne doivent pas n\u00e9cessairement \u00eatre remplac\u00e9es.<\/p>\n\n\n\n<p class=\"wp-block-paragraph\">Mais il ne faut pas non plus polir ind\u00e9finiment toutes les placages.<\/p>\n\n\n\n<p class=\"wp-block-paragraph\">Le polissage est particuli\u00e8rement indiqu\u00e9 lorsque la restauration est structurellement intacte et que le probl\u00e8me se limite \u00e0 une rugosit\u00e9 superficielle, \u00e0 une l\u00e9g\u00e8re perte de brillance ou \u00e0 des dommages superficiels localis\u00e9s.<\/p>\n\n\n\n<p class=\"wp-block-paragraph\">La question du remplacement prend une importance accrue dans les cas suivants :<\/p>\n\n\n\n<ul class=\"wp-block-list\">\n<li>Fracture de la c\u00e9ramique<\/li>\n\n\n\n<li>\u00c9br\u00e9chures importantes<\/li>\n\n\n\n<li>D\u00e9collement r\u00e9current<\/li>\n\n\n\n<li>Caries secondaires<\/li>\n\n\n\n<li>Marges d\u00e9fectueuses<\/li>\n\n\n\n<li>Erreur majeure de contour<\/li>\n\n\n\n<li>D\u00e9sadaptation optique profonde<\/li>\n\n\n\n<li>Perte importante de l'anatomie de la c\u00e9ramique<\/li>\n\n\n\n<li>Amincissement structurel d\u00fb \u00e0 des ajustements r\u00e9p\u00e9t\u00e9s<\/li>\n<\/ul>\n\n\n\n<p class=\"wp-block-paragraph\">N'oubliez pas les donn\u00e9es relatives \u00e0 la survie.<\/p>\n\n\n\n<p class=\"wp-block-paragraph\">La revue syst\u00e9matique de 2021 <strong>95,51 TP3T : taux de survie cumul\u00e9 estim\u00e9 sur 10 ans<\/strong> montre ce que les facettes en stratifi\u00e9 de porcelaine permettent d'obtenir en tant que cat\u00e9gorie, mais l'\u00e9tude a \u00e9galement mis en \u00e9vidence la fracture et le d\u00e9collement comme des modes de d\u00e9faillance significatifs.<\/p>\n\n\n\n<p class=\"wp-block-paragraph\">L'entretien devrait permettre de prolonger la dur\u00e9e de vie d'une restauration de qualit\u00e9.<\/p>\n\n\n\n<p class=\"wp-block-paragraph\">Cela ne doit pas masquer un \u00e9chec.<\/p>\n\n\n\n<h2 class=\"wp-block-heading\">FAQ<\/h2>\n\n\n\n<h3 class=\"wp-block-heading\">Quelle est la meilleure fa\u00e7on d'entretenir ses facettes en porcelaine \u00e0 long terme ?<\/h3>\n\n\n\n<p class=\"wp-block-paragraph\">L'entretien \u00e0 long terme des facettes consiste en un protocole combinant soins \u00e0 domicile et soins professionnels, destin\u00e9 \u00e0 prot\u00e9ger les surfaces en c\u00e9ramique, les marges de collage, les dents de soutien, la sant\u00e9 gingivale et l'occlusion, afin que les facettes conservent un \u00e9clat, une texture, une teinte et une fonctionnalit\u00e9 acceptables, sans n\u00e9cessiter de polissage abrasif inutile ni d'ajustements r\u00e9p\u00e9t\u00e9s au fauteuil.<\/p>\n\n\n\n<p class=\"wp-block-paragraph\">Le contr\u00f4le quotidien de la plaque dentaire reste la base. L'ADA recommande un brossage deux fois par jour avec un dentifrice au fluor et un nettoyage interdentaire une fois par jour, tandis que l'\u00e9quipe clinique doit \u00e9valuer p\u00e9riodiquement les marges, l'\u00e9tat parodontal, la rugosit\u00e9 de surface, l'occlusion, les \u00e9clats, ainsi que les changements de brillance ou de teinte.<\/p>\n\n\n\n<h3 class=\"wp-block-heading\">Comment nettoyer les facettes en porcelaine ?<\/h3>\n\n\n\n<p class=\"wp-block-paragraph\">Les facettes en porcelaine doivent \u00eatre entretenues avec la m\u00eame rigueur que celle requise pour les dents naturelles en mati\u00e8re de pr\u00e9vention de la plaque dentaire : brossage deux fois par jour avec un dentifrice au fluor, nettoyage interdentaire quotidien et soins professionnels prescrits par un praticien, tout en \u00e9vitant les produits abrasifs inutilement agressifs ou les polissages effectu\u00e9s sans surveillance, susceptibles d\u2019alt\u00e9rer la finition de la surface de la restauration.<\/p>\n\n\n\n<p class=\"wp-block-paragraph\">L'\u00e9quipe dentaire doit \u00e9galement conna\u00eetre le type de c\u00e9ramique utilis\u00e9, car les p\u00e2tes \u00e0 polir et les instruments peuvent interagir diff\u00e9remment avec la porcelaine feldspathique, le disilicate de lithium, le silicate de lithium renforc\u00e9 \u00e0 la zircone, les c\u00e9ramiques \u00e0 matrice r\u00e9sineuse et d'autres mat\u00e9riaux de restauration.<\/p>\n\n\n\n<h3 class=\"wp-block-heading\">Comment faire pour que les facettes restent brillantes ?<\/h3>\n\n\n\n<p class=\"wp-block-paragraph\">Pour conserver l'\u00e9clat des facettes, il s'agit davantage de pr\u00e9server la finition de surface initiale de la c\u00e9ramique que de la polir \u00e0 r\u00e9p\u00e9tition : contr\u00f4lez la plaque dentaire, utilisez des produits d'hygi\u00e8ne bucco-dentaire adapt\u00e9s \u00e0 domicile, \u00e9vitez les habitudes de morsure ou de grincement qui endommagent les bords, et faites examiner toute zone terne ou rugueuse afin que le praticien puisse distinguer les d\u00e9p\u00f4ts, l'abrasion de surface, la perte de gla\u00e7ure ou les dommages structurels.<\/p>\n\n\n\n<p class=\"wp-block-paragraph\">Si un nouveau polissage s'av\u00e8re n\u00e9cessaire, l'objectif doit \u00eatre d'obtenir une surface lisse tout en conservant les angles des lignes et la texture naturelle, et non pas d'obtenir une surface faciale aussi plane ou aussi brillante qu'un miroir que possible.<\/p>\n\n\n\n<h3 class=\"wp-block-heading\">Comment les patients peuvent-ils \u00e9viter que leurs facettes ne se tachent ?<\/h3>\n\n\n\n<p class=\"wp-block-paragraph\">Pour \u00e9viter la coloration des facettes, il faut limiter au maximum l'accumulation de pigments extrins\u00e8ques tout en pr\u00e9servant la r\u00e9gularit\u00e9 de la surface et l'int\u00e9grit\u00e9 marginale ; bien que les c\u00e9ramiques \u00e0 base de porcelaine pr\u00e9sentent une relative stabilit\u00e9 chromatique, le caf\u00e9, l'exposition au tabac, la rugosit\u00e9 de surface, les marges en r\u00e9sine-ciment et les dents naturelles adjacentes peuvent n\u00e9anmoins alt\u00e9rer l'aspect de la restauration au fil du temps.<\/p>\n\n\n\n<p class=\"wp-block-paragraph\">Une \u00e9tude en laboratoire r\u00e9alis\u00e9e en 2026 portant sur le syst\u00e8me CEREC Tessera et les facettes VITA Suprinity a mis en \u00e9vidence une alt\u00e9ration de la couleur cliniquement significative \u00e0 l'issue d'un protocole combin\u00e9 de brossage simul\u00e9 et de vieillissement par exposition au caf\u00e9 et au tabac ; les auteurs ont toutefois soulign\u00e9 que des recherches in vivo restaient n\u00e9cessaires.<\/p>\n\n\n\n<h3 class=\"wp-block-heading\">Peut-on polir \u00e0 nouveau les facettes en porcelaine ?<\/h3>\n\n\n\n<p class=\"wp-block-paragraph\">Les facettes peuvent \u00eatre repolies lorsque le probl\u00e8me r\u00e9side dans une rugosit\u00e9 superficielle, une l\u00e9g\u00e8re perte de brillance ou un d\u00e9faut de finition localis\u00e9, et que la c\u00e9ramique reste structurellement intacte ; toutefois, le repolissage doit \u00eatre adapt\u00e9 au mat\u00e9riau utilis\u00e9, car une r\u00e9duction trop agressive peut effacer la texture, modifier les angles des lignes, amincir la c\u00e9ramique ou exposer une surface optique diff\u00e9rente.<\/p>\n\n\n\n<p class=\"wp-block-paragraph\">En cas de fissures, de d\u00e9fauts profonds, de bords irr\u00e9guliers, de caries r\u00e9currentes ou de probl\u00e8mes de contour importants, le polissage peut am\u00e9liorer temporairement l'aspect esth\u00e9tique sans pour autant r\u00e9soudre le probl\u00e8me clinique sous-jacent.<\/p>\n\n\n\n<h3 class=\"wp-block-heading\">\u00c0 quelle fr\u00e9quence les facettes doivent-elles faire l'objet d'un entretien professionnel ?<\/h3>\n\n\n\n<p class=\"wp-block-paragraph\">La fr\u00e9quence d'entretien des facettes ne suit pas une r\u00e8gle universelle de six mois ; il s'agit d'un programme de suivi bas\u00e9 sur les risques, \u00e9tabli par le dentiste traitant en fonction du contr\u00f4le de la plaque dentaire, de l'\u00e9tat parodontal, du risque de caries, du bruxisme, de l'occlusion, de l'\u00e2ge des restaurations, de l'\u00e9tat des marges, ainsi que de l'\u00e9ventuelle alt\u00e9ration de la surface en c\u00e9ramique suite \u00e0 des nettoyages ou des ajustements ant\u00e9rieurs.<\/p>\n\n\n\n<p class=\"wp-block-paragraph\">Les patients pr\u00e9sentant une sant\u00e9 parodontale stable et un excellent contr\u00f4le de la plaque dentaire peuvent n\u00e9cessiter un protocole d'entretien diff\u00e9rent de celui des patients souffrant de bruxisme, d'inflammations r\u00e9currentes, de marges expos\u00e9es, d'une forte exposition aux taches ou dont les restaurations ont d\u00e9j\u00e0 fait l'objet d'ajustements r\u00e9p\u00e9t\u00e9s au fauteuil.<\/p>\n\n\n\n<h2 class=\"wp-block-heading\">Prot\u00e9gez la surface que vous avez fait r\u00e9aliser par le laboratoire<\/h2>\n\n\n\n<p class=\"wp-block-paragraph\">L'entretien des facettes ne doit pas attendre qu'un probl\u00e8me apparaisse.<\/p>\n\n\n\n<p class=\"wp-block-paragraph\">Tout commence d\u00e8s la remise du dossier.<\/p>\n\n\n\n<p class=\"wp-block-paragraph\">Enregistrez les caract\u00e9ristiques du mat\u00e9riau. Photographiez la surface. Conservez les r\u00e9f\u00e9rences originales de teinte et de texture. Indiquez \u00e0 l'\u00e9quipe d'hygi\u00e8ne de quel type de c\u00e9ramique il s'agit. R\u00e9\u00e9valuez l'occlusion en cas de modification de la fonction. Et lorsqu'une facette devient rugueuse ou terne, d\u00e9terminez-en la cause avant de la polir syst\u00e9matiquement.<\/p>\n\n\n\n<p class=\"wp-block-paragraph\">Cette discipline offre bien plus qu'un simple aspect brillant.<\/p>\n\n\n\n<p class=\"wp-block-paragraph\">Cela prot\u00e8ge le design.<\/p>\n\n\n\n<p class=\"wp-block-paragraph\">Pour les cliniques qui pr\u00e9voient de r\u00e9aliser des cas complexes au niveau ant\u00e9rieur, des remplacements ou des restaurations o\u00f9 la texture de surface et la stabilit\u00e9 de la teinte doivent rester pr\u00e9visibles sur plusieurs \u00e9l\u00e9ments, veuillez envoyer vos fichiers STL, les photos de la teinte du moignon, les photos du cas, les besoins en mat\u00e9riaux et les r\u00e9f\u00e9rences esth\u00e9tiques via le <a href=\"https:\/\/artistdentallab.com\/fr\/contact\/\">Page consacr\u00e9e \u00e0 la consultation et aux essais de facettes dentaires chez Artist Dental Lab<\/a>.<\/p>\n\n\n\n<p class=\"wp-block-paragraph\"><\/p>","protected":false},"excerpt":{"rendered":"<p>Les facettes peuvent durer des ann\u00e9es tout en perdant progressivement les qualit\u00e9s de surface qui leur conf\u00e9raient leur aspect naturel \u00e0 l'origine. Ce guide explique comment l'entretien des facettes en porcelaine, les soins professionnels, les choix en mati\u00e8re de polissage, l'exposition aux taches et le contr\u00f4le occlusal influent sur la stabilit\u00e9 \u00e0 long terme de la brillance, de la texture et de la teinte.<\/p>","protected":false},"author":1,"featured_media":1643,"comment_status":"open","ping_status":"open","sticky":false,"template":"","format":"standard","meta":{"footnotes":""},"categories":[22],"tags":[601,252,638,255,640,639,602,641],"class_list":["post-1642","post","type-post","status-publish","format-standard","has-post-thumbnail","hentry","category-dental-knowledge","tag-dental-veneer-maintenance","tag-dental-veneers","tag-porcelain-veneer-care","tag-porcelain-veneers","tag-veneer-aftercare","tag-veneer-maintenance","tag-veneer-polishing","tag-veneer-shade-stability"],"blocksy_meta":{"styles_descriptor":{"styles":{"desktop":"","tablet":"","mobile":""},"google_fonts":[],"version":7}},"_links":{"self":[{"href":"https:\/\/artistdentallab.com\/fr\/wp-json\/wp\/v2\/posts\/1642","targetHints":{"allow":["GET"]}}],"collection":[{"href":"https:\/\/artistdentallab.com\/fr\/wp-json\/wp\/v2\/posts"}],"about":[{"href":"https:\/\/artistdentallab.com\/fr\/wp-json\/wp\/v2\/types\/post"}],"author":[{"embeddable":true,"href":"https:\/\/artistdentallab.com\/fr\/wp-json\/wp\/v2\/users\/1"}],"replies":[{"embeddable":true,"href":"https:\/\/artistdentallab.com\/fr\/wp-json\/wp\/v2\/comments?post=1642"}],"version-history":[{"count":1,"href":"https:\/\/artistdentallab.com\/fr\/wp-json\/wp\/v2\/posts\/1642\/revisions"}],"predecessor-version":[{"id":1645,"href":"https:\/\/artistdentallab.com\/fr\/wp-json\/wp\/v2\/posts\/1642\/revisions\/1645"}],"wp:featuredmedia":[{"embeddable":true,"href":"https:\/\/artistdentallab.com\/fr\/wp-json\/wp\/v2\/media\/1643"}],"wp:attachment":[{"href":"https:\/\/artistdentallab.com\/fr\/wp-json\/wp\/v2\/media?parent=1642"}],"wp:term":[{"taxonomy":"category","embeddable":true,"href":"https:\/\/artistdentallab.com\/fr\/wp-json\/wp\/v2\/categories?post=1642"},{"taxonomy":"post_tag","embeddable":true,"href":"https:\/\/artistdentallab.com\/fr\/wp-json\/wp\/v2\/tags?post=1642"}],"curies":[{"name":"wp","href":"https:\/\/api.w.org\/{rel}","templated":true}]}}