{"id":1646,"date":"2026-08-11T03:11:22","date_gmt":"2026-08-11T03:11:22","guid":{"rendered":"https:\/\/artistdentallab.com\/"},"modified":"2026-08-11T03:14:05","modified_gmt":"2026-08-11T03:14:05","slug":"interproximal-extension-for-veneers-hiding-margins-without-overcontouring","status":"publish","type":"post","link":"https:\/\/artistdentallab.com\/fr\/interproximal-extension-for-veneers-hiding-margins-without-overcontouring\/","title":{"rendered":"Extension interproximale pour les facettes : masquer les bords sans surcontourer"},"content":{"rendered":"<p class=\"wp-block-paragraph\">Les marges changent tout.<\/p>\n\n\n\n<p class=\"wp-block-paragraph\">Une facette peut \u00eatre fine, pr\u00e9senter de belles superpositions, \u00eatre correctement nuanc\u00e9e et parfaitement polie d\u2019un point de vue technique ; pourtant, si sa ligne de finition proximale se trouve directement dans le champ de vision de l\u2019observateur ou oblige le technicien \u00e0 cr\u00e9er un contact trop important, la restauration risque de se remarquer avant m\u00eame que le patient n\u2019ait eu le temps de sourire pleinement.<\/p>\n\n\n\n<p class=\"wp-block-paragraph\">Alors pourquoi continuons-nous \u00e0 consid\u00e9rer l'extension interproximale comme un d\u00e9tail mineur de la pr\u00e9paration des facettes ?<\/p>\n\n\n\n<p class=\"wp-block-paragraph\">Je pense qu\u2019une partie du probl\u00e8me tient au fait que l\u2019on enseigne souvent aux cliniciens la profondeur de pr\u00e9paration en dixi\u00e8mes de millim\u00e8tre, alors que le laboratoire est contraint de r\u00e9aliser la restauration finale en trois dimensions. Le dentiste voit une ligne d\u2019arriv\u00e9e. Le technicien, lui, voit l\u2019\u00e9paisseur de la c\u00e9ramique, la position des contacts, le chemin d\u2019insertion, la largeur de r\u00e9flexion, le profil d\u2019\u00e9mergence, les besoins en masquage, et s\u2019il y a physiquement assez d\u2019espace pour que la restauration ressemble \u00e0 une dent plut\u00f4t qu\u2019\u00e0 de la porcelaine ajout\u00e9e par-dessus.<\/p>\n\n\n\n<p class=\"wp-block-paragraph\">Cette distinction est importante.<\/p>\n\n\n\n<p class=\"wp-block-paragraph\"><strong>La pr\u00e9paration interproximale d'une facette ne doit s'\u00e9tendre que dans la mesure n\u00e9cessaire pour \u00e9loigner le bord de la zone visible, qui pr\u00e9sente un risque esth\u00e9tique, pour obtenir le contour proximal souhait\u00e9 et pour laisser suffisamment d'espace \u00e0 la c\u00e9ramique, sans pour autant sacrifier inutilement de l'\u00e9mail.<\/strong><\/p>\n\n\n\n<p class=\"wp-block-paragraph\">Pas plus loin.<\/p>\n\n\n\n<p class=\"wp-block-paragraph\">Pas syst\u00e9matiquement \u00e0 chaque prise de contact.<\/p>\n\n\n\n<p class=\"wp-block-paragraph\">Et certainement pas parce qu'un sch\u00e9ma de pr\u00e9paration le dit.<\/p>\n\n\n\n<figure class=\"wp-block-image size-large\"><img fetchpriority=\"high\" decoding=\"async\" width=\"1024\" height=\"768\" src=\"https:\/\/artistdentallab.com\/wp-content\/uploads\/2026\/08\/Interproximal-Extension-for-Veneers-Hiding-Margins-Without-Overcontouring-2-1024x768.jpg\" alt=\"Extension interproximale pour facettes : masquer les marges sans surcontour\" class=\"wp-image-1648\" title=\"\" srcset=\"https:\/\/artistdentallab.com\/wp-content\/uploads\/2026\/08\/Interproximal-Extension-for-Veneers-Hiding-Margins-Without-Overcontouring-2-1024x768.jpg 1024w, https:\/\/artistdentallab.com\/wp-content\/uploads\/2026\/08\/Interproximal-Extension-for-Veneers-Hiding-Margins-Without-Overcontouring-2-300x225.jpg 300w, https:\/\/artistdentallab.com\/wp-content\/uploads\/2026\/08\/Interproximal-Extension-for-Veneers-Hiding-Margins-Without-Overcontouring-2-768x576.jpg 768w, https:\/\/artistdentallab.com\/wp-content\/uploads\/2026\/08\/Interproximal-Extension-for-Veneers-Hiding-Margins-Without-Overcontouring-2-16x12.jpg 16w, https:\/\/artistdentallab.com\/wp-content\/uploads\/2026\/08\/Interproximal-Extension-for-Veneers-Hiding-Margins-Without-Overcontouring-2-500x375.jpg 500w, https:\/\/artistdentallab.com\/wp-content\/uploads\/2026\/08\/Interproximal-Extension-for-Veneers-Hiding-Margins-Without-Overcontouring-2-600x450.jpg 600w, https:\/\/artistdentallab.com\/wp-content\/uploads\/2026\/08\/Interproximal-Extension-for-Veneers-Hiding-Margins-Without-Overcontouring-2.jpg 1448w\" sizes=\"(max-width: 1024px) 100vw, 1024px\" \/><\/figure>\n\n\n\n<h2 class=\"wp-block-heading\">Le v\u00e9ritable objectif de la pr\u00e9paration des facettes interproximales<\/h2>\n\n\n\n<p class=\"wp-block-paragraph\">La partie proximale d'une pr\u00e9paration pour facette remplit plusieurs fonctions \u00e0 la fois.<\/p>\n\n\n\n<p class=\"wp-block-paragraph\">Il se peut qu'il faille :<\/p>\n\n\n\n<ul class=\"wp-block-list\">\n<li>Masquer la jonction entre la c\u00e9ramique et la dent sous les angles de vue frontal et oblique<\/li>\n\n\n\n<li>Autoriser le laboratoire \u00e0 repositionner ou \u00e0 remodeler le contact<\/li>\n\n\n\n<li>Indiquer l'\u00e9paisseur de la c\u00e9ramique n\u00e9cessaire pour masquer un substrat d\u00e9color\u00e9<\/li>\n\n\n\n<li>Permet de corriger les dents pivot\u00e9es ou mal align\u00e9es<\/li>\n\n\n\n<li>Aide \u00e0 la fermeture du diast\u00e8me<\/li>\n\n\n\n<li>Pr\u00e9voir des embrasures faciles \u00e0 nettoyer<\/li>\n\n\n\n<li>Conserver un chemin d'insertion valide<\/li>\n\n\n\n<li>Conserver autant de surface d'adh\u00e9sion dans l'\u00e9mail que le permet l'objectif du traitement<\/li>\n<\/ul>\n\n\n\n<p class=\"wp-block-paragraph\">C'est d\u00e9j\u00e0 plus compliqu\u00e9 que le choix entre \u201c rompre le contact \u201d et \u201c ne pas rompre le contact \u201d.\u201d<\/p>\n\n\n\n<p class=\"wp-block-paragraph\">La dure r\u00e9alit\u00e9 ?<\/p>\n\n\n\n<p class=\"wp-block-paragraph\">Une pr\u00e9paration peut \u00eatre peu invasive sur le papier tout en donnant lieu \u00e0 une restauration d'aspect agressif.<\/p>\n\n\n\n<p class=\"wp-block-paragraph\">La r\u00e9flexion d'Artist Dental Lab sur <a href=\"https:\/\/artistdentallab.com\/fr\/how-important-is-enamel-preservation-in-veneer-preparation\/\">pr\u00e9servation de l'\u00e9mail lors de la pr\u00e9paration des facettes<\/a> Il \u00e9tablit une distinction importante : pr\u00e9server l'\u00e9mail est essentiel, mais refuser de cr\u00e9er l'espace de restauration n\u00e9cessaire \u00e0 l'obtention d'un contour correct peut obliger le technicien \u00e0 choisir entre une \u00e9paisseur excessive, un masquage insuffisant, un ajustement compromis ou une surface faciale au contour trop prononc\u00e9.<\/p>\n\n\n\n<p class=\"wp-block-paragraph\">L'objectif n'est donc pas d'obtenir la plus petite pr\u00e9paration possible.<\/p>\n\n\n\n<p class=\"wp-block-paragraph\">C'est le plus petit <strong>d\u00e9fendable<\/strong> pr\u00e9paration en vue de la restauration demand\u00e9e.<\/p>\n\n\n\n<h2 class=\"wp-block-heading\">Masquer la marge n'est pas la m\u00eame chose que l'\u00e9tendre<\/h2>\n\n\n\n<p class=\"wp-block-paragraph\">Cela semble \u00e9vident.<\/p>\n\n\n\n<p class=\"wp-block-paragraph\">Ce n'est pas le cas.<\/p>\n\n\n\n<p class=\"wp-block-paragraph\">Imaginez une facette ant\u00e9rieure dont la ligne de finition m\u00e9siale s'arr\u00eate juste en face du contact existant. Vue de face, la marge peut passer relativement inaper\u00e7ue, car la dent voisine masque la vue directe.<\/p>\n\n\n\n<p class=\"wp-block-paragraph\">Faites maintenant pivoter l\u00e9g\u00e8rement la dent. Ajoutez un substrat proximal fonc\u00e9. D\u00e9placez le contact pr\u00e9vu. Comblez un diast\u00e8me. Augmentez la largeur de la dent.<\/p>\n\n\n\n<p class=\"wp-block-paragraph\">La g\u00e9om\u00e9trie change imm\u00e9diatement.<\/p>\n\n\n\n<p class=\"wp-block-paragraph\">Une marge qui \u00e9tait visuellement prot\u00e9g\u00e9e dans un cas peut se retrouver expos\u00e9e dans un autre.<\/p>\n\n\n\n<p class=\"wp-block-paragraph\">C'est pourquoi l'extension proximale de la facette doit \u00eatre planifi\u00e9e par rapport \u00e0 la <strong>restauration finale<\/strong>, et pas seulement la dent d'origine.<\/p>\n\n\n\n<h3 class=\"wp-block-heading\">Le test de la ligne de vis\u00e9e<\/h3>\n\n\n\n<p class=\"wp-block-paragraph\">Je pr\u00e9f\u00e8re consid\u00e9rer la position de la marge comme un probl\u00e8me de visibilit\u00e9 plut\u00f4t que comme un probl\u00e8me de distance fixe.<\/p>\n\n\n\n<p class=\"wp-block-paragraph\">Demandez :<\/p>\n\n\n\n<p class=\"wp-block-paragraph\">Peut-on voir le bord sur la vue de face avec le sourire ?<\/p>\n\n\n\n<p class=\"wp-block-paragraph\">Peut-on le voir sous un angle trois-quarts classique ?<\/p>\n\n\n\n<p class=\"wp-block-paragraph\">La ligne d'arriv\u00e9e se trouve-t-elle \u00e0 l'int\u00e9rieur de la zone faciale r\u00e9fl\u00e9chissante ?<\/p>\n\n\n\n<p class=\"wp-block-paragraph\">La pi\u00e8ce en c\u00e9ramique finale n\u00e9cessitera-t-elle un sur\u00e9paisseur par rapport \u00e0 cette marge ?<\/p>\n\n\n\n<p class=\"wp-block-paragraph\">Le contact pr\u00e9vu se d\u00e9place-t-il vers la face m\u00e9siale, distale, faciale ou linguale ?<\/p>\n\n\n\n<p class=\"wp-block-paragraph\">Ces questions nous en apprennent davantage qu\u2019un simple chiffre arbitraire exprim\u00e9 en millim\u00e8tres.<\/p>\n\n\n\n<p class=\"wp-block-paragraph\">Il n'existe aucune r\u00e8gle universelle fiable stipulant que chaque bord de facette doit d\u00e9passer exactement de 0,5 mm, 1,0 mm ou 2,0 mm au-del\u00e0 d'un contact.<\/p>\n\n\n\n<p class=\"wp-block-paragraph\">C'est la g\u00e9om\u00e9trie du bo\u00eetier qui fait la diff\u00e9rence.<\/p>\n\n\n\n<h2 class=\"wp-block-heading\">Les trois niveaux d'extension proximale des facettes<\/h2>\n\n\n\n<p class=\"wp-block-paragraph\">Concr\u00e8tement, je classe la pr\u00e9paration des facettes proximales en trois grandes cat\u00e9gories.<\/p>\n\n\n\n<figure class=\"wp-block-table\"><table class=\"has-fixed-layout\"><thead><tr><th>Approche de pr\u00e9paration<\/th><th>Situation typique<\/th><th>Principal avantage<\/th><th>Risque principal<\/th><\/tr><\/thead><tbody><tr><td>Fin du soin du visage \u2014 \u00e0 contacter<\/td><td>Correction minimale de la forme ou de la teinte, avec un alignement dentaire satisfaisant<\/td><td>Pr\u00e9servation maximale de l'\u00e9mail<\/td><td>Transition visible ou contr\u00f4le limit\u00e9 des contours<\/td><\/tr><tr><td>\u00c9tendre jusqu\u2019\u00e0 la zone de contact<\/td><td>Correction mod\u00e9r\u00e9e de la forme ou meilleure dissimulation des marges<\/td><td>Meilleure gestion des transitions et des contacts c\u00e9ramiques<\/td><td>Ouverture accidentelle des contacts ou acc\u00e8s restreint au laboratoire<\/td><\/tr><tr><td>\u00c9tendre la partie linguale jusqu'au point de contact<\/td><td>Fermeture d'un diast\u00e8me, repositionnement important des contacts, correction de la rotation, forte d\u00e9coloration proximale<\/td><td>Une libert\u00e9 maximale pour le placement des contours et des marges cach\u00e9es<\/td><td>R\u00e9duction dentaire plus importante, mise \u00e0 nu de la dentine, hygi\u00e8ne difficile en cas de surcontournage<\/td><\/tr><\/tbody><\/table><\/figure>\n\n\n\n<p class=\"wp-block-paragraph\">Aucune de ces m\u00e9thodes ne m\u00e9rite \u00e0 elle seule le titre de \u201c meilleure technique de pr\u00e9paration pour facettes \u201d.<\/p>\n\n\n\n<p class=\"wp-block-paragraph\">C'est l'indication qui est d\u00e9terminante.<\/p>\n\n\n\n<h3 class=\"wp-block-heading\">Quand il est judicieux d'arr\u00eater les soins du visage au moment du contact<\/h3>\n\n\n\n<p class=\"wp-block-paragraph\">Si la position dentaire est favorable, si le contact existant est acceptable, si le substrat ne n\u00e9cessite pas de masquage important et si la modification du contour proximal est minime, poursuivre le traitement simplement par habitude risque d\u2019entra\u00eener l\u2019ablation d\u2019\u00e9mail sain sans apporter de b\u00e9n\u00e9fice \u00e9quivalent.<\/p>\n\n\n\n<p class=\"wp-block-paragraph\">Restez simple.<\/p>\n\n\n\n<p class=\"wp-block-paragraph\">Mais une pr\u00e9paration conservatrice cesse d'\u00eatre conservatrice lorsque le laboratoire doit ajouter une quantit\u00e9 excessive de c\u00e9ramique au-del\u00e0 de l'enveloppe dentaire d'origine pour obtenir la forme souhait\u00e9e.<\/p>\n\n\n\n<p class=\"wp-block-paragraph\">C'est l\u00e0 que le discours sur les \u00ab m\u00e9thodes sans pr\u00e9paration \u00bb et les \u00ab m\u00e9thodes n\u00e9cessitant une pr\u00e9paration minimale \u00bb peut pr\u00eater \u00e0 confusion.<\/p>\n\n\n\n<h3 class=\"wp-block-heading\">Quand est-il judicieux de prolonger le contact ou de le traverser ?<\/h3>\n\n\n\n<p class=\"wp-block-paragraph\">Une extension proximale plus importante s'av\u00e8re plus judicieuse lorsque la restauration doit modifier de mani\u00e8re substantielle :<\/p>\n\n\n\n<ul class=\"wp-block-list\">\n<li>Largeur m\u00e9siodistale<\/li>\n\n\n\n<li>Coordonn\u00e9es du site<\/li>\n\n\n\n<li>Rotation dentaire<\/li>\n\n\n\n<li>Dimensions du diast\u00e8me<\/li>\n\n\n\n<li>Apparence de l'espace noir<\/li>\n\n\n\n<li>Masquage proximal<\/li>\n\n\n\n<li>Sym\u00e9trie entre les facettes adjacentes<\/li>\n<\/ul>\n\n\n\n<p class=\"wp-block-paragraph\">La rupture d'un contact peut \u00e9galement offrir au laboratoire une plus grande libert\u00e9 pour \u00e9tablir le contact final \u00e0 l'int\u00e9rieur de la c\u00e9ramique, plut\u00f4t que d'\u00eatre contraint de terminer la porcelaine \u00e0 c\u00f4t\u00e9 d'une paroi proximale intacte.<\/p>\n\n\n\n<p class=\"wp-block-paragraph\">Mais une plus grande libert\u00e9 ne garantit pas automatiquement un meilleur r\u00e9sultat.<\/p>\n\n\n\n<p class=\"wp-block-paragraph\">Cela offre simplement au technicien une plus grande marge de man\u0153uvre en mati\u00e8re de conception.<\/p>\n\n\n\n<h2 class=\"wp-block-heading\">L'\u00e9tude sur les marges de 2024 m\u00e9rite qu'on s'y attarde<\/h2>\n\n\n\n<p class=\"wp-block-paragraph\">L'une des donn\u00e9es r\u00e9centes les plus pertinentes provient de chercheurs rattach\u00e9s \u00e0 l' <strong>Facult\u00e9 de m\u00e9decine dentaire de l'Universit\u00e9 d'Otago<\/strong>.<\/p>\n\n\n\n<p class=\"wp-block-paragraph\">Bennani, Aarts et Senthilkumar ont compar\u00e9 trois formes de pr\u00e9paration pour facettes stratifi\u00e9es : \u00e0 bord en biseau, \u00e0 \u00e9paulement et \u00e0 \u00e9paulement avec ailes. Leur \u00e9tude de 2024 <em>Revue de dentisterie proth\u00e9tique<\/em> Cette \u00e9tude a utilis\u00e9 des facettes r\u00e9alis\u00e9es par CAO\/FAO et la microscopie \u00e9lectronique \u00e0 balayage pour \u00e9valuer l'\u00e9cart marginal absolu et le d\u00e9bord marginal.<\/p>\n\n\n\n<p class=\"wp-block-paragraph\">Le <a href=\"https:\/\/pubmed.ncbi.nlm.nih.gov\/38042643\/\" rel=\"nofollow noopener\" target=\"_blank\">Fiche PubMed relative \u00e0 l'\u00e9tude de conception et de pr\u00e9paration de 2024<\/a> indique que la conception \u00e0 \u00e9paulement ail\u00e9 a donn\u00e9 lieu \u00e0 l'\u00e9cart absolu de marge et au d\u00e9bord les plus faibles au niveau cervical, tandis que les mesures proximales \u00e9taient comparables \u00e0 celles de la conception \u00e0 \u00e9paulement classique.<\/p>\n\n\n\n<p class=\"wp-block-paragraph\">Il s'agissait d'une \u00e9tude in vitro ; je ne m'en servirais donc pas comme d'une recette clinique universelle.<\/p>\n\n\n\n<p class=\"wp-block-paragraph\">Mais c'est le r\u00e9sultat qui compte.<\/p>\n\n\n\n<p class=\"wp-block-paragraph\">La g\u00e9om\u00e9trie de la pr\u00e9paration d\u00e9termine ce que le laboratoire est en mesure de fabriquer.<\/p>\n\n\n\n<p class=\"wp-block-paragraph\">Cela ne devrait pas pr\u00eater \u00e0 controverse.<\/p>\n\n\n\n<h2 class=\"wp-block-heading\">Le pi\u00e8ge du \u00ab overcontouring \u00bb<\/h2>\n\n\n\n<p class=\"wp-block-paragraph\">Nous arrivons maintenant \u00e0 un aspect qui est souvent sous-estim\u00e9.<\/p>\n\n\n\n<p class=\"wp-block-paragraph\"><strong>On parle de \u00ab surcontournage de facette \u00bb lorsque la restauration finale d\u00e9passe, en direction faciale ou proximale, les limites pr\u00e9vues de la dent naturelle, en raison d'un espace de pr\u00e9paration insuffisant, d'un mauvais positionnement des marges, d'une conception inad\u00e9quate des contacts ou d'une stratification de c\u00e9ramique imposant un volume de restauration excessif.<\/strong><\/p>\n\n\n\n<p class=\"wp-block-paragraph\">Cela peut arriver avec des facettes tr\u00e8s fines.<\/p>\n\n\n\n<p class=\"wp-block-paragraph\">L'\u00e9paisseur \u00e0 elle seule ne suffit pas \u00e0 d\u00e9finir le \u00ab surcontour \u00bb.<\/p>\n\n\n\n<p class=\"wp-block-paragraph\">C'est la position qui compte.<\/p>\n\n\n\n<h3 class=\"wp-block-heading\">Une facette de 0,5 mm peut tout de m\u00eame para\u00eetre \u00e9paisse<\/h3>\n\n\n\n<p class=\"wp-block-paragraph\">Supposons qu'un praticien pr\u00e9serve la quasi-totalit\u00e9 de la surface faciale parce que cette technique est pr\u00e9sent\u00e9e comme une \u201c pr\u00e9paration minimale \u201d.\u201d<\/p>\n\n\n\n<p class=\"wp-block-paragraph\">C'est bien intentionn\u00e9.<\/p>\n\n\n\n<p class=\"wp-block-paragraph\">Cependant, le plan de traitement approuv\u00e9 pr\u00e9voit que l'incisive centrale ne se d\u00e9place que tr\u00e8s l\u00e9g\u00e8rement vers la face, tandis que sa face proximale doit se d\u00e9placer de mani\u00e8re significative pour combler un espace.<\/p>\n\n\n\n<p class=\"wp-block-paragraph\">En l'absence de r\u00e9duction proximale correspondante, il faut ajouter de la c\u00e9ramique vers l'ext\u00e9rieur.<\/p>\n\n\n\n<p class=\"wp-block-paragraph\">Le contact s'\u00e9largit.<\/p>\n\n\n\n<p class=\"wp-block-paragraph\">La ligne de transition se d\u00e9place.<\/p>\n\n\n\n<p class=\"wp-block-paragraph\">La zone de d\u00e9viation dispara\u00eet.<\/p>\n\n\n\n<p class=\"wp-block-paragraph\">Tout \u00e0 coup, le placage semble plus large et plus plat, m\u00eame si son \u00e9paisseur mesur\u00e9e semble \u00e9tonnamment modeste.<\/p>\n\n\n\n<p class=\"wp-block-paragraph\">C'est ce qu'on appelle le \u00ab surcontourage optique \u00bb.<\/p>\n\n\n\n<p class=\"wp-block-paragraph\">Le guide d'Artist Dental Lab sur <a href=\"https:\/\/artistdentallab.com\/fr\/transitional-line-angles-in-veneers-the-hidden-tool-for-optical-contouring\/\">angles de transition dans les facettes<\/a> explique pourquoi : les angles des lignes m\u00e9sio-faciale et disto-faciale d\u00e9finissent la zone de r\u00e9flexion centrale. En d\u00e9pla\u00e7ant ces lignes vers l'ext\u00e9rieur, la dent peut para\u00eetre plus large ; en les d\u00e9pla\u00e7ant vers l'int\u00e9rieur, la largeur faciale apparente peut para\u00eetre plus \u00e9troite sans que la dimension m\u00e9sio-distale r\u00e9elle ne change.<\/p>\n\n\n\n<p class=\"wp-block-paragraph\">C\u2019est pourquoi je reste sceptique chaque fois que quelqu\u2019un \u00e9value la pr\u00e9paration d\u2019une facette uniquement \u00e0 l\u2019aide d\u2019une jauge de r\u00e9duction.<\/p>\n\n\n\n<p class=\"wp-block-paragraph\">Les compas ne permettent pas de mesurer la masse visuelle.<\/p>\n\n\n\n<h2 class=\"wp-block-heading\">\u00c0 quel endroit commence g\u00e9n\u00e9ralement le surcontourage des facettes ?<\/h2>\n\n\n\n<p class=\"wp-block-paragraph\">Plusieurs sch\u00e9mas sont \u00e0 l'origine de probl\u00e8mes r\u00e9currents.<\/p>\n\n\n\n<h3 class=\"wp-block-heading\">1. La marge reste trop proche du visage<\/h3>\n\n\n\n<p class=\"wp-block-paragraph\">Le technicien doit effectuer la transition entre la c\u00e9ramique et la dent tout en restant sur une surface tr\u00e8s visible.<\/p>\n\n\n\n<p class=\"wp-block-paragraph\">Pour masquer cette transition, la porcelaine est estomp\u00e9e, m\u00e9lang\u00e9e ou \u00e9paissie.<\/p>\n\n\n\n<p class=\"wp-block-paragraph\">D\u00e9sormais, la restauration est con\u00e7ue en fonction de la marge plut\u00f4t qu\u2019en fonction de l\u2019anatomie naturelle.<\/p>\n\n\n\n<h3 class=\"wp-block-heading\">2. Le contact ne peut pas \u00eatre d\u00e9plac\u00e9<\/h3>\n\n\n\n<p class=\"wp-block-paragraph\">Si le contact d'origine reste intact mais que le plan de traitement pr\u00e9voit une correction importante de la largeur, le technicien dispose d'une marge de man\u0153uvre limit\u00e9e pour repositionner le contour interproximal d\u00e9finitif.<\/p>\n\n\n\n<p class=\"wp-block-paragraph\">Le r\u00e9sultat peut constituer un compromis entre l'anatomie d'origine et le design de sourire propos\u00e9.<\/p>\n\n\n\n<h3 class=\"wp-block-heading\">3. La pr\u00e9paration ne tient pas compte du modelage en cire<\/h3>\n\n\n\n<p class=\"wp-block-paragraph\">C'est celui-l\u00e0 qui me d\u00e9range le plus.<\/p>\n\n\n\n<p class=\"wp-block-paragraph\">Pourquoi valider une nouvelle position dentaire et ensuite r\u00e9aliser la pr\u00e9paration en fonction de l'ancienne position ?<\/p>\n\n\n\n<p class=\"wp-block-paragraph\">Une pr\u00e9paration doit \u00eatre \u00e9valu\u00e9e par rapport au volume de restauration pr\u00e9vu. Sinon, la \u201c pr\u00e9paration minimale \u201d devient une pr\u00e9paration al\u00e9atoire.<\/p>\n\n\n\n<h3 class=\"wp-block-heading\">4. Le laboratoire ne re\u00e7oit aucune photo de pr\u00e9paration<\/h3>\n\n\n\n<p class=\"wp-block-paragraph\">Une num\u00e9risation num\u00e9rique permet de visualiser la g\u00e9om\u00e9trie.<\/p>\n\n\n\n<p class=\"wp-block-paragraph\">Cela n'explique pas toujours l'intention clinique.<\/p>\n\n\n\n<p class=\"wp-block-paragraph\">Laboratoires dentaires d'artistes <a href=\"https:\/\/artistdentallab.com\/fr\/what-information-must-be-submitted-to-the-lab-for-anterior-veneer-cases\/\">Guide de soumission des cas de facettes ant\u00e9rieures<\/a> recommande de fournir l'arcade pr\u00e9par\u00e9e, l'arcade oppos\u00e9e, l'occlusion, le scan pr\u00e9op\u00e9ratoire, la proth\u00e8se provisoire approuv\u00e9e ou la maquette, les photographies de pr\u00e9paration, la teinte du moignon, la teinte d\u00e9finitive, les photographies faciales et les informations fonctionnelles, plut\u00f4t que d'attendre du technicien qu'il reconstitue le plan \u00e0 partir d'un seul fichier STL.<\/p>\n\n\n\n<p class=\"wp-block-paragraph\">Ce n'est pas de la paperasse.<\/p>\n\n\n\n<p class=\"wp-block-paragraph\">Il s'agit d'informations relatives \u00e0 la conception.<\/p>\n\n\n\n<h2 class=\"wp-block-heading\">La pr\u00e9servation de l'\u00e9mail reste importante<\/h2>\n\n\n\n<p class=\"wp-block-paragraph\">Il ne faut pas chercher \u00e0 r\u00e9soudre tous les probl\u00e8mes esth\u00e9tiques en s'\u00e9tendant davantage.<\/p>\n\n\n\n<p class=\"wp-block-paragraph\">Les facettes en c\u00e9ramique doivent en grande partie leur pr\u00e9visibilit\u00e9 \u00e0 la liaison adh\u00e9sive, et l'\u00e9mail reste un support de collage particuli\u00e8rement adapt\u00e9.<\/p>\n\n\n\n<p class=\"wp-block-paragraph\">Une synth\u00e8se de la litt\u00e9rature r\u00e9alis\u00e9e en 2012 par l'universit\u00e9 de Birmingham a examin\u00e9 24 publications et a conclu qu'il existait des preuves raisonnables indiquant que le fait d'\u00e9tendre la pr\u00e9paration de la facette jusqu'\u00e0 la dentine avait un effet n\u00e9gatif sur la dur\u00e9e de vie de celle-ci. Les auteurs ont explicitement indiqu\u00e9 que la pr\u00e9paration id\u00e9ale d'une facette devait se limiter \u00e0 l'\u00e9mail.<\/p>\n\n\n\n<p class=\"wp-block-paragraph\">C'est ce qui cr\u00e9e la v\u00e9ritable difficult\u00e9 lors de la pr\u00e9paration des facettes interproximales.<\/p>\n\n\n\n<p class=\"wp-block-paragraph\">Nous voulons une extension suffisante.<\/p>\n\n\n\n<p class=\"wp-block-paragraph\">Mais pas une extension inutile.<\/p>\n\n\n\n<p class=\"wp-block-paragraph\">La bonne question n'est donc pas :<\/p>\n\n\n\n<p class=\"wp-block-paragraph\"><strong>\u201c Est-ce que je devrais rompre le contact ? \u201d<\/strong><\/p>\n\n\n\n<p class=\"wp-block-paragraph\">C'est :<\/p>\n\n\n\n<p class=\"wp-block-paragraph\"><strong>\u201c Quelle est l\u2019extension proximale minimale permettant de r\u00e9aliser la restauration pr\u00e9vue avec une visibilit\u00e9, une position de contact, une \u00e9paisseur de c\u00e9ramique, un contour, une facilit\u00e9 de nettoyage et une pr\u00e9servation de l\u2019\u00e9mail acceptables ? \u201d<\/strong><\/p>\n\n\n\n<p class=\"wp-block-paragraph\">C'est une question bien plus difficile.<\/p>\n\n\n\n<p class=\"wp-block-paragraph\">C'est aussi une meilleure solution.<\/p>\n\n\n\n<figure class=\"wp-block-image size-large\"><img decoding=\"async\" width=\"1024\" height=\"768\" src=\"https:\/\/artistdentallab.com\/wp-content\/uploads\/2026\/08\/Interproximal-Extension-for-Veneers-Hiding-Margins-Without-Overcontouring-3-1024x768.jpg\" alt=\"Extension interproximale pour facettes : masquer les marges sans surcontour\" class=\"wp-image-1649\" title=\"\" srcset=\"https:\/\/artistdentallab.com\/wp-content\/uploads\/2026\/08\/Interproximal-Extension-for-Veneers-Hiding-Margins-Without-Overcontouring-3-1024x768.jpg 1024w, https:\/\/artistdentallab.com\/wp-content\/uploads\/2026\/08\/Interproximal-Extension-for-Veneers-Hiding-Margins-Without-Overcontouring-3-300x225.jpg 300w, https:\/\/artistdentallab.com\/wp-content\/uploads\/2026\/08\/Interproximal-Extension-for-Veneers-Hiding-Margins-Without-Overcontouring-3-768x576.jpg 768w, https:\/\/artistdentallab.com\/wp-content\/uploads\/2026\/08\/Interproximal-Extension-for-Veneers-Hiding-Margins-Without-Overcontouring-3-16x12.jpg 16w, https:\/\/artistdentallab.com\/wp-content\/uploads\/2026\/08\/Interproximal-Extension-for-Veneers-Hiding-Margins-Without-Overcontouring-3-500x375.jpg 500w, https:\/\/artistdentallab.com\/wp-content\/uploads\/2026\/08\/Interproximal-Extension-for-Veneers-Hiding-Margins-Without-Overcontouring-3-600x450.jpg 600w, https:\/\/artistdentallab.com\/wp-content\/uploads\/2026\/08\/Interproximal-Extension-for-Veneers-Hiding-Margins-Without-Overcontouring-3.jpg 1448w\" sizes=\"(max-width: 1024px) 100vw, 1024px\" \/><\/figure>\n\n\n\n<h2 class=\"wp-block-heading\">Les donn\u00e9es \u00e0 long terme sanctionnent les d\u00e9cisions imprudentes en mati\u00e8re de marges<\/h2>\n\n\n\n<p class=\"wp-block-paragraph\">Les performances \u00e0 long terme des facettes sont g\u00e9n\u00e9ralement impressionnantes, mais le taux de survie annonc\u00e9 masque des d\u00e9tails utiles sur le plan clinique.<\/p>\n\n\n\n<p class=\"wp-block-paragraph\">Une revue syst\u00e9matique r\u00e9alis\u00e9e en 2021 a \u00e9valu\u00e9 <strong>25 \u00e9tudes et 6 500 facettes en porcelaine<\/strong>. Le taux de survie cumul\u00e9 sur 10 ans estim\u00e9 rapport\u00e9 \u00e9tait de <strong>95.5%<\/strong>. La fracture \u00e9tait la complication la plus fr\u00e9quente, suivie du d\u00e9collement. Cette \u00e9tude a \u00e9galement mis en \u00e9vidence que le risque de d\u00e9collement est plus important lorsque les pr\u00e9parations concernent des zones plus \u00e9tendues de dentine.<\/p>\n\n\n\n<p class=\"wp-block-paragraph\">De bons chiffres.<\/p>\n\n\n\n<p class=\"wp-block-paragraph\">Mais la survie n'est pas synonyme de perfection.<\/p>\n\n\n\n<p class=\"wp-block-paragraph\">Une restauration peut rester en place tout en pr\u00e9sentant des taches marginales, une rugosit\u00e9, des probl\u00e8mes de contour, des besoins de r\u00e9paration ou d'autres alt\u00e9rations qui ne constituent jamais une d\u00e9faillance catastrophique.<\/p>\n\n\n\n<p class=\"wp-block-paragraph\">Cette distinction appara\u00eet clairement dans les donn\u00e9es cliniques plus anciennes.<\/p>\n\n\n\n<h2 class=\"wp-block-heading\">Ce qu'a r\u00e9v\u00e9l\u00e9 une \u00e9tude r\u00e9elle men\u00e9e sur 10 ans concernant les facettes<\/h2>\n\n\n\n<p class=\"wp-block-paragraph\">Peumans et ses coll\u00e8gues ont suivi l'\u00e9volution des facettes en porcelaine pos\u00e9es sur <strong>87 dents ant\u00e9rieures maxillaires chez 25 patients<\/strong>.<\/p>\n\n\n\n<p class=\"wp-block-paragraph\">Au bout de cinq ans, 92% de restaurations en moyenne restaient cliniquement acceptables sans intervention. Au bout de dix ans, ce chiffre \u00e9tait tomb\u00e9 \u00e0 <strong>64%<\/strong>, bien que seulement <strong>Remplacement n\u00e9cessaire du 4%<\/strong>.<\/p>\n\n\n\n<p class=\"wp-block-paragraph\">Les chiffres les plus r\u00e9v\u00e9lateurs ?<\/p>\n\n\n\n<p class=\"wp-block-paragraph\"><strong>Le 11% pr\u00e9sentait des fractures de la porcelaine et le 20% avait d\u00e9velopp\u00e9 d'importantes l\u00e9sions marginales.<\/strong><\/p>\n\n\n\n<p class=\"wp-block-paragraph\">Les chercheurs ont notamment signal\u00e9 des probl\u00e8mes mineurs au niveau des jonctions entre les facettes et les restaurations en composite existantes. L'\u00e9tude compl\u00e8te est disponible sur <a href=\"https:\/\/pubmed.ncbi.nlm.nih.gov\/15119590\/\" rel=\"nofollow noopener\" target=\"_blank\">Fiche de PubMed relative \u00e0 l'essai prospectif de 10 ans sur les facettes<\/a>.<\/p>\n\n\n\n<p class=\"wp-block-paragraph\">Cela devrait nous amener \u00e0 revoir notre fa\u00e7on d'envisager le placement des marges des facettes.<\/p>\n\n\n\n<p class=\"wp-block-paragraph\">Une marge ne correspond pas simplement \u00e0 l'endroit o\u00f9 le technicien arr\u00eate la c\u00e9ramique.<\/p>\n\n\n\n<p class=\"wp-block-paragraph\">Il s'agit d'une interface destin\u00e9e \u00e0 r\u00e9sister pendant des ann\u00e9es \u00e0 l'humidit\u00e9, aux sollicitations, aux exigences d'hygi\u00e8ne, aux taches, au vieillissement des adh\u00e9sifs et \u00e0 des entretiens professionnels r\u00e9p\u00e9t\u00e9s.<\/p>\n\n\n\n<h2 class=\"wp-block-heading\">Les avis divergent encore dans la recherche quant \u00e0 la \u201c meilleure \u201d pr\u00e9paration pour la pose de facettes<\/h2>\n\n\n\n<p class=\"wp-block-paragraph\">Voici une autre raison pour laquelle je me m\u00e9fie des doctrines pr\u00f4nant une pr\u00e9paration universelle.<\/p>\n\n\n\n<p class=\"wp-block-paragraph\">Une revue syst\u00e9matique et une m\u00e9ta-analyse r\u00e9alis\u00e9es en 2017 ont pass\u00e9 au crible <strong>415 publications, dont 10 \u00e9tudes<\/strong> comparaison des techniques de pr\u00e9paration pour les facettes. D'apr\u00e8s les donn\u00e9es relatives au d\u00e9lai avant survenue d'un \u00e9v\u00e9nement, les pr\u00e9parations avec recouvrement incisif ont pr\u00e9sent\u00e9 un risque d'\u00e9chec plus \u00e9lev\u00e9 que celles sans recouvrement, avec un rapport de risque rapport\u00e9 de <strong>1.81<\/strong>.<\/p>\n\n\n\n<p class=\"wp-block-paragraph\">Pourtant, l'\u00e9tude \u00e0 long terme men\u00e9e en 2021 sur 6 500 facettes a fait \u00e9tat d'une tendance inverse en ce qui concerne la couverture incisale.<\/p>\n\n\n\n<p class=\"wp-block-paragraph\">Vous pouvez consulter les versions pr\u00e9c\u00e9dentes <a href=\"https:\/\/pubmed.ncbi.nlm.nih.gov\/29144878\/\" rel=\"nofollow noopener\" target=\"_blank\">M\u00e9ta-analyse publi\u00e9e sur PubMed concernant les techniques de pr\u00e9paration des facettes<\/a> vous-m\u00eame.<\/p>\n\n\n\n<p class=\"wp-block-paragraph\">Des r\u00e9sultats contradictoires ne rendent pas la recherche inutile.<\/p>\n\n\n\n<p class=\"wp-block-paragraph\">Cela nous apprend quelque chose de plus utile : <strong>La forme de la pr\u00e9paration ne peut \u00eatre dissoci\u00e9e du mat\u00e9riau, du substrat de collage, de l'occlusion, de la technique de l'op\u00e9rateur, de l'\u00e9tat de la dent et de la s\u00e9lection des cas.<\/strong><\/p>\n\n\n\n<p class=\"wp-block-paragraph\">Il convient d'adopter le m\u00eame scepticisme \u00e0 l'\u00e9gard de l'extension proximale.<\/p>\n\n\n\n<h2 class=\"wp-block-heading\">Jusqu'o\u00f9 les facettes doivent-elles s'\u00e9tendre au niveau des espaces interproximaux ?<\/h2>\n\n\n\n<p class=\"wp-block-paragraph\">Il n'existe pas de mesure universelle en millim\u00e8tres.<\/p>\n\n\n\n<p class=\"wp-block-paragraph\">Voil\u00e0 ma r\u00e9ponse.<\/p>\n\n\n\n<p class=\"wp-block-paragraph\">Une facette doit s'\u00e9tendre suffisamment dans la zone interproximale pour r\u00e9pondre aux objectifs esth\u00e9tiques et restaurateurs pr\u00e9vus, tout en s'arr\u00eatant d\u00e8s que possible d\u00e8s lors que le bord peut \u00eatre positionn\u00e9 de mani\u00e8re pr\u00e9visible, que le contact peut \u00eatre correctement \u00e9tabli, qu'un espace suffisant est disponible pour la c\u00e9ramique et qu'une exposition inutile de la dentine peut \u00eatre \u00e9vit\u00e9e.<\/p>\n\n\n\n<p class=\"wp-block-paragraph\">Plusieurs variables influent sur la r\u00e9ponse.<\/p>\n\n\n\n<h3 class=\"wp-block-heading\">Alignement actuel des dents<\/h3>\n\n\n\n<p class=\"wp-block-paragraph\">Une dent bien align\u00e9e, qui ne n\u00e9cessite qu'une correction de la couleur, n\u00e9cessite g\u00e9n\u00e9ralement moins d'intervention au niveau des contacts proximaux qu'une dent pivot\u00e9e qui doit \u00eatre repositionn\u00e9e visuellement.<\/p>\n\n\n\n<h3 class=\"wp-block-heading\">Fermeture d'un diast\u00e8me<\/h3>\n\n\n\n<p class=\"wp-block-paragraph\">La r\u00e9duction de l'espace modifie la largeur des dents et la g\u00e9om\u00e9trie de contact.<\/p>\n\n\n\n<p class=\"wp-block-paragraph\">Il peut donc s'av\u00e9rer n\u00e9cessaire de prolonger la pr\u00e9paration vers la face linguale afin que la restauration puisse envelopper la surface proximale, plut\u00f4t que de se contenter d'ajouter une plaque de c\u00e9ramique sur la face faciale.<\/p>\n\n\n\n<h3 class=\"wp-block-heading\">Couleur du support<\/h3>\n\n\n\n<p class=\"wp-block-paragraph\">Une pr\u00e9paration fonc\u00e9e qui reste visible \u00e0 c\u00f4t\u00e9 d'un bord c\u00e9ramique proximal translucide peut mettre en \u00e9vidence la jonction entre la restauration et la dent.<\/p>\n\n\n\n<p class=\"wp-block-paragraph\">Une extension plus importante peut se justifier lorsque le b\u00e9n\u00e9fice esth\u00e9tique l'emporte sur la r\u00e9duction suppl\u00e9mentaire.<\/p>\n\n\n\n<h3 class=\"wp-block-heading\">Restaurations proximales existantes<\/h3>\n\n\n\n<p class=\"wp-block-paragraph\">Les restaurations en composite, les fissures, les caries ou une anatomie proximale irr\u00e9guli\u00e8re modifient les conditions permettant de d\u00e9finir une ligne de finition pr\u00e9visible.<\/p>\n\n\n\n<p class=\"wp-block-paragraph\">L'\u00e9tude de Peumans, men\u00e9e sur une p\u00e9riode de dix ans, nous rappelle que le composite pr\u00e9sent au niveau des limites des facettes m\u00e9rite qu'on s'y int\u00e9resse, plut\u00f4t que d'\u00eatre consid\u00e9r\u00e9 comme une anatomie de fond sans importance.<\/p>\n\n\n\n<h3 class=\"wp-block-heading\">Contacter le service de relocalisation<\/h3>\n\n\n\n<p class=\"wp-block-paragraph\">Si le technicien doit d\u00e9placer consid\u00e9rablement le contact, la pr\u00e9paration doit offrir une libert\u00e9 suffisante pour cr\u00e9er cette nouvelle anatomie.<\/p>\n\n\n\n<p class=\"wp-block-paragraph\">Un contact en c\u00e9ramique ne peut pas occuper un espace d\u00e9j\u00e0 occup\u00e9 par la substance dentaire.<\/p>\n\n\n\n<p class=\"wp-block-paragraph\">La physique reste tenace.<\/p>\n\n\n\n<h2 class=\"wp-block-heading\">Le placement de la marge doit suivre la dent d\u00e9finitive, et non la dent d'origine<\/h2>\n\n\n\n<p class=\"wp-block-paragraph\">C'est sans doute le principe le plus utile de tout ce qui a \u00e9t\u00e9 dit.<\/p>\n\n\n\n<p class=\"wp-block-paragraph\">Commencez par le contour final.<\/p>\n\n\n\n<p class=\"wp-block-paragraph\">D\u00e9terminez ensuite les endroits o\u00f9 la structure dentaire entre en conflit avec ce contour.<\/p>\n\n\n\n<p class=\"wp-block-paragraph\">Ne supprimez que ce qui fait obstacle.<\/p>\n\n\n\n<p class=\"wp-block-paragraph\">Cette approche ax\u00e9e sur la r\u00e9alisation de maquettes est bien plus judicieuse que de pr\u00e9parer une forme de facette standardis\u00e9e et de demander ensuite au technicien d'adapter de force chaque cas \u00e0 ce mod\u00e8le.<\/p>\n\n\n\n<p class=\"wp-block-paragraph\">Pour les praticiens qui utilisent le disilicate de lithium, Artist Dental Lab propose <a href=\"https:\/\/artistdentallab.com\/fr\/e-max-veneer\/\">Flux de travail des placages E.max<\/a> met \u00e9galement l'accent sur une pr\u00e9paration allant du minimum au standard en fonction de chaque cas, une d\u00e9finition claire des marges, des notes de r\u00e9duction, des informations sur la teinte et des dossiers num\u00e9riques, plut\u00f4t que de prescrire un mod\u00e8le de r\u00e9duction unique pour toutes les restaurations ant\u00e9rieures.<\/p>\n\n\n\n<p class=\"wp-block-paragraph\">Et c'est exactement comme \u00e7a que \u00e7a doit \u00eatre.<\/p>\n\n\n\n<h2 class=\"wp-block-heading\">Le contour proximal est lui aussi un probl\u00e8me optique<\/h2>\n\n\n\n<p class=\"wp-block-paragraph\">Les dentistes s'int\u00e9ressent naturellement \u00e0 la r\u00e9sistance au contact et \u00e0 la r\u00e9sistance au fil dentaire.<\/p>\n\n\n\n<p class=\"wp-block-paragraph\">Le laboratoire per\u00e7oit une autre dimension.<\/p>\n\n\n\n<p class=\"wp-block-paragraph\">Ce contact a une cons\u00e9quence optique.<\/p>\n\n\n\n<p class=\"wp-block-paragraph\">Si la surface faciale proximale reste trop pleine, la zone de d\u00e9viation se r\u00e9tr\u00e9cit. Une plus grande partie de la lumi\u00e8re est renvoy\u00e9e vers l'observateur. La facette para\u00eet plus large.<\/p>\n\n\n\n<p class=\"wp-block-paragraph\">C'est alors que quelqu'un demande au technicien de le faire para\u00eetre plus \u00e9troit.<\/p>\n\n\n\n<p class=\"wp-block-paragraph\">On ajoute donc une teinte grise.<\/p>\n\n\n\n<p class=\"wp-block-paragraph\">Ou bien l'angle de la ligne est trop prononc\u00e9.<\/p>\n\n\n\n<p class=\"wp-block-paragraph\">Ou bien la c\u00e9ramique est meul\u00e9e apr\u00e8s la livraison.<\/p>\n\n\n\n<p class=\"wp-block-paragraph\">S\u00e9quence incorrecte.<\/p>\n\n\n\n<p class=\"wp-block-paragraph\"><strong>La forme d'abord. La couleur ensuite.<\/strong><\/p>\n\n\n\n<p class=\"wp-block-paragraph\">Si la restauration pr\u00e9sente un surcontour physique, le pigment sert \u00e0 le camoufler.<\/p>\n\n\n\n<p class=\"wp-block-paragraph\">La r\u00e9flexion d'Artist Dental Lab sur <a href=\"https:\/\/artistdentallab.com\/fr\/adjusting-veneer-incisal-edges-without-destroying-surface-character\/\">Ajustement du bord incisif des facettes et caract\u00e9ristiques de surface<\/a> illustre le probl\u00e8me associ\u00e9 : le meulage de la c\u00e9ramique modifie \u00e0 la fois le volume du mat\u00e9riau, la texture de sa surface et la g\u00e9om\u00e9trie qui d\u00e9termine la r\u00e9flexion de la lumi\u00e8re.<\/p>\n\n\n\n<p class=\"wp-block-paragraph\">Le m\u00eame principe s'applique au niveau proximal.<\/p>\n\n\n\n<p class=\"wp-block-paragraph\">Il est plus difficile de corriger un contour mal r\u00e9alis\u00e9 apr\u00e8s la finition finale de la c\u00e9ramique que de concevoir correctement ce contour d\u00e8s le d\u00e9part.<\/p>\n\n\n\n<h2 class=\"wp-block-heading\">Le choix du mat\u00e9riau influe sur le degr\u00e9 de libert\u00e9<\/h2>\n\n\n\n<p class=\"wp-block-paragraph\">La pr\u00e9paration d'une facette en porcelaine ne peut \u00eatre dissoci\u00e9e du choix de la c\u00e9ramique prescrite.<\/p>\n\n\n\n<h3 class=\"wp-block-heading\">Porcelaine feldspathique<\/h3>\n\n\n\n<p class=\"wp-block-paragraph\">Les facettes \u00e0 base de feldspath permettent d'obtenir une stratification optique d'une finesse exceptionnelle et des transitions c\u00e9ramiques tr\u00e8s fines, ce qui les rend particuli\u00e8rement adapt\u00e9es aux cas esth\u00e9tiques n\u00e9cessitant une approche tr\u00e8s conservatrice.<\/p>\n\n\n\n<p class=\"wp-block-paragraph\">Mais la c\u00e9ramique fine n'a rien de magique.<\/p>\n\n\n\n<p class=\"wp-block-paragraph\">Si un masquage important, un d\u00e9placement des points de contact ou une correction significative de la forme s'av\u00e8rent n\u00e9cessaires, l'espace disponible pour la restauration devient une variable de conception majeure.<\/p>\n\n\n\n<h3 class=\"wp-block-heading\">Disilicate de lithium<\/h3>\n\n\n\n<p class=\"wp-block-paragraph\">Le disilicate de lithium, g\u00e9n\u00e9ralement repr\u00e9sent\u00e9 par <strong>Li\u2082Si\u2082O\u2085<\/strong>, offre une plus grande r\u00e9sistance m\u00e9canique que la porcelaine feldspathique classique et permet de mettre en \u0153uvre des proc\u00e9d\u00e9s de fabrication par pressage, fraisage, monolithique, \u00ab cut-back \u00bb et stratifi\u00e9.<\/p>\n\n\n\n<p class=\"wp-block-paragraph\">Pour autant, la r\u00e9sistance du mat\u00e9riau ne justifie pas un surcontournage.<\/p>\n\n\n\n<p class=\"wp-block-paragraph\">M\u00eame plus solide, un placage \u00e9pais reste \u00e9pais.<\/p>\n\n\n\n<h3 class=\"wp-block-heading\">Zircone<\/h3>\n\n\n\n<p class=\"wp-block-paragraph\">La zircone peut offrir une opacit\u00e9 et une r\u00e9sistance sup\u00e9rieures dans certains cas, mais son comportement optique diff\u00e8re de celui des vitroc\u00e9ramiques.<\/p>\n\n\n\n<p class=\"wp-block-paragraph\">Une fois encore, la pr\u00e9paration doit \u00eatre adapt\u00e9e \u00e0 l\u2019objectif de restauration.<\/p>\n\n\n\n<p class=\"wp-block-paragraph\">Le mat\u00e9riau ne permet pas de corriger une g\u00e9om\u00e9trie incorrecte.<\/p>\n\n\n\n<h2 class=\"wp-block-heading\">\u00c9l\u00e9ments dont le laboratoire a besoin avant de concevoir la surface proximale<\/h2>\n\n\n\n<p class=\"wp-block-paragraph\">Si je devais \u00e9valuer un cas complexe de facettes du point de vue du laboratoire, je souhaiterais disposer de six \u00e9l\u00e9ments d'information avant de prendre des d\u00e9cisions importantes concernant l'anatomie proximale :<\/p>\n\n\n\n<ol class=\"wp-block-list\">\n<li><strong>Examen d'imagerie pr\u00e9op\u00e9ratoire<\/strong> montrant la position d'origine des dents et leurs contacts<\/li>\n\n\n\n<li><strong>Scan pr\u00e9par\u00e9<\/strong> avec des marges proximales bien d\u00e9finies<\/li>\n\n\n\n<li><strong>Maquette en cire valid\u00e9e ou scan provisoire<\/strong> indiquant la largeur pr\u00e9vue et la position de contact<\/li>\n\n\n\n<li><strong>Photos de pr\u00e9paration<\/strong> mettant en \u00e9vidence l'\u00e9mail, la dentine, les d\u00e9colorations et la visibilit\u00e9 des bords<\/li>\n\n\n\n<li><strong>Recensement de l'ombrage des souches<\/strong> pour chaque dent pr\u00e9par\u00e9e<\/li>\n\n\n\n<li><strong>Photographies du visage de face et de trois quarts<\/strong> montrant l'aspect des zones proximales sous des angles de vue normaux<\/li>\n<\/ol>\n\n\n\n<p class=\"wp-block-paragraph\">M\u00eame en l'absence de ces donn\u00e9es, le technicien peut tout de m\u00eame r\u00e9aliser une restauration.<\/p>\n\n\n\n<p class=\"wp-block-paragraph\">Mais certains aspects de la conception rel\u00e8vent d\u00e9sormais de la conjecture.<\/p>\n\n\n\n<p class=\"wp-block-paragraph\">Et \u201c rendre les marges invisibles \u201d n\u2019est pas une prescription de laboratoire.<\/p>\n\n\n\n<figure class=\"wp-block-image size-large\"><img decoding=\"async\" width=\"1024\" height=\"768\" src=\"https:\/\/artistdentallab.com\/wp-content\/uploads\/2026\/08\/Interproximal-Extension-for-Veneers-Hiding-Margins-Without-Overcontouring-4-1024x768.jpg\" alt=\"Extension interproximale pour facettes : masquer les marges sans surcontour\" class=\"wp-image-1650\" title=\"\" srcset=\"https:\/\/artistdentallab.com\/wp-content\/uploads\/2026\/08\/Interproximal-Extension-for-Veneers-Hiding-Margins-Without-Overcontouring-4-1024x768.jpg 1024w, https:\/\/artistdentallab.com\/wp-content\/uploads\/2026\/08\/Interproximal-Extension-for-Veneers-Hiding-Margins-Without-Overcontouring-4-300x225.jpg 300w, https:\/\/artistdentallab.com\/wp-content\/uploads\/2026\/08\/Interproximal-Extension-for-Veneers-Hiding-Margins-Without-Overcontouring-4-768x576.jpg 768w, https:\/\/artistdentallab.com\/wp-content\/uploads\/2026\/08\/Interproximal-Extension-for-Veneers-Hiding-Margins-Without-Overcontouring-4-16x12.jpg 16w, https:\/\/artistdentallab.com\/wp-content\/uploads\/2026\/08\/Interproximal-Extension-for-Veneers-Hiding-Margins-Without-Overcontouring-4-500x375.jpg 500w, https:\/\/artistdentallab.com\/wp-content\/uploads\/2026\/08\/Interproximal-Extension-for-Veneers-Hiding-Margins-Without-Overcontouring-4-600x450.jpg 600w, https:\/\/artistdentallab.com\/wp-content\/uploads\/2026\/08\/Interproximal-Extension-for-Veneers-Hiding-Margins-Without-Overcontouring-4.jpg 1448w\" sizes=\"(max-width: 1024px) 100vw, 1024px\" \/><\/figure>\n\n\n\n<h2 class=\"wp-block-heading\">Un cadre d\u00e9cisionnel pratique pour la pr\u00e9paration des facettes interproximales<\/h2>\n\n\n\n<p class=\"wp-block-paragraph\">Avant d'aller plus loin en amont, je poserais ces questions dans l'ordre.<\/p>\n\n\n\n<h3 class=\"wp-block-heading\">1. Le contact existant reste-t-il \u00e0 sa place ?<\/h3>\n\n\n\n<p class=\"wp-block-paragraph\">Si oui, une extension agressive pourrait n'apporter que peu d'avantages.<\/p>\n\n\n\n<p class=\"wp-block-paragraph\">Si ce n'est pas le cas, pr\u00e9cisez exactement o\u00f9 le contact final doit se d\u00e9placer.<\/p>\n\n\n\n<h3 class=\"wp-block-heading\">2. La facette modifie-t-elle la largeur de la dent ?<\/h3>\n\n\n\n<p class=\"wp-block-paragraph\">Une correction mineure de la largeur et une fermeture importante d'un diast\u00e8me ne constituent pas le m\u00eame probl\u00e8me th\u00e9rapeutique.<\/p>\n\n\n\n<h3 class=\"wp-block-heading\">3. La marge actuelle sera-t-elle visible ?<\/h3>\n\n\n\n<p class=\"wp-block-paragraph\">\u00c9valuez les angles de vision frontaux et obliques.<\/p>\n\n\n\n<p class=\"wp-block-paragraph\">Ne vous fiez pas uniquement \u00e0 la vue occlusale.<\/p>\n\n\n\n<h3 class=\"wp-block-heading\">4. Y a-t-il suffisamment de place pour la c\u00e9ramique ?<\/h3>\n\n\n\n<p class=\"wp-block-paragraph\">Comparez la pr\u00e9paration au mod\u00e8le en cire approuv\u00e9.<\/p>\n\n\n\n<p class=\"wp-block-paragraph\">Si l'on doit ajouter de la c\u00e9ramique en dehors de l'enveloppe pr\u00e9vue simplement parce que la structure dentaire occupe l'espace n\u00e9cessaire, cela signifie que la pr\u00e9paration n'a pas \u00e9t\u00e9 suffisamment r\u00e9duite au mauvais endroit.<\/p>\n\n\n\n<h3 class=\"wp-block-heading\">5. Quelle est la quantit\u00e9 d'\u00e9mail restante ?<\/h3>\n\n\n\n<p class=\"wp-block-paragraph\">Toute prolongation suppl\u00e9mentaire devrait justifier son co\u00fbt biologique.<\/p>\n\n\n\n<h3 class=\"wp-block-heading\">6. Le contour final peut-il \u00eatre nettoy\u00e9 ?<\/h3>\n\n\n\n<p class=\"wp-block-paragraph\">Une marge cach\u00e9e, entour\u00e9e d'un contour proximal volumineux propice \u00e0 l'accumulation de plaque dentaire, ne constitue pas une solution esth\u00e9tique satisfaisante.<\/p>\n\n\n\n<h3 class=\"wp-block-heading\">7. Le laboratoire parvient-il \u00e0 distinguer clairement la ligne d'arriv\u00e9e ?<\/h3>\n\n\n\n<p class=\"wp-block-paragraph\">Les marges qui se perdent dans le bruit de num\u00e9risation, les surfaces irr\u00e9guli\u00e8res ou une anatomie sous-gingivale mal captur\u00e9e ne s'am\u00e9liorent pas comme par magie simplement parce qu'elles sont invisibles pour le patient.<\/p>\n\n\n\n<h2 class=\"wp-block-heading\">Le meilleur plan de pr\u00e9paration pour les facettes, sur le plan esth\u00e9tique, d\u00e9pend de chaque cas particulier<\/h2>\n\n\n\n<p class=\"wp-block-paragraph\">Je sais que cette r\u00e9ponse est moins claire qu'un sch\u00e9ma.<\/p>\n\n\n\n<p class=\"wp-block-paragraph\">Mais la m\u00e9decine dentaire ne nous doit pas de r\u00e9ponses toutes faites.<\/p>\n\n\n\n<p class=\"wp-block-paragraph\">Une pr\u00e9paration faciale conservatrice peut s'av\u00e9rer id\u00e9ale pour une incisive centrale, mais totalement inadapt\u00e9e \u00e0 la dent lat\u00e9rale pivot\u00e9e qui se trouve \u00e0 c\u00f4t\u00e9.<\/p>\n\n\n\n<p class=\"wp-block-paragraph\">Une conception pr\u00e9servant les contacts peut donner d'excellents r\u00e9sultats lorsque la position des dents permet d\u00e9j\u00e0 d'obtenir le contour d\u00e9finitif.<\/p>\n\n\n\n<p class=\"wp-block-paragraph\">Une pr\u00e9paration prolong\u00e9e en direction linguale peut s'av\u00e9rer bien plus indiqu\u00e9e pour combler un diast\u00e8me, d\u00e9placer le contact, masquer une d\u00e9coloration proximale ou modifier l'orientation d'une dent.<\/p>\n\n\n\n<p class=\"wp-block-paragraph\">L'erreur consiste \u00e0 consid\u00e9rer l'un ou l'autre de ces \u00e9l\u00e9ments comme une doctrine.<\/p>\n\n\n\n<p class=\"wp-block-paragraph\"><strong>Concevez \u00e0 rebours.<\/strong><\/p>\n\n\n\n<p class=\"wp-block-paragraph\">Commencez par la dent choisie d'un commun accord par le patient et le praticien. \u00c9valuez l'espace n\u00e9cessaire \u00e0 sa restauration. D\u00e9terminez la limite \u00e0 partir de laquelle il est possible de proc\u00e9der \u00e0 la finition, \u00e0 la num\u00e9risation, au collage, au nettoyage et \u00e0 la protection visuelle. Pr\u00e9servez ensuite chaque microm\u00e8tre suppl\u00e9mentaire d'\u00e9mail qui ne fait pas obstacle \u00e0 cet objectif.<\/p>\n\n\n\n<p class=\"wp-block-paragraph\">C'est l\u00e0 un v\u00e9ritable travail de pr\u00e9paration en stratification conservatrice.<\/p>\n\n\n\n<p class=\"wp-block-paragraph\">Il ne s'agit pas simplement d'en faire moins.<\/p>\n\n\n\n<p class=\"wp-block-paragraph\">Se limiter \u00e0 ce que la restauration exige r\u00e9ellement.<\/p>\n\n\n\n<h2 class=\"wp-block-heading\">FAQ<\/h2>\n\n\n\n<h3 class=\"wp-block-heading\">Qu'est-ce que la pr\u00e9paration d'une facette interproximale ?<\/h3>\n\n\n\n<p class=\"wp-block-paragraph\">La pr\u00e9paration interproximale d'une facette consiste \u00e0 \u00e9tendre de mani\u00e8re contr\u00f4l\u00e9e la pr\u00e9paration d'une facette en c\u00e9ramique depuis la face vestibulaire vers les faces m\u00e9siale ou distale, afin que le praticien puisse positionner les marges, modifier les contacts, ajuster la largeur de la dent, cr\u00e9er un espace pour la c\u00e9ramique et masquer les limites de la restauration, tout en pr\u00e9servant autant d'\u00e9mail que le permet raisonnablement la correction esth\u00e9tique pr\u00e9vue.<\/p>\n\n\n\n<p class=\"wp-block-paragraph\">Elle peut s'arr\u00eater au niveau du contact, p\u00e9n\u00e9trer dans la zone de contact ou s'\u00e9tendre vers la face linguale au-del\u00e0 de celle-ci, en fonction de la position de la dent et de la restauration finale pr\u00e9vue.<\/p>\n\n\n\n<h3 class=\"wp-block-heading\">Jusqu'o\u00f9 les facettes doivent-elles s'\u00e9tendre au niveau des espaces interproximaux ?<\/h3>\n\n\n\n<p class=\"wp-block-paragraph\">Les facettes ne doivent s'\u00e9tendre en zone interproximale que dans la mesure n\u00e9cessaire pour placer le bord en dehors d'une zone visible ind\u00e9sirable, permettre le contact et le contour dentaire pr\u00e9vus, offrir un espace de restauration ad\u00e9quat et cr\u00e9er une ligne de finition que le clinicien et le laboratoire puissent g\u00e9rer sans retirer d'\u00e9mail sain suppl\u00e9mentaire n'apportant aucun b\u00e9n\u00e9fice esth\u00e9tique ou restaurateur significatif.<\/p>\n\n\n\n<p class=\"wp-block-paragraph\">Il n'existe pas de distance en millim\u00e8tres universelle, fond\u00e9e sur des donn\u00e9es probantes, qui convienne \u00e0 toutes les facettes.<\/p>\n\n\n\n<h3 class=\"wp-block-heading\">Faut-il toujours rompre les contacts interproximaux pour la pose de facettes ?<\/h3>\n\n\n\n<p class=\"wp-block-paragraph\">Les contacts interproximaux ne doivent pas \u00eatre syst\u00e9matiquement rompus pour chaque facette, car l'ouverture des contacts est un choix de pr\u00e9paration qui d\u00e9pend de chaque cas et qui est utilis\u00e9 lorsqu'un acc\u00e8s suppl\u00e9mentaire au laboratoire est n\u00e9cessaire pour masquer les marges, d\u00e9placer les contacts, fermer un diast\u00e8me, corriger une rotation, masquer un d\u00e9faut ou modifier consid\u00e9rablement le contour ; il ne s'agit pas d'une caract\u00e9ristique obligatoire d'une pr\u00e9paration r\u00e9ussie pour la pose de facettes en c\u00e9ramique.<\/p>\n\n\n\n<p class=\"wp-block-paragraph\">Lorsque le contact existant et la position des dents permettent d\u00e9j\u00e0 d'obtenir le r\u00e9sultat final souhait\u00e9, le fait de conserver ce contact peut permettre de pr\u00e9server davantage d'\u00e9mail.<\/p>\n\n\n\n<h3 class=\"wp-block-heading\">Comment \u00e9viter un surcontourage des facettes ?<\/h3>\n\n\n\n<p class=\"wp-block-paragraph\">Le meilleur moyen d'\u00e9viter un surcontour des facettes consiste \u00e0 concevoir d'abord la forme finale souhait\u00e9e de la dent, \u00e0 comparer ce contour \u00e0 l'\u00e9mail existant \u00e0 l'aide d'un modelage en cire ou d'un mock-up, puis \u00e0 cr\u00e9er de mani\u00e8re s\u00e9lective un espace de restauration l\u00e0 o\u00f9 la c\u00e9ramique risquerait sinon de d\u00e9border de l'enveloppe naturelle, en particulier au niveau des transitions faciale-proximale, des zones de contact, des zones d'\u00e9mergence cervicales et des angles des lignes de transition.<\/p>\n\n\n\n<p class=\"wp-block-paragraph\">L'objectif est de cr\u00e9er un espace ma\u00eetris\u00e9, et non de proc\u00e9der \u00e0 une r\u00e9duction aveugle.<\/p>\n\n\n\n<h3 class=\"wp-block-heading\">O\u00f9 faut-il placer les bords des facettes au niveau des espaces interdentaires ?<\/h3>\n\n\n\n<p class=\"wp-block-paragraph\">Les bords des facettes interproximales doivent \u00eatre positionn\u00e9s de mani\u00e8re \u00e0 rester visuellement prot\u00e9g\u00e9s, \u00e0 pouvoir \u00eatre clairement enregistr\u00e9s, \u00e0 \u00eatre fabriqu\u00e9s avec pr\u00e9cision, \u00e0 permettre un collage pr\u00e9visible et \u00e0 rester accessibles pour l'hygi\u00e8ne \u00e0 long terme, tout en permettant au technicien d'\u00e9tablir une forme de contact et une courbure proximale naturelles sans cr\u00e9er d'\u00e9paisseur excessive de c\u00e9ramique ni \u00e9tendre inutilement la ligne de finition sur la dentine.<\/p>\n\n\n\n<p class=\"wp-block-paragraph\">L'emplacement correct d\u00e9pend donc de la position finale de la dent plut\u00f4t que d'un sch\u00e9ma de pr\u00e9paration standardis\u00e9.<\/p>\n\n\n\n<h3 class=\"wp-block-heading\">Quelle est la meilleure technique de pr\u00e9paration pour les facettes sur le plan esth\u00e9tique ?<\/h3>\n\n\n\n<p class=\"wp-block-paragraph\">La meilleure conception de pr\u00e9paration pour facettes sur le plan esth\u00e9tique est celle qui pr\u00e9sente la g\u00e9om\u00e9trie la moins invasive possible, tout en offrant un espace suffisant pour la c\u00e9ramique choisie, en pr\u00e9servant autant que possible une bonne adh\u00e9rence \u00e0 l'\u00e9mail, en positionnant les marges \u00e0 l'\u00e9cart des zones visibles, en permettant au laboratoire de contr\u00f4ler les contacts et les angles de ligne, et en reproduisant la forme dentaire approuv\u00e9e par le patient sans surcontour des surfaces faciales ou proximales.<\/p>\n\n\n\n<p class=\"wp-block-paragraph\">Les conceptions de type \u00ab fen\u00eatre \u00bb, \u00ab \u00e0 joint bout \u00e0 bout \u00bb, \u00ab enveloppante \u00bb, \u00ab pr\u00e9servant le contact \u00bb et \u00ab rompant le contact \u00bb ont toutes des indications th\u00e9rapeutiques l\u00e9gitimes.<\/p>\n\n\n\n<h3 class=\"wp-block-heading\">L'E.max peut-il pallier un espace de pr\u00e9paration insuffisant pour les facettes ?<\/h3>\n\n\n\n<p class=\"wp-block-paragraph\">E.max ne peut pas compenser enti\u00e8rement un espace de pr\u00e9paration insuffisant pour la facette, car si le disilicate de lithium offre certes une r\u00e9sistance et une flexibilit\u00e9 optique utiles, la restauration n\u00e9cessite n\u00e9anmoins un volume tridimensionnel ad\u00e9quat pour le contour, la translucidit\u00e9, le masquage, les contacts, les marges et le profil d'\u00e9mergence ; le fait de placer de la c\u00e9ramique l\u00e0 o\u00f9 la structure dentaire occupe d\u00e9j\u00e0 le contour pr\u00e9vu modifie in\u00e9vitablement la forme externe de la restauration.<\/p>\n\n\n\n<p class=\"wp-block-paragraph\">Les propri\u00e9t\u00e9s des mat\u00e9riaux peuvent \u00e9largir les possibilit\u00e9s de conception.<\/p>\n\n\n\n<p class=\"wp-block-paragraph\">Ils ne peuvent pas abroger la g\u00e9om\u00e9trie.<\/p>\n\n\n\n<h3 class=\"wp-block-heading\">Que faut-il envoyer au laboratoire dentaire pour un cas de facettes ant\u00e9rieures ?<\/h3>\n\n\n\n<p class=\"wp-block-paragraph\">Un dossier de laboratoire concernant des facettes ant\u00e9rieures doit inclure les arcades pr\u00e9par\u00e9es et oppos\u00e9es, l'enregistrement occlusal, le scan pr\u00e9op\u00e9ratoire, la proth\u00e8se provisoire approuv\u00e9e ou le wax-up, les photographies de la pr\u00e9paration, les relev\u00e9s de teinte du moignon et de la teinte finale, les photographies faciales et en r\u00e9traction, le mat\u00e9riau de restauration, les informations relatives aux marges, les consignes de contact et les notes fonctionnelles, afin que le technicien puisse reproduire un plan approuv\u00e9 plut\u00f4t que d'interpr\u00e9ter des informations cliniques manquantes.<\/p>\n\n\n\n<p class=\"wp-block-paragraph\">Pour les extensions proximales complexes, les photos de pr\u00e9paration et un scan de conception valid\u00e9 s'av\u00e8rent particuli\u00e8rement utiles, car ils permettent de visualiser \u00e0 la fois l'espace disponible et le contact final pr\u00e9vu.<\/p>\n\n\n\n<h2 class=\"wp-block-heading\">Pr\u00e9voir la marge avant la pose de la c\u00e9ramique<\/h2>\n\n\n\n<p class=\"wp-block-paragraph\">L'extension interproximale ne doit jamais se transformer en un concours visant \u00e0 d\u00e9terminer jusqu'o\u00f9 une facette peut s'enrouler autour d'une dent.<\/p>\n\n\n\n<p class=\"wp-block-paragraph\">L'objectif le plus pertinent est plus pr\u00e9cis : <strong>masquer ce qui ne doit pas \u00eatre visible, pr\u00e9server ce qui n'a pas besoin d'\u00eatre retir\u00e9 et cr\u00e9er exactement l'espace n\u00e9cessaire \u00e0 l'anatomie naturelle de la c\u00e9ramique.<\/strong><\/p>\n\n\n\n<p class=\"wp-block-paragraph\">Si vous pr\u00e9voyez la pose de facettes ant\u00e9rieures en E.max, en E.max stratifi\u00e9, en feldspathique ou multi-unit\u00e9s et que vous souhaitez que le laboratoire \u00e9value les marges de pr\u00e9paration, la conception des contacts, l'espace de restauration disponible, la teinte du moignon et les fichiers num\u00e9riques avant la fabrication, veuillez envoyer le dossier du cas via le <a href=\"https:\/\/artistdentallab.com\/fr\/contact-us\/\">Page de contact d'Artist Dental Lab<\/a>.<\/p>\n\n\n\n<p class=\"wp-block-paragraph\">Envoyez le scan de la pr\u00e9paration.<\/p>\n\n\n\n<p class=\"wp-block-paragraph\">Envoyez le projet valid\u00e9.<\/p>\n\n\n\n<p class=\"wp-block-paragraph\">Envoyez les photos.<\/p>\n\n\n\n<p class=\"wp-block-paragraph\">Fournissez ensuite au technicien suffisamment d\u2019informations pour qu\u2019il puisse r\u00e9aliser la facette \u00e0 l\u2019int\u00e9rieur de l\u2019enveloppe dentaire pr\u00e9vue, et non pas autour d\u2019une pr\u00e9paration qui aurait pu \u00eatre \u00e9vit\u00e9e.<\/p>\n\n\n\n<p class=\"wp-block-paragraph\"><\/p>","protected":false},"excerpt":{"rendered":"<p>L'extension interproximale d'une facette ne consiste pas simplement \u00e0 repousser le bord vers la face linguale. Le v\u00e9ritable d\u00e9fi consiste \u00e0 masquer la limite de la restauration tout en pr\u00e9servant l'\u00e9mail, en cr\u00e9ant suffisamment d'espace pour la c\u00e9ramique, en ma\u00eetrisant les contacts proximaux et en \u00e9vitant les contours trop volumineux qui donnent un aspect artificiel \u00e0 des facettes par ailleurs magnifiques.<\/p>","protected":false},"author":1,"featured_media":1647,"comment_status":"open","ping_status":"open","sticky":false,"template":"","format":"standard","meta":{"footnotes":""},"categories":[22],"tags":[183,252,642,615,643,558,644,495],"class_list":["post-1646","post","type-post","status-publish","format-standard","has-post-thumbnail","hentry","category-dental-knowledge","tag-cosmetic-dentistry","tag-dental-veneers","tag-interproximal-veneer-preparation","tag-porcelain-veneer-preparation","tag-proximal-veneer-extension","tag-veneer-margin-placement","tag-veneer-overcontouring","tag-veneer-preparation"],"blocksy_meta":{"styles_descriptor":{"styles":{"desktop":"","tablet":"","mobile":""},"google_fonts":[],"version":7}},"_links":{"self":[{"href":"https:\/\/artistdentallab.com\/fr\/wp-json\/wp\/v2\/posts\/1646","targetHints":{"allow":["GET"]}}],"collection":[{"href":"https:\/\/artistdentallab.com\/fr\/wp-json\/wp\/v2\/posts"}],"about":[{"href":"https:\/\/artistdentallab.com\/fr\/wp-json\/wp\/v2\/types\/post"}],"author":[{"embeddable":true,"href":"https:\/\/artistdentallab.com\/fr\/wp-json\/wp\/v2\/users\/1"}],"replies":[{"embeddable":true,"href":"https:\/\/artistdentallab.com\/fr\/wp-json\/wp\/v2\/comments?post=1646"}],"version-history":[{"count":1,"href":"https:\/\/artistdentallab.com\/fr\/wp-json\/wp\/v2\/posts\/1646\/revisions"}],"predecessor-version":[{"id":1651,"href":"https:\/\/artistdentallab.com\/fr\/wp-json\/wp\/v2\/posts\/1646\/revisions\/1651"}],"wp:featuredmedia":[{"embeddable":true,"href":"https:\/\/artistdentallab.com\/fr\/wp-json\/wp\/v2\/media\/1647"}],"wp:attachment":[{"href":"https:\/\/artistdentallab.com\/fr\/wp-json\/wp\/v2\/media?parent=1646"}],"wp:term":[{"taxonomy":"category","embeddable":true,"href":"https:\/\/artistdentallab.com\/fr\/wp-json\/wp\/v2\/categories?post=1646"},{"taxonomy":"post_tag","embeddable":true,"href":"https:\/\/artistdentallab.com\/fr\/wp-json\/wp\/v2\/tags?post=1646"}],"curies":[{"name":"wp","href":"https:\/\/api.w.org\/{rel}","templated":true}]}}