{"id":1657,"date":"2026-08-13T03:37:51","date_gmt":"2026-08-13T03:37:51","guid":{"rendered":"https:\/\/artistdentallab.com\/"},"modified":"2026-08-13T03:42:28","modified_gmt":"2026-08-13T03:42:28","slug":"what-to-include-in-a-veneer-purchase-specification-for-premium-esthetic-results","status":"publish","type":"post","link":"https:\/\/artistdentallab.com\/fr\/what-to-include-in-a-veneer-purchase-specification-for-premium-esthetic-results\/","title":{"rendered":"\u00c9l\u00e9ments \u00e0 inclure dans un cahier des charges d'achat de facettes pour obtenir des r\u00e9sultats esth\u00e9tiques optimaux"},"content":{"rendered":"<p class=\"wp-block-paragraph\">Les sp\u00e9cifications emp\u00eachent les refontes.<\/p>\n\n\n\n<p class=\"wp-block-paragraph\">Un grave <strong>ordonnance du laboratoire de facettes<\/strong> Il convient d'indiquer au technicien non seulement la teinte souhait\u00e9e par le dentiste, mais aussi les performances attendues de la restauration sur les plans optique, dimensionnel, m\u00e9canique et esth\u00e9tique, une fois qu'une fine coque en c\u00e9ramique aura \u00e9t\u00e9 pos\u00e9e sur une pr\u00e9paration sp\u00e9cifique, un substrat, un ciment r\u00e9sineux et un sourire.<\/p>\n\n\n\n<p class=\"wp-block-paragraph\">Alors pourquoi continue-t-on \u00e0 commander des facettes haut de gamme avec des indications telles que \u201c A1, naturel, l\u00e9g\u00e8re translucidit\u00e9 \u201d ?<\/p>\n\n\n\n<p class=\"wp-block-paragraph\">Ce n'est pas une sp\u00e9cification haut de gamme.<\/p>\n\n\n\n<p class=\"wp-block-paragraph\">C'est une demande qui revient \u00e0 demander au technicien de deviner.<\/p>\n\n\n\n<p class=\"wp-block-paragraph\">Et je suis assez cat\u00e9gorique sur ce point : lorsqu'un client exige un rendu esth\u00e9tique haut de gamme tout en fournissant des informations sommaires, le laboratoire se retrouve confront\u00e9 \u00e0 un probl\u00e8me de contr\u00f4le qualit\u00e9 insoluble. Le technicien peut r\u00e9aliser une porcelaine d'excellente qualit\u00e9, mais m\u00eame la meilleure porcelaine ne peut pas compenser l'absence d'informations cliniques qui n'ont jamais \u00e9t\u00e9 consign\u00e9es.<\/p>\n\n\n\n<p class=\"wp-block-paragraph\">C'est important car les facettes ne constituent pas en soi des restaurations de routine. Une revue syst\u00e9matique et une m\u00e9ta-analyse de 2024, r\u00e9f\u00e9renc\u00e9es par la Biblioth\u00e8que nationale de m\u00e9decine des \u00c9tats-Unis et publi\u00e9es en 2025, ont \u00e9valu\u00e9 29 \u00e9tudes et ont fait \u00e9tat de taux de survie combin\u00e9s d'environ 10,4 ans de <strong>96.13% pour les facettes en feldspath et 96.81% pour les facettes en disilicate de lithium<\/strong>. Les auteurs n'ont constat\u00e9 aucune diff\u00e9rence significative sur le plan statistique en mati\u00e8re de survie, bien que le disilicate de lithium ait pr\u00e9sent\u00e9 des taux de complications \u00e0 long terme plus faibles selon les donn\u00e9es incluses dans l'\u00e9tude.<\/p>\n\n\n\n<p class=\"wp-block-paragraph\">Ces chiffres nous fournissent des informations utiles.<\/p>\n\n\n\n<p class=\"wp-block-paragraph\">Ce mat\u00e9riau est durable.<\/p>\n\n\n\n<p class=\"wp-block-paragraph\">Mais \u201c toujours bien fix\u00e9 apr\u00e8s dix ans \u201d n'est pas la m\u00eame chose que \u201c ressemble toujours \u00e0 une incisive centrale intacte \u201d.\u201d<\/p>\n\n\n\n<p class=\"wp-block-paragraph\">L'esth\u00e9tique haut de gamme exige des sp\u00e9cifications diff\u00e9rentes.<\/p>\n\n\n\n<figure class=\"wp-block-image size-large\"><img fetchpriority=\"high\" decoding=\"async\" width=\"1024\" height=\"683\" src=\"https:\/\/artistdentallab.com\/wp-content\/uploads\/2026\/08\/What-to-Include-in-a-Veneer-Purchase-Specification-for-Premium-Esthetic-Results-2-1024x683.jpg\" alt=\"\u00c9l\u00e9ments \u00e0 inclure dans un cahier des charges d&#039;achat de facettes pour obtenir des r\u00e9sultats esth\u00e9tiques optimaux\" class=\"wp-image-1659\" title=\"\" srcset=\"https:\/\/artistdentallab.com\/wp-content\/uploads\/2026\/08\/What-to-Include-in-a-Veneer-Purchase-Specification-for-Premium-Esthetic-Results-2-1024x683.jpg 1024w, https:\/\/artistdentallab.com\/wp-content\/uploads\/2026\/08\/What-to-Include-in-a-Veneer-Purchase-Specification-for-Premium-Esthetic-Results-2-300x200.jpg 300w, https:\/\/artistdentallab.com\/wp-content\/uploads\/2026\/08\/What-to-Include-in-a-Veneer-Purchase-Specification-for-Premium-Esthetic-Results-2-768x512.jpg 768w, https:\/\/artistdentallab.com\/wp-content\/uploads\/2026\/08\/What-to-Include-in-a-Veneer-Purchase-Specification-for-Premium-Esthetic-Results-2-18x12.jpg 18w, https:\/\/artistdentallab.com\/wp-content\/uploads\/2026\/08\/What-to-Include-in-a-Veneer-Purchase-Specification-for-Premium-Esthetic-Results-2-500x333.jpg 500w, https:\/\/artistdentallab.com\/wp-content\/uploads\/2026\/08\/What-to-Include-in-a-Veneer-Purchase-Specification-for-Premium-Esthetic-Results-2-600x400.jpg 600w, https:\/\/artistdentallab.com\/wp-content\/uploads\/2026\/08\/What-to-Include-in-a-Veneer-Purchase-Specification-for-Premium-Esthetic-Results-2.jpg 1536w\" sizes=\"(max-width: 1024px) 100vw, 1024px\" \/><\/figure>\n\n\n\n<h2 class=\"wp-block-heading\">Une prescription destin\u00e9e \u00e0 un laboratoire de facettes est un cahier des charges de fabrication, et non une demande de teinte<\/h2>\n\n\n\n<p class=\"wp-block-paragraph\">Le plus fort <strong>prescription de facettes en porcelaine<\/strong> divise le dossier en trois syst\u00e8mes :<\/p>\n\n\n\n<ol class=\"wp-block-list\">\n<li><strong>Comportement optique<\/strong> \u2014 valeur, chroma, teinte, opacit\u00e9, translucidit\u00e9, fluorescence, opalescence, halo, mamelons, saturation cervicale.<\/li>\n\n\n\n<li><strong>Morphologie tridimensionnelle<\/strong> \u2014 longueur et largeur de la dent, convexit\u00e9 faciale, angles de la ligne dentaire, embrasures, position des incisives, emplacement des contacts, profil d'\u00e9mergence.<\/li>\n\n\n\n<li><strong>Comportement de surface<\/strong> \u2014 macrotexture, microtexture, brillance s\u00e9lective, degr\u00e9 de polissage, largeur et r\u00e9partition de la r\u00e9flexion.<\/li>\n<\/ol>\n\n\n\n<p class=\"wp-block-paragraph\">Le guide actuel d'Artist Dental Lab sur <a href=\"https:\/\/artistdentallab.com\/fr\/writing-a-veneer-lab-prescription-for-natural-texture-and-light-behavior\/\">R\u00e9daction d'une prescription de laboratoire pour des facettes pr\u00e9sentant une texture naturelle et un comportement \u00e0 la lumi\u00e8re<\/a> fait la m\u00eame distinction utile : une prescription doit servir de cahier des charges de fabrication plut\u00f4t que de simple note de couleur.<\/p>\n\n\n\n<p class=\"wp-block-paragraph\">Cette distinction peut sembler purement th\u00e9orique, jusqu'\u00e0 ce qu'une affaire tourne mal.<\/p>\n\n\n\n<p class=\"wp-block-paragraph\">Un technicien re\u00e7oit \u201c BL2, texture naturelle \u201d.\u201d<\/p>\n\n\n\n<p class=\"wp-block-paragraph\">Que signifie le terme \u201c naturel \u201d ?<\/p>\n\n\n\n<p class=\"wp-block-paragraph\">Des lignes de transition m\u00e9siales et distales \u00e9troites ? Des p\u00e9rikymates cervicaux \u00e0 peine visibles ? Des lobes de d\u00e9veloppement verticaux prononc\u00e9s ? Un tiers moyen satin\u00e9 ? Un \u00e9mail jeune ? Un \u00e9mail mature ? Un halo incisal brillant ? Presque pas de halo ? Des incisives lat\u00e9rales douces ? Des incisives centrales dominantes ?<\/p>\n\n\n\n<p class=\"wp-block-paragraph\">Personne ne le sait.<\/p>\n\n\n\n<p class=\"wp-block-paragraph\">Cette expression semble pr\u00e9cise, car tout le monde en reconna\u00eet les mots. Techniquement, elle est presque vide de sens.<\/p>\n\n\n\n<h3 class=\"wp-block-heading\">Le cahier des charges d'achat doit d\u00e9finir le r\u00e9sultat avant de d\u00e9finir le mat\u00e9riau.<\/h3>\n\n\n\n<p class=\"wp-block-paragraph\">Je commencerais chaque cahier des charges esth\u00e9tique haut de gamme par l'objectif clinique :<\/p>\n\n\n\n<blockquote class=\"wp-block-quote is-layout-flow wp-block-quote-is-layout-flow\">\n<p class=\"wp-block-paragraph\">Restaurer les dents #6 \u00e0 #11 en privil\u00e9giant une int\u00e9gration naturelle plut\u00f4t qu\u2019un blanchiment uniforme. Pr\u00e9server la pr\u00e9dominance des incisives centrales. Conserver la position approuv\u00e9e du bord incisif. \u00c9viter que les incisives lat\u00e9rales soient identiques et \u00e9viter une luminosit\u00e9 faciale excessive.<\/p>\n<\/blockquote>\n\n\n\n<p class=\"wp-block-paragraph\">Cela permet au laboratoire de savoir ce que signifie la r\u00e9ussite.<\/p>\n\n\n\n<p class=\"wp-block-paragraph\">Ce n'est qu'ensuite que la prescription doit aborder les aspects li\u00e9s \u00e0 la teinte, \u00e0 la c\u00e9ramique, \u00e0 la translucidit\u00e9, \u00e0 la morphologie et \u00e0 la finition de surface.<\/p>\n\n\n\n<h2 class=\"wp-block-heading\">Les 12 crit\u00e8res que j'exigerais dans un cahier des charges pour l'achat de placages haut de gamme<\/h2>\n\n\n\n<p class=\"wp-block-paragraph\">Un professionnel <strong>ordonnance pour le laboratoire dentaire<\/strong> doit \u00eatre suffisamment d\u00e9taill\u00e9 pour qu'un autre technicien puisse comprendre le cas en question sans avoir \u00e0 se tenir aux c\u00f4t\u00e9s du clinicien.<\/p>\n\n\n\n<p class=\"wp-block-paragraph\">Voici le cadre de travail.<\/p>\n\n\n\n<figure class=\"wp-block-table\"><table class=\"has-fixed-layout\"><thead><tr><th>\u00c9l\u00e9ment du cahier des charges<\/th><th>Informations minimales \u00e0 fournir<\/th><th>Pourquoi est-ce important ?<\/th><\/tr><\/thead><tbody><tr><td>Objectif clinique<\/td><td>Dents concern\u00e9es, correction demand\u00e9e, priorit\u00e9 esth\u00e9tique<\/td><td>D\u00e9finit les objectifs que la restauration doit atteindre<\/td><\/tr><tr><td>Teinte finale<\/td><td>Syst\u00e8me de nuances et cible d\u00e9sign\u00e9s<\/td><td>Fournit une r\u00e9f\u00e9rence reproductible<\/td><\/tr><tr><td>Carte des valeurs<\/td><td>Brillance cervicale, corporelle et incisale<\/td><td>Permet de r\u00e9gler la luminosit\u00e9 per\u00e7ue avec plus de pr\u00e9cision qu\u2019un simple code de teinte<\/td><\/tr><tr><td>Ombrage de la souche<\/td><td>Une teinte de pr\u00e9paration sp\u00e9cifique pour chaque unit\u00e9<\/td><td>D\u00e9termine les exigences en mati\u00e8re de masquage et de translucidit\u00e9<\/td><\/tr><tr><td>Mat\u00e9riau<\/td><td>Feldspathique, disilicate de lithium, zircone ou autre mat\u00e9riau homologu\u00e9<\/td><td>Contr\u00f4le de la fabrication et des possibilit\u00e9s optiques<\/td><\/tr><tr><td>\u00c9paisseur<\/td><td>Espace c\u00e9ramique disponible par r\u00e9gion<\/td><td>Influence l'opacit\u00e9, l'intensit\u00e9 et la teinte finale<\/td><\/tr><tr><td>Translucidit\u00e9<\/td><td>Zones cervicale, m\u00e9diane et incisale<\/td><td>R\u00e9gule la profondeur et la vitalit\u00e9<\/td><\/tr><tr><td>Morphologie<\/td><td>Longueur, largeur, angles de ligne, points de contact, embrasures<\/td><td>D\u00e9finit la forme visible de la dent<\/td><\/tr><tr><td>Texture<\/td><td>Macrotexture et microtexture par zone<\/td><td>Influence la r\u00e9flexion et le r\u00e9alisme per\u00e7u<\/td><\/tr><tr><td>Gloss<\/td><td>\u00c9lev\u00e9, moyen, s\u00e9lectif ou adapt\u00e9 aux r\u00e9f\u00e9rences<\/td><td>Modifie la largeur du reflet et la valeur per\u00e7ue<\/td><\/tr><tr><td>Fiches de r\u00e9f\u00e9rence<\/td><td>Photos, vid\u00e9os, num\u00e9risations, \u00e9chantillons provisoires, nuanciers<\/td><td>Fournit au technicien des preuves visuelles<\/td><\/tr><tr><td>Crit\u00e8res d'acceptation<\/td><td>Ce qui peut \u00eatre modifi\u00e9 et ce qui n\u00e9cessite une autorisation<\/td><td>Emp\u00eache toute interpr\u00e9tation non autoris\u00e9e<\/td><\/tr><\/tbody><\/table><\/figure>\n\n\n\n<p class=\"wp-block-paragraph\">C'est l\u00e0 toute la diff\u00e9rence entre commander des \u201c facettes \u201d et obtenir un r\u00e9sultat esth\u00e9tique ma\u00eetris\u00e9.<\/p>\n\n\n\n<h2 class=\"wp-block-heading\">Sp\u00e9cifications relatives aux teintes des placages : ne plus consid\u00e9rer la teinte A1 comme une couleur \u00e0 part enti\u00e8re<\/h2>\n\n\n\n<p class=\"wp-block-paragraph\">Les languettes de r\u00e9glage de l'ombrage sont pratiques.<\/p>\n\n\n\n<p class=\"wp-block-paragraph\">On leur accorde \u00e9galement une confiance excessive.<\/p>\n\n\n\n<p class=\"wp-block-paragraph\">Une d\u00e9signation de teinte telle que \u00ab VITA Classical A1 \u00bb ou \u00ab VITA 3D-Master 1M2 \u00bb ne permet pas \u00e0 elle seule de d\u00e9crire le chroma cervical, la valeur du tiers moyen, la translucidit\u00e9 incisale, la couleur du moignon, l'\u00e9paisseur de la c\u00e9ramique, la fluorescence, la texture de surface ou l'influence du ciment r\u00e9sineux.<\/p>\n\n\n\n<p class=\"wp-block-paragraph\">C'est pourquoi le guide d\u00e9taill\u00e9 du site consacr\u00e9 \u00e0 <a href=\"https:\/\/artistdentallab.com\/fr\/why-value-matters-more-than-the-shade-tab-in-veneer-esthetics\/\">Pourquoi la valeur est plus importante que l'onglet \u00ab teinte \u00bb dans l'esth\u00e9tique des facettes<\/a> est indispensable dans tout processus de conception de placages digne de ce nom.<\/p>\n\n\n\n<h3 class=\"wp-block-heading\">D\u00e9finissez d'abord la valeur avant de vous focaliser sur la teinte<\/h3>\n\n\n\n<p class=\"wp-block-paragraph\">La valeur correspond \u00e0 la clart\u00e9 ou \u00e0 l'obscurit\u00e9 relative de la dent.<\/p>\n\n\n\n<p class=\"wp-block-paragraph\">Et les erreurs de calcul ne pardonnent pas.<\/p>\n\n\n\n<p class=\"wp-block-paragraph\">Une facette peut, d'un point de vue technique, appartenir \u00e0 la bonne gamme de teintes et pourtant para\u00eetre manifestement inappropri\u00e9e, car son tiers central refl\u00e8te trop la lumi\u00e8re. Une convexit\u00e9 faciale prononc\u00e9e, un brillant excessif et des lignes de transition larges peuvent donner \u00e0 cette m\u00eame restauration un aspect encore plus clair.<\/p>\n\n\n\n<p class=\"wp-block-paragraph\">C'est pourquoi je voudrais consigner par \u00e9crit :<\/p>\n\n\n\n<ul class=\"wp-block-list\">\n<li>Valeur cervicale<\/li>\n\n\n\n<li>Valeur du tiers m\u00e9dian<\/li>\n\n\n\n<li>Valeur incisale<\/li>\n\n\n\n<li>Chroma cervical<\/li>\n\n\n\n<li>Famille Hue<\/li>\n\n\n\n<li>Translucidit\u00e9 incisale<\/li>\n\n\n\n<li>Caract\u00e9risation locale (blanc ou ambr\u00e9)<\/li>\n\n\n\n<li>Intensit\u00e9 souhait\u00e9e du halo<\/li>\n\n\n\n<li>R\u00e9f\u00e9rence \u00e0 la dent adjacente<\/li>\n\n\n\n<li>Photo finale de l'\u00e9chantillon de teinte<\/li>\n<\/ul>\n\n\n\n<p class=\"wp-block-paragraph\">Une \u00e9tude de synth\u00e8se de 2022 r\u00e9pertori\u00e9e dans PubMed Central a indiqu\u00e9 que l'association de <strong>photographie num\u00e9rique et mesures spectrophotom\u00e9triques<\/strong> pourrait permettre de r\u00e9duire les diff\u00e9rences de couleur et les erreurs de correspondance des teintes par rapport \u00e0 des m\u00e9thodes moins contr\u00f4l\u00e9es.<\/p>\n\n\n\n<p class=\"wp-block-paragraph\">Mais les instruments ne sont pas magiques.<\/p>\n\n\n\n<p class=\"wp-block-paragraph\">Une autre \u00e9tude clinique a mis en \u00e9vidence des diff\u00e9rences li\u00e9es \u00e0 la m\u00e9thode utilis\u00e9e entre la correspondance des teintes par observation visuelle et par spectrophotom\u00e9trie ; c\u2019est pr\u00e9cis\u00e9ment pour cette raison que je rejette l\u2019argument selon lequel un appareil seul pourrait se substituer au jugement clinique. La m\u00e9thode la plus fiable combine des r\u00e9f\u00e9rences de teintes nomm\u00e9es, des mesures objectives lorsque celles-ci sont disponibles, des photographies calibr\u00e9es et une confirmation visuelle humaine.<\/p>\n\n\n\n<h3 class=\"wp-block-heading\">Notez la couleur de chaque souche<\/h3>\n\n\n\n<p class=\"wp-block-paragraph\">C'est une condition incontournable pour la c\u00e9ramique fine.<\/p>\n\n\n\n<p class=\"wp-block-paragraph\">Une cible BL3 finale pos\u00e9e sur une pr\u00e9paration en \u00e9mail clair et la m\u00eame cible BL3 pos\u00e9e sur un moignon fonc\u00e9 ayant subi un traitement endodontique ne posent pas le m\u00eame probl\u00e8me de fabrication.<\/p>\n\n\n\n<p class=\"wp-block-paragraph\">La c\u00e9ramique fine laisse passer la lumi\u00e8re.<\/p>\n\n\n\n<p class=\"wp-block-paragraph\">La pr\u00e9paration sous-jacente, l'\u00e9paisseur de la c\u00e9ramique et la couche de ciment font partie int\u00e9grante du syst\u00e8me optique final.<\/p>\n\n\n\n<p class=\"wp-block-paragraph\">Si les unit\u00e9s #8 et #9 ont des substrats diff\u00e9rents, indiquez deux nuances de tronc.<\/p>\n\n\n\n<p class=\"wp-block-paragraph\">N'\u00e9crivez pas \u201c souches : environ ND2 \u201d.\u201d<\/p>\n\n\n\n<p class=\"wp-block-paragraph\">Photographiez-les un par un.<\/p>\n\n\n\n<h2 class=\"wp-block-heading\">Le choix du mat\u00e9riau des facettes doit \u00eatre adapt\u00e9 au probl\u00e8me esth\u00e9tique<\/h2>\n\n\n\n<p class=\"wp-block-paragraph\">Le <strong>s\u00e9lection des mat\u00e9riaux de placage<\/strong> Il ne faut jamais remplir cette ligne par habitude.<\/p>\n\n\n\n<p class=\"wp-block-paragraph\">\u201c Utilisez E.max \u201d ne constitue pas un diagnostic.<\/p>\n\n\n\n<p class=\"wp-block-paragraph\">Le disilicate de lithium, g\u00e9n\u00e9ralement repr\u00e9sent\u00e9 par la phase cristalline <strong>Li\u2082Si\u2082O\u2085<\/strong>, allie r\u00e9sistance et contr\u00f4le optique, ce qui explique son succ\u00e8s. Les c\u00e9ramiques feldspathiques sont des syst\u00e8mes riches en verre qui contiennent g\u00e9n\u00e9ralement des oxydes tels que <strong>SiO\u2082, Al\u2082O\u2083, K\u2082O et Na\u2082O<\/strong>. La zircone est principalement <strong>ZrO\u2082<\/strong>, g\u00e9n\u00e9ralement stabilis\u00e9s \u00e0 l'aide d'oxydes suppl\u00e9mentaires.<\/p>\n\n\n\n<p class=\"wp-block-paragraph\">Ces diff\u00e9rences de chimie ont leur importance.<\/p>\n\n\n\n<p class=\"wp-block-paragraph\">Mais la chimie \u00e0 elle seule ne nous permet pas de d\u00e9terminer quel mat\u00e9riau convient \u00e0 une bouche en particulier.<\/p>\n\n\n\n<h3 class=\"wp-block-heading\">Pr\u00e9cisez ce que le support doit permettre de r\u00e9aliser<\/h3>\n\n\n\n<p class=\"wp-block-paragraph\">Le cahier des charges d'achat doit pr\u00e9ciser :<\/p>\n\n\n\n<ul class=\"wp-block-list\">\n<li>Obligation de porter un masque<\/li>\n\n\n\n<li>R\u00e9duction disponible<\/li>\n\n\n\n<li>Translucidit\u00e9 souhait\u00e9e<\/li>\n\n\n\n<li>Caract\u00e9risation interne souhait\u00e9e<\/li>\n\n\n\n<li>Libert\u00e9 requise en mati\u00e8re de texture de surface<\/li>\n\n\n\n<li>Couleur actuelle du support<\/li>\n\n\n\n<li>Dentition oppos\u00e9e<\/li>\n\n\n\n<li>Probl\u00e8mes fonctionnels<\/li>\n\n\n\n<li>Les restaurations doivent-elles s'harmoniser avec les \u00e9l\u00e9ments en c\u00e9ramique existants ?<\/li>\n\n\n\n<li>La question de savoir si une approche monolithique ou par couches est acceptable<\/li>\n<\/ul>\n\n\n\n<p class=\"wp-block-paragraph\">Un cas n\u00e9cessitant un masquage important pose un probl\u00e8me diff\u00e9rent de celui d'un cas d'\u00e9mail peu pr\u00e9par\u00e9 exigeant une grande translucidit\u00e9.<\/p>\n\n\n\n<p class=\"wp-block-paragraph\">De m\u00eame, le disilicate de lithium \u00ab full-contour \u00bb et le disilicate de lithium \u00ab en couches \u00bb ne constituent pas des approches esth\u00e9tiquement identiques. La comparaison r\u00e9alis\u00e9e par Artist Dental Lab entre <a href=\"https:\/\/artistdentallab.com\/fr\/full-e-max-veneers-vs-layered-e-max-veneers-what-is-the-real-difference\/\">Facettes E.max monoblocs vs facettes E.max stratifi\u00e9es<\/a> Cela s'av\u00e8re utile lorsqu'un acheteur doit d\u00e9terminer s'il convient de privil\u00e9gier la reproductibilit\u00e9 ou une plus grande libert\u00e9 de caract\u00e9risation.<\/p>\n\n\n\n<p class=\"wp-block-paragraph\">L'erreur, c'est de se demander : \u201c Quelle c\u00e9ramique est la meilleure ? \u201d<\/p>\n\n\n\n<p class=\"wp-block-paragraph\">Le meilleur pour quoi ?<\/p>\n\n\n\n<h2 class=\"wp-block-heading\">C'est au niveau des sp\u00e9cifications relatives \u00e0 la texture de la surface du placage que les \u00e9tuis haut de gamme se distinguent des autres<\/h2>\n\n\n\n<p class=\"wp-block-paragraph\">La texture est souvent consid\u00e9r\u00e9e comme un simple d\u00e9tail de finition.<\/p>\n\n\n\n<p class=\"wp-block-paragraph\">Ce n'est pas le cas.<\/p>\n\n\n\n<p class=\"wp-block-paragraph\">L'\u00e9mail naturel est principalement compos\u00e9 d'hydroxyapatite, <strong>Ca\u2081\u2080(PO\u2084)\u2086(OH)\u2082<\/strong>, mais l'observateur ne per\u00e7oit pas une incisive centrale comme une formule chimique. L'\u0153il per\u00e7oit la lumi\u00e8re qui se refl\u00e8te sur les convexit\u00e9s, les lobes de d\u00e9veloppement, les lignes de transition, les d\u00e9pressions peu profondes, les facettes d'usure et les zones pr\u00e9sentant des brillances diff\u00e9rentes.<\/p>\n\n\n\n<p class=\"wp-block-paragraph\">Deux facettes peuvent avoir la m\u00eame teinte nominale tout en pr\u00e9sentant un aspect radicalement diff\u00e9rent.<\/p>\n\n\n\n<p class=\"wp-block-paragraph\">Le guide d'Artist Dental Lab sur <a href=\"https:\/\/artistdentallab.com\/fr\/surface-texture-in-veneers-matching-age-expression-and-personality\/\">texture de surface du placage qui conf\u00e8re vieillissement, caract\u00e8re et personnalit\u00e9<\/a> explique pourquoi les angles des traits, les lobes faciaux, la microtexture et la brillance modifient la perception de la largeur, de la luminosit\u00e9, de l'\u00e2ge et de la sym\u00e9trie.<\/p>\n\n\n\n<h3 class=\"wp-block-heading\">Ne prescrivez pas \u201c texture moyenne \u201d<\/h3>\n\n\n\n<p class=\"wp-block-paragraph\">D\u00e9finir des zones.<\/p>\n\n\n\n<p class=\"wp-block-paragraph\">Par exemple :<\/p>\n\n\n\n<p class=\"wp-block-paragraph\"><strong>Troisi\u00e8me cervical<\/strong><\/p>\n\n\n\n<ul class=\"wp-block-list\">\n<li>\u00c9mergence en douceur<\/li>\n\n\n\n<li>Microtexture horizontale minimale<\/li>\n\n\n\n<li>Brillance mod\u00e9r\u00e9e<\/li>\n\n\n\n<li>Pas de bombement cervical excessif<\/li>\n<\/ul>\n\n\n\n<p class=\"wp-block-paragraph\"><strong>Tiers central<\/strong><\/p>\n\n\n\n<ul class=\"wp-block-list\">\n<li>Lobes de d\u00e9veloppement verticaux souples<\/li>\n\n\n\n<li>Zone r\u00e9fl\u00e9chissante centrale \u00e9troite<\/li>\n\n\n\n<li>Lignes de transition m\u00e9siale et distale l\u00e9g\u00e8rement \u00e0 l'int\u00e9rieur du contour maximal<\/li>\n\n\n\n<li>Microtexture faible \u00e0 mod\u00e9r\u00e9e<\/li>\n<\/ul>\n\n\n\n<p class=\"wp-block-paragraph\"><strong>Tiers incisif<\/strong><\/p>\n\n\n\n<ul class=\"wp-block-list\">\n<li>Translucidit\u00e9 contr\u00f4l\u00e9e<\/li>\n\n\n\n<li>Halo subtil<\/li>\n\n\n\n<li>Irr\u00e9gularit\u00e9 incisale att\u00e9nu\u00e9e<\/li>\n\n\n\n<li>Pas de mamelons trop pro\u00e9minents<\/li>\n\n\n\n<li>R\u00e9flexion de surface l\u00e9g\u00e8rement perturb\u00e9e<\/li>\n<\/ul>\n\n\n\n<p class=\"wp-block-paragraph\">D\u00e9sormais, un c\u00e9ramiste dispose d'instructions.<\/p>\n\n\n\n<h3 class=\"wp-block-heading\">Les angles des lignes doivent figurer dans le cahier des charges<\/h3>\n\n\n\n<p class=\"wp-block-paragraph\">Il s'agit de l'une des techniques les moins utilis\u00e9es en dentisterie esth\u00e9tique.<\/p>\n\n\n\n<p class=\"wp-block-paragraph\">Si l'on d\u00e9place les lignes de transition du visage vers l'ext\u00e9rieur, la dent para\u00eet plus large.<\/p>\n\n\n\n<p class=\"wp-block-paragraph\">Si on les d\u00e9place vers l'int\u00e9rieur, cette m\u00eame dimension m\u00e9siodistale peut para\u00eetre plus \u00e9troite.<\/p>\n\n\n\n<p class=\"wp-block-paragraph\">Cela signifie qu'un patient m\u00e9content qui dit \u201c ces facettes centrales semblent trop grandes \u201d n'a peut-\u00eatre pas besoin de facettes plus courtes ou plus \u00e9troites. Il se peut simplement que la largeur de r\u00e9flexion soit incorrecte.<\/p>\n\n\n\n<p class=\"wp-block-paragraph\">La sp\u00e9cification devrait donc d\u00e9finir \u00e0 la fois <strong>dimensions physiques et dimensions optiques<\/strong>.<\/p>\n\n\n\n<p class=\"wp-block-paragraph\">C'est un langage d'achat bien plus sophistiqu\u00e9.<\/p>\n\n\n\n<figure class=\"wp-block-image size-large\"><img decoding=\"async\" width=\"1024\" height=\"683\" src=\"https:\/\/artistdentallab.com\/wp-content\/uploads\/2026\/08\/What-to-Include-in-a-Veneer-Purchase-Specification-for-Premium-Esthetic-Results-3-1024x683.jpg\" alt=\"\u00c9l\u00e9ments \u00e0 inclure dans un cahier des charges d&#039;achat de facettes pour obtenir des r\u00e9sultats esth\u00e9tiques optimaux\" class=\"wp-image-1660\" title=\"\" srcset=\"https:\/\/artistdentallab.com\/wp-content\/uploads\/2026\/08\/What-to-Include-in-a-Veneer-Purchase-Specification-for-Premium-Esthetic-Results-3-1024x683.jpg 1024w, https:\/\/artistdentallab.com\/wp-content\/uploads\/2026\/08\/What-to-Include-in-a-Veneer-Purchase-Specification-for-Premium-Esthetic-Results-3-300x200.jpg 300w, https:\/\/artistdentallab.com\/wp-content\/uploads\/2026\/08\/What-to-Include-in-a-Veneer-Purchase-Specification-for-Premium-Esthetic-Results-3-768x512.jpg 768w, https:\/\/artistdentallab.com\/wp-content\/uploads\/2026\/08\/What-to-Include-in-a-Veneer-Purchase-Specification-for-Premium-Esthetic-Results-3-18x12.jpg 18w, https:\/\/artistdentallab.com\/wp-content\/uploads\/2026\/08\/What-to-Include-in-a-Veneer-Purchase-Specification-for-Premium-Esthetic-Results-3-500x333.jpg 500w, https:\/\/artistdentallab.com\/wp-content\/uploads\/2026\/08\/What-to-Include-in-a-Veneer-Purchase-Specification-for-Premium-Esthetic-Results-3-600x400.jpg 600w, https:\/\/artistdentallab.com\/wp-content\/uploads\/2026\/08\/What-to-Include-in-a-Veneer-Purchase-Specification-for-Premium-Esthetic-Results-3.jpg 1536w\" sizes=\"(max-width: 1024px) 100vw, 1024px\" \/><\/figure>\n\n\n\n<h2 class=\"wp-block-heading\">La g\u00e9om\u00e9trie de la pr\u00e9paration doit correspondre \u00e0 celle de la restauration command\u00e9e<\/h2>\n\n\n\n<p class=\"wp-block-paragraph\">Un laboratoire ne peut pas fabriquer une facette fine, d'aspect naturel et aux contours pr\u00e9cis si la pr\u00e9paration lui conf\u00e8re une enveloppe spatiale inadapt\u00e9e.<\/p>\n\n\n\n<p class=\"wp-block-paragraph\">Cela est particuli\u00e8rement \u00e9vident au niveau proximal.<\/p>\n\n\n\n<p class=\"wp-block-paragraph\">Le guide d'Artist Dental Lab sur <a href=\"https:\/\/artistdentallab.com\/fr\/interproximal-extension-for-veneers-hiding-margins-without-overcontouring\/\">extension interproximale pour facettes sans surcontournage<\/a> explique pourquoi la position de contact, les exigences en mati\u00e8re de masquage, l'espace c\u00e9ramique, la trajectoire d'insertion et la pr\u00e9servation de l'\u00e9mail doivent \u00eatre pris en compte conjointement.<\/p>\n\n\n\n<p class=\"wp-block-paragraph\">L'acheteur doit donc indiquer :<\/p>\n\n\n\n<ul class=\"wp-block-list\">\n<li>Que les contacts soient maintenus ou non<\/li>\n\n\n\n<li>La question de savoir si les contacts doivent se d\u00e9placer<\/li>\n\n\n\n<li>Que les diast\u00e8mes soient combl\u00e9s ou non<\/li>\n\n\n\n<li>La largeur des dents \u00e9volue-t-elle ?<\/li>\n\n\n\n<li>\u00c0 l'endroit o\u00f9 les marges proximales prennent fin<\/li>\n\n\n\n<li>Faut-il masquer le substrat fonc\u00e9 ?<\/li>\n\n\n\n<li>Lorsque la pr\u00e9paration reste dans l'\u00e9mail<\/li>\n\n\n\n<li>S'il existe des restrictions relatives au chemin d'insertion<\/li>\n<\/ul>\n\n\n\n<p class=\"wp-block-paragraph\">Et lorsque les dents sont d\u00e9j\u00e0 tr\u00e8s saillantes, le probl\u00e8me devient encore plus complexe.<\/p>\n\n\n\n<p class=\"wp-block-paragraph\">L'analyse effectu\u00e9e par le site sur <a href=\"https:\/\/artistdentallab.com\/fr\/veneer-preparation-for-protrusive-teeth-managing-profile-and-lip-support\/\">Pr\u00e9paration des facettes pour les dents en protrusion et le soutien des l\u00e8vres<\/a> consid\u00e8re \u00e0 juste titre le volume du visage comme un probl\u00e8me tridimensionnel, plut\u00f4t que de recommander syst\u00e9matiquement l'ajout de c\u00e9ramique.<\/p>\n\n\n\n<p class=\"wp-block-paragraph\">\u00catre mince ne signifie pas forc\u00e9ment \u00eatre conservateur.<\/p>\n\n\n\n<p class=\"wp-block-paragraph\">Parfois, ajouter 0,5 mm au mauvais endroit suffit \u00e0 donner un aspect artificiel \u00e0 un placage qui, sans cela, serait parfait.<\/p>\n\n\n\n<h2 class=\"wp-block-heading\">Les photographies font partie int\u00e9grante du cahier des charges, ce ne sont pas de simples \u00e9l\u00e9ments d\u00e9coratifs<\/h2>\n\n\n\n<p class=\"wp-block-paragraph\">Je rejette l'id\u00e9e selon laquelle une proth\u00e8se ant\u00e9rieure haut de gamme puisse \u00eatre correctement con\u00e7ue \u00e0 partir d'un fichier STL et d'un seul code de teinte.<\/p>\n\n\n\n<p class=\"wp-block-paragraph\">Un scan restitue tr\u00e8s fid\u00e8lement la g\u00e9om\u00e9trie.<\/p>\n\n\n\n<p class=\"wp-block-paragraph\">Elle ne couvre pas tout le visage.<\/p>\n\n\n\n<p class=\"wp-block-paragraph\">Pour la version premium <strong>Sp\u00e9cifications des facettes esth\u00e9tiques<\/strong>, j'aurais besoin de :<\/p>\n\n\n\n<ul class=\"wp-block-list\">\n<li>Photo de face en position de repos<\/li>\n\n\n\n<li>Photo montrant un sourire naturel et \u00e9clatant<\/li>\n\n\n\n<li>Photo avec un grand sourire<\/li>\n\n\n\n<li>Vue de face avec la m\u00e2choire r\u00e9tract\u00e9e<\/li>\n\n\n\n<li>Vues obliques avec r\u00e9traction \u00e0 droite et \u00e0 gauche<\/li>\n\n\n\n<li>Vue de profil<\/li>\n\n\n\n<li>Vues du visage \u00e0 45 degr\u00e9s<\/li>\n\n\n\n<li>Photo de l'onglet \u00ab Ombre \u00bb<\/li>\n\n\n\n<li>Photographies individuelles de l'ombre projet\u00e9e par une souche<\/li>\n\n\n\n<li>Photographie en gros plan \u00e0 la lumi\u00e8re r\u00e9fl\u00e9chie<\/li>\n\n\n\n<li>Image \u00e0 polarisation crois\u00e9e, le cas \u00e9ch\u00e9ant<\/li>\n\n\n\n<li>Maquette valid\u00e9e ou photographies provisoires<\/li>\n\n\n\n<li>STL provisoire approuv\u00e9<\/li>\n\n\n\n<li>Courte vid\u00e9o pr\u00e9sentant un sourire et une \u00e9locution naturels pour les cas complexes<\/li>\n<\/ul>\n\n\n\n<p class=\"wp-block-paragraph\">Pourquoi autant ?<\/p>\n\n\n\n<p class=\"wp-block-paragraph\">En effet, un technicien qui se base uniquement sur un scan intra-oral ne peut pas \u00e9valuer la mobilit\u00e9 des l\u00e8vres, les relations de la ligne m\u00e9diane faciale, la dynamique du sourire, ni d\u00e9terminer si un bord incisif qui semble correct sur le mod\u00e8le num\u00e9rique dispara\u00eet lorsque le patient parle.<\/p>\n\n\n\n<p class=\"wp-block-paragraph\">L'article sur <a href=\"https:\/\/artistdentallab.com\/fr\/what-veneer-case-photos-reveal-about-a-labs-true-esthetic-skill\/\">Ce que les photos de cas de facettes r\u00e9v\u00e8lent sur les v\u00e9ritables comp\u00e9tences esth\u00e9tiques d'un laboratoire<\/a> Cela vient renforcer ce m\u00eame point : l'ombre du moignon, la r\u00e9partition des valeurs, la translucidit\u00e9, la brillance, la longueur des dents, les angles des lignes et la forme provisoire approuv\u00e9e font tous partie int\u00e9grante du dossier de communication.<\/p>\n\n\n\n<h2 class=\"wp-block-heading\">La version provisoire approuv\u00e9e devrait devenir une r\u00e9f\u00e9rence contr\u00f4l\u00e9e<\/h2>\n\n\n\n<p class=\"wp-block-paragraph\">C'est \u00e0 ce stade que de nombreux dossiers perdent discr\u00e8tement des informations.<\/p>\n\n\n\n<p class=\"wp-block-paragraph\">Le patient donne son accord pour les proth\u00e8ses provisoires.<\/p>\n\n\n\n<p class=\"wp-block-paragraph\">Tout le monde fait la f\u00eate.<\/p>\n\n\n\n<p class=\"wp-block-paragraph\">Le laboratoire re\u00e7oit alors des \u00e9chantillons sans explication pr\u00e9cise sur ce que le patient a exactement appr\u00e9ci\u00e9.<\/p>\n\n\n\n<p class=\"wp-block-paragraph\">Cela revient \u00e0 gaspiller l'un des meilleurs \u00e9l\u00e9ments de preuve de tout le processus.<\/p>\n\n\n\n<p class=\"wp-block-paragraph\">Indiquez si le laboratoire doit :<\/p>\n\n\n\n<ul class=\"wp-block-list\">\n<li>Copier exactement la longueur provisoire<\/li>\n\n\n\n<li>Reproduire fid\u00e8lement le contour du visage<\/li>\n\n\n\n<li>Pr\u00e9server la position dominante au centre<\/li>\n\n\n\n<li>Copier la position incisale tout en affinant la texture<\/li>\n\n\n\n<li>Assurer la progression des embrasures<\/li>\n\n\n\n<li>R\u00e9duire la pr\u00e9dominance des incisives lat\u00e9rales<\/li>\n\n\n\n<li>Modifier le contour cervical<\/li>\n\n\n\n<li>Ignorer la nuance provisoire<\/li>\n\n\n\n<li>Conserver ou modifier les angles des lignes<\/li>\n<\/ul>\n\n\n\n<p class=\"wp-block-paragraph\">Et consignez ce que le patient <strong>n'a pas<\/strong> genre.<\/p>\n\n\n\n<p class=\"wp-block-paragraph\">\u201c Le patient approuve la longueur, mais souhaite des angles plus arrondis et des incisives lat\u00e9rales moins saillantes \u201d est bien plus utile que \u201c copier le provisoire \u201d.\u201d<\/p>\n\n\n\n<h2 class=\"wp-block-heading\">Int\u00e9grer les crit\u00e8res d'acceptation dans le bon de commande<\/h2>\n\n\n\n<p class=\"wp-block-paragraph\">C'est la partie que les \u00e9quipes d'approvisionnement comprennent d'embl\u00e9e.<\/p>\n\n\n\n<p class=\"wp-block-paragraph\">Un cahier des charges de restauration haut de gamme doit comporter des crit\u00e8res d'acceptation mesurables.<\/p>\n\n\n\n<p class=\"wp-block-paragraph\">Sinon, \u201c premium \u201d devient un simple adjectif marketing.<\/p>\n\n\n\n<h3 class=\"wp-block-heading\">Les crit\u00e8res de contr\u00f4le qualit\u00e9 esth\u00e9tique peuvent inclure<\/h3>\n\n\n\n<ul class=\"wp-block-list\">\n<li>Num\u00e9ros de dents corrects<\/li>\n\n\n\n<li>Dimensions d\u00e9finitives approuv\u00e9es<\/li>\n\n\n\n<li>Mat\u00e9riau et classe de translucidit\u00e9 corrects<\/li>\n\n\n\n<li>Niveau de teinte compris dans la fourchette clinique cible convenue<\/li>\n\n\n\n<li>Les nuances de souches, consid\u00e9r\u00e9es individuellement<\/li>\n\n\n\n<li>Orientation par rapport \u00e0 la ligne m\u00e9diane maintenue<\/li>\n\n\n\n<li>Position du bord incisif conforme au mod\u00e8le approuv\u00e9<\/li>\n\n\n\n<li>Pr\u00e9servation de la dominance centrale<\/li>\n\n\n\n<li>Reproduction des positions d\u00e9finies des lignes et des angles<\/li>\n\n\n\n<li>Coordonn\u00e9es v\u00e9rifi\u00e9es<\/li>\n\n\n\n<li>Texture de surface conforme \u00e0 la r\u00e9f\u00e9rence<\/li>\n\n\n\n<li>La finition brillante n'est pas uniform\u00e9ment miroitante, sauf sur demande<\/li>\n\n\n\n<li>Effets internes dans les limites de l'intensit\u00e9 convenue<\/li>\n\n\n\n<li>Pas d'\u00e9paisseur excessive au niveau cervical ou proximal<\/li>\n\n\n\n<li>Les marges et les contours proximaux sont visuellement acceptables<\/li>\n\n\n\n<li>Les unit\u00e9s controlat\u00e9rales ne sont pas, comme on pourrait s'y attendre, identiques<\/li>\n<\/ul>\n\n\n\n<p class=\"wp-block-paragraph\">Je voudrais \u00e9galement identifier un <strong>hi\u00e9rarchie des autorisations<\/strong>.<\/p>\n\n\n\n<p class=\"wp-block-paragraph\">Par exemple :<\/p>\n\n\n\n<ol class=\"wp-block-list\">\n<li>Dimensions provisoires approuv\u00e9es<\/li>\n\n\n\n<li>Ordonnance \u00e9crite<\/li>\n\n\n\n<li>Photographies annot\u00e9es par des cliniciens<\/li>\n\n\n\n<li>Anatomie pr\u00e9op\u00e9ratoire<\/li>\n\n\n\n<li>Interpr\u00e9tation technique<\/li>\n<\/ol>\n\n\n\n<p class=\"wp-block-paragraph\">Pourquoi ?<\/p>\n\n\n\n<p class=\"wp-block-paragraph\">Parce que les donn\u00e9es sont parfois contradictoires.<\/p>\n\n\n\n<p class=\"wp-block-paragraph\">Une image num\u00e9ris\u00e9e peut indiquer une certaine longueur. La photo provisoire en indique une autre. L'ordonnance \u00e9crite pr\u00e9cise \u201c ajouter 0,5 mm \u201d.\u201d<\/p>\n\n\n\n<p class=\"wp-block-paragraph\">Lequel l'emporte ?<\/p>\n\n\n\n<p class=\"wp-block-paragraph\">Si cette d\u00e9cision n'est pas prise avant la fabrication, elle sera prise \u00e0 un moment donn\u00e9 dans l'atelier de production.<\/p>\n\n\n\n<h2 class=\"wp-block-heading\">Cahier des charges pour l'achat de placage pr\u00eat \u00e0 l'emploi<\/h2>\n\n\n\n<p class=\"wp-block-paragraph\">Pour un coffret haut de gamme de six unit\u00e9s, un cahier des charges concret pourrait se pr\u00e9senter comme suit :<\/p>\n\n\n\n<h3 class=\"wp-block-heading\">Objectif de l'\u00e9tude de cas<\/h3>\n\n\n\n<p class=\"wp-block-paragraph\">Dents #6\u2013#11. Cr\u00e9er un sourire naturel et harmonieux tout en pr\u00e9servant la profondeur visible et en \u00e9vitant un blanchiment uniforme et opaque. Conserver la pr\u00e9dominance des incisives centrales et une l\u00e9g\u00e8re asym\u00e9trie naturelle entre les incisives lat\u00e9rales.<\/p>\n\n\n\n<h3 class=\"wp-block-heading\">Mat\u00e9riau<\/h3>\n\n\n\n<p class=\"wp-block-paragraph\">Disilicate de lithium en couches, sous r\u00e9serve d'une confirmation en laboratoire apr\u00e8s v\u00e9rification de l'\u00e9paisseur de la pr\u00e9paration et des teintes du moignon.<\/p>\n\n\n\n<h3 class=\"wp-block-heading\">Nuance finale<\/h3>\n\n\n\n<p class=\"wp-block-paragraph\">Objectif : \u00e9quivalent au VITA 3D-Master 1M2.<\/p>\n\n\n\n<p class=\"wp-block-paragraph\">Priorit\u00e9 \u00e0 la valeur : \u00e9lev\u00e9e, mais sans opacit\u00e9 due \u00e0 l'eau de Javel.<\/p>\n\n\n\n<p class=\"wp-block-paragraph\">Tiers cervical : chroma l\u00e9g\u00e8rement plus \u00e9lev\u00e9 que celui du tiers m\u00e9dian.<\/p>\n\n\n\n<p class=\"wp-block-paragraph\">Tiers incisif : translucidit\u00e9 ma\u00eetris\u00e9e avec un subtil effet opalescent.<\/p>\n\n\n\n<h3 class=\"wp-block-heading\">Ombre de souche<\/h3>\n\n\n\n<p class=\"wp-block-paragraph\">Enregistrer s\u00e9par\u00e9ment les donn\u00e9es pour les parcelles #6, #7, #8, #9, #10 et #11 \u00e0 l'aide de photographies calibr\u00e9es et du syst\u00e8me d'ombrage par souche nomm\u00e9.<\/p>\n\n\n\n<h3 class=\"wp-block-heading\">Dimensions<\/h3>\n\n\n\n<p class=\"wp-block-paragraph\">Copier la position provisoire approuv\u00e9e du bord incisif.<\/p>\n\n\n\n<p class=\"wp-block-paragraph\">Maintenir la dominance des incisives centrales.<\/p>\n\n\n\n<p class=\"wp-block-paragraph\">Ne pas accentuer les traits du visage.<\/p>\n\n\n\n<p class=\"wp-block-paragraph\">Affiner l\u00e9g\u00e8rement vers l'int\u00e9rieur les lignes de transition distales des \u00e9l\u00e9ments #8 et #9 afin de r\u00e9duire leur largeur apparente.<\/p>\n\n\n\n<h3 class=\"wp-block-heading\">Surface<\/h3>\n\n\n\n<p class=\"wp-block-paragraph\">Anatomie du d\u00e9veloppement des tissus mous verticaux.<\/p>\n\n\n\n<p class=\"wp-block-paragraph\">Microtexture faible \u00e0 mod\u00e9r\u00e9e.<\/p>\n\n\n\n<p class=\"wp-block-paragraph\">On observe uniquement des p\u00e9rikymates cervicaux \u00e0 peine visibles.<\/p>\n\n\n\n<p class=\"wp-block-paragraph\">Brillance faciale s\u00e9lective mod\u00e9r\u00e9e.<\/p>\n\n\n\n<p class=\"wp-block-paragraph\">L'aspect poli miroir n'est pas uniforme.<\/p>\n\n\n\n<h3 class=\"wp-block-heading\">Caract\u00e8re incisif<\/h3>\n\n\n\n<p class=\"wp-block-paragraph\">Un halo discret.<\/p>\n\n\n\n<p class=\"wp-block-paragraph\">Faible intensit\u00e9 du mamelon.<\/p>\n\n\n\n<p class=\"wp-block-paragraph\">Pas de translucidit\u00e9 bleu-gris prononc\u00e9e.<\/p>\n\n\n\n<p class=\"wp-block-paragraph\">L'asym\u00e9trie naturelle est autoris\u00e9e.<\/p>\n\n\n\n<h3 class=\"wp-block-heading\">Documents fournis<\/h3>\n\n\n\n<p class=\"wp-block-paragraph\">STL pr\u00e9op\u00e9ratoire, STL de pr\u00e9paration, arcade oppos\u00e9e, occlusion v\u00e9rifi\u00e9e, photographies de face, photographies du sourire, photographies avec r\u00e9traction, relev\u00e9s des nuances de teinte, nuances de teinte des moignons individuels, STL provisoire approuv\u00e9 et photographies du provisoire.<\/p>\n\n\n\n<h3 class=\"wp-block-heading\">R\u00e8gles d'approbation<\/h3>\n\n\n\n<p class=\"wp-block-paragraph\">Ne modifiez pas la longueur incisale finale, la ligne m\u00e9diane ou la largeur des incisives centrales sans l'accord du praticien.<\/p>\n\n\n\n<p class=\"wp-block-paragraph\">Le technicien peut apporter des ajustements mineurs \u00e0 la texture et aux caract\u00e9ristiques internes, dans le respect des orientations esth\u00e9tiques prescrites.<\/p>\n\n\n\n<p class=\"wp-block-paragraph\">C'est un <strong>la meilleure prescription de facettes pour obtenir des r\u00e9sultats esth\u00e9tiques optimaux<\/strong> car le technicien peut r\u00e9ellement y donner suite.<\/p>\n\n\n\n<h2 class=\"wp-block-heading\">FAQ<\/h2>\n\n\n\n<h3 class=\"wp-block-heading\">Que doit comporter une prescription de laboratoire pour des facettes ?<\/h3>\n\n\n\n<p class=\"wp-block-paragraph\">Une prescription destin\u00e9e \u00e0 un laboratoire de facettes est un cahier des charges complet qui doit pr\u00e9ciser l'objectif clinique, la teinte finale et la r\u00e9partition des valeurs chromatiques, les teintes individuelles des moignons, le mat\u00e9riau c\u00e9ramique, l'\u00e9paisseur, la translucidit\u00e9, les dimensions dentaires, les angles de ligne, les contacts, la texture de surface, la brillance, la caract\u00e9risation incisale, les r\u00e9f\u00e9rences photographiques, le mod\u00e8le provisoire approuv\u00e9, les consid\u00e9rations relatives au ciment ainsi que la hi\u00e9rarchie \u00e0 respecter en cas de divergence entre les dossiers cliniques.<\/p>\n\n\n\n<p class=\"wp-block-paragraph\">Plus le cas esth\u00e9tique est complexe, moins les instructions vagues sont utiles. Pour les restaurations ant\u00e9rieures haut de gamme, le laboratoire doit non seulement conna\u00eetre les dimensions des dents, mais aussi savoir comment celles-ci doivent refl\u00e9ter la lumi\u00e8re et quels aspects de la conception ont d\u00e9j\u00e0 \u00e9t\u00e9 approuv\u00e9s par le patient.<\/p>\n\n\n\n<h3 class=\"wp-block-heading\">Comment r\u00e9diger une ordonnance pour des facettes en porcelaine afin d'obtenir des r\u00e9sultats esth\u00e9tiques optimaux ?<\/h3>\n\n\n\n<p class=\"wp-block-paragraph\">Une prescription de facettes en porcelaine haut de gamme est un cahier des charges de fabrication structur\u00e9 qui traduit l'objectif esth\u00e9tique valid\u00e9 par le patient en instructions pr\u00e9cises concernant la valeur, la chroma, la teinte, le masquage du substrat, le type de c\u00e9ramique, l'\u00e9paisseur, la translucidit\u00e9, la morphologie, la texture de surface, la brillance, les effets incisaux, les contacts, les angles des lignes, les photographies, les num\u00e9risations et les crit\u00e8res d'acceptation, avant le d\u00e9but de la fabrication en laboratoire.<\/p>\n\n\n\n<p class=\"wp-block-paragraph\">Commencez par d\u00e9finir le r\u00e9sultat clinique souhait\u00e9 plut\u00f4t que par le nom d'un mat\u00e9riau. D\u00e9finissez ensuite les \u00e9l\u00e9ments probants qui \u00e9tayent cet objectif : relev\u00e9s de la teinte du moignon, photographies de teinte calibr\u00e9es, maquette valid\u00e9e, photographies faciales, fichiers STL et consignes \u00e9crites concernant l'interpr\u00e9tation par le technicien.<\/p>\n\n\n\n<h3 class=\"wp-block-heading\">Quelles informations faut-il fournir pour d\u00e9terminer la teinte des facettes ?<\/h3>\n\n\n\n<p class=\"wp-block-paragraph\">La sp\u00e9cification de la teinte d\u2019une facette est un document technique qui doit indiquer le syst\u00e8me de teintes utilis\u00e9, les valeurs cervicale, m\u00e9diane et incisale, la r\u00e9partition de la chroma, la teinte, les teintes individuelles des moignons, la translucidit\u00e9, les exigences de masquage, l\u2019\u00e9paisseur de la c\u00e9ramique, les photographies des \u00e9chantillons de teintes, les conditions d\u2019\u00e9clairage et la strat\u00e9gie pr\u00e9vue pour le ciment r\u00e9sineux, au lieu de d\u00e9crire la restauration \u00e0 l\u2019aide d\u2019un seul code tel que A1 ou BL2.<\/p>\n\n\n\n<p class=\"wp-block-paragraph\">Dans le cas des facettes fines, la dent pr\u00e9par\u00e9e et le ciment font partie int\u00e9grante du syst\u00e8me optique visible. C'est pourquoi deux pr\u00e9parations destin\u00e9es \u00e0 recevoir la m\u00eame teinte finale peuvent n\u00e9cessiter des niveaux d'opacit\u00e9 de la c\u00e9ramique ou des strat\u00e9gies de stratification diff\u00e9rents.<\/p>\n\n\n\n<h3 class=\"wp-block-heading\">Quel est le meilleur mat\u00e9riau pour les facettes offrant une esth\u00e9tique haut de gamme ?<\/h3>\n\n\n\n<p class=\"wp-block-paragraph\">Le meilleur mat\u00e9riau pour les facettes est le syst\u00e8me c\u00e9ramique, qui offre l'\u00e9quilibre requis entre masquage du substrat, translucidit\u00e9, r\u00e9sistance, \u00e9paisseurs disponibles, caract\u00e9ristiques de surface et contr\u00f4le en laboratoire pour chaque cas particulier ; la porcelaine feldspathique et le disilicate de lithium permettent tous deux d'obtenir d'excellents r\u00e9sultats esth\u00e9tiques, tandis que la zircone peut \u00eatre choisie lorsque d'autres exigences, notamment en mati\u00e8re de masquage ou de r\u00e9sistance m\u00e9canique, sont prioritaires.<\/p>\n\n\n\n<p class=\"wp-block-paragraph\">Les donn\u00e9es \u00e0 long terme sont tr\u00e8s convaincantes en faveur des syst\u00e8mes de facettes en c\u00e9ramique bien \u00e9tablis. Une m\u00e9ta-analyse r\u00e9cente a fait \u00e9tat d\u2019un taux de survie global d\u2019environ 96,13% pour les facettes en c\u00e9ramique feldspathique et de 96,81% pour les facettes en disilicate de lithium \u00e0 environ 10,4 ans, ce qui confirme que la s\u00e9lection des cas et la conception sont tout aussi importantes que le choix du mat\u00e9riau.<\/p>\n\n\n\n<h3 class=\"wp-block-heading\">Comment faut-il pr\u00e9ciser la texture de la surface d'une facette \u00e0 un laboratoire dentaire ?<\/h3>\n\n\n\n<p class=\"wp-block-paragraph\">Une sp\u00e9cification de la texture de surface d'une facette consiste en une description, zone par zone, du contour facial, des lobes de d\u00e9veloppement, des lignes de transition, de la microtexture, des p\u00e9rikymates, des d\u00e9tails incisaux et de la r\u00e9partition de la brillance. Elle indique au technicien comment la c\u00e9ramique doit refl\u00e9ter la lumi\u00e8re et s\u2019int\u00e9grer visuellement aux dents adjacentes du patient, au design de sourire approuv\u00e9, au profil d\u2019usure li\u00e9 \u00e0 l\u2019\u00e2ge et \u00e0 l\u2019apparence faciale globale.<\/p>\n\n\n\n<p class=\"wp-block-paragraph\">\u00c9vitez d'utiliser des termes tels que \u201c naturel \u201d, \u201c jeune \u201d ou \u201c texture moyenne \u201d sans fournir de r\u00e9f\u00e9rences. Une photographie montrant la r\u00e9flexion directionnelle, une proth\u00e8se provisoire approuv\u00e9e et des instructions pr\u00e9cises concernant la texture au niveau cervical, m\u00e9dian et incisal garantissent une bien meilleure reproductibilit\u00e9.<\/p>\n\n\n\n<h3 class=\"wp-block-heading\">Quelles photos faut-il joindre \u00e0 une ordonnance pour un laboratoire de facettes ?<\/h3>\n\n\n\n<p class=\"wp-block-paragraph\">Un ensemble photographique haut de gamme pour facettes dentaires est un dossier visuel normalis\u00e9 comprenant des clich\u00e9s de face, de sourire naturel, de sourire maximal, de face avec r\u00e9traction, d\u2019oblique avec r\u00e9traction, de profil, \u00e0 45 degr\u00e9s, avec nuancier, la teinte individuelle du moignon et des photos en gros plan de la surface, compl\u00e9t\u00e9es si possible par des images \u00e0 polarisation crois\u00e9e, une maquette approuv\u00e9e ou un enregistrement provisoire, ainsi qu\u2019une courte vid\u00e9o du sourire ou de la parole pour les cas ant\u00e9rieurs complexes.<\/p>\n\n\n\n<p class=\"wp-block-paragraph\">Le technicien utilise diff\u00e9rentes photographies en fonction des d\u00e9cisions \u00e0 prendre. Les clich\u00e9s en r\u00e9traction montrent les relations dentaires, les clich\u00e9s faciaux r\u00e9v\u00e8lent l'int\u00e9gration avec le patient, les clich\u00e9s de teinte facilitent la cartographie optique, et les photographies \u00e0 \u00e9clairage directionnel mettent en \u00e9vidence les angles des lignes et la texture des surfaces que l'\u00e9clairage plat peut masquer.<\/p>\n\n\n\n<h3 class=\"wp-block-heading\">Pourquoi les facettes, m\u00eame si leur teinte est correcte, peuvent-elles quand m\u00eame para\u00eetre artificielles ?<\/h3>\n\n\n\n<p class=\"wp-block-paragraph\">M\u00eame correctement teint\u00e9es, les facettes peuvent donner une impression artificielle lorsque leur teinte, leur convexit\u00e9 faciale, leur largeur de r\u00e9flexion, les angles de leurs contours, leur texture, leur translucidit\u00e9, la caract\u00e9risation de leur bord incisif ou la r\u00e9partition de leur brillance ne correspondent pas \u00e0 la dentition environnante ; en effet, l\u2019\u0153il humain per\u00e7oit l\u2019ensemble des reflets et de la lumi\u00e8re transmise, plut\u00f4t que de juger une restauration uniquement en fonction de la d\u00e9signation de teinte VITA qui lui est attribu\u00e9e.<\/p>\n\n\n\n<p class=\"wp-block-paragraph\">C\u2019est pourquoi de nombreux \u201c probl\u00e8mes de teinte \u201d suppos\u00e9s sont en r\u00e9alit\u00e9 des probl\u00e8mes de relief ou de r\u00e9flexion. Avant de demander une nouvelle r\u00e9alisation dans une autre teinte, \u00e9valuez la valeur du tiers m\u00e9dian, la projection faciale, la position de la ligne de transition, la brillance de la surface et la translucidit\u00e9 incisale.<\/p>\n\n\n\n<h2 class=\"wp-block-heading\">Envoyez un cahier des charges que le laboratoire est r\u00e9ellement en mesure de respecter<\/h2>\n\n\n\n<p class=\"wp-block-paragraph\">Si le produit est commercialis\u00e9 comme \u00ab haut de gamme \u00bb, le prescrire comme tel.<\/p>\n\n\n\n<p class=\"wp-block-paragraph\">N\u2019envoyez pas uniquement \u201c A1, naturel \u201d.\u201d<\/p>\n\n\n\n<p class=\"wp-block-paragraph\">Envoyez l'objectif final. Envoyez les nuances de moignon. Envoyez la carte des valeurs. D\u00e9finissez la strat\u00e9gie c\u00e9ramique. D\u00e9finissez la surface. Marquez les angles des lignes. Num\u00e9risez la proth\u00e8se provisoire valid\u00e9e. Fournissez les photos faciales. Pr\u00e9cisez ce que le technicien peut modifier et ce qui n\u00e9cessite une validation.<\/p>\n\n\n\n<p class=\"wp-block-paragraph\">Et veillez \u00e0 ce que les crit\u00e8res d'acceptation soient clairement d\u00e9finis avant le d\u00e9but de la fabrication.<\/p>\n\n\n\n<p class=\"wp-block-paragraph\">\u00c0 l'attention des cliniques, des laboratoires dentaires et des \u00e9quipes d'approvisionnement qui pr\u00e9voient de traiter des cas complexes au niveau des dents ant\u00e9rieures : vous pouvez nous envoyer vos fichiers STL, vos photographies, vos relev\u00e9s de teinte du moignon, votre conception provisoire et <strong>ordonnance du laboratoire de facettes<\/strong> \u00e0 travers le <a href=\"https:\/\/artistdentallab.com\/fr\/contact\/\">Page de contact et de demandes d'essai d'Artist Dental Lab<\/a> pour l'examen technique, la discussion sur le mat\u00e9riel et la planification des cas.<\/p>\n\n\n\n<p class=\"wp-block-paragraph\">La qualit\u00e9 sup\u00e9rieure de la porcelaine ne devrait pas \u00eatre sujette \u00e0 interpr\u00e9tation.<\/p>\n\n\n\n<p class=\"wp-block-paragraph\">Il faudrait commencer par un cahier des charges.<\/p>\n\n\n\n<p class=\"wp-block-paragraph\"><\/p>","protected":false},"excerpt":{"rendered":"<p>Les facettes haut de gamme ne sont pas command\u00e9es avec un code de teinte et un num\u00e9ro de dent. Un cahier des charges d'achat de facettes bien fond\u00e9 d\u00e9finit l'objectif optique, le substrat, le syst\u00e8me c\u00e9ramique, les dimensions, la texture, la brillance, les r\u00e9f\u00e9rences photographiques, la conception provisoire et les crit\u00e8res d'acceptation avant que le laboratoire ne commence la fabrication.<\/p>","protected":false},"author":1,"featured_media":1658,"comment_status":"open","ping_status":"open","sticky":false,"template":"","format":"standard","meta":{"footnotes":""},"categories":[1],"tags":[651,252,653,650,612,244,652,579],"class_list":["post-1657","post","type-post","status-publish","format-standard","has-post-thumbnail","hentry","category-buyer-guides","tag-dental-lab-prescription","tag-dental-veneers","tag-esthetic-veneer-specifications","tag-porcelain-veneer-prescription","tag-veneer-lab-prescription","tag-veneer-material-selection","tag-veneer-shade-specification","tag-veneer-surface-texture"],"blocksy_meta":{"styles_descriptor":{"styles":{"desktop":"","tablet":"","mobile":""},"google_fonts":[],"version":7}},"_links":{"self":[{"href":"https:\/\/artistdentallab.com\/fr\/wp-json\/wp\/v2\/posts\/1657","targetHints":{"allow":["GET"]}}],"collection":[{"href":"https:\/\/artistdentallab.com\/fr\/wp-json\/wp\/v2\/posts"}],"about":[{"href":"https:\/\/artistdentallab.com\/fr\/wp-json\/wp\/v2\/types\/post"}],"author":[{"embeddable":true,"href":"https:\/\/artistdentallab.com\/fr\/wp-json\/wp\/v2\/users\/1"}],"replies":[{"embeddable":true,"href":"https:\/\/artistdentallab.com\/fr\/wp-json\/wp\/v2\/comments?post=1657"}],"version-history":[{"count":1,"href":"https:\/\/artistdentallab.com\/fr\/wp-json\/wp\/v2\/posts\/1657\/revisions"}],"predecessor-version":[{"id":1661,"href":"https:\/\/artistdentallab.com\/fr\/wp-json\/wp\/v2\/posts\/1657\/revisions\/1661"}],"wp:featuredmedia":[{"embeddable":true,"href":"https:\/\/artistdentallab.com\/fr\/wp-json\/wp\/v2\/media\/1658"}],"wp:attachment":[{"href":"https:\/\/artistdentallab.com\/fr\/wp-json\/wp\/v2\/media?parent=1657"}],"wp:term":[{"taxonomy":"category","embeddable":true,"href":"https:\/\/artistdentallab.com\/fr\/wp-json\/wp\/v2\/categories?post=1657"},{"taxonomy":"post_tag","embeddable":true,"href":"https:\/\/artistdentallab.com\/fr\/wp-json\/wp\/v2\/tags?post=1657"}],"curies":[{"name":"wp","href":"https:\/\/api.w.org\/{rel}","templated":true}]}}