{"id":1513,"date":"2026-07-10T07:06:37","date_gmt":"2026-07-10T07:06:37","guid":{"rendered":"https:\/\/artistdentallab.com\/"},"modified":"2026-07-10T07:16:00","modified_gmt":"2026-07-10T07:16:00","slug":"%e8%87%aa%e5%8a%a8%e8%8d%89%e7%a8%bf","status":"publish","type":"post","link":"https:\/\/artistdentallab.com\/pt\/%e8%87%aa%e5%8a%a8%e8%8d%89%e7%a8%bf\/","title":{"rendered":"Que aspetos devem ser tidos em conta ao ajustar a dimens\u00e3o vertical em casos de est\u00e9tica bucal total?"},"content":{"rendered":"<p class=\"wp-block-paragraph\">O espa\u00e7o muda tudo.<\/p>\n\n\n\n<p class=\"wp-block-paragraph\">Quando aumentamos a dimens\u00e3o vertical oclusal num caso de est\u00e9tica bucal total, n\u00e3o estamos apenas a criar espa\u00e7o para a cer\u00e2mica; estamos a alterar a rela\u00e7\u00e3o entre a maxila, a mand\u00edbula, os l\u00e1bios, os incisivos, os m\u00fasculos, as articula\u00e7\u00f5es, o padr\u00e3o de fala, os contactos oclusais e a perce\u00e7\u00e3o que o doente tem do seu pr\u00f3prio rosto.<\/p>\n\n\n\n<p class=\"wp-block-paragraph\">Ent\u00e3o, o que \u00e9 que esses mil\u00edmetros a mais realmente proporcionam?<\/p>\n\n\n\n<p class=\"wp-block-paragraph\">Quer a equipa lhe chame \u00abajuste da dimens\u00e3o vertical oclusal\u00bb, \u00abaumento da dimens\u00e3o vertical da oclus\u00e3o\u00bb ou \u00abeleva\u00e7\u00e3o da mordida\u00bb na pr\u00f3tese dent\u00e1ria, a biologia n\u00e3o se preocupa com o nome que lhe d\u00e3o.<\/p>\n\n\n\n<p class=\"wp-block-paragraph\">A minha resposta direta \u00e9 esta: um aumento da OVD s\u00f3 se justifica quando o espa\u00e7o adicional resolve um problema restaurador ou est\u00e9tico documentado de forma mais previs\u00edvel do que as alternativas. O desgaste dent\u00e1rio, por si s\u00f3, n\u00e3o \u00e9 prova de que o doente tenha \u201cperdido a oclus\u00e3o\u201d. A compensa\u00e7\u00e3o dentoalveolar pode preservar a altura facial, mesmo quando o esmalte e a dentina apresentam um desgaste acentuado. Tratar todas as denti\u00e7\u00f5es desgastadas como se fossem denti\u00e7\u00f5es colapsadas \u00e9 um atalho de diagn\u00f3stico dispendioso.<\/p>\n\n\n\n<h2 class=\"wp-block-heading\">Comece pelo problema, n\u00e3o pelo n\u00famero<\/h2>\n\n\n\n<p class=\"wp-block-paragraph\">A primeira decis\u00e3o n\u00e3o \u00e9 se o OVD deve aumentar 2 mm, 3 mm ou 5 mm. A primeira decis\u00e3o \u00e9 se \u00e9 mesmo necess\u00e1rio um aumento.<\/p>\n\n\n\n<p class=\"wp-block-paragraph\">Eu dividiria as raz\u00f5es em quatro grupos:<\/p>\n\n\n\n<ul class=\"wp-block-list\">\n<li><strong>Espa\u00e7o de recupera\u00e7\u00e3o:<\/strong> espa\u00e7o livre insuficiente para restaura\u00e7\u00f5es com aditivos, recobrimentos, coroas ou uma espessura de material planeada.<\/li>\n\n\n\n<li><strong>Corre\u00e7\u00e3o est\u00e9tica:<\/strong> exposi\u00e7\u00e3o incisal inadequada, coroas cl\u00ednicas curtas, propor\u00e7\u00f5es dent\u00e1rias desfavor\u00e1veis ou um desenho do sorriso que n\u00e3o possa ser alcan\u00e7ado de forma conservadora na posi\u00e7\u00e3o atual.<\/li>\n\n\n\n<li><strong>Reestrutura\u00e7\u00e3o funcional:<\/strong> perda da orienta\u00e7\u00e3o anterior, contactos posteriores inst\u00e1veis, sobrefecho excessivo ou um esquema oclusal que n\u00e3o pode ser reconstru\u00eddo sem alterar a rela\u00e7\u00e3o vertical.<\/li>\n\n\n\n<li><strong>Preserva\u00e7\u00e3o biol\u00f3gica:<\/strong> um aumento que permite uma medicina dent\u00e1ria mais aditiva e uma redu\u00e7\u00e3o menos agressiva dos dentes j\u00e1 comprometidos.<\/li>\n<\/ul>\n\n\n\n<p class=\"wp-block-paragraph\">A dura realidade? \u201cO paciente parece ter uma mordida excessivamente fechada\u201d n\u00e3o \u00e9 um diagn\u00f3stico.<\/p>\n\n\n\n<p class=\"wp-block-paragraph\">A <a href=\"https:\/\/pubmed.ncbi.nlm.nih.gov\/39931975\/\" rel=\"nofollow noopener\" target=\"_blank\">Declara\u00e7\u00e3o conjunta de consenso de 2025 sobre denti\u00e7\u00f5es desgastadas<\/a> apoiou o planeamento individualizado e minimamente invasivo, com restaura\u00e7\u00f5es diretas ou indiretas selecionadas de acordo com a perda de subst\u00e2ncia dent\u00e1ria e os objetivos do tratamento; considerou ainda que as evid\u00eancias relativas a uma fase de avalia\u00e7\u00e3o obrigat\u00f3ria eram inconclusivas.<\/p>\n\n\n\n<p class=\"wp-block-paragraph\">As fotografias faciais, a mobilidade labial, a express\u00e3o de repouso, o sorriso completo, o perfil, as propor\u00e7\u00f5es da parte inferior do rosto e a visibilidade dos dentes durante a fala s\u00e3o todos fatores importantes. No entanto, nenhum deles deve ser considerado como um \u00fanico par\u00e2metro decisivo. Uma revis\u00e3o realizada em 2012 pela Universidade da Austr\u00e1lia Ocidental observou que os m\u00e9todos propostos para quantificar a perda de OVD carecem de consist\u00eancia e fiabilidade, e recomendou que o aumento fosse determinado pelas necessidades restauradoras e pelas exig\u00eancias est\u00e9ticas, em vez de se basear numa \u00fanica medida supostamente definitiva. <\/p>\n\n\n\n<figure class=\"wp-block-image size-large\"><img fetchpriority=\"high\" decoding=\"async\" width=\"1024\" height=\"421\" src=\"https:\/\/artistdentallab.com\/wp-content\/uploads\/2026\/07\/What-Should-Be-Considered-When-Adjusting-Vertical-Dimension-in-Full-Mouth-Esthetic-Cases-1-1024x421.jpg\" alt=\"O que deve ser tido em conta ao ajustar a dimens\u00e3o vertical em casos de est\u00e9tica bucal total\" class=\"wp-image-1516\" title=\"\" srcset=\"https:\/\/artistdentallab.com\/wp-content\/uploads\/2026\/07\/What-Should-Be-Considered-When-Adjusting-Vertical-Dimension-in-Full-Mouth-Esthetic-Cases-1-1024x421.jpg 1024w, https:\/\/artistdentallab.com\/wp-content\/uploads\/2026\/07\/What-Should-Be-Considered-When-Adjusting-Vertical-Dimension-in-Full-Mouth-Esthetic-Cases-1-300x123.jpg 300w, https:\/\/artistdentallab.com\/wp-content\/uploads\/2026\/07\/What-Should-Be-Considered-When-Adjusting-Vertical-Dimension-in-Full-Mouth-Esthetic-Cases-1-768x316.jpg 768w, https:\/\/artistdentallab.com\/wp-content\/uploads\/2026\/07\/What-Should-Be-Considered-When-Adjusting-Vertical-Dimension-in-Full-Mouth-Esthetic-Cases-1-1536x632.jpg 1536w, https:\/\/artistdentallab.com\/wp-content\/uploads\/2026\/07\/What-Should-Be-Considered-When-Adjusting-Vertical-Dimension-in-Full-Mouth-Esthetic-Cases-1-18x7.jpg 18w, https:\/\/artistdentallab.com\/wp-content\/uploads\/2026\/07\/What-Should-Be-Considered-When-Adjusting-Vertical-Dimension-in-Full-Mouth-Esthetic-Cases-1-500x206.jpg 500w, https:\/\/artistdentallab.com\/wp-content\/uploads\/2026\/07\/What-Should-Be-Considered-When-Adjusting-Vertical-Dimension-in-Full-Mouth-Esthetic-Cases-1-600x247.jpg 600w, https:\/\/artistdentallab.com\/wp-content\/uploads\/2026\/07\/What-Should-Be-Considered-When-Adjusting-Vertical-Dimension-in-Full-Mouth-Esthetic-Cases-1.jpg 1672w\" sizes=\"(max-width: 1024px) 100vw, 1024px\" \/><\/figure>\n\n\n\n<h2 class=\"wp-block-heading\">Diagnosticar a oclus\u00e3o existente antes de conceber uma nova<\/h2>\n\n\n\n<p class=\"wp-block-paragraph\">A reabilita\u00e7\u00e3o est\u00e9tica de toda a boca torna-se perigosa quando a equipa encara a oclus\u00e3o inicial como um inconveniente, em vez de como um dado de facto.<\/p>\n\n\n\n<p class=\"wp-block-paragraph\">Antes de ajustar a dimens\u00e3o vertical oclusal, registe:<\/p>\n\n\n\n<ul class=\"wp-block-list\">\n<li>Intercuspa\u00e7\u00e3o m\u00e1xima e repetibilidade do percurso de fecho<\/li>\n\n\n\n<li>Registos da rela\u00e7\u00e3o c\u00eantrica, quando clinicamente indicado<\/li>\n\n\n\n<li>Sobreposi\u00e7\u00e3o horizontal e vertical<\/li>\n\n\n\n<li>Orienta\u00e7\u00e3o anterior existente ou fun\u00e7\u00e3o de grupo<\/li>\n\n\n\n<li>Interfer\u00eancias de trabalho, n\u00e3o de trabalho e protrusivas<\/li>\n\n\n\n<li>Apoio posterior e unidades em falta<\/li>\n\n\n\n<li>Facetas de desgaste, hist\u00f3rico de fraturas, eros\u00e3o e parafun\u00e7\u00e3o<\/li>\n\n\n\n<li>Ru\u00eddos da articula\u00e7\u00e3o temporomandibular, amplitude de movimento, desvio e dor<\/li>\n\n\n\n<li>Sensibilidade muscular ou fadiga<\/li>\n\n\n\n<li>Fon\u00e9tica, especialmente os sons \u201cS\u201d, \u201cF\u201d e \u201cV\u201d<\/li>\n\n\n\n<li>Postura labial em repouso e exposi\u00e7\u00e3o dos dentes incisivos<\/li>\n\n\n\n<li>Espessura de restaura\u00e7\u00e3o dispon\u00edvel por dente e por material<\/li>\n\n\n\n<li>Posi\u00e7\u00f5es dos implantes, trajet\u00f3rias de acesso aos parafusos e espa\u00e7o prot\u00e9tico<\/li>\n<\/ul>\n\n\n\n<p class=\"wp-block-paragraph\">Aqui n\u00e3o h\u00e1 atalhos.<\/p>\n\n\n\n<p class=\"wp-block-paragraph\">Um doente com dor temporomandibular ativa, abertura limitada ou posicionamento inst\u00e1vel da mand\u00edbula n\u00e3o deve ser submetido a altera\u00e7\u00f5es irrevers\u00edveis apenas porque um projeto digital do sorriso fica melhor numa nova altura. A mesma revis\u00e3o de 2012 recomendou o tratamento remov\u00edvel como primeira op\u00e7\u00e3o para doentes com sintomas associados \u00e0 DTM, antes de se considerar um tratamento irrevers\u00edvel.<\/p>\n\n\n\n<p class=\"wp-block-paragraph\">E h\u00e1 outra armadilha: os casos de mordida profunda e de borda a borda levam frequentemente as equipas a \u201cresolver\u201d a oclus\u00e3o com cer\u00e2micas anteriores finas. Isso \u00e9 um erro. O guia do site sobre <a href=\"https:\/\/artistdentallab.com\/pt\/can-veneers-be-used-directly-in-deep-bite-or-edge-to-edge-cases\/\">planeamento de facetas em casos de mordida profunda e de borda a borda<\/a> explica por que raz\u00e3o \u00e9 necess\u00e1rio diagnosticar a orienta\u00e7\u00e3o anterior, as parafun\u00e7\u00f5es, o suporte do esmalte e o espa\u00e7o restaurativo antes de se prescreverem facetas.<\/p>\n\n\n\n<h2 class=\"wp-block-heading\">Qual \u00e9 o aumento do OVD que se justifica?<\/h2>\n\n\n\n<p class=\"wp-block-paragraph\">N\u00e3o acredito que exista um n\u00famero universalmente seguro.<\/p>\n\n\n\n<p class=\"wp-block-paragraph\">Uma revis\u00e3o frequentemente citada afirma que se deve utilizar o menor aumento pr\u00e1tico poss\u00edvel, embora um aumento at\u00e9 5 mm possa justificar-se quando o espa\u00e7o restaurador e a est\u00e9tica anterior assim o exigirem. Isso n\u00e3o significa que se possa alargar todos os casos em 5 mm. Trata-se de um limite indicado numa revis\u00e3o, n\u00e3o de uma receita de tratamento.<\/p>\n\n\n\n<p class=\"wp-block-paragraph\">Mais importante ainda, os mil\u00edmetros t\u00eam de estar associados a um ponto de refer\u00eancia. \u201cAumentar o OVD em 3 mm\u201d \u00e9 uma indica\u00e7\u00e3o incompleta, a menos que a prescri\u00e7\u00e3o especifique onde esses 3 mm s\u00e3o medidos: pino incisal, regi\u00e3o do incisivo central, regi\u00e3o do canino ou segmento posterior. A rota\u00e7\u00e3o mandibular significa que a mesma abertura n\u00e3o produzir\u00e1 uma separa\u00e7\u00e3o id\u00eantica em todos os dentes.<\/p>\n\n\n\n<p class=\"wp-block-paragraph\">O objetivo cl\u00ednico deve ser o menor aumento que permita:<\/p>\n\n\n\n<ol class=\"wp-block-list\">\n<li>Espessura restauradora adequada<\/li>\n\n\n\n<li>Posi\u00e7\u00e3o aceit\u00e1vel da borda incisal<\/li>\n\n\n\n<li>Contactos centrados em Stable<\/li>\n\n\n\n<li>Orienta\u00e7\u00e3o anterior planeada<\/li>\n\n\n\n<li>Discurso \u00e0 vontade<\/li>\n\n\n\n<li>Um resultado do tratamento facial aprovado pela paciente<\/li>\n\n\n\n<li>Uma estrat\u00e9gia de aplica\u00e7\u00e3o do material que n\u00e3o obriga a um contorno exagerado nem a uma prepara\u00e7\u00e3o excessiva<\/li>\n<\/ol>\n\n\n\n<p class=\"wp-block-paragraph\">Um relato de caso publicado em 2024 na revista \u00abBMC Oral Health\u00bb, da Universidade de Zhejiang, acompanhou um doente de 30 anos com amelog\u00eanese imperfeita hipopl\u00e1sica durante 52 meses, ap\u00f3s uma reabilita\u00e7\u00e3o bucal completa com dissilicato de l\u00edtio, realizada com um OVD aumentado. Os autores descreveram um desempenho satisfat\u00f3rio e discutiram um aumento de 2 a 4 mm como um intervalo previs\u00edvel para esse contexto cl\u00ednico espec\u00edfico. Trata-se de uma evid\u00eancia \u00fatil, mas continua a ser um \u00fanico caso e um \u00fanico padr\u00e3o da doen\u00e7a \u2014 n\u00e3o um protocolo universal.<\/p>\n\n\n\n<h2 class=\"wp-block-heading\">Um quadro de decis\u00e3o pr\u00e1tico para aumentar a dimens\u00e3o vertical<\/h2>\n\n\n\n<figure class=\"wp-block-table\"><table class=\"has-fixed-layout\"><thead><tr><th>Achado cl\u00ednico<\/th><th>O que isso pode justificar<\/th><th>O que isso n\u00e3o prova<\/th><th>Verifica\u00e7\u00e3o antes do tratamento definitivo<\/th><\/tr><\/thead><tbody><tr><td>Desgaste generalizado grave<\/td><td>Necessidade de um espa\u00e7o restaurador e de um redesenho oclusal<\/td><td>Perda autom\u00e1tica do OVD<\/td><td>An\u00e1lise facial, padr\u00e3o de erup\u00e7\u00e3o ou de compensa\u00e7\u00e3o, registos em suporte f\u00edsico ou digitais<\/td><\/tr><tr><td>Exposi\u00e7\u00e3o reduzida dos dentes incisivos<\/td><td>Poss\u00edvel altera\u00e7\u00e3o na posi\u00e7\u00e3o da borda ou no OVD<\/td><td>S\u00f3 essa corre\u00e7\u00e3o da oclus\u00e3o j\u00e1 vai melhorar o sorriso<\/td><td>Repouso, sorriso, fon\u00e9tica, mobilidade labial, modelo aprovado<\/td><\/tr><tr><td>Espa\u00e7o livre posterior limitado<\/td><td>Aumento aditivo ou altera\u00e7\u00e3o substancial<\/td><td>Que todos os dentes necessitam de cobertura total<\/td><td>Mapa de espa\u00e7o livre dente a dente e revis\u00e3o da prepara\u00e7\u00e3o<\/td><\/tr><tr><td>Mordida profunda<\/td><td>\u00c9 necess\u00e1rio redesenhar o acoplamento anterior<\/td><td>Que as facetas permitem efetuar a corre\u00e7\u00e3o com seguran\u00e7a<\/td><td>An\u00e1lise da orienta\u00e7\u00e3o, sobremordida horizontal, sobremordida vertical, parafun\u00e7\u00e3o, suporte do esmalte<\/td><\/tr><tr><td>Sintomas musculares ou articulares<\/td><td>Necessidade de diagn\u00f3stico e tratamento revers\u00edvel<\/td><td>Que um aumento do OVD ir\u00e1 tratar a DTM<\/td><td>Exame das articula\u00e7\u00f5es e dos m\u00fasculos, estabiliza\u00e7\u00e3o revers\u00edvel quando indicado<\/td><\/tr><tr><td>Trabalho anterior de reabilita\u00e7\u00e3o bucal total mal sucedido<\/td><td>\u00c9 necess\u00e1rio reavaliar todo o sistema<\/td><td>Que o OVD anterior era demasiado baixo<\/td><td>An\u00e1lise de falhas: contactos, materiais, suporte, colagem, conce\u00e7\u00e3o, h\u00e1bitos<\/td><\/tr><tr><td>Procura est\u00e9tica por dentes mais compridos<\/td><td>Poss\u00edvel comprimento aditivo e design orientado pela face<\/td><td>Que as coroas mais compridas exigem um aumento da oclus\u00e3o<\/td><td>N\u00edveis gengivais, propor\u00e7\u00f5es das coroas, din\u00e2mica labial, fon\u00e9tica<\/td><\/tr><tr><td>Implantes mistos e dentes naturais<\/td><td>Necessidade de uma gest\u00e3o diferenciada da carga<\/td><td>Esse \u00fanico material ou esquema de contacto serve para todas as unidades<\/td><td>Posi\u00e7\u00e3o do implante, tipo de suporte, carga oclusal, capacidade de remo\u00e7\u00e3o<\/td><\/tr><\/tbody><\/table><\/figure>\n\n\n\n<h2 class=\"wp-block-heading\">A fase provis\u00f3ria: \u00fatil, mas n\u00e3o sagrada<\/h2>\n\n\n\n<p class=\"wp-block-paragraph\">\u00c9 aqui que muitos m\u00e9dicos seguem a tradi\u00e7\u00e3o sem verificar as evid\u00eancias.<\/p>\n\n\n\n<p class=\"wp-block-paragraph\">Uma revis\u00e3o sistem\u00e1tica de 2025 publicada na <em>Revista de Dentisteria Est\u00e9tica e Restauradora<\/em> Analisou 1 188 publica\u00e7\u00f5es e identificou um ensaio cl\u00ednico aleat\u00f3rio controlado, al\u00e9m de 103 relat\u00f3rios n\u00e3o comparativos. Oitenta relat\u00f3rios inclu\u00edram uma fase de avalia\u00e7\u00e3o; 23 n\u00e3o o fizeram. A revis\u00e3o n\u00e3o encontrou evid\u00eancias atuais de que um per\u00edodo de avalia\u00e7\u00e3o melhore os resultados cl\u00ednicos ou os resultados relatados pelos doentes, embora as restaura\u00e7\u00f5es provis\u00f3rias fixas possam ajudar a gerir as expectativas e a sequ\u00eancia do tratamento. Os dispositivos remov\u00edveis no ECR inclu\u00eddo tenderam a causar dificuldades de mastiga\u00e7\u00e3o, pron\u00fancia pouco clara e desconforto est\u00e9tico.<\/p>\n\n\n\n<p class=\"wp-block-paragraph\">Essa conclus\u00e3o deve deixar a profiss\u00e3o desconfort\u00e1vel.<\/p>\n\n\n\n<p class=\"wp-block-paragraph\">Isso n\u00e3o significa que as pr\u00f3teses provis\u00f3rias sejam in\u00fateis. Significa que devemos deixar de apresentar um teste com uma tala remov\u00edvel como prova cient\u00edfica de que a OVD final est\u00e1 correta. Um mock-up fixo, um prot\u00f3tipo aditivo colado ou uma pr\u00f3tese provis\u00f3ria bem controlada ainda podem revelar problemas relacionados com a exposi\u00e7\u00e3o dent\u00e1ria, a fon\u00e9tica, o apoio labial, os contactos oclusais, o acesso para higiene e a aceita\u00e7\u00e3o por parte do doente.<\/p>\n\n\n\n<p class=\"wp-block-paragraph\">\u00c9 uma ferramenta de comunica\u00e7\u00e3o e de sequenciamento. Por vezes, \u00e9 tamb\u00e9m um filtro funcional. Mas n\u00e3o \u00e9 magia.<\/p>\n\n\n\n<p class=\"wp-block-paragraph\">A minha prefer\u00eancia \u00e9 simples: recorrer a uma fase provis\u00f3ria quando a complexidade do caso, os sintomas, a incerteza do doente ou a dimens\u00e3o de um tratamento irrevers\u00edvel justifiquem a recolha de informa\u00e7\u00f5es. N\u00e3o a utilize como um ritual que atrase o tratamento sem conduzir a decis\u00f5es.<\/p>\n\n\n\n<h2 class=\"wp-block-heading\">A est\u00e9tica, a fon\u00e9tica e a fun\u00e7\u00e3o t\u00eam de estar em conson\u00e2ncia<\/h2>\n\n\n\n<p class=\"wp-block-paragraph\">Um caso de est\u00e9tica bucal total pode ter um aspeto excelente numa fotografia est\u00e1tica com os l\u00e1bios retra\u00eddos e, mesmo assim, n\u00e3o ficar bem em movimento.<\/p>\n\n\n\n<h3 class=\"wp-block-heading\">Posi\u00e7\u00e3o da borda incisal<\/h3>\n\n\n\n<p class=\"wp-block-paragraph\">A borda incisal maxilar deve ser avaliada em repouso, num sorriso completo, durante a fala e de perfil. O aumento da OVD pode alterar a apar\u00eancia, mas n\u00e3o deve ser utilizado para compensar um comprimento dent\u00e1rio ou uma arquitetura gengival mal planeados.<\/p>\n\n\n\n<h3 class=\"wp-block-heading\">Fon\u00e9tica<\/h3>\n\n\n\n<p class=\"wp-block-paragraph\">\u201cOs sons \u201dS\u201c ajudam a avaliar o espa\u00e7o de fala mais pr\u00f3ximo e a rela\u00e7\u00e3o entre os dentes anteriores. Os sons \u201dF\u201c e \u201dV\u00bb ajudam a avaliar a posi\u00e7\u00e3o da borda incisal maxilar em rela\u00e7\u00e3o \u00e0 linha h\u00famida-seca do l\u00e1bio inferior. Uma pr\u00f3tese provis\u00f3ria que tenha um aspeto bonito, mas que provoque um assobio, um ceceio ou uma postura mandibular for\u00e7ada, n\u00e3o est\u00e1 conclu\u00edda.<\/p>\n\n\n\n<h3 class=\"wp-block-heading\">Orienta\u00e7\u00e3o anterior<\/h3>\n\n\n\n<p class=\"wp-block-paragraph\">A nova orienta\u00e7\u00e3o anterior deve ser concebida em conjunto com as restaura\u00e7\u00f5es posteriores, e n\u00e3o ap\u00f3s estas. Uma orienta\u00e7\u00e3o excessivamente acentuada pode sobrecarregar os incisivos, os caninos, as cer\u00e2micas coladas e os implantes. Uma orienta\u00e7\u00e3o insuficiente pode dar origem a contactos excursivos destrutivos na regi\u00e3o posterior.<\/p>\n\n\n\n<h3 class=\"wp-block-heading\">Paragens posteriores<\/h3>\n\n\n\n<p class=\"wp-block-paragraph\">A equipa deve definir onde se situam os contactos c\u00eantricos, de que forma devem distribuir-se uniformemente e como ser\u00e3o verificados. \u201cUniformizar a oclus\u00e3o\u201d n\u00e3o \u00e9 uma instru\u00e7\u00e3o laboratorial \u00fatil.<\/p>\n\n\n\n<h3 class=\"wp-block-heading\">Adapta\u00e7\u00e3o do doente<\/h3>\n\n\n\n<p class=\"wp-block-paragraph\">Os doentes podem adaptar-se a um OVD mais elevado, mas essa adapta\u00e7\u00e3o n\u00e3o deve ser confundida com uma prova de que o desenho \u00e9 ideal. Um doente pode tolerar uma pr\u00f3tese provis\u00f3ria med\u00edocre. Isso n\u00e3o significa que devamos reproduzi-la em cer\u00e2mica definitiva.<\/p>\n\n\n\n<h2 class=\"wp-block-heading\">A escolha do material altera a equa\u00e7\u00e3o da dimens\u00e3o vertical<\/h2>\n\n\n\n<p class=\"wp-block-paragraph\">Um espa\u00e7o restaurador n\u00e3o tem sentido sem um material.<\/p>\n\n\n\n<p class=\"wp-block-paragraph\">O dissilicato de l\u00edtio \u00e9 uma vitrocer\u00e2mica composta por cristais de Li\u2082Si\u2082O\u2085, enquanto a zirc\u00f3nia dent\u00e1ria se baseia no ZrO\u2082 e pode ser fornecida em formula\u00e7\u00f5es como 3Y-TZP, 4Y-PSZ ou 5Y-PSZ. Essas composi\u00e7\u00f5es diferem em termos de resist\u00eancia, translucidez, tratamento de superf\u00edcie, recomenda\u00e7\u00f5es de espessura m\u00ednima e comportamento de ades\u00e3o.<\/p>\n\n\n\n<p class=\"wp-block-paragraph\">Portanto, uma folga de 1,0 mm n\u00e3o \u00e9 algo universal.<\/p>\n\n\n\n<p class=\"wp-block-paragraph\">O artigo do site sobre <a href=\"https:\/\/artistdentallab.com\/pt\/how-should-anterior-and-posterior-materials-be-coordinated-in-full-mouth-rehabilitation\/\">coordena\u00e7\u00e3o de materiais anteriores e posteriores na reabilita\u00e7\u00e3o de boca inteira<\/a> defende a escolha dos materiais com base na visibilidade, no suporte, na espessura, na carga e na previsibilidade da ader\u00eancia, em vez de recorrer a uma regra simplista que op\u00f5e a face frontal \u00e0 traseira.<\/p>\n\n\n\n<p class=\"wp-block-paragraph\">No caso de bocas com risco misto, o guia correspondente a <a href=\"https:\/\/artistdentallab.com\/pt\/which-cases-are-best-for-combined-e-max-and-zirconia-restorative-plans\/\">Planos de restaura\u00e7\u00e3o combinados com E.max e zirc\u00f3nia<\/a> \u00e9 particularmente relevante. Explica por que raz\u00e3o um doente com uma linha do sorriso alta pode necessitar de dissilicato de l\u00edtio em determinadas unidades vis\u00edveis, enquanto as pontes posteriores, as coroas sobre implantes ou os dentes sujeitos a cargas elevadas podem justificar a utiliza\u00e7\u00e3o de zirc\u00f3nia.<\/p>\n\n\n\n<p class=\"wp-block-paragraph\">Eis a parte inc\u00f3moda: abrir a mordida para \u201cfazer espa\u00e7o para a zirc\u00f3nia em todo o lado\u201d pode ser menos conservador do que utilizar um plano de materiais mais inteligente. E reduzir todos os dentes para uma \u00fanica fam\u00edlia de cer\u00e2micas pode destruir a vantagem biol\u00f3gica que o aumento do OVD deveria proporcionar.<\/p>\n\n\n\n<figure class=\"wp-block-image size-large\"><img decoding=\"async\" width=\"1024\" height=\"588\" src=\"https:\/\/artistdentallab.com\/wp-content\/uploads\/2026\/07\/What-Should-Be-Considered-When-Adjusting-Vertical-Dimension-in-Full-Mouth-Esthetic-Cases-2-1024x588.jpg\" alt=\"O que deve ser tido em conta ao ajustar a dimens\u00e3o vertical em casos de est\u00e9tica bucal total\" class=\"wp-image-1517\" title=\"\" srcset=\"https:\/\/artistdentallab.com\/wp-content\/uploads\/2026\/07\/What-Should-Be-Considered-When-Adjusting-Vertical-Dimension-in-Full-Mouth-Esthetic-Cases-2-1024x588.jpg 1024w, https:\/\/artistdentallab.com\/wp-content\/uploads\/2026\/07\/What-Should-Be-Considered-When-Adjusting-Vertical-Dimension-in-Full-Mouth-Esthetic-Cases-2-300x172.jpg 300w, https:\/\/artistdentallab.com\/wp-content\/uploads\/2026\/07\/What-Should-Be-Considered-When-Adjusting-Vertical-Dimension-in-Full-Mouth-Esthetic-Cases-2-768x441.jpg 768w, https:\/\/artistdentallab.com\/wp-content\/uploads\/2026\/07\/What-Should-Be-Considered-When-Adjusting-Vertical-Dimension-in-Full-Mouth-Esthetic-Cases-2-18x10.jpg 18w, https:\/\/artistdentallab.com\/wp-content\/uploads\/2026\/07\/What-Should-Be-Considered-When-Adjusting-Vertical-Dimension-in-Full-Mouth-Esthetic-Cases-2-500x287.jpg 500w, https:\/\/artistdentallab.com\/wp-content\/uploads\/2026\/07\/What-Should-Be-Considered-When-Adjusting-Vertical-Dimension-in-Full-Mouth-Esthetic-Cases-2-600x345.jpg 600w, https:\/\/artistdentallab.com\/wp-content\/uploads\/2026\/07\/What-Should-Be-Considered-When-Adjusting-Vertical-Dimension-in-Full-Mouth-Esthetic-Cases-2.jpg 1448w\" sizes=\"(max-width: 1024px) 100vw, 1024px\" \/><\/figure>\n\n\n\n<h2 class=\"wp-block-heading\">Os registos digitais podem preservar um erro na perfei\u00e7\u00e3o<\/h2>\n\n\n\n<p class=\"wp-block-paragraph\">Os fluxos de trabalho digitais s\u00f3 s\u00e3o precisos quando os dados introduzidos est\u00e3o corretos.<\/p>\n\n\n\n<p class=\"wp-block-paragraph\">Um caso de pr\u00f3tese total deve incluir digitaliza\u00e7\u00f5es verificadas do maxilar superior e da mand\u00edbula, uma oclus\u00e3o reproduz\u00edvel na OVD proposta, fotografias faciais e intraorais, uma digitaliza\u00e7\u00e3o da pr\u00f3tese provis\u00f3ria ou do modelo de simula\u00e7\u00e3o aprovado, tonalidades dos mon\u00e7\u00f5es, informa\u00e7\u00f5es sobre os implantes, atribui\u00e7\u00f5es de materiais e instru\u00e7\u00f5es oclusais por escrito.<\/p>\n\n\n\n<p class=\"wp-block-paragraph\">N\u00e3o se deve pedir ao laborat\u00f3rio que adivinhe a posi\u00e7\u00e3o da mand\u00edbula a partir de duas arcadas que n\u00e3o se articulam de forma convincente.<\/p>\n\n\n\n<p class=\"wp-block-paragraph\">No que diz respeito \u00e0s unidades anteriores, a lista de verifica\u00e7\u00e3o do site sobre <a href=\"https:\/\/artistdentallab.com\/pt\/what-information-must-be-submitted-to-the-lab-for-anterior-veneer-cases\/\">documenta\u00e7\u00e3o necess\u00e1ria para os processos relativos a folheados<\/a> constitui um padr\u00e3o m\u00ednimo \u00fatil: radiografias de prepara\u00e7\u00e3o, radiografias da arcada oposta, dados de oclus\u00e3o, fotografias, informa\u00e7\u00f5es sobre tonalidades, tonalidades do mon\u00e7\u00e3o, notas funcionais e refer\u00eancias est\u00e9ticas aprovadas.<\/p>\n\n\n\n<p class=\"wp-block-paragraph\">E mesmo quando o design j\u00e1 est\u00e1 em formato digital, o controlo de qualidade continua a ser importante. O guia para <a href=\"https:\/\/artistdentallab.com\/pt\/what-are-the-critical-qc-points-in-a-digital-veneer-workflow-from-scan-to-delivery\/\">Controlo de qualidade do fluxo de trabalho de facetas digitais, desde a digitaliza\u00e7\u00e3o at\u00e9 \u00e0 entrega<\/a> destaca os controlos de aprova\u00e7\u00e3o relativos \u00e0 qualidade da digitaliza\u00e7\u00e3o, margens, par\u00e2metros CAD, processamento do material, ajuste, est\u00e9tica e entrega.<\/p>\n\n\n\n<p class=\"wp-block-paragraph\">Os dados incorretos propagam-se rapidamente.<\/p>\n\n\n\n<p class=\"wp-block-paragraph\">Um scanner consegue captar uma oclus\u00e3o inst\u00e1vel com um n\u00edvel de detalhe extraordin\u00e1rio. O software CAD consegue reproduzir um desenho com abertura excessiva em 28 unidades. As fresadoras conseguem fabricar o erro com uma precis\u00e3o da ordem dos m\u00edcrons. A tecnologia n\u00e3o corrige um diagn\u00f3stico fraco; industrializa-o.<\/p>\n\n\n\n<h2 class=\"wp-block-heading\">Os documentos de que necessitaria antes da conce\u00e7\u00e3o final<\/h2>\n\n\n\n<p class=\"wp-block-paragraph\">Para uma reabilita\u00e7\u00e3o est\u00e9tica completa e exaustiva da boca, esperaria que o dossi\u00ea do caso inclu\u00edsse:<\/p>\n\n\n\n<ul class=\"wp-block-list\">\n<li>Fotografias de rosto inteiro, em repouso e a sorrir<\/li>\n\n\n\n<li>Perfil e vistas faciais de tr\u00eas quartos<\/li>\n\n\n\n<li>Fotografias intraorais frontais e laterais com retra\u00e7\u00e3o<\/li>\n\n\n\n<li>Fotografias oclusais do maxilar superior e da mand\u00edbula<\/li>\n\n\n\n<li>Fotografias com abas de sombra e sombras de tocos<\/li>\n\n\n\n<li>Digitaliza\u00e7\u00f5es intraorais ou moldes pr\u00e9-operat\u00f3rios<\/li>\n\n\n\n<li>Arco oposto e registos de oclus\u00e3o verificados<\/li>\n\n\n\n<li>Registo da rela\u00e7\u00e3o c\u00eantrica, quando indicado<\/li>\n\n\n\n<li>Pontos de refer\u00eancia OVD existentes e propostos<\/li>\n\n\n\n<li>Maquete de diagn\u00f3stico ou projeto digital<\/li>\n\n\n\n<li>Maquete aprovada ou digitaliza\u00e7\u00e3o provis\u00f3ria<\/li>\n\n\n\n<li>Espa\u00e7o de restaura\u00e7\u00e3o dente a dente<\/li>\n\n\n\n<li>Mapa de materiais para cada unidade<\/li>\n\n\n\n<li>Informa\u00e7\u00f5es sobre o sistema de implantes, os componentes e a emerg\u00eancia<\/li>\n\n\n\n<li>Esquema oclusal, orienta\u00e7\u00e3o e instru\u00e7\u00f5es relativas ao contacto<\/li>\n\n\n\n<li>Parafun\u00e7\u00e3o e hist\u00f3rico de fraturas<\/li>\n\n\n\n<li>Textura, translucidez e brilho da superf\u00edcie desejados<\/li>\n\n\n\n<li>Restri\u00e7\u00f5es de cimenta\u00e7\u00e3o ou de liga\u00e7\u00e3o<\/li>\n\n\n\n<li>Fotografias aprovadas pelos doentes ou refer\u00eancias de design<\/li>\n<\/ul>\n\n\n\n<p class=\"wp-block-paragraph\">N\u00e3o se trata de burocracia por si s\u00f3. Trata-se do conjunto m\u00ednimo de dados necess\u00e1rio para transmitir uma decis\u00e3o cl\u00ednica tridimensional a um t\u00e9cnico que n\u00e3o se encontrava na sala de tratamento.<\/p>\n\n\n\n<h2 class=\"wp-block-heading\">Padr\u00f5es comuns de falha que ningu\u00e9m gosta de admitir<\/h2>\n\n\n\n<h3 class=\"wp-block-heading\">O aumento foi escolhido com base apenas no modelo em cera<\/h3>\n\n\n\n<p class=\"wp-block-paragraph\">Um modelo em cera permite visualizar o espa\u00e7o e a forma. N\u00e3o permite, por si s\u00f3, diagnosticar o estado das articula\u00e7\u00f5es, o conforto muscular, a repetibilidade da oclus\u00e3o ou a fala.<\/p>\n\n\n\n<h3 class=\"wp-block-heading\">A equipa mediu o OVD em diferentes pontos de refer\u00eancia<\/h3>\n\n\n\n<p class=\"wp-block-paragraph\">O dentista refere-se a 3 mm nos incisivos. O t\u00e9cnico aplica 3 mm no pino do articulador. Os registos provis\u00f3rios e definitivos j\u00e1 n\u00e3o coincidem. Todos consideram ent\u00e3o essa discrep\u00e2ncia \u201cmenor\u201d.\u201d<\/p>\n\n\n\n<p class=\"wp-block-paragraph\">N\u00e3o \u00e9 uma quest\u00e3o menor.<\/p>\n\n\n\n<h3 class=\"wp-block-heading\">O documento provis\u00f3rio nunca foi digitalizado<\/h3>\n\n\n\n<p class=\"wp-block-paragraph\">O doente aprova o projeto provis\u00f3rio, mas o projeto definitivo parte do modelo em cera original. Pequenas altera\u00e7\u00f5es na posi\u00e7\u00e3o das bordas, no contorno, nas embrasuras e nos contactos desaparecem.<\/p>\n\n\n\n<h3 class=\"wp-block-heading\">O material mudou ap\u00f3s a prepara\u00e7\u00e3o do dente<\/h3>\n\n\n\n<p class=\"wp-block-paragraph\">As prepara\u00e7\u00f5es foram concebidas para o dissilicato de l\u00edtio colado, mas o plano passou a ser a zirc\u00f3nia devido ao bruxismo. A espessura, a reten\u00e7\u00e3o, o tratamento da superf\u00edcie e o comportamento est\u00e9tico alteraram-se, mas a prepara\u00e7\u00e3o manteve-se inalterada.<\/p>\n\n\n\n<h3 class=\"wp-block-heading\">Foi pedido ao laborat\u00f3rio para \u201cabrir a mordida\u201d<\/h3>\n\n\n\n<p class=\"wp-block-paragraph\">Essa instru\u00e7\u00e3o transfere a responsabilidade sem transferir informa\u00e7\u00e3o. O OVD proposto, o ponto de refer\u00eancia, o projeto aprovado, o esquema de contacto e a justifica\u00e7\u00e3o cl\u00ednica devem ser explicitados.<\/p>\n\n\n\n<h2 class=\"wp-block-heading\">FAQs<\/h2>\n\n\n\n<h3 class=\"wp-block-heading\">Como se determina a dimens\u00e3o vertical oclusal numa reabilita\u00e7\u00e3o bucal total?<\/h3>\n\n\n\n<p class=\"wp-block-paragraph\">A dimens\u00e3o vertical oclusal na reabilita\u00e7\u00e3o bucal total \u00e9 determinada atrav\u00e9s da combina\u00e7\u00e3o da an\u00e1lise facial, da exposi\u00e7\u00e3o incisal, da fon\u00e9tica, do espa\u00e7o de repouso interoclusal, dos padr\u00f5es de desgaste existentes, dos resultados relativos \u00e0s articula\u00e7\u00f5es e aos m\u00fasculos, da folga restauradora, dos registos montados ou digitais e de um projeto provis\u00f3rio aprovado pelo doente; nenhuma medi\u00e7\u00e3o isolada \u00e9 suficientemente fi\u00e1vel para determinar, por si s\u00f3, a posi\u00e7\u00e3o final.<\/p>\n\n\n\n<p class=\"wp-block-paragraph\">A posi\u00e7\u00e3o final deve corresponder \u00e0 menor altera\u00e7\u00e3o que resolva o problema restaurador e est\u00e9tico, preservando simultaneamente uma fun\u00e7\u00e3o confort\u00e1vel e uma rela\u00e7\u00e3o mandibular reprodut\u00edvel.<\/p>\n\n\n\n<h3 class=\"wp-block-heading\">Em que medida \u00e9 poss\u00edvel aumentar a dimens\u00e3o vertical da oclus\u00e3o?<\/h3>\n\n\n\n<p class=\"wp-block-paragraph\">A dimens\u00e3o vertical da oclus\u00e3o deve ser aumentada apenas na medida m\u00ednima necess\u00e1ria para criar espa\u00e7o para a restaura\u00e7\u00e3o, melhorar a exposi\u00e7\u00e3o dent\u00e1ria, estabelecer contactos est\u00e1veis e dar suporte aos materiais selecionados; as revis\u00f5es publicadas t\u00eam abordado aumentos at\u00e9 5 mm, mas esse valor constitui um limite poss\u00edvel, n\u00e3o uma prescri\u00e7\u00e3o padr\u00e3o para todos os doentes.<\/p>\n\n\n\n<p class=\"wp-block-paragraph\">O ponto de medi\u00e7\u00e3o deve ser sempre indicado, uma vez que um aumento incisal e um aumento posterior n\u00e3o s\u00e3o intercambi\u00e1veis.<\/p>\n\n\n\n<h3 class=\"wp-block-heading\">\u00c9 sempre necess\u00e1rio um per\u00edodo de avalia\u00e7\u00e3o provis\u00f3ria antes de aumentar o OVD?<\/h3>\n\n\n\n<p class=\"wp-block-paragraph\">N\u00e3o \u00e9 universalmente exigido um per\u00edodo de avalia\u00e7\u00e3o provis\u00f3ria antes do aumento do OVD, uma vez que uma revis\u00e3o sistem\u00e1tica de 2025 n\u00e3o encontrou evid\u00eancias claras de que tal melhore os resultados cl\u00ednicos ou os resultados relatados pelos doentes; no entanto, as pr\u00f3teses provis\u00f3rias fixas ou os prot\u00f3tipos colados continuam a ser valiosos para testar a est\u00e9tica, a fon\u00e9tica, a higiene, a sequ\u00eancia de coloca\u00e7\u00e3o, as expectativas dos doentes e a transposi\u00e7\u00e3o de um projeto aprovado.<\/p>\n\n\n\n<p class=\"wp-block-paragraph\">Os aparelhos remov\u00edveis podem continuar a ser adequados em determinadas situa\u00e7\u00f5es de diagn\u00f3stico ou relacionadas com a DTM, mas n\u00e3o devem ser considerados como prova autom\u00e1tica de que uma OVD definitiva est\u00e1 correta.<\/p>\n\n\n\n<h3 class=\"wp-block-heading\">Que documenta\u00e7\u00e3o deve ser enviada ao laborat\u00f3rio dent\u00e1rio para um caso de OVD de boca inteira?<\/h3>\n\n\n\n<p class=\"wp-block-paragraph\">Um caso de OVD de boca inteira deve incluir digitaliza\u00e7\u00f5es completas das arcadas dent\u00e1rias, uma oclus\u00e3o verificada na posi\u00e7\u00e3o proposta, fotografias faciais e intraorais, registos de tonalidade e tonalidade do mon\u00e7\u00e3o, um wax-up aprovado ou uma digitaliza\u00e7\u00e3o provis\u00f3ria, atribui\u00e7\u00f5es de material dente a dente, dados de espa\u00e7o livre para restaura\u00e7\u00e3o, detalhes dos implantes e instru\u00e7\u00f5es por escrito relativas aos contactos c\u00eantricos e \u00e0 orienta\u00e7\u00e3o excursiva.<\/p>\n\n\n\n<p class=\"wp-block-paragraph\">A receita m\u00e9dica deve tamb\u00e9m indicar o ponto de refer\u00eancia exato utilizado para o aumento solicitado.<\/p>\n\n\n\n<h3 class=\"wp-block-heading\">O aumento da dimens\u00e3o vertical oclusal pode causar dor na ATM?<\/h3>\n\n\n\n<p class=\"wp-block-paragraph\">O aumento da dimens\u00e3o vertical oclusal pode provocar sintomas musculares ou articulares tempor\u00e1rios em alguns doentes, mas a literatura refere, em geral, que ocorre uma adapta\u00e7\u00e3o quando o aumento \u00e9 devidamente indicado e controlado; a DTM ativa, a oclus\u00e3o inst\u00e1vel, a restri\u00e7\u00e3o de movimento ou a dor significativa devem ser diagnosticadas e tratadas de forma revers\u00edvel antes de se prosseguir com um tratamento irrevers\u00edvel de toda a boca.<\/p>\n\n\n\n<p class=\"wp-block-paragraph\">Um aumento do OVD nunca deve ser apresentado como uma cura isolada para as perturba\u00e7\u00f5es temporomandibulares.<\/p>\n\n\n\n<h2 class=\"wp-block-heading\">Prepare o projeto antes de criar as pe\u00e7as de cer\u00e2mica<\/h2>\n\n\n\n<p class=\"wp-block-paragraph\">Os melhores casos de est\u00e9tica bucal total n\u00e3o come\u00e7am com uma tabela de cores ou uma marca de material. Come\u00e7am com uma posi\u00e7\u00e3o mandibular fundamentada, uma necessidade de restaura\u00e7\u00e3o mensur\u00e1vel, um desenho facial aprovado pelo doente e registos suficientemente detalhados para que o laborat\u00f3rio possa reproduzir o plano sem ter de adivinhar.<\/p>\n\n\n\n<p class=\"wp-block-paragraph\">A minha regra \u00e9 rigorosa, mas justa: se a equipa n\u00e3o conseguir explicar por que raz\u00e3o o OVD est\u00e1 a ser alterado, onde \u00e9 que a altera\u00e7\u00e3o \u00e9 medida, que problema resolve, como foi verificada e como \u00e9 que a oclus\u00e3o final ser\u00e1 controlada, o caso n\u00e3o est\u00e1 pronto para a fabrica\u00e7\u00e3o definitiva.<\/p>\n\n\n\n<p class=\"wp-block-paragraph\">Para uma an\u00e1lise t\u00e9cnica de digitaliza\u00e7\u00f5es, registos de oclus\u00e3o, atribui\u00e7\u00f5es de materiais ou um caso experimental de pr\u00f3tese total, <a href=\"https:\/\/artistdentallab.com\/pt\/contact\/\">Contacte a Artist Dental Lab<\/a> e enviar o pacote de diagn\u00f3stico completo antes do in\u00edcio da produ\u00e7\u00e3o.<\/p>","protected":false},"excerpt":{"rendered":"<p>O ajuste da dimens\u00e3o vertical oclusal n\u00e3o consiste simplesmente em \u201cabrir a mordida\u201d. Trata-se de uma reformula\u00e7\u00e3o controlada do espa\u00e7o restaurador, da exposi\u00e7\u00e3o anterior, da posi\u00e7\u00e3o mandibular, dos contactos oclusais, da fon\u00e9tica e da espessura do material. Este guia explica o que os cl\u00ednicos e os laborat\u00f3rios devem verificar antes da confe\u00e7\u00e3o da primeira restaura\u00e7\u00e3o definitiva.<\/p>","protected":false},"author":1,"featured_media":1515,"comment_status":"open","ping_status":"open","sticky":false,"template":"","format":"standard","meta":{"footnotes":""},"categories":[1],"tags":[545,543,538,546,529,544,547,548],"class_list":["post-1513","post","type-post","status-publish","format-standard","has-post-thumbnail","hentry","category-buyer-guides","tag-bite-raising","tag-dental-laboratory","tag-digital-dentistry","tag-full-mouth-esthetic-rehabilitation","tag-full-mouth-rehabilitation-2","tag-occlusal-vertical-dimension","tag-prosthodontics","tag-worn-dentition"],"blocksy_meta":{"styles_descriptor":{"styles":{"desktop":"","tablet":"","mobile":""},"google_fonts":[],"version":7}},"_links":{"self":[{"href":"https:\/\/artistdentallab.com\/pt\/wp-json\/wp\/v2\/posts\/1513","targetHints":{"allow":["GET"]}}],"collection":[{"href":"https:\/\/artistdentallab.com\/pt\/wp-json\/wp\/v2\/posts"}],"about":[{"href":"https:\/\/artistdentallab.com\/pt\/wp-json\/wp\/v2\/types\/post"}],"author":[{"embeddable":true,"href":"https:\/\/artistdentallab.com\/pt\/wp-json\/wp\/v2\/users\/1"}],"replies":[{"embeddable":true,"href":"https:\/\/artistdentallab.com\/pt\/wp-json\/wp\/v2\/comments?post=1513"}],"version-history":[{"count":2,"href":"https:\/\/artistdentallab.com\/pt\/wp-json\/wp\/v2\/posts\/1513\/revisions"}],"predecessor-version":[{"id":1518,"href":"https:\/\/artistdentallab.com\/pt\/wp-json\/wp\/v2\/posts\/1513\/revisions\/1518"}],"wp:featuredmedia":[{"embeddable":true,"href":"https:\/\/artistdentallab.com\/pt\/wp-json\/wp\/v2\/media\/1515"}],"wp:attachment":[{"href":"https:\/\/artistdentallab.com\/pt\/wp-json\/wp\/v2\/media?parent=1513"}],"wp:term":[{"taxonomy":"category","embeddable":true,"href":"https:\/\/artistdentallab.com\/pt\/wp-json\/wp\/v2\/categories?post=1513"},{"taxonomy":"post_tag","embeddable":true,"href":"https:\/\/artistdentallab.com\/pt\/wp-json\/wp\/v2\/tags?post=1513"}],"curies":[{"name":"wp","href":"https:\/\/api.w.org\/{rel}","templated":true}]}}