{"id":1528,"date":"2026-07-13T08:31:37","date_gmt":"2026-07-13T08:31:37","guid":{"rendered":"https:\/\/artistdentallab.com\/"},"modified":"2026-07-13T08:34:29","modified_gmt":"2026-07-13T08:34:29","slug":"the-five-esthetic-goals-every-veneer-case-should-define-before-design","status":"publish","type":"post","link":"https:\/\/artistdentallab.com\/pt\/the-five-esthetic-goals-every-veneer-case-should-define-before-design\/","title":{"rendered":"Os cinco objetivos est\u00e9ticos que cada caso de facetas deve definir antes do planeamento"},"content":{"rendered":"<p class=\"wp-block-paragraph\">O design vem em segundo lugar.<\/p>\n\n\n\n<p class=\"wp-block-paragraph\">Antes de um t\u00e9cnico deslocar um dente digital, antes de um cl\u00ednico aprovar um modelo em cera e, certamente, antes de algu\u00e9m preparar o esmalte, a equipa deve chegar a um consenso sobre o que o sorriso final dever\u00e1 conseguir no rosto, na boca e no \u00e2mbito funcional do doente.<\/p>\n\n\n\n<p class=\"wp-block-paragraph\">Porque \u00e9 que isto continua a ser controverso?<\/p>\n\n\n\n<p class=\"wp-block-paragraph\">Porque o mercado das facetas dent\u00e1rias ficou obcecado com as ferramentas. Scanners intraorais. Scanners faciais. Bibliotecas CAD. Intelig\u00eancia artificial. Design digital do sorriso. Dissilicato de l\u00edtio de elevada translucidez. No entanto, nenhuma dessas tecnologias consegue responder \u00e0 quest\u00e3o mais b\u00e1sica: <strong>O que \u00e9 que estamos exatamente a tentar alcan\u00e7ar?<\/strong><\/p>\n\n\n\n<p class=\"wp-block-paragraph\">A minha opini\u00e3o sincera \u00e9 que muitas facetas dent\u00e1rias dececionantes n\u00e3o resultam de falhas de fabrico. Resultam de objetivos mal definidos.<\/p>\n\n\n\n<p class=\"wp-block-paragraph\">\u201cNatural.\u201d<\/p>\n\n\n\n<p class=\"wp-block-paragraph\">\u201cBrilhante.\u201d<\/p>\n\n\n\n<p class=\"wp-block-paragraph\">\u201cMais cheio.\u201d<\/p>\n\n\n\n<p class=\"wp-block-paragraph\">\u201cGosta desta foto do Instagram.\u201d<\/p>\n\n\n\n<p class=\"wp-block-paragraph\">Trata-se de prefer\u00eancias, n\u00e3o de instru\u00e7\u00f5es de conce\u00e7\u00e3o. Um caso s\u00e9rio de facetas requer par\u00e2metros mensur\u00e1veis para a face, os dentes, a gengiva, o comportamento \u00f3tico e a fun\u00e7\u00e3o. Qualquer coisa menos do que isso obriga o laborat\u00f3rio a tomar decis\u00f5es cl\u00ednicas com base em suposi\u00e7\u00f5es.<\/p>\n\n\n\n<figure class=\"wp-block-image size-full\"><img fetchpriority=\"high\" decoding=\"async\" width=\"900\" height=\"600\" src=\"https:\/\/artistdentallab.com\/wp-content\/uploads\/2026\/07\/Veneer-4-1.jpg\" alt=\"Folheado\" class=\"wp-image-1531\" title=\"\" srcset=\"https:\/\/artistdentallab.com\/wp-content\/uploads\/2026\/07\/Veneer-4-1.jpg 900w, https:\/\/artistdentallab.com\/wp-content\/uploads\/2026\/07\/Veneer-4-1-300x200.jpg 300w, https:\/\/artistdentallab.com\/wp-content\/uploads\/2026\/07\/Veneer-4-1-768x512.jpg 768w, https:\/\/artistdentallab.com\/wp-content\/uploads\/2026\/07\/Veneer-4-1-18x12.jpg 18w, https:\/\/artistdentallab.com\/wp-content\/uploads\/2026\/07\/Veneer-4-1-500x333.jpg 500w, https:\/\/artistdentallab.com\/wp-content\/uploads\/2026\/07\/Veneer-4-1-600x400.jpg 600w\" sizes=\"(max-width: 900px) 100vw, 900px\" \/><\/figure>\n\n\n\n<h2 class=\"wp-block-heading\">Cinco objetivos que transformam um pedido de natureza est\u00e9tica num briefing de design<\/h2>\n\n\n\n<p class=\"wp-block-paragraph\">O planeamento do tratamento com facetas est\u00e9ticas deve definir cinco resultados antes de se iniciar a conce\u00e7\u00e3o das facetas de porcelana.<\/p>\n\n\n\n<figure class=\"wp-block-table\"><table class=\"has-fixed-layout\"><thead><tr><th>Objetivo est\u00e9tico<\/th><th>Decis\u00f5es que t\u00eam de ser definidas<\/th><th>Documenta\u00e7\u00e3o necess\u00e1ria<\/th><th>Falha comum quando ignorada<\/th><\/tr><\/thead><tbody><tr><td>Integra\u00e7\u00e3o facial e do contorno dos l\u00e1bios<\/td><td>Linha m\u00e9dia, plano incisal, exposi\u00e7\u00e3o dent\u00e1ria, arco do sorriso, largura vis\u00edvel da dentadura<\/td><td>Fotografias de rosto inteiro em repouso e a sorrir, v\u00eddeo, vista de perfil<\/td><td>Dentes bonitos que parecem inclinados, compridos, curtos ou mal posicionados no rosto<\/td><\/tr><tr><td>Propor\u00e7\u00e3o dent\u00e1ria e hierarquia visual<\/td><td>Domin\u00e2ncia central, rela\u00e7\u00f5es largura-comprimento, aberturas, transi\u00e7\u00e3o canina<\/td><td>Fotografias retiradas, digitaliza\u00e7\u00f5es, maquetes, refer\u00eancias aprovadas<\/td><td>Dentes planos, em forma de \u201ccerca de estacas\u201d, sem ritmo visual<\/td><\/tr><tr><td>Arquitetura gengival<\/td><td>Posi\u00e7\u00f5es zenitais, alturas dos tecidos, papilas, perfis de emerg\u00eancia<\/td><td>Registo periodontal, fotografias com retra\u00e7\u00e3o, exames dos tecidos<\/td><td>A cer\u00e2mica \u00e9 considerada respons\u00e1vel pela assimetria criada pelo tecido<\/td><\/tr><tr><td>Identidade \u00f3tica e caracter\u00edsticas da superf\u00edcie<\/td><td>Valor, croma, translucidez, opacidade, textura, brilho, controlo do sombreado com estump<\/td><td>Fotografias de tonalidades, tonalidades de tocos, imagens com polariza\u00e7\u00e3o cruzada, refer\u00eancias aos dentes adjacentes<\/td><td>Facetas que correspondem a uma amostra de tonalidade, mas que, mesmo assim, parecem artificiais<\/td><\/tr><tr><td>Est\u00e9tica funcional<\/td><td>Posi\u00e7\u00e3o da borda incisal, fon\u00e9tica, orienta\u00e7\u00e3o, sobremordida, parafun\u00e7\u00e3o, limita\u00e7\u00f5es do material<\/td><td>Registos da oclus\u00e3o, movimentos, testes fon\u00e9ticos, avalia\u00e7\u00e3o oclusal<\/td><td>Restaura\u00e7\u00f5es bonitas que se lascam, descolam, desgastam os dentes opostos ou for\u00e7am um movimento n\u00e3o natural da mand\u00edbula<\/td><\/tr><\/tbody><\/table><\/figure>\n\n\n\n<p class=\"wp-block-paragraph\">Este \u00e9 o resumo do projeto.<\/p>\n\n\n\n<p class=\"wp-block-paragraph\">O laborat\u00f3rio n\u00e3o deve receber um pedido vago para \u201cfazer oito facetas\u201d. Deve receber uma hierarquia de resultados, compromissos aceit\u00e1veis e limites inegoci\u00e1veis.<\/p>\n\n\n\n<h2 class=\"wp-block-heading\">Objetivo 1: Fazer com que as facetas se integrem no rosto<\/h2>\n\n\n\n<p class=\"wp-block-paragraph\">Uma faceta \u00e9 concebida para um dente, mas \u00e9 avaliada no rosto.<\/p>\n\n\n\n<p class=\"wp-block-paragraph\">Essa distin\u00e7\u00e3o \u00e9 importante porque um desenho anterior pode parecer maravilhosamente equilibrado numa fotografia recortada e retra\u00edda, mas parecer inclinado, demasiado grande ou estranhamente centrado quando os l\u00e1bios, o nariz, o queixo e os olhos voltam a aparecer no enquadramento.<\/p>\n\n\n\n<h3 class=\"wp-block-heading\">Definir as tr\u00eas linhas m\u00e9dias<\/h3>\n\n\n\n<p class=\"wp-block-paragraph\">No m\u00ednimo, documente:<\/p>\n\n\n\n<ul class=\"wp-block-list\">\n<li>A linha m\u00e9dia facial<\/li>\n\n\n\n<li>A linha m\u00e9dia dent\u00e1ria maxilar existente<\/li>\n\n\n\n<li>A linha m\u00e9dia restauradora proposta<\/li>\n<\/ul>\n\n\n\n<p class=\"wp-block-paragraph\">Podem n\u00e3o coincidir. Isso n\u00e3o constitui, por si s\u00f3, um problema.<\/p>\n\n\n\n<p class=\"wp-block-paragraph\">O problema surge quando ningu\u00e9m define quem deve assumir a responsabilidade pelo caso.<\/p>\n\n\n\n<p class=\"wp-block-paragraph\">Considero uma discrep\u00e2ncia de 1 mm como um ponto a analisar no projeto, e n\u00e3o como uma falha autom\u00e1tica. A partir dos 2 mm, a equipa deve realizar uma discuss\u00e3o expl\u00edcita. Desvios maiores podem exigir um planeamento ortod\u00f4ntico, periodontal, restaurador ou um compromisso informado, em vez de uma corre\u00e7\u00e3o silenciosa atrav\u00e9s de facetas mais largas ou mais estreitas.<\/p>\n\n\n\n<p class=\"wp-block-paragraph\">O guia do site sobre <a href=\"https:\/\/artistdentallab.com\/pt\/how-to-maintain-midline-and-symmetry-in-multi-veneer-cases\/\">Manuten\u00e7\u00e3o da linha m\u00e9dia e da simetria em casos com v\u00e1rias facetas<\/a> aprofunda este ponto: a linha m\u00e9dia facial, a linha m\u00e9dia dent\u00e1ria, a inclina\u00e7\u00e3o incisal, a rela\u00e7\u00e3o entre os incisivos centrais e a assimetria gengival devem ser registadas de forma independente.<\/p>\n\n\n\n<p class=\"wp-block-paragraph\">Uma linha n\u00e3o \u00e9 suficiente.<\/p>\n\n\n\n<h3 class=\"wp-block-heading\">Definir a posi\u00e7\u00e3o da borda incisal antes de definir a forma do dente<\/h3>\n\n\n\n<p class=\"wp-block-paragraph\">A borda incisal determina mais do que apenas o comprimento aparente do dente. Influencia a exposi\u00e7\u00e3o do dente em repouso, o arco do sorriso, a fon\u00e9tica, o apoio labial, a orienta\u00e7\u00e3o anterior e a apar\u00eancia mais ou menos jovem do sorriso.<\/p>\n\n\n\n<p class=\"wp-block-paragraph\">Antes de iniciar o projeto, registe:<\/p>\n\n\n\n<ul class=\"wp-block-list\">\n<li>Apresenta\u00e7\u00e3o dos incisivos maxilares em repouso<\/li>\n\n\n\n<li>Exposi\u00e7\u00e3o dos dentes incisivos durante um sorriso natural<\/li>\n\n\n\n<li>Exibi\u00e7\u00e3o m\u00e1xima do sorriso<\/li>\n\n\n\n<li>Rela\u00e7\u00e3o com a curvatura do l\u00e1bio inferior<\/li>\n\n\n\n<li>\u201cA fon\u00e9tica dos sons \u201dF\u201c, \u201dV\u201c e \u201dS\u00bb<\/li>\n\n\n\n<li>Desgaste existente e aumento previsto do comprimento<\/li>\n\n\n\n<li>Se o doente aceita uma maior exposi\u00e7\u00e3o dos dentes<\/li>\n<\/ul>\n\n\n\n<p class=\"wp-block-paragraph\">Um projeto digital do sorriso pode mostrar dentes mais compridos. N\u00e3o \u00e9 poss\u00edvel provar que o doente se sentir\u00e1 \u00e0 vontade ao falar com esses dentes.<\/p>\n\n\n\n<p class=\"wp-block-paragraph\">\u00c9 por isso que desconfio do planeamento com base em fotografias est\u00e1ticas quando este \u00e9 utilizado isoladamente. Um v\u00eddeo com um sorriso natural revela frequentemente assimetrias nos l\u00e1bios, a postura da cabe\u00e7a, compensa\u00e7\u00f5es musculares e a exposi\u00e7\u00e3o dos dentes que uma fotografia cuidadosamente posada esconde.<\/p>\n\n\n\n<p class=\"wp-block-paragraph\">Um estudo que analisa <a href=\"https:\/\/pubmed.ncbi.nlm.nih.gov\/21195262\/\" rel=\"nofollow noopener\" target=\"_blank\">Est\u00e9tica do sorriso na perspetiva do rosto completo de um leigo<\/a> refor\u00e7a a ideia geral: as vari\u00e1veis est\u00e9ticas s\u00e3o avaliadas de forma diferente quando se v\u00ea o rosto na totalidade, em vez de apenas os dentes e a parte inferior do rosto.<\/p>\n\n\n\n<p class=\"wp-block-paragraph\">Os doentes procuram um resultado vis\u00edvel no rosto. Devemos conceber um.<\/p>\n\n\n\n<h2 class=\"wp-block-heading\">Objetivo 2: Estabelecer uma hierarquia dent\u00e1ria, e n\u00e3o uma simetria mec\u00e2nica<\/h2>\n\n\n\n<p class=\"wp-block-paragraph\">Dentes perfeitamente iguais parecem estranhos.<\/p>\n\n\n\n<p class=\"wp-block-paragraph\">Os incisivos centrais devem, normalmente, chamar a aten\u00e7\u00e3o. Os incisivos laterais devem complement\u00e1-los, em vez de competir com eles. Os caninos devem direcionar o sorriso para a zona posterior, em vez de parecerem dois incisivos centrais adicionais.<\/p>\n\n\n\n<p class=\"wp-block-paragraph\">Isto \u00e9 a hierarquia visual.<\/p>\n\n\n\n<h3 class=\"wp-block-heading\">O dom\u00ednio central deve ser deliberado<\/h3>\n\n\n\n<p class=\"wp-block-paragraph\">Para cada incisivo central, defina:<\/p>\n\n\n\n<ul class=\"wp-block-list\">\n<li>Dura\u00e7\u00e3o prevista<\/li>\n\n\n\n<li>Largura aparente<\/li>\n\n\n\n<li>\u00c2ngulos das linhas faciais<\/li>\n\n\n\n<li>Forma da borda incisal<\/li>\n\n\n\n<li>Posi\u00e7\u00e3o de contacto<\/li>\n\n\n\n<li>Desenvolvimento de aberturas<\/li>\n\n\n\n<li>Grau de simetria entre os dois centrais<\/li>\n<\/ul>\n\n\n\n<p class=\"wp-block-paragraph\">N\u00e3o se baseie numa propor\u00e7\u00e3o \u00e1urea universal. Os rostos n\u00e3o s\u00e3o folhas de c\u00e1lculo, e as dimens\u00f5es dos dentes que funcionam num doente podem parecer absurdas noutro.<\/p>\n\n\n\n<p class=\"wp-block-paragraph\">A quest\u00e3o mais pertinente \u00e9 esta: <strong>Quais s\u00e3o os dentes que o olho deve reparar em primeiro, segundo e terceiro lugar?<\/strong><\/p>\n\n\n\n<p class=\"wp-block-paragraph\">Essa hierarquia pode ser controlada atrav\u00e9s dos \u00e2ngulos das linhas, da largura vis\u00edvel, do comprimento, do valor, da textura e da progress\u00e3o da abertura. Um t\u00e9cnico pode fazer com que um dente pare\u00e7a mais estreito sem tornar o dente f\u00edsico significativamente mais estreito, simplesmente deslocando os \u00e2ngulos das linhas refletoras para o interior.<\/p>\n\n\n\n<p class=\"wp-block-paragraph\">Isso \u00e9 um verdadeiro projeto de facetas de porcelana. N\u00e3o se trata apenas de arrastar um contorno no CAD.<\/p>\n\n\n\n<h3 class=\"wp-block-heading\">Decida quais as assimetrias que deve corrigir<\/h3>\n\n\n\n<p class=\"wp-block-paragraph\">O desenho do sorriso baseado nas caracter\u00edsticas faciais n\u00e3o significa for\u00e7ar todas as caracter\u00edsticas a uma igualdade matem\u00e1tica. Significa identificar quais as assimetrias que distraem o olhar e quais as que tornam o sorriso cred\u00edvel.<\/p>\n\n\n\n<p class=\"wp-block-paragraph\">As diferen\u00e7as controladas no desgaste incisal, na proje\u00e7\u00e3o dos l\u00f3bulos, na textura da superf\u00edcie ou na rota\u00e7\u00e3o dos incisivos laterais podem dar vida. As diferen\u00e7as aleat\u00f3rias na largura central, na altura gengival ou no plano incisal criam desordem.<\/p>\n\n\n\n<p class=\"wp-block-paragraph\">A minha regra \u00e9 simples:<\/p>\n\n\n\n<p class=\"wp-block-paragraph\"><strong>Corrigir a assimetria estrutural. Preservar a caracter\u00edstica biol\u00f3gica selecionada.<\/strong><\/p>\n\n\n\n<p class=\"wp-block-paragraph\">Um doente que pede facetas \u201cperfeitas\u201d pode, na verdade, querer um alinhamento harmonioso e uma cor uniforme, e n\u00e3o oito blocos de cer\u00e2mica id\u00eanticos. A consulta com a maquete deve distinguir essas ideias antes de o projeto final ser aprovado.<\/p>\n\n\n\n<h2 class=\"wp-block-heading\">Objetivo 3: Determinar o que a gengiva permite \u2014 e o que n\u00e3o permite<\/h2>\n\n\n\n<p class=\"wp-block-paragraph\">A cer\u00e2mica n\u00e3o consegue interagir com a biologia.<\/p>\n\n\n\n<p class=\"wp-block-paragraph\">Se os z\u00e9nites gengivais forem irregulares, as papilas forem insuficientes, houver recess\u00e3o ativa ou a arquitetura dos tecidos estiver em conflito com as dimens\u00f5es dent\u00e1rias planeadas, o problema deve ser identificado antes de o planeamento do caso de facetas avan\u00e7ar para a fase de conce\u00e7\u00e3o final.<\/p>\n\n\n\n<p class=\"wp-block-paragraph\">Caso contr\u00e1rio, ocorre uma das tr\u00eas situa\u00e7\u00f5es seguintes:<\/p>\n\n\n\n<ol class=\"wp-block-list\">\n<li>O t\u00e9cnico cria contornos cervicais longos ou volumosos para disfar\u00e7ar as discrep\u00e2ncias nos tecidos.<\/li>\n\n\n\n<li>O m\u00e9dico solicita uma nova confe\u00e7\u00e3o devido a uma assimetria que j\u00e1 existia antes da prepara\u00e7\u00e3o.<\/li>\n\n\n\n<li>O doente constata que os \u201cdentes novos\u201d n\u00e3o produziram a estrutura gengival apresentada na simula\u00e7\u00e3o.<\/li>\n<\/ol>\n\n\n\n<p class=\"wp-block-paragraph\">Nenhum destes \u00e9 um problema relacionado com a cer\u00e2mica.<\/p>\n\n\n\n<h3 class=\"wp-block-heading\">Registar a arquitetura dos tecidos<\/h3>\n\n\n\n<p class=\"wp-block-paragraph\">O registo de pr\u00e9-concep\u00e7\u00e3o deve identificar:<\/p>\n\n\n\n<ul class=\"wp-block-list\">\n<li>Margens gengivais, dente a dente<\/li>\n\n\n\n<li>Localiza\u00e7\u00f5es da Zenith<\/li>\n\n\n\n<li>Preenchimento da papila<\/li>\n\n\n\n<li>Recess\u00e3o<\/li>\n\n\n\n<li>Tri\u00e2ngulos pretos<\/li>\n\n\n\n<li>Bi\u00f3tipo<\/li>\n\n\n\n<li>Hist\u00f3rico do alongamento da coroa<\/li>\n\n\n\n<li>Inflama\u00e7\u00e3o dos tecidos<\/li>\n\n\n\n<li>Interven\u00e7\u00e3o periodontal ou ortod\u00f4ntica planeada<\/li>\n\n\n\n<li>Intervalo de tempo entre o tratamento do tecido e a digitaliza\u00e7\u00e3o final<\/li>\n<\/ul>\n\n\n\n<p class=\"wp-block-paragraph\">A equipa deve tamb\u00e9m decidir se a assimetria dos tecidos ser\u00e1 corrigida, disfar\u00e7ada visualmente ou aceite.<\/p>\n\n\n\n<p class=\"wp-block-paragraph\">Diz isso sem rodeios.<\/p>\n\n\n\n<p class=\"wp-block-paragraph\">Uma representa\u00e7\u00e3o digital com um recorte gengival idealizado pode tornar-se uma imagem de vendas perigosa quando o plano cl\u00ednico n\u00e3o inclui uma forma de obter essa posi\u00e7\u00e3o do tecido. Considero que se trata menos de um erro de comunica\u00e7\u00e3o do que de um erro de consentimento.<\/p>\n\n\n\n<h3 class=\"wp-block-heading\">Controlar a emerg\u00eancia sem criar volume<\/h3>\n\n\n\n<p class=\"wp-block-paragraph\">Uma faceta pode alterar o contorno facial, mas tem uma influ\u00eancia limitada sobre a zona cervical. Contornar excessivamente a cer\u00e2mica para fechar um tri\u00e2ngulo negro ou simular um \u00e2ngulo diferente pode resultar numa restaura\u00e7\u00e3o espessa que ret\u00e9m a placa bacteriana e parece pesada no perfil.<\/p>\n\n\n\n<p class=\"wp-block-paragraph\">\u00c9 aqui que a prepara\u00e7\u00e3o conservadora se torna mais do que um simples slogan.<\/p>\n\n\n\n<p class=\"wp-block-paragraph\">O artigo sobre <a href=\"https:\/\/artistdentallab.com\/pt\/how-important-is-enamel-preservation-in-veneer-preparation\/\">preserva\u00e7\u00e3o do esmalte na prepara\u00e7\u00e3o de facetas<\/a> faz a distin\u00e7\u00e3o correta: o objetivo n\u00e3o \u00e9, automaticamente, a \u201cprepara\u00e7\u00e3o zero\u201d. Trata-se da redu\u00e7\u00e3o m\u00ednima que permite obter um espa\u00e7o restaurador adequado e uniformemente distribu\u00eddo, preservando simultaneamente um substrato de liga\u00e7\u00e3o favor\u00e1vel.<\/p>\n\n\n\n<p class=\"wp-block-paragraph\">O minimalismo nem sempre \u00e9 conservador.<\/p>\n\n\n\n<p class=\"wp-block-paragraph\">Um dente mal preparado, no qual se aplica cer\u00e2mica de grande volume, pode revelar-se menos conservador, tanto do ponto de vista biol\u00f3gico como est\u00e9tico, do que uma prepara\u00e7\u00e3o controlada, orientada por um modelo de simula\u00e7\u00e3o validado.<\/p>\n\n\n\n<figure class=\"wp-block-image size-full\"><img decoding=\"async\" width=\"900\" height=\"600\" src=\"https:\/\/artistdentallab.com\/wp-content\/uploads\/2026\/07\/Veneer-3-1.jpg\" alt=\"Folheado\" class=\"wp-image-1530\" title=\"\" srcset=\"https:\/\/artistdentallab.com\/wp-content\/uploads\/2026\/07\/Veneer-3-1.jpg 900w, https:\/\/artistdentallab.com\/wp-content\/uploads\/2026\/07\/Veneer-3-1-300x200.jpg 300w, https:\/\/artistdentallab.com\/wp-content\/uploads\/2026\/07\/Veneer-3-1-768x512.jpg 768w, https:\/\/artistdentallab.com\/wp-content\/uploads\/2026\/07\/Veneer-3-1-18x12.jpg 18w, https:\/\/artistdentallab.com\/wp-content\/uploads\/2026\/07\/Veneer-3-1-500x333.jpg 500w, https:\/\/artistdentallab.com\/wp-content\/uploads\/2026\/07\/Veneer-3-1-600x400.jpg 600w\" sizes=\"(max-width: 900px) 100vw, 900px\" \/><\/figure>\n\n\n\n<h2 class=\"wp-block-heading\">Objetivo 4: Definir a identidade \u00f3tica antes de selecionar a cer\u00e2mica<\/h2>\n\n\n\n<p class=\"wp-block-paragraph\">A sombra n\u00e3o \u00e9 um elemento de design.<\/p>\n\n\n\n<p class=\"wp-block-paragraph\">Uma designa\u00e7\u00e3o de tonalidade VITA, como A1 ou BL3, n\u00e3o descreve a distribui\u00e7\u00e3o de valor, a cromaticidade cervical, a translucidez incisal, a opacidade, a fluoresc\u00eancia, a intensidade do halo, a caracteriza\u00e7\u00e3o interna, a textura da superf\u00edcie nem o brilho.<\/p>\n\n\n\n<p class=\"wp-block-paragraph\">No entanto, os laborat\u00f3rios continuam a receber receitas que indicam: \u201cOito unidades, A1, natural.\u201d<\/p>\n\n\n\n<p class=\"wp-block-paragraph\">Natural para quem?<\/p>\n\n\n\n<h3 class=\"wp-block-heading\">Separar valor, croma e translucidez<\/h3>\n\n\n\n<p class=\"wp-block-paragraph\">A equipa deve decidir:<\/p>\n\n\n\n<ul class=\"wp-block-list\">\n<li>Qu\u00e3o radiante deve ser o sorriso final<\/li>\n\n\n\n<li>Se a pr\u00f3tese deve combinar com os dentes adjacentes ou criar um novo valor para o sorriso completo<\/li>\n\n\n\n<li>Qual a extens\u00e3o da sombra do toco subjacente que deve ser mascarada?<\/li>\n\n\n\n<li>Se a translucidez deve aumentar na dire\u00e7\u00e3o do ter\u00e7o incisal<\/li>\n\n\n\n<li>Quer o doente pretenda um brilho juvenil ou uma sobriedade madura<\/li>\n\n\n\n<li>Qual deve ser o grau de visibilidade dos efeitos internos \u00e0 dist\u00e2ncia de conversa\u00e7\u00e3o<\/li>\n\n\n\n<li>Se o acabamento final deve ser de alto brilho, acetinado ou com textura envelhecida<\/li>\n<\/ul>\n\n\n\n<p class=\"wp-block-paragraph\">O dissilicato de l\u00edtio, representado quimicamente por Li\u2082Si\u2082O\u2085, permite a realiza\u00e7\u00e3o de restaura\u00e7\u00f5es coladas resistentes e altamente est\u00e9ticas. A porcelana feldsp\u00e1tica permite uma estratifica\u00e7\u00e3o \u00f3tica delicada e a caracteriza\u00e7\u00e3o da superf\u00edcie. A zirc\u00f3nia, ZrO\u2082, pode oferecer maiores capacidades de mascaramento ou op\u00e7\u00f5es mec\u00e2nicas em casos espec\u00edficos.<\/p>\n\n\n\n<p class=\"wp-block-paragraph\">No entanto, a escolha do material deve estar em fun\u00e7\u00e3o do objetivo \u00f3tico. N\u00e3o deve substitu\u00ed-lo.<\/p>\n\n\n\n<h3 class=\"wp-block-heading\">O tom \u00abStump Shade\u00bb faz parte da cor final<\/h3>\n\n\n\n<p class=\"wp-block-paragraph\">As facetas dent\u00e1rias finas funcionam como um sistema \u00f3tico composto por:<\/p>\n\n\n\n<ul class=\"wp-block-list\">\n<li>Cer\u00e2mica<\/li>\n\n\n\n<li>Espessura da cer\u00e2mica<\/li>\n\n\n\n<li>Cor da prepara\u00e7\u00e3o<\/li>\n\n\n\n<li>Valor da resina-cimento<\/li>\n\n\n\n<li>Textura da superf\u00edcie<\/li>\n\n\n\n<li>Hidrata\u00e7\u00e3o<\/li>\n\n\n\n<li>Ilumina\u00e7\u00e3o<\/li>\n\n\n\n<li>Esmalte natural adjacente<\/li>\n<\/ul>\n\n\n\n<p class=\"wp-block-paragraph\">Por conseguinte, o laborat\u00f3rio necessita de informa\u00e7\u00f5es sobre a tonalidade do coto sempre que o substrato possa influenciar o resultado. Uma \u00fanica fotografia da tonalidade, tirada sem retra\u00e7\u00e3o sob uma luz anelar, n\u00e3o \u00e9 suficiente.<\/p>\n\n\n\n<p class=\"wp-block-paragraph\">A fotografia com polariza\u00e7\u00e3o cruzada pode ajudar a separar a cor interna do reflexo da superf\u00edcie. Uma tabela de cores calibrada, no mesmo plano que o dente, \u00e9 \u00fatil. O mesmo se aplica \u00e0 fotografia da prepara\u00e7\u00e3o antes que a desidrata\u00e7\u00e3o altere o seu valor aparente.<\/p>\n\n\n\n<p class=\"wp-block-paragraph\">A lista de verifica\u00e7\u00e3o detalhada para <a href=\"https:\/\/artistdentallab.com\/pt\/what-information-must-be-submitted-to-the-lab-for-anterior-veneer-cases\/\">envio de casos de facetas anteriores para o laborat\u00f3rio<\/a> abrange os registos pr\u00e1ticos: digitaliza\u00e7\u00f5es de arcada completa, denti\u00e7\u00e3o oposta, oclus\u00e3o, margens, tonalidades dos moncos, tonalidade final, imagens da prepara\u00e7\u00e3o, fotografias faciais, riscos funcionais e refer\u00eancias aprovadas pelo doente.<\/p>\n\n\n\n<p class=\"wp-block-paragraph\">Entregue as provas ao laborat\u00f3rio.<\/p>\n\n\n\n<h3 class=\"wp-block-heading\">A textura determina se a cor parece real<\/h3>\n\n\n\n<p class=\"wp-block-paragraph\">Eis uma dura realidade do setor: os t\u00e9cnicos e os cl\u00ednicos atribuem frequentemente a culpa \u00e0 tonalidade em casos que, na verdade, falham devido ao contorno e \u00e0 reflex\u00e3o da superf\u00edcie.<\/p>\n\n\n\n<p class=\"wp-block-paragraph\">Uma superf\u00edcie facial plana cria um reflexo amplo e uniforme. Um excesso de esmalte pode aumentar o valor aparente. \u00c2ngulos de linha incorretos podem fazer com que um incisivo central pare\u00e7a mais largo. Uma cer\u00e2mica excessivamente lisa pode parecer sint\u00e9tica, mesmo quando as correspond\u00eancias de tonalidade s\u00e3o tecnicamente pr\u00f3ximas.<\/p>\n\n\n\n<p class=\"wp-block-paragraph\">O esmalte natural, composto principalmente por hidroxiapatita \u2014 Ca\u2081\u2080(PO\u2084)\u2086(OH)\u2082 \u2014, n\u00e3o \u00e9 uma superf\u00edcie opticamente uniforme. Os seus l\u00f3bulos, sulcos de desenvolvimento, desgaste, microtextura e brilho vari\u00e1vel refratam a luz num padr\u00e3o que o olho reconhece como um dente.<\/p>\n\n\n\n<p class=\"wp-block-paragraph\">A an\u00e1lise do site sobre <a href=\"https:\/\/artistdentallab.com\/pt\/why-surface-texture-determines-realism-in-anterior-cases\/\">textura da superf\u00edcie nas restaura\u00e7\u00f5es anteriores<\/a> \u00e9 \u00fatil neste contexto porque distingue a macrotextura, a microtextura, o brilho, o car\u00e1ter incisal e o contorno cervical, em vez de englobar tudo sob o termo \u201cnatural\u201d.\u201d<\/p>\n\n\n\n<p class=\"wp-block-paragraph\">A textura deve ser indicada.<\/p>\n\n\n\n<h2 class=\"wp-block-heading\">Objetivo 5: Criar um resultado est\u00e9tico que perdure para al\u00e9m da funcionalidade<\/h2>\n\n\n\n<p class=\"wp-block-paragraph\">A funcionalidade faz parte da beleza.<\/p>\n\n\n\n<p class=\"wp-block-paragraph\">Um caso de facetas que tenha um aspeto excelente numa fotografia est\u00e1tica, mas que interfira com a fala, crie um contacto protrusivo intenso, imobilize a mand\u00edbula ou se frature devido a parafun\u00e7\u00f5es, n\u00e3o constitui um sucesso est\u00e9tico. Trata-se de uma imagem tempor\u00e1ria.<\/p>\n\n\n\n<h3 class=\"wp-block-heading\">Definir os limites funcionais antes de aumentar o comprimento<\/h3>\n\n\n\n<p class=\"wp-block-paragraph\">Antes de aprovar o aumento do comprimento incisal, avalie:<\/p>\n\n\n\n<ul class=\"wp-block-list\">\n<li>Sobremordida e sobreproje\u00e7\u00e3o existentes<\/li>\n\n\n\n<li>Envelope da fun\u00e7\u00e3o<\/li>\n\n\n\n<li>Contactos salientes<\/li>\n\n\n\n<li>Orienta\u00e7\u00e3o canina ou atividade em grupo<\/li>\n\n\n\n<li>Movimento de ponta a ponta<\/li>\n\n\n\n<li>Risco de mordida profunda<\/li>\n\n\n\n<li>Bruxismo ou apertar os dentes<\/li>\n\n\n\n<li>Material de restaura\u00e7\u00e3o oposto<\/li>\n\n\n\n<li>Padr\u00e3o de desgaste existente<\/li>\n\n\n\n<li>Resposta fon\u00e9tica ao prot\u00f3tipo<\/li>\n\n\n\n<li>Necessidade de tratamento ortod\u00f4ntico ou oclusal<\/li>\n<\/ul>\n\n\n\n<p class=\"wp-block-paragraph\">N\u00e3o se deve recorrer a um material cer\u00e2mico para corrigir um diagn\u00f3stico funcional n\u00e3o tratado.<\/p>\n\n\n\n<p class=\"wp-block-paragraph\">As orienta\u00e7\u00f5es sobre <a href=\"https:\/\/artistdentallab.com\/pt\/can-veneers-be-used-directly-in-deep-bite-or-edge-to-edge-cases\/\">facetas em casos de mordida profunda e de borda a borda<\/a> apresenta o mesmo argumento: estes casos s\u00e3o tanto problemas de engenharia como problemas est\u00e9ticos, e a coloca\u00e7\u00e3o direta de facetas pode n\u00e3o ser segura sem a cria\u00e7\u00e3o de espa\u00e7o, a corre\u00e7\u00e3o da oclus\u00e3o, o tratamento ortod\u00f4ntico ou um plano de restaura\u00e7\u00e3o diferente.<\/p>\n\n\n\n<h3 class=\"wp-block-heading\">Os resultados a longo prazo recompensam um planeamento controlado<\/h3>\n\n\n\n<p class=\"wp-block-paragraph\">Os dados cl\u00ednicos s\u00e3o melhores do que as hist\u00f3rias de terror que circulam nas redes sociais sugerem \u2014 mas apenas quando a sele\u00e7\u00e3o de casos, a colagem, o substrato, o desenho e a manuten\u00e7\u00e3o s\u00e3o controlados.<\/p>\n\n\n\n<p class=\"wp-block-paragraph\">Uma an\u00e1lise de 2021 sobre facetas laminadas de porcelana indicou uma estimativa de <a href=\"https:\/\/pubmed.ncbi.nlm.nih.gov\/33807504\/\" rel=\"nofollow noopener\" target=\"_blank\">Taxa de sobreviv\u00eancia cumulativa de 95,51 TP3T aos 10 anos<\/a>. \u00c9 um n\u00famero impressionante, mas n\u00e3o significa que se possa ignorar a preserva\u00e7\u00e3o do esmalte, a carga funcional, a geometria da prepara\u00e7\u00e3o ou as condi\u00e7\u00f5es de colagem.<\/p>\n\n\n\n<p class=\"wp-block-paragraph\">Um ensaio cl\u00ednico aleat\u00f3rio independente, com dura\u00e7\u00e3o de 10 anos, que comparou facetas indiretas em resina composta e em cer\u00e2mica, revelou probabilidades de sobreviv\u00eancia de <a href=\"https:\/\/pubmed.ncbi.nlm.nih.gov\/31181242\/\" rel=\"nofollow noopener\" target=\"_blank\">75% para comp\u00f3sitos indiretos e 100% para facetas cer\u00e2micas<\/a>. O material foi um fator importante nesse estudo. O mesmo se pode dizer do protocolo cl\u00ednico controlado subjacente ao mesmo.<\/p>\n\n\n\n<p class=\"wp-block-paragraph\">O sucesso deixa pistas.<\/p>\n\n\n\n<p class=\"wp-block-paragraph\">Estes estudos n\u00e3o comprovam que todas as facetas de cer\u00e2mica tenham uma dura\u00e7\u00e3o de dez anos, nem que a porcelana seja adequada para todos os doentes. Mostram, sim, que o tratamento com facetas pode ter resultados extremamente positivos quando o diagn\u00f3stico e a execu\u00e7\u00e3o s\u00e3o rigorosos.<\/p>\n\n\n\n<h2 class=\"wp-block-heading\">A lista de verifica\u00e7\u00e3o pr\u00e9-projeto que eu exigiria<\/h2>\n\n\n\n<p class=\"wp-block-paragraph\">Antes de um t\u00e9cnico iniciar o desenho digital do sorriso para as facetas, solicito que me seja apresentado um resumo do caso aprovado, contendo as seguintes informa\u00e7\u00f5es.<\/p>\n\n\n\n<h3 class=\"wp-block-heading\">Registos faciais<\/h3>\n\n\n\n<ul class=\"wp-block-list\">\n<li>Fotografia de rosto inteiro em posi\u00e7\u00e3o de repouso<\/li>\n\n\n\n<li>Sorriso natural de rosto inteiro<\/li>\n\n\n\n<li>Sorriso m\u00e1ximo<\/li>\n\n\n\n<li>Vistas a 45 graus para a direita e para a esquerda<\/li>\n\n\n\n<li>Perfil<\/li>\n\n\n\n<li>V\u00eddeo curto que mostra a fala e sorrisos espont\u00e2neos<\/li>\n\n\n\n<li>Linha m\u00e9dia facial e refer\u00eancia horizontal<\/li>\n<\/ul>\n\n\n\n<h3 class=\"wp-block-heading\">Registos intraorais e digitais<\/h3>\n\n\n\n<ul class=\"wp-block-list\">\n<li>Digitaliza\u00e7\u00e3o STL ou PLY de arcada completa<\/li>\n\n\n\n<li>Arco oposto<\/li>\n\n\n\n<li>Registo preciso da oclus\u00e3o<\/li>\n\n\n\n<li>Fotografias frontais e laterais com retra\u00e7\u00e3o<\/li>\n\n\n\n<li>Imagens oclusais<\/li>\n\n\n\n<li>Exame de prepara\u00e7\u00e3o ou pr\u00e9-prepara\u00e7\u00e3o<\/li>\n\n\n\n<li>Identifica\u00e7\u00e3o de margens<\/li>\n\n\n\n<li>Contactos oclusais existentes e registos de movimento<\/li>\n<\/ul>\n\n\n\n<h3 class=\"wp-block-heading\">Instru\u00e7\u00f5es est\u00e9ticas<\/h3>\n\n\n\n<ul class=\"wp-block-list\">\n<li>Linha m\u00e9dia restauradora planeada<\/li>\n\n\n\n<li>Posi\u00e7\u00e3o da borda incisal<\/li>\n\n\n\n<li>Comprimento dos incisivos centrais e largura aparente<\/li>\n\n\n\n<li>Hierarquia dos incisivos laterais<\/li>\n\n\n\n<li>Transi\u00e7\u00e3o canina<\/li>\n\n\n\n<li>Progress\u00e3o da embreadura<\/li>\n\n\n\n<li>Limita\u00e7\u00f5es gengivais<\/li>\n\n\n\n<li>Valor final e croma<\/li>\n\n\n\n<li>Translucidez e alvos de m\u00e1scara<\/li>\n\n\n\n<li>Textura e brilho da superf\u00edcie<\/li>\n\n\n\n<li>Assimetrias aprovadas<\/li>\n\n\n\n<li>Caracter\u00edsticas que n\u00e3o devem ser copiadas<\/li>\n<\/ul>\n\n\n\n<h3 class=\"wp-block-heading\">Instru\u00e7\u00f5es biol\u00f3gicas e funcionais<\/h3>\n\n\n\n<ul class=\"wp-block-list\">\n<li>Disponibilidade de esmalte<\/li>\n\n\n\n<li>Exposi\u00e7\u00e3o da dentina<\/li>\n\n\n\n<li>Sombra de cepos<\/li>\n\n\n\n<li>Estado periodontal<\/li>\n\n\n\n<li>Parafun\u00e7\u00e3o<\/li>\n\n\n\n<li>Risco de mordida profunda ou de borda a borda<\/li>\n\n\n\n<li>Orienta\u00e7\u00e3o prevista<\/li>\n\n\n\n<li>Resultados fon\u00e9ticos<\/li>\n\n\n\n<li>Plano de protetor noturno<\/li>\n\n\n\n<li>Limita\u00e7\u00f5es dos materiais<\/li>\n<\/ul>\n\n\n\n<h3 class=\"wp-block-heading\">Autoriza\u00e7\u00e3o do doente<\/h3>\n\n\n\n<p class=\"wp-block-paragraph\">O doente deve aprovar a maquete ou o resultado provis\u00f3rio no rosto, durante a fala e sob condi\u00e7\u00f5es de ilumina\u00e7\u00e3o realistas \u2014 e n\u00e3o apenas num ecr\u00e3.<\/p>\n\n\n\n<p class=\"wp-block-paragraph\">Registe as altera\u00e7\u00f5es solicitadas.<\/p>\n\n\n\n<p class=\"wp-block-paragraph\">Em seguida, congela o alvo.<\/p>\n\n\n\n<p class=\"wp-block-paragraph\">Um laborat\u00f3rio n\u00e3o consegue reproduzir de forma consistente um projeto que est\u00e1 constantemente a mudar entre a modelagem em cera, a consulta de prepara\u00e7\u00e3o, a fase provis\u00f3ria e a aprova\u00e7\u00e3o final da cer\u00e2mica.<\/p>\n\n\n\n<h2 class=\"wp-block-heading\">A dura realidade sobre o Digital Smile Design<\/h2>\n\n\n\n<p class=\"wp-block-paragraph\">O design digital do sorriso para facetas \u00e9 um sistema de comunica\u00e7\u00e3o e visualiza\u00e7\u00e3o, n\u00e3o um diagn\u00f3stico independente.<\/p>\n\n\n\n<p class=\"wp-block-paragraph\">Permite comparar os comprimentos dos dentes. Permite apresentar propor\u00e7\u00f5es alternativas. Ajuda o doente a compreender a altera\u00e7\u00e3o proposta. Permite transpor um plano aprovado para um modelo em cera, um mock-up, uma pr\u00f3tese provis\u00f3ria e um fluxo de trabalho CAD.<\/p>\n\n\n\n<p class=\"wp-block-paragraph\">Mas tamb\u00e9m pode fazer com que suposi\u00e7\u00f5es erradas pare\u00e7am bem fundamentadas.<\/p>\n\n\n\n<p class=\"wp-block-paragraph\">Uma sobreposi\u00e7\u00e3o digital sim\u00e9trica n\u00e3o permite diagnosticar a instabilidade periodontal. Um arco dent\u00e1rio perfeito n\u00e3o permite avaliar a fon\u00e9tica. Uma renderiza\u00e7\u00e3o brilhante n\u00e3o revela o efeito das tonalidades escuras dos mon\u00f4meros. Uma simula\u00e7\u00e3o 2D n\u00e3o comprova que o contorno facial proposto se encaixar\u00e1 na espessura de cer\u00e2mica dispon\u00edvel.<\/p>\n\n\n\n<p class=\"wp-block-paragraph\">O software gera confian\u00e7a rapidamente.<\/p>\n\n\n\n<p class=\"wp-block-paragraph\">\u00c0s vezes, demasiado depressa.<\/p>\n\n\n\n<p class=\"wp-block-paragraph\">O m\u00e9dico continua a ser respons\u00e1vel pelo diagn\u00f3stico. O doente \u00e9 respons\u00e1vel pela sua prefer\u00eancia informada. O laborat\u00f3rio \u00e9 respons\u00e1vel pela interpreta\u00e7\u00e3o t\u00e9cnica. A previsibilidade s\u00f3 surge quando essas responsabilidades s\u00e3o separadas e, posteriormente, coordenadas.<\/p>\n\n\n\n<figure class=\"wp-block-image size-full\"><img decoding=\"async\" width=\"900\" height=\"600\" src=\"https:\/\/artistdentallab.com\/wp-content\/uploads\/2026\/07\/Veneer-2-1.jpg\" alt=\"Folheado\" class=\"wp-image-1529\" title=\"\" srcset=\"https:\/\/artistdentallab.com\/wp-content\/uploads\/2026\/07\/Veneer-2-1.jpg 900w, https:\/\/artistdentallab.com\/wp-content\/uploads\/2026\/07\/Veneer-2-1-300x200.jpg 300w, https:\/\/artistdentallab.com\/wp-content\/uploads\/2026\/07\/Veneer-2-1-768x512.jpg 768w, https:\/\/artistdentallab.com\/wp-content\/uploads\/2026\/07\/Veneer-2-1-18x12.jpg 18w, https:\/\/artistdentallab.com\/wp-content\/uploads\/2026\/07\/Veneer-2-1-500x333.jpg 500w, https:\/\/artistdentallab.com\/wp-content\/uploads\/2026\/07\/Veneer-2-1-600x400.jpg 600w\" sizes=\"(max-width: 900px) 100vw, 900px\" \/><\/figure>\n\n\n\n<h2 class=\"wp-block-heading\">FAQs<\/h2>\n\n\n\n<h3 class=\"wp-block-heading\">Quais s\u00e3o os cinco objetivos est\u00e9ticos das facetas dent\u00e1rias?<\/h3>\n\n\n\n<p class=\"wp-block-paragraph\">Os cinco objetivos est\u00e9ticos das facetas dent\u00e1rias s\u00e3o a integra\u00e7\u00e3o facial e com o contorno labial, a propor\u00e7\u00e3o equilibrada dos dentes e a hierarquia visual, a arquitetura gengival compat\u00edvel, uma identidade \u00f3tica definida e uma est\u00e9tica funcional capaz de resistir \u00e0 fala e \u00e0 carga oclusal. Cada objetivo deve ser mensur\u00e1vel e aprovado antes do in\u00edcio da prepara\u00e7\u00e3o ou da conce\u00e7\u00e3o em laborat\u00f3rio.<\/p>\n\n\n\n<p class=\"wp-block-paragraph\">Em conjunto, estes objetivos transformam um pedido vago de natureza est\u00e9tica num briefing de conce\u00e7\u00e3o cl\u00ednica e laboratorial.<\/p>\n\n\n\n<h3 class=\"wp-block-heading\">Como deve um dentista planear um caso de facetas antes da conce\u00e7\u00e3o?<\/h3>\n\n\n\n<p class=\"wp-block-paragraph\">Um dentista deve planear um caso de facetas documentando o rosto do doente, o movimento dos l\u00e1bios, a linha m\u00e9dia restauradora, a posi\u00e7\u00e3o da borda incisal, a hierarquia dent\u00e1ria, os limites gengivais, a tonalidade do monconco, as prefer\u00eancias \u00f3ticas, a oclus\u00e3o, a fon\u00e9tica e os riscos funcionais. O doente deve, em seguida, aprovar uma maquete f\u00edsica ou digital que reflita estes objetivos definidos.<\/p>\n\n\n\n<p class=\"wp-block-paragraph\">A sele\u00e7\u00e3o dos materiais e a conce\u00e7\u00e3o da prepara\u00e7\u00e3o final devem seguir essa aprova\u00e7\u00e3o, em vez de a anteciparem.<\/p>\n\n\n\n<h3 class=\"wp-block-heading\">O que \u00e9 o design do sorriso orientado pela estrutura facial?<\/h3>\n\n\n\n<p class=\"wp-block-paragraph\">O desenho do sorriso orientado pela face \u00e9 um m\u00e9todo de planeamento que posiciona os dentes de acordo com a linha m\u00e9dia facial do doente, a din\u00e2mica labial, a exposi\u00e7\u00e3o dent\u00e1ria, o arco do sorriso, o perfil e as express\u00f5es naturais, em vez de conceber os dentes com base em medi\u00e7\u00f5es intraorais isoladas. Este m\u00e9todo avalia a restaura\u00e7\u00e3o no contexto do rosto completo, onde os doentes realmente v\u00eaem o resultado.<\/p>\n\n\n\n<p class=\"wp-block-paragraph\">As fotografias de rosto inteiro e os v\u00eddeos com um sorriso natural s\u00e3o, por isso, mais \u00fateis do que apenas uma imagem recortada com os l\u00e1bios retra\u00eddos.<\/p>\n\n\n\n<h3 class=\"wp-block-heading\">O design digital do sorriso \u00e9 necess\u00e1rio para as facetas de porcelana?<\/h3>\n\n\n\n<p class=\"wp-block-paragraph\">O design digital do sorriso \u00e9 um m\u00e9todo \u00fatil de visualiza\u00e7\u00e3o e comunica\u00e7\u00e3o no contexto das facetas de porcelana, mas n\u00e3o \u00e9 obrigat\u00f3rio e n\u00e3o pode substituir o diagn\u00f3stico cl\u00ednico, os testes funcionais, a avalia\u00e7\u00e3o periodontal ou uma maquete verificada. O seu valor depende da precis\u00e3o dos registos e da qualidade das decis\u00f5es introduzidas no software.<\/p>\n\n\n\n<p class=\"wp-block-paragraph\">Um modelo em cera feito manualmente, com registos de excelente qualidade, pode superar um plano digital sofisticado baseado em pressupostos pouco s\u00f3lidos.<\/p>\n\n\n\n<h3 class=\"wp-block-heading\">Que informa\u00e7\u00f5es devem ser enviadas ao laborat\u00f3rio dent\u00e1rio para a confe\u00e7\u00e3o de facetas?<\/h3>\n\n\n\n<p class=\"wp-block-paragraph\">O laborat\u00f3rio dent\u00e1rio deve receber digitaliza\u00e7\u00f5es da arcada completa, da arcada oposta, uma oclus\u00e3o precisa, fotografias faciais e com retra\u00e7\u00e3o, refer\u00eancias da linha m\u00e9dia e do plano incisal, tonalidades finais e dos mon\u00e7\u00f5es, detalhes da prepara\u00e7\u00e3o, limita\u00e7\u00f5es dos tecidos, riscos oclusais, prefer\u00eancias de textura e um wax-up, mock-up ou refer\u00eancia provis\u00f3ria aprovada que mostre o resultado pretendido.<\/p>\n\n\n\n<p class=\"wp-block-paragraph\">A especifica\u00e7\u00e3o deve tamb\u00e9m explicar o que o t\u00e9cnico pode alterar e o que deve permanecer inalterado.<\/p>\n\n\n\n<h3 class=\"wp-block-heading\">O material das facetas deve ser escolhido antes do desenho do sorriso?<\/h3>\n\n\n\n<p class=\"wp-block-paragraph\">O material da faceta deve ser selecionado ap\u00f3s a defini\u00e7\u00e3o dos objetivos biol\u00f3gicos, \u00f3ticos, espaciais e funcionais, uma vez que o dissilicato de l\u00edtio, a porcelana feldsp\u00e1tica, a zirc\u00f3nia e as op\u00e7\u00f5es \u00e0 base de resina resolvem problemas diferentes. A sele\u00e7\u00e3o prematura de um material pode obrigar a que a prepara\u00e7\u00e3o e o desenho se adaptem \u00e0 cer\u00e2mica, em vez de se adaptarem ao doente.<\/p>\n\n\n\n<p class=\"wp-block-paragraph\">Comece por considerar o resultado pretendido, o substrato, o espa\u00e7o dispon\u00edvel, as necessidades de mascaramento e o risco oclusal.<\/p>\n\n\n\n<h2 class=\"wp-block-heading\">Defina o caso antes de o conceber<\/h2>\n\n\n\n<p class=\"wp-block-paragraph\">Antes de enviar o seu pr\u00f3ximo caso de facetas para o laborat\u00f3rio, realize uma reuni\u00e3o de pr\u00e9-concep\u00e7\u00e3o com a dura\u00e7\u00e3o de dez minutos.<\/p>\n\n\n\n<p class=\"wp-block-paragraph\">Defina a linha m\u00e9dia restauradora. Marque a borda incisal planeada. Indique quais os dentes que devem destacar-se no sorriso. Registe os limites dos tecidos. Especifique a tonalidade, a translucidez, a textura e o brilho. Teste a fon\u00e9tica e os movimentos. Em seguida, confirme o que o doente aprovou efetivamente.<\/p>\n\n\n\n<p class=\"wp-block-paragraph\">N\u00e3o envie \u201cA1, natural, oito unidades\u201d.\u201d<\/p>\n\n\n\n<p class=\"wp-block-paragraph\">Envie um contrato de design.<\/p>\n\n\n\n<p class=\"wp-block-paragraph\">Para an\u00e1lise de material, avalia\u00e7\u00e3o de ficheiros digitais, planeamento de casos de teste ou uma discuss\u00e3o t\u00e9cnica sobre um fluxo de trabalho de facetas com v\u00e1rias unidades, envie o caso completo atrav\u00e9s do <a href=\"https:\/\/artistdentallab.com\/pt\/contact\/\">P\u00e1gina de consulta e or\u00e7amento do Laborat\u00f3rio Dent\u00e1rio Artist<\/a>.<\/p>\n\n\n\n<p class=\"wp-block-paragraph\"><\/p>","protected":false},"excerpt":{"rendered":"<p>As facetas dent\u00e1rias bonitas n\u00e3o se criam simplesmente escolhendo uma cer\u00e2mica e abrindo um software de CAD. O desenho previs\u00edvel de um sorriso com facetas come\u00e7a pela defini\u00e7\u00e3o de cinco resultados est\u00e9ticos mensur\u00e1veis que o dentista, o doente e o laborat\u00f3rio compreendem antes de se iniciar a prepara\u00e7\u00e3o ou o desenho digital.<\/p>","protected":false},"author":1,"featured_media":1532,"comment_status":"open","ping_status":"open","sticky":false,"template":"","format":"standard","meta":{"footnotes":""},"categories":[37],"tags":[288,252,552,550,553,484,551,549],"class_list":["post-1528","post","type-post","status-publish","format-standard","has-post-thumbnail","hentry","category-client-cases-workflow","tag-anterior-esthetics","tag-dental-veneers","tag-digital-smile-design","tag-esthetic-veneer-treatment-planning","tag-facially-driven-smile-design","tag-porcelain-veneer-design","tag-veneer-case-planning","tag-veneer-smile-design"],"blocksy_meta":{"styles_descriptor":{"styles":{"desktop":"","tablet":"","mobile":""},"google_fonts":[],"version":7}},"_links":{"self":[{"href":"https:\/\/artistdentallab.com\/pt\/wp-json\/wp\/v2\/posts\/1528","targetHints":{"allow":["GET"]}}],"collection":[{"href":"https:\/\/artistdentallab.com\/pt\/wp-json\/wp\/v2\/posts"}],"about":[{"href":"https:\/\/artistdentallab.com\/pt\/wp-json\/wp\/v2\/types\/post"}],"author":[{"embeddable":true,"href":"https:\/\/artistdentallab.com\/pt\/wp-json\/wp\/v2\/users\/1"}],"replies":[{"embeddable":true,"href":"https:\/\/artistdentallab.com\/pt\/wp-json\/wp\/v2\/comments?post=1528"}],"version-history":[{"count":1,"href":"https:\/\/artistdentallab.com\/pt\/wp-json\/wp\/v2\/posts\/1528\/revisions"}],"predecessor-version":[{"id":1533,"href":"https:\/\/artistdentallab.com\/pt\/wp-json\/wp\/v2\/posts\/1528\/revisions\/1533"}],"wp:featuredmedia":[{"embeddable":true,"href":"https:\/\/artistdentallab.com\/pt\/wp-json\/wp\/v2\/media\/1532"}],"wp:attachment":[{"href":"https:\/\/artistdentallab.com\/pt\/wp-json\/wp\/v2\/media?parent=1528"}],"wp:term":[{"taxonomy":"category","embeddable":true,"href":"https:\/\/artistdentallab.com\/pt\/wp-json\/wp\/v2\/categories?post=1528"},{"taxonomy":"post_tag","embeddable":true,"href":"https:\/\/artistdentallab.com\/pt\/wp-json\/wp\/v2\/tags?post=1528"}],"curies":[{"name":"wp","href":"https:\/\/api.w.org\/{rel}","templated":true}]}}