{"id":1547,"date":"2026-07-16T07:34:09","date_gmt":"2026-07-16T07:34:09","guid":{"rendered":"https:\/\/artistdentallab.com\/"},"modified":"2026-07-16T07:38:57","modified_gmt":"2026-07-16T07:38:57","slug":"why-value-matters-more-than-the-shade-tab-in-veneer-esthetics","status":"publish","type":"post","link":"https:\/\/artistdentallab.com\/pt\/why-value-matters-more-than-the-shade-tab-in-veneer-esthetics\/","title":{"rendered":"Por que raz\u00e3o a tonalidade \u00e9 mais importante do que a tabela de tonalidades na est\u00e9tica dos revestimentos"},"content":{"rendered":"<p class=\"wp-block-paragraph\">As setas de sombreado induzem em erro.<\/p>\n\n\n\n<p class=\"wp-block-paragraph\">Quando uma faceta apresenta a designa\u00e7\u00e3o correta A1, B1, BL3 ou OM2, mas continua a parecer plana, cinzenta, esbranqui\u00e7ada ou estranhamente deslocada em rela\u00e7\u00e3o aos dentes adjacentes, a falha deve-se geralmente ao facto de se considerar um c\u00f3digo de tonalidade como uma prescri\u00e7\u00e3o \u00f3tica completa.<\/p>\n\n\n\n<p class=\"wp-block-paragraph\">Ent\u00e3o, por que \u00e9 que continuamos a agir como se duas letras e um n\u00famero pudessem descrever um dente natural?<\/p>\n\n\n\n<p class=\"wp-block-paragraph\">O valor \u00e9 mais importante do que a aba \u00abtonalidade\u00bb, pois \u00e9 o valor que determina o grau de clareza ou escurid\u00e3o da restaura\u00e7\u00e3o. O olho percebe essa rela\u00e7\u00e3o de brilho antes de come\u00e7ar a analisar diferen\u00e7as mais subtis no amarelo, no vermelho, no cinzento, na translucidez ou na satura\u00e7\u00e3o cervical.<\/p>\n\n\n\n<p class=\"wp-block-paragraph\">Um revestimento com a tonalidade correta, mas com um valor excessivo, parece artificial de imediato. Uma tonalidade ligeiramente imperfeita, mas com o valor correto, pode muitas vezes continuar a ser visualmente aceit\u00e1vel a uma dist\u00e2ncia normal de conversa\u00e7\u00e3o.<\/p>\n\n\n\n<p class=\"wp-block-paragraph\">Essa \u00e9 a verdade inc\u00f3moda por tr\u00e1s de muitas novas vers\u00f5es superficiais.<\/p>\n\n\n\n<h2 class=\"wp-block-heading\">A sec\u00e7\u00e3o \u00abShade\u00bb \u00e9 uma classifica\u00e7\u00e3o, n\u00e3o um diagn\u00f3stico oftalmol\u00f3gico<\/h2>\n\n\n\n<p class=\"wp-block-paragraph\">Uma aba de tonalidade d\u00e1-nos um ponto de refer\u00eancia. Nada mais.<\/p>\n\n\n\n<p class=\"wp-block-paragraph\">N\u00e3o transmite a mensagem na \u00edntegra:<\/p>\n\n\n\n<ul class=\"wp-block-list\">\n<li>O valor dos ter\u00e7os cervical, m\u00e9dio e incisal<\/li>\n\n\n\n<li>A sombra do toco debaixo da cer\u00e2mica<\/li>\n\n\n\n<li>Espessura do esmalte<\/li>\n\n\n\n<li>Translucidez incisal<\/li>\n\n\n\n<li>Opalesc\u00eancia<\/li>\n\n\n\n<li>Fluoresc\u00eancia<\/li>\n\n\n\n<li>Textura da superf\u00edcie<\/li>\n\n\n\n<li>Brilho<\/li>\n\n\n\n<li>Espessura da cer\u00e2mica<\/li>\n\n\n\n<li>Influ\u00eancia da resina-cimento<\/li>\n\n\n\n<li>O efeito dos dentes adjacentes e da gengiva<\/li>\n<\/ul>\n\n\n\n<p class=\"wp-block-paragraph\">O sistema de cores Munsell, amplamente utilizado, divide a cor em matiz, croma e valor. O matiz identifica a fam\u00edlia de cores b\u00e1sica, o croma descreve a sua satura\u00e7\u00e3o e o valor descreve a sua claridade ou escurid\u00e3o relativa.<\/p>\n\n\n\n<p class=\"wp-block-paragraph\">Na sele\u00e7\u00e3o da tonalidade do revestimento, o valor deve, em geral, ser avaliado em primeiro lugar, seguido da cromaticidade e, por fim, da matiz. Essa ordem \u00e9 tamb\u00e9m corroborada pelas orienta\u00e7\u00f5es cl\u00ednicas resumidas na publica\u00e7\u00e3o sujeita a revis\u00e3o por pares <a href=\"https:\/\/pmc.ncbi.nlm.nih.gov\/articles\/PMC9015060\/\" rel=\"nofollow noopener\" target=\"_blank\">an\u00e1lise da sele\u00e7\u00e3o de tonalidades na medicina dent\u00e1ria est\u00e9tica<\/a>.<\/p>\n\n\n\n<p class=\"wp-block-paragraph\">Esta sequ\u00eancia \u00e9 importante porque os erros de valor s\u00e3o visualmente evidentes.<\/p>\n\n\n\n<p class=\"wp-block-paragraph\">A cer\u00e2mica de alto valor pode parecer opaca, gessosa, larga ou excessivamente branca. A cer\u00e2mica de baixo valor pode parecer cinzenta, ba\u00e7a, recuada ou sem vida. A restaura\u00e7\u00e3o pode, tecnicamente, pertencer \u00e0 fam\u00edlia de tonalidades A ou B correta e, mesmo assim, falhar no momento em que o doente sorri.<\/p>\n\n\n\n<p class=\"wp-block-paragraph\">Antes de selecionar qualquer separador, o alvo \u00f3tico deve ser definido juntamente com os outros <a href=\"https:\/\/artistdentallab.com\/pt\/the-five-esthetic-goals-every-veneer-case-should-define-before-design\/\">objetivos est\u00e9ticos necess\u00e1rios antes da conce\u00e7\u00e3o das facetas<\/a>. A sombra \u00e9 apenas uma das vertentes desse briefing de design.<\/p>\n\n\n\n<figure class=\"wp-block-image size-full\"><img fetchpriority=\"high\" decoding=\"async\" width=\"940\" height=\"788\" src=\"https:\/\/artistdentallab.com\/wp-content\/uploads\/2026\/07\/Veneer-Esthetics-1.jpg\" alt=\"Est\u00e9tica das facetas\" class=\"wp-image-1549\" title=\"\" srcset=\"https:\/\/artistdentallab.com\/wp-content\/uploads\/2026\/07\/Veneer-Esthetics-1.jpg 940w, https:\/\/artistdentallab.com\/wp-content\/uploads\/2026\/07\/Veneer-Esthetics-1-300x251.jpg 300w, https:\/\/artistdentallab.com\/wp-content\/uploads\/2026\/07\/Veneer-Esthetics-1-768x644.jpg 768w, https:\/\/artistdentallab.com\/wp-content\/uploads\/2026\/07\/Veneer-Esthetics-1-14x12.jpg 14w, https:\/\/artistdentallab.com\/wp-content\/uploads\/2026\/07\/Veneer-Esthetics-1-500x419.jpg 500w, https:\/\/artistdentallab.com\/wp-content\/uploads\/2026\/07\/Veneer-Esthetics-1-600x503.jpg 600w\" sizes=\"(max-width: 940px) 100vw, 940px\" \/><\/figure>\n\n\n\n<h2 class=\"wp-block-heading\">O que \u00e9 que realmente determina o valor na est\u00e9tica dos folheados<\/h2>\n\n\n\n<p class=\"wp-block-paragraph\">No modelo de cor CIE L*a*b*, L* representa a luminosidade numa escala que vai do preto ao branco. A coordenada a* descreve o eixo vermelho-verde, enquanto b* descreve o eixo amarelo-azul.<\/p>\n\n\n\n<p class=\"wp-block-paragraph\">Os profissionais cl\u00ednicos n\u00e3o precisam de calcular todas as coordenadas na sala de tratamento. Mas precisam de compreender a hierarquia.<\/p>\n\n\n\n<p class=\"wp-block-paragraph\">O valor influencia v\u00e1rias avalia\u00e7\u00f5es visuais ao mesmo tempo.<\/p>\n\n\n\n<h3 class=\"wp-block-heading\">Tamanho aparente do dente<\/h3>\n\n\n\n<p class=\"wp-block-paragraph\">As \u00e1reas com maior valor tendem a chamar a aten\u00e7\u00e3o e a parecer mais salientes. Um incisivo central fabricado com um valor excessivo pode parecer mais largo ou mais proeminente, mesmo quando as suas dimens\u00f5es f\u00edsicas est\u00e3o corretas.<\/p>\n\n\n\n<p class=\"wp-block-paragraph\">As \u00e1reas com tons mais claros parecem afastar-se visualmente. Isto pode fazer com que uma restaura\u00e7\u00e3o pare\u00e7a mais estreita, mais profunda ou mais cinzenta do que a restaura\u00e7\u00e3o adjacente.<\/p>\n\n\n\n<p class=\"wp-block-paragraph\">\u00c9 por isso que os \u00e2ngulos das linhas e o reflexo da superf\u00edcie n\u00e3o podem ser dissociados da correspond\u00eancia de tonalidades dent\u00e1rias. Deslocar os \u00e2ngulos das linhas refletoras para o interior pode fazer com que um dente pare\u00e7a mais estreito. Aplanar a superf\u00edcie facial pode criar um \u00fanico reflexo amplo e fazer com que o mesmo dente pare\u00e7a mais brilhante e mais largo.<\/p>\n\n\n\n<h3 class=\"wp-block-heading\">Profundidade e vitalidade<\/h3>\n\n\n\n<p class=\"wp-block-paragraph\">Um dente anterior natural n\u00e3o \u00e9 um bloco de cor uniforme.<\/p>\n\n\n\n<p class=\"wp-block-paragraph\">O ter\u00e7o cervical apresenta normalmente maior cromaticidade. O ter\u00e7o m\u00e9dio constitui frequentemente a principal refer\u00eancia de valor. O ter\u00e7o incisal cont\u00e9m combina\u00e7\u00f5es vari\u00e1veis de translucidez, halo, mamel\u00f5es, opalesc\u00eancia e escurid\u00e3o oral refletida.<\/p>\n\n\n\n<p class=\"wp-block-paragraph\">Um revestimento pode corresponder ao separador do ter\u00e7o central, mas perder completamente essa distribui\u00e7\u00e3o.<\/p>\n\n\n\n<p class=\"wp-block-paragraph\">O resultado \u00e9 frequentemente descrito como \u201cdemasiado opaco\u201d, \u201cdemasiado branco\u201d ou \u201cpouco natural\u201d. Essas queixas podem parecer vagas, mas, na maioria das vezes, apontam para um mapa de valores incorreto, em vez de para uma fam\u00edlia de tonalidades errada.<\/p>\n\n\n\n<h3 class=\"wp-block-heading\">Integra\u00e7\u00e3o com os dentes adjacentes<\/h3>\n\n\n\n<p class=\"wp-block-paragraph\">Os casos de facetas em dentes individuais revelam erros de avalia\u00e7\u00e3o de forma implac\u00e1vel.<\/p>\n\n\n\n<p class=\"wp-block-paragraph\">Num caso de oito ou dez unidades, o laborat\u00f3rio pode criar um novo ambiente \u00f3tico em todo o sorriso. Com uma ou duas restaura\u00e7\u00f5es, a cer\u00e2mica tem de coexistir com os dentes naturais, cujo aspeto varia consoante o \u00e2ngulo, a hidrata\u00e7\u00e3o, a textura e a ilumina\u00e7\u00e3o.<\/p>\n\n\n\n<p class=\"wp-block-paragraph\">Isso \u00e9 mais dif\u00edcil.<\/p>\n\n\n\n<p class=\"wp-block-paragraph\">Por conseguinte, o t\u00e9cnico precisa de mais do que \u201cA1\u201d. O t\u00e9cnico precisa de saber se a restaura\u00e7\u00e3o deve fundir-se com a denti\u00e7\u00e3o adjacente ou criar um tom de sorriso deliberadamente mais claro.<\/p>\n\n\n\n<h2 class=\"wp-block-heading\">Os n\u00fameros revelam a fragilidade da escolha aleat\u00f3ria de tonalidades<\/h2>\n\n\n\n<p class=\"wp-block-paragraph\">Um estudo de 2024 comparou a sele\u00e7\u00e3o visual, a fotografia dent\u00e1ria, a espectrofotometria e um scanner intraoral. Foram utilizados seis cen\u00e1rios de coroas-alvo e foram fabricadas 24 restaura\u00e7\u00f5es.<\/p>\n\n\n\n<p class=\"wp-block-paragraph\">Os investigadores comunicaram as seguintes diferen\u00e7as m\u00e9dias de cor segundo o CIEDE2000:<\/p>\n\n\n\n<figure class=\"wp-block-table\"><table class=\"has-fixed-layout\"><thead><tr><th>M\u00e9todo de sele\u00e7\u00e3o de tonalidades<\/th><th>M\u00e9dia de \u0394E00<\/th><th>O que o resultado sugere<\/th><\/tr><\/thead><tbody><tr><td>Sele\u00e7\u00e3o visual com o VITA 3D-Master<\/td><td>2.74<\/td><td>Perto do limiar de aceitabilidade de 2,7 do estudo, mas ligeiramente acima deste<\/td><\/tr><tr><td>Fotografia dent\u00e1ria<\/td><td>3.62<\/td><td>Maior desfasamento m\u00e9dio neste protocolo<\/td><\/tr><tr><td>Espectrofot\u00f3metro<\/td><td>2.13<\/td><td>Desfasamento m\u00e9dio mais baixo<\/td><\/tr><tr><td>Scanner intraoral<\/td><td>3.50<\/td><td>Acima do limiar de aceitabilidade indicado<\/td><\/tr><\/tbody><\/table><\/figure>\n\n\n\n<p class=\"wp-block-paragraph\">As diferen\u00e7as entre os grupos n\u00e3o atingiram signific\u00e2ncia estat\u00edstica ao n\u00edvel escolhido para o estudo, mas os valores brutos merecem, ainda assim, aten\u00e7\u00e3o. O espectrofot\u00f3metro apresentou o valor m\u00e9dio mais baixo de \u0394E00, enquanto a fotografia n\u00e3o processada apresentou o valor mais elevado.<\/p>\n\n\n\n<p class=\"wp-block-paragraph\">O protocolo visual n\u00e3o foi aleat\u00f3rio. Utilizou ilumina\u00e7\u00e3o D65 a aproximadamente 6500 K, um fundo preto, uma dist\u00e2ncia de observa\u00e7\u00e3o de 25\u201330 cm, o VITA 3D-Master e um per\u00edodo de descanso visual de 20 minutos antes da sele\u00e7\u00e3o. O valor foi selecionado em primeiro lugar, a cromaticidade em segundo e a tonalidade em \u00faltimo.<\/p>\n\n\n\n<p class=\"wp-block-paragraph\">Esse n\u00edvel de controlo est\u00e1 muito longe de se comparar a segurar uma l\u00e2mina A1 ao lado de um dente desidratado sob a luz da sala de tratamento.<\/p>\n\n\n\n<p class=\"wp-block-paragraph\">Os investigadores conclu\u00edram que a espectrofotometria poderia ser recomendada para utiliza\u00e7\u00e3o de rotina e que a fotografia exigia uma maior normaliza\u00e7\u00e3o, incluindo o controlo com cart\u00e3o cinzento e a polariza\u00e7\u00e3o cruzada.<\/p>\n\n\n\n<p class=\"wp-block-paragraph\">Eis a minha interpreta\u00e7\u00e3o sem rodeios: comprar uma c\u00e2mara n\u00e3o significa criar um protocolo de sombreamento.<\/p>\n\n\n\n<p class=\"wp-block-paragraph\">Uma fotografia mal padronizada pode transmitir uma falsa sensa\u00e7\u00e3o de confian\u00e7a, mesmo com uma excelente resolu\u00e7\u00e3o.<\/p>\n\n\n\n<h2 class=\"wp-block-heading\">Por que \u00e9 que a A1 ainda pode produzir o folheado errado<\/h2>\n\n\n\n<p class=\"wp-block-paragraph\">O separador \u00abSombra\u00bb descreve o alvo de forma imperfeita. Al\u00e9m disso, a restaura\u00e7\u00e3o introduz v\u00e1rias vari\u00e1veis adicionais.<\/p>\n\n\n\n<figure class=\"wp-block-table\"><table class=\"has-fixed-layout\"><thead><tr><th>Vari\u00e1vel<\/th><th>O que deve ser controlado<\/th><th>O que acontece quando isso \u00e9 ignorado<\/th><\/tr><\/thead><tbody><tr><td>Valor<\/td><td>Claridade global e a sua distribui\u00e7\u00e3o da regi\u00e3o cervical \u00e0 incisal<\/td><td>O revestimento apresenta um aspeto gizento, cinzento, liso ou descolado<\/td><\/tr><tr><td>Chroma<\/td><td>Satura\u00e7\u00e3o, especialmente nas regi\u00f5es cervical e do tronco<\/td><td>A restaura\u00e7\u00e3o parece desbotada ou excessivamente amarelada<\/td><\/tr><tr><td>Hue<\/td><td>Fam\u00edlia de cores b\u00e1sicas e equil\u00edbrio entre o vermelho e o amarelo<\/td><td>Uma ligeira incompatibilidade familiar torna-se vis\u00edvel quando se olha de perto<\/td><\/tr><tr><td>Translucidez<\/td><td>Intensidade e padr\u00e3o da luz transmitida<\/td><td>O folheado apresenta-se opaco, escuro, oco ou v\u00edtreo<\/td><\/tr><tr><td>Sombra de cepos<\/td><td>Cor por baixo da restaura\u00e7\u00e3o<\/td><td>Os substratos escuros reduzem o valor final ou d\u00e3o origem a unidades irregulares<\/td><\/tr><tr><td>Espessura da cer\u00e2mica<\/td><td>Espa\u00e7o dispon\u00edvel para mascaramento e sobreposi\u00e7\u00e3o \u00f3tica<\/td><td>As \u00e1reas finas revelam o substrato; as \u00e1reas espessas podem parecer opacas<\/td><\/tr><tr><td>Cimento de resina<\/td><td>Influ\u00eancia leve, neutra, quente ou opaca<\/td><td>Altera\u00e7\u00f5es nas coordenadas finais de L*, a* e b* ap\u00f3s a assenta\u00e7\u00e3o<\/td><\/tr><tr><td>Textura e brilho<\/td><td>Dire\u00e7\u00e3o e intensidade da luz refletida<\/td><td>A cor correta da cer\u00e2mica continua a parecer sint\u00e9tica<\/td><\/tr><tr><td>Hidrata\u00e7\u00e3o<\/td><td>Esmalte h\u00famido versus esmalte desidratado<\/td><td>A tonalidade escolhida \u00e9 demasiado clara ap\u00f3s um per\u00edodo prolongado de isolamento<\/td><\/tr><tr><td>Ilumina\u00e7\u00e3o<\/td><td>Temperatura de cor e qualidade espectral<\/td><td>O metamerismo produz combina\u00e7\u00f5es diferentes em salas diferentes<\/td><\/tr><\/tbody><\/table><\/figure>\n\n\n\n<p class=\"wp-block-paragraph\">Uma tabula\u00e7\u00e3o, por si s\u00f3, n\u00e3o consegue resolver este sistema.<\/p>\n\n\n\n<h3 class=\"wp-block-heading\">O substrato faz parte da tonalidade final<\/h3>\n\n\n\n<p class=\"wp-block-paragraph\">As folhas finas de madeira transmitem luz.<\/p>\n\n\n\n<p class=\"wp-block-paragraph\">Essa luz atravessa a cer\u00e2mica, interage com o cimento de resina e com o dente preparado e regressa atrav\u00e9s da restaura\u00e7\u00e3o. Uma prepara\u00e7\u00e3o escura, um n\u00facleo de comp\u00f3sito de grandes dimens\u00f5es, um dente submetido a tratamento endod\u00f4ntico ou um caso com tonalidade mista do mu\u00f1\u00e3o podem, por conseguinte, alterar substancialmente o resultado final.<\/p>\n\n\n\n<p class=\"wp-block-paragraph\">Isto \u00e9 especialmente relevante quando a espessura da cer\u00e2mica \u00e9 de aproximadamente 0,3\u20130,5 mm.<\/p>\n\n\n\n<p class=\"wp-block-paragraph\">Um estudo realizado em 2023 testou 40 amostras fabricadas em dissilicato de l\u00edtio e quatro materiais de zirc\u00f3nia ultratransl\u00facida. Os discos tinham 0,5 mm de espessura e foram testados com pastas de ensaio Variolink Esthetic nas tonalidades neutra, clara e quente.<\/p>\n\n\n\n<p class=\"wp-block-paragraph\">Todos os grupos de materiais apresentaram altera\u00e7\u00f5es significativas na cor ap\u00f3s a etapa simulada de cimenta\u00e7\u00e3o. Os valores de \u0394E registados variaram entre 3,82 e 6,83, excedendo o limiar de perce\u00e7\u00e3o cl\u00ednica do estudo, que \u00e9 de 3,3. A luminosidade, representada pelo L*, tamb\u00e9m diminuiu significativamente ap\u00f3s a aplica\u00e7\u00e3o das pastas.<\/p>\n\n\n\n<p class=\"wp-block-paragraph\">Leia o artigo completo <a href=\"https:\/\/pmc.ncbi.nlm.nih.gov\/articles\/PMC10625887\/\" rel=\"nofollow noopener\" target=\"_blank\">estudo das tonalidades das facetas de cimento, zirc\u00f3nia e dissilicato de l\u00edtio<\/a> para os dados espec\u00edficos do material.<\/p>\n\n\n\n<p class=\"wp-block-paragraph\">O cimento \u00e9 importante.<\/p>\n\n\n\n<p class=\"wp-block-paragraph\">Mas o cimento n\u00e3o \u00e9 uma solu\u00e7\u00e3o de emerg\u00eancia para uma restaura\u00e7\u00e3o em cer\u00e2mica fabricada com valores errados. Uma pasta de ensaio pode ajudar a aperfei\u00e7oar o resultado \u00f3tico; n\u00e3o consegue, por\u00e9m, corrigir de forma fi\u00e1vel uma opacidade, espessura ou escolha de material incorretas.<\/p>\n\n\n\n<h2 class=\"wp-block-heading\">Um melhor fluxo de trabalho para a sele\u00e7\u00e3o da tonalidade das facetas<\/h2>\n\n\n\n<p class=\"wp-block-paragraph\">O processo que se segue \u00e9 mais justific\u00e1vel do que selecionar um par\u00e2metro e esperar que o laborat\u00f3rio interprete o resto.<\/p>\n\n\n\n<h3 class=\"wp-block-heading\">1. Limpe o dente antes de escolher a tonalidade<\/h3>\n\n\n\n<p class=\"wp-block-paragraph\">A placa bacteriana, o batom, o sangue, o cimento provis\u00f3rio, as marcas de desidrata\u00e7\u00e3o e as manchas superficiais alteram a perce\u00e7\u00e3o.<\/p>\n\n\n\n<p class=\"wp-block-paragraph\">Conclua a sele\u00e7\u00e3o inicial antes de proceder a uma retra\u00e7\u00e3o prolongada, \u00e0 prepara\u00e7\u00e3o ou ao isolamento com dique de borracha. O esmalte fica mais claro e menos crom\u00e1tico \u00e0 medida que se desidrata.<\/p>\n\n\n\n<p class=\"wp-block-paragraph\">N\u00e3o baseie todo o argumento apenas na apar\u00eancia de um dente seco.<\/p>\n\n\n\n<h3 class=\"wp-block-heading\">2. Controlar o ambiente de visualiza\u00e7\u00e3o<\/h3>\n\n\n\n<p class=\"wp-block-paragraph\">Utilize um ambiente neutro e uma fonte de luz constante.<\/p>\n\n\n\n<p class=\"wp-block-paragraph\">Evite roupa de cores vivas, babetes coloridos, batom de cor forte, luvas azuis nas proximidades do campo de trabalho e ilumina\u00e7\u00e3o direta da sala de tratamento. Uma fonte de luz com corre\u00e7\u00e3o de cor em condi\u00e7\u00f5es pr\u00f3ximas de D65 pode melhorar a repetibilidade, embora o equipamento espec\u00edfico seja menos importante do que dispor de um protocolo controlado que tanto a cl\u00ednica como o laborat\u00f3rio compreendam.<\/p>\n\n\n\n<p class=\"wp-block-paragraph\">Mantenha a sali\u00eancia e o dente no mesmo plano vertical. Uma sali\u00eancia posicionada v\u00e1rios cent\u00edmetros \u00e0 frente do dente recebe e reflete a luz de forma diferente.<\/p>\n\n\n\n<h3 class=\"wp-block-heading\">3. Selecionar \u00abValor em primeiro lugar\u00bb<\/h3>\n\n\n\n<p class=\"wp-block-paragraph\">Olhar de soslaio ou observar brevemente o dente e as amostras atrav\u00e9s de uma refer\u00eancia em escala de cinzentos pode reduzir a distra\u00e7\u00e3o causada pela tonalidade e pela satura\u00e7\u00e3o.<\/p>\n\n\n\n<p class=\"wp-block-paragraph\">Comece por identificar o grupo de valores correto. Em seguida, ajuste a cromaticidade. Avalie o matiz por \u00faltimo.<\/p>\n\n\n\n<p class=\"wp-block-paragraph\">Esta \u00e9 uma das raz\u00f5es pelas quais o VITA 3D-Master pode ser \u00fatil para os m\u00e9dicos que procuram a melhor escala de cores para facetas: a sua organiza\u00e7\u00e3o parte de grupos de luminosidade, em vez de se basear apenas nas tradicionais fam\u00edlias de cores A\u2013D.<\/p>\n\n\n\n<p class=\"wp-block-paragraph\">O VITA Classical continua a ser \u00fatil e familiar, mas a familiaridade n\u00e3o deve ser confundida com uma comunica\u00e7\u00e3o completa em termos de cor.<\/p>\n\n\n\n<h3 class=\"wp-block-heading\">4. Registe um mapa de tonalidades, n\u00e3o um \u00fanico c\u00f3digo<\/h3>\n\n\n\n<p class=\"wp-block-paragraph\">Divida o dente em ter\u00e7os cervical, m\u00e9dio e incisal.<\/p>\n\n\n\n<p class=\"wp-block-paragraph\">Registo:<\/p>\n\n\n\n<ul class=\"wp-block-list\">\n<li>Valor dominante do ter\u00e7o central<\/li>\n\n\n\n<li>Croma cervical<\/li>\n\n\n\n<li>Translucidez incisal<\/li>\n\n\n\n<li>Intensidade do halo<\/li>\n\n\n\n<li>Visibilidade do mamel\u00e3o<\/li>\n\n\n\n<li>Efeitos brancos ou \u00e2mbar<\/li>\n\n\n\n<li>\u00c1reas de hipocalcifica\u00e7\u00e3o<\/li>\n\n\n\n<li>Linhas de tend\u00eancia<\/li>\n\n\n\n<li>Textura da superf\u00edcie<\/li>\n\n\n\n<li>N\u00edvel de brilho<\/li>\n<\/ul>\n\n\n\n<p class=\"wp-block-paragraph\">No caso de um incisivo central, registaria tamb\u00e9m as diferen\u00e7as de valores mesial e distal. Os dentes naturais raramente apresentam uma reflex\u00e3o id\u00eantica em toda a superf\u00edcie facial.<\/p>\n\n\n\n<h3 class=\"wp-block-heading\">5. Fotografar corretamente os separadores selecionados<\/h3>\n\n\n\n<p class=\"wp-block-paragraph\">Uma fotografia de sombra \u00fatil deve mostrar claramente o c\u00f3digo da aba e colocar a aba ao lado do dente, \u00e0 mesma profundidade.<\/p>\n\n\n\n<p class=\"wp-block-paragraph\">Inclua v\u00e1rias refer\u00eancias, em vez de apenas a que se presume ser a correspond\u00eancia perfeita. Uma separador para valores mais baixos e outro para valores mais elevados pode ajudar o t\u00e9cnico a compreender o intervalo aceit\u00e1vel.<\/p>\n\n\n\n<p class=\"wp-block-paragraph\">Utiliza\u00e7\u00e3o:<\/p>\n\n\n\n<ul class=\"wp-block-list\">\n<li>Exposi\u00e7\u00e3o manual<\/li>\n\n\n\n<li>Equil\u00edbrio de brancos fixo<\/li>\n\n\n\n<li>Captura em formato RAW, quando dispon\u00edvel<\/li>\n\n\n\n<li>Lente macro<\/li>\n\n\n\n<li>Posi\u00e7\u00e3o repet\u00edvel do flash<\/li>\n\n\n\n<li>Cart\u00e3o cinzento ou refer\u00eancia de calibra\u00e7\u00e3o<\/li>\n\n\n\n<li>Filtros de polariza\u00e7\u00e3o cruzada para cor interna<\/li>\n\n\n\n<li>Fundo preto para real\u00e7ar a translucidez incisal, quando apropriado<\/li>\n<\/ul>\n\n\n\n<p class=\"wp-block-paragraph\">Nesse caso, envie os ficheiros originais. A compress\u00e3o das aplica\u00e7\u00f5es de mensagens pode destruir dados de cor \u00fateis.<\/p>\n\n\n\n<h3 class=\"wp-block-heading\">6. Registe cada tonalidade de tronco separadamente<\/h3>\n\n\n\n<p class=\"wp-block-paragraph\">A sombra final e a sombra do toco s\u00e3o registos diferentes.<\/p>\n\n\n\n<p class=\"wp-block-paragraph\">Uma caixa de dez unidades pode conter dez prepara\u00e7\u00f5es diferentes. Um dente pode apresentar esmalte brilhante, outro pode ter a dentina exposta e outro ainda pode conter um n\u00facleo de comp\u00f3sito escuro.<\/p>\n\n\n\n<p class=\"wp-block-paragraph\">A apresenta\u00e7\u00e3o de um \u00fanico c\u00f3digo de tonalidade de toco para todo o caso obriga o laborat\u00f3rio a adivinhar quais as unidades que necessitam de maior opacidade.<\/p>\n\n\n\n<p class=\"wp-block-paragraph\">O <a href=\"https:\/\/artistdentallab.com\/pt\/what-information-must-be-submitted-to-the-lab-for-anterior-veneer-cases\/\">Lista de verifica\u00e7\u00e3o para a apresenta\u00e7\u00e3o de casos de facetas anteriores<\/a> explica como combinar fotografias de moldes dent\u00e1rios com imagens de prepara\u00e7\u00e3o, digitaliza\u00e7\u00f5es, provis\u00f3rios aprovados, registos faciais e informa\u00e7\u00f5es funcionais.<\/p>\n\n\n\n<h3 class=\"wp-block-heading\">7. Escolher o material adequado ao problema \u00f3tico<\/h3>\n\n\n\n<p class=\"wp-block-paragraph\">A escolha do material deve ter em conta o substrato, a espessura dispon\u00edvel, os requisitos de mascaramento, as condi\u00e7\u00f5es de colagem e as caracter\u00edsticas \u00f3ticas pretendidas.<\/p>\n\n\n\n<p class=\"wp-block-paragraph\">Um <a href=\"https:\/\/artistdentallab.com\/pt\/e-max-veneer\/\">Folheado E.max<\/a> pode proporcionar um equil\u00edbrio \u00fatil entre a resist\u00eancia e a translucidez do dissilicato de l\u00edtio em muitos casos de restaura\u00e7\u00f5es coladas na regi\u00e3o anterior.<\/p>\n\n\n\n<p class=\"wp-block-paragraph\">A <a href=\"https:\/\/artistdentallab.com\/pt\/layered-e-max-veneer\/\">folheado E.max em camadas<\/a> permite um controlo adicional sobre o car\u00e1ter interno, a distribui\u00e7\u00e3o de valores, a textura e os efeitos incisais, nos casos em que \u00e9 necess\u00e1rio um resultado mais personalizado.<\/p>\n\n\n\n<p class=\"wp-block-paragraph\">A <a href=\"https:\/\/artistdentallab.com\/pt\/feldspathic-veneer\/\">folheado feldsp\u00e1tico<\/a> pode permitir a aplica\u00e7\u00e3o de camadas \u00f3ticas altamente detalhadas em casos adequados, desde que o esmalte, o espa\u00e7o, a cor do substrato e as condi\u00e7\u00f5es funcionais sejam favor\u00e1veis.<\/p>\n\n\n\n<p class=\"wp-block-paragraph\">Nenhuma cer\u00e2mica \u00e9, por si s\u00f3, a \u201cmais est\u00e9tica\u201d.\u201d<\/p>\n\n\n\n<p class=\"wp-block-paragraph\">A cer\u00e2mica adequada \u00e9 aquela que consegue produzir o valor e o comportamento \u00f3tico prescritos, dentro das limita\u00e7\u00f5es cl\u00ednicas reais.<\/p>\n\n\n\n<h3 class=\"wp-block-heading\">8. Verificar o valor antes da cimenta\u00e7\u00e3o final<\/h3>\n\n\n\n<p class=\"wp-block-paragraph\">As pastas de ensaio devem ser avaliadas com o doente na posi\u00e7\u00e3o vertical e as restaura\u00e7\u00f5es totalmente encaixadas.<\/p>\n\n\n\n<p class=\"wp-block-paragraph\">Verifique o resultado sob mais do que uma fonte de luz. Avalie a curta dist\u00e2ncia e \u00e0 dist\u00e2ncia de conversa\u00e7\u00e3o. Tire uma fotografia de rosto inteiro, em vez de avaliar apenas atrav\u00e9s de uma imagem em plano de rosto.<\/p>\n\n\n\n<p class=\"wp-block-paragraph\">E compare primeiro os dois incisivos centrais.<\/p>\n\n\n\n<p class=\"wp-block-paragraph\">Os elementos centrais constituem a refer\u00eancia visual para a composi\u00e7\u00e3o anterior. Pequenas diferen\u00e7as de valor entre eles podem distrair mais do que diferen\u00e7as de matiz mais acentuadas, mais afastadas da linha m\u00e9dia.<\/p>\n\n\n\n<figure class=\"wp-block-image size-full\"><img decoding=\"async\" width=\"800\" height=\"533\" src=\"https:\/\/artistdentallab.com\/wp-content\/uploads\/2026\/07\/Veneer-Esthetics-2.jpg\" alt=\"Est\u00e9tica das facetas\" class=\"wp-image-1550\" title=\"\" srcset=\"https:\/\/artistdentallab.com\/wp-content\/uploads\/2026\/07\/Veneer-Esthetics-2.jpg 800w, https:\/\/artistdentallab.com\/wp-content\/uploads\/2026\/07\/Veneer-Esthetics-2-300x200.jpg 300w, https:\/\/artistdentallab.com\/wp-content\/uploads\/2026\/07\/Veneer-Esthetics-2-768x512.jpg 768w, https:\/\/artistdentallab.com\/wp-content\/uploads\/2026\/07\/Veneer-Esthetics-2-18x12.jpg 18w, https:\/\/artistdentallab.com\/wp-content\/uploads\/2026\/07\/Veneer-Esthetics-2-500x333.jpg 500w, https:\/\/artistdentallab.com\/wp-content\/uploads\/2026\/07\/Veneer-Esthetics-2-600x400.jpg 600w\" sizes=\"(max-width: 800px) 100vw, 800px\" \/><\/figure>\n\n\n\n<h2 class=\"wp-block-heading\">Quatro verdades dif\u00edceis sobre a correspond\u00eancia de cores nas facetas de cer\u00e2mica<\/h2>\n\n\n\n<h3 class=\"wp-block-heading\">Um c\u00f3digo de tonalidade n\u00e3o \u00e9 uma receita m\u00e9dica<\/h3>\n\n\n\n<p class=\"wp-block-paragraph\">\u201cA op\u00e7\u00e3o \u201dA1, natural\u00bb permite que o t\u00e9cnico escolha a opacidade, a satura\u00e7\u00e3o cervical, o halo, a textura, a translucidez e o brilho.<\/p>\n\n\n\n<p class=\"wp-block-paragraph\">Isso n\u00e3o \u00e9 comunica\u00e7\u00e3o. \u00c9 uma delega\u00e7\u00e3o sem registos.<\/p>\n\n\n\n<h3 class=\"wp-block-heading\">Os dispositivos digitais n\u00e3o eliminam o julgamento<\/h3>\n\n\n\n<p class=\"wp-block-paragraph\">Um espectrofot\u00f3metro pode melhorar a repetibilidade, mas mede uma regi\u00e3o nas suas pr\u00f3prias condi\u00e7\u00f5es \u00f3ticas. N\u00e3o determina automaticamente a forma do dente, a morfologia da superf\u00edcie, a estratifica\u00e7\u00e3o da cer\u00e2mica, o mascaramento do mon\u00e7\u00e3o nem a prefer\u00eancia do doente.<\/p>\n\n\n\n<p class=\"wp-block-paragraph\">O melhor fluxo de trabalho combina a utiliza\u00e7\u00e3o de instrumentos com a fotografia padronizada e a avalia\u00e7\u00e3o visual.<\/p>\n\n\n\n<h3 class=\"wp-block-heading\">A qualidade da fotografia depende da sua normaliza\u00e7\u00e3o<\/h3>\n\n\n\n<p class=\"wp-block-paragraph\">Uma c\u00e2mara cara utilizada com exposi\u00e7\u00e3o autom\u00e1tica pode produzir registos de sombras inconsistentes.<\/p>\n\n\n\n<p class=\"wp-block-paragraph\">A altera\u00e7\u00e3o da dist\u00e2ncia do flash, da abertura, do equil\u00edbrio de brancos, do monitor, da posi\u00e7\u00e3o do filtro polarizador ou das defini\u00e7\u00f5es de processamento de imagem altera a informa\u00e7\u00e3o recebida pelo laborat\u00f3rio.<\/p>\n\n\n\n<p class=\"wp-block-paragraph\">N\u00edtido n\u00e3o significa preciso.<\/p>\n\n\n\n<h3 class=\"wp-block-heading\">Muitos \u201cremakes do Shade\u201d s\u00e3o, na verdade, remakes de design<\/h3>\n\n\n\n<p class=\"wp-block-paragraph\">Uma faceta pode ser rejeitada por ser demasiado brilhante, quando o verdadeiro problema reside no contorno facial excessivo e no reflexo muito intenso.<\/p>\n\n\n\n<p class=\"wp-block-paragraph\">Pode ser descrito como demasiado cinzento quando o problema \u00e9 uma translucidez incisal descontrolada sobre um fundo oral escuro.<\/p>\n\n\n\n<p class=\"wp-block-paragraph\">Pode parecer opaco porque o t\u00e9cnico utilizou uma m\u00e1scara adicional para compensar uma tonalidade do toco que n\u00e3o estava documentada.<\/p>\n\n\n\n<p class=\"wp-block-paragraph\">Chamar a todos estes problemas de \u201ca tonalidade errada\u201d impede a equipa de identificar a verdadeira falha.<\/p>\n\n\n\n<h2 class=\"wp-block-heading\">FAQs<\/h2>\n\n\n\n<h3 class=\"wp-block-heading\">Por que raz\u00e3o o valor \u00e9 mais importante do que a tonalidade na est\u00e9tica dos revestimentos dent\u00e1rios?<\/h3>\n\n\n\n<p class=\"wp-block-paragraph\">O valor \u00e9 a claridade ou escurid\u00e3o relativa de um dente ou de uma restaura\u00e7\u00e3o e, normalmente, \u00e9 o fator determinante na est\u00e9tica das facetas, uma vez que uma incompatibilidade de valor altera o brilho aparente, a profundidade, a largura e a integra\u00e7\u00e3o visual de todo o dente, antes mesmo de o observador notar diferen\u00e7as mais subtis na tonalidade ou na cromaticidade.<\/p>\n\n\n\n<p class=\"wp-block-paragraph\">Um revestimento de alto valor pode parecer esbranqui\u00e7ado e demasiado grande. Um revestimento de baixo valor pode parecer cinzento ou recuado. Por essa raz\u00e3o, o valor deve, em geral, ser selecionado em primeiro lugar, o croma em segundo e a tonalidade em \u00faltimo.<\/p>\n\n\n\n<h3 class=\"wp-block-heading\">Que informa\u00e7\u00f5es \u00e9 que uma aba de tonalidade n\u00e3o consegue transmitir?<\/h3>\n\n\n\n<p class=\"wp-block-paragraph\">Uma tabela de tonalidades \u00e9 uma refer\u00eancia visual padronizada para designar uma cor geral do dente, mas n\u00e3o consegue descrever na \u00edntegra o gradiente de valor de uma faceta, a translucidez, a influ\u00eancia da cor do mu\u00f1\u00e3o, o efeito da resina de cimenta\u00e7\u00e3o, a textura da superf\u00edcie, a fluoresc\u00eancia, a opalesc\u00eancia ou a forma como os diferentes ter\u00e7os do dente refletem e transmitem a luz.<\/p>\n\n\n\n<p class=\"wp-block-paragraph\">A prescri\u00e7\u00e3o deve, por conseguinte, incluir fotografias da tabela de tonalidades, um mapa de tonalidades por escrito, as tonalidades do mon\u00e7\u00e3o, a espessura da cer\u00e2mica, a escolha do material, as instru\u00e7\u00f5es relativas \u00e0 textura e o objetivo \u00f3tico aprovado pelo paciente.<\/p>\n\n\n\n<h3 class=\"wp-block-heading\">Como deve um dentista escolher a tonalidade das facetas de cer\u00e2mica?<\/h3>\n\n\n\n<p class=\"wp-block-paragraph\">A sele\u00e7\u00e3o fi\u00e1vel da tonalidade do revestimento \u00e9 um processo cl\u00ednico controlado que regista, em primeiro lugar, o valor; em segundo, a cromaticidade; e, em terceiro, a matiz; e, em seguida, acrescenta fotografias padronizadas, a tonalidade do mon\u00e7\u00e3o, a espessura da cer\u00e2mica, a translucidez do material, a textura da superf\u00edcie, as condi\u00e7\u00f5es de ilumina\u00e7\u00e3o e as informa\u00e7\u00f5es relativas ao ensaio com cimento de resina, para que o laborat\u00f3rio receba uma prescri\u00e7\u00e3o \u00f3tica em vez de um simples c\u00f3digo.<\/p>\n\n\n\n<p class=\"wp-block-paragraph\">A sele\u00e7\u00e3o da cor deve ser feita antes de se verificar uma desidrata\u00e7\u00e3o significativa. As amostras selecionadas devem ser fotografadas no mesmo plano que o dente, e cada prepara\u00e7\u00e3o deve ter um registo individual da cor do mu\u00f1\u00e3o.<\/p>\n\n\n\n<h3 class=\"wp-block-heading\">Qual \u00e9 a melhor tabela de cores para facetas?<\/h3>\n\n\n\n<p class=\"wp-block-paragraph\">A melhor escala de cores para facetas \u00e9 o sistema que permite ao cl\u00ednico organizar os valores de forma previs\u00edvel, comunicar claramente o sistema de nomenclatura e verificar o resultado atrav\u00e9s de fotografia calibrada ou de um instrumento; em muitos fluxos de trabalho, o VITA 3D-Master \u00e9 \u00fatil porque os seus grupos est\u00e3o organizados com base na luminosidade, antes da cromaticidade e da tonalidade.<\/p>\n\n\n\n<p class=\"wp-block-paragraph\">O VITA Classical continua a ser amplamente reconhecido, mas nenhum dos dois sistemas pode substituir o mapeamento de tonalidades, a fotografia padronizada, a documenta\u00e7\u00e3o das tonalidades do coto e a verifica\u00e7\u00e3o em laborat\u00f3rio.<\/p>\n\n\n\n<h3 class=\"wp-block-heading\">O cimento de resina pode corrigir o valor de uma faceta?<\/h3>\n\n\n\n<p class=\"wp-block-paragraph\">O cimento de resina \u00e9 uma camada \u00f3tica fina que pode alterar a cor final de uma faceta transl\u00facida, mas n\u00e3o consegue corrigir de forma fi\u00e1vel uma restaura\u00e7\u00e3o cujo valor cer\u00e2mico, opacidade, espessura ou plano de tratamento do substrato estejam fundamentalmente errados, especialmente quando a faceta tem uma espessura de aproximadamente 0,3 a 0,5 mil\u00edmetros.<\/p>\n\n\n\n<p class=\"wp-block-paragraph\">Utilize pastas de teste para comparar as op\u00e7\u00f5es de cimento antes da colagem. N\u00e3o considere o cimento como uma corre\u00e7\u00e3o de \u00faltima hora para uma restaura\u00e7\u00e3o mal fabricada.<\/p>\n\n\n\n<h2 class=\"wp-block-heading\">Envie um mapa de valores, n\u00e3o um c\u00f3digo de tonalidades<\/h2>\n\n\n\n<p class=\"wp-block-paragraph\">Antes de enviar o pr\u00f3ximo caso de faceta, n\u00e3o se limite a escrever apenas \u201cA1\u201d ou \u201cBL3\u201d.\u201d<\/p>\n\n\n\n<p class=\"wp-block-paragraph\">Registe o valor do ter\u00e7o m\u00e9dio. Fa\u00e7a o mapeamento da cromaticidade cervical. Fotografe a tonalidade final e todas as tonalidades dos tocos. Indique a translucidez, o halo, a textura e o brilho desejados. Confirme a espessura da cer\u00e2mica e o cimento de resina proposto. Mostre ao laborat\u00f3rio o que o doente aprovou.<\/p>\n\n\n\n<p class=\"wp-block-paragraph\">Depois, faz uma pergunta simples:<\/p>\n\n\n\n<p class=\"wp-block-paragraph\">Esta restaura\u00e7\u00e3o deve corresponder a uma aba ou deve fazer parte do rosto do doente?<\/p>\n\n\n\n<p class=\"wp-block-paragraph\">Para an\u00e1lise de material t\u00e9cnico, avalia\u00e7\u00e3o do registo de tonalidades ou planeamento de um caso anterior experimental, envie as digitaliza\u00e7\u00f5es, as fotografias, as tonalidades do coto e a prescri\u00e7\u00e3o atrav\u00e9s do <a href=\"https:\/\/artistdentallab.com\/pt\/contact\/\">P\u00e1gina de consultas do Laborat\u00f3rio Dent\u00e1rio Artist<\/a>. <\/p>","protected":false},"excerpt":{"rendered":"<p>A cor A1 pode ainda assim parecer inadequada. Este guia explica por que raz\u00e3o o valor \u2014 a claridade ou escurid\u00e3o de uma restaura\u00e7\u00e3o \u2014 \u00e9 determinante na est\u00e9tica das facetas, como as amostras de cor ocultam vari\u00e1veis \u00f3ticas e como os cl\u00ednicos e os laborat\u00f3rios podem controlar a fotografia, a cor do monconho, a espessura da cer\u00e2mica e o cimento de resina para reduzir as discrep\u00e2ncias vis\u00edveis.<\/p>","protected":false},"author":1,"featured_media":1548,"comment_status":"open","ping_status":"open","sticky":false,"template":"","format":"standard","meta":{"footnotes":""},"categories":[22],"tags":[562,565,564,563,561,559,560],"class_list":["post-1547","post","type-post","status-publish","format-standard","has-post-thumbnail","hentry","category-dental-knowledge","tag-ceramic-veneer-color-matching","tag-dental-laboratory-communication","tag-dental-shade-matching","tag-hue-chroma-and-value","tag-tooth-value-in-dentistry","tag-veneer-esthetics","tag-veneer-shade-selection"],"blocksy_meta":{"styles_descriptor":{"styles":{"desktop":"","tablet":"","mobile":""},"google_fonts":[],"version":7}},"_links":{"self":[{"href":"https:\/\/artistdentallab.com\/pt\/wp-json\/wp\/v2\/posts\/1547","targetHints":{"allow":["GET"]}}],"collection":[{"href":"https:\/\/artistdentallab.com\/pt\/wp-json\/wp\/v2\/posts"}],"about":[{"href":"https:\/\/artistdentallab.com\/pt\/wp-json\/wp\/v2\/types\/post"}],"author":[{"embeddable":true,"href":"https:\/\/artistdentallab.com\/pt\/wp-json\/wp\/v2\/users\/1"}],"replies":[{"embeddable":true,"href":"https:\/\/artistdentallab.com\/pt\/wp-json\/wp\/v2\/comments?post=1547"}],"version-history":[{"count":1,"href":"https:\/\/artistdentallab.com\/pt\/wp-json\/wp\/v2\/posts\/1547\/revisions"}],"predecessor-version":[{"id":1551,"href":"https:\/\/artistdentallab.com\/pt\/wp-json\/wp\/v2\/posts\/1547\/revisions\/1551"}],"wp:featuredmedia":[{"embeddable":true,"href":"https:\/\/artistdentallab.com\/pt\/wp-json\/wp\/v2\/media\/1548"}],"wp:attachment":[{"href":"https:\/\/artistdentallab.com\/pt\/wp-json\/wp\/v2\/media?parent=1547"}],"wp:term":[{"taxonomy":"category","embeddable":true,"href":"https:\/\/artistdentallab.com\/pt\/wp-json\/wp\/v2\/categories?post=1547"},{"taxonomy":"post_tag","embeddable":true,"href":"https:\/\/artistdentallab.com\/pt\/wp-json\/wp\/v2\/tags?post=1547"}],"curies":[{"name":"wp","href":"https:\/\/api.w.org\/{rel}","templated":true}]}}