{"id":1596,"date":"2026-07-29T03:49:05","date_gmt":"2026-07-29T03:49:05","guid":{"rendered":"https:\/\/artistdentallab.com\/"},"modified":"2026-07-29T03:55:57","modified_gmt":"2026-07-29T03:55:57","slug":"which-veneer-material-offers-the-best-control-of-surface-texture","status":"publish","type":"post","link":"https:\/\/artistdentallab.com\/pt\/which-veneer-material-offers-the-best-control-of-surface-texture\/","title":{"rendered":"Qual \u00e9 o material de folheado que oferece o melhor controlo da textura da superf\u00edcie?"},"content":{"rendered":"<p class=\"wp-block-paragraph\"><strong>A porcelana feldsp\u00e1tica oferece o m\u00e1ximo de liberdade para se obter uma textura de superf\u00edcie delicada e personalizada nas facetas, desde que o caso seja devidamente selecionado e a restaura\u00e7\u00e3o seja fabricada por um t\u00e9cnico com grandes compet\u00eancias na aplica\u00e7\u00e3o manual de camadas e no acabamento. O dissilicato de l\u00edtio em camadas ocupa o segundo lugar, enquanto o dissilicato de l\u00edtio monol\u00edtico costuma destacar-se pela repetibilidade, em vez de pela m\u00e1xima liberdade art\u00edstica.<\/strong><\/p>\n\n\n\n<p class=\"wp-block-paragraph\">A textura revela tudo.<\/p>\n\n\n\n<p class=\"wp-block-paragraph\">Um t\u00e9cnico pode selecionar a tonalidade correta, reproduzir o comprimento dent\u00e1rio aprovado e atingir a translucidez solicitada; no entanto, a restaura\u00e7\u00e3o pode ainda assim parecer estranhamente larga, plana, pl\u00e1stica ou sem vida, porque os \u00e2ngulos das linhas, os l\u00f3bulos de desenvolvimento, os peric\u00edmatos, as zonas de brilho e a sequ\u00eancia de polimento foram tratados como detalhes de acabamento, em vez de como parte do projeto.<\/p>\n\n\n\n<p class=\"wp-block-paragraph\">Por que raz\u00e3o o setor continua a exigir o \u201cmelhor material para facetas\u201d, como se a cer\u00e2mica escolhesse a sua pr\u00f3pria anatomia?<\/p>\n\n\n\n<p class=\"wp-block-paragraph\">N\u00e3o \u00e9 verdade.<\/p>\n\n\n\n<p class=\"wp-block-paragraph\">A dura realidade \u00e9 que o material influencia a gama de texturas poss\u00edveis, mas o resultado final \u00e9 determinado por quatro fatores que interagem entre si: a estrutura cer\u00e2mica, o m\u00e9todo de fabrico, a espessura dispon\u00edvel e a capacidade do t\u00e9cnico para dar acabamento \u00e0 superf\u00edcie sem deixar uma rugosidade clinicamente indesej\u00e1vel.<\/p>\n\n\n\n<h2 class=\"wp-block-heading\">O veredicto: a porcelana feldsp\u00e1tica vence o concurso de controlo da textura<\/h2>\n\n\n\n<p class=\"wp-block-paragraph\">Quando a quest\u00e3o \u00e9 estritamente <strong>Qual \u00e9 o material para facetas dent\u00e1rias que oferece maior controlo sobre a caracteriza\u00e7\u00e3o fina e natural da superf\u00edcie?<\/strong>, a minha classifica\u00e7\u00e3o \u00e9 a seguinte:<\/p>\n\n\n\n<ol class=\"wp-block-list\">\n<li><strong>Porcelana feldsp\u00e1tica revestida \u00e0 m\u00e3o<\/strong><\/li>\n\n\n\n<li><strong>Dissilicato de l\u00edtio em camadas<\/strong><\/li>\n\n\n\n<li><strong>Dissilicato de l\u00edtio monol\u00edtico<\/strong><\/li>\n\n\n\n<li><strong>Resina composta indireta ou direta<\/strong><\/li>\n\n\n\n<li><strong>Zirc\u00f4nia monol\u00edtica<\/strong><\/li>\n<\/ol>\n\n\n\n<p class=\"wp-block-paragraph\">Essa classifica\u00e7\u00e3o n\u00e3o constitui uma hierarquia universal de tratamentos. Limita-se a avaliar o controlo sobre a anatomia superficial vis\u00edvel, o brilho seletivo, as irregularidades semelhantes \u00e0s do esmalte e a caracteriza\u00e7\u00e3o localizada.<\/p>\n\n\n\n<p class=\"wp-block-paragraph\">\u00c9 poss\u00edvel construir e aperfei\u00e7oar uma camada de feldspato atrav\u00e9s de incrementos cer\u00e2micos extremamente finos. Isto confere ao t\u00e9cnico uma ampla liberdade para controlar o contorno facial, os \u00e2ngulos das linhas, os perikymata horizontais pouco pronunciados, os l\u00f3bulos de desenvolvimento verticais, as depress\u00f5es superficiais, o desgaste incisal e os diferentes n\u00edveis de brilho numa \u00fanica restaura\u00e7\u00e3o.<\/p>\n\n\n\n<p class=\"wp-block-paragraph\">As especifica\u00e7\u00f5es do site para <a href=\"https:\/\/artistdentallab.com\/pt\/feldspathic-veneer\/\">folheados feldsp\u00e1ticos revestidos \u00e0 m\u00e3o<\/a> reflete esta indica\u00e7\u00e3o restrita, mas valiosa: casos anteriores de alta qualidade que exigem translucidez semelhante \u00e0 do esmalte, microtextura, efeitos de linhas de craquelagem, caracteriza\u00e7\u00e3o incisal e comportamento da luz espec\u00edfico para cada caso.<\/p>\n\n\n\n<p class=\"wp-block-paragraph\">Mas h\u00e1 um pre\u00e7o a pagar.<\/p>\n\n\n\n<p class=\"wp-block-paragraph\">A porcelana feldsp\u00e1tica oferece menor resist\u00eancia mec\u00e2nica do que o dissilicato de l\u00edtio, depende mais do suporte do esmalte e da liga\u00e7\u00e3o adesiva e \u00e9 menos tolerante quando a prepara\u00e7\u00e3o, a oclus\u00e3o, a cor do substrato ou a prescri\u00e7\u00e3o do laborat\u00f3rio s\u00e3o inadequadas. Um material que proporciona ao t\u00e9cnico maior liberdade art\u00edstica tamb\u00e9m oferece \u00e0 equipa cl\u00ednica mais possibilidades de falha.<\/p>\n\n\n\n<figure class=\"wp-block-image size-large\"><img fetchpriority=\"high\" decoding=\"async\" width=\"1024\" height=\"768\" src=\"https:\/\/artistdentallab.com\/wp-content\/uploads\/2026\/07\/Which-Veneer-Material-Offers-the-Best-Control-of-Surface-Texture-1-1024x768.jpg\" alt=\"Qual \u00e9 o material de folheado que oferece o melhor controlo da textura da superf\u00edcie?\" class=\"wp-image-1598\" title=\"\" srcset=\"https:\/\/artistdentallab.com\/wp-content\/uploads\/2026\/07\/Which-Veneer-Material-Offers-the-Best-Control-of-Surface-Texture-1-1024x768.jpg 1024w, https:\/\/artistdentallab.com\/wp-content\/uploads\/2026\/07\/Which-Veneer-Material-Offers-the-Best-Control-of-Surface-Texture-1-300x225.jpg 300w, https:\/\/artistdentallab.com\/wp-content\/uploads\/2026\/07\/Which-Veneer-Material-Offers-the-Best-Control-of-Surface-Texture-1-768x576.jpg 768w, https:\/\/artistdentallab.com\/wp-content\/uploads\/2026\/07\/Which-Veneer-Material-Offers-the-Best-Control-of-Surface-Texture-1-16x12.jpg 16w, https:\/\/artistdentallab.com\/wp-content\/uploads\/2026\/07\/Which-Veneer-Material-Offers-the-Best-Control-of-Surface-Texture-1-500x375.jpg 500w, https:\/\/artistdentallab.com\/wp-content\/uploads\/2026\/07\/Which-Veneer-Material-Offers-the-Best-Control-of-Surface-Texture-1-600x450.jpg 600w, https:\/\/artistdentallab.com\/wp-content\/uploads\/2026\/07\/Which-Veneer-Material-Offers-the-Best-Control-of-Surface-Texture-1.jpg 1448w\" sizes=\"(max-width: 1024px) 100vw, 1024px\" \/><\/figure>\n\n\n\n<h2 class=\"wp-block-heading\">A textura da superf\u00edcie \u00e9 um sistema \u00f3tico, n\u00e3o uma rugosidade controlada<\/h2>\n\n\n\n<p class=\"wp-block-paragraph\">O esmalte natural \u00e9 composto principalmente por hidroxiapatita, representada quimicamente como Ca\u2081\u2080(PO\u2084)\u2086(OH)\u2082. A sua superf\u00edcie externa n\u00e3o \u00e9 uniformemente lisa nem uniformemente brilhante.<\/p>\n\n\n\n<p class=\"wp-block-paragraph\">Apresenta v\u00e1rios n\u00edveis anat\u00f3micos:<\/p>\n\n\n\n<h3 class=\"wp-block-heading\">Textura principal<\/h3>\n\n\n\n<p class=\"wp-block-paragraph\">A textura prim\u00e1ria inclui o contorno facial geral, a emerg\u00eancia cervical, o perfil incisal e os \u00e2ngulos das linhas de transi\u00e7\u00e3o mesial e distal.<\/p>\n\n\n\n<p class=\"wp-block-paragraph\">Estas caracter\u00edsticas determinam o padr\u00e3o geral de reflex\u00e3o. Uma zona de reflex\u00e3o central ampla pode fazer com que um dente pare\u00e7a mais largo e mais brilhante. Deslocar as linhas de transi\u00e7\u00e3o para o interior pode fazer com que a mesma coroa f\u00edsica pare\u00e7a mais estreita, sem alterar a sua medida mesiodistal.<\/p>\n\n\n\n<h3 class=\"wp-block-heading\">Textura secund\u00e1ria<\/h3>\n\n\n\n<p class=\"wp-block-paragraph\">A textura secund\u00e1ria inclui l\u00f3bulos faciais, depress\u00f5es verticais de desenvolvimento, planos de desgaste incisal e padr\u00f5es horizontais mais amplos.<\/p>\n\n\n\n<p class=\"wp-block-paragraph\">Estas caracter\u00edsticas influenciam a idade aparente, o comprimento dos dentes, a proemin\u00eancia facial e a rela\u00e7\u00e3o entre as unidades adjacentes.<\/p>\n\n\n\n<h3 class=\"wp-block-heading\">Textura terci\u00e1ria<\/h3>\n\n\n\n<p class=\"wp-block-paragraph\">A textura terci\u00e1ria inclui peric\u00edmatos muito finos, sulcos pouco profundos, interrup\u00e7\u00f5es seletivas na superf\u00edcie e altera\u00e7\u00f5es subtis no polimento.<\/p>\n\n\n\n<p class=\"wp-block-paragraph\">\u00c9 aqui que a porcelana feldsp\u00e1tica se distingue frequentemente de materiais menos sens\u00edveis \u00e0 t\u00e9cnica. O t\u00e9cnico pode criar irregularidades delicadas sem ter de uniformizar toda a superf\u00edcie facial com um acabamento fresado ou esmaltado homog\u00e9neo.<\/p>\n\n\n\n<p class=\"wp-block-paragraph\">As rela\u00e7\u00f5es \u00f3ticas mais gerais s\u00e3o explicadas no guia da Artist Dental Lab sobre <a href=\"https:\/\/artistdentallab.com\/pt\/surface-texture-in-veneers-matching-age-expression-and-personality\/\">textura da superf\u00edcie das facetas dent\u00e1rias e express\u00e3o espec\u00edfica de cada doente<\/a>. A quest\u00e3o fundamental \u00e9 simples: a textura da superf\u00edcie altera a forma como o observador interpreta o valor, a largura, a profundidade, a idade e a simetria.<\/p>\n\n\n\n<p class=\"wp-block-paragraph\">A textura n\u00e3o \u00e9, portanto, decora\u00e7\u00e3o.<\/p>\n\n\n\n<p class=\"wp-block-paragraph\">\u00c9 a geometria que controla a luz.<\/p>\n\n\n\n<h2 class=\"wp-block-heading\">Compara\u00e7\u00e3o de materiais para facetas dent\u00e1rias atrav\u00e9s do controlo da textura real<\/h2>\n\n\n\n<figure class=\"wp-block-table\"><table class=\"has-fixed-layout\"><thead><tr><th>Material do folheado<\/th><th>Liberdade na textura fina<\/th><th>Repetibilidade entre unidades<\/th><th>Reserva mec\u00e2nica<\/th><th>Considera\u00e7\u00f5es a longo prazo sobre o polimento<\/th><th>Melhor utiliza\u00e7\u00e3o<\/th><\/tr><\/thead><tbody><tr><td>Porcelana feldsp\u00e1tica revestida \u00e0 m\u00e3o<\/td><td>Excelente<\/td><td>Moderado<\/td><td>Inferior<\/td><td>Pode manter uma caracteriza\u00e7\u00e3o requintada quando devidamente polido<\/td><td>Casos de denta\u00e7\u00e3o anterior com predomin\u00e2ncia de esmalte de alta qualidade<\/td><\/tr><tr><td>Dissilicato de l\u00edtio em camadas<\/td><td>Muito elevado<\/td><td>Elevado<\/td><td>Elevado<\/td><td>Permite a caracteriza\u00e7\u00e3o interna e externa<\/td><td>Casos de elevada exig\u00eancia est\u00e9tica que requerem maior resist\u00eancia<\/td><\/tr><tr><td>Dissilicato de l\u00edtio monol\u00edtico<\/td><td>Elevado<\/td><td>Excelente<\/td><td>Elevado<\/td><td>A textura depende em grande medida do contorno e do polimento final<\/td><td>Casos com v\u00e1rias unidades que exigem coer\u00eancia<\/td><\/tr><tr><td>Resina comp\u00f3sita<\/td><td>Inicialmente elevado<\/td><td>Dependente do operador<\/td><td>Moderado<\/td><td>Mais suscet\u00edvel ao desgaste, \u00e0 rugosidade e \u00e0 altera\u00e7\u00e3o do brilho<\/td><td>Casos pass\u00edveis de repara\u00e7\u00e3o, aditivos ou de transi\u00e7\u00e3o<\/td><\/tr><tr><td>Zirc\u00f4nia monol\u00edtica<\/td><td>Moderado<\/td><td>Excelente<\/td><td>Muito elevado<\/td><td>Requer um polimento meticuloso ap\u00f3s o ajuste<\/td><td>Casos que d\u00e3o prioridade ao uso de m\u00e1scara ou \u00e0 resist\u00eancia funcional<\/td><\/tr><\/tbody><\/table><\/figure>\n\n\n\n<p class=\"wp-block-paragraph\">A tabela revela uma distin\u00e7\u00e3o importante: <strong>O controlo m\u00e1ximo e o controlo previs\u00edvel n\u00e3o s\u00e3o a mesma coisa<\/strong>.<\/p>\n\n\n\n<p class=\"wp-block-paragraph\">A porcelana feldsp\u00e1tica oferece a maior variedade art\u00edstica. O dissilicato de l\u00edtio monol\u00edtico proporciona, normalmente, uma melhor reprodutibilidade em pr\u00f3teses de seis, oito ou dez unidades. O dissilicato de l\u00edtio em camadas situa-se entre estas duas op\u00e7\u00f5es.<\/p>\n\n\n\n<p class=\"wp-block-paragraph\">\u00c9 precisamente essa posi\u00e7\u00e3o interm\u00e9dia que me leva a considerar o dissilicato de l\u00edtio em camadas a solu\u00e7\u00e3o mais pr\u00e1tica para muitos casos exigentes na regi\u00e3o anterior, embora o feldsp\u00e1tico continue a levar a melhor na disputa renhida pela m\u00e1xima liberdade em termos de microtextura.<\/p>\n\n\n\n<h2 class=\"wp-block-heading\">Por que raz\u00e3o a porcelana feldsp\u00e1tica reproduz t\u00e3o bem a textura fina<\/h2>\n\n\n\n<p class=\"wp-block-paragraph\">A porcelana feldsp\u00e1tica \u00e9 uma cer\u00e2mica com elevado teor de vidro, composta por constituintes como SiO\u2082, Al\u2082O\u2083, K\u2082O e Na\u2082O. O seu teor relativamente baixo de cristais favorece a translucidez e a aplica\u00e7\u00e3o manual em camadas delicadas, mas tamb\u00e9m contribui para uma resist\u00eancia mec\u00e2nica inferior \u00e0 dos sistemas de vitrocer\u00e2mica refor\u00e7ada.<\/p>\n\n\n\n<p class=\"wp-block-paragraph\">Uma revis\u00e3o amplamente citada indicou valores t\u00edpicos de resist\u00eancia \u00e0 flex\u00e3o da porcelana feldsp\u00e1tica de aproximadamente <strong>60\u201370 MPa<\/strong>, embora os valores reais variem consoante o material, a conce\u00e7\u00e3o da amostra, o processamento, o m\u00e9todo de ensaio e o fabricante.<\/p>\n\n\n\n<p class=\"wp-block-paragraph\">Essa pot\u00eancia modesta n\u00e3o \u00e9 a raz\u00e3o pela qual os m\u00e9dicos a escolhem.<\/p>\n\n\n\n<p class=\"wp-block-paragraph\">Escolhem-no porque o t\u00e9cnico pode criar profundidade \u00f3tica e morfologia da superf\u00edcie em incrementos finos, em vez de depender principalmente de um corpo de contorno completo fresado e de uma colora\u00e7\u00e3o externa.<\/p>\n\n\n\n<p class=\"wp-block-paragraph\">Com a porcelana feldsp\u00e1tica, o t\u00e9cnico pode:<\/p>\n\n\n\n<ul class=\"wp-block-list\">\n<li>Variar a espessura da cer\u00e2mica consoante a zona facial<\/li>\n\n\n\n<li>Aperfei\u00e7oar os \u00e2ngulos das linhas sem tornar toda a superf\u00edcie mais plana<\/li>\n\n\n\n<li>Coloque peric\u00edmatos pouco vis\u00edveis de forma seletiva, em vez de uniformemente<\/li>\n\n\n\n<li>Alterar o brilho entre as regi\u00f5es central, proximal, cervical e incisal<\/li>\n\n\n\n<li>Introduzir uma assimetria controlada entre os dentes contralaterais<\/li>\n\n\n\n<li>Integrar os detalhes da superf\u00edcie com os mamel\u00f5es internos, o halo, a translucidez e a opalesc\u00eancia<\/li>\n\n\n\n<li>Reproduzir o esmalte adjacente, em vez de copiar uma biblioteca digital gen\u00e9rica<\/li>\n<\/ul>\n\n\n\n<p class=\"wp-block-paragraph\">Mas h\u00e1 um sen\u00e3o.<\/p>\n\n\n\n<p class=\"wp-block-paragraph\">Uma faceta de feldspato colocada sobre uma prepara\u00e7\u00e3o mal documentada continua a ser uma restaura\u00e7\u00e3o mal planeada. Por mais que se trabalhe a superf\u00edcie, nada pode compensar a cor n\u00e3o documentada do mon\u00e7\u00e3o, o esmalte insuficiente, a carga funcional descontrolada, um mau desenho das margens ou uma exig\u00eancia de mascaramento irrealista.<\/p>\n\n\n\n<h2 class=\"wp-block-heading\">Disilicato de l\u00edtio: menos liberdade na manipula\u00e7\u00e3o, mais reserva estrutural<\/h2>\n\n\n\n<p class=\"wp-block-paragraph\">O dissilicato de l\u00edtio, geralmente representado pela f\u00f3rmula Li\u2082Si\u2082O\u2085, cont\u00e9m uma fase cristalina entrela\u00e7ada numa matriz v\u00edtrea. Em compara\u00e7\u00e3o com a porcelana feldsp\u00e1tica convencional, proporciona uma resist\u00eancia mec\u00e2nica substancialmente superior e permite a utiliza\u00e7\u00e3o de t\u00e9cnicas de trabalho como prensagem, fresagem, monol\u00edtica, \u00abcut-back\u00bb e em camadas.<\/p>\n\n\n\n<p class=\"wp-block-paragraph\">Os dados atuais do fabricante relativos ao IPS e.max CAD indicam uma resist\u00eancia m\u00e9dia \u00e0 flex\u00e3o biaxial de <strong>530 MPa<\/strong>, resist\u00eancia \u00e0 fratura de <strong>2,11 MPa\u00b7m\u00b9\u141f\u00b2<\/strong>, e a sobreviv\u00eancia m\u00e9dia documentada de <strong>95,21 TP3T ao longo de per\u00edodos que se estendem at\u00e9 15 anos<\/strong>. Esses valores aplicam-se ao material e ao sistema de ensaio referidos, n\u00e3o se aplicando automaticamente a todas as facetas de dissilicato de l\u00edtio nem a todas as situa\u00e7\u00f5es cl\u00ednicas. <a href=\"https:\/\/www.ivoclar.com\/en_li\/products\/digital-processes\/ips-e.max-cad\" rel=\"nofollow noopener\" target=\"_blank\">Informa\u00e7\u00f5es t\u00e9cnicas atuais da Ivoclar sobre o IPS e.max CAD<\/a> descreve tamb\u00e9m as op\u00e7\u00f5es de acabamento polido, tingido e esmaltado, recortado e em camadas.<\/p>\n\n\n\n<p class=\"wp-block-paragraph\">A for\u00e7a altera o fluxo de trabalho.<\/p>\n\n\n\n<p class=\"wp-block-paragraph\">Uma restaura\u00e7\u00e3o monol\u00edtica permite preservar um corpo cont\u00ednuo de dissilicato de l\u00edtio, enquanto o t\u00e9cnico define a textura externamente atrav\u00e9s de instrumentos de diamante, polidores de borracha, colora\u00e7\u00e3o, esmalte e polimento mec\u00e2nico seletivo.<\/p>\n\n\n\n<p class=\"wp-block-paragraph\">Isto resulta frequentemente numa excelente textura cl\u00ednica. Al\u00e9m disso, melhora a uniformidade nos casos com v\u00e1rias unidades, uma vez que os contornos b\u00e1sicos podem ser concebidos digitalmente antes de o t\u00e9cnico iniciar o acabamento manual.<\/p>\n\n\n\n<p class=\"wp-block-paragraph\">A limita\u00e7\u00e3o \u00e9 a profundidade.<\/p>\n\n\n\n<p class=\"wp-block-paragraph\">Numa restaura\u00e7\u00e3o de contorno total, grande parte da caracteriza\u00e7\u00e3o situa-se na superf\u00edcie ou pr\u00f3ximo dela. O t\u00e9cnico n\u00e3o consegue criar a mesma rela\u00e7\u00e3o em camadas entre os efeitos \u00f3ticos internos e a porcelana de esmalte sobrejacente que \u00e9 poss\u00edvel com uma faceta feldsp\u00e1tica totalmente aplicada \u00e0 m\u00e3o ou com uma restaura\u00e7\u00e3o de dissilicato de l\u00edtio cuidadosamente recortada.<\/p>\n\n\n\n<p class=\"wp-block-paragraph\">Essa rela\u00e7\u00e3o \u00e9 analisada mais detalhadamente na compara\u00e7\u00e3o entre <a href=\"https:\/\/artistdentallab.com\/pt\/full-e-max-veneers-vs-layered-e-max-veneers-what-is-the-real-difference\/\">Facetas E.max inteiras versus facetas em camadas<\/a>.<\/p>\n\n\n\n<figure class=\"wp-block-image size-large\"><img decoding=\"async\" width=\"1024\" height=\"768\" src=\"https:\/\/artistdentallab.com\/wp-content\/uploads\/2026\/07\/Which-Veneer-Material-Offers-the-Best-Control-of-Surface-Texture-2-1024x768.jpg\" alt=\"Qual \u00e9 o material de folheado que oferece o melhor controlo da textura da superf\u00edcie?\" class=\"wp-image-1599\" title=\"\" srcset=\"https:\/\/artistdentallab.com\/wp-content\/uploads\/2026\/07\/Which-Veneer-Material-Offers-the-Best-Control-of-Surface-Texture-2-1024x768.jpg 1024w, https:\/\/artistdentallab.com\/wp-content\/uploads\/2026\/07\/Which-Veneer-Material-Offers-the-Best-Control-of-Surface-Texture-2-300x225.jpg 300w, https:\/\/artistdentallab.com\/wp-content\/uploads\/2026\/07\/Which-Veneer-Material-Offers-the-Best-Control-of-Surface-Texture-2-768x576.jpg 768w, https:\/\/artistdentallab.com\/wp-content\/uploads\/2026\/07\/Which-Veneer-Material-Offers-the-Best-Control-of-Surface-Texture-2-16x12.jpg 16w, https:\/\/artistdentallab.com\/wp-content\/uploads\/2026\/07\/Which-Veneer-Material-Offers-the-Best-Control-of-Surface-Texture-2-500x375.jpg 500w, https:\/\/artistdentallab.com\/wp-content\/uploads\/2026\/07\/Which-Veneer-Material-Offers-the-Best-Control-of-Surface-Texture-2-600x450.jpg 600w, https:\/\/artistdentallab.com\/wp-content\/uploads\/2026\/07\/Which-Veneer-Material-Offers-the-Best-Control-of-Surface-Texture-2.jpg 1448w\" sizes=\"(max-width: 1024px) 100vw, 1024px\" \/><\/figure>\n\n\n\n<h2 class=\"wp-block-heading\">O E.max monol\u00edtico \u00e9 melhor na repeti\u00e7\u00e3o do que na improvisa\u00e7\u00e3o<\/h2>\n\n\n\n<p class=\"wp-block-paragraph\">Uma obra bem produzida <a href=\"https:\/\/artistdentallab.com\/pt\/monolithic-e-max-veneers-esthetic-control-through-stain-texture-and-contour\/\">faceta monol\u00edtica em E.max<\/a> pode apresentar l\u00f3bulos convincentes, \u00e2ngulos de linha, irregularidade incisal, detalhes horizontais t\u00e9nues e polimento seletivo.<\/p>\n\n\n\n<p class=\"wp-block-paragraph\">O que faz especialmente bem \u00e9 a repeti\u00e7\u00e3o.<\/p>\n\n\n\n<p class=\"wp-block-paragraph\">Consideremos um caso com oito unidades. O projeto digital permite determinar:<\/p>\n\n\n\n<ul class=\"wp-block-list\">\n<li>Limites consistentes do volume facial<\/li>\n\n\n\n<li>Posi\u00e7\u00f5es coordenadas da linha de transi\u00e7\u00e3o<\/li>\n\n\n\n<li>Larguras de reflex\u00e3o central controladas<\/li>\n\n\n\n<li>Planos incisais alinhados<\/li>\n\n\n\n<li>Contornos proximais repet\u00edveis<\/li>\n\n\n\n<li>Posicionamento previs\u00edvel da \u00e1rea de contacto<\/li>\n\n\n\n<li>Uma textura de base comum antes do acabamento individual<\/li>\n<\/ul>\n\n\n\n<p class=\"wp-block-paragraph\">O t\u00e9cnico pode ent\u00e3o quebrar essa uniformidade de forma deliberada.<\/p>\n\n\n\n<p class=\"wp-block-paragraph\">Isto \u00e9 muito mais seguro do que esculpir oito superf\u00edcies sem rela\u00e7\u00e3o entre si a olho nu e esperar que fa\u00e7am parte do mesmo sorriso. Mas tamb\u00e9m cria a cl\u00e1ssica armadilha digital: as unidades tornam-se demasiado id\u00eanticas, demasiado lisas e demasiado perfeitamente sim\u00e9tricas.<\/p>\n\n\n\n<p class=\"wp-block-paragraph\">A simetria \u00e9 um trunfo nas imagens de ecr\u00e3.<\/p>\n\n\n\n<p class=\"wp-block-paragraph\">Muitas vezes, n\u00e3o fica bem nos rostos.<\/p>\n\n\n\n<p class=\"wp-block-paragraph\">A minha opini\u00e3o \u00e9 direta: o disilicato de l\u00edtio monol\u00edtico n\u00e3o deve ser considerado um compromisso est\u00e9tico, mas uma superf\u00edcie fresada gen\u00e9rica seguida de uma camada de esmalte n\u00e3o constitui uma caracteriza\u00e7\u00e3o avan\u00e7ada da superf\u00edcie. Trata-se de um design inacabado revestido por um revestimento refletor.<\/p>\n\n\n\n<h2 class=\"wp-block-heading\">O dissilicato de l\u00edtio em camadas \u00e9 o melhor compromisso pr\u00e1tico<\/h2>\n\n\n\n<p class=\"wp-block-paragraph\">O disilicato de l\u00edtio em camadas utiliza um n\u00facleo ou estrutura facial de disilicato de l\u00edtio, com cer\u00e2mica de revestimento adicionada em regi\u00f5es selecionadas.<\/p>\n\n\n\n<p class=\"wp-block-paragraph\">Isto permite ao t\u00e9cnico combinar:<\/p>\n\n\n\n<ul class=\"wp-block-list\">\n<li>Apoio estrutural da base em vitrocer\u00e2mica refor\u00e7ada<\/li>\n\n\n\n<li>Contorno digital controlado ou prensado<\/li>\n\n\n\n<li>Maior profundidade do esmalte<\/li>\n\n\n\n<li>Efeitos incisais localizados<\/li>\n\n\n\n<li>Melhoria do controlo da caracteriza\u00e7\u00e3o interna<\/li>\n\n\n\n<li>Maior liberdade na escolha da textura e do brilho da superf\u00edcie<\/li>\n<\/ul>\n\n\n\n<p class=\"wp-block-paragraph\">Em muitos casos, este \u00e9 o equil\u00edbrio mais justific\u00e1vel.<\/p>\n\n\n\n<p class=\"wp-block-paragraph\">Embora n\u00e3o ofere\u00e7a exatamente a mesma liberdade art\u00edstica de camadas finas que uma faceta feldsp\u00e1tica tradicional, proporciona um maior controlo \u00f3tico e textural do que uma restaura\u00e7\u00e3o puramente monol\u00edtica, mantendo simultaneamente uma maior reserva mec\u00e2nica do que uma constru\u00e7\u00e3o totalmente feldsp\u00e1tica.<\/p>\n\n\n\n<p class=\"wp-block-paragraph\">Eu optaria pelo dissilicato de l\u00edtio em camadas quando o caso exigir uma caracteriza\u00e7\u00e3o acentuada, mas tamb\u00e9m incluir um ou mais fatores complicadores: espa\u00e7o de restaura\u00e7\u00e3o reduzido, maior exig\u00eancia funcional, extens\u00e3o incisal mais longa, condi\u00e7\u00f5es mistas do substrato ou necessidade de uma geometria multiunidade mais consistente.<\/p>\n\n\n\n<h2 class=\"wp-block-heading\">A resina comp\u00f3sita oferece controlo imediato, mas perde no que diz respeito \u00e0 estabilidade<\/h2>\n\n\n\n<p class=\"wp-block-paragraph\">A resina comp\u00f3sita permite ao cl\u00ednico ou ao t\u00e9cnico controlar diretamente a textura, o contorno, os \u00e2ngulos das linhas, o brilho e a repara\u00e7\u00e3o localizada.<\/p>\n\n\n\n<p class=\"wp-block-paragraph\">Essa flexibilidade \u00e9 real.<\/p>\n\n\n\n<p class=\"wp-block-paragraph\">Uma superf\u00edcie de comp\u00f3sito pode ser modificada na pr\u00f3pria consulta, remodelada sem necessidade de refazer toda a restaura\u00e7\u00e3o e polida atrav\u00e9s de abrasivos sequenciais. Isto torna o comp\u00f3sito uma op\u00e7\u00e3o valiosa para casos de restaura\u00e7\u00f5es adicionais, avalia\u00e7\u00e3o provis\u00f3ria, pacientes mais jovens, repara\u00e7\u00f5es e situa\u00e7\u00f5es em que se preveja a necessidade de modifica\u00e7\u00f5es futuras.<\/p>\n\n\n\n<p class=\"wp-block-paragraph\">Mas a controlabilidade inicial n\u00e3o \u00e9 o mesmo que estabilidade a longo prazo.<\/p>\n\n\n\n<p class=\"wp-block-paragraph\">As superf\u00edcies de comp\u00f3sito de resina s\u00e3o afetadas pelo tamanho do enchimento, pela concentra\u00e7\u00e3o do enchimento, pela composi\u00e7\u00e3o qu\u00edmica da resina, pela sequ\u00eancia de acabamento, pelo sistema abrasivo, pela press\u00e3o exercida pelo operador, pela manuten\u00e7\u00e3o, pela alimenta\u00e7\u00e3o, pela escovagem e pelo envelhecimento. Uma revis\u00e3o sistem\u00e1tica de 2023 concluiu que a rugosidade final da superf\u00edcie das restaura\u00e7\u00f5es com comp\u00f3sito na regi\u00e3o anterior depende tanto do comp\u00f3sito como do protocolo de polimento, em vez de depender de um \u00fanico m\u00e9todo de acabamento universal.<\/p>\n\n\n\n<p class=\"wp-block-paragraph\">Outra revis\u00e3o sistem\u00e1tica e meta-an\u00e1lise em rede avaliou a suavidade da superf\u00edcie em diferentes sistemas de polimento de comp\u00f3sitos de resina, refor\u00e7ando mais uma vez que a categoria do material, por si s\u00f3, n\u00e3o permite prever o acabamento final.<\/p>\n\n\n\n<p class=\"wp-block-paragraph\">Essa \u00e9 a fraqueza.<\/p>\n\n\n\n<p class=\"wp-block-paragraph\">O material comp\u00f3sito proporciona ao operador um controlo r\u00e1pido, mas manter um brilho elevado e uma baixa rugosidade ao longo do tempo \u00e9 mais dif\u00edcil do que com uma superf\u00edcie cer\u00e2mica bem acabada.<\/p>\n\n\n\n<h2 class=\"wp-block-heading\">A textura vis\u00edvel n\u00e3o deve tornar-se uma rugosidade prop\u00edcia \u00e0 reten\u00e7\u00e3o de placa bacteriana<\/h2>\n\n\n\n<p class=\"wp-block-paragraph\">Esta distin\u00e7\u00e3o merece mais aten\u00e7\u00e3o do que aquela que lhe \u00e9 dada.<\/p>\n\n\n\n<p class=\"wp-block-paragraph\">Uma faceta pode necessitar de uma anatomia superficial vis\u00edvel, mas n\u00e3o deve ser deixada com uma superf\u00edcie microscopicamente rugosa apenas para lhe conferir um aspeto \u201cnatural\u201d. A macrotextura e a microtextura descrevem a morfologia projetada. A rugosidade superficial descreve a irregularidade microsc\u00f3pica que permanece ap\u00f3s o acabamento e o polimento.<\/p>\n\n\n\n<p class=\"wp-block-paragraph\">Esses termos n\u00e3o s\u00e3o intercambi\u00e1veis.<\/p>\n\n\n\n<p class=\"wp-block-paragraph\">O frequentemente citado <strong>Ra 0,2 \u03bcm<\/strong> Este valor \u00e9 frequentemente descrito na literatura sobre materiais dent\u00e1rios como um limiar acima do qual a acumula\u00e7\u00e3o de placa bacteriana pode aumentar. N\u00e3o deve ser considerado como um \u00ababismo biol\u00f3gico\u00bb universal, aplic\u00e1vel de forma id\u00eantica a todos os materiais e ambientes orais, mas continua a ser um aviso \u00fatil contra superf\u00edcies restaurativas mal acabadas. <a href=\"https:\/\/pmc.ncbi.nlm.nih.gov\/articles\/PMC8836682\/\" rel=\"nofollow noopener\" target=\"_blank\">Um estudo publicado pelo NIH que aborda o limiar de 0,2 \u03bcm<\/a> resume a preocupa\u00e7\u00e3o subjacente.<\/p>\n\n\n\n<p class=\"wp-block-paragraph\">Portanto, a fun\u00e7\u00e3o do t\u00e9cnico n\u00e3o \u00e9 tornar o revestimento \u00e1spero.<\/p>\n\n\n\n<p class=\"wp-block-paragraph\">A tarefa consiste em criar uma anatomia que se mantenha bem trabalhada.<\/p>\n\n\n\n<p class=\"wp-block-paragraph\">Uma restaura\u00e7\u00e3o convincente pode apresentar l\u00f3bulos de desenvolvimento, transi\u00e7\u00f5es linha-\u00e2ngulo, peric\u00edmatos pouco vis\u00edveis e desgaste incisal, mantendo-se ao mesmo tempo suave ao toque da l\u00edngua e evitando a reten\u00e7\u00e3o desnecess\u00e1ria de placa bacteriana ou a forma\u00e7\u00e3o de manchas.<\/p>\n\n\n\n<h2 class=\"wp-block-heading\">O que as evid\u00eancias cl\u00ednicas realmente dizem<\/h2>\n\n\n\n<p class=\"wp-block-paragraph\">Os debates sobre a sele\u00e7\u00e3o de materiais recorrem frequentemente a uma utiliza\u00e7\u00e3o incorreta dos dados de sobreviv\u00eancia.<\/p>\n\n\n\n<p class=\"wp-block-paragraph\">A <strong>Revis\u00e3o sistem\u00e1tica e meta-an\u00e1lise de 2016<\/strong> avaliou 13 estudos que abrangeram aproximadamente 2 848 facetas de cer\u00e2mica. Estima-se que a taxa de sobreviv\u00eancia cumulativa global seja de <strong>89%<\/strong> ao longo de um per\u00edodo m\u00e9dio de acompanhamento de nove anos, com aproximadamente <strong>94% para facetas de vitrocer\u00e2mica<\/strong> e <strong>87% para facetas de porcelana feldsp\u00e1tica<\/strong>. As fraturas e as lascas foram as complica\u00e7\u00f5es mais frequentemente relatadas.<\/p>\n\n\n\n<p class=\"wp-block-paragraph\">Uma revis\u00e3o sistem\u00e1tica mais recente apresentou estimativas agregadas de sobreviv\u00eancia de cerca de 10,4 anos de <strong>96.13% para facetas feldsp\u00e1ticas<\/strong> e <strong>96.81% para facetas de disilicato de l\u00edtio<\/strong>, sem que se tenha verificado qualquer diferen\u00e7a estatisticamente significativa entre os principais grupos de cer\u00e2micas. As diferen\u00e7as nos estudos inclu\u00eddos, nos substratos de colagem, na sele\u00e7\u00e3o dos casos, no acompanhamento, no desenho da prepara\u00e7\u00e3o e nas defini\u00e7\u00f5es de falha explicam por que raz\u00e3o as percentagens apresentadas nos t\u00edtulos n\u00e3o devem ser comparadas de forma superficial.<\/p>\n\n\n\n<p class=\"wp-block-paragraph\">Estes dados n\u00e3o provam que o feldspato e o dissilicato de l\u00edtio se comportem de forma id\u00eantica.<\/p>\n\n\n\n<p class=\"wp-block-paragraph\">Estes exemplos demonstram que ambos podem ter um bom desempenho quando utilizados nos casos adequados.<\/p>\n\n\n\n<p class=\"wp-block-paragraph\">E revelam a fragilidade de uma abordagem centrada exclusivamente no material. A ades\u00e3o do esmalte, a geometria da prepara\u00e7\u00e3o, a carga funcional, a espessura da cer\u00e2mica, a cimenta\u00e7\u00e3o e a execu\u00e7\u00e3o do t\u00e9cnico podem ser t\u00e3o importantes quanto a denomina\u00e7\u00e3o do material indicada na receita.<\/p>\n\n\n\n<h2 class=\"wp-block-heading\">O melhor material varia consoante o objetivo da textura<\/h2>\n\n\n\n<h3 class=\"wp-block-heading\">Opte pela porcelana feldsp\u00e1tica quando:<\/h3>\n\n\n\n<ul class=\"wp-block-list\">\n<li>O caso apresenta predomin\u00e2ncia de esmalte<\/li>\n\n\n\n<li>A prepara\u00e7\u00e3o \u00e9 m\u00ednima e bem controlada<\/li>\n\n\n\n<li>O risco funcional \u00e9 baixo<\/li>\n\n\n\n<li>Os dentes adjacentes apresentam uma textura natural complexa<\/li>\n\n\n\n<li>S\u00e3o necess\u00e1rios incrementos cer\u00e2micos muito finos<\/li>\n\n\n\n<li>A translucidez seletiva e a microtextura s\u00e3o mais importantes do que a resist\u00eancia m\u00e1xima<\/li>\n\n\n\n<li>O laborat\u00f3rio possui comprovada experi\u00eancia na \u00e1rea dos feldspatos<\/li>\n<\/ul>\n\n\n\n<h3 class=\"wp-block-heading\">Opte pelo dissilicato de l\u00edtio em camadas quando:<\/h3>\n\n\n\n<ul class=\"wp-block-list\">\n<li>\u00c9 necess\u00e1ria uma caracteriza\u00e7\u00e3o de alto n\u00edvel<\/li>\n\n\n\n<li>\u00c9 desej\u00e1vel uma maior reserva mec\u00e2nica<\/li>\n\n\n\n<li>A profundidade interna e a textura externa t\u00eam de funcionar em conjunto<\/li>\n\n\n\n<li>O caso envolve bordas mais longas ou uma exig\u00eancia funcional maior<\/li>\n\n\n\n<li>A consist\u00eancia entre v\u00e1rias unidades continua a ser importante<\/li>\n\n\n\n<li>Uma superf\u00edcie monol\u00edtica, por si s\u00f3, pareceria demasiado uniforme<\/li>\n<\/ul>\n\n\n\n<h3 class=\"wp-block-heading\">Opte pelo dissilicato de l\u00edtio monol\u00edtico quando:<\/h3>\n\n\n\n<ul class=\"wp-block-list\">\n<li>A repetibilidade entre v\u00e1rias unidades \u00e9 uma prioridade<\/li>\n\n\n\n<li>O controlo digital do contorno \u00e9 \u00fatil<\/li>\n\n\n\n<li>\u00c9 poss\u00edvel criar uma textura de moderada a elevada externamente<\/li>\n\n\n\n<li>A caixa requer um equil\u00edbrio entre resist\u00eancia e est\u00e9tica<\/li>\n\n\n\n<li>O laborat\u00f3rio segue um protocolo rigoroso de polimento mec\u00e2nico<\/li>\n<\/ul>\n\n\n\n<h3 class=\"wp-block-heading\">Opte pela resina composta quando:<\/h3>\n\n\n\n<ul class=\"wp-block-list\">\n<li>\u00c9 prefer\u00edvel o tratamento com aditivos<\/li>\n\n\n\n<li>A reparabilidade \u00e9 importante<\/li>\n\n\n\n<li>Prev\u00ea-se uma modifica\u00e7\u00e3o na cadeira do dentista<\/li>\n\n\n\n<li>A restaura\u00e7\u00e3o \u00e9 de car\u00e1ter transit\u00f3rio<\/li>\n\n\n\n<li>O profissional de sa\u00fade pode manter e voltar a polir a superf\u00edcie ao longo do tempo<\/li>\n<\/ul>\n\n\n\n<h2 class=\"wp-block-heading\">Como controlar a textura da superf\u00edcie do folheado sem ter de adivinhar<\/h2>\n\n\n\n<p class=\"wp-block-paragraph\">A escolha do material \u00e9 apenas a primeira decis\u00e3o. \u00c9 a prescri\u00e7\u00e3o que determina se o t\u00e9cnico recebe informa\u00e7\u00f5es \u00fateis.<\/p>\n\n\n\n<p class=\"wp-block-paragraph\">\u201cA \u201dtextura natural\u00bb n\u00e3o \u00e9 utiliz\u00e1vel.<\/p>\n\n\n\n<p class=\"wp-block-paragraph\">Tamb\u00e9m n\u00e3o \u00e9 a \u201canatomia m\u00e9dia\u201d.\u201d<\/p>\n\n\n\n<p class=\"wp-block-paragraph\">Uma orienta\u00e7\u00e3o mais rigorosa para a caracteriza\u00e7\u00e3o da superf\u00edcie do folheado deve incluir:<\/p>\n\n\n\n<h3 class=\"wp-block-heading\">1. A refer\u00eancia visual aprovada<\/h3>\n\n\n\n<p class=\"wp-block-paragraph\">Identifique se o alvo prov\u00e9m dos dentes n\u00e3o tratados do doente, de um modelo de cera de diagn\u00f3stico, de pr\u00f3teses provis\u00f3rias, de uma digitaliza\u00e7\u00e3o pr\u00e9-operat\u00f3ria ou de outro projeto aprovado.<\/p>\n\n\n\n<h3 class=\"wp-block-heading\">2. A largura de reflex\u00e3o pretendida<\/h3>\n\n\n\n<p class=\"wp-block-paragraph\">Indique se os dentes devem apresentar um aspeto estreito, equilibrado, largo, dominante, suave ou bem definido. A posi\u00e7\u00e3o da linha de transi\u00e7\u00e3o \u00e9 mais importante do que os sulcos decorativos.<\/p>\n\n\n\n<h3 class=\"wp-block-heading\">3. Textura por ter\u00e7o facial<\/h3>\n\n\n\n<p class=\"wp-block-paragraph\">Defina separadamente os ter\u00e7os cervical, m\u00e9dio e incisal.<\/p>\n\n\n\n<p class=\"wp-block-paragraph\">Por exemplo:<\/p>\n\n\n\n<ul class=\"wp-block-list\">\n<li><strong>Ter\u00e7o cervical:<\/strong> textura reduzida, emerg\u00eancia suave, detalhes horizontais pouco vis\u00edveis<\/li>\n\n\n\n<li><strong>Ter\u00e7o do meio:<\/strong> l\u00f3bulos verticais suaves, reflex\u00e3o central estreita<\/li>\n\n\n\n<li><strong>Ter\u00e7o incisal:<\/strong> ligeiro desgaste, aur\u00e9ola discreta, borda irregular mas n\u00e3o serrilhada<\/li>\n<\/ul>\n\n\n\n<h3 class=\"wp-block-heading\">4. N\u00edvel e distribui\u00e7\u00e3o do brilho<\/h3>\n\n\n\n<p class=\"wp-block-paragraph\">N\u00e3o se deve definir um \u00fanico n\u00edvel de brilho para toda a superf\u00edcie facial. Os dentes naturais apresentam frequentemente intensidades de reflex\u00e3o diferentes nas zonas central, proximal, cervical e incisal.<\/p>\n\n\n\n<h3 class=\"wp-block-heading\">5. Refer\u00eancia relativa \u00e0 idade e ao desgaste<\/h3>\n\n\n\n<p class=\"wp-block-paragraph\">Utilize o esmalte existente, os incisivos mandibulares, os caninos, as facetas de desgaste posteriores e o v\u00eddeo do sorriso como elementos de refer\u00eancia. N\u00e3o pe\u00e7a ao t\u00e9cnico para recriar uma \u201ctextura jovem\u201d ou uma \u201ctextura madura\u201d com base apenas na idade.<\/p>\n\n\n\n<h3 class=\"wp-block-heading\">6. Valor, sombra do toco e espessura da cer\u00e2mica<\/h3>\n\n\n\n<p class=\"wp-block-paragraph\">A reflex\u00e3o da superf\u00edcie n\u00e3o pode ser dissociada do brilho e da translucidez. Uma superf\u00edcie ampla e de alto brilho pode parecer demasiado branca, mesmo quando a designa\u00e7\u00e3o da tonalidade estiver correta.<\/p>\n\n\n\n<p class=\"wp-block-paragraph\">O guia correspondente que explica <a href=\"https:\/\/artistdentallab.com\/pt\/why-value-matters-more-than-the-shade-tab-in-veneer-esthetics\/\">por que raz\u00e3o o valor \u00e9 mais importante do que a aba \u00abtonalidades\u00bb<\/a> mostra por que raz\u00e3o a espessura da cer\u00e2mica, a tonalidade do mon\u00f3mero, o cimento, o contorno facial e a textura devem ser planeados em conjunto.<\/p>\n\n\n\n<h2 class=\"wp-block-heading\">FAQs<\/h2>\n\n\n\n<h3 class=\"wp-block-heading\">Qual \u00e9 o material de folheado que permite um melhor controlo da textura da superf\u00edcie?<\/h3>\n\n\n\n<p class=\"wp-block-paragraph\"><strong>A porcelana feldsp\u00e1tica aplicada manualmente permite o m\u00e1ximo controlo sobre a textura delicada da superf\u00edcie do revestimento, uma vez que os t\u00e9cnicos podem construir, contornar, colorir, esmaltar e polir camadas cer\u00e2micas muito finas, ajustando individualmente os \u00e2ngulos das linhas, os l\u00f3bulos de desenvolvimento, os perikymata, a irregularidade incisal, o brilho seletivo e os efeitos \u00f3ticos semelhantes aos do esmalte em cada zona facial.<\/strong><\/p>\n\n\n\n<p class=\"wp-block-paragraph\">N\u00e3o \u00e9, por si s\u00f3, o melhor material cl\u00ednico. A porcelana feldsp\u00e1tica \u00e9 mais sens\u00edvel \u00e0 t\u00e9cnica e oferece menos reserva mec\u00e2nica do que o dissilicato de l\u00edtio; por isso, o desenho da prepara\u00e7\u00e3o, o suporte do esmalte, a carga funcional, a ades\u00e3o, a cor do substrato e a compet\u00eancia do laborat\u00f3rio devem justificar a sua utiliza\u00e7\u00e3o.<\/p>\n\n\n\n<h3 class=\"wp-block-heading\">As facetas de feldspato t\u00eam um aspeto mais natural do que as facetas E.max?<\/h3>\n\n\n\n<p class=\"wp-block-paragraph\"><strong>As facetas de feldspato podem ter um aspeto mais natural do que as facetas E.max quando um t\u00e9cnico altamente qualificado utiliza a sua estrutura fina, aplicada manualmente em camadas, para reproduzir a translucidez complexa do esmalte, a microtextura, os efeitos incisais e o brilho seletivo; no entanto, a escolha do material, por si s\u00f3, n\u00e3o garante um resultado superior nem compensa registos de m\u00e1 qualidade e uma m\u00e1 sele\u00e7\u00e3o de casos.<\/strong><\/p>\n\n\n\n<p class=\"wp-block-paragraph\">Uma faceta em E.max com camadas pode igualar ou superar uma faceta feldsp\u00e1tica de qualidade med\u00edocre. A melhor restaura\u00e7\u00e3o \u00e9 aquela cujo material, espessura, substrato, contorno, acabamento superficial e caracteriza\u00e7\u00e3o interna correspondem ao caso concreto.<\/p>\n\n\n\n<h3 class=\"wp-block-heading\">As facetas de dissilicato de l\u00edtio podem ter uma textura superficial natural?<\/h3>\n\n\n\n<p class=\"wp-block-paragraph\"><strong>As facetas de dissilicato de l\u00edtio podem apresentar uma textura superficial extremamente natural atrav\u00e9s do contorno facial controlado, do posicionamento de linhas e \u00e2ngulos, do acabamento com diamante, da colora\u00e7\u00e3o, do esmalte e do polimento mec\u00e2nico, enquanto os designs em camadas ou com recorte proporcionam maior liberdade no que diz respeito \u00e0 profundidade interna, \u00e0 translucidez localizada, \u00e0 caracteriza\u00e7\u00e3o incisal e aos efeitos superficiais diferenciados.<\/strong><\/p>\n\n\n\n<p class=\"wp-block-paragraph\">O dissilicato de l\u00edtio monol\u00edtico \u00e9 especialmente \u00fatil quando um caso com v\u00e1rias unidades requer contornos uniformes. O dissilicato de l\u00edtio em camadas proporciona uma maior liberdade criativa quando o caso exige uma profundidade mais personalizada.<\/p>\n\n\n\n<h3 class=\"wp-block-heading\">A resina composta \u00e9 mais f\u00e1cil de texturizar do que a porcelana?<\/h3>\n\n\n\n<p class=\"wp-block-paragraph\"><strong>A resina comp\u00f3sita \u00e9 mais f\u00e1cil de modificar de imediato, uma vez que os cl\u00ednicos podem adicionar, remover, remodelar, reparar e voltar a polir o material na cadeira, mas a qualidade final da sua superf\u00edcie depende em grande medida da composi\u00e7\u00e3o do enchimento, dos instrumentos de acabamento, da sequ\u00eancia abrasiva, da t\u00e9cnica do operador, da manuten\u00e7\u00e3o e do envelhecimento, tornando a estabilidade a longo prazo do brilho e da textura menos previs\u00edvel do que na cer\u00e2mica.<\/strong><\/p>\n\n\n\n<p class=\"wp-block-paragraph\">O comp\u00f3sito \u00e9, por isso, altamente control\u00e1vel durante o tratamento, mas pode exigir mais manuten\u00e7\u00e3o. \u00c9 particularmente \u00fatil para casos de adi\u00e7\u00e3o, avalia\u00e7\u00e3o provis\u00f3ria, repara\u00e7\u00f5es e casos em que se prev\u00ea que haja altera\u00e7\u00f5es posteriores.<\/p>\n\n\n\n<h3 class=\"wp-block-heading\">Uma maior textura da superf\u00edcie faz com que as facetas pare\u00e7am mais naturais?<\/h3>\n\n\n\n<p class=\"wp-block-paragraph\"><strong>Uma maior textura superficial n\u00e3o faz com que as facetas pare\u00e7am automaticamente mais naturais, uma vez que uma textura realista depende da escala, orienta\u00e7\u00e3o, localiza\u00e7\u00e3o, simetria, rela\u00e7\u00e3o de idade, brilho e padr\u00e3o de reflex\u00e3o corretos; sulcos excessivos, perikymata repetidos, l\u00f3bulos acentuados ou um acabamento uniformemente mate podem fazer com que uma restaura\u00e7\u00e3o pare\u00e7a artificial, em vez de biol\u00f3gica.<\/strong><\/p>\n\n\n\n<p class=\"wp-block-paragraph\">A superf\u00edcie mais convincente \u00e9, muitas vezes, discreta. Apresenta anatomia suficiente para controlar o reflexo, mas n\u00e3o tanta que o observador repare na textura como uma caracter\u00edstica distinta.<\/p>\n\n\n\n<h3 class=\"wp-block-heading\">As facetas devem ser esmaltadas ou polidas mecanicamente?<\/h3>\n\n\n\n<p class=\"wp-block-paragraph\"><strong>As facetas podem ser esmaltadas, polidas mecanicamente ou acabadas com uma combina\u00e7\u00e3o controlada de ambos os processos, dependendo do sistema cer\u00e2mico, do m\u00e9todo de caracteriza\u00e7\u00e3o, do hist\u00f3rico de ajustes e das instru\u00e7\u00f5es do fabricante; o objetivo \u00e9 obter uma superf\u00edcie est\u00e1vel e lisa, com uma distribui\u00e7\u00e3o intencional do brilho, em vez de um acabamento facial uniformemente v\u00edtreo ou visivelmente rugoso.<\/strong><\/p>\n\n\n\n<p class=\"wp-block-paragraph\">O polimento mec\u00e2nico pode preservar a anatomia pretendida e reduzir o reflexo excessivo, semelhante ao de um espelho. O esmalte pode ajudar a selar e dar acabamento \u00e0 superf\u00edcie, mas um esmalte espesso ou uniforme pode achatar visualmente uma caracteriza\u00e7\u00e3o delicada.<\/p>\n\n\n\n<h3 class=\"wp-block-heading\">A porcelana feldsp\u00e1tica \u00e9 mais fraca do que o dissilicato de l\u00edtio?<\/h3>\n\n\n\n<p class=\"wp-block-paragraph\"><strong>A porcelana feldsp\u00e1tica apresenta, em geral, uma resist\u00eancia \u00e0 flex\u00e3o e uma resist\u00eancia \u00e0 fratura inferiores \u00e0s da vitrocer\u00e2mica de dissilicato de l\u00edtio refor\u00e7ada, o que a torna mais dependente de uma sele\u00e7\u00e3o conservadora dos casos, da ades\u00e3o ao esmalte, de uma espessura controlada da cer\u00e2mica, de uma oclus\u00e3o adequada, de um manuseamento cuidadoso e de um laborat\u00f3rio experiente, apesar de proporcionar uma translucidez excecional e liberdade na caracteriza\u00e7\u00e3o da superf\u00edcie.<\/strong><\/p>\n\n\n\n<p class=\"wp-block-paragraph\">Uma resist\u00eancia inferior n\u00e3o torna a porcelana feldsp\u00e1tica obsoleta. Significa apenas que o material se insere num leque de indica\u00e7\u00f5es mais restrito, em que as suas vantagens \u00f3ticas e texturais justificam a maior sensibilidade t\u00e9cnica exigida.<\/p>\n\n\n\n<h3 class=\"wp-block-heading\">Que informa\u00e7\u00f5es deve incluir uma prescri\u00e7\u00e3o de textura de folheado?<\/h3>\n\n\n\n<p class=\"wp-block-paragraph\"><strong>Uma prescri\u00e7\u00e3o de textura de faceta utiliz\u00e1vel deve identificar a refer\u00eancia aprovada, o material, os dentes envolvidos, o contorno facial, a posi\u00e7\u00e3o da linha de transi\u00e7\u00e3o, a macrotextura, a microtextura, o desgaste incisal, a distribui\u00e7\u00e3o do brilho, as refer\u00eancias de idade e desgaste, a assimetria pretendida, a tonalidade do mon\u00e7\u00e3o, a espessura da cer\u00e2mica e as fotografias ou digitaliza\u00e7\u00f5es que o t\u00e9cnico deve utilizar para verifica\u00e7\u00e3o.<\/strong><\/p>\n\n\n\n<p class=\"wp-block-paragraph\">Substitua express\u00f5es vagas como \u201cnatural\u201d, \u201ctextura m\u00e9dia\u201d ou \u201cdar-lhe um aspeto jovem\u201d por instru\u00e7\u00f5es concretas e espec\u00edficas para cada zona, que o laborat\u00f3rio possa produzir e inspecionar.<\/p>\n\n\n\n<h2 class=\"wp-block-heading\">Envie ao laborat\u00f3rio um briefing sobre texturas, e n\u00e3o a palavra \u201cnatural\u201d<\/h2>\n\n\n\n<p class=\"wp-block-paragraph\">A resposta estritamente t\u00e9cnica \u00e9 clara: <strong>A porcelana feldsp\u00e1tica permite o maior controlo sobre a textura fina da superf\u00edcie.<\/strong><\/p>\n\n\n\n<p class=\"wp-block-paragraph\">A resposta pr\u00e1tica \u00e9 mais \u00fatil.<\/p>\n\n\n\n<p class=\"wp-block-paragraph\">Opte pela porcelana feldsp\u00e1tica para uma reprodu\u00e7\u00e3o personalizada m\u00e1xima do esmalte em casos cuidadosamente selecionados. Opte pelo dissilicato de l\u00edtio em camadas quando necessitar de uma caracteriza\u00e7\u00e3o avan\u00e7ada com maior reserva estrutural. Opte pelo dissilicato de l\u00edtio monol\u00edtico quando a consist\u00eancia em pr\u00f3teses de v\u00e1rias unidades e a reprodutibilidade do contorno forem os aspetos mais importantes. Utilize comp\u00f3sito quando a capacidade de repara\u00e7\u00e3o e a modifica\u00e7\u00e3o na cadeira do dentista se sobreponham \u00e0 necessidade de estabilidade a longo prazo do polimento cer\u00e2mico.<\/p>\n\n\n\n<p class=\"wp-block-paragraph\">Em seguida, registe a superf\u00edcie.<\/p>\n\n\n\n<p class=\"wp-block-paragraph\">Envie fotografias de rosto inteiro, vistas frontais e laterais com a mand\u00edbula retra\u00edda, imagens com reflexo a 45 graus, tonalidades do coto, pr\u00f3teses provis\u00f3rias aprovadas, digitaliza\u00e7\u00f5es, registos de oclus\u00e3o, valores de espessura do material e uma prescri\u00e7\u00e3o de textura zona a zona.<\/p>\n\n\n\n<p class=\"wp-block-paragraph\">Para uma an\u00e1lise de materiais, um plano de textura ou um caso anterior experimental, envie os registos cl\u00ednicos atrav\u00e9s do <a href=\"https:\/\/artistdentallab.com\/pt\/contact\/\">P\u00e1gina de consulta e or\u00e7amento do Laborat\u00f3rio Dent\u00e1rio Artist<\/a>.<\/p>\n\n\n\n<p class=\"wp-block-paragraph\">N\u00e3o pe\u00e7a ao laborat\u00f3rio para fazer as facetas com um aspeto \u201cnatural\u201d.\u201d<\/p>\n\n\n\n<p class=\"wp-block-paragraph\">Mostre exatamente o que significa \u00abnatural\u00bb.<\/p>\n\n\n\n<p class=\"wp-block-paragraph\"><\/p>","protected":false},"excerpt":{"rendered":"<p>A porcelana feldsp\u00e1tica oferece a maior liberdade para a caracteriza\u00e7\u00e3o de superf\u00edcies delicadas, semelhantes ao esmalte, mas o dissilicato de l\u00edtio proporciona frequentemente um equil\u00edbrio mais seguro entre textura, repetibilidade e resist\u00eancia. Eis uma compara\u00e7\u00e3o entre estes materiais.<\/p>","protected":false},"author":1,"featured_media":1597,"comment_status":"open","ping_status":"open","sticky":false,"template":"","format":"standard","meta":{"footnotes":""},"categories":[1],"tags":[172,599,177,600,579],"class_list":["post-1596","post","type-post","status-publish","format-standard","has-post-thumbnail","hentry","category-buyer-guides","tag-dental-veneer-materials","tag-feldspathic-porcelain","tag-lithium-disilicate","tag-veneer-characterization","tag-veneer-surface-texture"],"blocksy_meta":{"styles_descriptor":{"styles":{"desktop":"","tablet":"","mobile":""},"google_fonts":[],"version":7}},"_links":{"self":[{"href":"https:\/\/artistdentallab.com\/pt\/wp-json\/wp\/v2\/posts\/1596","targetHints":{"allow":["GET"]}}],"collection":[{"href":"https:\/\/artistdentallab.com\/pt\/wp-json\/wp\/v2\/posts"}],"about":[{"href":"https:\/\/artistdentallab.com\/pt\/wp-json\/wp\/v2\/types\/post"}],"author":[{"embeddable":true,"href":"https:\/\/artistdentallab.com\/pt\/wp-json\/wp\/v2\/users\/1"}],"replies":[{"embeddable":true,"href":"https:\/\/artistdentallab.com\/pt\/wp-json\/wp\/v2\/comments?post=1596"}],"version-history":[{"count":1,"href":"https:\/\/artistdentallab.com\/pt\/wp-json\/wp\/v2\/posts\/1596\/revisions"}],"predecessor-version":[{"id":1600,"href":"https:\/\/artistdentallab.com\/pt\/wp-json\/wp\/v2\/posts\/1596\/revisions\/1600"}],"wp:featuredmedia":[{"embeddable":true,"href":"https:\/\/artistdentallab.com\/pt\/wp-json\/wp\/v2\/media\/1597"}],"wp:attachment":[{"href":"https:\/\/artistdentallab.com\/pt\/wp-json\/wp\/v2\/media?parent=1596"}],"wp:term":[{"taxonomy":"category","embeddable":true,"href":"https:\/\/artistdentallab.com\/pt\/wp-json\/wp\/v2\/categories?post=1596"},{"taxonomy":"post_tag","embeddable":true,"href":"https:\/\/artistdentallab.com\/pt\/wp-json\/wp\/v2\/tags?post=1596"}],"curies":[{"name":"wp","href":"https:\/\/api.w.org\/{rel}","templated":true}]}}