{"id":1606,"date":"2026-07-31T02:24:06","date_gmt":"2026-07-31T02:24:06","guid":{"rendered":"https:\/\/artistdentallab.com\/"},"modified":"2026-07-31T02:25:12","modified_gmt":"2026-07-31T02:25:12","slug":"replacing-one-veneer-in-a-multi-unit-case-shade-and-texture-matching-strategies","status":"publish","type":"post","link":"https:\/\/artistdentallab.com\/pt\/replacing-one-veneer-in-a-multi-unit-case-shade-and-texture-matching-strategies\/","title":{"rendered":"Substitui\u00e7\u00e3o de uma faceta num caso com v\u00e1rias unidades: estrat\u00e9gias de correspond\u00eancia de tonalidade e textura"},"content":{"rendered":"<p class=\"wp-block-paragraph\">Uma camada fica \u00e0 mostra.<\/p>\n\n\n\n<p class=\"wp-block-paragraph\">Quando uma \u00fanica unidade tem de ser reinserida numa pr\u00f3tese de facetas de seis, oito ou dez unidades, o t\u00e9cnico j\u00e1 n\u00e3o est\u00e1 a criar um sorriso a partir de uma f\u00f3rmula controlada; estamos a fazer engenharia inversa da cer\u00e2mica colada, da cor da prepara\u00e7\u00e3o, da influ\u00eancia do cimento, do desgaste da superf\u00edcie, do hist\u00f3rico de polimento e das decis\u00f5es \u00f3ticas tomadas anos antes.<\/p>\n\n\n\n<p class=\"wp-block-paragraph\">Como \u00e9 que um \u00fanico c\u00f3digo de tonalidade poderia resolver isso?<\/p>\n\n\n\n<p class=\"wp-block-paragraph\">N\u00e3o pode.<\/p>\n\n\n\n<p class=\"wp-block-paragraph\">Considero a substitui\u00e7\u00e3o de uma \u00fanica faceta uma das tarefas mais exigentes da medicina dent\u00e1ria anterior. Um caso completo com v\u00e1rias unidades permite uma simetria controlada, a sele\u00e7\u00e3o conjunta de materiais, a coordena\u00e7\u00e3o da espessura da cer\u00e2mica e um \u00fanico protocolo de acabamento. Uma faceta de substitui\u00e7\u00e3o n\u00e3o beneficia de nenhuma dessas vantagens. Tem de se integrar num sistema j\u00e1 existente.<\/p>\n\n\n\n<p class=\"wp-block-paragraph\">A dura realidade \u00e9 simples: seguir \u00e0 risca a prescri\u00e7\u00e3o original do laborat\u00f3rio pode, mesmo assim, resultar numa restaura\u00e7\u00e3o incorreta. O objetivo cl\u00ednico n\u00e3o \u00e9 a faceta tal como se apresentava no dia da entrega. O objetivo \u00e9 o caso da faceta tal como se apresenta agora.<\/p>\n\n\n\n<figure class=\"wp-block-image size-large\"><img fetchpriority=\"high\" decoding=\"async\" width=\"1024\" height=\"683\" src=\"https:\/\/artistdentallab.com\/wp-content\/uploads\/2026\/07\/Replacing-One-Veneer-in-a-Multi-Unit-Case-Shade-and-Texture-Matching-Strategies-2-1024x683.jpg\" alt=\"Substitui\u00e7\u00e3o de uma faceta num caso com v\u00e1rias unidades: estrat\u00e9gias de correspond\u00eancia de tonalidade e textura\" class=\"wp-image-1608\" title=\"\" srcset=\"https:\/\/artistdentallab.com\/wp-content\/uploads\/2026\/07\/Replacing-One-Veneer-in-a-Multi-Unit-Case-Shade-and-Texture-Matching-Strategies-2-1024x683.jpg 1024w, https:\/\/artistdentallab.com\/wp-content\/uploads\/2026\/07\/Replacing-One-Veneer-in-a-Multi-Unit-Case-Shade-and-Texture-Matching-Strategies-2-300x200.jpg 300w, https:\/\/artistdentallab.com\/wp-content\/uploads\/2026\/07\/Replacing-One-Veneer-in-a-Multi-Unit-Case-Shade-and-Texture-Matching-Strategies-2-768x512.jpg 768w, https:\/\/artistdentallab.com\/wp-content\/uploads\/2026\/07\/Replacing-One-Veneer-in-a-Multi-Unit-Case-Shade-and-Texture-Matching-Strategies-2-18x12.jpg 18w, https:\/\/artistdentallab.com\/wp-content\/uploads\/2026\/07\/Replacing-One-Veneer-in-a-Multi-Unit-Case-Shade-and-Texture-Matching-Strategies-2-500x333.jpg 500w, https:\/\/artistdentallab.com\/wp-content\/uploads\/2026\/07\/Replacing-One-Veneer-in-a-Multi-Unit-Case-Shade-and-Texture-Matching-Strategies-2-600x400.jpg 600w, https:\/\/artistdentallab.com\/wp-content\/uploads\/2026\/07\/Replacing-One-Veneer-in-a-Multi-Unit-Case-Shade-and-Texture-Matching-Strategies-2.jpg 1536w\" sizes=\"(max-width: 1024px) 100vw, 1024px\" \/><\/figure>\n\n\n\n<h2 class=\"wp-block-heading\">Por que raz\u00e3o a substitui\u00e7\u00e3o de uma \u00fanica faceta constitui uma reconstru\u00e7\u00e3o \u00f3tica<\/h2>\n\n\n\n<p class=\"wp-block-paragraph\">Um revestimento n\u00e3o apresenta uma \u00fanica cor est\u00e1tica. A sua apar\u00eancia resulta de um conjunto de vari\u00e1veis que interagem entre si:<\/p>\n\n\n\n<ul class=\"wp-block-list\">\n<li>O dente preparado<\/li>\n\n\n\n<li>Cimento de resina<\/li>\n\n\n\n<li>Composi\u00e7\u00e3o cer\u00e2mica<\/li>\n\n\n\n<li>Espessura da cer\u00e2mica<\/li>\n\n\n\n<li>Estratifica\u00e7\u00e3o interna ou colora\u00e7\u00e3o<\/li>\n\n\n\n<li>Translucidez e opacidade<\/li>\n\n\n\n<li>Contorno facial<\/li>\n\n\n\n<li>\u00c2ngulos das linhas<\/li>\n\n\n\n<li>Textura da superf\u00edcie<\/li>\n\n\n\n<li>Acabamento brilhante<\/li>\n\n\n\n<li>Dentes adjacentes e gengiva<\/li>\n\n\n\n<li>O contexto oral sombrio<\/li>\n<\/ul>\n\n\n\n<p class=\"wp-block-paragraph\">Se alterar uma vari\u00e1vel, a substitui\u00e7\u00e3o poder\u00e1 ficar visualmente separada do resto do texto.<\/p>\n\n\n\n<p class=\"wp-block-paragraph\">Uma nova faceta pode ter a mesma designa\u00e7\u00e3o A1, B1, 1M1 ou BL3 que as unidades circundantes e, mesmo assim, parecer mais clara, mais cinzenta, mais larga, mais plana ou mais opaca. \u00c9 por isso que o nosso guia para <a href=\"https:\/\/artistdentallab.com\/pt\/why-value-matters-more-than-the-shade-tab-in-veneer-esthetics\/\">Por que raz\u00e3o a tonalidade \u00e9 mais importante do que a tabela de tonalidades na est\u00e9tica dos folheados<\/a> considera o separador \u00abtonalidade\u00bb como uma etiqueta de refer\u00eancia, em vez de uma prescri\u00e7\u00e3o \u00f3tica completa. Os gradientes de valor, a tonalidade do esbo\u00e7o, a espessura da cer\u00e2mica, o cimento, a translucidez, a textura e o brilho continuam a ter de ser comunicados separadamente.<\/p>\n\n\n\n<h3 class=\"wp-block-heading\">Os revestimentos existentes constituem a principal refer\u00eancia<\/h3>\n\n\n\n<p class=\"wp-block-paragraph\">Num caso convencional de facetas, o dentista pode recorrer aos dentes contralaterais naturais, a esbo\u00e7os de diagn\u00f3stico, a pr\u00f3teses provis\u00f3rias, a refer\u00eancias faciais e a amostras de cor para definir o objetivo.<\/p>\n\n\n\n<p class=\"wp-block-paragraph\">Uma caixa de substitui\u00e7\u00e3o \u00e9 diferente.<\/p>\n\n\n\n<p class=\"wp-block-paragraph\">As facetas circundantes constituem o conjunto de refer\u00eancia. O t\u00e9cnico deve analisar:<\/p>\n\n\n\n<ul class=\"wp-block-list\">\n<li>Transi\u00e7\u00e3o do valor cervical para o incisal<\/li>\n\n\n\n<li>Cor da carro\u00e7aria<\/li>\n\n\n\n<li>Translucidez incisal<\/li>\n\n\n\n<li>Intensidade do halo<\/li>\n\n\n\n<li>Visibilidade do mamel\u00e3o<\/li>\n\n\n\n<li>Convexidade facial<\/li>\n\n\n\n<li>Largura da zona refletora<\/li>\n\n\n\n<li>Posi\u00e7\u00e3o da linha-\u00e2ngulo<\/li>\n\n\n\n<li>Macrotextura<\/li>\n\n\n\n<li>Microtextura<\/li>\n\n\n\n<li>N\u00edvel de brilho<\/li>\n\n\n\n<li>Grau de desgaste<\/li>\n<\/ul>\n\n\n\n<p class=\"wp-block-paragraph\">N\u00e3o pediria ao laborat\u00f3rio para \u201cfazer com que as facetas correspondam \u00e0s j\u00e1 existentes\u201d sem mostrar essas facetas sob v\u00e1rias condi\u00e7\u00f5es de ilumina\u00e7\u00e3o e observa\u00e7\u00e3o. Essa instru\u00e7\u00e3o parece espec\u00edfica. Mas n\u00e3o \u00e9.<\/p>\n\n\n\n<h3 class=\"wp-block-heading\">O nome original do material n\u00e3o \u00e9 suficiente<\/h3>\n\n\n\n<p class=\"wp-block-paragraph\">Suponhamos que a caixa original tenha sido fabricada em dissilicato de l\u00edtio, representado quimicamente por Li\u2082Si\u2082O\u2085. Encomendar outra unidade de dissilicato de l\u00edtio n\u00e3o reproduz automaticamente o resultado original.<\/p>\n\n\n\n<p class=\"wp-block-paragraph\">As facetas antigas podem ter sido:<\/p>\n\n\n\n<ul class=\"wp-block-list\">\n<li>Monol\u00edtico e pintado externamente<\/li>\n\n\n\n<li>Corte curto e em camadas<\/li>\n\n\n\n<li>Prensado, em vez de mo\u00eddo<\/li>\n\n\n\n<li>Fabricado com uma espessura diferente<\/li>\n\n\n\n<li>Esmaltado com um ciclo de cozedura diferente<\/li>\n\n\n\n<li>Polido mecanicamente ap\u00f3s o ajuste cl\u00ednico<\/li>\n\n\n\n<li>Unidos pelas diferentes tonalidades dos tocos<\/li>\n\n\n\n<li>Fixado com uma resina quente, neutra, brilhante ou opaca<\/li>\n<\/ul>\n\n\n\n<p class=\"wp-block-paragraph\">O mesmo problema aplica-se \u00e0 porcelana feldsp\u00e1tica e \u00e0 zirc\u00f3nia, ou ZrO\u2082. A fam\u00edlia de materiais \u00e9 importante, mas a identidade do material, por si s\u00f3, n\u00e3o recria a restaura\u00e7\u00e3o.<\/p>\n\n\n\n<p class=\"wp-block-paragraph\">Laborat\u00f3rios dent\u00e1rios de artistas <a href=\"https:\/\/artistdentallab.com\/pt\/e-max-zirconia-or-feldspathic-for-anterior-veneers-a-case-based-selection-guide\/\">Compara\u00e7\u00e3o, com base em casos, entre facetas de E.max, zirc\u00f3nia e feldspato<\/a> distingue estes materiais cer\u00e2micos com base na translucidez, nas necessidades de mascaramento, nas condi\u00e7\u00f5es de colagem, nas exig\u00eancias funcionais e no potencial de caracteriza\u00e7\u00e3o, em vez de dar a entender que um determinado material cer\u00e2mico \u00e9 universalmente superior.<\/p>\n\n\n\n<h2 class=\"wp-block-heading\">A correspond\u00eancia de tonalidades de folheado come\u00e7a pelo valor, e n\u00e3o pela letra indicada na etiqueta<\/h2>\n\n\n\n<p class=\"wp-block-paragraph\">A primeira quest\u00e3o de diagn\u00f3stico n\u00e3o deve ser: \u201cIsto \u00e9 A1 ou A2?\u201d<\/p>\n\n\n\n<p class=\"wp-block-paragraph\">Devia ser: \u201cEm que ponto a cor de substitui\u00e7\u00e3o \u00e9 demasiado clara ou demasiado escura?\u201d<\/p>\n\n\n\n<p class=\"wp-block-paragraph\">O valor \u2014 a claridade ou escurid\u00e3o relativa de uma restaura\u00e7\u00e3o \u2014 costuma revelar uma falta de correspond\u00eancia antes mesmo da tonalidade. Uma faceta de substitui\u00e7\u00e3o com um valor excessivo pode parecer esbranqui\u00e7ada, larga, plana ou rec\u00e9m-fabricada. Uma unidade com baixo valor pode parecer cinzenta, estreita, recuada ou sem vida.<\/p>\n\n\n\n<p class=\"wp-block-paragraph\">Esta n\u00e3o \u00e9 uma distin\u00e7\u00e3o acad\u00e9mica de menor import\u00e2ncia.<\/p>\n\n\n\n<p class=\"wp-block-paragraph\">Um estudo prospetivo multic\u00eantrico publicado em 2015 estabeleceu os valores de diferen\u00e7a de cor do CIEDE2000 de <strong>\u0394E\u2080\u2080 = 0,8<\/strong> para o limiar de percetibilidade de 50:50 e <strong>\u0394E\u2080\u2080 = 1,8<\/strong> para o limiar de aceitabilidade de 50:50. Na pr\u00e1tica, uma diferen\u00e7a superior a 0,8 pode ser detetada por metade dos observadores, enquanto uma diferen\u00e7a em torno de 1,8 ou superior a esse valor pode ser rejeitada por metade deles. Leia o <a href=\"https:\/\/pubmed.ncbi.nlm.nih.gov\/25886208\/\" rel=\"nofollow noopener\" target=\"_blank\">estudo multic\u00eantrico sobre o limiar de cor em medicina dent\u00e1ria<\/a> para consultar a metodologia completa.<\/p>\n\n\n\n<p class=\"wp-block-paragraph\">Esses n\u00fameros n\u00e3o constituem uma garantia de que todos os doentes aceitar\u00e3o uma faceta com um \u0394E\u2080\u2080 de 1,7. Um doente que pagou por uma substitui\u00e7\u00e3o na regi\u00e3o anterior e sabe exatamente qual foi o dente substitu\u00eddo n\u00e3o \u00e9 um observador de laborat\u00f3rio cego.<\/p>\n\n\n\n<p class=\"wp-block-paragraph\">A aten\u00e7\u00e3o altera a perce\u00e7\u00e3o.<\/p>\n\n\n\n<h3 class=\"wp-block-heading\">Marque o folheado em tr\u00eas zonas verticais<\/h3>\n\n\n\n<p class=\"wp-block-paragraph\">Uma \u00fanica leitura do ter\u00e7o m\u00e9dio n\u00e3o \u00e9 suficiente para uma substitui\u00e7\u00e3o altamente caracterizada.<\/p>\n\n\n\n<p class=\"wp-block-paragraph\">Registe o revestimento existente por zona:<\/p>\n\n\n\n<ol class=\"wp-block-list\">\n<li><strong>Ter\u00e7o cervical:<\/strong> valor, calor, satura\u00e7\u00e3o, opacidade e reflexo gengival<\/li>\n\n\n\n<li><strong>Ter\u00e7o do meio:<\/strong> valor do corpo dominante, cromaticidade e largura da zona refletora<\/li>\n\n\n\n<li><strong>Ter\u00e7o incisal:<\/strong> translucidez, halo, mamel\u00f5es, opalesc\u00eancia e influ\u00eancia do fundo oral<\/li>\n<\/ol>\n\n\n\n<p class=\"wp-block-paragraph\">Uma pr\u00f3tese de substitui\u00e7\u00e3o pode corresponder na perfei\u00e7\u00e3o ao ter\u00e7o m\u00e9dio e, mesmo assim, n\u00e3o ser adequada porque a sua regi\u00e3o cervical \u00e9 demasiado clara ou a sua regi\u00e3o incisal \u00e9 demasiado transparente.<\/p>\n\n\n\n<p class=\"wp-block-paragraph\">O laborat\u00f3rio precisa de um mapa, n\u00e3o de uma etiqueta.<\/p>\n\n\n\n<h3 class=\"wp-block-heading\">Usem os instrumentos, mas n\u00e3o os venerem<\/h3>\n\n\n\n<p class=\"wp-block-paragraph\">Os espectrofot\u00f3metros fornecem dados repet\u00edveis de L*, a* e b*:<\/p>\n\n\n\n<ul class=\"wp-block-list\">\n<li><strong>L*<\/strong> representa a leveza<\/li>\n\n\n\n<li><strong>a*<\/strong> representa o eixo vermelho-verde<\/li>\n\n\n\n<li><strong>b*<\/strong> representa o eixo amarelo-azul<\/li>\n<\/ul>\n\n\n\n<p class=\"wp-block-paragraph\">Essa informa\u00e7\u00e3o \u00e9 \u00fatil. Mas n\u00e3o \u00e9 tudo.<\/p>\n\n\n\n<p class=\"wp-block-paragraph\">Um estudo de 2017, que envolveu 13 doentes e tr\u00eas restaura\u00e7\u00f5es fabricadas para cada incisivo central maxilar selecionado, revelou que os espectrofot\u00f3metros VITA Easyshade e Shadepilot produziram resultados de correspond\u00eancia de tonalidade significativamente melhores do que o m\u00e9todo da escala de cores visual. Os dois instrumentos n\u00e3o apresentaram diferen\u00e7as significativas entre si.<\/p>\n\n\n\n<p class=\"wp-block-paragraph\">No entanto, dados mais recentes alertam para o risco de considerar qualquer dispositivo como uma solu\u00e7\u00e3o autom\u00e1tica. Um estudo cl\u00ednico de 2026 comparou o scanner intraoral Medit i700, observadores visuais com forma\u00e7\u00e3o espec\u00edfica e o VITA Easyshade em 48 dentes. A concord\u00e2ncia exata na tonalidade total foi, em geral, baixa, embora a concord\u00e2ncia nos valores tenha melhorado substancialmente e a aceitabilidade dos valores se tenha situado, tipicamente, acima de 80%, dentro de um n\u00edvel de valor da refer\u00eancia. Os autores recomendaram a integra\u00e7\u00e3o das leituras do scanner com a avalia\u00e7\u00e3o espectrofotom\u00e9trica e a avalia\u00e7\u00e3o visual controlada.<\/p>\n\n\n\n<p class=\"wp-block-paragraph\">O meu veredicto? Usa o instrumento para desafiar o olho e usa o olho para desafiar o instrumento.<\/p>\n\n\n\n<h2 class=\"wp-block-heading\">A sombra do toco pode arruinar um jogo que, de outra forma, seria bom<\/h2>\n\n\n\n<p class=\"wp-block-paragraph\">A cer\u00e2mica fina n\u00e3o \u00e9 uma parede pintada. A luz penetra nela.<\/p>\n\n\n\n<p class=\"wp-block-paragraph\">Essa luz interage com a cer\u00e2mica, o cimento de resina, o dente preparado e as estruturas circundantes antes de regressar ao observador. A cor final da restaura\u00e7\u00e3o \u00e9, portanto, um resultado \u00f3tico combinado, e n\u00e3o simplesmente a tonalidade da cer\u00e2mica selecionada no laborat\u00f3rio.<\/p>\n\n\n\n<p class=\"wp-block-paragraph\">Isto torna-se especialmente agressivo por volta de aproximadamente <strong>0,3 a 0,5 mm<\/strong> espessura da cer\u00e2mica.<\/p>\n\n\n\n<p class=\"wp-block-paragraph\">Um estudo de 2011 revelou que a altera\u00e7\u00e3o do substrato de suporte alterou significativamente a cor selecionada de <strong>Facetas laminadas em cer\u00e2mica de 0,5 mm<\/strong>, independentemente da tonalidade da cer\u00e2mica. Os autores conclu\u00edram que a cor da base pode influenciar clinicamente o resultado final.<\/p>\n\n\n\n<h3 class=\"wp-block-heading\">Por que \u00e9 que o toco de substitui\u00e7\u00e3o pode comportar-se de forma diferente<\/h3>\n\n\n\n<p class=\"wp-block-paragraph\">O dente que vai receber a nova faceta pode apresentar:<\/p>\n\n\n\n<ul class=\"wp-block-list\">\n<li>Uma prepara\u00e7\u00e3o mais escura<\/li>\n\n\n\n<li>Mais dentina exposta<\/li>\n\n\n\n<li>Uma antiga reconstru\u00e7\u00e3o com material comp\u00f3sito<\/li>\n\n\n\n<li>Descolora\u00e7\u00e3o endod\u00f4ntica<\/li>\n\n\n\n<li>Cimento de resina residual<\/li>\n\n\n\n<li>Uma profundidade de redu\u00e7\u00e3o diferente<\/li>\n\n\n\n<li>Uma margem rec\u00e9m-reparada<\/li>\n\n\n\n<li>Espessura reduzida do esmalte<\/li>\n<\/ul>\n\n\n\n<p class=\"wp-block-paragraph\">Assim, mesmo quando as facetas adjacentes foram fabricadas a partir de um \u00fanico lote de cer\u00e2mica, o dente de substitui\u00e7\u00e3o pode exigir uma opacidade diferente ou uma estrat\u00e9gia de estratifica\u00e7\u00e3o diferente.<\/p>\n\n\n\n<p class=\"wp-block-paragraph\">\u00c9 aqui que a correspond\u00eancia de cores \u00abdesleixada\u00bb das facetas de porcelana falha. Pede-se ao t\u00e9cnico que adapte a cor \u00e0 apar\u00eancia facial, ao mesmo tempo que trabalha sobre um substrato que pode n\u00e3o ter qualquer rela\u00e7\u00e3o \u00f3tica com as prepara\u00e7\u00f5es vizinhas.<\/p>\n\n\n\n<h3 class=\"wp-block-heading\">Fotografe o toco antes que seque<\/h3>\n\n\n\n<p class=\"wp-block-paragraph\">A prepara\u00e7\u00e3o deve ser fotografada e registada imediatamente ap\u00f3s a remo\u00e7\u00e3o da faceta e a limpeza. Um isolamento prolongado pode desidratar o dente e aumentar o seu valor aparente.<\/p>\n\n\n\n<p class=\"wp-block-paragraph\">Indique:<\/p>\n\n\n\n<ul class=\"wp-block-list\">\n<li>Uma aba de sombreamento do monco no mesmo plano que a prepara\u00e7\u00e3o<\/li>\n\n\n\n<li>Uma exposi\u00e7\u00e3o neutra<\/li>\n\n\n\n<li>Uma exposi\u00e7\u00e3o ligeiramente mais escura<\/li>\n\n\n\n<li>Uma imagem que mostra todas as prepara\u00e7\u00f5es ou os dentes restaurados adjacentes em conjunto<\/li>\n\n\n\n<li>Uma nota escrita que identifique as zonas de comp\u00f3sito, dentina, esmalte e descolora\u00e7\u00e3o<\/li>\n\n\n\n<li>A espessura prevista da cer\u00e2mica<\/li>\n\n\n\n<li>O sistema de resina-cimento previsto<\/li>\n<\/ul>\n\n\n\n<p class=\"wp-block-paragraph\">Sem esta informa\u00e7\u00e3o, o laborat\u00f3rio pode compensar de forma aleat\u00f3ria com opacidade. Isso pode ocultar o coto e, ao mesmo tempo, comprometer a vitalidade.<\/p>\n\n\n\n<h2 class=\"wp-block-heading\">A correspond\u00eancia de texturas \u00e9 a correspond\u00eancia de tonalidades<\/h2>\n\n\n\n<p class=\"wp-block-paragraph\">Eis a opini\u00e3o que irrita as pessoas: muitas \u201cincompatibilidades de tonalidade\u201d s\u00e3o, na verdade, incompatibilidades de contorno e textura disfar\u00e7adas sob o r\u00f3tulo de uma cor.<\/p>\n\n\n\n<p class=\"wp-block-paragraph\">Uma superf\u00edcie facial ampla e altamente polida produz um reflexo maior e mais brilhante. Ao reduzir a zona refletora, a mesma cer\u00e2mica pode parecer mais escura, mais estreita e mais profunda. Ao alterar os \u00e2ngulos das linhas, a largura aparente do dente muda. Ao aumentar a microtextura, a luz refletida torna-se mais fragmentada.<\/p>\n\n\n\n<p class=\"wp-block-paragraph\">A cor n\u00e3o mudou necessariamente.<\/p>\n\n\n\n<p class=\"wp-block-paragraph\">A perce\u00e7\u00e3o tem.<\/p>\n\n\n\n<p class=\"wp-block-paragraph\">O guia detalhado do site sobre <a href=\"https:\/\/artistdentallab.com\/pt\/surface-texture-in-veneers-matching-age-expression-and-personality\/\">textura da superf\u00edcie do folheado e reflex\u00e3o da luz natural<\/a> distingue o contorno prim\u00e1rio, os l\u00f3bulos de desenvolvimento, os sulcos, os peric\u00edmatos, os \u00e2ngulos das linhas, os detalhes incisais e o brilho controlado. Essa distin\u00e7\u00e3o \u00e9 importante porque uma superf\u00edcie pode apresentar caracter\u00edsticas anat\u00f3micas e, ao mesmo tempo, manter um polimento adequado.<\/p>\n\n\n\n<h3 class=\"wp-block-heading\">Ajustar a textura em quatro camadas<\/h3>\n\n\n\n<h4 class=\"wp-block-heading\">1. Formul\u00e1rio do ensino b\u00e1sico<\/h4>\n\n\n\n<p class=\"wp-block-paragraph\">A forma prim\u00e1ria inclui a convexidade facial, a emerg\u00eancia, o comprimento total, a posi\u00e7\u00e3o incisal e os grandes planos que definem a reflex\u00e3o b\u00e1sica do dente.<\/p>\n\n\n\n<p class=\"wp-block-paragraph\">Se n\u00e3o se fizer isto bem, a textura fina acaba por se tornar apenas um elemento decorativo numa forma inadequada.<\/p>\n\n\n\n<h4 class=\"wp-block-heading\">2. \u00c2ngulos das linhas e zonas refletoras<\/h4>\n\n\n\n<p class=\"wp-block-paragraph\">Os \u00e2ngulos das linhas determinam a largura aparente.<\/p>\n\n\n\n<p class=\"wp-block-paragraph\">Um incisivo central de substitui\u00e7\u00e3o pode ter a mesma largura mesiodistal medida que o seu hom\u00f3logo, mas parecer mais largo porque as suas zonas de transi\u00e7\u00e3o se situam demasiado proximalmente. O laborat\u00f3rio deve comparar tanto o contorno f\u00edsico como a zona facial iluminada.<\/p>\n\n\n\n<h4 class=\"wp-block-heading\">3. Macrotextura<\/h4>\n\n\n\n<p class=\"wp-block-paragraph\">A macrotextura inclui l\u00f3bulos de desenvolvimento, depress\u00f5es verticais, facetas de desgaste e transi\u00e7\u00f5es de superf\u00edcie mais amplas.<\/p>\n\n\n\n<p class=\"wp-block-paragraph\">Estes devem ser adaptados em fun\u00e7\u00e3o da localiza\u00e7\u00e3o e da intensidade, e n\u00e3o duplicados como um padr\u00e3o gen\u00e9rico de biblioteca.<\/p>\n\n\n\n<h4 class=\"wp-block-heading\">4. Microtextura e brilho<\/h4>\n\n\n\n<p class=\"wp-block-paragraph\">A microtextura inclui peric\u00edmatos finos e subtis interrup\u00e7\u00f5es na superf\u00edcie. O brilho determina a intensidade e a nitidez da imagem refletida.<\/p>\n\n\n\n<p class=\"wp-block-paragraph\">Uma pr\u00f3tese rec\u00e9m-esmaltada, colocada ao lado de facetas que foram ajustadas clinicamente e polidas mecanicamente, pode parecer visivelmente mais brilhante, mesmo quando a cor do corpo da pr\u00f3tese, quando medida, \u00e9 semelhante.<\/p>\n\n\n\n<p class=\"wp-block-paragraph\">Se estiver demasiado liso, parece novo.<\/p>\n\n\n\n<p class=\"wp-block-paragraph\">Se ficar demasiado \u00e1spero, parece inacabado.<\/p>\n\n\n\n<figure class=\"wp-block-image size-large\"><img decoding=\"async\" width=\"1024\" height=\"683\" src=\"https:\/\/artistdentallab.com\/wp-content\/uploads\/2026\/07\/Replacing-One-Veneer-in-a-Multi-Unit-Case-Shade-and-Texture-Matching-Strategies-3-1024x683.jpg\" alt=\"Substitui\u00e7\u00e3o de uma faceta num caso com v\u00e1rias unidades: estrat\u00e9gias de correspond\u00eancia de tonalidade e textura\" class=\"wp-image-1609\" title=\"\" srcset=\"https:\/\/artistdentallab.com\/wp-content\/uploads\/2026\/07\/Replacing-One-Veneer-in-a-Multi-Unit-Case-Shade-and-Texture-Matching-Strategies-3-1024x683.jpg 1024w, https:\/\/artistdentallab.com\/wp-content\/uploads\/2026\/07\/Replacing-One-Veneer-in-a-Multi-Unit-Case-Shade-and-Texture-Matching-Strategies-3-300x200.jpg 300w, https:\/\/artistdentallab.com\/wp-content\/uploads\/2026\/07\/Replacing-One-Veneer-in-a-Multi-Unit-Case-Shade-and-Texture-Matching-Strategies-3-768x512.jpg 768w, https:\/\/artistdentallab.com\/wp-content\/uploads\/2026\/07\/Replacing-One-Veneer-in-a-Multi-Unit-Case-Shade-and-Texture-Matching-Strategies-3-18x12.jpg 18w, https:\/\/artistdentallab.com\/wp-content\/uploads\/2026\/07\/Replacing-One-Veneer-in-a-Multi-Unit-Case-Shade-and-Texture-Matching-Strategies-3-500x333.jpg 500w, https:\/\/artistdentallab.com\/wp-content\/uploads\/2026\/07\/Replacing-One-Veneer-in-a-Multi-Unit-Case-Shade-and-Texture-Matching-Strategies-3-600x400.jpg 600w, https:\/\/artistdentallab.com\/wp-content\/uploads\/2026\/07\/Replacing-One-Veneer-in-a-Multi-Unit-Case-Shade-and-Texture-Matching-Strategies-3.jpg 1536w\" sizes=\"(max-width: 1024px) 100vw, 1024px\" \/><\/figure>\n\n\n\n<h2 class=\"wp-block-heading\">A tabela de diagn\u00f3stico que eu utilizaria<\/h2>\n\n\n\n<figure class=\"wp-block-table\"><table class=\"has-fixed-layout\"><thead><tr><th>Vari\u00e1vel de correspond\u00eancia<\/th><th>O que a cl\u00ednica deve registar<\/th><th>O que o laborat\u00f3rio deve reproduzir<\/th><th>Falha comum<\/th><\/tr><\/thead><tbody><tr><td>Valor global<\/td><td>Fotografias calibradas, amostras de tonalidades, leituras de L*<\/td><td>Brilho relativo \u00e0 dist\u00e2ncia de conversa\u00e7\u00e3o<\/td><td>A pe\u00e7a de substitui\u00e7\u00e3o tem um aspeto esbranqui\u00e7ado ou cinzento<\/td><\/tr><tr><td>Croma cervical<\/td><td>Mapa de tonalidades em grande plano e vista da gengiva<\/td><td>Calor e satura\u00e7\u00e3o junto \u00e0 margem<\/td><td>O ter\u00e7o cervical parece sem vida ou demasiado amarelado<\/td><\/tr><tr><td>Translucidez incisal<\/td><td>Imagens com retroilumina\u00e7\u00e3o, ilumina\u00e7\u00e3o lateral e fundo oral<\/td><td>Profundidade, aur\u00e9ola, visibilidade do mamel\u00e3o, efeito opalescente<\/td><td>A borda incisal apresenta um aspeto v\u00edtreo ou opaco<\/td><\/tr><tr><td>Sombra de cepos<\/td><td>Fotografia da prepara\u00e7\u00e3o individual com separador de refer\u00eancia<\/td><td>N\u00edvel de mascaramento e opacidade cer\u00e2mica<\/td><td>Deslocamentos da faceta definitiva ap\u00f3s a colagem<\/td><\/tr><tr><td>Espessura da cer\u00e2mica<\/td><td>An\u00e1lise de redu\u00e7\u00e3o ou mapa de espessura<\/td><td>Transmiss\u00e3o de luz uniforme<\/td><td>As zonas finas revelam o substrato<\/td><\/tr><tr><td>\u00c2ngulos das linhas<\/td><td>Fotografias frontais e a 45 graus<\/td><td>Largura aparente e posi\u00e7\u00e3o da zona refletora<\/td><td>O dente parece mais largo do que o outro<\/td><\/tr><tr><td>Macrotextura<\/td><td>Fotografia com ilumina\u00e7\u00e3o rasante<\/td><td>L\u00f3bulos, depress\u00f5es e padr\u00e3o de desgaste<\/td><td>A restaura\u00e7\u00e3o parece sem relevo ou excessivamente esculpida<\/td><\/tr><tr><td>Microtextura<\/td><td>Imagem ampliada com ilumina\u00e7\u00e3o lateral<\/td><td>Detalhes finos da superf\u00edcie com intensidade moderada<\/td><td>A nova unidade parece artificialmente jovem<\/td><\/tr><tr><td>Brilho<\/td><td>V\u00eddeo sobre luzes m\u00f3veis e compara\u00e7\u00e3o com unidades adjacentes<\/td><td>N\u00edvel de nitidez e acabamento semelhantes nos reflexos<\/td><td>A tonalidade correta parece demasiado clara<\/td><\/tr><tr><td>Influ\u00eancia do cimento<\/td><td>Avalia\u00e7\u00e3o da pasta de teste<\/td><td>Valor final e sensa\u00e7\u00e3o de calor proporcionados pela liga\u00e7\u00e3o<\/td><td>Boas altera\u00e7\u00f5es no ensaio a seco ap\u00f3s a assentamento<\/td><\/tr><\/tbody><\/table><\/figure>\n\n\n\n<h2 class=\"wp-block-heading\">Um fluxo de trabalho pr\u00e1tico para a substitui\u00e7\u00e3o de uma \u00fanica faceta<\/h2>\n\n\n\n<h3 class=\"wp-block-heading\">Passo 1: Identificar a raz\u00e3o pela qual a faceta original falhou<\/h3>\n\n\n\n<p class=\"wp-block-paragraph\">N\u00e3o comece pela cor.<\/p>\n\n\n\n<p class=\"wp-block-paragraph\">Determine se a faceta se fraturou, se descolou, se lascou, se apresentou descolora\u00e7\u00e3o marginal, se perdeu o contacto, se foi ajustada em excesso ou se foi removida por raz\u00f5es biol\u00f3gicas. A causa influencia a escolha do material, o desenho da prepara\u00e7\u00e3o, a espessura, a estrat\u00e9gia de colagem e o risco funcional.<\/p>\n\n\n\n<p class=\"wp-block-paragraph\">Repetir a apar\u00eancia original sem diagnosticar a causa da falha inicial n\u00e3o \u00e9 consist\u00eancia. \u00c9 repeti\u00e7\u00e3o.<\/p>\n\n\n\n<h3 class=\"wp-block-heading\">Passo 2: Fotografar a caixa antes da remo\u00e7\u00e3o<\/h3>\n\n\n\n<p class=\"wp-block-paragraph\">A faceta removida pode ser a melhor refer\u00eancia dispon\u00edvel.<\/p>\n\n\n\n<p class=\"wp-block-paragraph\">Captura:<\/p>\n\n\n\n<ul class=\"wp-block-list\">\n<li>Repouso e sorriso de rosto inteiro<\/li>\n\n\n\n<li>Vista frontal retra\u00edda<\/li>\n\n\n\n<li>Vistas a 45 graus para a direita e para a esquerda<\/li>\n\n\n\n<li>Imagem frontal em grande plano<\/li>\n\n\n\n<li>Vista da borda incisal<\/li>\n\n\n\n<li>Imagens da guia \u00abSombra\u00bb<\/li>\n\n\n\n<li>Imagens com textura leve e difusa<\/li>\n\n\n\n<li>V\u00eddeo curto em que se v\u00ea a luz a deslocar-se ao longo dos revestimentos<\/li>\n<\/ul>\n\n\n\n<p class=\"wp-block-paragraph\">Fotografia antes da remo\u00e7\u00e3o, ap\u00f3s a remo\u00e7\u00e3o e durante a prova.<\/p>\n\n\n\n<h3 class=\"wp-block-heading\">Passo 3: Preservar o revestimento antigo, sempre que poss\u00edvel<\/h3>\n\n\n\n<p class=\"wp-block-paragraph\">Uma faceta fraturada ou descolada pode ainda revelar:<\/p>\n\n\n\n<ul class=\"wp-block-list\">\n<li>Espessura da cer\u00e2mica<\/li>\n\n\n\n<li>Estrutura interna em camadas<\/li>\n\n\n\n<li>Localiza\u00e7\u00e3o da mancha<\/li>\n\n\n\n<li>Efeitos incisais<\/li>\n\n\n\n<li>Tratamento de superf\u00edcies<\/li>\n\n\n\n<li>Translucidez<\/li>\n\n\n\n<li>Cor do cimento<\/li>\n\n\n\n<li>O grau de adapta\u00e7\u00e3o cl\u00ednica<\/li>\n<\/ul>\n\n\n\n<p class=\"wp-block-paragraph\">Envie-o para o laborat\u00f3rio assim que for clinicamente e logisticamente poss\u00edvel.<\/p>\n\n\n\n<h3 class=\"wp-block-heading\">Passo 4: Registe o caso atual tal como se apresenta hoje<\/h3>\n\n\n\n<p class=\"wp-block-paragraph\">N\u00e3o se baseie apenas nas fotografias da entrega original.<\/p>\n\n\n\n<p class=\"wp-block-paragraph\">As unidades circundantes podem apresentar altera\u00e7\u00f5es decorrentes do polimento, desgaste, manchas, altera\u00e7\u00f5es no contorno gengival ou diferen\u00e7as no brilho da superf\u00edcie. A pr\u00f3tese de substitui\u00e7\u00e3o deve integrar-se no sorriso atual, a menos que o doente e o m\u00e9dico tenham acordado em alterar todo o caso.<\/p>\n\n\n\n<h3 class=\"wp-block-heading\">Passo 5: Escolher o material em fun\u00e7\u00e3o da aplica\u00e7\u00e3o \u00f3tica<\/h3>\n\n\n\n<p class=\"wp-block-paragraph\">Para casos de disilicato de l\u00edtio com resultados repet\u00edveis, um <a href=\"https:\/\/artistdentallab.com\/pt\/e-max-veneer\/\">Fluxo de trabalho das facetas E.max para restaura\u00e7\u00f5es de uma a v\u00e1rias unidades<\/a> podem proporcionar um ajuste controlado, valor, translucidez e acabamento superficial.<\/p>\n\n\n\n<p class=\"wp-block-paragraph\">Para casos com grande quantidade de esmalte que exijam uma aplica\u00e7\u00e3o delicada em camadas, caracteriza\u00e7\u00e3o incisal e microtextura altamente personalizada, um <a href=\"https:\/\/artistdentallab.com\/pt\/feldspathic-veneer\/\">revestimento feldsp\u00e1tico aplicado manualmente em camadas<\/a> pode oferecer maior liberdade \u00f3tica. Exige tamb\u00e9m registos mais rigorosos e uma sele\u00e7\u00e3o mais rigorosa dos casos.<\/p>\n\n\n\n<p class=\"wp-block-paragraph\">N\u00e3o escolha o material com base na fidelidade \u00e0 marca. Escolha-o com base em:<\/p>\n\n\n\n<ul class=\"wp-block-list\">\n<li>Espa\u00e7o dispon\u00edvel<\/li>\n\n\n\n<li>Sombra de cepos<\/li>\n\n\n\n<li>Cer\u00e2mica existente<\/li>\n\n\n\n<li>Opacidade exigida<\/li>\n\n\n\n<li>Suporte de esmalte<\/li>\n\n\n\n<li>Carga funcional<\/li>\n\n\n\n<li>Procura de caracteriza\u00e7\u00e3o de superf\u00edcies<\/li>\n\n\n\n<li>Capacidade laboratorial<\/li>\n<\/ul>\n\n\n\n<h3 class=\"wp-block-heading\">Passo 6: Teste o cimento, mas n\u00e3o espere milagres<\/h3>\n\n\n\n<p class=\"wp-block-paragraph\">A pasta de teste pode ajudar a comparar os efeitos do cimento neutro, quente, brilhante ou opaco antes da colagem. Isto \u00e9 \u00fatil num revestimento fino, uma vez que o cimento pode alterar as coordenadas finais de L*, a* e b*.<\/p>\n\n\n\n<p class=\"wp-block-paragraph\">Mas o cimento n\u00e3o \u00e9 um meio de repara\u00e7\u00e3o para uma camada de revestimento fabricada com as caracter\u00edsticas erradas.<\/p>\n\n\n\n<p class=\"wp-block-paragraph\">Uma pasta brilhante n\u00e3o consegue corrigir de forma fi\u00e1vel a translucidez excessiva sobre um esbo\u00e7o escuro. Uma pasta opaca n\u00e3o consegue restaurar a profundidade de uma cer\u00e2mica plana e excessivamente mascarada. E um cimento quente n\u00e3o consegue corrigir uma distribui\u00e7\u00e3o incorreta da cromaticidade cervical.<\/p>\n\n\n\n<p class=\"wp-block-paragraph\">Usa o cimento para aperfei\u00e7oar, n\u00e3o para restaurar.<\/p>\n\n\n\n<h3 class=\"wp-block-heading\">Passo 7: Avaliar em movimento<\/h3>\n\n\n\n<p class=\"wp-block-paragraph\">As fotografias frontais est\u00e1ticas escondem os problemas.<\/p>\n\n\n\n<p class=\"wp-block-paragraph\">Verifique a pe\u00e7a de substitui\u00e7\u00e3o:<\/p>\n\n\n\n<ul class=\"wp-block-list\">\n<li>A uma dist\u00e2ncia que permite conversar<\/li>\n\n\n\n<li>Sob a ilumina\u00e7\u00e3o da sala de tratamento<\/li>\n\n\n\n<li>Quase como a luz do dia<\/li>\n\n\n\n<li>Com os l\u00e1bios a mexerem-se<\/li>\n\n\n\n<li>A partir de ambos os \u00e2ngulos de 45 graus<\/li>\n\n\n\n<li>Sob luz lateral ou obl\u00edqua<\/li>\n\n\n\n<li>Contra o fundo escuro da cavidade oral<\/li>\n\n\n\n<li>Depois de o dente ter sido reidratado<\/li>\n<\/ul>\n\n\n\n<p class=\"wp-block-paragraph\">Uma faceta que fica bem quando fotografada de frente pode deixar de ficar bem assim que o paciente virar a cabe\u00e7a.<\/p>\n\n\n\n<h2 class=\"wp-block-heading\">Quando a correspond\u00eancia de uma faceta n\u00e3o \u00e9 o objetivo terap\u00eautico adequado<\/h2>\n\n\n\n<p class=\"wp-block-paragraph\">Por vezes, a resposta sincera \u00e9 que n\u00e3o \u00e9 poss\u00edvel encontrar um par adequado para uma determinada unidade de forma previs\u00edvel.<\/p>\n\n\n\n<p class=\"wp-block-paragraph\">Isso pode acontecer quando:<\/p>\n\n\n\n<ul class=\"wp-block-list\">\n<li>N\u00e3o se sabe qual \u00e9 a cer\u00e2mica original<\/li>\n\n\n\n<li>As folhas de madeira circundantes apresentam um envelhecimento irregular<\/li>\n\n\n\n<li>V\u00e1rias unidades j\u00e1 apresentam defeitos marginais ou estruturais<\/li>\n\n\n\n<li>A estrutura existente apresenta espessura ou opacidade inconsistentes<\/li>\n\n\n\n<li>As restaura\u00e7\u00f5es antigas foram ajustadas repetidamente<\/li>\n\n\n\n<li>O doente espera uma correspond\u00eancia invis\u00edvel, mas rejeita qualquer varia\u00e7\u00e3o detet\u00e1vel<\/li>\n\n\n\n<li>A reprodu\u00e7\u00e3o das antigas unidades exigiria uma prepara\u00e7\u00e3o biologicamente agressiva<\/li>\n\n\n\n<li>As unidades restantes j\u00e1 n\u00e3o satisfazem o objetivo est\u00e9tico do doente<\/li>\n<\/ul>\n\n\n\n<p class=\"wp-block-paragraph\">Prefiro explicar essa limita\u00e7\u00e3o antes do tratamento do que dizer que a quarta vers\u00e3o \u00e9 \u201cquase perfeita\u201d.\u201d<\/p>\n\n\n\n<p class=\"wp-block-paragraph\">A substitui\u00e7\u00e3o de unidades adicionais n\u00e3o deve ser utilizada para compensar uma comunica\u00e7\u00e3o deficiente entre laborat\u00f3rios. No entanto, preservar todas as facetas existentes a qualquer custo tamb\u00e9m n\u00e3o \u00e9, automaticamente, uma abordagem conservadora. O estado biol\u00f3gico, o esmalte remanescente, as expectativas do doente, o impacto financeiro e a estabilidade do caso a longo prazo s\u00e3o todos fatores importantes.<\/p>\n\n\n\n<figure class=\"wp-block-image size-large\"><img decoding=\"async\" width=\"1024\" height=\"683\" src=\"https:\/\/artistdentallab.com\/wp-content\/uploads\/2026\/07\/Replacing-One-Veneer-in-a-Multi-Unit-Case-Shade-and-Texture-Matching-Strategies-4-1024x683.jpg\" alt=\"Substitui\u00e7\u00e3o de uma faceta num caso com v\u00e1rias unidades: estrat\u00e9gias de correspond\u00eancia de tonalidade e textura\" class=\"wp-image-1610\" title=\"\" srcset=\"https:\/\/artistdentallab.com\/wp-content\/uploads\/2026\/07\/Replacing-One-Veneer-in-a-Multi-Unit-Case-Shade-and-Texture-Matching-Strategies-4-1024x683.jpg 1024w, https:\/\/artistdentallab.com\/wp-content\/uploads\/2026\/07\/Replacing-One-Veneer-in-a-Multi-Unit-Case-Shade-and-Texture-Matching-Strategies-4-300x200.jpg 300w, https:\/\/artistdentallab.com\/wp-content\/uploads\/2026\/07\/Replacing-One-Veneer-in-a-Multi-Unit-Case-Shade-and-Texture-Matching-Strategies-4-768x512.jpg 768w, https:\/\/artistdentallab.com\/wp-content\/uploads\/2026\/07\/Replacing-One-Veneer-in-a-Multi-Unit-Case-Shade-and-Texture-Matching-Strategies-4-18x12.jpg 18w, https:\/\/artistdentallab.com\/wp-content\/uploads\/2026\/07\/Replacing-One-Veneer-in-a-Multi-Unit-Case-Shade-and-Texture-Matching-Strategies-4-500x333.jpg 500w, https:\/\/artistdentallab.com\/wp-content\/uploads\/2026\/07\/Replacing-One-Veneer-in-a-Multi-Unit-Case-Shade-and-Texture-Matching-Strategies-4-600x400.jpg 600w, https:\/\/artistdentallab.com\/wp-content\/uploads\/2026\/07\/Replacing-One-Veneer-in-a-Multi-Unit-Case-Shade-and-Texture-Matching-Strategies-4.jpg 1536w\" sizes=\"(max-width: 1024px) 100vw, 1024px\" \/><\/figure>\n\n\n\n<h2 class=\"wp-block-heading\">FAQs<\/h2>\n\n\n\n<h3 class=\"wp-block-heading\">O que \u00e9 a correspond\u00eancia de tonalidades das facetas?<\/h3>\n\n\n\n<p class=\"wp-block-paragraph\">A correspond\u00eancia de tonalidade das facetas \u00e9 o processo controlado de reproduzir o valor, a cromaticidade, a matiz, a translucidez, a fluoresc\u00eancia, a reflex\u00e3o superficial e a intera\u00e7\u00e3o com o substrato da restaura\u00e7\u00e3o existente, de modo a que uma nova faceta se integre junto das unidades mais antigas sob ilumina\u00e7\u00e3o cl\u00ednica, fotografia, dist\u00e2ncia de conversa\u00e7\u00e3o e movimento normal dos l\u00e1bios, em vez de se limitar a partilhar o mesmo c\u00f3digo de tonalidade impresso.<\/p>\n\n\n\n<p class=\"wp-block-paragraph\">O processo deve combinar uma avalia\u00e7\u00e3o visual calibrada, fotografias padronizadas, registos da sombra do toco, mapeamento da sombra, sele\u00e7\u00e3o de materiais, an\u00e1lise da textura e avalia\u00e7\u00e3o por encaixe.<\/p>\n\n\n\n<h3 class=\"wp-block-heading\">Porque \u00e9 que substituir uma faceta \u00e9 t\u00e3o dif\u00edcil?<\/h3>\n\n\n\n<p class=\"wp-block-paragraph\">\u00c9 dif\u00edcil substituir uma faceta, uma vez que o laborat\u00f3rio tem de reproduzir uma restaura\u00e7\u00e3o que j\u00e1 foi fabricada, colada, polida, desgastada, manchada e observada no contexto de um sorriso fixo, enquanto a nova pe\u00e7a parte de uma cer\u00e2mica, espessura, cozedura, cimento e condi\u00e7\u00f5es de superf\u00edcie diferentes, que podem alterar o seu comportamento \u00f3tico.<\/p>\n\n\n\n<p class=\"wp-block-paragraph\">Um conjunto completo cria um sistema visual coeso. Um elemento de substitui\u00e7\u00e3o deve integrar-se nesse sistema sem o alterar.<\/p>\n\n\n\n<h3 class=\"wp-block-heading\">Por que raz\u00e3o a sombra do toco \u00e9 importante para uma folha de substitui\u00e7\u00e3o?<\/h3>\n\n\n\n<p class=\"wp-block-paragraph\">A tonalidade do dente preparado (stump shade) \u00e9 a cor medida do dente preparado por baixo da faceta, e \u00e9 importante porque a porcelana feldsp\u00e1tica fina ou o dissilicato de l\u00edtio transmitem luz suficiente para que o substrato e o cimento de resina alterem o valor final, a cromaticidade, o tom quente e a necessidade de mascaramento da restaura\u00e7\u00e3o colada.<\/p>\n\n\n\n<p class=\"wp-block-paragraph\">Cada prepara\u00e7\u00e3o deve ter a sua pr\u00f3pria fotografia da tonalidade do mon\u00e7\u00e3o, mesmo quando as facetas circundantes foram originalmente prescritas com uma \u00fanica tonalidade final.<\/p>\n\n\n\n<h3 class=\"wp-block-heading\">Um dentista deve utilizar um espectrofot\u00f3metro para determinar a tonalidade das facetas?<\/h3>\n\n\n\n<p class=\"wp-block-paragraph\">Um espectrofot\u00f3metro \u00e9 um instrumento que mede a luz refletida e a converte em dados de cor padronizados; no entanto, deve complementar, e n\u00e3o substituir, a avalia\u00e7\u00e3o visual calibrada, a fotografia padronizada, os mapas de tonalidades e os registos de textura, uma vez que nenhum dispositivo, por si s\u00f3, capta na \u00edntegra a translucidez, o brilho, os \u00e2ngulos das linhas ou a reflex\u00e3o din\u00e2mica.<\/p>\n\n\n\n<p class=\"wp-block-paragraph\">O fluxo de trabalho mais eficaz compara as leituras dos instrumentos com as observa\u00e7\u00f5es visuais e as provas fotogr\u00e1ficas, em vez de permitir que um \u00fanico m\u00e9todo se sobreponha a todos os outros registos.<\/p>\n\n\n\n<h3 class=\"wp-block-heading\">A textura pode fazer com que uma faceta de substitui\u00e7\u00e3o pare\u00e7a ter a tonalidade errada?<\/h3>\n\n\n\n<p class=\"wp-block-paragraph\">A textura pode criar uma aparente discrep\u00e2ncia de tonalidade, uma vez que o contorno facial, os \u00e2ngulos das linhas, a microtextura e o brilho determinam onde a luz se concentra ou se dispersa, fazendo com que duas restaura\u00e7\u00f5es com coordenadas de cor semelhantes pare\u00e7am diferentes em termos de brilho, amplitude, profundidade e vitalidade quando observadas a partir de \u00e2ngulos vari\u00e1veis.<\/p>\n\n\n\n<p class=\"wp-block-paragraph\">Antes de alterar a cor da cer\u00e2mica, verifique a largura da zona refletora, a convexidade facial, a posi\u00e7\u00e3o do \u00e2ngulo da linha, o relevo da superf\u00edcie e o polimento final.<\/p>\n\n\n\n<h3 class=\"wp-block-heading\">O cimento de resina consegue corrigir uma discrep\u00e2ncia na tonalidade de uma faceta?<\/h3>\n\n\n\n<p class=\"wp-block-paragraph\">O cimento de resina pode alterar a cor final de uma faceta fina e transl\u00facida, mas deve ser considerado como uma camada de refinamento controlada, selecionada com pasta de teste, e n\u00e3o como uma ferramenta de corre\u00e7\u00e3o para valores cer\u00e2micos, opacidade, espessura, estratifica\u00e7\u00e3o ou gest\u00e3o do substrato incorretos.<\/p>\n\n\n\n<p class=\"wp-block-paragraph\">Se a faceta apresentar um defeito vis\u00edvel antes da escolha do cimento, a equipa deve identificar o erro na cer\u00e2mica ou no desenho, em vez de o disfar\u00e7ar com uma tonalidade de cimento mais forte.<\/p>\n\n\n\n<h3 class=\"wp-block-heading\">Em que circunst\u00e2ncias se deve substituir toda a faceta?<\/h3>\n\n\n\n<p class=\"wp-block-paragraph\">A substitui\u00e7\u00e3o da restaura\u00e7\u00e3o completa com faceta torna-se mais justific\u00e1vel quando as unidades remanescentes apresentam falhas estruturais, s\u00e3o esteticamente inst\u00e1veis, n\u00e3o t\u00eam documenta\u00e7\u00e3o sobre os materiais utilizados, foram reparadas repetidamente ou \u00e9 imposs\u00edvel obter uma correspond\u00eancia dentro de um intervalo \u00f3tico aceit\u00e1vel; no entanto, a decis\u00e3o deve ter em conta a preserva\u00e7\u00e3o do esmalte, o consentimento do doente, a fun\u00e7\u00e3o, o custo e o estado de cada restaura\u00e7\u00e3o existente.<\/p>\n\n\n\n<p class=\"wp-block-paragraph\">O simples facto de haver uma m\u00e1 correspond\u00eancia n\u00e3o justifica a remo\u00e7\u00e3o desnecess\u00e1ria. O cl\u00ednico deve ponderar a previsibilidade restauradora face ao custo biol\u00f3gico da substitui\u00e7\u00e3o de facetas ainda em bom estado.<\/p>\n\n\n\n<h2 class=\"wp-block-heading\">Envie uma caixa de substitui\u00e7\u00e3o que o laborat\u00f3rio consiga realmente igualar<\/h2>\n\n\n\n<p class=\"wp-block-paragraph\">N\u00e3o envie uma digitaliza\u00e7\u00e3o, uma receita m\u00e9dica em formato A1 e uma fotografia tirada com o telem\u00f3vel.<\/p>\n\n\n\n<p class=\"wp-block-paragraph\">Envie o processo pr\u00e9-remo\u00e7\u00e3o, a radiografia de prepara\u00e7\u00e3o, a arcada oposta, a oclus\u00e3o, a faceta original ou os seus fragmentos, o mapa de tonalidades final, a tonalidade individual do monconho, as fotografias calibradas das amostras de tonalidade, as imagens da textura com luz obl\u00edqua, o v\u00eddeo com luz em movimento, o hist\u00f3rico da cer\u00e2mica, as informa\u00e7\u00f5es sobre o cimento, as notas oclusais e uma declara\u00e7\u00e3o por escrito a identificar o que deve permanecer inalterado.<\/p>\n\n\n\n<p class=\"wp-block-paragraph\">Para a an\u00e1lise do material de laborat\u00f3rio, a avalia\u00e7\u00e3o de casos de substitui\u00e7\u00e3o ou um ensaio controlado na regi\u00e3o anterior, <a href=\"https:\/\/artistdentallab.com\/pt\/contact\/\">enviar a documenta\u00e7\u00e3o completa relativa \u00e0s facetas ao Laborat\u00f3rio Dent\u00e1rio Artist<\/a>. O fluxo de trabalho de contacto aceita ficheiros STL, digitaliza\u00e7\u00f5es intraorais, fotografias do caso, registos de tonalidade, receitas e detalhes t\u00e9cnicos do caso.<\/p>\n\n\n\n<p class=\"wp-block-paragraph\">\u00c9 poss\u00edvel combinar um folheado.<\/p>\n\n\n\n<p class=\"wp-block-paragraph\">Mas s\u00f3 quando a cl\u00ednica deixar de tratar a \u201ctonalidade\u201d como um c\u00f3digo de cor e passar a tratar o sorriso existente como prova forense.<\/p>\n\n\n\n<p class=\"wp-block-paragraph\"><\/p>","protected":false},"excerpt":{"rendered":"<p>A substitui\u00e7\u00e3o de uma faceta num sorriso j\u00e1 estabelecido n\u00e3o \u00e9 uma remodela\u00e7\u00e3o de rotina. A nova faceta deve reproduzir a cer\u00e2mica envelhecida, a cor da colagem, o contorno facial, a luz refletida, a textura da superf\u00edcie e o ritmo visual das restaura\u00e7\u00f5es circundantes.<\/p>","protected":false},"author":1,"featured_media":1607,"comment_status":"open","ping_status":"open","sticky":false,"template":"","format":"standard","meta":{"footnotes":""},"categories":[1],"tags":[195,608,610,609,607,185],"class_list":["post-1606","post","type-post","status-publish","format-standard","has-post-thumbnail","hentry","category-buyer-guides","tag-anterior-restorations","tag-dental-veneer-texture-matching","tag-multi-unit-veneer-case","tag-porcelain-veneer-color-matching","tag-single-veneer-replacement","tag-veneer-shade-matching"],"blocksy_meta":{"styles_descriptor":{"styles":{"desktop":"","tablet":"","mobile":""},"google_fonts":[],"version":7}},"_links":{"self":[{"href":"https:\/\/artistdentallab.com\/pt\/wp-json\/wp\/v2\/posts\/1606","targetHints":{"allow":["GET"]}}],"collection":[{"href":"https:\/\/artistdentallab.com\/pt\/wp-json\/wp\/v2\/posts"}],"about":[{"href":"https:\/\/artistdentallab.com\/pt\/wp-json\/wp\/v2\/types\/post"}],"author":[{"embeddable":true,"href":"https:\/\/artistdentallab.com\/pt\/wp-json\/wp\/v2\/users\/1"}],"replies":[{"embeddable":true,"href":"https:\/\/artistdentallab.com\/pt\/wp-json\/wp\/v2\/comments?post=1606"}],"version-history":[{"count":1,"href":"https:\/\/artistdentallab.com\/pt\/wp-json\/wp\/v2\/posts\/1606\/revisions"}],"predecessor-version":[{"id":1611,"href":"https:\/\/artistdentallab.com\/pt\/wp-json\/wp\/v2\/posts\/1606\/revisions\/1611"}],"wp:featuredmedia":[{"embeddable":true,"href":"https:\/\/artistdentallab.com\/pt\/wp-json\/wp\/v2\/media\/1607"}],"wp:attachment":[{"href":"https:\/\/artistdentallab.com\/pt\/wp-json\/wp\/v2\/media?parent=1606"}],"wp:term":[{"taxonomy":"category","embeddable":true,"href":"https:\/\/artistdentallab.com\/pt\/wp-json\/wp\/v2\/categories?post=1606"},{"taxonomy":"post_tag","embeddable":true,"href":"https:\/\/artistdentallab.com\/pt\/wp-json\/wp\/v2\/tags?post=1606"}],"curies":[{"name":"wp","href":"https:\/\/api.w.org\/{rel}","templated":true}]}}