{"id":1612,"date":"2026-08-03T02:43:45","date_gmt":"2026-08-03T02:43:45","guid":{"rendered":"https:\/\/artistdentallab.com\/"},"modified":"2026-08-03T02:49:10","modified_gmt":"2026-08-03T02:49:10","slug":"writing-a-veneer-lab-prescription-for-natural-texture-and-light-behavior","status":"publish","type":"post","link":"https:\/\/artistdentallab.com\/pt\/writing-a-veneer-lab-prescription-for-natural-texture-and-light-behavior\/","title":{"rendered":"Como redigir uma prescri\u00e7\u00e3o para o laborat\u00f3rio de facetas, tendo em conta a textura natural e o comportamento da luz"},"content":{"rendered":"<p class=\"wp-block-paragraph\">A textura muda tudo.<\/p>\n\n\n\n<p class=\"wp-block-paragraph\">Quando uma prescri\u00e7\u00e3o de laborat\u00f3rio para facetas cont\u00e9m apenas \u201cA1, textura natural, ligeira translucidez\u201d, pede-se ao t\u00e9cnico que tome dezenas de decis\u00f5es interligadas sobre o tom, o contorno facial, a espessura da cer\u00e2mica, a difus\u00e3o incisal, os \u00e2ngulos das linhas, o brilho da superf\u00edcie e os detalhes relacionados com a idade, sem evid\u00eancia cl\u00ednica suficiente.<\/p>\n\n\n\n<p class=\"wp-block-paragraph\">Porque \u00e9 que ficamos surpreendidos quando o resultado parece gen\u00e9rico?<\/p>\n\n\n\n<p class=\"wp-block-paragraph\">A verdade inc\u00f3moda \u00e9 que muitas falhas nas facetas j\u00e1 est\u00e3o predeterminadas antes mesmo de serem fabricadas. A cer\u00e2mica pode encaixar bem. Os contactos podem ser aceit\u00e1veis. A amostra de cor selecionada pode at\u00e9 corresponder sob a ilumina\u00e7\u00e3o da sala de tratamento. No entanto, as facetas continuam a parecer planas, brilhantes, opacas, v\u00edtreas ou estranhamente sim\u00e9tricas, porque ningu\u00e9m definiu como a luz se deve refletir nas suas superf\u00edcies.<\/p>\n\n\n\n<p class=\"wp-block-paragraph\">Um grave <strong>prescri\u00e7\u00e3o do laborat\u00f3rio de facetas<\/strong> Tem de ser mais do que um simples pedido de tonalidade. Deve servir como um briefing de produ\u00e7\u00e3o.<\/p>\n\n\n\n<h2 class=\"wp-block-heading\">Um c\u00f3digo de tonalidade n\u00e3o \u00e9 uma receita para facetas dent\u00e1rias<\/h2>\n\n\n\n<p class=\"wp-block-paragraph\">As abas de tonalidade condensam uma estrutura \u00f3tica complexa num c\u00f3digo comercial curto. Os dentes naturais n\u00e3o o fazem.<\/p>\n\n\n\n<p class=\"wp-block-paragraph\">O esmalte e a dentina produzem diferentes n\u00edveis de dispers\u00e3o, absor\u00e7\u00e3o, reflex\u00e3o, fluoresc\u00eancia e transmiss\u00e3o. O ter\u00e7o cervical comporta-se, normalmente, de forma diferente do corpo do dente, enquanto o ter\u00e7o incisal pode apresentar translucidez, efeitos opalescentes, um halo, estrutura mamelonada ou graus vari\u00e1veis de difus\u00e3o interna. O contorno da superf\u00edcie altera, ent\u00e3o, a forma como essas propriedades internas s\u00e3o percebidas.<\/p>\n\n\n\n<p class=\"wp-block-paragraph\">\u00c9 por isso que o nosso guia sobre <a href=\"https:\/\/artistdentallab.com\/pt\/why-value-matters-more-than-the-shade-tab-in-veneer-esthetics\/\">Por que raz\u00e3o a tonalidade \u00e9 mais importante do que a tabela de tonalidades na est\u00e9tica dos folheados<\/a> considera a tonalidade apenas como uma das componentes da prescri\u00e7\u00e3o \u00f3tica. O valor, a cromaticidade, a translucidez, a tonalidade do coto, a espessura, o cimento, a textura e a ilumina\u00e7\u00e3o devem ser considerados em conjunto.<\/p>\n\n\n\n<p class=\"wp-block-paragraph\">A limita\u00e7\u00e3o da sele\u00e7\u00e3o visual de tonalidades n\u00e3o \u00e9 meramente te\u00f3rica. Num estudo cl\u00ednico realizado em 2024, os investigadores mediram <strong>2 768 dentes naturais de 294 doentes<\/strong> utilizando o Vita Classical, o Vita Toothguide 3D-Master e um espectrofot\u00f3metro Vita Easyshade Compact sob aproximadamente <strong>Ilumina\u00e7\u00e3o de 5 500 K<\/strong>. O valor de reprodutibilidade comunicado foi <strong>0,177 para o Vita Classical e 0,805 para o espectrofot\u00f3metro<\/strong>. Os observadores humanos tamb\u00e9m tenderam a classificar os dentes nas categorias A e B, enquanto o dispositivo registou com maior frequ\u00eancia as categorias B e C. Os autores conclu\u00edram que as medi\u00e7\u00f5es espectrofotom\u00e9tricas eram mais reprodut\u00edveis, embora as leituras objetivas continuassem a exigir confirma\u00e7\u00e3o visual. Consulte o <a href=\"https:\/\/pmc.ncbi.nlm.nih.gov\/articles\/PMC11048452\/\" rel=\"nofollow noopener\" target=\"_blank\">estudo completo de medi\u00e7\u00e3o de tonalidades cl\u00ednicas<\/a>.<\/p>\n\n\n\n<p class=\"wp-block-paragraph\">Esses dados deveriam p\u00f4r fim a um h\u00e1bito pregui\u00e7oso: considerar \u201cA1\u201d como uma instru\u00e7\u00e3o est\u00e9tica completa.<\/p>\n\n\n\n<p class=\"wp-block-paragraph\">N\u00e3o \u00e9.<\/p>\n\n\n\n<figure class=\"wp-block-image size-large\"><img fetchpriority=\"high\" decoding=\"async\" width=\"1024\" height=\"427\" src=\"https:\/\/artistdentallab.com\/wp-content\/uploads\/2026\/08\/Writing-a-Veneer-Lab-Prescription-for-Natural-Texture-and-Light-Behavior-2-1024x427.jpg\" alt=\"Como redigir uma prescri\u00e7\u00e3o para o laborat\u00f3rio de facetas, tendo em conta a textura natural e o comportamento da luz\" class=\"wp-image-1614\" title=\"\" srcset=\"https:\/\/artistdentallab.com\/wp-content\/uploads\/2026\/08\/Writing-a-Veneer-Lab-Prescription-for-Natural-Texture-and-Light-Behavior-2-1024x427.jpg 1024w, https:\/\/artistdentallab.com\/wp-content\/uploads\/2026\/08\/Writing-a-Veneer-Lab-Prescription-for-Natural-Texture-and-Light-Behavior-2-300x125.jpg 300w, https:\/\/artistdentallab.com\/wp-content\/uploads\/2026\/08\/Writing-a-Veneer-Lab-Prescription-for-Natural-Texture-and-Light-Behavior-2-768x320.jpg 768w, https:\/\/artistdentallab.com\/wp-content\/uploads\/2026\/08\/Writing-a-Veneer-Lab-Prescription-for-Natural-Texture-and-Light-Behavior-2-18x8.jpg 18w, https:\/\/artistdentallab.com\/wp-content\/uploads\/2026\/08\/Writing-a-Veneer-Lab-Prescription-for-Natural-Texture-and-Light-Behavior-2-500x208.jpg 500w, https:\/\/artistdentallab.com\/wp-content\/uploads\/2026\/08\/Writing-a-Veneer-Lab-Prescription-for-Natural-Texture-and-Light-Behavior-2-600x250.jpg 600w, https:\/\/artistdentallab.com\/wp-content\/uploads\/2026\/08\/Writing-a-Veneer-Lab-Prescription-for-Natural-Texture-and-Light-Behavior-2.jpg 1200w\" sizes=\"(max-width: 1024px) 100vw, 1024px\" \/><\/figure>\n\n\n\n<h3 class=\"wp-block-heading\">A receita m\u00e9dica deve descrever tr\u00eas aspetos diferentes<\/h3>\n\n\n\n<p class=\"wp-block-paragraph\">Uma prescri\u00e7\u00e3o laboratorial para facetas de porcelana que permita a sua utiliza\u00e7\u00e3o divide o caso em tr\u00eas sistemas inter-relacionados:<\/p>\n\n\n\n<ol class=\"wp-block-list\">\n<li><strong>Comportamento \u00f3tico interno:<\/strong> valor, croma, translucidez, opacidade, mamel\u00f5es, halo, fluoresc\u00eancia e caracteriza\u00e7\u00e3o localizada.<\/li>\n\n\n\n<li><strong>Morfologia externa:<\/strong> convexidade facial, l\u00f3bulos de desenvolvimento, \u00e2ngulos das linhas, embrasuras, posi\u00e7\u00e3o da borda incisal e textura da superf\u00edcie.<\/li>\n\n\n\n<li><strong>Acabamento da superf\u00edcie:<\/strong> macrotextura, microtextura, acabamento, distribui\u00e7\u00e3o do brilho e a forma como os reflexos devem aparecer sob luz direcional.<\/li>\n<\/ol>\n\n\n\n<p class=\"wp-block-paragraph\">A confus\u00e3o entre estes sistemas d\u00e1 origem a uma linguagem amb\u00edgua. O termo \u201cnatural\u201d n\u00e3o indica a um ceramista se o dente solicitado deve ter uma anatomia vertical pronunciada, peric\u00edmatos horizontais moderados, uma superf\u00edcie corporal acetinada, uma borda incisal mais brilhante ou uma zona refletora estreita.<\/p>\n\n\n\n<p class=\"wp-block-paragraph\">O natural \u00e9 um resultado. N\u00e3o \u00e9 uma instru\u00e7\u00e3o.<\/p>\n\n\n\n<h2 class=\"wp-block-heading\">O comportamento da luz natural \u00e9 constru\u00eddo, n\u00e3o \u00e9 apenas uma apar\u00eancia superficial<\/h2>\n\n\n\n<p class=\"wp-block-paragraph\">A translucidez e o comportamento \u00e0 luz das facetas s\u00e3o frequentemente abordados como se pudessem ser conferidos durante a colora\u00e7\u00e3o final. Trata-se de uma simplifica\u00e7\u00e3o perigosa.<\/p>\n\n\n\n<p class=\"wp-block-paragraph\">O aspeto final j\u00e1 est\u00e1 a ser definido pela profundidade da prepara\u00e7\u00e3o, pelo substrato remanescente, pelo sistema cer\u00e2mico, pela translucidez do lingote ou bloco, pela estrat\u00e9gia de aplica\u00e7\u00e3o das camadas, pela espessura da cer\u00e2mica, pelo contorno da superf\u00edcie, pela pasta de ensaio, pela tonalidade do cimento de resina e pelo m\u00e9todo de polimento final.<\/p>\n\n\n\n<h3 class=\"wp-block-heading\">O valor deve ser definido antes da caracteriza\u00e7\u00e3o<\/h3>\n\n\n\n<p class=\"wp-block-paragraph\">O valor \u00e9 a perce\u00e7\u00e3o de clareza ou escurid\u00e3o da restaura\u00e7\u00e3o. \u00c9 normalmente a primeira discrep\u00e2ncia que se nota numa sala e o erro mais dif\u00edcil de disfar\u00e7ar com uma colora\u00e7\u00e3o localizada.<\/p>\n\n\n\n<p class=\"wp-block-paragraph\">Uma faceta de alta qualidade, com ampla convexidade facial e brilho espelhado, pode parecer mais larga e mais brilhante do que as suas dimens\u00f5es reais. Uma restaura\u00e7\u00e3o de menor qualidade, com textura superficial acentuada, pode dispersar a luz de forma irregular e parecer cinzenta. Nenhum destes problemas \u00e9 resolvido com a escolha de outra tabela de tonalidades.<\/p>\n\n\n\n<p class=\"wp-block-paragraph\">A receita m\u00e9dica deve, portanto, indicar:<\/p>\n\n\n\n<ul class=\"wp-block-list\">\n<li>O valor-alvo em rela\u00e7\u00e3o aos dentes adjacentes<\/li>\n\n\n\n<li>Se o dente contralateral tem um valor superior, igual ou inferior<\/li>\n\n\n\n<li>Se a restaura\u00e7\u00e3o deve preservar o valor com ilumina\u00e7\u00e3o de fundo<\/li>\n\n\n\n<li>Se o ter\u00e7o cervical necessita de um aumento da cromaticidade sem parecer mais escuro<\/li>\n\n\n\n<li>Se o ter\u00e7o incisal deve perder valor devido \u00e0 translucidez<\/li>\n\n\n\n<li>Se o valor provis\u00f3rio j\u00e1 foi aprovado como valor de refer\u00eancia<\/li>\n<\/ul>\n\n\n\n<p class=\"wp-block-paragraph\">N\u00e3o escreva \u201ccorrespond\u00eancia n.\u00ba 8\u201d. Escreva o que deve corresponder e onde.<\/p>\n\n\n\n<h3 class=\"wp-block-heading\">A espessura e a translucidez n\u00e3o podem ser separadas<\/h3>\n\n\n\n<p class=\"wp-block-paragraph\">Um t\u00e9cnico n\u00e3o pode escolher de forma adequada uma cer\u00e2mica transl\u00facida sem conhecer a espessura dispon\u00edvel e a cor do substrato.<\/p>\n\n\n\n<p class=\"wp-block-paragraph\">Um estudo laboratorial que avaliou diferentes combina\u00e7\u00f5es de n\u00facleo e revestimento constatou que o aumento da espessura total da cer\u00e2mica reduzia os valores dos par\u00e2metros de translucidez. Quando a espessura total diminu\u00eda, a translucidez do material do n\u00facleo exercia uma influ\u00eancia maior no resultado. Leia o <a href=\"https:\/\/www.thejpd.org\/article\/S0022-3913%2814%2900377-1\/abstract\" rel=\"nofollow noopener\" target=\"_blank\">Estudo sobre a espessura do n\u00facleo e do folheado<\/a>.<\/p>\n\n\n\n<p class=\"wp-block-paragraph\">\u00c9 por isso que a \u201calta translucidez\u201d pode ser a escolha errada para um mu\u00f1\u00e3o escuro, um pino met\u00e1lico, um dente muito descolorido ou um caso com profundidades de prepara\u00e7\u00e3o desiguais. Tamb\u00e9m pode ser excessiva quando os dentes adjacentes t\u00eam esmalte denso e transmiss\u00e3o incisal limitada.<\/p>\n\n\n\n<p class=\"wp-block-paragraph\">O laborat\u00f3rio precisa de:<\/p>\n\n\n\n<ul class=\"wp-block-list\">\n<li>Fotografias da prepara\u00e7\u00e3o<\/li>\n\n\n\n<li>Fotografias \u00e0 sombra de um toco<\/li>\n\n\n\n<li>Redu\u00e7\u00e3o aproximada por zona facial<\/li>\n\n\n\n<li>Informa\u00e7\u00f5es sobre pinos, n\u00facleos, reconstru\u00e7\u00f5es compostas ou dentina descolorida<\/li>\n\n\n\n<li>A fam\u00edlia de resinas-cimento pretendida e a gama de tonalidades<\/li>\n\n\n\n<li>Confirma\u00e7\u00e3o de se a prioridade \u00e9 dada ao mascaramento ou \u00e0 vitalidade m\u00e1xima<\/li>\n<\/ul>\n\n\n\n<p class=\"wp-block-paragraph\">A sele\u00e7\u00e3o de materiais deve seguir essas indica\u00e7\u00f5es. A nossa <a href=\"https:\/\/artistdentallab.com\/pt\/e-max-zirconia-or-feldspathic-for-anterior-veneers-a-case-based-selection-guide\/\">Compara\u00e7\u00e3o, com base em casos cl\u00ednicos, entre facetas anteriores em E.max, zirc\u00f3nia e feldspato<\/a> explica por que raz\u00e3o o material mais realista n\u00e3o \u00e9, automaticamente, a escolha mais segura para todos os substratos ou modelos de prepara\u00e7\u00e3o.<\/p>\n\n\n\n<h3 class=\"wp-block-heading\">O tratamento da superf\u00edcie altera o comportamento \u00f3tico<\/h3>\n\n\n\n<p class=\"wp-block-paragraph\">O acabamento da superf\u00edcie n\u00e3o \u00e9 apenas uma quest\u00e3o de higiene ou de polimento. Altera a reflex\u00e3o e a transmiss\u00e3o.<\/p>\n\n\n\n<p class=\"wp-block-paragraph\">Numa experi\u00eancia realizada em 2014, os investigadores fabricaram <strong>224 amostras de IPS e.max Press<\/strong> nas tonalidades A1, A3, de elevada translucidez e de elevada opacidade, em <strong>Espessuras de 0,5 mm e 1,0 mm<\/strong>. O jato de areia e a aplica\u00e7\u00e3o do revestimento tornaram as amostras mais opacas, enquanto o tratamento com \u00e1cido fluor\u00eddrico n\u00e3o alterou significativamente o par\u00e2metro de translucidez. O valor mais elevado de TP registado foi <strong>22.59<\/strong> para uma amostra com 0,5 mm de altura e elevada translucidez ap\u00f3s tratamento com HF; o valor mais baixo foi <strong>4.97<\/strong> para uma amostra com 1,0 mm de alta opacidade ap\u00f3s o jato de areia. O <a href=\"https:\/\/jap.or.kr\/DOIx.php?id=10.4047%2Fjap.2014.6.1.8\" rel=\"nofollow noopener\" target=\"_blank\">Estudo original sobre facetas laminadas de porcelana<\/a> deixa bem claro que: o estado da superf\u00edcie, a espessura e a opacidade da cer\u00e2mica interagem entre si.<\/p>\n\n\n\n<p class=\"wp-block-paragraph\">Assim, quando uma prescri\u00e7\u00e3o exige \u201ctextura acentuada e brilho intenso\u201d, pode conter uma contradi\u00e7\u00e3o interna. Uma textura acentuada divide os reflexos em pontos de luz mais pequenos. Um polimento intenso pode atenuar esses detalhes. Um acabamento uniforme pode fazer com que um revestimento, que de outra forma teria uma boa forma, pare\u00e7a artificial.<\/p>\n\n\n\n<p class=\"wp-block-paragraph\">O t\u00e9cnico precisa de saber qual dos efeitos tem prioridade.<\/p>\n\n\n\n<h2 class=\"wp-block-heading\">Como a textura da superf\u00edcie influencia a forma aparente do dente<\/h2>\n\n\n\n<p class=\"wp-block-paragraph\">A textura da superf\u00edcie das facetas dent\u00e1rias n\u00e3o se limita a conferir um aspeto detalhado \u00e0 porcelana. Altera o tamanho, a dire\u00e7\u00e3o e a intensidade da luz refletida.<\/p>\n\n\n\n<p class=\"wp-block-paragraph\">Uma superf\u00edcie facial plana tende a criar um \u00fanico reflexo amplo. Esse reflexo pode aumentar a largura e o valor aparentes. Uma superf\u00edcie mais complexa divide o ponto de luz em zonas mais pequenas, fazendo com que o dente pare\u00e7a menos monol\u00edtico.<\/p>\n\n\n\n<p class=\"wp-block-paragraph\">\u00c9 por isso que <a href=\"https:\/\/artistdentallab.com\/pt\/transitional-line-angles-in-veneers-the-hidden-tool-for-optical-contouring\/\">\u00e2ngulos de transi\u00e7\u00e3o nas facetas<\/a> merecem uma descri\u00e7\u00e3o expl\u00edcita na prescri\u00e7\u00e3o. Deslocar os \u00e2ngulos das linhas para dentro pode estreitar a superf\u00edcie facial aparente sem estreitar fisicamente o dente na sua totalidade. Desloc\u00e1-los para fora pode fazer com que o dente pare\u00e7a mais largo.<\/p>\n\n\n\n<p class=\"wp-block-paragraph\">Mas h\u00e1 um limite.<\/p>\n\n\n\n<p class=\"wp-block-paragraph\">As facetas com textura excessiva n\u00e3o t\u00eam um aspeto natural. Parecem decoradas. Sulcos horizontais profundos, mamel\u00f5es exagerados, linhas de craquelagem repetidas e perikymata id\u00eanticos ao longo de seis ou dez unidades criam uma marca caracter\u00edstica de laborat\u00f3rio, em vez de um esmalte espec\u00edfico do doente.<\/p>\n\n\n\n<p class=\"wp-block-paragraph\">O nosso guia detalhado sobre <a href=\"https:\/\/artistdentallab.com\/pt\/surface-texture-in-veneers-matching-age-expression-and-personality\/\">harmonizar a textura da superf\u00edcie do folheado com a idade, a express\u00e3o e as caracter\u00edsticas faciais<\/a> recomenda que a idade seja utilizada como refer\u00eancia inicial, e n\u00e3o como uma f\u00f3rmula autom\u00e1tica de conce\u00e7\u00e3o. Os dentes adjacentes, as pr\u00f3teses provis\u00f3rias aprovadas, as fotografias, a din\u00e2mica labial, o desgaste e a prefer\u00eancia expressa pelo doente t\u00eam maior peso.<\/p>\n\n\n\n<h3 class=\"wp-block-heading\">Definir a textura em camadas<\/h3>\n\n\n\n<p class=\"wp-block-paragraph\">Eu dividiria as instru\u00e7\u00f5es sobre texturas em quatro n\u00edveis:<\/p>\n\n\n\n<figure class=\"wp-block-table\"><table class=\"has-fixed-layout\"><thead><tr><th>N\u00edvel de textura<\/th><th>O que controla<\/th><th>Formula\u00e7\u00e3o \u00fatil para receitas m\u00e9dicas<\/th><th>Falha comum<\/th><\/tr><\/thead><tbody><tr><td>Formul\u00e1rio principal<\/td><td>Convexidade facial global e silhueta<\/td><td>\u201cManter uma convexidade facial moderada, com a altura do contorno no ter\u00e7o m\u00e9dio\u201d<\/td><td>Perfil facial volumoso ou achatado<\/td><\/tr><tr><td>Anatomia secund\u00e1ria<\/td><td>L\u00f3bulos de desenvolvimento, depress\u00f5es, \u00e2ngulos de linha<\/td><td>\u201cEstrutura de tr\u00eas l\u00f3bulos vis\u00edvel sob luz obl\u00edqua, mas n\u00e3o na vista frontal\u201d<\/td><td>Anatomia excessivamente esculpida<\/td><\/tr><tr><td>Textura terci\u00e1ria<\/td><td>Perikymata, sulcos finos, irregularidade localizada<\/td><td>\u201cPeric\u00edmatos cervicais e do ter\u00e7o m\u00e9dio pouco pronunciados; diminuem em dire\u00e7\u00e3o ao ter\u00e7o incisal\u201d<\/td><td>Listras horizontais repetitivas<\/td><\/tr><tr><td>Acabamento da superf\u00edcie<\/td><td>Brilho, zonas acetinadas, acabamento final<\/td><td>\u201cBrilho m\u00e9dio semelhante ao do esmalte; ligeiramente mais suave nas depress\u00f5es\u201d<\/td><td>Reflex\u00e3o uniforme semelhante \u00e0 do vidro<\/td><\/tr><\/tbody><\/table><\/figure>\n\n\n\n<p class=\"wp-block-paragraph\">A frase \u201cvis\u00edvel sob luz obl\u00edqua, mas n\u00e3o na vista frontal\u201d \u00e9 particularmente \u00fatil. Proporciona ao ceramista um limiar visual verific\u00e1vel.<\/p>\n\n\n\n<p class=\"wp-block-paragraph\">O mesmo se aplica aos perikymata. O nosso artigo sobre <a href=\"https:\/\/artistdentallab.com\/pt\/perikymata-in-veneers-when-micro-detail-adds-realism\/\">quando os perikymata conferem realismo aos revestimentos<\/a> explica que os microdetalhes moderados podem atenuar um realce artificial, mas n\u00e3o conseguem corrigir um contorno mal definido ou um valor incorreto.<\/p>\n\n\n\n<figure class=\"wp-block-image size-full\"><img decoding=\"async\" width=\"853\" height=\"811\" src=\"https:\/\/artistdentallab.com\/wp-content\/uploads\/2026\/08\/Writing-a-Veneer-Lab-Prescription-for-Natural-Texture-and-Light-Behavior-3.jpg\" alt=\"Como redigir uma prescri\u00e7\u00e3o para o laborat\u00f3rio de facetas, tendo em conta a textura natural e o comportamento da luz\" class=\"wp-image-1615\" title=\"\" srcset=\"https:\/\/artistdentallab.com\/wp-content\/uploads\/2026\/08\/Writing-a-Veneer-Lab-Prescription-for-Natural-Texture-and-Light-Behavior-3.jpg 853w, https:\/\/artistdentallab.com\/wp-content\/uploads\/2026\/08\/Writing-a-Veneer-Lab-Prescription-for-Natural-Texture-and-Light-Behavior-3-300x285.jpg 300w, https:\/\/artistdentallab.com\/wp-content\/uploads\/2026\/08\/Writing-a-Veneer-Lab-Prescription-for-Natural-Texture-and-Light-Behavior-3-768x730.jpg 768w, https:\/\/artistdentallab.com\/wp-content\/uploads\/2026\/08\/Writing-a-Veneer-Lab-Prescription-for-Natural-Texture-and-Light-Behavior-3-13x12.jpg 13w, https:\/\/artistdentallab.com\/wp-content\/uploads\/2026\/08\/Writing-a-Veneer-Lab-Prescription-for-Natural-Texture-and-Light-Behavior-3-500x475.jpg 500w, https:\/\/artistdentallab.com\/wp-content\/uploads\/2026\/08\/Writing-a-Veneer-Lab-Prescription-for-Natural-Texture-and-Light-Behavior-3-600x570.jpg 600w\" sizes=\"(max-width: 853px) 100vw, 853px\" \/><\/figure>\n\n\n\n<h2 class=\"wp-block-heading\">Os registos de que um laborat\u00f3rio realmente necessita<\/h2>\n\n\n\n<p class=\"wp-block-paragraph\">Um laborat\u00f3rio n\u00e3o pode reproduzir informa\u00e7\u00f5es que nunca recebe.<\/p>\n\n\n\n<p class=\"wp-block-paragraph\">No entanto, as prescri\u00e7\u00f5es incompletas continuam a ser comuns. Uma auditoria realizada em 2011 \u00e0s prescri\u00e7\u00f5es dent\u00e1rias trocadas entre cl\u00ednicas e laborat\u00f3rios revelou que aproximadamente <strong>dois ter\u00e7os n\u00e3o cumpriram as regras<\/strong> tendo em conta os requisitos \u00e9ticos e legais avaliados pelos investigadores. Os autores descreveram uma clara falha na comunica\u00e7\u00e3o entre dentistas e t\u00e9cnicos, mesmo num ambiente de trabalho pr\u00f3ximo.<\/p>\n\n\n\n<p class=\"wp-block-paragraph\">Um estudo separado sobre pr\u00f3tese fixa identificou omiss\u00f5es recorrentes relacionadas com o desenho marginal, o desenho do p\u00f3ntico, os diagramas de colora\u00e7\u00e3o, a sele\u00e7\u00e3o da porcelana e o esmalte solicitado. N\u00e3o se tratava de diverg\u00eancias art\u00edsticas, mas sim de informa\u00e7\u00f5es de fabrico em falta. O <a href=\"https:\/\/www.sciencedirect.com\/science\/article\/pii\/S1013905217300378\" rel=\"nofollow noopener\" target=\"_blank\">estudo sobre a qualidade da comunica\u00e7\u00e3o<\/a> concluiu que a comunica\u00e7\u00e3o entre dentistas e t\u00e9cnicos era, por vezes, inadequada.<\/p>\n\n\n\n<p class=\"wp-block-paragraph\">No que diz respeito aos casos de facetas anteriores, consideraria os seguintes registos como o m\u00ednimo pr\u00e1tico.<\/p>\n\n\n\n<h3 class=\"wp-block-heading\">1. Fotografias de rosto inteiro e com sorriso<\/h3>\n\n\n\n<p class=\"wp-block-paragraph\">Indique:<\/p>\n\n\n\n<ul class=\"wp-block-list\">\n<li>Fotografia de rosto inteiro em repouso<\/li>\n\n\n\n<li>Sorriso radiante<\/li>\n\n\n\n<li>Vista frontal retra\u00edda<\/li>\n\n\n\n<li>Vistas laterais com retra\u00e7\u00e3o \u00e0 direita e \u00e0 esquerda<\/li>\n\n\n\n<li>Vis\u00e3o \u00e0s 12 horas, quando a posi\u00e7\u00e3o da borda incisal \u00e9 importante<\/li>\n\n\n\n<li>Perfil ou vista de tr\u00eas quartos quando a inclina\u00e7\u00e3o do rosto \u00e9 incerta<\/li>\n<\/ul>\n\n\n\n<p class=\"wp-block-paragraph\">O rosto \u00e9 importante porque o laborat\u00f3rio tem de compreender a posi\u00e7\u00e3o da linha m\u00e9dia, a inclina\u00e7\u00e3o do sorriso, a exposi\u00e7\u00e3o dent\u00e1ria, a mobilidade labial e a quantidade de textura da superf\u00edcie que permanece vis\u00edvel \u00e0 dist\u00e2ncia de uma conversa.<\/p>\n\n\n\n<h3 class=\"wp-block-heading\">2. Registos de cor com polariza\u00e7\u00e3o cruzada<\/h3>\n\n\n\n<p class=\"wp-block-paragraph\">A fotografia com polariza\u00e7\u00e3o cruzada reduz o brilho da superf\u00edcie e ajuda a revelar o valor interno, a cromaticidade, as linhas de fissura, a hipocalcifica\u00e7\u00e3o, os mamel\u00f5es e a translucidez incisal.<\/p>\n\n\n\n<p class=\"wp-block-paragraph\">Mas n\u00e3o envie apenas imagens com polariza\u00e7\u00e3o cruzada. O t\u00e9cnico tamb\u00e9m precisa de fotografias normais \u00e0 luz refletida para compreender o brilho e a topografia da superf\u00edcie. Uma das imagens mostra a cor interna com maior clareza; a outra mostra o reflexo externo.<\/p>\n\n\n\n<p class=\"wp-block-paragraph\">Ambos s\u00e3o importantes.<\/p>\n\n\n\n<h3 class=\"wp-block-heading\">3. Fotografias da sec\u00e7\u00e3o \u00abShade-Tab\u00bb<\/h3>\n\n\n\n<p class=\"wp-block-paragraph\">Utilize pelo menos uma fotografia com exposi\u00e7\u00e3o correta na sec\u00e7\u00e3o \u00absombra\u00bb:<\/p>\n\n\n\n<ul class=\"wp-block-list\">\n<li>No mesmo plano vertical que o dente<\/li>\n\n\n\n<li>Perto do dente com o qual se pretende fazer a correspond\u00eancia<\/li>\n\n\n\n<li>Com o c\u00f3digo de tabula\u00e7\u00e3o vis\u00edvel<\/li>\n\n\n\n<li>Sem o brilho da saliva a esconder a superf\u00edcie facial<\/li>\n\n\n\n<li>Antes de a desidrata\u00e7\u00e3o alterar o dente<\/li>\n\n\n\n<li>Com exposi\u00e7\u00e3o neutra e equil\u00edbrio de brancos<\/li>\n<\/ul>\n\n\n\n<p class=\"wp-block-paragraph\">Sempre que poss\u00edvel, inclua uma aba de refer\u00eancia mais escura e outra mais clara. Uma \u00fanica aba indica ao t\u00e9cnico o que o m\u00e9dico selecionou. Um conjunto entre par\u00eanteses ajuda a mostrar a dire\u00e7\u00e3o e a magnitude da diferen\u00e7a.<\/p>\n\n\n\n<h3 class=\"wp-block-heading\">4. Stump-Shade Records<\/h3>\n\n\n\n<p class=\"wp-block-paragraph\">Fotografe cada dente preparado individualmente quando os substratos forem diferentes.<\/p>\n\n\n\n<p class=\"wp-block-paragraph\">N\u00e3o se deve partir do princ\u00edpio de que seis prepara\u00e7\u00f5es visualmente semelhantes ter\u00e3o um comportamento id\u00eantico sob facetas de 0,5 mm. Um n\u00facleo de comp\u00f3sito, dentina escler\u00f3tica, um dente submetido a tratamento endod\u00f4ntico, uma \u00e1rea cervical escura ou um substrato descolorido localizado podem provocar uma discrep\u00e2ncia vis\u00edvel ap\u00f3s a colagem.<\/p>\n\n\n\n<h3 class=\"wp-block-heading\">5. Projetos provis\u00f3rios e projeto aprovado<\/h3>\n\n\n\n<p class=\"wp-block-paragraph\">Se o doente tiver aprovado o comprimento provis\u00f3rio do dente, os \u00e2ngulos das linhas, a borda incisal, a domin\u00e2ncia ou a progress\u00e3o das embrasuras, indique-o claramente.<\/p>\n\n\n\n<p class=\"wp-block-paragraph\">O laborat\u00f3rio tamb\u00e9m deve saber o que o doente rejeitou. \u201cN\u00e3o copiar a textura da superf\u00edcie da pr\u00f3tese provis\u00f3ria\u201d pode ser t\u00e3o importante quanto \u201ccopiar o comprimento da pr\u00f3tese provis\u00f3ria\u201d.\u201d<\/p>\n\n\n\n<h2 class=\"wp-block-heading\">Uma estrutura de prescri\u00e7\u00e3o para laborat\u00f3rio de folheados pronta para reprodu\u00e7\u00e3o<\/h2>\n\n\n\n<p class=\"wp-block-paragraph\">A melhor prescri\u00e7\u00e3o de facetas para obter resultados com aspeto natural \u00e9 suficientemente espec\u00edfica para orientar a confe\u00e7\u00e3o, mas suficientemente flex\u00edvel para permitir que o t\u00e9cnico de cer\u00e2mica se adapte ao sistema cer\u00e2mico e ao espa\u00e7o dispon\u00edvel.<\/p>\n\n\n\n<p class=\"wp-block-paragraph\">Uma receita m\u00e9dica pode seguir esta estrutura:<\/p>\n\n\n\n<blockquote class=\"wp-block-quote is-layout-flow wp-block-quote-is-layout-flow\">\n<p class=\"wp-block-paragraph\"><strong>Objetivo do caso:<\/strong> Crie seis facetas maxilares com uma integra\u00e7\u00e3o natural, em vez de um branqueamento uniforme. Mantenha o destaque dos incisivos centrais e evite um aspeto id\u00eantico, como se fossem feitas \u00e0 m\u00e1quina.<\/p>\n\n\n\n<p class=\"wp-block-paragraph\"><strong>Dimens\u00f5es aprovadas:<\/strong> Copie a posi\u00e7\u00e3o provis\u00f3ria da borda incisal e o comprimento total. Ajuste ligeiramente para dentro os \u00e2ngulos da linha distal dos incisivos centrais, de modo a reduzir a largura aparente.<\/p>\n\n\n\n<p class=\"wp-block-paragraph\"><strong>Valor:<\/strong> Equilibre os pr\u00e9-molares adjacentes no ter\u00e7o corporal. Os dentes centrais podem ficar aproximadamente um n\u00edvel de valor controlado mais claros, sem que o ter\u00e7o cervical fique com um tom esbranqui\u00e7ado.<\/p>\n\n\n\n<p class=\"wp-block-paragraph\"><strong>Chroma:<\/strong> Tonalidade cervical moderada, que se vai atenuando gradualmente ao longo do corpo. Evite manchas concentradas de cor laranja ou castanha na zona cervical.<\/p>\n\n\n\n<p class=\"wp-block-paragraph\"><strong>Translucidez:<\/strong> Translucidez incisal moderada, que se estende aproximadamente 1,0\u20131,5 mm a partir da borda. Manter opacidade suficiente para controlar as tonalidades registadas do mon\u00e7\u00e3o.<\/p>\n\n\n\n<p class=\"wp-block-paragraph\"><strong>Efeitos internos:<\/strong> Estrutura suave do mamel\u00e3o, vis\u00edvel principalmente com ilumina\u00e7\u00e3o de fundo. Halo incisal fino e irregular. N\u00e3o se observam manchas brancas sim\u00e9tricas.<\/p>\n\n\n\n<p class=\"wp-block-paragraph\"><strong>Forma da superf\u00edcie:<\/strong> L\u00f3bulos de desenvolvimento bem definidos, mas moderados. Zona refletora central estreita. Manter os \u00e2ngulos da linha de transi\u00e7\u00e3o semelhantes aos do projeto provis\u00f3rio aprovado.<\/p>\n\n\n\n<p class=\"wp-block-paragraph\"><strong>Microtextura:<\/strong> Textura horizontal fina e irregular nos ter\u00e7os cervical e m\u00e9dio. A textura diminui \u00e0 medida que se aproxima do ter\u00e7o incisal. A textura deve ser vis\u00edvel sob ilumina\u00e7\u00e3o obl\u00edqua, n\u00e3o sob a forma de sulcos quando observada de frente.<\/p>\n\n\n\n<p class=\"wp-block-paragraph\"><strong>Nota:<\/strong> Brilho m\u00e9dio do esmalte natural. Brilho ligeiramente mais suave nas depress\u00f5es de desenvolvimento. Evite uma superf\u00edcie uniformemente esmaltada, semelhante a um espelho.<\/p>\n\n\n\n<p class=\"wp-block-paragraph\"><strong>Hierarquia de refer\u00eancia:<\/strong> Siga, por ordem, as fotografias da textura retratada, as pr\u00f3teses provis\u00f3rias aprovadas e, em terceiro lugar, o modelo de cera de diagn\u00f3stico. Contacte a cl\u00ednica antes de alterar o comprimento, a lateral dominante ou a translucidez.<\/p>\n<\/blockquote>\n\n\n\n<p class=\"wp-block-paragraph\">Isso \u00e9 uma receita m\u00e9dica.<\/p>\n\n\n\n<p class=\"wp-block-paragraph\">\u201cFazer com que seja natural\u201d \u00e9 um desejo.<\/p>\n\n\n\n<h2 class=\"wp-block-heading\">As instru\u00e7\u00f5es espec\u00edficas para cada material evitam contradi\u00e7\u00f5es<\/h2>\n\n\n\n<p class=\"wp-block-paragraph\">O laborat\u00f3rio deve poder recomendar uma estrat\u00e9gia cer\u00e2mica diferente quando a prescri\u00e7\u00e3o entrar em conflito com o substrato ou a espessura.<\/p>\n\n\n\n<h3 class=\"wp-block-heading\">Porcelana Feldsp\u00e1tica<\/h3>\n\n\n\n<p class=\"wp-block-paragraph\">A porcelana feldsp\u00e1tica permite obter camadas detalhadas, um controlo preciso da superf\u00edcie, translucidez localizada e efeitos delicados semelhantes aos do esmalte. \u00c9 frequentemente uma op\u00e7\u00e3o atraente para casos minimamente invasivos com substratos favor\u00e1veis e um forte suporte do esmalte.<\/p>\n\n\n\n<p class=\"wp-block-paragraph\">Mas n\u00e3o se trata de uma resposta universal. Uma prepara\u00e7\u00e3o inadequada, um substrato escuro, uma superf\u00edcie de ader\u00eancia limitada ou um ambiente funcional agressivo podem alterar o c\u00e1lculo do risco.<\/p>\n\n\n\n<h3 class=\"wp-block-heading\">Disilicato de l\u00edtio<\/h3>\n\n\n\n<p class=\"wp-block-paragraph\">Os sistemas de dissilicato de l\u00edtio podem ser utilizados em processos de trabalho de prensagem, fresagem, recorte, estratifica\u00e7\u00e3o, colora\u00e7\u00e3o ou combinados. A prescri\u00e7\u00e3o deve indicar se o caso d\u00e1 prioridade a:<\/p>\n\n\n\n<ul class=\"wp-block-list\">\n<li>Vitalidade m\u00e1xima<\/li>\n\n\n\n<li>Mascaramento do substrato<\/li>\n\n\n\n<li>Consist\u00eancia monol\u00edtica<\/li>\n\n\n\n<li>Profundidade incisal em camadas<\/li>\n\n\n\n<li>Resist\u00eancia com espessura limitada<\/li>\n\n\n\n<li>A condizer com um dente natural adjacente<\/li>\n<\/ul>\n\n\n\n<p class=\"wp-block-paragraph\">No caso das pe\u00e7as monol\u00edticas, a morfologia e o acabamento da superf\u00edcie assumem uma responsabilidade visual ainda maior, uma vez que podem existir menos camadas internas para suavizar o aspeto.<\/p>\n\n\n\n<h3 class=\"wp-block-heading\">Zirc\u00f3nio<\/h3>\n\n\n\n<p class=\"wp-block-paragraph\">A zirc\u00f3nia pode ser escolhida quando as exig\u00eancias em termos de mascaramento ou resist\u00eancia superam os benef\u00edcios \u00f3ticos das cer\u00e2micas de vidro mais transl\u00facidas. No entanto, a recomenda\u00e7\u00e3o \u201cutilizar zirc\u00f3nia transl\u00facida\u201d continua a ser incompleta. A composi\u00e7\u00e3o da zirc\u00f3nia, a posi\u00e7\u00e3o da camada, a espessura, o substrato, a sinteriza\u00e7\u00e3o, a colora\u00e7\u00e3o e o acabamento superficial podem alterar o aspeto final.<\/p>\n\n\n\n<p class=\"wp-block-paragraph\">A dura realidade \u00e9 simples: o nome do material n\u00e3o garante o comportamento da luz natural.<\/p>\n\n\n\n<p class=\"wp-block-paragraph\">A receita ainda \u00e9 v\u00e1lida.<\/p>\n\n\n\n<h2 class=\"wp-block-heading\">Criar um ciclo de feedback fechado antes do esmalte final<\/h2>\n\n\n\n<p class=\"wp-block-paragraph\">Os casos complexos de facetas n\u00e3o devem passar da digitaliza\u00e7\u00e3o \u00e0 entrega final atrav\u00e9s de uma comunica\u00e7\u00e3o unidirecional.<\/p>\n\n\n\n<p class=\"wp-block-paragraph\">Para casos exigentes de dentes \u00fanicos centrais, com linha do sorriso alta, substrato descolorido ou sorriso completo, estabele\u00e7a pontos de verifica\u00e7\u00e3o:<\/p>\n\n\n\n<ol class=\"wp-block-list\">\n<li>Confirme se os registos est\u00e3o completos.<\/li>\n\n\n\n<li>Aprovar a estrat\u00e9gia relativa aos materiais e \u00e0 translucidez.<\/li>\n\n\n\n<li>Confirme a posi\u00e7\u00e3o da borda incisal e o contorno facial.<\/li>\n\n\n\n<li>Verifique a textura sob luz direcional antes do acabamento final.<\/li>\n\n\n\n<li>Sempre que poss\u00edvel, analise as fotografias tiradas durante os ensaios \u00aba seco\u00bb e \u00aba molhado\u00bb.<\/li>\n\n\n\n<li>Registe qualquer corre\u00e7\u00e3o solicitada por zona, e n\u00e3o atrav\u00e9s de adjetivos vagos.<\/li>\n<\/ol>\n\n\n\n<p class=\"wp-block-paragraph\">Em vez de dizer: \u201cAs facetas parecem demasiado artificiais\u201d, identifique a causa \u00f3tica:<\/p>\n\n\n\n<ul class=\"wp-block-list\">\n<li>A reflex\u00e3o facial \u00e9 demasiado ampla.<\/li>\n\n\n\n<li>O valor do corpo \u00e9 demasiado elevado.<\/li>\n\n\n\n<li>A cor do colo do \u00fatero est\u00e1 demasiado intensa.<\/li>\n\n\n\n<li>A translucidez incisal estende-se demasiado na dire\u00e7\u00e3o cervical.<\/li>\n\n\n\n<li>Os \u00e2ngulos das linhas est\u00e3o demasiado salientes no rosto.<\/li>\n\n\n\n<li>O brilho da superf\u00edcie \u00e9 demasiado uniforme.<\/li>\n\n\n\n<li>A textura \u00e9 demasiado regular.<\/li>\n\n\n\n<li>O halo incisal est\u00e1 demasiado branco.<\/li>\n\n\n\n<li>As equipas do centro n\u00e3o demonstram dom\u00ednio.<\/li>\n\n\n\n<li>Os incisivos laterais parecem visualmente demasiado volumosos.<\/li>\n<\/ul>\n\n\n\n<p class=\"wp-block-paragraph\">O feedback espec\u00edfico pode ser inventado. O feedback emocional, n\u00e3o.<\/p>\n\n\n\n<figure class=\"wp-block-image size-full\"><img decoding=\"async\" width=\"600\" height=\"600\" src=\"https:\/\/artistdentallab.com\/wp-content\/uploads\/2026\/08\/Writing-a-Veneer-Lab-Prescription-for-Natural-Texture-and-Light-Behavior-4.jpg\" alt=\"Como redigir uma prescri\u00e7\u00e3o para o laborat\u00f3rio de facetas, tendo em conta a textura natural e o comportamento da luz\" class=\"wp-image-1616\" title=\"\" srcset=\"https:\/\/artistdentallab.com\/wp-content\/uploads\/2026\/08\/Writing-a-Veneer-Lab-Prescription-for-Natural-Texture-and-Light-Behavior-4.jpg 600w, https:\/\/artistdentallab.com\/wp-content\/uploads\/2026\/08\/Writing-a-Veneer-Lab-Prescription-for-Natural-Texture-and-Light-Behavior-4-300x300.jpg 300w, https:\/\/artistdentallab.com\/wp-content\/uploads\/2026\/08\/Writing-a-Veneer-Lab-Prescription-for-Natural-Texture-and-Light-Behavior-4-150x150.jpg 150w, https:\/\/artistdentallab.com\/wp-content\/uploads\/2026\/08\/Writing-a-Veneer-Lab-Prescription-for-Natural-Texture-and-Light-Behavior-4-12x12.jpg 12w, https:\/\/artistdentallab.com\/wp-content\/uploads\/2026\/08\/Writing-a-Veneer-Lab-Prescription-for-Natural-Texture-and-Light-Behavior-4-500x500.jpg 500w, https:\/\/artistdentallab.com\/wp-content\/uploads\/2026\/08\/Writing-a-Veneer-Lab-Prescription-for-Natural-Texture-and-Light-Behavior-4-100x100.jpg 100w\" sizes=\"(max-width: 600px) 100vw, 600px\" \/><\/figure>\n\n\n\n<h2 class=\"wp-block-heading\">FAQs<\/h2>\n\n\n\n<h3 class=\"wp-block-heading\">O que deve constar numa prescri\u00e7\u00e3o de laborat\u00f3rio para facetas?<\/h3>\n\n\n\n<p class=\"wp-block-paragraph\">Uma prescri\u00e7\u00e3o de laborat\u00f3rio para facetas deve definir o objetivo cl\u00ednico, as dimens\u00f5es dos dentes, o valor-alvo, a distribui\u00e7\u00e3o da croma, a tonalidade do mon\u00e7\u00e3o, a espessura da cer\u00e2mica, a prefer\u00eancia de material, as zonas de translucidez, a caracteriza\u00e7\u00e3o interna, os \u00e2ngulos das linhas, a textura da superf\u00edcie, o n\u00edvel de brilho, os efeitos incisais, as refer\u00eancias fotogr\u00e1ficas, as instru\u00e7\u00f5es para a conce\u00e7\u00e3o provis\u00f3ria, as considera\u00e7\u00f5es relativas \u00e0 cimenta\u00e7\u00e3o e a hierarquia de aprova\u00e7\u00e3o para resolver registos contradit\u00f3rios.<\/p>\n\n\n\n<p class=\"wp-block-paragraph\">A prescri\u00e7\u00e3o deve tamb\u00e9m indicar quais as caracter\u00edsticas que o laborat\u00f3rio pode alterar e quais as que requerem a aprova\u00e7\u00e3o direta do m\u00e9dico.<\/p>\n\n\n\n<h3 class=\"wp-block-heading\">Como deve um dentista descrever a textura da superf\u00edcie de uma faceta?<\/h3>\n\n\n\n<p class=\"wp-block-paragraph\">A textura da superf\u00edcie da folha de resina deve ser descrita como uma hierarquia que inclua o contorno facial, a anatomia do desenvolvimento, a posi\u00e7\u00e3o das linhas e \u00e2ngulos, os detalhes finos do esmalte e a distribui\u00e7\u00e3o do brilho, utilizando dentes de refer\u00eancia vis\u00edveis ou pr\u00f3teses provis\u00f3rias aprovadas, em vez de termos subjetivos como \u201cjovem\u201d, \u201cnatural\u201d, \u201csuave\u201d ou \u201cde alta qualidade\u201d, que diferentes t\u00e9cnicos podem interpretar de formas completamente diferentes.<\/p>\n\n\n\n<p class=\"wp-block-paragraph\">Indique onde a textura deve aparecer, qual deve ser a sua intensidade e sob que dire\u00e7\u00e3o de ilumina\u00e7\u00e3o deve tornar-se vis\u00edvel.<\/p>\n\n\n\n<h3 class=\"wp-block-heading\">Como \u00e9 que se comunica a translucidez das facetas a um laborat\u00f3rio dent\u00e1rio?<\/h3>\n\n\n\n<p class=\"wp-block-paragraph\">A translucidez da faceta deve ser especificada atrav\u00e9s da defini\u00e7\u00e3o do comportamento \u00f3tico pretendido na regi\u00e3o cervical, no corpo e na incisal, fornecendo simultaneamente fotografias da tonalidade do mon\u00e7\u00e3o, a profundidade da prepara\u00e7\u00e3o, informa\u00e7\u00f5es sobre o substrato, a espessura da cer\u00e2mica, refer\u00eancias aos dentes adjacentes, requisitos de mascaramento, planos de cimenta\u00e7\u00e3o e fotografias com retroilumina\u00e7\u00e3o, para que o laborat\u00f3rio possa equilibrar a transmiss\u00e3o, a difus\u00e3o, opacidade, valor e caracteriza\u00e7\u00e3o interna.<\/p>\n\n\n\n<p class=\"wp-block-paragraph\">\u201cA \u201delevada translucidez\u00bb, por si s\u00f3, n\u00e3o \u00e9 suficiente, uma vez que a mesma cer\u00e2mica apresenta um comportamento diferente com espessuras de 0,5 mm e 1,0 mm.<\/p>\n\n\n\n<h3 class=\"wp-block-heading\">Que fotografias s\u00e3o necess\u00e1rias para uma prescri\u00e7\u00e3o laboratorial de facetas de porcelana?<\/h3>\n\n\n\n<p class=\"wp-block-paragraph\">Uma prescri\u00e7\u00e3o de laborat\u00f3rio para facetas de porcelana deve incluir fotografias do rosto inteiro, do sorriso completo, fotografias frontais com retra\u00e7\u00e3o, laterais com retra\u00e7\u00e3o, com amostra de cor, com cor do moncon, com polariza\u00e7\u00e3o cruzada, com luz refletida normal, de perfil e provis\u00f3rias, com exposi\u00e7\u00e3o consistente e orienta\u00e7\u00e3o de refer\u00eancia clara, para que o t\u00e9cnico possa avaliar a cor, o contorno, a inclina\u00e7\u00e3o, a textura, o brilho, a exposi\u00e7\u00e3o dent\u00e1ria e a integra\u00e7\u00e3o facial.<\/p>\n\n\n\n<p class=\"wp-block-paragraph\">No caso de uma restaura\u00e7\u00e3o anterior isolada, as fotografias macro do dente contralateral sob ilumina\u00e7\u00e3o frontal e obl\u00edqua revelam-se especialmente \u00fateis.<\/p>\n\n\n\n<h3 class=\"wp-block-heading\">Qual \u00e9 o melhor material para facetas, para obter resultados com um aspeto natural?<\/h3>\n\n\n\n<p class=\"wp-block-paragraph\">O melhor material para facetas, para se obterem resultados com aspeto natural, \u00e9 o sistema cer\u00e2mico que proporciona controlo \u00f3tico suficiente, mascaramento do substrato, \u00e1rea de superf\u00edcie adequada para a ades\u00e3o, resist\u00eancia \u00e0 fratura e flexibilidade de fabrico \u00e0 espessura real da prepara\u00e7\u00e3o, em vez do material com a alega\u00e7\u00e3o de marketing mais agressiva ou com a maior translucidez nominal.<\/p>\n\n\n\n<p class=\"wp-block-paragraph\">A porcelana feldsp\u00e1tica, o dissilicato de l\u00edtio e a zirc\u00f3nia s\u00e3o, cada um, adequados em diferentes condi\u00e7\u00f5es cl\u00ednicas.<\/p>\n\n\n\n<h3 class=\"wp-block-heading\">De que forma os \u00e2ngulos das linhas afetam o aspeto das facetas de porcelana?<\/h3>\n\n\n\n<p class=\"wp-block-paragraph\">Os \u00e2ngulos da linha de revestimento s\u00e3o limites de superf\u00edcie de transi\u00e7\u00e3o que controlam a largura e a posi\u00e7\u00e3o do reflexo facial principal, o que significa que os \u00e2ngulos de linha voltados para o interior podem fazer com que um dente pare\u00e7a mais estreito, enquanto os \u00e2ngulos de linha voltados para o exterior podem faz\u00ea-lo parecer mais largo, mesmo quando as dimens\u00f5es mesiodistais f\u00edsicas da restaura\u00e7\u00e3o permanecem praticamente inalteradas.<\/p>\n\n\n\n<p class=\"wp-block-paragraph\">Devem ser comunicadas atrav\u00e9s de fotografias, esbo\u00e7os, digitaliza\u00e7\u00f5es ou imagens de desenhos assinaladas, em vez de apenas texto.<\/p>\n\n\n\n<h3 class=\"wp-block-heading\">Por que \u00e9 que as facetas com a tonalidade correta continuam a parecer demasiado brancas?<\/h3>\n\n\n\n<p class=\"wp-block-paragraph\">As facetas com tonalidade correta podem, mesmo assim, parecer demasiado brancas quando o seu contorno facial \u00e9 demasiado largo, o valor \u00e9 excessivo, o brilho da superf\u00edcie \u00e9 uniforme, a textura \u00e9 insuficiente, os \u00e2ngulos das linhas est\u00e3o posicionados demasiado para o exterior, a espessura da cer\u00e2mica difere da espessura planeada ou o cimento de resina e o mon\u00e7\u00e3o subjacente aumentam o brilho da restaura\u00e7\u00e3o final.<\/p>\n\n\n\n<p class=\"wp-block-paragraph\">A correspond\u00eancia de tonalidades falha quando a equipa trata a cor, o contorno e o reflexo como problemas distintos.<\/p>\n\n\n\n<h3 class=\"wp-block-heading\">Um t\u00e9cnico dent\u00e1rio pode reproduzir a textura do dente adjacente?<\/h3>\n\n\n\n<p class=\"wp-block-paragraph\">Um t\u00e9cnico dent\u00e1rio pode copiar a textura de um dente adjacente quando o m\u00e9dico fornece fotografias n\u00edtidas frontais, obl\u00edquas, com polariza\u00e7\u00e3o cruzada e \u00e0 luz refletida, mas o padr\u00e3o copiado deve ainda ser ajustado em fun\u00e7\u00e3o do tamanho do dente revestido, da convexidade facial, do desgaste, da posi\u00e7\u00e3o, da espessura da cer\u00e2mica, dos \u00e2ngulos das linhas e do brilho pretendido, em vez de ser transferido como um mapa de superf\u00edcie id\u00eantico.<\/p>\n\n\n\n<p class=\"wp-block-paragraph\">O objetivo \u00e9 a integra\u00e7\u00e3o \u00f3tica, e n\u00e3o a duplica\u00e7\u00e3o mec\u00e2nica.<\/p>\n\n\n\n<h2 class=\"wp-block-heading\">Considera\u00e7\u00f5es finais: Envie um resumo de fabrico, n\u00e3o uma tonalidade<\/h2>\n\n\n\n<p class=\"wp-block-paragraph\">Um folheado natural n\u00e3o se obt\u00e9m adicionando translucidez aleat\u00f3ria, esculpindo ranhuras e aplicando um acabamento brilhante.<\/p>\n\n\n\n<p class=\"wp-block-paragraph\">\u00c9 criado quando a cl\u00ednica e o laborat\u00f3rio chegam a acordo sobre a forma como o dente deve reagir \u00e0 luz.<\/p>\n\n\n\n<p class=\"wp-block-paragraph\">Indique o valor por zona. Registe a tonalidade do toco. Indique a espessura dispon\u00edvel. Defina a largura da reflex\u00e3o. Descreva os \u00e2ngulos das linhas. Explique onde a textura deve aparecer e onde deve desaparecer. Forne\u00e7a fotografias tanto com luz polarizada como com luz refletida. Identifique quais as caracter\u00edsticas provis\u00f3rias que foram aprovadas. E informe o laborat\u00f3rio sobre o que n\u00e3o deve ser alterado sem antes ter sido discutido.<\/p>\n\n\n\n<p class=\"wp-block-paragraph\">Antes de enviar o seu pr\u00f3ximo caso anterior, reveja a prescri\u00e7\u00e3o do ponto de vista do t\u00e9cnico de cer\u00e2mica. Elimine todas as palavras que se baseiem em suposi\u00e7\u00f5es. Substitua-as por uma fotografia, uma medi\u00e7\u00e3o, uma hierarquia, uma compara\u00e7\u00e3o ou uma instru\u00e7\u00e3o \u00f3tica verific\u00e1vel.<\/p>\n\n\n\n<p class=\"wp-block-paragraph\">Em seguida, envie o processo para <a href=\"https:\/\/artistdentallab.com\/pt\/\">Laborat\u00f3rio dent\u00e1rio de artistas<\/a> para o planeamento de materiais, a fabrica\u00e7\u00e3o de facetas e o feedback do t\u00e9cnico com base no substrato real, no plano de prepara\u00e7\u00e3o, no objetivo est\u00e9tico e nos registos cl\u00ednicos.<\/p>","protected":false},"excerpt":{"rendered":"<p>O c\u00f3digo de cor de uma faceta n\u00e3o \u00e9 uma prescri\u00e7\u00e3o est\u00e9tica. Este guia mostra aos dentistas como comunicar a textura da superf\u00edcie, as zonas \u00f3ticas, a espessura da cer\u00e2mica, a cor do monconho, a translucidez, os \u00e2ngulos das linhas, o brilho e as refer\u00eancias fotogr\u00e1ficas, para que o laborat\u00f3rio possa fabricar facetas que se comportem como o esmalte natural sob luz vari\u00e1vel.<\/p>","protected":false},"author":1,"featured_media":1613,"comment_status":"open","ping_status":"open","sticky":false,"template":"","format":"standard","meta":{"footnotes":""},"categories":[1],"tags":[613,611,612,579,483],"class_list":["post-1612","post","type-post","status-publish","format-standard","has-post-thumbnail","hentry","category-buyer-guides","tag-dental-ceramic-optical-properties","tag-dental-veneer-prescription","tag-veneer-lab-prescription","tag-veneer-surface-texture","tag-veneer-translucency"],"blocksy_meta":{"styles_descriptor":{"styles":{"desktop":"","tablet":"","mobile":""},"google_fonts":[],"version":7}},"_links":{"self":[{"href":"https:\/\/artistdentallab.com\/pt\/wp-json\/wp\/v2\/posts\/1612","targetHints":{"allow":["GET"]}}],"collection":[{"href":"https:\/\/artistdentallab.com\/pt\/wp-json\/wp\/v2\/posts"}],"about":[{"href":"https:\/\/artistdentallab.com\/pt\/wp-json\/wp\/v2\/types\/post"}],"author":[{"embeddable":true,"href":"https:\/\/artistdentallab.com\/pt\/wp-json\/wp\/v2\/users\/1"}],"replies":[{"embeddable":true,"href":"https:\/\/artistdentallab.com\/pt\/wp-json\/wp\/v2\/comments?post=1612"}],"version-history":[{"count":1,"href":"https:\/\/artistdentallab.com\/pt\/wp-json\/wp\/v2\/posts\/1612\/revisions"}],"predecessor-version":[{"id":1617,"href":"https:\/\/artistdentallab.com\/pt\/wp-json\/wp\/v2\/posts\/1612\/revisions\/1617"}],"wp:featuredmedia":[{"embeddable":true,"href":"https:\/\/artistdentallab.com\/pt\/wp-json\/wp\/v2\/media\/1613"}],"wp:attachment":[{"href":"https:\/\/artistdentallab.com\/pt\/wp-json\/wp\/v2\/media?parent=1612"}],"wp:term":[{"taxonomy":"category","embeddable":true,"href":"https:\/\/artistdentallab.com\/pt\/wp-json\/wp\/v2\/categories?post=1612"},{"taxonomy":"post_tag","embeddable":true,"href":"https:\/\/artistdentallab.com\/pt\/wp-json\/wp\/v2\/tags?post=1612"}],"curies":[{"name":"wp","href":"https:\/\/api.w.org\/{rel}","templated":true}]}}