{"id":1620,"date":"2026-08-04T03:32:47","date_gmt":"2026-08-04T03:32:47","guid":{"rendered":"https:\/\/artistdentallab.com\/"},"modified":"2026-08-04T03:37:30","modified_gmt":"2026-08-04T03:37:30","slug":"veneer-preparation-for-protrusive-teeth-managing-profile-and-lip-support","status":"publish","type":"post","link":"https:\/\/artistdentallab.com\/pt\/veneer-preparation-for-protrusive-teeth-managing-profile-and-lip-support\/","title":{"rendered":"Prepara\u00e7\u00e3o de facetas para dentes protru\u00eddos: gest\u00e3o do perfil e do apoio labial"},"content":{"rendered":"<p class=\"wp-block-paragraph\">O perfil vem em primeiro lugar.<\/p>\n\n\n\n<p class=\"wp-block-paragraph\">Quando os incisivos maxilares j\u00e1 se encontram posicionados facialmente, a adi\u00e7\u00e3o de uma camada de cer\u00e2mica, mesmo que fina, pode aumentar a proje\u00e7\u00e3o aparente dos dentes, empurrar o l\u00e1bio para a frente, engrossar o contorno cervical e transformar um caso de facetas tecnicamente preciso num desequil\u00edbrio facial evidente.<\/p>\n\n\n\n<p class=\"wp-block-paragraph\">Por que raz\u00e3o a adi\u00e7\u00e3o de material resolveria automaticamente um problema de volume?<\/p>\n\n\n\n<p class=\"wp-block-paragraph\">N\u00e3o \u00e9 verdade.<\/p>\n\n\n\n<p class=\"wp-block-paragraph\">Essa \u00e9 a dura realidade por tr\u00e1s da prepara\u00e7\u00e3o de facetas de porcelana para dentes protrusivos. As facetas podem alterar a forma vis\u00edvel da coroa, fechar espa\u00e7os espec\u00edficos, atenuar rota\u00e7\u00f5es, alterar os \u00e2ngulos das linhas e reduzir visualmente a largura aparente. Mas n\u00e3o movem as ra\u00edzes. N\u00e3o corrigem uma discrep\u00e2ncia esquel\u00e9tica. E n\u00e3o podem garantir a retra\u00e7\u00e3o labial quando os incisivos subjacentes permanecem na mesma posi\u00e7\u00e3o.<\/p>\n\n\n\n<p class=\"wp-block-paragraph\">Tenho uma opini\u00e3o firme sobre isto: um caso de facetas n\u00e3o deve ser considerado conservador apenas porque a profundidade de prepara\u00e7\u00e3o \u00e9 reduzida. Uma restaura\u00e7\u00e3o sem prepara\u00e7\u00e3o que torne um dente j\u00e1 proeminente ainda mais proeminente pode conservar o esmalte, mas prejudicar o resultado est\u00e9tico facial.<\/p>\n\n\n\n<p class=\"wp-block-paragraph\">Uma verdadeira conserva\u00e7\u00e3o exige o controlo tanto da biologia como do volume.<\/p>\n\n\n\n<figure class=\"wp-block-image size-large\"><img fetchpriority=\"high\" decoding=\"async\" width=\"1024\" height=\"572\" src=\"https:\/\/artistdentallab.com\/wp-content\/uploads\/2026\/08\/Veneer-Preparation-for-Protrusive-Teeth-Managing-Profile-and-Lip-Support-2-1024x572.jpg\" alt=\"Prepara\u00e7\u00e3o de facetas para dentes protru\u00eddos: gest\u00e3o do perfil e do apoio labial\" class=\"wp-image-1622\" title=\"\" srcset=\"https:\/\/artistdentallab.com\/wp-content\/uploads\/2026\/08\/Veneer-Preparation-for-Protrusive-Teeth-Managing-Profile-and-Lip-Support-2-1024x572.jpg 1024w, https:\/\/artistdentallab.com\/wp-content\/uploads\/2026\/08\/Veneer-Preparation-for-Protrusive-Teeth-Managing-Profile-and-Lip-Support-2-300x168.jpg 300w, https:\/\/artistdentallab.com\/wp-content\/uploads\/2026\/08\/Veneer-Preparation-for-Protrusive-Teeth-Managing-Profile-and-Lip-Support-2-768x429.jpg 768w, https:\/\/artistdentallab.com\/wp-content\/uploads\/2026\/08\/Veneer-Preparation-for-Protrusive-Teeth-Managing-Profile-and-Lip-Support-2-18x10.jpg 18w, https:\/\/artistdentallab.com\/wp-content\/uploads\/2026\/08\/Veneer-Preparation-for-Protrusive-Teeth-Managing-Profile-and-Lip-Support-2-500x279.jpg 500w, https:\/\/artistdentallab.com\/wp-content\/uploads\/2026\/08\/Veneer-Preparation-for-Protrusive-Teeth-Managing-Profile-and-Lip-Support-2-600x335.jpg 600w, https:\/\/artistdentallab.com\/wp-content\/uploads\/2026\/08\/Veneer-Preparation-for-Protrusive-Teeth-Managing-Profile-and-Lip-Support-2.jpg 1200w\" sizes=\"(max-width: 1024px) 100vw, 1024px\" \/><\/figure>\n\n\n\n<h2 class=\"wp-block-heading\">Os dentes salientes s\u00e3o um problema tridimensional<\/h2>\n\n\n\n<p class=\"wp-block-paragraph\">\u201cA express\u00e3o \u201ddentes salientes\u00bb pode referir-se a v\u00e1rias condi\u00e7\u00f5es muito diferentes:<\/p>\n\n\n\n<ul class=\"wp-block-list\">\n<li>Uma raiz com posicionamento normal e uma coroa proeminente na face<\/li>\n\n\n\n<li>Proclina\u00e7\u00e3o ligeira dos incisivos<\/li>\n\n\n\n<li>Proclina\u00e7\u00e3o dentoalveolar grave<\/li>\n\n\n\n<li>Protrus\u00e3o bimaxilar<\/li>\n\n\n\n<li>Aglomera\u00e7\u00e3o que faz com que parte da coroa gire na dire\u00e7\u00e3o facial<\/li>\n\n\n\n<li>Espa\u00e7amento combinado com a inclina\u00e7\u00e3o labial<\/li>\n\n\n\n<li>Uma restaura\u00e7\u00e3o existente espessa ou com contornos excessivos<\/li>\n\n\n\n<li>Um padr\u00e3o esquel\u00e9tico que cria um perfil convexo<\/li>\n\n\n\n<li>Incompet\u00eancia labial relacionada com a posi\u00e7\u00e3o dos dentes, a forma esquel\u00e9tica ou o comportamento dos tecidos moles<\/li>\n<\/ul>\n\n\n\n<p class=\"wp-block-paragraph\">Estas condi\u00e7\u00f5es n\u00e3o devem ser submetidas \u00e0 mesma prepara\u00e7\u00e3o da face dent\u00e1ria.<\/p>\n\n\n\n<p class=\"wp-block-paragraph\">Um doente pode apresentar dentes com aspeto reto numa fotografia frontal, mas revelar uma proje\u00e7\u00e3o excessiva de perfil. Outro pode apresentar uma proclina\u00e7\u00e3o evidente, mas um l\u00e1bio espesso e bem sustentado que a disfar\u00e7a. Um terceiro pode ter apenas um incisivo lateral deslocado na face.<\/p>\n\n\n\n<p class=\"wp-block-paragraph\">A fotografia mente com facilidade.<\/p>\n\n\n\n<p class=\"wp-block-paragraph\">As vistas de perfil, as vistas de tr\u00eas quartos, as digitaliza\u00e7\u00f5es intraorais, a informa\u00e7\u00e3o cefalom\u00e9trica quando indicada, a postura dos l\u00e1bios em repouso, a fala natural, o sorriso m\u00e1ximo, o sobremordida, a posi\u00e7\u00e3o radicular e o envelope de esmalte existente s\u00e3o fatores que influenciam o diagn\u00f3stico.<\/p>\n\n\n\n<p class=\"wp-block-paragraph\">Um estudo experimental tridimensional realizado em 2025 utilizou adi\u00e7\u00f5es tempor\u00e1rias de acr\u00edlico para simular a protrus\u00e3o dos incisivos em dez adultos jovens. Os investigadores constataram uma rela\u00e7\u00e3o quase linear entre a espessura adicionada e o deslocamento dos tecidos moles periorais. A protrus\u00e3o isolada dos incisivos superiores deslocou um ponto de refer\u00eancia do l\u00e1bio superior em aproximadamente <strong>0,65 mm por cada 1 mm de avan\u00e7o simulado<\/strong>, enquanto a protrus\u00e3o combinada dos incisivos superiores e inferiores provocou um deslocamento do l\u00e1bio inferior de aproximadamente <strong>0,76 mm por mil\u00edmetro<\/strong>. A resposta individual continuava a variar consoante a espessura dos l\u00e1bios e a anatomia.<\/p>\n\n\n\n<p class=\"wp-block-paragraph\">Isso n\u00e3o proporciona aos m\u00e9dicos uma f\u00f3rmula de convers\u00e3o universal. Demonstra, sim, algo mais \u00fatil: pequenas altera\u00e7\u00f5es no volume dent\u00e1rio facial podem produzir altera\u00e7\u00f5es mensur\u00e1veis nos l\u00e1bios.<\/p>\n\n\n\n<p class=\"wp-block-paragraph\">A espessura da cer\u00e2mica \u00e9 importante.<\/p>\n\n\n\n<h2 class=\"wp-block-heading\">As facetas podem corrigir dentes salientes ou inclinados para a frente?<\/h2>\n\n\n\n<p class=\"wp-block-paragraph\">As facetas podem corrigir a apar\u00eancia de determinados dentes ligeiramente protrusivos, desde que a restaura\u00e7\u00e3o planeada se mantenha dentro de um envelope facial aceit\u00e1vel. S\u00e3o, no entanto, muito menos convincentes quando o doente espera um deslocamento radicular, uma retrac\u00e7\u00e3o labial significativa, a corre\u00e7\u00e3o de um sobremordida grave ou a elimina\u00e7\u00e3o de um perfil convexo.<\/p>\n\n\n\n<p class=\"wp-block-paragraph\">Esta distin\u00e7\u00e3o \u00e9 frequentemente pouco clara durante as consultas de medicina est\u00e9tica.<\/p>\n\n\n\n<h3 class=\"wp-block-heading\">O que as facetas podem mudar<\/h3>\n\n\n\n<p class=\"wp-block-paragraph\">Uma faceta cuidadosamente planeada pode alterar:<\/p>\n\n\n\n<ul class=\"wp-block-list\">\n<li>Inclina\u00e7\u00e3o vis\u00edvel da coroa<\/li>\n\n\n\n<li>Convexidade facial<\/li>\n\n\n\n<li>\u00c2ngulos das linhas de transi\u00e7\u00e3o<\/li>\n\n\n\n<li>Largura aparente do dente<\/li>\n\n\n\n<li>Posi\u00e7\u00e3o da borda incisal<\/li>\n\n\n\n<li>Comprimento do dente<\/li>\n\n\n\n<li>Posi\u00e7\u00e3o de contacto<\/li>\n\n\n\n<li>Progress\u00e3o da embreadura<\/li>\n\n\n\n<li>Textura da superf\u00edcie e reflex\u00e3o da luz<\/li>\n\n\n\n<li>Espa\u00e7o ou rota\u00e7\u00e3o limitados<\/li>\n\n\n\n<li>A rela\u00e7\u00e3o visual entre os incisivos centrais e laterais<\/li>\n<\/ul>\n\n\n\n<p class=\"wp-block-paragraph\">O laborat\u00f3rio pode fazer com que um dente largo pare\u00e7a mais estreito, deslocando os \u00e2ngulos da linha refletora para o interior. Essa abordagem \u00e9 explicada no guia da Artist Dental Lab sobre <a href=\"https:\/\/artistdentallab.com\/pt\/transitional-line-angles-in-veneers-the-hidden-tool-for-optical-contouring\/\">\u00e2ngulos de linha de transi\u00e7\u00e3o e contorno \u00f3tico<\/a>. Altera a perce\u00e7\u00e3o visual sem exigir uma redu\u00e7\u00e3o f\u00edsica igualmente significativa na largura do dente.<\/p>\n\n\n\n<h3 class=\"wp-block-heading\">O que as facetas n\u00e3o conseguem alterar<\/h3>\n\n\n\n<p class=\"wp-block-paragraph\">Uma faceta n\u00e3o consegue, de forma previs\u00edvel:<\/p>\n\n\n\n<ul class=\"wp-block-list\">\n<li>Retratar a raiz de um incisivo<\/li>\n\n\n\n<li>Reduzir a proemin\u00eancia esquel\u00e9tica do maxilar superior<\/li>\n\n\n\n<li>Corrigir uma protrus\u00e3o bimaxilar grave<\/li>\n\n\n\n<li>Eliminar a incompet\u00eancia labial causada pela posi\u00e7\u00e3o dos dentes ou da mand\u00edbula<\/li>\n\n\n\n<li>Criar espa\u00e7o ortod\u00f4ntico<\/li>\n\n\n\n<li>Corrigir um sobremordida inst\u00e1vel<\/li>\n\n\n\n<li>Deslocar toda a arcada dent\u00e1ria para tr\u00e1s<\/li>\n\n\n\n<li>Garantir um perfil mais plano<\/li>\n<\/ul>\n\n\n\n<p class=\"wp-block-paragraph\">Isto \u00e9 importante porque as facetas para dentes inclinados para a frente s\u00e3o, por vezes, comercializadas como \u201cortodontia instant\u00e2nea\u201d. N\u00e3o gosto desse termo. Sugere um movimento biol\u00f3gico quando, na realidade, o que ocorre \u00e9 apenas uma camuflagem restauradora.<\/p>\n\n\n\n<p class=\"wp-block-paragraph\">Em casos espec\u00edficos, a camuflagem funciona. Um relato de caso de 2025 documentou a utiliza\u00e7\u00e3o de facetas de dissilicato de l\u00edtio numa mulher de 37 anos com espa\u00e7amento anterior e proclina\u00e7\u00e3o. O resultado relatado foi favor\u00e1vel ap\u00f3s uma prepara\u00e7\u00e3o conservadora e um planeamento estruturado. No entanto, tratou-se de uma \u00fanica paciente, n\u00e3o constituindo uma autoriza\u00e7\u00e3o para tratar todos os casos de protrus\u00e3o com cer\u00e2mica.<\/p>\n\n\n\n<p class=\"wp-block-paragraph\">Os relatos de casos demonstram essa possibilidade.<\/p>\n\n\n\n<p class=\"wp-block-paragraph\">N\u00e3o garantem a previsibilidade.<\/p>\n\n\n\n<h2 class=\"wp-block-heading\">Facetas, ortodontia ou tratamento combinado?<\/h2>\n\n\n\n<p class=\"wp-block-paragraph\">A pergunta certa n\u00e3o \u00e9: \u201cSer\u00e1 que se consegue colocar uma faceta neste dente?\u201d<\/p>\n\n\n\n<p class=\"wp-block-paragraph\">Quase tudo pode ser adaptado, desde que se fa\u00e7a uma redu\u00e7\u00e3o suficiente.<\/p>\n\n\n\n<p class=\"wp-block-paragraph\">A melhor pergunta \u00e9: \u201cSer\u00e1 que o contorno final proposto pode melhorar o sorriso e o perfil, preservando ao mesmo tempo uma quantidade razo\u00e1vel de esmalte?\u201d<\/p>\n\n\n\n<figure class=\"wp-block-table\"><table class=\"has-fixed-layout\"><thead><tr><th>Condi\u00e7\u00e3o cl\u00ednica<\/th><th>Problema principal<\/th><th>Perspetiva baseada apenas nas apar\u00eancias<\/th><th>Rota mais f\u00e1cil de defender<\/th><\/tr><\/thead><tbody><tr><td>Ligeira proemin\u00eancia da coroa facial com posi\u00e7\u00e3o radicular favor\u00e1vel<\/td><td>Forma e reflexo da coroa<\/td><td>Potencialmente adequado ap\u00f3s testes com prot\u00f3tipos<\/td><td>Facetas conservadoras orientadas por maquete<\/td><\/tr><tr><td>Espa\u00e7amento ligeiro com proclina\u00e7\u00e3o limitada e oclus\u00e3o est\u00e1vel<\/td><td>Distribui\u00e7\u00e3o do espa\u00e7o e forma da coroa<\/td><td>Poss\u00edvel em casos espec\u00edficos<\/td><td>Facetas ap\u00f3s verifica\u00e7\u00e3o facial e funcional<\/td><\/tr><tr><td>Proclina\u00e7\u00e3o moderada ou grave dos incisivos<\/td><td>Posi\u00e7\u00e3o do dente e da raiz<\/td><td>Risco elevado de contorno excessivo ou de redu\u00e7\u00e3o<\/td><td>Ortodontia antes do tratamento restaurador<\/td><\/tr><tr><td>Protrus\u00e3o bimaxilar com incompet\u00eancia labial<\/td><td>Os arcos e o perfil dos tecidos moles<\/td><td>Indica\u00e7\u00e3o inadequada para o uso exclusivo de facetas<\/td><td>Avalia\u00e7\u00e3o ortod\u00f4ntica ou ortod\u00f4ntico-cir\u00fargica<\/td><\/tr><tr><td>Um dente anterior deslocado na face<\/td><td>Discrep\u00e2ncia na posi\u00e7\u00e3o local<\/td><td>Depende do caso<\/td><td>Ortodontia limitada, tratamento restaurador ou ambos<\/td><\/tr><tr><td>Substrato escuro num dente j\u00e1 com les\u00e3o facial<\/td><td>Uso de m\u00e1scara e espa\u00e7o limitado<\/td><td>Risco elevado de prepara\u00e7\u00e3o e de volume<\/td><td>Corre\u00e7\u00e3o da posi\u00e7\u00e3o, reavalia\u00e7\u00e3o do material ou plano de restaura\u00e7\u00e3o mais abrangente<\/td><\/tr><tr><td>Mordida profunda, contacto de borda a borda ou parafun\u00e7\u00e3o grave<\/td><td>Carga funcional<\/td><td>Risco elevado de fratura e descolamento<\/td><td>Corre\u00e7\u00e3o oclusal ou ortod\u00f4ntica antes da coloca\u00e7\u00e3o de facetas<\/td><\/tr><tr><td>O doente solicita uma retra\u00e7\u00e3o labial vis\u00edvel<\/td><td>Perfil dos tecidos moles<\/td><td>As facetas n\u00e3o garantem o resultado pretendido<\/td><td>Avalia\u00e7\u00e3o ortod\u00f4ntica e consentimento informado<\/td><\/tr><\/tbody><\/table><\/figure>\n\n\n\n<p class=\"wp-block-paragraph\">O tratamento ortod\u00f4ntico altera a base. As facetas alteram a superf\u00edcie.<\/p>\n\n\n\n<p class=\"wp-block-paragraph\">Um estudo ortod\u00f4ntico prospetivo realizado em adultos com protrus\u00e3o bimaxilar de Classe I revelou a retra\u00e7\u00e3o dos incisivos e dos l\u00e1bios, um aumento do \u00e2ngulo nasolabial e uma redu\u00e7\u00e3o da convexidade perioral ap\u00f3s o tratamento. Trata-se de altera\u00e7\u00f5es no perfil resultantes do deslocamento dos dentes, e n\u00e3o da remodela\u00e7\u00e3o das suas superf\u00edcies faciais.<\/p>\n\n\n\n<p class=\"wp-block-paragraph\">Assim, quando a prioridade de um doente \u00e9 a posi\u00e7\u00e3o dos l\u00e1bios, em vez da cor ou da forma dos dentes, a opini\u00e3o de um ortodontista n\u00e3o \u00e9 um inconveniente. Faz parte de um diagn\u00f3stico honesto.<\/p>\n\n\n\n<h2 class=\"wp-block-heading\">A prepara\u00e7\u00e3o das facetas de porcelana deve come\u00e7ar pelo contorno final<\/h2>\n\n\n\n<p class=\"wp-block-paragraph\">A prepara\u00e7\u00e3o tradicional come\u00e7a pelo dente.<\/p>\n\n\n\n<p class=\"wp-block-paragraph\">Uma prepara\u00e7\u00e3o defens\u00e1vel come\u00e7a com o resultado aprovado.<\/p>\n\n\n\n<p class=\"wp-block-paragraph\">No caso de dentes protrusivos, n\u00e3o recomendaria utilizar brocas gen\u00e9ricas de corte profundo na superf\u00edcie facial n\u00e3o tratada, partindo do princ\u00edpio de que uma redu\u00e7\u00e3o padr\u00e3o ir\u00e1 criar espa\u00e7o suficiente. A superf\u00edcie existente pode j\u00e1 estar demasiado avan\u00e7ada na face. Seguir essa abordagem limita-se a reproduzir o problema numa escala ligeiramente menor.<\/p>\n\n\n\n<p class=\"wp-block-paragraph\">A sequ\u00eancia deve ser invertida:<\/p>\n\n\n\n<ol class=\"wp-block-list\">\n<li>Determinar a posi\u00e7\u00e3o facial e incisal aceit\u00e1vel.<\/li>\n\n\n\n<li>Crie um modelo de cera de diagn\u00f3stico ou um projeto digital.<\/li>\n\n\n\n<li>Transfira-o para uma maquete f\u00edsica.<\/li>\n\n\n\n<li>Avaliar o perfil do doente, a postura dos l\u00e1bios, a fala, o sorriso e a oclus\u00e3o.<\/li>\n\n\n\n<li>Ajuste o contorno proposto.<\/li>\n\n\n\n<li>Prepare-se utilizando o modelo aprovado.<\/li>\n\n\n\n<li>Verifique o esmalte remanescente e o espa\u00e7o para a restaura\u00e7\u00e3o.<\/li>\n\n\n\n<li>Digitalize novamente a prepara\u00e7\u00e3o e o projeto aprovado separadamente.<\/li>\n<\/ol>\n\n\n\n<p class=\"wp-block-paragraph\">\u00c9 por isso que a estrutura do site para <a href=\"https:\/\/artistdentallab.com\/pt\/the-five-esthetic-goals-every-veneer-case-should-define-before-design\/\">cinco objetivos mensur\u00e1veis no design de folheados<\/a> come\u00e7a pela integra\u00e7\u00e3o facial, pela propor\u00e7\u00e3o dent\u00e1ria, pela arquitetura gengival, pela identidade \u00f3tica e pela fun\u00e7\u00e3o, em vez de pela sele\u00e7\u00e3o da cer\u00e2mica.<\/p>\n\n\n\n<h3 class=\"wp-block-heading\">Reduz o dente que existe, n\u00e3o o dente que gostarias que existisse<\/h3>\n\n\n\n<p class=\"wp-block-paragraph\">A redu\u00e7\u00e3o facial poder\u00e1 variar consoante a regi\u00e3o.<\/p>\n\n\n\n<p class=\"wp-block-paragraph\">Um dente com proemin\u00eancia cervical pode exigir uma redu\u00e7\u00e3o mais controlada no ter\u00e7o cervical ou m\u00e9dio. Um ter\u00e7o incisal que j\u00e1 se projete excessivamente pode necessitar de um tra\u00e7ado de prepara\u00e7\u00e3o e de uma transi\u00e7\u00e3o facial diferentes. Um dente rodado pode exigir uma prepara\u00e7\u00e3o assim\u00e9trica.<\/p>\n\n\n\n<p class=\"wp-block-paragraph\">A prepara\u00e7\u00e3o uniforme nem sempre \u00e9 uma prepara\u00e7\u00e3o conservadora.<\/p>\n\n\n\n<p class=\"wp-block-paragraph\">No entanto, uma redu\u00e7\u00e3o agressiva cria um problema pr\u00f3prio: a exposi\u00e7\u00e3o da dentina.<\/p>\n\n\n\n<p class=\"wp-block-paragraph\">Uma revis\u00e3o sistem\u00e1tica e meta-an\u00e1lise publicada em 2024 indicou que, aproximadamente, <strong>Sobreviv\u00eancia do 99% e sucesso do 99%<\/strong>, com intervalos relatados de <strong>98% a 100%<\/strong>, no caso das facetas coladas ao esmalte nos estudos cl\u00ednicos inclu\u00eddos. Os resultados foram menos favor\u00e1veis quando o substrato de colagem se afastou do esmalte.<\/p>\n\n\n\n<p class=\"wp-block-paragraph\">Este n\u00famero n\u00e3o deve ser utilizado como promessa de vendas. As popula\u00e7\u00f5es estudadas, os materiais, os per\u00edodos de acompanhamento, a compet\u00eancia dos operadores, a oclus\u00e3o e as defini\u00e7\u00f5es de insucesso variam.<\/p>\n\n\n\n<p class=\"wp-block-paragraph\">Ainda assim, \u00e9 dif\u00edcil ignorar essa tend\u00eancia.<\/p>\n\n\n\n<p class=\"wp-block-paragraph\">O esmalte \u00e9 valioso.<\/p>\n\n\n\n<h3 class=\"wp-block-heading\">O m\u00e9todo \u00absem prepara\u00e7\u00e3o\u00bb n\u00e3o \u00e9, por si s\u00f3, o melhor desenho de faceta<\/h3>\n\n\n\n<p class=\"wp-block-paragraph\">As facetas sem prepara\u00e7\u00e3o atraem os doentes porque parecem ser revers\u00edveis, indolores e biologicamente compat\u00edveis. Em casos favor\u00e1veis, as abordagens com prepara\u00e7\u00e3o m\u00ednima e sem prepara\u00e7\u00e3o podem apresentar bons resultados.<\/p>\n\n\n\n<p class=\"wp-block-paragraph\">No entanto, os dentes salientes n\u00e3o s\u00e3o, normalmente, casos em que o volume seja um fator favor\u00e1vel.<\/p>\n\n\n\n<p class=\"wp-block-paragraph\">Um estudo prospetivo acompanhou <strong>186 facetas convencionais e sem prepara\u00e7\u00e3o ou minimamente invasivas em 35 doentes, durante um per\u00edodo m\u00e9dio de nove anos<\/strong>. \u00c9 importante referir que os investigadores exclu\u00edram do estudo os doentes com tecido duro insuficiente, descolora\u00e7\u00e3o grave e outras condi\u00e7\u00f5es que pudessem comprometer o isolamento ou a ades\u00e3o.<\/p>\n\n\n\n<p class=\"wp-block-paragraph\">Esse pormenor da sele\u00e7\u00e3o \u00e9 importante.<\/p>\n\n\n\n<p class=\"wp-block-paragraph\">Os bons resultados obtidos em casos selecionados de prepara\u00e7\u00e3o m\u00ednima n\u00e3o comprovam que se deva adicionar cer\u00e2mica a um dente cujo perfil j\u00e1 seja excessivo. A an\u00e1lise do Artist Dental Lab sobre <a href=\"https:\/\/artistdentallab.com\/pt\/ultra-thin-veneers-when-less-ceramic-creates-more-natural-esthetics\/\">limita\u00e7\u00f5es do revestimento ultrafino<\/a> apresenta a mesma observa\u00e7\u00e3o pr\u00e1tica: a redu\u00e7\u00e3o da espessura da cer\u00e2mica diminui o espa\u00e7o dispon\u00edvel para o mascaramento, a corre\u00e7\u00e3o de contornos e os ajustes t\u00e9cnicos.<\/p>\n\n\n\n<p class=\"wp-block-paragraph\">\u00abMagro\u00bb \u00e9 uma dimens\u00e3o.<\/p>\n\n\n\n<p class=\"wp-block-paragraph\">\u00abConservador\u00bb \u00e9 um resultado.<\/p>\n\n\n\n<figure class=\"wp-block-image size-full\"><img decoding=\"async\" width=\"800\" height=\"533\" src=\"https:\/\/artistdentallab.com\/wp-content\/uploads\/2026\/08\/Veneer-Preparation-for-Protrusive-Teeth-Managing-Profile-and-Lip-Support-3.jpg\" alt=\"Prepara\u00e7\u00e3o de facetas para dentes protru\u00eddos: gest\u00e3o do perfil e do apoio labial\" class=\"wp-image-1623\" title=\"\" srcset=\"https:\/\/artistdentallab.com\/wp-content\/uploads\/2026\/08\/Veneer-Preparation-for-Protrusive-Teeth-Managing-Profile-and-Lip-Support-3.jpg 800w, https:\/\/artistdentallab.com\/wp-content\/uploads\/2026\/08\/Veneer-Preparation-for-Protrusive-Teeth-Managing-Profile-and-Lip-Support-3-300x200.jpg 300w, https:\/\/artistdentallab.com\/wp-content\/uploads\/2026\/08\/Veneer-Preparation-for-Protrusive-Teeth-Managing-Profile-and-Lip-Support-3-768x512.jpg 768w, https:\/\/artistdentallab.com\/wp-content\/uploads\/2026\/08\/Veneer-Preparation-for-Protrusive-Teeth-Managing-Profile-and-Lip-Support-3-18x12.jpg 18w, https:\/\/artistdentallab.com\/wp-content\/uploads\/2026\/08\/Veneer-Preparation-for-Protrusive-Teeth-Managing-Profile-and-Lip-Support-3-500x333.jpg 500w, https:\/\/artistdentallab.com\/wp-content\/uploads\/2026\/08\/Veneer-Preparation-for-Protrusive-Teeth-Managing-Profile-and-Lip-Support-3-600x400.jpg 600w\" sizes=\"(max-width: 800px) 100vw, 800px\" \/><\/figure>\n\n\n\n<h2 class=\"wp-block-heading\">O apoio labial deve ser testado em movimento<\/h2>\n\n\n\n<p class=\"wp-block-paragraph\">O apoio labial na medicina dent\u00e1ria est\u00e9tica \u00e9 frequentemente abordado como se se tratasse de uma simples compara\u00e7\u00e3o entre o \u00abantes\u00bb e o \u00abdepois\u00bb.<\/p>\n\n\n\n<p class=\"wp-block-paragraph\">N\u00e3o \u00e9.<\/p>\n\n\n\n<p class=\"wp-block-paragraph\">A postura dos l\u00e1bios \u00e9 influenciada por:<\/p>\n\n\n\n<ul class=\"wp-block-list\">\n<li>Posi\u00e7\u00e3o dos incisivos<\/li>\n\n\n\n<li>Espessura da face do folheado<\/li>\n\n\n\n<li>Espessura dos l\u00e1bios<\/li>\n\n\n\n<li>T\u00f3nus muscular<\/li>\n\n\n\n<li>Rela\u00e7\u00e3o esquel\u00e9tica<\/li>\n\n\n\n<li>Asposi\u00e7\u00e3o dos dentes em repouso<\/li>\n\n\n\n<li>Dimens\u00e3o vertical<\/li>\n\n\n\n<li>Comprimento da borda incisal<\/li>\n\n\n\n<li>Forma de arco<\/li>\n\n\n\n<li>Rela\u00e7\u00f5es entre os incisivos superiores e inferiores<\/li>\n\n\n\n<li>Tens\u00e3o habitual nos l\u00e1bios<\/li>\n\n\n\n<li>A fala e a din\u00e2mica do sorriso<\/li>\n<\/ul>\n\n\n\n<p class=\"wp-block-paragraph\">Um doente pode gostar de um sorriso mais volumoso numa fotografia posada, mas n\u00e3o gostar desse mesmo contorno quando est\u00e1 em repouso. Outro pode aceitar um apoio adicional na regi\u00e3o dos incisivos centrais, mas opor-se ao volume cervical junto aos incisivos laterais e caninos.<\/p>\n\n\n\n<p class=\"wp-block-paragraph\">\u00c9 por isso que o prot\u00f3tipo ou maquete deve ser avaliado sob v\u00e1rios \u00e2ngulos.<\/p>\n\n\n\n<h3 class=\"wp-block-heading\">O Teste de Perfil<\/h3>\n\n\n\n<p class=\"wp-block-paragraph\">Registar o doente:<\/p>\n\n\n\n<ul class=\"wp-block-list\">\n<li>Em repouso<\/li>\n\n\n\n<li>Com os l\u00e1bios ligeiramente entreabertos<\/li>\n\n\n\n<li>Durante um sorriso espont\u00e2neo<\/li>\n\n\n\n<li>Durante um sorriso largo<\/li>\n\n\n\n<li>A partir dos perfis da direita e da esquerda<\/li>\n\n\n\n<li>Ambas as vistas de tr\u00eas quartos<\/li>\n\n\n\n<li>Enquanto falava<\/li>\n\n\n\n<li>Durante os sons \u201cF\u201d, \u201cV\u201d, \u201cS\u201d e \u201cM\u201d<\/li>\n<\/ul>\n\n\n\n<p class=\"wp-block-paragraph\">Procure sinais de aumento da tens\u00e3o labial, perda do fecho natural, um perfil mais convexo, proje\u00e7\u00e3o excessiva do l\u00e1bio superior ou uma transi\u00e7\u00e3o cervical em forma de sali\u00eancia.<\/p>\n\n\n\n<p class=\"wp-block-paragraph\">Uma imagem intraoral em retra\u00e7\u00e3o n\u00e3o permite detetar estas falhas.<\/p>\n\n\n\n<h3 class=\"wp-block-heading\">O teste de espessura<\/h3>\n\n\n\n<p class=\"wp-block-paragraph\">N\u00e3o se limite a avaliar se o mock-up tem um aspeto \u201cbom\u201d. Compare o contorno facial pretendido com o dente existente, recorrendo \u00e0 digitaliza\u00e7\u00e3o pr\u00e9-operat\u00f3ria, ao wax-up, \u00e0 digitaliza\u00e7\u00e3o do mock-up e \u00e0 prepara\u00e7\u00e3o planeada.<\/p>\n\n\n\n<p class=\"wp-block-paragraph\">Fa\u00e7a perguntas mensur\u00e1veis:<\/p>\n\n\n\n<ul class=\"wp-block-list\">\n<li>Qual \u00e9 o volume que est\u00e1 a ser adicionado no ter\u00e7o cervical?<\/li>\n\n\n\n<li>A convexidade do ter\u00e7o m\u00e9dio est\u00e1 a deslocar-se na dire\u00e7\u00e3o da face?<\/li>\n\n\n\n<li>A borda incisal est\u00e1 a ser alongada ou deslocada para a frente?<\/li>\n\n\n\n<li>\u00c9 poss\u00edvel atingir a espessura de cer\u00e2mica pretendida mantendo-se, na sua maior parte, no esmalte?<\/li>\n\n\n\n<li>\u00c9 obrigat\u00f3rio usar m\u00e1scara?<\/li>\n\n\n\n<li>O contorno proposto aumenta ou diminui o apoio dos l\u00e1bios?<\/li>\n\n\n\n<li>Em que ponto \u00e9 que a restaura\u00e7\u00e3o entra em contacto com o l\u00e1bio pela primeira vez?<\/li>\n<\/ul>\n\n\n\n<p class=\"wp-block-paragraph\">Tamb\u00e9m testaria mais do que um modelo quando houver risco relacionado com o perfil. Uma diferen\u00e7a de 0,3 ou 0,5 mm pode parecer insignificante no ecr\u00e3 do CAD. Mas pode n\u00e3o parecer insignificante para os l\u00e1bios do doente.<\/p>\n\n\n\n<h2 class=\"wp-block-heading\">A escolha dos revestimentos cer\u00e2micos n\u00e3o consegue compensar um mau plano de ordenamento do espa\u00e7o<\/h2>\n\n\n\n<p class=\"wp-block-paragraph\">A escolha do material deve ter em conta a prepara\u00e7\u00e3o e o problema \u00f3tico.<\/p>\n\n\n\n<p class=\"wp-block-paragraph\">N\u00e3o deve ser utilizado para os evitar.<\/p>\n\n\n\n<p class=\"wp-block-paragraph\">Disilicato de l\u00edtio, geralmente representado quimicamente como <strong>Li\u2082Si\u2082O\u2085<\/strong>, oferece um equil\u00edbrio \u00fatil entre translucidez, resist\u00eancia, compatibilidade com CAD\/CAM e espessura controlada para muitos casos na regi\u00e3o anterior. O Artist Dental Lab\u2019s <a href=\"https:\/\/artistdentallab.com\/pt\/e-max-veneer\/\">E.max fluxo de trabalho do folheado<\/a> enumera as restaura\u00e7\u00f5es anteriores conservadoras, a corre\u00e7\u00e3o da forma e a melhoria moderada da cor como utiliza\u00e7\u00f5es que dependem de cada caso, estando a sele\u00e7\u00e3o do material ligada ao desenho da prepara\u00e7\u00e3o, \u00e0 tonalidade, \u00e0 tonalidade do mon\u00e7\u00e3o, \u00e0s margens e \u00e0 oclus\u00e3o.<\/p>\n\n\n\n<p class=\"wp-block-paragraph\">A porcelana feldsp\u00e1tica pode oferecer um controlo \u00f3tico excecional e uma caracteriza\u00e7\u00e3o delicada da superf\u00edcie quando ainda existe uma quantidade substancial de esmalte e o substrato n\u00e3o requer um mascaramento intenso. O dissilicato de l\u00edtio pode proporcionar maior resist\u00eancia mec\u00e2nica e repetibilidade do fluxo de trabalho.<\/p>\n\n\n\n<p class=\"wp-block-paragraph\">Nenhum dos dois materiais elimina a equa\u00e7\u00e3o espacial.<\/p>\n\n\n\n<p class=\"wp-block-paragraph\">A compara\u00e7\u00e3o feita pelo site entre <a href=\"https:\/\/artistdentallab.com\/pt\/e-max-vs-feldspathic-veneers-for-ultra-thin-esthetic-cases\/\">Facetas de E.max e de feldspato para casos ultrafinos<\/a> enquadra corretamente a escolha em fun\u00e7\u00e3o da cor do substrato, da espessura da cer\u00e2mica, da oclus\u00e3o, da disponibilidade de esmalte e da capacidade do t\u00e9cnico para gerir a luz.<\/p>\n\n\n\n<h3 class=\"wp-block-heading\">A Armadilha do Enmascaramento<\/h3>\n\n\n\n<p class=\"wp-block-paragraph\">Um dente protru\u00eddo com um coto escuro suscita exig\u00eancias contradit\u00f3rias:<\/p>\n\n\n\n<ul class=\"wp-block-list\">\n<li>A restaura\u00e7\u00e3o n\u00e3o deve ficar mais saliente na face.<\/li>\n\n\n\n<li>A cer\u00e2mica precisa de ter espessura ou opacidade suficientes para controlar o substrato.<\/li>\n\n\n\n<li>O m\u00e9dico pretende preservar o esmalte.<\/li>\n\n\n\n<li>O doente quer um tom mais claro.<\/li>\n\n\n\n<li>O laborat\u00f3rio precisa de espa\u00e7o para conseguir uma translucidez e uma textura convincentes.<\/li>\n<\/ul>\n\n\n\n<p class=\"wp-block-paragraph\">Algo tem de mudar.<\/p>\n\n\n\n<p class=\"wp-block-paragraph\">Uma redu\u00e7\u00e3o insuficiente pode resultar num contorno excessivo ou num mascaramento inadequado. Uma redu\u00e7\u00e3o excessiva pode expor a dentina e comprometer a ader\u00eancia. A escolha de uma cer\u00e2mica altamente opaca pode controlar a cor, mas produzir um resultado mon\u00f3tono e de tom muito claro.<\/p>\n\n\n\n<p class=\"wp-block-paragraph\">Esta n\u00e3o \u00e9 apenas uma decis\u00e3o de natureza material. \u00c9 uma decis\u00e3o de consentimento.<\/p>\n\n\n\n<p class=\"wp-block-paragraph\">O doente deve compreender as vantagens e desvantagens antes da prepara\u00e7\u00e3o.<\/p>\n\n\n\n<h2 class=\"wp-block-heading\">O contorno \u00f3tico pode reduzir a proemin\u00eancia aparente<\/h2>\n\n\n\n<p class=\"wp-block-paragraph\">Nem todos os dentes com aspeto saliente necessitam da mesma corre\u00e7\u00e3o f\u00edsica.<\/p>\n\n\n\n<p class=\"wp-block-paragraph\">Por vezes, o olho reage ao reflexo.<\/p>\n\n\n\n<p class=\"wp-block-paragraph\">Uma superf\u00edcie facial ampla e plana cria uma zona refletora extensa. Um brilho intenso pode fazer com que essa superf\u00edcie pare\u00e7a ainda maior e mais brilhante. Deslocar os \u00e2ngulos das linhas de transi\u00e7\u00e3o para o interior, suavizar o realce facial, controlar a textura da superf\u00edcie e ajustar as aberturas pode reduzir o volume aparente sem diminuir radicalmente a largura f\u00edsica.<\/p>\n\n\n\n<p class=\"wp-block-paragraph\">Isto \u00e9 especialmente \u00fatil quando a preserva\u00e7\u00e3o do esmalte limita a quantidade de estrutura dent\u00e1ria que pode ser removida.<\/p>\n\n\n\n<p class=\"wp-block-paragraph\">No entanto, o contorno \u00f3tico tem as suas limita\u00e7\u00f5es.<\/p>\n\n\n\n<p class=\"wp-block-paragraph\">N\u00e3o consegue disfar\u00e7ar uma restaura\u00e7\u00e3o que empurra fisicamente o l\u00e1bio para a frente. N\u00e3o consegue corrigir um perfil de emerg\u00eancia cervical que se assemelha a uma sali\u00eancia. E n\u00e3o consegue fazer desaparecer, de perfil, uma borda incisal excessivamente facial.<\/p>\n\n\n\n<p class=\"wp-block-paragraph\">As propor\u00e7\u00f5es dos dentes tamb\u00e9m influenciam o resultado. O guia da Artist Dental Lab sobre <a href=\"https:\/\/artistdentallab.com\/pt\/how-veneer-width-to-length-ratio-changes-smile-character\/\">rela\u00e7\u00f5es largura\/comprimento do folheado<\/a> explica como as propor\u00e7\u00f5es, os \u00e2ngulos das linhas, a posi\u00e7\u00e3o gengival, os l\u00e1bios e o reflexo da superf\u00edcie interagem entre si. O artigo aborda o intervalo frequentemente citado de 78% a 82% como um ponto de refer\u00eancia, em vez de uma f\u00f3rmula de conce\u00e7\u00e3o obrigat\u00f3ria.<\/p>\n\n\n\n<p class=\"wp-block-paragraph\">Essa \u00e9 a atitude correta.<\/p>\n\n\n\n<p class=\"wp-block-paragraph\">Os n\u00fameros orientam o julgamento. N\u00e3o o substituem.<\/p>\n\n\n\n<h2 class=\"wp-block-heading\">O que o laborat\u00f3rio deve receber<\/h2>\n\n\n\n<p class=\"wp-block-paragraph\">Um laborat\u00f3rio n\u00e3o consegue determinar o perfil facial a partir de uma \u00fanica imagem intraoral recortada.<\/p>\n\n\n\n<p class=\"wp-block-paragraph\">No caso da prepara\u00e7\u00e3o para facetas em dentes protrusivos, a candidatura deve incluir:<\/p>\n\n\n\n<ul class=\"wp-block-list\">\n<li>Fotografia de rosto inteiro em repouso<\/li>\n\n\n\n<li>Fotografias de \u00absorriso natural\u00bb e \u00absorriso m\u00e1ximo\u00bb<\/li>\n\n\n\n<li>Fotografias de perfil \u00e0 direita e \u00e0 esquerda<\/li>\n\n\n\n<li>Imagens do rosto de tr\u00eas quartos<\/li>\n\n\n\n<li>Vistas frontal e lateral com a l\u00edngua retra\u00edda<\/li>\n\n\n\n<li>Tomografia pr\u00e9-operat\u00f3ria de toda a arcada dent\u00e1ria<\/li>\n\n\n\n<li>Digitaliza\u00e7\u00e3o preparada de toda a arcada<\/li>\n\n\n\n<li>Arco oposto<\/li>\n\n\n\n<li>Registo de mordidas verificado<\/li>\n\n\n\n<li>Modelagem em cera, maquete ou digitaliza\u00e7\u00e3o de pr\u00f3tese provis\u00f3ria aprovada<\/li>\n\n\n\n<li>V\u00eddeo de sorriso e fala naturais<\/li>\n\n\n\n<li>Tom final<\/li>\n\n\n\n<li>Sombras individuais de toco<\/li>\n\n\n\n<li>Fotografias da prepara\u00e7\u00e3o<\/li>\n\n\n\n<li>Posi\u00e7\u00f5es atuais e pretendidas da borda incisal<\/li>\n\n\n\n<li>Informa\u00e7\u00f5es sobre o overjet e o overbite<\/li>\n\n\n\n<li>Notas sobre o contacto protrusivo e lateral<\/li>\n\n\n\n<li>Hist\u00f3rico de bruxismo ou de apertar os dentes<\/li>\n\n\n\n<li>Material previsto<\/li>\n\n\n\n<li>\u00c1reas em que o volume facial n\u00e3o deve aumentar<\/li>\n\n\n\n<li>Aprova\u00e7\u00e3o por escrito de qualquer acordo alcan\u00e7ado<\/li>\n<\/ul>\n\n\n\n<p class=\"wp-block-paragraph\">A prescri\u00e7\u00e3o do laborat\u00f3rio n\u00e3o deve indicar apenas \u201creduzir a protrus\u00e3o\u201d.\u201d<\/p>\n\n\n\n<p class=\"wp-block-paragraph\">Essa instru\u00e7\u00e3o \u00e9 vaga e potencialmente perigosa.<\/p>\n\n\n\n<p class=\"wp-block-paragraph\">Uma instru\u00e7\u00e3o \u00fatil poderia ser a seguinte:<\/p>\n\n\n\n<blockquote class=\"wp-block-quote is-layout-flow wp-block-quote-is-layout-flow\">\n<p class=\"wp-block-paragraph\">Dentes #6\u201311: reproduza o modelo aprovado, mantendo a posi\u00e7\u00e3o pr\u00e9-operat\u00f3ria do l\u00e1bio superior. N\u00e3o aumente o volume cervical facial nos dentes #7\u201310. Desloque os \u00e2ngulos aparentes da linha facial para dentro nos dentes #8 e #9. Preserve a posi\u00e7\u00e3o aprovada da borda incisal. Utilize as fotografias de perfil e a digitaliza\u00e7\u00e3o do modelo como refer\u00eancias de controlo. Contacte a cl\u00ednica se n\u00e3o for poss\u00edvel atingir a espessura do material sem aumentar o contorno facial.<\/p>\n<\/blockquote>\n\n\n\n<p class=\"wp-block-paragraph\">O guia do site sobre <a href=\"https:\/\/artistdentallab.com\/pt\/writing-a-veneer-lab-prescription-for-natural-texture-and-light-behavior\/\">elabora\u00e7\u00e3o de uma prescri\u00e7\u00e3o de laborat\u00f3rio de folheados relativa \u00e0 textura e ao comportamento da luz<\/a> alarga este fluxo de trabalho para al\u00e9m dos c\u00f3digos de tonalidade, abrangendo a espessura da cer\u00e2mica, a tonalidade do coto, as zonas \u00f3ticas, os \u00e2ngulos das linhas, a textura da superf\u00edcie, o brilho e as refer\u00eancias fotogr\u00e1ficas.<\/p>\n\n\n\n<p class=\"wp-block-paragraph\">Apresente as provas ao t\u00e9cnico.<\/p>\n\n\n\n<p class=\"wp-block-paragraph\">N\u00e3o s\u00e3o adjetivos.<\/p>\n\n\n\n<h2 class=\"wp-block-heading\">A conversa sobre o consentimento que a maioria dos casos de facetas evita<\/h2>\n\n\n\n<p class=\"wp-block-paragraph\">Deve explicar-se claramente aos doentes que as facetas corrigem a forma vis\u00edvel da coroa, e n\u00e3o a posi\u00e7\u00e3o do dente subjacente.<\/p>\n\n\n\n<p class=\"wp-block-paragraph\">No caso de uma protrus\u00e3o, a discuss\u00e3o informada deve abranger:<\/p>\n\n\n\n<ul class=\"wp-block-list\">\n<li>A alternativa ortod\u00f4ntica<\/li>\n\n\n\n<li>Se a ortodontia poderia melhorar a posi\u00e7\u00e3o dos l\u00e1bios<\/li>\n\n\n\n<li>Remo\u00e7\u00e3o prevista do esmalte<\/li>\n\n\n\n<li>Poss\u00edvel exposi\u00e7\u00e3o da dentina<\/li>\n\n\n\n<li>O risco de aumento do volume facial<\/li>\n\n\n\n<li>O conflito entre o mascaramento e a espessura<\/li>\n\n\n\n<li>Os limites da camuflagem restauradora<\/li>\n\n\n\n<li>Se a maquete altera o fecho dos l\u00e1bios<\/li>\n\n\n\n<li>Riscos funcionais<\/li>\n\n\n\n<li>Limita\u00e7\u00f5es dos materiais<\/li>\n\n\n\n<li>A possibilidade de o perfil pretendido n\u00e3o poder ser alcan\u00e7ado apenas com facetas<\/li>\n<\/ul>\n\n\n\n<p class=\"wp-block-paragraph\">Uma simula\u00e7\u00e3o digital est\u00e1tica do sorriso n\u00e3o deve ser considerada como prova.<\/p>\n\n\n\n<p class=\"wp-block-paragraph\">Pode mostrar a cor, o comprimento dos dentes e o alinhamento frontal. N\u00e3o permite comprovar de forma fi\u00e1vel a fala, a tens\u00e3o labial, a adapta\u00e7\u00e3o muscular, o substrato de colagem, a espessura da cer\u00e2mica ou o comportamento funcional a longo prazo.<\/p>\n\n\n\n<p class=\"wp-block-paragraph\">E \u00e9 aqui que o setor se sente frequentemente desconfort\u00e1vel. A imagem \u00e9 vendida aos doentes antes de o problema espacial ter sido resolvido.<\/p>\n\n\n\n<p class=\"wp-block-paragraph\">Essa ordem deveria ser invertida.<\/p>\n\n\n\n<h2 class=\"wp-block-heading\">FAQs<\/h2>\n\n\n\n<h3 class=\"wp-block-heading\">As facetas podem corrigir dentes salientes?<\/h3>\n\n\n\n<p class=\"wp-block-paragraph\">As facetas podem corrigir a forma vis\u00edvel de dentes ligeiramente protrusivos ou procl\u00ednicos, mas n\u00e3o conseguem deslocar as ra\u00edzes, reduzir a protrus\u00e3o esquel\u00e9tica nem retrair os l\u00e1bios de forma fi\u00e1vel; o tratamento s\u00f3 \u00e9 adequado quando os registos de diagn\u00f3stico, a oclus\u00e3o, a disponibilidade de esmalte e uma simula\u00e7\u00e3o intraoral demonstram que a cer\u00e2mica pode melhorar a apar\u00eancia sem criar um volume facial excessivo.<\/p>\n\n\n\n<p class=\"wp-block-paragraph\">Os casos que envolvem inclina\u00e7\u00e3o acentuada, incompet\u00eancia labial, sobremordida grave ou um perfil convexo merecem, normalmente, uma avalia\u00e7\u00e3o ortod\u00f4ntica antes de se iniciar a prepara\u00e7\u00e3o irrevers\u00edvel das facetas de porcelana.<\/p>\n\n\n\n<h3 class=\"wp-block-heading\">Como devem ser preparados os dentes salientes para a coloca\u00e7\u00e3o de facetas?<\/h3>\n\n\n\n<p class=\"wp-block-paragraph\">A prepara\u00e7\u00e3o de facetas de porcelana para dentes protrusivos \u00e9 uma estrat\u00e9gia de redu\u00e7\u00e3o orientada por maquete que cria um espa\u00e7o cer\u00e2mico uniforme, preservando ao m\u00e1ximo o esmalte, especialmente nos ter\u00e7os facial e cervical, e deve ser planeada a partir do contorno final pretendido, em vez de se basear num valor gen\u00e9rico de profundidade de corte.<\/p>\n\n\n\n<p class=\"wp-block-paragraph\">A redu\u00e7\u00e3o pode ser assim\u00e9trica quando os dentes individuais est\u00e3o rodados ou posicionados na face. Devem ser enviadas ao laborat\u00f3rio fotografias da prepara\u00e7\u00e3o e um mapa de redu\u00e7\u00e3o.<\/p>\n\n\n\n<h3 class=\"wp-block-heading\">As facetas aumentam o apoio dos l\u00e1bios?<\/h3>\n\n\n\n<p class=\"wp-block-paragraph\">As facetas podem aumentar o apoio dos l\u00e1bios, uma vez que cada fra\u00e7\u00e3o de mil\u00edmetro adicionada altera o contorno facial em contacto com os l\u00e1bios, embora a resposta varie consoante a posi\u00e7\u00e3o dos dentes, a espessura da faceta, a espessura dos l\u00e1bios, o t\u00f3nus muscular e se \u00e9 alterada uma ou ambas as arcadas dent\u00e1rias; por conseguinte, as fotografias est\u00e1ticas do sorriso, por si s\u00f3, n\u00e3o s\u00e3o suficientes.<\/p>\n\n\n\n<p class=\"wp-block-paragraph\">O contorno proposto deve ser testado em repouso, de perfil, durante a fala e durante sorrisos naturais e m\u00e1ximos, antes da confe\u00e7\u00e3o da cer\u00e2mica definitiva.<\/p>\n\n\n\n<h3 class=\"wp-block-heading\">Quando \u00e9 que a ortodontia \u00e9 mais indicada do que as facetas para dentes salientes?<\/h3>\n\n\n\n<p class=\"wp-block-paragraph\">A ortodontia \u00e9 geralmente prefer\u00edvel quando os dentes protrusivos refletem a posi\u00e7\u00e3o radicular, uma proclina\u00e7\u00e3o acentuada dos incisivos, incompet\u00eancia labial, um perfil convexo, apinhamento, sobremordida inst\u00e1vel ou espa\u00e7o restaurador insuficiente, uma vez que o movimento dent\u00e1rio pode alterar a base dent\u00e1ria, enquanto a prepara\u00e7\u00e3o para facetas apenas altera o contorno externo da coroa.<\/p>\n\n\n\n<p class=\"wp-block-paragraph\">A ortodontia limitada tamb\u00e9m pode reduzir a quantidade de esmalte que \u00e9 necess\u00e1rio remover antes da coloca\u00e7\u00e3o das facetas definitivas, criando condi\u00e7\u00f5es mais favor\u00e1veis para a restaura\u00e7\u00e3o e a colagem.<\/p>\n\n\n\n<h3 class=\"wp-block-heading\">Qual \u00e9 o melhor design de faceta para dentes salientes?<\/h3>\n\n\n\n<p class=\"wp-block-paragraph\">O melhor design de faceta para dentes salientes \u00e9 aquele que \u00e9 menos volumoso, preserva o esmalte, tenha sido aprovado numa simula\u00e7\u00e3o avaliada do ponto de vista facial, proporcione espessura suficiente da cer\u00e2mica, mantenha perfis de emerg\u00eancia n\u00edtidos e respeite a fon\u00e9tica e a orienta\u00e7\u00e3o anterior; as facetas sem prepara\u00e7\u00e3o n\u00e3o s\u00e3o automaticamente conservadoras quando acrescentam volume indesejado.<\/p>\n\n\n\n<p class=\"wp-block-paragraph\">O material, a opacidade, a redu\u00e7\u00e3o facial, os \u00e2ngulos das linhas, a textura da superf\u00edcie e a posi\u00e7\u00e3o incisal devem ser coordenados, em vez de selecionados de forma independente.<\/p>\n\n\n\n<h3 class=\"wp-block-heading\">Que registos devem ser enviados ao laborat\u00f3rio dent\u00e1rio?<\/h3>\n\n\n\n<p class=\"wp-block-paragraph\">Um laborat\u00f3rio dent\u00e1rio necessita de digitaliza\u00e7\u00f5es pr\u00e9-operat\u00f3rias e de prepara\u00e7\u00e3o de toda a arcada, da arcada oposta, de uma oclus\u00e3o verificada, de fotografias de perfil e de tr\u00eas quartos, de um v\u00eddeo do sorriso natural, de uma maquete aprovada ou de uma digitaliza\u00e7\u00e3o provis\u00f3ria, da cor final, da cor do mon\u00e7\u00e3o, do mapa de prepara\u00e7\u00e3o, dos alvos da borda incisal, de notas funcionais e de instru\u00e7\u00f5es expl\u00edcitas que descrevam quais os contornos que podem ser reduzidos ou preservados.<\/p>\n\n\n\n<p class=\"wp-block-paragraph\">Sem registos faciais e de desenhos aprovados, o t\u00e9cnico pode avaliar o ajuste e as margens, mas n\u00e3o consegue determinar com fiabilidade se as facetas finais ir\u00e3o apoiar os l\u00e1bios ou projet\u00e1-los em excesso.<\/p>\n\n\n\n<h2 class=\"wp-block-heading\">Envie o perfil, n\u00e3o apenas os preparativos<\/h2>\n\n\n\n<p class=\"wp-block-paragraph\">Antes de preparar um caso de pr\u00f3tese anterior protrusiva, pare e teste o resultado proposto no rosto em movimento do doente.<\/p>\n\n\n\n<p class=\"wp-block-paragraph\">Confirme o perfil. Confirme o fecho relaxado dos l\u00e1bios. Confirme o contorno cervical. Confirme a fala. Confirme o esmalte dispon\u00edvel. E confirme se o doente compreende a diferen\u00e7a entre camuflagem restauradora e corre\u00e7\u00e3o ortod\u00f4ntica.<\/p>\n\n\n\n<p class=\"wp-block-paragraph\">Em seguida, envie ao laborat\u00f3rio um registo completo.<\/p>\n\n\n\n<p class=\"wp-block-paragraph\">Para uma an\u00e1lise do dossier t\u00e9cnico, discuss\u00e3o sobre os materiais, caso de teste ou plano personalizado de facetas anteriores, envie as digitaliza\u00e7\u00f5es pr\u00e9-operat\u00f3rias e de prepara\u00e7\u00e3o, a oclus\u00e3o verificada, as fotografias de perfil, o mock-up aprovado, as tonalidades dos moncos e os objetivos de contorno por escrito atrav\u00e9s do <a href=\"https:\/\/artistdentallab.com\/pt\/contact\/\">P\u00e1gina de contacto do Artist Dental Lab<\/a>.<\/p>\n\n\n\n<p class=\"wp-block-paragraph\">Um laborat\u00f3rio pode refinar cer\u00e2mica.<\/p>\n\n\n\n<p class=\"wp-block-paragraph\">N\u00e3o consegue mover as ra\u00edzes.<\/p>\n\n\n\n<p class=\"wp-block-paragraph\"><\/p>","protected":false},"excerpt":{"rendered":"<p>As facetas podem disfar\u00e7ar uma proclina\u00e7\u00e3o anterior limitada, mas n\u00e3o conseguem deslocar as ra\u00edzes nem retrair os l\u00e1bios de forma fi\u00e1vel. Este guia cl\u00ednico explica em que situa\u00e7\u00f5es a prepara\u00e7\u00e3o de facetas \u00e9 justific\u00e1vel, quando se deve dar prioridade \u00e0 ortodontia e como os dentistas e os laborat\u00f3rios podem controlar o contorno facial sem produzir restaura\u00e7\u00f5es volumosas.<\/p>","protected":false},"author":1,"featured_media":1621,"comment_status":"open","ping_status":"open","sticky":false,"template":"","format":"standard","meta":{"footnotes":""},"categories":[22],"tags":[303,618,617,615,616,614],"class_list":["post-1620","post","type-post","status-publish","format-standard","has-post-thumbnail","hentry","category-dental-knowledge","tag-anterior-veneers","tag-facial-profile","tag-lip-support","tag-porcelain-veneer-preparation","tag-proclined-teeth","tag-protrusive-teeth"],"blocksy_meta":{"styles_descriptor":{"styles":{"desktop":"","tablet":"","mobile":""},"google_fonts":[],"version":7}},"_links":{"self":[{"href":"https:\/\/artistdentallab.com\/pt\/wp-json\/wp\/v2\/posts\/1620","targetHints":{"allow":["GET"]}}],"collection":[{"href":"https:\/\/artistdentallab.com\/pt\/wp-json\/wp\/v2\/posts"}],"about":[{"href":"https:\/\/artistdentallab.com\/pt\/wp-json\/wp\/v2\/types\/post"}],"author":[{"embeddable":true,"href":"https:\/\/artistdentallab.com\/pt\/wp-json\/wp\/v2\/users\/1"}],"replies":[{"embeddable":true,"href":"https:\/\/artistdentallab.com\/pt\/wp-json\/wp\/v2\/comments?post=1620"}],"version-history":[{"count":1,"href":"https:\/\/artistdentallab.com\/pt\/wp-json\/wp\/v2\/posts\/1620\/revisions"}],"predecessor-version":[{"id":1624,"href":"https:\/\/artistdentallab.com\/pt\/wp-json\/wp\/v2\/posts\/1620\/revisions\/1624"}],"wp:featuredmedia":[{"embeddable":true,"href":"https:\/\/artistdentallab.com\/pt\/wp-json\/wp\/v2\/media\/1621"}],"wp:attachment":[{"href":"https:\/\/artistdentallab.com\/pt\/wp-json\/wp\/v2\/media?parent=1620"}],"wp:term":[{"taxonomy":"category","embeddable":true,"href":"https:\/\/artistdentallab.com\/pt\/wp-json\/wp\/v2\/categories?post=1620"},{"taxonomy":"post_tag","embeddable":true,"href":"https:\/\/artistdentallab.com\/pt\/wp-json\/wp\/v2\/tags?post=1620"}],"curies":[{"name":"wp","href":"https:\/\/api.w.org\/{rel}","templated":true}]}}