{"id":1625,"date":"2026-08-05T02:48:13","date_gmt":"2026-08-05T02:48:13","guid":{"rendered":"https:\/\/artistdentallab.com\/"},"modified":"2026-08-05T02:51:40","modified_gmt":"2026-08-05T02:51:40","slug":"why-veneer-shade-can-appear-different-one-week-after-bonding","status":"publish","type":"post","link":"https:\/\/artistdentallab.com\/pt\/why-veneer-shade-can-appear-different-one-week-after-bonding\/","title":{"rendered":"Por que raz\u00e3o a tonalidade da faceta pode parecer diferente uma semana ap\u00f3s a colagem"},"content":{"rendered":"<p class=\"wp-block-paragraph\">Uma faceta pode apresentar um aspeto diferente uma semana ap\u00f3s a colagem, uma vez que a restaura\u00e7\u00e3o j\u00e1 n\u00e3o \u00e9 observada nas mesmas condi\u00e7\u00f5es biol\u00f3gicas, \u00f3ticas e ambientais que existiam durante o ensaio ou imediatamente ap\u00f3s a cimenta\u00e7\u00e3o.<\/p>\n\n\n\n<p class=\"wp-block-paragraph\">A cor \u00e9 din\u00e2mica.<\/p>\n\n\n\n<p class=\"wp-block-paragraph\">Uma faceta fina de porcelana n\u00e3o determina, por si s\u00f3, o seu aspeto; funciona como uma camada numa pilha \u00f3tica que inclui o dente preparado, o esmalte remanescente, a dentina exposta, o cimento de resina, a espessura da cer\u00e2mica, a translucidez, a textura da superf\u00edcie, a saliva, os tecidos gengivais e a fonte de luz que ilumina o rosto.<\/p>\n\n\n\n<p class=\"wp-block-paragraph\">Ent\u00e3o, por que \u00e9 que continuamos a falar da tonalidade do folheado como se fosse um c\u00f3digo de tinta?<\/p>\n\n\n\n<p class=\"wp-block-paragraph\">Ao analisar casos anteriores, vejo repetidamente o mesmo erro: a faceta \u00e9 considerada \u201cdemasiado branca\u201d, \u201cdemasiado cinzenta\u201d ou \u201cdemasiado opaca\u201d antes de se verificar se os dentes naturais estavam desidratados durante a colagem, se a fotografia de compara\u00e7\u00e3o foi tirada sob uma ilumina\u00e7\u00e3o diferente ou se a pasta de ensaio selecionada representava com precis\u00e3o o cimento curado.<\/p>\n\n\n\n<p class=\"wp-block-paragraph\">Isso n\u00e3o \u00e9 uma an\u00e1lise de tonalidades. \u00c9 adivinhar.<\/p>\n\n\n\n<h2 class=\"wp-block-heading\">A diferen\u00e7a observada ao fim de uma semana \u00e9, normalmente, uma altera\u00e7\u00e3o \u00f3tica e n\u00e3o uma nova aplica\u00e7\u00e3o de esmalte em si<\/h2>\n\n\n\n<p class=\"wp-block-paragraph\">Normalmente, a porcelana n\u00e3o sofre uma transforma\u00e7\u00e3o dr\u00e1stica da sua cor intr\u00ednseca durante os primeiros sete dias. O que muda \u00e9 a forma como o conjunto completo da faceta e do dente absorve, reflete, dispersa e transmite a luz.<\/p>\n\n\n\n<p class=\"wp-block-paragraph\">O resultado final vis\u00edvel pode ser simplificado da seguinte forma:<\/p>\n\n\n\n<p class=\"wp-block-paragraph\"><strong>Cor do dente preparado + cimento de resina + opacidade e espessura da cer\u00e2mica + reflex\u00e3o da superf\u00edcie + tecido circundante e luz<\/strong><\/p>\n\n\n\n<p class=\"wp-block-paragraph\">Se retirarmos qualquer uma dessas vari\u00e1veis do diagn\u00f3stico, a explica\u00e7\u00e3o deixa de ser fi\u00e1vel.<\/p>\n\n\n\n<h3 class=\"wp-block-heading\">Os dentes adjacentes reidratam-se ap\u00f3s a consulta de colagem<\/h3>\n\n\n\n<p class=\"wp-block-paragraph\">Durante a colagem das facetas, os dentes naturais podem ser expostos a retractores, ar comprimido, rolos de algod\u00e3o, suc\u00e7\u00e3o, isolamento com dique de borracha, abertura prolongada da boca e contacto reduzido com a saliva. O esmalte perde \u00e1gua e torna-se temporariamente mais claro e mais opaco.<\/p>\n\n\n\n<p class=\"wp-block-paragraph\">Uma faceta aplicada junto a dentes desidratados pode, por isso, parecer combinar na consulta. Quando os dentes naturais se reidratam, podem recuperar a sua apar\u00eancia original mais escura, mais quente ou mais transl\u00facida, fazendo com que a faceta colada pare\u00e7a mais brilhante em compara\u00e7\u00e3o.<\/p>\n\n\n\n<p class=\"wp-block-paragraph\">Um estudo cl\u00ednico aleat\u00f3rio revelou que os dentes desidratados ficaram visivelmente mais claros e n\u00e3o tinham recuperado a sua tonalidade inicial ap\u00f3s 30 minutos de reidrata\u00e7\u00e3o. Os investigadores recomendaram que a correspond\u00eancia de tonalidades fosse conclu\u00edda antes de o isolamento cl\u00ednico provocar uma desidrata\u00e7\u00e3o significativa, conforme relatado no <a href=\"https:\/\/pubmed.ncbi.nlm.nih.gov\/23160038\/\" rel=\"nofollow noopener\" target=\"_blank\">ensaio cl\u00ednico aleat\u00f3rio e controlado sobre a desidrata\u00e7\u00e3o dent\u00e1ria e a sele\u00e7\u00e3o da tonalidade<\/a>.<\/p>\n\n\n\n<p class=\"wp-block-paragraph\">Um estudo cl\u00ednico distinto avaliou os dentes ap\u00f3s 10, 20 e 30 minutos de desidrata\u00e7\u00e3o. Mesmo ap\u00f3s 30 minutos de reidrata\u00e7\u00e3o, o ter\u00e7o incisal apresentou uma diferen\u00e7a m\u00e9dia de cor, segundo a escala CIEDE2000, de <strong>\u0394E00 1,96 \u00b1 1,10<\/strong>. Ap\u00f3s 24 horas, as varia\u00e7\u00f5es m\u00e9dias ficaram abaixo do limiar de percetibilidade do estudo.<\/p>\n\n\n\n<p class=\"wp-block-paragraph\">Esta distin\u00e7\u00e3o \u00e9 importante.<\/p>\n\n\n\n<p class=\"wp-block-paragraph\">Ao fim de uma semana, a desidrata\u00e7\u00e3o associada \u00e0 consulta j\u00e1 n\u00e3o dever\u00e1 continuar. No entanto, o doente poder\u00e1 agora estar a comparar a faceta com os dentes adjacentes totalmente reidratados, em vez dos dentes artificialmente mais claros que observou no momento da coloca\u00e7\u00e3o.<\/p>\n\n\n\n<p class=\"wp-block-paragraph\">O revestimento n\u00e3o ficou necessariamente mais brilhante.<\/p>\n\n\n\n<p class=\"wp-block-paragraph\">A refer\u00eancia mudou.<\/p>\n\n\n\n<figure class=\"wp-block-image size-large\"><img fetchpriority=\"high\" decoding=\"async\" width=\"1024\" height=\"768\" src=\"https:\/\/artistdentallab.com\/wp-content\/uploads\/2026\/08\/Why-Veneer-Shade-Can-Appear-Different-One-Week-After-Bonding-2-1024x768.jpg\" alt=\"Por que raz\u00e3o a tonalidade da faceta pode parecer diferente uma semana ap\u00f3s a colagem\" class=\"wp-image-1627\" title=\"\" srcset=\"https:\/\/artistdentallab.com\/wp-content\/uploads\/2026\/08\/Why-Veneer-Shade-Can-Appear-Different-One-Week-After-Bonding-2-1024x768.jpg 1024w, https:\/\/artistdentallab.com\/wp-content\/uploads\/2026\/08\/Why-Veneer-Shade-Can-Appear-Different-One-Week-After-Bonding-2-300x225.jpg 300w, https:\/\/artistdentallab.com\/wp-content\/uploads\/2026\/08\/Why-Veneer-Shade-Can-Appear-Different-One-Week-After-Bonding-2-768x576.jpg 768w, https:\/\/artistdentallab.com\/wp-content\/uploads\/2026\/08\/Why-Veneer-Shade-Can-Appear-Different-One-Week-After-Bonding-2-16x12.jpg 16w, https:\/\/artistdentallab.com\/wp-content\/uploads\/2026\/08\/Why-Veneer-Shade-Can-Appear-Different-One-Week-After-Bonding-2-500x375.jpg 500w, https:\/\/artistdentallab.com\/wp-content\/uploads\/2026\/08\/Why-Veneer-Shade-Can-Appear-Different-One-Week-After-Bonding-2-600x450.jpg 600w, https:\/\/artistdentallab.com\/wp-content\/uploads\/2026\/08\/Why-Veneer-Shade-Can-Appear-Different-One-Week-After-Bonding-2.jpg 1448w\" sizes=\"(max-width: 1024px) 100vw, 1024px\" \/><\/figure>\n\n\n\n<h3 class=\"wp-block-heading\">O cimento de resina passa a fazer parte da tonalidade final<\/h3>\n\n\n\n<p class=\"wp-block-paragraph\">Uma faceta fina n\u00e3o \u00e9 opticamente independente do seu material de cimenta\u00e7\u00e3o. O cimento de resina pode alterar o valor, a cromaticidade, o tom quente, a opacidade e a profundidade aparente da cer\u00e2mica, especialmente quando a restaura\u00e7\u00e3o \u00e9 altamente transl\u00facida ou tem uma espessura de aproximadamente 0,3\u20130,7 mm.<\/p>\n\n\n\n<p class=\"wp-block-paragraph\">E eis a verdade inc\u00f3moda: a pasta de ensaio \u00e9 apenas uma estimativa.<\/p>\n\n\n\n<p class=\"wp-block-paragraph\">Nem sempre \u00e9 uma r\u00e9plica \u00f3tica perfeita do cimento de resina polimerizado.<\/p>\n\n\n\n<p class=\"wp-block-paragraph\">Uma investiga\u00e7\u00e3o realizada em 2019 analisou <strong>90 amostras de facetas de zirc\u00f3nia<\/strong> com espessuras de <strong>0,5 mm e 0,7 mm<\/strong>, utilizando pastas de teste e cimentos nas tonalidades Universal, Transparente, Castanho, Branco e Opaco. Os grupos Universal apresentaram diferen\u00e7as m\u00e9dias de cor de <strong>\u0394E 0,93<\/strong> a 0,5 mm e <strong>\u0394E 0,85<\/strong> a 0,7 mm. As diferen\u00e7as mais elevadas atingiram <strong>\u0394E 2,57<\/strong> para o branco, a 0,5 mm e <strong>\u0394E 2,29<\/strong> para o Opaque a 0,7 mm. Tanto a tonalidade do cimento como a espessura da cer\u00e2mica influenciaram significativamente a concord\u00e2ncia entre a pasta e o cimento curado.<\/p>\n\n\n\n<p class=\"wp-block-paragraph\">Isto n\u00e3o significa que as pastas de teste sejam in\u00fateis. Significa que n\u00e3o devem ser consideradas infal\u00edveis.<\/p>\n\n\n\n<p class=\"wp-block-paragraph\">Um outro estudo laboratorial que analisou cimentos para facetas fotopolimeriz\u00e1veis ap\u00f3s sete dias revelou que o RelyX Veneer apresentou a menor altera\u00e7\u00e3o de cor registada entre os sistemas testados, enquanto v\u00e1rios outros grupos de cimentos ultrapassaram o limiar de visibilidade cl\u00ednica definido pelo estudo. Uma vez que se tratou de uma experi\u00eancia in vitro, os resultados n\u00e3o devem ser interpretados como prova de que todos os doentes ir\u00e3o observar a mesma altera\u00e7\u00e3o, mas confirmam que as propriedades \u00f3ticas iniciais do cimento podem variar consoante a formula\u00e7\u00e3o e as condi\u00e7\u00f5es de fotopolimeriza\u00e7\u00e3o.<\/p>\n\n\n\n<h3 class=\"wp-block-heading\">A sombra do toco ainda \u00e9 vis\u00edvel atrav\u00e9s da cer\u00e2mica fina<\/h3>\n\n\n\n<p class=\"wp-block-paragraph\">A incompatibilidade de tonalidade das facetas \u00e9 frequentemente atribu\u00edda \u00e0 tonalidade da cer\u00e2mica exterior, quando a verdadeira vari\u00e1vel se encontra por baixo desta.<\/p>\n\n\n\n<p class=\"wp-block-paragraph\">Os dentes preparados podem apresentar diferen\u00e7as devido a:<\/p>\n\n\n\n<ul class=\"wp-block-list\">\n<li>Espessura remanescente do esmalte<\/li>\n\n\n\n<li>Exposi\u00e7\u00e3o da dentina<\/li>\n\n\n\n<li>Restaura\u00e7\u00f5es antigas em comp\u00f3sito<\/li>\n\n\n\n<li>Tratamento endod\u00f4ntico<\/li>\n\n\n\n<li>Descolora\u00e7\u00e3o causada pela tetraciclina ou pela fluorose<\/li>\n\n\n\n<li>Postes met\u00e1licos ou n\u00facleos escuros<\/li>\n\n\n\n<li>Diferentes profundidades de prepara\u00e7\u00e3o<\/li>\n\n\n\n<li>Desidrata\u00e7\u00e3o vari\u00e1vel do esmalte<\/li>\n<\/ul>\n\n\n\n<p class=\"wp-block-paragraph\">Uma faceta transl\u00facida de 0,5 mm sobre esmalte brilhante n\u00e3o se comporta da mesma forma que a mesma faceta sobre uma prepara\u00e7\u00e3o castanho-acinzentada. Da mesma forma, um cimento transparente n\u00e3o se comporta da mesma forma que um cimento opaco ou clareador sobre ambos os substratos.<\/p>\n\n\n\n<p class=\"wp-block-paragraph\">\u00c9 por isso que um laborat\u00f3rio precisa de um registo da tonalidade do mon\u00f3mero para cada dente preparado, em vez de um \u00fanico c\u00f3digo de tonalidade para todo o caso. O guia da Artist Dental Lab sobre <a href=\"https:\/\/artistdentallab.com\/pt\/what-information-must-be-submitted-to-the-lab-for-anterior-veneer-cases\/\">os registos necess\u00e1rios para casos de facetas anteriores<\/a> explica como a tonalidade final, a tonalidade do toco, as fotografias de prepara\u00e7\u00e3o, os registos faciais e os projetos provis\u00f3rios aprovados devem ser apresentados como elementos de prova separados.<\/p>\n\n\n\n<p class=\"wp-block-paragraph\">Quando as cl\u00ednicas n\u00e3o t\u00eam em conta a tonalidade do coto, o t\u00e9cnico \u00e9 obrigado a trabalhar com um substrato invis\u00edvel.<\/p>\n\n\n\n<p class=\"wp-block-paragraph\">O que \u00e9 que poderia correr mal?<\/p>\n\n\n\n<h2 class=\"wp-block-heading\">O que pode mudar entre o Dia da Cria\u00e7\u00e3o de La\u00e7os e o S\u00e9timo Dia?<\/h2>\n\n\n\n<p class=\"wp-block-paragraph\">O momento em que a diferen\u00e7a se manifesta e o seu padr\u00e3o ajudam a distinguir um problema de perce\u00e7\u00e3o tempor\u00e1rio de uma incompatibilidade real, seja de natureza material ou cl\u00ednica.<\/p>\n\n\n\n<figure class=\"wp-block-table\"><table class=\"has-fixed-layout\"><thead><tr><th>Fator poss\u00edvel<\/th><th>O que pode parecer diferente<\/th><th>Prazo previsto<\/th><th>O que deve ser verificado<\/th><\/tr><\/thead><tbody><tr><td>Reidrata\u00e7\u00e3o dos dentes naturais<\/td><td>As facetas parecem mais brilhantes ou mais opacas ao lado dos dentes adjacentes<\/td><td>Das primeiras horas at\u00e9 \u00e0s 24\u201348 horas<\/td><td>Comparar com dentes totalmente hidratados<\/td><\/tr><tr><td>Polimeriza\u00e7\u00e3o do cimento de resina e exposi\u00e7\u00e3o precoce \u00e0 \u00e1gua<\/td><td>Ligeira varia\u00e7\u00e3o no valor, na intensidade ou na opacidade<\/td><td>Desde o in\u00edcio at\u00e9 \u00e0 primeira semana<\/td><td>Marca do cimento, tonalidade, modo de cura, espessura da cer\u00e2mica<\/td><\/tr><tr><td>Inflama\u00e7\u00e3o gengival ou recupera\u00e7\u00e3o<\/td><td>A zona cervical parece mais escura, mais avermelhada, mais curta ou menos sim\u00e9trica<\/td><td>De v\u00e1rios dias a algumas semanas<\/td><td>Sa\u00fade dos tecidos, excesso de cimento, estado das margens<\/td><\/tr><tr><td>Varia\u00e7\u00e3o da espessura da cer\u00e2mica<\/td><td>Uma unidade parece mais clara, mais cinzenta ou mais enobrecida<\/td><td>Persistente<\/td><td>Mapa de espessura, redu\u00e7\u00e3o, opacidade e camadas<\/td><\/tr><tr><td>Diferentes tonalidades de toco<\/td><td>Valores irregulares em v\u00e1rios revestimentos<\/td><td>Persistente<\/td><td>Fotografias da prepara\u00e7\u00e3o individual e amostras de tonalidades<\/td><\/tr><tr><td>Saliva e hidrata\u00e7\u00e3o superficial<\/td><td>Os folheados secos t\u00eam um aspeto mais esbranqui\u00e7ado; as superf\u00edcies h\u00famidas parecem mais profundas e transl\u00facidas<\/td><td>Altera\u00e7\u00f5es em poucos minutos<\/td><td>Avaliar ap\u00f3s a hidrata\u00e7\u00e3o oral normal<\/td><\/tr><tr><td>Ilumina\u00e7\u00e3o e processamento de imagem<\/td><td>Varia\u00e7\u00f5es de tonalidade entre a casa de banho, a cl\u00ednica, o carro, a luz do dia e as fotografias<\/td><td>Imediato e repet\u00edvel<\/td><td>Fonte de luz fixa, exposi\u00e7\u00e3o, equil\u00edbrio de brancos e ecr\u00e3<\/td><\/tr><tr><td>Textura da superf\u00edcie ou brilho excessivo<\/td><td>O dente parece mais largo, mais brilhante, mais plano ou mais artificial<\/td><td>Persistente<\/td><td>\u00c2ngulos das linhas, textura, esmalte e padr\u00e3o de reflexo<\/td><\/tr><tr><td>Inconsist\u00eancia no assentamento ou na camada de cimento<\/td><td>Um revestimento difere das unidades vizinhas<\/td><td>Persistente e localizado<\/td><td>Ajuste, cobertura completa, espessura do filme e margens<\/td><\/tr><\/tbody><\/table><\/figure>\n\n\n\n<p class=\"wp-block-paragraph\">Esta tabela revela a fragilidade da express\u00e3o \u201cesperar que a situa\u00e7\u00e3o se acalme\u201d.\u201d<\/p>\n\n\n\n<p class=\"wp-block-paragraph\">O que \u00e9, exatamente, a sedimenta\u00e7\u00e3o?<\/p>\n\n\n\n<p class=\"wp-block-paragraph\">Os dentes naturais podem estar a reidratar-se. O tecido gengival pode estar a recuperar. O cimento de resina pode estar a completar as primeiras altera\u00e7\u00f5es \u00f3ticas. A saliva pode estar a regressar a uma superf\u00edcie anteriormente seca. Mas a espessura da cer\u00e2mica, a opacidade incorreta, o mau assentamento e uma tonalidade do mon\u00e7\u00e3o n\u00e3o documentada n\u00e3o se corrigir\u00e3o por si s\u00f3 s\u00f3 porque passa mais uma semana.<\/p>\n\n\n\n<p class=\"wp-block-paragraph\">A espera n\u00e3o \u00e9 um diagn\u00f3stico.<\/p>\n\n\n\n<h2 class=\"wp-block-heading\">Por que raz\u00e3o o valor \u00e9, normalmente, mais importante do que o c\u00f3digo de tonalidade impresso<\/h2>\n\n\n\n<p class=\"wp-block-paragraph\">Muitos doentes descrevem uma faceta como \u201cda cor errada\u201d, quando o problema, na verdade, \u00e9 o tom errado.<\/p>\n\n\n\n<p class=\"wp-block-paragraph\">O valor \u00e9 a claridade ou escurid\u00e3o relativa de um dente. Determina o qu\u00e3o proeminente, larga, plana, profunda ou artificial uma restaura\u00e7\u00e3o parece, antes de o observador come\u00e7ar a identificar diferen\u00e7as mais subtis na tonalidade ou na satura\u00e7\u00e3o.<\/p>\n\n\n\n<p class=\"wp-block-paragraph\">Um folheado de alta qualidade pode ter o seguinte aspeto:<\/p>\n\n\n\n<ul class=\"wp-block-list\">\n<li>Demasiado branco<\/li>\n\n\n\n<li>Demasiado abrangente<\/li>\n\n\n\n<li>Demasiado plano<\/li>\n\n\n\n<li>Demasiado opaco<\/li>\n\n\n\n<li>Demasiado perto da c\u00e2mara<\/li>\n\n\n\n<li>Visivelmente separado dos dentes vizinhos<\/li>\n<\/ul>\n\n\n\n<p class=\"wp-block-paragraph\">Um folheado de baixo valor pode ter o seguinte aspeto:<\/p>\n\n\n\n<ul class=\"wp-block-list\">\n<li>Cinzento<\/li>\n\n\n\n<li>Estreito<\/li>\n\n\n\n<li>Empotrado<\/li>\n\n\n\n<li>Fino<\/li>\n\n\n\n<li>Excessivamente transl\u00facido<\/li>\n\n\n\n<li>Com sombreado na borda incisal<\/li>\n<\/ul>\n\n\n\n<p class=\"wp-block-paragraph\">A forma da superf\u00edcie pode agravar o problema. Uma superf\u00edcie facial ampla e com excesso de esmalte reflete um grande bloco de luz e pode parecer mais brilhante do que uma faceta com textura correta, fabricada a partir do mesmo lingote de cer\u00e2mica e cimentada com a mesma resina.<\/p>\n\n\n\n<p class=\"wp-block-paragraph\">A an\u00e1lise da Artist Dental Lab sobre <a href=\"https:\/\/artistdentallab.com\/pt\/why-value-matters-more-than-the-shade-tab-in-veneer-esthetics\/\">por que raz\u00e3o o valor \u00e9 mais importante do que uma amostra de cor de folheado<\/a> explica por que raz\u00e3o o valor deve, em geral, ser avaliado antes da cromaticidade e da matiz, e por que raz\u00e3o a fotografia, a sombra do toco, a espessura, o cimento de resina, os \u00e2ngulos das linhas e a textura da superf\u00edcie devem ser interpretados em conjunto.<\/p>\n\n\n\n<p class=\"wp-block-paragraph\">A minha opini\u00e3o sincera \u00e9 que muitas das supostas falhas de sombreamento s\u00e3o, na verdade, falhas de reflex\u00e3o.<\/p>\n\n\n\n<p class=\"wp-block-paragraph\">O laborat\u00f3rio pode ter reproduzido com precis\u00e3o a aba A1 ou BL3 solicitada. No entanto, se a cer\u00e2mica apresentar um contorno exagerado, for excessivamente lisa, tiver um esmalte uniforme ou n\u00e3o apresentar \u00e2ngulos naturais nas linhas de transi\u00e7\u00e3o, ir\u00e1 refletir a luz de forma diferente do dente adjacente.<\/p>\n\n\n\n<p class=\"wp-block-paragraph\">O c\u00f3digo da tonalidade pode estar correto, mas o dente continuar a parecer errado.<\/p>\n\n\n\n<h2 class=\"wp-block-heading\">Como a espessura e o material da cer\u00e2mica influenciam o resultado<\/h2>\n\n\n\n<p class=\"wp-block-paragraph\">Quanto mais fina e transl\u00facida for a restaura\u00e7\u00e3o, maior ser\u00e1 a influ\u00eancia que o substrato e o cimento podem exercer.<\/p>\n\n\n\n<p class=\"wp-block-paragraph\">Mas uma maior opacidade n\u00e3o significa, automaticamente, maior seguran\u00e7a.<\/p>\n\n\n\n<p class=\"wp-block-paragraph\">Aumentar a opacidade pode ocultar um stump escuro, ao mesmo tempo que reduz a profundidade, a fluoresc\u00eancia, a varia\u00e7\u00e3o interna e a transmiss\u00e3o de luz semelhante \u00e0 do esmalte. O resultado pode parecer adequado sob uma luz dent\u00e1ria, mas parecer plano \u00e0 luz do dia.<\/p>\n\n\n\n<h3 class=\"wp-block-heading\">Porcelana Feldsp\u00e1tica<\/h3>\n\n\n\n<p class=\"wp-block-paragraph\">As facetas de feldspato conseguem reproduzir uma translucidez delicada, efeitos internos, forma\u00e7\u00e3o de halo e microtextura em casos com esmalte abundante. Essa mesma sensibilidade \u00f3tica torna-as menos tolerantes quando o mon\u00e7\u00e3o \u00e9 escuro, a redu\u00e7\u00e3o \u00e9 irregular ou o laborat\u00f3rio recebe informa\u00e7\u00f5es incompletas sobre a tonalidade.<\/p>\n\n\n\n<h3 class=\"wp-block-heading\">Disilicato de l\u00edtio<\/h3>\n\n\n\n<p class=\"wp-block-paragraph\">Os sistemas de disilicato de l\u00edtio, como o IPS e.max, podem proporcionar diferentes n\u00edveis de translucidez e opacidade, permitindo ao t\u00e9cnico equilibrar o efeito de mascaramento com a transmiss\u00e3o de luz. No entanto, a sele\u00e7\u00e3o do lingote, a espessura da cer\u00e2mica, o plano de colora\u00e7\u00e3o ou de aplica\u00e7\u00e3o de camadas, a tonalidade do mon\u00e7\u00e3o e o cimento devem continuar a funcionar como um \u00fanico sistema.<\/p>\n\n\n\n<h3 class=\"wp-block-heading\">Zirc\u00f3nio<\/h3>\n\n\n\n<p class=\"wp-block-paragraph\">A zirc\u00f3nia de elevada translucidez pode oferecer maior capacidade de mascaramento ou resist\u00eancia em casos espec\u00edficos, mas o seu comportamento \u00f3tico difere do da vitrocer\u00e2mica. Escolh\u00ea-la apenas por ser \u201cmais resistente\u201d ignora as condi\u00e7\u00f5es de colagem do caso, a espessura, o substrato, o tratamento de superf\u00edcie e o objetivo est\u00e9tico.<\/p>\n\n\n\n<p class=\"wp-block-paragraph\">A decis\u00e3o deve ser baseada em crit\u00e9rios cl\u00ednicos, e n\u00e3o em preconceitos. O Laborat\u00f3rio Dent\u00e1rio Artist\u2019s <a href=\"https:\/\/artistdentallab.com\/pt\/e-max-zirconia-or-feldspathic-for-anterior-veneers-a-case-based-selection-guide\/\">Compara\u00e7\u00e3o, com base em casos, entre facetas de E.max, zirc\u00f3nia e feldspato<\/a> relaciona a escolha do material com a tonalidade do mon\u00e7\u00e3o, a disponibilidade do esmalte, o desenho da prepara\u00e7\u00e3o, os requisitos de m\u00e1scara, a oclus\u00e3o e o comportamento da luz pretendido.<\/p>\n\n\n\n<h2 class=\"wp-block-heading\">A avalia\u00e7\u00e3o de uma tonalidade ao longo de uma semana deve ser ponderada, e n\u00e3o emocional<\/h2>\n\n\n\n<p class=\"wp-block-paragraph\">N\u00e3o se deve perguntar a um doente se as facetas \u201cficam bem\u201d enquanto este se encontra debaixo de uma \u00fanica l\u00e2mpada de consult\u00f3rio azul-branca.<\/p>\n\n\n\n<p class=\"wp-block-paragraph\">Isso n\u00e3o \u00e9 um protocolo de avalia\u00e7\u00e3o.<\/p>\n\n\n\n<p class=\"wp-block-paragraph\">Deve ser realizada uma revis\u00e3o \u00fatil ao fim de uma semana, com os dentes normalmente hidratados e antes que a secagem prolongada ao ar, o polimento, a coloca\u00e7\u00e3o do dique de borracha ou o isolamento alterem a sua apar\u00eancia.<\/p>\n\n\n\n<h3 class=\"wp-block-heading\">Utilize condi\u00e7\u00f5es de visualiza\u00e7\u00e3o consistentes<\/h3>\n\n\n\n<p class=\"wp-block-paragraph\">Avaliar as facetas:<\/p>\n\n\n\n<ol class=\"wp-block-list\">\n<li>Com o doente na posi\u00e7\u00e3o vertical<\/li>\n\n\n\n<li>\u00c0 dist\u00e2ncia de uma conversa<\/li>\n\n\n\n<li>Sob ilumina\u00e7\u00e3o cl\u00ednica neutra<\/li>\n\n\n\n<li>Luz natural indireta, quando dispon\u00edvel<\/li>\n\n\n\n<li>Com os l\u00e1bios e todo o rosto \u00e0 vista<\/li>\n\n\n\n<li>Com retractores para uma segunda an\u00e1lise minuciosa<\/li>\n\n\n\n<li>Com as superf\u00edcies normalmente molhadas<\/li>\n\n\n\n<li>Ao lado das abas de tonalidade identificadas no mesmo plano facial<\/li>\n<\/ol>\n\n\n\n<p class=\"wp-block-paragraph\">Deve tamb\u00e9m perguntar-se ao doente se essa discrep\u00e2ncia se verifica em todos os ambientes ou apenas em espelhos, imagens de smartphones, ilumina\u00e7\u00e3o interior quente ou luz solar direta.<\/p>\n\n\n\n<p class=\"wp-block-paragraph\">Uma restaura\u00e7\u00e3o que parece errada em todas as circunst\u00e2ncias apresenta um problema diferente daquela que s\u00f3 parece diferente numa fotografia tirada com a c\u00e2mara frontal.<\/p>\n\n\n\n<h3 class=\"wp-block-heading\">Uniformizar a fotografia<\/h3>\n\n\n\n<p class=\"wp-block-paragraph\">As fotografias de sombras \u00fateis devem incluir:<\/p>\n\n\n\n<ul class=\"wp-block-list\">\n<li>Exposi\u00e7\u00e3o manual<\/li>\n\n\n\n<li>Equil\u00edbrio de brancos fixo<\/li>\n\n\n\n<li>Posi\u00e7\u00e3o repet\u00edvel do flash<\/li>\n\n\n\n<li>Ficheiros RAW, quando dispon\u00edveis<\/li>\n\n\n\n<li>Um cart\u00e3o cinzento ou uma refer\u00eancia de calibra\u00e7\u00e3o<\/li>\n\n\n\n<li>Separadores de tonalidades identificados<\/li>\n\n\n\n<li>Ajustar a dist\u00e2ncia entre a c\u00e2mara e o objeto<\/li>\n\n\n\n<li>Imagens com polariza\u00e7\u00e3o cruzada para cor interna<\/li>\n\n\n\n<li>Imagens n\u00e3o polarizadas para a textura e o brilho da superf\u00edcie<\/li>\n\n\n\n<li>Vistas de frente e retrancada<\/li>\n<\/ul>\n\n\n\n<p class=\"wp-block-paragraph\">N\u00e3o se deve comparar uma fotografia tirada com um smartphone com exposi\u00e7\u00e3o autom\u00e1tica no dia da integra\u00e7\u00e3o com uma imagem tirada com uma c\u00e2mara macro uma semana depois e considerar essa diferen\u00e7a como cient\u00edfica.<\/p>\n\n\n\n<p class=\"wp-block-paragraph\">A c\u00e2mara pode ter alterado a exposi\u00e7\u00e3o, o equil\u00edbrio de brancos, o contraste, a nitidez, o processamento HDR, a corre\u00e7\u00e3o do tom de pele e o brilho local antes de a imagem chegar ao ecr\u00e3.<\/p>\n\n\n\n<p class=\"wp-block-paragraph\">\u00abSharp\u00bb n\u00e3o \u00e9 preciso.<\/p>\n\n\n\n<h3 class=\"wp-block-heading\">Compare as \u00e1reas corretas<\/h3>\n\n\n\n<p class=\"wp-block-paragraph\">O m\u00e9dico e o laborat\u00f3rio devem comparar:<\/p>\n\n\n\n<ul class=\"wp-block-list\">\n<li>V\u00e1lvula cervical<\/li>\n\n\n\n<li>Valor do ter\u00e7o m\u00e9dio<\/li>\n\n\n\n<li>Translucidez incisal<\/li>\n\n\n\n<li>Efeitos de mamel\u00e3o ou de aur\u00e9ola<\/li>\n\n\n\n<li>Calor e cromatismo<\/li>\n\n\n\n<li>Brilho da superf\u00edcie<\/li>\n\n\n\n<li>Reflex\u00e3o em \u00e2ngulo de linha<\/li>\n\n\n\n<li>Dentes naturais adjacentes<\/li>\n\n\n\n<li>Simetria entre os incisivos centrais<\/li>\n\n\n\n<li>A margem em condi\u00e7\u00f5es de hidrata\u00e7\u00e3o<\/li>\n<\/ul>\n\n\n\n<p class=\"wp-block-paragraph\">Os dois incisivos centrais merecem uma aten\u00e7\u00e3o especial. As pessoas percebem rapidamente a assimetria dos incisivos centrais, uma vez que esses dentes definem o centro visual do sorriso.<\/p>\n\n\n\n<p class=\"wp-block-paragraph\">Uma pequena diferen\u00e7a de valor entre as cores centrais pode chamar mais a aten\u00e7\u00e3o do que uma diferen\u00e7a de matiz mais acentuada num c\u00e3o.<\/p>\n\n\n\n<h2 class=\"wp-block-heading\">Quando \u201cdar mais tempo\u201d faz sentido \u2014 e quando n\u00e3o faz<\/h2>\n\n\n\n<p class=\"wp-block-paragraph\">Uma diferen\u00e7a ligeira e generalizada, que se est\u00e1 a atenuar, que s\u00f3 \u00e9 vis\u00edvel sob condi\u00e7\u00f5es espec\u00edficas de ilumina\u00e7\u00e3o e que n\u00e3o est\u00e1 associada a dor, movimento, descolora\u00e7\u00e3o marginal ou problemas nos tecidos, pode justificar uma observa\u00e7\u00e3o controlada e a repeti\u00e7\u00e3o das fotografias.<\/p>\n\n\n\n<p class=\"wp-block-paragraph\">No entanto, um desfasamento persistente de uma unidade merece ser investigado.<\/p>\n\n\n\n<p class=\"wp-block-paragraph\">Preste mais aten\u00e7\u00e3o quando:<\/p>\n\n\n\n<ul class=\"wp-block-list\">\n<li>Um dos revestimentos apresenta uma diferen\u00e7a vis\u00edvel sob qualquer tipo de ilumina\u00e7\u00e3o<\/li>\n\n\n\n<li>Est\u00e1 a formar-se uma linha escura numa das margens<\/li>\n\n\n\n<li>A faceta parece n\u00e3o estar totalmente assente<\/li>\n\n\n\n<li>A zona cervical continua inflamada<\/li>\n\n\n\n<li>Suspeita-se de excesso de cimento<\/li>\n\n\n\n<li>O dente est\u00e1 a doer ou est\u00e1 cada vez mais sens\u00edvel<\/li>\n\n\n\n<li>A restaura\u00e7\u00e3o move-se ou parece inst\u00e1vel<\/li>\n\n\n\n<li>O desequil\u00edbrio est\u00e1 a aumentar, em vez de diminuir<\/li>\n\n\n\n<li>As fotografias da simula\u00e7\u00e3o aprovadas pelo doente diferem claramente do resultado final ap\u00f3s a colagem<\/li>\n<\/ul>\n\n\n\n<p class=\"wp-block-paragraph\">Estas conclus\u00f5es n\u00e3o provam automaticamente que a faceta tenha de ser removida. Significam apenas que o \u201cassentamento\u201d j\u00e1 n\u00e3o \u00e9 uma explica\u00e7\u00e3o adequada.<\/p>\n\n\n\n<p class=\"wp-block-paragraph\">E a remo\u00e7\u00e3o n\u00e3o \u00e9 uma tarefa trivial.<\/p>\n\n\n\n<p class=\"wp-block-paragraph\">Uma revis\u00e3o narrativa de 2024 revelou que as facetas dent\u00e1rias atingiram, em geral, taxas de sobreviv\u00eancia superiores a <strong>90% em per\u00edodos superiores a 10 anos<\/strong>, enquanto a fratura, o descolamento e a altera\u00e7\u00e3o de cor continuaram a figurar entre os padr\u00f5es de falha documentados. Os dados defendem um diagn\u00f3stico cuidadoso, em vez da substitui\u00e7\u00e3o autom\u00e1tica de uma restaura\u00e7\u00e3o com base numa fotografia tirada sem o devido cuidado sete dias ap\u00f3s o tratamento.<\/p>\n\n\n\n<h2 class=\"wp-block-heading\">Como as cl\u00ednicas e os laborat\u00f3rios podem evitar a incompatibilidade<\/h2>\n\n\n\n<p class=\"wp-block-paragraph\">A solu\u00e7\u00e3o come\u00e7a antes da prepara\u00e7\u00e3o.<\/p>\n\n\n\n<h3 class=\"wp-block-heading\">Registar a tonalidade antes da desidrata\u00e7\u00e3o<\/h3>\n\n\n\n<p class=\"wp-block-paragraph\">Registe as tonalidades de refer\u00eancia antes de a utiliza\u00e7\u00e3o de retractores, a secagem ao ar, o isolamento com dique de borracha ou um tratamento prolongado alterarem o esmalte.<\/p>\n\n\n\n<h3 class=\"wp-block-heading\">Fotografar todos os tocos<\/h3>\n\n\n\n<p class=\"wp-block-paragraph\">N\u00e3o apresente uma \u00fanica amostra de cor de coto para dez prepara\u00e7\u00f5es. Registe cada dente individualmente com uma etiqueta de cor identificada.<\/p>\n\n\n\n<h3 class=\"wp-block-heading\">Indique a espessura da cer\u00e2mica<\/h3>\n\n\n\n<p class=\"wp-block-paragraph\">Uma recomenda\u00e7\u00e3o de cimento sem indicar a espessura da cer\u00e2mica \u00e9 incompleta. Um cimento que desloque significativamente uma faceta de 0,3 mm pode ter um efeito muito menos vis\u00edvel sob uma restaura\u00e7\u00e3o mais espessa ou mais opaca.<\/p>\n\n\n\n<h3 class=\"wp-block-heading\">Teste mais do que uma op\u00e7\u00e3o de cimento<\/h3>\n\n\n\n<p class=\"wp-block-paragraph\">Avalie as pastas de ensaio com as restaura\u00e7\u00f5es totalmente encaixadas, o doente na posi\u00e7\u00e3o vertical e os dentes hidratados. Compare op\u00e7\u00f5es neutras, quentes, de alto contraste ou opacas apenas quando o problema cl\u00ednico o justificar.<\/p>\n\n\n\n<h3 class=\"wp-block-heading\">Definir o comportamento \u00f3tico<\/h3>\n\n\n\n<p class=\"wp-block-paragraph\">\u201cB1 natural\u201d n\u00e3o \u00e9 uma prescri\u00e7\u00e3o de laborat\u00f3rio.<\/p>\n\n\n\n<p class=\"wp-block-paragraph\">Uma prescri\u00e7\u00e3o v\u00e1lida deve definir o valor, a satura\u00e7\u00e3o cervical, a translucidez incisal, a opacidade, o halo, a textura, o brilho, os \u00e2ngulos das linhas, a tonalidade do monconco, a espessura, o material, o plano de cimenta\u00e7\u00e3o e qual a refer\u00eancia que tem a aprova\u00e7\u00e3o final.<\/p>\n\n\n\n<p class=\"wp-block-paragraph\">O guia para <a href=\"https:\/\/artistdentallab.com\/pt\/writing-a-veneer-lab-prescription-for-natural-texture-and-light-behavior\/\">elabora\u00e7\u00e3o de uma prescri\u00e7\u00e3o de laborat\u00f3rio de facetas para obter uma textura natural e um comportamento da luz adequado<\/a> proporciona um quadro mais s\u00f3lido para documentar essas vari\u00e1veis.<\/p>\n\n\n\n<h3 class=\"wp-block-heading\">Conservar os registos de entrega<\/h3>\n\n\n\n<p class=\"wp-block-paragraph\">Manter:<\/p>\n\n\n\n<ul class=\"wp-block-list\">\n<li>Fotografias de ensaio<\/li>\n\n\n\n<li>Tom e marca do cimento<\/li>\n\n\n\n<li>Material cer\u00e2mico e translucidez<\/li>\n\n\n\n<li>Informa\u00e7\u00f5es sobre a espessura de cada folheado<\/li>\n\n\n\n<li>Modelo de l\u00e2mpada de fotopolimeriza\u00e7\u00e3o e protocolo de exposi\u00e7\u00e3o<\/li>\n\n\n\n<li>Fotografias \u00e0 sombra de um toco<\/li>\n\n\n\n<li>Pestanas de sombreamento utilizadas<\/li>\n\n\n\n<li>Registos de autoriza\u00e7\u00e3o dos doentes<\/li>\n\n\n\n<li>Imagens imediatamente ap\u00f3s a colagem<\/li>\n\n\n\n<li>Fotografias padronizadas com intervalo de uma semana<\/li>\n<\/ul>\n\n\n\n<p class=\"wp-block-paragraph\">Sem esses registos, a cl\u00ednica e o laborat\u00f3rio ficam a debater-se com as suas mem\u00f3rias.<\/p>\n\n\n\n<p class=\"wp-block-paragraph\">A mem\u00f3ria fica sempre mais segura quando o resultado n\u00e3o corre bem.<\/p>\n\n\n\n<h2 class=\"wp-block-heading\">FAQs<\/h2>\n\n\n\n<h3 class=\"wp-block-heading\">Por que \u00e9 que as facetas t\u00eam um aspeto diferente uma semana ap\u00f3s a colagem?<\/h3>\n\n\n\n<p class=\"wp-block-paragraph\">As facetas podem apresentar um aspeto diferente uma semana ap\u00f3s a colagem, uma vez que as condi\u00e7\u00f5es de compara\u00e7\u00e3o se alteraram: os dentes adjacentes reidrataram-se, os tecidos gengivais recuperaram, o cimento de resina sofreu altera\u00e7\u00f5es \u00f3ticas iniciais e o resultado \u00e9 agora avaliado atrav\u00e9s dos efeitos combinados da espessura da cer\u00e2mica, da tonalidade do mon\u00e7\u00e3o, da textura da superf\u00edcie, da saliva e da ilumina\u00e7\u00e3o.<\/p>\n\n\n\n<p class=\"wp-block-paragraph\">\u00c9 poss\u00edvel que a porcelana, por si s\u00f3, n\u00e3o tenha sofrido uma altera\u00e7\u00e3o significativa na sua tonalidade intr\u00ednseca. \u00c9 necess\u00e1rio realizar um exame minucioso para identificar qual a camada que est\u00e1 a causar a diferen\u00e7a vis\u00edvel.<\/p>\n\n\n\n<h3 class=\"wp-block-heading\">Quanto tempo demora a cor das facetas a estabilizar?<\/h3>\n\n\n\n<p class=\"wp-block-paragraph\">A tonalidade das facetas deve, normalmente, ser reavaliada ap\u00f3s os dentes naturais e os tecidos orais terem recuperado a sua estabilidade, uma vez que as altera\u00e7\u00f5es dent\u00e1rias relacionadas com a desidrata\u00e7\u00e3o geralmente se resolvem no prazo de aproximadamente 24 a 48 horas; uma revis\u00e3o ap\u00f3s uma semana \u00e9 \u00fatil, pois permite a hidrata\u00e7\u00e3o normal, a recupera\u00e7\u00e3o precoce dos tecidos e uma compara\u00e7\u00e3o mais fi\u00e1vel sob ilumina\u00e7\u00e3o padronizada.<\/p>\n\n\n\n<p class=\"wp-block-paragraph\">Uma discrep\u00e2ncia persistente ap\u00f3s uma semana deve ser medida e documentada, em vez de ser automaticamente descartada como um processo cont\u00ednuo de assentamento.<\/p>\n\n\n\n<h3 class=\"wp-block-heading\">As facetas de porcelana podem mudar de cor ap\u00f3s a colagem?<\/h3>\n\n\n\n<p class=\"wp-block-paragraph\">As facetas de porcelana podem apresentar um aspeto final diferente ap\u00f3s a colagem, uma vez que o cimento de resina curado, a espessura da cer\u00e2mica, a tonalidade do monconho, a hidrata\u00e7\u00e3o da superf\u00edcie e os dentes adjacentes influenciam o resultado \u00f3tico global, embora a pr\u00f3pria porcelana seja, em geral, mais est\u00e1vel em termos de cor do que a camada de resina e seja improv\u00e1vel que sofra altera\u00e7\u00f5es de cor significativas durante a primeira semana.<\/p>\n\n\n\n<p class=\"wp-block-paragraph\">A mancha a longo prazo ou a descolora\u00e7\u00e3o do cimento \u00e9 uma quest\u00e3o distinta da diferen\u00e7a imediata observada ap\u00f3s o parto.<\/p>\n\n\n\n<h3 class=\"wp-block-heading\">O cimento de resina pode causar uma discrep\u00e2ncia na tonalidade da faceta?<\/h3>\n\n\n\n<p class=\"wp-block-paragraph\">O cimento de resina pode causar uma discrep\u00e2ncia na tonalidade da faceta quando a sua opacidade, valor, calor, espessura da camada, comportamento de polimeriza\u00e7\u00e3o ou aspeto final polimerizado diferem da previs\u00e3o feita durante o ensaio, sendo que este efeito se torna mais vis\u00edvel em facetas ultrafinas e altamente transl\u00facidas e menos vis\u00edvel em restaura\u00e7\u00f5es cer\u00e2micas mais espessas ou mais opacas.<\/p>\n\n\n\n<p class=\"wp-block-paragraph\">O cimento \u00e9 um modificador \u00f3tico, n\u00e3o um m\u00e9todo de corre\u00e7\u00e3o fi\u00e1vel para uma faceta fabricada com um valor ou opacidade fundamentalmente incorretos.<\/p>\n\n\n\n<h3 class=\"wp-block-heading\">A reidrata\u00e7\u00e3o dos dentes altera o aspeto das facetas?<\/h3>\n\n\n\n<p class=\"wp-block-paragraph\">A reidrata\u00e7\u00e3o dent\u00e1ria altera o aspeto das facetas, devolvendo ao esmalte natural desidratado a sua tonalidade normal, mais escura e transl\u00facida, o que pode fazer com que uma faceta de cer\u00e2mica n\u00e3o alterada pare\u00e7a mais brilhante ou mais opaca do que parecia ao lado de dentes naturais clareados artificialmente durante o isolamento, o ensaio, a colagem ou a fotografia p\u00f3s-operat\u00f3ria imediata.<\/p>\n\n\n\n<p class=\"wp-block-paragraph\">Estudos indicam que os dentes naturais podem permanecer visivelmente alterados ap\u00f3s 30 minutos de reidrata\u00e7\u00e3o, mas, em geral, voltam a aproximar-se do estado inicial ap\u00f3s 24 horas.<\/p>\n\n\n\n<h3 class=\"wp-block-heading\">Deve substituir-se uma faceta se a tonalidade estiver errada ao fim de uma semana?<\/h3>\n\n\n\n<p class=\"wp-block-paragraph\">Uma faceta n\u00e3o deve ser substitu\u00edda apenas porque parece diferente numa fotografia tirada sem controlo, com uma semana de intervalo; a substitui\u00e7\u00e3o deve ocorrer ap\u00f3s uma avalia\u00e7\u00e3o estruturada da hidrata\u00e7\u00e3o, ilumina\u00e7\u00e3o, sombra do mon\u00e7\u00e3o, espessura da cer\u00e2mica, sele\u00e7\u00e3o do cimento, assentamento, margens, sa\u00fade dos tecidos, textura da superf\u00edcie e registos originais aprovados do ensaio.<\/p>\n\n\n\n<p class=\"wp-block-paragraph\">Quando a incompatibilidade continua a ser evidente em condi\u00e7\u00f5es repet\u00edveis, o m\u00e9dico e o laborat\u00f3rio podem determinar se se justifica o polimento, a modifica\u00e7\u00e3o da superf\u00edcie, o tratamento dos dentes adjacentes ou a substitui\u00e7\u00e3o.<\/p>\n\n\n\n<h3 class=\"wp-block-heading\">\u00c9 poss\u00edvel alterar a tonalidade de um revestimento colado sem o remover?<\/h3>\n\n\n\n<p class=\"wp-block-paragraph\">A tonalidade cer\u00e2mica intr\u00ednseca de uma faceta colada n\u00e3o pode, normalmente, ser alterada de forma substancial sem a sua remo\u00e7\u00e3o, embora um polimento superficial limitado, um novo esmalte, uma modifica\u00e7\u00e3o da textura ou um ajuste da cor dos dentes circundantes possam alterar o brilho e a reflex\u00e3o percebidos, quando o problema \u00e9 superficial e n\u00e3o se situa na cer\u00e2mica, no cimento ou no dente subjacente.<\/p>\n\n\n\n<p class=\"wp-block-paragraph\">\u00c9 necess\u00e1rio identificar a origem da discrep\u00e2ncia antes de se tentar qualquer corre\u00e7\u00e3o irrevers\u00edvel.<\/p>\n\n\n\n<h3 class=\"wp-block-heading\">\u00c9 poss\u00edvel substituir uma faceta que n\u00e3o combina sem ter de substituir todo o conjunto?<\/h3>\n\n\n\n<p class=\"wp-block-paragraph\">Uma faceta que n\u00e3o combine pode ser substitu\u00edda sem ser necess\u00e1rio refazer todo o trabalho, mas o sucesso depende da reprodu\u00e7\u00e3o do valor, matiz, croma, translucidez, fluoresc\u00eancia, textura da superf\u00edcie, brilho, espessura da cer\u00e2mica, intera\u00e7\u00e3o com o substrato e caracter\u00edsticas de envelhecimento das unidades adjacentes, em vez de se limitar a encomendar o mesmo c\u00f3digo de tonalidade impresso.<\/p>\n\n\n\n<p class=\"wp-block-paragraph\">Guia da Artist Dental Lab sobre <a href=\"https:\/\/artistdentallab.com\/pt\/replacing-one-veneer-in-a-multi-unit-case-shade-and-texture-matching-strategies\/\">substitui\u00e7\u00e3o de uma faceta num caso com v\u00e1rias unidades<\/a> explica por que raz\u00e3o s\u00e3o necess\u00e1rias fotografias, registos materiais, a sombra do toco, mapas de textura e o historial do cimento existente.<\/p>\n\n\n\n<h2 class=\"wp-block-heading\">Transformar a revis\u00e3o semanal em evid\u00eancia<\/h2>\n\n\n\n<p class=\"wp-block-paragraph\">N\u00e3o diga ao doente: \u201cIsso vai resolver-se\u201d, sem definir o que se espera que mude.<\/p>\n\n\n\n<p class=\"wp-block-paragraph\">Hidrate os dentes. Normalize a ilumina\u00e7\u00e3o. Repita as fotografias. Registe a tonalidade do mon\u00f3mero, o material cer\u00e2mico, a espessura, o sistema de cimento, a textura da superf\u00edcie e a localiza\u00e7\u00e3o exata da discrep\u00e2ncia vis\u00edvel. Em seguida, compare o resultado com o ensaio aprovado e com os registos imediatamente ap\u00f3s a colagem.<\/p>\n\n\n\n<p class=\"wp-block-paragraph\">A dura realidade \u00e9 simples: uma incompatibilidade de tonalidade nas facetas n\u00e3o pode ser resolvida discutindo-se se \u00e9 A1 ou B1, ignorando todas as camadas \u00f3ticas por baixo e \u00e0 volta da cer\u00e2mica.<\/p>\n\n\n\n<p class=\"wp-block-paragraph\">Para an\u00e1lise t\u00e9cnica da tonalidade, sele\u00e7\u00e3o de materiais, apoio na prescri\u00e7\u00e3o ou um caso de ensaio anterior controlado, envie ao Artist Dental Lab os ficheiros STL, fotografias individuais da tonalidade do mon\u00e7\u00e3o, registos da tonalidade final, informa\u00e7\u00f5es sobre o cimento, especifica\u00e7\u00f5es da cer\u00e2mica e imagens padronizadas de uma semana atrav\u00e9s do <a href=\"https:\/\/artistdentallab.com\/pt\/contact\/\">P\u00e1gina de consultas do Laborat\u00f3rio Dent\u00e1rio Artist<\/a>.<\/p>\n\n\n\n<p class=\"wp-block-paragraph\"><\/p>","protected":false},"excerpt":{"rendered":"<p>Uma faceta que parecia adequada durante o ensaio pode parecer mais brilhante, mais cinzenta, mais quente ou mais opaca v\u00e1rios dias ap\u00f3s a colagem. A explica\u00e7\u00e3o raramente \u00e9 \u201ca porcelana mudou\u201d. A verdadeira resposta reside num sistema \u00f3tico em camadas que envolve a hidrata\u00e7\u00e3o do dente, a cor do substrato, a espessura da cer\u00e2mica, o cimento de resina, a reflex\u00e3o da superf\u00edcie, a recupera\u00e7\u00e3o dos tecidos e as condi\u00e7\u00f5es de observa\u00e7\u00e3o.<\/p>","protected":false},"author":1,"featured_media":1626,"comment_status":"open","ping_status":"open","sticky":false,"template":"","format":"standard","meta":{"footnotes":""},"categories":[22],"tags":[625,621,622,624,620,619,623],"class_list":["post-1625","post","type-post","status-publish","format-standard","has-post-thumbnail","hentry","category-dental-knowledge","tag-dental-veneer-esthetics","tag-porcelain-veneer-color","tag-resin-cement-shade","tag-tooth-rehydration","tag-veneer-color-change","tag-veneer-shade-change-after-bonding","tag-veneer-shade-mismatch"],"blocksy_meta":{"styles_descriptor":{"styles":{"desktop":"","tablet":"","mobile":""},"google_fonts":[],"version":7}},"_links":{"self":[{"href":"https:\/\/artistdentallab.com\/pt\/wp-json\/wp\/v2\/posts\/1625","targetHints":{"allow":["GET"]}}],"collection":[{"href":"https:\/\/artistdentallab.com\/pt\/wp-json\/wp\/v2\/posts"}],"about":[{"href":"https:\/\/artistdentallab.com\/pt\/wp-json\/wp\/v2\/types\/post"}],"author":[{"embeddable":true,"href":"https:\/\/artistdentallab.com\/pt\/wp-json\/wp\/v2\/users\/1"}],"replies":[{"embeddable":true,"href":"https:\/\/artistdentallab.com\/pt\/wp-json\/wp\/v2\/comments?post=1625"}],"version-history":[{"count":1,"href":"https:\/\/artistdentallab.com\/pt\/wp-json\/wp\/v2\/posts\/1625\/revisions"}],"predecessor-version":[{"id":1628,"href":"https:\/\/artistdentallab.com\/pt\/wp-json\/wp\/v2\/posts\/1625\/revisions\/1628"}],"wp:featuredmedia":[{"embeddable":true,"href":"https:\/\/artistdentallab.com\/pt\/wp-json\/wp\/v2\/media\/1626"}],"wp:attachment":[{"href":"https:\/\/artistdentallab.com\/pt\/wp-json\/wp\/v2\/media?parent=1625"}],"wp:term":[{"taxonomy":"category","embeddable":true,"href":"https:\/\/artistdentallab.com\/pt\/wp-json\/wp\/v2\/categories?post=1625"},{"taxonomy":"post_tag","embeddable":true,"href":"https:\/\/artistdentallab.com\/pt\/wp-json\/wp\/v2\/tags?post=1625"}],"curies":[{"name":"wp","href":"https:\/\/api.w.org\/{rel}","templated":true}]}}