{"id":1636,"date":"2026-08-07T03:23:08","date_gmt":"2026-08-07T03:23:08","guid":{"rendered":"https:\/\/artistdentallab.com\/"},"modified":"2026-08-07T03:38:01","modified_gmt":"2026-08-07T03:38:01","slug":"what-veneer-case-photos-reveal-about-a-labs-true-esthetic-skill","status":"publish","type":"post","link":"https:\/\/artistdentallab.com\/pt\/what-veneer-case-photos-reveal-about-a-labs-true-esthetic-skill\/","title":{"rendered":"O que as fotografias de casos de facetas revelam sobre a verdadeira compet\u00eancia est\u00e9tica de um laborat\u00f3rio"},"content":{"rendered":"<p class=\"wp-block-paragraph\">As fotografias revelam a habilidade.<\/p>\n\n\n\n<p class=\"wp-block-paragraph\">Quando avalio fotografias de casos de facetas, n\u00e3o me interrogo, em primeiro lugar, se os dentes parecem brancos ou se a fotografia apresenta um contraste acentuado; procuro ind\u00edcios de que o laborat\u00f3rio compreende as propor\u00e7\u00f5es, o valor, a translucidez, os \u00e2ngulos das linhas, a textura, o car\u00e1ter incisal, a integra\u00e7\u00e3o gengival e a forma como todas essas vari\u00e1veis se comportam em conjunto, em vez de individualmente.<\/p>\n\n\n\n<p class=\"wp-block-paragraph\">Ter dentes bonitos \u00e9 f\u00e1cil.<\/p>\n\n\n\n<p class=\"wp-block-paragraph\">Os dentes n\u00e3o parecem reais.<\/p>\n\n\n\n<p class=\"wp-block-paragraph\">Ent\u00e3o, o que \u00e9 que um dentista, um laborat\u00f3rio dent\u00e1rio, uma DSO ou uma equipa de aquisi\u00e7\u00e3o deve realmente procurar ao analisar o portf\u00f3lio de um laborat\u00f3rio dent\u00e1rio especializado em est\u00e9tica?<\/p>\n\n\n\n<p class=\"wp-block-paragraph\">A resposta \u00e9 inc\u00f3moda porque elimina muitos dos atalhos utilizados no marketing dent\u00e1rio.<\/p>\n\n\n\n<p class=\"wp-block-paragraph\">Uma bela imagem do \u00abantes e depois\u00bb de uma faceta de porcelana pode demonstrar algo \u00fatil, mas apenas se soubermos o que a fotografia \u00e9 capaz de provar \u2014 e o que pode esconder.<\/p>\n\n\n\n<p class=\"wp-block-paragraph\">A minha regra de trabalho \u00e9 simples: <strong>As boas fotografias de caixas com folheado devem resistir a uma an\u00e1lise minuciosa, e n\u00e3o apenas suscitar uma rea\u00e7\u00e3o emocional imediata.<\/strong><\/p>\n\n\n\n<p class=\"wp-block-paragraph\">Esta distin\u00e7\u00e3o \u00e9 importante.<\/p>\n\n\n\n<figure class=\"wp-block-image size-large\"><img fetchpriority=\"high\" decoding=\"async\" width=\"1024\" height=\"622\" src=\"https:\/\/artistdentallab.com\/wp-content\/uploads\/2026\/08\/What-Veneer-Case-Photos-Reveal-About-a-Labs-True-Esthetic-Skill-4-1024x622.jpg\" alt=\"O que as fotografias de casos de facetas revelam sobre a verdadeira compet\u00eancia est\u00e9tica de um laborat\u00f3rio\" class=\"wp-image-1640\" title=\"\" srcset=\"https:\/\/artistdentallab.com\/wp-content\/uploads\/2026\/08\/What-Veneer-Case-Photos-Reveal-About-a-Labs-True-Esthetic-Skill-4-1024x622.jpg 1024w, https:\/\/artistdentallab.com\/wp-content\/uploads\/2026\/08\/What-Veneer-Case-Photos-Reveal-About-a-Labs-True-Esthetic-Skill-4-300x182.jpg 300w, https:\/\/artistdentallab.com\/wp-content\/uploads\/2026\/08\/What-Veneer-Case-Photos-Reveal-About-a-Labs-True-Esthetic-Skill-4-768x466.jpg 768w, https:\/\/artistdentallab.com\/wp-content\/uploads\/2026\/08\/What-Veneer-Case-Photos-Reveal-About-a-Labs-True-Esthetic-Skill-4-18x12.jpg 18w, https:\/\/artistdentallab.com\/wp-content\/uploads\/2026\/08\/What-Veneer-Case-Photos-Reveal-About-a-Labs-True-Esthetic-Skill-4-500x303.jpg 500w, https:\/\/artistdentallab.com\/wp-content\/uploads\/2026\/08\/What-Veneer-Case-Photos-Reveal-About-a-Labs-True-Esthetic-Skill-4-600x364.jpg 600w, https:\/\/artistdentallab.com\/wp-content\/uploads\/2026\/08\/What-Veneer-Case-Photos-Reveal-About-a-Labs-True-Esthetic-Skill-4.jpg 1440w\" sizes=\"(max-width: 1024px) 100vw, 1024px\" \/><figcaption class=\"wp-element-caption\">O que as fotografias de casos de facetas revelam sobre a verdadeira compet\u00eancia est\u00e9tica de um laborat\u00f3rio<\/figcaption><\/figure>\n\n\n\n<h2 class=\"wp-block-heading\">As fotos de casos de facetas devem mostrar o controlo, e n\u00e3o apenas a brancura<\/h2>\n\n\n\n<p class=\"wp-block-paragraph\">A forma menos eficaz de avaliar os casos de facetas em laborat\u00f3rios dent\u00e1rios \u00e9 perguntar: \u201cEste sorriso fica bem?\u201d<\/p>\n\n\n\n<p class=\"wp-block-paragraph\">Essa pergunta \u00e9 demasiado abrangente.<\/p>\n\n\n\n<p class=\"wp-block-paragraph\">Um caso tecnicamente med\u00edocre pode parecer impressionante quando fotografado de um \u00e2ngulo favor\u00e1vel, com ilumina\u00e7\u00e3o frontal difusa, retocado de forma exagerada, apresentado no ecr\u00e3 de um smartphone e comparado com uma fotografia pr\u00e9-operat\u00f3ria pouco atraente.<\/p>\n\n\n\n<p class=\"wp-block-paragraph\">Em vez disso, divido o caso em problemas visuais distintos.<\/p>\n\n\n\n<h3 class=\"wp-block-heading\">Preste aten\u00e7\u00e3o ao valor antes da tonalidade<\/h3>\n\n\n\n<p class=\"wp-block-paragraph\">A primeira coisa que verifico \u00e9 o valor \u2014 a claridade ou escurid\u00e3o relativa das restaura\u00e7\u00f5es.<\/p>\n\n\n\n<p class=\"wp-block-paragraph\">Um folheado A1 pode, mesmo assim, ficar mal.<\/p>\n\n\n\n<p class=\"wp-block-paragraph\">Uma restaura\u00e7\u00e3o BL2 pode ter um aspeto perfeitamente natural no rosto certo.<\/p>\n\n\n\n<p class=\"wp-block-paragraph\">Os c\u00f3digos de tonalidade impressos n\u00e3o explicam tudo, uma vez que o aspeto vis\u00edvel da restaura\u00e7\u00e3o \u00e9 o resultado da opacidade da cer\u00e2mica, da espessura, da cor do mon\u00e7\u00e3o subjacente, do cimento de resina, do contorno facial, do brilho da superf\u00edcie, da ilumina\u00e7\u00e3o, da hidrata\u00e7\u00e3o e dos dentes adjacentes.<\/p>\n\n\n\n<p class=\"wp-block-paragraph\">\u00c9 por isso que a an\u00e1lise do site sobre <a href=\"https:\/\/artistdentallab.com\/pt\/why-veneer-shade-can-appear-different-one-week-after-bonding\/\">por que raz\u00e3o a tonalidade da faceta pode parecer diferente ap\u00f3s a colagem<\/a> \u00c9 \u00fatil na avalia\u00e7\u00e3o de galerias de casos. Uma fotografia que mostre uma restaura\u00e7\u00e3o com um tom muito claro n\u00e3o prova, automaticamente, que o t\u00e9cnico n\u00e3o tenha acertado na tonalidade selecionada. O problema aparente pode, em vez disso, dever-se ao valor, ao reflexo da superf\u00edcie, \u00e0 espessura da cer\u00e2mica, \u00e0 influ\u00eancia do substrato ou a condi\u00e7\u00f5es fotogr\u00e1ficas inconsistentes.<\/p>\n\n\n\n<p class=\"wp-block-paragraph\">Observe atentamente os incisivos centrais.<\/p>\n\n\n\n<p class=\"wp-block-paragraph\">Ser\u00e1 que um deles parece um pouco mais brilhante?<\/p>\n\n\n\n<p class=\"wp-block-paragraph\">O ter\u00e7o cervical fica anormalmente opaco?<\/p>\n\n\n\n<p class=\"wp-block-paragraph\">A superf\u00edcie facial produz um \u00fanico reflexo branco e amplo?<\/p>\n\n\n\n<p class=\"wp-block-paragraph\">Esses detalhes dizem-me muito mais sobre a qualidade do laborat\u00f3rio de facetas do que o nome da tonalidade indicado na receita.<\/p>\n\n\n\n<h3 class=\"wp-block-heading\">Procure o \u00abColor Zoning\u00bb, e n\u00e3o uma \u00fanica cor uniforme<\/h3>\n\n\n\n<p class=\"wp-block-paragraph\">Os dentes anteriores naturais raramente se comportam como azulejos de cer\u00e2mica de cor uniforme.<\/p>\n\n\n\n<p class=\"wp-block-paragraph\">O ter\u00e7o cervical pode apresentar maior croma.<\/p>\n\n\n\n<p class=\"wp-block-paragraph\">O ter\u00e7o do meio determina frequentemente o valor dominante.<\/p>\n\n\n\n<p class=\"wp-block-paragraph\">O ter\u00e7o incisal pode apresentar zonas transl\u00facidas de menor intensidade, halos, efeitos de mamel\u00e3o, opalesc\u00eancia, finas linhas de fissura\u00e7\u00e3o ou irregularidades subtis.<\/p>\n\n\n\n<p class=\"wp-block-paragraph\">Um laborat\u00f3rio dent\u00e1rio est\u00e9tico de alto n\u00edvel compreende esta distribui\u00e7\u00e3o.<\/p>\n\n\n\n<p class=\"wp-block-paragraph\">Uma l\u00e2mina fina produz frequentemente o mesmo brilho desde a margem gengival at\u00e9 \u00e0 borda incisal.<\/p>\n\n\n\n<p class=\"wp-block-paragraph\">Isso cria o que eu chamo de efeito do \u201cteclado branco\u201d: cada dente est\u00e1, tecnicamente, limpo, mas visualmente sem vida.<\/p>\n\n\n\n<h2 class=\"wp-block-heading\">A borda incisal \u00e9 onde os trabalhos em cer\u00e2mica de qualidade m\u00e9dia ficam expostos<\/h2>\n\n\n\n<p class=\"wp-block-paragraph\">Dedico um tempo desproporcional a estudar as bordas incisais.<\/p>\n\n\n\n<p class=\"wp-block-paragraph\">Porqu\u00ea?<\/p>\n\n\n\n<p class=\"wp-block-paragraph\">Porque \u00e9 aqui que a cer\u00e2mica tem menos s\u00edtios onde se esconder.<\/p>\n\n\n\n<p class=\"wp-block-paragraph\">Um caso de facetas bem conseguido pode apresentar uma translucidez moderada, uma varia\u00e7\u00e3o interna subtil, um halo irregular mas intencional, ligeiras diferen\u00e7as entre os incisivos centrais e laterais e uma morfologia dos bordos que se harmonize com a idade do doente e com a denti\u00e7\u00e3o existente.<\/p>\n\n\n\n<p class=\"wp-block-paragraph\">Um caso menos s\u00f3lido apresenta frequentemente um destes quatro padr\u00f5es:<\/p>\n\n\n\n<ul class=\"wp-block-list\">\n<li>Bordas incisais totalmente opacas<\/li>\n\n\n\n<li>Translucidez azul-acinzentada id\u00eantica em todos os dentes<\/li>\n\n\n\n<li>Halo brancos e espessos que se estendem por todo o segmento anterior<\/li>\n\n\n\n<li>Contornos artificialmente n\u00edtidos, sem transi\u00e7\u00e3o \u00f3tica<\/li>\n<\/ul>\n\n\n\n<p class=\"wp-block-paragraph\">Nenhum desses fatores prova, por si s\u00f3, que a fabrica\u00e7\u00e3o foi mal feita.<\/p>\n\n\n\n<p class=\"wp-block-paragraph\">Mas a repeti\u00e7\u00e3o \u00e9 importante.<\/p>\n\n\n\n<p class=\"wp-block-paragraph\">Se dez doentes completamente diferentes receberem todos a mesma impress\u00e3o digital incisal, j\u00e1 n\u00e3o estou a considerar uma caracteriza\u00e7\u00e3o espec\u00edfica de cada doente.<\/p>\n\n\n\n<p class=\"wp-block-paragraph\">Estou a ver um modelo ao estilo de laborat\u00f3rio.<\/p>\n\n\n\n<p class=\"wp-block-paragraph\">E os modelos de estilo tornam-se perigosos quando come\u00e7am a substituir a observa\u00e7\u00e3o.<\/p>\n\n\n\n<h2 class=\"wp-block-heading\">A textura da superf\u00edcie \u00e9 um dos melhores indicadores da verdadeira compet\u00eancia est\u00e9tica<\/h2>\n\n\n\n<p class=\"wp-block-paragraph\">A sombra chama a aten\u00e7\u00e3o.<\/p>\n\n\n\n<p class=\"wp-block-paragraph\">A textura confere credibilidade.<\/p>\n\n\n\n<p class=\"wp-block-paragraph\">O esmalte natural n\u00e3o \u00e9 uniformemente liso, nem todas as facetas devem apresentar sulcos acentuados apenas para demonstrar que foram feitas \u00e0 m\u00e3o.<\/p>\n\n\n\n<p class=\"wp-block-paragraph\">O controlo da superf\u00edcie real \u00e9 mais moderado.<\/p>\n\n\n\n<p class=\"wp-block-paragraph\">O t\u00e9cnico deve controlar o macrocontorno, a anatomia secund\u00e1ria, os \u00e2ngulos das linhas de transi\u00e7\u00e3o, a textura terci\u00e1ria e o brilho final, sem permitir que nenhum destes elementos se sobreponha aos outros.<\/p>\n\n\n\n<p class=\"wp-block-paragraph\">Guia da Artist Dental Lab sobre <a href=\"https:\/\/artistdentallab.com\/pt\/which-veneer-material-offers-the-best-control-of-surface-texture\/\">Qual \u00e9 o material de folheado que oferece o melhor controlo da textura da superf\u00edcie?<\/a> faz uma distin\u00e7\u00e3o importante: os diferentes sistemas cer\u00e2micos proporcionam diferentes graus de liberdade, mas a escolha do material, por si s\u00f3, n\u00e3o confere uma textura natural.<\/p>\n\n\n\n<p class=\"wp-block-paragraph\">O t\u00e9cnico ainda tem de compreender a luz.<\/p>\n\n\n\n<h3 class=\"wp-block-heading\">Um teste simples: siga o reflexo<\/h3>\n\n\n\n<p class=\"wp-block-paragraph\">N\u00e3o preste aten\u00e7\u00e3o \u00e0 cor dos dentes durante cinco segundos.<\/p>\n\n\n\n<p class=\"wp-block-paragraph\">Concentra-te apenas no ponto alto.<\/p>\n\n\n\n<p class=\"wp-block-paragraph\">Num incisivo central com aspeto natural, a zona de luz refletida deve, normalmente, apresentar textura. Pode estreitar-se, alargar-se, suavizar-se ou quebrar-se, dependendo do contorno facial e da ilumina\u00e7\u00e3o.<\/p>\n\n\n\n<p class=\"wp-block-paragraph\">Se todas as folhas de madeira apresentarem a mesma faixa branca vertical larga, fico desconfiado.<\/p>\n\n\n\n<p class=\"wp-block-paragraph\">Porqu\u00ea?<\/p>\n\n\n\n<p class=\"wp-block-paragraph\">Porque a restaura\u00e7\u00e3o pode ser demasiado plana, demasiado convexa, excessivamente esmaltada ou n\u00e3o apresentar a anatomia de transi\u00e7\u00e3o.<\/p>\n\n\n\n<p class=\"wp-block-paragraph\">O resultado pode ficar muito bem numa fotografia tirada de um determinado \u00e2ngulo, mas perder a qualidade visual quando o doente se move.<\/p>\n\n\n\n<p class=\"wp-block-paragraph\">\u00c9 a\u00ed que um portf\u00f3lio de casos s\u00f3lido se distingue da \u00abodontologia do Instagram\u00bb.<\/p>\n\n\n\n<h2 class=\"wp-block-heading\">\u00c9 mais dif\u00edcil falsificar a propor\u00e7\u00e3o dos dentes do que a cor<\/h2>\n\n\n\n<p class=\"wp-block-paragraph\">Uma das coisas mais \u00fateis que as fotografias de casos de facetas revelam \u00e9 se o laborat\u00f3rio compreende as propor\u00e7\u00f5es.<\/p>\n\n\n\n<p class=\"wp-block-paragraph\">A rela\u00e7\u00e3o largura\/comprimento dos incisivos centrais maxilares influencia a domin\u00e2ncia, a idade aparente, as caracter\u00edsticas faciais e o ritmo geral do sorriso.<\/p>\n\n\n\n<p class=\"wp-block-paragraph\">Mas n\u00e3o existe uma propor\u00e7\u00e3o m\u00e1gica universal.<\/p>\n\n\n\n<p class=\"wp-block-paragraph\">Esse \u00e9 um ponto importante.<\/p>\n\n\n\n<p class=\"wp-block-paragraph\">Um laborat\u00f3rio que force mecanicamente todos os incisivos centrais a assumirem a mesma propor\u00e7\u00e3o n\u00e3o est\u00e1 a demonstrar disciplina est\u00e9tica. Est\u00e1 a demonstrar depend\u00eancia de um modelo.<\/p>\n\n\n\n<p class=\"wp-block-paragraph\">A quest\u00e3o mais pertinente \u00e9 se os dentes ficam bem nesse rosto em particular.<\/p>\n\n\n\n<p class=\"wp-block-paragraph\">Artigo do Artist Dental Lab sobre <a href=\"https:\/\/artistdentallab.com\/pt\/how-veneer-width-to-length-ratio-changes-smile-character\/\">como a rela\u00e7\u00e3o largura\/comprimento da faceta altera o car\u00e1ter do sorriso<\/a> analisa por que raz\u00e3o as dimens\u00f5es f\u00edsicas e a largura \u00f3tica n\u00e3o s\u00e3o a mesma coisa. Os \u00e2ngulos das linhas de transi\u00e7\u00e3o podem fazer com que uma faceta pare\u00e7a mais estreita ou mais larga, mesmo quando a sua dimens\u00e3o mesiodistal real quase n\u00e3o se altera.<\/p>\n\n\n\n<p class=\"wp-block-paragraph\">\u00c9 precisamente isto que procuro nas fotos de caixas com revestimento em folheado.<\/p>\n\n\n\n<h3 class=\"wp-block-heading\">Verifique primeiro os centrais<\/h3>\n\n\n\n<p class=\"wp-block-paragraph\">Os incisivos centrais costumam ser o elemento mais marcante do sorriso.<\/p>\n\n\n\n<p class=\"wp-block-paragraph\">Pergunte:<\/p>\n\n\n\n<p class=\"wp-block-paragraph\">Ser\u00e3o que se destacam sem parecerem demasiado grandes?<\/p>\n\n\n\n<p class=\"wp-block-paragraph\">Ser\u00e1 que se assemelham demasiado?<\/p>\n\n\n\n<p class=\"wp-block-paragraph\">As bordas incisais est\u00e3o alinhadas com o l\u00e1bio inferior?<\/p>\n\n\n\n<p class=\"wp-block-paragraph\">Os \u00e2ngulos das linhas s\u00e3o sim\u00e9tricos onde deveriam ser?<\/p>\n\n\n\n<p class=\"wp-block-paragraph\">Ser\u00e1 que uma das centrais parece mais larga porque a sua zona de reflex\u00e3o \u00e9 mais ampla?<\/p>\n\n\n\n<p class=\"wp-block-paragraph\">Um estudo de rastreio ocular realizado em 2026, que envolveu <strong>189 participantes<\/strong> manipulou v\u00e1rias vari\u00e1veis dentolabiais, incluindo as larguras do corredor bucal de <strong>5%, 10%, 15% e 25%<\/strong>, \u00e2ngulos do plano oclusal de <strong>0\u00b0, 2\u00b0, 4\u00b0 e 6\u00b0<\/strong>, desvios da linha m\u00e9dia dent\u00e1ria at\u00e9 <strong>3 mm<\/strong>, e exposi\u00e7\u00e3o gengival a partir de <strong>\u22122 mm a +4 mm<\/strong>. Os desvios mais acentuados tenderam a reduzir as classifica\u00e7\u00f5es est\u00e9ticas, enquanto as assimetrias pronunciadas atra\u00edram repetidamente a aten\u00e7\u00e3o visual.<\/p>\n\n\n\n<p class=\"wp-block-paragraph\">Essa constata\u00e7\u00e3o refor\u00e7a algo que os observadores experientes em est\u00e9tica j\u00e1 intuiem: o olhar volta sempre \u00e0s inconsist\u00eancias.<\/p>\n\n\n\n<p class=\"wp-block-paragraph\">O observador n\u00e3o pode afirmar: \u201cA linha m\u00e9dia dent\u00e1ria est\u00e1 deslocada 2,5 mm.\u201d<\/p>\n\n\n\n<p class=\"wp-block-paragraph\">Limitaram-se a dizer: \u201cH\u00e1 algo que n\u00e3o parece certo.\u201d<\/p>\n\n\n\n<p class=\"wp-block-paragraph\">Um laborat\u00f3rio especializado aprende a identificar a causa antes de a cer\u00e2mica estar conclu\u00edda.<\/p>\n\n\n\n<h2 class=\"wp-block-heading\">O que as fotografias de casos de folheados bem e mal executados costumam revelar<\/h2>\n\n\n\n<p class=\"wp-block-paragraph\">Utilizo os seguintes crit\u00e9rios ao comparar o melhor laborat\u00f3rio dent\u00e1rio para facetas com um portf\u00f3lio que se limita a apresentar boas fotografias.<\/p>\n\n\n\n<figure class=\"wp-block-table\"><table class=\"has-fixed-layout\"><thead><tr><th>O que verificar<\/th><th>Evid\u00eancia est\u00e9tica s\u00f3lida<\/th><th>Sinal de aviso<\/th><\/tr><\/thead><tbody><tr><td>Valor do incisivo central<\/td><td>Controlado e equilibrado com o rosto<\/td><td>Brilho esbranqui\u00e7ado e excessivamente dominante<\/td><\/tr><tr><td>Ter\u00e7o cervical<\/td><td>Progress\u00e3o natural da cromaticidade<\/td><td>A mesma cor desde a regi\u00e3o cervical at\u00e9 \u00e0 incisal<\/td><\/tr><tr><td>Translucidez incisal<\/td><td>Localizado e espec\u00edfico para cada caso<\/td><td>Uma faixa id\u00eantica, azul ou cinzenta, em todas as caixas<\/td><\/tr><tr><td>Textura da superf\u00edcie<\/td><td>Vis\u00edvel sob luz direcional, mas pouco vis\u00edvel quando observado de frente<\/td><td>Ritmos profundos e repetitivos<\/td><\/tr><tr><td>\u00c2ngulos das linhas<\/td><td>Controlar a largura aparente e a simetria<\/td><td>Reflex\u00e3o plana ou excessivamente ampla<\/td><\/tr><tr><td>Propor\u00e7\u00e3o dent\u00e1ria<\/td><td>Aplica-se nos l\u00e1bios, no rosto e nos dentes adjacentes<\/td><td>A mesma biblioteca de dentes repetida em diferentes doentes<\/td><\/tr><tr><td>Canhotos<\/td><td>Progressivo e natural<\/td><td>Espa\u00e7amento id\u00eantico entre todos os dentes<\/td><\/tr><tr><td>Integra\u00e7\u00e3o gengival<\/td><td>Margens visualmente s\u00f3brias<\/td><td>Margens escuras, contorno cervical volumoso, assimetria<\/td><\/tr><tr><td>Incisivos laterais<\/td><td>Apoiar a domin\u00e2ncia central<\/td><td>T\u00eam o mesmo tamanho e impacto visual que os centrais<\/td><\/tr><tr><td>C\u00e3es<\/td><td>Transi\u00e7\u00e3o natural na cor e na forma<\/td><td>Caninos brancos como a neve, id\u00eanticos aos dentes centrais<\/td><\/tr><tr><td>Brilho da superf\u00edcie<\/td><td>Reflexo semelhante ao do esmalte<\/td><td>Cobertura espelhada uniforme<\/td><\/tr><tr><td>Fotografia<\/td><td>Ilumina\u00e7\u00e3o e orienta\u00e7\u00e3o repet\u00edveis<\/td><td>Montagem dram\u00e1tica, mas inconsistente<\/td><\/tr><tr><td>Variedade de casos<\/td><td>Unidades individuais, embalagens com v\u00e1rias unidades, diferentes substratos<\/td><td>Apenas casos de branqueamento de arcada completa que permitam a corre\u00e7\u00e3o<\/td><\/tr><\/tbody><\/table><\/figure>\n\n\n\n<p class=\"wp-block-paragraph\">A \u00faltima linha merece mais aten\u00e7\u00e3o do que aquela que normalmente recebe.<\/p>\n\n\n\n<h2 class=\"wp-block-heading\">O melhor portf\u00f3lio n\u00e3o \u00e9 aquele que cont\u00e9m os casos mais perfeitos<\/h2>\n\n\n\n<p class=\"wp-block-paragraph\">Uma galeria repleta de dez vitrines com folheados em tom de lix\u00edvia diz-me menos do que a maioria dos compradores pensa.<\/p>\n\n\n\n<p class=\"wp-block-paragraph\">Esses casos podem demonstrar coer\u00eancia.<\/p>\n\n\n\n<p class=\"wp-block-paragraph\">Mas nem sempre s\u00e3o o maior desafio est\u00e9tico.<\/p>\n\n\n\n<p class=\"wp-block-paragraph\">Quero ver casos dif\u00edceis.<\/p>\n\n\n\n<h3 class=\"wp-block-heading\">Mostra-me um \u00fanico incisivo central<\/h3>\n\n\n\n<p class=\"wp-block-paragraph\">Comparar um incisivo central com um dente contralateral intacto \u00e9 uma tarefa \u00e1rdua.<\/p>\n\n\n\n<p class=\"wp-block-paragraph\">A nova restaura\u00e7\u00e3o deve reproduzir:<\/p>\n\n\n\n<ul class=\"wp-block-list\">\n<li>Valor<\/li>\n\n\n\n<li>Hue<\/li>\n\n\n\n<li>Chroma<\/li>\n\n\n\n<li>Translucidez<\/li>\n\n\n\n<li>Convexidade facial<\/li>\n\n\n\n<li>Posi\u00e7\u00e3o da linha-\u00e2ngulo<\/li>\n\n\n\n<li>Efeitos incisais<\/li>\n\n\n\n<li>Textura da superf\u00edcie<\/li>\n\n\n\n<li>Brilho<\/li>\n\n\n\n<li>Largura aparente<\/li>\n\n\n\n<li>Padr\u00e3o de desgaste<\/li>\n<\/ul>\n\n\n\n<p class=\"wp-block-paragraph\">N\u00e3o h\u00e1 onde distribuir essa discrep\u00e2ncia.<\/p>\n\n\n\n<p class=\"wp-block-paragraph\">Se estou a tentar avaliar a verdadeira compet\u00eancia est\u00e9tica de um laborat\u00f3rio, um \u00fanico caso de coroa central convincente pode dizer-me mais do que vinte transforma\u00e7\u00f5es uniformes do sorriso.<\/p>\n\n\n\n<h3 class=\"wp-block-heading\">Mostre-me uma reconstru\u00e7\u00e3o de uma \u00fanica unidade no interior de uma caixa de faceta j\u00e1 existente<\/h3>\n\n\n\n<p class=\"wp-block-paragraph\">Isto \u00e9 ainda mais revelador.<\/p>\n\n\n\n<p class=\"wp-block-paragraph\">A cer\u00e2mica existente j\u00e1 adquiriu a sua pr\u00f3pria identidade \u00f3tica. A faceta de substitui\u00e7\u00e3o tem de corresponder n\u00e3o s\u00f3 \u00e0 tonalidade pretendida, mas tamb\u00e9m ao contorno, ao acabamento envelhecido da superf\u00edcie, \u00e0 reflex\u00e3o da luz, \u00e0 caracteriza\u00e7\u00e3o e ao ritmo visual das restaura\u00e7\u00f5es circundantes.<\/p>\n\n\n\n<p class=\"wp-block-paragraph\">\u00c9 por isso que <a href=\"https:\/\/artistdentallab.com\/pt\/replacing-one-veneer-in-a-multi-unit-case-shade-and-texture-matching-strategies\/\">substitui\u00e7\u00e3o de uma faceta num caso com v\u00e1rias unidades<\/a> \u00e9 um tema de refer\u00eancia extremamente \u00fatil para as cl\u00ednicas que pretendem avaliar um parceiro laboratorial.<\/p>\n\n\n\n<p class=\"wp-block-paragraph\">Um laborat\u00f3rio capaz de lidar com isto de forma consistente est\u00e1 a demonstrar disciplina observacional.<\/p>\n\n\n\n<p class=\"wp-block-paragraph\">N\u00e3o se trata apenas da capacidade de produ\u00e7\u00e3o.<\/p>\n\n\n\n<h3 class=\"wp-block-heading\">Mostrar-me condi\u00e7\u00f5es iniciais diferentes<\/h3>\n\n\n\n<p class=\"wp-block-paragraph\">Tamb\u00e9m quero ver alguma variedade:<\/p>\n\n\n\n<p class=\"wp-block-paragraph\">Casos em que o esmalte \u00e9 o componente predominante.<\/p>\n\n\n\n<p class=\"wp-block-paragraph\">Substratos escuros.<\/p>\n\n\n\n<p class=\"wp-block-paragraph\">Dentes restaurados.<\/p>\n\n\n\n<p class=\"wp-block-paragraph\">Propor\u00e7\u00f5es dent\u00e1rias diferentes.<\/p>\n\n\n\n<p class=\"wp-block-paragraph\">Linhas de express\u00e3o altas.<\/p>\n\n\n\n<p class=\"wp-block-paragraph\">Doentes idosos.<\/p>\n\n\n\n<p class=\"wp-block-paragraph\">Doentes mais jovens.<\/p>\n\n\n\n<p class=\"wp-block-paragraph\">Formas faciais masculinas e femininas.<\/p>\n\n\n\n<p class=\"wp-block-paragraph\">Casos feldsp\u00e1ticos.<\/p>\n\n\n\n<p class=\"wp-block-paragraph\">Casos de disilicato de l\u00edtio.<\/p>\n\n\n\n<p class=\"wp-block-paragraph\">Casos que requerem uma prepara\u00e7\u00e3o m\u00ednima.<\/p>\n\n\n\n<p class=\"wp-block-paragraph\">Dentes com uma prepara\u00e7\u00e3o mais extensa.<\/p>\n\n\n\n<p class=\"wp-block-paragraph\">Porqu\u00ea?<\/p>\n\n\n\n<p class=\"wp-block-paragraph\">Porque o mesmo design de faceta n\u00e3o deve aparecer em todos os doentes.<\/p>\n\n\n\n<figure class=\"wp-block-image size-full\"><img decoding=\"async\" width=\"735\" height=\"418\" src=\"https:\/\/artistdentallab.com\/wp-content\/uploads\/2026\/08\/What-Veneer-Case-Photos-Reveal-About-a-Labs-True-Esthetic-Skill-3.jpg\" alt=\"O que as fotografias de casos de facetas revelam sobre a verdadeira compet\u00eancia est\u00e9tica de um laborat\u00f3rio\" class=\"wp-image-1639\" title=\"\" srcset=\"https:\/\/artistdentallab.com\/wp-content\/uploads\/2026\/08\/What-Veneer-Case-Photos-Reveal-About-a-Labs-True-Esthetic-Skill-3.jpg 735w, https:\/\/artistdentallab.com\/wp-content\/uploads\/2026\/08\/What-Veneer-Case-Photos-Reveal-About-a-Labs-True-Esthetic-Skill-3-300x171.jpg 300w, https:\/\/artistdentallab.com\/wp-content\/uploads\/2026\/08\/What-Veneer-Case-Photos-Reveal-About-a-Labs-True-Esthetic-Skill-3-18x10.jpg 18w, https:\/\/artistdentallab.com\/wp-content\/uploads\/2026\/08\/What-Veneer-Case-Photos-Reveal-About-a-Labs-True-Esthetic-Skill-3-500x284.jpg 500w, https:\/\/artistdentallab.com\/wp-content\/uploads\/2026\/08\/What-Veneer-Case-Photos-Reveal-About-a-Labs-True-Esthetic-Skill-3-600x341.jpg 600w\" sizes=\"(max-width: 735px) 100vw, 735px\" \/><figcaption class=\"wp-element-caption\">O que as fotografias de casos de facetas revelam sobre a verdadeira compet\u00eancia est\u00e9tica de um laborat\u00f3rio<\/figcaption><\/figure>\n\n\n\n<h2 class=\"wp-block-heading\">A qualidade da fotografia \u00e9 importante \u2014 mas as c\u00e2maras caras n\u00e3o significam, automaticamente, provas de melhor qualidade<\/h2>\n\n\n\n<p class=\"wp-block-paragraph\">Eis uma verdade inc\u00f3moda para quem estiver a analisar galerias de \u00abantes e depois\u00bb de facetas de porcelana:<\/p>\n\n\n\n<p class=\"wp-block-paragraph\">Uma fotografia bonita n\u00e3o \u00e9, por si s\u00f3, uma fotografia fiel \u00e0 realidade.<\/p>\n\n\n\n<p class=\"wp-block-paragraph\">O processamento da c\u00e2mara pode alterar a exposi\u00e7\u00e3o, o equil\u00edbrio de brancos, o contraste, a nitidez, a satura\u00e7\u00e3o, as sombras e o brilho local.<\/p>\n\n\n\n<p class=\"wp-block-paragraph\">Atualmente, os telem\u00f3veis realizam automaticamente um processamento computacional consider\u00e1vel.<\/p>\n\n\n\n<p class=\"wp-block-paragraph\">Os ficheiros das c\u00e2maras DSLR podem ser editados com a mesma intensidade posteriormente.<\/p>\n\n\n\n<p class=\"wp-block-paragraph\">Por isso, n\u00e3o me interessa tanto se o laborat\u00f3rio se refere a \u201cfotografia DSLR\u201d, mas sim se o seu protocolo parece estar bem controlado.<\/p>\n\n\n\n<p class=\"wp-block-paragraph\">A <strong>Revis\u00e3o sistem\u00e1tica de 2026, realizada por investigadores ligados \u00e0 Universidade de Hong Kong<\/strong> inclu\u00eddo <strong>oito estudos<\/strong> compara\u00e7\u00e3o entre m\u00e9todos com smartphone e DSLR para a avalia\u00e7\u00e3o da tonalidade dent\u00e1ria: tr\u00eas estudos in vivo, tr\u00eas estudos in vitro e dois que utilizaram ambos os contextos. Sete utilizaram medi\u00e7\u00f5es da diferen\u00e7a de cor CIELAB. Os revisores n\u00e3o identificaram um dispositivo vencedor de forma consistente e salientaram a import\u00e2ncia da padroniza\u00e7\u00e3o da ilumina\u00e7\u00e3o, da calibra\u00e7\u00e3o, das defini\u00e7\u00f5es da c\u00e2mara e da aquisi\u00e7\u00e3o de imagens.<\/p>\n\n\n\n<p class=\"wp-block-paragraph\">Essa conclus\u00e3o \u00e9 importante.<\/p>\n\n\n\n<p class=\"wp-block-paragraph\">A c\u00e2mara n\u00e3o \u00e9 o que conta.<\/p>\n\n\n\n<p class=\"wp-block-paragraph\">O protocolo \u00e9 o seguinte.<\/p>\n\n\n\n<p class=\"wp-block-paragraph\">Um estudo independente de 2024 sobre fotografia dent\u00e1ria digital calibrada revelou uma elevada consist\u00eancia, com <strong>Valores de \u03b1 de Cronbach de aproximadamente 0,94\u20130,96<\/strong> pelo seu fluxo de trabalho calibrado \u201cda captura \u00e0 edi\u00e7\u00e3o\u201d, que refor\u00e7a o valor da fotografia controlada para o mapeamento comparativo de cores, apesar de ainda se verificarem discrep\u00e2ncias em rela\u00e7\u00e3o \u00e0s medi\u00e7\u00f5es espectrofotom\u00e9tricas.<\/p>\n\n\n\n<p class=\"wp-block-paragraph\">Al\u00e9m disso, uma revis\u00e3o sistem\u00e1tica e meta-an\u00e1lise que analisou v\u00e1rios m\u00e9todos de sele\u00e7\u00e3o de tonalidades concluiu que a correspond\u00eancia de tonalidades atrav\u00e9s de fotografia digital reduziu a diferen\u00e7a de cor em compara\u00e7\u00e3o com as abordagens visuais convencionais nas evid\u00eancias inclu\u00eddas, tendo o subgrupo fotogr\u00e1fico apresentado uma melhoria estatisticamente significativa.<\/p>\n\n\n\n<p class=\"wp-block-paragraph\">A li\u00e7\u00e3o n\u00e3o \u00e9 \u201ccomprar uma c\u00e2mara melhor\u201d.\u201d<\/p>\n\n\n\n<p class=\"wp-block-paragraph\">\u00c9 \u201ccontrolar as vari\u00e1veis\u201d.\u201d<\/p>\n\n\n\n<h2 class=\"wp-block-heading\">Como avalio se as fotografias de casos de facetas s\u00e3o cred\u00edveis<\/h2>\n\n\n\n<p class=\"wp-block-paragraph\">Quando avalio uma galeria de laborat\u00f3rio, procuro a repetibilidade.<\/p>\n\n\n\n<p class=\"wp-block-paragraph\">N\u00e3o \u00e9 a perfei\u00e7\u00e3o.<\/p>\n\n\n\n<h3 class=\"wp-block-heading\">1. As fotografias \u00abantes\u00bb e \u00abdepois\u00bb foram tiradas a partir de \u00e2ngulos semelhantes?<\/h3>\n\n\n\n<p class=\"wp-block-paragraph\">Se a fotografia pr\u00e9-operat\u00f3ria for tirada de baixo e de perto, enquanto a imagem p\u00f3s-operat\u00f3ria for tirada de mais alto, mais longe e com uma dist\u00e2ncia focal maior, torna-se dif\u00edcil comparar as propor\u00e7\u00f5es.<\/p>\n\n\n\n<p class=\"wp-block-paragraph\">A melhoria pode ser real.<\/p>\n\n\n\n<p class=\"wp-block-paragraph\">Mas a documenta\u00e7\u00e3o \u00e9 insuficiente.<\/p>\n\n\n\n<h3 class=\"wp-block-heading\">2. A ilumina\u00e7\u00e3o \u00e9 uniforme?<\/h3>\n\n\n\n<p class=\"wp-block-paragraph\">N\u00e3o \u00e9 poss\u00edvel comparar diretamente a qualidade das sombras entre uma imagem fotografada sob luz ambiente quente e outra sob um flash com polariza\u00e7\u00e3o cruzada intensa.<\/p>\n\n\n\n<p class=\"wp-block-paragraph\">Uma galeria s\u00e9ria deve distinguir entre fotografias destinadas a mostrar a cor e fotografias destinadas a mostrar a morfologia da superf\u00edcie.<\/p>\n\n\n\n<h3 class=\"wp-block-heading\">3. Existem vistas retra\u00eddas?<\/h3>\n\n\n\n<p class=\"wp-block-paragraph\">Os retratos com sorriso aberto s\u00e3o excelentes para avaliar a integra\u00e7\u00e3o facial.<\/p>\n\n\n\n<p class=\"wp-block-paragraph\">S\u00e3o p\u00e9ssimos para inspecionar margens, zonas de contacto, textura, transi\u00e7\u00f5es cervicais e a consist\u00eancia de cada unidade.<\/p>\n\n\n\n<p class=\"wp-block-paragraph\">Quero as duas coisas.<\/p>\n\n\n\n<h3 class=\"wp-block-heading\">4. Ser\u00e1 que os grandes planos s\u00e3o demasiado perfeitos?<\/h3>\n\n\n\n<p class=\"wp-block-paragraph\">O alisamento agressivo da pele \u00e9 evidente.<\/p>\n\n\n\n<p class=\"wp-block-paragraph\">A edi\u00e7\u00e3o agressiva de cer\u00e2mica pode ser mais dif\u00edcil de detetar.<\/p>\n\n\n\n<p class=\"wp-block-paragraph\">Preste aten\u00e7\u00e3o \u00e0 textura gengival, aos pequenos reflexos de luz, aos reflexos da saliva, \u00e0s bordas incisais e ao esmalte adjacente. Se os detalhes locais desaparecerem seletivamente em torno das restaura\u00e7\u00f5es, fico cauteloso.<\/p>\n\n\n\n<h3 class=\"wp-block-heading\">5. O portf\u00f3lio reflete sempre a mesma personalidade cer\u00e2mica?<\/h3>\n\n\n\n<p class=\"wp-block-paragraph\">Este \u00e9 o meu teste preferido.<\/p>\n\n\n\n<p class=\"wp-block-paragraph\">Analise rapidamente dez casos.<\/p>\n\n\n\n<p class=\"wp-block-paragraph\">Ser\u00e1 que todos t\u00eam a mesma forma nos incisivos centrais?<\/p>\n\n\n\n<p class=\"wp-block-paragraph\">O mesmo halo incisal?<\/p>\n\n\n\n<p class=\"wp-block-paragraph\">A mesma textura horizontal?<\/p>\n\n\n\n<p class=\"wp-block-paragraph\">A progress\u00e3o das aberturas \u00e9 a mesma?<\/p>\n\n\n\n<p class=\"wp-block-paragraph\">O valor do branqueador \u00e9 o mesmo?<\/p>\n\n\n\n<p class=\"wp-block-paragraph\">Os mesmos incisivos laterais perfeitamente arredondados?<\/p>\n\n\n\n<p class=\"wp-block-paragraph\">Se sim, o laborat\u00f3rio poder\u00e1 ser tecnicamente competente.<\/p>\n\n\n\n<p class=\"wp-block-paragraph\">Mas pergunto-me se estar\u00e1 a criar pacientes ou a reproduzir o seu estilo caracter\u00edstico.<\/p>\n\n\n\n<h2 class=\"wp-block-heading\">A compet\u00eancia est\u00e9tica de um laborat\u00f3rio tamb\u00e9m depende do que a cl\u00ednica lhe envia<\/h2>\n\n\n\n<p class=\"wp-block-paragraph\">H\u00e1 outra quest\u00e3o delicada.<\/p>\n\n\n\n<p class=\"wp-block-paragraph\">O laborat\u00f3rio n\u00e3o pode inventar informa\u00e7\u00f5es que nunca recebe.<\/p>\n\n\n\n<p class=\"wp-block-paragraph\">N\u00e3o se pode enviar \u201cA1, natural, ligeiramente transl\u00facido\u201d e depois queixar-se de que as restaura\u00e7\u00f5es carecem de personalidade pr\u00f3pria.<\/p>\n\n\n\n<p class=\"wp-block-paragraph\">Essa prescri\u00e7\u00e3o deixa o t\u00e9cnico na d\u00favida quanto a:<\/p>\n\n\n\n<ul class=\"wp-block-list\">\n<li>Sombra de cepos<\/li>\n\n\n\n<li>Distribui\u00e7\u00e3o de valores<\/li>\n\n\n\n<li>Translucidez incisal<\/li>\n\n\n\n<li>Textura da superf\u00edcie<\/li>\n\n\n\n<li>Brilho pretendido<\/li>\n\n\n\n<li>Comprimento do dente<\/li>\n\n\n\n<li>\u00c2ngulos das linhas<\/li>\n\n\n\n<li>Mobilidade labial<\/li>\n\n\n\n<li>Linha m\u00e9dia<\/li>\n\n\n\n<li>Inclina\u00e7\u00e3o facial<\/li>\n\n\n\n<li>Forma provis\u00f3ria aprovada<\/li>\n\n\n\n<li>Estrat\u00e9gia para o cimento<\/li>\n<\/ul>\n\n\n\n<p class=\"wp-block-paragraph\">Guia da Artist Dental Lab sobre <a href=\"https:\/\/artistdentallab.com\/pt\/writing-a-veneer-lab-prescription-for-natural-texture-and-light-behavior\/\">elabora\u00e7\u00e3o de uma prescri\u00e7\u00e3o de laborat\u00f3rio de facetas para obter uma textura natural e um comportamento da luz adequado<\/a> faz esta distin\u00e7\u00e3o de forma particularmente clara: a prescri\u00e7\u00e3o deve funcionar como um briefing de produ\u00e7\u00e3o e n\u00e3o como um pedido de tonalidade.<\/p>\n\n\n\n<p class=\"wp-block-paragraph\">Concordo com essa abordagem.<\/p>\n\n\n\n<p class=\"wp-block-paragraph\">Um bom trabalho de laborat\u00f3rio \u00e9 fruto da colabora\u00e7\u00e3o.<\/p>\n\n\n\n<p class=\"wp-block-paragraph\">Um t\u00e9cnico pode ter um instinto excecional no que diz respeito \u00e0 cer\u00e2mica, mas por mais talento art\u00edstico que tenha, n\u00e3o conseguir\u00e1 reconstruir a tonalidade de um coto que nunca foi fotografado nem a posi\u00e7\u00e3o de um l\u00e1bio que nunca foi documentada.<\/p>\n\n\n\n<p class=\"wp-block-paragraph\">Por isso, ao avaliar a qualidade de um laborat\u00f3rio de facetas a partir da fotografia de um caso mal sucedido, fa\u00e7o sempre uma segunda pergunta:<\/p>\n\n\n\n<p class=\"wp-block-paragraph\">Que informa\u00e7\u00f5es recebeu o laborat\u00f3rio?<\/p>\n\n\n\n<p class=\"wp-block-paragraph\">Isso \u00e9 mais justo \u2014 e mais \u00fatil \u2014 do que culpar automaticamente a bancada de cer\u00e2mica.<\/p>\n\n\n\n<h2 class=\"wp-block-heading\">As fotografias de casos n\u00e3o podem provar tudo<\/h2>\n\n\n\n<p class=\"wp-block-paragraph\">\u00c9 aqui que o marketing e as compras costumam seguir caminhos diferentes.<\/p>\n\n\n\n<p class=\"wp-block-paragraph\">As fotografias dos casos podem revelar o crit\u00e9rio est\u00e9tico.<\/p>\n\n\n\n<p class=\"wp-block-paragraph\">N\u00e3o conseguem comprovar plenamente o ajuste, a qualidade da ades\u00e3o, a fiabilidade mec\u00e2nica, a precis\u00e3o oclusal, a integridade marginal ou a sobreviv\u00eancia a longo prazo.<\/p>\n\n\n\n<p class=\"wp-block-paragraph\">Uma restaura\u00e7\u00e3o pode ficar lind\u00edssima nas fotografias no dia da entrega e, mesmo assim, ter sido mal concebida.<\/p>\n\n\n\n<p class=\"wp-block-paragraph\">Por outro lado, uma restaura\u00e7\u00e3o clinicamente excelente pode parecer med\u00edocre numa fotografia mal exposta.<\/p>\n\n\n\n<p class=\"wp-block-paragraph\">A investiga\u00e7\u00e3o sobre as facetas laminadas de porcelana ilustra por que raz\u00e3o estas quest\u00f5es devem continuar a ser tratadas separadamente. Uma revis\u00e3o sistem\u00e1tica que analisa <strong>30 publica\u00e7\u00f5es cl\u00ednicas<\/strong> relataram, de um modo geral, uma elevada taxa de sucesso e resultados previs\u00edveis para as facetas laminadas de porcelana, embora tenham tamb\u00e9m assinalado uma heterogeneidade substancial nos desenhos dos estudos e evid\u00eancia limitada que se estenda para al\u00e9m de 20 anos.<\/p>\n\n\n\n<p class=\"wp-block-paragraph\">Por isso, nunca escolheria um laborat\u00f3rio dent\u00e1rio especializado em est\u00e9tica apenas com base em fotografias ao estilo do Instagram.<\/p>\n\n\n\n<p class=\"wp-block-paragraph\">Utilizaria as fotografias como uma das fontes de prova.<\/p>\n\n\n\n<p class=\"wp-block-paragraph\">Depois, avaliaria o fluxo de trabalho.<\/p>\n\n\n\n<h2 class=\"wp-block-heading\">Como avaliar um laborat\u00f3rio dent\u00e1rio para al\u00e9m da sua galeria de facetas<\/h2>\n\n\n\n<p class=\"wp-block-paragraph\">Se estiver a comparar laborat\u00f3rios a s\u00e9rio, pe\u00e7a mais do que apenas imagens de destaque.<\/p>\n\n\n\n<p class=\"wp-block-paragraph\">Pe\u00e7a:<\/p>\n\n\n\n<ol class=\"wp-block-list\">\n<li>Fotografias p\u00f3s-operat\u00f3rias de rosto inteiro<\/li>\n\n\n\n<li>Fotografias p\u00f3s-operat\u00f3rias com retra\u00e7\u00e3o<\/li>\n\n\n\n<li>Imagens macro dos incisivos centrais<\/li>\n\n\n\n<li>Imagens com ilumina\u00e7\u00e3o obl\u00edqua que revelam a textura<\/li>\n\n\n\n<li>Imagens com polariza\u00e7\u00e3o cruzada, quando dispon\u00edveis<\/li>\n\n\n\n<li>Casos de restaura\u00e7\u00e3o anterior de uma \u00fanica unidade<\/li>\n\n\n\n<li>Casos de facetas em v\u00e1rias unidades<\/li>\n\n\n\n<li>Casos de substrato escuro<\/li>\n\n\n\n<li>Casos em que foram utilizados diferentes sistemas cer\u00e2micos<\/li>\n\n\n\n<li>Casos fotografados v\u00e1rias semanas ou meses ap\u00f3s o parto<\/li>\n\n\n\n<li>Exemplos de prescri\u00e7\u00f5es de facetas<\/li>\n\n\n\n<li>Exemplos de comunica\u00e7\u00e3o no \u00abStump-shade\u00bb<\/li>\n\n\n\n<li>Exemplos de fluxos de trabalho de corre\u00e7\u00e3o ou refa\u00e7\u00e3o<\/li>\n<\/ol>\n\n\n\n<p class=\"wp-block-paragraph\">Depois, fa\u00e7a perguntas t\u00e9cnicas.<\/p>\n\n\n\n<p class=\"wp-block-paragraph\">Que tipo de cer\u00e2mica foi utilizada?<\/p>\n\n\n\n<p class=\"wp-block-paragraph\">Qual foi o intervalo de espessuras em causa?<\/p>\n\n\n\n<p class=\"wp-block-paragraph\">A estrutura era monol\u00edtica, reduzida ou totalmente em camadas?<\/p>\n\n\n\n<p class=\"wp-block-paragraph\">Como \u00e9 que a sombra do toco foi representada?<\/p>\n\n\n\n<p class=\"wp-block-paragraph\">A textura final foi esmaltada, polida mecanicamente ou ambas as coisas?<\/p>\n\n\n\n<p class=\"wp-block-paragraph\">Qual foi a proposta de design que recebeu a aprova\u00e7\u00e3o final?<\/p>\n\n\n\n<p class=\"wp-block-paragraph\">O doente foi fotografado antes da desidrata\u00e7\u00e3o?<\/p>\n\n\n\n<p class=\"wp-block-paragraph\">O que aconteceu quando uma unidade n\u00e3o correspondia?<\/p>\n\n\n\n<p class=\"wp-block-paragraph\">Um laborat\u00f3rio que responda especificamente a essas perguntas \u00e9 muito mais interessante para mim do que um que diga: \u201cFabricamos folheados de alta qualidade.\u201d<\/p>\n\n\n\n<p class=\"wp-block-paragraph\">\u00abPremium\u00bb \u00e9 um adjetivo utilizado em marketing.<\/p>\n\n\n\n<p class=\"wp-block-paragraph\">O processo pode ser inspecionado.<\/p>\n\n\n\n<h2 class=\"wp-block-heading\">Os sinais de alerta que eu n\u00e3o ignoraria<\/h2>\n\n\n\n<p class=\"wp-block-paragraph\">Alguns sinais de alerta s\u00e3o \u00f3bvios.<\/p>\n\n\n\n<p class=\"wp-block-paragraph\">Outros s\u00e3o surpreendentemente comuns.<\/p>\n\n\n\n<h3 class=\"wp-block-heading\">Todas as capas s\u00e3o brancas como a lix\u00edvia<\/h3>\n\n\n\n<p class=\"wp-block-paragraph\">N\u00e3o h\u00e1 nada de intrinsecamente errado com as facetas de alto valor, se for essa a vontade do doente.<\/p>\n\n\n\n<p class=\"wp-block-paragraph\">Mas se o portf\u00f3lio de um laborat\u00f3rio n\u00e3o contiver praticamente mais nada, n\u00e3o consigo avaliar a sua capacidade de se assemelhar \u00e0 denti\u00e7\u00e3o natural.<\/p>\n\n\n\n<h3 class=\"wp-block-heading\">Cada caso utiliza uma textura espessa<\/h3>\n\n\n\n<p class=\"wp-block-paragraph\">A textura n\u00e3o \u00e9 sin\u00f3nimo de talento art\u00edstico.<\/p>\n\n\n\n<p class=\"wp-block-paragraph\">Por vezes, a subtileza exige mais controlo.<\/p>\n\n\n\n<h3 class=\"wp-block-heading\">N\u00e3o existem casos de uma \u00fanica unidade<\/h3>\n\n\n\n<p class=\"wp-block-paragraph\">Isso n\u00e3o \u00e9 sinal de fraqueza.<\/p>\n\n\n\n<p class=\"wp-block-paragraph\">Mas isso elimina um dos crit\u00e9rios mais \u00fateis para avaliar a compatibilidade est\u00e9tica.<\/p>\n\n\n\n<h3 class=\"wp-block-heading\">Todas as fotografias utilizam filtros dram\u00e1ticos<\/h3>\n\n\n\n<p class=\"wp-block-paragraph\">Um portf\u00f3lio deve mostrar o trabalho de medicina dent\u00e1ria, n\u00e3o escond\u00ea-lo.<\/p>\n\n\n\n<h3 class=\"wp-block-heading\">N\u00e3o s\u00e3o fornecidas informa\u00e7\u00f5es relevantes<\/h3>\n\n\n\n<p class=\"wp-block-paragraph\">A porcelana feldsp\u00e1tica, o dissilicato de l\u00edtio e a zirc\u00f3nia n\u00e3o apresentam um comportamento \u00f3tico id\u00eantico.<\/p>\n\n\n\n<p class=\"wp-block-paragraph\">Se cada caso for apresentado simplesmente como \u201cporcelana de alta qualidade\u201d, as informa\u00e7\u00f5es t\u00e9cnicas \u00fateis ter\u00e3o sido omitidas.<\/p>\n\n\n\n<h3 class=\"wp-block-heading\">Os dentes parecem-se mais uns com os outros do que os pr\u00f3prios doentes<\/h3>\n\n\n\n<p class=\"wp-block-paragraph\">Esse \u00e9 o maior sinal de alerta.<\/p>\n\n\n\n<p class=\"wp-block-paragraph\">Uma boa medicina dent\u00e1ria est\u00e9tica deve refletir a personalidade do paciente.<\/p>\n\n\n\n<p class=\"wp-block-paragraph\">N\u00e3o s\u00e3o apenas as \u00abimpress\u00f5es digitais\u00bb do laborat\u00f3rio.<\/p>\n\n\n\n<figure class=\"wp-block-image size-full\"><img decoding=\"async\" width=\"474\" height=\"544\" src=\"https:\/\/artistdentallab.com\/wp-content\/uploads\/2026\/08\/What-Veneer-Case-Photos-Reveal-About-a-Labs-True-Esthetic-Skill-2.jpg\" alt=\"O que as fotografias de casos de facetas revelam sobre a verdadeira compet\u00eancia est\u00e9tica de um laborat\u00f3rio\" class=\"wp-image-1638\" title=\"\" srcset=\"https:\/\/artistdentallab.com\/wp-content\/uploads\/2026\/08\/What-Veneer-Case-Photos-Reveal-About-a-Labs-True-Esthetic-Skill-2.jpg 474w, https:\/\/artistdentallab.com\/wp-content\/uploads\/2026\/08\/What-Veneer-Case-Photos-Reveal-About-a-Labs-True-Esthetic-Skill-2-261x300.jpg 261w, https:\/\/artistdentallab.com\/wp-content\/uploads\/2026\/08\/What-Veneer-Case-Photos-Reveal-About-a-Labs-True-Esthetic-Skill-2-10x12.jpg 10w\" sizes=\"(max-width: 474px) 100vw, 474px\" \/><\/figure>\n\n\n\n<h2 class=\"wp-block-heading\">O que o melhor laborat\u00f3rio dent\u00e1rio especializado em facetas deve ser capaz de demonstrar<\/h2>\n\n\n\n<p class=\"wp-block-paragraph\">O melhor laborat\u00f3rio dent\u00e1rio para facetas n\u00e3o \u00e9 necessariamente aquele que tem o portf\u00f3lio mais brilhante, as fotografias mais impressionantes ou a lista mais extensa de transforma\u00e7\u00f5es de sorrisos ao estilo das celebridades.<\/p>\n\n\n\n<p class=\"wp-block-paragraph\">Eu procuraria cinco coisas.<\/p>\n\n\n\n<h3 class=\"wp-block-heading\">Julgamento \u00d3tico<\/h3>\n\n\n\n<p class=\"wp-block-paragraph\">O laborat\u00f3rio compreende os conceitos de valor, translucidez, opacidade, croma, influ\u00eancia do mon\u00e7\u00e3o, influ\u00eancia do cimento e reflex\u00e3o superficial.<\/p>\n\n\n\n<h3 class=\"wp-block-heading\">Avalia\u00e7\u00e3o morfol\u00f3gica<\/h3>\n\n\n\n<p class=\"wp-block-paragraph\">O laborat\u00f3rio controla a propor\u00e7\u00e3o, os \u00e2ngulos das linhas, o contorno facial, as aberturas interdent\u00e1rias, a posi\u00e7\u00e3o da borda incisal e a domin\u00e2ncia dent\u00e1ria.<\/p>\n\n\n\n<h3 class=\"wp-block-heading\">Julgamento sobre o m\u00e9rito<\/h3>\n\n\n\n<p class=\"wp-block-paragraph\">O laborat\u00f3rio n\u00e3o prescreve a mesma cer\u00e2mica para todos os substratos e todas as situa\u00e7\u00f5es funcionais.<\/p>\n\n\n\n<h3 class=\"wp-block-heading\">Disciplina fotogr\u00e1fica<\/h3>\n\n\n\n<p class=\"wp-block-paragraph\">As fotografias dos casos s\u00e3o suficientemente repet\u00edveis para permitir uma compara\u00e7\u00e3o significativa.<\/p>\n\n\n\n<h3 class=\"wp-block-heading\">Disciplina de Comunica\u00e7\u00e3o<\/h3>\n\n\n\n<p class=\"wp-block-paragraph\">O t\u00e9cnico pede os registos em falta, em vez de os inventar discretamente.<\/p>\n\n\n\n<p class=\"wp-block-paragraph\">Essa \u00faltima qualidade \u00e9 subestimada.<\/p>\n\n\n\n<p class=\"wp-block-paragraph\">Por vezes, a resposta mais competente que um laborat\u00f3rio pode dar \u00e9:<\/p>\n\n\n\n<p class=\"wp-block-paragraph\">\u201cPrecisamos de mais uma fotografia antes de continuarmos.\u201d<\/p>\n\n\n\n<h2 class=\"wp-block-heading\">FAQs<\/h2>\n\n\n\n<h3 class=\"wp-block-heading\">O que revelam as fotografias de casos de facetas sobre a qualidade do laborat\u00f3rio dent\u00e1rio?<\/h3>\n\n\n\n<p class=\"wp-block-paragraph\">As fotografias de casos de facetas revelam o controlo vis\u00edvel que o laborat\u00f3rio exerce sobre a propor\u00e7\u00e3o dent\u00e1ria, a tonalidade, a translucidez, a textura da superf\u00edcie, a caracteriza\u00e7\u00e3o incisal, os \u00e2ngulos das linhas, a simetria, integra\u00e7\u00e3o gengival e o design espec\u00edfico para cada paciente, ao mesmo tempo que demonstram se os seus resultados est\u00e9ticos continuam a ser convincentes em fotografias em grande plano, com retra\u00e7\u00e3o gengival, de perfil facial e com ilumina\u00e7\u00e3o direcional, e n\u00e3o apenas em retratos de sorrisos altamente polidos.<\/p>\n\n\n\n<p class=\"wp-block-paragraph\">S\u00e3o, portanto, \u00fateis para a avalia\u00e7\u00e3o de um laborat\u00f3rio dent\u00e1rio especializado em est\u00e9tica, mas devem ser combinadas com informa\u00e7\u00f5es sobre a sele\u00e7\u00e3o de materiais, a comunica\u00e7\u00e3o dos casos, o ajuste, o controlo de qualidade e o fluxo de trabalho a longo prazo.<\/p>\n\n\n\n<h3 class=\"wp-block-heading\">Como posso saber se as fotos de \u00abantes e depois\u00bb de facetas de porcelana s\u00e3o de alta qualidade?<\/h3>\n\n\n\n<p class=\"wp-block-paragraph\">As fotografias de \u00abantes e depois\u00bb de facetas de porcelana de alta qualidade utilizam \u00e2ngulos de c\u00e2mara compar\u00e1veis, exposi\u00e7\u00e3o repet\u00edvel, equil\u00edbrio de brancos controlado, amplia\u00e7\u00e3o consistente, enquadramento facial natural, vistas cl\u00ednicas retra\u00eddas e resolu\u00e7\u00e3o suficiente para inspecionar as transi\u00e7\u00f5es cervicais, os efeitos incisais, a textura da superf\u00edcie, os reflexos de linhas e \u00e2ngulos, a simetria e os dentes adjacentes, sem depender de filtros dram\u00e1ticos ou de altera\u00e7\u00f5es enganosas na perspetiva.<\/p>\n\n\n\n<p class=\"wp-block-paragraph\">As melhores galerias costumam apresentar v\u00e1rias perspetivas fotogr\u00e1ficas, em vez de se limitarem a uma \u00fanica imagem lisonjeira com um sorriso radiante.<\/p>\n\n\n\n<h3 class=\"wp-block-heading\">O que devo ter em conta nos casos de facetas dent\u00e1rias num laborat\u00f3rio dent\u00e1rio?<\/h3>\n\n\n\n<p class=\"wp-block-paragraph\">Os casos de facetas de laborat\u00f3rio dent\u00e1rio devem apresentar propor\u00e7\u00f5es cred\u00edveis dos incisivos centrais, valor controlado, translucidez incisal espec\u00edfica para cada caso, textura superficial moderada, progress\u00e3o natural das embrasuras, caracter\u00edsticas adequadas dos incisivos laterais e caninos, integra\u00e7\u00e3o gengival consistente e varia\u00e7\u00e3o suficiente entre os doentes para comprovar que o laborat\u00f3rio est\u00e1 a conceber cada sorriso individualmente, em vez de aplicar repetidamente uma biblioteca de dentes padr\u00e3o.<\/p>\n\n\n\n<p class=\"wp-block-paragraph\">Daria maior import\u00e2ncia \u00e0s restaura\u00e7\u00f5es unit\u00e1rias, \u00e0s substitui\u00e7\u00f5es de uma \u00fanica unidade, aos substratos escuros, aos casos de prepara\u00e7\u00e3o m\u00ednima e \u00e0s restaura\u00e7\u00f5es que se harmonizam com os dentes naturais.<\/p>\n\n\n\n<h3 class=\"wp-block-heading\">Ser\u00e1 que as fotografias de facetas muito brancas s\u00e3o prova da compet\u00eancia de um laborat\u00f3rio de odontologia est\u00e9tica?<\/h3>\n\n\n\n<p class=\"wp-block-paragraph\">As fotografias de facetas muito brancas s\u00e3o evid\u00eancia de um resultado est\u00e9tico pretendido, n\u00e3o prova de compet\u00eancia superior do laborat\u00f3rio dent\u00e1rio cosm\u00e9tico, uma vez que a cer\u00e2mica de alta qualidade pode ainda assim apresentar propor\u00e7\u00f5es inadequadas, opacidade excessiva, contorno facial plano, brilho uniforme, textura gen\u00e9rica, caracteriza\u00e7\u00e3o incisal fraca ou integra\u00e7\u00e3o inadequada com os l\u00e1bios do doente, gengiva, rosto, idade e denti\u00e7\u00e3o natural remanescente do paciente.<\/p>\n\n\n\n<p class=\"wp-block-paragraph\">O verdadeiro desafio \u00e9 saber se o laborat\u00f3rio consegue criar tanto pr\u00f3teses cosm\u00e9ticas de cor viva como restaura\u00e7\u00f5es discretas que se confundem com os dentes naturais.<\/p>\n\n\n\n<h3 class=\"wp-block-heading\">Ser\u00e1 que as fotografias de casos de facetas podem provar que um laborat\u00f3rio dent\u00e1rio realiza restaura\u00e7\u00f5es duradouras?<\/h3>\n\n\n\n<p class=\"wp-block-paragraph\">As fotografias de casos de facetas n\u00e3o podem comprovar a durabilidade a longo prazo, uma vez que as fotografias documentam principalmente os resultados est\u00e9ticos vis\u00edveis num determinado momento, enquanto a durabilidade da restaura\u00e7\u00e3o depende tamb\u00e9m do desenho da prepara\u00e7\u00e3o, da disponibilidade de esmalte, da ades\u00e3o, da espessura da cer\u00e2mica, da oclus\u00e3o, da parafun\u00e7\u00e3o, da t\u00e9cnica de cimenta\u00e7\u00e3o, da qualidade marginal, do comportamento do doente, da sele\u00e7\u00e3o de materiais e da manuten\u00e7\u00e3o cl\u00ednica \u2014 aspetos que podem n\u00e3o ser vis\u00edveis numa imagem de portf\u00f3lio.<\/p>\n\n\n\n<p class=\"wp-block-paragraph\">Utilize fotografias para avaliar a disciplina est\u00e9tica vis\u00edvel e, em seguida, analise separadamente o fluxo de trabalho cl\u00ednico e a qualidade t\u00e9cnica.<\/p>\n\n\n\n<h3 class=\"wp-block-heading\">Como posso avaliar um laborat\u00f3rio dent\u00e1rio antes de enviar o meu primeiro caso de facetas?<\/h3>\n\n\n\n<p class=\"wp-block-paragraph\">Avaliar um laborat\u00f3rio dent\u00e1rio antes de enviar um caso de facetas implica analisar fotografias de casos variados, examinar trabalhos anteriores de unidade \u00fanica e de m\u00faltiplas unidades, perguntar quais os sistemas de cer\u00e2mica utilizados, verificar como s\u00e3o comunicadas a tonalidade do mon\u00e7\u00e3o e os registos fotogr\u00e1ficos, analisar os requisitos da prescri\u00e7\u00e3o, compreender os procedimentos de corre\u00e7\u00e3o e verificar se os t\u00e9cnicos colocam quest\u00f5es espec\u00edficas quando os registos enviados est\u00e3o incompletos ou s\u00e3o contradit\u00f3rios.<\/p>\n\n\n\n<p class=\"wp-block-paragraph\">Um ensaio controlado \u00e9, em geral, mais esclarecedor do que avaliar um fornecedor apenas com base nas alega\u00e7\u00f5es de marketing.<\/p>\n\n\n\n<h3 class=\"wp-block-heading\">Ser\u00e3o os smartphones ou as c\u00e2maras DSLR que tiram melhores fotografias de caixas de folheado?<\/h3>\n\n\n\n<p class=\"wp-block-paragraph\">Tanto os smartphones como as c\u00e2maras DSLR podem produzir documenta\u00e7\u00e3o \u00fatil sobre a cor dos revestimentos dent\u00e1rios quando a ilumina\u00e7\u00e3o, a calibra\u00e7\u00e3o, a exposi\u00e7\u00e3o, a dist\u00e2ncia, a orienta\u00e7\u00e3o e o processamento de imagem s\u00e3o padronizados; al\u00e9m disso, a investiga\u00e7\u00e3o atual n\u00e3o sustenta a suposi\u00e7\u00e3o de que uma determinada categoria de c\u00e2maras produza automaticamente informa\u00e7\u00f5es mais precisas sobre a tonalidade dent\u00e1ria, independentemente da forma como a fotografia \u00e9 captada, calibrada, processada, apresentada e interpretada.<\/p>\n\n\n\n<p class=\"wp-block-paragraph\">Para a avalia\u00e7\u00e3o laboratorial, a consist\u00eancia do protocolo fotogr\u00e1fico \u00e9 mais importante do que a marca da c\u00e2mara.<\/p>\n\n\n\n<h3 class=\"wp-block-heading\">Qual \u00e9 o maior sinal de alerta num portf\u00f3lio de um laborat\u00f3rio de facetas?<\/h3>\n\n\n\n<p class=\"wp-block-paragraph\">O maior sinal de alerta num portf\u00f3lio de um laborat\u00f3rio de facetas \u00e9 a repeti\u00e7\u00e3o excessiva entre doentes sem qualquer rela\u00e7\u00e3o entre si, em que as formas dos incisivos centrais, os valores de branqueamento, os halos incisais, padr\u00f5es de textura, embrasuras, propor\u00e7\u00f5es dos incisivos laterais e brilho da superf\u00edcie parecem quase id\u00eanticos de caso para caso, sugerindo que um modelo padr\u00e3o da cl\u00ednica poder\u00e1 estar a substituir a observa\u00e7\u00e3o espec\u00edfica de cada doente e o julgamento est\u00e9tico caso a caso.<\/p>\n\n\n\n<p class=\"wp-block-paragraph\">A consist\u00eancia \u00e9 desej\u00e1vel; a uniformidade, n\u00e3o.<\/p>\n\n\n\n<h2 class=\"wp-block-heading\">O teu pr\u00f3ximo passo: testa o laborat\u00f3rio com um caso que realmente revele as tuas compet\u00eancias<\/h2>\n\n\n\n<p class=\"wp-block-paragraph\">N\u00e3o escolha um laborat\u00f3rio de facetas s\u00f3 porque uma transforma\u00e7\u00e3o de dez unidades parecia impressionante no ecr\u00e3 do telem\u00f3vel.<\/p>\n\n\n\n<p class=\"wp-block-paragraph\">Estuda as centrais.<\/p>\n\n\n\n<p class=\"wp-block-paragraph\">Amplie a imagem das bordas incisais.<\/p>\n\n\n\n<p class=\"wp-block-paragraph\">Acompanhe as reflex\u00f5es.<\/p>\n\n\n\n<p class=\"wp-block-paragraph\">Comparar o valor cervical.<\/p>\n\n\n\n<p class=\"wp-block-paragraph\">Observe os \u00e2ngulos das linhas.<\/p>\n\n\n\n<p class=\"wp-block-paragraph\">Inspecione a superf\u00edcie sob luz obl\u00edqua.<\/p>\n\n\n\n<p class=\"wp-block-paragraph\">Encontre as caixas de uma \u00fanica unidade.<\/p>\n\n\n\n<p class=\"wp-block-paragraph\">Procure pacientes que n\u00e3o tenham todos o mesmo desenho dent\u00e1rio.<\/p>\n\n\n\n<p class=\"wp-block-paragraph\">E pergunte que informa\u00e7\u00f5es conduziram a esse resultado.<\/p>\n\n\n\n<p class=\"wp-block-paragraph\">\u00c9 assim que eu avaliaria as fotografias de casos de facetas.<\/p>\n\n\n\n<p class=\"wp-block-paragraph\">Se estiver neste momento a comparar laborat\u00f3rios parceiros, envie \u00e0 Artist Dental Lab um caso representativo da regi\u00e3o anterior, incluindo os ficheiros STL dispon\u00edveis, registos da cor do mon\u00f3mero, fotografias de cor, refer\u00eancias de sorriso e objetivos est\u00e9ticos, atrav\u00e9s do <a href=\"https:\/\/artistdentallab.com\/pt\/contact\/\">P\u00e1gina de consulta de casos do Laborat\u00f3rio Dent\u00e1rio Artist<\/a>. Utilize o primeiro caso como um teste t\u00e9cnico: avalie n\u00e3o s\u00f3 as facetas acabadas, mas tamb\u00e9m as perguntas que o t\u00e9cnico faz antes do in\u00edcio da fabrica\u00e7\u00e3o.<\/p>\n\n\n\n<p class=\"wp-block-paragraph\">As fotos s\u00e3o importantes.<\/p>\n\n\n\n<p class=\"wp-block-paragraph\">O que est\u00e1 por tr\u00e1s delas \u00e9 que importa mais.<\/p>","protected":false},"excerpt":{"rendered":"<p>Uma galeria de facetas com acabamento impec\u00e1vel pode impressionar em segundos, mas os compradores mais exigentes devem analisar o trabalho com mais profundidade. Eis como avaliar os casos de facetas de laborat\u00f3rios dent\u00e1rios para identificar ind\u00edcios de verdadeira compet\u00eancia na cer\u00e2mica, controlo \u00f3tico, textura da superf\u00edcie, propor\u00e7\u00e3o e crit\u00e9rio est\u00e9tico consistente.<\/p>","protected":false},"author":1,"featured_media":1640,"comment_status":"open","ping_status":"open","sticky":false,"template":"","format":"standard","meta":{"footnotes":""},"categories":[1],"tags":[],"class_list":["post-1636","post","type-post","status-publish","format-standard","has-post-thumbnail","hentry","category-buyer-guides"],"blocksy_meta":{"styles_descriptor":{"styles":{"desktop":"","tablet":"","mobile":""},"google_fonts":[],"version":7}},"_links":{"self":[{"href":"https:\/\/artistdentallab.com\/pt\/wp-json\/wp\/v2\/posts\/1636","targetHints":{"allow":["GET"]}}],"collection":[{"href":"https:\/\/artistdentallab.com\/pt\/wp-json\/wp\/v2\/posts"}],"about":[{"href":"https:\/\/artistdentallab.com\/pt\/wp-json\/wp\/v2\/types\/post"}],"author":[{"embeddable":true,"href":"https:\/\/artistdentallab.com\/pt\/wp-json\/wp\/v2\/users\/1"}],"replies":[{"embeddable":true,"href":"https:\/\/artistdentallab.com\/pt\/wp-json\/wp\/v2\/comments?post=1636"}],"version-history":[{"count":1,"href":"https:\/\/artistdentallab.com\/pt\/wp-json\/wp\/v2\/posts\/1636\/revisions"}],"predecessor-version":[{"id":1641,"href":"https:\/\/artistdentallab.com\/pt\/wp-json\/wp\/v2\/posts\/1636\/revisions\/1641"}],"wp:featuredmedia":[{"embeddable":true,"href":"https:\/\/artistdentallab.com\/pt\/wp-json\/wp\/v2\/media\/1640"}],"wp:attachment":[{"href":"https:\/\/artistdentallab.com\/pt\/wp-json\/wp\/v2\/media?parent=1636"}],"wp:term":[{"taxonomy":"category","embeddable":true,"href":"https:\/\/artistdentallab.com\/pt\/wp-json\/wp\/v2\/categories?post=1636"},{"taxonomy":"post_tag","embeddable":true,"href":"https:\/\/artistdentallab.com\/pt\/wp-json\/wp\/v2\/tags?post=1636"}],"curies":[{"name":"wp","href":"https:\/\/api.w.org\/{rel}","templated":true}]}}