{"id":1642,"date":"2026-08-10T06:41:29","date_gmt":"2026-08-10T06:41:29","guid":{"rendered":"https:\/\/artistdentallab.com\/"},"modified":"2026-08-10T06:43:09","modified_gmt":"2026-08-10T06:43:09","slug":"veneer-maintenance-for-long-term-gloss-texture-and-shade-stability","status":"publish","type":"post","link":"https:\/\/artistdentallab.com\/pt\/veneer-maintenance-for-long-term-gloss-texture-and-shade-stability\/","title":{"rendered":"Manuten\u00e7\u00e3o das facas para garantir a estabilidade a longo prazo do brilho, da textura e da tonalidade"},"content":{"rendered":"<p class=\"wp-block-paragraph\">Um revestimento pode durar muito tempo e, mesmo assim, envelhecer mal.<\/p>\n\n\n\n<p class=\"wp-block-paragraph\">Essa distin\u00e7\u00e3o \u00e9 importante porque o setor dent\u00e1rio utiliza habitualmente o termo \u201csobreviv\u00eancia\u201d como sin\u00f3nimo de sucesso, mesmo quando uma restaura\u00e7\u00e3o permanece fixa, mas se tornou mais opaca, mais \u00e1spera, mais refletora nas \u00e1reas erradas, manchada \u00e0 volta das margens ou visualmente desligada dos dentes adjacentes.<\/p>\n\n\n\n<p class=\"wp-block-paragraph\">Por que raz\u00e3o se deve considerar que uma restaura\u00e7\u00e3o foi bem-sucedida apenas pelo facto de n\u00e3o se ter fraturado?<\/p>\n\n\n\n<p class=\"wp-block-paragraph\">Uma revis\u00e3o sistem\u00e1tica de 2021, indexada pela Biblioteca Nacional de Medicina dos EUA, avaliou <strong>25 estudos cl\u00ednicos que abrangem 6 500 facetas laminadas de porcelana<\/strong> e calculou uma estimativa de <strong>Taxa de sobreviv\u00eancia cumulativa a 10 anos de 95,51 TP3T<\/strong>. A fratura foi a falha mais comum relatada, seguida da descolagem. Esses n\u00fameros s\u00e3o impressionantes, mas medem a sobreviv\u00eancia da restaura\u00e7\u00e3o \u2014 e n\u00e3o a preserva\u00e7\u00e3o do brilho, da textura da superf\u00edcie e do aspeto \u00f3tico exatos obtidos no dia da colagem.<\/p>\n\n\n\n<p class=\"wp-block-paragraph\">Essa \u00e9 a primeira verdade incontest\u00e1vel sobre a manuten\u00e7\u00e3o do revestimento.<\/p>\n\n\n\n<p class=\"wp-block-paragraph\"><strong>A longevidade e a estabilidade est\u00e9tica n\u00e3o s\u00e3o o mesmo crit\u00e9rio de avalia\u00e7\u00e3o.<\/strong><\/p>\n\n\n\n<h2 class=\"wp-block-heading\">A manuten\u00e7\u00e3o do folheado \u00e9, na verdade, a gest\u00e3o da superf\u00edcie<\/h2>\n\n\n\n<p class=\"wp-block-paragraph\">Quando analiso os cuidados a longo prazo com as facetas de porcelana, divido o caso em quatro sistemas:<\/p>\n\n\n\n<ol class=\"wp-block-list\">\n<li>Estado da superf\u00edcie cer\u00e2mica<\/li>\n\n\n\n<li>Margens coladas e estrutura dent\u00e1ria de suporte<\/li>\n\n\n\n<li>Rela\u00e7\u00e3o \u00f3ptica entre a cer\u00e2mica, o cimento de resina e o dente natural<\/li>\n\n\n\n<li>Carga funcional resultante da oclus\u00e3o e das parafun\u00e7\u00f5es<\/li>\n<\/ol>\n\n\n\n<p class=\"wp-block-paragraph\">O doente costuma notar uma coisa: \u201cAs minhas facetas j\u00e1 n\u00e3o t\u00eam o mesmo brilho de antes.\u201d<\/p>\n\n\n\n<p class=\"wp-block-paragraph\">Mas a causa real pode ser completamente diferente.<\/p>\n\n\n\n<p class=\"wp-block-paragraph\">A faceta pode ter acumulado dep\u00f3sitos. Uma limpeza profissional pode ter alterado a superf\u00edcie. Um ajuste realizado na consulta pode ter removido o brilho. O esmalte adjacente pode ter sofrido altera\u00e7\u00f5es. A recess\u00e3o gengival pode ter exposto uma transi\u00e7\u00e3o cervical. O cimento de resina numa margem pode ter sofrido altera\u00e7\u00f5es \u00f3ticas. Ou a textura original da cer\u00e2mica pode simplesmente estar a refletir a luz de forma diferente ap\u00f3s anos de desgaste superficial.<\/p>\n\n\n\n<p class=\"wp-block-paragraph\">A an\u00e1lise da Artist Dental Lab sobre <a href=\"https:\/\/artistdentallab.com\/pt\/why-veneer-shade-can-appear-different-one-week-after-bonding\/\">por que raz\u00e3o a tonalidade da faceta pode parecer diferente ap\u00f3s a colagem<\/a> faz esta mesma distin\u00e7\u00e3o: a sombra deve ser avaliada em conjunto com a hidrata\u00e7\u00e3o, a ilumina\u00e7\u00e3o, a sombra do toco, o material cer\u00e2mico, o cimento, a espessura e a textura da superf\u00edcie, em vez de ser reduzida a uma discuss\u00e3o do tipo \u00abA1 versus B1\u00bb.<\/p>\n\n\n\n<p class=\"wp-block-paragraph\">As pequenas vari\u00e1veis t\u00eam um efeito cumulativo.<\/p>\n\n\n\n<p class=\"wp-block-paragraph\">Uma faceta de porcelana n\u00e3o \u00e9 apenas uma concha branca. A porcelana feldsp\u00e1tica cont\u00e9m um sistema cer\u00e2mico rico em vidro, associado a compostos que incluem <strong>SiO\u2082, Al\u2082O\u2083, K\u2082O e Na\u2082O<\/strong>, enquanto o dissilicato de l\u00edtio \u00e9 normalmente representado como <strong>Li\u2082Si\u2082O\u2085<\/strong>. O esmalte natural, em compara\u00e7\u00e3o, \u00e9 composto principalmente por hidroxiapatite, <strong>Ca\u2081\u2080(PO\u2084)\u2086(OH)\u2082<\/strong>. Estas superf\u00edcies n\u00e3o reagem da mesma forma ao desgaste, ao polimento, \u00e0 instrumenta\u00e7\u00e3o ou ao envelhecimento \u00f3tico.<\/p>\n\n\n\n<p class=\"wp-block-paragraph\">Por isso, a manuten\u00e7\u00e3o n\u00e3o pode ser gen\u00e9rica.<\/p>\n\n\n\n<h2 class=\"wp-block-heading\">O brilho n\u00e3o \u00e9 apenas \u201clustrosidade\u201d<\/h2>\n\n\n\n<p class=\"wp-block-paragraph\">Os profissionais de sa\u00fade falam, por vezes, do brilho como se fosse um verniz cosm\u00e9tico aplicado no final do processo de fabrico.<\/p>\n\n\n\n<p class=\"wp-block-paragraph\">Discordo.<\/p>\n\n\n\n<p class=\"wp-block-paragraph\">O brilho determina a forma como a luz incide na superf\u00edcie facial. Em combina\u00e7\u00e3o com os \u00e2ngulos das linhas, os l\u00f3bulos de desenvolvimento, a textura horizontal, a anatomia incisal e a curvatura da superf\u00edcie, altera a largura, o tom, a profundidade e a idade percebidos de um dente.<\/p>\n\n\n\n<p class=\"wp-block-paragraph\">Se alisar esse sistema, a restaura\u00e7\u00e3o muda visualmente, mesmo que a designa\u00e7\u00e3o da tonalidade Vita permane\u00e7a id\u00eantica.<\/p>\n\n\n\n<p class=\"wp-block-paragraph\">\u00c9 por isso que o nosso guia sobre <a href=\"https:\/\/artistdentallab.com\/pt\/which-veneer-material-offers-the-best-control-of-surface-texture\/\">textura da superf\u00edcie do revestimento e escolha da cer\u00e2mica<\/a> distingue o contorno prim\u00e1rio, a anatomia de desenvolvimento secund\u00e1ria, a microtextura terci\u00e1ria e o brilho seletivo. Uma faceta pode ser suficientemente lisa ao microsc\u00f3pio para uso cl\u00ednico sem parecer visualmente plana.<\/p>\n\n\n\n<p class=\"wp-block-paragraph\">\u00c9 f\u00e1cil n\u00e3o reparar nesta diferen\u00e7a.<\/p>\n\n\n\n<h3 class=\"wp-block-heading\">\u00abSuave\u00bb n\u00e3o \u00e9 o mesmo que \u00abplano\u00bb<\/h3>\n\n\n\n<p class=\"wp-block-paragraph\">Um folheado com acabamento adequado pode conter:<\/p>\n\n\n\n<ul class=\"wp-block-list\">\n<li>Linhas de transi\u00e7\u00e3o mesial e distal<\/li>\n\n\n\n<li>L\u00f3bulos do desenvolvimento facial<\/li>\n\n\n\n<li>Depress\u00f5es verticais muito pouco profundas<\/li>\n\n\n\n<li>Textura horizontal seletiva semelhante ao esmalte<\/li>\n\n\n\n<li>Irregularidade incisal<\/li>\n\n\n\n<li>Intensidade de brilho diferente nas v\u00e1rias zonas do rosto<\/li>\n\n\n\n<li>Asimetria subtil entre os dentes contralaterais<\/li>\n<\/ul>\n\n\n\n<p class=\"wp-block-paragraph\">Remover tudo isso na tentativa de obter o \u201cm\u00e1ximo brilho\u201d n\u00e3o restaura o revestimento.<\/p>\n\n\n\n<p class=\"wp-block-paragraph\">Reestrutura-o.<\/p>\n\n\n\n<p class=\"wp-block-paragraph\">E, uma vez que a anatomia original da superf\u00edcie tenha sido removida por esmerilagem, o polimento, por si s\u00f3, n\u00e3o consegue reconstruir uma geometria que j\u00e1 n\u00e3o existe.<\/p>\n\n\n\n<figure class=\"wp-block-image size-large\"><img fetchpriority=\"high\" decoding=\"async\" width=\"1024\" height=\"576\" src=\"https:\/\/artistdentallab.com\/wp-content\/uploads\/2026\/08\/Veneer-Maintenance-for-Long-Term-Gloss-Texture-and-Shade-Stability-2-1024x576.jpg\" alt=\"Manuten\u00e7\u00e3o das facas para garantir a estabilidade a longo prazo do brilho, da textura e da tonalidade\" class=\"wp-image-1644\" title=\"\" srcset=\"https:\/\/artistdentallab.com\/wp-content\/uploads\/2026\/08\/Veneer-Maintenance-for-Long-Term-Gloss-Texture-and-Shade-Stability-2-1024x576.jpg 1024w, https:\/\/artistdentallab.com\/wp-content\/uploads\/2026\/08\/Veneer-Maintenance-for-Long-Term-Gloss-Texture-and-Shade-Stability-2-300x169.jpg 300w, https:\/\/artistdentallab.com\/wp-content\/uploads\/2026\/08\/Veneer-Maintenance-for-Long-Term-Gloss-Texture-and-Shade-Stability-2-768x432.jpg 768w, https:\/\/artistdentallab.com\/wp-content\/uploads\/2026\/08\/Veneer-Maintenance-for-Long-Term-Gloss-Texture-and-Shade-Stability-2-1536x864.jpg 1536w, https:\/\/artistdentallab.com\/wp-content\/uploads\/2026\/08\/Veneer-Maintenance-for-Long-Term-Gloss-Texture-and-Shade-Stability-2-18x10.jpg 18w, https:\/\/artistdentallab.com\/wp-content\/uploads\/2026\/08\/Veneer-Maintenance-for-Long-Term-Gloss-Texture-and-Shade-Stability-2-500x281.jpg 500w, https:\/\/artistdentallab.com\/wp-content\/uploads\/2026\/08\/Veneer-Maintenance-for-Long-Term-Gloss-Texture-and-Shade-Stability-2-600x338.jpg 600w, https:\/\/artistdentallab.com\/wp-content\/uploads\/2026\/08\/Veneer-Maintenance-for-Long-Term-Gloss-Texture-and-Shade-Stability-2.jpg 1672w\" sizes=\"(max-width: 1024px) 100vw, 1024px\" \/><figcaption class=\"wp-element-caption\">Manuten\u00e7\u00e3o das facas para garantir a estabilidade a longo prazo do brilho, da textura e da tonalidade<\/figcaption><\/figure>\n\n\n\n<h2 class=\"wp-block-heading\">O que \u00e9 que, na verdade, altera o brilho, a textura e a tonalidade das facetas?<\/h2>\n\n\n\n<p class=\"wp-block-paragraph\">O doente costuma culpar o caf\u00e9.<\/p>\n\n\n\n<p class=\"wp-block-paragraph\">\u00c0s vezes, a culpa \u00e9 do caf\u00e9. Muitas vezes, d\u00e1-se-lhe demasiado cr\u00e9dito.<\/p>\n\n\n\n<p class=\"wp-block-paragraph\">A 2026 <em>Relat\u00f3rios cient\u00edficos<\/em> estudo analisou <strong>48 amostras<\/strong> fabricado a partir de duas cer\u00e2micas laminadas com revestimento em CAD\/CAM: <strong>CEREC Tessera<\/strong> disilicato de l\u00edtio avan\u00e7ado da Dentsply Sirona e <strong>VITA Suprinity<\/strong> silicato de l\u00edtio refor\u00e7ado com zirc\u00f3nia da VITA Zahnfabrik. Os investigadores submeteram as amostras a uma simula\u00e7\u00e3o de escovagem, bem como a ciclos t\u00e9rmicos com caf\u00e9 e tabaco, e avaliaram-nas ap\u00f3s intervalos simulados de seis meses e um ano.<\/p>\n\n\n\n<p class=\"wp-block-paragraph\">A experi\u00eancia utilizou <strong>10 000 ciclos de escovagem<\/strong> como o seu par\u00e2metro de avalia\u00e7\u00e3o simulado ao fim de um ano. As altera\u00e7\u00f5es na rugosidade da superf\u00edcie n\u00e3o foram estatisticamente significativas entre os grupos testados, mas a altera\u00e7\u00e3o de cor ap\u00f3s o protocolo combinado de escovagem e caf\u00e9\/tabaco excedeu o intervalo clinicamente aceite pelo estudo para os materiais testados. Os autores tamb\u00e9m salientaram que este foi um <strong>in vitro<\/strong> trata-se de uma experi\u00eancia, e n\u00e3o de uma previs\u00e3o direta do aspeto que as facetas de cada doente ter\u00e3o ao fim de um ano.<\/p>\n\n\n\n<p class=\"wp-block-paragraph\">Essa limita\u00e7\u00e3o \u00e9 importante.<\/p>\n\n\n\n<p class=\"wp-block-paragraph\">Os estudos de envelhecimento em laborat\u00f3rio aceleram vari\u00e1veis espec\u00edficas. Na boca real, h\u00e1 saliva, placa bacteriana, alimenta\u00e7\u00e3o, altera\u00e7\u00f5es do pH, t\u00e9cnica de escovagem, oclus\u00e3o, limpeza profissional, cimento de resina, tecidos gengivais, espessura individual da cer\u00e2mica e centenas de diferen\u00e7as comportamentais.<\/p>\n\n\n\n<p class=\"wp-block-paragraph\">Ainda assim, a mensagem \u00e9 \u00fatil: <strong>O acabamento da superf\u00edcie e o hist\u00f3rico de exposi\u00e7\u00e3o s\u00e3o importantes.<\/strong><\/p>\n\n\n\n<h2 class=\"wp-block-heading\">Resumo dos riscos associados \u00e0 manuten\u00e7\u00e3o do revestimento<\/h2>\n\n\n\n<figure class=\"wp-block-table\"><table class=\"has-fixed-layout\"><thead><tr><th>Fator<\/th><th>Principal preocupa\u00e7\u00e3o a longo prazo<\/th><th>O que a equipa cl\u00ednica deve ter em aten\u00e7\u00e3o<\/th><th>Melhor resposta em mat\u00e9ria de manuten\u00e7\u00e3o<\/th><\/tr><\/thead><tbody><tr><td>Escovagem di\u00e1ria normal<\/td><td>Controlo da placa bacteriana com poss\u00edvel intera\u00e7\u00e3o cumulativa na superf\u00edcie<\/td><td>Altera\u00e7\u00f5es no brilho ou na rugosidade localizada<\/td><td>Utilize produtos e t\u00e9cnicas de escovagem recomendados por profissionais de sa\u00fade<\/td><\/tr><tr><td>Produtos de branqueamento altamente abrasivos ou agressivos<\/td><td>Abras\u00e3o superficial<\/td><td>Aumento do aspeto mate ou aparecimento de pequenos riscos<\/td><td>N\u00e3o presuma que \u201cbranqueamento\u201d signifique que \u00e9 seguro para as facetas<\/td><\/tr><tr><td>Caf\u00e9, ch\u00e1, vinho tinto, tabaco<\/td><td>Exposi\u00e7\u00e3o extr\u00ednseca \u00e0 cor<\/td><td>Mancha superficial, descolora\u00e7\u00e3o marginal, discrep\u00e2ncia em rela\u00e7\u00e3o aos dentes adjacentes<\/td><td>Manter o controlo da placa bacteriana e avaliar a verdadeira origem da descolora\u00e7\u00e3o<\/td><\/tr><tr><td>Raspagem dent\u00e1ria profissional e profilaxia<\/td><td>Intera\u00e7\u00e3o entre o instrumento e o material<\/td><td>Arranh\u00f5es ou altera\u00e7\u00f5es no acabamento da superf\u00edcie<\/td><td>Identificar o material de restaura\u00e7\u00e3o antes de proceder a uma instrumenta\u00e7\u00e3o agressiva<\/td><\/tr><tr><td>Ajuste de cer\u00e2mica na cadeira do dentista<\/td><td>Perda de brilho, textura e \u00e2ngulos das linhas<\/td><td>Irregularidade local ou um reflexo anormalmente plano<\/td><td>Volte a polir seguindo um procedimento espec\u00edfico para cer\u00e2mica<\/td><\/tr><tr><td>Bruxismo ou carga funcional elevada<\/td><td>Desgaste das arestas, lascas, fraturas<\/td><td>Microdanos incisais e altera\u00e7\u00f5es nos padr\u00f5es de contacto<\/td><td>Avaliar a oclus\u00e3o e considerar a terapia protetora quando indicado<\/td><\/tr><tr><td>Recuo gengival<\/td><td>Margens agora vis\u00edveis<\/td><td>Transi\u00e7\u00e3o da tonalidade cervical ou estrutura dent\u00e1ria exposta<\/td><td>Avaliar o estado periodontal e a integridade da margem<\/td><\/tr><tr><td>Envelhecimento da interface resina-cimento<\/td><td>Altera\u00e7\u00e3o \u00f3tica junto \u00e0s margens<\/td><td>Discrep\u00e2ncia de cor localizada<\/td><td>Determinar se a cer\u00e2mica, o cimento, o dente ou a margem \u00e9 o respons\u00e1vel<\/td><\/tr><\/tbody><\/table><\/figure>\n\n\n\n<p class=\"wp-block-paragraph\">O que importa \u00e9 a disciplina no diagn\u00f3stico.<\/p>\n\n\n\n<p class=\"wp-block-paragraph\"><strong>N\u00e3o se deve dar prioridade ao polimento e deixar o diagn\u00f3stico para depois.<\/strong><\/p>\n\n\n\n<h2 class=\"wp-block-heading\">Os cuidados com as facetas de porcelana come\u00e7am com o controlo regular da placa bacteriana<\/h2>\n\n\n\n<p class=\"wp-block-paragraph\">A parte menos glamorosa dos cuidados a seguir \u00e0 coloca\u00e7\u00e3o de facetas \u00e9 tamb\u00e9m a mais justific\u00e1vel.<\/p>\n\n\n\n<p class=\"wp-block-paragraph\">As orienta\u00e7\u00f5es da Associa\u00e7\u00e3o Dent\u00e1ria Americana destinadas aos doentes sobre as facetas dent\u00e1rias recomendam a escovagem <strong>duas vezes por dia com pasta de dentes com fl\u00faor<\/strong> e a limpeza entre os dentes <strong>uma vez por dia, utilizando fio dental ou outro produto de limpeza interdental<\/strong>.<\/p>\n\n\n\n<p class=\"wp-block-paragraph\">Essa recomenda\u00e7\u00e3o parece quase decepcionantemente comum.<\/p>\n\n\n\n<p class=\"wp-block-paragraph\">\u00d3timo.<\/p>\n\n\n\n<p class=\"wp-block-paragraph\">Os doentes n\u00e3o precisam de um arm\u00e1rio cheio de produtos ex\u00f3ticos para a \u201cmanuten\u00e7\u00e3o das facetas\u201d s\u00f3 porque lhes foi aplicada cer\u00e2mica nos dentes anteriores.<\/p>\n\n\n\n<p class=\"wp-block-paragraph\">\u00c9 necess\u00e1rio um controlo fi\u00e1vel da placa bacteriana em torno das restaura\u00e7\u00f5es cujas margens ainda dependem da sa\u00fade dos dentes de suporte e dos tecidos periodontais.<\/p>\n\n\n\n<h3 class=\"wp-block-heading\">A margem \u00e9 mais importante do que o marketing<\/h3>\n\n\n\n<p class=\"wp-block-paragraph\">A porcelana, por si s\u00f3, n\u00e3o desenvolve c\u00e1ries dent\u00e1rias.<\/p>\n\n\n\n<p class=\"wp-block-paragraph\">O dente que o suporta pode.<\/p>\n\n\n\n<p class=\"wp-block-paragraph\">Isso significa que a manuten\u00e7\u00e3o das facetas dent\u00e1rias deve incluir a avalia\u00e7\u00e3o de:<\/p>\n\n\n\n<ul class=\"wp-block-list\">\n<li>Inflama\u00e7\u00e3o gengival<\/li>\n\n\n\n<li>Acumula\u00e7\u00e3o de placa bacteriana<\/li>\n\n\n\n<li>Colora\u00e7\u00e3o marginal<\/li>\n\n\n\n<li>Margens abertas ou com defeito<\/li>\n\n\n\n<li>C\u00e1rie secund\u00e1ria<\/li>\n\n\n\n<li>Exposi\u00e7\u00e3o da resina-cimento<\/li>\n\n\n\n<li>Higiene interproximal<\/li>\n\n\n\n<li>Desgaste incisal<\/li>\n\n\n\n<li>Contactos oclusais<\/li>\n\n\n\n<li>Rugosidade localizada<\/li>\n<\/ul>\n\n\n\n<p class=\"wp-block-paragraph\">Uma superf\u00edcie facial brilhante pouco significa se a margem cervical apresentar falhas.<\/p>\n\n\n\n<h2 class=\"wp-block-heading\">Cuidado com a mentalidade do \u00abdent\u00edfrico branqueador\u00bb<\/h2>\n\n\n\n<p class=\"wp-block-paragraph\">Os doentes partem naturalmente do princ\u00edpio de que qualquer produto comercializado para o branqueamento ajudar\u00e1 a manter as facetas brilhantes.<\/p>\n\n\n\n<p class=\"wp-block-paragraph\">Essa suposi\u00e7\u00e3o pode ser perigosa.<\/p>\n\n\n\n<p class=\"wp-block-paragraph\">As pastas dent\u00edfricas branqueadoras atuam principalmente sobre as manchas extr\u00ednsecas atrav\u00e9s de mecanismos mec\u00e2nicos e qu\u00edmicos, e os materiais de restaura\u00e7\u00e3o n\u00e3o reagem necessariamente da mesma forma que o esmalte. Estudos publicados nos \u00faltimos anos analisaram especificamente como a abrasividade das pastas dent\u00edfricas e a escovagem simulada podem alterar as propriedades superficiais dos materiais de restaura\u00e7\u00e3o CAD\/CAM.<\/p>\n\n\n\n<p class=\"wp-block-paragraph\">A minha regra de trabalho \u00e9 simples: <strong>N\u00e3o escolha uma pasta de dentes para uma restaura\u00e7\u00e3o em cer\u00e2mica baseando-se apenas na palavra \u201cbranqueamento\u201d.\u201d<\/strong><\/p>\n\n\n\n<p class=\"wp-block-paragraph\">Se um doente achar que as facetas est\u00e3o a ficar mais escuras, o m\u00e9dico deve, em primeiro lugar, determinar o que \u00e9 que realmente mudou:<\/p>\n\n\n\n<ul class=\"wp-block-list\">\n<li>Superf\u00edcie cer\u00e2mica<\/li>\n\n\n\n<li>Dentes naturais ao lado das facetas<\/li>\n\n\n\n<li>Esmalte ou dentina cervical exposta<\/li>\n\n\n\n<li>Margem de resina-cimento<\/li>\n\n\n\n<li>Dep\u00f3sitos superficiais<\/li>\n\n\n\n<li>Condi\u00e7\u00f5es de ilumina\u00e7\u00e3o<\/li>\n\n\n\n<li>Posi\u00e7\u00e3o gengival<\/li>\n\n\n\n<li>Visibilidade do substrato subjacente<\/li>\n<\/ul>\n\n\n\n<p class=\"wp-block-paragraph\">Tentar resolver todas as queixas relativas \u00e0 tonalidade recorrendo a uma maior abras\u00e3o \u00e9 uma pr\u00e1tica dent\u00e1ria negligente.<\/p>\n\n\n\n<h2 class=\"wp-block-heading\">Como manter as facetas brilhantes sem alterar a sua textura<\/h2>\n\n\n\n<p class=\"wp-block-paragraph\">\u00c9 aqui que a manuten\u00e7\u00e3o passa a ser uma quest\u00e3o t\u00e9cnica.<\/p>\n\n\n\n<p class=\"wp-block-paragraph\">Uma faceta que fique com um toque \u00e1spero ap\u00f3s o ajuste ou a instrumenta\u00e7\u00e3o profissional poder\u00e1 necessitar de um novo polimento. No entanto, o novo polimento n\u00e3o significa que se deva transformar a superf\u00edcie facial num espelho.<\/p>\n\n\n\n<p class=\"wp-block-paragraph\">Guia t\u00e9cnico da Artist Dental Lab sobre <a href=\"https:\/\/artistdentallab.com\/pt\/can-veneers-be-re-polished-to-restore-their-original-esthetics\/\">repolimento de facetas de porcelana<\/a> explica claramente o objetivo: a anatomia de desenvolvimento vis\u00edvel pode ser mantida, enquanto a pr\u00f3pria superf\u00edcie cer\u00e2mica \u00e9 aperfei\u00e7oada para obter um acabamento adequadamente liso e f\u00e1cil de limpar.<\/p>\n\n\n\n<p class=\"wp-block-paragraph\">Essa distin\u00e7\u00e3o deve orientar a sequ\u00eancia.<\/p>\n\n\n\n<h3 class=\"wp-block-heading\">Primeiro, determine por que raz\u00e3o o brilho mudou<\/h3>\n\n\n\n<p class=\"wp-block-paragraph\">Antes de recorrer a um sistema de polimento, verifique se o defeito \u00e9:<\/p>\n\n\n\n<ul class=\"wp-block-list\">\n<li>Relacionado com dep\u00f3sitos<\/li>\n\n\n\n<li>Colora\u00e7\u00e3o superficial<\/li>\n\n\n\n<li>Perda do esmalte<\/li>\n\n\n\n<li>Danos causados pelo ajuste do diamante<\/li>\n\n\n\n<li>Co\u00e7ar como medida profil\u00e1tica<\/li>\n\n\n\n<li>Desgaste localizado da cer\u00e2mica<\/li>\n\n\n\n<li>Uma superf\u00edcie fraturada<\/li>\n\n\n\n<li>Um problema de margem<\/li>\n\n\n\n<li>Um problema de contorno<\/li>\n<\/ul>\n\n\n\n<p class=\"wp-block-paragraph\">Estes diagn\u00f3sticos n\u00e3o s\u00e3o intercambi\u00e1veis.<\/p>\n\n\n\n<h3 class=\"wp-block-heading\">Em seguida, localize a zona exata<\/h3>\n\n\n\n<p class=\"wp-block-paragraph\">Uma zona cervical irregular requer uma abordagem diferente da de um reflexo facial central achatado.<\/p>\n\n\n\n<p class=\"wp-block-paragraph\">Uma borda incisal alterada apresenta caracter\u00edsticas diferentes, uma vez que o encurtamento e o polimento da borda podem alterar simultaneamente o comprimento do dente, a fon\u00e9tica, as rela\u00e7\u00f5es entre os dentes, a translucidez incisal e as caracter\u00edsticas da superf\u00edcie.<\/p>\n\n\n\n<p class=\"wp-block-paragraph\">Por esse motivo, os cl\u00ednicos que realizam corre\u00e7\u00f5es p\u00f3s-cimenta\u00e7\u00e3o devem rever os princ\u00edpios descritos em <a href=\"https:\/\/artistdentallab.com\/pt\/adjusting-veneer-incisal-edges-without-destroying-surface-character\/\">ajustar as bordas incisais do revestimento sem alterar as caracter\u00edsticas da superf\u00edcie<\/a> antes de considerar o acabamento como uma simples redu\u00e7\u00e3o do comprimento.<\/p>\n\n\n\n<h3 class=\"wp-block-heading\">Por fim, preservar a geometria de reflex\u00e3o<\/h3>\n\n\n\n<p class=\"wp-block-paragraph\">O polimento deve restaurar a qualidade da superf\u00edcie.<\/p>\n\n\n\n<p class=\"wp-block-paragraph\">N\u00e3o deve remover automaticamente todos os sinais de textura.<\/p>\n\n\n\n<p class=\"wp-block-paragraph\">Observe o revestimento sob luz direcionada. Gire o paciente. Compare a largura e a posi\u00e7\u00e3o do reflexo facial com os dentes adjacentes. Uma superf\u00edcie pode parecer lisa ao toque com um explorador, mas mesmo assim parecer incorreta, porque as linhas de transi\u00e7\u00e3o ou os l\u00f3bulos foram achatados.<\/p>\n\n\n\n<p class=\"wp-block-paragraph\">\u00c9 a\u00ed que a fotografia macro se torna \u00fatil.<\/p>\n\n\n\n<h2 class=\"wp-block-heading\">A estabilidade da cor \u00e9 mais complexa do que a resist\u00eancia \u00e0s manchas<\/h2>\n\n\n\n<p class=\"wp-block-paragraph\">Os doentes perguntam frequentemente como evitar a forma\u00e7\u00e3o de manchas nas facetas.<\/p>\n\n\n\n<p class=\"wp-block-paragraph\">A resposta mais concisa consiste em limitar a exposi\u00e7\u00e3o excessiva a pigmentos fortes e manter uma boa higiene oral.<\/p>\n\n\n\n<p class=\"wp-block-paragraph\">A resposta mais correta \u00e9 que a tonalidade vis\u00edvel da faceta \u00e9 produzida por v\u00e1rias camadas \u00f3ticas.<\/p>\n\n\n\n<p class=\"wp-block-paragraph\">Uma restaura\u00e7\u00e3o anterior fina pode ser influenciada por:<\/p>\n\n\n\n<ul class=\"wp-block-list\">\n<li>Composi\u00e7\u00e3o cer\u00e2mica<\/li>\n\n\n\n<li>Espessura da cer\u00e2mica<\/li>\n\n\n\n<li>Translucidez da cer\u00e2mica<\/li>\n\n\n\n<li>Textura da superf\u00edcie<\/li>\n\n\n\n<li>Brilho da superf\u00edcie<\/li>\n\n\n\n<li>Sombra de cepos<\/li>\n\n\n\n<li>Tonalidade da resina-cimento<\/li>\n\n\n\n<li>Espessura do cimento<\/li>\n\n\n\n<li>Hidrata\u00e7\u00e3o dent\u00e1ria<\/li>\n\n\n\n<li>Esmalte natural adjacente<\/li>\n\n\n\n<li>Posi\u00e7\u00e3o gengival<\/li>\n\n\n\n<li>Condi\u00e7\u00f5es de ilumina\u00e7\u00e3o<\/li>\n<\/ul>\n\n\n\n<p class=\"wp-block-paragraph\">Por isso, quando uma faceta apresenta um aspeto diferente ao fim de cinco ou dez anos, atribuir a culpa \u00e0s \u201cmanchas na porcelana\u201d sem investigar essas vari\u00e1veis constitui um diagn\u00f3stico pouco fundamentado.<\/p>\n\n\n\n<p class=\"wp-block-paragraph\">Isto torna-se especialmente evidente quando apenas uma restaura\u00e7\u00e3o precisa de ser substitu\u00edda. O guia da Artist Dental Lab sobre <a href=\"https:\/\/artistdentallab.com\/pt\/replacing-one-veneer-in-a-multi-unit-case-shade-and-texture-matching-strategies\/\">substitui\u00e7\u00e3o de uma faceta num caso com v\u00e1rias unidades<\/a> explica por que raz\u00e3o a nova unidade deve corresponder \u00e0 <strong>atual<\/strong> sorriso \u2014 incluindo o desgaste acumulado, o brilho, a textura, a cor da resina e o aspeto dos dentes adjacentes \u2014 e n\u00e3o se limitar a reproduzir a prescri\u00e7\u00e3o de tonalidade original do laborat\u00f3rio.<\/p>\n\n\n\n<p class=\"wp-block-paragraph\">Esse princ\u00edpio tamb\u00e9m \u00e9 importante na manuten\u00e7\u00e3o.<\/p>\n\n\n\n<p class=\"wp-block-paragraph\">O objetivo cl\u00ednico varia com o tempo.<\/p>\n\n\n\n<h2 class=\"wp-block-heading\">O valor de 0,2 \u00b5m precisa de contexto<\/h2>\n\n\n\n<p class=\"wp-block-paragraph\">H\u00e1 um n\u00famero que aparece repetidamente na literatura sobre rugosidade superficial: aproximadamente <strong>0,2 \u00b5m Ra<\/strong>.<\/p>\n\n\n\n<p class=\"wp-block-paragraph\">O ano de 2026 <em>Relat\u00f3rios cient\u00edficos<\/em> O artigo abordou as irregularidades da superf\u00edcie abaixo, aproximadamente <strong>0,2 micr\u00f3metros<\/strong> no que diz respeito \u00e0 redu\u00e7\u00e3o da ades\u00e3o bacteriana, alertando simultaneamente para a necessidade de se ter em conta a rugosidade da superf\u00edcie, a par do material e do protocolo de acabamento.<\/p>\n\n\n\n<p class=\"wp-block-paragraph\">Um n\u00famero \u00fatil?<\/p>\n\n\n\n<p class=\"wp-block-paragraph\">Sim.<\/p>\n\n\n\n<p class=\"wp-block-paragraph\">Um limiar cl\u00ednico \u00abm\u00e1gico\u00bb?<\/p>\n\n\n\n<p class=\"wp-block-paragraph\">N.\u00ba.<\/p>\n\n\n\n<p class=\"wp-block-paragraph\">Uma leitura do perfil\u00f3metro n\u00e3o permite determinar se uma restaura\u00e7\u00e3o anterior tem um aspeto natural. A rugosidade da superf\u00edcie e a morfologia vis\u00edvel da superf\u00edcie s\u00e3o escalas de informa\u00e7\u00e3o diferentes.<\/p>\n\n\n\n<p class=\"wp-block-paragraph\">Uma restaura\u00e7\u00e3o pode apresentar uma superf\u00edcie aceitavelmente lisa, mas parecer artificialmente plana.<\/p>\n\n\n\n<p class=\"wp-block-paragraph\">Ou poderia apresentar macrotexturas e microtexturas cuidadosamente concebidas, mantendo-se clinicamente liso.<\/p>\n\n\n\n<p class=\"wp-block-paragraph\">\u00c9 por isso que sou contra a medicina dent\u00e1ria \u00abde n\u00famero \u00fanico\u00bb.<\/p>\n\n\n\n<h2 class=\"wp-block-heading\">A limpeza profissional pode ajudar \u2014 ou comprometer o bom trabalho laboratorial<\/h2>\n\n\n\n<p class=\"wp-block-paragraph\">A manuten\u00e7\u00e3o profissional \u00e9 essencial, mas \u201cprofissional\u201d n\u00e3o significa automaticamente que seja inofensiva para todos os materiais de restaura\u00e7\u00e3o.<\/p>\n\n\n\n<p class=\"wp-block-paragraph\">Um estudo de 2023 indexado no PubMed analisou procedimentos de profilaxia dent\u00e1ria e relatou efeitos dependentes do material; a raspagem ultrass\u00f3nica aumentou significativamente a rugosidade da superf\u00edcie nas amostras de facetas de cer\u00e2mica com rede infiltrada com pol\u00edmero que foram testadas. Outras investiga\u00e7\u00f5es avaliaram, de forma semelhante, como a raspagem ultrass\u00f3nica e manual afetam a topografia da superf\u00edcie da cer\u00e2mica produzida por CAD\/CAM.<\/p>\n\n\n\n<p class=\"wp-block-paragraph\">A li\u00e7\u00e3o a reter n\u00e3o \u00e9 \u201cnunca fazer a limpeza dent\u00e1ria em torno de facetas\u201d.\u201d<\/p>\n\n\n\n<p class=\"wp-block-paragraph\">Isso seria absurdo.<\/p>\n\n\n\n<p class=\"wp-block-paragraph\">O importante \u00e9 identificar o que se est\u00e1 a limpar.<\/p>\n\n\n\n<p class=\"wp-block-paragraph\">A escolha do material deve influenciar a instrumenta\u00e7\u00e3o, os meios de polimento, a press\u00e3o e a necessidade de um acabamento posterior da restaura\u00e7\u00e3o.<\/p>\n\n\n\n<h3 class=\"wp-block-heading\">Registe o material antes que a manuten\u00e7\u00e3o se torne uma quest\u00e3o de suposi\u00e7\u00f5es<\/h3>\n\n\n\n<p class=\"wp-block-paragraph\">No caso de tratamentos complexos com facetas, a cl\u00ednica deve conservar:<\/p>\n\n\n\n<ul class=\"wp-block-list\">\n<li>Fabricante de cer\u00e2mica e material<\/li>\n\n\n\n<li>Feldsp\u00e1tico, dissilicato de l\u00edtio, ZLS ou outra designa\u00e7\u00e3o do material<\/li>\n\n\n\n<li>Conce\u00e7\u00e3o em camadas versus conce\u00e7\u00e3o monol\u00edtica<\/li>\n\n\n\n<li>Tom original<\/li>\n\n\n\n<li>Sombra de cepos<\/li>\n\n\n\n<li>Cimento de resina utilizado<\/li>\n\n\n\n<li>Espessura aproximada da cer\u00e2mica, quando dispon\u00edvel<\/li>\n\n\n\n<li>Fotografias finais do laborat\u00f3rio<\/li>\n\n\n\n<li>Refer\u00eancias de textura e brilho<\/li>\n\n\n\n<li>Data e local dos ajustes posteriores<\/li>\n<\/ul>\n\n\n\n<p class=\"wp-block-paragraph\">Anos mais tarde, esses registos permitem distinguir a manuten\u00e7\u00e3o inteligente da experimenta\u00e7\u00e3o.<\/p>\n\n\n\n<h2 class=\"wp-block-heading\">Um protocolo pr\u00e1tico para os cuidados a longo prazo com facetas dent\u00e1rias<\/h2>\n\n\n\n<p class=\"wp-block-paragraph\">Prefiro um sistema simples a uma folha de instru\u00e7\u00f5es para o doente enorme que ningu\u00e9m segue.<\/p>\n\n\n\n<h3 class=\"wp-block-heading\">Di\u00e1rio<\/h3>\n\n\n\n<p class=\"wp-block-paragraph\">Escove os dentes duas vezes por dia, utilizando pasta dent\u00edfrica com fl\u00faor e a t\u00e9cnica recomendada pelo dentista respons\u00e1vel pelo seu tratamento.<\/p>\n\n\n\n<p class=\"wp-block-paragraph\">Limpe as \u00e1reas interproximais todos os dias.<\/p>\n\n\n\n<p class=\"wp-block-paragraph\">Preste aten\u00e7\u00e3o a sangramento, ac\u00famulo de alimentos, nova rugosidade ou fio dental a rasgar-se \u00e0 volta de uma margem.<\/p>\n\n\n\n<h3 class=\"wp-block-heading\">Ap\u00f3s uma exposi\u00e7\u00e3o intensa a pigmentos<\/h3>\n\n\n\n<p class=\"wp-block-paragraph\">N\u00e3o entre em p\u00e2nico s\u00f3 porque o doente bebe caf\u00e9.<\/p>\n\n\n\n<p class=\"wp-block-paragraph\">Em vez disso, mantenha uma higiene oral consistente e verifique se est\u00e3o a surgir descolora\u00e7\u00f5es na restaura\u00e7\u00e3o, nos dentes circundantes ou, especificamente, nas margens.<\/p>\n\n\n\n<p class=\"wp-block-paragraph\">O estudo CEREC Tessera e VITA Suprinity de 2026 demonstra por que raz\u00e3o a exposi\u00e7\u00e3o ao caf\u00e9 e ao tabaco merece aten\u00e7\u00e3o, mas o seu protocolo laboratorial acelerado n\u00e3o deve ser apresentado como um prazo garantido para a descolora\u00e7\u00e3o cl\u00ednica.<\/p>\n\n\n\n<h3 class=\"wp-block-heading\">Em chamadas de revis\u00e3o profissionais<\/h3>\n\n\n\n<p class=\"wp-block-paragraph\">Avalie a faceta como uma restaura\u00e7\u00e3o, e n\u00e3o apenas como parte de uma consulta de limpeza.<\/p>\n\n\n\n<p class=\"wp-block-paragraph\">Verificar:<\/p>\n\n\n\n<ul class=\"wp-block-list\">\n<li>Integridade da margem<\/li>\n\n\n\n<li>Condi\u00e7\u00e3o gengival<\/li>\n\n\n\n<li>Placa bacteriana e t\u00e1rtaro<\/li>\n\n\n\n<li>Dep\u00f3sitos superficiais<\/li>\n\n\n\n<li>Brilho<\/li>\n\n\n\n<li>Rugosidade localizada<\/li>\n\n\n\n<li>Desgaste incisal<\/li>\n\n\n\n<li>Lasca ou fissura<\/li>\n\n\n\n<li>Contactos oclusais<\/li>\n\n\n\n<li>Rela\u00e7\u00e3o de tonalidade com os dentes adjacentes<\/li>\n<\/ul>\n\n\n\n<p class=\"wp-block-paragraph\">A periodicidade das consultas de acompanhamento deve ser definida individualmente pelo dentista respons\u00e1vel pelo tratamento, em vez de ser imposta como um intervalo de manuten\u00e7\u00e3o universal.<\/p>\n\n\n\n<h3 class=\"wp-block-heading\">Ap\u00f3s qualquer ajuste na cer\u00e2mica<\/h3>\n\n\n\n<p class=\"wp-block-paragraph\">Registe exatamente onde a cer\u00e2mica foi substitu\u00edda.<\/p>\n\n\n\n<p class=\"wp-block-paragraph\">Em seguida, restaure a superf\u00edcie utilizando um protocolo de acabamento e polimento compat\u00edvel com a cer\u00e2mica em quest\u00e3o.<\/p>\n\n\n\n<p class=\"wp-block-paragraph\">\u00c9 aqui que muitos folheados de boa qualidade s\u00e3o desclassificados.<\/p>\n\n\n\n<p class=\"wp-block-paragraph\">O laborat\u00f3rio dedica horas a controlar os \u00e2ngulos das linhas, os l\u00f3bulos, a textura, os efeitos incisais e o brilho seletivo; um ajuste indiscriminado de dois minutos pode anular parte desse trabalho.<\/p>\n\n\n\n<p class=\"wp-block-paragraph\">Um compromisso curto. Consequ\u00eancias duradouras.<\/p>\n\n\n\n<h2 class=\"wp-block-heading\">O sucesso a longo prazo deve ser fotografado, n\u00e3o apenas lembrado<\/h2>\n\n\n\n<p class=\"wp-block-paragraph\">A mem\u00f3ria visual humana n\u00e3o \u00e9 fi\u00e1vel.<\/p>\n\n\n\n<p class=\"wp-block-paragraph\">Se um profissional de sa\u00fade quiser determinar se uma faceta perdeu efetivamente o brilho ou se sofreu uma altera\u00e7\u00e3o visual, deve comparar imagens padronizadas, em vez de se basear na afirma\u00e7\u00e3o \u201cAcho que antes tinha um aspeto mais brilhante\u201d.\u201d<\/p>\n\n\n\n<p class=\"wp-block-paragraph\">Recomendo manter:<\/p>\n\n\n\n<ul class=\"wp-block-list\">\n<li>Imagem frontal imediatamente ap\u00f3s a colagem<\/li>\n\n\n\n<li>Imagem frontal retra\u00edda<\/li>\n\n\n\n<li>Vistas a 45 graus para a direita e para a esquerda<\/li>\n\n\n\n<li>Imagem com filtro polarizado, quando dispon\u00edvel<\/li>\n\n\n\n<li>Imagem em grande plano do reflexo na superf\u00edcie<\/li>\n\n\n\n<li>Refer\u00eancia de uma semana ou p\u00f3s-hidrata\u00e7\u00e3o<\/li>\n\n\n\n<li>Fotografias peri\u00f3dicas a longo prazo, sempre que se suspeite de altera\u00e7\u00f5es est\u00e9ticas<\/li>\n<\/ul>\n\n\n\n<p class=\"wp-block-paragraph\">Sempre que poss\u00edvel, utilize a mesma configura\u00e7\u00e3o de ilumina\u00e7\u00e3o.<\/p>\n\n\n\n<p class=\"wp-block-paragraph\">Porqu\u00ea?<\/p>\n\n\n\n<p class=\"wp-block-paragraph\">Uma vez que a reflex\u00e3o na superf\u00edcie pode fazer com que duas tonalidades de cer\u00e2mica, objetivamente semelhantes, pare\u00e7am diferentes, e a hidrata\u00e7\u00e3o pode alterar o aspeto do substrato dent\u00e1rio natural em torno de facetas recentemente coladas. O Laborat\u00f3rio Dent\u00e1rio Artist\u2019s <a href=\"https:\/\/artistdentallab.com\/pt\/why-veneer-shade-can-appear-different-one-week-after-bonding\/\">An\u00e1lise da tonalidade das facetas em uma semana<\/a> recomenda especificamente a utiliza\u00e7\u00e3o de ilumina\u00e7\u00e3o padronizada, a realiza\u00e7\u00e3o de fotografias repetidas e a documenta\u00e7\u00e3o das condi\u00e7\u00f5es da cer\u00e2mica, do cimento, da espessura, da textura e do substrato antes de diagnosticar uma incompatibilidade.<\/p>\n\n\n\n<p class=\"wp-block-paragraph\">Os dados superam a mem\u00f3ria.<\/p>\n\n\n\n<h2 class=\"wp-block-heading\">Quando a manuten\u00e7\u00e3o j\u00e1 n\u00e3o \u00e9 suficiente<\/h2>\n\n\n\n<p class=\"wp-block-paragraph\">Nem todos os revestimentos opacos precisam de ser substitu\u00eddos.<\/p>\n\n\n\n<p class=\"wp-block-paragraph\">Mas nem todas as folhas de madeira devem ser polidas indefinidamente.<\/p>\n\n\n\n<p class=\"wp-block-paragraph\">O repolimento faz mais sentido quando a restaura\u00e7\u00e3o se encontra estruturalmente intacta e o problema se limita a uma rugosidade superficial, a uma ligeira perda de brilho ou a danos superficiais localizados.<\/p>\n\n\n\n<p class=\"wp-block-paragraph\">A substitui\u00e7\u00e3o torna-se um tema de discuss\u00e3o mais s\u00e9rio quando se verifica:<\/p>\n\n\n\n<ul class=\"wp-block-list\">\n<li>Fratura da cer\u00e2mica<\/li>\n\n\n\n<li>Lasca significativa<\/li>\n\n\n\n<li>Descolagem recorrente<\/li>\n\n\n\n<li>C\u00e1rie secund\u00e1ria<\/li>\n\n\n\n<li>Margens defeituosas<\/li>\n\n\n\n<li>Erro grave no contorno<\/li>\n\n\n\n<li>Desajuste \u00f3tico profundo<\/li>\n\n\n\n<li>Perda grave da anatomia da cer\u00e2mica<\/li>\n\n\n\n<li>Diminui\u00e7\u00e3o estrutural resultante de ajustes repetidos<\/li>\n<\/ul>\n\n\n\n<p class=\"wp-block-paragraph\">Lembre-se dos dados relativos \u00e0 sobreviv\u00eancia.<\/p>\n\n\n\n<p class=\"wp-block-paragraph\">A revis\u00e3o sistem\u00e1tica de 2021 <strong>95,51 TP3T \u2014 taxa de sobreviv\u00eancia cumulativa estimada a 10 anos<\/strong> mostra o que as facetas laminadas de porcelana podem alcan\u00e7ar enquanto categoria, mas o estudo tamb\u00e9m identificou a fratura e a descolagem como modos de falha significativos.<\/p>\n\n\n\n<p class=\"wp-block-paragraph\">A manuten\u00e7\u00e3o deve prolongar a vida \u00fatil de uma restaura\u00e7\u00e3o bem executada.<\/p>\n\n\n\n<p class=\"wp-block-paragraph\">N\u00e3o deve servir para encobrir o fracasso.<\/p>\n\n\n\n<h2 class=\"wp-block-heading\">FAQs<\/h2>\n\n\n\n<h3 class=\"wp-block-heading\">Qual \u00e9 a melhor forma de cuidar das facetas de porcelana a longo prazo?<\/h3>\n\n\n\n<p class=\"wp-block-paragraph\">A manuten\u00e7\u00e3o a longo prazo das facetas consiste na combina\u00e7\u00e3o de cuidados domicili\u00e1rios e de um protocolo profissional, utilizada para proteger as superf\u00edcies cer\u00e2micas, as margens coladas, os dentes de suporte, a sa\u00fade gengival e a oclus\u00e3o, de modo a que as facetas mantenham um brilho, uma textura, uma tonalidade e uma fun\u00e7\u00e3o aceit\u00e1veis, sem necessidade de polimento abrasivo desnecess\u00e1rio ou de ajustes repetidos na cadeira do dentista.<\/p>\n\n\n\n<p class=\"wp-block-paragraph\">O controlo di\u00e1rio da placa bacteriana continua a ser a base. A ADA recomenda a escovagem duas vezes por dia com pasta dent\u00edfrica com fl\u00faor e a limpeza interdental uma vez por dia, enquanto a equipa cl\u00ednica deve avaliar periodicamente as margens, o estado periodontal, a rugosidade da superf\u00edcie, a oclus\u00e3o, lascas e altera\u00e7\u00f5es no brilho ou na tonalidade.<\/p>\n\n\n\n<h3 class=\"wp-block-heading\">Como se devem limpar as facetas de porcelana?<\/h3>\n\n\n\n<p class=\"wp-block-paragraph\">As facetas de porcelana devem ser limpas com a mesma disciplina de controlo da placa bacteriana utilizada nos dentes naturais: escovagem duas vezes por dia com pasta dent\u00edfrica com fl\u00faor, limpeza interdental di\u00e1ria e cuidados profissionais orientados pelo dentista, evitando produtos abrasivos desnecessariamente agressivos ou polimentos n\u00e3o supervisionados que possam alterar a superf\u00edcie acabada da restaura\u00e7\u00e3o.<\/p>\n\n\n\n<p class=\"wp-block-paragraph\">A equipa profissional deve tamb\u00e9m saber que tipo de cer\u00e2mica est\u00e1 presente, uma vez que os compostos de polimento e os instrumentos podem interagir de forma diferente com a porcelana feldsp\u00e1tica, o dissilicato de l\u00edtio, o silicato de l\u00edtio refor\u00e7ado com zirc\u00f3nia, as cer\u00e2micas com matriz de resina e outros materiais de restaura\u00e7\u00e3o.<\/p>\n\n\n\n<h3 class=\"wp-block-heading\">Como \u00e9 que se mant\u00eam as facetas brilhantes?<\/h3>\n\n\n\n<p class=\"wp-block-paragraph\">Manter as facetas brilhantes significa preservar o acabamento superficial da cer\u00e2mica, em vez de as polir repetidamente: controlar a placa bacteriana, utilizar produtos adequados para os cuidados domicili\u00e1rios, evitar h\u00e1bitos de morder ou ranger os dentes que danifiquem as bordas e submeter qualquer \u00e1rea ba\u00e7a ou \u00e1spera a avalia\u00e7\u00e3o, para que o m\u00e9dico possa distinguir entre dep\u00f3sitos, abras\u00e3o superficial, perda de esmalte ou danos estruturais.<\/p>\n\n\n\n<p class=\"wp-block-paragraph\">Caso seja necess\u00e1rio um novo polimento, o objetivo deve ser obter uma superf\u00edcie lisa, preservando os \u00e2ngulos das linhas e a textura natural \u2014 e n\u00e3o a superf\u00edcie facial mais plana ou com maior efeito espelhado poss\u00edvel.<\/p>\n\n\n\n<h3 class=\"wp-block-heading\">Como podem os doentes evitar a colora\u00e7\u00e3o das facetas?<\/h3>\n\n\n\n<p class=\"wp-block-paragraph\">Prevenir a colora\u00e7\u00e3o das facetas significa minimizar a acumula\u00e7\u00e3o de pigmentos extr\u00ednsecos, protegendo simultaneamente a suavidade da superf\u00edcie e a integridade marginal; as cer\u00e2micas de porcelana s\u00e3o relativamente est\u00e1veis em termos de cor, mas o caf\u00e9, a exposi\u00e7\u00e3o ao tabaco, a rugosidade da superf\u00edcie, as margens de resina-cimento e os dentes naturais adjacentes podem, ainda assim, alterar o aspeto da restaura\u00e7\u00e3o ao longo do tempo.<\/p>\n\n\n\n<p class=\"wp-block-paragraph\">Um estudo laboratorial realizado em 2026, que envolveu o CEREC Tessera e as facetas VITA Suprinity, constatou uma altera\u00e7\u00e3o de cor clinicamente relevante ap\u00f3s a aplica\u00e7\u00e3o do seu protocolo combinado de escovagem simulada e envelhecimento com caf\u00e9\/tabaco, embora os autores tenham salientado que ainda s\u00e3o necess\u00e1rias investiga\u00e7\u00f5es in vivo.<\/p>\n\n\n\n<h3 class=\"wp-block-heading\">\u00c9 poss\u00edvel voltar a polir as facetas de porcelana?<\/h3>\n\n\n\n<p class=\"wp-block-paragraph\">As facetas podem ser repolidas quando o problema consiste numa rugosidade superficial, numa ligeira perda de brilho ou num defeito de acabamento localizado e a cer\u00e2mica se mant\u00e9m estruturalmente \u00edntegra; no entanto, o repolimento deve ser espec\u00edfico para cada material, uma vez que uma redu\u00e7\u00e3o agressiva pode apagar a textura, alterar os \u00e2ngulos das linhas, tornar a cer\u00e2mica mais fina ou expor uma superf\u00edcie \u00f3tica diferente.<\/p>\n\n\n\n<p class=\"wp-block-paragraph\">Quando existem fissuras, defeitos profundos, margens imperfeitas, c\u00e1ries recorrentes ou problemas graves de contorno, o polimento pode melhorar temporariamente a apar\u00eancia, sem resolver o problema cl\u00ednico subjacente.<\/p>\n\n\n\n<h3 class=\"wp-block-heading\">Com que frequ\u00eancia \u00e9 que as facetas necessitam de manuten\u00e7\u00e3o profissional?<\/h3>\n\n\n\n<p class=\"wp-block-paragraph\">A frequ\u00eancia de manuten\u00e7\u00e3o das facetas n\u00e3o se rege por uma regra universal de seis meses; trata-se de um plano de revis\u00e3o baseado no risco, definido pelo dentista respons\u00e1vel pelo tratamento de acordo com o controlo da placa bacteriana, o estado periodontal, o risco de c\u00e1ries, o bruxismo, a oclus\u00e3o, a idade das restaura\u00e7\u00f5es, o estado das margens e se as limpezas ou ajustes anteriores alteraram a superf\u00edcie cer\u00e2mica.<\/p>\n\n\n\n<p class=\"wp-block-paragraph\">Os doentes com sa\u00fade periodontal est\u00e1vel e excelente controlo da placa bacteriana podem necessitar de um padr\u00e3o de manuten\u00e7\u00e3o diferente do dos doentes com bruxismo, inflama\u00e7\u00e3o recorrente, margens expostas, forte exposi\u00e7\u00e3o a manchas ou restaura\u00e7\u00f5es que j\u00e1 tenham sido submetidas a repetidos ajustes na cadeira do dentista.<\/p>\n\n\n\n<h2 class=\"wp-block-heading\">Proteja a superf\u00edcie que pagou ao laborat\u00f3rio para criar<\/h2>\n\n\n\n<p class=\"wp-block-paragraph\">A manuten\u00e7\u00e3o do revestimento n\u00e3o deve come\u00e7ar s\u00f3 quando se nota que algo est\u00e1 errado.<\/p>\n\n\n\n<p class=\"wp-block-paragraph\">Come\u00e7a assim que a mala \u00e9 entregue.<\/p>\n\n\n\n<p class=\"wp-block-paragraph\">Registe o material. Fotografe a superf\u00edcie. Preserve as refer\u00eancias originais de tonalidade e textura. Informe a equipa de higiene sobre o tipo de cer\u00e2mica presente. Reavalie a oclus\u00e3o quando houver altera\u00e7\u00f5es na fun\u00e7\u00e3o. E quando uma faceta ficar \u00e1spera ou sem brilho, identifique a causa antes de a polir automaticamente.<\/p>\n\n\n\n<p class=\"wp-block-paragraph\">Essa disciplina protege mais do que o brilho.<\/p>\n\n\n\n<p class=\"wp-block-paragraph\">Protege o desenho ou modelo.<\/p>\n\n\n\n<p class=\"wp-block-paragraph\">Para cl\u00ednicas que planeiem casos exigentes na regi\u00e3o anterior, substitui\u00e7\u00f5es ou restaura\u00e7\u00f5es em que a textura da superf\u00edcie e a estabilidade da cor devam permanecer previs\u00edveis em v\u00e1rias unidades, enviem os vossos ficheiros STL, fotografias da cor do mon\u00e7\u00e3o, fotografias do caso, requisitos de materiais e refer\u00eancias est\u00e9ticas atrav\u00e9s do <a href=\"https:\/\/artistdentallab.com\/pt\/contact\/\">P\u00e1gina de consulta e casos de teste de facetas do Laborat\u00f3rio Dent\u00e1rio Artist<\/a>.<\/p>\n\n\n\n<p class=\"wp-block-paragraph\"><\/p>","protected":false},"excerpt":{"rendered":"<p>As facetas podem durar anos, embora v\u00e3o perdendo gradualmente as caracter\u00edsticas superficiais que lhes conferiram, inicialmente, um aspeto natural. Este guia explica como os cuidados com as facetas de porcelana, a manuten\u00e7\u00e3o profissional, as decis\u00f5es relativas ao polimento, a exposi\u00e7\u00e3o a manchas e o controlo oclusal afetam o brilho, a textura e a estabilidade da tonalidade a longo prazo.<\/p>","protected":false},"author":1,"featured_media":1643,"comment_status":"open","ping_status":"open","sticky":false,"template":"","format":"standard","meta":{"footnotes":""},"categories":[22],"tags":[601,252,638,255,640,639,602,641],"class_list":["post-1642","post","type-post","status-publish","format-standard","has-post-thumbnail","hentry","category-dental-knowledge","tag-dental-veneer-maintenance","tag-dental-veneers","tag-porcelain-veneer-care","tag-porcelain-veneers","tag-veneer-aftercare","tag-veneer-maintenance","tag-veneer-polishing","tag-veneer-shade-stability"],"blocksy_meta":{"styles_descriptor":{"styles":{"desktop":"","tablet":"","mobile":""},"google_fonts":[],"version":7}},"_links":{"self":[{"href":"https:\/\/artistdentallab.com\/pt\/wp-json\/wp\/v2\/posts\/1642","targetHints":{"allow":["GET"]}}],"collection":[{"href":"https:\/\/artistdentallab.com\/pt\/wp-json\/wp\/v2\/posts"}],"about":[{"href":"https:\/\/artistdentallab.com\/pt\/wp-json\/wp\/v2\/types\/post"}],"author":[{"embeddable":true,"href":"https:\/\/artistdentallab.com\/pt\/wp-json\/wp\/v2\/users\/1"}],"replies":[{"embeddable":true,"href":"https:\/\/artistdentallab.com\/pt\/wp-json\/wp\/v2\/comments?post=1642"}],"version-history":[{"count":1,"href":"https:\/\/artistdentallab.com\/pt\/wp-json\/wp\/v2\/posts\/1642\/revisions"}],"predecessor-version":[{"id":1645,"href":"https:\/\/artistdentallab.com\/pt\/wp-json\/wp\/v2\/posts\/1642\/revisions\/1645"}],"wp:featuredmedia":[{"embeddable":true,"href":"https:\/\/artistdentallab.com\/pt\/wp-json\/wp\/v2\/media\/1643"}],"wp:attachment":[{"href":"https:\/\/artistdentallab.com\/pt\/wp-json\/wp\/v2\/media?parent=1642"}],"wp:term":[{"taxonomy":"category","embeddable":true,"href":"https:\/\/artistdentallab.com\/pt\/wp-json\/wp\/v2\/categories?post=1642"},{"taxonomy":"post_tag","embeddable":true,"href":"https:\/\/artistdentallab.com\/pt\/wp-json\/wp\/v2\/tags?post=1642"}],"curies":[{"name":"wp","href":"https:\/\/api.w.org\/{rel}","templated":true}]}}