{"id":1646,"date":"2026-08-11T03:11:22","date_gmt":"2026-08-11T03:11:22","guid":{"rendered":"https:\/\/artistdentallab.com\/"},"modified":"2026-08-11T03:14:05","modified_gmt":"2026-08-11T03:14:05","slug":"interproximal-extension-for-veneers-hiding-margins-without-overcontouring","status":"publish","type":"post","link":"https:\/\/artistdentallab.com\/pt\/interproximal-extension-for-veneers-hiding-margins-without-overcontouring\/","title":{"rendered":"Extens\u00e3o interproximal para facetas: ocultar as margens sem contornar em excesso"},"content":{"rendered":"<p class=\"wp-block-paragraph\">As margens mudam tudo.<\/p>\n\n\n\n<p class=\"wp-block-paragraph\">Uma faceta pode ser fina, ter camadas bem definidas, um tom correto e um acabamento t\u00e9cnico impec\u00e1vel; no entanto, se a sua linha de acabamento proximal se situar diretamente na linha de vis\u00e3o do observador ou obrigar o t\u00e9cnico a criar um contacto excessivamente grande, a restaura\u00e7\u00e3o pode chamar a aten\u00e7\u00e3o antes mesmo de o doente sorrir completamente.<\/p>\n\n\n\n<p class=\"wp-block-paragraph\">Ent\u00e3o, por que raz\u00e3o continuamos a considerar a extens\u00e3o interproximal como um pormenor menor na prepara\u00e7\u00e3o das facetas?<\/p>\n\n\n\n<p class=\"wp-block-paragraph\">Penso que parte do problema reside no facto de, muitas vezes, aos cl\u00ednicos ser ensinada a profundidade de prepara\u00e7\u00e3o em d\u00e9cimos de mil\u00edmetro, enquanto o laborat\u00f3rio \u00e9 obrigado a conceber a restaura\u00e7\u00e3o final em tr\u00eas dimens\u00f5es. O dentista v\u00ea uma linha de chegada. O t\u00e9cnico v\u00ea a espessura da cer\u00e2mica, a posi\u00e7\u00e3o de contacto, o percurso de inser\u00e7\u00e3o, a largura de reflex\u00e3o, o perfil de emerg\u00eancia, a necessidade de mascaramento e se existe espa\u00e7o f\u00edsico suficiente para que a restaura\u00e7\u00e3o pare\u00e7a um dente, em vez de porcelana adicionada a um dente.<\/p>\n\n\n\n<p class=\"wp-block-paragraph\">Esta distin\u00e7\u00e3o \u00e9 importante.<\/p>\n\n\n\n<p class=\"wp-block-paragraph\"><strong>A prepara\u00e7\u00e3o da faceta interproximal deve estender-se apenas at\u00e9 ao ponto necess\u00e1rio para afastar a margem de uma zona de visualiza\u00e7\u00e3o esteticamente vulner\u00e1vel, proporcionar o contorno proximal pretendido e proporcionar \u00e0 cer\u00e2mica espa\u00e7o adequado, sem sacrificar esmalte desnecessariamente.<\/strong><\/p>\n\n\n\n<p class=\"wp-block-paragraph\">N\u00e3o mais longe.<\/p>\n\n\n\n<p class=\"wp-block-paragraph\">N\u00e3o de forma autom\u00e1tica em todos os contactos.<\/p>\n\n\n\n<p class=\"wp-block-paragraph\">E certamente n\u00e3o porque um esquema de prepara\u00e7\u00e3o o indique.<\/p>\n\n\n\n<figure class=\"wp-block-image size-large\"><img fetchpriority=\"high\" decoding=\"async\" width=\"1024\" height=\"768\" src=\"https:\/\/artistdentallab.com\/wp-content\/uploads\/2026\/08\/Interproximal-Extension-for-Veneers-Hiding-Margins-Without-Overcontouring-2-1024x768.jpg\" alt=\"Extens\u00e3o interproximal para facetas: ocultar as margens sem excesso de contorno\" class=\"wp-image-1648\" title=\"\" srcset=\"https:\/\/artistdentallab.com\/wp-content\/uploads\/2026\/08\/Interproximal-Extension-for-Veneers-Hiding-Margins-Without-Overcontouring-2-1024x768.jpg 1024w, https:\/\/artistdentallab.com\/wp-content\/uploads\/2026\/08\/Interproximal-Extension-for-Veneers-Hiding-Margins-Without-Overcontouring-2-300x225.jpg 300w, https:\/\/artistdentallab.com\/wp-content\/uploads\/2026\/08\/Interproximal-Extension-for-Veneers-Hiding-Margins-Without-Overcontouring-2-768x576.jpg 768w, https:\/\/artistdentallab.com\/wp-content\/uploads\/2026\/08\/Interproximal-Extension-for-Veneers-Hiding-Margins-Without-Overcontouring-2-16x12.jpg 16w, https:\/\/artistdentallab.com\/wp-content\/uploads\/2026\/08\/Interproximal-Extension-for-Veneers-Hiding-Margins-Without-Overcontouring-2-500x375.jpg 500w, https:\/\/artistdentallab.com\/wp-content\/uploads\/2026\/08\/Interproximal-Extension-for-Veneers-Hiding-Margins-Without-Overcontouring-2-600x450.jpg 600w, https:\/\/artistdentallab.com\/wp-content\/uploads\/2026\/08\/Interproximal-Extension-for-Veneers-Hiding-Margins-Without-Overcontouring-2.jpg 1448w\" sizes=\"(max-width: 1024px) 100vw, 1024px\" \/><\/figure>\n\n\n\n<h2 class=\"wp-block-heading\">O verdadeiro objetivo da prepara\u00e7\u00e3o para facetas interproximais<\/h2>\n\n\n\n<p class=\"wp-block-paragraph\">A parte proximal de uma prepara\u00e7\u00e3o para faceta tem v\u00e1rias fun\u00e7\u00f5es ao mesmo tempo.<\/p>\n\n\n\n<p class=\"wp-block-paragraph\">Pode ser necess\u00e1rio:<\/p>\n\n\n\n<ul class=\"wp-block-list\">\n<li>Ocultar a jun\u00e7\u00e3o entre a cer\u00e2mica e o dente quando vista de frente e de \u00e2ngulo obl\u00edquo<\/li>\n\n\n\n<li>Permita que o laborat\u00f3rio reposicione ou remodele o contacto<\/li>\n\n\n\n<li>Indicar a espessura da cer\u00e2mica necess\u00e1ria para mascarar um substrato descolorido<\/li>\n\n\n\n<li>Permite a corre\u00e7\u00e3o de dentes rodados ou desalinhados<\/li>\n\n\n\n<li>Apoio ao fechamento do diastema<\/li>\n\n\n\n<li>Manter as aberturas pass\u00edveis de limpeza<\/li>\n\n\n\n<li>Manter um caminho de inser\u00e7\u00e3o v\u00e1lido<\/li>\n\n\n\n<li>Manter a maior superf\u00edcie de liga\u00e7\u00e3o poss\u00edvel no esmalte, na medida em que o objetivo do tratamento o permita<\/li>\n<\/ul>\n\n\n\n<p class=\"wp-block-paragraph\">Isso j\u00e1 \u00e9 mais complicado do que \u201cromper o contacto\u201d versus \u201cn\u00e3o romper o contacto\u201d.\u201d<\/p>\n\n\n\n<p class=\"wp-block-paragraph\">A dura realidade?<\/p>\n\n\n\n<p class=\"wp-block-paragraph\">Uma prepara\u00e7\u00e3o pode ser conservadora no papel e, mesmo assim, resultar numa restaura\u00e7\u00e3o com um aspeto agressivo.<\/p>\n\n\n\n<p class=\"wp-block-paragraph\">A an\u00e1lise da Artist Dental Lab sobre <a href=\"https:\/\/artistdentallab.com\/pt\/how-important-is-enamel-preservation-in-veneer-preparation\/\">preserva\u00e7\u00e3o do esmalte na prepara\u00e7\u00e3o de facetas<\/a> faz uma distin\u00e7\u00e3o importante: preservar o esmalte \u00e9 importante, mas recusar-se a criar o espa\u00e7o de restaura\u00e7\u00e3o necess\u00e1rio para um contorno correto pode levar o t\u00e9cnico a ter de escolher entre uma espessura excessiva, um mau mascaramento, um assentamento comprometido ou uma superf\u00edcie facial com contorno exagerado.<\/p>\n\n\n\n<p class=\"wp-block-paragraph\">O objetivo n\u00e3o \u00e9, portanto, a prepara\u00e7\u00e3o mais pequena que se possa imaginar.<\/p>\n\n\n\n<p class=\"wp-block-paragraph\">\u00c9 o mais pequeno <strong>defens\u00e1vel<\/strong> prepara\u00e7\u00e3o para a restaura\u00e7\u00e3o solicitada.<\/p>\n\n\n\n<h2 class=\"wp-block-heading\">Ocultar a margem n\u00e3o \u00e9 o mesmo que alargar a margem<\/h2>\n\n\n\n<p class=\"wp-block-paragraph\">Isto parece \u00f3bvio.<\/p>\n\n\n\n<p class=\"wp-block-paragraph\">N\u00e3o \u00e9.<\/p>\n\n\n\n<p class=\"wp-block-paragraph\">Imagine uma faceta anterior cuja linha de acabamento mesial termine logo a n\u00edvel da face do contacto existente. Quando olhada de frente, a margem pode passar bastante despercebida, uma vez que o dente vizinho bloqueia a visibilidade direta.<\/p>\n\n\n\n<p class=\"wp-block-paragraph\">Agora, rode ligeiramente o dente. Adicione um substrato proximal escuro. Desloque o contacto planeado. Feche um diastema. Aumente a largura do dente.<\/p>\n\n\n\n<p class=\"wp-block-paragraph\">A geometria muda imediatamente.<\/p>\n\n\n\n<p class=\"wp-block-paragraph\">Uma margem que, num caso, estava visualmente protegida pode ficar exposta noutro.<\/p>\n\n\n\n<p class=\"wp-block-paragraph\">\u00c9 por isso que a extens\u00e3o proximal da faceta deve ser planeada em fun\u00e7\u00e3o do <strong>restaura\u00e7\u00e3o final<\/strong>, e n\u00e3o apenas o dente original.<\/p>\n\n\n\n<h3 class=\"wp-block-heading\">O teste da linha de vis\u00e3o<\/h3>\n\n\n\n<p class=\"wp-block-paragraph\">Prefiro encarar a posi\u00e7\u00e3o da margem como um problema de visibilidade, em vez de um problema de dist\u00e2ncia fixa.<\/p>\n\n\n\n<p class=\"wp-block-paragraph\">Pergunte:<\/p>\n\n\n\n<p class=\"wp-block-paragraph\">\u00c9 poss\u00edvel ver a margem na imagem frontal do sorriso?<\/p>\n\n\n\n<p class=\"wp-block-paragraph\">\u00c9 poss\u00edvel v\u00ea-lo de um \u00e2ngulo normal de tr\u00eas quartos?<\/p>\n\n\n\n<p class=\"wp-block-paragraph\">A linha de chegada encontra-se dentro da zona facial refletora?<\/p>\n\n\n\n<p class=\"wp-block-paragraph\">A cer\u00e2mica final exigir\u00e1 um aumento de espessura para al\u00e9m dessa margem?<\/p>\n\n\n\n<p class=\"wp-block-paragraph\">O contacto previsto desloca-se na dire\u00e7\u00e3o mesial, distal, facial ou lingual?<\/p>\n\n\n\n<p class=\"wp-block-paragraph\">Essas perguntas dizem-nos mais do que um n\u00famero arbitr\u00e1rio de mil\u00edmetros.<\/p>\n\n\n\n<p class=\"wp-block-paragraph\">N\u00e3o existe nenhuma regra universal cred\u00edvel que diga que todas as margens das facetas devam estender-se exatamente 0,5 mm, 1,0 mm ou 2,0 mm para al\u00e9m de um contacto.<\/p>\n\n\n\n<p class=\"wp-block-paragraph\">A geometria da caixa \u00e9 que faz a diferen\u00e7a.<\/p>\n\n\n\n<h2 class=\"wp-block-heading\">Tr\u00eas n\u00edveis de extens\u00e3o da faceta proximal<\/h2>\n\n\n\n<p class=\"wp-block-paragraph\">Na pr\u00e1tica, divido a prepara\u00e7\u00e3o da faceta proximal em tr\u00eas abordagens gerais.<\/p>\n\n\n\n<figure class=\"wp-block-table\"><table class=\"has-fixed-layout\"><thead><tr><th>Abordagem de prepara\u00e7\u00e3o<\/th><th>Situa\u00e7\u00e3o t\u00edpica<\/th><th>Principal vantagem<\/th><th>Risco principal<\/th><\/tr><\/thead><tbody><tr><td>Concluir tratamento facial para entrar em contacto<\/td><td>Corre\u00e7\u00e3o m\u00ednima da forma ou da cor, com um alinhamento dent\u00e1rio satisfat\u00f3rio<\/td><td>M\u00e1xima conserva\u00e7\u00e3o do esmalte<\/td><td>Transi\u00e7\u00e3o vis\u00edvel ou controlo limitado do contorno<\/td><\/tr><tr><td>Estender at\u00e9 \u00e0 regi\u00e3o de contacto<\/td><td>Corre\u00e7\u00e3o moderada da forma ou melhor oculta\u00e7\u00e3o das margens<\/td><td>Melhor controlo da transi\u00e7\u00e3o e do contacto da cer\u00e2mica<\/td><td>Abertura acidental por contacto ou acesso limitado ao laborat\u00f3rio<\/td><\/tr><tr><td>Estender a parte lingual at\u00e9 ao ponto de contacto<\/td><td>Fechamento do diastema, reposicionamento significativo dos contactos, corre\u00e7\u00e3o da rota\u00e7\u00e3o, forte descolora\u00e7\u00e3o proximal<\/td><td>M\u00e1xima liberdade na defini\u00e7\u00e3o de contornos e na coloca\u00e7\u00e3o de margens ocultas<\/td><td>Maior redu\u00e7\u00e3o dent\u00e1ria, exposi\u00e7\u00e3o da dentina e dificuldade na higiene se a reconstru\u00e7\u00e3o for excessiva<\/td><\/tr><\/tbody><\/table><\/figure>\n\n\n\n<p class=\"wp-block-paragraph\">Nenhuma destas, por si s\u00f3, merece o t\u00edtulo de \u201cmelhor projeto de prepara\u00e7\u00e3o para faceta\u201d.<\/p>\n\n\n\n<p class=\"wp-block-paragraph\">A indica\u00e7\u00e3o \u00e9 determinante.<\/p>\n\n\n\n<h3 class=\"wp-block-heading\">Quando faz sentido interromper o tratamento facial ao entrar em contacto<\/h3>\n\n\n\n<p class=\"wp-block-paragraph\">Se a posi\u00e7\u00e3o do dente for favor\u00e1vel, o contacto existente for aceit\u00e1vel, o substrato n\u00e3o necessitar de um mascaramento intenso e for necess\u00e1ria apenas uma altera\u00e7\u00e3o m\u00ednima do contorno proximal, prosseguir com o tratamento apenas por seguir uma rotina pode resultar na remo\u00e7\u00e3o de esmalte saud\u00e1vel sem proporcionar um benef\u00edcio equivalente.<\/p>\n\n\n\n<p class=\"wp-block-paragraph\">N\u00e3o compliques as coisas.<\/p>\n\n\n\n<p class=\"wp-block-paragraph\">No entanto, a prepara\u00e7\u00e3o conservadora deixa de ser conservadora quando o laborat\u00f3rio tem de adicionar cer\u00e2mica em excesso para al\u00e9m do contorno original do dente, a fim de obter a forma pretendida.<\/p>\n\n\n\n<p class=\"wp-block-paragraph\">\u00c9 a\u00ed que a ret\u00f3rica sobre \u00absem prepara\u00e7\u00e3o\u00bb e \u00abprepara\u00e7\u00e3o m\u00ednima\u00bb pode tornar-se enganadora.<\/p>\n\n\n\n<h3 class=\"wp-block-heading\">Quando faz sentido estender-se para dentro ou atrav\u00e9s do contacto<\/h3>\n\n\n\n<p class=\"wp-block-paragraph\">Uma extens\u00e3o proximal maior torna-se mais adequada quando a restaura\u00e7\u00e3o tem de alterar substancialmente:<\/p>\n\n\n\n<ul class=\"wp-block-list\">\n<li>Largura mesiodistal<\/li>\n\n\n\n<li>Local de contacto<\/li>\n\n\n\n<li>Rota\u00e7\u00e3o dent\u00e1ria<\/li>\n\n\n\n<li>Dimens\u00f5es do diastema<\/li>\n\n\n\n<li>Apar\u00eancia do espa\u00e7o negro<\/li>\n\n\n\n<li>Mascaramento proximal<\/li>\n\n\n\n<li>Simetria entre as facetas adjacentes<\/li>\n<\/ul>\n\n\n\n<p class=\"wp-block-paragraph\">A quebra de um contacto tamb\u00e9m pode dar ao laborat\u00f3rio mais liberdade para estabelecer o contacto final no interior da cer\u00e2mica, em vez de ser obrigado a terminar a porcelana junto a uma parede proximal intacta.<\/p>\n\n\n\n<p class=\"wp-block-paragraph\">Mas uma maior liberdade n\u00e3o significa, automaticamente, um resultado melhor.<\/p>\n\n\n\n<p class=\"wp-block-paragraph\">Isso apenas proporciona ao t\u00e9cnico mais margem de manobra na conce\u00e7\u00e3o.<\/p>\n\n\n\n<h2 class=\"wp-block-heading\">O Estudo sobre Margens de 2024 merece aten\u00e7\u00e3o<\/h2>\n\n\n\n<p class=\"wp-block-paragraph\">Uma das evid\u00eancias mais relevantes dos \u00faltimos tempos prov\u00e9m de investigadores ligados \u00e0 <strong>Faculdade de Medicina Dent\u00e1ria da Universidade de Otago<\/strong>.<\/p>\n\n\n\n<p class=\"wp-block-paragraph\">Bennani, Aarts e Senthilkumar compararam tr\u00eas formas de prepara\u00e7\u00e3o para facetas laminadas: \u00abfeather edge\u00bb, \u00abshoulder\u00bb e \u00abshoulder com asas\u00bb. O seu estudo de 2024 <em>Revista de Odontologia Prot\u00e9tica<\/em> O estudo utilizou facetas CAD\/CAM e microscopia eletr\u00f3nica de varrimento para avaliar a discrep\u00e2ncia marginal absoluta e a sali\u00eancia marginal.<\/p>\n\n\n\n<p class=\"wp-block-paragraph\">O <a href=\"https:\/\/pubmed.ncbi.nlm.nih.gov\/38042643\/\" rel=\"nofollow noopener\" target=\"_blank\">Registo no PubMed relativo ao estudo de conce\u00e7\u00e3o e prepara\u00e7\u00e3o de 2024<\/a> indica que o desenho em \u00abombro com asas\u00bb apresentou a menor discrep\u00e2ncia absoluta na margem cervical e a menor sali\u00eancia, enquanto as medi\u00e7\u00f5es proximais foram compar\u00e1veis \u00e0s do desenho em \u00abombro\u00bb.<\/p>\n\n\n\n<p class=\"wp-block-paragraph\">Trata-se de um estudo in vitro, pelo que n\u00e3o o consideraria uma receita cl\u00ednica universal.<\/p>\n\n\n\n<p class=\"wp-block-paragraph\">Mas o que importa \u00e9 o resultado.<\/p>\n\n\n\n<p class=\"wp-block-paragraph\">A geometria da prepara\u00e7\u00e3o determina o que o laborat\u00f3rio pode fabricar.<\/p>\n\n\n\n<p class=\"wp-block-paragraph\">Isso n\u00e3o deveria ser motivo de controv\u00e9rsia.<\/p>\n\n\n\n<h2 class=\"wp-block-heading\">A armadilha do excesso de contorno<\/h2>\n\n\n\n<p class=\"wp-block-paragraph\">Chegamos agora \u00e0 parte que \u00e9 frequentemente subestimada.<\/p>\n\n\n\n<p class=\"wp-block-paragraph\"><strong>O excesso de contorno na faceta ocorre quando a restaura\u00e7\u00e3o final se projeta mais na dire\u00e7\u00e3o facial ou proximal do que o contorno pretendido do dente natural, devido a espa\u00e7o de prepara\u00e7\u00e3o insuficiente, posicionamento incorreto das margens, conce\u00e7\u00e3o dos contactos ou \u00e0 acumula\u00e7\u00e3o de cer\u00e2mica, o que imp\u00f5e um volume excessivo de material de restaura\u00e7\u00e3o.<\/strong><\/p>\n\n\n\n<p class=\"wp-block-paragraph\">Isso pode acontecer com facetas muito finas.<\/p>\n\n\n\n<p class=\"wp-block-paragraph\">A espessura, por si s\u00f3, n\u00e3o define o excesso de contorno.<\/p>\n\n\n\n<p class=\"wp-block-paragraph\">A posi\u00e7\u00e3o \u00e9 que conta.<\/p>\n\n\n\n<h3 class=\"wp-block-heading\">Uma faceta de 0,5 mm pode ainda assim parecer volumosa<\/h3>\n\n\n\n<p class=\"wp-block-paragraph\">Suponhamos que um m\u00e9dico preserve quase toda a superf\u00edcie facial porque o caso \u00e9 apresentado como \u201cprepara\u00e7\u00e3o m\u00ednima\u201d.\u201d<\/p>\n\n\n\n<p class=\"wp-block-paragraph\">Boa inten\u00e7\u00e3o.<\/p>\n\n\n\n<p class=\"wp-block-paragraph\">No entanto, o plano de tratamento aprovado exige que o incisivo central se desloque apenas ligeiramente na dire\u00e7\u00e3o facial, enquanto a sua superf\u00edcie proximal tem de se deslocar significativamente para fechar um espa\u00e7o.<\/p>\n\n\n\n<p class=\"wp-block-paragraph\">Se n\u00e3o existir uma redu\u00e7\u00e3o proximal correspondente, \u00e9 necess\u00e1rio adicionar cer\u00e2mica na dire\u00e7\u00e3o exterior.<\/p>\n\n\n\n<p class=\"wp-block-paragraph\">O contacto alarga-se.<\/p>\n\n\n\n<p class=\"wp-block-paragraph\">A linha de transi\u00e7\u00e3o move-se.<\/p>\n\n\n\n<p class=\"wp-block-paragraph\">A zona de deflex\u00e3o desaparece.<\/p>\n\n\n\n<p class=\"wp-block-paragraph\">De repente, o folheado parece mais largo e mais plano, apesar de a espessura medida parecer impressionantemente conservadora.<\/p>\n\n\n\n<p class=\"wp-block-paragraph\">Isso \u00e9 o que se denomina \u00absobrecontorno \u00f3tico\u00bb.<\/p>\n\n\n\n<p class=\"wp-block-paragraph\">Guia da Artist Dental Lab sobre <a href=\"https:\/\/artistdentallab.com\/pt\/transitional-line-angles-in-veneers-the-hidden-tool-for-optical-contouring\/\">\u00e2ngulos de transi\u00e7\u00e3o nas facetas<\/a> explica porqu\u00ea: os \u00e2ngulos das linhas mesiofacial e distofacial definem a zona refletora central. Se essas linhas forem deslocadas para o exterior, o dente pode parecer mais largo; se forem deslocadas para o interior, a largura facial aparente pode tornar-se mais estreita, sem alterar a dimens\u00e3o mesiodistal real.<\/p>\n\n\n\n<p class=\"wp-block-paragraph\">\u00c9 por isso que fico c\u00e9tico sempre que algu\u00e9m avalia a prepara\u00e7\u00e3o para facetas apenas com um medidor de redu\u00e7\u00e3o.<\/p>\n\n\n\n<p class=\"wp-block-paragraph\">Os calibradores n\u00e3o conseguem medir a massa visual.<\/p>\n\n\n\n<h2 class=\"wp-block-heading\">Onde geralmente come\u00e7a o excesso de contorno nas facetas<\/h2>\n\n\n\n<p class=\"wp-block-paragraph\">V\u00e1rios padr\u00f5es causam problemas repetidamente.<\/p>\n\n\n\n<h3 class=\"wp-block-heading\">1. A margem fica demasiado superficial<\/h3>\n\n\n\n<p class=\"wp-block-paragraph\">O t\u00e9cnico deve fazer a transi\u00e7\u00e3o da cer\u00e2mica para o dente enquanto ainda se encontra numa superf\u00edcie altamente vis\u00edvel.<\/p>\n\n\n\n<p class=\"wp-block-paragraph\">Para disfar\u00e7ar essa transi\u00e7\u00e3o, a porcelana \u00e9 esbatida, misturada ou espessada.<\/p>\n\n\n\n<p class=\"wp-block-paragraph\">Atualmente, a restaura\u00e7\u00e3o est\u00e1 a ser concebida com base na margem, em vez de se basear na anatomia natural.<\/p>\n\n\n\n<h3 class=\"wp-block-heading\">2. O contacto n\u00e3o pode ser movido<\/h3>\n\n\n\n<p class=\"wp-block-paragraph\">Se o contacto original se mantiver intacto, mas o plano de tratamento exigir uma corre\u00e7\u00e3o substancial da largura, o t\u00e9cnico disp\u00f5e de espa\u00e7o limitado para reposicionar o contorno interproximal final.<\/p>\n\n\n\n<p class=\"wp-block-paragraph\">O resultado pode acabar por ser um compromisso entre a anatomia original e o desenho do sorriso proposto.<\/p>\n\n\n\n<h3 class=\"wp-block-heading\">3. A prepara\u00e7\u00e3o n\u00e3o tem em conta o modelo em cera<\/h3>\n\n\n\n<p class=\"wp-block-paragraph\">\u00c9 isto que mais me incomoda.<\/p>\n\n\n\n<p class=\"wp-block-paragraph\">Por que raz\u00e3o aprovar uma nova posi\u00e7\u00e3o do dente e, depois, fazer a prepara\u00e7\u00e3o com base na posi\u00e7\u00e3o antiga?<\/p>\n\n\n\n<p class=\"wp-block-paragraph\">Uma prepara\u00e7\u00e3o deve ser avaliada em fun\u00e7\u00e3o do volume de restaura\u00e7\u00e3o proposto. Caso contr\u00e1rio, a \u201cprepara\u00e7\u00e3o m\u00ednima\u201d torna-se uma prepara\u00e7\u00e3o aleat\u00f3ria.<\/p>\n\n\n\n<h3 class=\"wp-block-heading\">4. O laborat\u00f3rio n\u00e3o recebe fotografias da prepara\u00e7\u00e3o<\/h3>\n\n\n\n<p class=\"wp-block-paragraph\">Uma digitaliza\u00e7\u00e3o pode revelar a geometria.<\/p>\n\n\n\n<p class=\"wp-block-paragraph\">Nem sempre explica a inten\u00e7\u00e3o cl\u00ednica.<\/p>\n\n\n\n<p class=\"wp-block-paragraph\">Laborat\u00f3rios dent\u00e1rios de artistas <a href=\"https:\/\/artistdentallab.com\/pt\/what-information-must-be-submitted-to-the-lab-for-anterior-veneer-cases\/\">Guia para a apresenta\u00e7\u00e3o de casos de facetas anteriores<\/a> recomenda o fornecimento da arcada preparada, da arcada oposta, da oclus\u00e3o, da imagem digitalizada pr\u00e9-operat\u00f3ria, do provis\u00f3rio aprovado ou do mock-up, das fotografias da prepara\u00e7\u00e3o, da cor do mon\u00e7\u00e3o, da cor final, das fotografias faciais e das informa\u00e7\u00f5es funcionais, em vez de se esperar que o t\u00e9cnico reconstrua o plano a partir de um \u00fanico ficheiro STL.<\/p>\n\n\n\n<p class=\"wp-block-paragraph\">Isso n\u00e3o \u00e9 burocracia.<\/p>\n\n\n\n<p class=\"wp-block-paragraph\">Isso \u00e9 informa\u00e7\u00e3o sobre o design.<\/p>\n\n\n\n<h2 class=\"wp-block-heading\">A preserva\u00e7\u00e3o do esmalte continua a ser importante<\/h2>\n\n\n\n<p class=\"wp-block-paragraph\">N\u00e3o devemos resolver todos os problemas est\u00e9ticos ampliando ainda mais.<\/p>\n\n\n\n<p class=\"wp-block-paragraph\">As facetas cer\u00e2micas devem grande parte da sua previsibilidade \u00e0 colagem adesiva, e o esmalte continua a ser um substrato de colagem especialmente adequado.<\/p>\n\n\n\n<p class=\"wp-block-paragraph\">Uma revis\u00e3o da literatura realizada em 2012 pela Universidade de Birmingham analisou 24 publica\u00e7\u00f5es e concluiu que existiam evid\u00eancias razo\u00e1veis de que alargar a prepara\u00e7\u00e3o da faceta at\u00e9 \u00e0 dentina afetava negativamente a sua sobreviv\u00eancia. Os autores afirmaram explicitamente que a prepara\u00e7\u00e3o ideal da faceta se limita ao esmalte.<\/p>\n\n\n\n<p class=\"wp-block-paragraph\">\u00c9 isso que cria a verdadeira tens\u00e3o na prepara\u00e7\u00e3o de facetas interproximais.<\/p>\n\n\n\n<p class=\"wp-block-paragraph\">Queremos uma extens\u00e3o suficiente.<\/p>\n\n\n\n<p class=\"wp-block-paragraph\">Mas n\u00e3o se trata de uma extens\u00e3o desnecess\u00e1ria.<\/p>\n\n\n\n<p class=\"wp-block-paragraph\">Portanto, a pergunta correta n\u00e3o \u00e9:<\/p>\n\n\n\n<p class=\"wp-block-paragraph\"><strong>\u201cDevo cortar o contacto?\u201d<\/strong><\/p>\n\n\n\n<p class=\"wp-block-paragraph\">\u00c9:<\/p>\n\n\n\n<p class=\"wp-block-paragraph\"><strong>\u201cQual \u00e9 a extens\u00e3o proximal m\u00ednima que permite que a restaura\u00e7\u00e3o planeada seja fabricada com visibilidade, posi\u00e7\u00e3o de contacto, espessura da cer\u00e2mica, contorno, facilidade de limpeza e preserva\u00e7\u00e3o do esmalte aceit\u00e1veis?\u201d<\/strong><\/p>\n\n\n\n<p class=\"wp-block-paragraph\">Essa \u00e9 uma quest\u00e3o muito mais dif\u00edcil.<\/p>\n\n\n\n<p class=\"wp-block-paragraph\">Al\u00e9m disso, \u00e9 melhor.<\/p>\n\n\n\n<figure class=\"wp-block-image size-large\"><img decoding=\"async\" width=\"1024\" height=\"768\" src=\"https:\/\/artistdentallab.com\/wp-content\/uploads\/2026\/08\/Interproximal-Extension-for-Veneers-Hiding-Margins-Without-Overcontouring-3-1024x768.jpg\" alt=\"Extens\u00e3o interproximal para facetas: ocultar as margens sem excesso de contorno\" class=\"wp-image-1649\" title=\"\" srcset=\"https:\/\/artistdentallab.com\/wp-content\/uploads\/2026\/08\/Interproximal-Extension-for-Veneers-Hiding-Margins-Without-Overcontouring-3-1024x768.jpg 1024w, https:\/\/artistdentallab.com\/wp-content\/uploads\/2026\/08\/Interproximal-Extension-for-Veneers-Hiding-Margins-Without-Overcontouring-3-300x225.jpg 300w, https:\/\/artistdentallab.com\/wp-content\/uploads\/2026\/08\/Interproximal-Extension-for-Veneers-Hiding-Margins-Without-Overcontouring-3-768x576.jpg 768w, https:\/\/artistdentallab.com\/wp-content\/uploads\/2026\/08\/Interproximal-Extension-for-Veneers-Hiding-Margins-Without-Overcontouring-3-16x12.jpg 16w, https:\/\/artistdentallab.com\/wp-content\/uploads\/2026\/08\/Interproximal-Extension-for-Veneers-Hiding-Margins-Without-Overcontouring-3-500x375.jpg 500w, https:\/\/artistdentallab.com\/wp-content\/uploads\/2026\/08\/Interproximal-Extension-for-Veneers-Hiding-Margins-Without-Overcontouring-3-600x450.jpg 600w, https:\/\/artistdentallab.com\/wp-content\/uploads\/2026\/08\/Interproximal-Extension-for-Veneers-Hiding-Margins-Without-Overcontouring-3.jpg 1448w\" sizes=\"(max-width: 1024px) 100vw, 1024px\" \/><\/figure>\n\n\n\n<h2 class=\"wp-block-heading\">Os dados a longo prazo penalizam decis\u00f5es descuidadas em mat\u00e9ria de margens<\/h2>\n\n\n\n<p class=\"wp-block-paragraph\">O desempenho a longo prazo das facetas \u00e9, em geral, impressionante, mas a percentagem de sobreviv\u00eancia apresentada nos t\u00edtulos esconde detalhes clinicamente \u00fateis.<\/p>\n\n\n\n<p class=\"wp-block-paragraph\">Uma revis\u00e3o sistem\u00e1tica de 2021 avaliou <strong>25 estudos e 6 500 facetas laminadas de porcelana<\/strong>. A taxa de sobreviv\u00eancia cumulativa estimada a 10 anos, tal como relatada, foi de <strong>95.5%<\/strong>. A fratura foi a complica\u00e7\u00e3o mais comum, seguida da descolagem. A revis\u00e3o abordou tamb\u00e9m a maior preocupa\u00e7\u00e3o com a ader\u00eancia quando as prepara\u00e7\u00f5es envolvem \u00e1reas mais extensas de dentina.<\/p>\n\n\n\n<p class=\"wp-block-paragraph\">Bons n\u00fameros.<\/p>\n\n\n\n<p class=\"wp-block-paragraph\">Mas a sobreviv\u00eancia n\u00e3o \u00e9 o mesmo que a perfei\u00e7\u00e3o.<\/p>\n\n\n\n<p class=\"wp-block-paragraph\">Uma restaura\u00e7\u00e3o pode manter-se em bom estado, mesmo que venha a apresentar manchas marginais, rugosidade, problemas de contorno, necessidade de repara\u00e7\u00e3o ou outras altera\u00e7\u00f5es que nunca se qualificam como falha catastr\u00f3fica.<\/p>\n\n\n\n<p class=\"wp-block-paragraph\">Essa distin\u00e7\u00e3o torna-se evidente nos dados cl\u00ednicos mais antigos.<\/p>\n\n\n\n<h2 class=\"wp-block-heading\">O que revelou um estudo real de 10 anos sobre facetas dent\u00e1rias<\/h2>\n\n\n\n<p class=\"wp-block-paragraph\">Peumans e colegas acompanharam as facetas de porcelana colocadas em <strong>87 dentes anteriores maxilares em 25 doentes<\/strong>.<\/p>\n\n\n\n<p class=\"wp-block-paragraph\">Ao fim de cinco anos, uma m\u00e9dia de 92% de restaura\u00e7\u00f5es mantinha-se clinicamente aceit\u00e1vel sem necessidade de interven\u00e7\u00e3o. Ao fim de 10 anos, esse valor tinha descido para <strong>64%<\/strong>, embora apenas <strong>O 4% precisava de ser substitu\u00eddo<\/strong>.<\/p>\n\n\n\n<p class=\"wp-block-paragraph\">Os n\u00fameros mais reveladores?<\/p>\n\n\n\n<p class=\"wp-block-paragraph\"><strong>O 11% apresentou fraturas na porcelana e o 20% desenvolveu grandes defeitos marginais.<\/strong><\/p>\n\n\n\n<p class=\"wp-block-paragraph\">Os investigadores referiram, especificamente, problemas marginais nos pontos em que as facetas terminavam junto a restaura\u00e7\u00f5es em comp\u00f3sito j\u00e1 existentes. O estudo completo est\u00e1 dispon\u00edvel em <a href=\"https:\/\/pubmed.ncbi.nlm.nih.gov\/15119590\/\" rel=\"nofollow noopener\" target=\"_blank\">Registo do PubMed relativo ao ensaio prospetivo de 10 anos sobre facetas dent\u00e1rias<\/a>.<\/p>\n\n\n\n<p class=\"wp-block-paragraph\">Isso dever\u00e1 alterar a forma como encaramos o posicionamento das margens das facetas.<\/p>\n\n\n\n<p class=\"wp-block-paragraph\">A margem n\u00e3o \u00e9 apenas o ponto onde o t\u00e9cnico termina a aplica\u00e7\u00e3o da cer\u00e2mica.<\/p>\n\n\n\n<p class=\"wp-block-paragraph\">Trata-se de uma interface que se espera que resista a anos de exposi\u00e7\u00e3o \u00e0 humidade, cargas, condi\u00e7\u00f5es de higiene, manchas, envelhecimento dos adesivos e manuten\u00e7\u00e3o profissional repetida.<\/p>\n\n\n\n<h2 class=\"wp-block-heading\">A investiga\u00e7\u00e3o continua a n\u00e3o chegar a um consenso sobre qual \u00e9 a \u201cmelhor\u201d prepara\u00e7\u00e3o para facetas<\/h2>\n\n\n\n<p class=\"wp-block-paragraph\">Eis mais uma raz\u00e3o pela qual desconfio das doutrinas da prepara\u00e7\u00e3o universal.<\/p>\n\n\n\n<p class=\"wp-block-paragraph\">Uma revis\u00e3o sistem\u00e1tica e meta-an\u00e1lise de 2017 analisou <strong>415 publica\u00e7\u00f5es, incluindo 10 estudos<\/strong> comparando os modelos de prepara\u00e7\u00e3o para facetas. Com base nos dados relativos ao tempo at\u00e9 ao evento, as prepara\u00e7\u00f5es com cobertura incisal revelaram um risco de falha mais elevado do que as que n\u00e3o apresentavam cobertura, com uma raz\u00e3o de risco relatada de <strong>1.81<\/strong>.<\/p>\n\n\n\n<p class=\"wp-block-paragraph\">No entanto, o estudo de acompanhamento a longo prazo de 2021, que analisou 6 500 facetas, revelou uma tend\u00eancia oposta no que diz respeito \u00e0 cobertura incisal.<\/p>\n\n\n\n<p class=\"wp-block-paragraph\">Pode consultar as vers\u00f5es anteriores <a href=\"https:\/\/pubmed.ncbi.nlm.nih.gov\/29144878\/\" rel=\"nofollow noopener\" target=\"_blank\">Meta-an\u00e1lise do PubMed sobre modelos de prepara\u00e7\u00e3o para facetas<\/a> tu mesmo.<\/p>\n\n\n\n<p class=\"wp-block-paragraph\">As evid\u00eancias contradit\u00f3rias n\u00e3o tornam a investiga\u00e7\u00e3o in\u00fatil.<\/p>\n\n\n\n<p class=\"wp-block-paragraph\">Isso diz-nos algo mais \u00fatil: <strong>A forma da prepara\u00e7\u00e3o n\u00e3o pode ser dissociada do material, do substrato de colagem, da oclus\u00e3o, da t\u00e9cnica do operador, do estado dos dentes e da sele\u00e7\u00e3o do caso.<\/strong><\/p>\n\n\n\n<p class=\"wp-block-paragraph\">O mesmo cepticismo deve ser aplicado \u00e0 extens\u00e3o proximal.<\/p>\n\n\n\n<h2 class=\"wp-block-heading\">At\u00e9 que ponto devem as facetas estender-se na regi\u00e3o interproximal?<\/h2>\n\n\n\n<p class=\"wp-block-paragraph\">N\u00e3o existe uma medida universal em mil\u00edmetros.<\/p>\n\n\n\n<p class=\"wp-block-paragraph\">Essa \u00e9 a minha resposta.<\/p>\n\n\n\n<p class=\"wp-block-paragraph\">Uma faceta deve estender-se na regi\u00e3o interproximal o suficiente para satisfazer a altera\u00e7\u00e3o est\u00e9tica e restauradora planeada, terminando, no entanto, o mais cedo poss\u00edvel assim que a margem puder ser posicionada de forma previs\u00edvel, o contacto puder ser criado corretamente, existir espa\u00e7o cer\u00e2mico suficiente e for poss\u00edvel evitar a exposi\u00e7\u00e3o desnecess\u00e1ria da dentina.<\/p>\n\n\n\n<p class=\"wp-block-paragraph\">V\u00e1rias vari\u00e1veis influenciam a resposta.<\/p>\n\n\n\n<h3 class=\"wp-block-heading\">Alinhamento dent\u00e1rio atual<\/h3>\n\n\n\n<p class=\"wp-block-paragraph\">Um dente bem alinhado, que necessite apenas de corre\u00e7\u00e3o da cor, requer normalmente menos interven\u00e7\u00e3o proximal do que um dente rodado que esteja a ser reposicionado visualmente.<\/p>\n\n\n\n<h3 class=\"wp-block-heading\">Fechamento do diastema<\/h3>\n\n\n\n<p class=\"wp-block-paragraph\">A redu\u00e7\u00e3o do espa\u00e7o altera a largura dos dentes e a geometria de contacto.<\/p>\n\n\n\n<p class=\"wp-block-paragraph\">Por conseguinte, poder\u00e1 ser necess\u00e1rio deslocar a prepara\u00e7\u00e3o mais para o lado lingual, para que a restaura\u00e7\u00e3o possa envolver a superf\u00edcie proximal, em vez de se limitar a adicionar uma placa de cer\u00e2mica na face facial.<\/p>\n\n\n\n<h3 class=\"wp-block-heading\">Cor do substrato<\/h3>\n\n\n\n<p class=\"wp-block-paragraph\">Uma prepara\u00e7\u00e3o escura que permanece vis\u00edvel junto a uma margem cer\u00e2mica proximal transl\u00facida pode deixar \u00e0 vista a transi\u00e7\u00e3o entre a restaura\u00e7\u00e3o e o dente.<\/p>\n\n\n\n<p class=\"wp-block-paragraph\">Uma extens\u00e3o maior pode justificar-se quando o benef\u00edcio est\u00e9tico supera a redu\u00e7\u00e3o adicional.<\/p>\n\n\n\n<h3 class=\"wp-block-heading\">Restaura\u00e7\u00f5es proximais existentes<\/h3>\n\n\n\n<p class=\"wp-block-paragraph\">As restaura\u00e7\u00f5es em comp\u00f3sito, as fissuras, a c\u00e1rie ou a anatomia proximal irregular alteram o local onde \u00e9 poss\u00edvel estabelecer uma linha de acabamento previs\u00edvel.<\/p>\n\n\n\n<p class=\"wp-block-paragraph\">O estudo de Peumans, com a dura\u00e7\u00e3o de 10 anos, vem lembrar que o comp\u00f3sito existente nas jun\u00e7\u00f5es com a faceta merece aten\u00e7\u00e3o, em vez de ser tratado como anatomia de fundo irrelevante.<\/p>\n\n\n\n<h3 class=\"wp-block-heading\">Contacto para mudan\u00e7a<\/h3>\n\n\n\n<p class=\"wp-block-paragraph\">Se o t\u00e9cnico precisar de alterar significativamente o contacto, a prepara\u00e7\u00e3o deve proporcionar liberdade suficiente para criar essa nova anatomia.<\/p>\n\n\n\n<p class=\"wp-block-paragraph\">Um contacto cer\u00e2mico n\u00e3o pode ocupar espa\u00e7o j\u00e1 ocupado pela estrutura dent\u00e1ria.<\/p>\n\n\n\n<p class=\"wp-block-paragraph\">A f\u00edsica continua teimosa.<\/p>\n\n\n\n<h2 class=\"wp-block-heading\">A coloca\u00e7\u00e3o da margem deve seguir o dente final, e n\u00e3o o dente original<\/h2>\n\n\n\n<p class=\"wp-block-paragraph\">Este \u00e9 provavelmente o princ\u00edpio mais \u00fatil de toda a discuss\u00e3o.<\/p>\n\n\n\n<p class=\"wp-block-paragraph\">Come\u00e7a pelo contorno final.<\/p>\n\n\n\n<p class=\"wp-block-paragraph\">Em seguida, determine onde a estrutura dent\u00e1ria entra em conflito com esse contorno.<\/p>\n\n\n\n<p class=\"wp-block-paragraph\">Retira apenas o que atrapalha.<\/p>\n\n\n\n<p class=\"wp-block-paragraph\">Esta abordagem centrada em modelos faz muito mais sentido do que preparar um formato padronizado de faceta e, posteriormente, pedir ao t\u00e9cnico que adapte cada caso a esse formato.<\/p>\n\n\n\n<p class=\"wp-block-paragraph\">Para os profissionais cl\u00ednicos que trabalham com dissilicato de l\u00edtio, a Artist Dental Lab\u2019s <a href=\"https:\/\/artistdentallab.com\/pt\/e-max-veneer\/\">E.max fluxo de trabalho do folheado<\/a> salienta ainda a prepara\u00e7\u00e3o m\u00ednima a padr\u00e3o, dependendo de cada caso, a defini\u00e7\u00e3o clara das margens, as notas sobre a redu\u00e7\u00e3o, as informa\u00e7\u00f5es relativas \u00e0 tonalidade e os registos digitais, em vez de prescrever um \u00fanico modelo de redu\u00e7\u00e3o para todas as restaura\u00e7\u00f5es anteriores.<\/p>\n\n\n\n<p class=\"wp-block-paragraph\">E \u00e9 exatamente assim que deve ser.<\/p>\n\n\n\n<h2 class=\"wp-block-heading\">O contorno proximal tamb\u00e9m \u00e9 um problema \u00f3tico<\/h2>\n\n\n\n<p class=\"wp-block-paragraph\">Os dentistas concentram-se, naturalmente, na resist\u00eancia ao contacto e na resist\u00eancia ao fio dental.<\/p>\n\n\n\n<p class=\"wp-block-paragraph\">O laborat\u00f3rio deteta outra camada.<\/p>\n\n\n\n<p class=\"wp-block-paragraph\">O contacto tem uma consequ\u00eancia \u00f3tica.<\/p>\n\n\n\n<p class=\"wp-block-paragraph\">Se a superf\u00edcie facial proximal permanecer demasiado cheia, a zona de deflex\u00e3o diminui. Mais luz \u00e9 refletida de volta para o observador. A faceta parece mais larga.<\/p>\n\n\n\n<p class=\"wp-block-paragraph\">Ent\u00e3o, algu\u00e9m pede ao t\u00e9cnico para fazer com que pare\u00e7a mais estreito.<\/p>\n\n\n\n<p class=\"wp-block-paragraph\">Assim, \u00e9 adicionada uma mancha cinzenta.<\/p>\n\n\n\n<p class=\"wp-block-paragraph\">Ou o \u00e2ngulo da linha fica demasiado acentuado.<\/p>\n\n\n\n<p class=\"wp-block-paragraph\">Ou a cer\u00e2mica \u00e9 triturada ap\u00f3s a entrega.<\/p>\n\n\n\n<p class=\"wp-block-paragraph\">Sequ\u00eancia errada.<\/p>\n\n\n\n<p class=\"wp-block-paragraph\"><strong>Primeiro, a forma. Depois, a cor.<\/strong><\/p>\n\n\n\n<p class=\"wp-block-paragraph\">Se a restaura\u00e7\u00e3o apresentar um contorno excessivamente pronunciado, o pigmento serve para camuflar essa imperfei\u00e7\u00e3o.<\/p>\n\n\n\n<p class=\"wp-block-paragraph\">A an\u00e1lise da Artist Dental Lab sobre <a href=\"https:\/\/artistdentallab.com\/pt\/adjusting-veneer-incisal-edges-without-destroying-surface-character\/\">Ajuste da borda incisal da faceta e caracter\u00edsticas da superf\u00edcie<\/a> demonstra o problema em quest\u00e3o: o polimento da cer\u00e2mica altera, simultaneamente, o volume do material, a textura da superf\u00edcie e a geometria que controla a luz refletida.<\/p>\n\n\n\n<p class=\"wp-block-paragraph\">O mesmo princ\u00edpio aplica-se na regi\u00e3o proximal.<\/p>\n\n\n\n<p class=\"wp-block-paragraph\">Corrigir um contorno mal feito ap\u00f3s o acabamento final da cer\u00e2mica \u00e9 mais dif\u00edcil do que conceber o contorno corretamente desde o in\u00edcio.<\/p>\n\n\n\n<h2 class=\"wp-block-heading\">A escolha do material altera o grau de liberdade<\/h2>\n\n\n\n<p class=\"wp-block-paragraph\">A prepara\u00e7\u00e3o da faceta de porcelana n\u00e3o pode ser dissociada da cer\u00e2mica prescrita.<\/p>\n\n\n\n<h3 class=\"wp-block-heading\">Porcelana feldsp\u00e1tica<\/h3>\n\n\n\n<p class=\"wp-block-paragraph\">As facetas de feldspato permitem obter camadas \u00f3ticas excepcionalmente delicadas e transi\u00e7\u00f5es cer\u00e2micas finas, tornando-as uma op\u00e7\u00e3o atraente para casos est\u00e9ticos altamente conservadores.<\/p>\n\n\n\n<p class=\"wp-block-paragraph\">Mas a cer\u00e2mica fina n\u00e3o \u00e9 m\u00e1gica.<\/p>\n\n\n\n<p class=\"wp-block-paragraph\">Caso seja necess\u00e1rio um mascaramento significativo, o deslocamento de um ponto de contacto ou uma corre\u00e7\u00e3o substancial da forma, o espa\u00e7o de restaura\u00e7\u00e3o dispon\u00edvel torna-se uma vari\u00e1vel de planeamento importante.<\/p>\n\n\n\n<h3 class=\"wp-block-heading\">Dissilicato de l\u00edtio<\/h3>\n\n\n\n<p class=\"wp-block-paragraph\">Disilicato de l\u00edtio, geralmente representado por <strong>Li\u2082Si\u2082O\u2085<\/strong>, proporciona uma maior resist\u00eancia mec\u00e2nica do que a porcelana feldsp\u00e1tica convencional e \u00e9 compat\u00edvel com processos de trabalho de prensagem, fresagem, monol\u00edticos, \u00abcut-back\u00bb e em camadas.<\/p>\n\n\n\n<p class=\"wp-block-paragraph\">Ainda assim, a resist\u00eancia do material n\u00e3o justifica um contorno excessivo.<\/p>\n\n\n\n<p class=\"wp-block-paragraph\">Um revestimento mais resistente continua a ser volumoso.<\/p>\n\n\n\n<h3 class=\"wp-block-heading\">Zirc\u00f3nio<\/h3>\n\n\n\n<p class=\"wp-block-paragraph\">A zirc\u00f3nia pode oferecer maior opacidade e resist\u00eancia em casos espec\u00edficos, mas o seu comportamento \u00f3tico difere do das cer\u00e2micas de vidro.<\/p>\n\n\n\n<p class=\"wp-block-paragraph\">Mais uma vez, a prepara\u00e7\u00e3o deve estar em conson\u00e2ncia com o objetivo restaurador.<\/p>\n\n\n\n<p class=\"wp-block-paragraph\">O material n\u00e3o corrige uma geometria incorreta.<\/p>\n\n\n\n<h2 class=\"wp-block-heading\">O que o laborat\u00f3rio precisa antes de conceber a superf\u00edcie proximal<\/h2>\n\n\n\n<p class=\"wp-block-paragraph\">Se estivesse a avaliar um caso complexo de facetas do ponto de vista do laborat\u00f3rio, gostaria de dispor de seis elementos de informa\u00e7\u00e3o antes de tomar decis\u00f5es importantes sobre a anatomia proximal:<\/p>\n\n\n\n<ol class=\"wp-block-list\">\n<li><strong>Exame pr\u00e9-operat\u00f3rio<\/strong> mostrando a posi\u00e7\u00e3o original dos dentes e os contactos<\/li>\n\n\n\n<li><strong>Digitaliza\u00e7\u00e3o preparada<\/strong> com margens proximais bem definidas<\/li>\n\n\n\n<li><strong>Modelo em cera aprovado ou digitaliza\u00e7\u00e3o provis\u00f3ria<\/strong> indicando a largura pretendida e a posi\u00e7\u00e3o de contacto<\/li>\n\n\n\n<li><strong>Fotografias da prepara\u00e7\u00e3o<\/strong> mostrando esmalte, dentina, descolora\u00e7\u00e3o e visibilidade das margens<\/li>\n\n\n\n<li><strong>Registos de sombra de tocos<\/strong> para cada dente preparado<\/li>\n\n\n\n<li><strong>Fotografias faciais frontais e de tr\u00eas quartos<\/strong> mostrando como as \u00e1reas proximais se apresentam a partir de \u00e2ngulos de vis\u00e3o normais<\/li>\n<\/ol>\n\n\n\n<p class=\"wp-block-paragraph\">Mesmo sem esses registos, o t\u00e9cnico pode, ainda assim, realizar uma restaura\u00e7\u00e3o.<\/p>\n\n\n\n<p class=\"wp-block-paragraph\">Mas parte do projeto \u00e9 agora uma quest\u00e3o de suposi\u00e7\u00f5es.<\/p>\n\n\n\n<p class=\"wp-block-paragraph\">E \u201ctornar as margens invis\u00edveis\u201d n\u00e3o \u00e9 uma receita de laborat\u00f3rio.<\/p>\n\n\n\n<figure class=\"wp-block-image size-large\"><img decoding=\"async\" width=\"1024\" height=\"768\" src=\"https:\/\/artistdentallab.com\/wp-content\/uploads\/2026\/08\/Interproximal-Extension-for-Veneers-Hiding-Margins-Without-Overcontouring-4-1024x768.jpg\" alt=\"Extens\u00e3o interproximal para facetas: ocultar as margens sem excesso de contorno\" class=\"wp-image-1650\" title=\"\" srcset=\"https:\/\/artistdentallab.com\/wp-content\/uploads\/2026\/08\/Interproximal-Extension-for-Veneers-Hiding-Margins-Without-Overcontouring-4-1024x768.jpg 1024w, https:\/\/artistdentallab.com\/wp-content\/uploads\/2026\/08\/Interproximal-Extension-for-Veneers-Hiding-Margins-Without-Overcontouring-4-300x225.jpg 300w, https:\/\/artistdentallab.com\/wp-content\/uploads\/2026\/08\/Interproximal-Extension-for-Veneers-Hiding-Margins-Without-Overcontouring-4-768x576.jpg 768w, https:\/\/artistdentallab.com\/wp-content\/uploads\/2026\/08\/Interproximal-Extension-for-Veneers-Hiding-Margins-Without-Overcontouring-4-16x12.jpg 16w, https:\/\/artistdentallab.com\/wp-content\/uploads\/2026\/08\/Interproximal-Extension-for-Veneers-Hiding-Margins-Without-Overcontouring-4-500x375.jpg 500w, https:\/\/artistdentallab.com\/wp-content\/uploads\/2026\/08\/Interproximal-Extension-for-Veneers-Hiding-Margins-Without-Overcontouring-4-600x450.jpg 600w, https:\/\/artistdentallab.com\/wp-content\/uploads\/2026\/08\/Interproximal-Extension-for-Veneers-Hiding-Margins-Without-Overcontouring-4.jpg 1448w\" sizes=\"(max-width: 1024px) 100vw, 1024px\" \/><\/figure>\n\n\n\n<h2 class=\"wp-block-heading\">Um quadro pr\u00e1tico de decis\u00e3o para a prepara\u00e7\u00e3o de facetas interproximais<\/h2>\n\n\n\n<p class=\"wp-block-paragraph\">Antes de avan\u00e7ar mais na dire\u00e7\u00e3o proximal, gostaria de fazer estas perguntas por ordem.<\/p>\n\n\n\n<h3 class=\"wp-block-heading\">1. O contacto existente vai permanecer onde est\u00e1?<\/h3>\n\n\n\n<p class=\"wp-block-paragraph\">Se for esse o caso, uma extens\u00e3o agressiva poder\u00e1 trazer poucas vantagens.<\/p>\n\n\n\n<p class=\"wp-block-paragraph\">Se n\u00e3o, identifique exatamente para onde o contacto final deve deslocar-se.<\/p>\n\n\n\n<h3 class=\"wp-block-heading\">2. A faceta est\u00e1 a alterar a largura do dente?<\/h3>\n\n\n\n<p class=\"wp-block-paragraph\">Uma corre\u00e7\u00e3o menor da largura e o fechamento de um diastema acentuado n\u00e3o constituem o mesmo problema de tratamento.<\/p>\n\n\n\n<h3 class=\"wp-block-heading\">3. A margem existente ficar\u00e1 vis\u00edvel?<\/h3>\n\n\n\n<p class=\"wp-block-paragraph\">Avalie os \u00e2ngulos de vis\u00e3o frontal e obl\u00edquo.<\/p>\n\n\n\n<p class=\"wp-block-paragraph\">N\u00e3o se deve julgar apenas com base na vista oclusal.<\/p>\n\n\n\n<h3 class=\"wp-block-heading\">4. H\u00e1 espa\u00e7o suficiente para a cer\u00e2mica?<\/h3>\n\n\n\n<p class=\"wp-block-paragraph\">Compare a prepara\u00e7\u00e3o com o modelo em cera aprovado.<\/p>\n\n\n\n<p class=\"wp-block-paragraph\">Se for necess\u00e1rio adicionar cer\u00e2mica fora do contorno pretendido simplesmente porque a estrutura dent\u00e1ria ocupa o espa\u00e7o necess\u00e1rio, isso significa que a prepara\u00e7\u00e3o foi sub-reduzida no local errado.<\/p>\n\n\n\n<h3 class=\"wp-block-heading\">5. Quanto esmalte ainda resta?<\/h3>\n\n\n\n<p class=\"wp-block-paragraph\">Qualquer prolongamento adicional deve justificar o seu custo biol\u00f3gico.<\/p>\n\n\n\n<h3 class=\"wp-block-heading\">6. \u00c9 poss\u00edvel limpar o contorno final?<\/h3>\n\n\n\n<p class=\"wp-block-paragraph\">Uma margem oculta, rodeada por um contorno proximal volumoso e prop\u00edcio \u00e0 acumula\u00e7\u00e3o de placa bacteriana, n\u00e3o constitui uma solu\u00e7\u00e3o est\u00e9tica bem-sucedida.<\/p>\n\n\n\n<h3 class=\"wp-block-heading\">7. O laborat\u00f3rio consegue identificar claramente a linha de chegada?<\/h3>\n\n\n\n<p class=\"wp-block-paragraph\">As margens que desaparecem devido ao ru\u00eddo da digitaliza\u00e7\u00e3o, \u00e0s superf\u00edcies irregulares ou \u00e0 m\u00e1 captura da anatomia subgengival n\u00e3o s\u00e3o melhoradas como por magia s\u00f3 porque ficam ocultas ao doente.<\/p>\n\n\n\n<h2 class=\"wp-block-heading\">O melhor plano de prepara\u00e7\u00e3o para facetas do ponto de vista est\u00e9tico depende de cada caso espec\u00edfico<\/h2>\n\n\n\n<p class=\"wp-block-paragraph\">Sei que essa resposta \u00e9 menos satisfat\u00f3ria do que um diagrama.<\/p>\n\n\n\n<p class=\"wp-block-paragraph\">Mas a medicina dent\u00e1ria n\u00e3o nos deve respostas simples.<\/p>\n\n\n\n<p class=\"wp-block-paragraph\">Uma prepara\u00e7\u00e3o facial conservadora pode ser ideal para um incisivo central e completamente inadequada para o incisivo lateral rodado que se encontra ao seu lado.<\/p>\n\n\n\n<p class=\"wp-block-paragraph\">Um projeto que preserve o contacto pode funcionar na perfei\u00e7\u00e3o quando a posi\u00e7\u00e3o dos dentes j\u00e1 permite obter o contorno final.<\/p>\n\n\n\n<p class=\"wp-block-paragraph\">Uma prepara\u00e7\u00e3o com extens\u00e3o lingual pode revelar-se muito mais adequada quando se pretende fechar um diastema, deslocar o contacto, mascarar uma descolora\u00e7\u00e3o proximal ou alterar a orienta\u00e7\u00e3o do dente.<\/p>\n\n\n\n<p class=\"wp-block-paragraph\">O erro consiste em considerar qualquer uma destas coisas como uma doutrina.<\/p>\n\n\n\n<p class=\"wp-block-paragraph\"><strong>Conceba de tr\u00e1s para a frente.<\/strong><\/p>\n\n\n\n<p class=\"wp-block-paragraph\">Comece pelo dente que o doente e o m\u00e9dico aprovaram. Avalie o espa\u00e7o necess\u00e1rio para a sua reconstru\u00e7\u00e3o. Identifique a margem onde seja poss\u00edvel realizar o acabamento, a digitaliza\u00e7\u00e3o, a colagem, a limpeza e a prote\u00e7\u00e3o visual. Em seguida, preserve cada micr\u00f3metro adicional de esmalte que n\u00e3o interfira com esse objetivo.<\/p>\n\n\n\n<p class=\"wp-block-paragraph\">Isso \u00e9 uma verdadeira prepara\u00e7\u00e3o de faceta conservadora.<\/p>\n\n\n\n<p class=\"wp-block-paragraph\">N\u00e3o se trata simplesmente de fazer menos.<\/p>\n\n\n\n<p class=\"wp-block-paragraph\">Fazer apenas o que a restaura\u00e7\u00e3o realmente exige.<\/p>\n\n\n\n<h2 class=\"wp-block-heading\">FAQs<\/h2>\n\n\n\n<h3 class=\"wp-block-heading\">O que \u00e9 a prepara\u00e7\u00e3o de facetas interproximais?<\/h3>\n\n\n\n<p class=\"wp-block-paragraph\">A prepara\u00e7\u00e3o interproximal de facetas consiste na extens\u00e3o controlada da prepara\u00e7\u00e3o de uma faceta de porcelana a partir da superf\u00edcie facial em dire\u00e7\u00e3o \u00e0s superf\u00edcies mesial ou distal, de modo a que o cl\u00ednico possa posicionar as margens, modificar os contactos, ajustar a largura do dente, criar espa\u00e7o para a cer\u00e2mica e ocultar os limites da restaura\u00e7\u00e3o, preservando, ao mesmo tempo, o m\u00e1ximo de esmalte que a corre\u00e7\u00e3o est\u00e9tica planeada razoavelmente permitir.<\/p>\n\n\n\n<p class=\"wp-block-paragraph\">Pode terminar na face facial do contacto, entrar na regi\u00e3o de contacto ou estender-se lingualmente para al\u00e9m desta, dependendo da posi\u00e7\u00e3o do dente e da restaura\u00e7\u00e3o final pretendida.<\/p>\n\n\n\n<h3 class=\"wp-block-heading\">At\u00e9 que ponto devem as facetas estender-se na regi\u00e3o interproximal?<\/h3>\n\n\n\n<p class=\"wp-block-paragraph\">As facetas devem estender-se interproximalmente apenas o suficiente para colocar a margem fora de uma zona vis\u00edvel indesej\u00e1vel, permitir o contacto e o contorno dent\u00e1rio planeados, proporcionar um espa\u00e7o restaurador adequado e criar uma linha de acabamento que o cl\u00ednico e o laborat\u00f3rio possam gerir sem remover esmalte saud\u00e1vel adicional que n\u00e3o traga qualquer benef\u00edcio est\u00e9tico ou restaurador significativo.<\/p>\n\n\n\n<p class=\"wp-block-paragraph\">N\u00e3o existe uma dist\u00e2ncia em mil\u00edmetros universal, baseada em evid\u00eancias, que seja adequada para todas as facetas.<\/p>\n\n\n\n<h3 class=\"wp-block-heading\">Os contactos interproximais devem ser sempre eliminados no caso das facetas?<\/h3>\n\n\n\n<p class=\"wp-block-paragraph\">Os contactos interproximais n\u00e3o devem ser automaticamente interrompidos em todas as facetas, uma vez que a abertura de contacto \u00e9 uma op\u00e7\u00e3o de prepara\u00e7\u00e3o que depende de cada caso, utilizada quando \u00e9 necess\u00e1rio um acesso adicional ao laborat\u00f3rio para oculta\u00e7\u00e3o das margens, relocaliza\u00e7\u00e3o de contactos, fecho de diastemas, corre\u00e7\u00e3o de rota\u00e7\u00e3o, mascaramento ou altera\u00e7\u00e3o substancial do contorno, e n\u00e3o uma caracter\u00edstica obrigat\u00f3ria de uma prepara\u00e7\u00e3o bem-sucedida de facetas de porcelana.<\/p>\n\n\n\n<p class=\"wp-block-paragraph\">Quando o contacto existente e a posi\u00e7\u00e3o dos dentes j\u00e1 se adequam ao projeto final, a preserva\u00e7\u00e3o desse contacto pode permitir conservar mais esmalte.<\/p>\n\n\n\n<h3 class=\"wp-block-heading\">Como se pode evitar o excesso de contorno nas facetas?<\/h3>\n\n\n\n<p class=\"wp-block-paragraph\">A melhor forma de evitar o excesso de contorno nas facetas \u00e9 projetar primeiro o contorno final desejado do dente, comparar esse contorno com o esmalte existente atrav\u00e9s de um wax-up ou de um mock-up e criar seletivamente espa\u00e7o restaurador nos locais onde a cer\u00e2mica seria, de outra forma, for\u00e7ada para fora do contorno natural, particularmente nas transi\u00e7\u00f5es faciais-proximais, nas \u00e1reas de contacto, nas zonas de emerg\u00eancia cervical e nos \u00e2ngulos das linhas de transi\u00e7\u00e3o.<\/p>\n\n\n\n<p class=\"wp-block-paragraph\">O objetivo \u00e9 um espa\u00e7o controlado, e n\u00e3o uma redu\u00e7\u00e3o indiscriminada.<\/p>\n\n\n\n<h3 class=\"wp-block-heading\">Onde devem ser colocadas as margens das folhas de revestimento nas regi\u00f5es interproximais?<\/h3>\n\n\n\n<p class=\"wp-block-paragraph\">As margens das facetas interproximais devem ser posicionadas de forma a permanecerem visualmente protegidas, a serem claramente registadas, fabricadas com precis\u00e3o, coladas de forma previs\u00edvel e acess\u00edveis para a higiene a longo prazo, permitindo simultaneamente que o t\u00e9cnico estabele\u00e7a uma forma de contacto natural e uma curvatura proximal sem criar uma espessura excessiva da cer\u00e2mica nem estender desnecessariamente a linha de acabamento at\u00e9 \u00e0 dentina.<\/p>\n\n\n\n<p class=\"wp-block-paragraph\">A localiza\u00e7\u00e3o correta depende, portanto, da posi\u00e7\u00e3o final do dente e n\u00e3o de um esquema de prepara\u00e7\u00e3o padronizado.<\/p>\n\n\n\n<h3 class=\"wp-block-heading\">Qual \u00e9 o melhor desenho de prepara\u00e7\u00e3o para facetas do ponto de vista est\u00e9tico?<\/h3>\n\n\n\n<p class=\"wp-block-paragraph\">O melhor desenho de prepara\u00e7\u00e3o para facetas do ponto de vista est\u00e9tico \u00e9 aquele que apresenta a geometria menos invasiva, proporcionando espa\u00e7o suficiente para a cer\u00e2mica selecionada, mantendo uma ades\u00e3o favor\u00e1vel ao esmalte sempre que poss\u00edvel, posicionando as margens afastadas das zonas de visualiza\u00e7\u00e3o expostas, permitindo ao laborat\u00f3rio controlar os contactos e os \u00e2ngulos das linhas e reproduzindo a forma do dente aprovada pelo doente, sem superf\u00edcies faciais ou proximais com contornos excessivos.<\/p>\n\n\n\n<p class=\"wp-block-paragraph\">Os modelos de janela, de junta de topo, de envolvimento, de preserva\u00e7\u00e3o do contacto e de quebra do contacto t\u00eam, todos eles, indica\u00e7\u00f5es leg\u00edtimas.<\/p>\n\n\n\n<h3 class=\"wp-block-heading\">O E.max consegue compensar a falta de espa\u00e7o para a prepara\u00e7\u00e3o da faceta?<\/h3>\n\n\n\n<p class=\"wp-block-paragraph\">O E.max n\u00e3o consegue compensar totalmente a falta de espa\u00e7o na prepara\u00e7\u00e3o da faceta, uma vez que, embora o dissilicato de l\u00edtio possa proporcionar resist\u00eancia e flexibilidade \u00f3tica \u00fateis, a restaura\u00e7\u00e3o continua a exigir um volume tridimensional adequado para o contorno, a translucidez, o mascaramento, os contactos, as margens e o perfil de emerg\u00eancia; a coloca\u00e7\u00e3o de cer\u00e2mica onde a estrutura dent\u00e1ria j\u00e1 ocupa o contorno planeado altera inevitavelmente a forma externa da restaura\u00e7\u00e3o.<\/p>\n\n\n\n<p class=\"wp-block-paragraph\">As propriedades dos materiais podem alargar as op\u00e7\u00f5es de conce\u00e7\u00e3o.<\/p>\n\n\n\n<p class=\"wp-block-paragraph\">N\u00e3o podem revogar a geometria.<\/p>\n\n\n\n<h3 class=\"wp-block-heading\">O que deve ser enviado ao laborat\u00f3rio dent\u00e1rio num caso de facetas anteriores?<\/h3>\n\n\n\n<p class=\"wp-block-paragraph\">Um caso laboratorial de facetas anteriores deve incluir as arcadas preparadas e opostas, o registo da oclus\u00e3o, a digitaliza\u00e7\u00e3o pr\u00e9-operat\u00f3ria, a faceta provis\u00f3ria aprovada ou o modelo em cera, fotografias da prepara\u00e7\u00e3o, registos da cor do mon\u00e7\u00e3o e da cor final, fotografias faciais e com retra\u00e7\u00e3o, o material de restaura\u00e7\u00e3o, informa\u00e7\u00f5es sobre as margens, instru\u00e7\u00f5es de contacto e notas funcionais, para que o t\u00e9cnico possa reproduzir um plano aprovado, em vez de ter de interpretar informa\u00e7\u00f5es cl\u00ednicas em falta.<\/p>\n\n\n\n<p class=\"wp-block-paragraph\">No caso de extens\u00f5es proximais complexas, as fotografias da prepara\u00e7\u00e3o e uma digitaliza\u00e7\u00e3o do projeto aprovado revelam-se especialmente \u00fateis, uma vez que mostram tanto o espa\u00e7o dispon\u00edvel como o contacto final pretendido.<\/p>\n\n\n\n<h2 class=\"wp-block-heading\">Planear a margem antes da cer\u00e2mica<\/h2>\n\n\n\n<p class=\"wp-block-paragraph\">A extens\u00e3o interproximal nunca deve tornar-se um desafio para ver at\u00e9 que ponto uma faceta consegue envolver um dente.<\/p>\n\n\n\n<p class=\"wp-block-paragraph\">O melhor objetivo \u00e9 mais espec\u00edfico: <strong>ocultar o que n\u00e3o deve ficar vis\u00edvel, preservar o que n\u00e3o precisa de ser removido e criar exatamente o espa\u00e7o necess\u00e1rio para a anatomia natural da cer\u00e2mica.<\/strong><\/p>\n\n\n\n<p class=\"wp-block-paragraph\">Se estiver a planear facetas anteriores em E.max, E.max em camadas, feldsp\u00e1ticas ou de m\u00faltiplas unidades e pretender que o laborat\u00f3rio avalie as margens de prepara\u00e7\u00e3o, o desenho de contacto, o espa\u00e7o de restaura\u00e7\u00e3o dispon\u00edvel, a tonalidade do monconho e os ficheiros digitais antes da produ\u00e7\u00e3o, envie a documenta\u00e7\u00e3o do caso atrav\u00e9s do <a href=\"https:\/\/artistdentallab.com\/pt\/contact-us\/\">P\u00e1gina de contacto do Artist Dental Lab<\/a>.<\/p>\n\n\n\n<p class=\"wp-block-paragraph\">Envie a digitaliza\u00e7\u00e3o da prepara\u00e7\u00e3o.<\/p>\n\n\n\n<p class=\"wp-block-paragraph\">Envie o projeto aprovado.<\/p>\n\n\n\n<p class=\"wp-block-paragraph\">Envie as fotografias.<\/p>\n\n\n\n<p class=\"wp-block-paragraph\">Em seguida, forne\u00e7a ao t\u00e9cnico informa\u00e7\u00f5es suficientes para que este possa construir a faceta dentro do contorno pretendido do dente \u2014 e n\u00e3o em torno de uma prepara\u00e7\u00e3o que comprometa o resultado e que seja evit\u00e1vel.<\/p>\n\n\n\n<p class=\"wp-block-paragraph\"><\/p>","protected":false},"excerpt":{"rendered":"<p>A extens\u00e3o interproximal das facetas n\u00e3o se resume simplesmente a deslocar a margem mais para a regi\u00e3o lingual. O verdadeiro desafio consiste em ocultar o limite da restaura\u00e7\u00e3o, preservando simultaneamente o esmalte, criando espa\u00e7o suficiente para a cer\u00e2mica, controlando os contactos proximais e evitando os contornos volumosos que fazem com que facetas, que de outra forma seriam bonitas, pare\u00e7am artificiais.<\/p>","protected":false},"author":1,"featured_media":1647,"comment_status":"open","ping_status":"open","sticky":false,"template":"","format":"standard","meta":{"footnotes":""},"categories":[22],"tags":[183,252,642,615,643,558,644,495],"class_list":["post-1646","post","type-post","status-publish","format-standard","has-post-thumbnail","hentry","category-dental-knowledge","tag-cosmetic-dentistry","tag-dental-veneers","tag-interproximal-veneer-preparation","tag-porcelain-veneer-preparation","tag-proximal-veneer-extension","tag-veneer-margin-placement","tag-veneer-overcontouring","tag-veneer-preparation"],"blocksy_meta":{"styles_descriptor":{"styles":{"desktop":"","tablet":"","mobile":""},"google_fonts":[],"version":7}},"_links":{"self":[{"href":"https:\/\/artistdentallab.com\/pt\/wp-json\/wp\/v2\/posts\/1646","targetHints":{"allow":["GET"]}}],"collection":[{"href":"https:\/\/artistdentallab.com\/pt\/wp-json\/wp\/v2\/posts"}],"about":[{"href":"https:\/\/artistdentallab.com\/pt\/wp-json\/wp\/v2\/types\/post"}],"author":[{"embeddable":true,"href":"https:\/\/artistdentallab.com\/pt\/wp-json\/wp\/v2\/users\/1"}],"replies":[{"embeddable":true,"href":"https:\/\/artistdentallab.com\/pt\/wp-json\/wp\/v2\/comments?post=1646"}],"version-history":[{"count":1,"href":"https:\/\/artistdentallab.com\/pt\/wp-json\/wp\/v2\/posts\/1646\/revisions"}],"predecessor-version":[{"id":1651,"href":"https:\/\/artistdentallab.com\/pt\/wp-json\/wp\/v2\/posts\/1646\/revisions\/1651"}],"wp:featuredmedia":[{"embeddable":true,"href":"https:\/\/artistdentallab.com\/pt\/wp-json\/wp\/v2\/media\/1647"}],"wp:attachment":[{"href":"https:\/\/artistdentallab.com\/pt\/wp-json\/wp\/v2\/media?parent=1646"}],"wp:term":[{"taxonomy":"category","embeddable":true,"href":"https:\/\/artistdentallab.com\/pt\/wp-json\/wp\/v2\/categories?post=1646"},{"taxonomy":"post_tag","embeddable":true,"href":"https:\/\/artistdentallab.com\/pt\/wp-json\/wp\/v2\/tags?post=1646"}],"curies":[{"name":"wp","href":"https:\/\/api.w.org\/{rel}","templated":true}]}}