{"id":1652,"date":"2026-08-12T02:35:24","date_gmt":"2026-08-12T02:35:24","guid":{"rendered":"https:\/\/artistdentallab.com\/"},"modified":"2026-08-12T02:44:05","modified_gmt":"2026-08-12T02:44:05","slug":"single-veneer-vs-multi-unit-veneers-why-matching-difficulty-changes","status":"publish","type":"post","link":"https:\/\/artistdentallab.com\/pt\/single-veneer-vs-multi-unit-veneers-why-matching-difficulty-changes\/","title":{"rendered":"Faceta \u00fanica vs. facetas m\u00faltiplas: por que \u00e9 que a dificuldade de harmoniza\u00e7\u00e3o varia"},"content":{"rendered":"<p class=\"wp-block-paragraph\">A <strong>folheado simples<\/strong> Parece ser o caso mais simples.<\/p>\n\n\n\n<p class=\"wp-block-paragraph\">Uma prepara\u00e7\u00e3o. Uma restaura\u00e7\u00e3o. Uma coloca\u00e7\u00e3o.<\/p>\n\n\n\n<p class=\"wp-block-paragraph\">No entanto, do ponto de vista est\u00e9tico, esse \u00fanico dente pode exigir um controlo mais rigoroso do que seis ou oito facetas feitas em conjunto.<\/p>\n\n\n\n<p class=\"wp-block-paragraph\"><strong>Um dente fica \u00e0 mostra.<\/strong><\/p>\n\n\n\n<p class=\"wp-block-paragraph\">Quando existe apenas uma restaura\u00e7\u00e3o entre dentes naturais n\u00e3o tratados, todas as diferen\u00e7as em termos de cor, translucidez, satura\u00e7\u00e3o cervical, car\u00e1ter incisal, fluoresc\u00eancia, textura da superf\u00edcie, \u00e2ngulo das linhas e brilho s\u00e3o avaliadas em rela\u00e7\u00e3o a refer\u00eancias biol\u00f3gicas que o laborat\u00f3rio n\u00e3o pode alterar para que a nova faceta tenha um aspeto mais harmonioso.<\/p>\n\n\n\n<p class=\"wp-block-paragraph\">Ent\u00e3o, por que raz\u00e3o, por vezes, a adi\u00e7\u00e3o de mais folhas de madeira facilita a resolu\u00e7\u00e3o do problema da cor?<\/p>\n\n\n\n<p class=\"wp-block-paragraph\">Porque a tarefa muda.<\/p>\n\n\n\n<p class=\"wp-block-paragraph\">Com uma faceta num \u00fanico dente, o que pretendemos \u00e9 <strong>imitar um sistema dent\u00e1rio existente<\/strong>. No caso de v\u00e1rias facetas, estamos frequentemente a criar um <strong>novo sistema controlado<\/strong>.<\/p>\n\n\n\n<p class=\"wp-block-paragraph\">Essa distin\u00e7\u00e3o \u00e9 mais importante do que o n\u00famero de unidades.<\/p>\n\n\n\n<h2 class=\"wp-block-heading\">Por que raz\u00e3o uma \u00fanica faceta quase n\u00e3o tem onde se esconder<\/h2>\n\n\n\n<p class=\"wp-block-paragraph\">A parte mais dif\u00edcil de uma faceta \u00fanica n\u00e3o \u00e9 produzir porcelana com bom aspeto.<\/p>\n\n\n\n<p class=\"wp-block-paragraph\">Est\u00e1 a fazer com que a porcelana desapare\u00e7a.<\/p>\n\n\n\n<p class=\"wp-block-paragraph\">Considere um incisivo central maxilar. O incisivo central contralateral constitui uma refer\u00eancia rigorosa no que diz respeito \u00e0 largura, ao valor, \u00e0 translucidez incisal, \u00e0 reflex\u00e3o superficial, aos \u00e2ngulos das linhas, aos efeitos mamelonares, \u00e0 cromaticidade cervical e ao peso visual global.<\/p>\n\n\n\n<p class=\"wp-block-paragraph\">O doente n\u00e3o precisa de um espectrofot\u00f3metro para perceber que uma das partes centrais parece mais brilhante.<\/p>\n\n\n\n<p class=\"wp-block-paragraph\">Eles simplesmente v\u00eaem isso.<\/p>\n\n\n\n<p class=\"wp-block-paragraph\">A investiga\u00e7\u00e3o fornece-nos uma refer\u00eancia num\u00e9rica \u00fatil. Um estudo multic\u00eantrico publicado na revista <em>Revista de Dentisteria Est\u00e9tica e Restauradora<\/em> O CIEDE2000 indicou limiares de percetibilidade e aceitabilidade de 50:50 de aproximadamente <strong>\u0394E00 0,8 e 1,8<\/strong>, respetivamente. Na pr\u00e1tica, as diferen\u00e7as de cor dent\u00e1ria podem tornar-se vis\u00edveis com desvios num\u00e9ricos surpreendentemente pequenos. Consulte o estudo original, <a href=\"https:\/\/pubmed.ncbi.nlm.nih.gov\/25886208\/\" rel=\"nofollow noopener\" target=\"_blank\">Limiares de diferen\u00e7a de cor na medicina dent\u00e1ria<\/a>.<\/p>\n\n\n\n<p class=\"wp-block-paragraph\">Isso n\u00e3o significa que todos os \u0394E00 de 0,9 levem a uma nova produ\u00e7\u00e3o.<\/p>\n\n\n\n<p class=\"wp-block-paragraph\">Isso significa que a nossa margem \u00e9 reduzida.<\/p>\n\n\n\n<h3 class=\"wp-block-heading\">Um \u00fanico incisivo central \u00e9 particularmente implac\u00e1vel<\/h3>\n\n\n\n<p class=\"wp-block-paragraph\">H\u00e1 uma raz\u00e3o para que o <strong>faceta num \u00fanico incisivo central<\/strong> aparece repetidamente na literatura sobre medicina dent\u00e1ria est\u00e9tica como um problema de restaura\u00e7\u00e3o complexo.<\/p>\n\n\n\n<p class=\"wp-block-paragraph\">Um relat\u00f3rio cl\u00ednico publicado que descreve a restaura\u00e7\u00e3o de um incisivo central superior descolorido devido a um traumatismo utilizou uma faceta de porcelana feldsp\u00e1tica modificada, especificamente para reproduzir o dente natural adjacente. Os autores descrevem a situa\u00e7\u00e3o como um problema restaurador desafiante, e n\u00e3o como um caso cosm\u00e9tico de rotina envolvendo uma \u00fanica unidade. Ver <a href=\"https:\/\/pubmed.ncbi.nlm.nih.gov\/30396712\/\" rel=\"nofollow noopener\" target=\"_blank\">Restaura\u00e7\u00e3o de um \u00fanico incisivo central escurecido com uma faceta de porcelana modificada<\/a>.<\/p>\n\n\n\n<p class=\"wp-block-paragraph\">E aqui est\u00e1 a parte inc\u00f3moda.<\/p>\n\n\n\n<p class=\"wp-block-paragraph\">Chamar os dois dentes de \u201cA1\u201d n\u00e3o resolve o problema.<\/p>\n\n\n\n<p class=\"wp-block-paragraph\">As abas de tonalidade reduzem um objeto biol\u00f3gico a um r\u00f3tulo. Um incisivo central natural n\u00e3o apresenta uma cor uniforme desde a gengiva at\u00e9 \u00e0 borda incisal, nem reflete a luz de forma id\u00eantica em toda a superf\u00edcie facial.<\/p>\n\n\n\n<p class=\"wp-block-paragraph\">\u00c9 por isso que nunca trataria <strong>correspond\u00eancia de cores das facetas de porcelana<\/strong> como um exerc\u00edcio de numera\u00e7\u00e3o de tonalidades.<\/p>\n\n\n\n<p class=\"wp-block-paragraph\">Trata-se de um exerc\u00edcio de reconstru\u00e7\u00e3o \u00f3tica.<\/p>\n\n\n\n<figure class=\"wp-block-image size-full\"><img fetchpriority=\"high\" decoding=\"async\" width=\"1000\" height=\"667\" src=\"https:\/\/artistdentallab.com\/wp-content\/uploads\/2026\/08\/Single-Veneer-vs-Multi-Unit-Veneers-Why-Matching-Difficulty-Changes-1.jpg\" alt=\"Faceta \u00fanica vs. facetas m\u00faltiplas: por que \u00e9 que a dificuldade de correspond\u00eancia varia\" class=\"wp-image-1654\" title=\"\" srcset=\"https:\/\/artistdentallab.com\/wp-content\/uploads\/2026\/08\/Single-Veneer-vs-Multi-Unit-Veneers-Why-Matching-Difficulty-Changes-1.jpg 1000w, https:\/\/artistdentallab.com\/wp-content\/uploads\/2026\/08\/Single-Veneer-vs-Multi-Unit-Veneers-Why-Matching-Difficulty-Changes-1-300x200.jpg 300w, https:\/\/artistdentallab.com\/wp-content\/uploads\/2026\/08\/Single-Veneer-vs-Multi-Unit-Veneers-Why-Matching-Difficulty-Changes-1-768x512.jpg 768w, https:\/\/artistdentallab.com\/wp-content\/uploads\/2026\/08\/Single-Veneer-vs-Multi-Unit-Veneers-Why-Matching-Difficulty-Changes-1-18x12.jpg 18w, https:\/\/artistdentallab.com\/wp-content\/uploads\/2026\/08\/Single-Veneer-vs-Multi-Unit-Veneers-Why-Matching-Difficulty-Changes-1-500x334.jpg 500w, https:\/\/artistdentallab.com\/wp-content\/uploads\/2026\/08\/Single-Veneer-vs-Multi-Unit-Veneers-Why-Matching-Difficulty-Changes-1-600x400.jpg 600w\" sizes=\"(max-width: 1000px) 100vw, 1000px\" \/><\/figure>\n\n\n\n<h2 class=\"wp-block-heading\">Faceta \u00fanica vs. v\u00e1rias facetas: o que muda, na verdade?<\/h2>\n\n\n\n<p class=\"wp-block-paragraph\">A suposi\u00e7\u00e3o comum \u00e9 simples:<\/p>\n\n\n\n<p class=\"wp-block-paragraph\">Mais facetas = maior dificuldade.<\/p>\n\n\n\n<p class=\"wp-block-paragraph\">Do ponto de vista mec\u00e2nico, log\u00edstico e funcional, isso pode certamente ser verdade. Mais prepara\u00e7\u00f5es implicam mais margens, contactos, considera\u00e7\u00f5es relativas \u00e0 inser\u00e7\u00e3o, decis\u00f5es sobre simetria, rela\u00e7\u00f5es oclusais e etapas de cimenta\u00e7\u00e3o.<\/p>\n\n\n\n<p class=\"wp-block-paragraph\">Mas o <strong>problema de correspond\u00eancia<\/strong> mudan\u00e7as na dire\u00e7\u00e3o oposta.<\/p>\n\n\n\n<figure class=\"wp-block-table\"><table class=\"has-fixed-layout\"><thead><tr><th>Vari\u00e1vel<\/th><th>Faceta \u00fanica<\/th><th>Facetas m\u00faltiplas<\/th><\/tr><\/thead><tbody><tr><td>Principal objetivo est\u00e9tico<\/td><td>Dentes naturais adjacentes existentes<\/td><td>Harmonia num grupo rec\u00e9m-formado<\/td><\/tr><tr><td>Liberdade de tonalidades<\/td><td>Muito baixo<\/td><td>Moderado a elevado<\/td><\/tr><tr><td>Toler\u00e2ncia de valor<\/td><td>Muito baixo<\/td><td>Maior, se as unidades mantiverem a coer\u00eancia interna<\/td><\/tr><tr><td>Caracteriza\u00e7\u00e3o incisal<\/td><td>Tem de imitar um vizinho espec\u00edfico<\/td><td>Pode ser concebido de forma sistem\u00e1tica<\/td><\/tr><tr><td>Textura da superf\u00edcie<\/td><td>Deve reproduzir o comportamento do esmalte existente<\/td><td>Pode ser padronizado em todas as unidades<\/td><\/tr><tr><td>Influ\u00eancia da sombra do toco<\/td><td>Pode criar uma incompatibilidade isolada<\/td><td>Pode, por vezes, ser gerido no \u00e2mbito do conjunto planeado<\/td><\/tr><tr><td>Sele\u00e7\u00e3o de cer\u00e2micas<\/td><td>Fortemente influenciado pela \u00f3ptica dos dentes adjacentes<\/td><td>Motivado tanto por quest\u00f5es de imagem como pela coer\u00eancia entre unidades<\/td><\/tr><tr><td>Efeito cimento<\/td><td>Uma unidade incorreta aparece isolada<\/td><td>O protocolo Cement pode ser padronizado em todas as unidades<\/td><\/tr><tr><td>Compara\u00e7\u00e3o visual<\/td><td>Compara\u00e7\u00e3o imediata dente a dente<\/td><td>O observador costuma avaliar o sorriso como um todo<\/td><\/tr><tr><td>Objetivo do laborat\u00f3rio<\/td><td>Fazer com que uma restaura\u00e7\u00e3o desapare\u00e7a<\/td><td>Agrupar v\u00e1rias restaura\u00e7\u00f5es<\/td><\/tr><\/tbody><\/table><\/figure>\n\n\n\n<p class=\"wp-block-paragraph\">\u00c9 por isso que <strong>folheado \u00fanico vs. folheados m\u00faltiplos<\/strong> n\u00e3o deve ser abordado apenas em termos de n\u00famero de unidades.<\/p>\n\n\n\n<p class=\"wp-block-paragraph\">Um caso de quatro ou seis unidades oferece ao ceramista algo que uma \u00fanica faceta n\u00e3o oferece: controlo sobre as restaura\u00e7\u00f5es adjacentes.<\/p>\n\n\n\n<p class=\"wp-block-paragraph\">Isso \u00e9 impressionante.<\/p>\n\n\n\n<p class=\"wp-block-paragraph\">Suponhamos que estejam a ser fabricadas seis facetas anteriores em simult\u00e2neo. O laborat\u00f3rio pode coordenar a tonalidade, a translucidez, os \u00e2ngulos das linhas, a anatomia dos l\u00f3bulos, os efeitos incisais, o esmalte, a textura e as zonas refletoras em todas as seis facetas.<\/p>\n\n\n\n<p class=\"wp-block-paragraph\">Agora compare isso com o dente #8 a ser restaurado, enquanto o #9 permanece natural.<\/p>\n\n\n\n<p class=\"wp-block-paragraph\">O dente #9 n\u00e3o negocia.<\/p>\n\n\n\n<h2 class=\"wp-block-heading\">As vari\u00e1veis \u00f3ticas que comprometem a correspond\u00eancia de tonalidades das facetas<\/h2>\n\n\n\n<p class=\"wp-block-paragraph\">\u201cCorresponder \u00e0 tonalidade\u201d \u00e9 uma das instru\u00e7\u00f5es mais vagas que podemos enviar a um laborat\u00f3rio.<\/p>\n\n\n\n<p class=\"wp-block-paragraph\">A tonalidade \u00e9 apenas uma das caracter\u00edsticas da apar\u00eancia.<\/p>\n\n\n\n<p class=\"wp-block-paragraph\">Para casos mais complexos, a prescri\u00e7\u00e3o do laborat\u00f3rio deve indicar as zonas \u00f3ticas, a tonalidade do mon\u00f3mero, a profundidade de prepara\u00e7\u00e3o, as refer\u00eancias dos dentes adjacentes, a espessura da cer\u00e2mica, as expectativas em termos de translucidez, a forma da superf\u00edcie e a estrat\u00e9gia de cimenta\u00e7\u00e3o. O guia do Artist Dental Lab sobre <a href=\"https:\/\/artistdentallab.com\/pt\/writing-a-veneer-lab-prescription-for-natural-texture-and-light-behavior\/\">elabora\u00e7\u00e3o de uma prescri\u00e7\u00e3o de laborat\u00f3rio de facetas para obter uma textura natural e um comportamento da luz adequado<\/a> aborda precisamente essas vari\u00e1veis.<\/p>\n\n\n\n<h3 class=\"wp-block-heading\">O valor costuma ser o primeiro a trair a restaura\u00e7\u00e3o<\/h3>\n\n\n\n<p class=\"wp-block-paragraph\">Os m\u00e9dicos costumam dar grande import\u00e2ncia \u00e0 tonalidade.<\/p>\n\n\n\n<p class=\"wp-block-paragraph\">Eu daria prioridade ao valor.<\/p>\n\n\n\n<p class=\"wp-block-paragraph\">Uma faceta pode ser tecnicamente semelhante em termos de tonalidade e, mesmo assim, parecer inadequada por ser ligeiramente demasiado clara, ligeiramente demasiado opaca ou por refletir um brilho facial demasiado intenso.<\/p>\n\n\n\n<p class=\"wp-block-paragraph\">Os incisivos centrais tornam isto especialmente evidente.<\/p>\n\n\n\n<p class=\"wp-block-paragraph\">At\u00e9 mesmo a morfologia altera o valor percebido. Uma zona refletora facial ampla pode fazer com que uma restaura\u00e7\u00e3o pare\u00e7a mais brilhante e mais larga, enquanto a altera\u00e7\u00e3o dos \u00e2ngulos das linhas pode estreitar essa zona sem alterar a tonalidade real da cer\u00e2mica.<\/p>\n\n\n\n<p class=\"wp-block-paragraph\">\u00c9 por isso que a an\u00e1lise da Artist Dental Lab sobre <a href=\"https:\/\/artistdentallab.com\/pt\/surface-texture-in-veneers-matching-age-expression-and-personality\/\">textura da superf\u00edcie nos folheados<\/a> \u00e9 relevante para a correspond\u00eancia de tonalidades e n\u00e3o apenas para a anatomia: a geometria da superf\u00edcie altera a reflex\u00e3o da luz e, por conseguinte, altera a forma como o observador interpreta o brilho, a largura, a profundidade e a idade.<\/p>\n\n\n\n<h3 class=\"wp-block-heading\">A translucidez pode ajudar \u2014 ou arruinar o jogo<\/h3>\n\n\n\n<p class=\"wp-block-paragraph\">A cer\u00e2mica com aspeto natural requer transmiss\u00e3o de luz.<\/p>\n\n\n\n<p class=\"wp-block-paragraph\">Mas \u201cmais transl\u00facido\u201d n\u00e3o significa automaticamente \u201cmais natural\u201d.\u201d<\/p>\n\n\n\n<p class=\"wp-block-paragraph\">A cer\u00e2mica fina permite que a prepara\u00e7\u00e3o subjacente contribua significativamente para a cor final. Isso pode ser \u00fatil quando o substrato \u00e9 adequado.<\/p>\n\n\n\n<p class=\"wp-block-paragraph\">Se aplicarmos a mesma faceta transl\u00facida sobre uma prepara\u00e7\u00e3o escurecida, um comp\u00f3sito antigo, um dente submetido a tratamento endod\u00f4ntico ou dentina fortemente exposta, a equa\u00e7\u00e3o \u00f3tica altera-se.<\/p>\n\n\n\n<p class=\"wp-block-paragraph\">Agora, o t\u00e9cnico tem de decidir quanta cor de fundo deve deixar transparecer e quanta deve ocultar.<\/p>\n\n\n\n<p class=\"wp-block-paragraph\">Demasiada opacidade?<\/p>\n\n\n\n<p class=\"wp-block-paragraph\">O folheado fica liso.<\/p>\n\n\n\n<p class=\"wp-block-paragraph\">\u00c9 muito pouco?<\/p>\n\n\n\n<p class=\"wp-block-paragraph\">O toco ganha.<\/p>\n\n\n\n<p class=\"wp-block-paragraph\">\u00c9 por isso que a escolha do material deve basear-se no problema \u00f3tico e n\u00e3o numa marca de cer\u00e2mica preferida. A compara\u00e7\u00e3o realizada pela Artist Dental Lab entre <a href=\"https:\/\/artistdentallab.com\/pt\/e-max-zirconia-or-feldspathic-for-anterior-veneers-a-case-based-selection-guide\/\">Facetas anteriores em E.max, zirc\u00f3nia e feldspato<\/a> da mesma forma, separa os materiais de acordo com a translucidez, os requisitos de mascaramento, as condi\u00e7\u00f5es de colagem e o potencial de caracteriza\u00e7\u00e3o.<\/p>\n\n\n\n<h3 class=\"wp-block-heading\">A espessura da cer\u00e2mica faz parte da f\u00f3rmula da cor<\/h3>\n\n\n\n<p class=\"wp-block-paragraph\">A espessura n\u00e3o \u00e9 apenas uma medida de resist\u00eancia.<\/p>\n\n\n\n<p class=\"wp-block-paragraph\">Altera o comportamento \u00f3tico.<\/p>\n\n\n\n<p class=\"wp-block-paragraph\">Estudos que avaliam a espessura da cer\u00e2mica e a tonalidade do cimento t\u00eam demonstrado repetidamente que o aspeto final dos sistemas de facetas de cer\u00e2mica pode ser influenciado pela espessura da cer\u00e2mica, em conjunto com o material de cimenta\u00e7\u00e3o subjacente. Um estudo concluiu especificamente que tanto a espessura da cer\u00e2mica como a tonalidade do cimento influenciavam a cor final.<\/p>\n\n\n\n<p class=\"wp-block-paragraph\">Pensa no que isso significa para um <strong>faceta para um \u00fanico dente<\/strong>.<\/p>\n\n\n\n<p class=\"wp-block-paragraph\">O laborat\u00f3rio pode fabricar a porcelana facial de forma impec\u00e1vel e, mesmo assim, falhar do ponto de vista cl\u00ednico se o substrato real, a espessura da cer\u00e2mica e o cimento previsto n\u00e3o forem tidos em conta durante o desenvolvimento da tonalidade.<\/p>\n\n\n\n<p class=\"wp-block-paragraph\">Isso n\u00e3o \u00e9 uma falha da cer\u00e2mica.<\/p>\n\n\n\n<p class=\"wp-block-paragraph\">Trata-se de uma falha de informa\u00e7\u00e3o.<\/p>\n\n\n\n<h3 class=\"wp-block-heading\">O cimento de resina n\u00e3o \u00e9 opticamente invis\u00edvel<\/h3>\n\n\n\n<p class=\"wp-block-paragraph\">A pasta de ensaio e o cimento de resina n\u00e3o devem ser tratados como pormenores administrativos no final do caso.<\/p>\n\n\n\n<p class=\"wp-block-paragraph\">Fazem parte da pilha \u00f3tica.<\/p>\n\n\n\n<p class=\"wp-block-paragraph\">Um estudo experimental que analisou as facetas de cer\u00e2mica concluiu que a tonalidade do cimento de resina pode influenciar a cor e a translucidez. Outras investiga\u00e7\u00f5es chegaram a conclus\u00f5es semelhantes, especialmente no caso de cer\u00e2micas finas e transl\u00facidas.<\/p>\n\n\n\n<p class=\"wp-block-paragraph\">Quanto mais fina for a camada de revestimento e quanto mais transl\u00facida for a cer\u00e2mica, menos sensato se torna fingir que apenas a tonalidade da cer\u00e2mica \u00e9 que importa.<\/p>\n\n\n\n<p class=\"wp-block-paragraph\">Na verdade, temos quatro elementos que interagem entre si:<\/p>\n\n\n\n<p class=\"wp-block-paragraph\"><strong>substrato dent\u00e1rio natural \u2192 cimento \u2192 corpo cer\u00e2mico \u2192 superf\u00edcie externa<\/strong><\/p>\n\n\n\n<p class=\"wp-block-paragraph\">Basta alterar um destes elementos para que o resultado visual final possa mudar.<\/p>\n\n\n\n<h2 class=\"wp-block-heading\">Por que raz\u00e3o as facetas m\u00faltiplas podem ser mais f\u00e1ceis de harmonizar \u2014 mas mais dif\u00edceis de executar<\/h2>\n\n\n\n<p class=\"wp-block-paragraph\">\u00c9 necess\u00e1rio fazer uma ressalva a este respeito.<\/p>\n\n\n\n<p class=\"wp-block-paragraph\">N\u00e3o estou a dizer que oito facetas sejam um caso dent\u00e1rio mais f\u00e1cil do que uma \u00fanica faceta.<\/p>\n\n\n\n<p class=\"wp-block-paragraph\">Normalmente, n\u00e3o s\u00e3o.<\/p>\n\n\n\n<p class=\"wp-block-paragraph\">O que estou a dizer \u00e9 mais espec\u00edfico:<\/p>\n\n\n\n<p class=\"wp-block-paragraph\"><strong>Os casos com v\u00e1rias unidades podem proporcionar ao laborat\u00f3rio um maior controlo sobre a harmonia \u00f3tica.<\/strong><\/p>\n\n\n\n<p class=\"wp-block-paragraph\">Se os dentes #6 a #11 forem restaurados em conjunto, o t\u00e9cnico pode criar um sistema coordenado.<\/p>\n\n\n\n<p class=\"wp-block-paragraph\">Os incisivos centrais podem partilhar um valor comum.<\/p>\n\n\n\n<p class=\"wp-block-paragraph\">Os movimentos laterais podem conter varia\u00e7\u00f5es intencionais.<\/p>\n\n\n\n<p class=\"wp-block-paragraph\">Os caninos podem aumentar a croma cervical.<\/p>\n\n\n\n<p class=\"wp-block-paragraph\">A translucidez incisal pode apresentar uma transi\u00e7\u00e3o natural ao longo da arcada dent\u00e1ria.<\/p>\n\n\n\n<p class=\"wp-block-paragraph\">A textura da superf\u00edcie pode ser reproduzida sem ser clonada.<\/p>\n\n\n\n<p class=\"wp-block-paragraph\">O laborat\u00f3rio est\u00e1 a conceber rela\u00e7\u00f5es, em vez de copiar um modelo natural fixo.<\/p>\n\n\n\n<p class=\"wp-block-paragraph\">Isso muda tudo.<\/p>\n\n\n\n<p class=\"wp-block-paragraph\">Existe outra vantagem em termos de produ\u00e7\u00e3o: \u00e9 poss\u00edvel processar v\u00e1rias restaura\u00e7\u00f5es atrav\u00e9s de uma estrat\u00e9gia coordenada que abrange a escolha dos materiais, a cozedura, a colora\u00e7\u00e3o, o esmalte, o polimento e a inspe\u00e7\u00e3o.<\/p>\n\n\n\n<p class=\"wp-block-paragraph\">Por esse motivo, as cer\u00e2micas de contorno total e em camadas podem apresentar resist\u00eancias diferentes, dependendo de o objetivo ser a repetibilidade entre unidades ou a m\u00e1xima personaliza\u00e7\u00e3o individual. A Artist Dental Lab aborda este compromisso em <a href=\"https:\/\/artistdentallab.com\/pt\/full-e-max-veneers-vs-layered-e-max-veneers-what-is-the-real-difference\/\">Facetas Totais de E.max vs Facetas de E.max em Camadas<\/a>.<\/p>\n\n\n\n<p class=\"wp-block-paragraph\">No entanto, um maior n\u00famero de unidades acarreta outro risco.<\/p>\n\n\n\n<p class=\"wp-block-paragraph\">Os pequenos erros repetem-se.<\/p>\n\n\n\n<p class=\"wp-block-paragraph\">Um valor ligeiramente excessivo, reproduzido em oito folheados, resulta num sorriso que parece demasiado brilhante. Os \u00e2ngulos das linhas excessivamente arredondados, repetidos em seis unidades, criam uma apar\u00eancia uniforme e artificial.<\/p>\n\n\n\n<p class=\"wp-block-paragraph\">A coer\u00eancia s\u00f3 tem valor quando a decis\u00e3o inicial estava correta.<\/p>\n\n\n\n<figure class=\"wp-block-image size-full\"><img decoding=\"async\" width=\"800\" height=\"450\" src=\"https:\/\/artistdentallab.com\/wp-content\/uploads\/2026\/08\/Single-Veneer-vs-Multi-Unit-Veneers-Why-Matching-Difficulty-Changes-2.jpg\" alt=\"Faceta \u00fanica vs. facetas m\u00faltiplas: por que \u00e9 que a dificuldade de correspond\u00eancia varia\" class=\"wp-image-1655\" title=\"\" srcset=\"https:\/\/artistdentallab.com\/wp-content\/uploads\/2026\/08\/Single-Veneer-vs-Multi-Unit-Veneers-Why-Matching-Difficulty-Changes-2.jpg 800w, https:\/\/artistdentallab.com\/wp-content\/uploads\/2026\/08\/Single-Veneer-vs-Multi-Unit-Veneers-Why-Matching-Difficulty-Changes-2-300x169.jpg 300w, https:\/\/artistdentallab.com\/wp-content\/uploads\/2026\/08\/Single-Veneer-vs-Multi-Unit-Veneers-Why-Matching-Difficulty-Changes-2-768x432.jpg 768w, https:\/\/artistdentallab.com\/wp-content\/uploads\/2026\/08\/Single-Veneer-vs-Multi-Unit-Veneers-Why-Matching-Difficulty-Changes-2-18x10.jpg 18w, https:\/\/artistdentallab.com\/wp-content\/uploads\/2026\/08\/Single-Veneer-vs-Multi-Unit-Veneers-Why-Matching-Difficulty-Changes-2-500x281.jpg 500w, https:\/\/artistdentallab.com\/wp-content\/uploads\/2026\/08\/Single-Veneer-vs-Multi-Unit-Veneers-Why-Matching-Difficulty-Changes-2-600x338.jpg 600w\" sizes=\"(max-width: 800px) 100vw, 800px\" \/><\/figure>\n\n\n\n<h2 class=\"wp-block-heading\">O caso mais dif\u00edcil poder\u00e1 ser uma faceta dentro de uma faceta j\u00e1 existente<\/h2>\n\n\n\n<p class=\"wp-block-paragraph\">Existe uma varia\u00e7\u00e3o ainda mais dif\u00edcil.<\/p>\n\n\n\n<p class=\"wp-block-paragraph\">Uma faceta fratura-se v\u00e1rios anos ap\u00f3s a conclus\u00e3o de um trabalho com v\u00e1rias unidades.<\/p>\n\n\n\n<p class=\"wp-block-paragraph\">Neste momento, o t\u00e9cnico n\u00e3o est\u00e1 a conseguir igualar o esmalte natural recente.<\/p>\n\n\n\n<p class=\"wp-block-paragraph\">Est\u00e3o a combinar a cer\u00e2mica existente que j\u00e1 foi cozida, colada, exposta \u00e0s condi\u00e7\u00f5es da cavidade oral, sujeita a manuten\u00e7\u00e3o, polida e visualmente integrada no sorriso do doente.<\/p>\n\n\n\n<p class=\"wp-block-paragraph\">A nova restaura\u00e7\u00e3o tem de ser introduzida num sistema antigo.<\/p>\n\n\n\n<p class=\"wp-block-paragraph\">Isso significa que a refer\u00eancia relevante n\u00e3o \u00e9 simplesmente a receita original do laborat\u00f3rio.<\/p>\n\n\n\n<p class=\"wp-block-paragraph\">O alvo \u00e9 aquilo que existe <strong>hoje<\/strong>.<\/p>\n\n\n\n<p class=\"wp-block-paragraph\">Guia detalhado da Artist Dental Lab sobre <a href=\"https:\/\/artistdentallab.com\/pt\/replacing-one-veneer-in-a-multi-unit-case-shade-and-texture-matching-strategies\/\">substitui\u00e7\u00e3o de uma faceta num caso com v\u00e1rias unidades<\/a> aborda esta quest\u00e3o diretamente: o valor, a cromaticidade, a translucidez, a fluoresc\u00eancia, a textura, o brilho, o substrato, a espessura da cer\u00e2mica e as condi\u00e7\u00f5es do cimento passam todos a fazer parte do problema da substitui\u00e7\u00e3o.<\/p>\n\n\n\n<p class=\"wp-block-paragraph\">\u00c9 aqui que considero que a obsess\u00e3o do setor com os c\u00f3digos de tonalidade se torna especialmente contraproducente.<\/p>\n\n\n\n<p class=\"wp-block-paragraph\">\u201cO caso original era o BL2\u201d n\u00e3o \u00e9 informa\u00e7\u00e3o suficiente.<\/p>\n\n\n\n<p class=\"wp-block-paragraph\">A antiga STL tamb\u00e9m n\u00e3o.<\/p>\n\n\n\n<p class=\"wp-block-paragraph\">O laborat\u00f3rio precisa do alvo visual atual.<\/p>\n\n\n\n<h2 class=\"wp-block-heading\">Um fluxo de trabalho mais fundamentado para a correspond\u00eancia de uma \u00fanica faceta<\/h2>\n\n\n\n<p class=\"wp-block-paragraph\">Se o objetivo for <strong>Como combinar uma \u00fanica faceta com os dentes naturais<\/strong>, eu evitaria as suposi\u00e7\u00f5es antes de pedir ao t\u00e9cnico para fazer a sua \u00abmagia\u00bb com a cer\u00e2mica.<\/p>\n\n\n\n<ol class=\"wp-block-list\">\n<li><strong>Registe o dente adjacente antes da desidrata\u00e7\u00e3o.<\/strong> Tire fotografias calibradas da cor o mais cedo poss\u00edvel, pois o isolamento prolongado e a desidrata\u00e7\u00e3o podem alterar o aspeto do esmalte natural.<\/li>\n\n\n\n<li><strong>Fotografar v\u00e1rias zonas \u00f3ticas.<\/strong> Identifique as regi\u00f5es cervical, m\u00e9dia e incisal, em vez de descrever o dente na sua totalidade com uma \u00fanica designa\u00e7\u00e3o de tonalidade.<\/li>\n\n\n\n<li><strong>Inclua uma aba de tonalidades reconhecidas na mesma imagem.<\/strong> A aba, o dente e a c\u00e2mara devem ser expostos nas mesmas condi\u00e7\u00f5es.<\/li>\n\n\n\n<li><strong>Registe a sombra do toco ap\u00f3s a prepara\u00e7\u00e3o.<\/strong> Isto torna-se cada vez mais importante quando a espessura da cer\u00e2mica \u00e9 reduzida ou quando o substrato est\u00e1 descolorido.<\/li>\n\n\n\n<li><strong>Envie imagens frontais, laterais, com os l\u00e1bios retra\u00eddos, a sorrir e das incisivas.<\/strong> A forma e a reflex\u00e3o da luz n\u00e3o podem ser reconstru\u00eddas de forma fi\u00e1vel a partir de uma \u00fanica fotografia frontal.<\/li>\n\n\n\n<li><strong>Descreva a textura e o brilho da superf\u00edcie.<\/strong> Um incisivo central com a cor correta, mas com esmalte em excesso, pode ainda assim chamar a aten\u00e7\u00e3o de imediato.<\/li>\n\n\n\n<li><strong>Informe o laborat\u00f3rio sobre a estrat\u00e9gia prevista para o cimento.<\/strong> Especialmente no caso de cer\u00e2micas finas e transl\u00facidas, o material de cimenta\u00e7\u00e3o deve ser tido em conta na escolha da cor.<\/li>\n\n\n\n<li><strong>Utilize a avalia\u00e7\u00e3o por experimenta\u00e7\u00e3o como etapa de diagn\u00f3stico.<\/strong> Analise primeiro o valor, depois a cromaticidade, a translucidez, os efeitos incisais, a textura e a integra\u00e7\u00e3o global antes da colagem definitiva.<\/li>\n<\/ol>\n\n\n\n<p class=\"wp-block-paragraph\">A tecnologia pode ajudar, mas eu n\u00e3o deixaria toda a decis\u00e3o a cargo de um \u00fanico dispositivo.<\/p>\n\n\n\n<p class=\"wp-block-paragraph\">Um estudo de 2024 que comparou os m\u00e9todos de determina\u00e7\u00e3o da tonalidade instrumental e visual apresentou valores de precis\u00e3o de <strong>97.50% para o OptiShade, 89.38% para o VITA Easyshade e 62.19% para a correspond\u00eancia visual<\/strong> nas condi\u00e7\u00f5es desse estudo.<\/p>\n\n\n\n<p class=\"wp-block-paragraph\">No entanto, outros estudos apresentaram classifica\u00e7\u00f5es diferentes entre as t\u00e9cnicas visuais e as t\u00e9cnicas instrumentais, e \u00e9 precisamente por isso que nenhum fluxo de trabalho anterior s\u00e9rio deve basear-se numa \u00fanica leitura de um \u00fanico instrumento.<\/p>\n\n\n\n<p class=\"wp-block-paragraph\">Utilize o dispositivo.<\/p>\n\n\n\n<p class=\"wp-block-paragraph\">Recorra \u00e0 fotografia.<\/p>\n\n\n\n<p class=\"wp-block-paragraph\">Utilize o separador \u00abSombra\u00bb.<\/p>\n\n\n\n<p class=\"wp-block-paragraph\">Utilize a sombra do toco.<\/p>\n\n\n\n<p class=\"wp-block-paragraph\">E recorra ao bom senso.<\/p>\n\n\n\n<h2 class=\"wp-block-heading\">A escolha do material deve ter em conta o problema da compatibilidade<\/h2>\n\n\n\n<p class=\"wp-block-paragraph\">N\u00e3o existe um material que seja universalmente o melhor para todas as <strong>folheado simples<\/strong>.<\/p>\n\n\n\n<p class=\"wp-block-paragraph\">Essa resposta pode desapontar quem procura uma recomenda\u00e7\u00e3o de compra resumida numa \u00fanica frase, mas \u00e9 a resposta mais \u00fatil.<\/p>\n\n\n\n<h3 class=\"wp-block-heading\">Porcelana Feldsp\u00e1tica<\/h3>\n\n\n\n<p class=\"wp-block-paragraph\">A porcelana feldsp\u00e1tica permite uma grande liberdade na caracteriza\u00e7\u00e3o por camadas aplicadas manualmente, proporcionando uma translucidez delicada, efeitos incisais e textura superficial.<\/p>\n\n\n\n<p class=\"wp-block-paragraph\">Isso torna-o uma op\u00e7\u00e3o atraente quando o dente natural adjacente apresenta caracter\u00edsticas \u00f3ticas complexas que precisam de ser reproduzidas individualmente.<\/p>\n\n\n\n<p class=\"wp-block-paragraph\">A Artist Dental Lab posiciona-se como <a href=\"https:\/\/artistdentallab.com\/pt\/feldspathic-veneer\/\">folheado feldsp\u00e1tico<\/a> nomeadamente no que diz respeito \u00e0 aplica\u00e7\u00e3o manual em camadas, \u00e0 translucidez semelhante \u00e0 do esmalte, \u00e0 mistura complexa de tonalidades e \u00e0 caracteriza\u00e7\u00e3o detalhada da regi\u00e3o anterior.<\/p>\n\n\n\n<p class=\"wp-block-paragraph\">Mas a liberdade gera sensibilidade.<\/p>\n\n\n\n<p class=\"wp-block-paragraph\">Um t\u00e9cnico que utilize mais vari\u00e1veis n\u00e3o obt\u00e9m automaticamente um resultado melhor.<\/p>\n\n\n\n<h3 class=\"wp-block-heading\">Disilicato de l\u00edtio<\/h3>\n\n\n\n<p class=\"wp-block-paragraph\">Um <a href=\"https:\/\/artistdentallab.com\/pt\/e-max-veneer\/\">Folheado E.max<\/a> pode proporcionar um equil\u00edbrio \u00fatil entre resist\u00eancia, ajuste, translucidez e fabrico repet\u00edvel, tanto em situa\u00e7\u00f5es de unidades \u00fanicas como de unidades m\u00faltiplas.<\/p>\n\n\n\n<p class=\"wp-block-paragraph\">A quest\u00e3o n\u00e3o \u00e9 saber se o dissilicato de l\u00edtio \u00e9 \u201csuficientemente est\u00e9tico\u201d.\u201d<\/p>\n\n\n\n<p class=\"wp-block-paragraph\">A quest\u00e3o \u00e9 saber se a translucidez, a espessura, o m\u00e9todo de caracteriza\u00e7\u00e3o, a tonalidade do coto e o sistema de cimento selecionados permitem reproduzir o dente em quest\u00e3o.<\/p>\n\n\n\n<p class=\"wp-block-paragraph\">Essas s\u00e3o quest\u00f5es diferentes.<\/p>\n\n\n\n<h3 class=\"wp-block-heading\">O material n\u00e3o pode recuperar a informa\u00e7\u00e3o em falta<\/h3>\n\n\n\n<p class=\"wp-block-paragraph\">Esta \u00e9 a parte que eu incluiria em todos os cursos de forma\u00e7\u00e3o sobre folheados.<\/p>\n\n\n\n<p class=\"wp-block-paragraph\">N\u00e3o pe\u00e7as \u00e0 cer\u00e2mica para reparar a comunica\u00e7\u00e3o.<\/p>\n\n\n\n<p class=\"wp-block-paragraph\">Pede-se a um t\u00e9cnico de n\u00edvel mundial, que recebe uma fotografia tirada com um smartphone, \u201cA1\u201d, e sem sombra do tronco, que adivinhe.<\/p>\n\n\n\n<p class=\"wp-block-paragraph\">\u00c0s vezes, o palpite acerta.<\/p>\n\n\n\n<p class=\"wp-block-paragraph\">Isso n\u00e3o significa que o fluxo de trabalho seja bom.<\/p>\n\n\n\n<p class=\"wp-block-paragraph\">Se quiser avaliar se um laborat\u00f3rio compreende realmente este n\u00edvel de controlo, n\u00e3o se limite a avaliar apenas as transforma\u00e7\u00f5es de sorrisos completos mais brancos. Analise os casos de restaura\u00e7\u00f5es unit\u00e1rias e mistas. O guia do Artist Dental Lab sobre <a href=\"https:\/\/artistdentallab.com\/pt\/what-veneer-case-photos-reveal-about-a-labs-true-esthetic-skill\/\">O que as fotografias de casos de facetas revelam sobre a compet\u00eancia est\u00e9tica de um laborat\u00f3rio<\/a> explica por que raz\u00e3o as imagens em grande plano, a textura, o controlo dos tons, o comportamento incisal e a integra\u00e7\u00e3o revelam muito mais do que uma imagem \u00abantes e depois\u00bb tirada \u00e0 dist\u00e2ncia.<\/p>\n\n\n\n<h2 class=\"wp-block-heading\">O que os dentistas devem deixar de pedir ao laborat\u00f3rio<\/h2>\n\n\n\n<p class=\"wp-block-paragraph\">\u201cConsegues igualar o A1?\u201d<\/p>\n\n\n\n<p class=\"wp-block-paragraph\">Essa pergunta \u00e9 demasiado simples para o problema.<\/p>\n\n\n\n<p class=\"wp-block-paragraph\">Uma pergunta mais pertinente \u00e9:<\/p>\n\n\n\n<p class=\"wp-block-paragraph\">\u00c9 poss\u00edvel reproduzir a cor do dente adjacente? <strong>distribui\u00e7\u00e3o de valores, croma cervical, translucidez do corpo, efeitos incisais, fluoresc\u00eancia, reflex\u00e3o facial, \u00e2ngulos das linhas, textura da superf\u00edcie e brilho, compensando simultaneamente esta tonalidade espec\u00edfica do mon\u00e7\u00e3o e a espessura da cer\u00e2mica?<\/strong><\/p>\n\n\n\n<p class=\"wp-block-paragraph\">Estamos agora a descrever uma restaura\u00e7\u00e3o.<\/p>\n\n\n\n<p class=\"wp-block-paragraph\">E sim, isso parece exigente.<\/p>\n\n\n\n<p class=\"wp-block-paragraph\">A <strong>folheado simples<\/strong> deveria ser exigente.<\/p>\n\n\n\n<p class=\"wp-block-paragraph\">O crit\u00e9rio de sucesso n\u00e3o \u00e9 o facto de a restaura\u00e7\u00e3o ter um aspeto bonito quando observada isoladamente num modelo.<\/p>\n\n\n\n<p class=\"wp-block-paragraph\">O que acontece \u00e9 que ningu\u00e9m repara qual foi o dente que foi restaurado.<\/p>\n\n\n\n<h2 class=\"wp-block-heading\">FAQs<\/h2>\n\n\n\n<h3 class=\"wp-block-heading\">O que \u00e9 uma faceta \u00fanica?<\/h3>\n\n\n\n<p class=\"wp-block-paragraph\">A <strong>Uma faceta \u00fanica \u00e9 uma restaura\u00e7\u00e3o fina em cer\u00e2mica ou comp\u00f3sito colocada num \u00fanico dente para alterar a sua cor, contorno, posi\u00e7\u00e3o, superf\u00edcie ou propor\u00e7\u00f5es, exigindo que a restaura\u00e7\u00e3o se integre visualmente com os dentes adjacentes n\u00e3o tratados, em vez de depender das restaura\u00e7\u00f5es vizinhas para criar um novo sistema est\u00e9tico comum.<\/strong><\/p>\n\n\n\n<p class=\"wp-block-paragraph\">\u00c9 por isso que uma faceta num \u00fanico dente pode ser mais exigente do ponto de vista \u00f3tico do que o n\u00famero de unidades sugere.<\/p>\n\n\n\n<h3 class=\"wp-block-heading\">Por que raz\u00e3o \u00e9 t\u00e3o dif\u00edcil conseguir uma cor que combine com uma faceta num \u00fanico incisivo central?<\/h3>\n\n\n\n<p class=\"wp-block-paragraph\">A <strong>\u00c9 dif\u00edcil conseguir uma correspond\u00eancia perfeita com uma faceta num \u00fanico incisivo central, uma vez que o incisivo central natural contralateral constitui uma refer\u00eancia imediata em termos de valor, croma, matiz, translucidez, anatomia incisal, fluoresc\u00eancia, largura, \u00e2ngulos das linhas, textura e brilho, deixando muito pouca margem de toler\u00e2ncia visual para diferen\u00e7as entre a cer\u00e2mica e o esmalte natural.<\/strong><\/p>\n\n\n\n<p class=\"wp-block-paragraph\">Mesmo pequenas altera\u00e7\u00f5es na simetria facial podem fazer com que dois incisivos centrais, que de resto seriam semelhantes, pare\u00e7am diferentes.<\/p>\n\n\n\n<h3 class=\"wp-block-heading\">\u00c9 mais dif\u00edcil combinar uma folha de madeira do que combinar v\u00e1rias folhas de madeira?<\/h3>\n\n\n\n<p class=\"wp-block-paragraph\"><strong>A combina\u00e7\u00e3o de uma \u00fanica faceta pode ser mais dif\u00edcil do que a combina\u00e7\u00e3o de v\u00e1rias facetas, especificamente do ponto de vista \u00f3tico, uma vez que uma restaura\u00e7\u00e3o tem de imitar as estruturas naturais fixas adjacentes, enquanto que v\u00e1rias facetas fabricadas em conjunto permitem ao laborat\u00f3rio coordenar a tonalidade, a translucidez, a textura, os contornos, os \u00e2ngulos das linhas e o acabamento superficial em todo o grupo restaurado.<\/strong><\/p>\n\n\n\n<p class=\"wp-block-paragraph\">Os casos com v\u00e1rias unidades podem, ainda assim, ser mais exigentes do ponto de vista cl\u00ednico, uma vez que envolvem mais prepara\u00e7\u00f5es, contactos, margens, rela\u00e7\u00f5es funcionais e etapas de cimenta\u00e7\u00e3o.<\/p>\n\n\n\n<h3 class=\"wp-block-heading\">Como \u00e9 que se faz a correspond\u00eancia entre uma \u00fanica faceta e os dentes naturais?<\/h3>\n\n\n\n<p class=\"wp-block-paragraph\"><strong>Para harmonizar uma \u00fanica faceta com os dentes naturais, \u00e9 necess\u00e1rio registar o valor, a cromaticidade, a translucidez, as caracter\u00edsticas cervicais e incisais, a textura da superf\u00edcie, a tonalidade do monconco, a espessura da cer\u00e2mica e o cimento previsto do dente adjacente, recorrendo a t\u00e9cnicas de fotografia padronizadas, refer\u00eancias de tonalidade, ensaio cl\u00ednico e comunica\u00e7\u00e3o detalhada com o laborat\u00f3rio, em vez de se basear apenas numa designa\u00e7\u00e3o da tabela de tonalidades.<\/strong><\/p>\n\n\n\n<p class=\"wp-block-paragraph\">Quanto mais vari\u00e1veis forem documentadas antes da fabrica\u00e7\u00e3o, menos vari\u00e1veis o t\u00e9cnico de cer\u00e2mica ter\u00e1 de estimar.<\/p>\n\n\n\n<h3 class=\"wp-block-heading\">O cimento de resina afeta a correspond\u00eancia de cores das facetas de porcelana?<\/h3>\n\n\n\n<p class=\"wp-block-paragraph\"><strong>O cimento de resina pode afetar a correspond\u00eancia de cor das facetas de porcelana, uma vez que a luz atravessa muitas restaura\u00e7\u00f5es cer\u00e2micas finas e interage com a camada de cimenta\u00e7\u00e3o e com o dente subjacente, o que significa que a tonalidade e a opacidade do cimento podem alterar o valor final, a cromaticidade, a translucidez ou o comportamento de mascaramento da restaura\u00e7\u00e3o, especialmente quando a cer\u00e2mica \u00e9 fina ou altamente transl\u00facida.<\/strong><\/p>\n\n\n\n<p class=\"wp-block-paragraph\">\u00c9 por isso que a estrat\u00e9gia de cimenta\u00e7\u00e3o deve ser considerada antes da fabrica\u00e7\u00e3o final e n\u00e3o apenas durante a colagem.<\/p>\n\n\n\n<h3 class=\"wp-block-heading\">Qual \u00e9 o melhor material para uma faceta num \u00fanico dente?<\/h3>\n\n\n\n<p class=\"wp-block-paragraph\"><strong>O melhor material para uma faceta num \u00fanico dente \u00e9 o sistema cer\u00e2mico capaz de reproduzir o comportamento \u00f3tico do dente adjacente, tendo em conta o substrato existente, a espessura dispon\u00edvel, o desenho da prepara\u00e7\u00e3o, a carga funcional, as condi\u00e7\u00f5es de colagem, os requisitos de translucidez, a textura da superf\u00edcie e o grau de personaliza\u00e7\u00e3o necess\u00e1rio para essa situa\u00e7\u00e3o cl\u00ednica espec\u00edfica.<\/strong><\/p>\n\n\n\n<p class=\"wp-block-paragraph\">Feldspathic porcelain and lithium disilicate can both be appropriate; case conditions should decide which optical compromises are acceptable.<\/p>\n\n\n\n<h3 class=\"wp-block-heading\">Por que \u00e9 que uma faceta pode ter a tonalidade correta, mas mesmo assim parecer errada?<\/h3>\n\n\n\n<p class=\"wp-block-paragraph\"><strong>Uma faceta pode ter a tonalidade nominal correta, mas mesmo assim parecer errada, porque os observadores percebem muito mais do que apenas a tonalidade, incluindo o valor, a distribui\u00e7\u00e3o da cromaticidade, a translucidez, a fluoresc\u00eancia, os efeitos opalescentes na incisal, a textura da superf\u00edcie, o brilho, os \u00e2ngulos das linhas, a largura de reflex\u00e3o, a espessura da cer\u00e2mica, a cor do substrato e a intera\u00e7\u00e3o com o cimento sob diferentes condi\u00e7\u00f5es de ilumina\u00e7\u00e3o.<\/strong><\/p>\n\n\n\n<p class=\"wp-block-paragraph\">\u00c9 por isso que a correspond\u00eancia bem-sucedida das facetas dent\u00e1rias deve ser entendida mais como uma integra\u00e7\u00e3o \u00f3tica do que como uma simples reprodu\u00e7\u00e3o da tonalidade.<\/p>\n\n\n\n<h2 class=\"wp-block-heading\">O seu pr\u00f3ximo passo: envie as vari\u00e1veis ao laborat\u00f3rio, n\u00e3o apenas uma tonalidade<\/h2>\n\n\n\n<p class=\"wp-block-paragraph\">Se estiver a planear uma atividade dif\u00edcil <strong>folheado simples<\/strong>, especialmente no caso de um incisivo central maxilar, n\u00e3o envie ao laborat\u00f3rio a indica\u00e7\u00e3o \u201cA1\u201d na esperan\u00e7a de que a habilidade do t\u00e9cnico preencha as informa\u00e7\u00f5es em falta.<\/p>\n\n\n\n<p class=\"wp-block-paragraph\">Envie o processo.<\/p>\n\n\n\n<p class=\"wp-block-paragraph\">Envie as fotografias das tonalidades calibradas.<\/p>\n\n\n\n<p class=\"wp-block-paragraph\">Envia a sombra do toco.<\/p>\n\n\n\n<p class=\"wp-block-paragraph\">Envie a digitaliza\u00e7\u00e3o da prepara\u00e7\u00e3o.<\/p>\n\n\n\n<p class=\"wp-block-paragraph\">Envie imagens do dente adjacente sob v\u00e1rios \u00e2ngulos.<\/p>\n\n\n\n<p class=\"wp-block-paragraph\">Envie as refer\u00eancias de incisal e de textura.<\/p>\n\n\n\n<p class=\"wp-block-paragraph\">Envie a estrat\u00e9gia prevista para o cimento.<\/p>\n\n\n\n<p class=\"wp-block-paragraph\">E diga ao t\u00e9cnico exatamente o que tem de desaparecer.<\/p>\n\n\n\n<p class=\"wp-block-paragraph\">Para cl\u00ednicas que pretendem avaliar um parceiro laboratorial para an\u00e1lises exigentes <strong>faceta para um \u00fanico dente, correspond\u00eancia de cor de facetas de porcelana ou casos de facetas m\u00faltiplas<\/strong>, contacte-nos <a href=\"https:\/\/artistdentallab.com\/pt\/\">Laborat\u00f3rio dent\u00e1rio de artistas<\/a> com um caso anterior representativo e avaliar o processo com base nas perguntas que o t\u00e9cnico faz antes da confe\u00e7\u00e3o \u2014 e n\u00e3o apenas pelo aspeto polido da fotografia final do caso.<\/p>\n\n\n\n<p class=\"wp-block-paragraph\"><\/p>","protected":false},"excerpt":{"rendered":"<p>Uma faceta \u00fanica parece mais simples do que um caso de facetas m\u00faltiplas. Do ponto de vista est\u00e9tico, pode ser precisamente o contr\u00e1rio. Eis porque \u00e9 que a correspond\u00eancia com um \u00fanico dente natural deixa ao dentista e ao laborat\u00f3rio muito menos margem para erro.<\/p>","protected":false},"author":1,"featured_media":1653,"comment_status":"open","ping_status":"open","sticky":false,"template":"","format":"standard","meta":{"footnotes":""},"categories":[37],"tags":[183,648,649,609,647,646,645,185],"class_list":["post-1652","post","type-post","status-publish","format-standard","has-post-thumbnail","hentry","category-client-cases-workflow","tag-cosmetic-dentistry","tag-dental-veneer-matching","tag-multiple-veneers","tag-porcelain-veneer-color-matching","tag-single-central-incisor-veneer","tag-single-tooth-veneer","tag-single-veneer","tag-veneer-shade-matching"],"blocksy_meta":{"styles_descriptor":{"styles":{"desktop":"","tablet":"","mobile":""},"google_fonts":[],"version":7}},"_links":{"self":[{"href":"https:\/\/artistdentallab.com\/pt\/wp-json\/wp\/v2\/posts\/1652","targetHints":{"allow":["GET"]}}],"collection":[{"href":"https:\/\/artistdentallab.com\/pt\/wp-json\/wp\/v2\/posts"}],"about":[{"href":"https:\/\/artistdentallab.com\/pt\/wp-json\/wp\/v2\/types\/post"}],"author":[{"embeddable":true,"href":"https:\/\/artistdentallab.com\/pt\/wp-json\/wp\/v2\/users\/1"}],"replies":[{"embeddable":true,"href":"https:\/\/artistdentallab.com\/pt\/wp-json\/wp\/v2\/comments?post=1652"}],"version-history":[{"count":1,"href":"https:\/\/artistdentallab.com\/pt\/wp-json\/wp\/v2\/posts\/1652\/revisions"}],"predecessor-version":[{"id":1656,"href":"https:\/\/artistdentallab.com\/pt\/wp-json\/wp\/v2\/posts\/1652\/revisions\/1656"}],"wp:featuredmedia":[{"embeddable":true,"href":"https:\/\/artistdentallab.com\/pt\/wp-json\/wp\/v2\/media\/1653"}],"wp:attachment":[{"href":"https:\/\/artistdentallab.com\/pt\/wp-json\/wp\/v2\/media?parent=1652"}],"wp:term":[{"taxonomy":"category","embeddable":true,"href":"https:\/\/artistdentallab.com\/pt\/wp-json\/wp\/v2\/categories?post=1652"},{"taxonomy":"post_tag","embeddable":true,"href":"https:\/\/artistdentallab.com\/pt\/wp-json\/wp\/v2\/tags?post=1652"}],"curies":[{"name":"wp","href":"https:\/\/api.w.org\/{rel}","templated":true}]}}