{"id":1657,"date":"2026-08-13T03:37:51","date_gmt":"2026-08-13T03:37:51","guid":{"rendered":"https:\/\/artistdentallab.com\/"},"modified":"2026-08-13T03:42:28","modified_gmt":"2026-08-13T03:42:28","slug":"what-to-include-in-a-veneer-purchase-specification-for-premium-esthetic-results","status":"publish","type":"post","link":"https:\/\/artistdentallab.com\/pt\/what-to-include-in-a-veneer-purchase-specification-for-premium-esthetic-results\/","title":{"rendered":"O que incluir nas especifica\u00e7\u00f5es de compra de facetas para obter resultados est\u00e9ticos de excel\u00eancia"},"content":{"rendered":"<p class=\"wp-block-paragraph\">As especifica\u00e7\u00f5es impedem as novas vers\u00f5es.<\/p>\n\n\n\n<p class=\"wp-block-paragraph\">Um grave <strong>prescri\u00e7\u00e3o do laborat\u00f3rio de facetas<\/strong> deve indicar ao t\u00e9cnico n\u00e3o apenas a tonalidade pretendida pelo dentista, mas tamb\u00e9m o que se espera que a restaura\u00e7\u00e3o proporcione em termos \u00f3ticos, dimensionais, mec\u00e2nicos e visuais, uma vez colocada uma fina camada de cer\u00e2mica sobre uma prepara\u00e7\u00e3o espec\u00edfica, um substrato, um cimento de resina e um sorriso.<\/p>\n\n\n\n<p class=\"wp-block-paragraph\">Ent\u00e3o, por que raz\u00e3o continuam a ser encomendadas capas de folheado de alta qualidade com instru\u00e7\u00f5es como \u201cA1, natural, ligeira translucidez\u201d?<\/p>\n\n\n\n<p class=\"wp-block-paragraph\">Isso n\u00e3o \u00e9 uma especifica\u00e7\u00e3o de gama alta.<\/p>\n\n\n\n<p class=\"wp-block-paragraph\">\u00c9 um pedido para que o t\u00e9cnico adivinhe.<\/p>\n\n\n\n<p class=\"wp-block-paragraph\">E a minha posi\u00e7\u00e3o sobre isto \u00e9 bastante firme: quando um comprador exige uma est\u00e9tica de excel\u00eancia, mas fornece informa\u00e7\u00f5es comuns, o laborat\u00f3rio depara-se com um problema de controlo de qualidade imposs\u00edvel de resolver. O t\u00e9cnico pode produzir porcelana de excelente qualidade, mas mesmo a porcelana de excelente qualidade n\u00e3o consegue recuperar informa\u00e7\u00f5es cl\u00ednicas que nunca foram registadas.<\/p>\n\n\n\n<p class=\"wp-block-paragraph\">Isto \u00e9 importante porque as facetas, por si s\u00f3, n\u00e3o s\u00e3o restaura\u00e7\u00f5es de car\u00e1ter tempor\u00e1rio. Uma revis\u00e3o sistem\u00e1tica e meta-an\u00e1lise de 2024, indexada pela Biblioteca Nacional de Medicina dos EUA e publicada em 2025, avaliou 29 estudos e apresentou taxas de sobreviv\u00eancia combinadas de aproximadamente 10,4 anos de <strong>96.13% para facetas de feldspato e 96.81% para facetas de dissilicato de l\u00edtio<\/strong>. Os autores n\u00e3o encontraram diferen\u00e7as materiais estatisticamente significativas na sobreviv\u00eancia, embora o dissilicato de l\u00edtio tenha apresentado taxas mais baixas de complica\u00e7\u00f5es a longo prazo, segundo os dados relatados na evid\u00eancia inclu\u00edda.<\/p>\n\n\n\n<p class=\"wp-block-paragraph\">Esses n\u00fameros d\u00e3o-nos uma informa\u00e7\u00e3o \u00fatil.<\/p>\n\n\n\n<p class=\"wp-block-paragraph\">O material \u00e9 duradouro.<\/p>\n\n\n\n<p class=\"wp-block-paragraph\">Mas \u201cainda colado ap\u00f3s dez anos\u201d n\u00e3o \u00e9 o mesmo que \u201cainda parece um incisivo central intacto\u201d.\u201d<\/p>\n\n\n\n<p class=\"wp-block-paragraph\">A est\u00e9tica de alta qualidade exige especifica\u00e7\u00f5es diferentes.<\/p>\n\n\n\n<figure class=\"wp-block-image size-large\"><img fetchpriority=\"high\" decoding=\"async\" width=\"1024\" height=\"683\" src=\"https:\/\/artistdentallab.com\/wp-content\/uploads\/2026\/08\/What-to-Include-in-a-Veneer-Purchase-Specification-for-Premium-Esthetic-Results-2-1024x683.jpg\" alt=\"O que incluir nas especifica\u00e7\u00f5es de compra de facetas para obter resultados est\u00e9ticos de excel\u00eancia\" class=\"wp-image-1659\" title=\"\" srcset=\"https:\/\/artistdentallab.com\/wp-content\/uploads\/2026\/08\/What-to-Include-in-a-Veneer-Purchase-Specification-for-Premium-Esthetic-Results-2-1024x683.jpg 1024w, https:\/\/artistdentallab.com\/wp-content\/uploads\/2026\/08\/What-to-Include-in-a-Veneer-Purchase-Specification-for-Premium-Esthetic-Results-2-300x200.jpg 300w, https:\/\/artistdentallab.com\/wp-content\/uploads\/2026\/08\/What-to-Include-in-a-Veneer-Purchase-Specification-for-Premium-Esthetic-Results-2-768x512.jpg 768w, https:\/\/artistdentallab.com\/wp-content\/uploads\/2026\/08\/What-to-Include-in-a-Veneer-Purchase-Specification-for-Premium-Esthetic-Results-2-18x12.jpg 18w, https:\/\/artistdentallab.com\/wp-content\/uploads\/2026\/08\/What-to-Include-in-a-Veneer-Purchase-Specification-for-Premium-Esthetic-Results-2-500x333.jpg 500w, https:\/\/artistdentallab.com\/wp-content\/uploads\/2026\/08\/What-to-Include-in-a-Veneer-Purchase-Specification-for-Premium-Esthetic-Results-2-600x400.jpg 600w, https:\/\/artistdentallab.com\/wp-content\/uploads\/2026\/08\/What-to-Include-in-a-Veneer-Purchase-Specification-for-Premium-Esthetic-Results-2.jpg 1536w\" sizes=\"(max-width: 1024px) 100vw, 1024px\" \/><\/figure>\n\n\n\n<h2 class=\"wp-block-heading\">Uma prescri\u00e7\u00e3o de um laborat\u00f3rio de facetas \u00e9 um briefing de fabrico, n\u00e3o um pedido de tonalidade<\/h2>\n\n\n\n<p class=\"wp-block-paragraph\">O mais forte <strong>prescri\u00e7\u00e3o de facetas de porcelana<\/strong> divide o caso em tr\u00eas sistemas:<\/p>\n\n\n\n<ol class=\"wp-block-list\">\n<li><strong>Comportamento \u00f3tico<\/strong> \u2014 valor, croma, matiz, opacidade, translucidez, fluoresc\u00eancia, opalesc\u00eancia, halo, mamel\u00f5es, satura\u00e7\u00e3o cervical.<\/li>\n\n\n\n<li><strong>Morfologia tridimensional<\/strong> \u2014 comprimento do dente, largura, convexidade facial, \u00e2ngulos das linhas, embrasuras, posi\u00e7\u00e3o incisal, localiza\u00e7\u00e3o do contacto, perfil de emerg\u00eancia.<\/li>\n\n\n\n<li><strong>Comportamento da superf\u00edcie<\/strong> \u2014 macrotextura, microtextura, brilho seletivo, n\u00edvel de polimento, amplitude e distribui\u00e7\u00e3o da reflex\u00e3o.<\/li>\n<\/ol>\n\n\n\n<p class=\"wp-block-paragraph\">O guia atual da Artist Dental Lab sobre <a href=\"https:\/\/artistdentallab.com\/pt\/writing-a-veneer-lab-prescription-for-natural-texture-and-light-behavior\/\">elabora\u00e7\u00e3o de uma prescri\u00e7\u00e3o de laborat\u00f3rio de facetas para obter uma textura natural e um comportamento da luz adequado<\/a> faz a mesma distin\u00e7\u00e3o \u00fatil: uma prescri\u00e7\u00e3o deve funcionar como um manual de fabrico, em vez de uma breve nota de tonalidade.<\/p>\n\n\n\n<p class=\"wp-block-paragraph\">Essa distin\u00e7\u00e3o parece puramente acad\u00e9mica at\u00e9 que um caso corra mal.<\/p>\n\n\n\n<p class=\"wp-block-paragraph\">Um t\u00e9cnico recebe \u201cBL2, textura natural\u201d.\u201d<\/p>\n\n\n\n<p class=\"wp-block-paragraph\">O que significa \u201cnatural\u201d?<\/p>\n\n\n\n<p class=\"wp-block-paragraph\">Linhas de transi\u00e7\u00e3o mesial e distal estreitas? Pericimatos cervicais pouco vis\u00edveis? L\u00f3bulos de desenvolvimento verticais acentuados? Um ter\u00e7o m\u00e9dio acetinado? Esmalte jovem? Esmalte maduro? Um halo incisal brilhante? Quase sem halo? Incisivos laterais suaves? Centrais dominantes?<\/p>\n\n\n\n<p class=\"wp-block-paragraph\">Ningu\u00e9m sabe.<\/p>\n\n\n\n<p class=\"wp-block-paragraph\">A frase parece espec\u00edfica porque toda a gente reconhece as palavras. Tecnicamente, \u00e9 quase vazia.<\/p>\n\n\n\n<h3 class=\"wp-block-heading\">A especifica\u00e7\u00e3o de compra deve definir o resultado antes de definir o material<\/h3>\n\n\n\n<p class=\"wp-block-paragraph\">Come\u00e7aria todas as especifica\u00e7\u00f5es est\u00e9ticas de alta qualidade com o objetivo cl\u00ednico:<\/p>\n\n\n\n<blockquote class=\"wp-block-quote is-layout-flow wp-block-quote-is-layout-flow\">\n<p class=\"wp-block-paragraph\">Restaurar os dentes #6\u2013#11 com integra\u00e7\u00e3o natural, em vez de um branqueamento uniforme. Preservar a predomin\u00e2ncia dos incisivos centrais. Manter a posi\u00e7\u00e3o aprovada da borda incisal. Evitar incisivos laterais id\u00eanticos e um brilho facial excessivo.<\/p>\n<\/blockquote>\n\n\n\n<p class=\"wp-block-paragraph\">Isso indica ao laborat\u00f3rio o que se entende por sucesso.<\/p>\n\n\n\n<p class=\"wp-block-paragraph\">S\u00f3 ent\u00e3o \u00e9 que a prescri\u00e7\u00e3o deve passar a incidir sobre a tonalidade, a cer\u00e2mica, a translucidez, a morfologia e o acabamento da superf\u00edcie.<\/p>\n\n\n\n<h2 class=\"wp-block-heading\">Os 12 itens que exigiria numa especifica\u00e7\u00e3o de compra de folheados de alta qualidade<\/h2>\n\n\n\n<p class=\"wp-block-paragraph\">Um profissional <strong>prescri\u00e7\u00e3o para laborat\u00f3rio dent\u00e1rio<\/strong> deve ser suficientemente detalhado para que um segundo t\u00e9cnico consiga compreender o caso em quest\u00e3o sem estar ao lado do m\u00e9dico.<\/p>\n\n\n\n<p class=\"wp-block-paragraph\">Eis o quadro de trabalho.<\/p>\n\n\n\n<figure class=\"wp-block-table\"><table class=\"has-fixed-layout\"><thead><tr><th>Item da especifica\u00e7\u00e3o<\/th><th>Informa\u00e7\u00f5es m\u00ednimas a fornecer<\/th><th>Por que \u00e9 importante<\/th><\/tr><\/thead><tbody><tr><td>Objetivo cl\u00ednico<\/td><td>Dentes afetados, corre\u00e7\u00e3o solicitada, prioridade est\u00e9tica<\/td><td>Estabelece os objetivos que a restaura\u00e7\u00e3o deve alcan\u00e7ar<\/td><\/tr><tr><td>Tom final<\/td><td>Sistema de tonalidades designado e alvo<\/td><td>Fornece uma refer\u00eancia reproduz\u00edvel<\/td><\/tr><tr><td>Mapa de valores<\/td><td>Brilho cervical, do corpo e incisal<\/td><td>Controla a luminosidade percebida com maior precis\u00e3o do que um \u00fanico c\u00f3digo de tonalidade<\/td><\/tr><tr><td>Sombra de cepos<\/td><td>Tom de prepara\u00e7\u00e3o individual para cada unidade<\/td><td>Determina os requisitos de m\u00e1scara e translucidez<\/td><\/tr><tr><td>Material<\/td><td>Feldsp\u00e1tico, dissilicato de l\u00edtio, zirc\u00f3nia ou alternativa aprovada<\/td><td>Controla a fabrica\u00e7\u00e3o e as possibilidades \u00f3ticas<\/td><\/tr><tr><td>Espessura<\/td><td>Espa\u00e7o dispon\u00edvel para cer\u00e2mica por regi\u00e3o<\/td><td>Influi na opacidade, na intensidade e na tonalidade final<\/td><\/tr><tr><td>Translucidez<\/td><td>Zonas cervical, m\u00e9dia e incisal<\/td><td>Controla a profundidade e a vitalidade<\/td><\/tr><tr><td>Morfologia<\/td><td>Comprimento, largura, \u00e2ngulos das linhas, pontos de contacto, canhoneiras<\/td><td>Define a forma vis\u00edvel do dente<\/td><\/tr><tr><td>Textura<\/td><td>Macrotextura e microtextura por zona<\/td><td>Controla a reflex\u00e3o e o realismo percebido<\/td><\/tr><tr><td>Brilho<\/td><td>Elevado, m\u00e9dio, seletivo ou adaptado \u00e0s refer\u00eancias<\/td><td>Altera a largura do reflexo e o valor percebido<\/td><\/tr><tr><td>Registos de refer\u00eancia<\/td><td>Fotografias, v\u00eddeos, digitaliza\u00e7\u00f5es, amostras provis\u00f3rias, cartelas de cores<\/td><td>Fornece ao t\u00e9cnico provas visuais<\/td><\/tr><tr><td>Crit\u00e9rios de aceita\u00e7\u00e3o<\/td><td>O que pode ser alterado e o que requer aprova\u00e7\u00e3o<\/td><td>Impede interpreta\u00e7\u00f5es n\u00e3o autorizadas<\/td><\/tr><\/tbody><\/table><\/figure>\n\n\n\n<p class=\"wp-block-paragraph\">Esta \u00e9 a diferen\u00e7a entre encomendar \u201cfacetas\u201d e adquirir um resultado est\u00e9tico controlado.<\/p>\n\n\n\n<h2 class=\"wp-block-heading\">Especifica\u00e7\u00f5es de tonalidades de folheado: Deixem de considerar a A1 como uma cor completa<\/h2>\n\n\n\n<p class=\"wp-block-paragraph\">As abas de sombreamento s\u00e3o \u00fateis.<\/p>\n\n\n\n<p class=\"wp-block-paragraph\">Al\u00e9m disso, confiam demasiado neles.<\/p>\n\n\n\n<p class=\"wp-block-paragraph\">Uma designa\u00e7\u00e3o de tonalidade como VITA Classical A1 ou VITA 3D-Master 1M2 n\u00e3o pode, por si s\u00f3, descrever o croma cervical, o valor do ter\u00e7o m\u00e9dio, a translucidez incisal, a cor do mu\u00f1\u00e3o, a espessura da cer\u00e2mica, a fluoresc\u00eancia, a textura da superf\u00edcie ou a influ\u00eancia do cimento de resina.<\/p>\n\n\n\n<p class=\"wp-block-paragraph\">\u00c9 por isso que o guia detalhado do site sobre <a href=\"https:\/\/artistdentallab.com\/pt\/why-value-matters-more-than-the-shade-tab-in-veneer-esthetics\/\">Por que raz\u00e3o a tonalidade \u00e9 mais importante do que a tabela de tonalidades na est\u00e9tica dos folheados<\/a> \u00e9 um elemento essencial em qualquer fluxo de trabalho s\u00e9rio de especifica\u00e7\u00e3o de folheados.<\/p>\n\n\n\n<h3 class=\"wp-block-heading\">Especifique o valor antes de se preocupar demasiado com a tonalidade<\/h3>\n\n\n\n<p class=\"wp-block-paragraph\">O valor \u00e9 a claridade ou escurid\u00e3o relativa do dente.<\/p>\n\n\n\n<p class=\"wp-block-paragraph\">E os erros de c\u00e1lculo s\u00e3o implac\u00e1veis.<\/p>\n\n\n\n<p class=\"wp-block-paragraph\">Uma faceta pode, tecnicamente, enquadrar-se na fam\u00edlia de tonalidades correta e, mesmo assim, parecer obviamente errada porque o seu ter\u00e7o central reflete demasiada luz. Uma convexidade facial acentuada, um brilho excessivo e linhas de transi\u00e7\u00e3o largas podem fazer com que essa mesma restaura\u00e7\u00e3o pare\u00e7a ainda mais brilhante.<\/p>\n\n\n\n<p class=\"wp-block-paragraph\">\u00c9 por isso que eu documentaria:<\/p>\n\n\n\n<ul class=\"wp-block-list\">\n<li>V\u00e1lvula cervical<\/li>\n\n\n\n<li>Valor do ter\u00e7o m\u00e9dio<\/li>\n\n\n\n<li>Valor incisal<\/li>\n\n\n\n<li>Croma cervical<\/li>\n\n\n\n<li>Fam\u00edlia Hue<\/li>\n\n\n\n<li>Translucidez incisal<\/li>\n\n\n\n<li>Caracteriza\u00e7\u00e3o local como branca ou \u00e2mbar<\/li>\n\n\n\n<li>Intensidade desejada do halo<\/li>\n\n\n\n<li>Refer\u00eancia ao dente adjacente<\/li>\n\n\n\n<li>Fotografia final da amostra de cores<\/li>\n<\/ul>\n\n\n\n<p class=\"wp-block-paragraph\">Uma revis\u00e3o de 2022 indexada no PubMed Central revelou que a combina\u00e7\u00e3o de <strong>fotografia digital e medi\u00e7\u00f5es espectrofotom\u00e9tricas<\/strong> poderia reduzir as diferen\u00e7as de cor e a correspond\u00eancia incorreta de tonalidades, em compara\u00e7\u00e3o com o recurso exclusivo a m\u00e9todos menos controlados.<\/p>\n\n\n\n<p class=\"wp-block-paragraph\">Mas os instrumentos n\u00e3o s\u00e3o m\u00e1gicos.<\/p>\n\n\n\n<p class=\"wp-block-paragraph\">Um estudo cl\u00ednico distinto identificou diferen\u00e7as dependentes do m\u00e9todo utilizado entre a correspond\u00eancia de tonalidades por via visual e por espectrofotometria, e \u00e9 precisamente por isso que n\u00e3o concordo com o argumento de que um dispositivo possa substituir o julgamento cl\u00ednico. A especifica\u00e7\u00e3o mais rigorosa combina refer\u00eancias de tonalidades nomeadas, medi\u00e7\u00f5es objetivas, quando dispon\u00edveis, fotografias calibradas e confirma\u00e7\u00e3o visual humana.<\/p>\n\n\n\n<h3 class=\"wp-block-heading\">Registe todas as tonalidades dos tocos<\/h3>\n\n\n\n<p class=\"wp-block-paragraph\">Isto \u00e9 imprescind\u00edvel no caso da cer\u00e2mica fina.<\/p>\n\n\n\n<p class=\"wp-block-paragraph\">Um alvo BL3 final sobre uma prepara\u00e7\u00e3o de esmalte clara e o mesmo alvo BL3 sobre um mu\u00f1\u00e3o escuro submetido a tratamento endod\u00f4ntico n\u00e3o representam o mesmo problema de fabrico.<\/p>\n\n\n\n<p class=\"wp-block-paragraph\">A cer\u00e2mica fina transmite a luz.<\/p>\n\n\n\n<p class=\"wp-block-paragraph\">A prepara\u00e7\u00e3o subjacente, a espessura da cer\u00e2mica e a camada de cimento passam a fazer parte do sistema \u00f3tico final.<\/p>\n\n\n\n<p class=\"wp-block-paragraph\">Se as unidades #8 e #9 tiverem substratos diferentes, indique duas tonalidades de tronco.<\/p>\n\n\n\n<p class=\"wp-block-paragraph\">N\u00e3o escreva \u201ctroncos: ND2, aproximadamente\u201d.\u201d<\/p>\n\n\n\n<p class=\"wp-block-paragraph\">Fotografe-os individualmente.<\/p>\n\n\n\n<h2 class=\"wp-block-heading\">A escolha do material da faceta deve estar relacionada com o problema est\u00e9tico<\/h2>\n\n\n\n<p class=\"wp-block-paragraph\">O <strong>sele\u00e7\u00e3o do material de revestimento<\/strong> Esta linha nunca deve ser preenchida por h\u00e1bito.<\/p>\n\n\n\n<p class=\"wp-block-paragraph\">\u201cUse E.max\u201d n\u00e3o \u00e9 um diagn\u00f3stico.<\/p>\n\n\n\n<p class=\"wp-block-paragraph\">Disilicato de l\u00edtio, geralmente representado pela fase cristalina <strong>Li\u2082Si\u2082O\u2085<\/strong>, oferece uma combina\u00e7\u00e3o de resist\u00eancia e controlo \u00f3tico que explica a sua popularidade. As cer\u00e2micas feldsp\u00e1ticas s\u00e3o sistemas ricos em vidro que cont\u00eam habitualmente \u00f3xidos como <strong>SiO\u2082, Al\u2082O\u2083, K\u2082O e Na\u2082O<\/strong>. A zirc\u00f3nia \u00e9 principalmente <strong>ZrO\u2082<\/strong>, normalmente estabilizados com \u00f3xidos adicionais.<\/p>\n\n\n\n<p class=\"wp-block-paragraph\">Essas diferen\u00e7as de qu\u00edmica s\u00e3o importantes.<\/p>\n\n\n\n<p class=\"wp-block-paragraph\">Mas a qu\u00edmica, por si s\u00f3, n\u00e3o nos diz qual o material mais adequado para uma determinada boca.<\/p>\n\n\n\n<h3 class=\"wp-block-heading\">Especifique o que o material deve conseguir<\/h3>\n\n\n\n<p class=\"wp-block-paragraph\">O caderno de encargos deve indicar:<\/p>\n\n\n\n<ul class=\"wp-block-list\">\n<li>Obriga\u00e7\u00e3o de uso de m\u00e1scara<\/li>\n\n\n\n<li>Redu\u00e7\u00e3o dispon\u00edvel<\/li>\n\n\n\n<li>Translucidez pretendida<\/li>\n\n\n\n<li>Caracteriza\u00e7\u00e3o interna pretendida<\/li>\n\n\n\n<li>Liberdade necess\u00e1ria na textura da superf\u00edcie<\/li>\n\n\n\n<li>Cor do substrato existente<\/li>\n\n\n\n<li>Denti\u00e7\u00e3o oposta<\/li>\n\n\n\n<li>Quest\u00f5es funcionais<\/li>\n\n\n\n<li>Se as restaura\u00e7\u00f5es devem corresponder \u00e0s unidades de cer\u00e2mica existentes<\/li>\n\n\n\n<li>Se uma abordagem monol\u00edtica ou em camadas \u00e9 aceit\u00e1vel<\/li>\n<\/ul>\n\n\n\n<p class=\"wp-block-paragraph\">Um caso que exija um grande mascaramento apresenta um problema diferente de um caso de esmalte com prepara\u00e7\u00e3o m\u00ednima que exija elevada translucidez.<\/p>\n\n\n\n<p class=\"wp-block-paragraph\">Da mesma forma, o disilicato de l\u00edtio de contorno total e o em camadas n\u00e3o s\u00e3o estrat\u00e9gias esteticamente id\u00eanticas. A compara\u00e7\u00e3o realizada pelo Artist Dental Lab entre <a href=\"https:\/\/artistdentallab.com\/pt\/full-e-max-veneers-vs-layered-e-max-veneers-what-is-the-real-difference\/\">Facetas E.max inteiras versus facetas E.max em camadas<\/a> \u00e9 \u00fatil quando um comprador precisa de decidir se deve dar prioridade \u00e0 repetibilidade ou \u00e0 maior liberdade de caracteriza\u00e7\u00e3o.<\/p>\n\n\n\n<p class=\"wp-block-paragraph\">O erro \u00e9 perguntar: \u201cQual \u00e9 a melhor cer\u00e2mica?\u201d<\/p>\n\n\n\n<p class=\"wp-block-paragraph\">O melhor para qu\u00ea?<\/p>\n\n\n\n<h2 class=\"wp-block-heading\">\u00c9 na especifica\u00e7\u00e3o da textura da superf\u00edcie do folheado que as caixas de alta qualidade se distinguem<\/h2>\n\n\n\n<p class=\"wp-block-paragraph\">A textura \u00e9 menosprezada como um mero pormenor de acabamento.<\/p>\n\n\n\n<p class=\"wp-block-paragraph\">N\u00e3o \u00e9.<\/p>\n\n\n\n<p class=\"wp-block-paragraph\">O esmalte natural \u00e9 composto principalmente por hidroxiapatite, <strong>Ca\u2081\u2080(PO\u2084)\u2086(OH)\u2082<\/strong>, mas o observador n\u00e3o percebe um incisivo central como uma f\u00f3rmula qu\u00edmica. O olho v\u00ea a luz a refletir-se nas convexidades, nos l\u00f3bulos de desenvolvimento, nas linhas de transi\u00e7\u00e3o, nas depress\u00f5es superficiais, nas facetas de desgaste e nas \u00e1reas com brilho diferente.<\/p>\n\n\n\n<p class=\"wp-block-paragraph\">Duas facetas podem ter a mesma tonalidade nominal e, mesmo assim, ter um aspeto radicalmente diferente.<\/p>\n\n\n\n<p class=\"wp-block-paragraph\">Guia da Artist Dental Lab sobre <a href=\"https:\/\/artistdentallab.com\/pt\/surface-texture-in-veneers-matching-age-expression-and-personality\/\">textura da superf\u00edcie do revestimento que transmite idade, express\u00e3o e personalidade<\/a> explica por que raz\u00e3o os \u00e2ngulos das linhas, os l\u00f3bulos faciais, a microtextura e o brilho alteram a largura, a luminosidade, a idade e a simetria percebidas.<\/p>\n\n\n\n<h3 class=\"wp-block-heading\">N\u00e3o prescreva \u201ctextura m\u00e9dia\u201d<\/h3>\n\n\n\n<p class=\"wp-block-paragraph\">Definir zonas.<\/p>\n\n\n\n<p class=\"wp-block-paragraph\">Por exemplo:<\/p>\n\n\n\n<p class=\"wp-block-paragraph\"><strong>Ter\u00e7o cervical<\/strong><\/p>\n\n\n\n<ul class=\"wp-block-list\">\n<li>Emerg\u00eancia suave<\/li>\n\n\n\n<li>Microtextura horizontal m\u00ednima<\/li>\n\n\n\n<li>Brilho moderado<\/li>\n\n\n\n<li>Sem protuber\u00e2ncia cervical exagerada<\/li>\n<\/ul>\n\n\n\n<p class=\"wp-block-paragraph\"><strong>Ter\u00e7o do meio<\/strong><\/p>\n\n\n\n<ul class=\"wp-block-list\">\n<li>L\u00f3bulos de desenvolvimento verticais moles<\/li>\n\n\n\n<li>Zona refletora central estreita<\/li>\n\n\n\n<li>Linhas de transi\u00e7\u00e3o mesial e distal ligeiramente para o interior do contorno m\u00e1ximo<\/li>\n\n\n\n<li>Microtextura baixa a moderada<\/li>\n<\/ul>\n\n\n\n<p class=\"wp-block-paragraph\"><strong>Ter\u00e7o incisal<\/strong><\/p>\n\n\n\n<ul class=\"wp-block-list\">\n<li>Translucidez controlada<\/li>\n\n\n\n<li>Halo subtil<\/li>\n\n\n\n<li>Irregularidade incisal atenuada<\/li>\n\n\n\n<li>Sem mamel\u00f5es exagerados<\/li>\n\n\n\n<li>Reflex\u00e3o superficial ligeiramente interrompida<\/li>\n<\/ul>\n\n\n\n<p class=\"wp-block-paragraph\">Agora, um ceramista tem instru\u00e7\u00f5es.<\/p>\n\n\n\n<h3 class=\"wp-block-heading\">Os \u00e2ngulos das linhas devem constar nas especifica\u00e7\u00f5es de compra<\/h3>\n\n\n\n<p class=\"wp-block-paragraph\">Este \u00e9 um dos controlos menos utilizados na medicina dent\u00e1ria est\u00e9tica.<\/p>\n\n\n\n<p class=\"wp-block-paragraph\">Se deslocarmos as linhas de transi\u00e7\u00e3o faciais para o exterior, o dente parece mais largo.<\/p>\n\n\n\n<p class=\"wp-block-paragraph\">Se os deslocarmos para dentro, a mesma dimens\u00e3o mesiodistal pode parecer mais estreita.<\/p>\n\n\n\n<p class=\"wp-block-paragraph\">Isso significa que um doente insatisfeito que diga \u201cestes dentes centrais parecem demasiado grandes\u201d pode n\u00e3o precisar de facetas mais curtas ou mais estreitas. A largura de reflex\u00e3o pode simplesmente estar errada.<\/p>\n\n\n\n<p class=\"wp-block-paragraph\">A especifica\u00e7\u00e3o deve, por conseguinte, definir tanto <strong>dimens\u00f5es f\u00edsicas e dimens\u00f5es \u00f3ticas<\/strong>.<\/p>\n\n\n\n<p class=\"wp-block-paragraph\">Essa \u00e9 uma linguagem de compras muito mais sofisticada.<\/p>\n\n\n\n<figure class=\"wp-block-image size-large\"><img decoding=\"async\" width=\"1024\" height=\"683\" src=\"https:\/\/artistdentallab.com\/wp-content\/uploads\/2026\/08\/What-to-Include-in-a-Veneer-Purchase-Specification-for-Premium-Esthetic-Results-3-1024x683.jpg\" alt=\"O que incluir nas especifica\u00e7\u00f5es de compra de facetas para obter resultados est\u00e9ticos de excel\u00eancia\" class=\"wp-image-1660\" title=\"\" srcset=\"https:\/\/artistdentallab.com\/wp-content\/uploads\/2026\/08\/What-to-Include-in-a-Veneer-Purchase-Specification-for-Premium-Esthetic-Results-3-1024x683.jpg 1024w, https:\/\/artistdentallab.com\/wp-content\/uploads\/2026\/08\/What-to-Include-in-a-Veneer-Purchase-Specification-for-Premium-Esthetic-Results-3-300x200.jpg 300w, https:\/\/artistdentallab.com\/wp-content\/uploads\/2026\/08\/What-to-Include-in-a-Veneer-Purchase-Specification-for-Premium-Esthetic-Results-3-768x512.jpg 768w, https:\/\/artistdentallab.com\/wp-content\/uploads\/2026\/08\/What-to-Include-in-a-Veneer-Purchase-Specification-for-Premium-Esthetic-Results-3-18x12.jpg 18w, https:\/\/artistdentallab.com\/wp-content\/uploads\/2026\/08\/What-to-Include-in-a-Veneer-Purchase-Specification-for-Premium-Esthetic-Results-3-500x333.jpg 500w, https:\/\/artistdentallab.com\/wp-content\/uploads\/2026\/08\/What-to-Include-in-a-Veneer-Purchase-Specification-for-Premium-Esthetic-Results-3-600x400.jpg 600w, https:\/\/artistdentallab.com\/wp-content\/uploads\/2026\/08\/What-to-Include-in-a-Veneer-Purchase-Specification-for-Premium-Esthetic-Results-3.jpg 1536w\" sizes=\"(max-width: 1024px) 100vw, 1024px\" \/><\/figure>\n\n\n\n<h2 class=\"wp-block-heading\">A geometria da prepara\u00e7\u00e3o deve corresponder \u00e0 restaura\u00e7\u00e3o solicitada<\/h2>\n\n\n\n<p class=\"wp-block-paragraph\">Um laborat\u00f3rio n\u00e3o consegue fabricar uma faceta fina, natural e com contornos corretos se a prepara\u00e7\u00e3o lhe conferir um contorno espacial incorreto.<\/p>\n\n\n\n<p class=\"wp-block-paragraph\">Isto torna-se especialmente evidente na regi\u00e3o proximal.<\/p>\n\n\n\n<p class=\"wp-block-paragraph\">Guia da Artist Dental Lab sobre <a href=\"https:\/\/artistdentallab.com\/pt\/interproximal-extension-for-veneers-hiding-margins-without-overcontouring\/\">extens\u00e3o interproximal para facetas sem sobrecontorno<\/a> explica por que raz\u00e3o a posi\u00e7\u00e3o de contacto, a necessidade de mascaramento, o espa\u00e7o cer\u00e2mico, o percurso de inser\u00e7\u00e3o e a preserva\u00e7\u00e3o do esmalte t\u00eam de ser considerados em conjunto.<\/p>\n\n\n\n<p class=\"wp-block-paragraph\">Por conseguinte, o comprador deve comunicar:<\/p>\n\n\n\n<ul class=\"wp-block-list\">\n<li>Se os contactos est\u00e3o a ser mantidos<\/li>\n\n\n\n<li>Se os contactos t\u00eam de ser movidos<\/li>\n\n\n\n<li>Se os diastemas est\u00e3o a ser corrigidos<\/li>\n\n\n\n<li>Se a largura dos dentes est\u00e1 a mudar<\/li>\n\n\n\n<li>Onde terminam as margens proximais<\/li>\n\n\n\n<li>Se o substrato escuro deve ser mascarado<\/li>\n\n\n\n<li>Quando a prepara\u00e7\u00e3o permanece no esmalte<\/li>\n\n\n\n<li>Se existem restri\u00e7\u00f5es relativas ao percurso de inser\u00e7\u00e3o<\/li>\n<\/ul>\n\n\n\n<p class=\"wp-block-paragraph\">E quando os dentes j\u00e1 s\u00e3o salientes na face, o problema torna-se ainda mais complexo.<\/p>\n\n\n\n<p class=\"wp-block-paragraph\">A an\u00e1lise do site sobre <a href=\"https:\/\/artistdentallab.com\/pt\/veneer-preparation-for-protrusive-teeth-managing-profile-and-lip-support\/\">prepara\u00e7\u00e3o para facetas em dentes protrusivos e apoio labial<\/a> aborda corretamente o volume facial como uma quest\u00e3o tridimensional, em vez de recomendar automaticamente mais cer\u00e2mica.<\/p>\n\n\n\n<p class=\"wp-block-paragraph\">Ser magro n\u00e3o significa, por si s\u00f3, ser conservador.<\/p>\n\n\n\n<p class=\"wp-block-paragraph\">Por vezes, adicionar 0,5 mm no s\u00edtio errado \u00e9 precisamente o que faz com que um revestimento, que de resto seria preciso, pare\u00e7a artificial.<\/p>\n\n\n\n<h2 class=\"wp-block-heading\">As fotografias fazem parte do caderno de encargos, n\u00e3o s\u00e3o meros elementos decorativos<\/h2>\n\n\n\n<p class=\"wp-block-paragraph\">Rejeitaria a ideia de que uma pr\u00f3tese anterior de alta qualidade possa ser adequadamente prescrita a partir de um ficheiro STL e de um \u00fanico c\u00f3digo de tonalidade.<\/p>\n\n\n\n<p class=\"wp-block-paragraph\">Uma digitaliza\u00e7\u00e3o capta a geometria com extrema precis\u00e3o.<\/p>\n\n\n\n<p class=\"wp-block-paragraph\">N\u00e3o capta todo o rosto.<\/p>\n\n\n\n<p class=\"wp-block-paragraph\">Para a vers\u00e3o premium <strong>especifica\u00e7\u00f5es das facetas est\u00e9ticas<\/strong>, eu precisaria de:<\/p>\n\n\n\n<ul class=\"wp-block-list\">\n<li>Fotografia de rosto inteiro em repouso<\/li>\n\n\n\n<li>Fotografia com um sorriso natural e aberto<\/li>\n\n\n\n<li>Fotografia com o maior sorriso poss\u00edvel<\/li>\n\n\n\n<li>Vista frontal retra\u00edda<\/li>\n\n\n\n<li>Vistas obl\u00edquas com retra\u00e7\u00e3o \u00e0 direita e \u00e0 esquerda<\/li>\n\n\n\n<li>Visualiza\u00e7\u00e3o do perfil<\/li>\n\n\n\n<li>Imagens faciais a 45 graus<\/li>\n\n\n\n<li>Fotografia da aba de sombreamento<\/li>\n\n\n\n<li>Fotografias individuais da sombra do toco<\/li>\n\n\n\n<li>Fotografia em grande plano com luz refletida<\/li>\n\n\n\n<li>Imagem com polariza\u00e7\u00e3o cruzada, quando dispon\u00edvel<\/li>\n\n\n\n<li>Maquete aprovada ou fotografias provis\u00f3rias<\/li>\n\n\n\n<li>STL provis\u00f3rio aprovado<\/li>\n\n\n\n<li>V\u00eddeo curto de um sorriso e uma fala naturais para casos complexos<\/li>\n<\/ul>\n\n\n\n<p class=\"wp-block-paragraph\">Porqu\u00ea tanto?<\/p>\n\n\n\n<p class=\"wp-block-paragraph\">Porque um t\u00e9cnico que analise apenas uma digitaliza\u00e7\u00e3o intraoral n\u00e3o consegue observar a mobilidade dos l\u00e1bios, as rela\u00e7\u00f5es da linha m\u00e9dia facial, a din\u00e2mica do sorriso nem se uma borda incisal que parece correta no modelo digital desaparece quando o doente fala.<\/p>\n\n\n\n<p class=\"wp-block-paragraph\">O artigo sobre <a href=\"https:\/\/artistdentallab.com\/pt\/what-veneer-case-photos-reveal-about-a-labs-true-esthetic-skill\/\">O que as fotografias de casos de facetas revelam sobre a verdadeira compet\u00eancia est\u00e9tica de um laborat\u00f3rio<\/a> refor\u00e7a a mesma ideia: a sombra do coto, a distribui\u00e7\u00e3o de valores, a translucidez, o brilho, o comprimento dos dentes, os \u00e2ngulos das linhas e a forma provis\u00f3ria aprovada fazem todos parte do pacote de comunica\u00e7\u00e3o.<\/p>\n\n\n\n<h2 class=\"wp-block-heading\">A vers\u00e3o provis\u00f3ria aprovada deve passar a ser uma refer\u00eancia controlada<\/h2>\n\n\n\n<p class=\"wp-block-paragraph\">\u00c9 aqui que muitos processos perdem informa\u00e7\u00f5es sem que se d\u00ea por isso.<\/p>\n\n\n\n<p class=\"wp-block-paragraph\">O doente aprova as pr\u00f3teses provis\u00f3rias.<\/p>\n\n\n\n<p class=\"wp-block-paragraph\">Toda a gente celebra.<\/p>\n\n\n\n<p class=\"wp-block-paragraph\">Ent\u00e3o, o laborat\u00f3rio recebe amostras sem uma explica\u00e7\u00e3o clara sobre o que \u00e9 que o doente pretendia exatamente.<\/p>\n\n\n\n<p class=\"wp-block-paragraph\">Isso desperdi\u00e7a uma das melhores provas de todo o fluxo de trabalho.<\/p>\n\n\n\n<p class=\"wp-block-paragraph\">Indique se o laborat\u00f3rio deve:<\/p>\n\n\n\n<ul class=\"wp-block-list\">\n<li>Copiar exatamente o comprimento provis\u00f3rio<\/li>\n\n\n\n<li>Copiar exatamente o contorno facial<\/li>\n\n\n\n<li>Manter o dom\u00ednio central<\/li>\n\n\n\n<li>Copiar a posi\u00e7\u00e3o incisal, mas refinar a textura<\/li>\n\n\n\n<li>Manter a progress\u00e3o da abertura<\/li>\n\n\n\n<li>Reduzir a domin\u00e2ncia dos incisivos laterais<\/li>\n\n\n\n<li>Alterar o contorno cervical<\/li>\n\n\n\n<li>Ignorar a tonalidade provis\u00f3ria<\/li>\n\n\n\n<li>Manter ou alterar os \u00e2ngulos das linhas<\/li>\n<\/ul>\n\n\n\n<p class=\"wp-block-paragraph\">E registe o que o doente <strong>n\u00e3o<\/strong> tipo.<\/p>\n\n\n\n<p class=\"wp-block-paragraph\">\u201cO doente aprova o comprimento, mas pretende \u00e2ngulos mais suaves nas linhas e incisivos laterais menos salientes\u201d \u00e9 muito mais \u00fatil do que \u201cc\u00f3pia provis\u00f3ria\u201d.\u201d<\/p>\n\n\n\n<h2 class=\"wp-block-heading\">Incluir os crit\u00e9rios de aceita\u00e7\u00e3o na ordem de compra<\/h2>\n\n\n\n<p class=\"wp-block-paragraph\">Esta \u00e9 a parte que as equipas de aquisi\u00e7\u00e3o compreendem de imediato.<\/p>\n\n\n\n<p class=\"wp-block-paragraph\">Uma especifica\u00e7\u00e3o de restaura\u00e7\u00e3o de alta qualidade requer condi\u00e7\u00f5es de aceita\u00e7\u00e3o mensur\u00e1veis.<\/p>\n\n\n\n<p class=\"wp-block-paragraph\">Caso contr\u00e1rio, \u201cpremium\u201d torna-se um adjetivo de marketing.<\/p>\n\n\n\n<h3 class=\"wp-block-heading\">Os crit\u00e9rios de controlo de qualidade est\u00e9tica podem incluir<\/h3>\n\n\n\n<ul class=\"wp-block-list\">\n<li>N\u00fameros corretos dos dentes<\/li>\n\n\n\n<li>Dimens\u00f5es finais aprovadas<\/li>\n\n\n\n<li>Material e classe de translucidez corretos<\/li>\n\n\n\n<li>Tonalidade dentro do intervalo cl\u00ednico alvo acordado<\/li>\n\n\n\n<li>Sombras de toco consideradas individualmente<\/li>\n\n\n\n<li>Orienta\u00e7\u00e3o da linha m\u00e9dia mantida<\/li>\n\n\n\n<li>Posi\u00e7\u00e3o da borda incisal de acordo com o projeto aprovado<\/li>\n\n\n\n<li>Domin\u00e2ncia central preservada<\/li>\n\n\n\n<li>Reprodu\u00e7\u00e3o das posi\u00e7\u00f5es definidas de linha e \u00e2ngulo<\/li>\n\n\n\n<li>Local de contacto verificado<\/li>\n\n\n\n<li>Textura da superf\u00edcie consistente com a de refer\u00eancia<\/li>\n\n\n\n<li>O brilho n\u00e3o \u00e9 uniformemente espelhado, a menos que seja solicitado<\/li>\n\n\n\n<li>Efeitos internos dentro da intensidade acordada<\/li>\n\n\n\n<li>Sem volume excessivo na regi\u00e3o cervical ou proximal<\/li>\n\n\n\n<li>As margens e os contornos proximais s\u00e3o visualmente aceit\u00e1veis<\/li>\n\n\n\n<li>As unidades contralaterais n\u00e3o s\u00e3o, como seria de esperar, id\u00eanticas<\/li>\n<\/ul>\n\n\n\n<p class=\"wp-block-paragraph\">Eu tamb\u00e9m identificaria um <strong>hierarquia de aprova\u00e7\u00e3o<\/strong>.<\/p>\n\n\n\n<p class=\"wp-block-paragraph\">Por exemplo:<\/p>\n\n\n\n<ol class=\"wp-block-list\">\n<li>Dimens\u00f5es provis\u00f3rias aprovadas<\/li>\n\n\n\n<li>Receita m\u00e9dica por escrito<\/li>\n\n\n\n<li>Fotografias marcadas por m\u00e9dicos<\/li>\n\n\n\n<li>Anatomia pr\u00e9-operat\u00f3ria<\/li>\n\n\n\n<li>Interpreta\u00e7\u00e3o do t\u00e9cnico<\/li>\n<\/ol>\n\n\n\n<p class=\"wp-block-paragraph\">Porqu\u00ea?<\/p>\n\n\n\n<p class=\"wp-block-paragraph\">Porque, por vezes, os registos entram em conflito.<\/p>\n\n\n\n<p class=\"wp-block-paragraph\">Uma digitaliza\u00e7\u00e3o pode indicar um comprimento. A fotografia provis\u00f3ria mostra outro. A receita m\u00e9dica indica \u201cacrescentar 0,5 mm\u201d.\u201d<\/p>\n\n\n\n<p class=\"wp-block-paragraph\">Qual deles ganha?<\/p>\n\n\n\n<p class=\"wp-block-paragraph\">Se essa decis\u00e3o n\u00e3o for definida antes do fabrico, ser\u00e1 tomada algures na linha de produ\u00e7\u00e3o.<\/p>\n\n\n\n<h2 class=\"wp-block-heading\">Especifica\u00e7\u00f5es para a aquisi\u00e7\u00e3o de folheados prontos a aplicar<\/h2>\n\n\n\n<p class=\"wp-block-paragraph\">No caso de uma embalagem premium de seis unidades, uma especifica\u00e7\u00e3o pr\u00e1tica poderia ser a seguinte:<\/p>\n\n\n\n<h3 class=\"wp-block-heading\">Objetivo do caso<\/h3>\n\n\n\n<p class=\"wp-block-paragraph\">Dentes #6\u2013#11. Criar um sorriso natural e de grande impacto, preservando a profundidade vis\u00edvel e evitando um branqueamento opaco e uniforme. Manter a predomin\u00e2ncia dos incisivos centrais e uma ligeira assimetria natural entre os incisivos laterais.<\/p>\n\n\n\n<h3 class=\"wp-block-heading\">Material<\/h3>\n\n\n\n<p class=\"wp-block-paragraph\">Disilicato de l\u00edtio em camadas, sujeito a confirma\u00e7\u00e3o laboratorial ap\u00f3s an\u00e1lise da espessura da prepara\u00e7\u00e3o e das tonalidades do mon\u00e7\u00e3o.<\/p>\n\n\n\n<h3 class=\"wp-block-heading\">Tom final<\/h3>\n\n\n\n<p class=\"wp-block-paragraph\">Objetivo: equivalente ao VITA 3D-Master 1M2.<\/p>\n\n\n\n<p class=\"wp-block-paragraph\">Prioridade de valor: elevada, mas sem opacidade causada pelo lix\u00edvia.<\/p>\n\n\n\n<p class=\"wp-block-paragraph\">Ter\u00e7o cervical: croma ligeiramente superior ao do ter\u00e7o m\u00e9dio.<\/p>\n\n\n\n<p class=\"wp-block-paragraph\">Ter\u00e7o incisal: translucidez controlada com um efeito opalescente subtil.<\/p>\n\n\n\n<h3 class=\"wp-block-heading\">Sombra do toco<\/h3>\n\n\n\n<p class=\"wp-block-paragraph\">Registe individualmente os c\u00f3digos #6, #7, #8, #9, #10 e #11, com fotografias calibradas e o sistema de sombreamento de toco identificado.<\/p>\n\n\n\n<h3 class=\"wp-block-heading\">Dimens\u00f5es<\/h3>\n\n\n\n<p class=\"wp-block-paragraph\">Copiar a posi\u00e7\u00e3o provis\u00f3ria aprovada da borda incisal.<\/p>\n\n\n\n<p class=\"wp-block-paragraph\">Manter a domin\u00e2ncia dos incisivos centrais.<\/p>\n\n\n\n<p class=\"wp-block-paragraph\">N\u00e3o aumente a proemin\u00eancia facial.<\/p>\n\n\n\n<p class=\"wp-block-paragraph\">Ajustar ligeiramente para dentro as linhas de transi\u00e7\u00e3o distais de #8 e #9, de modo a reduzir a largura aparente.<\/p>\n\n\n\n<h3 class=\"wp-block-heading\">Superf\u00edcie<\/h3>\n\n\n\n<p class=\"wp-block-paragraph\">Anatomia do desenvolvimento dos tecidos moles verticais.<\/p>\n\n\n\n<p class=\"wp-block-paragraph\">Microtextura baixa a moderada.<\/p>\n\n\n\n<p class=\"wp-block-paragraph\">Apenas peric\u00edmatos cervicais pouco vis\u00edveis.<\/p>\n\n\n\n<p class=\"wp-block-paragraph\">Brilho facial seletivo moderado.<\/p>\n\n\n\n<p class=\"wp-block-paragraph\">N\u00e3o apresenta um aspeto uniforme com acabamento espelhado.<\/p>\n\n\n\n<h3 class=\"wp-block-heading\">Caracter\u00edstica incisal<\/h3>\n\n\n\n<p class=\"wp-block-paragraph\">Um halo subtil.<\/p>\n\n\n\n<p class=\"wp-block-paragraph\">Baixa intensidade do mamel\u00e3o.<\/p>\n\n\n\n<p class=\"wp-block-paragraph\">Sem translucidez azul-acinzentada acentuada.<\/p>\n\n\n\n<p class=\"wp-block-paragraph\">\u00c9 permitida a assimetria natural.<\/p>\n\n\n\n<h3 class=\"wp-block-heading\">Registos fornecidos<\/h3>\n\n\n\n<p class=\"wp-block-paragraph\">STL pr\u00e9-operat\u00f3rio, STL de prepara\u00e7\u00e3o, arcada oposta, oclus\u00e3o verificada, fotografias de rosto inteiro, fotografias do sorriso, fotografias com retra\u00e7\u00e3o, registos de amostras de cor, tonalidades individuais dos mon\u00e7\u00f5es, STL provis\u00f3rio aprovado e fotografias do provis\u00f3rio.<\/p>\n\n\n\n<h3 class=\"wp-block-heading\">Regras de aprova\u00e7\u00e3o<\/h3>\n\n\n\n<p class=\"wp-block-paragraph\">N\u00e3o altere o comprimento incisal final, a linha m\u00e9dia ou a largura dos incisivos centrais sem a aprova\u00e7\u00e3o do m\u00e9dico.<\/p>\n\n\n\n<p class=\"wp-block-paragraph\">O t\u00e9cnico pode aperfei\u00e7oar pequenos detalhes de textura e caracteriza\u00e7\u00e3o interna, dentro da orienta\u00e7\u00e3o est\u00e9tica estabelecida.<\/p>\n\n\n\n<p class=\"wp-block-paragraph\">Isso \u00e9 um <strong>A melhor prescri\u00e7\u00e3o de laborat\u00f3rio de facetas para obter resultados est\u00e9ticos<\/strong> porque o t\u00e9cnico pode, de facto, tomar medidas a esse respeito.<\/p>\n\n\n\n<h2 class=\"wp-block-heading\">FAQs<\/h2>\n\n\n\n<h3 class=\"wp-block-heading\">O que deve constar numa prescri\u00e7\u00e3o de laborat\u00f3rio para facetas?<\/h3>\n\n\n\n<p class=\"wp-block-paragraph\">Uma prescri\u00e7\u00e3o para um laborat\u00f3rio de facetas \u00e9 uma especifica\u00e7\u00e3o completa de fabrico que deve identificar o objetivo cl\u00ednico, a tonalidade final e a distribui\u00e7\u00e3o de valores, as tonalidades individuais dos mon\u00e7\u00f5es, o material cer\u00e2mico, a espessura, a translucidez, as dimens\u00f5es dos dentes, os \u00e2ngulos das linhas, os contactos, a textura da superf\u00edcie, o brilho, a caracteriza\u00e7\u00e3o incisal, as refer\u00eancias fotogr\u00e1ficas, o desenho provis\u00f3rio aprovado, as considera\u00e7\u00f5es relativas \u00e0 cimenta\u00e7\u00e3o e a hierarquia a seguir em caso de conflito entre os registos cl\u00ednicos.<\/p>\n\n\n\n<p class=\"wp-block-paragraph\">Quanto mais exigente for o caso est\u00e9tico, menos \u00fateis se tornam as instru\u00e7\u00f5es vagas. No caso de trabalhos anteriores de alta qualidade, o laborat\u00f3rio deve saber n\u00e3o s\u00f3 quais as medidas que os dentes devem ter, mas tamb\u00e9m como devem refletir a luz e quais os aspetos do design que j\u00e1 foram aprovados pelo doente.<\/p>\n\n\n\n<h3 class=\"wp-block-heading\">Como se prescreve facetas de porcelana para obter resultados est\u00e9ticos de excel\u00eancia?<\/h3>\n\n\n\n<p class=\"wp-block-paragraph\">Uma prescri\u00e7\u00e3o de facetas de porcelana de alta qualidade \u00e9 um briefing de fabrico estruturado que transforma o objetivo est\u00e9tico aprovado para o doente em instru\u00e7\u00f5es espec\u00edficas relativas ao valor, croma, matiz, mascaramento do substrato, tipo de cer\u00e2mica, espessura, translucidez, morfologia, textura da superf\u00edcie, brilho, efeitos incisais, contactos, \u00e2ngulos das linhas, fotografias, digitaliza\u00e7\u00f5es e crit\u00e9rios de aceita\u00e7\u00e3o, antes do in\u00edcio do fabrico em laborat\u00f3rio.<\/p>\n\n\n\n<p class=\"wp-block-paragraph\">Comece pelo resultado cl\u00ednico pretendido, em vez de pelo nome do material. Em seguida, defina as evid\u00eancias que sustentam esse objetivo: registos da tonalidade do coto, fotografias calibradas da tonalidade, maquete aprovada, fotografias faciais, ficheiros STL e limites por escrito relativos \u00e0 interpreta\u00e7\u00e3o do t\u00e9cnico.<\/p>\n\n\n\n<h3 class=\"wp-block-heading\">Que informa\u00e7\u00f5es s\u00e3o necess\u00e1rias para a especifica\u00e7\u00e3o da tonalidade das facetas?<\/h3>\n\n\n\n<p class=\"wp-block-paragraph\">A especifica\u00e7\u00e3o da tonalidade de uma faceta \u00e9 um registo \u00f3tico que deve documentar o sistema de tonalidades utilizado, o valor cervical, m\u00e9dio e incisal, a distribui\u00e7\u00e3o da cromaticidade, a tonalidade, as tonalidades individuais do mon\u00e7\u00e3o, a translucidez, os requisitos de mascaramento, a espessura da cer\u00e2mica, as fotografias das amostras de cor, as condi\u00e7\u00f5es de ilumina\u00e7\u00e3o e a estrat\u00e9gia prevista para a cimenta\u00e7\u00e3o com resina, em vez de comunicar a restaura\u00e7\u00e3o atrav\u00e9s de um \u00fanico c\u00f3digo, como A1 ou BL2.<\/p>\n\n\n\n<p class=\"wp-block-paragraph\">No caso das facetas finas, o dente preparado e o cimento passam a fazer parte do sistema \u00f3tico vis\u00edvel. \u00c9 por isso que duas prepara\u00e7\u00f5es que recebem a mesma tonalidade final podem exigir diferentes n\u00edveis de opacidade da cer\u00e2mica ou estrat\u00e9gias de estratifica\u00e7\u00e3o.<\/p>\n\n\n\n<h3 class=\"wp-block-heading\">Qual \u00e9 o melhor material para facetas em termos de est\u00e9tica de alta qualidade?<\/h3>\n\n\n\n<p class=\"wp-block-paragraph\">O melhor material para facetas \u00e9 o sistema cer\u00e2mico que proporciona o equil\u00edbrio necess\u00e1rio entre o mascaramento do substrato, a translucidez, a resist\u00eancia, a espessura dispon\u00edvel, a caracteriza\u00e7\u00e3o da superf\u00edcie e o controlo laboratorial para cada caso espec\u00edfico; tanto a porcelana feldsp\u00e1tica como o dissilicato de l\u00edtio podem proporcionar excelentes resultados est\u00e9ticos, enquanto a zirc\u00f3nia pode ser escolhida quando prevalecem requisitos diferentes em termos de mascaramento ou resist\u00eancia mec\u00e2nica.<\/p>\n\n\n\n<p class=\"wp-block-paragraph\">Existem fortes evid\u00eancias a longo prazo a favor dos sistemas de facetas cer\u00e2micas j\u00e1 consolidados. Uma meta-an\u00e1lise recente revelou uma taxa de sobreviv\u00eancia combinada de aproximadamente 96,13% para facetas de feldspato e de 96,81% para facetas de dissilicato de l\u00edtio ao fim de cerca de 10,4 anos, refor\u00e7ando a import\u00e2ncia da sele\u00e7\u00e3o de casos e do planeamento, a par da escolha do material.<\/p>\n\n\n\n<h3 class=\"wp-block-heading\">Como se deve especificar a textura da superf\u00edcie das facetas a um laborat\u00f3rio dent\u00e1rio?<\/h3>\n\n\n\n<p class=\"wp-block-paragraph\">A especifica\u00e7\u00e3o da textura da superf\u00edcie de uma faceta consiste numa descri\u00e7\u00e3o, zona a zona, do contorno facial, dos l\u00f3bulos de desenvolvimento, das linhas de transi\u00e7\u00e3o, microtextura, peric\u00edmata, detalhes incisais e distribui\u00e7\u00e3o do brilho, que indica ao t\u00e9cnico como a cer\u00e2mica deve refletir a luz e integrar-se visualmente com os dentes adjacentes do paciente, o desenho do sorriso aprovado, o padr\u00e3o de desgaste relacionado com a idade e a apar\u00eancia facial global.<\/p>\n\n\n\n<p class=\"wp-block-paragraph\">Evite utilizar termos como \u201cnatural\u201d, \u201cjovem\u201d ou \u201ctextura m\u00e9dia\u201d sem fornecer refer\u00eancias. Uma fotografia que mostre o reflexo direcional, um modelo provis\u00f3rio aprovado e instru\u00e7\u00f5es expl\u00edcitas sobre a textura cervical, m\u00e9dia e incisal \u00e9 muito mais f\u00e1cil de reproduzir.<\/p>\n\n\n\n<h3 class=\"wp-block-heading\">Que fotografias devem ser enviadas juntamente com uma receita de laborat\u00f3rio de folheados?<\/h3>\n\n\n\n<p class=\"wp-block-paragraph\">Um conjunto fotogr\u00e1fico premium de facetas \u00e9 um registo visual padronizado que cont\u00e9m imagens de rosto inteiro, sorriso natural, sorriso m\u00e1ximo, frontal com retra\u00e7\u00e3o, obl\u00edqua com retra\u00e7\u00e3o, perfil, \u00e2ngulo de 45 graus, tabela de cores, fotografias individuais da tonalidade do mon\u00e7\u00e3o e de close-up da superf\u00edcie, complementado, sempre que poss\u00edvel, por imagens com polariza\u00e7\u00e3o cruzada, um registo de maquete ou provis\u00f3rio aprovado e um breve v\u00eddeo do sorriso ou da fala para casos complexos na regi\u00e3o anterior.<\/p>\n\n\n\n<p class=\"wp-block-paragraph\">O t\u00e9cnico utiliza diferentes fotografias para tomar diferentes decis\u00f5es. As imagens em retrac\u00e7\u00e3o mostram as rela\u00e7\u00f5es dent\u00e1rias, as imagens faciais revelam a integra\u00e7\u00e3o com o doente, as imagens de tonalidade apoiam o mapeamento \u00f3tico e as fotografias com luz direcional revelam os \u00e2ngulos das linhas e a textura da superf\u00edcie que a ilumina\u00e7\u00e3o plana pode ocultar.<\/p>\n\n\n\n<h3 class=\"wp-block-heading\">Por que \u00e9 que as facetas com a tonalidade correta podem, mesmo assim, parecer artificiais?<\/h3>\n\n\n\n<p class=\"wp-block-paragraph\">As facetas com tonalidade correta podem, ainda assim, parecer artificiais quando o seu valor, convexidade facial, largura de reflex\u00e3o, \u00e2ngulos das linhas, textura, translucidez, caracteriza\u00e7\u00e3o incisal ou distribui\u00e7\u00e3o do brilho n\u00e3o correspondem \u00e0 denti\u00e7\u00e3o circundante, uma vez que o olho humano interpreta o padr\u00e3o completo da luz refletida e transmitida, em vez de avaliar uma restaura\u00e7\u00e3o exclusivamente com base na designa\u00e7\u00e3o de tonalidade VITA que lhe est\u00e1 associada.<\/p>\n\n\n\n<p class=\"wp-block-paragraph\">\u00c9 por isso que muitos dos supostos \u201cproblemas de tonalidade\u201d s\u00e3o, na verdade, problemas de contorno ou de reflexo. Antes de solicitar uma nova confe\u00e7\u00e3o noutra tonalidade, avalie o valor do ter\u00e7o m\u00e9dio, a proje\u00e7\u00e3o facial, a posi\u00e7\u00e3o da linha de transi\u00e7\u00e3o, o brilho da superf\u00edcie e a translucidez incisal.<\/p>\n\n\n\n<h2 class=\"wp-block-heading\">Envie uma especifica\u00e7\u00e3o que o laborat\u00f3rio consiga realmente produzir<\/h2>\n\n\n\n<p class=\"wp-block-paragraph\">Se a caixa for comercializada como \u00abpremium\u00bb, indique-a como \u00abpremium\u00bb.<\/p>\n\n\n\n<p class=\"wp-block-paragraph\">N\u00e3o envie apenas \u201cA1, natural\u201d.\u201d<\/p>\n\n\n\n<p class=\"wp-block-paragraph\">Envie o objetivo final. Envie as tonalidades do coto. Envie o mapa de valores. Defina a estrat\u00e9gia cer\u00e2mica. Defina a superf\u00edcie. Marque os \u00e2ngulos das linhas. Digitalize o provis\u00f3rio aprovado. Forne\u00e7a as fotografias faciais. Indique o que o t\u00e9cnico pode alterar e o que requer aprova\u00e7\u00e3o.<\/p>\n\n\n\n<p class=\"wp-block-paragraph\">E torne os crit\u00e9rios de aceita\u00e7\u00e3o vis\u00edveis antes do in\u00edcio da fabrica\u00e7\u00e3o.<\/p>\n\n\n\n<p class=\"wp-block-paragraph\">Para cl\u00ednicas, laborat\u00f3rios dent\u00e1rios e equipas de aquisi\u00e7\u00e3o que estejam a planear casos complexos na regi\u00e3o anterior, podem enviar os vossos ficheiros STL, fotografias, registos da cor do monconho, projeto provis\u00f3rio e <strong>prescri\u00e7\u00e3o do laborat\u00f3rio de facetas<\/strong> atrav\u00e9s do <a href=\"https:\/\/artistdentallab.com\/pt\/contact\/\">P\u00e1gina de contacto e de casos de teste do Artist Dental Lab<\/a> para an\u00e1lise t\u00e9cnica, discuss\u00e3o de materiais e planeamento de casos.<\/p>\n\n\n\n<p class=\"wp-block-paragraph\">A porcelana de alta qualidade n\u00e3o deve depender de interpreta\u00e7\u00f5es.<\/p>\n\n\n\n<p class=\"wp-block-paragraph\">Deve come\u00e7ar por uma especifica\u00e7\u00e3o.<\/p>\n\n\n\n<p class=\"wp-block-paragraph\"><\/p>","protected":false},"excerpt":{"rendered":"<p>As facetas premium n\u00e3o s\u00e3o encomendadas com um c\u00f3digo de cor e um n\u00famero de dente. Uma especifica\u00e7\u00e3o de compra de facetas bem fundamentada define o objetivo \u00f3tico, o substrato, o sistema cer\u00e2mico, as dimens\u00f5es, a textura, o brilho, as refer\u00eancias fotogr\u00e1ficas, o desenho provis\u00f3rio e os crit\u00e9rios de aceita\u00e7\u00e3o antes de o laborat\u00f3rio iniciar a fabrica\u00e7\u00e3o.<\/p>","protected":false},"author":1,"featured_media":1658,"comment_status":"open","ping_status":"open","sticky":false,"template":"","format":"standard","meta":{"footnotes":""},"categories":[1],"tags":[651,252,653,650,612,244,652,579],"class_list":["post-1657","post","type-post","status-publish","format-standard","has-post-thumbnail","hentry","category-buyer-guides","tag-dental-lab-prescription","tag-dental-veneers","tag-esthetic-veneer-specifications","tag-porcelain-veneer-prescription","tag-veneer-lab-prescription","tag-veneer-material-selection","tag-veneer-shade-specification","tag-veneer-surface-texture"],"blocksy_meta":{"styles_descriptor":{"styles":{"desktop":"","tablet":"","mobile":""},"google_fonts":[],"version":7}},"_links":{"self":[{"href":"https:\/\/artistdentallab.com\/pt\/wp-json\/wp\/v2\/posts\/1657","targetHints":{"allow":["GET"]}}],"collection":[{"href":"https:\/\/artistdentallab.com\/pt\/wp-json\/wp\/v2\/posts"}],"about":[{"href":"https:\/\/artistdentallab.com\/pt\/wp-json\/wp\/v2\/types\/post"}],"author":[{"embeddable":true,"href":"https:\/\/artistdentallab.com\/pt\/wp-json\/wp\/v2\/users\/1"}],"replies":[{"embeddable":true,"href":"https:\/\/artistdentallab.com\/pt\/wp-json\/wp\/v2\/comments?post=1657"}],"version-history":[{"count":1,"href":"https:\/\/artistdentallab.com\/pt\/wp-json\/wp\/v2\/posts\/1657\/revisions"}],"predecessor-version":[{"id":1661,"href":"https:\/\/artistdentallab.com\/pt\/wp-json\/wp\/v2\/posts\/1657\/revisions\/1661"}],"wp:featuredmedia":[{"embeddable":true,"href":"https:\/\/artistdentallab.com\/pt\/wp-json\/wp\/v2\/media\/1658"}],"wp:attachment":[{"href":"https:\/\/artistdentallab.com\/pt\/wp-json\/wp\/v2\/media?parent=1657"}],"wp:term":[{"taxonomy":"category","embeddable":true,"href":"https:\/\/artistdentallab.com\/pt\/wp-json\/wp\/v2\/categories?post=1657"},{"taxonomy":"post_tag","embeddable":true,"href":"https:\/\/artistdentallab.com\/pt\/wp-json\/wp\/v2\/tags?post=1657"}],"curies":[{"name":"wp","href":"https:\/\/api.w.org\/{rel}","templated":true}]}}